{"id":16001,"date":"2024-11-15T11:42:29","date_gmt":"2024-11-15T08:42:29","guid":{"rendered":"https:\/\/denizcankizil.tr\/uncategorized-tr\/kirsalda-calismalar-tam-gaz\/"},"modified":"2024-11-15T11:42:29","modified_gmt":"2024-11-15T08:42:29","slug":"kirsalda-calismalar-tam-gaz","status":"publish","type":"post","link":"https:\/\/denizcankizil.tr\/uk\/haberler\/gundem\/kirsalda-calismalar-tam-gaz\/","title":{"rendered":"K\u0131rsalda \u00c7al\u0131\u015fmalar Tam Gaz"},"content":{"rendered":"<p>Haymana Belediyesi hem merkezde hem de k\u0131rsal mahallelerde \u00e7al\u0131\u015fmalar\u0131n\u0131 s\u00fcrd\u00fcr\u00fcyor. Baltalin Mahallesinde mezarl\u0131k \u00e7evresi beton duvar \u00e7al\u0131\u015fmas\u0131 ba\u015flad\u0131. \u00c7al\u0131\u015fma di\u011fer mahallelerde de devam edecek.<\/p>\n<p>\u200bHaymana Belediyesi hem merkezde hem de k\u0131rsal mahallelerde \u00e7al\u0131\u015fmalar\u0131n\u0131 s\u00fcrd\u00fcr\u00fcyor. Baltalin Mahallesinde mezarl\u0131k \u00e7evresi beton duvar \u00e7al\u0131\u015fmas\u0131 ba\u015flad\u0131. \u00c7al\u0131\u015fma di\u011fer mahallelerde de devam edecek.\u00a0<\/p>\n<p>\u200bHaberin Al\u0131nt\u0131land\u0131\u011f\u0131 Kaynak: www.iskenderun.org<\/p>","protected":false},"excerpt":{"rendered":"<p>Haymana Belediyesi hem merkezde hem de k\u0131rsal mahallelerde \u00e7al\u0131\u015fmalar\u0131n\u0131 s\u00fcrd\u00fcr\u00fcyor. Baltalin Mahallesinde mezarl\u0131k \u00e7evresi beton duvar \u00e7al\u0131\u015fmas\u0131 ba\u015flad\u0131. \u00c7al\u0131\u015fma di\u011fer mahallelerde de devam edecek. \u200bHaymana Belediyesi hem merkezde hem de k\u0131rsal mahallelerde \u00e7al\u0131\u015fmalar\u0131n\u0131 s\u00fcrd\u00fcr\u00fcyor. Baltalin Mahallesinde mezarl\u0131k \u00e7evresi beton duvar \u00e7al\u0131\u015fmas\u0131 ba\u015flad\u0131. \u00c7al\u0131\u015fma di\u011fer mahallelerde de devam edecek.\u00a0 \u200bHaberin Al\u0131nt\u0131land\u0131\u011f\u0131 Kaynak: www.iskenderun.org<\/p>","protected":false},"author":0,"featured_media":0,"comment_status":"open","ping_status":"open","sticky":false,"template":"","format":"standard","meta":{"_acf_changed":false,"footnotes":""},"categories":[24,535],"tags":[],"class_list":["post-16001","post","type-post","status-publish","format-standard","has-post-thumbnail","hentry","category-gundem","category-uncategorized-tr"],"acf":[],"yoast_head":"<!-- This site is optimized with the Yoast SEO Premium plugin v26.6 (Yoast SEO v27.1.1) - https:\/\/yoast.com\/product\/yoast-seo-premium-wordpress\/ -->\n<title>K\u0131rsalda \u00c7al\u0131\u015fmalar Tam Gaz - Av. Deniz Can K\u0131z\u0131l<\/title>\n<meta name=\"robots\" content=\"index, follow, max-snippet:-1, max-image-preview:large, max-video-preview:-1\" \/>\n<link rel=\"canonical\" href=\"https:\/\/denizcankizil.tr\/uk\/haberler\/gundem\/kirsalda-calismalar-tam-gaz\/\" \/>\n<meta property=\"og:locale\" content=\"uk_UA\" \/>\n<meta property=\"og:type\" content=\"article\" \/>\n<meta property=\"og:title\" content=\"K\u0131rsalda \u00c7al\u0131\u015fmalar Tam Gaz\" \/>\n<meta property=\"og:description\" content=\"Haymana Belediyesi hem merkezde hem de k\u0131rsal mahallelerde \u00e7al\u0131\u015fmalar\u0131n\u0131 s\u00fcrd\u00fcr\u00fcyor. Baltalin Mahallesinde mezarl\u0131k \u00e7evresi beton duvar \u00e7al\u0131\u015fmas\u0131 ba\u015flad\u0131. \u00c7al\u0131\u015fma di\u011fer mahallelerde de devam edecek. \u200bHaymana Belediyesi hem merkezde hem de k\u0131rsal mahallelerde \u00e7al\u0131\u015fmalar\u0131n\u0131 s\u00fcrd\u00fcr\u00fcyor. Baltalin Mahallesinde mezarl\u0131k \u00e7evresi beton duvar \u00e7al\u0131\u015fmas\u0131 ba\u015flad\u0131. \u00c7al\u0131\u015fma di\u011fer mahallelerde de devam edecek.\u00a0 \u200bHaberin Al\u0131nt\u0131land\u0131\u011f\u0131 Kaynak: www.iskenderun.org\" \/>\n<meta property=\"og:url\" content=\"https:\/\/denizcankizil.tr\/uk\/haberler\/gundem\/kirsalda-calismalar-tam-gaz\/\" \/>\n<meta property=\"og:site_name\" content=\"Av. Deniz Can K\u0131z\u0131l\" \/>\n<meta property=\"article:published_time\" content=\"2024-11-15T08:42:29+00:00\" \/>\n<meta name=\"twitter:card\" content=\"summary_large_image\" \/>\n<script type=\"application\/ld+json\" class=\"yoast-schema-graph\">{\"@context\":\"https:\/\/schema.org\",\"@graph\":[{\"@type\":\"Article\",\"@id\":\"https:\/\/denizcankizil.tr\/uk\/haberler\/gundem\/kirsalda-calismalar-tam-gaz\/#article\",\"isPartOf\":{\"@id\":\"https:\/\/denizcankizil.tr\/uk\/haberler\/gundem\/kirsalda-calismalar-tam-gaz\/\"},\"author\":{\"name\":\"\",\"@id\":\"\"},\"headline\":\"K\u0131rsalda \u00c7al\u0131\u015fmalar Tam Gaz\",\"datePublished\":\"2024-11-15T08:42:29+00:00\",\"mainEntityOfPage\":{\"@id\":\"https:\/\/denizcankizil.tr\/uk\/haberler\/gundem\/kirsalda-calismalar-tam-gaz\/\"},\"wordCount\":84,\"commentCount\":0,\"publisher\":{\"@id\":\"https:\/\/denizcankizil.tr\/#organization\"},\"articleSection\":[\"G\u00fcndem\",\"Uncategorized\"],\"inLanguage\":\"uk\",\"potentialAction\":[{\"@type\":\"CommentAction\",\"name\":\"Comment\",\"target\":[\"https:\/\/denizcankizil.tr\/uk\/haberler\/gundem\/kirsalda-calismalar-tam-gaz\/#respond\"]}]},{\"@type\":\"WebPage\",\"@id\":\"https:\/\/denizcankizil.tr\/uk\/haberler\/gundem\/kirsalda-calismalar-tam-gaz\/\",\"url\":\"https:\/\/denizcankizil.tr\/uk\/haberler\/gundem\/kirsalda-calismalar-tam-gaz\/\",\"name\":\"K\u0131rsalda \u00c7al\u0131\u015fmalar Tam Gaz - Av. Deniz Can K\u0131z\u0131l\",\"isPartOf\":{\"@id\":\"https:\/\/denizcankizil.tr\/#website\"},\"datePublished\":\"2024-11-15T08:42:29+00:00\",\"breadcrumb\":{\"@id\":\"https:\/\/denizcankizil.tr\/uk\/haberler\/gundem\/kirsalda-calismalar-tam-gaz\/#breadcrumb\"},\"inLanguage\":\"uk\",\"potentialAction\":[{\"@type\":\"ReadAction\",\"target\":[\"https:\/\/denizcankizil.tr\/uk\/haberler\/gundem\/kirsalda-calismalar-tam-gaz\/\"]}]},{\"@type\":\"BreadcrumbList\",\"@id\":\"https:\/\/denizcankizil.tr\/uk\/haberler\/gundem\/kirsalda-calismalar-tam-gaz\/#breadcrumb\",\"itemListElement\":[{\"@type\":\"ListItem\",\"position\":1,\"name\":\"Home\",\"item\":\"https:\/\/denizcankizil.tr\/de\/\"},{\"@type\":\"ListItem\",\"position\":2,\"name\":\"K\u0131rsalda \u00c7al\u0131\u015fmalar Tam Gaz\"}]},{\"@type\":\"WebSite\",\"@id\":\"https:\/\/denizcankizil.tr\/#website\",\"url\":\"https:\/\/denizcankizil.tr\/\",\"name\":\"Av. Deniz Can K\u0131z\u0131l\",\"description\":\"Avukat Deniz Can K\u0131z\u0131l Antalya Barosu\",\"publisher\":{\"@id\":\"https:\/\/denizcankizil.tr\/#organization\"},\"potentialAction\":[{\"@type\":\"SearchAction\",\"target\":{\"@type\":\"EntryPoint\",\"urlTemplate\":\"https:\/\/denizcankizil.tr\/?s={search_term_string}\"},\"query-input\":{\"@type\":\"PropertyValueSpecification\",\"valueRequired\":true,\"valueName\":\"search_term_string\"}}],\"inLanguage\":\"uk\"},{\"@type\":\"Organization\",\"@id\":\"https:\/\/denizcankizil.tr\/#organization\",\"name\":\"Av. Deniz Can K\u0131z\u0131l\",\"url\":\"https:\/\/denizcankizil.tr\/\",\"logo\":{\"@type\":\"ImageObject\",\"inLanguage\":\"uk\",\"@id\":\"https:\/\/denizcankizil.tr\/#\/schema\/logo\/image\/\",\"url\":\"https:\/\/denizcankizil.tr\/wp-content\/uploads\/2024\/10\/siyah-logo-svg.svg\",\"contentUrl\":\"https:\/\/denizcankizil.tr\/wp-content\/uploads\/2024\/10\/siyah-logo-svg.svg\",\"width\":1080,\"height\":1080,\"caption\":\"Av. Deniz Can K\u0131z\u0131l\"},\"image\":{\"@id\":\"https:\/\/denizcankizil.tr\/#\/schema\/logo\/image\/\"}}]}<\/script>\n<!-- \/ Yoast SEO Premium plugin. -->","yoast_head_json":{"title":"K\u0131rsalda \u00c7al\u0131\u015fmalar Tam Gaz - Av. Deniz Can K\u0131z\u0131l","robots":{"index":"index","follow":"follow","max-snippet":"max-snippet:-1","max-image-preview":"max-image-preview:large","max-video-preview":"max-video-preview:-1"},"canonical":"https:\/\/denizcankizil.tr\/uk\/haberler\/gundem\/kirsalda-calismalar-tam-gaz\/","og_locale":"uk_UA","og_type":"article","og_title":"K\u0131rsalda \u00c7al\u0131\u015fmalar Tam Gaz","og_description":"Haymana Belediyesi hem merkezde hem de k\u0131rsal mahallelerde \u00e7al\u0131\u015fmalar\u0131n\u0131 s\u00fcrd\u00fcr\u00fcyor. Baltalin Mahallesinde mezarl\u0131k \u00e7evresi beton duvar \u00e7al\u0131\u015fmas\u0131 ba\u015flad\u0131. \u00c7al\u0131\u015fma di\u011fer mahallelerde de devam edecek. \u200bHaymana Belediyesi hem merkezde hem de k\u0131rsal mahallelerde \u00e7al\u0131\u015fmalar\u0131n\u0131 s\u00fcrd\u00fcr\u00fcyor. Baltalin Mahallesinde mezarl\u0131k \u00e7evresi beton duvar \u00e7al\u0131\u015fmas\u0131 ba\u015flad\u0131. \u00c7al\u0131\u015fma di\u011fer mahallelerde de devam edecek.\u00a0 \u200bHaberin Al\u0131nt\u0131land\u0131\u011f\u0131 Kaynak: www.iskenderun.org","og_url":"https:\/\/denizcankizil.tr\/uk\/haberler\/gundem\/kirsalda-calismalar-tam-gaz\/","og_site_name":"Av. Deniz Can K\u0131z\u0131l","article_published_time":"2024-11-15T08:42:29+00:00","twitter_card":"summary_large_image","schema":{"@context":"https:\/\/schema.org","@graph":[{"@type":"Article","@id":"https:\/\/denizcankizil.tr\/uk\/haberler\/gundem\/kirsalda-calismalar-tam-gaz\/#article","isPartOf":{"@id":"https:\/\/denizcankizil.tr\/uk\/haberler\/gundem\/kirsalda-calismalar-tam-gaz\/"},"author":{"name":"","@id":""},"headline":"K\u0131rsalda \u00c7al\u0131\u015fmalar Tam Gaz","datePublished":"2024-11-15T08:42:29+00:00","mainEntityOfPage":{"@id":"https:\/\/denizcankizil.tr\/uk\/haberler\/gundem\/kirsalda-calismalar-tam-gaz\/"},"wordCount":84,"commentCount":0,"publisher":{"@id":"https:\/\/denizcankizil.tr\/#organization"},"articleSection":["G\u00fcndem","Uncategorized"],"inLanguage":"uk","potentialAction":[{"@type":"CommentAction","name":"Comment","target":["https:\/\/denizcankizil.tr\/uk\/haberler\/gundem\/kirsalda-calismalar-tam-gaz\/#respond"]}]},{"@type":"WebPage","@id":"https:\/\/denizcankizil.tr\/uk\/haberler\/gundem\/kirsalda-calismalar-tam-gaz\/","url":"https:\/\/denizcankizil.tr\/uk\/haberler\/gundem\/kirsalda-calismalar-tam-gaz\/","name":"K\u0131rsalda \u00c7al\u0131\u015fmalar Tam Gaz - Av. Deniz Can K\u0131z\u0131l","isPartOf":{"@id":"https:\/\/denizcankizil.tr\/#website"},"datePublished":"2024-11-15T08:42:29+00:00","breadcrumb":{"@id":"https:\/\/denizcankizil.tr\/uk\/haberler\/gundem\/kirsalda-calismalar-tam-gaz\/#breadcrumb"},"inLanguage":"uk","potentialAction":[{"@type":"ReadAction","target":["https:\/\/denizcankizil.tr\/uk\/haberler\/gundem\/kirsalda-calismalar-tam-gaz\/"]}]},{"@type":"BreadcrumbList","@id":"https:\/\/denizcankizil.tr\/uk\/haberler\/gundem\/kirsalda-calismalar-tam-gaz\/#breadcrumb","itemListElement":[{"@type":"ListItem","position":1,"name":"Home","item":"https:\/\/denizcankizil.tr\/de\/"},{"@type":"ListItem","position":2,"name":"K\u0131rsalda \u00c7al\u0131\u015fmalar Tam Gaz"}]},{"@type":"WebSite","@id":"https:\/\/denizcankizil.tr\/#website","url":"https:\/\/denizcankizil.tr\/","name":"Av. Deniz Can K\u0131z\u0131l","description":"Avukat Deniz Can K\u0131z\u0131l Antalya Barosu","publisher":{"@id":"https:\/\/denizcankizil.tr\/#organization"},"potentialAction":[{"@type":"SearchAction","target":{"@type":"EntryPoint","urlTemplate":"https:\/\/denizcankizil.tr\/?s={search_term_string}"},"query-input":{"@type":"PropertyValueSpecification","valueRequired":true,"valueName":"search_term_string"}}],"inLanguage":"uk"},{"@type":"Organization","@id":"https:\/\/denizcankizil.tr\/#organization","name":"Av. Deniz Can K\u0131z\u0131l","url":"https:\/\/denizcankizil.tr\/","logo":{"@type":"ImageObject","inLanguage":"uk","@id":"https:\/\/denizcankizil.tr\/#\/schema\/logo\/image\/","url":"https:\/\/denizcankizil.tr\/wp-content\/uploads\/2024\/10\/siyah-logo-svg.svg","contentUrl":"https:\/\/denizcankizil.tr\/wp-content\/uploads\/2024\/10\/siyah-logo-svg.svg","width":1080,"height":1080,"caption":"Av. Deniz Can K\u0131z\u0131l"},"image":{"@id":"https:\/\/denizcankizil.tr\/#\/schema\/logo\/image\/"}}]}},"_links":{"self":[{"href":"https:\/\/denizcankizil.tr\/uk\/wp-json\/wp\/v2\/posts\/16001","targetHints":{"allow":["GET"]}}],"collection":[{"href":"https:\/\/denizcankizil.tr\/uk\/wp-json\/wp\/v2\/posts"}],"about":[{"href":"https:\/\/denizcankizil.tr\/uk\/wp-json\/wp\/v2\/types\/post"}],"replies":[{"embeddable":true,"href":"https:\/\/denizcankizil.tr\/uk\/wp-json\/wp\/v2\/comments?post=16001"}],"version-history":[{"count":0,"href":"https:\/\/denizcankizil.tr\/uk\/wp-json\/wp\/v2\/posts\/16001\/revisions"}],"wp:attachment":[{"href":"https:\/\/denizcankizil.tr\/uk\/wp-json\/wp\/v2\/media?parent=16001"}],"wp:term":[{"taxonomy":"category","embeddable":true,"href":"https:\/\/denizcankizil.tr\/uk\/wp-json\/wp\/v2\/categories?post=16001"},{"taxonomy":"post_tag","embeddable":true,"href":"https:\/\/denizcankizil.tr\/uk\/wp-json\/wp\/v2\/tags?post=16001"}],"curies":[{"name":"wp","href":"https:\/\/api.w.org\/{rel}","templated":true}]}}