{"id":15968,"date":"2024-11-15T10:41:23","date_gmt":"2024-11-15T07:41:23","guid":{"rendered":"https:\/\/denizcankizil.tr\/uncategorized-tr\/mekik-kelebegi-goruntulendi\/"},"modified":"2024-11-15T10:41:23","modified_gmt":"2024-11-15T07:41:23","slug":"mekik-kelebegi-goruntulendi","status":"publish","type":"post","link":"https:\/\/denizcankizil.tr\/uk\/haberler\/antalya\/mekik-kelebegi-goruntulendi\/","title":{"rendered":"Mekik kelebe\u011fi g\u00f6r\u00fcnt\u00fclendi"},"content":{"rendered":"<p>D\u00fcn ak\u015fam saatlerinde Al\u00e2eddin Keykubat \u00dcniversitesi kamp\u00fcs\u00fcnde, genellikle Akdeniz ve Ege k\u0131y\u0131lar\u0131nda g\u00f6r\u00fclen, kamuflaj desenli, t\u00fcr\u00fcne az rastlanan mekik kelebe\u011fi g\u00f6r\u00fcnt\u00fclendi. G\u00f6renleri \u015fa\u015fk\u0131na \u00e7eviren mekik kelebe\u011finin renkleri ise g\u00f6renleri hayrete d\u00fc\u015f\u00fcrd\u00fc.<br \/>\nGece u\u00e7abilen mekik kelebe\u011fi, genellikle sebze yapraklar\u0131 ve geni\u015f yaprakl\u0131 a\u011fa\u00e7lardan faydalanarak hayatta kalabiliyor. \u00d6te yandan mekik kelebe\u011finin tropikal iklimlerde ya\u015fad\u0131\u011f\u0131 bilinirken, d\u00fcnyada ilk kez Hawaii&#8217;de g\u00f6r\u00fcnt\u00fclendi\u011fi, yak\u0131n zamanlarda ise T\u00fcrkiye&#8217;nin Antalya, Giresun ve Mu\u011fla gibi \u015fehirlerinde farkl\u0131 zaman dilimlerinde g\u00f6r\u00fcld\u00fc\u011f\u00fc biliniyor.<\/p>\n<p>&#8220;Kendimi \u015fansl\u0131 hissediyorum&#8221;<br \/>\nAl\u00e2eddin Keykubat \u00dcniversitesinde g\u00f6revli olarak \u00e7al\u0131\u015fan Servet \u00c7olak, &#8220;Kelebe\u011fin \u00e7ok farkl\u0131, kamuflaj desenli oldu\u011funu g\u00f6rd\u00fcm. Daha sonra telefonla foto\u011fraf\u0131n\u0131 \u00e7ektim, k\u00fc\u00e7\u00fck bir ara\u015ft\u0131rma yapt\u0131m. Mekik kelebe\u011fi oldu\u011funu ve ender rastlanan bir t\u00fcre ait oldu\u011funu \u00f6\u011frendim&#8221; dedi. Ba\u015fka yerlerde g\u00f6rd\u00fc\u011f\u00fc kelebeklerden farkl\u0131 oldu\u011funu s\u00f6yleyen \u00c7olak, &#8220;Ba\u015fka yerlerde \u00e7ok t\u00fcr kelebek g\u00f6rd\u00fcm ama bu t\u00fcr kelebe\u011fi hi\u00e7 g\u00f6rmemi\u015ftim, burada yeni g\u00f6rd\u00fcm ve ender oldu\u011funu anlad\u0131m, yetkililerimize bildirdim. B\u00f6yle bir kelebe\u011fi g\u00f6rd\u00fc\u011f\u00fcm i\u00e7in de kendimi \u015fansl\u0131 hissediyorum&#8221; \u015feklinde konu\u015ftu.<br \/>\nMekik kelebe\u011fi ile ilgili konu\u015fan Veteriner Hekim Deniz Koray G\u00fclsoy, &#8220;\u00d6ncelikle bu kelebek, halk aras\u0131nda kamuflaj olarak bahsedilen kelebek t\u00fcr\u00fc, misket kelebe\u011fi. Normalde tropikal b\u00f6lgelerde ya\u015f\u0131yor, d\u00fcnyada k\u00fcresel \u0131s\u0131nma ve havalar\u0131n \u0131s\u0131nmas\u0131yla beraber art\u0131k yurdumuzda nadir de olsa belli ba\u015fl\u0131 b\u00f6lgelerde g\u00f6r\u00fclmeye ba\u015fland\u0131. \u00d6zellikle Akdeniz ve Ege b\u00f6lgesinde g\u00f6r\u00fcl\u00fcyor. Art\u0131k k\u00fcresel \u0131s\u0131nmayla beraber s\u0131cakl\u0131klar kuzeye do\u011fru \u0131l\u0131man iklim olu\u015fmaya ba\u015flad\u0131. Mevsimler ge\u00e7i\u015fleri art\u0131k \u00e7ok keskin de\u011fil, yumu\u015fak bir ge\u00e7i\u015f devam ediyor. Geceleri avland\u0131\u011f\u0131n\u0131 g\u00f6r\u00fcyoruz. Beslenme t\u00fcrleri genellikle zirai \u00fcr\u00fcnler ile geni\u015f yaprakl\u0131 bitkiler, sebzeler, baz\u0131 sarma\u015f\u0131k t\u00fcrleri zakkum gibi bizim b\u00f6lgelerde bulunan bitkilerle onlar\u0131n yapraklar\u0131 ile besleniyor&#8221; ifadelerini kulland\u0131.<\/p>\n<p>&#8220;\u0130nsanlar i\u00e7in herhangi bir s\u0131k\u0131nt\u0131 yok&#8221;<br \/>\nHalk aras\u0131nda sorulan en \u00e7ok sorulardan birisi olan &#8216;zararl\u0131 m\u0131&#8217; ifadesine de a\u00e7\u0131kl\u0131k getiren G\u00fclsoy, &#8220;\u0130nsanlar i\u00e7in bir zarar\u0131 yok ama olur da ileride bir \u00e7o\u011falma ya da bir pop\u00fclasyon ile art\u0131\u015f g\u00f6r\u00fcl\u00fcrse tabii ki zirai \u00fcr\u00fcnlerdeki art\u0131\u015f\u0131ndan dolay\u0131 yapraklara verece\u011fi zarar \u00fcr\u00fcnlerin olgunla\u015fmas\u0131n\u0131 engelleyebilir. Ama \u015fu an \u00e7ok nadir durumdalar; tek t\u00fck g\u00f6r\u00fcl\u00fcyor, insanlar i\u00e7in \u015fu an i\u00e7in bir s\u0131k\u0131nt\u0131 g\u00f6r\u00fclmedi&#8221; dedi.<\/p>\n<p>Kaynak: www.kanalv.com.tr Haber Sitesinden Al\u0131nm\u0131\u015ft\u0131r.<\/p>","protected":false},"excerpt":{"rendered":"<p>D\u00fcn ak\u015fam saatlerinde Al\u00e2eddin Keykubat \u00dcniversitesi kamp\u00fcs\u00fcnde, genellikle Akdeniz ve Ege k\u0131y\u0131lar\u0131nda g\u00f6r\u00fclen, kamuflaj desenli, t\u00fcr\u00fcne az rastlanan mekik kelebe\u011fi g\u00f6r\u00fcnt\u00fclendi. G\u00f6renleri \u015fa\u015fk\u0131na \u00e7eviren mekik kelebe\u011finin renkleri ise g\u00f6renleri hayrete d\u00fc\u015f\u00fcrd\u00fc. Gece u\u00e7abilen mekik kelebe\u011fi, genellikle sebze yapraklar\u0131 ve geni\u015f yaprakl\u0131 a\u011fa\u00e7lardan faydalanarak hayatta kalabiliyor. \u00d6te yandan mekik kelebe\u011finin tropikal iklimlerde ya\u015fad\u0131\u011f\u0131 bilinirken, d\u00fcnyada ilk kez Hawaii&#8217;de g\u00f6r\u00fcnt\u00fclendi\u011fi, yak\u0131n zamanlarda ise T\u00fcrkiye&#8217;nin Antalya, Giresun ve Mu\u011fla gibi \u015fehirlerinde farkl\u0131 zaman dilimlerinde g\u00f6r\u00fcld\u00fc\u011f\u00fc biliniyor. &#8220;Kendimi \u015fansl\u0131 hissediyorum&#8221; Al\u00e2eddin Keykubat \u00dcniversitesinde g\u00f6revli olarak \u00e7al\u0131\u015fan Servet \u00c7olak, &#8220;Kelebe\u011fin \u00e7ok farkl\u0131, kamuflaj desenli oldu\u011funu g\u00f6rd\u00fcm. Daha sonra telefonla foto\u011fraf\u0131n\u0131 \u00e7ektim, k\u00fc\u00e7\u00fck bir ara\u015ft\u0131rma yapt\u0131m. Mekik kelebe\u011fi oldu\u011funu ve ender rastlanan bir t\u00fcre ait oldu\u011funu \u00f6\u011frendim&#8221; dedi. Ba\u015fka yerlerde g\u00f6rd\u00fc\u011f\u00fc kelebeklerden farkl\u0131 oldu\u011funu s\u00f6yleyen \u00c7olak, &#8220;Ba\u015fka yerlerde \u00e7ok t\u00fcr kelebek g\u00f6rd\u00fcm ama bu t\u00fcr kelebe\u011fi hi\u00e7 g\u00f6rmemi\u015ftim, burada yeni g\u00f6rd\u00fcm ve ender oldu\u011funu anlad\u0131m, yetkililerimize bildirdim. B\u00f6yle bir kelebe\u011fi g\u00f6rd\u00fc\u011f\u00fcm i\u00e7in de kendimi \u015fansl\u0131 hissediyorum&#8221; \u015feklinde konu\u015ftu. Mekik kelebe\u011fi ile ilgili konu\u015fan Veteriner Hekim Deniz Koray G\u00fclsoy, &#8220;\u00d6ncelikle bu kelebek, halk aras\u0131nda kamuflaj olarak bahsedilen kelebek t\u00fcr\u00fc, misket kelebe\u011fi. Normalde tropikal b\u00f6lgelerde ya\u015f\u0131yor, d\u00fcnyada k\u00fcresel \u0131s\u0131nma ve havalar\u0131n \u0131s\u0131nmas\u0131yla beraber art\u0131k yurdumuzda nadir de olsa belli ba\u015fl\u0131 b\u00f6lgelerde g\u00f6r\u00fclmeye ba\u015fland\u0131. \u00d6zellikle Akdeniz ve Ege b\u00f6lgesinde &hellip;<\/p>","protected":false},"author":0,"featured_media":15969,"comment_status":"open","ping_status":"open","sticky":false,"template":"","format":"standard","meta":{"_acf_changed":false,"footnotes":""},"categories":[26,535],"tags":[],"class_list":["post-15968","post","type-post","status-publish","format-standard","has-post-thumbnail","hentry","category-antalya","category-uncategorized-tr"],"acf":[],"yoast_head":"<!-- This site is optimized with the Yoast SEO Premium plugin v26.6 (Yoast SEO v27.1.1) - https:\/\/yoast.com\/product\/yoast-seo-premium-wordpress\/ -->\n<title>Mekik kelebe\u011fi g\u00f6r\u00fcnt\u00fclendi - Av. Deniz Can K\u0131z\u0131l<\/title>\n<meta name=\"robots\" content=\"index, follow, max-snippet:-1, max-image-preview:large, max-video-preview:-1\" \/>\n<link rel=\"canonical\" href=\"https:\/\/denizcankizil.tr\/uk\/haberler\/antalya\/mekik-kelebegi-goruntulendi\/\" \/>\n<meta property=\"og:locale\" content=\"uk_UA\" \/>\n<meta property=\"og:type\" content=\"article\" \/>\n<meta property=\"og:title\" content=\"Mekik kelebe\u011fi g\u00f6r\u00fcnt\u00fclendi\" \/>\n<meta property=\"og:description\" content=\"D\u00fcn ak\u015fam saatlerinde Al\u00e2eddin Keykubat \u00dcniversitesi kamp\u00fcs\u00fcnde, genellikle Akdeniz ve Ege k\u0131y\u0131lar\u0131nda g\u00f6r\u00fclen, kamuflaj desenli, t\u00fcr\u00fcne az rastlanan mekik kelebe\u011fi g\u00f6r\u00fcnt\u00fclendi. G\u00f6renleri \u015fa\u015fk\u0131na \u00e7eviren mekik kelebe\u011finin renkleri ise g\u00f6renleri hayrete d\u00fc\u015f\u00fcrd\u00fc. Gece u\u00e7abilen mekik kelebe\u011fi, genellikle sebze yapraklar\u0131 ve geni\u015f yaprakl\u0131 a\u011fa\u00e7lardan faydalanarak hayatta kalabiliyor. \u00d6te yandan mekik kelebe\u011finin tropikal iklimlerde ya\u015fad\u0131\u011f\u0131 bilinirken, d\u00fcnyada ilk kez Hawaii&#8217;de g\u00f6r\u00fcnt\u00fclendi\u011fi, yak\u0131n zamanlarda ise T\u00fcrkiye&#8217;nin Antalya, Giresun ve Mu\u011fla gibi \u015fehirlerinde farkl\u0131 zaman dilimlerinde g\u00f6r\u00fcld\u00fc\u011f\u00fc biliniyor. &#8220;Kendimi \u015fansl\u0131 hissediyorum&#8221; Al\u00e2eddin Keykubat \u00dcniversitesinde g\u00f6revli olarak \u00e7al\u0131\u015fan Servet \u00c7olak, &#8220;Kelebe\u011fin \u00e7ok farkl\u0131, kamuflaj desenli oldu\u011funu g\u00f6rd\u00fcm. Daha sonra telefonla foto\u011fraf\u0131n\u0131 \u00e7ektim, k\u00fc\u00e7\u00fck bir ara\u015ft\u0131rma yapt\u0131m. Mekik kelebe\u011fi oldu\u011funu ve ender rastlanan bir t\u00fcre ait oldu\u011funu \u00f6\u011frendim&#8221; dedi. Ba\u015fka yerlerde g\u00f6rd\u00fc\u011f\u00fc kelebeklerden farkl\u0131 oldu\u011funu s\u00f6yleyen \u00c7olak, &#8220;Ba\u015fka yerlerde \u00e7ok t\u00fcr kelebek g\u00f6rd\u00fcm ama bu t\u00fcr kelebe\u011fi hi\u00e7 g\u00f6rmemi\u015ftim, burada yeni g\u00f6rd\u00fcm ve ender oldu\u011funu anlad\u0131m, yetkililerimize bildirdim. B\u00f6yle bir kelebe\u011fi g\u00f6rd\u00fc\u011f\u00fcm i\u00e7in de kendimi \u015fansl\u0131 hissediyorum&#8221; \u015feklinde konu\u015ftu. Mekik kelebe\u011fi ile ilgili konu\u015fan Veteriner Hekim Deniz Koray G\u00fclsoy, &#8220;\u00d6ncelikle bu kelebek, halk aras\u0131nda kamuflaj olarak bahsedilen kelebek t\u00fcr\u00fc, misket kelebe\u011fi. Normalde tropikal b\u00f6lgelerde ya\u015f\u0131yor, d\u00fcnyada k\u00fcresel \u0131s\u0131nma ve havalar\u0131n \u0131s\u0131nmas\u0131yla beraber art\u0131k yurdumuzda nadir de olsa belli ba\u015fl\u0131 b\u00f6lgelerde g\u00f6r\u00fclmeye ba\u015fland\u0131. \u00d6zellikle Akdeniz ve Ege b\u00f6lgesinde &hellip;\" \/>\n<meta property=\"og:url\" content=\"https:\/\/denizcankizil.tr\/uk\/haberler\/antalya\/mekik-kelebegi-goruntulendi\/\" \/>\n<meta property=\"og:site_name\" content=\"Av. Deniz Can K\u0131z\u0131l\" \/>\n<meta property=\"article:published_time\" content=\"2024-11-15T07:41:23+00:00\" \/>\n<meta property=\"og:image\" content=\"https:\/\/denizcankizil.tr\/wp-content\/uploads\/2024\/11\/3091-01-GMsDqO.jpeg\" \/>\n\t<meta property=\"og:image:width\" content=\"1280\" \/>\n\t<meta property=\"og:image:height\" content=\"720\" \/>\n\t<meta property=\"og:image:type\" content=\"image\/jpeg\" \/>\n<meta name=\"twitter:card\" content=\"summary_large_image\" \/>\n<meta name=\"twitter:label1\" content=\"\u041f\u0440\u0438\u0431\u043b. \u0447\u0430\u0441 \u0447\u0438\u0442\u0430\u043d\u043d\u044f\" \/>\n\t<meta name=\"twitter:data1\" content=\"2 \u0445\u0432\u0438\u043b\u0438\u043d\u0438\" \/>\n<script type=\"application\/ld+json\" class=\"yoast-schema-graph\">{\"@context\":\"https:\/\/schema.org\",\"@graph\":[{\"@type\":\"Article\",\"@id\":\"https:\/\/denizcankizil.tr\/uk\/haberler\/antalya\/mekik-kelebegi-goruntulendi\/#article\",\"isPartOf\":{\"@id\":\"https:\/\/denizcankizil.tr\/uk\/haberler\/antalya\/mekik-kelebegi-goruntulendi\/\"},\"author\":{\"name\":\"\",\"@id\":\"\"},\"headline\":\"Mekik kelebe\u011fi g\u00f6r\u00fcnt\u00fclendi\",\"datePublished\":\"2024-11-15T07:41:23+00:00\",\"mainEntityOfPage\":{\"@id\":\"https:\/\/denizcankizil.tr\/uk\/haberler\/antalya\/mekik-kelebegi-goruntulendi\/\"},\"wordCount\":494,\"commentCount\":0,\"publisher\":{\"@id\":\"https:\/\/denizcankizil.tr\/#organization\"},\"image\":{\"@id\":\"https:\/\/denizcankizil.tr\/uk\/haberler\/antalya\/mekik-kelebegi-goruntulendi\/#primaryimage\"},\"thumbnailUrl\":\"https:\/\/denizcankizil.tr\/wp-content\/uploads\/2024\/11\/3091-01-GMsDqO.jpeg\",\"articleSection\":[\"Antalya\",\"Uncategorized\"],\"inLanguage\":\"uk\",\"potentialAction\":[{\"@type\":\"CommentAction\",\"name\":\"Comment\",\"target\":[\"https:\/\/denizcankizil.tr\/uk\/haberler\/antalya\/mekik-kelebegi-goruntulendi\/#respond\"]}]},{\"@type\":\"WebPage\",\"@id\":\"https:\/\/denizcankizil.tr\/uk\/haberler\/antalya\/mekik-kelebegi-goruntulendi\/\",\"url\":\"https:\/\/denizcankizil.tr\/uk\/haberler\/antalya\/mekik-kelebegi-goruntulendi\/\",\"name\":\"Mekik kelebe\u011fi g\u00f6r\u00fcnt\u00fclendi - Av. Deniz Can K\u0131z\u0131l\",\"isPartOf\":{\"@id\":\"https:\/\/denizcankizil.tr\/#website\"},\"primaryImageOfPage\":{\"@id\":\"https:\/\/denizcankizil.tr\/uk\/haberler\/antalya\/mekik-kelebegi-goruntulendi\/#primaryimage\"},\"image\":{\"@id\":\"https:\/\/denizcankizil.tr\/uk\/haberler\/antalya\/mekik-kelebegi-goruntulendi\/#primaryimage\"},\"thumbnailUrl\":\"https:\/\/denizcankizil.tr\/wp-content\/uploads\/2024\/11\/3091-01-GMsDqO.jpeg\",\"datePublished\":\"2024-11-15T07:41:23+00:00\",\"breadcrumb\":{\"@id\":\"https:\/\/denizcankizil.tr\/uk\/haberler\/antalya\/mekik-kelebegi-goruntulendi\/#breadcrumb\"},\"inLanguage\":\"uk\",\"potentialAction\":[{\"@type\":\"ReadAction\",\"target\":[\"https:\/\/denizcankizil.tr\/uk\/haberler\/antalya\/mekik-kelebegi-goruntulendi\/\"]}]},{\"@type\":\"ImageObject\",\"inLanguage\":\"uk\",\"@id\":\"https:\/\/denizcankizil.tr\/uk\/haberler\/antalya\/mekik-kelebegi-goruntulendi\/#primaryimage\",\"url\":\"https:\/\/denizcankizil.tr\/wp-content\/uploads\/2024\/11\/3091-01-GMsDqO.jpeg\",\"contentUrl\":\"https:\/\/denizcankizil.tr\/wp-content\/uploads\/2024\/11\/3091-01-GMsDqO.jpeg\",\"width\":1280,\"height\":720},{\"@type\":\"BreadcrumbList\",\"@id\":\"https:\/\/denizcankizil.tr\/uk\/haberler\/antalya\/mekik-kelebegi-goruntulendi\/#breadcrumb\",\"itemListElement\":[{\"@type\":\"ListItem\",\"position\":1,\"name\":\"Home\",\"item\":\"https:\/\/denizcankizil.tr\/de\/\"},{\"@type\":\"ListItem\",\"position\":2,\"name\":\"Mekik kelebe\u011fi g\u00f6r\u00fcnt\u00fclendi\"}]},{\"@type\":\"WebSite\",\"@id\":\"https:\/\/denizcankizil.tr\/#website\",\"url\":\"https:\/\/denizcankizil.tr\/\",\"name\":\"Av. Deniz Can K\u0131z\u0131l\",\"description\":\"Avukat Deniz Can K\u0131z\u0131l Antalya Barosu\",\"publisher\":{\"@id\":\"https:\/\/denizcankizil.tr\/#organization\"},\"potentialAction\":[{\"@type\":\"SearchAction\",\"target\":{\"@type\":\"EntryPoint\",\"urlTemplate\":\"https:\/\/denizcankizil.tr\/?s={search_term_string}\"},\"query-input\":{\"@type\":\"PropertyValueSpecification\",\"valueRequired\":true,\"valueName\":\"search_term_string\"}}],\"inLanguage\":\"uk\"},{\"@type\":\"Organization\",\"@id\":\"https:\/\/denizcankizil.tr\/#organization\",\"name\":\"Av. Deniz Can K\u0131z\u0131l\",\"url\":\"https:\/\/denizcankizil.tr\/\",\"logo\":{\"@type\":\"ImageObject\",\"inLanguage\":\"uk\",\"@id\":\"https:\/\/denizcankizil.tr\/#\/schema\/logo\/image\/\",\"url\":\"https:\/\/denizcankizil.tr\/wp-content\/uploads\/2024\/10\/siyah-logo-svg.svg\",\"contentUrl\":\"https:\/\/denizcankizil.tr\/wp-content\/uploads\/2024\/10\/siyah-logo-svg.svg\",\"width\":1080,\"height\":1080,\"caption\":\"Av. Deniz Can K\u0131z\u0131l\"},\"image\":{\"@id\":\"https:\/\/denizcankizil.tr\/#\/schema\/logo\/image\/\"}}]}<\/script>\n<!-- \/ Yoast SEO Premium plugin. -->","yoast_head_json":{"title":"Mekik kelebe\u011fi g\u00f6r\u00fcnt\u00fclendi - Av. Deniz Can K\u0131z\u0131l","robots":{"index":"index","follow":"follow","max-snippet":"max-snippet:-1","max-image-preview":"max-image-preview:large","max-video-preview":"max-video-preview:-1"},"canonical":"https:\/\/denizcankizil.tr\/uk\/haberler\/antalya\/mekik-kelebegi-goruntulendi\/","og_locale":"uk_UA","og_type":"article","og_title":"Mekik kelebe\u011fi g\u00f6r\u00fcnt\u00fclendi","og_description":"D\u00fcn ak\u015fam saatlerinde Al\u00e2eddin Keykubat \u00dcniversitesi kamp\u00fcs\u00fcnde, genellikle Akdeniz ve Ege k\u0131y\u0131lar\u0131nda g\u00f6r\u00fclen, kamuflaj desenli, t\u00fcr\u00fcne az rastlanan mekik kelebe\u011fi g\u00f6r\u00fcnt\u00fclendi. G\u00f6renleri \u015fa\u015fk\u0131na \u00e7eviren mekik kelebe\u011finin renkleri ise g\u00f6renleri hayrete d\u00fc\u015f\u00fcrd\u00fc. Gece u\u00e7abilen mekik kelebe\u011fi, genellikle sebze yapraklar\u0131 ve geni\u015f yaprakl\u0131 a\u011fa\u00e7lardan faydalanarak hayatta kalabiliyor. \u00d6te yandan mekik kelebe\u011finin tropikal iklimlerde ya\u015fad\u0131\u011f\u0131 bilinirken, d\u00fcnyada ilk kez Hawaii&#8217;de g\u00f6r\u00fcnt\u00fclendi\u011fi, yak\u0131n zamanlarda ise T\u00fcrkiye&#8217;nin Antalya, Giresun ve Mu\u011fla gibi \u015fehirlerinde farkl\u0131 zaman dilimlerinde g\u00f6r\u00fcld\u00fc\u011f\u00fc biliniyor. &#8220;Kendimi \u015fansl\u0131 hissediyorum&#8221; Al\u00e2eddin Keykubat \u00dcniversitesinde g\u00f6revli olarak \u00e7al\u0131\u015fan Servet \u00c7olak, &#8220;Kelebe\u011fin \u00e7ok farkl\u0131, kamuflaj desenli oldu\u011funu g\u00f6rd\u00fcm. Daha sonra telefonla foto\u011fraf\u0131n\u0131 \u00e7ektim, k\u00fc\u00e7\u00fck bir ara\u015ft\u0131rma yapt\u0131m. Mekik kelebe\u011fi oldu\u011funu ve ender rastlanan bir t\u00fcre ait oldu\u011funu \u00f6\u011frendim&#8221; dedi. Ba\u015fka yerlerde g\u00f6rd\u00fc\u011f\u00fc kelebeklerden farkl\u0131 oldu\u011funu s\u00f6yleyen \u00c7olak, &#8220;Ba\u015fka yerlerde \u00e7ok t\u00fcr kelebek g\u00f6rd\u00fcm ama bu t\u00fcr kelebe\u011fi hi\u00e7 g\u00f6rmemi\u015ftim, burada yeni g\u00f6rd\u00fcm ve ender oldu\u011funu anlad\u0131m, yetkililerimize bildirdim. B\u00f6yle bir kelebe\u011fi g\u00f6rd\u00fc\u011f\u00fcm i\u00e7in de kendimi \u015fansl\u0131 hissediyorum&#8221; \u015feklinde konu\u015ftu. Mekik kelebe\u011fi ile ilgili konu\u015fan Veteriner Hekim Deniz Koray G\u00fclsoy, &#8220;\u00d6ncelikle bu kelebek, halk aras\u0131nda kamuflaj olarak bahsedilen kelebek t\u00fcr\u00fc, misket kelebe\u011fi. Normalde tropikal b\u00f6lgelerde ya\u015f\u0131yor, d\u00fcnyada k\u00fcresel \u0131s\u0131nma ve havalar\u0131n \u0131s\u0131nmas\u0131yla beraber art\u0131k yurdumuzda nadir de olsa belli ba\u015fl\u0131 b\u00f6lgelerde g\u00f6r\u00fclmeye ba\u015fland\u0131. \u00d6zellikle Akdeniz ve Ege b\u00f6lgesinde &hellip;","og_url":"https:\/\/denizcankizil.tr\/uk\/haberler\/antalya\/mekik-kelebegi-goruntulendi\/","og_site_name":"Av. Deniz Can K\u0131z\u0131l","article_published_time":"2024-11-15T07:41:23+00:00","og_image":[{"width":1280,"height":720,"url":"https:\/\/denizcankizil.tr\/wp-content\/uploads\/2024\/11\/3091-01-GMsDqO.jpeg","type":"image\/jpeg"}],"twitter_card":"summary_large_image","twitter_misc":{"\u041f\u0440\u0438\u0431\u043b. \u0447\u0430\u0441 \u0447\u0438\u0442\u0430\u043d\u043d\u044f":"2 \u0445\u0432\u0438\u043b\u0438\u043d\u0438"},"schema":{"@context":"https:\/\/schema.org","@graph":[{"@type":"Article","@id":"https:\/\/denizcankizil.tr\/uk\/haberler\/antalya\/mekik-kelebegi-goruntulendi\/#article","isPartOf":{"@id":"https:\/\/denizcankizil.tr\/uk\/haberler\/antalya\/mekik-kelebegi-goruntulendi\/"},"author":{"name":"","@id":""},"headline":"Mekik kelebe\u011fi g\u00f6r\u00fcnt\u00fclendi","datePublished":"2024-11-15T07:41:23+00:00","mainEntityOfPage":{"@id":"https:\/\/denizcankizil.tr\/uk\/haberler\/antalya\/mekik-kelebegi-goruntulendi\/"},"wordCount":494,"commentCount":0,"publisher":{"@id":"https:\/\/denizcankizil.tr\/#organization"},"image":{"@id":"https:\/\/denizcankizil.tr\/uk\/haberler\/antalya\/mekik-kelebegi-goruntulendi\/#primaryimage"},"thumbnailUrl":"https:\/\/denizcankizil.tr\/wp-content\/uploads\/2024\/11\/3091-01-GMsDqO.jpeg","articleSection":["Antalya","Uncategorized"],"inLanguage":"uk","potentialAction":[{"@type":"CommentAction","name":"Comment","target":["https:\/\/denizcankizil.tr\/uk\/haberler\/antalya\/mekik-kelebegi-goruntulendi\/#respond"]}]},{"@type":"WebPage","@id":"https:\/\/denizcankizil.tr\/uk\/haberler\/antalya\/mekik-kelebegi-goruntulendi\/","url":"https:\/\/denizcankizil.tr\/uk\/haberler\/antalya\/mekik-kelebegi-goruntulendi\/","name":"Mekik kelebe\u011fi g\u00f6r\u00fcnt\u00fclendi - Av. Deniz Can K\u0131z\u0131l","isPartOf":{"@id":"https:\/\/denizcankizil.tr\/#website"},"primaryImageOfPage":{"@id":"https:\/\/denizcankizil.tr\/uk\/haberler\/antalya\/mekik-kelebegi-goruntulendi\/#primaryimage"},"image":{"@id":"https:\/\/denizcankizil.tr\/uk\/haberler\/antalya\/mekik-kelebegi-goruntulendi\/#primaryimage"},"thumbnailUrl":"https:\/\/denizcankizil.tr\/wp-content\/uploads\/2024\/11\/3091-01-GMsDqO.jpeg","datePublished":"2024-11-15T07:41:23+00:00","breadcrumb":{"@id":"https:\/\/denizcankizil.tr\/uk\/haberler\/antalya\/mekik-kelebegi-goruntulendi\/#breadcrumb"},"inLanguage":"uk","potentialAction":[{"@type":"ReadAction","target":["https:\/\/denizcankizil.tr\/uk\/haberler\/antalya\/mekik-kelebegi-goruntulendi\/"]}]},{"@type":"ImageObject","inLanguage":"uk","@id":"https:\/\/denizcankizil.tr\/uk\/haberler\/antalya\/mekik-kelebegi-goruntulendi\/#primaryimage","url":"https:\/\/denizcankizil.tr\/wp-content\/uploads\/2024\/11\/3091-01-GMsDqO.jpeg","contentUrl":"https:\/\/denizcankizil.tr\/wp-content\/uploads\/2024\/11\/3091-01-GMsDqO.jpeg","width":1280,"height":720},{"@type":"BreadcrumbList","@id":"https:\/\/denizcankizil.tr\/uk\/haberler\/antalya\/mekik-kelebegi-goruntulendi\/#breadcrumb","itemListElement":[{"@type":"ListItem","position":1,"name":"Home","item":"https:\/\/denizcankizil.tr\/de\/"},{"@type":"ListItem","position":2,"name":"Mekik kelebe\u011fi g\u00f6r\u00fcnt\u00fclendi"}]},{"@type":"WebSite","@id":"https:\/\/denizcankizil.tr\/#website","url":"https:\/\/denizcankizil.tr\/","name":"Av. Deniz Can K\u0131z\u0131l","description":"Avukat Deniz Can K\u0131z\u0131l Antalya Barosu","publisher":{"@id":"https:\/\/denizcankizil.tr\/#organization"},"potentialAction":[{"@type":"SearchAction","target":{"@type":"EntryPoint","urlTemplate":"https:\/\/denizcankizil.tr\/?s={search_term_string}"},"query-input":{"@type":"PropertyValueSpecification","valueRequired":true,"valueName":"search_term_string"}}],"inLanguage":"uk"},{"@type":"Organization","@id":"https:\/\/denizcankizil.tr\/#organization","name":"Av. Deniz Can K\u0131z\u0131l","url":"https:\/\/denizcankizil.tr\/","logo":{"@type":"ImageObject","inLanguage":"uk","@id":"https:\/\/denizcankizil.tr\/#\/schema\/logo\/image\/","url":"https:\/\/denizcankizil.tr\/wp-content\/uploads\/2024\/10\/siyah-logo-svg.svg","contentUrl":"https:\/\/denizcankizil.tr\/wp-content\/uploads\/2024\/10\/siyah-logo-svg.svg","width":1080,"height":1080,"caption":"Av. Deniz Can K\u0131z\u0131l"},"image":{"@id":"https:\/\/denizcankizil.tr\/#\/schema\/logo\/image\/"}}]}},"_links":{"self":[{"href":"https:\/\/denizcankizil.tr\/uk\/wp-json\/wp\/v2\/posts\/15968","targetHints":{"allow":["GET"]}}],"collection":[{"href":"https:\/\/denizcankizil.tr\/uk\/wp-json\/wp\/v2\/posts"}],"about":[{"href":"https:\/\/denizcankizil.tr\/uk\/wp-json\/wp\/v2\/types\/post"}],"replies":[{"embeddable":true,"href":"https:\/\/denizcankizil.tr\/uk\/wp-json\/wp\/v2\/comments?post=15968"}],"version-history":[{"count":0,"href":"https:\/\/denizcankizil.tr\/uk\/wp-json\/wp\/v2\/posts\/15968\/revisions"}],"wp:featuredmedia":[{"embeddable":true,"href":"https:\/\/denizcankizil.tr\/uk\/wp-json\/wp\/v2\/media\/15969"}],"wp:attachment":[{"href":"https:\/\/denizcankizil.tr\/uk\/wp-json\/wp\/v2\/media?parent=15968"}],"wp:term":[{"taxonomy":"category","embeddable":true,"href":"https:\/\/denizcankizil.tr\/uk\/wp-json\/wp\/v2\/categories?post=15968"},{"taxonomy":"post_tag","embeddable":true,"href":"https:\/\/denizcankizil.tr\/uk\/wp-json\/wp\/v2\/tags?post=15968"}],"curies":[{"name":"wp","href":"https:\/\/api.w.org\/{rel}","templated":true}]}}