{"id":15915,"date":"2024-11-14T18:43:43","date_gmt":"2024-11-14T15:43:43","guid":{"rendered":"https:\/\/denizcankizil.tr\/uncategorized-tr\/antalyali-sehidin-anneannesinin-evine-bakim\/"},"modified":"2024-11-14T18:43:43","modified_gmt":"2024-11-14T15:43:43","slug":"antalyali-sehidin-anneannesinin-evine-bakim","status":"publish","type":"post","link":"https:\/\/denizcankizil.tr\/uk\/haberler\/gundem\/antalyali-sehidin-anneannesinin-evine-bakim\/","title":{"rendered":"Antalyal\u0131 \u015fehidin anneannesinin evine bak\u0131m"},"content":{"rendered":"<p>Antalya&#8217;n\u0131n Serik il\u00e7esinde ya\u015fayan \u015eehit Jandarma Er Bar\u0131\u015f Akkabak&#8217;\u0131n anneannesi Havva Akkabak&#8217;\u0131n ikamet etti\u011fi evin tamir, bak\u0131m ve temizli\u011fi yap\u0131ld\u0131. Serik Kaymakam\u0131 Cemal \u015eahin&#8217;in talimatlar\u0131yla sabah erken saatte eve giden g\u00f6revliler \u015fehidin anneannesi Havva Akkabak ile bir s\u00fcre sohbet etti.<\/p>\n<p>G\u00dcVENL\u0130\u011e\u0130M\u0130Z\u0130 ONLARA BOR\u00c7LUYUZ<\/p>\n<p>Daha sonra g\u00f6revliler Havva Akkabak&#8217;\u0131n evini ba\u015ftan a\u015fa\u011f\u0131 elden ge\u00e7irip, tamir, bak\u0131m ve temizlik i\u015flemlerini ger\u00e7ekle\u015ftirdi. Havva Akkabak evinde yap\u0131lan i\u015flemler i\u00e7in Kaymakam Dr. Cemal \u015eahin ve eme\u011fi ge\u00e7enlere te\u015fekk\u00fcr etti. Kaymakam Cemal \u015eahin, &#8220;Bug\u00fcn sa\u011fl\u0131k ve s\u0131hhat i\u00e7erisinde, h\u00fcr, korkusuz ve ba\u015f\u0131 dik olarak bu \u015fanl\u0131 bayra\u011f\u0131n g\u00f6lgesinde ya\u015f\u0131yorsak bu durumu \u015fehitlerimize ve gazilerimize bor\u00e7luyuz. \u015eehitlerimizin aileleri i\u00e7in, gazilerimiz i\u00e7in bizler ne fedakarl\u0131k yaparsak yapal\u0131m azd\u0131r. Ancak gelene\u011fimiz, dinimiz, tarihimiz en k\u0131ymetli emanet olarak \u015fehitlerimizin bize b\u0131rakt\u0131\u011f\u0131 emanetleri ve gazilerimizi g\u00f6rmektedir\u201d dedi.<\/p>\n<p>EV\u0130NE BAKIM YAPILDI<\/p>\n<p>\u015eahin konu\u015fmas\u0131n\u0131n devam\u0131nda, \u201cBu vesileyle 2015 y\u0131l\u0131nda \u015fehit edilen Jandarma Komando Er Bar\u0131\u015f Akkabak&#8217;\u0131n il\u00e7emizde ikamet eden anneannesi Havva Akkabak&#8217;\u0131n hanesinin kaymakaml\u0131\u011f\u0131m\u0131z\u0131n ilgili kurumlar\u0131 taraf\u0131ndan tamir, bak\u0131m ve temizli\u011fi yap\u0131ld\u0131. \u00dclkenin gelece\u011fi i\u00e7in g\u00f6\u011fs\u00fcn\u00fc siper eden \u015fehitlerimizin aileleri her zaman emanetimiz ve emanetlerimizin her zaman yan\u0131nday\u0131z&#8221; diye konu\u015ftu.<\/p>\n<p>\u200bSerik Kaymakam\u0131 Cemal \u015eahin&#8217;in talimat\u0131yla il\u00e7ede ya\u015fayan \u015eehit Jandarma Er Bar\u0131\u015f Akkabak&#8217;\u0131n anneannesi Havva Akkabak&#8217;\u0131n evine bak\u0131m yap\u0131ld\u0131\u00a0<\/p>\n<p>\u200bHaberin Al\u0131nt\u0131land\u0131\u011f\u0131 Kaynak: www.antalyakorfez.com<\/p>","protected":false},"excerpt":{"rendered":"<p>Antalya&#8217;n\u0131n Serik il\u00e7esinde ya\u015fayan \u015eehit Jandarma Er Bar\u0131\u015f Akkabak&#8217;\u0131n anneannesi Havva Akkabak&#8217;\u0131n ikamet etti\u011fi evin tamir, bak\u0131m ve temizli\u011fi yap\u0131ld\u0131. Serik Kaymakam\u0131 Cemal \u015eahin&#8217;in talimatlar\u0131yla sabah erken saatte eve giden g\u00f6revliler \u015fehidin anneannesi Havva Akkabak ile bir s\u00fcre sohbet etti. G\u00dcVENL\u0130\u011e\u0130M\u0130Z\u0130 ONLARA BOR\u00c7LUYUZ Daha sonra g\u00f6revliler Havva Akkabak&#8217;\u0131n evini ba\u015ftan a\u015fa\u011f\u0131 elden ge\u00e7irip, tamir, bak\u0131m ve temizlik i\u015flemlerini ger\u00e7ekle\u015ftirdi. Havva Akkabak evinde yap\u0131lan i\u015flemler i\u00e7in Kaymakam Dr. Cemal \u015eahin ve eme\u011fi ge\u00e7enlere te\u015fekk\u00fcr etti. Kaymakam Cemal \u015eahin, &#8220;Bug\u00fcn sa\u011fl\u0131k ve s\u0131hhat i\u00e7erisinde, h\u00fcr, korkusuz ve ba\u015f\u0131 dik olarak bu \u015fanl\u0131 bayra\u011f\u0131n g\u00f6lgesinde ya\u015f\u0131yorsak bu durumu \u015fehitlerimize ve gazilerimize bor\u00e7luyuz. \u015eehitlerimizin aileleri i\u00e7in, gazilerimiz i\u00e7in bizler ne fedakarl\u0131k yaparsak yapal\u0131m azd\u0131r. Ancak gelene\u011fimiz, dinimiz, tarihimiz en k\u0131ymetli emanet olarak \u015fehitlerimizin bize b\u0131rakt\u0131\u011f\u0131 emanetleri ve gazilerimizi g\u00f6rmektedir\u201d dedi. EV\u0130NE BAKIM YAPILDI \u015eahin konu\u015fmas\u0131n\u0131n devam\u0131nda, \u201cBu vesileyle 2015 y\u0131l\u0131nda \u015fehit edilen Jandarma Komando Er Bar\u0131\u015f Akkabak&#8217;\u0131n il\u00e7emizde ikamet eden anneannesi Havva Akkabak&#8217;\u0131n hanesinin kaymakaml\u0131\u011f\u0131m\u0131z\u0131n ilgili kurumlar\u0131 taraf\u0131ndan tamir, bak\u0131m ve temizli\u011fi yap\u0131ld\u0131. \u00dclkenin gelece\u011fi i\u00e7in g\u00f6\u011fs\u00fcn\u00fc siper eden \u015fehitlerimizin aileleri her zaman emanetimiz ve emanetlerimizin her zaman yan\u0131nday\u0131z&#8221; diye konu\u015ftu. \u200bSerik Kaymakam\u0131 Cemal \u015eahin&#8217;in talimat\u0131yla il\u00e7ede ya\u015fayan \u015eehit Jandarma Er Bar\u0131\u015f Akkabak&#8217;\u0131n anneannesi Havva Akkabak&#8217;\u0131n evine bak\u0131m yap\u0131ld\u0131\u00a0 \u200bHaberin Al\u0131nt\u0131land\u0131\u011f\u0131 Kaynak: www.antalyakorfez.com<\/p>","protected":false},"author":0,"featured_media":0,"comment_status":"open","ping_status":"open","sticky":false,"template":"","format":"standard","meta":{"_acf_changed":false,"footnotes":""},"categories":[24,535],"tags":[],"class_list":["post-15915","post","type-post","status-publish","format-standard","has-post-thumbnail","hentry","category-gundem","category-uncategorized-tr"],"acf":[],"yoast_head":"<!-- This site is optimized with the Yoast SEO Premium plugin v26.6 (Yoast SEO v27.1.1) - https:\/\/yoast.com\/product\/yoast-seo-premium-wordpress\/ -->\n<title>Antalyal\u0131 \u015fehidin anneannesinin evine bak\u0131m - Av. Deniz Can K\u0131z\u0131l<\/title>\n<meta name=\"robots\" content=\"index, follow, max-snippet:-1, max-image-preview:large, max-video-preview:-1\" \/>\n<link rel=\"canonical\" href=\"https:\/\/denizcankizil.tr\/uk\/haberler\/gundem\/antalyali-sehidin-anneannesinin-evine-bakim\/\" \/>\n<meta property=\"og:locale\" content=\"uk_UA\" \/>\n<meta property=\"og:type\" content=\"article\" \/>\n<meta property=\"og:title\" content=\"Antalyal\u0131 \u015fehidin anneannesinin evine bak\u0131m\" \/>\n<meta property=\"og:description\" content=\"Antalya&#8217;n\u0131n Serik il\u00e7esinde ya\u015fayan \u015eehit Jandarma Er Bar\u0131\u015f Akkabak&#8217;\u0131n anneannesi Havva Akkabak&#8217;\u0131n ikamet etti\u011fi evin tamir, bak\u0131m ve temizli\u011fi yap\u0131ld\u0131. Serik Kaymakam\u0131 Cemal \u015eahin&#8217;in talimatlar\u0131yla sabah erken saatte eve giden g\u00f6revliler \u015fehidin anneannesi Havva Akkabak ile bir s\u00fcre sohbet etti. G\u00dcVENL\u0130\u011e\u0130M\u0130Z\u0130 ONLARA BOR\u00c7LUYUZ Daha sonra g\u00f6revliler Havva Akkabak&#8217;\u0131n evini ba\u015ftan a\u015fa\u011f\u0131 elden ge\u00e7irip, tamir, bak\u0131m ve temizlik i\u015flemlerini ger\u00e7ekle\u015ftirdi. Havva Akkabak evinde yap\u0131lan i\u015flemler i\u00e7in Kaymakam Dr. Cemal \u015eahin ve eme\u011fi ge\u00e7enlere te\u015fekk\u00fcr etti. Kaymakam Cemal \u015eahin, &#8220;Bug\u00fcn sa\u011fl\u0131k ve s\u0131hhat i\u00e7erisinde, h\u00fcr, korkusuz ve ba\u015f\u0131 dik olarak bu \u015fanl\u0131 bayra\u011f\u0131n g\u00f6lgesinde ya\u015f\u0131yorsak bu durumu \u015fehitlerimize ve gazilerimize bor\u00e7luyuz. \u015eehitlerimizin aileleri i\u00e7in, gazilerimiz i\u00e7in bizler ne fedakarl\u0131k yaparsak yapal\u0131m azd\u0131r. Ancak gelene\u011fimiz, dinimiz, tarihimiz en k\u0131ymetli emanet olarak \u015fehitlerimizin bize b\u0131rakt\u0131\u011f\u0131 emanetleri ve gazilerimizi g\u00f6rmektedir\u201d dedi. EV\u0130NE BAKIM YAPILDI \u015eahin konu\u015fmas\u0131n\u0131n devam\u0131nda, \u201cBu vesileyle 2015 y\u0131l\u0131nda \u015fehit edilen Jandarma Komando Er Bar\u0131\u015f Akkabak&#8217;\u0131n il\u00e7emizde ikamet eden anneannesi Havva Akkabak&#8217;\u0131n hanesinin kaymakaml\u0131\u011f\u0131m\u0131z\u0131n ilgili kurumlar\u0131 taraf\u0131ndan tamir, bak\u0131m ve temizli\u011fi yap\u0131ld\u0131. \u00dclkenin gelece\u011fi i\u00e7in g\u00f6\u011fs\u00fcn\u00fc siper eden \u015fehitlerimizin aileleri her zaman emanetimiz ve emanetlerimizin her zaman yan\u0131nday\u0131z&#8221; diye konu\u015ftu. \u200bSerik Kaymakam\u0131 Cemal \u015eahin&#8217;in talimat\u0131yla il\u00e7ede ya\u015fayan \u015eehit Jandarma Er Bar\u0131\u015f Akkabak&#8217;\u0131n anneannesi Havva Akkabak&#8217;\u0131n evine bak\u0131m yap\u0131ld\u0131\u00a0 \u200bHaberin Al\u0131nt\u0131land\u0131\u011f\u0131 Kaynak: www.antalyakorfez.com\" \/>\n<meta property=\"og:url\" content=\"https:\/\/denizcankizil.tr\/uk\/haberler\/gundem\/antalyali-sehidin-anneannesinin-evine-bakim\/\" \/>\n<meta property=\"og:site_name\" content=\"Av. Deniz Can K\u0131z\u0131l\" \/>\n<meta property=\"article:published_time\" content=\"2024-11-14T15:43:43+00:00\" \/>\n<meta name=\"twitter:card\" content=\"summary_large_image\" \/>\n<meta name=\"twitter:label1\" content=\"\u041f\u0440\u0438\u0431\u043b. \u0447\u0430\u0441 \u0447\u0438\u0442\u0430\u043d\u043d\u044f\" \/>\n\t<meta name=\"twitter:data1\" content=\"1 \u0445\u0432\u0438\u043b\u0438\u043d\u0430\" \/>\n<script type=\"application\/ld+json\" class=\"yoast-schema-graph\">{\"@context\":\"https:\/\/schema.org\",\"@graph\":[{\"@type\":\"Article\",\"@id\":\"https:\/\/denizcankizil.tr\/uk\/haberler\/gundem\/antalyali-sehidin-anneannesinin-evine-bakim\/#article\",\"isPartOf\":{\"@id\":\"https:\/\/denizcankizil.tr\/uk\/haberler\/gundem\/antalyali-sehidin-anneannesinin-evine-bakim\/\"},\"author\":{\"name\":\"\",\"@id\":\"\"},\"headline\":\"Antalyal\u0131 \u015fehidin anneannesinin evine bak\u0131m\",\"datePublished\":\"2024-11-14T15:43:43+00:00\",\"mainEntityOfPage\":{\"@id\":\"https:\/\/denizcankizil.tr\/uk\/haberler\/gundem\/antalyali-sehidin-anneannesinin-evine-bakim\/\"},\"wordCount\":293,\"commentCount\":0,\"publisher\":{\"@id\":\"https:\/\/denizcankizil.tr\/de\/#organization\"},\"articleSection\":[\"G\u00fcndem\",\"Uncategorized\"],\"inLanguage\":\"uk\",\"potentialAction\":[{\"@type\":\"CommentAction\",\"name\":\"Comment\",\"target\":[\"https:\/\/denizcankizil.tr\/uk\/haberler\/gundem\/antalyali-sehidin-anneannesinin-evine-bakim\/#respond\"]}]},{\"@type\":\"WebPage\",\"@id\":\"https:\/\/denizcankizil.tr\/uk\/haberler\/gundem\/antalyali-sehidin-anneannesinin-evine-bakim\/\",\"url\":\"https:\/\/denizcankizil.tr\/uk\/haberler\/gundem\/antalyali-sehidin-anneannesinin-evine-bakim\/\",\"name\":\"Antalyal\u0131 \u015fehidin anneannesinin evine bak\u0131m - Av. Deniz Can K\u0131z\u0131l\",\"isPartOf\":{\"@id\":\"https:\/\/denizcankizil.tr\/de\/#website\"},\"datePublished\":\"2024-11-14T15:43:43+00:00\",\"breadcrumb\":{\"@id\":\"https:\/\/denizcankizil.tr\/uk\/haberler\/gundem\/antalyali-sehidin-anneannesinin-evine-bakim\/#breadcrumb\"},\"inLanguage\":\"uk\",\"potentialAction\":[{\"@type\":\"ReadAction\",\"target\":[\"https:\/\/denizcankizil.tr\/uk\/haberler\/gundem\/antalyali-sehidin-anneannesinin-evine-bakim\/\"]}]},{\"@type\":\"BreadcrumbList\",\"@id\":\"https:\/\/denizcankizil.tr\/uk\/haberler\/gundem\/antalyali-sehidin-anneannesinin-evine-bakim\/#breadcrumb\",\"itemListElement\":[{\"@type\":\"ListItem\",\"position\":1,\"name\":\"Home\",\"item\":\"https:\/\/denizcankizil.tr\/de\/\"},{\"@type\":\"ListItem\",\"position\":2,\"name\":\"Antalyal\u0131 \u015fehidin anneannesinin evine bak\u0131m\"}]},{\"@type\":\"WebSite\",\"@id\":\"https:\/\/denizcankizil.tr\/de\/#website\",\"url\":\"https:\/\/denizcankizil.tr\/de\/\",\"name\":\"Av. Deniz Can K\u0131z\u0131l\",\"description\":\"Avukat Deniz Can K\u0131z\u0131l Antalya Barosu\",\"publisher\":{\"@id\":\"https:\/\/denizcankizil.tr\/de\/#organization\"},\"potentialAction\":[{\"@type\":\"SearchAction\",\"target\":{\"@type\":\"EntryPoint\",\"urlTemplate\":\"https:\/\/denizcankizil.tr\/de\/?s={search_term_string}\"},\"query-input\":{\"@type\":\"PropertyValueSpecification\",\"valueRequired\":true,\"valueName\":\"search_term_string\"}}],\"inLanguage\":\"uk\"},{\"@type\":\"Organization\",\"@id\":\"https:\/\/denizcankizil.tr\/de\/#organization\",\"name\":\"Av. Deniz Can K\u0131z\u0131l\",\"url\":\"https:\/\/denizcankizil.tr\/de\/\",\"logo\":{\"@type\":\"ImageObject\",\"inLanguage\":\"uk\",\"@id\":\"https:\/\/denizcankizil.tr\/de\/#\/schema\/logo\/image\/\",\"url\":\"https:\/\/denizcankizil.tr\/wp-content\/uploads\/2024\/10\/siyah-logo-svg.svg\",\"contentUrl\":\"https:\/\/denizcankizil.tr\/wp-content\/uploads\/2024\/10\/siyah-logo-svg.svg\",\"width\":1080,\"height\":1080,\"caption\":\"Av. Deniz Can K\u0131z\u0131l\"},\"image\":{\"@id\":\"https:\/\/denizcankizil.tr\/de\/#\/schema\/logo\/image\/\"}}]}<\/script>\n<!-- \/ Yoast SEO Premium plugin. -->","yoast_head_json":{"title":"Antalyal\u0131 \u015fehidin anneannesinin evine bak\u0131m - Av. Deniz Can K\u0131z\u0131l","robots":{"index":"index","follow":"follow","max-snippet":"max-snippet:-1","max-image-preview":"max-image-preview:large","max-video-preview":"max-video-preview:-1"},"canonical":"https:\/\/denizcankizil.tr\/uk\/haberler\/gundem\/antalyali-sehidin-anneannesinin-evine-bakim\/","og_locale":"uk_UA","og_type":"article","og_title":"Antalyal\u0131 \u015fehidin anneannesinin evine bak\u0131m","og_description":"Antalya&#8217;n\u0131n Serik il\u00e7esinde ya\u015fayan \u015eehit Jandarma Er Bar\u0131\u015f Akkabak&#8217;\u0131n anneannesi Havva Akkabak&#8217;\u0131n ikamet etti\u011fi evin tamir, bak\u0131m ve temizli\u011fi yap\u0131ld\u0131. Serik Kaymakam\u0131 Cemal \u015eahin&#8217;in talimatlar\u0131yla sabah erken saatte eve giden g\u00f6revliler \u015fehidin anneannesi Havva Akkabak ile bir s\u00fcre sohbet etti. G\u00dcVENL\u0130\u011e\u0130M\u0130Z\u0130 ONLARA BOR\u00c7LUYUZ Daha sonra g\u00f6revliler Havva Akkabak&#8217;\u0131n evini ba\u015ftan a\u015fa\u011f\u0131 elden ge\u00e7irip, tamir, bak\u0131m ve temizlik i\u015flemlerini ger\u00e7ekle\u015ftirdi. Havva Akkabak evinde yap\u0131lan i\u015flemler i\u00e7in Kaymakam Dr. Cemal \u015eahin ve eme\u011fi ge\u00e7enlere te\u015fekk\u00fcr etti. Kaymakam Cemal \u015eahin, &#8220;Bug\u00fcn sa\u011fl\u0131k ve s\u0131hhat i\u00e7erisinde, h\u00fcr, korkusuz ve ba\u015f\u0131 dik olarak bu \u015fanl\u0131 bayra\u011f\u0131n g\u00f6lgesinde ya\u015f\u0131yorsak bu durumu \u015fehitlerimize ve gazilerimize bor\u00e7luyuz. \u015eehitlerimizin aileleri i\u00e7in, gazilerimiz i\u00e7in bizler ne fedakarl\u0131k yaparsak yapal\u0131m azd\u0131r. Ancak gelene\u011fimiz, dinimiz, tarihimiz en k\u0131ymetli emanet olarak \u015fehitlerimizin bize b\u0131rakt\u0131\u011f\u0131 emanetleri ve gazilerimizi g\u00f6rmektedir\u201d dedi. EV\u0130NE BAKIM YAPILDI \u015eahin konu\u015fmas\u0131n\u0131n devam\u0131nda, \u201cBu vesileyle 2015 y\u0131l\u0131nda \u015fehit edilen Jandarma Komando Er Bar\u0131\u015f Akkabak&#8217;\u0131n il\u00e7emizde ikamet eden anneannesi Havva Akkabak&#8217;\u0131n hanesinin kaymakaml\u0131\u011f\u0131m\u0131z\u0131n ilgili kurumlar\u0131 taraf\u0131ndan tamir, bak\u0131m ve temizli\u011fi yap\u0131ld\u0131. \u00dclkenin gelece\u011fi i\u00e7in g\u00f6\u011fs\u00fcn\u00fc siper eden \u015fehitlerimizin aileleri her zaman emanetimiz ve emanetlerimizin her zaman yan\u0131nday\u0131z&#8221; diye konu\u015ftu. \u200bSerik Kaymakam\u0131 Cemal \u015eahin&#8217;in talimat\u0131yla il\u00e7ede ya\u015fayan \u015eehit Jandarma Er Bar\u0131\u015f Akkabak&#8217;\u0131n anneannesi Havva Akkabak&#8217;\u0131n evine bak\u0131m yap\u0131ld\u0131\u00a0 \u200bHaberin Al\u0131nt\u0131land\u0131\u011f\u0131 Kaynak: www.antalyakorfez.com","og_url":"https:\/\/denizcankizil.tr\/uk\/haberler\/gundem\/antalyali-sehidin-anneannesinin-evine-bakim\/","og_site_name":"Av. Deniz Can K\u0131z\u0131l","article_published_time":"2024-11-14T15:43:43+00:00","twitter_card":"summary_large_image","twitter_misc":{"\u041f\u0440\u0438\u0431\u043b. \u0447\u0430\u0441 \u0447\u0438\u0442\u0430\u043d\u043d\u044f":"1 \u0445\u0432\u0438\u043b\u0438\u043d\u0430"},"schema":{"@context":"https:\/\/schema.org","@graph":[{"@type":"Article","@id":"https:\/\/denizcankizil.tr\/uk\/haberler\/gundem\/antalyali-sehidin-anneannesinin-evine-bakim\/#article","isPartOf":{"@id":"https:\/\/denizcankizil.tr\/uk\/haberler\/gundem\/antalyali-sehidin-anneannesinin-evine-bakim\/"},"author":{"name":"","@id":""},"headline":"Antalyal\u0131 \u015fehidin anneannesinin evine bak\u0131m","datePublished":"2024-11-14T15:43:43+00:00","mainEntityOfPage":{"@id":"https:\/\/denizcankizil.tr\/uk\/haberler\/gundem\/antalyali-sehidin-anneannesinin-evine-bakim\/"},"wordCount":293,"commentCount":0,"publisher":{"@id":"https:\/\/denizcankizil.tr\/de\/#organization"},"articleSection":["G\u00fcndem","Uncategorized"],"inLanguage":"uk","potentialAction":[{"@type":"CommentAction","name":"Comment","target":["https:\/\/denizcankizil.tr\/uk\/haberler\/gundem\/antalyali-sehidin-anneannesinin-evine-bakim\/#respond"]}]},{"@type":"WebPage","@id":"https:\/\/denizcankizil.tr\/uk\/haberler\/gundem\/antalyali-sehidin-anneannesinin-evine-bakim\/","url":"https:\/\/denizcankizil.tr\/uk\/haberler\/gundem\/antalyali-sehidin-anneannesinin-evine-bakim\/","name":"Antalyal\u0131 \u015fehidin anneannesinin evine bak\u0131m - Av. Deniz Can K\u0131z\u0131l","isPartOf":{"@id":"https:\/\/denizcankizil.tr\/de\/#website"},"datePublished":"2024-11-14T15:43:43+00:00","breadcrumb":{"@id":"https:\/\/denizcankizil.tr\/uk\/haberler\/gundem\/antalyali-sehidin-anneannesinin-evine-bakim\/#breadcrumb"},"inLanguage":"uk","potentialAction":[{"@type":"ReadAction","target":["https:\/\/denizcankizil.tr\/uk\/haberler\/gundem\/antalyali-sehidin-anneannesinin-evine-bakim\/"]}]},{"@type":"BreadcrumbList","@id":"https:\/\/denizcankizil.tr\/uk\/haberler\/gundem\/antalyali-sehidin-anneannesinin-evine-bakim\/#breadcrumb","itemListElement":[{"@type":"ListItem","position":1,"name":"Home","item":"https:\/\/denizcankizil.tr\/de\/"},{"@type":"ListItem","position":2,"name":"Antalyal\u0131 \u015fehidin anneannesinin evine bak\u0131m"}]},{"@type":"WebSite","@id":"https:\/\/denizcankizil.tr\/de\/#website","url":"https:\/\/denizcankizil.tr\/de\/","name":"Av. Deniz Can K\u0131z\u0131l","description":"Avukat Deniz Can K\u0131z\u0131l Antalya Barosu","publisher":{"@id":"https:\/\/denizcankizil.tr\/de\/#organization"},"potentialAction":[{"@type":"SearchAction","target":{"@type":"EntryPoint","urlTemplate":"https:\/\/denizcankizil.tr\/de\/?s={search_term_string}"},"query-input":{"@type":"PropertyValueSpecification","valueRequired":true,"valueName":"search_term_string"}}],"inLanguage":"uk"},{"@type":"Organization","@id":"https:\/\/denizcankizil.tr\/de\/#organization","name":"Av. Deniz Can K\u0131z\u0131l","url":"https:\/\/denizcankizil.tr\/de\/","logo":{"@type":"ImageObject","inLanguage":"uk","@id":"https:\/\/denizcankizil.tr\/de\/#\/schema\/logo\/image\/","url":"https:\/\/denizcankizil.tr\/wp-content\/uploads\/2024\/10\/siyah-logo-svg.svg","contentUrl":"https:\/\/denizcankizil.tr\/wp-content\/uploads\/2024\/10\/siyah-logo-svg.svg","width":1080,"height":1080,"caption":"Av. Deniz Can K\u0131z\u0131l"},"image":{"@id":"https:\/\/denizcankizil.tr\/de\/#\/schema\/logo\/image\/"}}]}},"_links":{"self":[{"href":"https:\/\/denizcankizil.tr\/uk\/wp-json\/wp\/v2\/posts\/15915","targetHints":{"allow":["GET"]}}],"collection":[{"href":"https:\/\/denizcankizil.tr\/uk\/wp-json\/wp\/v2\/posts"}],"about":[{"href":"https:\/\/denizcankizil.tr\/uk\/wp-json\/wp\/v2\/types\/post"}],"replies":[{"embeddable":true,"href":"https:\/\/denizcankizil.tr\/uk\/wp-json\/wp\/v2\/comments?post=15915"}],"version-history":[{"count":0,"href":"https:\/\/denizcankizil.tr\/uk\/wp-json\/wp\/v2\/posts\/15915\/revisions"}],"wp:attachment":[{"href":"https:\/\/denizcankizil.tr\/uk\/wp-json\/wp\/v2\/media?parent=15915"}],"wp:term":[{"taxonomy":"category","embeddable":true,"href":"https:\/\/denizcankizil.tr\/uk\/wp-json\/wp\/v2\/categories?post=15915"},{"taxonomy":"post_tag","embeddable":true,"href":"https:\/\/denizcankizil.tr\/uk\/wp-json\/wp\/v2\/tags?post=15915"}],"curies":[{"name":"wp","href":"https:\/\/api.w.org\/{rel}","templated":true}]}}