{"id":15717,"date":"2024-11-13T09:41:59","date_gmt":"2024-11-13T06:41:59","guid":{"rendered":"https:\/\/denizcankizil.tr\/uncategorized-tr\/ilk-tirin-muhurlenmesi-vali-aygolden\/"},"modified":"2024-11-13T09:41:59","modified_gmt":"2024-11-13T06:41:59","slug":"ilk-tirin-muhurlenmesi-vali-aygolden","status":"publish","type":"post","link":"https:\/\/denizcankizil.tr\/uk\/haberler\/gundem\/ilk-tirin-muhurlenmesi-vali-aygolden\/","title":{"rendered":"\u0130lk t\u0131r\u0131n m\u00fch\u00fcrlenmesi Vali Ayg\u00f6l\u2019den!"},"content":{"rendered":"<p>Bilecik\u2019te yeni g\u00fcmr\u00fckleme alan\u0131 t\u00f6renle hizmete a\u00e7\u0131ld\u0131.Pazaryeri G\u00fcndem \/ B\u0130LEC\u0130K (\u0130GFA) &#8211;\u00a0 Bilecik\u2019in Boz\u00fcy\u00fck il\u00e7esinde kurulan G\u00fcmr\u00fck M\u00fcd\u00fcrl\u00fc\u011f\u00fc\u2019n\u00fcn g\u00fcmr\u00fckleme i\u015flemlerini ger\u00e7ekle\u015ftirebilmesi amac\u0131yla ihtiya\u00e7 duydu\u011fu t\u0131r park\u0131 ve g\u00fcmr\u00fck kantar\u0131, Bilecik \u0130l \u00d6zel \u0130daresi taraf\u0131ndan in\u015fa edilerek hizmete a\u00e7\u0131ld\u0131.<br \/>\nBilecik \u0130l \u00d6zel \u0130daresi\u2019nin Boz\u00fcy\u00fck-Pazaryeri \u015eantiyesi alan\u0131nda yer alan ve 80 ton kapasiteye sahip kantar, g\u00fcmr\u00fcklenecek ara\u00e7lar\u0131n a\u011f\u0131rl\u0131k \u00f6l\u00e7\u00fcm i\u015flemlerini yapabilecek.<br \/>\nAlan, detayl\u0131 g\u00fcvenlik izleme sistemi ve elektronik kap\u0131larla donat\u0131larak g\u00fcmr\u00fck standartlar\u0131na uygun hale getirildi. Tesis, g\u00fcmr\u00fckleme i\u015flemlerinin daha h\u0131zl\u0131, g\u00fcvenli ve d\u00fczenli bir \u015fekilde y\u00fcr\u00fct\u00fclmesini sa\u011flayacak.<\/p>\n<p>Bilecik Valisi \u015eefik Ayg\u00f6l, yeni g\u00fcmr\u00fckleme alan\u0131n\u0131 ziyaret ederek incelemelerde bulundu ve ilk t\u0131r\u0131n m\u00fch\u00fcrleme i\u015flemini ger\u00e7ekle\u015ftirerek \u015fehrimize hay\u0131rl\u0131 olmas\u0131 temennisinde bulundu.<br \/>\nYeni g\u00fcmr\u00fckleme alan\u0131, Bilecik ve \u00e7evresindeki ticaret faaliyetlerine \u00f6nemli katk\u0131lar sunmas\u0131 bekleniyor.<\/p>\n<p>\u200bBilecik\u2019te yeni g\u00fcmr\u00fckleme alan\u0131 t\u00f6renle hizmete a\u00e7\u0131ld\u0131\u00a0<\/p>\n<p>\u200bHaberin Al\u0131nt\u0131land\u0131\u011f\u0131 Kaynak: www.iskenderun.org<\/p>","protected":false},"excerpt":{"rendered":"<p>Bilecik\u2019te yeni g\u00fcmr\u00fckleme alan\u0131 t\u00f6renle hizmete a\u00e7\u0131ld\u0131.Pazaryeri G\u00fcndem \/ B\u0130LEC\u0130K (\u0130GFA) &#8211;\u00a0 Bilecik\u2019in Boz\u00fcy\u00fck il\u00e7esinde kurulan G\u00fcmr\u00fck M\u00fcd\u00fcrl\u00fc\u011f\u00fc\u2019n\u00fcn g\u00fcmr\u00fckleme i\u015flemlerini ger\u00e7ekle\u015ftirebilmesi amac\u0131yla ihtiya\u00e7 duydu\u011fu t\u0131r park\u0131 ve g\u00fcmr\u00fck kantar\u0131, Bilecik \u0130l \u00d6zel \u0130daresi taraf\u0131ndan in\u015fa edilerek hizmete a\u00e7\u0131ld\u0131. Bilecik \u0130l \u00d6zel \u0130daresi\u2019nin Boz\u00fcy\u00fck-Pazaryeri \u015eantiyesi alan\u0131nda yer alan ve 80 ton kapasiteye sahip kantar, g\u00fcmr\u00fcklenecek ara\u00e7lar\u0131n a\u011f\u0131rl\u0131k \u00f6l\u00e7\u00fcm i\u015flemlerini yapabilecek. Alan, detayl\u0131 g\u00fcvenlik izleme sistemi ve elektronik kap\u0131larla donat\u0131larak g\u00fcmr\u00fck standartlar\u0131na uygun hale getirildi. Tesis, g\u00fcmr\u00fckleme i\u015flemlerinin daha h\u0131zl\u0131, g\u00fcvenli ve d\u00fczenli bir \u015fekilde y\u00fcr\u00fct\u00fclmesini sa\u011flayacak. Bilecik Valisi \u015eefik Ayg\u00f6l, yeni g\u00fcmr\u00fckleme alan\u0131n\u0131 ziyaret ederek incelemelerde bulundu ve ilk t\u0131r\u0131n m\u00fch\u00fcrleme i\u015flemini ger\u00e7ekle\u015ftirerek \u015fehrimize hay\u0131rl\u0131 olmas\u0131 temennisinde bulundu. Yeni g\u00fcmr\u00fckleme alan\u0131, Bilecik ve \u00e7evresindeki ticaret faaliyetlerine \u00f6nemli katk\u0131lar sunmas\u0131 bekleniyor. \u200bBilecik\u2019te yeni g\u00fcmr\u00fckleme alan\u0131 t\u00f6renle hizmete a\u00e7\u0131ld\u0131\u00a0 \u200bHaberin Al\u0131nt\u0131land\u0131\u011f\u0131 Kaynak: www.iskenderun.org<\/p>","protected":false},"author":0,"featured_media":0,"comment_status":"open","ping_status":"open","sticky":false,"template":"","format":"standard","meta":{"_acf_changed":false,"footnotes":""},"categories":[24,535],"tags":[],"class_list":["post-15717","post","type-post","status-publish","format-standard","has-post-thumbnail","hentry","category-gundem","category-uncategorized-tr"],"acf":[],"yoast_head":"<!-- This site is optimized with the Yoast SEO Premium plugin v26.6 (Yoast SEO v27.1.1) - https:\/\/yoast.com\/product\/yoast-seo-premium-wordpress\/ -->\n<title>\u0130lk t\u0131r\u0131n m\u00fch\u00fcrlenmesi Vali Ayg\u00f6l\u2019den! - Av. Deniz Can K\u0131z\u0131l<\/title>\n<meta name=\"robots\" content=\"index, follow, max-snippet:-1, max-image-preview:large, max-video-preview:-1\" \/>\n<link rel=\"canonical\" href=\"https:\/\/denizcankizil.tr\/uk\/haberler\/gundem\/ilk-tirin-muhurlenmesi-vali-aygolden\/\" \/>\n<meta property=\"og:locale\" content=\"uk_UA\" \/>\n<meta property=\"og:type\" content=\"article\" \/>\n<meta property=\"og:title\" content=\"\u0130lk t\u0131r\u0131n m\u00fch\u00fcrlenmesi Vali Ayg\u00f6l\u2019den!\" \/>\n<meta property=\"og:description\" content=\"Bilecik\u2019te yeni g\u00fcmr\u00fckleme alan\u0131 t\u00f6renle hizmete a\u00e7\u0131ld\u0131.Pazaryeri G\u00fcndem \/ B\u0130LEC\u0130K (\u0130GFA) &#8211;\u00a0 Bilecik\u2019in Boz\u00fcy\u00fck il\u00e7esinde kurulan G\u00fcmr\u00fck M\u00fcd\u00fcrl\u00fc\u011f\u00fc\u2019n\u00fcn g\u00fcmr\u00fckleme i\u015flemlerini ger\u00e7ekle\u015ftirebilmesi amac\u0131yla ihtiya\u00e7 duydu\u011fu t\u0131r park\u0131 ve g\u00fcmr\u00fck kantar\u0131, Bilecik \u0130l \u00d6zel \u0130daresi taraf\u0131ndan in\u015fa edilerek hizmete a\u00e7\u0131ld\u0131. Bilecik \u0130l \u00d6zel \u0130daresi\u2019nin Boz\u00fcy\u00fck-Pazaryeri \u015eantiyesi alan\u0131nda yer alan ve 80 ton kapasiteye sahip kantar, g\u00fcmr\u00fcklenecek ara\u00e7lar\u0131n a\u011f\u0131rl\u0131k \u00f6l\u00e7\u00fcm i\u015flemlerini yapabilecek. Alan, detayl\u0131 g\u00fcvenlik izleme sistemi ve elektronik kap\u0131larla donat\u0131larak g\u00fcmr\u00fck standartlar\u0131na uygun hale getirildi. Tesis, g\u00fcmr\u00fckleme i\u015flemlerinin daha h\u0131zl\u0131, g\u00fcvenli ve d\u00fczenli bir \u015fekilde y\u00fcr\u00fct\u00fclmesini sa\u011flayacak. Bilecik Valisi \u015eefik Ayg\u00f6l, yeni g\u00fcmr\u00fckleme alan\u0131n\u0131 ziyaret ederek incelemelerde bulundu ve ilk t\u0131r\u0131n m\u00fch\u00fcrleme i\u015flemini ger\u00e7ekle\u015ftirerek \u015fehrimize hay\u0131rl\u0131 olmas\u0131 temennisinde bulundu. Yeni g\u00fcmr\u00fckleme alan\u0131, Bilecik ve \u00e7evresindeki ticaret faaliyetlerine \u00f6nemli katk\u0131lar sunmas\u0131 bekleniyor. \u200bBilecik\u2019te yeni g\u00fcmr\u00fckleme alan\u0131 t\u00f6renle hizmete a\u00e7\u0131ld\u0131\u00a0 \u200bHaberin Al\u0131nt\u0131land\u0131\u011f\u0131 Kaynak: www.iskenderun.org\" \/>\n<meta property=\"og:url\" content=\"https:\/\/denizcankizil.tr\/uk\/haberler\/gundem\/ilk-tirin-muhurlenmesi-vali-aygolden\/\" \/>\n<meta property=\"og:site_name\" content=\"Av. Deniz Can K\u0131z\u0131l\" \/>\n<meta property=\"article:published_time\" content=\"2024-11-13T06:41:59+00:00\" \/>\n<meta name=\"twitter:card\" content=\"summary_large_image\" \/>\n<meta name=\"twitter:label1\" content=\"\u041f\u0440\u0438\u0431\u043b. \u0447\u0430\u0441 \u0447\u0438\u0442\u0430\u043d\u043d\u044f\" \/>\n\t<meta name=\"twitter:data1\" content=\"1 \u0445\u0432\u0438\u043b\u0438\u043d\u0430\" \/>\n<script type=\"application\/ld+json\" class=\"yoast-schema-graph\">{\"@context\":\"https:\/\/schema.org\",\"@graph\":[{\"@type\":\"Article\",\"@id\":\"https:\/\/denizcankizil.tr\/de\/haberler\/gundem\/ilk-tirin-muhurlenmesi-vali-aygolden\/#article\",\"isPartOf\":{\"@id\":\"https:\/\/denizcankizil.tr\/de\/haberler\/gundem\/ilk-tirin-muhurlenmesi-vali-aygolden\/\"},\"author\":{\"name\":\"\",\"@id\":\"\"},\"headline\":\"\u0130lk t\u0131r\u0131n m\u00fch\u00fcrlenmesi Vali Ayg\u00f6l\u2019den!\",\"datePublished\":\"2024-11-13T06:41:59+00:00\",\"mainEntityOfPage\":{\"@id\":\"https:\/\/denizcankizil.tr\/de\/haberler\/gundem\/ilk-tirin-muhurlenmesi-vali-aygolden\/\"},\"wordCount\":223,\"commentCount\":0,\"publisher\":{\"@id\":\"https:\/\/denizcankizil.tr\/de\/#organization\"},\"articleSection\":[\"G\u00fcndem\",\"Uncategorized\"],\"inLanguage\":\"uk\",\"potentialAction\":[{\"@type\":\"CommentAction\",\"name\":\"Comment\",\"target\":[\"https:\/\/denizcankizil.tr\/de\/haberler\/gundem\/ilk-tirin-muhurlenmesi-vali-aygolden\/#respond\"]}]},{\"@type\":\"WebPage\",\"@id\":\"https:\/\/denizcankizil.tr\/de\/haberler\/gundem\/ilk-tirin-muhurlenmesi-vali-aygolden\/\",\"url\":\"https:\/\/denizcankizil.tr\/de\/haberler\/gundem\/ilk-tirin-muhurlenmesi-vali-aygolden\/\",\"name\":\"\u0130lk t\u0131r\u0131n m\u00fch\u00fcrlenmesi Vali Ayg\u00f6l\u2019den! - Av. Deniz Can K\u0131z\u0131l\",\"isPartOf\":{\"@id\":\"https:\/\/denizcankizil.tr\/de\/#website\"},\"datePublished\":\"2024-11-13T06:41:59+00:00\",\"breadcrumb\":{\"@id\":\"https:\/\/denizcankizil.tr\/de\/haberler\/gundem\/ilk-tirin-muhurlenmesi-vali-aygolden\/#breadcrumb\"},\"inLanguage\":\"uk\",\"potentialAction\":[{\"@type\":\"ReadAction\",\"target\":[\"https:\/\/denizcankizil.tr\/de\/haberler\/gundem\/ilk-tirin-muhurlenmesi-vali-aygolden\/\"]}]},{\"@type\":\"BreadcrumbList\",\"@id\":\"https:\/\/denizcankizil.tr\/de\/haberler\/gundem\/ilk-tirin-muhurlenmesi-vali-aygolden\/#breadcrumb\",\"itemListElement\":[{\"@type\":\"ListItem\",\"position\":1,\"name\":\"Home\",\"item\":\"https:\/\/denizcankizil.tr\/de\/\"},{\"@type\":\"ListItem\",\"position\":2,\"name\":\"\u0130lk t\u0131r\u0131n m\u00fch\u00fcrlenmesi Vali Ayg\u00f6l\u2019den!\"}]},{\"@type\":\"WebSite\",\"@id\":\"https:\/\/denizcankizil.tr\/de\/#website\",\"url\":\"https:\/\/denizcankizil.tr\/de\/\",\"name\":\"Av. Deniz Can K\u0131z\u0131l\",\"description\":\"Avukat Deniz Can K\u0131z\u0131l Antalya Barosu\",\"publisher\":{\"@id\":\"https:\/\/denizcankizil.tr\/de\/#organization\"},\"potentialAction\":[{\"@type\":\"SearchAction\",\"target\":{\"@type\":\"EntryPoint\",\"urlTemplate\":\"https:\/\/denizcankizil.tr\/de\/?s={search_term_string}\"},\"query-input\":{\"@type\":\"PropertyValueSpecification\",\"valueRequired\":true,\"valueName\":\"search_term_string\"}}],\"inLanguage\":\"uk\"},{\"@type\":\"Organization\",\"@id\":\"https:\/\/denizcankizil.tr\/de\/#organization\",\"name\":\"Av. Deniz Can K\u0131z\u0131l\",\"url\":\"https:\/\/denizcankizil.tr\/de\/\",\"logo\":{\"@type\":\"ImageObject\",\"inLanguage\":\"uk\",\"@id\":\"https:\/\/denizcankizil.tr\/de\/#\/schema\/logo\/image\/\",\"url\":\"https:\/\/denizcankizil.tr\/wp-content\/uploads\/2024\/10\/siyah-logo-svg.svg\",\"contentUrl\":\"https:\/\/denizcankizil.tr\/wp-content\/uploads\/2024\/10\/siyah-logo-svg.svg\",\"width\":1080,\"height\":1080,\"caption\":\"Av. Deniz Can K\u0131z\u0131l\"},\"image\":{\"@id\":\"https:\/\/denizcankizil.tr\/de\/#\/schema\/logo\/image\/\"}}]}<\/script>\n<!-- \/ Yoast SEO Premium plugin. -->","yoast_head_json":{"title":"\u0130lk t\u0131r\u0131n m\u00fch\u00fcrlenmesi Vali Ayg\u00f6l\u2019den! - Av. Deniz Can K\u0131z\u0131l","robots":{"index":"index","follow":"follow","max-snippet":"max-snippet:-1","max-image-preview":"max-image-preview:large","max-video-preview":"max-video-preview:-1"},"canonical":"https:\/\/denizcankizil.tr\/uk\/haberler\/gundem\/ilk-tirin-muhurlenmesi-vali-aygolden\/","og_locale":"uk_UA","og_type":"article","og_title":"\u0130lk t\u0131r\u0131n m\u00fch\u00fcrlenmesi Vali Ayg\u00f6l\u2019den!","og_description":"Bilecik\u2019te yeni g\u00fcmr\u00fckleme alan\u0131 t\u00f6renle hizmete a\u00e7\u0131ld\u0131.Pazaryeri G\u00fcndem \/ B\u0130LEC\u0130K (\u0130GFA) &#8211;\u00a0 Bilecik\u2019in Boz\u00fcy\u00fck il\u00e7esinde kurulan G\u00fcmr\u00fck M\u00fcd\u00fcrl\u00fc\u011f\u00fc\u2019n\u00fcn g\u00fcmr\u00fckleme i\u015flemlerini ger\u00e7ekle\u015ftirebilmesi amac\u0131yla ihtiya\u00e7 duydu\u011fu t\u0131r park\u0131 ve g\u00fcmr\u00fck kantar\u0131, Bilecik \u0130l \u00d6zel \u0130daresi taraf\u0131ndan in\u015fa edilerek hizmete a\u00e7\u0131ld\u0131. Bilecik \u0130l \u00d6zel \u0130daresi\u2019nin Boz\u00fcy\u00fck-Pazaryeri \u015eantiyesi alan\u0131nda yer alan ve 80 ton kapasiteye sahip kantar, g\u00fcmr\u00fcklenecek ara\u00e7lar\u0131n a\u011f\u0131rl\u0131k \u00f6l\u00e7\u00fcm i\u015flemlerini yapabilecek. Alan, detayl\u0131 g\u00fcvenlik izleme sistemi ve elektronik kap\u0131larla donat\u0131larak g\u00fcmr\u00fck standartlar\u0131na uygun hale getirildi. Tesis, g\u00fcmr\u00fckleme i\u015flemlerinin daha h\u0131zl\u0131, g\u00fcvenli ve d\u00fczenli bir \u015fekilde y\u00fcr\u00fct\u00fclmesini sa\u011flayacak. Bilecik Valisi \u015eefik Ayg\u00f6l, yeni g\u00fcmr\u00fckleme alan\u0131n\u0131 ziyaret ederek incelemelerde bulundu ve ilk t\u0131r\u0131n m\u00fch\u00fcrleme i\u015flemini ger\u00e7ekle\u015ftirerek \u015fehrimize hay\u0131rl\u0131 olmas\u0131 temennisinde bulundu. Yeni g\u00fcmr\u00fckleme alan\u0131, Bilecik ve \u00e7evresindeki ticaret faaliyetlerine \u00f6nemli katk\u0131lar sunmas\u0131 bekleniyor. \u200bBilecik\u2019te yeni g\u00fcmr\u00fckleme alan\u0131 t\u00f6renle hizmete a\u00e7\u0131ld\u0131\u00a0 \u200bHaberin Al\u0131nt\u0131land\u0131\u011f\u0131 Kaynak: www.iskenderun.org","og_url":"https:\/\/denizcankizil.tr\/uk\/haberler\/gundem\/ilk-tirin-muhurlenmesi-vali-aygolden\/","og_site_name":"Av. Deniz Can K\u0131z\u0131l","article_published_time":"2024-11-13T06:41:59+00:00","twitter_card":"summary_large_image","twitter_misc":{"\u041f\u0440\u0438\u0431\u043b. \u0447\u0430\u0441 \u0447\u0438\u0442\u0430\u043d\u043d\u044f":"1 \u0445\u0432\u0438\u043b\u0438\u043d\u0430"},"schema":{"@context":"https:\/\/schema.org","@graph":[{"@type":"Article","@id":"https:\/\/denizcankizil.tr\/de\/haberler\/gundem\/ilk-tirin-muhurlenmesi-vali-aygolden\/#article","isPartOf":{"@id":"https:\/\/denizcankizil.tr\/de\/haberler\/gundem\/ilk-tirin-muhurlenmesi-vali-aygolden\/"},"author":{"name":"","@id":""},"headline":"\u0130lk t\u0131r\u0131n m\u00fch\u00fcrlenmesi Vali Ayg\u00f6l\u2019den!","datePublished":"2024-11-13T06:41:59+00:00","mainEntityOfPage":{"@id":"https:\/\/denizcankizil.tr\/de\/haberler\/gundem\/ilk-tirin-muhurlenmesi-vali-aygolden\/"},"wordCount":223,"commentCount":0,"publisher":{"@id":"https:\/\/denizcankizil.tr\/de\/#organization"},"articleSection":["G\u00fcndem","Uncategorized"],"inLanguage":"uk","potentialAction":[{"@type":"CommentAction","name":"Comment","target":["https:\/\/denizcankizil.tr\/de\/haberler\/gundem\/ilk-tirin-muhurlenmesi-vali-aygolden\/#respond"]}]},{"@type":"WebPage","@id":"https:\/\/denizcankizil.tr\/de\/haberler\/gundem\/ilk-tirin-muhurlenmesi-vali-aygolden\/","url":"https:\/\/denizcankizil.tr\/de\/haberler\/gundem\/ilk-tirin-muhurlenmesi-vali-aygolden\/","name":"\u0130lk t\u0131r\u0131n m\u00fch\u00fcrlenmesi Vali Ayg\u00f6l\u2019den! - Av. Deniz Can K\u0131z\u0131l","isPartOf":{"@id":"https:\/\/denizcankizil.tr\/de\/#website"},"datePublished":"2024-11-13T06:41:59+00:00","breadcrumb":{"@id":"https:\/\/denizcankizil.tr\/de\/haberler\/gundem\/ilk-tirin-muhurlenmesi-vali-aygolden\/#breadcrumb"},"inLanguage":"uk","potentialAction":[{"@type":"ReadAction","target":["https:\/\/denizcankizil.tr\/de\/haberler\/gundem\/ilk-tirin-muhurlenmesi-vali-aygolden\/"]}]},{"@type":"BreadcrumbList","@id":"https:\/\/denizcankizil.tr\/de\/haberler\/gundem\/ilk-tirin-muhurlenmesi-vali-aygolden\/#breadcrumb","itemListElement":[{"@type":"ListItem","position":1,"name":"Home","item":"https:\/\/denizcankizil.tr\/de\/"},{"@type":"ListItem","position":2,"name":"\u0130lk t\u0131r\u0131n m\u00fch\u00fcrlenmesi Vali Ayg\u00f6l\u2019den!"}]},{"@type":"WebSite","@id":"https:\/\/denizcankizil.tr\/de\/#website","url":"https:\/\/denizcankizil.tr\/de\/","name":"Av. Deniz Can K\u0131z\u0131l","description":"Avukat Deniz Can K\u0131z\u0131l Antalya Barosu","publisher":{"@id":"https:\/\/denizcankizil.tr\/de\/#organization"},"potentialAction":[{"@type":"SearchAction","target":{"@type":"EntryPoint","urlTemplate":"https:\/\/denizcankizil.tr\/de\/?s={search_term_string}"},"query-input":{"@type":"PropertyValueSpecification","valueRequired":true,"valueName":"search_term_string"}}],"inLanguage":"uk"},{"@type":"Organization","@id":"https:\/\/denizcankizil.tr\/de\/#organization","name":"Av. Deniz Can K\u0131z\u0131l","url":"https:\/\/denizcankizil.tr\/de\/","logo":{"@type":"ImageObject","inLanguage":"uk","@id":"https:\/\/denizcankizil.tr\/de\/#\/schema\/logo\/image\/","url":"https:\/\/denizcankizil.tr\/wp-content\/uploads\/2024\/10\/siyah-logo-svg.svg","contentUrl":"https:\/\/denizcankizil.tr\/wp-content\/uploads\/2024\/10\/siyah-logo-svg.svg","width":1080,"height":1080,"caption":"Av. Deniz Can K\u0131z\u0131l"},"image":{"@id":"https:\/\/denizcankizil.tr\/de\/#\/schema\/logo\/image\/"}}]}},"_links":{"self":[{"href":"https:\/\/denizcankizil.tr\/uk\/wp-json\/wp\/v2\/posts\/15717","targetHints":{"allow":["GET"]}}],"collection":[{"href":"https:\/\/denizcankizil.tr\/uk\/wp-json\/wp\/v2\/posts"}],"about":[{"href":"https:\/\/denizcankizil.tr\/uk\/wp-json\/wp\/v2\/types\/post"}],"replies":[{"embeddable":true,"href":"https:\/\/denizcankizil.tr\/uk\/wp-json\/wp\/v2\/comments?post=15717"}],"version-history":[{"count":0,"href":"https:\/\/denizcankizil.tr\/uk\/wp-json\/wp\/v2\/posts\/15717\/revisions"}],"wp:attachment":[{"href":"https:\/\/denizcankizil.tr\/uk\/wp-json\/wp\/v2\/media?parent=15717"}],"wp:term":[{"taxonomy":"category","embeddable":true,"href":"https:\/\/denizcankizil.tr\/uk\/wp-json\/wp\/v2\/categories?post=15717"},{"taxonomy":"post_tag","embeddable":true,"href":"https:\/\/denizcankizil.tr\/uk\/wp-json\/wp\/v2\/tags?post=15717"}],"curies":[{"name":"wp","href":"https:\/\/api.w.org\/{rel}","templated":true}]}}