{"id":15660,"date":"2024-11-12T13:42:57","date_gmt":"2024-11-12T10:42:57","guid":{"rendered":"https:\/\/denizcankizil.tr\/uncategorized-tr\/en-iyi-oyku-kitaplari-belli-oldu\/"},"modified":"2024-11-12T13:42:57","modified_gmt":"2024-11-12T10:42:57","slug":"en-iyi-oyku-kitaplari-belli-oldu","status":"publish","type":"post","link":"https:\/\/denizcankizil.tr\/uk\/haberler\/antalya\/en-iyi-oyku-kitaplari-belli-oldu\/","title":{"rendered":"En iyi \u00f6yk\u00fc kitaplar\u0131 belli oldu"},"content":{"rendered":"<p>Antalya\u2019y\u0131 edebiyat \u015fehri yapmak ve Antalya\u2019n\u0131n edebiyatta daha \u00e7ok yer almas\u0131n\u0131 sa\u011flamak amac\u0131yla Muratpa\u015fa Belediyesi\u2019nin ger\u00e7ekle\u015ftirdi\u011fi Antalya Edebiyat G\u00fcnleri\u2019nin 9\u2019uncusu, 22-24 Kas\u0131m tarihlerinde ger\u00e7ekle\u015ftirilecek. Edebiyat G\u00fcnleri bu y\u0131l \u201cAkdeniz ve Bar\u0131\u015f\u201d temas\u0131yla d\u00fczenlenecek olan Antalya Edebiyat G\u00fcnleri\u2019nin Genel y\u00f6netmenli\u011fini Ferruh Tun\u00e7 yapacak. Antalya Edebiyat G\u00fcnleri\u2019nin dan\u0131\u015fma kurulunda ise \u0130brahim Karao\u011flu, \u00d6zcan Karabulut, Prof. Dr. Nedret \u00d6ztokat K\u0131l\u0131\u00e7eri, Ahmet Telli, Nazmi A\u011f\u0131l, Ali Cengizkan, Tar\u0131k G\u00fcnersel, Tuncer \u00c7etinkaya, Do\u00e7. Dr. Serhan Ada ve G\u00fclnur Karaaslan yer ald\u0131. Her y\u0131l \u00f6yk\u00fc dal\u0131nda y\u0131l\u0131n en iyilerini belirleyen se\u00e7ici kurul ise \u0130brahim Karao\u011flu, \u00d6zcan Karabulut, S\u00fcreyya K\u00f6le ve \u015eenay Ero\u011flu Aksoy\u2019dan olu\u015ftu.<\/p>\n<p>Bu y\u0131l\u0131n \u00f6d\u00fclleri<br \/>\nAntalya Edebiyat G\u00fcnleri\u2019nde bu y\u0131l Onur \u00d6d\u00fcl\u00fc, T\u00fcrk edebiyat\u0131nda 1990\u2019larda yerini alan kad\u0131n edebiyat\u0131n\u0131n \u00f6nc\u00fclerinden Ayla Kutlu\u2019ya takdim edilecek. Y\u0131l\u0131n En \u0130yi \u00d6yk\u00fc Kitab\u0131 \u00f6d\u00fcl\u00fcne, s\u0131radan ya\u015famlar\u0131n ara sokaklar\u0131na s\u0131zan, fark edilemeyen ya da fark edilmek istenmeyenleri en ince ayr\u0131nt\u0131s\u0131na kadar g\u00f6steren \u201cNe Yeni Ne Ba\u015fka\u201d eseriyle Ay\u015fen I\u015f\u0131k lay\u0131k g\u00f6r\u00fcld\u00fc. En \u0130yi \u0130lk \u00d6yk\u00fc Kitab\u0131 \u00f6d\u00fcl\u00fc ise \u201cBizim eskiden gelece\u011fimiz olan \u015fimdiki zaman\u0131 nas\u0131l de\u011ferlendirece\u011fiz?\u201d sorusunu soran \u201cK\u0131ran Yeli\u201d kitab\u0131yla G\u00fclser Kut Arat\u2019\u0131n oldu. Yazarlara \u00f6d\u00fclleri, 22 Kas\u0131m Cuma ak\u015fam\u0131 T\u00fcrkan \u015eoray\u2019da d\u00fczenlenecek t\u00f6rende takdim edilecek. \u00d6d\u00fcl t\u00f6reni, Senem Demircio\u011flu ve \u0130klim Tamkan konseriyle sona erecek. T\u00f6ren \u00f6ncesinde \u0130brahim Karao\u011flu k\u00fcrat\u00f6rl\u00fc\u011f\u00fcnde ve Dilan Kaya koordinat\u00f6rl\u00fc\u011f\u00fcnde \u201cAkdeniz Akdeniz\u201d isimli karma resim sergisinin a\u00e7\u0131l\u0131\u015f\u0131 yap\u0131lacak. Serginin a\u00e7\u0131l\u0131\u015f saati ise 19.00.<\/p>\n<p>Ercan Kesal, Edebiyat G\u00fcnleri\u2019nde<br \/>\nAntalya Edebiyat G\u00fcnleri, 23-24 Kas\u0131m\u2019da Prof. Dr. Erdal \u0130n\u00f6n\u00fc Kent Park\u0131\u2019nda paneller, s\u00f6yle\u015filer, kitap imza saatleri, \u00f6yk\u00fc ve \u015fiir okumalar\u0131yla devam edecek. Antalya Edebiyat G\u00fcnleri konuklar\u0131 aras\u0131nda Ercan Kesal, Tar\u0131k G\u00fcnersel, Ahmet Telli, Nazmi A\u011f\u0131l, Baki Ayhan, G\u00fcl\u00fcmser \u00c7ankaya, Altay \u00d6ktem, El\u00e7in Sevgi Su\u00e7in, \u00d6zcan Karabulut, \u0130sa K\u00fc\u00e7\u00fck, Do\u00e7. Dr. Serhan Ada, Prof. Dr. Ahmet \u0130nam, Prof. Dr. Nedret \u00d6ztokat K\u0131l\u0131\u00e7eri, Prof. Dr. \u0130nge Uytterhoeven, Prof. Dr. Mehmet Hakk\u0131 Su\u00e7in ve Antalyal\u0131 bir\u00e7ok yazar ve \u015fair yer al\u0131yor.<\/p>\n<p>Kaynak: www.kanalv.com.tr Haber Sitesinden Al\u0131nm\u0131\u015ft\u0131r.<\/p>","protected":false},"excerpt":{"rendered":"<p>Antalya\u2019y\u0131 edebiyat \u015fehri yapmak ve Antalya\u2019n\u0131n edebiyatta daha \u00e7ok yer almas\u0131n\u0131 sa\u011flamak amac\u0131yla Muratpa\u015fa Belediyesi\u2019nin ger\u00e7ekle\u015ftirdi\u011fi Antalya Edebiyat G\u00fcnleri\u2019nin 9\u2019uncusu, 22-24 Kas\u0131m tarihlerinde ger\u00e7ekle\u015ftirilecek. Edebiyat G\u00fcnleri bu y\u0131l \u201cAkdeniz ve Bar\u0131\u015f\u201d temas\u0131yla d\u00fczenlenecek olan Antalya Edebiyat G\u00fcnleri\u2019nin Genel y\u00f6netmenli\u011fini Ferruh Tun\u00e7 yapacak. Antalya Edebiyat G\u00fcnleri\u2019nin dan\u0131\u015fma kurulunda ise \u0130brahim Karao\u011flu, \u00d6zcan Karabulut, Prof. Dr. Nedret \u00d6ztokat K\u0131l\u0131\u00e7eri, Ahmet Telli, Nazmi A\u011f\u0131l, Ali Cengizkan, Tar\u0131k G\u00fcnersel, Tuncer \u00c7etinkaya, Do\u00e7. Dr. Serhan Ada ve G\u00fclnur Karaaslan yer ald\u0131. Her y\u0131l \u00f6yk\u00fc dal\u0131nda y\u0131l\u0131n en iyilerini belirleyen se\u00e7ici kurul ise \u0130brahim Karao\u011flu, \u00d6zcan Karabulut, S\u00fcreyya K\u00f6le ve \u015eenay Ero\u011flu Aksoy\u2019dan olu\u015ftu. Bu y\u0131l\u0131n \u00f6d\u00fclleri Antalya Edebiyat G\u00fcnleri\u2019nde bu y\u0131l Onur \u00d6d\u00fcl\u00fc, T\u00fcrk edebiyat\u0131nda 1990\u2019larda yerini alan kad\u0131n edebiyat\u0131n\u0131n \u00f6nc\u00fclerinden Ayla Kutlu\u2019ya takdim edilecek. Y\u0131l\u0131n En \u0130yi \u00d6yk\u00fc Kitab\u0131 \u00f6d\u00fcl\u00fcne, s\u0131radan ya\u015famlar\u0131n ara sokaklar\u0131na s\u0131zan, fark edilemeyen ya da fark edilmek istenmeyenleri en ince ayr\u0131nt\u0131s\u0131na kadar g\u00f6steren \u201cNe Yeni Ne Ba\u015fka\u201d eseriyle Ay\u015fen I\u015f\u0131k lay\u0131k g\u00f6r\u00fcld\u00fc. En \u0130yi \u0130lk \u00d6yk\u00fc Kitab\u0131 \u00f6d\u00fcl\u00fc ise \u201cBizim eskiden gelece\u011fimiz olan \u015fimdiki zaman\u0131 nas\u0131l de\u011ferlendirece\u011fiz?\u201d sorusunu soran \u201cK\u0131ran Yeli\u201d kitab\u0131yla G\u00fclser Kut Arat\u2019\u0131n oldu. Yazarlara \u00f6d\u00fclleri, 22 Kas\u0131m Cuma ak\u015fam\u0131 T\u00fcrkan \u015eoray\u2019da d\u00fczenlenecek t\u00f6rende takdim edilecek. \u00d6d\u00fcl t\u00f6reni, Senem Demircio\u011flu ve \u0130klim Tamkan konseriyle sona erecek. T\u00f6ren \u00f6ncesinde &hellip;<\/p>","protected":false},"author":0,"featured_media":15661,"comment_status":"open","ping_status":"open","sticky":false,"template":"","format":"standard","meta":{"_acf_changed":false,"footnotes":""},"categories":[26,535],"tags":[],"class_list":["post-15660","post","type-post","status-publish","format-standard","has-post-thumbnail","hentry","category-antalya","category-uncategorized-tr"],"acf":[],"yoast_head":"<!-- This site is optimized with the Yoast SEO Premium plugin v26.6 (Yoast SEO v27.1.1) - https:\/\/yoast.com\/product\/yoast-seo-premium-wordpress\/ -->\n<title>En iyi \u00f6yk\u00fc kitaplar\u0131 belli oldu - Av. Deniz Can K\u0131z\u0131l<\/title>\n<meta name=\"robots\" content=\"index, follow, max-snippet:-1, max-image-preview:large, max-video-preview:-1\" \/>\n<link rel=\"canonical\" href=\"https:\/\/denizcankizil.tr\/uk\/haberler\/antalya\/en-iyi-oyku-kitaplari-belli-oldu\/\" \/>\n<meta property=\"og:locale\" content=\"uk_UA\" \/>\n<meta property=\"og:type\" content=\"article\" \/>\n<meta property=\"og:title\" content=\"En iyi \u00f6yk\u00fc kitaplar\u0131 belli oldu\" \/>\n<meta property=\"og:description\" content=\"Antalya\u2019y\u0131 edebiyat \u015fehri yapmak ve Antalya\u2019n\u0131n edebiyatta daha \u00e7ok yer almas\u0131n\u0131 sa\u011flamak amac\u0131yla Muratpa\u015fa Belediyesi\u2019nin ger\u00e7ekle\u015ftirdi\u011fi Antalya Edebiyat G\u00fcnleri\u2019nin 9\u2019uncusu, 22-24 Kas\u0131m tarihlerinde ger\u00e7ekle\u015ftirilecek. Edebiyat G\u00fcnleri bu y\u0131l \u201cAkdeniz ve Bar\u0131\u015f\u201d temas\u0131yla d\u00fczenlenecek olan Antalya Edebiyat G\u00fcnleri\u2019nin Genel y\u00f6netmenli\u011fini Ferruh Tun\u00e7 yapacak. Antalya Edebiyat G\u00fcnleri\u2019nin dan\u0131\u015fma kurulunda ise \u0130brahim Karao\u011flu, \u00d6zcan Karabulut, Prof. Dr. Nedret \u00d6ztokat K\u0131l\u0131\u00e7eri, Ahmet Telli, Nazmi A\u011f\u0131l, Ali Cengizkan, Tar\u0131k G\u00fcnersel, Tuncer \u00c7etinkaya, Do\u00e7. Dr. Serhan Ada ve G\u00fclnur Karaaslan yer ald\u0131. Her y\u0131l \u00f6yk\u00fc dal\u0131nda y\u0131l\u0131n en iyilerini belirleyen se\u00e7ici kurul ise \u0130brahim Karao\u011flu, \u00d6zcan Karabulut, S\u00fcreyya K\u00f6le ve \u015eenay Ero\u011flu Aksoy\u2019dan olu\u015ftu. Bu y\u0131l\u0131n \u00f6d\u00fclleri Antalya Edebiyat G\u00fcnleri\u2019nde bu y\u0131l Onur \u00d6d\u00fcl\u00fc, T\u00fcrk edebiyat\u0131nda 1990\u2019larda yerini alan kad\u0131n edebiyat\u0131n\u0131n \u00f6nc\u00fclerinden Ayla Kutlu\u2019ya takdim edilecek. Y\u0131l\u0131n En \u0130yi \u00d6yk\u00fc Kitab\u0131 \u00f6d\u00fcl\u00fcne, s\u0131radan ya\u015famlar\u0131n ara sokaklar\u0131na s\u0131zan, fark edilemeyen ya da fark edilmek istenmeyenleri en ince ayr\u0131nt\u0131s\u0131na kadar g\u00f6steren \u201cNe Yeni Ne Ba\u015fka\u201d eseriyle Ay\u015fen I\u015f\u0131k lay\u0131k g\u00f6r\u00fcld\u00fc. En \u0130yi \u0130lk \u00d6yk\u00fc Kitab\u0131 \u00f6d\u00fcl\u00fc ise \u201cBizim eskiden gelece\u011fimiz olan \u015fimdiki zaman\u0131 nas\u0131l de\u011ferlendirece\u011fiz?\u201d sorusunu soran \u201cK\u0131ran Yeli\u201d kitab\u0131yla G\u00fclser Kut Arat\u2019\u0131n oldu. Yazarlara \u00f6d\u00fclleri, 22 Kas\u0131m Cuma ak\u015fam\u0131 T\u00fcrkan \u015eoray\u2019da d\u00fczenlenecek t\u00f6rende takdim edilecek. \u00d6d\u00fcl t\u00f6reni, Senem Demircio\u011flu ve \u0130klim Tamkan konseriyle sona erecek. T\u00f6ren \u00f6ncesinde &hellip;\" \/>\n<meta property=\"og:url\" content=\"https:\/\/denizcankizil.tr\/uk\/haberler\/antalya\/en-iyi-oyku-kitaplari-belli-oldu\/\" \/>\n<meta property=\"og:site_name\" content=\"Av. Deniz Can K\u0131z\u0131l\" \/>\n<meta property=\"article:published_time\" content=\"2024-11-12T10:42:57+00:00\" \/>\n<meta property=\"og:image\" content=\"https:\/\/denizcankizil.tr\/wp-content\/uploads\/2024\/11\/3025-01-reAf5B.jpeg\" \/>\n\t<meta property=\"og:image:width\" content=\"1280\" \/>\n\t<meta property=\"og:image:height\" content=\"720\" \/>\n\t<meta property=\"og:image:type\" content=\"image\/jpeg\" \/>\n<meta name=\"twitter:card\" content=\"summary_large_image\" \/>\n<meta name=\"twitter:label1\" content=\"\u041f\u0440\u0438\u0431\u043b. \u0447\u0430\u0441 \u0447\u0438\u0442\u0430\u043d\u043d\u044f\" \/>\n\t<meta name=\"twitter:data1\" content=\"2 \u0445\u0432\u0438\u043b\u0438\u043d\u0438\" \/>\n<script type=\"application\/ld+json\" class=\"yoast-schema-graph\">{\"@context\":\"https:\/\/schema.org\",\"@graph\":[{\"@type\":\"Article\",\"@id\":\"https:\/\/denizcankizil.tr\/uk\/haberler\/antalya\/en-iyi-oyku-kitaplari-belli-oldu\/#article\",\"isPartOf\":{\"@id\":\"https:\/\/denizcankizil.tr\/uk\/haberler\/antalya\/en-iyi-oyku-kitaplari-belli-oldu\/\"},\"author\":{\"name\":\"\",\"@id\":\"\"},\"headline\":\"En iyi \u00f6yk\u00fc kitaplar\u0131 belli oldu\",\"datePublished\":\"2024-11-12T10:42:57+00:00\",\"mainEntityOfPage\":{\"@id\":\"https:\/\/denizcankizil.tr\/uk\/haberler\/antalya\/en-iyi-oyku-kitaplari-belli-oldu\/\"},\"wordCount\":449,\"commentCount\":0,\"publisher\":{\"@id\":\"https:\/\/denizcankizil.tr\/de\/#organization\"},\"image\":{\"@id\":\"https:\/\/denizcankizil.tr\/uk\/haberler\/antalya\/en-iyi-oyku-kitaplari-belli-oldu\/#primaryimage\"},\"thumbnailUrl\":\"https:\/\/denizcankizil.tr\/wp-content\/uploads\/2024\/11\/3025-01-reAf5B.jpeg\",\"articleSection\":[\"Antalya\",\"Uncategorized\"],\"inLanguage\":\"uk\",\"potentialAction\":[{\"@type\":\"CommentAction\",\"name\":\"Comment\",\"target\":[\"https:\/\/denizcankizil.tr\/uk\/haberler\/antalya\/en-iyi-oyku-kitaplari-belli-oldu\/#respond\"]}]},{\"@type\":\"WebPage\",\"@id\":\"https:\/\/denizcankizil.tr\/uk\/haberler\/antalya\/en-iyi-oyku-kitaplari-belli-oldu\/\",\"url\":\"https:\/\/denizcankizil.tr\/uk\/haberler\/antalya\/en-iyi-oyku-kitaplari-belli-oldu\/\",\"name\":\"En iyi \u00f6yk\u00fc kitaplar\u0131 belli oldu - Av. Deniz Can K\u0131z\u0131l\",\"isPartOf\":{\"@id\":\"https:\/\/denizcankizil.tr\/de\/#website\"},\"primaryImageOfPage\":{\"@id\":\"https:\/\/denizcankizil.tr\/uk\/haberler\/antalya\/en-iyi-oyku-kitaplari-belli-oldu\/#primaryimage\"},\"image\":{\"@id\":\"https:\/\/denizcankizil.tr\/uk\/haberler\/antalya\/en-iyi-oyku-kitaplari-belli-oldu\/#primaryimage\"},\"thumbnailUrl\":\"https:\/\/denizcankizil.tr\/wp-content\/uploads\/2024\/11\/3025-01-reAf5B.jpeg\",\"datePublished\":\"2024-11-12T10:42:57+00:00\",\"breadcrumb\":{\"@id\":\"https:\/\/denizcankizil.tr\/uk\/haberler\/antalya\/en-iyi-oyku-kitaplari-belli-oldu\/#breadcrumb\"},\"inLanguage\":\"uk\",\"potentialAction\":[{\"@type\":\"ReadAction\",\"target\":[\"https:\/\/denizcankizil.tr\/uk\/haberler\/antalya\/en-iyi-oyku-kitaplari-belli-oldu\/\"]}]},{\"@type\":\"ImageObject\",\"inLanguage\":\"uk\",\"@id\":\"https:\/\/denizcankizil.tr\/uk\/haberler\/antalya\/en-iyi-oyku-kitaplari-belli-oldu\/#primaryimage\",\"url\":\"https:\/\/denizcankizil.tr\/wp-content\/uploads\/2024\/11\/3025-01-reAf5B.jpeg\",\"contentUrl\":\"https:\/\/denizcankizil.tr\/wp-content\/uploads\/2024\/11\/3025-01-reAf5B.jpeg\",\"width\":1280,\"height\":720},{\"@type\":\"BreadcrumbList\",\"@id\":\"https:\/\/denizcankizil.tr\/uk\/haberler\/antalya\/en-iyi-oyku-kitaplari-belli-oldu\/#breadcrumb\",\"itemListElement\":[{\"@type\":\"ListItem\",\"position\":1,\"name\":\"Home\",\"item\":\"https:\/\/denizcankizil.tr\/de\/\"},{\"@type\":\"ListItem\",\"position\":2,\"name\":\"En iyi \u00f6yk\u00fc kitaplar\u0131 belli oldu\"}]},{\"@type\":\"WebSite\",\"@id\":\"https:\/\/denizcankizil.tr\/de\/#website\",\"url\":\"https:\/\/denizcankizil.tr\/de\/\",\"name\":\"Av. Deniz Can K\u0131z\u0131l\",\"description\":\"Avukat Deniz Can K\u0131z\u0131l Antalya Barosu\",\"publisher\":{\"@id\":\"https:\/\/denizcankizil.tr\/de\/#organization\"},\"potentialAction\":[{\"@type\":\"SearchAction\",\"target\":{\"@type\":\"EntryPoint\",\"urlTemplate\":\"https:\/\/denizcankizil.tr\/de\/?s={search_term_string}\"},\"query-input\":{\"@type\":\"PropertyValueSpecification\",\"valueRequired\":true,\"valueName\":\"search_term_string\"}}],\"inLanguage\":\"uk\"},{\"@type\":\"Organization\",\"@id\":\"https:\/\/denizcankizil.tr\/de\/#organization\",\"name\":\"Av. Deniz Can K\u0131z\u0131l\",\"url\":\"https:\/\/denizcankizil.tr\/de\/\",\"logo\":{\"@type\":\"ImageObject\",\"inLanguage\":\"uk\",\"@id\":\"https:\/\/denizcankizil.tr\/de\/#\/schema\/logo\/image\/\",\"url\":\"https:\/\/denizcankizil.tr\/wp-content\/uploads\/2024\/10\/siyah-logo-svg.svg\",\"contentUrl\":\"https:\/\/denizcankizil.tr\/wp-content\/uploads\/2024\/10\/siyah-logo-svg.svg\",\"width\":1080,\"height\":1080,\"caption\":\"Av. Deniz Can K\u0131z\u0131l\"},\"image\":{\"@id\":\"https:\/\/denizcankizil.tr\/de\/#\/schema\/logo\/image\/\"}}]}<\/script>\n<!-- \/ Yoast SEO Premium plugin. -->","yoast_head_json":{"title":"En iyi \u00f6yk\u00fc kitaplar\u0131 belli oldu - Av. Deniz Can K\u0131z\u0131l","robots":{"index":"index","follow":"follow","max-snippet":"max-snippet:-1","max-image-preview":"max-image-preview:large","max-video-preview":"max-video-preview:-1"},"canonical":"https:\/\/denizcankizil.tr\/uk\/haberler\/antalya\/en-iyi-oyku-kitaplari-belli-oldu\/","og_locale":"uk_UA","og_type":"article","og_title":"En iyi \u00f6yk\u00fc kitaplar\u0131 belli oldu","og_description":"Antalya\u2019y\u0131 edebiyat \u015fehri yapmak ve Antalya\u2019n\u0131n edebiyatta daha \u00e7ok yer almas\u0131n\u0131 sa\u011flamak amac\u0131yla Muratpa\u015fa Belediyesi\u2019nin ger\u00e7ekle\u015ftirdi\u011fi Antalya Edebiyat G\u00fcnleri\u2019nin 9\u2019uncusu, 22-24 Kas\u0131m tarihlerinde ger\u00e7ekle\u015ftirilecek. Edebiyat G\u00fcnleri bu y\u0131l \u201cAkdeniz ve Bar\u0131\u015f\u201d temas\u0131yla d\u00fczenlenecek olan Antalya Edebiyat G\u00fcnleri\u2019nin Genel y\u00f6netmenli\u011fini Ferruh Tun\u00e7 yapacak. Antalya Edebiyat G\u00fcnleri\u2019nin dan\u0131\u015fma kurulunda ise \u0130brahim Karao\u011flu, \u00d6zcan Karabulut, Prof. Dr. Nedret \u00d6ztokat K\u0131l\u0131\u00e7eri, Ahmet Telli, Nazmi A\u011f\u0131l, Ali Cengizkan, Tar\u0131k G\u00fcnersel, Tuncer \u00c7etinkaya, Do\u00e7. Dr. Serhan Ada ve G\u00fclnur Karaaslan yer ald\u0131. Her y\u0131l \u00f6yk\u00fc dal\u0131nda y\u0131l\u0131n en iyilerini belirleyen se\u00e7ici kurul ise \u0130brahim Karao\u011flu, \u00d6zcan Karabulut, S\u00fcreyya K\u00f6le ve \u015eenay Ero\u011flu Aksoy\u2019dan olu\u015ftu. Bu y\u0131l\u0131n \u00f6d\u00fclleri Antalya Edebiyat G\u00fcnleri\u2019nde bu y\u0131l Onur \u00d6d\u00fcl\u00fc, T\u00fcrk edebiyat\u0131nda 1990\u2019larda yerini alan kad\u0131n edebiyat\u0131n\u0131n \u00f6nc\u00fclerinden Ayla Kutlu\u2019ya takdim edilecek. Y\u0131l\u0131n En \u0130yi \u00d6yk\u00fc Kitab\u0131 \u00f6d\u00fcl\u00fcne, s\u0131radan ya\u015famlar\u0131n ara sokaklar\u0131na s\u0131zan, fark edilemeyen ya da fark edilmek istenmeyenleri en ince ayr\u0131nt\u0131s\u0131na kadar g\u00f6steren \u201cNe Yeni Ne Ba\u015fka\u201d eseriyle Ay\u015fen I\u015f\u0131k lay\u0131k g\u00f6r\u00fcld\u00fc. En \u0130yi \u0130lk \u00d6yk\u00fc Kitab\u0131 \u00f6d\u00fcl\u00fc ise \u201cBizim eskiden gelece\u011fimiz olan \u015fimdiki zaman\u0131 nas\u0131l de\u011ferlendirece\u011fiz?\u201d sorusunu soran \u201cK\u0131ran Yeli\u201d kitab\u0131yla G\u00fclser Kut Arat\u2019\u0131n oldu. Yazarlara \u00f6d\u00fclleri, 22 Kas\u0131m Cuma ak\u015fam\u0131 T\u00fcrkan \u015eoray\u2019da d\u00fczenlenecek t\u00f6rende takdim edilecek. \u00d6d\u00fcl t\u00f6reni, Senem Demircio\u011flu ve \u0130klim Tamkan konseriyle sona erecek. T\u00f6ren \u00f6ncesinde &hellip;","og_url":"https:\/\/denizcankizil.tr\/uk\/haberler\/antalya\/en-iyi-oyku-kitaplari-belli-oldu\/","og_site_name":"Av. Deniz Can K\u0131z\u0131l","article_published_time":"2024-11-12T10:42:57+00:00","og_image":[{"width":1280,"height":720,"url":"https:\/\/denizcankizil.tr\/wp-content\/uploads\/2024\/11\/3025-01-reAf5B.jpeg","type":"image\/jpeg"}],"twitter_card":"summary_large_image","twitter_misc":{"\u041f\u0440\u0438\u0431\u043b. \u0447\u0430\u0441 \u0447\u0438\u0442\u0430\u043d\u043d\u044f":"2 \u0445\u0432\u0438\u043b\u0438\u043d\u0438"},"schema":{"@context":"https:\/\/schema.org","@graph":[{"@type":"Article","@id":"https:\/\/denizcankizil.tr\/uk\/haberler\/antalya\/en-iyi-oyku-kitaplari-belli-oldu\/#article","isPartOf":{"@id":"https:\/\/denizcankizil.tr\/uk\/haberler\/antalya\/en-iyi-oyku-kitaplari-belli-oldu\/"},"author":{"name":"","@id":""},"headline":"En iyi \u00f6yk\u00fc kitaplar\u0131 belli oldu","datePublished":"2024-11-12T10:42:57+00:00","mainEntityOfPage":{"@id":"https:\/\/denizcankizil.tr\/uk\/haberler\/antalya\/en-iyi-oyku-kitaplari-belli-oldu\/"},"wordCount":449,"commentCount":0,"publisher":{"@id":"https:\/\/denizcankizil.tr\/de\/#organization"},"image":{"@id":"https:\/\/denizcankizil.tr\/uk\/haberler\/antalya\/en-iyi-oyku-kitaplari-belli-oldu\/#primaryimage"},"thumbnailUrl":"https:\/\/denizcankizil.tr\/wp-content\/uploads\/2024\/11\/3025-01-reAf5B.jpeg","articleSection":["Antalya","Uncategorized"],"inLanguage":"uk","potentialAction":[{"@type":"CommentAction","name":"Comment","target":["https:\/\/denizcankizil.tr\/uk\/haberler\/antalya\/en-iyi-oyku-kitaplari-belli-oldu\/#respond"]}]},{"@type":"WebPage","@id":"https:\/\/denizcankizil.tr\/uk\/haberler\/antalya\/en-iyi-oyku-kitaplari-belli-oldu\/","url":"https:\/\/denizcankizil.tr\/uk\/haberler\/antalya\/en-iyi-oyku-kitaplari-belli-oldu\/","name":"En iyi \u00f6yk\u00fc kitaplar\u0131 belli oldu - Av. Deniz Can K\u0131z\u0131l","isPartOf":{"@id":"https:\/\/denizcankizil.tr\/de\/#website"},"primaryImageOfPage":{"@id":"https:\/\/denizcankizil.tr\/uk\/haberler\/antalya\/en-iyi-oyku-kitaplari-belli-oldu\/#primaryimage"},"image":{"@id":"https:\/\/denizcankizil.tr\/uk\/haberler\/antalya\/en-iyi-oyku-kitaplari-belli-oldu\/#primaryimage"},"thumbnailUrl":"https:\/\/denizcankizil.tr\/wp-content\/uploads\/2024\/11\/3025-01-reAf5B.jpeg","datePublished":"2024-11-12T10:42:57+00:00","breadcrumb":{"@id":"https:\/\/denizcankizil.tr\/uk\/haberler\/antalya\/en-iyi-oyku-kitaplari-belli-oldu\/#breadcrumb"},"inLanguage":"uk","potentialAction":[{"@type":"ReadAction","target":["https:\/\/denizcankizil.tr\/uk\/haberler\/antalya\/en-iyi-oyku-kitaplari-belli-oldu\/"]}]},{"@type":"ImageObject","inLanguage":"uk","@id":"https:\/\/denizcankizil.tr\/uk\/haberler\/antalya\/en-iyi-oyku-kitaplari-belli-oldu\/#primaryimage","url":"https:\/\/denizcankizil.tr\/wp-content\/uploads\/2024\/11\/3025-01-reAf5B.jpeg","contentUrl":"https:\/\/denizcankizil.tr\/wp-content\/uploads\/2024\/11\/3025-01-reAf5B.jpeg","width":1280,"height":720},{"@type":"BreadcrumbList","@id":"https:\/\/denizcankizil.tr\/uk\/haberler\/antalya\/en-iyi-oyku-kitaplari-belli-oldu\/#breadcrumb","itemListElement":[{"@type":"ListItem","position":1,"name":"Home","item":"https:\/\/denizcankizil.tr\/de\/"},{"@type":"ListItem","position":2,"name":"En iyi \u00f6yk\u00fc kitaplar\u0131 belli oldu"}]},{"@type":"WebSite","@id":"https:\/\/denizcankizil.tr\/de\/#website","url":"https:\/\/denizcankizil.tr\/de\/","name":"Av. Deniz Can K\u0131z\u0131l","description":"Avukat Deniz Can K\u0131z\u0131l Antalya Barosu","publisher":{"@id":"https:\/\/denizcankizil.tr\/de\/#organization"},"potentialAction":[{"@type":"SearchAction","target":{"@type":"EntryPoint","urlTemplate":"https:\/\/denizcankizil.tr\/de\/?s={search_term_string}"},"query-input":{"@type":"PropertyValueSpecification","valueRequired":true,"valueName":"search_term_string"}}],"inLanguage":"uk"},{"@type":"Organization","@id":"https:\/\/denizcankizil.tr\/de\/#organization","name":"Av. Deniz Can K\u0131z\u0131l","url":"https:\/\/denizcankizil.tr\/de\/","logo":{"@type":"ImageObject","inLanguage":"uk","@id":"https:\/\/denizcankizil.tr\/de\/#\/schema\/logo\/image\/","url":"https:\/\/denizcankizil.tr\/wp-content\/uploads\/2024\/10\/siyah-logo-svg.svg","contentUrl":"https:\/\/denizcankizil.tr\/wp-content\/uploads\/2024\/10\/siyah-logo-svg.svg","width":1080,"height":1080,"caption":"Av. Deniz Can K\u0131z\u0131l"},"image":{"@id":"https:\/\/denizcankizil.tr\/de\/#\/schema\/logo\/image\/"}}]}},"_links":{"self":[{"href":"https:\/\/denizcankizil.tr\/uk\/wp-json\/wp\/v2\/posts\/15660","targetHints":{"allow":["GET"]}}],"collection":[{"href":"https:\/\/denizcankizil.tr\/uk\/wp-json\/wp\/v2\/posts"}],"about":[{"href":"https:\/\/denizcankizil.tr\/uk\/wp-json\/wp\/v2\/types\/post"}],"replies":[{"embeddable":true,"href":"https:\/\/denizcankizil.tr\/uk\/wp-json\/wp\/v2\/comments?post=15660"}],"version-history":[{"count":0,"href":"https:\/\/denizcankizil.tr\/uk\/wp-json\/wp\/v2\/posts\/15660\/revisions"}],"wp:featuredmedia":[{"embeddable":true,"href":"https:\/\/denizcankizil.tr\/uk\/wp-json\/wp\/v2\/media\/15661"}],"wp:attachment":[{"href":"https:\/\/denizcankizil.tr\/uk\/wp-json\/wp\/v2\/media?parent=15660"}],"wp:term":[{"taxonomy":"category","embeddable":true,"href":"https:\/\/denizcankizil.tr\/uk\/wp-json\/wp\/v2\/categories?post=15660"},{"taxonomy":"post_tag","embeddable":true,"href":"https:\/\/denizcankizil.tr\/uk\/wp-json\/wp\/v2\/tags?post=15660"}],"curies":[{"name":"wp","href":"https:\/\/api.w.org\/{rel}","templated":true}]}}