{"id":15488,"date":"2024-11-11T08:41:50","date_gmt":"2024-11-11T05:41:50","guid":{"rendered":"https:\/\/denizcankizil.tr\/uncategorized-tr\/narlidere-atayi-andi\/"},"modified":"2024-11-11T08:41:50","modified_gmt":"2024-11-11T05:41:50","slug":"narlidere-atayi-andi","status":"publish","type":"post","link":"https:\/\/denizcankizil.tr\/uk\/haberler\/gundem\/narlidere-atayi-andi\/","title":{"rendered":"Narl\u0131dere Ata\u2019y\u0131 And\u0131"},"content":{"rendered":"<p>Gazi Mustafa Kemal Atat\u00fcrk, aram\u0131zdan ayr\u0131l\u0131\u015f\u0131n\u0131n 86\u2019nc\u0131 y\u0131l\u0131nda Narl\u0131dere\u2019de sayg\u0131 ve minnetle an\u0131ld\u0131. Narl\u0131dere Belediyesi, Ata\u2019n\u0131n an\u0131s\u0131na sergi ve hay\u0131r yeme\u011fi d\u00fczenledi.<\/p>\n<p>\u200bGazi Mustafa Kemal Atat\u00fcrk, aram\u0131zdan ayr\u0131l\u0131\u015f\u0131n\u0131n 86\u2019nc\u0131 y\u0131l\u0131nda Narl\u0131dere\u2019de sayg\u0131 ve minnetle an\u0131ld\u0131. Narl\u0131dere Belediyesi, Ata\u2019n\u0131n an\u0131s\u0131na sergi ve hay\u0131r yeme\u011fi d\u00fczenledi.\u00a0<\/p>\n<p>\u200bHaberin Al\u0131nt\u0131land\u0131\u011f\u0131 Kaynak: www.iskenderun.org<\/p>","protected":false},"excerpt":{"rendered":"<p>Gazi Mustafa Kemal Atat\u00fcrk, aram\u0131zdan ayr\u0131l\u0131\u015f\u0131n\u0131n 86\u2019nc\u0131 y\u0131l\u0131nda Narl\u0131dere\u2019de sayg\u0131 ve minnetle an\u0131ld\u0131. Narl\u0131dere Belediyesi, Ata\u2019n\u0131n an\u0131s\u0131na sergi ve hay\u0131r yeme\u011fi d\u00fczenledi. \u200bGazi Mustafa Kemal Atat\u00fcrk, aram\u0131zdan ayr\u0131l\u0131\u015f\u0131n\u0131n 86\u2019nc\u0131 y\u0131l\u0131nda Narl\u0131dere\u2019de sayg\u0131 ve minnetle an\u0131ld\u0131. Narl\u0131dere Belediyesi, Ata\u2019n\u0131n an\u0131s\u0131na sergi ve hay\u0131r yeme\u011fi d\u00fczenledi.\u00a0 \u200bHaberin Al\u0131nt\u0131land\u0131\u011f\u0131 Kaynak: www.iskenderun.org<\/p>","protected":false},"author":0,"featured_media":0,"comment_status":"open","ping_status":"open","sticky":false,"template":"","format":"standard","meta":{"_acf_changed":false,"footnotes":""},"categories":[24,535],"tags":[],"class_list":["post-15488","post","type-post","status-publish","format-standard","has-post-thumbnail","hentry","category-gundem","category-uncategorized-tr"],"acf":[],"yoast_head":"<!-- This site is optimized with the Yoast SEO Premium plugin v26.6 (Yoast SEO v27.1.1) - https:\/\/yoast.com\/product\/yoast-seo-premium-wordpress\/ -->\n<title>Narl\u0131dere Ata\u2019y\u0131 And\u0131 - Av. Deniz Can K\u0131z\u0131l<\/title>\n<meta name=\"robots\" content=\"index, follow, max-snippet:-1, max-image-preview:large, max-video-preview:-1\" \/>\n<link rel=\"canonical\" href=\"https:\/\/denizcankizil.tr\/uk\/haberler\/gundem\/narlidere-atayi-andi\/\" \/>\n<meta property=\"og:locale\" content=\"uk_UA\" \/>\n<meta property=\"og:type\" content=\"article\" \/>\n<meta property=\"og:title\" content=\"Narl\u0131dere Ata\u2019y\u0131 And\u0131\" \/>\n<meta property=\"og:description\" content=\"Gazi Mustafa Kemal Atat\u00fcrk, aram\u0131zdan ayr\u0131l\u0131\u015f\u0131n\u0131n 86\u2019nc\u0131 y\u0131l\u0131nda Narl\u0131dere\u2019de sayg\u0131 ve minnetle an\u0131ld\u0131. Narl\u0131dere Belediyesi, Ata\u2019n\u0131n an\u0131s\u0131na sergi ve hay\u0131r yeme\u011fi d\u00fczenledi. \u200bGazi Mustafa Kemal Atat\u00fcrk, aram\u0131zdan ayr\u0131l\u0131\u015f\u0131n\u0131n 86\u2019nc\u0131 y\u0131l\u0131nda Narl\u0131dere\u2019de sayg\u0131 ve minnetle an\u0131ld\u0131. Narl\u0131dere Belediyesi, Ata\u2019n\u0131n an\u0131s\u0131na sergi ve hay\u0131r yeme\u011fi d\u00fczenledi.\u00a0 \u200bHaberin Al\u0131nt\u0131land\u0131\u011f\u0131 Kaynak: www.iskenderun.org\" \/>\n<meta property=\"og:url\" content=\"https:\/\/denizcankizil.tr\/uk\/haberler\/gundem\/narlidere-atayi-andi\/\" \/>\n<meta property=\"og:site_name\" content=\"Av. Deniz Can K\u0131z\u0131l\" \/>\n<meta property=\"article:published_time\" content=\"2024-11-11T05:41:50+00:00\" \/>\n<meta name=\"twitter:card\" content=\"summary_large_image\" \/>\n<script type=\"application\/ld+json\" class=\"yoast-schema-graph\">{\"@context\":\"https:\/\/schema.org\",\"@graph\":[{\"@type\":\"Article\",\"@id\":\"https:\/\/denizcankizil.tr\/ru\/haberler\/gundem\/narlidere-atayi-andi\/#article\",\"isPartOf\":{\"@id\":\"https:\/\/denizcankizil.tr\/ru\/haberler\/gundem\/narlidere-atayi-andi\/\"},\"author\":{\"name\":\"\",\"@id\":\"\"},\"headline\":\"Narl\u0131dere Ata\u2019y\u0131 And\u0131\",\"datePublished\":\"2024-11-11T05:41:50+00:00\",\"mainEntityOfPage\":{\"@id\":\"https:\/\/denizcankizil.tr\/ru\/haberler\/gundem\/narlidere-atayi-andi\/\"},\"wordCount\":93,\"commentCount\":0,\"publisher\":{\"@id\":\"https:\/\/denizcankizil.tr\/#organization\"},\"articleSection\":[\"G\u00fcndem\",\"Uncategorized\"],\"inLanguage\":\"uk\",\"potentialAction\":[{\"@type\":\"CommentAction\",\"name\":\"Comment\",\"target\":[\"https:\/\/denizcankizil.tr\/ru\/haberler\/gundem\/narlidere-atayi-andi\/#respond\"]}]},{\"@type\":\"WebPage\",\"@id\":\"https:\/\/denizcankizil.tr\/ru\/haberler\/gundem\/narlidere-atayi-andi\/\",\"url\":\"https:\/\/denizcankizil.tr\/ru\/haberler\/gundem\/narlidere-atayi-andi\/\",\"name\":\"Narl\u0131dere Ata\u2019y\u0131 And\u0131 - Av. Deniz Can K\u0131z\u0131l\",\"isPartOf\":{\"@id\":\"https:\/\/denizcankizil.tr\/#website\"},\"datePublished\":\"2024-11-11T05:41:50+00:00\",\"breadcrumb\":{\"@id\":\"https:\/\/denizcankizil.tr\/ru\/haberler\/gundem\/narlidere-atayi-andi\/#breadcrumb\"},\"inLanguage\":\"uk\",\"potentialAction\":[{\"@type\":\"ReadAction\",\"target\":[\"https:\/\/denizcankizil.tr\/ru\/haberler\/gundem\/narlidere-atayi-andi\/\"]}]},{\"@type\":\"BreadcrumbList\",\"@id\":\"https:\/\/denizcankizil.tr\/ru\/haberler\/gundem\/narlidere-atayi-andi\/#breadcrumb\",\"itemListElement\":[{\"@type\":\"ListItem\",\"position\":1,\"name\":\"Home\",\"item\":\"https:\/\/denizcankizil.tr\/de\/\"},{\"@type\":\"ListItem\",\"position\":2,\"name\":\"Narl\u0131dere Ata\u2019y\u0131 And\u0131\"}]},{\"@type\":\"WebSite\",\"@id\":\"https:\/\/denizcankizil.tr\/#website\",\"url\":\"https:\/\/denizcankizil.tr\/\",\"name\":\"Av. Deniz Can K\u0131z\u0131l\",\"description\":\"Avukat Deniz Can K\u0131z\u0131l Antalya Barosu\",\"publisher\":{\"@id\":\"https:\/\/denizcankizil.tr\/#organization\"},\"potentialAction\":[{\"@type\":\"SearchAction\",\"target\":{\"@type\":\"EntryPoint\",\"urlTemplate\":\"https:\/\/denizcankizil.tr\/?s={search_term_string}\"},\"query-input\":{\"@type\":\"PropertyValueSpecification\",\"valueRequired\":true,\"valueName\":\"search_term_string\"}}],\"inLanguage\":\"uk\"},{\"@type\":\"Organization\",\"@id\":\"https:\/\/denizcankizil.tr\/#organization\",\"name\":\"Av. Deniz Can K\u0131z\u0131l\",\"url\":\"https:\/\/denizcankizil.tr\/\",\"logo\":{\"@type\":\"ImageObject\",\"inLanguage\":\"uk\",\"@id\":\"https:\/\/denizcankizil.tr\/#\/schema\/logo\/image\/\",\"url\":\"https:\/\/denizcankizil.tr\/wp-content\/uploads\/2024\/10\/siyah-logo-svg.svg\",\"contentUrl\":\"https:\/\/denizcankizil.tr\/wp-content\/uploads\/2024\/10\/siyah-logo-svg.svg\",\"width\":1080,\"height\":1080,\"caption\":\"Av. Deniz Can K\u0131z\u0131l\"},\"image\":{\"@id\":\"https:\/\/denizcankizil.tr\/#\/schema\/logo\/image\/\"}}]}<\/script>\n<!-- \/ Yoast SEO Premium plugin. -->","yoast_head_json":{"title":"Narl\u0131dere Ata\u2019y\u0131 And\u0131 - Av. Deniz Can K\u0131z\u0131l","robots":{"index":"index","follow":"follow","max-snippet":"max-snippet:-1","max-image-preview":"max-image-preview:large","max-video-preview":"max-video-preview:-1"},"canonical":"https:\/\/denizcankizil.tr\/uk\/haberler\/gundem\/narlidere-atayi-andi\/","og_locale":"uk_UA","og_type":"article","og_title":"Narl\u0131dere Ata\u2019y\u0131 And\u0131","og_description":"Gazi Mustafa Kemal Atat\u00fcrk, aram\u0131zdan ayr\u0131l\u0131\u015f\u0131n\u0131n 86\u2019nc\u0131 y\u0131l\u0131nda Narl\u0131dere\u2019de sayg\u0131 ve minnetle an\u0131ld\u0131. Narl\u0131dere Belediyesi, Ata\u2019n\u0131n an\u0131s\u0131na sergi ve hay\u0131r yeme\u011fi d\u00fczenledi. \u200bGazi Mustafa Kemal Atat\u00fcrk, aram\u0131zdan ayr\u0131l\u0131\u015f\u0131n\u0131n 86\u2019nc\u0131 y\u0131l\u0131nda Narl\u0131dere\u2019de sayg\u0131 ve minnetle an\u0131ld\u0131. Narl\u0131dere Belediyesi, Ata\u2019n\u0131n an\u0131s\u0131na sergi ve hay\u0131r yeme\u011fi d\u00fczenledi.\u00a0 \u200bHaberin Al\u0131nt\u0131land\u0131\u011f\u0131 Kaynak: www.iskenderun.org","og_url":"https:\/\/denizcankizil.tr\/uk\/haberler\/gundem\/narlidere-atayi-andi\/","og_site_name":"Av. Deniz Can K\u0131z\u0131l","article_published_time":"2024-11-11T05:41:50+00:00","twitter_card":"summary_large_image","schema":{"@context":"https:\/\/schema.org","@graph":[{"@type":"Article","@id":"https:\/\/denizcankizil.tr\/ru\/haberler\/gundem\/narlidere-atayi-andi\/#article","isPartOf":{"@id":"https:\/\/denizcankizil.tr\/ru\/haberler\/gundem\/narlidere-atayi-andi\/"},"author":{"name":"","@id":""},"headline":"Narl\u0131dere Ata\u2019y\u0131 And\u0131","datePublished":"2024-11-11T05:41:50+00:00","mainEntityOfPage":{"@id":"https:\/\/denizcankizil.tr\/ru\/haberler\/gundem\/narlidere-atayi-andi\/"},"wordCount":93,"commentCount":0,"publisher":{"@id":"https:\/\/denizcankizil.tr\/#organization"},"articleSection":["G\u00fcndem","Uncategorized"],"inLanguage":"uk","potentialAction":[{"@type":"CommentAction","name":"Comment","target":["https:\/\/denizcankizil.tr\/ru\/haberler\/gundem\/narlidere-atayi-andi\/#respond"]}]},{"@type":"WebPage","@id":"https:\/\/denizcankizil.tr\/ru\/haberler\/gundem\/narlidere-atayi-andi\/","url":"https:\/\/denizcankizil.tr\/ru\/haberler\/gundem\/narlidere-atayi-andi\/","name":"Narl\u0131dere Ata\u2019y\u0131 And\u0131 - Av. Deniz Can K\u0131z\u0131l","isPartOf":{"@id":"https:\/\/denizcankizil.tr\/#website"},"datePublished":"2024-11-11T05:41:50+00:00","breadcrumb":{"@id":"https:\/\/denizcankizil.tr\/ru\/haberler\/gundem\/narlidere-atayi-andi\/#breadcrumb"},"inLanguage":"uk","potentialAction":[{"@type":"ReadAction","target":["https:\/\/denizcankizil.tr\/ru\/haberler\/gundem\/narlidere-atayi-andi\/"]}]},{"@type":"BreadcrumbList","@id":"https:\/\/denizcankizil.tr\/ru\/haberler\/gundem\/narlidere-atayi-andi\/#breadcrumb","itemListElement":[{"@type":"ListItem","position":1,"name":"Home","item":"https:\/\/denizcankizil.tr\/de\/"},{"@type":"ListItem","position":2,"name":"Narl\u0131dere Ata\u2019y\u0131 And\u0131"}]},{"@type":"WebSite","@id":"https:\/\/denizcankizil.tr\/#website","url":"https:\/\/denizcankizil.tr\/","name":"Av. Deniz Can K\u0131z\u0131l","description":"Avukat Deniz Can K\u0131z\u0131l Antalya Barosu","publisher":{"@id":"https:\/\/denizcankizil.tr\/#organization"},"potentialAction":[{"@type":"SearchAction","target":{"@type":"EntryPoint","urlTemplate":"https:\/\/denizcankizil.tr\/?s={search_term_string}"},"query-input":{"@type":"PropertyValueSpecification","valueRequired":true,"valueName":"search_term_string"}}],"inLanguage":"uk"},{"@type":"Organization","@id":"https:\/\/denizcankizil.tr\/#organization","name":"Av. Deniz Can K\u0131z\u0131l","url":"https:\/\/denizcankizil.tr\/","logo":{"@type":"ImageObject","inLanguage":"uk","@id":"https:\/\/denizcankizil.tr\/#\/schema\/logo\/image\/","url":"https:\/\/denizcankizil.tr\/wp-content\/uploads\/2024\/10\/siyah-logo-svg.svg","contentUrl":"https:\/\/denizcankizil.tr\/wp-content\/uploads\/2024\/10\/siyah-logo-svg.svg","width":1080,"height":1080,"caption":"Av. Deniz Can K\u0131z\u0131l"},"image":{"@id":"https:\/\/denizcankizil.tr\/#\/schema\/logo\/image\/"}}]}},"_links":{"self":[{"href":"https:\/\/denizcankizil.tr\/uk\/wp-json\/wp\/v2\/posts\/15488","targetHints":{"allow":["GET"]}}],"collection":[{"href":"https:\/\/denizcankizil.tr\/uk\/wp-json\/wp\/v2\/posts"}],"about":[{"href":"https:\/\/denizcankizil.tr\/uk\/wp-json\/wp\/v2\/types\/post"}],"replies":[{"embeddable":true,"href":"https:\/\/denizcankizil.tr\/uk\/wp-json\/wp\/v2\/comments?post=15488"}],"version-history":[{"count":0,"href":"https:\/\/denizcankizil.tr\/uk\/wp-json\/wp\/v2\/posts\/15488\/revisions"}],"wp:attachment":[{"href":"https:\/\/denizcankizil.tr\/uk\/wp-json\/wp\/v2\/media?parent=15488"}],"wp:term":[{"taxonomy":"category","embeddable":true,"href":"https:\/\/denizcankizil.tr\/uk\/wp-json\/wp\/v2\/categories?post=15488"},{"taxonomy":"post_tag","embeddable":true,"href":"https:\/\/denizcankizil.tr\/uk\/wp-json\/wp\/v2\/tags?post=15488"}],"curies":[{"name":"wp","href":"https:\/\/api.w.org\/{rel}","templated":true}]}}