{"id":1538,"date":"2024-10-11T16:04:31","date_gmt":"2024-10-11T16:04:31","guid":{"rendered":"https:\/\/denizcankizil.tr\/uncategorized\/liseli-genclerden-plaj-voleybolu-ve-muzik-soleni\/"},"modified":"2024-10-11T16:04:31","modified_gmt":"2024-10-11T16:04:31","slug":"liseli-genclerden-plaj-voleybolu-ve-muzik-soleni","status":"publish","type":"post","link":"https:\/\/denizcankizil.tr\/uk\/haberler\/gundem\/liseli-genclerden-plaj-voleybolu-ve-muzik-soleni\/","title":{"rendered":"Liseli gen\u00e7lerden plaj voleybolu ve m\u00fczik \u015f\u00f6leni"},"content":{"rendered":"<p>\u0130zmir B\u00fcy\u00fck\u015fehir Belediyesi\u2019nin d\u00fczenledi\u011fi Liseliler Plaj Voleybolu \u015eenli\u011fi ba\u015flad\u0131. \u015eenlikte, ayn\u0131 zamanda liseli gen\u00e7lerden olu\u015fan m\u00fczik gruplar\u0131 da sahne al\u0131yor.<\/p>\n<p>\u200b\u0130zmir B\u00fcy\u00fck\u015fehir Belediyesi\u2019nin d\u00fczenledi\u011fi Liseliler Plaj Voleybolu \u015eenli\u011fi ba\u015flad\u0131. \u015eenlikte, ayn\u0131 zamanda liseli gen\u00e7lerden olu\u015fan m\u00fczik gruplar\u0131 da sahne al\u0131yor.\u00a0<\/p>\n<p>\u200biskenderun<\/p>","protected":false},"excerpt":{"rendered":"<p>\u0130zmir B\u00fcy\u00fck\u015fehir Belediyesi\u2019nin d\u00fczenledi\u011fi Liseliler Plaj Voleybolu \u015eenli\u011fi ba\u015flad\u0131. \u015eenlikte, ayn\u0131 zamanda liseli gen\u00e7lerden olu\u015fan m\u00fczik gruplar\u0131 da sahne al\u0131yor. \u200b\u0130zmir B\u00fcy\u00fck\u015fehir Belediyesi\u2019nin d\u00fczenledi\u011fi Liseliler Plaj Voleybolu \u015eenli\u011fi ba\u015flad\u0131. \u015eenlikte, ayn\u0131 zamanda liseli gen\u00e7lerden olu\u015fan m\u00fczik gruplar\u0131 da sahne al\u0131yor.\u00a0 \u200biskenderun<\/p>","protected":false},"author":0,"featured_media":0,"comment_status":"open","ping_status":"open","sticky":false,"template":"","format":"standard","meta":{"_acf_changed":false,"footnotes":""},"categories":[24],"tags":[],"class_list":["post-1538","post","type-post","status-publish","format-standard","has-post-thumbnail","hentry","category-gundem"],"acf":[],"yoast_head":"<!-- This site is optimized with the Yoast SEO Premium plugin v26.6 (Yoast SEO v27.1.1) - https:\/\/yoast.com\/product\/yoast-seo-premium-wordpress\/ -->\n<title>Liseli gen\u00e7lerden plaj voleybolu ve m\u00fczik \u015f\u00f6leni - Av. Deniz Can K\u0131z\u0131l<\/title>\n<meta name=\"robots\" content=\"index, follow, max-snippet:-1, max-image-preview:large, max-video-preview:-1\" \/>\n<link rel=\"canonical\" href=\"https:\/\/denizcankizil.tr\/uk\/haberler\/gundem\/liseli-genclerden-plaj-voleybolu-ve-muzik-soleni\/\" \/>\n<meta property=\"og:locale\" content=\"uk_UA\" \/>\n<meta property=\"og:type\" content=\"article\" \/>\n<meta property=\"og:title\" content=\"Liseli gen\u00e7lerden plaj voleybolu ve m\u00fczik \u015f\u00f6leni\" \/>\n<meta property=\"og:description\" content=\"\u0130zmir B\u00fcy\u00fck\u015fehir Belediyesi\u2019nin d\u00fczenledi\u011fi Liseliler Plaj Voleybolu \u015eenli\u011fi ba\u015flad\u0131. \u015eenlikte, ayn\u0131 zamanda liseli gen\u00e7lerden olu\u015fan m\u00fczik gruplar\u0131 da sahne al\u0131yor. \u200b\u0130zmir B\u00fcy\u00fck\u015fehir Belediyesi\u2019nin d\u00fczenledi\u011fi Liseliler Plaj Voleybolu \u015eenli\u011fi ba\u015flad\u0131. \u015eenlikte, ayn\u0131 zamanda liseli gen\u00e7lerden olu\u015fan m\u00fczik gruplar\u0131 da sahne al\u0131yor.\u00a0 \u200biskenderun\" \/>\n<meta property=\"og:url\" content=\"https:\/\/denizcankizil.tr\/uk\/haberler\/gundem\/liseli-genclerden-plaj-voleybolu-ve-muzik-soleni\/\" \/>\n<meta property=\"og:site_name\" content=\"Av. Deniz Can K\u0131z\u0131l\" \/>\n<meta property=\"article:published_time\" content=\"2024-10-11T16:04:31+00:00\" \/>\n<meta name=\"twitter:card\" content=\"summary_large_image\" \/>\n<script type=\"application\/ld+json\" class=\"yoast-schema-graph\">{\"@context\":\"https:\/\/schema.org\",\"@graph\":[{\"@type\":\"Article\",\"@id\":\"https:\/\/denizcankizil.tr\/ru\/haberler\/gundem\/liseli-genclerden-plaj-voleybolu-ve-muzik-soleni\/#article\",\"isPartOf\":{\"@id\":\"https:\/\/denizcankizil.tr\/ru\/haberler\/gundem\/liseli-genclerden-plaj-voleybolu-ve-muzik-soleni\/\"},\"author\":{\"name\":\"\",\"@id\":\"\"},\"headline\":\"Liseli gen\u00e7lerden plaj voleybolu ve m\u00fczik \u015f\u00f6leni\",\"datePublished\":\"2024-10-11T16:04:31+00:00\",\"mainEntityOfPage\":{\"@id\":\"https:\/\/denizcankizil.tr\/ru\/haberler\/gundem\/liseli-genclerden-plaj-voleybolu-ve-muzik-soleni\/\"},\"wordCount\":74,\"commentCount\":0,\"publisher\":{\"@id\":\"https:\/\/denizcankizil.tr\/de\/#organization\"},\"articleSection\":[\"G\u00fcndem\"],\"inLanguage\":\"uk\",\"potentialAction\":[{\"@type\":\"CommentAction\",\"name\":\"Comment\",\"target\":[\"https:\/\/denizcankizil.tr\/ru\/haberler\/gundem\/liseli-genclerden-plaj-voleybolu-ve-muzik-soleni\/#respond\"]}]},{\"@type\":\"WebPage\",\"@id\":\"https:\/\/denizcankizil.tr\/ru\/haberler\/gundem\/liseli-genclerden-plaj-voleybolu-ve-muzik-soleni\/\",\"url\":\"https:\/\/denizcankizil.tr\/ru\/haberler\/gundem\/liseli-genclerden-plaj-voleybolu-ve-muzik-soleni\/\",\"name\":\"Liseli gen\u00e7lerden plaj voleybolu ve m\u00fczik \u015f\u00f6leni - Av. Deniz Can K\u0131z\u0131l\",\"isPartOf\":{\"@id\":\"https:\/\/denizcankizil.tr\/de\/#website\"},\"datePublished\":\"2024-10-11T16:04:31+00:00\",\"breadcrumb\":{\"@id\":\"https:\/\/denizcankizil.tr\/ru\/haberler\/gundem\/liseli-genclerden-plaj-voleybolu-ve-muzik-soleni\/#breadcrumb\"},\"inLanguage\":\"uk\",\"potentialAction\":[{\"@type\":\"ReadAction\",\"target\":[\"https:\/\/denizcankizil.tr\/ru\/haberler\/gundem\/liseli-genclerden-plaj-voleybolu-ve-muzik-soleni\/\"]}]},{\"@type\":\"BreadcrumbList\",\"@id\":\"https:\/\/denizcankizil.tr\/ru\/haberler\/gundem\/liseli-genclerden-plaj-voleybolu-ve-muzik-soleni\/#breadcrumb\",\"itemListElement\":[{\"@type\":\"ListItem\",\"position\":1,\"name\":\"Home\",\"item\":\"https:\/\/denizcankizil.tr\/de\/\"},{\"@type\":\"ListItem\",\"position\":2,\"name\":\"Liseli gen\u00e7lerden plaj voleybolu ve m\u00fczik \u015f\u00f6leni\"}]},{\"@type\":\"WebSite\",\"@id\":\"https:\/\/denizcankizil.tr\/de\/#website\",\"url\":\"https:\/\/denizcankizil.tr\/de\/\",\"name\":\"Av. Deniz Can K\u0131z\u0131l\",\"description\":\"Avukat Deniz Can K\u0131z\u0131l Antalya Barosu\",\"publisher\":{\"@id\":\"https:\/\/denizcankizil.tr\/de\/#organization\"},\"potentialAction\":[{\"@type\":\"SearchAction\",\"target\":{\"@type\":\"EntryPoint\",\"urlTemplate\":\"https:\/\/denizcankizil.tr\/de\/?s={search_term_string}\"},\"query-input\":{\"@type\":\"PropertyValueSpecification\",\"valueRequired\":true,\"valueName\":\"search_term_string\"}}],\"inLanguage\":\"uk\"},{\"@type\":\"Organization\",\"@id\":\"https:\/\/denizcankizil.tr\/de\/#organization\",\"name\":\"Av. Deniz Can K\u0131z\u0131l\",\"url\":\"https:\/\/denizcankizil.tr\/de\/\",\"logo\":{\"@type\":\"ImageObject\",\"inLanguage\":\"uk\",\"@id\":\"https:\/\/denizcankizil.tr\/de\/#\/schema\/logo\/image\/\",\"url\":\"https:\/\/denizcankizil.tr\/wp-content\/uploads\/2024\/10\/siyah-logo-svg.svg\",\"contentUrl\":\"https:\/\/denizcankizil.tr\/wp-content\/uploads\/2024\/10\/siyah-logo-svg.svg\",\"width\":1080,\"height\":1080,\"caption\":\"Av. Deniz Can K\u0131z\u0131l\"},\"image\":{\"@id\":\"https:\/\/denizcankizil.tr\/de\/#\/schema\/logo\/image\/\"}}]}<\/script>\n<!-- \/ Yoast SEO Premium plugin. -->","yoast_head_json":{"title":"Liseli gen\u00e7lerden plaj voleybolu ve m\u00fczik \u015f\u00f6leni - Av. Deniz Can K\u0131z\u0131l","robots":{"index":"index","follow":"follow","max-snippet":"max-snippet:-1","max-image-preview":"max-image-preview:large","max-video-preview":"max-video-preview:-1"},"canonical":"https:\/\/denizcankizil.tr\/uk\/haberler\/gundem\/liseli-genclerden-plaj-voleybolu-ve-muzik-soleni\/","og_locale":"uk_UA","og_type":"article","og_title":"Liseli gen\u00e7lerden plaj voleybolu ve m\u00fczik \u015f\u00f6leni","og_description":"\u0130zmir B\u00fcy\u00fck\u015fehir Belediyesi\u2019nin d\u00fczenledi\u011fi Liseliler Plaj Voleybolu \u015eenli\u011fi ba\u015flad\u0131. \u015eenlikte, ayn\u0131 zamanda liseli gen\u00e7lerden olu\u015fan m\u00fczik gruplar\u0131 da sahne al\u0131yor. \u200b\u0130zmir B\u00fcy\u00fck\u015fehir Belediyesi\u2019nin d\u00fczenledi\u011fi Liseliler Plaj Voleybolu \u015eenli\u011fi ba\u015flad\u0131. \u015eenlikte, ayn\u0131 zamanda liseli gen\u00e7lerden olu\u015fan m\u00fczik gruplar\u0131 da sahne al\u0131yor.\u00a0 \u200biskenderun","og_url":"https:\/\/denizcankizil.tr\/uk\/haberler\/gundem\/liseli-genclerden-plaj-voleybolu-ve-muzik-soleni\/","og_site_name":"Av. Deniz Can K\u0131z\u0131l","article_published_time":"2024-10-11T16:04:31+00:00","twitter_card":"summary_large_image","schema":{"@context":"https:\/\/schema.org","@graph":[{"@type":"Article","@id":"https:\/\/denizcankizil.tr\/ru\/haberler\/gundem\/liseli-genclerden-plaj-voleybolu-ve-muzik-soleni\/#article","isPartOf":{"@id":"https:\/\/denizcankizil.tr\/ru\/haberler\/gundem\/liseli-genclerden-plaj-voleybolu-ve-muzik-soleni\/"},"author":{"name":"","@id":""},"headline":"Liseli gen\u00e7lerden plaj voleybolu ve m\u00fczik \u015f\u00f6leni","datePublished":"2024-10-11T16:04:31+00:00","mainEntityOfPage":{"@id":"https:\/\/denizcankizil.tr\/ru\/haberler\/gundem\/liseli-genclerden-plaj-voleybolu-ve-muzik-soleni\/"},"wordCount":74,"commentCount":0,"publisher":{"@id":"https:\/\/denizcankizil.tr\/de\/#organization"},"articleSection":["G\u00fcndem"],"inLanguage":"uk","potentialAction":[{"@type":"CommentAction","name":"Comment","target":["https:\/\/denizcankizil.tr\/ru\/haberler\/gundem\/liseli-genclerden-plaj-voleybolu-ve-muzik-soleni\/#respond"]}]},{"@type":"WebPage","@id":"https:\/\/denizcankizil.tr\/ru\/haberler\/gundem\/liseli-genclerden-plaj-voleybolu-ve-muzik-soleni\/","url":"https:\/\/denizcankizil.tr\/ru\/haberler\/gundem\/liseli-genclerden-plaj-voleybolu-ve-muzik-soleni\/","name":"Liseli gen\u00e7lerden plaj voleybolu ve m\u00fczik \u015f\u00f6leni - Av. Deniz Can K\u0131z\u0131l","isPartOf":{"@id":"https:\/\/denizcankizil.tr\/de\/#website"},"datePublished":"2024-10-11T16:04:31+00:00","breadcrumb":{"@id":"https:\/\/denizcankizil.tr\/ru\/haberler\/gundem\/liseli-genclerden-plaj-voleybolu-ve-muzik-soleni\/#breadcrumb"},"inLanguage":"uk","potentialAction":[{"@type":"ReadAction","target":["https:\/\/denizcankizil.tr\/ru\/haberler\/gundem\/liseli-genclerden-plaj-voleybolu-ve-muzik-soleni\/"]}]},{"@type":"BreadcrumbList","@id":"https:\/\/denizcankizil.tr\/ru\/haberler\/gundem\/liseli-genclerden-plaj-voleybolu-ve-muzik-soleni\/#breadcrumb","itemListElement":[{"@type":"ListItem","position":1,"name":"Home","item":"https:\/\/denizcankizil.tr\/de\/"},{"@type":"ListItem","position":2,"name":"Liseli gen\u00e7lerden plaj voleybolu ve m\u00fczik \u015f\u00f6leni"}]},{"@type":"WebSite","@id":"https:\/\/denizcankizil.tr\/de\/#website","url":"https:\/\/denizcankizil.tr\/de\/","name":"Av. Deniz Can K\u0131z\u0131l","description":"Avukat Deniz Can K\u0131z\u0131l Antalya Barosu","publisher":{"@id":"https:\/\/denizcankizil.tr\/de\/#organization"},"potentialAction":[{"@type":"SearchAction","target":{"@type":"EntryPoint","urlTemplate":"https:\/\/denizcankizil.tr\/de\/?s={search_term_string}"},"query-input":{"@type":"PropertyValueSpecification","valueRequired":true,"valueName":"search_term_string"}}],"inLanguage":"uk"},{"@type":"Organization","@id":"https:\/\/denizcankizil.tr\/de\/#organization","name":"Av. Deniz Can K\u0131z\u0131l","url":"https:\/\/denizcankizil.tr\/de\/","logo":{"@type":"ImageObject","inLanguage":"uk","@id":"https:\/\/denizcankizil.tr\/de\/#\/schema\/logo\/image\/","url":"https:\/\/denizcankizil.tr\/wp-content\/uploads\/2024\/10\/siyah-logo-svg.svg","contentUrl":"https:\/\/denizcankizil.tr\/wp-content\/uploads\/2024\/10\/siyah-logo-svg.svg","width":1080,"height":1080,"caption":"Av. Deniz Can K\u0131z\u0131l"},"image":{"@id":"https:\/\/denizcankizil.tr\/de\/#\/schema\/logo\/image\/"}}]}},"_links":{"self":[{"href":"https:\/\/denizcankizil.tr\/uk\/wp-json\/wp\/v2\/posts\/1538","targetHints":{"allow":["GET"]}}],"collection":[{"href":"https:\/\/denizcankizil.tr\/uk\/wp-json\/wp\/v2\/posts"}],"about":[{"href":"https:\/\/denizcankizil.tr\/uk\/wp-json\/wp\/v2\/types\/post"}],"replies":[{"embeddable":true,"href":"https:\/\/denizcankizil.tr\/uk\/wp-json\/wp\/v2\/comments?post=1538"}],"version-history":[{"count":0,"href":"https:\/\/denizcankizil.tr\/uk\/wp-json\/wp\/v2\/posts\/1538\/revisions"}],"wp:attachment":[{"href":"https:\/\/denizcankizil.tr\/uk\/wp-json\/wp\/v2\/media?parent=1538"}],"wp:term":[{"taxonomy":"category","embeddable":true,"href":"https:\/\/denizcankizil.tr\/uk\/wp-json\/wp\/v2\/categories?post=1538"},{"taxonomy":"post_tag","embeddable":true,"href":"https:\/\/denizcankizil.tr\/uk\/wp-json\/wp\/v2\/tags?post=1538"}],"curies":[{"name":"wp","href":"https:\/\/api.w.org\/{rel}","templated":true}]}}