{"id":152795,"date":"2025-07-21T13:43:17","date_gmt":"2025-07-21T10:43:17","guid":{"rendered":"https:\/\/denizcankizil.tr\/uncategorized-tr\/emeklilere-blokaj-tepkisi\/"},"modified":"2025-07-21T13:43:17","modified_gmt":"2025-07-21T10:43:17","slug":"emeklilere-blokaj-tepkisi","status":"publish","type":"post","link":"https:\/\/denizcankizil.tr\/uk\/haberler\/gundem\/emeklilere-blokaj-tepkisi\/","title":{"rendered":"Emeklilere Blokaj Tepkisi!"},"content":{"rendered":"<p>Emekli ayl\u0131\u011f\u0131na blokaj insan onuruna ve sosyal devlet ilkesine ayk\u0131r\u0131 oldu\u011funu ifade eden T\u00fcm Emekliler Sendikas\u0131 \u015eube Y\u00fcr\u00fctme Kurulu \u00dcyesi R\u0131zkullah Terbiyeli, a\u00e7\u0131klamas\u0131nda karar\u0131n geri \u00e7ekilmesi \u00e7a\u011fr\u0131s\u0131nda bulundu.<\/p>\n<p>\u201cEmekli, Hakk\u0131yla Kazand\u0131\u011f\u0131 Gelire Sahip \u00c7\u0131kmal\u0131\u201d<\/p>\n<p>Terbiyeli, a\u00e7\u0131klamas\u0131nda emeklili\u011fi, \u201chayat\u0131n en y\u00fcksek mertebesi\u201d olarak tan\u0131mlayarak, bir \u00f6mr\u00fc \u00e7al\u0131\u015farak ge\u00e7iren yurtta\u015flar\u0131n bu d\u00f6nemde huzur i\u00e7inde ya\u015fama hakk\u0131na sahip oldu\u011funu, ancak g\u00fcn\u00fcm\u00fczde emeklilerin giderek yoksulla\u015ft\u0131\u011f\u0131n\u0131, ge\u00e7im s\u0131k\u0131nt\u0131s\u0131 nedeniyle yeniden i\u015f aramaya ba\u015flad\u0131klar\u0131n\u0131 vurgulad\u0131.<\/p>\n<p>Bug\u00fcn binlerce emeklinin, \u015fantiyelerde bek\u00e7ilik, pazarlarda sat\u0131\u015f yapt\u0131\u011f\u0131n\u0131, sitelerde temizlik g\u00f6revlisi olmak i\u00e7in s\u0131raya girdiklerini ifade eden Terbiyeli \u201cBu tablo utan\u00e7 vericidir. Emeklilerin insanca ya\u015fam hakk\u0131 ellerinden al\u0131nd\u0131\u201d dedi.<\/p>\n<p>BANKALAR BLOKAJ \u0130\u00c7\u0130N<\/p>\n<p>DAYANAK ARIYOR<\/p>\n<p>Bir\u00e7ok emeklinin ge\u00e7inemedi\u011fi i\u00e7in zaman zaman bankalardan kredi \u00e7ekmek zorunda kald\u0131\u011f\u0131n\u0131 hat\u0131rlatan Terbiyeli, emeklilerin bor\u00e7lar\u0131n\u0131 \u00e7o\u011funlukla zaman\u0131nda \u00f6dediklerini, buna ra\u011fmen bankalar\u0131n emekli maa\u015flar\u0131na g\u00f6z dikti\u011fini dile getirdi.<\/p>\n<p>Terbiyeli, 5510 Say\u0131l\u0131 Sosyal Sigortalar ve Genel Sa\u011fl\u0131k Sigortas\u0131 Kanunu\u2019nun 88. maddesine g\u00f6re, emekli maa\u015flar\u0131n\u0131n nafaka ve SGK alacaklar\u0131 d\u0131\u015f\u0131nda haczedilemeyece\u011fi h\u00fckme ba\u011flanm\u0131\u015fken, bankalar\u0131n bu korumay\u0131 delmeye \u00e7al\u0131\u015ft\u0131\u011f\u0131n\u0131 kaydetti.<\/p>\n<p>YARGITAY&#8217;DAN TEPK\u0130 \u00c7EKEN KARAR<\/p>\n<p>21 Mart 2025 tarihinde Yarg\u0131tay \u0130\u00e7tihatlar\u0131 Birle\u015ftirme B\u00fcy\u00fck Genel Kurulu taraf\u0131ndan al\u0131nan kararla, t\u00fcketici kredisi borcu nedeniyle emekli maa\u015f\u0131na bloke konulmas\u0131n\u0131n \u00f6n\u00fc a\u00e7\u0131ld\u0131. Kararda, emeklinin verdi\u011fi otomatik \u00f6deme talimat\u0131 do\u011frultusunda bankan\u0131n maa\u015f hesab\u0131na bloke koymas\u0131n\u0131n m\u00fcmk\u00fcn oldu\u011fu ifade ediliyor.<\/p>\n<p>Karara kar\u015f\u0131 \u00e7\u0131kan Yarg\u0131tay \u00fcyesi h\u00e2kimin kar\u015f\u0131 oy gerek\u00e7esi ise dikkat \u00e7ekti. Bloke uygulamas\u0131n\u0131n do\u011frudan el koyma anlam\u0131na geldi\u011fini ve bu durumun sosyal devlet ilkesiyle ba\u011fda\u015fmad\u0131\u011f\u0131n\u0131 ifade eden h\u00e2kim, \u015fu ifadeleri kulland\u0131: \u201cEmekliler ekmeksiz, \u00e7orbas\u0131z, sobas\u0131z, \u0131\u015f\u0131ks\u0131z kal\u0131rsa kals\u0131nlar ama \u00f6nce banka bor\u00e7lar\u0131 \u00f6densin sonucunu do\u011furan bir yorum kabul edilemez.\u201d<\/p>\n<p>\u201cSOSYAL DEVLET EMEKL\u0130Y\u0130 KORUMALIDIR\u201d<\/p>\n<p>Terbiyeli toplumun, dolar milyarderleri olmadan da geli\u015febilece\u011fini ancak emek\u00e7iler olmadan g\u00fc\u00e7lenemeyece\u011fini s\u00f6zlerine ekleyen Terbiyeli sosyal devlet, paradan para kazananlar\u0131n alacaklar\u0131 \u00fc\u00e7 kuru\u015f eksik kalacak diye, emeklilerin g\u00f6zden \u00e7\u0131kar\u0131lamayaca\u011f\u0131n\u0131n alt\u0131n\u0131 \u00e7izdi.<\/p>\n<p>\u200bT\u00fcm Emekliler Sendikas\u0131 \u0130skenderun \u015eubesi Y\u00fcr\u00fctme Kurulu \u00dcyesi Rizkullah Terbiyeli, Yarg\u0131tay\u2019\u0131n emekli maa\u015flar\u0131na y\u00f6nelik banka blokaj\u0131na imk\u00e2n tan\u0131yan karar\u0131na sert tepki g\u00f6sterdi.\u00a0<\/p>\n<p>\u200bHaberin Al\u0131nt\u0131land\u0131\u011f\u0131 Kaynak: www.iskenderun.org<\/p>","protected":false},"excerpt":{"rendered":"<p>Emekli ayl\u0131\u011f\u0131na blokaj insan onuruna ve sosyal devlet ilkesine ayk\u0131r\u0131 oldu\u011funu ifade eden T\u00fcm Emekliler Sendikas\u0131 \u015eube Y\u00fcr\u00fctme Kurulu \u00dcyesi R\u0131zkullah Terbiyeli, a\u00e7\u0131klamas\u0131nda karar\u0131n geri \u00e7ekilmesi \u00e7a\u011fr\u0131s\u0131nda bulundu. \u201cEmekli, Hakk\u0131yla Kazand\u0131\u011f\u0131 Gelire Sahip \u00c7\u0131kmal\u0131\u201d Terbiyeli, a\u00e7\u0131klamas\u0131nda emeklili\u011fi, \u201chayat\u0131n en y\u00fcksek mertebesi\u201d olarak tan\u0131mlayarak, bir \u00f6mr\u00fc \u00e7al\u0131\u015farak ge\u00e7iren yurtta\u015flar\u0131n bu d\u00f6nemde huzur i\u00e7inde ya\u015fama hakk\u0131na sahip oldu\u011funu, ancak g\u00fcn\u00fcm\u00fczde emeklilerin giderek yoksulla\u015ft\u0131\u011f\u0131n\u0131, ge\u00e7im s\u0131k\u0131nt\u0131s\u0131 nedeniyle yeniden i\u015f aramaya ba\u015flad\u0131klar\u0131n\u0131 vurgulad\u0131. Bug\u00fcn binlerce emeklinin, \u015fantiyelerde bek\u00e7ilik, pazarlarda sat\u0131\u015f yapt\u0131\u011f\u0131n\u0131, sitelerde temizlik g\u00f6revlisi olmak i\u00e7in s\u0131raya girdiklerini ifade eden Terbiyeli \u201cBu tablo utan\u00e7 vericidir. Emeklilerin insanca ya\u015fam hakk\u0131 ellerinden al\u0131nd\u0131\u201d dedi. BANKALAR BLOKAJ \u0130\u00c7\u0130N DAYANAK ARIYOR Bir\u00e7ok emeklinin ge\u00e7inemedi\u011fi i\u00e7in zaman zaman bankalardan kredi \u00e7ekmek zorunda kald\u0131\u011f\u0131n\u0131 hat\u0131rlatan Terbiyeli, emeklilerin bor\u00e7lar\u0131n\u0131 \u00e7o\u011funlukla zaman\u0131nda \u00f6dediklerini, buna ra\u011fmen bankalar\u0131n emekli maa\u015flar\u0131na g\u00f6z dikti\u011fini dile getirdi. Terbiyeli, 5510 Say\u0131l\u0131 Sosyal Sigortalar ve Genel Sa\u011fl\u0131k Sigortas\u0131 Kanunu\u2019nun 88. maddesine g\u00f6re, emekli maa\u015flar\u0131n\u0131n nafaka ve SGK alacaklar\u0131 d\u0131\u015f\u0131nda haczedilemeyece\u011fi h\u00fckme ba\u011flanm\u0131\u015fken, bankalar\u0131n bu korumay\u0131 delmeye \u00e7al\u0131\u015ft\u0131\u011f\u0131n\u0131 kaydetti. YARGITAY&#8217;DAN TEPK\u0130 \u00c7EKEN KARAR 21 Mart 2025 tarihinde Yarg\u0131tay \u0130\u00e7tihatlar\u0131 Birle\u015ftirme B\u00fcy\u00fck Genel Kurulu taraf\u0131ndan al\u0131nan kararla, t\u00fcketici kredisi borcu nedeniyle emekli maa\u015f\u0131na bloke konulmas\u0131n\u0131n \u00f6n\u00fc a\u00e7\u0131ld\u0131. Kararda, emeklinin verdi\u011fi otomatik \u00f6deme talimat\u0131 do\u011frultusunda bankan\u0131n maa\u015f hesab\u0131na bloke koymas\u0131n\u0131n m\u00fcmk\u00fcn oldu\u011fu &hellip;<\/p>","protected":false},"author":1,"featured_media":0,"comment_status":"","ping_status":"open","sticky":false,"template":"","format":"standard","meta":{"_acf_changed":false,"footnotes":""},"categories":[24],"tags":[],"class_list":["post-152795","post","type-post","status-publish","format-standard","has-post-thumbnail","hentry","category-gundem"],"acf":[],"yoast_head":"<!-- This site is optimized with the Yoast SEO Premium plugin v26.6 (Yoast SEO v27.1.1) - https:\/\/yoast.com\/product\/yoast-seo-premium-wordpress\/ -->\n<title>Emeklilere Blokaj Tepkisi! - Av. Deniz Can K\u0131z\u0131l<\/title>\n<meta name=\"robots\" content=\"index, follow, max-snippet:-1, max-image-preview:large, max-video-preview:-1\" \/>\n<link rel=\"canonical\" href=\"https:\/\/denizcankizil.tr\/uk\/haberler\/gundem\/emeklilere-blokaj-tepkisi\/\" \/>\n<meta property=\"og:locale\" content=\"uk_UA\" \/>\n<meta property=\"og:type\" content=\"article\" \/>\n<meta property=\"og:title\" content=\"Emeklilere Blokaj Tepkisi!\" \/>\n<meta property=\"og:description\" content=\"Emekli ayl\u0131\u011f\u0131na blokaj insan onuruna ve sosyal devlet ilkesine ayk\u0131r\u0131 oldu\u011funu ifade eden T\u00fcm Emekliler Sendikas\u0131 \u015eube Y\u00fcr\u00fctme Kurulu \u00dcyesi R\u0131zkullah Terbiyeli, a\u00e7\u0131klamas\u0131nda karar\u0131n geri \u00e7ekilmesi \u00e7a\u011fr\u0131s\u0131nda bulundu. \u201cEmekli, Hakk\u0131yla Kazand\u0131\u011f\u0131 Gelire Sahip \u00c7\u0131kmal\u0131\u201d Terbiyeli, a\u00e7\u0131klamas\u0131nda emeklili\u011fi, \u201chayat\u0131n en y\u00fcksek mertebesi\u201d olarak tan\u0131mlayarak, bir \u00f6mr\u00fc \u00e7al\u0131\u015farak ge\u00e7iren yurtta\u015flar\u0131n bu d\u00f6nemde huzur i\u00e7inde ya\u015fama hakk\u0131na sahip oldu\u011funu, ancak g\u00fcn\u00fcm\u00fczde emeklilerin giderek yoksulla\u015ft\u0131\u011f\u0131n\u0131, ge\u00e7im s\u0131k\u0131nt\u0131s\u0131 nedeniyle yeniden i\u015f aramaya ba\u015flad\u0131klar\u0131n\u0131 vurgulad\u0131. Bug\u00fcn binlerce emeklinin, \u015fantiyelerde bek\u00e7ilik, pazarlarda sat\u0131\u015f yapt\u0131\u011f\u0131n\u0131, sitelerde temizlik g\u00f6revlisi olmak i\u00e7in s\u0131raya girdiklerini ifade eden Terbiyeli \u201cBu tablo utan\u00e7 vericidir. Emeklilerin insanca ya\u015fam hakk\u0131 ellerinden al\u0131nd\u0131\u201d dedi. BANKALAR BLOKAJ \u0130\u00c7\u0130N DAYANAK ARIYOR Bir\u00e7ok emeklinin ge\u00e7inemedi\u011fi i\u00e7in zaman zaman bankalardan kredi \u00e7ekmek zorunda kald\u0131\u011f\u0131n\u0131 hat\u0131rlatan Terbiyeli, emeklilerin bor\u00e7lar\u0131n\u0131 \u00e7o\u011funlukla zaman\u0131nda \u00f6dediklerini, buna ra\u011fmen bankalar\u0131n emekli maa\u015flar\u0131na g\u00f6z dikti\u011fini dile getirdi. Terbiyeli, 5510 Say\u0131l\u0131 Sosyal Sigortalar ve Genel Sa\u011fl\u0131k Sigortas\u0131 Kanunu\u2019nun 88. maddesine g\u00f6re, emekli maa\u015flar\u0131n\u0131n nafaka ve SGK alacaklar\u0131 d\u0131\u015f\u0131nda haczedilemeyece\u011fi h\u00fckme ba\u011flanm\u0131\u015fken, bankalar\u0131n bu korumay\u0131 delmeye \u00e7al\u0131\u015ft\u0131\u011f\u0131n\u0131 kaydetti. YARGITAY&#8217;DAN TEPK\u0130 \u00c7EKEN KARAR 21 Mart 2025 tarihinde Yarg\u0131tay \u0130\u00e7tihatlar\u0131 Birle\u015ftirme B\u00fcy\u00fck Genel Kurulu taraf\u0131ndan al\u0131nan kararla, t\u00fcketici kredisi borcu nedeniyle emekli maa\u015f\u0131na bloke konulmas\u0131n\u0131n \u00f6n\u00fc a\u00e7\u0131ld\u0131. Kararda, emeklinin verdi\u011fi otomatik \u00f6deme talimat\u0131 do\u011frultusunda bankan\u0131n maa\u015f hesab\u0131na bloke koymas\u0131n\u0131n m\u00fcmk\u00fcn oldu\u011fu &hellip;\" \/>\n<meta property=\"og:url\" content=\"https:\/\/denizcankizil.tr\/uk\/haberler\/gundem\/emeklilere-blokaj-tepkisi\/\" \/>\n<meta property=\"og:site_name\" content=\"Av. Deniz Can K\u0131z\u0131l\" \/>\n<meta property=\"article:published_time\" content=\"2025-07-21T10:43:17+00:00\" \/>\n<meta name=\"author\" content=\"admin\" \/>\n<meta name=\"twitter:card\" content=\"summary_large_image\" \/>\n<meta name=\"twitter:label1\" content=\"\u041d\u0430\u043f\u0438\u0441\u0430\u043d\u043e\" \/>\n\t<meta name=\"twitter:data1\" content=\"admin\" \/>\n\t<meta name=\"twitter:label2\" content=\"\u041f\u0440\u0438\u0431\u043b. \u0447\u0430\u0441 \u0447\u0438\u0442\u0430\u043d\u043d\u044f\" \/>\n\t<meta name=\"twitter:data2\" content=\"2 \u0445\u0432\u0438\u043b\u0438\u043d\u0438\" \/>\n<script type=\"application\/ld+json\" class=\"yoast-schema-graph\">{\"@context\":\"https:\/\/schema.org\",\"@graph\":[{\"@type\":\"Article\",\"@id\":\"https:\/\/denizcankizil.tr\/de\/haberler\/gundem\/emeklilere-blokaj-tepkisi\/#article\",\"isPartOf\":{\"@id\":\"https:\/\/denizcankizil.tr\/de\/haberler\/gundem\/emeklilere-blokaj-tepkisi\/\"},\"author\":{\"name\":\"admin\",\"@id\":\"https:\/\/denizcankizil.tr\/de\/#\/schema\/person\/be3c05fe6a12686905512445d8185489\"},\"headline\":\"Emeklilere Blokaj Tepkisi!\",\"datePublished\":\"2025-07-21T10:43:17+00:00\",\"mainEntityOfPage\":{\"@id\":\"https:\/\/denizcankizil.tr\/de\/haberler\/gundem\/emeklilere-blokaj-tepkisi\/\"},\"wordCount\":461,\"publisher\":{\"@id\":\"https:\/\/denizcankizil.tr\/de\/#organization\"},\"articleSection\":[\"G\u00fcndem\"],\"inLanguage\":\"uk\"},{\"@type\":\"WebPage\",\"@id\":\"https:\/\/denizcankizil.tr\/de\/haberler\/gundem\/emeklilere-blokaj-tepkisi\/\",\"url\":\"https:\/\/denizcankizil.tr\/de\/haberler\/gundem\/emeklilere-blokaj-tepkisi\/\",\"name\":\"Emeklilere Blokaj Tepkisi! - Av. Deniz Can K\u0131z\u0131l\",\"isPartOf\":{\"@id\":\"https:\/\/denizcankizil.tr\/de\/#website\"},\"datePublished\":\"2025-07-21T10:43:17+00:00\",\"breadcrumb\":{\"@id\":\"https:\/\/denizcankizil.tr\/de\/haberler\/gundem\/emeklilere-blokaj-tepkisi\/#breadcrumb\"},\"inLanguage\":\"uk\",\"potentialAction\":[{\"@type\":\"ReadAction\",\"target\":[\"https:\/\/denizcankizil.tr\/de\/haberler\/gundem\/emeklilere-blokaj-tepkisi\/\"]}]},{\"@type\":\"BreadcrumbList\",\"@id\":\"https:\/\/denizcankizil.tr\/de\/haberler\/gundem\/emeklilere-blokaj-tepkisi\/#breadcrumb\",\"itemListElement\":[{\"@type\":\"ListItem\",\"position\":1,\"name\":\"Home\",\"item\":\"https:\/\/denizcankizil.tr\/de\/\"},{\"@type\":\"ListItem\",\"position\":2,\"name\":\"Emeklilere Blokaj Tepkisi!\"}]},{\"@type\":\"WebSite\",\"@id\":\"https:\/\/denizcankizil.tr\/de\/#website\",\"url\":\"https:\/\/denizcankizil.tr\/de\/\",\"name\":\"Av. Deniz Can K\u0131z\u0131l\",\"description\":\"Avukat Deniz Can K\u0131z\u0131l Antalya Barosu\",\"publisher\":{\"@id\":\"https:\/\/denizcankizil.tr\/de\/#organization\"},\"potentialAction\":[{\"@type\":\"SearchAction\",\"target\":{\"@type\":\"EntryPoint\",\"urlTemplate\":\"https:\/\/denizcankizil.tr\/de\/?s={search_term_string}\"},\"query-input\":{\"@type\":\"PropertyValueSpecification\",\"valueRequired\":true,\"valueName\":\"search_term_string\"}}],\"inLanguage\":\"uk\"},{\"@type\":\"Organization\",\"@id\":\"https:\/\/denizcankizil.tr\/de\/#organization\",\"name\":\"Av. Deniz Can K\u0131z\u0131l\",\"url\":\"https:\/\/denizcankizil.tr\/de\/\",\"logo\":{\"@type\":\"ImageObject\",\"inLanguage\":\"uk\",\"@id\":\"https:\/\/denizcankizil.tr\/de\/#\/schema\/logo\/image\/\",\"url\":\"https:\/\/denizcankizil.tr\/wp-content\/uploads\/2024\/10\/siyah-logo-svg.svg\",\"contentUrl\":\"https:\/\/denizcankizil.tr\/wp-content\/uploads\/2024\/10\/siyah-logo-svg.svg\",\"width\":1080,\"height\":1080,\"caption\":\"Av. Deniz Can K\u0131z\u0131l\"},\"image\":{\"@id\":\"https:\/\/denizcankizil.tr\/de\/#\/schema\/logo\/image\/\"}},{\"@type\":\"Person\",\"@id\":\"https:\/\/denizcankizil.tr\/de\/#\/schema\/person\/be3c05fe6a12686905512445d8185489\",\"name\":\"admin\",\"image\":{\"@type\":\"ImageObject\",\"inLanguage\":\"uk\",\"@id\":\"https:\/\/denizcankizil.tr\/de\/#\/schema\/person\/image\/\",\"url\":\"https:\/\/secure.gravatar.com\/avatar\/c1fce94c830dc79107e174f890d7210541c4a63e8e5d816341794a2151c9d58c?s=96&d=mm&r=g\",\"contentUrl\":\"https:\/\/secure.gravatar.com\/avatar\/c1fce94c830dc79107e174f890d7210541c4a63e8e5d816341794a2151c9d58c?s=96&d=mm&r=g\",\"caption\":\"admin\"},\"sameAs\":[\"http:\/\/denizcankizil.tr\"],\"url\":\"https:\/\/www.iskenderun.org\/emeklilere-blokaj-tepkisi\"}]}<\/script>\n<!-- \/ Yoast SEO Premium plugin. -->","yoast_head_json":{"title":"Emeklilere Blokaj Tepkisi! - Av. Deniz Can K\u0131z\u0131l","robots":{"index":"index","follow":"follow","max-snippet":"max-snippet:-1","max-image-preview":"max-image-preview:large","max-video-preview":"max-video-preview:-1"},"canonical":"https:\/\/denizcankizil.tr\/uk\/haberler\/gundem\/emeklilere-blokaj-tepkisi\/","og_locale":"uk_UA","og_type":"article","og_title":"Emeklilere Blokaj Tepkisi!","og_description":"Emekli ayl\u0131\u011f\u0131na blokaj insan onuruna ve sosyal devlet ilkesine ayk\u0131r\u0131 oldu\u011funu ifade eden T\u00fcm Emekliler Sendikas\u0131 \u015eube Y\u00fcr\u00fctme Kurulu \u00dcyesi R\u0131zkullah Terbiyeli, a\u00e7\u0131klamas\u0131nda karar\u0131n geri \u00e7ekilmesi \u00e7a\u011fr\u0131s\u0131nda bulundu. \u201cEmekli, Hakk\u0131yla Kazand\u0131\u011f\u0131 Gelire Sahip \u00c7\u0131kmal\u0131\u201d Terbiyeli, a\u00e7\u0131klamas\u0131nda emeklili\u011fi, \u201chayat\u0131n en y\u00fcksek mertebesi\u201d olarak tan\u0131mlayarak, bir \u00f6mr\u00fc \u00e7al\u0131\u015farak ge\u00e7iren yurtta\u015flar\u0131n bu d\u00f6nemde huzur i\u00e7inde ya\u015fama hakk\u0131na sahip oldu\u011funu, ancak g\u00fcn\u00fcm\u00fczde emeklilerin giderek yoksulla\u015ft\u0131\u011f\u0131n\u0131, ge\u00e7im s\u0131k\u0131nt\u0131s\u0131 nedeniyle yeniden i\u015f aramaya ba\u015flad\u0131klar\u0131n\u0131 vurgulad\u0131. Bug\u00fcn binlerce emeklinin, \u015fantiyelerde bek\u00e7ilik, pazarlarda sat\u0131\u015f yapt\u0131\u011f\u0131n\u0131, sitelerde temizlik g\u00f6revlisi olmak i\u00e7in s\u0131raya girdiklerini ifade eden Terbiyeli \u201cBu tablo utan\u00e7 vericidir. Emeklilerin insanca ya\u015fam hakk\u0131 ellerinden al\u0131nd\u0131\u201d dedi. BANKALAR BLOKAJ \u0130\u00c7\u0130N DAYANAK ARIYOR Bir\u00e7ok emeklinin ge\u00e7inemedi\u011fi i\u00e7in zaman zaman bankalardan kredi \u00e7ekmek zorunda kald\u0131\u011f\u0131n\u0131 hat\u0131rlatan Terbiyeli, emeklilerin bor\u00e7lar\u0131n\u0131 \u00e7o\u011funlukla zaman\u0131nda \u00f6dediklerini, buna ra\u011fmen bankalar\u0131n emekli maa\u015flar\u0131na g\u00f6z dikti\u011fini dile getirdi. Terbiyeli, 5510 Say\u0131l\u0131 Sosyal Sigortalar ve Genel Sa\u011fl\u0131k Sigortas\u0131 Kanunu\u2019nun 88. maddesine g\u00f6re, emekli maa\u015flar\u0131n\u0131n nafaka ve SGK alacaklar\u0131 d\u0131\u015f\u0131nda haczedilemeyece\u011fi h\u00fckme ba\u011flanm\u0131\u015fken, bankalar\u0131n bu korumay\u0131 delmeye \u00e7al\u0131\u015ft\u0131\u011f\u0131n\u0131 kaydetti. YARGITAY&#8217;DAN TEPK\u0130 \u00c7EKEN KARAR 21 Mart 2025 tarihinde Yarg\u0131tay \u0130\u00e7tihatlar\u0131 Birle\u015ftirme B\u00fcy\u00fck Genel Kurulu taraf\u0131ndan al\u0131nan kararla, t\u00fcketici kredisi borcu nedeniyle emekli maa\u015f\u0131na bloke konulmas\u0131n\u0131n \u00f6n\u00fc a\u00e7\u0131ld\u0131. Kararda, emeklinin verdi\u011fi otomatik \u00f6deme talimat\u0131 do\u011frultusunda bankan\u0131n maa\u015f hesab\u0131na bloke koymas\u0131n\u0131n m\u00fcmk\u00fcn oldu\u011fu &hellip;","og_url":"https:\/\/denizcankizil.tr\/uk\/haberler\/gundem\/emeklilere-blokaj-tepkisi\/","og_site_name":"Av. Deniz Can K\u0131z\u0131l","article_published_time":"2025-07-21T10:43:17+00:00","author":"admin","twitter_card":"summary_large_image","twitter_misc":{"\u041d\u0430\u043f\u0438\u0441\u0430\u043d\u043e":"admin","\u041f\u0440\u0438\u0431\u043b. \u0447\u0430\u0441 \u0447\u0438\u0442\u0430\u043d\u043d\u044f":"2 \u0445\u0432\u0438\u043b\u0438\u043d\u0438"},"schema":{"@context":"https:\/\/schema.org","@graph":[{"@type":"Article","@id":"https:\/\/denizcankizil.tr\/de\/haberler\/gundem\/emeklilere-blokaj-tepkisi\/#article","isPartOf":{"@id":"https:\/\/denizcankizil.tr\/de\/haberler\/gundem\/emeklilere-blokaj-tepkisi\/"},"author":{"name":"admin","@id":"https:\/\/denizcankizil.tr\/de\/#\/schema\/person\/be3c05fe6a12686905512445d8185489"},"headline":"Emeklilere Blokaj Tepkisi!","datePublished":"2025-07-21T10:43:17+00:00","mainEntityOfPage":{"@id":"https:\/\/denizcankizil.tr\/de\/haberler\/gundem\/emeklilere-blokaj-tepkisi\/"},"wordCount":461,"publisher":{"@id":"https:\/\/denizcankizil.tr\/de\/#organization"},"articleSection":["G\u00fcndem"],"inLanguage":"uk"},{"@type":"WebPage","@id":"https:\/\/denizcankizil.tr\/de\/haberler\/gundem\/emeklilere-blokaj-tepkisi\/","url":"https:\/\/denizcankizil.tr\/de\/haberler\/gundem\/emeklilere-blokaj-tepkisi\/","name":"Emeklilere Blokaj Tepkisi! - Av. Deniz Can K\u0131z\u0131l","isPartOf":{"@id":"https:\/\/denizcankizil.tr\/de\/#website"},"datePublished":"2025-07-21T10:43:17+00:00","breadcrumb":{"@id":"https:\/\/denizcankizil.tr\/de\/haberler\/gundem\/emeklilere-blokaj-tepkisi\/#breadcrumb"},"inLanguage":"uk","potentialAction":[{"@type":"ReadAction","target":["https:\/\/denizcankizil.tr\/de\/haberler\/gundem\/emeklilere-blokaj-tepkisi\/"]}]},{"@type":"BreadcrumbList","@id":"https:\/\/denizcankizil.tr\/de\/haberler\/gundem\/emeklilere-blokaj-tepkisi\/#breadcrumb","itemListElement":[{"@type":"ListItem","position":1,"name":"Home","item":"https:\/\/denizcankizil.tr\/de\/"},{"@type":"ListItem","position":2,"name":"Emeklilere Blokaj Tepkisi!"}]},{"@type":"WebSite","@id":"https:\/\/denizcankizil.tr\/de\/#website","url":"https:\/\/denizcankizil.tr\/de\/","name":"Av. Deniz Can K\u0131z\u0131l","description":"Avukat Deniz Can K\u0131z\u0131l Antalya Barosu","publisher":{"@id":"https:\/\/denizcankizil.tr\/de\/#organization"},"potentialAction":[{"@type":"SearchAction","target":{"@type":"EntryPoint","urlTemplate":"https:\/\/denizcankizil.tr\/de\/?s={search_term_string}"},"query-input":{"@type":"PropertyValueSpecification","valueRequired":true,"valueName":"search_term_string"}}],"inLanguage":"uk"},{"@type":"Organization","@id":"https:\/\/denizcankizil.tr\/de\/#organization","name":"Av. Deniz Can K\u0131z\u0131l","url":"https:\/\/denizcankizil.tr\/de\/","logo":{"@type":"ImageObject","inLanguage":"uk","@id":"https:\/\/denizcankizil.tr\/de\/#\/schema\/logo\/image\/","url":"https:\/\/denizcankizil.tr\/wp-content\/uploads\/2024\/10\/siyah-logo-svg.svg","contentUrl":"https:\/\/denizcankizil.tr\/wp-content\/uploads\/2024\/10\/siyah-logo-svg.svg","width":1080,"height":1080,"caption":"Av. Deniz Can K\u0131z\u0131l"},"image":{"@id":"https:\/\/denizcankizil.tr\/de\/#\/schema\/logo\/image\/"}},{"@type":"Person","@id":"https:\/\/denizcankizil.tr\/de\/#\/schema\/person\/be3c05fe6a12686905512445d8185489","name":"\u0430\u0434\u043c\u0456\u043d","image":{"@type":"ImageObject","inLanguage":"uk","@id":"https:\/\/denizcankizil.tr\/de\/#\/schema\/person\/image\/","url":"https:\/\/secure.gravatar.com\/avatar\/c1fce94c830dc79107e174f890d7210541c4a63e8e5d816341794a2151c9d58c?s=96&d=mm&r=g","contentUrl":"https:\/\/secure.gravatar.com\/avatar\/c1fce94c830dc79107e174f890d7210541c4a63e8e5d816341794a2151c9d58c?s=96&d=mm&r=g","caption":"admin"},"sameAs":["http:\/\/denizcankizil.tr"],"url":"https:\/\/www.iskenderun.org\/emeklilere-blokaj-tepkisi"}]}},"_links":{"self":[{"href":"https:\/\/denizcankizil.tr\/uk\/wp-json\/wp\/v2\/posts\/152795","targetHints":{"allow":["GET"]}}],"collection":[{"href":"https:\/\/denizcankizil.tr\/uk\/wp-json\/wp\/v2\/posts"}],"about":[{"href":"https:\/\/denizcankizil.tr\/uk\/wp-json\/wp\/v2\/types\/post"}],"author":[{"embeddable":true,"href":"https:\/\/denizcankizil.tr\/uk\/wp-json\/wp\/v2\/users\/1"}],"replies":[{"embeddable":true,"href":"https:\/\/denizcankizil.tr\/uk\/wp-json\/wp\/v2\/comments?post=152795"}],"version-history":[{"count":0,"href":"https:\/\/denizcankizil.tr\/uk\/wp-json\/wp\/v2\/posts\/152795\/revisions"}],"wp:attachment":[{"href":"https:\/\/denizcankizil.tr\/uk\/wp-json\/wp\/v2\/media?parent=152795"}],"wp:term":[{"taxonomy":"category","embeddable":true,"href":"https:\/\/denizcankizil.tr\/uk\/wp-json\/wp\/v2\/categories?post=152795"},{"taxonomy":"post_tag","embeddable":true,"href":"https:\/\/denizcankizil.tr\/uk\/wp-json\/wp\/v2\/tags?post=152795"}],"curies":[{"name":"wp","href":"https:\/\/api.w.org\/{rel}","templated":true}]}}