{"id":152748,"date":"2025-07-21T13:41:27","date_gmt":"2025-07-21T10:41:27","guid":{"rendered":"https:\/\/denizcankizil.tr\/uncategorized-tr\/antalyali-sanatcilardan-yaz-karmasi-sergisi\/"},"modified":"2025-07-21T13:41:27","modified_gmt":"2025-07-21T10:41:27","slug":"antalyali-sanatcilardan-yaz-karmasi-sergisi","status":"publish","type":"post","link":"https:\/\/denizcankizil.tr\/uk\/haberler\/antalya\/antalyali-sanatcilardan-yaz-karmasi-sergisi\/","title":{"rendered":"Antalyal\u0131 Sanat\u00e7\u0131lardan &#8216;Yaz Karmas\u0131&#8217; Sergisi"},"content":{"rendered":"<p>ANTALYALI sanat\u00e7\u0131lar, y\u0131l i\u00e7erisinde \u00e7al\u0131\u015ft\u0131klar\u0131 eserlerini &#8216;yaz karmas\u0131nda&#8217; g\u00f6r\u00fcc\u00fcye \u00e7\u0131kard\u0131.<\/p>\n<p>Antalya Sanat\u00e7\u0131lar Derne\u011fi (ANSAN) G\u00fczel Sanatlar Galerisi&#8217;ndeki karma sergiye 25 resim, geleneksel el sanatlar\u0131, seramik ve heykel sanat\u00e7\u0131s\u0131 eserleriyle destek verdi. Serginin kurdelesini ANSAN Ba\u015fkan\u0131 Cahit \u00c7ak\u00e7\u0131l, y\u00f6netim kurulu \u00fcyelerini, sanat\u00e7\u0131lar birlikte kesti.<\/p>\n<p>SANAT G\u00dcZELL\u0130\u011e\u0130N \u0130FADES\u0130<\/p>\n<p>ANSAN Ba\u015fkan\u0131 Cahit \u00c7ak\u00e7\u0131l, sanat\u0131n \u00f6nemine de\u011findi, Mustafa Kemal Atat\u00fcrk&#8217;\u00fcn &#8216;Sanat g\u00fczelli\u011fin ifadesidir&#8217;, \u2018Sanats\u0131z kalan bir milletin hayat damarlar\u0131ndan biri kopmu\u015f olur\u2019 s\u00f6zlerini hat\u0131rlatt\u0131, eserleri sergilenen sanat\u00e7\u0131lara te\u015fekk\u00fcr etti. Sanat\u00e7\u0131 ve sanatseverlerin yo\u011fun ilgisini g\u00f6ren sergi, 30 A\u011fustos Cumartesi g\u00fcn\u00fcne kadar a\u00e7\u0131k kalacak.<\/p>\n<p>Kaynak: www.kanalv.com.tr Haber Sitesinden Al\u0131nm\u0131\u015ft\u0131r.<\/p>","protected":false},"excerpt":{"rendered":"<p>ANTALYALI sanat\u00e7\u0131lar, y\u0131l i\u00e7erisinde \u00e7al\u0131\u015ft\u0131klar\u0131 eserlerini &#8216;yaz karmas\u0131nda&#8217; g\u00f6r\u00fcc\u00fcye \u00e7\u0131kard\u0131. Antalya Sanat\u00e7\u0131lar Derne\u011fi (ANSAN) G\u00fczel Sanatlar Galerisi&#8217;ndeki karma sergiye 25 resim, geleneksel el sanatlar\u0131, seramik ve heykel sanat\u00e7\u0131s\u0131 eserleriyle destek verdi. Serginin kurdelesini ANSAN Ba\u015fkan\u0131 Cahit \u00c7ak\u00e7\u0131l, y\u00f6netim kurulu \u00fcyelerini, sanat\u00e7\u0131lar birlikte kesti. SANAT G\u00dcZELL\u0130\u011e\u0130N \u0130FADES\u0130 ANSAN Ba\u015fkan\u0131 Cahit \u00c7ak\u00e7\u0131l, sanat\u0131n \u00f6nemine de\u011findi, Mustafa Kemal Atat\u00fcrk&#8217;\u00fcn &#8216;Sanat g\u00fczelli\u011fin ifadesidir&#8217;, \u2018Sanats\u0131z kalan bir milletin hayat damarlar\u0131ndan biri kopmu\u015f olur\u2019 s\u00f6zlerini hat\u0131rlatt\u0131, eserleri sergilenen sanat\u00e7\u0131lara te\u015fekk\u00fcr etti. Sanat\u00e7\u0131 ve sanatseverlerin yo\u011fun ilgisini g\u00f6ren sergi, 30 A\u011fustos Cumartesi g\u00fcn\u00fcne kadar a\u00e7\u0131k kalacak. Kaynak: www.kanalv.com.tr Haber Sitesinden Al\u0131nm\u0131\u015ft\u0131r.<\/p>","protected":false},"author":4,"featured_media":152749,"comment_status":"","ping_status":"open","sticky":false,"template":"","format":"standard","meta":{"_acf_changed":false,"footnotes":""},"categories":[26],"tags":[],"class_list":["post-152748","post","type-post","status-publish","format-standard","has-post-thumbnail","hentry","category-antalya"],"acf":[],"yoast_head":"<!-- This site is optimized with the Yoast SEO Premium plugin v26.6 (Yoast SEO v27.1.1) - https:\/\/yoast.com\/product\/yoast-seo-premium-wordpress\/ -->\n<title>Antalyal\u0131 Sanat\u00e7\u0131lardan &#039;Yaz Karmas\u0131&#039; Sergisi - Av. Deniz Can K\u0131z\u0131l<\/title>\n<meta name=\"robots\" content=\"index, follow, max-snippet:-1, max-image-preview:large, max-video-preview:-1\" \/>\n<link rel=\"canonical\" href=\"https:\/\/denizcankizil.tr\/uk\/haberler\/antalya\/antalyali-sanatcilardan-yaz-karmasi-sergisi\/\" \/>\n<meta property=\"og:locale\" content=\"uk_UA\" \/>\n<meta property=\"og:type\" content=\"article\" \/>\n<meta property=\"og:title\" content=\"Antalyal\u0131 Sanat\u00e7\u0131lardan &#039;Yaz Karmas\u0131&#039; Sergisi\" \/>\n<meta property=\"og:description\" content=\"ANTALYALI sanat\u00e7\u0131lar, y\u0131l i\u00e7erisinde \u00e7al\u0131\u015ft\u0131klar\u0131 eserlerini &#8216;yaz karmas\u0131nda&#8217; g\u00f6r\u00fcc\u00fcye \u00e7\u0131kard\u0131. Antalya Sanat\u00e7\u0131lar Derne\u011fi (ANSAN) G\u00fczel Sanatlar Galerisi&#8217;ndeki karma sergiye 25 resim, geleneksel el sanatlar\u0131, seramik ve heykel sanat\u00e7\u0131s\u0131 eserleriyle destek verdi. Serginin kurdelesini ANSAN Ba\u015fkan\u0131 Cahit \u00c7ak\u00e7\u0131l, y\u00f6netim kurulu \u00fcyelerini, sanat\u00e7\u0131lar birlikte kesti. SANAT G\u00dcZELL\u0130\u011e\u0130N \u0130FADES\u0130 ANSAN Ba\u015fkan\u0131 Cahit \u00c7ak\u00e7\u0131l, sanat\u0131n \u00f6nemine de\u011findi, Mustafa Kemal Atat\u00fcrk&#8217;\u00fcn &#8216;Sanat g\u00fczelli\u011fin ifadesidir&#8217;, \u2018Sanats\u0131z kalan bir milletin hayat damarlar\u0131ndan biri kopmu\u015f olur\u2019 s\u00f6zlerini hat\u0131rlatt\u0131, eserleri sergilenen sanat\u00e7\u0131lara te\u015fekk\u00fcr etti. Sanat\u00e7\u0131 ve sanatseverlerin yo\u011fun ilgisini g\u00f6ren sergi, 30 A\u011fustos Cumartesi g\u00fcn\u00fcne kadar a\u00e7\u0131k kalacak. Kaynak: www.kanalv.com.tr Haber Sitesinden Al\u0131nm\u0131\u015ft\u0131r.\" \/>\n<meta property=\"og:url\" content=\"https:\/\/denizcankizil.tr\/uk\/haberler\/antalya\/antalyali-sanatcilardan-yaz-karmasi-sergisi\/\" \/>\n<meta property=\"og:site_name\" content=\"Av. Deniz Can K\u0131z\u0131l\" \/>\n<meta property=\"article:published_time\" content=\"2025-07-21T10:41:27+00:00\" \/>\n<meta property=\"og:image\" content=\"https:\/\/denizcankizil.tr\/wp-content\/uploads\/2025\/07\/a-n-t-a-l-y-a-d-a-y-a-z-k-a-r-m-a-s-i-n-d-a-b-u-l-u-s-m-a-825712-244646-NOlbpv.jpg\" \/>\n\t<meta property=\"og:image:width\" content=\"1280\" \/>\n\t<meta property=\"og:image:height\" content=\"720\" \/>\n\t<meta property=\"og:image:type\" content=\"image\/jpeg\" \/>\n<meta name=\"author\" content=\"Av. Deniz Can K\u0131z\u0131l\" \/>\n<meta name=\"twitter:card\" content=\"summary_large_image\" \/>\n<meta name=\"twitter:label1\" content=\"\u041d\u0430\u043f\u0438\u0441\u0430\u043d\u043e\" \/>\n\t<meta name=\"twitter:data1\" content=\"Av. Deniz Can K\u0131z\u0131l\" \/>\n\t<meta name=\"twitter:label2\" content=\"\u041f\u0440\u0438\u0431\u043b. \u0447\u0430\u0441 \u0447\u0438\u0442\u0430\u043d\u043d\u044f\" \/>\n\t<meta name=\"twitter:data2\" content=\"1 \u0445\u0432\u0438\u043b\u0438\u043d\u0430\" \/>\n<script type=\"application\/ld+json\" class=\"yoast-schema-graph\">{\"@context\":\"https:\/\/schema.org\",\"@graph\":[{\"@type\":\"Article\",\"@id\":\"https:\/\/denizcankizil.tr\/uk\/haberler\/antalya\/antalyali-sanatcilardan-yaz-karmasi-sergisi\/#article\",\"isPartOf\":{\"@id\":\"https:\/\/denizcankizil.tr\/uk\/haberler\/antalya\/antalyali-sanatcilardan-yaz-karmasi-sergisi\/\"},\"author\":{\"name\":\"Av. Deniz Can K\u0131z\u0131l\",\"@id\":\"https:\/\/denizcankizil.tr\/de\/#\/schema\/person\/5dc1b22991bd7ac833867c10afc9b0ff\"},\"headline\":\"Antalyal\u0131 Sanat\u00e7\u0131lardan &#8216;Yaz Karmas\u0131&#8217; Sergisi\",\"datePublished\":\"2025-07-21T10:41:27+00:00\",\"mainEntityOfPage\":{\"@id\":\"https:\/\/denizcankizil.tr\/uk\/haberler\/antalya\/antalyali-sanatcilardan-yaz-karmasi-sergisi\/\"},\"wordCount\":145,\"publisher\":{\"@id\":\"https:\/\/denizcankizil.tr\/de\/#organization\"},\"image\":{\"@id\":\"https:\/\/denizcankizil.tr\/uk\/haberler\/antalya\/antalyali-sanatcilardan-yaz-karmasi-sergisi\/#primaryimage\"},\"thumbnailUrl\":\"https:\/\/denizcankizil.tr\/wp-content\/uploads\/2025\/07\/a-n-t-a-l-y-a-d-a-y-a-z-k-a-r-m-a-s-i-n-d-a-b-u-l-u-s-m-a-825712-244646-NOlbpv.jpg\",\"articleSection\":[\"Antalya\"],\"inLanguage\":\"uk\"},{\"@type\":\"WebPage\",\"@id\":\"https:\/\/denizcankizil.tr\/uk\/haberler\/antalya\/antalyali-sanatcilardan-yaz-karmasi-sergisi\/\",\"url\":\"https:\/\/denizcankizil.tr\/uk\/haberler\/antalya\/antalyali-sanatcilardan-yaz-karmasi-sergisi\/\",\"name\":\"Antalyal\u0131 Sanat\u00e7\u0131lardan 'Yaz Karmas\u0131' Sergisi - Av. Deniz Can K\u0131z\u0131l\",\"isPartOf\":{\"@id\":\"https:\/\/denizcankizil.tr\/de\/#website\"},\"primaryImageOfPage\":{\"@id\":\"https:\/\/denizcankizil.tr\/uk\/haberler\/antalya\/antalyali-sanatcilardan-yaz-karmasi-sergisi\/#primaryimage\"},\"image\":{\"@id\":\"https:\/\/denizcankizil.tr\/uk\/haberler\/antalya\/antalyali-sanatcilardan-yaz-karmasi-sergisi\/#primaryimage\"},\"thumbnailUrl\":\"https:\/\/denizcankizil.tr\/wp-content\/uploads\/2025\/07\/a-n-t-a-l-y-a-d-a-y-a-z-k-a-r-m-a-s-i-n-d-a-b-u-l-u-s-m-a-825712-244646-NOlbpv.jpg\",\"datePublished\":\"2025-07-21T10:41:27+00:00\",\"breadcrumb\":{\"@id\":\"https:\/\/denizcankizil.tr\/uk\/haberler\/antalya\/antalyali-sanatcilardan-yaz-karmasi-sergisi\/#breadcrumb\"},\"inLanguage\":\"uk\",\"potentialAction\":[{\"@type\":\"ReadAction\",\"target\":[\"https:\/\/denizcankizil.tr\/uk\/haberler\/antalya\/antalyali-sanatcilardan-yaz-karmasi-sergisi\/\"]}]},{\"@type\":\"ImageObject\",\"inLanguage\":\"uk\",\"@id\":\"https:\/\/denizcankizil.tr\/uk\/haberler\/antalya\/antalyali-sanatcilardan-yaz-karmasi-sergisi\/#primaryimage\",\"url\":\"https:\/\/denizcankizil.tr\/wp-content\/uploads\/2025\/07\/a-n-t-a-l-y-a-d-a-y-a-z-k-a-r-m-a-s-i-n-d-a-b-u-l-u-s-m-a-825712-244646-NOlbpv.jpg\",\"contentUrl\":\"https:\/\/denizcankizil.tr\/wp-content\/uploads\/2025\/07\/a-n-t-a-l-y-a-d-a-y-a-z-k-a-r-m-a-s-i-n-d-a-b-u-l-u-s-m-a-825712-244646-NOlbpv.jpg\",\"width\":1280,\"height\":720},{\"@type\":\"BreadcrumbList\",\"@id\":\"https:\/\/denizcankizil.tr\/uk\/haberler\/antalya\/antalyali-sanatcilardan-yaz-karmasi-sergisi\/#breadcrumb\",\"itemListElement\":[{\"@type\":\"ListItem\",\"position\":1,\"name\":\"Home\",\"item\":\"https:\/\/denizcankizil.tr\/de\/\"},{\"@type\":\"ListItem\",\"position\":2,\"name\":\"Antalyal\u0131 Sanat\u00e7\u0131lardan &#8216;Yaz Karmas\u0131&#8217; Sergisi\"}]},{\"@type\":\"WebSite\",\"@id\":\"https:\/\/denizcankizil.tr\/de\/#website\",\"url\":\"https:\/\/denizcankizil.tr\/de\/\",\"name\":\"Av. Deniz Can K\u0131z\u0131l\",\"description\":\"Avukat Deniz Can K\u0131z\u0131l Antalya Barosu\",\"publisher\":{\"@id\":\"https:\/\/denizcankizil.tr\/de\/#organization\"},\"potentialAction\":[{\"@type\":\"SearchAction\",\"target\":{\"@type\":\"EntryPoint\",\"urlTemplate\":\"https:\/\/denizcankizil.tr\/de\/?s={search_term_string}\"},\"query-input\":{\"@type\":\"PropertyValueSpecification\",\"valueRequired\":true,\"valueName\":\"search_term_string\"}}],\"inLanguage\":\"uk\"},{\"@type\":\"Organization\",\"@id\":\"https:\/\/denizcankizil.tr\/de\/#organization\",\"name\":\"Av. Deniz Can K\u0131z\u0131l\",\"url\":\"https:\/\/denizcankizil.tr\/de\/\",\"logo\":{\"@type\":\"ImageObject\",\"inLanguage\":\"uk\",\"@id\":\"https:\/\/denizcankizil.tr\/de\/#\/schema\/logo\/image\/\",\"url\":\"https:\/\/denizcankizil.tr\/wp-content\/uploads\/2024\/10\/siyah-logo-svg.svg\",\"contentUrl\":\"https:\/\/denizcankizil.tr\/wp-content\/uploads\/2024\/10\/siyah-logo-svg.svg\",\"width\":1080,\"height\":1080,\"caption\":\"Av. Deniz Can K\u0131z\u0131l\"},\"image\":{\"@id\":\"https:\/\/denizcankizil.tr\/de\/#\/schema\/logo\/image\/\"}},{\"@type\":\"Person\",\"@id\":\"https:\/\/denizcankizil.tr\/de\/#\/schema\/person\/5dc1b22991bd7ac833867c10afc9b0ff\",\"name\":\"Av. Deniz Can K\u0131z\u0131l\",\"image\":{\"@type\":\"ImageObject\",\"inLanguage\":\"uk\",\"@id\":\"https:\/\/denizcankizil.tr\/de\/#\/schema\/person\/image\/\",\"url\":\"https:\/\/secure.gravatar.com\/avatar\/a0b128fb9855c79efc976d5640eedb31dc35ec297594d6016d2cf7c60e975bb6?s=96&d=mm&r=g\",\"contentUrl\":\"https:\/\/secure.gravatar.com\/avatar\/a0b128fb9855c79efc976d5640eedb31dc35ec297594d6016d2cf7c60e975bb6?s=96&d=mm&r=g\",\"caption\":\"Av. Deniz Can K\u0131z\u0131l\"},\"sameAs\":[\"http:\/\/www.denizcankizil.tr\"],\"url\":\"https:\/\/denizcankizil.tr\/uk\/author\/denizcankizil\/\"}]}<\/script>\n<!-- \/ Yoast SEO Premium plugin. -->","yoast_head_json":{"title":"Antalyal\u0131 Sanat\u00e7\u0131lardan 'Yaz Karmas\u0131' Sergisi - Av. Deniz Can K\u0131z\u0131l","robots":{"index":"index","follow":"follow","max-snippet":"max-snippet:-1","max-image-preview":"max-image-preview:large","max-video-preview":"max-video-preview:-1"},"canonical":"https:\/\/denizcankizil.tr\/uk\/haberler\/antalya\/antalyali-sanatcilardan-yaz-karmasi-sergisi\/","og_locale":"uk_UA","og_type":"article","og_title":"Antalyal\u0131 Sanat\u00e7\u0131lardan 'Yaz Karmas\u0131' Sergisi","og_description":"ANTALYALI sanat\u00e7\u0131lar, y\u0131l i\u00e7erisinde \u00e7al\u0131\u015ft\u0131klar\u0131 eserlerini &#8216;yaz karmas\u0131nda&#8217; g\u00f6r\u00fcc\u00fcye \u00e7\u0131kard\u0131. Antalya Sanat\u00e7\u0131lar Derne\u011fi (ANSAN) G\u00fczel Sanatlar Galerisi&#8217;ndeki karma sergiye 25 resim, geleneksel el sanatlar\u0131, seramik ve heykel sanat\u00e7\u0131s\u0131 eserleriyle destek verdi. Serginin kurdelesini ANSAN Ba\u015fkan\u0131 Cahit \u00c7ak\u00e7\u0131l, y\u00f6netim kurulu \u00fcyelerini, sanat\u00e7\u0131lar birlikte kesti. SANAT G\u00dcZELL\u0130\u011e\u0130N \u0130FADES\u0130 ANSAN Ba\u015fkan\u0131 Cahit \u00c7ak\u00e7\u0131l, sanat\u0131n \u00f6nemine de\u011findi, Mustafa Kemal Atat\u00fcrk&#8217;\u00fcn &#8216;Sanat g\u00fczelli\u011fin ifadesidir&#8217;, \u2018Sanats\u0131z kalan bir milletin hayat damarlar\u0131ndan biri kopmu\u015f olur\u2019 s\u00f6zlerini hat\u0131rlatt\u0131, eserleri sergilenen sanat\u00e7\u0131lara te\u015fekk\u00fcr etti. Sanat\u00e7\u0131 ve sanatseverlerin yo\u011fun ilgisini g\u00f6ren sergi, 30 A\u011fustos Cumartesi g\u00fcn\u00fcne kadar a\u00e7\u0131k kalacak. Kaynak: www.kanalv.com.tr Haber Sitesinden Al\u0131nm\u0131\u015ft\u0131r.","og_url":"https:\/\/denizcankizil.tr\/uk\/haberler\/antalya\/antalyali-sanatcilardan-yaz-karmasi-sergisi\/","og_site_name":"Av. Deniz Can K\u0131z\u0131l","article_published_time":"2025-07-21T10:41:27+00:00","og_image":[{"width":1280,"height":720,"url":"https:\/\/denizcankizil.tr\/wp-content\/uploads\/2025\/07\/a-n-t-a-l-y-a-d-a-y-a-z-k-a-r-m-a-s-i-n-d-a-b-u-l-u-s-m-a-825712-244646-NOlbpv.jpg","type":"image\/jpeg"}],"author":"Av. Deniz Can K\u0131z\u0131l","twitter_card":"summary_large_image","twitter_misc":{"\u041d\u0430\u043f\u0438\u0441\u0430\u043d\u043e":"Av. Deniz Can K\u0131z\u0131l","\u041f\u0440\u0438\u0431\u043b. \u0447\u0430\u0441 \u0447\u0438\u0442\u0430\u043d\u043d\u044f":"1 \u0445\u0432\u0438\u043b\u0438\u043d\u0430"},"schema":{"@context":"https:\/\/schema.org","@graph":[{"@type":"Article","@id":"https:\/\/denizcankizil.tr\/uk\/haberler\/antalya\/antalyali-sanatcilardan-yaz-karmasi-sergisi\/#article","isPartOf":{"@id":"https:\/\/denizcankizil.tr\/uk\/haberler\/antalya\/antalyali-sanatcilardan-yaz-karmasi-sergisi\/"},"author":{"name":"Av. Deniz Can K\u0131z\u0131l","@id":"https:\/\/denizcankizil.tr\/de\/#\/schema\/person\/5dc1b22991bd7ac833867c10afc9b0ff"},"headline":"Antalyal\u0131 Sanat\u00e7\u0131lardan &#8216;Yaz Karmas\u0131&#8217; Sergisi","datePublished":"2025-07-21T10:41:27+00:00","mainEntityOfPage":{"@id":"https:\/\/denizcankizil.tr\/uk\/haberler\/antalya\/antalyali-sanatcilardan-yaz-karmasi-sergisi\/"},"wordCount":145,"publisher":{"@id":"https:\/\/denizcankizil.tr\/de\/#organization"},"image":{"@id":"https:\/\/denizcankizil.tr\/uk\/haberler\/antalya\/antalyali-sanatcilardan-yaz-karmasi-sergisi\/#primaryimage"},"thumbnailUrl":"https:\/\/denizcankizil.tr\/wp-content\/uploads\/2025\/07\/a-n-t-a-l-y-a-d-a-y-a-z-k-a-r-m-a-s-i-n-d-a-b-u-l-u-s-m-a-825712-244646-NOlbpv.jpg","articleSection":["Antalya"],"inLanguage":"uk"},{"@type":"WebPage","@id":"https:\/\/denizcankizil.tr\/uk\/haberler\/antalya\/antalyali-sanatcilardan-yaz-karmasi-sergisi\/","url":"https:\/\/denizcankizil.tr\/uk\/haberler\/antalya\/antalyali-sanatcilardan-yaz-karmasi-sergisi\/","name":"Antalyal\u0131 Sanat\u00e7\u0131lardan 'Yaz Karmas\u0131' Sergisi - Av. Deniz Can K\u0131z\u0131l","isPartOf":{"@id":"https:\/\/denizcankizil.tr\/de\/#website"},"primaryImageOfPage":{"@id":"https:\/\/denizcankizil.tr\/uk\/haberler\/antalya\/antalyali-sanatcilardan-yaz-karmasi-sergisi\/#primaryimage"},"image":{"@id":"https:\/\/denizcankizil.tr\/uk\/haberler\/antalya\/antalyali-sanatcilardan-yaz-karmasi-sergisi\/#primaryimage"},"thumbnailUrl":"https:\/\/denizcankizil.tr\/wp-content\/uploads\/2025\/07\/a-n-t-a-l-y-a-d-a-y-a-z-k-a-r-m-a-s-i-n-d-a-b-u-l-u-s-m-a-825712-244646-NOlbpv.jpg","datePublished":"2025-07-21T10:41:27+00:00","breadcrumb":{"@id":"https:\/\/denizcankizil.tr\/uk\/haberler\/antalya\/antalyali-sanatcilardan-yaz-karmasi-sergisi\/#breadcrumb"},"inLanguage":"uk","potentialAction":[{"@type":"ReadAction","target":["https:\/\/denizcankizil.tr\/uk\/haberler\/antalya\/antalyali-sanatcilardan-yaz-karmasi-sergisi\/"]}]},{"@type":"ImageObject","inLanguage":"uk","@id":"https:\/\/denizcankizil.tr\/uk\/haberler\/antalya\/antalyali-sanatcilardan-yaz-karmasi-sergisi\/#primaryimage","url":"https:\/\/denizcankizil.tr\/wp-content\/uploads\/2025\/07\/a-n-t-a-l-y-a-d-a-y-a-z-k-a-r-m-a-s-i-n-d-a-b-u-l-u-s-m-a-825712-244646-NOlbpv.jpg","contentUrl":"https:\/\/denizcankizil.tr\/wp-content\/uploads\/2025\/07\/a-n-t-a-l-y-a-d-a-y-a-z-k-a-r-m-a-s-i-n-d-a-b-u-l-u-s-m-a-825712-244646-NOlbpv.jpg","width":1280,"height":720},{"@type":"BreadcrumbList","@id":"https:\/\/denizcankizil.tr\/uk\/haberler\/antalya\/antalyali-sanatcilardan-yaz-karmasi-sergisi\/#breadcrumb","itemListElement":[{"@type":"ListItem","position":1,"name":"Home","item":"https:\/\/denizcankizil.tr\/de\/"},{"@type":"ListItem","position":2,"name":"Antalyal\u0131 Sanat\u00e7\u0131lardan &#8216;Yaz Karmas\u0131&#8217; Sergisi"}]},{"@type":"WebSite","@id":"https:\/\/denizcankizil.tr\/de\/#website","url":"https:\/\/denizcankizil.tr\/de\/","name":"Av. Deniz Can K\u0131z\u0131l","description":"Avukat Deniz Can K\u0131z\u0131l Antalya Barosu","publisher":{"@id":"https:\/\/denizcankizil.tr\/de\/#organization"},"potentialAction":[{"@type":"SearchAction","target":{"@type":"EntryPoint","urlTemplate":"https:\/\/denizcankizil.tr\/de\/?s={search_term_string}"},"query-input":{"@type":"PropertyValueSpecification","valueRequired":true,"valueName":"search_term_string"}}],"inLanguage":"uk"},{"@type":"Organization","@id":"https:\/\/denizcankizil.tr\/de\/#organization","name":"Av. Deniz Can K\u0131z\u0131l","url":"https:\/\/denizcankizil.tr\/de\/","logo":{"@type":"ImageObject","inLanguage":"uk","@id":"https:\/\/denizcankizil.tr\/de\/#\/schema\/logo\/image\/","url":"https:\/\/denizcankizil.tr\/wp-content\/uploads\/2024\/10\/siyah-logo-svg.svg","contentUrl":"https:\/\/denizcankizil.tr\/wp-content\/uploads\/2024\/10\/siyah-logo-svg.svg","width":1080,"height":1080,"caption":"Av. Deniz Can K\u0131z\u0131l"},"image":{"@id":"https:\/\/denizcankizil.tr\/de\/#\/schema\/logo\/image\/"}},{"@type":"Person","@id":"https:\/\/denizcankizil.tr\/de\/#\/schema\/person\/5dc1b22991bd7ac833867c10afc9b0ff","name":"Av. Deniz Can K\u0131z\u0131l","image":{"@type":"ImageObject","inLanguage":"uk","@id":"https:\/\/denizcankizil.tr\/de\/#\/schema\/person\/image\/","url":"https:\/\/secure.gravatar.com\/avatar\/a0b128fb9855c79efc976d5640eedb31dc35ec297594d6016d2cf7c60e975bb6?s=96&d=mm&r=g","contentUrl":"https:\/\/secure.gravatar.com\/avatar\/a0b128fb9855c79efc976d5640eedb31dc35ec297594d6016d2cf7c60e975bb6?s=96&d=mm&r=g","caption":"Av. Deniz Can K\u0131z\u0131l"},"sameAs":["http:\/\/www.denizcankizil.tr"],"url":"https:\/\/denizcankizil.tr\/uk\/author\/denizcankizil\/"}]}},"_links":{"self":[{"href":"https:\/\/denizcankizil.tr\/uk\/wp-json\/wp\/v2\/posts\/152748","targetHints":{"allow":["GET"]}}],"collection":[{"href":"https:\/\/denizcankizil.tr\/uk\/wp-json\/wp\/v2\/posts"}],"about":[{"href":"https:\/\/denizcankizil.tr\/uk\/wp-json\/wp\/v2\/types\/post"}],"author":[{"embeddable":true,"href":"https:\/\/denizcankizil.tr\/uk\/wp-json\/wp\/v2\/users\/4"}],"replies":[{"embeddable":true,"href":"https:\/\/denizcankizil.tr\/uk\/wp-json\/wp\/v2\/comments?post=152748"}],"version-history":[{"count":0,"href":"https:\/\/denizcankizil.tr\/uk\/wp-json\/wp\/v2\/posts\/152748\/revisions"}],"wp:featuredmedia":[{"embeddable":true,"href":"https:\/\/denizcankizil.tr\/uk\/wp-json\/wp\/v2\/media\/152749"}],"wp:attachment":[{"href":"https:\/\/denizcankizil.tr\/uk\/wp-json\/wp\/v2\/media?parent=152748"}],"wp:term":[{"taxonomy":"category","embeddable":true,"href":"https:\/\/denizcankizil.tr\/uk\/wp-json\/wp\/v2\/categories?post=152748"},{"taxonomy":"post_tag","embeddable":true,"href":"https:\/\/denizcankizil.tr\/uk\/wp-json\/wp\/v2\/tags?post=152748"}],"curies":[{"name":"wp","href":"https:\/\/api.w.org\/{rel}","templated":true}]}}