{"id":152659,"date":"2025-07-21T11:41:51","date_gmt":"2025-07-21T08:41:51","guid":{"rendered":"https:\/\/denizcankizil.tr\/uncategorized-tr\/ibb-baskani-ekrem-imamoglu-onun-icin-tehdidim\/"},"modified":"2025-07-21T11:41:51","modified_gmt":"2025-07-21T08:41:51","slug":"ibb-baskani-ekrem-imamoglu-onun-icin-tehdidim","status":"publish","type":"post","link":"https:\/\/denizcankizil.tr\/uk\/haberler\/gundem\/ibb-baskani-ekrem-imamoglu-onun-icin-tehdidim\/","title":{"rendered":"\u0130BB Ba\u015fkan\u0131 Ekrem \u0130mamo\u011flu: &#8220;O&#8217;nun i\u00e7in tehdidim&#8221;"},"content":{"rendered":"<p>\u0130stanbul B\u00fcy\u00fck\u015fehir Belediye (\u0130BB) Ba\u015fkan\u0131 Ekrem \u0130mamo\u011flu, tutuklu bulundu\u011fu Marmara Cezaevi&#8217;nden, olas\u0131 se\u00e7im sonu\u00e7lar\u0131na ili\u015fkin \u00f6ng\u00f6r\u00fclerine ili\u015fkin \u00f6nemli a\u00e7\u0131klamalarda bulundu. \u0130mamo\u011flu, Cumhurba\u015fkanl\u0131\u011f\u0131 Aday Ofisi arac\u0131l\u0131\u011f\u0131yla g\u00f6nderdi\u011fi mesaj\u0131nda, kendisini siyasi arenada rakip olarak istemeyen ki\u015filer nedeniyle cezaevinde bulundu\u011funu iddia etti.<\/p>\n<p>S\u00fcrecin siyaset\u00e7ilerden ve partilerden daha b\u00fcy\u00fck oldu\u011funu ve milletin gelece\u011fi ad\u0131na, milletle birlikte yap\u0131lmas\u0131 gerekti\u011fini ifade eden \u0130mamo\u011flu, &#8220;Onu sand\u0131kta d\u00f6rt kez yendi\u011fim, be\u015finci kez yenece\u011fim i\u00e7in tehdidim. Bunun i\u00e7in bug\u00fcn buraday\u0131m. Ben, milletim ad\u0131na m\u00fccadeleye devam edece\u011fim. Kararl\u0131l\u0131\u011f\u0131m, bug\u00fcn tarif edemeyece\u011finiz seviyededir. Tek arzum vard\u0131r, o da bu mahkeme, &#8216;vah memleket vah&#8217; silsilesine girmesin&#8221; mesaj\u0131 g\u00f6nderdi.<\/p>\n<p>Silivri savunmas\u0131n\u0131n tamam\u0131na a\u00e7\u0131klamas\u0131nda yer veren \u0130mamo\u011flu, \u015funlar\u0131 kaydetti:<\/p>\n<p>&#8211; Silivri A\u00e7\u0131k Ceza Yerle\u015fkesi Duru\u015fma Salonu (16 Temmuz 2025)-Ekrem \u0130mamo\u011flu, \u0130stanbul Cumhuriyet Ba\u015fsavc\u0131s\u0131 Ak\u0131n G\u00fcrlek Davas\u0131 Karar Duru\u015fmas\u0131 &#8211;<\/p>\n<p>Mahkeme Ba\u015fkan\u0131: \u201cGe\u00e7en celse esas hakk\u0131nda m\u00fctalaa kar\u015f\u0131 beyanda bulunmu\u015ftunuz. \u00c7ok k\u0131sa olarak tekrardan beyan\u0131n\u0131z\u0131 alal\u0131m. K\u0131sa olsun ama.\u201d<\/p>\n<p>\u201cHayat k\u0131sa zaten, hayat kadar k\u0131sa olacak in\u015fallah size sunumum. Burada bulunmam\u0131z\u0131n sebebi, sadece bir panelde s\u00f6zlerle s\u0131n\u0131rl\u0131 kalabilecek bir durum de\u011fil.\u201d<\/p>\n<p>T\u00fcrkiye tarihinin \u00e7ok \u00f6nemli bir d\u00f6n\u00fcm noktas\u0131nda ve \u0130stanbul&#8217;un bir mahkemesinde yarg\u0131lanma s\u00fcreci i\u00e7erisindeyiz. Ama yarg\u0131lanmam\u0131z\u0131 bile mahkemede yapam\u0131yoruz. Var olan adresinde yapam\u0131yoruz, ba\u015fka bir adreste yap\u0131yoruz. Dolay\u0131s\u0131yla her \u015fey asl\u0131nda ola\u011fan\u00fcst\u00fc geli\u015fiyor. Ge\u00e7en duru\u015fmay\u0131 hat\u0131rl\u0131yorum ve duru\u015fmada yapt\u0131\u011f\u0131m konu\u015fmada, o g\u00fcn\u00fcn de\u011ferlendirmesiyle ilgili yapt\u0131\u011f\u0131m, duygular\u0131m\u0131 ifade etti\u011fim s\u00fcre\u00e7te, c\u00fcmlelerimi, konu\u015fmam\u0131 \u015f\u00f6yle bitirmi\u015ftim: \u2018Etraf\u0131m\u0131zda, hemen t\u00fcm b\u00f6lgeye yay\u0131lma riski ya\u015fan\u0131rken, T\u00fcrkiye a\u011f\u0131r sorunlarla b\u00fcy\u00fck bir riski ta\u015f\u0131makta ve bu k\u0131r\u0131lmalar\u0131n yaratt\u0131\u011f\u0131 siyasi ve iktisadi risklerle bo\u011fu\u015furken, iktidar\u0131n da tabiriyle \u2018i\u00e7 cepheyi\u2019 g\u00fc\u00e7lendirmek d\u0131\u015f\u0131nda art\u0131k yol yoktur. Bu \u00fclke, kar\u015f\u0131l\u0131kl\u0131 uzla\u015fma ortam\u0131ndan, birlikten, beraberlikten, adaletten zarar g\u00f6rmez. Bug\u00fcn art\u0131k herkes i\u00e7in \u015fapkay\u0131 \u00f6n\u00fcnde koyup, d\u00fc\u015f\u00fcnmekten ba\u015fka yol yoktur. Ya bu a\u011f\u0131r resmi de\u011fi\u015ftirece\u011fiz ya da kaybedece\u011fiz,\u2019 diyerek s\u00f6zlerimi bitirmi\u015ftim. O g\u00fcnden bug\u00fcne 1 ay bile ge\u00e7medi. Ama bir ay\u0131n i\u00e7erisinde dahi \u015fapkay\u0131 \u00f6n\u00fcnde koymak, d\u00fc\u015f\u00fcnmek de\u011fil de ne yaz\u0131k ki tam tersine s\u00fcre\u00e7leri ya\u015faman\u0131n \u00fcz\u00fcnt\u00fcs\u00fcn\u00fc buradan yine dile getirmek zorunday\u0131m.<\/p>\n<p>23 Haziran 2025 tarihinden bug\u00fcne, yine ne yaz\u0131k ki yeniden kumpaslar, usuls\u00fcz tutuklamalar, iftirac\u0131lar, yalanc\u0131lar \u00fczerinden operasyonlar, masumiyet karinesini \u00e7i\u011fneyen uygulamalar, yine \u015fiddet ve insan\u0131 ger\u00e7ekten \u00e7ok derinden etkileyen, vicdani, insani, sa\u011fl\u0131k kurallar\u0131n\u0131 yok sayan, can\u0131 tehdit alt\u0131nda tutan hapis s\u00fcre\u00e7leri ve dahas\u0131&#8230; \u2018Dahas\u0131\u2019 diyorum, \u00e7\u00fcnk\u00fc \u00e7ok fazla detay\u0131na zaten girmeyece\u011fim ama alelacele, tela\u015fla bir iddianame daha ortaya \u00e7\u0131k\u0131yor. 18 ya\u015f\u0131nda bir gencin yapt\u0131\u011f\u0131 bir i\u015flemin i\u00e7erisinde ne bir sahte evrak ne herhangi bir uydurma belge dahi yokken, \u2018sahtecilik\u2019 \u00fczerinden hakk\u0131nda soru\u015fturma a\u00e7\u0131l\u0131yor. 18 ya\u015f\u0131nda bir Ekrem! \u0130lk ifadeye gitti\u011fimde dedim ki; \u2018Savc\u0131 Bey, benden ifade al\u0131yorsunuz da\u2026 Yani 35 sene \u00f6nceki i\u015flemi soruyorsunuz\u2026 Varsayal\u0131m 17 ya\u015f\u0131nda olsayd\u0131m ne yapacakt\u0131n\u0131z?\u2019 dedim. \u2018Vasini \u00e7a\u011f\u0131racakt\u0131k;\u2019 diye cevap verdi bana. Do\u011fru mu cevap verdi, yanl\u0131\u015f m\u0131 cevap verdi onu da bilmiyorum ama\u2026 Yani 18 ya\u015f\u0131ndaki Ekrem&#8217;den sahtecilik, \u00fczerine yetinmiyorlar bir de ileri g\u00f6r\u00fc\u015fl\u00fcl\u00fck g\u00f6stererek, 18 ya\u015f\u0131ndaki Ekrem&#8217;i, \u2018\u0130leride cumhurba\u015fkan\u0131 aday\u0131 olur,\u2019 diye bir de siyasetten menetmek ad\u0131na siyasi yasak getirecek bir iddianame d\u00fczenleniyor!<\/p>\n<p>O g\u00fcnden bug\u00fcne, ger\u00e7ekten \u00e7ok ac\u0131 bir s\u00fcrecin i\u00e7erisindeyiz, T\u00fcrkiye&#8217;yi derinden etkileyen bir s\u00fcrecin i\u00e7erisindeyiz. Zaten bu millet peri\u015fan. Ger\u00e7ekten \u00e7ok \u00fczg\u00fcn. Bak\u0131n; normalde biz \u015f\u00f6yle bir d\u00f6nemi d\u00fc\u015f\u00fcnelim: 12 \u015fehit veriyoruz. 12 \u015fehidimizi ni\u00e7in verdi\u011fimizi bile sorgulayam\u0131yoruz. Milletimizin ba\u015f\u0131 sa\u011f olsun. 12 \u015fehit veriyoruz. \u015eehitlerimizi ni\u00e7in verdik? Nas\u0131l oldu? Niye kaybettik 12 insan\u0131m\u0131z\u0131? Yani baz\u0131 \u00fclkelerde bir insan\u0131n bile can\u0131 \u00e7ok de\u011ferliyken, 12 \u015fehit veriliyor. Hi\u00e7bir \u015fey yokmu\u015f gibi bir g\u00fcnde, iki g\u00fcnde, mangalda k\u00fcl b\u0131rakmayan insanlar\u0131n \u00e7\u0131t\u0131 \u00e7\u0131km\u0131yor. B\u00f6yle bir \u00fclkeye d\u00f6n\u00fc\u015ft\u00fck. Ve \u00e7ok \u00fczg\u00fcn\u00fcz. Yani bir LGS s\u0131nav\u0131nda bile adaleti sa\u011flayamaman\u0131n ve insanlar derinden sarsan, hi\u00e7 kimsenin kendi 13-14 ya\u015f\u0131ndaki \u00e7ocu\u011funun y\u00fcz\u00fcne bakamayacak seviyesine geldi\u011fi bir ortam\u0131n, bir cenderenin i\u00e7erisindeyiz. Ve i\u015fte bug\u00fcn tam da bu noktada, bizi bu s\u0131k\u0131nt\u0131l\u0131 ortama ta\u015f\u0131yan, Mart&#8217;tan beri s\u00fcren operasyonlarla, milletin daha fakirle\u015fti\u011fi, daha yoksulla\u015ft\u0131\u011f\u0131 bir d\u00f6nemin i\u00e7erisindeyiz.<\/p>\n<p>D\u00fcnya, ekonomi ve siyasetiyle b\u00fcy\u00fck bir de\u011fi\u015fim ya\u015f\u0131yor. K\u00fcresel, b\u00f6lgesel yeni ittifaklar kuruluyor. Ekonominin \u00fcretim bi\u00e7imi, teknolojinin ilerleme h\u0131z\u0131\u2026 Ger\u00e7ekten ba\u015f d\u00f6nd\u00fcr\u00fcc\u00fc bir h\u0131zla, d\u00fcnya \u00fclkeleri kendini yeni bir d\u00f6neme haz\u0131rl\u0131yor. Ve \u00f6n\u00fcm\u00fczdeki y\u00fczy\u0131lda, milletlerin ve devletlerin kaderini belirleyecek olan b\u00fcy\u00fck bir de\u011fi\u015fimin ya\u015fanaca\u011f\u0131 bir y\u00fcz y\u0131l\u0131n i\u00e7erisindeyiz. Bu yeni d\u00f6nemde \u00fcreten, ak\u0131lc\u0131 diplomasi sa\u011flayan, y\u00fcr\u00fcten, hukuki d\u00fczeni g\u00fc\u00e7l\u00fc, hukukun \u00fcst\u00fcnl\u00fc\u011f\u00fcn\u00fc tesis eden ve de ayn\u0131 zamanda yeni nesilleri \u00e7a\u011f\u0131n beklentilerine g\u00f6re yeti\u015ftiren, \u00e7ocuklar\u0131n\u0131, gen\u00e7lerini yar\u0131nlara d\u00fczg\u00fcn bir bi\u00e7imde, ilimle, bilimle, ak\u0131lla ve adaletli bir zihinle yeti\u015ftiren \u00fclkelerin kazanaca\u011f\u0131n\u0131 g\u00f6r\u00fcyoruz. Ama biz neredeyiz? 10 y\u0131ld\u0131r milletimizi orada oraya savuran bir ekonomik d\u00fczenin i\u00e7erisindeyiz.<\/p>\n<p>Uydurma stratejilerle, akla hayal gelmeyecek, bir ki\u015finin ak\u015famdan sabaha \u2018Ben ekonomistim\u2019 dedi diye iki duda\u011f\u0131 aras\u0131ndan \u00e7\u0131kan\u0131 emir telakki ederek, yalan da olsa, yanl\u0131\u015f da olsa, k\u00f6t\u00fc de olsa uygulamay\u0131 kendine sorumluluk kabul eden bir avu\u00e7 insan\u0131n, muhterisin akl\u0131yla, T\u00fcrkiye; durdurulamayan, d\u00fc\u015f\u00fcr\u00fclemeyen enflasyonun, faizin, yoksullu\u011fun cenderesi alt\u0131nda inim inim inliyor ve b\u00fcy\u00fck s\u0131k\u0131nt\u0131 i\u00e7erisinde.<br \/>\nD\u00fcnyan\u0131n en y\u00fcksek faizini veriyoruz: Y\u00fczde 46. Yani b\u00fct\u00fcn ekonominin prensiplerini, ilkelerini yok sayarak ortaya konan bir s\u00fcre\u00e7le, y\u00fczde 46 faiz a\u00e7\u0131klanan bir \u00fclkede, y\u00fczde 60\u2019lar\u0131 bulan maliyeti ile beraber insanlar ne bor\u00e7lan\u0131yor, bor\u00e7lanmak istese bor\u00e7 bulacak banka bulam\u0131yor. B\u00f6yle bir s\u0131k\u0131nt\u0131 alt\u0131nda bir T\u00fcrkiye&#8217;de, biz, bug\u00fcn buraday\u0131z. Soruyorum: Bana onlarca, y\u00fczlerce, binlerce mektup geliyor. \u0130\u00e7inde sanayici var, esnaf var\u2026 Okuyorum, geleni gideni dinliyorum. D\u0131\u015far\u0131da olan b\u00fct\u00fcn hususlar\u0131 raporlar\u0131yla, ekonomik analizleriyle, tahlilleriyle g\u00fcnl\u00fck dinliyorum. Bu \u00fclkede \u00fcretemiyor sanayici, \u00fcretemiyor tar\u0131mdaki \u00e7ift\u00e7i. Hi\u00e7 kimse \u00fcretemiyor. B\u00fcy\u00fck s\u0131k\u0131nt\u0131 alt\u0131nda. Ve \u00f6zellikle iflaslar, konkordato ilanlar\u0131yla beraber rekor k\u0131ran bir \u00fclkede, sadece 5 ayda, 1 milyon 50 bin insan, hacizle kredi kart\u0131n\u0131 \u00f6deyemiyor. Devlet de ona \u201935-40 ayda \u00f6deyebilirsin\u2019 diye faizle para veriyor diye \u00f6v\u00fcnecek bir politikan\u0131n i\u00e7erisinde bo\u011fulan bir T\u00fcrkiye. Bu b\u00fcy\u00fcyen kriz, had safhada b\u00fcy\u00fcd\u00fck\u00e7e daha da t\u0131rmanan kriz, \u00f6zellikle milletimizin i\u00e7erisindeki gelir da\u011f\u0131l\u0131m\u0131ndaki adaletsizlik, evdeki huzursuzluk, ya\u015fam maliyetinin art\u0131\u015f\u0131, halk\u0131n geliri yerlerde s\u00fcr\u00fcn\u00fcrken, asgari \u00fccretin hi\u00e7bir i\u015fe yaramad\u0131\u011f\u0131, a\u00e7l\u0131k s\u0131n\u0131r\u0131n\u0131n alt\u0131nda kald\u0131\u011f\u0131 bir T\u00fcrkiye&#8217;de, biz bug\u00fcn nelerle u\u011fra\u015f\u0131yoruz? Peki ne i\u00e7in b\u00fct\u00fcn bunlar?<\/p>\n<p>Siyasi ikbal ve ihtiras\u0131 i\u00e7in her \u015feyi yapabilecek, g\u00f6z\u00fcn\u00fc k\u0131rpmadan bu millete her bedeli \u00f6detecek bir akla kar\u015f\u0131 bug\u00fcn burada ba\u015fka bir m\u00fccadelenin i\u00e7erisindeyiz. Halbuki tan\u0131ml\u0131 i\u015fsizlik y\u00fczde 32\u2019ye ula\u015fm\u0131\u015f\u2026<br \/>\n\u0130ddianamenin \u00f6z\u00fc budur Say\u0131n H\u00e2kimim, inan\u0131n\u0131z. Ba\u015fka bir \u00f6z\u00fc yok. Zaten 20 saniyede bir iddianame yaz\u0131ld\u0131ysa, \u00f6z\u00fc budur yani. L\u00fctfen buraya gelmek istiyorum. L\u00fctfen, istirham ediyorum. B\u00fcy\u00fck bir tecrit alt\u0131nda Ekrem \u0130mamo\u011flu var.<\/p>\n<p>T\u00fcrkiye Cumhuriyeti tarihinin b\u00f6yle bir tecridi yok. Susturulan, konu\u015fturulmayan, foto\u011fraf\u0131ndan korkulan, vesikal\u0131k foto\u011fraf\u0131ndan dahi korkulan bir Ekrem \u0130mamo\u011flu var.<br \/>\nVe o karar\u0131 alan savc\u0131l\u0131\u011f\u0131n bir \u015fikayeti \u00fczerine buraday\u0131z. Ama T\u00fcrkiye&#8217;nin \u00f6z\u00fc bu. Y\u00fczde 32\u2026 11 milyon sana tekab\u00fcl eden i\u015fsizlik. 11 milyon insan. 11 milyon insan\u0131n i\u015fsizli\u011fi ne demek biliyor musunuz? Bu insanlar, evine gitti\u011finde \u00e7ocu\u011funun y\u00fcz\u00fcne bakam\u0131yor. K\u0131z\u0131n\u0131n, o\u011flunun y\u00fcz\u00fcne bakam\u0131yor. Bu bak\u0131mdan \u00e7ok \u00f6nemli hususlar\u0131 anlat\u0131yorum. Bunlar\u0131 can kula\u011f\u0131yla dinleyiniz l\u00fctfen.<\/p>\n<p>Ben size bakarak konu\u015fuyorum diye niye bana cevap veriyorsunuz Savc\u0131 Bey? \u0130stedi\u011fim herkese bakar\u0131m. B\u00f6yle bir \u015fey olabilir mi? Bu nas\u0131l bir \u00f6nyarg\u0131 yani? Savc\u0131 b\u00f6yle \u00f6nyarg\u0131l\u0131 olur mu? Bakmam yasak m\u0131 Say\u0131n H\u00e2kimim? Say\u0131n H\u00e2kimim, bakmak yasak m\u0131? Size bakmak yasak m\u0131 Say\u0131n \u00dcye? Bakmak yasak m\u0131? Soruyorum. L\u00fctfen cevap verir misiniz Say\u0131n H\u00e2kimim? Bakmak yasak m\u0131 Savc\u0131 Bey\u2019e? Ben, yarg\u0131lan\u0131p yarg\u0131lanmad\u0131\u011f\u0131na karar verece\u011fim Say\u0131n H\u00e2kimim. Bakmak yasak m\u0131? Say\u0131n H\u00e2kimim, h\u00e2kim olarak soruyorum. Benim Savc\u0131 Bey\u2019e bakmam yasak m\u0131? Sana bakmam yasak m\u0131? Say\u0131n H\u00e2kimim, bakmam yasak m\u0131? Yasaksa bakmayaca\u011f\u0131m. Yasaksa bakmayaca\u011f\u0131m Say\u0131n \u00dcye, yasaksa bakmayaca\u011f\u0131m. Beyanlar\u0131ma devam edece\u011fim. Sadece tek bir cevap istirham ediyorum. Say\u0131n H\u00e2kimim. Savc\u0131 Bey\u2019e bakmam yasaksa, ben ger\u00e7ekten bakmayaca\u011f\u0131m, sadece size bakaca\u011f\u0131m&#8230; Peki, cevab\u0131m\u0131 ald\u0131m. Bakmaya merakl\u0131 de\u011filim.<\/p>\n<p>\u015eimdi 11 milyon insan i\u015fsiz ve bu insanlar, \u00e7ocuklar\u0131na ekmek g\u00f6t\u00fcremiyor. \u00c7ocuklar\u0131na ekmek g\u00f6t\u00fcremedi\u011fi gibi, o i\u015fsiz \u00e7ocuklar, gen\u00e7ler, k\u0131zlar\u0131m\u0131z, o\u011fullar\u0131m\u0131z yuva kuram\u0131yor. Yuva kuramad\u0131\u011f\u0131 yerde ger\u00e7ek adaletsizlik, ger\u00e7ek tehdit ve ger\u00e7ek hakaret; i\u015fte oradad\u0131r. \u0130ster h\u00e2kimin o\u011flu olun, k\u0131z\u0131 olun; ister savc\u0131n\u0131n k\u0131z\u0131, o\u011flu olun; ister buradaki herkesin k\u0131z\u0131, o\u011flu olun\u2026 Ger\u00e7ek tehdit, hakaret buradad\u0131r. Onun i\u00e7in tehdidi, hakareti burada aray\u0131n. Tabii biz burada \u00f6zellikle \u015fu sorunun cevab\u0131n\u0131 net olarak d\u00fc\u015felim: Ey milletimiz; ya adalet ya sefalet! Bunu unutmay\u0131n. Ya adalet ya sefalet. Ba\u015fka bir yolu yok. Adalet varsa, bereket var. B\u00fct\u00fcn bu olumsuzluklar\u0131, cefay\u0131, kimin ihtiras\u0131 ve inad\u0131 y\u00fcz\u00fcnden ya\u015f\u0131yoruz. \u00dclkemizi bile isteye yoksulla\u015ft\u0131ran ve ne yaz\u0131k ki sadece 4 ay i\u00e7erisinde bu millete 160 milyar dolar\u0131 keyfi i\u00e7in, korktu\u011fu i\u00e7in, Ekrem \u0130mamo\u011flu&#8217;nun cesaretinden korktu\u011fu i\u00e7in, buna bir darbe giri\u015fimi yapan ve o t\u00fcrl\u00fc iddianameyi, her t\u00fcrl\u00fc hususu dile getiren, ortaya koyan akla kar\u015f\u0131 Ekrem \u0130mamo\u011flu bug\u00fcn burada.<\/p>\n<p>Ba\u015fta ifade etti\u011fim gibi; ger\u00e7ekten zor bir d\u00f6nemdeyiz. Cumhuriyetimizin ikinci y\u00fcz y\u0131l\u0131na giriyoruz. Ve d\u00fcnyada her \u015fey yerinden oynuyor. B\u00fct\u00fcn ta\u015flar yerinden oynuyor. Uluslararas\u0131 ili\u015fkiler konusunda, biz tutarl\u0131 bir yol haritas\u0131 belirlemek zorunday\u0131z. Bu milletin as\u0131rlard\u0131r ortaya koydu\u011fu hariciye ili\u015fkilerini, d\u00fcnya ile olan itibarl\u0131 ili\u015fkilerini daha asil, daha g\u00fc\u00e7l\u00fc bir seviyeye ta\u015f\u0131mak zorunlulu\u011fu var. G\u00fcvenlik sorununu da \u00e7\u00f6zecek, refah sorununu da \u00e7\u00f6zecek. Ama i\u00e7eride, hukuki b\u00fct\u00fcn normlar\u0131n\u0131 tan\u0131mlam\u0131\u015f ve yerine getirmi\u015f bir bi\u00e7imde \u00e7\u00f6zecek ki d\u0131\u015far\u0131ya kar\u015f\u0131 itibarl\u0131 bir \u00fclke olun. \u0130tibarl\u0131 bir \u00fclke olal\u0131m ki milletimiz huzurlu olsun. Milletimiz gidip konsolosluklar\u0131n, daha d\u00fcnk\u00fc \u00fclkelerin kap\u0131s\u0131nda \u2018vize dilencisi\u2019 olmas\u0131n. \u0130tibar dedi\u011finiz \u015fey budur. Ama bug\u00fcn, yine milletimizin evlatlar\u0131n\u0131 tehdit eden, milletimizin evlatlar\u0131n\u0131 hakaret edilecek seviye d\u00fc\u015f\u00fcren bir pozisyonla kar\u015f\u0131 kar\u015f\u0131yay\u0131z. Nedir o? Al-ver ili\u015fkisi. \u2018Dostum\u2019 kavram\u0131 \u00fczerinden hariciye ili\u015fkileri\u2026 Bu olmaz, bu olmaz. Bu \u00fclke, ger\u00e7ekten bu zor g\u00fcnlere do\u011fru gidiyor. T\u00fcrkiye&#8217;nin k\u00fcresel konjonkt\u00fcr\u00fcn\u00fcn gere\u011fini yerine getirmek zorunday\u0131z. Milletimizin, 86 milyon insan\u0131m\u0131z\u0131n, ger\u00e7ek anlamda bu y\u00fczy\u0131l\u0131 yakalayacak hamleleri yerine getirmek y\u00fck\u00fcml\u00fcl\u00fc\u011f\u00fcm\u00fczd\u00fcr. \u0130\u015fte budur tehdit, budur hakaret. Milletimizi zor duruma d\u00fc\u015f\u00fcren, mevcuttaki s\u0131k\u0131nt\u0131lar\u0131n tamam\u0131d\u0131r bizi s\u0131k\u0131nt\u0131ya d\u00fc\u015f\u00fcren.<\/p>\n<p>De\u011ferli dostlar\u0131m, Say\u0131n H\u00e2kim ve heyeti, burada bizi dinleyen insanlar\u0131m\u0131z, yar\u0131nlarda bizim bu sesimizi yaz\u0131yla beraber okuyacak vatanda\u015flar\u0131m\u0131za diyorum ki; mevcut T\u00fcrkiye&#8217;miz zor g\u00fcnlerden ge\u00e7iyor. Zor bir kav\u015faktay\u0131z. \u00d6nemli g\u00fcndemlerinizden birisi de Ekim 2024 tarihinden itibaren T\u00fcrkiye&#8217;nin g\u00fcndeminde olan \u2018Ter\u00f6rs\u00fcz T\u00fcrkiye.\u2019 \u2018Ter\u00f6rs\u00fcz T\u00fcrkiye\u2019 diye tariflenen bu mesele, ger\u00e7ekten bizim i\u00e7in \u00e7ok \u00f6nemli. Hele hele Genel Ba\u015fkan\u0131m\u0131z da burada\u2026 Mensubu bulundu\u011fum siyasi anlay\u0131\u015f ve partimin daim\u00ee, her zaman sava\u015flar\u0131n, ter\u00f6r\u00fcn ve ter\u00f6rden beslenenlerin kar\u015f\u0131s\u0131nda oldu\u011fu nettir. Ve bir tarihi ger\u00e7ektir. Bizler, \u2018Yurtta bar\u0131\u015f, d\u00fcnyada bar\u0131\u015f\u2019 ilkesinin daim\u00ee bek\u00e7ileriyiz ve olmaya da devam edece\u011fiz. Tabii \u00fclkemize ve milletimize b\u00fcy\u00fck bedeller \u00f6deten, binlerce vatanda\u015f\u0131m\u0131z\u0131n can\u0131na mal olan, kahraman ordumuzu, emniyet ve jandarma mensuplar\u0131m\u0131z\u0131, kamu g\u00f6revlilerinin \u015fehadetine sebep olan ter\u00f6r\u00fc reddederken, s\u00fcrekli siyasi m\u00fccadelemizin i\u00e7erisinde, her an\u0131nda sivil ve bar\u0131\u015f\u00e7\u0131l siyaseti de savunduk. T\u00fcrk, K\u00fcrt b\u00fct\u00fcn vatanda\u015flar\u0131m\u0131z\u0131n demokratik, adil, m\u00fcreffeh, \u00f6zg\u00fcr bir hayat ya\u015famas\u0131 i\u00e7in tarihimiz ter\u00f6r\u00fcn de\u011fil, sivil bir bi\u00e7imi ve \u00f6zellikle bar\u0131\u015f\u00e7\u0131l siyasetin g\u00fc\u00e7lenmesi i\u00e7in att\u0131\u011f\u0131m\u0131z ad\u0131mlarla doludur.<\/p>\n<p>T\u00fcrkiye&#8217;de bar\u0131\u015f ve huzurun g\u00fc\u00e7lenmesine katk\u0131 sa\u011flayacak her giri\u015fimin do\u011fal \u015fekilde akt\u00f6r\u00fc ve koruyucusu oluruz. Ancak, ne zaman koltu\u011fu tehlikeye girse, millete kar\u015f\u0131 cephe alanlar\u0131n samimiyetini sorgulamak ve milletimizin kazan\u0131mlar\u0131n\u0131n sigortas\u0131 olmaktan da geri durmay\u0131z. Bu bizim ne ana muhalefet ne de T\u00fcrkiye&#8217;nin birinci partisi olarak duru\u015fumuz de\u011fil, tam da T\u00fcrkiye Cumhuriyeti Devleti&#8217;nin kurucu partisi olmaktan gelen sorumlulu\u011fumuzdur. T\u00fcrkiye&#8217;de, \u00f6zellikle millet\u00e7e gelece\u011fimiz ad\u0131na, millet\u00e7e y\u00fcr\u00fct\u00fclmesini arzu etti\u011fimiz bu s\u00fcrecin uygulanmas\u0131nda y\u0131llard\u0131r T\u00fcrkiye&#8217;de kaos, kriz, bask\u0131 siyaseti uygulayan, milletimizi ayr\u0131\u015ft\u0131ran, nefret dilinden sak\u0131nmayan, d\u00f6nemsel \u00e7\u0131karlar\u0131na g\u00f6re hareket eden iktidar, ne ucuz bir siyaset ile bizi s\u00fcrecin d\u0131\u015f\u0131nda b\u0131rakabilir, ne de milletimizin duygular\u0131n\u0131 istismar etmelerine m\u00fcsaade etmeyiz.<\/p>\n<p>Milletimizin bu s\u00fcreci kibirle, d\u0131\u015flayarak, samimi olmayan, siyasi menfaati i\u00e7in \u00f6zellikle kutupla\u015ft\u0131rarak y\u00f6netme anlay\u0131\u015f\u0131 i\u00e7inde olanlara kar\u015f\u0131 duraca\u011f\u0131z. Ve \u015feffaf, kapsay\u0131c\u0131, T\u00fcrkiye&#8217;nin b\u00fct\u00fcn\u00fcyle birle\u015ftirici tutum ve tav\u0131r i\u00e7inde y\u00f6netilmesi konusunda da samimi, hassas \u00e7a\u011fr\u0131m\u0131z\u0131 her zaman yerine getirece\u011fiz. Ve bunu milletimize duyurmak i\u00e7in en g\u00fc\u00e7l\u00fc m\u00fccadelemizi vermeye devam edece\u011fiz.<br \/>\nBiz, bu s\u00fcrecin hukuk ve adalet \u00e7izgisinden sapmayan, kapsay\u0131c\u0131, ku\u015fat\u0131c\u0131, beraberlikle, e\u015fit yurtta\u015fl\u0131k ilkesiyle, g\u00fc\u00e7l\u00fc, demokratik devlet d\u00fczeni tesisi ile bunu ba\u015fard\u0131\u011f\u0131m\u0131zda, ayn\u0131 zamanda Orta Do\u011fu&#8217;da bir kutup y\u0131ld\u0131z\u0131 gibi parlayaca\u011f\u0131m\u0131z\u0131 ve b\u00fct\u00fcn yak\u0131n co\u011frafyam\u0131za g\u00fc\u00e7l\u00fc bir bar\u0131\u015f\u0131 kazand\u0131raca\u011f\u0131m\u0131za inanan bir noktaday\u0131z. \u00dclkemizin i\u00e7erisinde bu s\u00fcrece kar\u015f\u0131 ger\u00e7ekle\u015ftirilen en b\u00fcy\u00fck sabotaj\u0131n da alt\u0131n\u0131 \u00e7izmek isterim. Bu sabotaj, ana muhalefetin se\u00e7ilmi\u015f belediye ba\u015fkanlar\u0131na, siyaset\u00e7ilerine, namuslu b\u00fcrokratlar\u0131na ve cumhurba\u015fkan\u0131 aday\u0131na cezaevi ile y\u0131ld\u0131rma politikas\u0131yla beraber bizlerin esir tutuldu\u011fumuz Silivri&#8217;de, i\u015fte tam da Silivri&#8217;de kurulan bu kamp\u00fcs\u00fcn i\u00e7erisinde yarg\u0131lanmam\u0131zla sonu\u00e7lanan s\u00fcrecin sonudur, nihayetidir. Ama buna asla ba\u015far\u0131l\u0131 olamayacaklar. Biz, \u00f6zellikle ifade edeyim ki, T\u00fcrkiye&#8217;de \u00e7ok derin siyasi, hukuki ve iktisadi kriz s\u00fcr\u00fcklenmesine sebep olan bu akla kar\u015f\u0131 s\u00fcreci ba\u015flatan, \u00f6zellikle Milliyet\u00e7i Hareket Parti&#8217;ne ve DEM Parti&#8217;ye, buradan, bu mahkeme salonundan, adalet arad\u0131\u011f\u0131m\u0131z, bu \u00fclkede adalet i\u00e7in sonuna kadar m\u00fccadele edece\u011fimiz bu \u00fclkede bir \u00e7a\u011fr\u0131da bulunmak istiyorum. Ve onlara sesleniyorum ve diyorum ki, bu s\u00fcreci kendi ikballeri i\u00e7in bir f\u0131rsat g\u00f6ren ak\u0131ldan kendinizi ayr\u0131\u015ft\u0131r\u0131n. Ya da tarihi bir sorumlulukla, s\u00fcrecin b\u00fct\u00fcn T\u00fcrkiye&#8217;ye do\u011fru bir zeminde, b\u00fct\u00fcn hassasiyetleri ile dikkate al\u0131nd\u0131\u011f\u0131 bir \u015fekliyle \u015feffaf, kat\u0131l\u0131mc\u0131, kucaklay\u0131c\u0131 y\u00f6ntemlerle s\u00fcrd\u00fcr\u00fclmesini sa\u011flama konusunda ciddi ad\u0131mlar atmal\u0131s\u0131n\u0131z.<\/p>\n<p>Burada \u00f6zellikle s\u00f6yleyeyim: T\u00fcrkiye B\u00fcy\u00fck Millet Meclisi \u00e7at\u0131s\u0131 alt\u0131nda y\u00fcr\u00fct\u00fclen, \u00fclkenin bu tarihi kav\u015fa\u011f\u0131ndaki at\u0131lan ad\u0131mlar\u0131n da bu \u00e7a\u011fr\u0131y\u0131\u2026 Ki Genel Ba\u015fkan\u0131m\u0131z burada. Kendileri bunu \u00e7ok \u00fcst seviyede yapt\u0131lar. Ben de bu \u00e7a\u011fr\u0131n\u0131n arkas\u0131nda durdu\u011fumu ve olmas\u0131 gerekti\u011fini ifade ettim. Tabii burada do\u011fru usullerle siyasi partilerin temsiliyeti, e\u015fitlik\u00e7i, \u00e7o\u011fulcu y\u00f6ntemler ile desteklenmesi ve bir\u00e7ok hususta nitelikli \u00e7o\u011funluk gibi y\u00f6ntemler ile yol al\u0131nmas\u0131 da mutlaka yap\u0131lmal\u0131d\u0131r. Bak\u0131n; mutlaka bilinmelidir ki bu s\u00fcrecin ba\u015far\u0131ya ula\u015fmas\u0131 i\u00e7in tarihi ad\u0131mlar\u0131n sonuca varmas\u0131 ancak hukuksuz uygulamalardan, mevcut anayasay\u0131 dahi ihlal eden uygulamalardan, kayyumlardan vazge\u00e7ilmesi zorunluluktur. Aksi takdirde bu s\u00fcrecin ba\u015far\u0131ya ula\u015fmas\u0131, ne yaz\u0131k ki m\u00fcmk\u00fcn olamaz. Bu y\u00f6n\u00fcyle siyaset, burada ikbal aramas\u0131n. \u2018Buras\u0131\u2019 derken, buran\u0131n da alt\u0131n\u0131 \u00e7izmek istiyorum. Buran\u0131n bir mahkeme oldu\u011funu, mahkeme salonu oldu\u011funu, buraya siyasi m\u00fcdahalenin olmamas\u0131 gerekti\u011fini, siyasi m\u00fcdahalenin son bulmas\u0131 gerekti\u011fini, siyasi m\u00fcdahalenin cenderesi alt\u0131nda olan ve bu s\u00fcreci bu \u015fekilde kar\u015f\u0131layan insanlar\u0131n hak etti\u011fi muameleyi, yine bu yarg\u0131 \u00e7at\u0131s\u0131 alt\u0131nda bulacaklar\u0131n\u0131, do\u011fru zaman geldi\u011finde hesap vereceklerinin de alt\u0131n\u0131 \u00e7izmek istiyorum.<\/p>\n<p>Tabii \u015funun ifade etmek isterim: Bug\u00fcn \u00fclkemizde en ciddi meseleye dahi, en \u00f6nemli meseleye dahi bak\u0131\u015fta siyasi ikballerini, yar\u0131nki se\u00e7imi d\u00fc\u015f\u00fcnen, \u2018O se\u00e7imi nas\u0131l kazan\u0131r\u0131m? Bunun alt\u0131ndan nas\u0131l bir ayr\u0131\u015ft\u0131r\u0131c\u0131l\u0131k \u00e7\u0131kart\u0131r\u0131m\u2019 diye bakan akla kar\u015f\u0131, biz, bug\u00fcn yine bir m\u00fccadele i\u00e7erisindeyiz, d\u00fcn oldu\u011fu gibi. Yine bug\u00fcn bu ortam\u0131 kar\u0131\u015ft\u0131ran, insanlar\u0131 kutupla\u015ft\u0131ran, \u2018Sen gelemezsin, o gelsin, o gelmesin\u2019 diye birbirini ayr\u0131\u015ft\u0131rmaya \u00e7al\u0131\u015fan ak\u0131l, i\u015fte ger\u00e7ek anlamda bu \u00fclkenin evlatlar\u0131n\u0131, bu milletin evlatlar\u0131n\u0131 ister h\u00e2kimin \u00e7ocu\u011fu ister savc\u0131n\u0131n \u00e7ocu\u011fu ister burada bulunan avukatlar\u0131n, ister 86 milyonun evlad\u0131 olsun, onlar\u0131 tehdit eden, onlar\u0131 k\u00f6\u015feye s\u0131k\u0131\u015ft\u0131ran, onlara hakaret eden bu ak\u0131ld\u0131r, bu anlay\u0131\u015ft\u0131r, onun alt\u0131n\u0131 \u00e7izeyim. Siyaset, bu y\u00f6n\u00fcyle ger\u00e7ekten t\u00fcm m\u00fckteseplerden akan kanallar\u0131yla birlikte, memleketin sorunlar\u0131nda, \u00e7\u00f6z\u00fcmde birlikte d\u00fc\u015f\u00fcns\u00fcn, birlikte \u00e7al\u0131\u015fs\u0131n. Bizim bakt\u0131\u011f\u0131m\u0131z pencere budur.<\/p>\n<p>Bu y\u00f6n\u00fcyle uygulanacak stratejiden izlenecek yola kadar demokratik, \u00e7o\u011fulcu bir kat\u0131l\u0131m s\u00fcrecinin ortak ak\u0131lla birlikte \u00e7al\u0131\u015ft\u0131\u011f\u0131 bir mekanizman\u0131n karar verdi\u011fi eksiksiz bir toplumsal me\u015fruiyetin sa\u011flanmas\u0131 en b\u00fcy\u00fck arzumuzdur.<br \/>\nBizlere d\u00fc\u015fen; bu topraklarda karde\u015f\u00e7e, \u00f6zg\u00fcrce, onurlu bir ya\u015fam\u0131 in\u015fa etmektir. Bu yol zorlu olsa da inanc\u0131m\u0131z tamd\u0131r. \u0130rademiz sa\u011flamd\u0131r. Bu memleket hepimizindir. 86 milyon yurtta\u015f\u0131m\u0131z\u0131n evlatlar\u0131n\u0131nd\u0131r. 86 milyon insan\u0131m\u0131z\u0131n e\u015fit hissedarl\u0131\u011f\u0131yla beraber bu memleketin sahibi oldu\u011funu herkes buradan bilsin ve duysun. Ne g\u00fczel s\u00f6ylemi\u015f Naz\u0131m;<\/p>\n<p>D\u00f6rtnala gelip Uzak Asya&#8217;dan,<\/p>\n<p>Akdeniz&#8217;e bir k\u0131srak ba\u015f\u0131 gibi uzanan<\/p>\n<p>Bu memleket, bizim.<\/p>\n<p>Kapans\u0131n el kap\u0131lar\u0131,<\/p>\n<p>Bir daha a\u00e7\u0131lmas\u0131n.<\/p>\n<p>Yok edin insan\u0131n insana kullu\u011funu,<\/p>\n<p>Bu davet, bizim.<\/p>\n<p>Ya\u015famak bir a\u011fa\u00e7 gibi tek ve h\u00fcr<\/p>\n<p>Ve bir orman gibi karde\u015f\u00e7esine,<\/p>\n<p>Bu hasret, bizim.<\/p>\n<p>Bu memleketin insanlar\u0131n\u0131n bir arada ya\u015famas\u0131n\u0131 istemeyen ka\u015flar\u0131 \u00e7at\u0131k, y\u00fcz\u00fc as\u0131k, her konu\u015fmas\u0131nda milleti ayr\u0131\u015ft\u0131ran ak\u0131ldan uzakla\u015ft\u0131\u011f\u0131m\u0131z g\u00fcn bu milletin y\u00fcz\u00fcnde huzur, g\u00f6nl\u00fcnde ferahl\u0131k, insanlar\u0131n sinesinde gelece\u011fe dair umut\u2026 Ve g\u00f6receksiniz, bu millet bunu ba\u015faracak. \u0130stedikleri kadar engellesinler. \u0130stedikleri kadar sesimizi k\u0131smaya \u00e7al\u0131\u015fs\u0131nlar. Hakk\u0131m\u0131zda ak\u015famdan sabaha davalar a\u00e7s\u0131nlar. Cesaretimiz tamd\u0131r. Biz, hak yemedik. Allah&#8217;a \u015f\u00fck\u00fcr hakk\u0131m\u0131z\u0131 yedirmedik, yedirmeyece\u011fiz. Bug\u00fcn bunun savunmas\u0131n\u0131n en \u00fcst seviyede, en \u015fiddetlisini yap\u0131yorum.<\/p>\n<p>Tehdit ve hakaret, i\u015fte tam da bunun kar\u015f\u0131s\u0131nda hareket edenlerin milletimize \u00e7ektirdikleridir. Milletin evlatlar\u0131n\u0131n yar\u0131nlar\u0131n\u0131, geleceklerini karartmalar\u0131d\u0131r. Ben; yarg\u0131n\u0131n, kanunun, yarg\u0131n\u0131n yetkilerinin k\u00f6t\u00fcye kullan\u0131lmas\u0131na, siyasete aparat yap\u0131lmas\u0131na kar\u015f\u0131 m\u00fccadele ettim, ediyorum, etmeye devam edece\u011fim. Ben, gelecek se\u00e7imi d\u00fc\u015f\u00fcnenlerden de\u011filim. Ben, gelecek nesilleri d\u00fc\u015f\u00fcnenlerdenim ve d\u00fc\u015f\u00fcnmeye de devam edece\u011fim. Burada bulunmayan bu milletin her evlad\u0131n\u0131 d\u00fc\u015f\u00fcnmeye devam edece\u011fim ve oradan asla vazge\u00e7meyece\u011fim. Bunu herkes b\u00f6yle bilsin. O bak\u0131mdan yine ilan ediyorum: K\u00f6t\u00fcl\u00fck yapanlara ve k\u00f6t\u00fclere kar\u015f\u0131 m\u00fccadelede bir nefer olarak yoluma devam ediyorum. Dimdik ayaktay\u0131m. Cesaretim tavand\u0131r. Gen\u00e7li\u011fimin oldu\u011funun fark\u0131nday\u0131m. Yolumun uzun oldu\u011funun da fark\u0131nday\u0131m. Allah yolumuzu a\u00e7\u0131k etsin. Allah k\u00f6t\u00fclerden, milletimizi korusun.<\/p>\n<p>Bana iftira atanlardan ve insanlar\u0131n bug\u00fcn burada toplan\u0131p, ger\u00e7ekten \u00fcz\u00fcc\u00fc bir \u015fekilde, 10-20 saniye i\u00e7inde bir iddianame \u00fczerinden bir mahkeme yarg\u0131lanmas\u0131n\u0131n \u00fc\u00e7\u00fcnc\u00fc celsesini ya\u015famaktan \u00fcz\u00fcnt\u00fc duyuyorum. Yani Silivri&#8217;de bir kamp\u00fcs\u00fcn kurulmas\u0131ndan, \u00c7a\u011flayan\u2019dan ka\u00e7\u0131r\u0131lmas\u0131ndan, buraya ta\u015f\u0131nmas\u0131ndan \u00fcz\u00fcnt\u00fc duyuyorum, hicap duyuyorum. H\u00e2kimin, heyetinin, buraya gelen di\u011fer sorumlular\u0131n, g\u00f6revlilerin b\u00f6yle bir me\u015fguliyetle me\u015fgul tutulmas\u0131ndan b\u00fcy\u00fck \u00fcz\u00fcnt\u00fc duyuyorum. Ve h\u00fcrl\u00fc\u011f\u00fcm\u00fcz\u00fc ve h\u00fcr kalaca\u011f\u0131m\u0131z\u0131 her zaman ilan ediyorum. Ger\u00e7ekten Allah milletimizi k\u00f6t\u00fclerden ve k\u00f6t\u00fcl\u00fcklerden korusun. \u0130n\u015fallah burada en do\u011fru karar\u0131 verece\u011finize olan \u00fcmidimle, bug\u00fcn bu yapm\u0131\u015f oldu\u011fum esas hakk\u0131ndaki m\u00fctalaaya izin verdi\u011finiz i\u00e7in de te\u015fekk\u00fcr ediyorum.<\/p>\n<p>&#8220;Son s\u00f6z&#8221; kavram\u0131, benim i\u00e7in uygun bir kavram de\u011fil elbette. Hi\u00e7bir zaman s\u00f6z\u00fcn bitti\u011fi yerde olmay\u0131z. \u015eunu ifade edeyim: Ger\u00e7ekten bir yarg\u0131 tacizi alt\u0131nda bulunan bir ki\u015fi olarak, yo\u011fun bir sald\u0131r\u0131yla kar\u015f\u0131 kar\u015f\u0131ya oldu\u011fumun alt\u0131n\u0131 \u00e7izmek isterim. \u00dcz\u00fclerek ifade edeyim; bug\u00fcn burada bulunmak ve ger\u00e7ekten mahkemenin esas \u00e7at\u0131s\u0131n\u0131n alt\u0131nda de\u011fil de Silivri&#8217;ye nakledilmi\u015f \u015fekliyle, bir g\u00f6\u00e7ebe misali bir mahkemenin kuruldu\u011fu ortamda yarg\u0131lanman\u0131n, tecridin de bir par\u00e7as\u0131 oldu\u011funun alt\u0131 \u00e7izilmek zorundad\u0131r. \u2018Ahmak davas\u0131\u2019 var ve 2 y\u0131l 7 ay 15 g\u00fcn hapis ve siyasal yasak karar\u0131 verildi. Art\u0131k neredeyse \u00fc\u00e7 y\u0131la do\u011fru giden bir \u015fekliyle, istinaf mahkemesinde bekletiliyor. Beylikd\u00fcz\u00fc&#8217;nde bir ihale, ihaleden be\u015f y\u0131l sonra, Dan\u0131\u015ftay kararlar\u0131 olmas\u0131na ra\u011fmen canland\u0131r\u0131ld\u0131. T\u00fcrkiye, yarg\u0131 tarihinde olmam\u0131\u015f bir bi\u00e7imde, be\u015f kez m\u00fctalaa vermeyen bir savc\u0131yla kar\u015f\u0131 kar\u015f\u0131ya. Bir savc\u0131 makam\u0131n\u0131n, de\u011fi\u015fik bir uygulamas\u0131yla kar\u015f\u0131 kar\u015f\u0131ya kald\u0131\u011f\u0131m bir durumday\u0131m. Savc\u0131l\u0131k makam\u0131 ortada yok. Burada da savc\u0131l\u0131k makam\u0131, bana kendi savunmam\u0131 yaparken, cevap verme hakk\u0131 varsa, hakk\u0131n\u0131 kulland\u0131. Hakk\u0131 yoksa da sizden, y\u00fcce yarg\u0131dan bu konuda cevap istiyorum.<\/p>\n<p>Tehdit, hedef g\u00f6sterme davas\u0131na sonra gelece\u011fim. Bilirki\u015fi davas\u0131\u2026 Yani milyar da diyemeyece\u011fim\u2026 Sizin mahkemeyle ilgili \u00f6nemli bir \u015fey s\u00f6yleyece\u011fim. Tarihi bir not d\u00fc\u015fece\u011fim yani. Bunlar benim ba\u015f\u0131ma geliyor. Y\u00fcce T\u00fcrk yarg\u0131s\u0131n\u0131n bir ferdisiniz. \u00d6nemli bir makamdas\u0131n\u0131z. Yani s\u0131rt\u0131m\u0131 size day\u0131yorum ben \u015fu anda. Ba\u015fka bir yer yok. Dolay\u0131s\u0131yla s\u0131rt\u0131m\u0131 size day\u0131yorsam, o zaman bunlar\u0131 bilmeniz laz\u0131m. Belki medyay\u0131 takip etmiyorsunuz. Belki medyaya \u00e7\u0131kmak istemeyeceksiniz. Onun i\u00e7in bunlar\u0131 duyun. Benden duyun. Bilirki\u015fi mahkemesi, bilirki\u015fiye a\u00e7\u0131lan dava, trilyonlarda bir bile olmayan bir ihtimalle, defalarca benimle ilgili dosyaya d\u00fc\u015fm\u00fc\u015f adam\u0131, ismi Sat\u0131lm\u0131\u015f olan beyefendiyi, ben \u015fik\u00e2yet ettim millete. \u00c7\u00fcnk\u00fc \u015fikayetlerim yarg\u0131da kar\u015f\u0131l\u0131k bulmad\u0131. Benim hakk\u0131mda ceza davas\u0131 a\u00e7\u0131ld\u0131, siyasi yasak davas\u0131 a\u00e7\u0131ld\u0131. Diploma davas\u0131\u2026 Benimle, yani 35 y\u0131l \u00f6nceki i\u015flem, 31 y\u0131l \u00f6nceki diploma, bu \u00fclkede hi\u00e7bir hatas\u0131 hususu olmadan, uydurma bir kararla, savc\u0131l\u0131\u011f\u0131n zorlamas\u0131yla, haddi olmadan, iptal edildi, zorlayarak. Parantez i\u00e7inde de \u2018YSK\u2019da kullanabilir\u2019 diyor. YSK&#8217;da bir tek cumhurba\u015fkan\u0131 aday\u0131 oldu\u011funda kullanabilirsiniz, ba\u015fka bir yerde de\u011fil. Ve buradan, iptal edilen diplomam\u2026 Yetinmediler, a\u011f\u0131r cezada da mahkeme a\u00e7\u0131ld\u0131. 8 y\u0131l 9 ay a\u011f\u0131r cezada mahkeme a\u00e7\u0131ld\u0131 ve bu mahkemeyle ilgili, benimle ilgili ayn\u0131 dosyada olan ki\u015filer ayr\u0131ld\u0131. Sadece benimle ilgili a\u00e7\u0131ld\u0131. Acele var yani. Bir acele var. Bu acele nas\u0131l yani? Bir insan b\u00f6yle bir cenderede olabilir mi yahu? Biz neye g\u00fcvenece\u011fiz yani?<\/p>\n<p>Ve tutuklamalar, kayyumlar vesaire\u2026 Ahmet \u00d6zer Ba\u015fkan\u0131m\u0131z, pazartesi buradan tahliye karar\u0131 ald\u0131. Ahmet \u00d6zer, 30 Ekim&#8217;de, tahliye ald\u0131\u011f\u0131 karardan dolay\u0131 evine operasyon d\u00fczenlendi ve tutukland\u0131. Aylar sonra, bir ba\u015fka mahkemeden ilave tutuklamadan dolay\u0131 hakk\u0131nda bir tutuklama karar\u0131 verdi. 9 ayd\u0131r hapiste 65 ya\u015f\u0131nda bu \u00fclkenin profes\u00f6r\u00fc. Niye? Daha bir y\u0131l \u00f6nce, bir bu\u00e7uk y\u0131l \u00f6nce, iki y\u0131l \u00f6nce kendisine oy vermeyen herkes \u2018ter\u00f6ristti\u2019. \u015eimdi ba\u015fka bir evreye geldik. \u015eimdi ba\u015fka bir \u015fey konu\u015faca\u011f\u0131z! Yok \u00f6yle bir \u015fey! Yok. Ben her zaman dedim; 86 milyon insan benim i\u00e7in vatanseverdir. Bu bak\u0131mdan ben, \u2018vah memleket vah\u2019 demek istemiyorum. Ve bu mahkemenin, bu silsileye eklenmesini arzu etmiyorum. \u0130stemiyorum. Bu benim Ekrem \u0130mamo\u011flu olarak talebimdir. Ben, Mehmet \u00c7al\u0131k karde\u015fimin evine d\u00f6nmesini istiyorum. Bu insan niye hapiste? Niye s\u00fcr\u00fcnd\u00fcr\u00fcl\u00fcyor. Buradan \u0130zmir&#8217;e, \u0130zmir&#8217;den, \u0130stanbul&#8217;a, adli t\u0131p\u2026 Yeter. Yeter. Cinayete do\u011fru gidiyor bu i\u015f. Bu yarg\u0131lama de\u011fil. Buras\u0131, bu silsileye eklensin istemiyorum Say\u0131n H\u00e2kim. Mehmet \u00c7al\u0131k gibi Fato\u015f, Elif, Kadriye, kad\u0131n mahkumlar\u2026 Nedir yahu? \u00c7olu\u011fundan \u00e7ocu\u011fundan \u015fof\u00f6rler\u2026 \u00d6yle gerile gerile, kafas\u0131n\u0131 g\u00f6z\u00fcn\u00fc sert sert bakarak bize kimse bakmas\u0131n yani. Ben umursam\u0131yorum o bak\u0131\u015flar\u0131. Gelip ge\u00e7er. Bu g\u00fcnler gelip ge\u00e7er. Her karar, kendi pe\u015finden gider. \u00c7ok net.<\/p>\n<p>D\u00fcn 15 Temmuz&#8217;du. \u015eehitlerimizi rahmetle, minnetle an\u0131yoruz. Niye \u00f6ld\u00fc o insanlar? O insanlar niye \u00f6ld\u00fc? O insanlar niye \u00f6ld\u00fc? O darbe niye d\u00fczenlendi? Say\u0131n Genel Ba\u015fkan\u0131ma s\u00f6z hakk\u0131 verilmemi\u015f Meclis\u2019te. Ben, 15 Temmuz&#8217;dan d\u00f6rt g\u00fcn sonra mevlit okutmak istedim. M\u00fcft\u00fc, \u2018okuyamazs\u0131n\u2019 dedi. \u2018Okutamazs\u0131n\u2019 dedi camide. \u2018Niye\u2019 dedim Say\u0131n M\u00fcft\u00fc? Kaymakam \u00f6yle s\u00f6yl\u00fcyor. Arad\u0131m kaymakam\u0131. Dedim, \u2018Say\u0131n Kaymakam niye okutamazm\u0131\u015f\u0131m?\u2019 Dedi ki \u2018Ya \u00e7ok dua okundu. Yeter\u2019 dedi, \u2018Sen niye okutacaks\u0131n?\u2019 CHP&#8217;li Ekrem \u0130mamo\u011flu m\u00fcft\u00fc ve kaymakam karar al\u0131yor. Niye? Camide mevlit okutamazs\u0131n \u015fehitlere diye. \u2018\u0130yi\u2019 dedim \u2018Ben gidiyorum, ak\u015fam kendim okuyaca\u011f\u0131m\u2019 dedim. Gittim de okuttum. Bunu niye s\u00f6yl\u00fcyorum? Bunlar \u00f6nemli Say\u0131n Hakimim. Hepsi birbiriyle ili\u015fkili. Burada konu\u015ftu\u011fumuz konu, Say\u0131n Ba\u015fsavc\u0131&#8217;yla ilgili benimle alakal\u0131 tehdit ve hakaret.<\/p>\n<p>Ben bu cennet vatanda, bir ki\u015fi i\u00e7in tehdidim. Bir ki\u015fi i\u00e7in tehdidim. O da ben de\u011fil, ben tehdit etmem. Millet tehdit eder. Sand\u0131kta d\u00f6rt kez yendim, be\u015finci kez yenece\u011fim i\u00e7in tehdidim. Onun i\u00e7in bug\u00fcn buraday\u0131m ve bunun ba\u015fka bir sebebi yok. Ben onun i\u00e7in buraday\u0131m. O bak\u0131mdan, o \u00f6yle d\u00fc\u015f\u00fcnmeye devam etsin. Ben, milletim ad\u0131na m\u00fccadeleye devam edece\u011fim. Kararl\u0131l\u0131\u011f\u0131m, bug\u00fcn tarif edemeyece\u011finiz seviyededir. Tek arzum vard\u0131r: \u2018Vah memleket vah\u2019 silsilesine, s\u0131ralamas\u0131na bu mahkeme girmesin. Te\u015fekk\u00fcr ederim.<\/p>\n<p>\u200b\u0130stanbul B\u00fcy\u00fck\u015fehir Belediye Ba\u015fkan\u0131 Ekrem \u0130mamo\u011flu, Marmara Cezaevi&#8217;nden g\u00f6nderdi\u011fi mesajda, belirli kesimler i\u00e7in tehdit unsuru oldu\u011funu s\u00f6yledi. \u0130\u015fte ayr\u0131nt\u0131lar&#8230;\u00a0<\/p>\n<p>\u200bHaberin Al\u0131nt\u0131land\u0131\u011f\u0131 Kaynak: www.antalyakorfez.com<\/p>","protected":false},"excerpt":{"rendered":"<p>\u0130stanbul B\u00fcy\u00fck\u015fehir Belediye (\u0130BB) Ba\u015fkan\u0131 Ekrem \u0130mamo\u011flu, tutuklu bulundu\u011fu Marmara Cezaevi&#8217;nden, olas\u0131 se\u00e7im sonu\u00e7lar\u0131na ili\u015fkin \u00f6ng\u00f6r\u00fclerine ili\u015fkin \u00f6nemli a\u00e7\u0131klamalarda bulundu. \u0130mamo\u011flu, Cumhurba\u015fkanl\u0131\u011f\u0131 Aday Ofisi arac\u0131l\u0131\u011f\u0131yla g\u00f6nderdi\u011fi mesaj\u0131nda, kendisini siyasi arenada rakip olarak istemeyen ki\u015filer nedeniyle cezaevinde bulundu\u011funu iddia etti. S\u00fcrecin siyaset\u00e7ilerden ve partilerden daha b\u00fcy\u00fck oldu\u011funu ve milletin gelece\u011fi ad\u0131na, milletle birlikte yap\u0131lmas\u0131 gerekti\u011fini ifade eden \u0130mamo\u011flu, &#8220;Onu sand\u0131kta d\u00f6rt kez yendi\u011fim, be\u015finci kez yenece\u011fim i\u00e7in tehdidim. Bunun i\u00e7in bug\u00fcn buraday\u0131m. Ben, milletim ad\u0131na m\u00fccadeleye devam edece\u011fim. Kararl\u0131l\u0131\u011f\u0131m, bug\u00fcn tarif edemeyece\u011finiz seviyededir. Tek arzum vard\u0131r, o da bu mahkeme, &#8216;vah memleket vah&#8217; silsilesine girmesin&#8221; mesaj\u0131 g\u00f6nderdi. Silivri savunmas\u0131n\u0131n tamam\u0131na a\u00e7\u0131klamas\u0131nda yer veren \u0130mamo\u011flu, \u015funlar\u0131 kaydetti: &#8211; Silivri A\u00e7\u0131k Ceza Yerle\u015fkesi Duru\u015fma Salonu (16 Temmuz 2025)-Ekrem \u0130mamo\u011flu, \u0130stanbul Cumhuriyet Ba\u015fsavc\u0131s\u0131 Ak\u0131n G\u00fcrlek Davas\u0131 Karar Duru\u015fmas\u0131 &#8211; Mahkeme Ba\u015fkan\u0131: \u201cGe\u00e7en celse esas hakk\u0131nda m\u00fctalaa kar\u015f\u0131 beyanda bulunmu\u015ftunuz. \u00c7ok k\u0131sa olarak tekrardan beyan\u0131n\u0131z\u0131 alal\u0131m. K\u0131sa olsun ama.\u201d \u201cHayat k\u0131sa zaten, hayat kadar k\u0131sa olacak in\u015fallah size sunumum. Burada bulunmam\u0131z\u0131n sebebi, sadece bir panelde s\u00f6zlerle s\u0131n\u0131rl\u0131 kalabilecek bir durum de\u011fil.\u201d T\u00fcrkiye tarihinin \u00e7ok \u00f6nemli bir d\u00f6n\u00fcm noktas\u0131nda ve \u0130stanbul&#8217;un bir mahkemesinde yarg\u0131lanma s\u00fcreci i\u00e7erisindeyiz. Ama yarg\u0131lanmam\u0131z\u0131 bile mahkemede yapam\u0131yoruz. Var olan adresinde yapam\u0131yoruz, ba\u015fka bir adreste yap\u0131yoruz. Dolay\u0131s\u0131yla her \u015fey asl\u0131nda ola\u011fan\u00fcst\u00fc geli\u015fiyor. Ge\u00e7en &hellip;<\/p>","protected":false},"author":5,"featured_media":0,"comment_status":"","ping_status":"open","sticky":false,"template":"","format":"standard","meta":{"_acf_changed":false,"footnotes":""},"categories":[24],"tags":[],"class_list":["post-152659","post","type-post","status-publish","format-standard","has-post-thumbnail","hentry","category-gundem"],"acf":[],"yoast_head":"<!-- This site is optimized with the Yoast SEO Premium plugin v26.6 (Yoast SEO v27.1.1) - https:\/\/yoast.com\/product\/yoast-seo-premium-wordpress\/ -->\n<title>\u0130BB Ba\u015fkan\u0131 Ekrem \u0130mamo\u011flu: &quot;O&#039;nun i\u00e7in tehdidim&quot; - Av. Deniz Can K\u0131z\u0131l<\/title>\n<meta name=\"robots\" content=\"index, follow, max-snippet:-1, max-image-preview:large, max-video-preview:-1\" \/>\n<link rel=\"canonical\" href=\"https:\/\/denizcankizil.tr\/uk\/haberler\/gundem\/ibb-baskani-ekrem-imamoglu-onun-icin-tehdidim\/\" \/>\n<meta property=\"og:locale\" content=\"uk_UA\" \/>\n<meta property=\"og:type\" content=\"article\" \/>\n<meta property=\"og:title\" content=\"\u0130BB Ba\u015fkan\u0131 Ekrem \u0130mamo\u011flu: &quot;O&#039;nun i\u00e7in tehdidim&quot;\" \/>\n<meta property=\"og:description\" content=\"\u0130stanbul B\u00fcy\u00fck\u015fehir Belediye (\u0130BB) Ba\u015fkan\u0131 Ekrem \u0130mamo\u011flu, tutuklu bulundu\u011fu Marmara Cezaevi&#8217;nden, olas\u0131 se\u00e7im sonu\u00e7lar\u0131na ili\u015fkin \u00f6ng\u00f6r\u00fclerine ili\u015fkin \u00f6nemli a\u00e7\u0131klamalarda bulundu. \u0130mamo\u011flu, Cumhurba\u015fkanl\u0131\u011f\u0131 Aday Ofisi arac\u0131l\u0131\u011f\u0131yla g\u00f6nderdi\u011fi mesaj\u0131nda, kendisini siyasi arenada rakip olarak istemeyen ki\u015filer nedeniyle cezaevinde bulundu\u011funu iddia etti. S\u00fcrecin siyaset\u00e7ilerden ve partilerden daha b\u00fcy\u00fck oldu\u011funu ve milletin gelece\u011fi ad\u0131na, milletle birlikte yap\u0131lmas\u0131 gerekti\u011fini ifade eden \u0130mamo\u011flu, &#8220;Onu sand\u0131kta d\u00f6rt kez yendi\u011fim, be\u015finci kez yenece\u011fim i\u00e7in tehdidim. Bunun i\u00e7in bug\u00fcn buraday\u0131m. Ben, milletim ad\u0131na m\u00fccadeleye devam edece\u011fim. Kararl\u0131l\u0131\u011f\u0131m, bug\u00fcn tarif edemeyece\u011finiz seviyededir. Tek arzum vard\u0131r, o da bu mahkeme, &#8216;vah memleket vah&#8217; silsilesine girmesin&#8221; mesaj\u0131 g\u00f6nderdi. Silivri savunmas\u0131n\u0131n tamam\u0131na a\u00e7\u0131klamas\u0131nda yer veren \u0130mamo\u011flu, \u015funlar\u0131 kaydetti: &#8211; Silivri A\u00e7\u0131k Ceza Yerle\u015fkesi Duru\u015fma Salonu (16 Temmuz 2025)-Ekrem \u0130mamo\u011flu, \u0130stanbul Cumhuriyet Ba\u015fsavc\u0131s\u0131 Ak\u0131n G\u00fcrlek Davas\u0131 Karar Duru\u015fmas\u0131 &#8211; Mahkeme Ba\u015fkan\u0131: \u201cGe\u00e7en celse esas hakk\u0131nda m\u00fctalaa kar\u015f\u0131 beyanda bulunmu\u015ftunuz. \u00c7ok k\u0131sa olarak tekrardan beyan\u0131n\u0131z\u0131 alal\u0131m. K\u0131sa olsun ama.\u201d \u201cHayat k\u0131sa zaten, hayat kadar k\u0131sa olacak in\u015fallah size sunumum. Burada bulunmam\u0131z\u0131n sebebi, sadece bir panelde s\u00f6zlerle s\u0131n\u0131rl\u0131 kalabilecek bir durum de\u011fil.\u201d T\u00fcrkiye tarihinin \u00e7ok \u00f6nemli bir d\u00f6n\u00fcm noktas\u0131nda ve \u0130stanbul&#8217;un bir mahkemesinde yarg\u0131lanma s\u00fcreci i\u00e7erisindeyiz. Ama yarg\u0131lanmam\u0131z\u0131 bile mahkemede yapam\u0131yoruz. Var olan adresinde yapam\u0131yoruz, ba\u015fka bir adreste yap\u0131yoruz. Dolay\u0131s\u0131yla her \u015fey asl\u0131nda ola\u011fan\u00fcst\u00fc geli\u015fiyor. Ge\u00e7en &hellip;\" \/>\n<meta property=\"og:url\" content=\"https:\/\/denizcankizil.tr\/uk\/haberler\/gundem\/ibb-baskani-ekrem-imamoglu-onun-icin-tehdidim\/\" \/>\n<meta property=\"og:site_name\" content=\"Av. Deniz Can K\u0131z\u0131l\" \/>\n<meta property=\"article:published_time\" content=\"2025-07-21T08:41:51+00:00\" \/>\n<meta name=\"author\" content=\"Antalya K\u00f6rfez\" \/>\n<meta name=\"twitter:card\" content=\"summary_large_image\" \/>\n<meta name=\"twitter:label1\" content=\"\u041d\u0430\u043f\u0438\u0441\u0430\u043d\u043e\" \/>\n\t<meta name=\"twitter:data1\" content=\"Antalya K\u00f6rfez\" \/>\n\t<meta name=\"twitter:label2\" content=\"\u041f\u0440\u0438\u0431\u043b. \u0447\u0430\u0441 \u0447\u0438\u0442\u0430\u043d\u043d\u044f\" \/>\n\t<meta name=\"twitter:data2\" content=\"25 \u0445\u0432\u0438\u043b\u0438\u043d\" \/>\n<script type=\"application\/ld+json\" class=\"yoast-schema-graph\">{\"@context\":\"https:\/\/schema.org\",\"@graph\":[{\"@type\":\"Article\",\"@id\":\"https:\/\/denizcankizil.tr\/uk\/haberler\/gundem\/ibb-baskani-ekrem-imamoglu-onun-icin-tehdidim\/#article\",\"isPartOf\":{\"@id\":\"https:\/\/denizcankizil.tr\/uk\/haberler\/gundem\/ibb-baskani-ekrem-imamoglu-onun-icin-tehdidim\/\"},\"author\":{\"name\":\"Antalya K\u00f6rfez\",\"@id\":\"https:\/\/denizcankizil.tr\/#\/schema\/person\/e1eb71bb4dd684d46563f0af307e1234\"},\"headline\":\"\u0130BB Ba\u015fkan\u0131 Ekrem \u0130mamo\u011flu: &#8220;O&#8217;nun i\u00e7in tehdidim&#8221;\",\"datePublished\":\"2025-07-21T08:41:51+00:00\",\"mainEntityOfPage\":{\"@id\":\"https:\/\/denizcankizil.tr\/uk\/haberler\/gundem\/ibb-baskani-ekrem-imamoglu-onun-icin-tehdidim\/\"},\"wordCount\":4994,\"publisher\":{\"@id\":\"https:\/\/denizcankizil.tr\/#organization\"},\"articleSection\":[\"G\u00fcndem\"],\"inLanguage\":\"uk\"},{\"@type\":\"WebPage\",\"@id\":\"https:\/\/denizcankizil.tr\/uk\/haberler\/gundem\/ibb-baskani-ekrem-imamoglu-onun-icin-tehdidim\/\",\"url\":\"https:\/\/denizcankizil.tr\/uk\/haberler\/gundem\/ibb-baskani-ekrem-imamoglu-onun-icin-tehdidim\/\",\"name\":\"\u0130BB Ba\u015fkan\u0131 Ekrem \u0130mamo\u011flu: \\\"O'nun i\u00e7in tehdidim\\\" - Av. Deniz Can K\u0131z\u0131l\",\"isPartOf\":{\"@id\":\"https:\/\/denizcankizil.tr\/#website\"},\"datePublished\":\"2025-07-21T08:41:51+00:00\",\"breadcrumb\":{\"@id\":\"https:\/\/denizcankizil.tr\/uk\/haberler\/gundem\/ibb-baskani-ekrem-imamoglu-onun-icin-tehdidim\/#breadcrumb\"},\"inLanguage\":\"uk\",\"potentialAction\":[{\"@type\":\"ReadAction\",\"target\":[\"https:\/\/denizcankizil.tr\/uk\/haberler\/gundem\/ibb-baskani-ekrem-imamoglu-onun-icin-tehdidim\/\"]}]},{\"@type\":\"BreadcrumbList\",\"@id\":\"https:\/\/denizcankizil.tr\/uk\/haberler\/gundem\/ibb-baskani-ekrem-imamoglu-onun-icin-tehdidim\/#breadcrumb\",\"itemListElement\":[{\"@type\":\"ListItem\",\"position\":1,\"name\":\"Home\",\"item\":\"https:\/\/denizcankizil.tr\/uk\/\"},{\"@type\":\"ListItem\",\"position\":2,\"name\":\"\u0130BB Ba\u015fkan\u0131 Ekrem \u0130mamo\u011flu: &#8220;O&#8217;nun i\u00e7in tehdidim&#8221;\"}]},{\"@type\":\"WebSite\",\"@id\":\"https:\/\/denizcankizil.tr\/#website\",\"url\":\"https:\/\/denizcankizil.tr\/\",\"name\":\"Av. Deniz Can K\u0131z\u0131l\",\"description\":\"Avukat Deniz Can K\u0131z\u0131l Antalya Barosu\",\"publisher\":{\"@id\":\"https:\/\/denizcankizil.tr\/#organization\"},\"potentialAction\":[{\"@type\":\"SearchAction\",\"target\":{\"@type\":\"EntryPoint\",\"urlTemplate\":\"https:\/\/denizcankizil.tr\/?s={search_term_string}\"},\"query-input\":{\"@type\":\"PropertyValueSpecification\",\"valueRequired\":true,\"valueName\":\"search_term_string\"}}],\"inLanguage\":\"uk\"},{\"@type\":\"Organization\",\"@id\":\"https:\/\/denizcankizil.tr\/#organization\",\"name\":\"Av. Deniz Can K\u0131z\u0131l\",\"url\":\"https:\/\/denizcankizil.tr\/\",\"logo\":{\"@type\":\"ImageObject\",\"inLanguage\":\"uk\",\"@id\":\"https:\/\/denizcankizil.tr\/#\/schema\/logo\/image\/\",\"url\":\"https:\/\/denizcankizil.tr\/wp-content\/uploads\/2024\/10\/siyah-logo-svg.svg\",\"contentUrl\":\"https:\/\/denizcankizil.tr\/wp-content\/uploads\/2024\/10\/siyah-logo-svg.svg\",\"width\":1080,\"height\":1080,\"caption\":\"Av. Deniz Can K\u0131z\u0131l\"},\"image\":{\"@id\":\"https:\/\/denizcankizil.tr\/#\/schema\/logo\/image\/\"}},{\"@type\":\"Person\",\"@id\":\"https:\/\/denizcankizil.tr\/#\/schema\/person\/e1eb71bb4dd684d46563f0af307e1234\",\"name\":\"Antalya K\u00f6rfez\",\"image\":{\"@type\":\"ImageObject\",\"inLanguage\":\"uk\",\"@id\":\"https:\/\/denizcankizil.tr\/#\/schema\/person\/image\/\",\"url\":\"https:\/\/secure.gravatar.com\/avatar\/42b01982558a48a0b501fdcab6a408d3717ea5919095ee2e67b0e521799c5905?s=96&d=mm&r=g\",\"contentUrl\":\"https:\/\/secure.gravatar.com\/avatar\/42b01982558a48a0b501fdcab6a408d3717ea5919095ee2e67b0e521799c5905?s=96&d=mm&r=g\",\"caption\":\"Antalya K\u00f6rfez\"},\"sameAs\":[\"http:\/\/www.antalyakorfez.com\"],\"url\":\"https:\/\/www.antalyakorfez.com\/ibb-baskani-ekrem-imamoglu-onun-icin-tehdidim\"}]}<\/script>\n<!-- \/ Yoast SEO Premium plugin. -->","yoast_head_json":{"title":"\u0130BB Ba\u015fkan\u0131 Ekrem \u0130mamo\u011flu: \"O'nun i\u00e7in tehdidim\" - Av. Deniz Can K\u0131z\u0131l","robots":{"index":"index","follow":"follow","max-snippet":"max-snippet:-1","max-image-preview":"max-image-preview:large","max-video-preview":"max-video-preview:-1"},"canonical":"https:\/\/denizcankizil.tr\/uk\/haberler\/gundem\/ibb-baskani-ekrem-imamoglu-onun-icin-tehdidim\/","og_locale":"uk_UA","og_type":"article","og_title":"\u0130BB Ba\u015fkan\u0131 Ekrem \u0130mamo\u011flu: \"O'nun i\u00e7in tehdidim\"","og_description":"\u0130stanbul B\u00fcy\u00fck\u015fehir Belediye (\u0130BB) Ba\u015fkan\u0131 Ekrem \u0130mamo\u011flu, tutuklu bulundu\u011fu Marmara Cezaevi&#8217;nden, olas\u0131 se\u00e7im sonu\u00e7lar\u0131na ili\u015fkin \u00f6ng\u00f6r\u00fclerine ili\u015fkin \u00f6nemli a\u00e7\u0131klamalarda bulundu. \u0130mamo\u011flu, Cumhurba\u015fkanl\u0131\u011f\u0131 Aday Ofisi arac\u0131l\u0131\u011f\u0131yla g\u00f6nderdi\u011fi mesaj\u0131nda, kendisini siyasi arenada rakip olarak istemeyen ki\u015filer nedeniyle cezaevinde bulundu\u011funu iddia etti. S\u00fcrecin siyaset\u00e7ilerden ve partilerden daha b\u00fcy\u00fck oldu\u011funu ve milletin gelece\u011fi ad\u0131na, milletle birlikte yap\u0131lmas\u0131 gerekti\u011fini ifade eden \u0130mamo\u011flu, &#8220;Onu sand\u0131kta d\u00f6rt kez yendi\u011fim, be\u015finci kez yenece\u011fim i\u00e7in tehdidim. Bunun i\u00e7in bug\u00fcn buraday\u0131m. Ben, milletim ad\u0131na m\u00fccadeleye devam edece\u011fim. Kararl\u0131l\u0131\u011f\u0131m, bug\u00fcn tarif edemeyece\u011finiz seviyededir. Tek arzum vard\u0131r, o da bu mahkeme, &#8216;vah memleket vah&#8217; silsilesine girmesin&#8221; mesaj\u0131 g\u00f6nderdi. Silivri savunmas\u0131n\u0131n tamam\u0131na a\u00e7\u0131klamas\u0131nda yer veren \u0130mamo\u011flu, \u015funlar\u0131 kaydetti: &#8211; Silivri A\u00e7\u0131k Ceza Yerle\u015fkesi Duru\u015fma Salonu (16 Temmuz 2025)-Ekrem \u0130mamo\u011flu, \u0130stanbul Cumhuriyet Ba\u015fsavc\u0131s\u0131 Ak\u0131n G\u00fcrlek Davas\u0131 Karar Duru\u015fmas\u0131 &#8211; Mahkeme Ba\u015fkan\u0131: \u201cGe\u00e7en celse esas hakk\u0131nda m\u00fctalaa kar\u015f\u0131 beyanda bulunmu\u015ftunuz. \u00c7ok k\u0131sa olarak tekrardan beyan\u0131n\u0131z\u0131 alal\u0131m. K\u0131sa olsun ama.\u201d \u201cHayat k\u0131sa zaten, hayat kadar k\u0131sa olacak in\u015fallah size sunumum. Burada bulunmam\u0131z\u0131n sebebi, sadece bir panelde s\u00f6zlerle s\u0131n\u0131rl\u0131 kalabilecek bir durum de\u011fil.\u201d T\u00fcrkiye tarihinin \u00e7ok \u00f6nemli bir d\u00f6n\u00fcm noktas\u0131nda ve \u0130stanbul&#8217;un bir mahkemesinde yarg\u0131lanma s\u00fcreci i\u00e7erisindeyiz. Ama yarg\u0131lanmam\u0131z\u0131 bile mahkemede yapam\u0131yoruz. Var olan adresinde yapam\u0131yoruz, ba\u015fka bir adreste yap\u0131yoruz. Dolay\u0131s\u0131yla her \u015fey asl\u0131nda ola\u011fan\u00fcst\u00fc geli\u015fiyor. Ge\u00e7en &hellip;","og_url":"https:\/\/denizcankizil.tr\/uk\/haberler\/gundem\/ibb-baskani-ekrem-imamoglu-onun-icin-tehdidim\/","og_site_name":"Av. Deniz Can K\u0131z\u0131l","article_published_time":"2025-07-21T08:41:51+00:00","author":"Antalya K\u00f6rfez","twitter_card":"summary_large_image","twitter_misc":{"\u041d\u0430\u043f\u0438\u0441\u0430\u043d\u043e":"Antalya K\u00f6rfez","\u041f\u0440\u0438\u0431\u043b. \u0447\u0430\u0441 \u0447\u0438\u0442\u0430\u043d\u043d\u044f":"25 \u0445\u0432\u0438\u043b\u0438\u043d"},"schema":{"@context":"https:\/\/schema.org","@graph":[{"@type":"Article","@id":"https:\/\/denizcankizil.tr\/uk\/haberler\/gundem\/ibb-baskani-ekrem-imamoglu-onun-icin-tehdidim\/#article","isPartOf":{"@id":"https:\/\/denizcankizil.tr\/uk\/haberler\/gundem\/ibb-baskani-ekrem-imamoglu-onun-icin-tehdidim\/"},"author":{"name":"Antalya K\u00f6rfez","@id":"https:\/\/denizcankizil.tr\/#\/schema\/person\/e1eb71bb4dd684d46563f0af307e1234"},"headline":"\u0130BB Ba\u015fkan\u0131 Ekrem \u0130mamo\u011flu: &#8220;O&#8217;nun i\u00e7in tehdidim&#8221;","datePublished":"2025-07-21T08:41:51+00:00","mainEntityOfPage":{"@id":"https:\/\/denizcankizil.tr\/uk\/haberler\/gundem\/ibb-baskani-ekrem-imamoglu-onun-icin-tehdidim\/"},"wordCount":4994,"publisher":{"@id":"https:\/\/denizcankizil.tr\/#organization"},"articleSection":["G\u00fcndem"],"inLanguage":"uk"},{"@type":"WebPage","@id":"https:\/\/denizcankizil.tr\/uk\/haberler\/gundem\/ibb-baskani-ekrem-imamoglu-onun-icin-tehdidim\/","url":"https:\/\/denizcankizil.tr\/uk\/haberler\/gundem\/ibb-baskani-ekrem-imamoglu-onun-icin-tehdidim\/","name":"\u0130BB Ba\u015fkan\u0131 Ekrem \u0130mamo\u011flu: \"O'nun i\u00e7in tehdidim\" - Av. Deniz Can K\u0131z\u0131l","isPartOf":{"@id":"https:\/\/denizcankizil.tr\/#website"},"datePublished":"2025-07-21T08:41:51+00:00","breadcrumb":{"@id":"https:\/\/denizcankizil.tr\/uk\/haberler\/gundem\/ibb-baskani-ekrem-imamoglu-onun-icin-tehdidim\/#breadcrumb"},"inLanguage":"uk","potentialAction":[{"@type":"ReadAction","target":["https:\/\/denizcankizil.tr\/uk\/haberler\/gundem\/ibb-baskani-ekrem-imamoglu-onun-icin-tehdidim\/"]}]},{"@type":"BreadcrumbList","@id":"https:\/\/denizcankizil.tr\/uk\/haberler\/gundem\/ibb-baskani-ekrem-imamoglu-onun-icin-tehdidim\/#breadcrumb","itemListElement":[{"@type":"ListItem","position":1,"name":"Home","item":"https:\/\/denizcankizil.tr\/uk\/"},{"@type":"ListItem","position":2,"name":"\u0130BB Ba\u015fkan\u0131 Ekrem \u0130mamo\u011flu: &#8220;O&#8217;nun i\u00e7in tehdidim&#8221;"}]},{"@type":"WebSite","@id":"https:\/\/denizcankizil.tr\/#website","url":"https:\/\/denizcankizil.tr\/","name":"Av. Deniz Can K\u0131z\u0131l","description":"Avukat Deniz Can K\u0131z\u0131l Antalya Barosu","publisher":{"@id":"https:\/\/denizcankizil.tr\/#organization"},"potentialAction":[{"@type":"SearchAction","target":{"@type":"EntryPoint","urlTemplate":"https:\/\/denizcankizil.tr\/?s={search_term_string}"},"query-input":{"@type":"PropertyValueSpecification","valueRequired":true,"valueName":"search_term_string"}}],"inLanguage":"uk"},{"@type":"Organization","@id":"https:\/\/denizcankizil.tr\/#organization","name":"Av. Deniz Can K\u0131z\u0131l","url":"https:\/\/denizcankizil.tr\/","logo":{"@type":"ImageObject","inLanguage":"uk","@id":"https:\/\/denizcankizil.tr\/#\/schema\/logo\/image\/","url":"https:\/\/denizcankizil.tr\/wp-content\/uploads\/2024\/10\/siyah-logo-svg.svg","contentUrl":"https:\/\/denizcankizil.tr\/wp-content\/uploads\/2024\/10\/siyah-logo-svg.svg","width":1080,"height":1080,"caption":"Av. Deniz Can K\u0131z\u0131l"},"image":{"@id":"https:\/\/denizcankizil.tr\/#\/schema\/logo\/image\/"}},{"@type":"Person","@id":"https:\/\/denizcankizil.tr\/#\/schema\/person\/e1eb71bb4dd684d46563f0af307e1234","name":"Antalya K\u00f6rfez","image":{"@type":"ImageObject","inLanguage":"uk","@id":"https:\/\/denizcankizil.tr\/#\/schema\/person\/image\/","url":"https:\/\/secure.gravatar.com\/avatar\/42b01982558a48a0b501fdcab6a408d3717ea5919095ee2e67b0e521799c5905?s=96&d=mm&r=g","contentUrl":"https:\/\/secure.gravatar.com\/avatar\/42b01982558a48a0b501fdcab6a408d3717ea5919095ee2e67b0e521799c5905?s=96&d=mm&r=g","caption":"Antalya K\u00f6rfez"},"sameAs":["http:\/\/www.antalyakorfez.com"],"url":"https:\/\/www.antalyakorfez.com\/ibb-baskani-ekrem-imamoglu-onun-icin-tehdidim"}]}},"_links":{"self":[{"href":"https:\/\/denizcankizil.tr\/uk\/wp-json\/wp\/v2\/posts\/152659","targetHints":{"allow":["GET"]}}],"collection":[{"href":"https:\/\/denizcankizil.tr\/uk\/wp-json\/wp\/v2\/posts"}],"about":[{"href":"https:\/\/denizcankizil.tr\/uk\/wp-json\/wp\/v2\/types\/post"}],"author":[{"embeddable":true,"href":"https:\/\/denizcankizil.tr\/uk\/wp-json\/wp\/v2\/users\/5"}],"replies":[{"embeddable":true,"href":"https:\/\/denizcankizil.tr\/uk\/wp-json\/wp\/v2\/comments?post=152659"}],"version-history":[{"count":0,"href":"https:\/\/denizcankizil.tr\/uk\/wp-json\/wp\/v2\/posts\/152659\/revisions"}],"wp:attachment":[{"href":"https:\/\/denizcankizil.tr\/uk\/wp-json\/wp\/v2\/media?parent=152659"}],"wp:term":[{"taxonomy":"category","embeddable":true,"href":"https:\/\/denizcankizil.tr\/uk\/wp-json\/wp\/v2\/categories?post=152659"},{"taxonomy":"post_tag","embeddable":true,"href":"https:\/\/denizcankizil.tr\/uk\/wp-json\/wp\/v2\/tags?post=152659"}],"curies":[{"name":"wp","href":"https:\/\/api.w.org\/{rel}","templated":true}]}}