{"id":152652,"date":"2025-07-21T11:41:20","date_gmt":"2025-07-21T08:41:20","guid":{"rendered":"https:\/\/denizcankizil.tr\/uncategorized-tr\/kepez-ve-merkezefendiden-sokak-hayvanlari-icin-cevreci-is-birligi\/"},"modified":"2025-07-21T11:41:20","modified_gmt":"2025-07-21T08:41:20","slug":"kepez-ve-merkezefendiden-sokak-hayvanlari-icin-cevreci-is-birligi","status":"publish","type":"post","link":"https:\/\/denizcankizil.tr\/uk\/haberler\/antalya\/kepez-ve-merkezefendiden-sokak-hayvanlari-icin-cevreci-is-birligi\/","title":{"rendered":"Kepez ve Merkezefendi\u2019den Sokak Hayvanlar\u0131 \u0130\u00e7in \u00c7evreci \u0130\u015f Birli\u011fi"},"content":{"rendered":"<p>KEPEZ Belediyesi ile Merkezefendi Belediyesi, sokak hayvanlar\u0131n\u0131n beslenmesine katk\u0131 sa\u011flayacak ve \u00e7evreci bir yakla\u015f\u0131m\u0131 temel alan i\u015f birli\u011fi protokol\u00fcne imza att\u0131. Protokol, Kepez Belediye Ba\u015fkan\u0131 Mesut Kocag\u00f6z ve Merkezefendi Belediye Ba\u015fkan\u0131 \u015eeniz Do\u011fan aras\u0131nda imzaland\u0131.<\/p>\n<p>Kepez Belediyesi ile Merkezefendi Belediyesi aras\u0131nda imzalanan protokolle, sokak hayvanlar\u0131n\u0131n beslenmesine y\u00f6nelik mama \u00fcretim makineleri ile \u00e7\u00f6p toplamada kullan\u0131lacak konteynerler kar\u015f\u0131l\u0131kl\u0131 takas edilerek de\u011fi\u015ftirilecek. Hem hayvan dostu hem de \u00e7evreci i\u015fbirli\u011fi protokol\u00fc; Kepez Belediye Ba\u015fkan\u0131 Mesut Kocag\u00f6z ve Merkezefendi Belediye Ba\u015fkan\u0131 \u015eeniz Do\u011fan aras\u0131nda imzaland\u0131. Protokol kapsam\u0131nda, Merkezefendi Belediyesi taraf\u0131ndan \u00fcretilen 5 adet mama \u00fcretim makinesi Kepez Belediyesi&#8217;ne teslim edilecek. Teslim edilecek makineler; birer adet k\u0131r\u0131c\u0131 makinesi, pi\u015firme kompost makinesi, pelet makinesi, f\u0131r\u0131n kurutma makinesi ile nem alma ve soslama makinesinden olu\u015fuyor. T\u00fcm makineler \u00e7al\u0131\u015f\u0131r vaziyette Kepez Belediyesi&#8217;ne teslim edilecek ve Merkezefendi Belediyesi bu ekipmanlar\u0131n 1 y\u0131l bak\u0131m\u0131n\u0131 \u00fcstlenecek. Sokaktaki can dostlar i\u00e7in daha \u00e7ok mama \u00fcretilmesini sa\u011flayacak makineler kar\u015f\u0131l\u0131\u011f\u0131nda, Kepez Belediyesi de \u00fcretti\u011fi 110 adet \u00e7\u00f6p konteynerini Merkezefendi Belediyesi&#8217;ne teslim edecek. Konteynerler, 750 litrelik kapasiteye sahip olacak; kapak ve g\u00f6vde sa\u00e7 kal\u0131nl\u0131\u011f\u0131 200 milimetre olarak \u00fcretilecek. Ayr\u0131ca, her biri 360 derece d\u00f6nebilen 4 adet tekerle\u011fe sahip olacak konteynerlerde, tekerlekler 4 milimetre sac ile g\u00f6vdeye kaynaklanacak \u015fekilde monte edilecek.<\/p>\n<p>\u00dcRETEN BELED\u0130YELER<\/p>\n<p>Protokol sonras\u0131 belediye ba\u015fkanlar\u0131 i\u015fbirli\u011finden duyduklar\u0131 memnuniyeti dile getirdi. Kepez Belediye Ba\u015fkan\u0131 Mesut Kocag\u00f6z, \u201cHer iki belediye \u00fcreten belediye olma gayretinde. Biz de Kepez Belediyesi olarak bir\u00e7ok \u015fey \u00fcretiyoruz. Konteyner \u00fcretiyoruz, mama \u00fcretiyoruz. Nas\u0131l \u00fcretiyoruz? Bug\u00fcn Merkezefendi Belediyesi&#8217;nden alm\u0131\u015f oldu\u011fumuz makinelerle bunu geli\u015ftirdik. Bir\u00e7ok \u00fcr\u00fcn\u00fc kendimiz \u00fcretmeye \u00e7al\u0131\u015f\u0131yoruz. D\u0131\u015far\u0131dan pek fazla para harcamamaya milletimizin bize emaneti olan o vergileri halk\u0131m\u0131za hizmet olarak d\u00f6nd\u00fcrmeye \u00e7al\u0131\u015f\u0131yoruz. Ba\u015fkan\u0131m\u0131z\u0131n bu ziyaretinden dolay\u0131 \u00e7ok mutlu oldum. Kendilerine \u00e7ok te\u015fekk\u00fcr ediyorum. Yollar\u0131 a\u00e7\u0131k olsun&#8221; dedi.<\/p>\n<p>\u0130ki belediyenin bu i\u015f birli\u011fiyle, hem sokak hayvanlar\u0131n\u0131n beslenme ihtiyac\u0131na \u00e7\u00f6z\u00fcm sunulmas\u0131 hem de \u00e7evreci uygulamalar\u0131n yayg\u0131nla\u015ft\u0131r\u0131lmas\u0131 hedefleniyor.<\/p>\n<p>Kaynak: www.kanalv.com.tr Haber Sitesinden Al\u0131nm\u0131\u015ft\u0131r.<\/p>","protected":false},"excerpt":{"rendered":"<p>KEPEZ Belediyesi ile Merkezefendi Belediyesi, sokak hayvanlar\u0131n\u0131n beslenmesine katk\u0131 sa\u011flayacak ve \u00e7evreci bir yakla\u015f\u0131m\u0131 temel alan i\u015f birli\u011fi protokol\u00fcne imza att\u0131. Protokol, Kepez Belediye Ba\u015fkan\u0131 Mesut Kocag\u00f6z ve Merkezefendi Belediye Ba\u015fkan\u0131 \u015eeniz Do\u011fan aras\u0131nda imzaland\u0131. Kepez Belediyesi ile Merkezefendi Belediyesi aras\u0131nda imzalanan protokolle, sokak hayvanlar\u0131n\u0131n beslenmesine y\u00f6nelik mama \u00fcretim makineleri ile \u00e7\u00f6p toplamada kullan\u0131lacak konteynerler kar\u015f\u0131l\u0131kl\u0131 takas edilerek de\u011fi\u015ftirilecek. Hem hayvan dostu hem de \u00e7evreci i\u015fbirli\u011fi protokol\u00fc; Kepez Belediye Ba\u015fkan\u0131 Mesut Kocag\u00f6z ve Merkezefendi Belediye Ba\u015fkan\u0131 \u015eeniz Do\u011fan aras\u0131nda imzaland\u0131. Protokol kapsam\u0131nda, Merkezefendi Belediyesi taraf\u0131ndan \u00fcretilen 5 adet mama \u00fcretim makinesi Kepez Belediyesi&#8217;ne teslim edilecek. Teslim edilecek makineler; birer adet k\u0131r\u0131c\u0131 makinesi, pi\u015firme kompost makinesi, pelet makinesi, f\u0131r\u0131n kurutma makinesi ile nem alma ve soslama makinesinden olu\u015fuyor. T\u00fcm makineler \u00e7al\u0131\u015f\u0131r vaziyette Kepez Belediyesi&#8217;ne teslim edilecek ve Merkezefendi Belediyesi bu ekipmanlar\u0131n 1 y\u0131l bak\u0131m\u0131n\u0131 \u00fcstlenecek. Sokaktaki can dostlar i\u00e7in daha \u00e7ok mama \u00fcretilmesini sa\u011flayacak makineler kar\u015f\u0131l\u0131\u011f\u0131nda, Kepez Belediyesi de \u00fcretti\u011fi 110 adet \u00e7\u00f6p konteynerini Merkezefendi Belediyesi&#8217;ne teslim edecek. Konteynerler, 750 litrelik kapasiteye sahip olacak; kapak ve g\u00f6vde sa\u00e7 kal\u0131nl\u0131\u011f\u0131 200 milimetre olarak \u00fcretilecek. Ayr\u0131ca, her biri 360 derece d\u00f6nebilen 4 adet tekerle\u011fe sahip olacak konteynerlerde, tekerlekler 4 milimetre sac ile g\u00f6vdeye kaynaklanacak \u015fekilde monte edilecek. \u00dcRETEN BELED\u0130YELER Protokol sonras\u0131 belediye ba\u015fkanlar\u0131 &hellip;<\/p>","protected":false},"author":4,"featured_media":152653,"comment_status":"","ping_status":"open","sticky":false,"template":"","format":"standard","meta":{"_acf_changed":false,"footnotes":""},"categories":[26],"tags":[],"class_list":["post-152652","post","type-post","status-publish","format-standard","has-post-thumbnail","hentry","category-antalya"],"acf":[],"yoast_head":"<!-- This site is optimized with the Yoast SEO Premium plugin v26.6 (Yoast SEO v27.1.1) - https:\/\/yoast.com\/product\/yoast-seo-premium-wordpress\/ -->\n<title>Kepez ve Merkezefendi\u2019den Sokak Hayvanlar\u0131 \u0130\u00e7in \u00c7evreci \u0130\u015f Birli\u011fi - Av. Deniz Can K\u0131z\u0131l<\/title>\n<meta name=\"robots\" content=\"index, follow, max-snippet:-1, max-image-preview:large, max-video-preview:-1\" \/>\n<link rel=\"canonical\" href=\"https:\/\/denizcankizil.tr\/uk\/haberler\/antalya\/kepez-ve-merkezefendiden-sokak-hayvanlari-icin-cevreci-is-birligi\/\" \/>\n<meta property=\"og:locale\" content=\"uk_UA\" \/>\n<meta property=\"og:type\" content=\"article\" \/>\n<meta property=\"og:title\" content=\"Kepez ve Merkezefendi\u2019den Sokak Hayvanlar\u0131 \u0130\u00e7in \u00c7evreci \u0130\u015f Birli\u011fi\" \/>\n<meta property=\"og:description\" content=\"KEPEZ Belediyesi ile Merkezefendi Belediyesi, sokak hayvanlar\u0131n\u0131n beslenmesine katk\u0131 sa\u011flayacak ve \u00e7evreci bir yakla\u015f\u0131m\u0131 temel alan i\u015f birli\u011fi protokol\u00fcne imza att\u0131. Protokol, Kepez Belediye Ba\u015fkan\u0131 Mesut Kocag\u00f6z ve Merkezefendi Belediye Ba\u015fkan\u0131 \u015eeniz Do\u011fan aras\u0131nda imzaland\u0131. Kepez Belediyesi ile Merkezefendi Belediyesi aras\u0131nda imzalanan protokolle, sokak hayvanlar\u0131n\u0131n beslenmesine y\u00f6nelik mama \u00fcretim makineleri ile \u00e7\u00f6p toplamada kullan\u0131lacak konteynerler kar\u015f\u0131l\u0131kl\u0131 takas edilerek de\u011fi\u015ftirilecek. Hem hayvan dostu hem de \u00e7evreci i\u015fbirli\u011fi protokol\u00fc; Kepez Belediye Ba\u015fkan\u0131 Mesut Kocag\u00f6z ve Merkezefendi Belediye Ba\u015fkan\u0131 \u015eeniz Do\u011fan aras\u0131nda imzaland\u0131. Protokol kapsam\u0131nda, Merkezefendi Belediyesi taraf\u0131ndan \u00fcretilen 5 adet mama \u00fcretim makinesi Kepez Belediyesi&#8217;ne teslim edilecek. Teslim edilecek makineler; birer adet k\u0131r\u0131c\u0131 makinesi, pi\u015firme kompost makinesi, pelet makinesi, f\u0131r\u0131n kurutma makinesi ile nem alma ve soslama makinesinden olu\u015fuyor. T\u00fcm makineler \u00e7al\u0131\u015f\u0131r vaziyette Kepez Belediyesi&#8217;ne teslim edilecek ve Merkezefendi Belediyesi bu ekipmanlar\u0131n 1 y\u0131l bak\u0131m\u0131n\u0131 \u00fcstlenecek. Sokaktaki can dostlar i\u00e7in daha \u00e7ok mama \u00fcretilmesini sa\u011flayacak makineler kar\u015f\u0131l\u0131\u011f\u0131nda, Kepez Belediyesi de \u00fcretti\u011fi 110 adet \u00e7\u00f6p konteynerini Merkezefendi Belediyesi&#8217;ne teslim edecek. Konteynerler, 750 litrelik kapasiteye sahip olacak; kapak ve g\u00f6vde sa\u00e7 kal\u0131nl\u0131\u011f\u0131 200 milimetre olarak \u00fcretilecek. Ayr\u0131ca, her biri 360 derece d\u00f6nebilen 4 adet tekerle\u011fe sahip olacak konteynerlerde, tekerlekler 4 milimetre sac ile g\u00f6vdeye kaynaklanacak \u015fekilde monte edilecek. \u00dcRETEN BELED\u0130YELER Protokol sonras\u0131 belediye ba\u015fkanlar\u0131 &hellip;\" \/>\n<meta property=\"og:url\" content=\"https:\/\/denizcankizil.tr\/uk\/haberler\/antalya\/kepez-ve-merkezefendiden-sokak-hayvanlari-icin-cevreci-is-birligi\/\" \/>\n<meta property=\"og:site_name\" content=\"Av. Deniz Can K\u0131z\u0131l\" \/>\n<meta property=\"article:published_time\" content=\"2025-07-21T08:41:20+00:00\" \/>\n<meta property=\"og:image\" content=\"https:\/\/denizcankizil.tr\/wp-content\/uploads\/2025\/07\/k-e-p-e-z-d-e-h-a-y-v-a-n-d-o-s-t-u-v-e-c-e-v-r-e-c-i-p-r-o-t-o-k-o-824794-244366-LhEJ8I.jpg\" \/>\n\t<meta property=\"og:image:width\" content=\"1280\" \/>\n\t<meta property=\"og:image:height\" content=\"720\" \/>\n\t<meta property=\"og:image:type\" content=\"image\/jpeg\" \/>\n<meta name=\"author\" content=\"Av. Deniz Can K\u0131z\u0131l\" \/>\n<meta name=\"twitter:card\" content=\"summary_large_image\" \/>\n<meta name=\"twitter:label1\" content=\"\u041d\u0430\u043f\u0438\u0441\u0430\u043d\u043e\" \/>\n\t<meta name=\"twitter:data1\" content=\"Av. Deniz Can K\u0131z\u0131l\" \/>\n\t<meta name=\"twitter:label2\" content=\"\u041f\u0440\u0438\u0431\u043b. \u0447\u0430\u0441 \u0447\u0438\u0442\u0430\u043d\u043d\u044f\" \/>\n\t<meta name=\"twitter:data2\" content=\"2 \u0445\u0432\u0438\u043b\u0438\u043d\u0438\" \/>\n<script type=\"application\/ld+json\" class=\"yoast-schema-graph\">{\"@context\":\"https:\/\/schema.org\",\"@graph\":[{\"@type\":\"Article\",\"@id\":\"https:\/\/denizcankizil.tr\/uk\/haberler\/antalya\/kepez-ve-merkezefendiden-sokak-hayvanlari-icin-cevreci-is-birligi\/#article\",\"isPartOf\":{\"@id\":\"https:\/\/denizcankizil.tr\/uk\/haberler\/antalya\/kepez-ve-merkezefendiden-sokak-hayvanlari-icin-cevreci-is-birligi\/\"},\"author\":{\"name\":\"Av. Deniz Can K\u0131z\u0131l\",\"@id\":\"https:\/\/denizcankizil.tr\/de\/#\/schema\/person\/5dc1b22991bd7ac833867c10afc9b0ff\"},\"headline\":\"Kepez ve Merkezefendi\u2019den Sokak Hayvanlar\u0131 \u0130\u00e7in \u00c7evreci \u0130\u015f Birli\u011fi\",\"datePublished\":\"2025-07-21T08:41:20+00:00\",\"mainEntityOfPage\":{\"@id\":\"https:\/\/denizcankizil.tr\/uk\/haberler\/antalya\/kepez-ve-merkezefendiden-sokak-hayvanlari-icin-cevreci-is-birligi\/\"},\"wordCount\":400,\"publisher\":{\"@id\":\"https:\/\/denizcankizil.tr\/de\/#organization\"},\"image\":{\"@id\":\"https:\/\/denizcankizil.tr\/uk\/haberler\/antalya\/kepez-ve-merkezefendiden-sokak-hayvanlari-icin-cevreci-is-birligi\/#primaryimage\"},\"thumbnailUrl\":\"https:\/\/denizcankizil.tr\/wp-content\/uploads\/2025\/07\/k-e-p-e-z-d-e-h-a-y-v-a-n-d-o-s-t-u-v-e-c-e-v-r-e-c-i-p-r-o-t-o-k-o-824794-244366-LhEJ8I.jpg\",\"articleSection\":[\"Antalya\"],\"inLanguage\":\"uk\"},{\"@type\":\"WebPage\",\"@id\":\"https:\/\/denizcankizil.tr\/uk\/haberler\/antalya\/kepez-ve-merkezefendiden-sokak-hayvanlari-icin-cevreci-is-birligi\/\",\"url\":\"https:\/\/denizcankizil.tr\/uk\/haberler\/antalya\/kepez-ve-merkezefendiden-sokak-hayvanlari-icin-cevreci-is-birligi\/\",\"name\":\"Kepez ve Merkezefendi\u2019den Sokak Hayvanlar\u0131 \u0130\u00e7in \u00c7evreci \u0130\u015f Birli\u011fi - Av. Deniz Can K\u0131z\u0131l\",\"isPartOf\":{\"@id\":\"https:\/\/denizcankizil.tr\/de\/#website\"},\"primaryImageOfPage\":{\"@id\":\"https:\/\/denizcankizil.tr\/uk\/haberler\/antalya\/kepez-ve-merkezefendiden-sokak-hayvanlari-icin-cevreci-is-birligi\/#primaryimage\"},\"image\":{\"@id\":\"https:\/\/denizcankizil.tr\/uk\/haberler\/antalya\/kepez-ve-merkezefendiden-sokak-hayvanlari-icin-cevreci-is-birligi\/#primaryimage\"},\"thumbnailUrl\":\"https:\/\/denizcankizil.tr\/wp-content\/uploads\/2025\/07\/k-e-p-e-z-d-e-h-a-y-v-a-n-d-o-s-t-u-v-e-c-e-v-r-e-c-i-p-r-o-t-o-k-o-824794-244366-LhEJ8I.jpg\",\"datePublished\":\"2025-07-21T08:41:20+00:00\",\"breadcrumb\":{\"@id\":\"https:\/\/denizcankizil.tr\/uk\/haberler\/antalya\/kepez-ve-merkezefendiden-sokak-hayvanlari-icin-cevreci-is-birligi\/#breadcrumb\"},\"inLanguage\":\"uk\",\"potentialAction\":[{\"@type\":\"ReadAction\",\"target\":[\"https:\/\/denizcankizil.tr\/uk\/haberler\/antalya\/kepez-ve-merkezefendiden-sokak-hayvanlari-icin-cevreci-is-birligi\/\"]}]},{\"@type\":\"ImageObject\",\"inLanguage\":\"uk\",\"@id\":\"https:\/\/denizcankizil.tr\/uk\/haberler\/antalya\/kepez-ve-merkezefendiden-sokak-hayvanlari-icin-cevreci-is-birligi\/#primaryimage\",\"url\":\"https:\/\/denizcankizil.tr\/wp-content\/uploads\/2025\/07\/k-e-p-e-z-d-e-h-a-y-v-a-n-d-o-s-t-u-v-e-c-e-v-r-e-c-i-p-r-o-t-o-k-o-824794-244366-LhEJ8I.jpg\",\"contentUrl\":\"https:\/\/denizcankizil.tr\/wp-content\/uploads\/2025\/07\/k-e-p-e-z-d-e-h-a-y-v-a-n-d-o-s-t-u-v-e-c-e-v-r-e-c-i-p-r-o-t-o-k-o-824794-244366-LhEJ8I.jpg\",\"width\":1280,\"height\":720},{\"@type\":\"BreadcrumbList\",\"@id\":\"https:\/\/denizcankizil.tr\/uk\/haberler\/antalya\/kepez-ve-merkezefendiden-sokak-hayvanlari-icin-cevreci-is-birligi\/#breadcrumb\",\"itemListElement\":[{\"@type\":\"ListItem\",\"position\":1,\"name\":\"Home\",\"item\":\"https:\/\/denizcankizil.tr\/de\/\"},{\"@type\":\"ListItem\",\"position\":2,\"name\":\"Kepez ve Merkezefendi\u2019den Sokak Hayvanlar\u0131 \u0130\u00e7in \u00c7evreci \u0130\u015f Birli\u011fi\"}]},{\"@type\":\"WebSite\",\"@id\":\"https:\/\/denizcankizil.tr\/de\/#website\",\"url\":\"https:\/\/denizcankizil.tr\/de\/\",\"name\":\"Av. Deniz Can K\u0131z\u0131l\",\"description\":\"Avukat Deniz Can K\u0131z\u0131l Antalya Barosu\",\"publisher\":{\"@id\":\"https:\/\/denizcankizil.tr\/de\/#organization\"},\"potentialAction\":[{\"@type\":\"SearchAction\",\"target\":{\"@type\":\"EntryPoint\",\"urlTemplate\":\"https:\/\/denizcankizil.tr\/de\/?s={search_term_string}\"},\"query-input\":{\"@type\":\"PropertyValueSpecification\",\"valueRequired\":true,\"valueName\":\"search_term_string\"}}],\"inLanguage\":\"uk\"},{\"@type\":\"Organization\",\"@id\":\"https:\/\/denizcankizil.tr\/de\/#organization\",\"name\":\"Av. Deniz Can K\u0131z\u0131l\",\"url\":\"https:\/\/denizcankizil.tr\/de\/\",\"logo\":{\"@type\":\"ImageObject\",\"inLanguage\":\"uk\",\"@id\":\"https:\/\/denizcankizil.tr\/de\/#\/schema\/logo\/image\/\",\"url\":\"https:\/\/denizcankizil.tr\/wp-content\/uploads\/2024\/10\/siyah-logo-svg.svg\",\"contentUrl\":\"https:\/\/denizcankizil.tr\/wp-content\/uploads\/2024\/10\/siyah-logo-svg.svg\",\"width\":1080,\"height\":1080,\"caption\":\"Av. Deniz Can K\u0131z\u0131l\"},\"image\":{\"@id\":\"https:\/\/denizcankizil.tr\/de\/#\/schema\/logo\/image\/\"}},{\"@type\":\"Person\",\"@id\":\"https:\/\/denizcankizil.tr\/de\/#\/schema\/person\/5dc1b22991bd7ac833867c10afc9b0ff\",\"name\":\"Av. Deniz Can K\u0131z\u0131l\",\"image\":{\"@type\":\"ImageObject\",\"inLanguage\":\"uk\",\"@id\":\"https:\/\/denizcankizil.tr\/de\/#\/schema\/person\/image\/\",\"url\":\"https:\/\/secure.gravatar.com\/avatar\/a0b128fb9855c79efc976d5640eedb31dc35ec297594d6016d2cf7c60e975bb6?s=96&d=mm&r=g\",\"contentUrl\":\"https:\/\/secure.gravatar.com\/avatar\/a0b128fb9855c79efc976d5640eedb31dc35ec297594d6016d2cf7c60e975bb6?s=96&d=mm&r=g\",\"caption\":\"Av. Deniz Can K\u0131z\u0131l\"},\"sameAs\":[\"http:\/\/www.denizcankizil.tr\"],\"url\":\"https:\/\/denizcankizil.tr\/uk\/author\/denizcankizil\/\"}]}<\/script>\n<!-- \/ Yoast SEO Premium plugin. -->","yoast_head_json":{"title":"Kepez ve Merkezefendi\u2019den Sokak Hayvanlar\u0131 \u0130\u00e7in \u00c7evreci \u0130\u015f Birli\u011fi - Av. Deniz Can K\u0131z\u0131l","robots":{"index":"index","follow":"follow","max-snippet":"max-snippet:-1","max-image-preview":"max-image-preview:large","max-video-preview":"max-video-preview:-1"},"canonical":"https:\/\/denizcankizil.tr\/uk\/haberler\/antalya\/kepez-ve-merkezefendiden-sokak-hayvanlari-icin-cevreci-is-birligi\/","og_locale":"uk_UA","og_type":"article","og_title":"Kepez ve Merkezefendi\u2019den Sokak Hayvanlar\u0131 \u0130\u00e7in \u00c7evreci \u0130\u015f Birli\u011fi","og_description":"KEPEZ Belediyesi ile Merkezefendi Belediyesi, sokak hayvanlar\u0131n\u0131n beslenmesine katk\u0131 sa\u011flayacak ve \u00e7evreci bir yakla\u015f\u0131m\u0131 temel alan i\u015f birli\u011fi protokol\u00fcne imza att\u0131. Protokol, Kepez Belediye Ba\u015fkan\u0131 Mesut Kocag\u00f6z ve Merkezefendi Belediye Ba\u015fkan\u0131 \u015eeniz Do\u011fan aras\u0131nda imzaland\u0131. Kepez Belediyesi ile Merkezefendi Belediyesi aras\u0131nda imzalanan protokolle, sokak hayvanlar\u0131n\u0131n beslenmesine y\u00f6nelik mama \u00fcretim makineleri ile \u00e7\u00f6p toplamada kullan\u0131lacak konteynerler kar\u015f\u0131l\u0131kl\u0131 takas edilerek de\u011fi\u015ftirilecek. Hem hayvan dostu hem de \u00e7evreci i\u015fbirli\u011fi protokol\u00fc; Kepez Belediye Ba\u015fkan\u0131 Mesut Kocag\u00f6z ve Merkezefendi Belediye Ba\u015fkan\u0131 \u015eeniz Do\u011fan aras\u0131nda imzaland\u0131. Protokol kapsam\u0131nda, Merkezefendi Belediyesi taraf\u0131ndan \u00fcretilen 5 adet mama \u00fcretim makinesi Kepez Belediyesi&#8217;ne teslim edilecek. Teslim edilecek makineler; birer adet k\u0131r\u0131c\u0131 makinesi, pi\u015firme kompost makinesi, pelet makinesi, f\u0131r\u0131n kurutma makinesi ile nem alma ve soslama makinesinden olu\u015fuyor. T\u00fcm makineler \u00e7al\u0131\u015f\u0131r vaziyette Kepez Belediyesi&#8217;ne teslim edilecek ve Merkezefendi Belediyesi bu ekipmanlar\u0131n 1 y\u0131l bak\u0131m\u0131n\u0131 \u00fcstlenecek. Sokaktaki can dostlar i\u00e7in daha \u00e7ok mama \u00fcretilmesini sa\u011flayacak makineler kar\u015f\u0131l\u0131\u011f\u0131nda, Kepez Belediyesi de \u00fcretti\u011fi 110 adet \u00e7\u00f6p konteynerini Merkezefendi Belediyesi&#8217;ne teslim edecek. Konteynerler, 750 litrelik kapasiteye sahip olacak; kapak ve g\u00f6vde sa\u00e7 kal\u0131nl\u0131\u011f\u0131 200 milimetre olarak \u00fcretilecek. Ayr\u0131ca, her biri 360 derece d\u00f6nebilen 4 adet tekerle\u011fe sahip olacak konteynerlerde, tekerlekler 4 milimetre sac ile g\u00f6vdeye kaynaklanacak \u015fekilde monte edilecek. \u00dcRETEN BELED\u0130YELER Protokol sonras\u0131 belediye ba\u015fkanlar\u0131 &hellip;","og_url":"https:\/\/denizcankizil.tr\/uk\/haberler\/antalya\/kepez-ve-merkezefendiden-sokak-hayvanlari-icin-cevreci-is-birligi\/","og_site_name":"Av. Deniz Can K\u0131z\u0131l","article_published_time":"2025-07-21T08:41:20+00:00","og_image":[{"width":1280,"height":720,"url":"https:\/\/denizcankizil.tr\/wp-content\/uploads\/2025\/07\/k-e-p-e-z-d-e-h-a-y-v-a-n-d-o-s-t-u-v-e-c-e-v-r-e-c-i-p-r-o-t-o-k-o-824794-244366-LhEJ8I.jpg","type":"image\/jpeg"}],"author":"Av. Deniz Can K\u0131z\u0131l","twitter_card":"summary_large_image","twitter_misc":{"\u041d\u0430\u043f\u0438\u0441\u0430\u043d\u043e":"Av. Deniz Can K\u0131z\u0131l","\u041f\u0440\u0438\u0431\u043b. \u0447\u0430\u0441 \u0447\u0438\u0442\u0430\u043d\u043d\u044f":"2 \u0445\u0432\u0438\u043b\u0438\u043d\u0438"},"schema":{"@context":"https:\/\/schema.org","@graph":[{"@type":"Article","@id":"https:\/\/denizcankizil.tr\/uk\/haberler\/antalya\/kepez-ve-merkezefendiden-sokak-hayvanlari-icin-cevreci-is-birligi\/#article","isPartOf":{"@id":"https:\/\/denizcankizil.tr\/uk\/haberler\/antalya\/kepez-ve-merkezefendiden-sokak-hayvanlari-icin-cevreci-is-birligi\/"},"author":{"name":"Av. Deniz Can K\u0131z\u0131l","@id":"https:\/\/denizcankizil.tr\/de\/#\/schema\/person\/5dc1b22991bd7ac833867c10afc9b0ff"},"headline":"Kepez ve Merkezefendi\u2019den Sokak Hayvanlar\u0131 \u0130\u00e7in \u00c7evreci \u0130\u015f Birli\u011fi","datePublished":"2025-07-21T08:41:20+00:00","mainEntityOfPage":{"@id":"https:\/\/denizcankizil.tr\/uk\/haberler\/antalya\/kepez-ve-merkezefendiden-sokak-hayvanlari-icin-cevreci-is-birligi\/"},"wordCount":400,"publisher":{"@id":"https:\/\/denizcankizil.tr\/de\/#organization"},"image":{"@id":"https:\/\/denizcankizil.tr\/uk\/haberler\/antalya\/kepez-ve-merkezefendiden-sokak-hayvanlari-icin-cevreci-is-birligi\/#primaryimage"},"thumbnailUrl":"https:\/\/denizcankizil.tr\/wp-content\/uploads\/2025\/07\/k-e-p-e-z-d-e-h-a-y-v-a-n-d-o-s-t-u-v-e-c-e-v-r-e-c-i-p-r-o-t-o-k-o-824794-244366-LhEJ8I.jpg","articleSection":["Antalya"],"inLanguage":"uk"},{"@type":"WebPage","@id":"https:\/\/denizcankizil.tr\/uk\/haberler\/antalya\/kepez-ve-merkezefendiden-sokak-hayvanlari-icin-cevreci-is-birligi\/","url":"https:\/\/denizcankizil.tr\/uk\/haberler\/antalya\/kepez-ve-merkezefendiden-sokak-hayvanlari-icin-cevreci-is-birligi\/","name":"Kepez ve Merkezefendi\u2019den Sokak Hayvanlar\u0131 \u0130\u00e7in \u00c7evreci \u0130\u015f Birli\u011fi - Av. Deniz Can K\u0131z\u0131l","isPartOf":{"@id":"https:\/\/denizcankizil.tr\/de\/#website"},"primaryImageOfPage":{"@id":"https:\/\/denizcankizil.tr\/uk\/haberler\/antalya\/kepez-ve-merkezefendiden-sokak-hayvanlari-icin-cevreci-is-birligi\/#primaryimage"},"image":{"@id":"https:\/\/denizcankizil.tr\/uk\/haberler\/antalya\/kepez-ve-merkezefendiden-sokak-hayvanlari-icin-cevreci-is-birligi\/#primaryimage"},"thumbnailUrl":"https:\/\/denizcankizil.tr\/wp-content\/uploads\/2025\/07\/k-e-p-e-z-d-e-h-a-y-v-a-n-d-o-s-t-u-v-e-c-e-v-r-e-c-i-p-r-o-t-o-k-o-824794-244366-LhEJ8I.jpg","datePublished":"2025-07-21T08:41:20+00:00","breadcrumb":{"@id":"https:\/\/denizcankizil.tr\/uk\/haberler\/antalya\/kepez-ve-merkezefendiden-sokak-hayvanlari-icin-cevreci-is-birligi\/#breadcrumb"},"inLanguage":"uk","potentialAction":[{"@type":"ReadAction","target":["https:\/\/denizcankizil.tr\/uk\/haberler\/antalya\/kepez-ve-merkezefendiden-sokak-hayvanlari-icin-cevreci-is-birligi\/"]}]},{"@type":"ImageObject","inLanguage":"uk","@id":"https:\/\/denizcankizil.tr\/uk\/haberler\/antalya\/kepez-ve-merkezefendiden-sokak-hayvanlari-icin-cevreci-is-birligi\/#primaryimage","url":"https:\/\/denizcankizil.tr\/wp-content\/uploads\/2025\/07\/k-e-p-e-z-d-e-h-a-y-v-a-n-d-o-s-t-u-v-e-c-e-v-r-e-c-i-p-r-o-t-o-k-o-824794-244366-LhEJ8I.jpg","contentUrl":"https:\/\/denizcankizil.tr\/wp-content\/uploads\/2025\/07\/k-e-p-e-z-d-e-h-a-y-v-a-n-d-o-s-t-u-v-e-c-e-v-r-e-c-i-p-r-o-t-o-k-o-824794-244366-LhEJ8I.jpg","width":1280,"height":720},{"@type":"BreadcrumbList","@id":"https:\/\/denizcankizil.tr\/uk\/haberler\/antalya\/kepez-ve-merkezefendiden-sokak-hayvanlari-icin-cevreci-is-birligi\/#breadcrumb","itemListElement":[{"@type":"ListItem","position":1,"name":"Home","item":"https:\/\/denizcankizil.tr\/de\/"},{"@type":"ListItem","position":2,"name":"Kepez ve Merkezefendi\u2019den Sokak Hayvanlar\u0131 \u0130\u00e7in \u00c7evreci \u0130\u015f Birli\u011fi"}]},{"@type":"WebSite","@id":"https:\/\/denizcankizil.tr\/de\/#website","url":"https:\/\/denizcankizil.tr\/de\/","name":"Av. Deniz Can K\u0131z\u0131l","description":"Avukat Deniz Can K\u0131z\u0131l Antalya Barosu","publisher":{"@id":"https:\/\/denizcankizil.tr\/de\/#organization"},"potentialAction":[{"@type":"SearchAction","target":{"@type":"EntryPoint","urlTemplate":"https:\/\/denizcankizil.tr\/de\/?s={search_term_string}"},"query-input":{"@type":"PropertyValueSpecification","valueRequired":true,"valueName":"search_term_string"}}],"inLanguage":"uk"},{"@type":"Organization","@id":"https:\/\/denizcankizil.tr\/de\/#organization","name":"Av. Deniz Can K\u0131z\u0131l","url":"https:\/\/denizcankizil.tr\/de\/","logo":{"@type":"ImageObject","inLanguage":"uk","@id":"https:\/\/denizcankizil.tr\/de\/#\/schema\/logo\/image\/","url":"https:\/\/denizcankizil.tr\/wp-content\/uploads\/2024\/10\/siyah-logo-svg.svg","contentUrl":"https:\/\/denizcankizil.tr\/wp-content\/uploads\/2024\/10\/siyah-logo-svg.svg","width":1080,"height":1080,"caption":"Av. Deniz Can K\u0131z\u0131l"},"image":{"@id":"https:\/\/denizcankizil.tr\/de\/#\/schema\/logo\/image\/"}},{"@type":"Person","@id":"https:\/\/denizcankizil.tr\/de\/#\/schema\/person\/5dc1b22991bd7ac833867c10afc9b0ff","name":"Av. Deniz Can K\u0131z\u0131l","image":{"@type":"ImageObject","inLanguage":"uk","@id":"https:\/\/denizcankizil.tr\/de\/#\/schema\/person\/image\/","url":"https:\/\/secure.gravatar.com\/avatar\/a0b128fb9855c79efc976d5640eedb31dc35ec297594d6016d2cf7c60e975bb6?s=96&d=mm&r=g","contentUrl":"https:\/\/secure.gravatar.com\/avatar\/a0b128fb9855c79efc976d5640eedb31dc35ec297594d6016d2cf7c60e975bb6?s=96&d=mm&r=g","caption":"Av. Deniz Can K\u0131z\u0131l"},"sameAs":["http:\/\/www.denizcankizil.tr"],"url":"https:\/\/denizcankizil.tr\/uk\/author\/denizcankizil\/"}]}},"_links":{"self":[{"href":"https:\/\/denizcankizil.tr\/uk\/wp-json\/wp\/v2\/posts\/152652","targetHints":{"allow":["GET"]}}],"collection":[{"href":"https:\/\/denizcankizil.tr\/uk\/wp-json\/wp\/v2\/posts"}],"about":[{"href":"https:\/\/denizcankizil.tr\/uk\/wp-json\/wp\/v2\/types\/post"}],"author":[{"embeddable":true,"href":"https:\/\/denizcankizil.tr\/uk\/wp-json\/wp\/v2\/users\/4"}],"replies":[{"embeddable":true,"href":"https:\/\/denizcankizil.tr\/uk\/wp-json\/wp\/v2\/comments?post=152652"}],"version-history":[{"count":0,"href":"https:\/\/denizcankizil.tr\/uk\/wp-json\/wp\/v2\/posts\/152652\/revisions"}],"wp:featuredmedia":[{"embeddable":true,"href":"https:\/\/denizcankizil.tr\/uk\/wp-json\/wp\/v2\/media\/152653"}],"wp:attachment":[{"href":"https:\/\/denizcankizil.tr\/uk\/wp-json\/wp\/v2\/media?parent=152652"}],"wp:term":[{"taxonomy":"category","embeddable":true,"href":"https:\/\/denizcankizil.tr\/uk\/wp-json\/wp\/v2\/categories?post=152652"},{"taxonomy":"post_tag","embeddable":true,"href":"https:\/\/denizcankizil.tr\/uk\/wp-json\/wp\/v2\/tags?post=152652"}],"curies":[{"name":"wp","href":"https:\/\/api.w.org\/{rel}","templated":true}]}}