{"id":151994,"date":"2025-07-20T19:41:17","date_gmt":"2025-07-20T16:41:17","guid":{"rendered":"https:\/\/denizcankizil.tr\/uncategorized-tr\/antalya-arkeoloji-muzesi-icin-devadan-cagri-bu-hafizayi-yok-etmeyin\/"},"modified":"2025-07-20T19:41:17","modified_gmt":"2025-07-20T16:41:17","slug":"antalya-arkeoloji-muzesi-icin-devadan-cagri-bu-hafizayi-yok-etmeyin","status":"publish","type":"post","link":"https:\/\/denizcankizil.tr\/uk\/haberler\/gundem\/antalya-arkeoloji-muzesi-icin-devadan-cagri-bu-hafizayi-yok-etmeyin\/","title":{"rendered":"Antalya Arkeoloji M\u00fczesi i\u00e7in DEVA\u2019dan \u00e7a\u011fr\u0131: &#8220;Bu haf\u0131zay\u0131 yok etmeyin&#8221;"},"content":{"rendered":"<p>Antalya&#8217;n\u0131n en \u00f6nemli k\u00fclt\u00fcrel yap\u0131lar\u0131ndan biri olan ve Avrupa Birli\u011fi taraf\u0131ndan \u00f6d\u00fcl alan Antalya Arkeoloji M\u00fczesi&#8217;nin y\u0131k\u0131m karar\u0131na kar\u015f\u0131 tepkiler g\u00fcndemde. DEVA Partisi Antalya \u0130l Ba\u015fkan\u0131 \u00d6zlem Arl\u0131er, yap\u0131n\u0131n korunarak restore edilmesi gerekti\u011fini vurgulad\u0131. M\u00fczenin yaln\u0131zca arkeolojik eserlerin sergilendi\u011fi bir alan de\u011fil, ayn\u0131 zamanda Cumhuriyet d\u00f6neminin mimarl\u0131k miras\u0131 ve kamusal bir k\u00fclt\u00fcr alan\u0131 oldu\u011funu belirten Arl\u0131er, kamuoyuna ve yetkililere &#8220;Bu haf\u0131zay\u0131 yok etmeyin&#8221; \u00e7a\u011fr\u0131s\u0131 yapt\u0131.<\/p>\n<p>\u201cBU KENT\u0130N TAR\u0130H\u0130 BELLE\u011e\u0130\u201d<\/p>\n<p>A\u00e7\u0131klamas\u0131nda m\u00fczenin mimari ve tarihsel de\u011ferine dikkat \u00e7eken \u00d6zlem Arl\u0131er, \u015fu ifadeleri kulland\u0131: &#8220;Antalya Arkeoloji M\u00fczesi sadece bir yap\u0131 de\u011fil; bu kentin tarihsel belle\u011fi, k\u00fclt\u00fcrel kimli\u011fi ve Cumhuriyet d\u00f6neminin modernle\u015fme anlay\u0131\u015f\u0131n\u0131 yans\u0131tan bir mimari mirast\u0131r. D\u00f6neminin \u00f6nde gelen mimarlar\u0131 taraf\u0131ndan yar\u0131\u015fmayla tasarlanm\u0131\u015f, \u00e7a\u011fda\u015f m\u00fczecilik anlay\u0131\u015f\u0131na \u00f6nc\u00fcl\u00fck eden i\u015flevsel ve \u00f6zg\u00fcn bir yap\u0131d\u0131r.&#8221;<\/p>\n<p>&#8220;YIKMAK KOLAY, YA\u015eATMAK V\u0130ZYON \u0130STER&#8221;<\/p>\n<p>M\u00fczenin depreme dayan\u0131ks\u0131z oldu\u011fu gerek\u00e7esiyle y\u0131k\u0131lmas\u0131n\u0131n g\u00fcndeme gelmesine tepki g\u00f6steren Arl\u0131er, teknik olarak g\u00fc\u00e7lendirme ve yeniden i\u015flevlendirme se\u00e7eneklerinin m\u00fcmk\u00fcn oldu\u011funu belirtti: &#8220;Yap\u0131 b\u00fcy\u00fck \u00f6l\u00e7\u00fcde tek katl\u0131d\u0131r, g\u00fc\u00e7lendirme teknikleriyle korunabilir. \u00dcstelik \u00e7evresindeki kamu yap\u0131lar\u0131 ile birlikte ele al\u0131nd\u0131\u011f\u0131nda, \u00e7a\u011fda m\u00fczecilik anlay\u0131\u015f\u0131na uygun \u015fekilde geni\u015fletilerek yeniden d\u00fczenlenebilir. Y\u0131kmak kolayd\u0131r; ama ya\u015fatmak vizyon, sorumluluk ve kamu yarar\u0131n\u0131 g\u00f6zeten bir anlay\u0131\u015f gerektirir.&#8221;<\/p>\n<p>&#8220;YOK ETMEK YER\u0130NE KORUMALIYIZ\u201d<\/p>\n<p>Arl\u0131er, m\u00fczenin yaln\u0131zca sergi de\u011fil; konser, panel, at\u00f6lye ve k\u00fclt\u00fcrel etkinliklere de ev sahipli\u011fi yapt\u0131\u011f\u0131n\u0131 hat\u0131rlatarak, \u015fehrin k\u00fclt\u00fcrel hayata katk\u0131s\u0131na dikkat \u00e7ekerek \u015funlar\u0131 s\u00f6yledi: &#8220;M\u00fcze, ya\u015fayan bir kamusal mekand\u0131r. Antalya&#8217;n\u0131n k\u00fclt\u00fcrel hayat\u0131na de\u011fer hatan bu alan\u0131 yok etmek yerine, korumal\u0131y\u0131z. Bu, sadece bir bina de\u011fil; ge\u00e7mi\u015fin, bilimin ve sanat\u0131n bulu\u015ftu\u011fu bir haf\u0131za mekan\u0131d\u0131r.&#8221;<\/p>\n<p>&#8220;HERKES\u0130 BU \u00c7A\u011eRIYA ORTAK OLMAYA DAVET ED\u0130YORUZ&#8221;<\/p>\n<p>A\u00e7\u0131klamas\u0131nda t\u00fcm kesimleri ortak m\u00fccadeleye davet eden DEVA Partisi Antalya \u0130l Ba\u015fkan\u0131 \u00d6zlem Arl\u0131er, \u015fu \u00e7a\u011fr\u0131y\u0131 yapt\u0131: &#8220;T\u00fcm yurtta\u015flar\u0131, meslek odalar\u0131n\u0131, akademisyenleri, sanat\u00e7\u0131lar\u0131 ve sivil toplum kurulu\u015flar\u0131n\u0131 bu s\u00fcrece destek vermeye \u00e7a\u011f\u0131r\u0131yoruz. Gelin, Antalya Arkeoloji M\u00fczesi&#8217;ne hep birlikte sahip \u00e7\u0131kal\u0131m. \u00c7\u00fcnk\u00fc bu kentin belle\u011fi yok edilemez; ancak korunarak gelece\u011fe ta\u015f\u0131nabilir.&#8221;<\/p>\n<p>\u200bAntalya\u2019n\u0131n \u00f6nemli hazinelerinde biri olan Antalya Arkeoloji M\u00fczesi depreme dayan\u0131ks\u0131z oldu\u011fu gerek\u00e7esiyle K\u00fclt\u00fcr ve Turizm Bakanl\u0131\u011f\u0131\u2019nca y\u0131k\u0131lacak. Y\u0131k\u0131m karar\u0131na kar\u015f\u0131 a\u00e7\u0131klama yapan DEVA Partisi Antalya \u0130l Ba\u015fkan\u0131 \u00d6zlem Arl\u0131er,&#8221;Bu haf\u0131zay\u0131 yok etmeyin. Koruyal\u0131m, g\u00fc\u00e7lendirelim, ya\u015fatal\u0131m&#8221; dedi.\u00a0<\/p>\n<p>\u200bHaberin Al\u0131nt\u0131land\u0131\u011f\u0131 Kaynak: www.antalyakorfez.com<\/p>","protected":false},"excerpt":{"rendered":"<p>Antalya&#8217;n\u0131n en \u00f6nemli k\u00fclt\u00fcrel yap\u0131lar\u0131ndan biri olan ve Avrupa Birli\u011fi taraf\u0131ndan \u00f6d\u00fcl alan Antalya Arkeoloji M\u00fczesi&#8217;nin y\u0131k\u0131m karar\u0131na kar\u015f\u0131 tepkiler g\u00fcndemde. DEVA Partisi Antalya \u0130l Ba\u015fkan\u0131 \u00d6zlem Arl\u0131er, yap\u0131n\u0131n korunarak restore edilmesi gerekti\u011fini vurgulad\u0131. M\u00fczenin yaln\u0131zca arkeolojik eserlerin sergilendi\u011fi bir alan de\u011fil, ayn\u0131 zamanda Cumhuriyet d\u00f6neminin mimarl\u0131k miras\u0131 ve kamusal bir k\u00fclt\u00fcr alan\u0131 oldu\u011funu belirten Arl\u0131er, kamuoyuna ve yetkililere &#8220;Bu haf\u0131zay\u0131 yok etmeyin&#8221; \u00e7a\u011fr\u0131s\u0131 yapt\u0131. \u201cBU KENT\u0130N TAR\u0130H\u0130 BELLE\u011e\u0130\u201d A\u00e7\u0131klamas\u0131nda m\u00fczenin mimari ve tarihsel de\u011ferine dikkat \u00e7eken \u00d6zlem Arl\u0131er, \u015fu ifadeleri kulland\u0131: &#8220;Antalya Arkeoloji M\u00fczesi sadece bir yap\u0131 de\u011fil; bu kentin tarihsel belle\u011fi, k\u00fclt\u00fcrel kimli\u011fi ve Cumhuriyet d\u00f6neminin modernle\u015fme anlay\u0131\u015f\u0131n\u0131 yans\u0131tan bir mimari mirast\u0131r. D\u00f6neminin \u00f6nde gelen mimarlar\u0131 taraf\u0131ndan yar\u0131\u015fmayla tasarlanm\u0131\u015f, \u00e7a\u011fda\u015f m\u00fczecilik anlay\u0131\u015f\u0131na \u00f6nc\u00fcl\u00fck eden i\u015flevsel ve \u00f6zg\u00fcn bir yap\u0131d\u0131r.&#8221; &#8220;YIKMAK KOLAY, YA\u015eATMAK V\u0130ZYON \u0130STER&#8221; M\u00fczenin depreme dayan\u0131ks\u0131z oldu\u011fu gerek\u00e7esiyle y\u0131k\u0131lmas\u0131n\u0131n g\u00fcndeme gelmesine tepki g\u00f6steren Arl\u0131er, teknik olarak g\u00fc\u00e7lendirme ve yeniden i\u015flevlendirme se\u00e7eneklerinin m\u00fcmk\u00fcn oldu\u011funu belirtti: &#8220;Yap\u0131 b\u00fcy\u00fck \u00f6l\u00e7\u00fcde tek katl\u0131d\u0131r, g\u00fc\u00e7lendirme teknikleriyle korunabilir. \u00dcstelik \u00e7evresindeki kamu yap\u0131lar\u0131 ile birlikte ele al\u0131nd\u0131\u011f\u0131nda, \u00e7a\u011fda m\u00fczecilik anlay\u0131\u015f\u0131na uygun \u015fekilde geni\u015fletilerek yeniden d\u00fczenlenebilir. Y\u0131kmak kolayd\u0131r; ama ya\u015fatmak vizyon, sorumluluk ve kamu yarar\u0131n\u0131 g\u00f6zeten bir anlay\u0131\u015f gerektirir.&#8221; &#8220;YOK ETMEK YER\u0130NE KORUMALIYIZ\u201d Arl\u0131er, m\u00fczenin yaln\u0131zca sergi de\u011fil; konser, panel, at\u00f6lye ve k\u00fclt\u00fcrel etkinliklere de &hellip;<\/p>","protected":false},"author":5,"featured_media":0,"comment_status":"","ping_status":"open","sticky":false,"template":"","format":"standard","meta":{"_acf_changed":false,"footnotes":""},"categories":[24],"tags":[],"class_list":["post-151994","post","type-post","status-publish","format-standard","has-post-thumbnail","hentry","category-gundem"],"acf":[],"yoast_head":"<!-- This site is optimized with the Yoast SEO Premium plugin v26.6 (Yoast SEO v27.1.1) - https:\/\/yoast.com\/product\/yoast-seo-premium-wordpress\/ -->\n<title>Antalya Arkeoloji M\u00fczesi i\u00e7in DEVA\u2019dan \u00e7a\u011fr\u0131: &quot;Bu haf\u0131zay\u0131 yok etmeyin&quot; - Av. Deniz Can K\u0131z\u0131l<\/title>\n<meta name=\"robots\" content=\"index, follow, max-snippet:-1, max-image-preview:large, max-video-preview:-1\" \/>\n<link rel=\"canonical\" href=\"https:\/\/denizcankizil.tr\/uk\/haberler\/gundem\/antalya-arkeoloji-muzesi-icin-devadan-cagri-bu-hafizayi-yok-etmeyin\/\" \/>\n<meta property=\"og:locale\" content=\"uk_UA\" \/>\n<meta property=\"og:type\" content=\"article\" \/>\n<meta property=\"og:title\" content=\"Antalya Arkeoloji M\u00fczesi i\u00e7in DEVA\u2019dan \u00e7a\u011fr\u0131: &quot;Bu haf\u0131zay\u0131 yok etmeyin&quot;\" \/>\n<meta property=\"og:description\" content=\"Antalya&#8217;n\u0131n en \u00f6nemli k\u00fclt\u00fcrel yap\u0131lar\u0131ndan biri olan ve Avrupa Birli\u011fi taraf\u0131ndan \u00f6d\u00fcl alan Antalya Arkeoloji M\u00fczesi&#8217;nin y\u0131k\u0131m karar\u0131na kar\u015f\u0131 tepkiler g\u00fcndemde. DEVA Partisi Antalya \u0130l Ba\u015fkan\u0131 \u00d6zlem Arl\u0131er, yap\u0131n\u0131n korunarak restore edilmesi gerekti\u011fini vurgulad\u0131. M\u00fczenin yaln\u0131zca arkeolojik eserlerin sergilendi\u011fi bir alan de\u011fil, ayn\u0131 zamanda Cumhuriyet d\u00f6neminin mimarl\u0131k miras\u0131 ve kamusal bir k\u00fclt\u00fcr alan\u0131 oldu\u011funu belirten Arl\u0131er, kamuoyuna ve yetkililere &#8220;Bu haf\u0131zay\u0131 yok etmeyin&#8221; \u00e7a\u011fr\u0131s\u0131 yapt\u0131. \u201cBU KENT\u0130N TAR\u0130H\u0130 BELLE\u011e\u0130\u201d A\u00e7\u0131klamas\u0131nda m\u00fczenin mimari ve tarihsel de\u011ferine dikkat \u00e7eken \u00d6zlem Arl\u0131er, \u015fu ifadeleri kulland\u0131: &#8220;Antalya Arkeoloji M\u00fczesi sadece bir yap\u0131 de\u011fil; bu kentin tarihsel belle\u011fi, k\u00fclt\u00fcrel kimli\u011fi ve Cumhuriyet d\u00f6neminin modernle\u015fme anlay\u0131\u015f\u0131n\u0131 yans\u0131tan bir mimari mirast\u0131r. D\u00f6neminin \u00f6nde gelen mimarlar\u0131 taraf\u0131ndan yar\u0131\u015fmayla tasarlanm\u0131\u015f, \u00e7a\u011fda\u015f m\u00fczecilik anlay\u0131\u015f\u0131na \u00f6nc\u00fcl\u00fck eden i\u015flevsel ve \u00f6zg\u00fcn bir yap\u0131d\u0131r.&#8221; &#8220;YIKMAK KOLAY, YA\u015eATMAK V\u0130ZYON \u0130STER&#8221; M\u00fczenin depreme dayan\u0131ks\u0131z oldu\u011fu gerek\u00e7esiyle y\u0131k\u0131lmas\u0131n\u0131n g\u00fcndeme gelmesine tepki g\u00f6steren Arl\u0131er, teknik olarak g\u00fc\u00e7lendirme ve yeniden i\u015flevlendirme se\u00e7eneklerinin m\u00fcmk\u00fcn oldu\u011funu belirtti: &#8220;Yap\u0131 b\u00fcy\u00fck \u00f6l\u00e7\u00fcde tek katl\u0131d\u0131r, g\u00fc\u00e7lendirme teknikleriyle korunabilir. \u00dcstelik \u00e7evresindeki kamu yap\u0131lar\u0131 ile birlikte ele al\u0131nd\u0131\u011f\u0131nda, \u00e7a\u011fda m\u00fczecilik anlay\u0131\u015f\u0131na uygun \u015fekilde geni\u015fletilerek yeniden d\u00fczenlenebilir. Y\u0131kmak kolayd\u0131r; ama ya\u015fatmak vizyon, sorumluluk ve kamu yarar\u0131n\u0131 g\u00f6zeten bir anlay\u0131\u015f gerektirir.&#8221; &#8220;YOK ETMEK YER\u0130NE KORUMALIYIZ\u201d Arl\u0131er, m\u00fczenin yaln\u0131zca sergi de\u011fil; konser, panel, at\u00f6lye ve k\u00fclt\u00fcrel etkinliklere de &hellip;\" \/>\n<meta property=\"og:url\" content=\"https:\/\/denizcankizil.tr\/uk\/haberler\/gundem\/antalya-arkeoloji-muzesi-icin-devadan-cagri-bu-hafizayi-yok-etmeyin\/\" \/>\n<meta property=\"og:site_name\" content=\"Av. Deniz Can K\u0131z\u0131l\" \/>\n<meta property=\"article:published_time\" content=\"2025-07-20T16:41:17+00:00\" \/>\n<meta name=\"author\" content=\"Antalya K\u00f6rfez\" \/>\n<meta name=\"twitter:card\" content=\"summary_large_image\" \/>\n<meta name=\"twitter:label1\" content=\"\u041d\u0430\u043f\u0438\u0441\u0430\u043d\u043e\" \/>\n\t<meta name=\"twitter:data1\" content=\"Antalya K\u00f6rfez\" \/>\n\t<meta name=\"twitter:label2\" content=\"\u041f\u0440\u0438\u0431\u043b. \u0447\u0430\u0441 \u0447\u0438\u0442\u0430\u043d\u043d\u044f\" \/>\n\t<meta name=\"twitter:data2\" content=\"3 \u0445\u0432\u0438\u043b\u0438\u043d\u0438\" \/>\n<script type=\"application\/ld+json\" class=\"yoast-schema-graph\">{\"@context\":\"https:\/\/schema.org\",\"@graph\":[{\"@type\":\"Article\",\"@id\":\"https:\/\/denizcankizil.tr\/uk\/haberler\/gundem\/antalya-arkeoloji-muzesi-icin-devadan-cagri-bu-hafizayi-yok-etmeyin\/#article\",\"isPartOf\":{\"@id\":\"https:\/\/denizcankizil.tr\/uk\/haberler\/gundem\/antalya-arkeoloji-muzesi-icin-devadan-cagri-bu-hafizayi-yok-etmeyin\/\"},\"author\":{\"name\":\"Antalya K\u00f6rfez\",\"@id\":\"https:\/\/denizcankizil.tr\/#\/schema\/person\/e1eb71bb4dd684d46563f0af307e1234\"},\"headline\":\"Antalya Arkeoloji M\u00fczesi i\u00e7in DEVA\u2019dan \u00e7a\u011fr\u0131: &#8220;Bu haf\u0131zay\u0131 yok etmeyin&#8221;\",\"datePublished\":\"2025-07-20T16:41:17+00:00\",\"mainEntityOfPage\":{\"@id\":\"https:\/\/denizcankizil.tr\/uk\/haberler\/gundem\/antalya-arkeoloji-muzesi-icin-devadan-cagri-bu-hafizayi-yok-etmeyin\/\"},\"wordCount\":544,\"publisher\":{\"@id\":\"https:\/\/denizcankizil.tr\/#organization\"},\"articleSection\":[\"G\u00fcndem\"],\"inLanguage\":\"uk\"},{\"@type\":\"WebPage\",\"@id\":\"https:\/\/denizcankizil.tr\/uk\/haberler\/gundem\/antalya-arkeoloji-muzesi-icin-devadan-cagri-bu-hafizayi-yok-etmeyin\/\",\"url\":\"https:\/\/denizcankizil.tr\/uk\/haberler\/gundem\/antalya-arkeoloji-muzesi-icin-devadan-cagri-bu-hafizayi-yok-etmeyin\/\",\"name\":\"Antalya Arkeoloji M\u00fczesi i\u00e7in DEVA\u2019dan \u00e7a\u011fr\u0131: \\\"Bu haf\u0131zay\u0131 yok etmeyin\\\" - Av. Deniz Can K\u0131z\u0131l\",\"isPartOf\":{\"@id\":\"https:\/\/denizcankizil.tr\/#website\"},\"datePublished\":\"2025-07-20T16:41:17+00:00\",\"breadcrumb\":{\"@id\":\"https:\/\/denizcankizil.tr\/uk\/haberler\/gundem\/antalya-arkeoloji-muzesi-icin-devadan-cagri-bu-hafizayi-yok-etmeyin\/#breadcrumb\"},\"inLanguage\":\"uk\",\"potentialAction\":[{\"@type\":\"ReadAction\",\"target\":[\"https:\/\/denizcankizil.tr\/uk\/haberler\/gundem\/antalya-arkeoloji-muzesi-icin-devadan-cagri-bu-hafizayi-yok-etmeyin\/\"]}]},{\"@type\":\"BreadcrumbList\",\"@id\":\"https:\/\/denizcankizil.tr\/uk\/haberler\/gundem\/antalya-arkeoloji-muzesi-icin-devadan-cagri-bu-hafizayi-yok-etmeyin\/#breadcrumb\",\"itemListElement\":[{\"@type\":\"ListItem\",\"position\":1,\"name\":\"Home\",\"item\":\"https:\/\/denizcankizil.tr\/uk\/\"},{\"@type\":\"ListItem\",\"position\":2,\"name\":\"Antalya Arkeoloji M\u00fczesi i\u00e7in DEVA\u2019dan \u00e7a\u011fr\u0131: &#8220;Bu haf\u0131zay\u0131 yok etmeyin&#8221;\"}]},{\"@type\":\"WebSite\",\"@id\":\"https:\/\/denizcankizil.tr\/#website\",\"url\":\"https:\/\/denizcankizil.tr\/\",\"name\":\"Av. Deniz Can K\u0131z\u0131l\",\"description\":\"Avukat Deniz Can K\u0131z\u0131l Antalya Barosu\",\"publisher\":{\"@id\":\"https:\/\/denizcankizil.tr\/#organization\"},\"potentialAction\":[{\"@type\":\"SearchAction\",\"target\":{\"@type\":\"EntryPoint\",\"urlTemplate\":\"https:\/\/denizcankizil.tr\/?s={search_term_string}\"},\"query-input\":{\"@type\":\"PropertyValueSpecification\",\"valueRequired\":true,\"valueName\":\"search_term_string\"}}],\"inLanguage\":\"uk\"},{\"@type\":\"Organization\",\"@id\":\"https:\/\/denizcankizil.tr\/#organization\",\"name\":\"Av. Deniz Can K\u0131z\u0131l\",\"url\":\"https:\/\/denizcankizil.tr\/\",\"logo\":{\"@type\":\"ImageObject\",\"inLanguage\":\"uk\",\"@id\":\"https:\/\/denizcankizil.tr\/#\/schema\/logo\/image\/\",\"url\":\"https:\/\/denizcankizil.tr\/wp-content\/uploads\/2024\/10\/siyah-logo-svg.svg\",\"contentUrl\":\"https:\/\/denizcankizil.tr\/wp-content\/uploads\/2024\/10\/siyah-logo-svg.svg\",\"width\":1080,\"height\":1080,\"caption\":\"Av. Deniz Can K\u0131z\u0131l\"},\"image\":{\"@id\":\"https:\/\/denizcankizil.tr\/#\/schema\/logo\/image\/\"}},{\"@type\":\"Person\",\"@id\":\"https:\/\/denizcankizil.tr\/#\/schema\/person\/e1eb71bb4dd684d46563f0af307e1234\",\"name\":\"Antalya K\u00f6rfez\",\"image\":{\"@type\":\"ImageObject\",\"inLanguage\":\"uk\",\"@id\":\"https:\/\/denizcankizil.tr\/#\/schema\/person\/image\/\",\"url\":\"https:\/\/secure.gravatar.com\/avatar\/42b01982558a48a0b501fdcab6a408d3717ea5919095ee2e67b0e521799c5905?s=96&d=mm&r=g\",\"contentUrl\":\"https:\/\/secure.gravatar.com\/avatar\/42b01982558a48a0b501fdcab6a408d3717ea5919095ee2e67b0e521799c5905?s=96&d=mm&r=g\",\"caption\":\"Antalya K\u00f6rfez\"},\"sameAs\":[\"http:\/\/www.antalyakorfez.com\"],\"url\":\"https:\/\/www.antalyakorfez.com\/antalya-arkeoloji-muzesi-icin-devadan-cagri-bu-hafizayi-yok-etmeyin\"}]}<\/script>\n<!-- \/ Yoast SEO Premium plugin. -->","yoast_head_json":{"title":"Antalya Arkeoloji M\u00fczesi i\u00e7in DEVA\u2019dan \u00e7a\u011fr\u0131: \"Bu haf\u0131zay\u0131 yok etmeyin\" - Av. Deniz Can K\u0131z\u0131l","robots":{"index":"index","follow":"follow","max-snippet":"max-snippet:-1","max-image-preview":"max-image-preview:large","max-video-preview":"max-video-preview:-1"},"canonical":"https:\/\/denizcankizil.tr\/uk\/haberler\/gundem\/antalya-arkeoloji-muzesi-icin-devadan-cagri-bu-hafizayi-yok-etmeyin\/","og_locale":"uk_UA","og_type":"article","og_title":"Antalya Arkeoloji M\u00fczesi i\u00e7in DEVA\u2019dan \u00e7a\u011fr\u0131: \"Bu haf\u0131zay\u0131 yok etmeyin\"","og_description":"Antalya&#8217;n\u0131n en \u00f6nemli k\u00fclt\u00fcrel yap\u0131lar\u0131ndan biri olan ve Avrupa Birli\u011fi taraf\u0131ndan \u00f6d\u00fcl alan Antalya Arkeoloji M\u00fczesi&#8217;nin y\u0131k\u0131m karar\u0131na kar\u015f\u0131 tepkiler g\u00fcndemde. DEVA Partisi Antalya \u0130l Ba\u015fkan\u0131 \u00d6zlem Arl\u0131er, yap\u0131n\u0131n korunarak restore edilmesi gerekti\u011fini vurgulad\u0131. M\u00fczenin yaln\u0131zca arkeolojik eserlerin sergilendi\u011fi bir alan de\u011fil, ayn\u0131 zamanda Cumhuriyet d\u00f6neminin mimarl\u0131k miras\u0131 ve kamusal bir k\u00fclt\u00fcr alan\u0131 oldu\u011funu belirten Arl\u0131er, kamuoyuna ve yetkililere &#8220;Bu haf\u0131zay\u0131 yok etmeyin&#8221; \u00e7a\u011fr\u0131s\u0131 yapt\u0131. \u201cBU KENT\u0130N TAR\u0130H\u0130 BELLE\u011e\u0130\u201d A\u00e7\u0131klamas\u0131nda m\u00fczenin mimari ve tarihsel de\u011ferine dikkat \u00e7eken \u00d6zlem Arl\u0131er, \u015fu ifadeleri kulland\u0131: &#8220;Antalya Arkeoloji M\u00fczesi sadece bir yap\u0131 de\u011fil; bu kentin tarihsel belle\u011fi, k\u00fclt\u00fcrel kimli\u011fi ve Cumhuriyet d\u00f6neminin modernle\u015fme anlay\u0131\u015f\u0131n\u0131 yans\u0131tan bir mimari mirast\u0131r. D\u00f6neminin \u00f6nde gelen mimarlar\u0131 taraf\u0131ndan yar\u0131\u015fmayla tasarlanm\u0131\u015f, \u00e7a\u011fda\u015f m\u00fczecilik anlay\u0131\u015f\u0131na \u00f6nc\u00fcl\u00fck eden i\u015flevsel ve \u00f6zg\u00fcn bir yap\u0131d\u0131r.&#8221; &#8220;YIKMAK KOLAY, YA\u015eATMAK V\u0130ZYON \u0130STER&#8221; M\u00fczenin depreme dayan\u0131ks\u0131z oldu\u011fu gerek\u00e7esiyle y\u0131k\u0131lmas\u0131n\u0131n g\u00fcndeme gelmesine tepki g\u00f6steren Arl\u0131er, teknik olarak g\u00fc\u00e7lendirme ve yeniden i\u015flevlendirme se\u00e7eneklerinin m\u00fcmk\u00fcn oldu\u011funu belirtti: &#8220;Yap\u0131 b\u00fcy\u00fck \u00f6l\u00e7\u00fcde tek katl\u0131d\u0131r, g\u00fc\u00e7lendirme teknikleriyle korunabilir. \u00dcstelik \u00e7evresindeki kamu yap\u0131lar\u0131 ile birlikte ele al\u0131nd\u0131\u011f\u0131nda, \u00e7a\u011fda m\u00fczecilik anlay\u0131\u015f\u0131na uygun \u015fekilde geni\u015fletilerek yeniden d\u00fczenlenebilir. Y\u0131kmak kolayd\u0131r; ama ya\u015fatmak vizyon, sorumluluk ve kamu yarar\u0131n\u0131 g\u00f6zeten bir anlay\u0131\u015f gerektirir.&#8221; &#8220;YOK ETMEK YER\u0130NE KORUMALIYIZ\u201d Arl\u0131er, m\u00fczenin yaln\u0131zca sergi de\u011fil; konser, panel, at\u00f6lye ve k\u00fclt\u00fcrel etkinliklere de &hellip;","og_url":"https:\/\/denizcankizil.tr\/uk\/haberler\/gundem\/antalya-arkeoloji-muzesi-icin-devadan-cagri-bu-hafizayi-yok-etmeyin\/","og_site_name":"Av. Deniz Can K\u0131z\u0131l","article_published_time":"2025-07-20T16:41:17+00:00","author":"Antalya K\u00f6rfez","twitter_card":"summary_large_image","twitter_misc":{"\u041d\u0430\u043f\u0438\u0441\u0430\u043d\u043e":"Antalya K\u00f6rfez","\u041f\u0440\u0438\u0431\u043b. \u0447\u0430\u0441 \u0447\u0438\u0442\u0430\u043d\u043d\u044f":"3 \u0445\u0432\u0438\u043b\u0438\u043d\u0438"},"schema":{"@context":"https:\/\/schema.org","@graph":[{"@type":"Article","@id":"https:\/\/denizcankizil.tr\/uk\/haberler\/gundem\/antalya-arkeoloji-muzesi-icin-devadan-cagri-bu-hafizayi-yok-etmeyin\/#article","isPartOf":{"@id":"https:\/\/denizcankizil.tr\/uk\/haberler\/gundem\/antalya-arkeoloji-muzesi-icin-devadan-cagri-bu-hafizayi-yok-etmeyin\/"},"author":{"name":"Antalya K\u00f6rfez","@id":"https:\/\/denizcankizil.tr\/#\/schema\/person\/e1eb71bb4dd684d46563f0af307e1234"},"headline":"Antalya Arkeoloji M\u00fczesi i\u00e7in DEVA\u2019dan \u00e7a\u011fr\u0131: &#8220;Bu haf\u0131zay\u0131 yok etmeyin&#8221;","datePublished":"2025-07-20T16:41:17+00:00","mainEntityOfPage":{"@id":"https:\/\/denizcankizil.tr\/uk\/haberler\/gundem\/antalya-arkeoloji-muzesi-icin-devadan-cagri-bu-hafizayi-yok-etmeyin\/"},"wordCount":544,"publisher":{"@id":"https:\/\/denizcankizil.tr\/#organization"},"articleSection":["G\u00fcndem"],"inLanguage":"uk"},{"@type":"WebPage","@id":"https:\/\/denizcankizil.tr\/uk\/haberler\/gundem\/antalya-arkeoloji-muzesi-icin-devadan-cagri-bu-hafizayi-yok-etmeyin\/","url":"https:\/\/denizcankizil.tr\/uk\/haberler\/gundem\/antalya-arkeoloji-muzesi-icin-devadan-cagri-bu-hafizayi-yok-etmeyin\/","name":"Antalya Arkeoloji M\u00fczesi i\u00e7in DEVA\u2019dan \u00e7a\u011fr\u0131: \"Bu haf\u0131zay\u0131 yok etmeyin\" - Av. Deniz Can K\u0131z\u0131l","isPartOf":{"@id":"https:\/\/denizcankizil.tr\/#website"},"datePublished":"2025-07-20T16:41:17+00:00","breadcrumb":{"@id":"https:\/\/denizcankizil.tr\/uk\/haberler\/gundem\/antalya-arkeoloji-muzesi-icin-devadan-cagri-bu-hafizayi-yok-etmeyin\/#breadcrumb"},"inLanguage":"uk","potentialAction":[{"@type":"ReadAction","target":["https:\/\/denizcankizil.tr\/uk\/haberler\/gundem\/antalya-arkeoloji-muzesi-icin-devadan-cagri-bu-hafizayi-yok-etmeyin\/"]}]},{"@type":"BreadcrumbList","@id":"https:\/\/denizcankizil.tr\/uk\/haberler\/gundem\/antalya-arkeoloji-muzesi-icin-devadan-cagri-bu-hafizayi-yok-etmeyin\/#breadcrumb","itemListElement":[{"@type":"ListItem","position":1,"name":"Home","item":"https:\/\/denizcankizil.tr\/uk\/"},{"@type":"ListItem","position":2,"name":"Antalya Arkeoloji M\u00fczesi i\u00e7in DEVA\u2019dan \u00e7a\u011fr\u0131: &#8220;Bu haf\u0131zay\u0131 yok etmeyin&#8221;"}]},{"@type":"WebSite","@id":"https:\/\/denizcankizil.tr\/#website","url":"https:\/\/denizcankizil.tr\/","name":"Av. Deniz Can K\u0131z\u0131l","description":"Avukat Deniz Can K\u0131z\u0131l Antalya Barosu","publisher":{"@id":"https:\/\/denizcankizil.tr\/#organization"},"potentialAction":[{"@type":"SearchAction","target":{"@type":"EntryPoint","urlTemplate":"https:\/\/denizcankizil.tr\/?s={search_term_string}"},"query-input":{"@type":"PropertyValueSpecification","valueRequired":true,"valueName":"search_term_string"}}],"inLanguage":"uk"},{"@type":"Organization","@id":"https:\/\/denizcankizil.tr\/#organization","name":"Av. Deniz Can K\u0131z\u0131l","url":"https:\/\/denizcankizil.tr\/","logo":{"@type":"ImageObject","inLanguage":"uk","@id":"https:\/\/denizcankizil.tr\/#\/schema\/logo\/image\/","url":"https:\/\/denizcankizil.tr\/wp-content\/uploads\/2024\/10\/siyah-logo-svg.svg","contentUrl":"https:\/\/denizcankizil.tr\/wp-content\/uploads\/2024\/10\/siyah-logo-svg.svg","width":1080,"height":1080,"caption":"Av. Deniz Can K\u0131z\u0131l"},"image":{"@id":"https:\/\/denizcankizil.tr\/#\/schema\/logo\/image\/"}},{"@type":"Person","@id":"https:\/\/denizcankizil.tr\/#\/schema\/person\/e1eb71bb4dd684d46563f0af307e1234","name":"Antalya K\u00f6rfez","image":{"@type":"ImageObject","inLanguage":"uk","@id":"https:\/\/denizcankizil.tr\/#\/schema\/person\/image\/","url":"https:\/\/secure.gravatar.com\/avatar\/42b01982558a48a0b501fdcab6a408d3717ea5919095ee2e67b0e521799c5905?s=96&d=mm&r=g","contentUrl":"https:\/\/secure.gravatar.com\/avatar\/42b01982558a48a0b501fdcab6a408d3717ea5919095ee2e67b0e521799c5905?s=96&d=mm&r=g","caption":"Antalya K\u00f6rfez"},"sameAs":["http:\/\/www.antalyakorfez.com"],"url":"https:\/\/www.antalyakorfez.com\/antalya-arkeoloji-muzesi-icin-devadan-cagri-bu-hafizayi-yok-etmeyin"}]}},"_links":{"self":[{"href":"https:\/\/denizcankizil.tr\/uk\/wp-json\/wp\/v2\/posts\/151994","targetHints":{"allow":["GET"]}}],"collection":[{"href":"https:\/\/denizcankizil.tr\/uk\/wp-json\/wp\/v2\/posts"}],"about":[{"href":"https:\/\/denizcankizil.tr\/uk\/wp-json\/wp\/v2\/types\/post"}],"author":[{"embeddable":true,"href":"https:\/\/denizcankizil.tr\/uk\/wp-json\/wp\/v2\/users\/5"}],"replies":[{"embeddable":true,"href":"https:\/\/denizcankizil.tr\/uk\/wp-json\/wp\/v2\/comments?post=151994"}],"version-history":[{"count":0,"href":"https:\/\/denizcankizil.tr\/uk\/wp-json\/wp\/v2\/posts\/151994\/revisions"}],"wp:attachment":[{"href":"https:\/\/denizcankizil.tr\/uk\/wp-json\/wp\/v2\/media?parent=151994"}],"wp:term":[{"taxonomy":"category","embeddable":true,"href":"https:\/\/denizcankizil.tr\/uk\/wp-json\/wp\/v2\/categories?post=151994"},{"taxonomy":"post_tag","embeddable":true,"href":"https:\/\/denizcankizil.tr\/uk\/wp-json\/wp\/v2\/tags?post=151994"}],"curies":[{"name":"wp","href":"https:\/\/api.w.org\/{rel}","templated":true}]}}