{"id":151797,"date":"2025-07-20T14:41:16","date_gmt":"2025-07-20T11:41:16","guid":{"rendered":"https:\/\/denizcankizil.tr\/uncategorized-tr\/antalyada-kktcnin-baris-ve-ozgurluk-bayrami-kutlandi\/"},"modified":"2025-07-20T14:41:16","modified_gmt":"2025-07-20T11:41:16","slug":"antalyada-kktcnin-baris-ve-ozgurluk-bayrami-kutlandi","status":"publish","type":"post","link":"https:\/\/denizcankizil.tr\/uk\/haberler\/gundem\/antalyada-kktcnin-baris-ve-ozgurluk-bayrami-kutlandi\/","title":{"rendered":"Antalya&#8217;da KKTC&#8217;nin Bar\u0131\u015f ve \u00d6zg\u00fcrl\u00fck Bayram\u0131 kutland\u0131"},"content":{"rendered":"<p>Kuzey K\u0131br\u0131s T\u00fcrk Cumhuriyeti\u2019nin (KKTC) 20 Temmuz Bar\u0131\u015f ve \u00d6zg\u00fcrl\u00fck Bayram\u0131, Antalya\u2019da d\u00fczenlenen t\u00f6renle kutland\u0131. Cumhuriyet Meydan\u0131\u2019nda bulunan Ulusal Y\u00fckseli\u015f An\u0131t\u0131\u2019nda d\u00fczenlenen t\u00f6rene, KKTC Antalya Ba\u015fkonsolosu Asl\u0131 Erkmen\u2019in yan\u0131 s\u0131ra gaziler, \u015fehit yak\u0131nlar\u0131 ve kurum temsilcileri kat\u0131ld\u0131. 20 Temmuz 1974\u2019te ger\u00e7ekle\u015ftirilen Bar\u0131\u015f Harek\u00e2t\u0131\u2019n\u0131n, K\u0131br\u0131s T\u00fcrk halk\u0131n\u0131n \u00f6zg\u00fcrl\u00fck m\u00fccadelesinde bir d\u00f6n\u00fcm noktas\u0131 oldu\u011funu vurgulayan KKTC Antalya Ba\u015fkonsolosu Asl\u0131 Erkmen, &#8220;Kahraman K\u0131br\u0131s T\u00fcrk M\u00fccahidi\u2019nin T\u00fcrk Silahl\u0131 Kuvvetleri ile omuz omuza sava\u015farak ger\u00e7ekle\u015ftirdikleri Bar\u0131\u015f Harek\u00e2t\u0131\u2019n\u0131n 51. y\u0131l d\u00f6n\u00fcm\u00fcn\u00fc bu y\u0131l da b\u00fcy\u00fck bir co\u015fku ve gururla kutluyoruz&#8221; dedi.<\/p>\n<p>&#8220;KIBRIS T\u00dcRK HALKI VAROLU\u015e M\u00dcCADELES\u0130NDE A\u011eIR BEDELLER \u00d6DED\u0130&#8221;<\/p>\n<p>K\u0131br\u0131s T\u00fcrk halk\u0131n\u0131n varolu\u015f m\u00fccadelesinde a\u011f\u0131r bedeller \u00f6dedi\u011fini hat\u0131rlatan Erkmen, bu \u00f6zel g\u00fcn\u00fcn sadece bir zafer de\u011fil, ayn\u0131 zamanda halk\u0131n devletine sahip \u00e7\u0131kma kararl\u0131l\u0131\u011f\u0131n\u0131n sembol\u00fc oldu\u011funu belirtti. Rumlar\u0131n Enosis hayalleriyle K\u0131br\u0131s Cumhuriyeti\u2019ni bir s\u0131\u00e7rama tahtas\u0131 olarak g\u00f6rd\u00fc\u011f\u00fcn\u00fc ve K\u0131br\u0131sl\u0131 T\u00fcrklerin bu s\u00fcre\u00e7te sistematik sald\u0131r\u0131lara maruz kald\u0131\u011f\u0131n\u0131 s\u00f6yleyen Erkmen, &#8220;Bug\u00fcn kendi devletimizin \u00e7at\u0131s\u0131 alt\u0131nda \u00f6zg\u00fcr, egemen ve korkusuz bir \u015fekilde ya\u015f\u0131yorsak, bunu halk\u0131m\u0131z\u0131n bir as\u0131rl\u0131k m\u00fccadelesine, Varolu\u015f M\u00fccadelesi Liderimiz Dr. Faz\u0131l K\u00fc\u00e7\u00fck\u2019e, Kurucu Cumhurba\u015fkan\u0131m\u0131z Rauf Raif Denkta\u015f\u2019a ve aziz \u015fehitlerimize bor\u00e7luyuz&#8221; \u015feklinde konu\u015ftu.<\/p>\n<p>&#8220;KIBRIS ACI TECR\u00dcBELER\u0130 TEKRAR YA\u015eAMAK \u0130STEM\u0130YOR&#8221;<\/p>\n<p>KKTC\u2019nin T\u00fcrk Devletleri Te\u015fkilat\u0131, \u0130slam \u0130\u015fbirli\u011fi Te\u015fkilat\u0131 ve Ekonomik \u0130\u015fbirli\u011fi Te\u015fkilat\u0131 gibi platformlarda g\u00f6zlemci stat\u00fcs\u00fcyle yer almas\u0131n\u0131n \u00f6nemine dikkat \u00e7eken Erkmen, bu geli\u015fmenin KKTC\u2019nin uluslararas\u0131 g\u00f6r\u00fcn\u00fcrl\u00fc\u011f\u00fcn\u00fc art\u0131rd\u0131\u011f\u0131n\u0131n alt\u0131n\u0131 \u00e7izerek, Azerbaycan\u2019\u0131n \u015eu\u015fa kentindeki zirvede KKTC\u2019nin ilk kez &#8220;T\u00fcrk d\u00fcnyas\u0131n\u0131n ayr\u0131lmaz bir par\u00e7as\u0131&#8221; olarak an\u0131ld\u0131\u011f\u0131n\u0131 hat\u0131rlatt\u0131. Erkmen, Rum taraf\u0131n\u0131n uzla\u015fmaz tutumu nedeniyle m\u00fczakere s\u00fcre\u00e7lerinin sonu\u00e7suz kald\u0131\u011f\u0131n\u0131 belirterek, &#8220;K\u0131br\u0131s T\u00fcrk halk\u0131 1963-74 y\u0131llar\u0131 aras\u0131nda ya\u015fanan ac\u0131 tecr\u00fcbeleri bir daha ya\u015famak istememektedir&#8221; dedi.<\/p>\n<p>\u200bK\u0131br\u0131s Bar\u0131\u015f Harekat\u0131&#8217;n\u0131n 51. y\u0131l d\u00f6n\u00fcm\u00fcnde Antalya&#8217;da d\u00fczenlenen t\u00f6rende konu\u015fan KKTC Antalya Ba\u015fkonsolosu Asl\u0131 Erkmen, 20 Temmuz&#8217;un sadece bir zafer de\u011fil, K\u0131br\u0131s T\u00fcrk halk\u0131n\u0131n \u00f6zg\u00fcrl\u00fck ve egemenlik kararl\u0131l\u0131\u011f\u0131n\u0131n sembol\u00fc oldu\u011funu vurgulad\u0131.\u00a0<\/p>\n<p>\u200bHaberin Al\u0131nt\u0131land\u0131\u011f\u0131 Kaynak: www.antalyakorfez.com<\/p>","protected":false},"excerpt":{"rendered":"<p>Kuzey K\u0131br\u0131s T\u00fcrk Cumhuriyeti\u2019nin (KKTC) 20 Temmuz Bar\u0131\u015f ve \u00d6zg\u00fcrl\u00fck Bayram\u0131, Antalya\u2019da d\u00fczenlenen t\u00f6renle kutland\u0131. Cumhuriyet Meydan\u0131\u2019nda bulunan Ulusal Y\u00fckseli\u015f An\u0131t\u0131\u2019nda d\u00fczenlenen t\u00f6rene, KKTC Antalya Ba\u015fkonsolosu Asl\u0131 Erkmen\u2019in yan\u0131 s\u0131ra gaziler, \u015fehit yak\u0131nlar\u0131 ve kurum temsilcileri kat\u0131ld\u0131. 20 Temmuz 1974\u2019te ger\u00e7ekle\u015ftirilen Bar\u0131\u015f Harek\u00e2t\u0131\u2019n\u0131n, K\u0131br\u0131s T\u00fcrk halk\u0131n\u0131n \u00f6zg\u00fcrl\u00fck m\u00fccadelesinde bir d\u00f6n\u00fcm noktas\u0131 oldu\u011funu vurgulayan KKTC Antalya Ba\u015fkonsolosu Asl\u0131 Erkmen, &#8220;Kahraman K\u0131br\u0131s T\u00fcrk M\u00fccahidi\u2019nin T\u00fcrk Silahl\u0131 Kuvvetleri ile omuz omuza sava\u015farak ger\u00e7ekle\u015ftirdikleri Bar\u0131\u015f Harek\u00e2t\u0131\u2019n\u0131n 51. y\u0131l d\u00f6n\u00fcm\u00fcn\u00fc bu y\u0131l da b\u00fcy\u00fck bir co\u015fku ve gururla kutluyoruz&#8221; dedi. &#8220;KIBRIS T\u00dcRK HALKI VAROLU\u015e M\u00dcCADELES\u0130NDE A\u011eIR BEDELLER \u00d6DED\u0130&#8221; K\u0131br\u0131s T\u00fcrk halk\u0131n\u0131n varolu\u015f m\u00fccadelesinde a\u011f\u0131r bedeller \u00f6dedi\u011fini hat\u0131rlatan Erkmen, bu \u00f6zel g\u00fcn\u00fcn sadece bir zafer de\u011fil, ayn\u0131 zamanda halk\u0131n devletine sahip \u00e7\u0131kma kararl\u0131l\u0131\u011f\u0131n\u0131n sembol\u00fc oldu\u011funu belirtti. Rumlar\u0131n Enosis hayalleriyle K\u0131br\u0131s Cumhuriyeti\u2019ni bir s\u0131\u00e7rama tahtas\u0131 olarak g\u00f6rd\u00fc\u011f\u00fcn\u00fc ve K\u0131br\u0131sl\u0131 T\u00fcrklerin bu s\u00fcre\u00e7te sistematik sald\u0131r\u0131lara maruz kald\u0131\u011f\u0131n\u0131 s\u00f6yleyen Erkmen, &#8220;Bug\u00fcn kendi devletimizin \u00e7at\u0131s\u0131 alt\u0131nda \u00f6zg\u00fcr, egemen ve korkusuz bir \u015fekilde ya\u015f\u0131yorsak, bunu halk\u0131m\u0131z\u0131n bir as\u0131rl\u0131k m\u00fccadelesine, Varolu\u015f M\u00fccadelesi Liderimiz Dr. Faz\u0131l K\u00fc\u00e7\u00fck\u2019e, Kurucu Cumhurba\u015fkan\u0131m\u0131z Rauf Raif Denkta\u015f\u2019a ve aziz \u015fehitlerimize bor\u00e7luyuz&#8221; \u015feklinde konu\u015ftu. &#8220;KIBRIS ACI TECR\u00dcBELER\u0130 TEKRAR YA\u015eAMAK \u0130STEM\u0130YOR&#8221; KKTC\u2019nin T\u00fcrk Devletleri Te\u015fkilat\u0131, \u0130slam \u0130\u015fbirli\u011fi Te\u015fkilat\u0131 ve Ekonomik \u0130\u015fbirli\u011fi Te\u015fkilat\u0131 gibi platformlarda g\u00f6zlemci stat\u00fcs\u00fcyle yer almas\u0131n\u0131n \u00f6nemine dikkat &hellip;<\/p>","protected":false},"author":5,"featured_media":0,"comment_status":"","ping_status":"open","sticky":false,"template":"","format":"standard","meta":{"_acf_changed":false,"footnotes":""},"categories":[24],"tags":[],"class_list":["post-151797","post","type-post","status-publish","format-standard","has-post-thumbnail","hentry","category-gundem"],"acf":[],"yoast_head":"<!-- This site is optimized with the Yoast SEO Premium plugin v26.6 (Yoast SEO v27.1.1) - https:\/\/yoast.com\/product\/yoast-seo-premium-wordpress\/ -->\n<title>Antalya&#039;da KKTC&#039;nin Bar\u0131\u015f ve \u00d6zg\u00fcrl\u00fck Bayram\u0131 kutland\u0131 - Av. Deniz Can K\u0131z\u0131l<\/title>\n<meta name=\"robots\" content=\"index, follow, max-snippet:-1, max-image-preview:large, max-video-preview:-1\" \/>\n<link rel=\"canonical\" href=\"https:\/\/denizcankizil.tr\/uk\/haberler\/gundem\/antalyada-kktcnin-baris-ve-ozgurluk-bayrami-kutlandi\/\" \/>\n<meta property=\"og:locale\" content=\"uk_UA\" \/>\n<meta property=\"og:type\" content=\"article\" \/>\n<meta property=\"og:title\" content=\"Antalya&#039;da KKTC&#039;nin Bar\u0131\u015f ve \u00d6zg\u00fcrl\u00fck Bayram\u0131 kutland\u0131\" \/>\n<meta property=\"og:description\" content=\"Kuzey K\u0131br\u0131s T\u00fcrk Cumhuriyeti\u2019nin (KKTC) 20 Temmuz Bar\u0131\u015f ve \u00d6zg\u00fcrl\u00fck Bayram\u0131, Antalya\u2019da d\u00fczenlenen t\u00f6renle kutland\u0131. Cumhuriyet Meydan\u0131\u2019nda bulunan Ulusal Y\u00fckseli\u015f An\u0131t\u0131\u2019nda d\u00fczenlenen t\u00f6rene, KKTC Antalya Ba\u015fkonsolosu Asl\u0131 Erkmen\u2019in yan\u0131 s\u0131ra gaziler, \u015fehit yak\u0131nlar\u0131 ve kurum temsilcileri kat\u0131ld\u0131. 20 Temmuz 1974\u2019te ger\u00e7ekle\u015ftirilen Bar\u0131\u015f Harek\u00e2t\u0131\u2019n\u0131n, K\u0131br\u0131s T\u00fcrk halk\u0131n\u0131n \u00f6zg\u00fcrl\u00fck m\u00fccadelesinde bir d\u00f6n\u00fcm noktas\u0131 oldu\u011funu vurgulayan KKTC Antalya Ba\u015fkonsolosu Asl\u0131 Erkmen, &#8220;Kahraman K\u0131br\u0131s T\u00fcrk M\u00fccahidi\u2019nin T\u00fcrk Silahl\u0131 Kuvvetleri ile omuz omuza sava\u015farak ger\u00e7ekle\u015ftirdikleri Bar\u0131\u015f Harek\u00e2t\u0131\u2019n\u0131n 51. y\u0131l d\u00f6n\u00fcm\u00fcn\u00fc bu y\u0131l da b\u00fcy\u00fck bir co\u015fku ve gururla kutluyoruz&#8221; dedi. &#8220;KIBRIS T\u00dcRK HALKI VAROLU\u015e M\u00dcCADELES\u0130NDE A\u011eIR BEDELLER \u00d6DED\u0130&#8221; K\u0131br\u0131s T\u00fcrk halk\u0131n\u0131n varolu\u015f m\u00fccadelesinde a\u011f\u0131r bedeller \u00f6dedi\u011fini hat\u0131rlatan Erkmen, bu \u00f6zel g\u00fcn\u00fcn sadece bir zafer de\u011fil, ayn\u0131 zamanda halk\u0131n devletine sahip \u00e7\u0131kma kararl\u0131l\u0131\u011f\u0131n\u0131n sembol\u00fc oldu\u011funu belirtti. Rumlar\u0131n Enosis hayalleriyle K\u0131br\u0131s Cumhuriyeti\u2019ni bir s\u0131\u00e7rama tahtas\u0131 olarak g\u00f6rd\u00fc\u011f\u00fcn\u00fc ve K\u0131br\u0131sl\u0131 T\u00fcrklerin bu s\u00fcre\u00e7te sistematik sald\u0131r\u0131lara maruz kald\u0131\u011f\u0131n\u0131 s\u00f6yleyen Erkmen, &#8220;Bug\u00fcn kendi devletimizin \u00e7at\u0131s\u0131 alt\u0131nda \u00f6zg\u00fcr, egemen ve korkusuz bir \u015fekilde ya\u015f\u0131yorsak, bunu halk\u0131m\u0131z\u0131n bir as\u0131rl\u0131k m\u00fccadelesine, Varolu\u015f M\u00fccadelesi Liderimiz Dr. Faz\u0131l K\u00fc\u00e7\u00fck\u2019e, Kurucu Cumhurba\u015fkan\u0131m\u0131z Rauf Raif Denkta\u015f\u2019a ve aziz \u015fehitlerimize bor\u00e7luyuz&#8221; \u015feklinde konu\u015ftu. &#8220;KIBRIS ACI TECR\u00dcBELER\u0130 TEKRAR YA\u015eAMAK \u0130STEM\u0130YOR&#8221; KKTC\u2019nin T\u00fcrk Devletleri Te\u015fkilat\u0131, \u0130slam \u0130\u015fbirli\u011fi Te\u015fkilat\u0131 ve Ekonomik \u0130\u015fbirli\u011fi Te\u015fkilat\u0131 gibi platformlarda g\u00f6zlemci stat\u00fcs\u00fcyle yer almas\u0131n\u0131n \u00f6nemine dikkat &hellip;\" \/>\n<meta property=\"og:url\" content=\"https:\/\/denizcankizil.tr\/uk\/haberler\/gundem\/antalyada-kktcnin-baris-ve-ozgurluk-bayrami-kutlandi\/\" \/>\n<meta property=\"og:site_name\" content=\"Av. Deniz Can K\u0131z\u0131l\" \/>\n<meta property=\"article:published_time\" content=\"2025-07-20T11:41:16+00:00\" \/>\n<meta name=\"author\" content=\"Antalya K\u00f6rfez\" \/>\n<meta name=\"twitter:card\" content=\"summary_large_image\" \/>\n<meta name=\"twitter:label1\" content=\"\u041d\u0430\u043f\u0438\u0441\u0430\u043d\u043e\" \/>\n\t<meta name=\"twitter:data1\" content=\"Antalya K\u00f6rfez\" \/>\n\t<meta name=\"twitter:label2\" content=\"\u041f\u0440\u0438\u0431\u043b. \u0447\u0430\u0441 \u0447\u0438\u0442\u0430\u043d\u043d\u044f\" \/>\n\t<meta name=\"twitter:data2\" content=\"2 \u0445\u0432\u0438\u043b\u0438\u043d\u0438\" \/>\n<script type=\"application\/ld+json\" class=\"yoast-schema-graph\">{\"@context\":\"https:\/\/schema.org\",\"@graph\":[{\"@type\":\"Article\",\"@id\":\"https:\/\/denizcankizil.tr\/de\/haberler\/gundem\/antalyada-kktcnin-baris-ve-ozgurluk-bayrami-kutlandi\/#article\",\"isPartOf\":{\"@id\":\"https:\/\/denizcankizil.tr\/de\/haberler\/gundem\/antalyada-kktcnin-baris-ve-ozgurluk-bayrami-kutlandi\/\"},\"author\":{\"name\":\"Antalya K\u00f6rfez\",\"@id\":\"https:\/\/denizcankizil.tr\/de\/#\/schema\/person\/e1eb71bb4dd684d46563f0af307e1234\"},\"headline\":\"Antalya&#8217;da KKTC&#8217;nin Bar\u0131\u015f ve \u00d6zg\u00fcrl\u00fck Bayram\u0131 kutland\u0131\",\"datePublished\":\"2025-07-20T11:41:16+00:00\",\"mainEntityOfPage\":{\"@id\":\"https:\/\/denizcankizil.tr\/de\/haberler\/gundem\/antalyada-kktcnin-baris-ve-ozgurluk-bayrami-kutlandi\/\"},\"wordCount\":489,\"publisher\":{\"@id\":\"https:\/\/denizcankizil.tr\/de\/#organization\"},\"articleSection\":[\"G\u00fcndem\"],\"inLanguage\":\"uk\"},{\"@type\":\"WebPage\",\"@id\":\"https:\/\/denizcankizil.tr\/de\/haberler\/gundem\/antalyada-kktcnin-baris-ve-ozgurluk-bayrami-kutlandi\/\",\"url\":\"https:\/\/denizcankizil.tr\/de\/haberler\/gundem\/antalyada-kktcnin-baris-ve-ozgurluk-bayrami-kutlandi\/\",\"name\":\"Antalya'da KKTC'nin Bar\u0131\u015f ve \u00d6zg\u00fcrl\u00fck Bayram\u0131 kutland\u0131 - Av. Deniz Can K\u0131z\u0131l\",\"isPartOf\":{\"@id\":\"https:\/\/denizcankizil.tr\/de\/#website\"},\"datePublished\":\"2025-07-20T11:41:16+00:00\",\"breadcrumb\":{\"@id\":\"https:\/\/denizcankizil.tr\/de\/haberler\/gundem\/antalyada-kktcnin-baris-ve-ozgurluk-bayrami-kutlandi\/#breadcrumb\"},\"inLanguage\":\"uk\",\"potentialAction\":[{\"@type\":\"ReadAction\",\"target\":[\"https:\/\/denizcankizil.tr\/de\/haberler\/gundem\/antalyada-kktcnin-baris-ve-ozgurluk-bayrami-kutlandi\/\"]}]},{\"@type\":\"BreadcrumbList\",\"@id\":\"https:\/\/denizcankizil.tr\/de\/haberler\/gundem\/antalyada-kktcnin-baris-ve-ozgurluk-bayrami-kutlandi\/#breadcrumb\",\"itemListElement\":[{\"@type\":\"ListItem\",\"position\":1,\"name\":\"Home\",\"item\":\"https:\/\/denizcankizil.tr\/de\/\"},{\"@type\":\"ListItem\",\"position\":2,\"name\":\"Antalya&#8217;da KKTC&#8217;nin Bar\u0131\u015f ve \u00d6zg\u00fcrl\u00fck Bayram\u0131 kutland\u0131\"}]},{\"@type\":\"WebSite\",\"@id\":\"https:\/\/denizcankizil.tr\/de\/#website\",\"url\":\"https:\/\/denizcankizil.tr\/de\/\",\"name\":\"Av. Deniz Can K\u0131z\u0131l\",\"description\":\"Avukat Deniz Can K\u0131z\u0131l Antalya Barosu\",\"publisher\":{\"@id\":\"https:\/\/denizcankizil.tr\/de\/#organization\"},\"potentialAction\":[{\"@type\":\"SearchAction\",\"target\":{\"@type\":\"EntryPoint\",\"urlTemplate\":\"https:\/\/denizcankizil.tr\/de\/?s={search_term_string}\"},\"query-input\":{\"@type\":\"PropertyValueSpecification\",\"valueRequired\":true,\"valueName\":\"search_term_string\"}}],\"inLanguage\":\"uk\"},{\"@type\":\"Organization\",\"@id\":\"https:\/\/denizcankizil.tr\/de\/#organization\",\"name\":\"Av. Deniz Can K\u0131z\u0131l\",\"url\":\"https:\/\/denizcankizil.tr\/de\/\",\"logo\":{\"@type\":\"ImageObject\",\"inLanguage\":\"uk\",\"@id\":\"https:\/\/denizcankizil.tr\/de\/#\/schema\/logo\/image\/\",\"url\":\"https:\/\/denizcankizil.tr\/wp-content\/uploads\/2024\/10\/siyah-logo-svg.svg\",\"contentUrl\":\"https:\/\/denizcankizil.tr\/wp-content\/uploads\/2024\/10\/siyah-logo-svg.svg\",\"width\":1080,\"height\":1080,\"caption\":\"Av. Deniz Can K\u0131z\u0131l\"},\"image\":{\"@id\":\"https:\/\/denizcankizil.tr\/de\/#\/schema\/logo\/image\/\"}},{\"@type\":\"Person\",\"@id\":\"https:\/\/denizcankizil.tr\/de\/#\/schema\/person\/e1eb71bb4dd684d46563f0af307e1234\",\"name\":\"Antalya K\u00f6rfez\",\"image\":{\"@type\":\"ImageObject\",\"inLanguage\":\"uk\",\"@id\":\"https:\/\/denizcankizil.tr\/de\/#\/schema\/person\/image\/\",\"url\":\"https:\/\/secure.gravatar.com\/avatar\/42b01982558a48a0b501fdcab6a408d3717ea5919095ee2e67b0e521799c5905?s=96&d=mm&r=g\",\"contentUrl\":\"https:\/\/secure.gravatar.com\/avatar\/42b01982558a48a0b501fdcab6a408d3717ea5919095ee2e67b0e521799c5905?s=96&d=mm&r=g\",\"caption\":\"Antalya K\u00f6rfez\"},\"sameAs\":[\"http:\/\/www.antalyakorfez.com\"],\"url\":\"https:\/\/www.antalyakorfez.com\/antalyada-kktcnin-baris-ve-ozgurluk-bayrami-kutlandi\"}]}<\/script>\n<!-- \/ Yoast SEO Premium plugin. -->","yoast_head_json":{"title":"Antalya'da KKTC'nin Bar\u0131\u015f ve \u00d6zg\u00fcrl\u00fck Bayram\u0131 kutland\u0131 - Av. Deniz Can K\u0131z\u0131l","robots":{"index":"index","follow":"follow","max-snippet":"max-snippet:-1","max-image-preview":"max-image-preview:large","max-video-preview":"max-video-preview:-1"},"canonical":"https:\/\/denizcankizil.tr\/uk\/haberler\/gundem\/antalyada-kktcnin-baris-ve-ozgurluk-bayrami-kutlandi\/","og_locale":"uk_UA","og_type":"article","og_title":"Antalya'da KKTC'nin Bar\u0131\u015f ve \u00d6zg\u00fcrl\u00fck Bayram\u0131 kutland\u0131","og_description":"Kuzey K\u0131br\u0131s T\u00fcrk Cumhuriyeti\u2019nin (KKTC) 20 Temmuz Bar\u0131\u015f ve \u00d6zg\u00fcrl\u00fck Bayram\u0131, Antalya\u2019da d\u00fczenlenen t\u00f6renle kutland\u0131. Cumhuriyet Meydan\u0131\u2019nda bulunan Ulusal Y\u00fckseli\u015f An\u0131t\u0131\u2019nda d\u00fczenlenen t\u00f6rene, KKTC Antalya Ba\u015fkonsolosu Asl\u0131 Erkmen\u2019in yan\u0131 s\u0131ra gaziler, \u015fehit yak\u0131nlar\u0131 ve kurum temsilcileri kat\u0131ld\u0131. 20 Temmuz 1974\u2019te ger\u00e7ekle\u015ftirilen Bar\u0131\u015f Harek\u00e2t\u0131\u2019n\u0131n, K\u0131br\u0131s T\u00fcrk halk\u0131n\u0131n \u00f6zg\u00fcrl\u00fck m\u00fccadelesinde bir d\u00f6n\u00fcm noktas\u0131 oldu\u011funu vurgulayan KKTC Antalya Ba\u015fkonsolosu Asl\u0131 Erkmen, &#8220;Kahraman K\u0131br\u0131s T\u00fcrk M\u00fccahidi\u2019nin T\u00fcrk Silahl\u0131 Kuvvetleri ile omuz omuza sava\u015farak ger\u00e7ekle\u015ftirdikleri Bar\u0131\u015f Harek\u00e2t\u0131\u2019n\u0131n 51. y\u0131l d\u00f6n\u00fcm\u00fcn\u00fc bu y\u0131l da b\u00fcy\u00fck bir co\u015fku ve gururla kutluyoruz&#8221; dedi. &#8220;KIBRIS T\u00dcRK HALKI VAROLU\u015e M\u00dcCADELES\u0130NDE A\u011eIR BEDELLER \u00d6DED\u0130&#8221; K\u0131br\u0131s T\u00fcrk halk\u0131n\u0131n varolu\u015f m\u00fccadelesinde a\u011f\u0131r bedeller \u00f6dedi\u011fini hat\u0131rlatan Erkmen, bu \u00f6zel g\u00fcn\u00fcn sadece bir zafer de\u011fil, ayn\u0131 zamanda halk\u0131n devletine sahip \u00e7\u0131kma kararl\u0131l\u0131\u011f\u0131n\u0131n sembol\u00fc oldu\u011funu belirtti. Rumlar\u0131n Enosis hayalleriyle K\u0131br\u0131s Cumhuriyeti\u2019ni bir s\u0131\u00e7rama tahtas\u0131 olarak g\u00f6rd\u00fc\u011f\u00fcn\u00fc ve K\u0131br\u0131sl\u0131 T\u00fcrklerin bu s\u00fcre\u00e7te sistematik sald\u0131r\u0131lara maruz kald\u0131\u011f\u0131n\u0131 s\u00f6yleyen Erkmen, &#8220;Bug\u00fcn kendi devletimizin \u00e7at\u0131s\u0131 alt\u0131nda \u00f6zg\u00fcr, egemen ve korkusuz bir \u015fekilde ya\u015f\u0131yorsak, bunu halk\u0131m\u0131z\u0131n bir as\u0131rl\u0131k m\u00fccadelesine, Varolu\u015f M\u00fccadelesi Liderimiz Dr. Faz\u0131l K\u00fc\u00e7\u00fck\u2019e, Kurucu Cumhurba\u015fkan\u0131m\u0131z Rauf Raif Denkta\u015f\u2019a ve aziz \u015fehitlerimize bor\u00e7luyuz&#8221; \u015feklinde konu\u015ftu. &#8220;KIBRIS ACI TECR\u00dcBELER\u0130 TEKRAR YA\u015eAMAK \u0130STEM\u0130YOR&#8221; KKTC\u2019nin T\u00fcrk Devletleri Te\u015fkilat\u0131, \u0130slam \u0130\u015fbirli\u011fi Te\u015fkilat\u0131 ve Ekonomik \u0130\u015fbirli\u011fi Te\u015fkilat\u0131 gibi platformlarda g\u00f6zlemci stat\u00fcs\u00fcyle yer almas\u0131n\u0131n \u00f6nemine dikkat &hellip;","og_url":"https:\/\/denizcankizil.tr\/uk\/haberler\/gundem\/antalyada-kktcnin-baris-ve-ozgurluk-bayrami-kutlandi\/","og_site_name":"Av. Deniz Can K\u0131z\u0131l","article_published_time":"2025-07-20T11:41:16+00:00","author":"Antalya K\u00f6rfez","twitter_card":"summary_large_image","twitter_misc":{"\u041d\u0430\u043f\u0438\u0441\u0430\u043d\u043e":"Antalya K\u00f6rfez","\u041f\u0440\u0438\u0431\u043b. \u0447\u0430\u0441 \u0447\u0438\u0442\u0430\u043d\u043d\u044f":"2 \u0445\u0432\u0438\u043b\u0438\u043d\u0438"},"schema":{"@context":"https:\/\/schema.org","@graph":[{"@type":"Article","@id":"https:\/\/denizcankizil.tr\/de\/haberler\/gundem\/antalyada-kktcnin-baris-ve-ozgurluk-bayrami-kutlandi\/#article","isPartOf":{"@id":"https:\/\/denizcankizil.tr\/de\/haberler\/gundem\/antalyada-kktcnin-baris-ve-ozgurluk-bayrami-kutlandi\/"},"author":{"name":"Antalya K\u00f6rfez","@id":"https:\/\/denizcankizil.tr\/de\/#\/schema\/person\/e1eb71bb4dd684d46563f0af307e1234"},"headline":"Antalya&#8217;da KKTC&#8217;nin Bar\u0131\u015f ve \u00d6zg\u00fcrl\u00fck Bayram\u0131 kutland\u0131","datePublished":"2025-07-20T11:41:16+00:00","mainEntityOfPage":{"@id":"https:\/\/denizcankizil.tr\/de\/haberler\/gundem\/antalyada-kktcnin-baris-ve-ozgurluk-bayrami-kutlandi\/"},"wordCount":489,"publisher":{"@id":"https:\/\/denizcankizil.tr\/de\/#organization"},"articleSection":["G\u00fcndem"],"inLanguage":"uk"},{"@type":"WebPage","@id":"https:\/\/denizcankizil.tr\/de\/haberler\/gundem\/antalyada-kktcnin-baris-ve-ozgurluk-bayrami-kutlandi\/","url":"https:\/\/denizcankizil.tr\/de\/haberler\/gundem\/antalyada-kktcnin-baris-ve-ozgurluk-bayrami-kutlandi\/","name":"Antalya'da KKTC'nin Bar\u0131\u015f ve \u00d6zg\u00fcrl\u00fck Bayram\u0131 kutland\u0131 - Av. Deniz Can K\u0131z\u0131l","isPartOf":{"@id":"https:\/\/denizcankizil.tr\/de\/#website"},"datePublished":"2025-07-20T11:41:16+00:00","breadcrumb":{"@id":"https:\/\/denizcankizil.tr\/de\/haberler\/gundem\/antalyada-kktcnin-baris-ve-ozgurluk-bayrami-kutlandi\/#breadcrumb"},"inLanguage":"uk","potentialAction":[{"@type":"ReadAction","target":["https:\/\/denizcankizil.tr\/de\/haberler\/gundem\/antalyada-kktcnin-baris-ve-ozgurluk-bayrami-kutlandi\/"]}]},{"@type":"BreadcrumbList","@id":"https:\/\/denizcankizil.tr\/de\/haberler\/gundem\/antalyada-kktcnin-baris-ve-ozgurluk-bayrami-kutlandi\/#breadcrumb","itemListElement":[{"@type":"ListItem","position":1,"name":"Home","item":"https:\/\/denizcankizil.tr\/de\/"},{"@type":"ListItem","position":2,"name":"Antalya&#8217;da KKTC&#8217;nin Bar\u0131\u015f ve \u00d6zg\u00fcrl\u00fck Bayram\u0131 kutland\u0131"}]},{"@type":"WebSite","@id":"https:\/\/denizcankizil.tr\/de\/#website","url":"https:\/\/denizcankizil.tr\/de\/","name":"Av. Deniz Can K\u0131z\u0131l","description":"Avukat Deniz Can K\u0131z\u0131l Antalya Barosu","publisher":{"@id":"https:\/\/denizcankizil.tr\/de\/#organization"},"potentialAction":[{"@type":"SearchAction","target":{"@type":"EntryPoint","urlTemplate":"https:\/\/denizcankizil.tr\/de\/?s={search_term_string}"},"query-input":{"@type":"PropertyValueSpecification","valueRequired":true,"valueName":"search_term_string"}}],"inLanguage":"uk"},{"@type":"Organization","@id":"https:\/\/denizcankizil.tr\/de\/#organization","name":"Av. Deniz Can K\u0131z\u0131l","url":"https:\/\/denizcankizil.tr\/de\/","logo":{"@type":"ImageObject","inLanguage":"uk","@id":"https:\/\/denizcankizil.tr\/de\/#\/schema\/logo\/image\/","url":"https:\/\/denizcankizil.tr\/wp-content\/uploads\/2024\/10\/siyah-logo-svg.svg","contentUrl":"https:\/\/denizcankizil.tr\/wp-content\/uploads\/2024\/10\/siyah-logo-svg.svg","width":1080,"height":1080,"caption":"Av. Deniz Can K\u0131z\u0131l"},"image":{"@id":"https:\/\/denizcankizil.tr\/de\/#\/schema\/logo\/image\/"}},{"@type":"Person","@id":"https:\/\/denizcankizil.tr\/de\/#\/schema\/person\/e1eb71bb4dd684d46563f0af307e1234","name":"Antalya K\u00f6rfez","image":{"@type":"ImageObject","inLanguage":"uk","@id":"https:\/\/denizcankizil.tr\/de\/#\/schema\/person\/image\/","url":"https:\/\/secure.gravatar.com\/avatar\/42b01982558a48a0b501fdcab6a408d3717ea5919095ee2e67b0e521799c5905?s=96&d=mm&r=g","contentUrl":"https:\/\/secure.gravatar.com\/avatar\/42b01982558a48a0b501fdcab6a408d3717ea5919095ee2e67b0e521799c5905?s=96&d=mm&r=g","caption":"Antalya K\u00f6rfez"},"sameAs":["http:\/\/www.antalyakorfez.com"],"url":"https:\/\/www.antalyakorfez.com\/antalyada-kktcnin-baris-ve-ozgurluk-bayrami-kutlandi"}]}},"_links":{"self":[{"href":"https:\/\/denizcankizil.tr\/uk\/wp-json\/wp\/v2\/posts\/151797","targetHints":{"allow":["GET"]}}],"collection":[{"href":"https:\/\/denizcankizil.tr\/uk\/wp-json\/wp\/v2\/posts"}],"about":[{"href":"https:\/\/denizcankizil.tr\/uk\/wp-json\/wp\/v2\/types\/post"}],"author":[{"embeddable":true,"href":"https:\/\/denizcankizil.tr\/uk\/wp-json\/wp\/v2\/users\/5"}],"replies":[{"embeddable":true,"href":"https:\/\/denizcankizil.tr\/uk\/wp-json\/wp\/v2\/comments?post=151797"}],"version-history":[{"count":0,"href":"https:\/\/denizcankizil.tr\/uk\/wp-json\/wp\/v2\/posts\/151797\/revisions"}],"wp:attachment":[{"href":"https:\/\/denizcankizil.tr\/uk\/wp-json\/wp\/v2\/media?parent=151797"}],"wp:term":[{"taxonomy":"category","embeddable":true,"href":"https:\/\/denizcankizil.tr\/uk\/wp-json\/wp\/v2\/categories?post=151797"},{"taxonomy":"post_tag","embeddable":true,"href":"https:\/\/denizcankizil.tr\/uk\/wp-json\/wp\/v2\/tags?post=151797"}],"curies":[{"name":"wp","href":"https:\/\/api.w.org\/{rel}","templated":true}]}}