{"id":150869,"date":"2025-07-19T16:04:00","date_gmt":"2025-07-19T13:04:00","guid":{"rendered":"https:\/\/denizcankizil.tr\/uncategorized-tr\/yargitay-1-ceza-dairesinin-2025-1414-e-2025-4424-k-sayili-karari\/"},"modified":"2025-07-19T16:04:00","modified_gmt":"2025-07-19T13:04:00","slug":"yargitay-1-ceza-dairesinin-2025-1414-e-2025-4424-k-sayili-karari","status":"publish","type":"post","link":"https:\/\/denizcankizil.tr\/uk\/hukukihaber\/yargitay-1-ceza-dairesinin-2025-1414-e-2025-4424-k-sayili-karari\/","title":{"rendered":"Yarg\u0131tay 1. Ceza Dairesi\u2019nin 2025\/1414 E., 2025\/4424 K. say\u0131l\u0131 karar\u0131"},"content":{"rendered":"<p>T.C.<\/p>\n<p>Yarg\u0131tay<\/p>\n<p>1. Ceza Dairesi<\/p>\n<p>2025\/1414 E., 2025\/4424 K.<\/p>\n<p>&#8220;\u0130\u00e7tihat Metni&#8221;<\/p>\n<p>MAHKEMES\u0130 :Asliye Ceza Mahkemesi<br \/>\nSAYISI : 2024\/279 E., 2024\/279 K.<br \/>\nSU\u00c7 : Neticesi sebebiyle a\u011f\u0131rla\u015fm\u0131\u015f yaralama<br \/>\nH\u00dcK\u00dcM : D\u00fc\u015fme<br \/>\nTEBL\u0130\u011eNAME G\u00d6R\u00dc\u015e\u00dc : Temyiz isteminin reddi<\/p>\n<p>\u015euhut Asliye Ceza Mahkemesinin, 08.07.2024 tarihli ve 2024\/279 Esas, 2024\/279 Karar say\u0131l\u0131 karar\u0131n\u0131n, kat\u0131lan vekili taraf\u0131ndan temyizi \u00fczerine yap\u0131lan \u00f6n inceleme neticesinde gere\u011fi d\u00fc\u015f\u00fcn\u00fcld\u00fc:<\/p>\n<p>Kat\u0131lan vekilinin, 13.07.2024 tarihinde us\u00fbl\u00fcne uygun \u015fekilde tebli\u011f edilen karar\u0131 06.09.2024 havale tarihli temyiz dilek\u00e7esi ile temyiz etmesine ve 5271 say\u0131l\u0131 Ceza Muhakemesi Kanunu\u2019nun (5271 say\u0131l\u0131 Kanun) 291\/1. maddesinde belirlenen iki haftal\u0131k temyiz s\u00fcresinin son g\u00fcn\u00fcn\u00fcn adli tatile denk gelmesine g\u00f6re; 5271 say\u0131l\u0131 Kanun&#8217;un 331\/1-4. maddeleri gere\u011fince temyiz s\u00fcresinin son g\u00fcn\u00fcn\u00fcn 03.09.2024 tarihine kadar uzad\u0131\u011f\u0131 ancak kat\u0131lan vekilinin s\u00fcreden sonra temyiz isteminde bulundu\u011fu anla\u015f\u0131lmakla, kat\u0131lan vekilinin temyiz isteminin, 5271 say\u0131l\u0131 Kanun\u2019un 298\/1. maddesi uyar\u0131nca, Tebli\u011fname\u2019ye uygun olarak, oy birli\u011fiyle REDD\u0130NE,<\/p>\n<p>Dava dosyas\u0131n\u0131n, 5271 say\u0131l\u0131 Kanun\u2019un 304\/1. maddesi uyar\u0131nca \u015euhut Asliye Ceza Mahkemesine, Yarg\u0131tay il\u00e2m\u0131n\u0131n bir \u00f6rne\u011finin ise Konya B\u00f6lge Adliye Mahkemesi 1. Ceza Dairesine g\u00f6nderilmek \u00fczere Yarg\u0131tay Cumhuriyet Ba\u015fsavc\u0131l\u0131\u011f\u0131na TEVD\u0130\u0130NE, 29.05.2025 tarihinde karar verildi.<\/p>\n<p>\u200bYarg\u0131tay 1. Ceza Dairesi\u2019nin 29.05.2025 tarihli, 2025\/1414 E., 2025\/4424 K. say\u0131l\u0131 karar\u0131\u00a0Hukuki Haber<\/p>\n<p>Haberin Al\u0131nt\u0131land\u0131\u011f\u0131 Kaynak: www.hukukihaber.net<\/p>","protected":false},"excerpt":{"rendered":"<p>T.C. Yarg\u0131tay 1. Ceza Dairesi 2025\/1414 E., 2025\/4424 K. &#8220;\u0130\u00e7tihat Metni&#8221; MAHKEMES\u0130 :Asliye Ceza Mahkemesi SAYISI : 2024\/279 E., 2024\/279 K. SU\u00c7 : Neticesi sebebiyle a\u011f\u0131rla\u015fm\u0131\u015f yaralama H\u00dcK\u00dcM : D\u00fc\u015fme TEBL\u0130\u011eNAME G\u00d6R\u00dc\u015e\u00dc : Temyiz isteminin reddi \u015euhut Asliye Ceza Mahkemesinin, 08.07.2024 tarihli ve 2024\/279 Esas, 2024\/279 Karar say\u0131l\u0131 karar\u0131n\u0131n, kat\u0131lan vekili taraf\u0131ndan temyizi \u00fczerine yap\u0131lan \u00f6n inceleme neticesinde gere\u011fi d\u00fc\u015f\u00fcn\u00fcld\u00fc: Kat\u0131lan vekilinin, 13.07.2024 tarihinde us\u00fbl\u00fcne uygun \u015fekilde tebli\u011f edilen karar\u0131 06.09.2024 havale tarihli temyiz dilek\u00e7esi ile temyiz etmesine ve 5271 say\u0131l\u0131 Ceza Muhakemesi Kanunu\u2019nun (5271 say\u0131l\u0131 Kanun) 291\/1. maddesinde belirlenen iki haftal\u0131k temyiz s\u00fcresinin son g\u00fcn\u00fcn\u00fcn adli tatile denk gelmesine g\u00f6re; 5271 say\u0131l\u0131 Kanun&#8217;un 331\/1-4. maddeleri gere\u011fince temyiz s\u00fcresinin son g\u00fcn\u00fcn\u00fcn 03.09.2024 tarihine kadar uzad\u0131\u011f\u0131 ancak kat\u0131lan vekilinin s\u00fcreden sonra temyiz isteminde bulundu\u011fu anla\u015f\u0131lmakla, kat\u0131lan vekilinin temyiz isteminin, 5271 say\u0131l\u0131 Kanun\u2019un 298\/1. maddesi uyar\u0131nca, Tebli\u011fname\u2019ye uygun olarak, oy birli\u011fiyle REDD\u0130NE, Dava dosyas\u0131n\u0131n, 5271 say\u0131l\u0131 Kanun\u2019un 304\/1. maddesi uyar\u0131nca \u015euhut Asliye Ceza Mahkemesine, Yarg\u0131tay il\u00e2m\u0131n\u0131n bir \u00f6rne\u011finin ise Konya B\u00f6lge Adliye Mahkemesi 1. Ceza Dairesine g\u00f6nderilmek \u00fczere Yarg\u0131tay Cumhuriyet Ba\u015fsavc\u0131l\u0131\u011f\u0131na TEVD\u0130\u0130NE, 29.05.2025 tarihinde karar verildi. \u200bYarg\u0131tay 1. Ceza Dairesi\u2019nin 29.05.2025 tarihli, 2025\/1414 E., 2025\/4424 K. say\u0131l\u0131 karar\u0131\u00a0Hukuki Haber Haberin Al\u0131nt\u0131land\u0131\u011f\u0131 Kaynak: www.hukukihaber.net<\/p>","protected":false},"author":3,"featured_media":0,"comment_status":"","ping_status":"open","sticky":false,"template":"","format":"standard","meta":{"_acf_changed":false,"footnotes":""},"categories":[27],"tags":[],"class_list":["post-150869","post","type-post","status-publish","format-standard","has-post-thumbnail","hentry","category-hukukihaber"],"acf":[],"yoast_head":"<!-- This site is optimized with the Yoast SEO Premium plugin v26.6 (Yoast SEO v27.1.1) - https:\/\/yoast.com\/product\/yoast-seo-premium-wordpress\/ -->\n<title>Yarg\u0131tay 1. Ceza Dairesi\u2019nin 2025\/1414 E., 2025\/4424 K. say\u0131l\u0131 karar\u0131 - Av. Deniz Can K\u0131z\u0131l<\/title>\n<meta name=\"robots\" content=\"index, follow, max-snippet:-1, max-image-preview:large, max-video-preview:-1\" \/>\n<link rel=\"canonical\" href=\"https:\/\/denizcankizil.tr\/uk\/hukukihaber\/yargitay-1-ceza-dairesinin-2025-1414-e-2025-4424-k-sayili-karari\/\" \/>\n<meta property=\"og:locale\" content=\"uk_UA\" \/>\n<meta property=\"og:type\" content=\"article\" \/>\n<meta property=\"og:title\" content=\"Yarg\u0131tay 1. Ceza Dairesi\u2019nin 2025\/1414 E., 2025\/4424 K. say\u0131l\u0131 karar\u0131\" \/>\n<meta property=\"og:description\" content=\"T.C. Yarg\u0131tay 1. Ceza Dairesi 2025\/1414 E., 2025\/4424 K. &#8220;\u0130\u00e7tihat Metni&#8221; MAHKEMES\u0130 :Asliye Ceza Mahkemesi SAYISI : 2024\/279 E., 2024\/279 K. SU\u00c7 : Neticesi sebebiyle a\u011f\u0131rla\u015fm\u0131\u015f yaralama H\u00dcK\u00dcM : D\u00fc\u015fme TEBL\u0130\u011eNAME G\u00d6R\u00dc\u015e\u00dc : Temyiz isteminin reddi \u015euhut Asliye Ceza Mahkemesinin, 08.07.2024 tarihli ve 2024\/279 Esas, 2024\/279 Karar say\u0131l\u0131 karar\u0131n\u0131n, kat\u0131lan vekili taraf\u0131ndan temyizi \u00fczerine yap\u0131lan \u00f6n inceleme neticesinde gere\u011fi d\u00fc\u015f\u00fcn\u00fcld\u00fc: Kat\u0131lan vekilinin, 13.07.2024 tarihinde us\u00fbl\u00fcne uygun \u015fekilde tebli\u011f edilen karar\u0131 06.09.2024 havale tarihli temyiz dilek\u00e7esi ile temyiz etmesine ve 5271 say\u0131l\u0131 Ceza Muhakemesi Kanunu\u2019nun (5271 say\u0131l\u0131 Kanun) 291\/1. maddesinde belirlenen iki haftal\u0131k temyiz s\u00fcresinin son g\u00fcn\u00fcn\u00fcn adli tatile denk gelmesine g\u00f6re; 5271 say\u0131l\u0131 Kanun&#8217;un 331\/1-4. maddeleri gere\u011fince temyiz s\u00fcresinin son g\u00fcn\u00fcn\u00fcn 03.09.2024 tarihine kadar uzad\u0131\u011f\u0131 ancak kat\u0131lan vekilinin s\u00fcreden sonra temyiz isteminde bulundu\u011fu anla\u015f\u0131lmakla, kat\u0131lan vekilinin temyiz isteminin, 5271 say\u0131l\u0131 Kanun\u2019un 298\/1. maddesi uyar\u0131nca, Tebli\u011fname\u2019ye uygun olarak, oy birli\u011fiyle REDD\u0130NE, Dava dosyas\u0131n\u0131n, 5271 say\u0131l\u0131 Kanun\u2019un 304\/1. maddesi uyar\u0131nca \u015euhut Asliye Ceza Mahkemesine, Yarg\u0131tay il\u00e2m\u0131n\u0131n bir \u00f6rne\u011finin ise Konya B\u00f6lge Adliye Mahkemesi 1. Ceza Dairesine g\u00f6nderilmek \u00fczere Yarg\u0131tay Cumhuriyet Ba\u015fsavc\u0131l\u0131\u011f\u0131na TEVD\u0130\u0130NE, 29.05.2025 tarihinde karar verildi. \u200bYarg\u0131tay 1. Ceza Dairesi\u2019nin 29.05.2025 tarihli, 2025\/1414 E., 2025\/4424 K. say\u0131l\u0131 karar\u0131\u00a0Hukuki Haber Haberin Al\u0131nt\u0131land\u0131\u011f\u0131 Kaynak: www.hukukihaber.net\" \/>\n<meta property=\"og:url\" content=\"https:\/\/denizcankizil.tr\/uk\/hukukihaber\/yargitay-1-ceza-dairesinin-2025-1414-e-2025-4424-k-sayili-karari\/\" \/>\n<meta property=\"og:site_name\" content=\"Av. Deniz Can K\u0131z\u0131l\" \/>\n<meta property=\"article:published_time\" content=\"2025-07-19T13:04:00+00:00\" \/>\n<meta name=\"author\" content=\"Hukuki Haber.net\" \/>\n<meta name=\"twitter:card\" content=\"summary_large_image\" \/>\n<meta name=\"twitter:label1\" content=\"\u041d\u0430\u043f\u0438\u0441\u0430\u043d\u043e\" \/>\n\t<meta name=\"twitter:data1\" content=\"Hukuki Haber.net\" \/>\n\t<meta name=\"twitter:label2\" content=\"\u041f\u0440\u0438\u0431\u043b. \u0447\u0430\u0441 \u0447\u0438\u0442\u0430\u043d\u043d\u044f\" \/>\n\t<meta name=\"twitter:data2\" content=\"1 \u0445\u0432\u0438\u043b\u0438\u043d\u0430\" \/>\n<script type=\"application\/ld+json\" class=\"yoast-schema-graph\">{\"@context\":\"https:\/\/schema.org\",\"@graph\":[{\"@type\":\"Article\",\"@id\":\"https:\/\/denizcankizil.tr\/de\/hukukihaber\/yargitay-1-ceza-dairesinin-2025-1414-e-2025-4424-k-sayili-karari\/#article\",\"isPartOf\":{\"@id\":\"https:\/\/denizcankizil.tr\/de\/hukukihaber\/yargitay-1-ceza-dairesinin-2025-1414-e-2025-4424-k-sayili-karari\/\"},\"author\":{\"name\":\"Hukuki Haber.net\",\"@id\":\"https:\/\/denizcankizil.tr\/de\/#\/schema\/person\/001a271de994a0aa3f90eea084424822\"},\"headline\":\"Yarg\u0131tay 1. Ceza Dairesi\u2019nin 2025\/1414 E., 2025\/4424 K. say\u0131l\u0131 karar\u0131\",\"datePublished\":\"2025-07-19T13:04:00+00:00\",\"mainEntityOfPage\":{\"@id\":\"https:\/\/denizcankizil.tr\/de\/hukukihaber\/yargitay-1-ceza-dairesinin-2025-1414-e-2025-4424-k-sayili-karari\/\"},\"wordCount\":247,\"publisher\":{\"@id\":\"https:\/\/denizcankizil.tr\/de\/#organization\"},\"articleSection\":[\"Hukuki Haberler\"],\"inLanguage\":\"uk\"},{\"@type\":\"WebPage\",\"@id\":\"https:\/\/denizcankizil.tr\/de\/hukukihaber\/yargitay-1-ceza-dairesinin-2025-1414-e-2025-4424-k-sayili-karari\/\",\"url\":\"https:\/\/denizcankizil.tr\/de\/hukukihaber\/yargitay-1-ceza-dairesinin-2025-1414-e-2025-4424-k-sayili-karari\/\",\"name\":\"Yarg\u0131tay 1. Ceza Dairesi\u2019nin 2025\/1414 E., 2025\/4424 K. say\u0131l\u0131 karar\u0131 - Av. Deniz Can K\u0131z\u0131l\",\"isPartOf\":{\"@id\":\"https:\/\/denizcankizil.tr\/de\/#website\"},\"datePublished\":\"2025-07-19T13:04:00+00:00\",\"breadcrumb\":{\"@id\":\"https:\/\/denizcankizil.tr\/de\/hukukihaber\/yargitay-1-ceza-dairesinin-2025-1414-e-2025-4424-k-sayili-karari\/#breadcrumb\"},\"inLanguage\":\"uk\",\"potentialAction\":[{\"@type\":\"ReadAction\",\"target\":[\"https:\/\/denizcankizil.tr\/de\/hukukihaber\/yargitay-1-ceza-dairesinin-2025-1414-e-2025-4424-k-sayili-karari\/\"]}]},{\"@type\":\"BreadcrumbList\",\"@id\":\"https:\/\/denizcankizil.tr\/de\/hukukihaber\/yargitay-1-ceza-dairesinin-2025-1414-e-2025-4424-k-sayili-karari\/#breadcrumb\",\"itemListElement\":[{\"@type\":\"ListItem\",\"position\":1,\"name\":\"Home\",\"item\":\"https:\/\/denizcankizil.tr\/de\/\"},{\"@type\":\"ListItem\",\"position\":2,\"name\":\"Yarg\u0131tay 1. Ceza Dairesi\u2019nin 2025\/1414 E., 2025\/4424 K. say\u0131l\u0131 karar\u0131\"}]},{\"@type\":\"WebSite\",\"@id\":\"https:\/\/denizcankizil.tr\/de\/#website\",\"url\":\"https:\/\/denizcankizil.tr\/de\/\",\"name\":\"Av. Deniz Can K\u0131z\u0131l\",\"description\":\"Avukat Deniz Can K\u0131z\u0131l Antalya Barosu\",\"publisher\":{\"@id\":\"https:\/\/denizcankizil.tr\/de\/#organization\"},\"potentialAction\":[{\"@type\":\"SearchAction\",\"target\":{\"@type\":\"EntryPoint\",\"urlTemplate\":\"https:\/\/denizcankizil.tr\/de\/?s={search_term_string}\"},\"query-input\":{\"@type\":\"PropertyValueSpecification\",\"valueRequired\":true,\"valueName\":\"search_term_string\"}}],\"inLanguage\":\"uk\"},{\"@type\":\"Organization\",\"@id\":\"https:\/\/denizcankizil.tr\/de\/#organization\",\"name\":\"Av. Deniz Can K\u0131z\u0131l\",\"url\":\"https:\/\/denizcankizil.tr\/de\/\",\"logo\":{\"@type\":\"ImageObject\",\"inLanguage\":\"uk\",\"@id\":\"https:\/\/denizcankizil.tr\/de\/#\/schema\/logo\/image\/\",\"url\":\"https:\/\/denizcankizil.tr\/wp-content\/uploads\/2024\/10\/siyah-logo-svg.svg\",\"contentUrl\":\"https:\/\/denizcankizil.tr\/wp-content\/uploads\/2024\/10\/siyah-logo-svg.svg\",\"width\":1080,\"height\":1080,\"caption\":\"Av. Deniz Can K\u0131z\u0131l\"},\"image\":{\"@id\":\"https:\/\/denizcankizil.tr\/de\/#\/schema\/logo\/image\/\"}},{\"@type\":\"Person\",\"@id\":\"https:\/\/denizcankizil.tr\/de\/#\/schema\/person\/001a271de994a0aa3f90eea084424822\",\"name\":\"Hukuki Haber.net\",\"image\":{\"@type\":\"ImageObject\",\"inLanguage\":\"uk\",\"@id\":\"https:\/\/denizcankizil.tr\/de\/#\/schema\/person\/image\/\",\"url\":\"https:\/\/secure.gravatar.com\/avatar\/57d8a49151495586611a149d29fc42865b951dc053a84709a3172ccb5abf3118?s=96&d=mm&r=g\",\"contentUrl\":\"https:\/\/secure.gravatar.com\/avatar\/57d8a49151495586611a149d29fc42865b951dc053a84709a3172ccb5abf3118?s=96&d=mm&r=g\",\"caption\":\"Hukuki Haber.net\"},\"sameAs\":[\"http:\/\/www.hukukihaber.net\"],\"url\":\"https:\/\/denizcankizil.tr\/uk\/author\/hukukihabernet\/\"}]}<\/script>\n<!-- \/ Yoast SEO Premium plugin. -->","yoast_head_json":{"title":"Yarg\u0131tay 1. Ceza Dairesi\u2019nin 2025\/1414 E., 2025\/4424 K. say\u0131l\u0131 karar\u0131 - Av. Deniz Can K\u0131z\u0131l","robots":{"index":"index","follow":"follow","max-snippet":"max-snippet:-1","max-image-preview":"max-image-preview:large","max-video-preview":"max-video-preview:-1"},"canonical":"https:\/\/denizcankizil.tr\/uk\/hukukihaber\/yargitay-1-ceza-dairesinin-2025-1414-e-2025-4424-k-sayili-karari\/","og_locale":"uk_UA","og_type":"article","og_title":"Yarg\u0131tay 1. Ceza Dairesi\u2019nin 2025\/1414 E., 2025\/4424 K. say\u0131l\u0131 karar\u0131","og_description":"T.C. Yarg\u0131tay 1. Ceza Dairesi 2025\/1414 E., 2025\/4424 K. &#8220;\u0130\u00e7tihat Metni&#8221; MAHKEMES\u0130 :Asliye Ceza Mahkemesi SAYISI : 2024\/279 E., 2024\/279 K. SU\u00c7 : Neticesi sebebiyle a\u011f\u0131rla\u015fm\u0131\u015f yaralama H\u00dcK\u00dcM : D\u00fc\u015fme TEBL\u0130\u011eNAME G\u00d6R\u00dc\u015e\u00dc : Temyiz isteminin reddi \u015euhut Asliye Ceza Mahkemesinin, 08.07.2024 tarihli ve 2024\/279 Esas, 2024\/279 Karar say\u0131l\u0131 karar\u0131n\u0131n, kat\u0131lan vekili taraf\u0131ndan temyizi \u00fczerine yap\u0131lan \u00f6n inceleme neticesinde gere\u011fi d\u00fc\u015f\u00fcn\u00fcld\u00fc: Kat\u0131lan vekilinin, 13.07.2024 tarihinde us\u00fbl\u00fcne uygun \u015fekilde tebli\u011f edilen karar\u0131 06.09.2024 havale tarihli temyiz dilek\u00e7esi ile temyiz etmesine ve 5271 say\u0131l\u0131 Ceza Muhakemesi Kanunu\u2019nun (5271 say\u0131l\u0131 Kanun) 291\/1. maddesinde belirlenen iki haftal\u0131k temyiz s\u00fcresinin son g\u00fcn\u00fcn\u00fcn adli tatile denk gelmesine g\u00f6re; 5271 say\u0131l\u0131 Kanun&#8217;un 331\/1-4. maddeleri gere\u011fince temyiz s\u00fcresinin son g\u00fcn\u00fcn\u00fcn 03.09.2024 tarihine kadar uzad\u0131\u011f\u0131 ancak kat\u0131lan vekilinin s\u00fcreden sonra temyiz isteminde bulundu\u011fu anla\u015f\u0131lmakla, kat\u0131lan vekilinin temyiz isteminin, 5271 say\u0131l\u0131 Kanun\u2019un 298\/1. maddesi uyar\u0131nca, Tebli\u011fname\u2019ye uygun olarak, oy birli\u011fiyle REDD\u0130NE, Dava dosyas\u0131n\u0131n, 5271 say\u0131l\u0131 Kanun\u2019un 304\/1. maddesi uyar\u0131nca \u015euhut Asliye Ceza Mahkemesine, Yarg\u0131tay il\u00e2m\u0131n\u0131n bir \u00f6rne\u011finin ise Konya B\u00f6lge Adliye Mahkemesi 1. Ceza Dairesine g\u00f6nderilmek \u00fczere Yarg\u0131tay Cumhuriyet Ba\u015fsavc\u0131l\u0131\u011f\u0131na TEVD\u0130\u0130NE, 29.05.2025 tarihinde karar verildi. \u200bYarg\u0131tay 1. Ceza Dairesi\u2019nin 29.05.2025 tarihli, 2025\/1414 E., 2025\/4424 K. say\u0131l\u0131 karar\u0131\u00a0Hukuki Haber Haberin Al\u0131nt\u0131land\u0131\u011f\u0131 Kaynak: www.hukukihaber.net","og_url":"https:\/\/denizcankizil.tr\/uk\/hukukihaber\/yargitay-1-ceza-dairesinin-2025-1414-e-2025-4424-k-sayili-karari\/","og_site_name":"Av. Deniz Can K\u0131z\u0131l","article_published_time":"2025-07-19T13:04:00+00:00","author":"Hukuki Haber.net","twitter_card":"summary_large_image","twitter_misc":{"\u041d\u0430\u043f\u0438\u0441\u0430\u043d\u043e":"Hukuki Haber.net","\u041f\u0440\u0438\u0431\u043b. \u0447\u0430\u0441 \u0447\u0438\u0442\u0430\u043d\u043d\u044f":"1 \u0445\u0432\u0438\u043b\u0438\u043d\u0430"},"schema":{"@context":"https:\/\/schema.org","@graph":[{"@type":"Article","@id":"https:\/\/denizcankizil.tr\/de\/hukukihaber\/yargitay-1-ceza-dairesinin-2025-1414-e-2025-4424-k-sayili-karari\/#article","isPartOf":{"@id":"https:\/\/denizcankizil.tr\/de\/hukukihaber\/yargitay-1-ceza-dairesinin-2025-1414-e-2025-4424-k-sayili-karari\/"},"author":{"name":"Hukuki Haber.net","@id":"https:\/\/denizcankizil.tr\/de\/#\/schema\/person\/001a271de994a0aa3f90eea084424822"},"headline":"Yarg\u0131tay 1. Ceza Dairesi\u2019nin 2025\/1414 E., 2025\/4424 K. say\u0131l\u0131 karar\u0131","datePublished":"2025-07-19T13:04:00+00:00","mainEntityOfPage":{"@id":"https:\/\/denizcankizil.tr\/de\/hukukihaber\/yargitay-1-ceza-dairesinin-2025-1414-e-2025-4424-k-sayili-karari\/"},"wordCount":247,"publisher":{"@id":"https:\/\/denizcankizil.tr\/de\/#organization"},"articleSection":["Hukuki Haberler"],"inLanguage":"uk"},{"@type":"WebPage","@id":"https:\/\/denizcankizil.tr\/de\/hukukihaber\/yargitay-1-ceza-dairesinin-2025-1414-e-2025-4424-k-sayili-karari\/","url":"https:\/\/denizcankizil.tr\/de\/hukukihaber\/yargitay-1-ceza-dairesinin-2025-1414-e-2025-4424-k-sayili-karari\/","name":"Yarg\u0131tay 1. Ceza Dairesi\u2019nin 2025\/1414 E., 2025\/4424 K. say\u0131l\u0131 karar\u0131 - Av. Deniz Can K\u0131z\u0131l","isPartOf":{"@id":"https:\/\/denizcankizil.tr\/de\/#website"},"datePublished":"2025-07-19T13:04:00+00:00","breadcrumb":{"@id":"https:\/\/denizcankizil.tr\/de\/hukukihaber\/yargitay-1-ceza-dairesinin-2025-1414-e-2025-4424-k-sayili-karari\/#breadcrumb"},"inLanguage":"uk","potentialAction":[{"@type":"ReadAction","target":["https:\/\/denizcankizil.tr\/de\/hukukihaber\/yargitay-1-ceza-dairesinin-2025-1414-e-2025-4424-k-sayili-karari\/"]}]},{"@type":"BreadcrumbList","@id":"https:\/\/denizcankizil.tr\/de\/hukukihaber\/yargitay-1-ceza-dairesinin-2025-1414-e-2025-4424-k-sayili-karari\/#breadcrumb","itemListElement":[{"@type":"ListItem","position":1,"name":"Home","item":"https:\/\/denizcankizil.tr\/de\/"},{"@type":"ListItem","position":2,"name":"Yarg\u0131tay 1. Ceza Dairesi\u2019nin 2025\/1414 E., 2025\/4424 K. say\u0131l\u0131 karar\u0131"}]},{"@type":"WebSite","@id":"https:\/\/denizcankizil.tr\/de\/#website","url":"https:\/\/denizcankizil.tr\/de\/","name":"Av. Deniz Can K\u0131z\u0131l","description":"Avukat Deniz Can K\u0131z\u0131l Antalya Barosu","publisher":{"@id":"https:\/\/denizcankizil.tr\/de\/#organization"},"potentialAction":[{"@type":"SearchAction","target":{"@type":"EntryPoint","urlTemplate":"https:\/\/denizcankizil.tr\/de\/?s={search_term_string}"},"query-input":{"@type":"PropertyValueSpecification","valueRequired":true,"valueName":"search_term_string"}}],"inLanguage":"uk"},{"@type":"Organization","@id":"https:\/\/denizcankizil.tr\/de\/#organization","name":"Av. Deniz Can K\u0131z\u0131l","url":"https:\/\/denizcankizil.tr\/de\/","logo":{"@type":"ImageObject","inLanguage":"uk","@id":"https:\/\/denizcankizil.tr\/de\/#\/schema\/logo\/image\/","url":"https:\/\/denizcankizil.tr\/wp-content\/uploads\/2024\/10\/siyah-logo-svg.svg","contentUrl":"https:\/\/denizcankizil.tr\/wp-content\/uploads\/2024\/10\/siyah-logo-svg.svg","width":1080,"height":1080,"caption":"Av. Deniz Can K\u0131z\u0131l"},"image":{"@id":"https:\/\/denizcankizil.tr\/de\/#\/schema\/logo\/image\/"}},{"@type":"Person","@id":"https:\/\/denizcankizil.tr\/de\/#\/schema\/person\/001a271de994a0aa3f90eea084424822","name":"Hukuki Haber.net","image":{"@type":"ImageObject","inLanguage":"uk","@id":"https:\/\/denizcankizil.tr\/de\/#\/schema\/person\/image\/","url":"https:\/\/secure.gravatar.com\/avatar\/57d8a49151495586611a149d29fc42865b951dc053a84709a3172ccb5abf3118?s=96&d=mm&r=g","contentUrl":"https:\/\/secure.gravatar.com\/avatar\/57d8a49151495586611a149d29fc42865b951dc053a84709a3172ccb5abf3118?s=96&d=mm&r=g","caption":"Hukuki Haber.net"},"sameAs":["http:\/\/www.hukukihaber.net"],"url":"https:\/\/denizcankizil.tr\/uk\/author\/hukukihabernet\/"}]}},"_links":{"self":[{"href":"https:\/\/denizcankizil.tr\/uk\/wp-json\/wp\/v2\/posts\/150869","targetHints":{"allow":["GET"]}}],"collection":[{"href":"https:\/\/denizcankizil.tr\/uk\/wp-json\/wp\/v2\/posts"}],"about":[{"href":"https:\/\/denizcankizil.tr\/uk\/wp-json\/wp\/v2\/types\/post"}],"author":[{"embeddable":true,"href":"https:\/\/denizcankizil.tr\/uk\/wp-json\/wp\/v2\/users\/3"}],"replies":[{"embeddable":true,"href":"https:\/\/denizcankizil.tr\/uk\/wp-json\/wp\/v2\/comments?post=150869"}],"version-history":[{"count":0,"href":"https:\/\/denizcankizil.tr\/uk\/wp-json\/wp\/v2\/posts\/150869\/revisions"}],"wp:attachment":[{"href":"https:\/\/denizcankizil.tr\/uk\/wp-json\/wp\/v2\/media?parent=150869"}],"wp:term":[{"taxonomy":"category","embeddable":true,"href":"https:\/\/denizcankizil.tr\/uk\/wp-json\/wp\/v2\/categories?post=150869"},{"taxonomy":"post_tag","embeddable":true,"href":"https:\/\/denizcankizil.tr\/uk\/wp-json\/wp\/v2\/tags?post=150869"}],"curies":[{"name":"wp","href":"https:\/\/api.w.org\/{rel}","templated":true}]}}