{"id":150783,"date":"2025-07-19T13:40:00","date_gmt":"2025-07-19T10:40:00","guid":{"rendered":"https:\/\/denizcankizil.tr\/uncategorized-tr\/yargitay-1-ceza-dairesinin-2023-6389-e-2025-2705-k-sayili-karari\/"},"modified":"2025-07-19T13:40:00","modified_gmt":"2025-07-19T10:40:00","slug":"yargitay-1-ceza-dairesinin-2023-6389-e-2025-2705-k-sayili-karari","status":"publish","type":"post","link":"https:\/\/denizcankizil.tr\/uk\/hukukihaber\/yargitay-1-ceza-dairesinin-2023-6389-e-2025-2705-k-sayili-karari\/","title":{"rendered":"Yarg\u0131tay 1. Ceza Dairesi\u2019nin 2023\/6389 E., 2025\/2705 K. say\u0131l\u0131 karar\u0131"},"content":{"rendered":"<p>T.C.<\/p>\n<p>Yarg\u0131tay<\/p>\n<p>1. Ceza Dairesi<\/p>\n<p>2023\/6389 E., 2025\/2705 K.<\/p>\n<p>&#8220;\u0130\u00e7tihat Metni&#8221;<\/p>\n<p>MAHKEMES\u0130 :Ceza Dairesi<br \/>\nSAYISI : 2023\/919 E., 2023\/705 K.<br \/>\nSU\u00c7 : Kasten \u00f6ld\u00fcrmeye te\u015febb\u00fcs<br \/>\nH\u00dcK\u00dcM : \u0130stinaf ba\u015fvurular\u0131n\u0131n esastan reddi<br \/>\nTEBL\u0130\u011eNAME G\u00d6R\u00dc\u015e\u00dc : Temyiz isteminin esastan reddi ile h\u00fckm\u00fcn onanmas\u0131<\/p>\n<p>\u0130lk Derece Mahkemesince verilen h\u00fckme y\u00f6nelik istinaf incelemesi \u00fczerine B\u00f6lge Adliye Mahkemesi taraf\u0131ndan verilen karar\u0131n; 5271 say\u0131l\u0131 Ceza Muhakemesi Kanunu\u2019nun (5271 say\u0131l\u0131 Kanun) 286\/1.maddesi uyar\u0131nca temyiz edilebilir oldu\u011fu, 260\/1. maddesi gere\u011fi temyiz edenin h\u00fckm\u00fc temyize hak ve yetkisinin bulundu\u011fu, 291\/1. maddesi gere\u011fi temyiz isteminin s\u00fcresinde oldu\u011fu, 294\/1. maddesi gere\u011fi temyiz dilek\u00e7esinde temyiz sebeplerine yer verildi\u011fi, 298\/1. maddesi gere\u011fi temyiz isteminin reddini gerektirir bir durumun bulunmad\u0131\u011f\u0131 yap\u0131lan \u00f6n inceleme neticesinde tespit edilmekle, gere\u011fi d\u00fc\u015f\u00fcn\u00fcld\u00fc:<\/p>\n<p>I. HUKUK\u00ce S\u00dcRE\u00c7<\/p>\n<p>1.\u0130stinaf bozmas\u0131 \u00fczerine Akhisar A\u011f\u0131r Ceza Mahkemesinin, 03.01.2023 tarihli ve 2022\/448 Esas, 2023\/2 Karar say\u0131l\u0131 karar\u0131 ile san\u0131k hakk\u0131nda ma\u011fdura y\u00f6nelik kasten \u00f6ld\u00fcrmeye te\u015febb\u00fcs su\u00e7undan, 5237 say\u0131l\u0131 T\u00fcrk Ceza Kanunu\u2019nun 81\/1, 35\/2, 29\/1, 62\/1, 53\/1. maddeleri uyar\u0131nca 7 y\u0131l 6 ay hapis cezas\u0131 ile cezaland\u0131r\u0131lmas\u0131na, hak yoksunluklar\u0131na karar verilmi\u015ftir.<\/p>\n<p>2.\u0130zmir B\u00f6lge Adliye Mahkemesi 1. Ceza Dairesinin, 16.03.2023 tarihli ve 2023\/919 Esas, 2023\/705 Karar say\u0131l\u0131 karar\u0131 ile san\u0131k hakk\u0131nda \u0130lk Derece Mahkemesince verilen h\u00fckme y\u00f6nelik san\u0131k m\u00fcdafii ile Cumhuriyet savc\u0131s\u0131n\u0131n (aleyhe) istinaf ba\u015fvurular\u0131n\u0131n &#8220;emanet e\u015fyas\u0131 hakk\u0131nda karar verilmemi\u015f olmas\u0131, zab\u0131t katibi imza eksikli\u011fi&#8221; hususlar\u0131n\u0131n ele\u015ftirilmesi suretiyle 5271 say\u0131l\u0131 Kanun\u2019un 280\/1-a maddesi uyar\u0131nca esastan reddine karar verilmi\u015ftir.<\/p>\n<p>II. TEMY\u0130Z SEBEPLER\u0130<\/p>\n<p>San\u0131k m\u00fcdafiinin temyiz sebepleri \u00f6zetle; san\u0131\u011f\u0131n \u00f6ld\u00fcrme kast\u0131 bulunmad\u0131\u011f\u0131ndan bahisle su\u00e7 vasf\u0131na, ceza miktar\u0131na, lehe h\u00fck\u00fcmlere ili\u015fkindir.<\/p>\n<p>III. GEREK\u00c7E<\/p>\n<p>1.San\u0131k ile ma\u011fdurun uzun s\u00fcredir arkada\u015f olup, olay g\u00fcn\u00fc san\u0131\u011f\u0131n evinde bulunduklar\u0131, ortak arkada\u015flar\u0131 tan\u0131k Mehmet&#8217;in de yanlar\u0131nda oldu\u011fu, birlikte yemek yiyip alkol ald\u0131klar\u0131, ilerleyen saatlerde alkol\u00fcn etkisiyle san\u0131k ile ma\u011fdurun tart\u0131\u015fmaya ba\u015flad\u0131\u011f\u0131, ma\u011fdurun san\u0131\u011fa sinirlenerek eline ald\u0131\u011f\u0131 b\u0131\u00e7akla san\u0131\u011f\u0131n s\u0131rt\u0131ndan bir kez vurmak suretiyle yaralad\u0131\u011f\u0131, yaralanman\u0131n minimal hemotoraks ve karaci\u011ferde yaralanma sebebiyle hayati tehlikeye neden oldu\u011fu anla\u015f\u0131lm\u0131\u015ft\u0131r.<\/p>\n<p>2. Yarg\u0131lama s\u00fcrecindeki i\u015flemlerin us\u00fbl ve kanuna uygun olarak yap\u0131ld\u0131\u011f\u0131, a\u015famalarda ileri s\u00fcr\u00fclen iddia ve savunmalar\u0131n toplanan ve dosya kapsam\u0131na g\u00f6re yeterli oldu\u011fu anla\u015f\u0131lan delillerle birlikte gerek\u00e7eli kararda g\u00f6sterilip tart\u0131\u015f\u0131ld\u0131\u011f\u0131, h\u00fckme esas al\u0131nan ve reddedilen delillerin a\u00e7\u0131k\u00e7a g\u00f6sterildi\u011fi, eksik inceleme bulunmad\u0131\u011f\u0131, eylemin san\u0131k taraf\u0131ndan ger\u00e7ekle\u015ftirildi\u011finin saptand\u0131\u011f\u0131 anla\u015f\u0131ld\u0131\u011f\u0131ndan, san\u0131k m\u00fcdafiinin temyiz sebeplerinin incelenmesinde bozma nedeni d\u0131\u015f\u0131nda h\u00fck\u00fcmde hukuka ayk\u0131r\u0131l\u0131k bulunmam\u0131\u015ft\u0131r.<\/p>\n<p>3.San\u0131k, ma\u011fdur ve tan\u0131k anlat\u0131mlar\u0131 ile t\u00fcm dosya kapsam\u0131na g\u00f6re; san\u0131\u011f\u0131n tart\u0131\u015ft\u0131\u011f\u0131 arkada\u015f\u0131 ma\u011fdura sinirlenerek bir b\u0131\u00e7ak darbesi ile yaralad\u0131\u011f\u0131, aralar\u0131nda \u00f6ld\u00fcrmeyi gerektirecek husumet bulunmamas\u0131, mani hal olmad\u0131\u011f\u0131 halde san\u0131\u011f\u0131n eylemine kendili\u011finden son vermesi, ma\u011fdurun yaraland\u0131\u011f\u0131n\u0131n tan\u0131k taraf\u0131ndan g\u00f6r\u00fclmesi ile tan\u0131k ve ma\u011fdurun birlikte evden \u00e7\u0131k\u0131p hastaneye gittiklerinin anla\u015f\u0131lmas\u0131 kar\u015f\u0131s\u0131nda; san\u0131\u011f\u0131n ma\u011fdura y\u00f6nelik eylemi nedeniyle neticesi sebebiyle a\u011f\u0131rla\u015fm\u0131\u015f yaralama su\u00e7undan h\u00fck\u00fcm kurulmas\u0131 ve san\u0131\u011f\u0131n kast\u0131n\u0131n yo\u011funlu\u011fu, meydana gelen zarar birlikte de\u011ferlendirildi\u011finde 5237 say\u0131l\u0131 Kanun&#8217;un 61. maddesindeki ilkeler g\u00f6zetilerek temel cezan\u0131n makul \u00f6l\u00e7\u00fcde alt s\u0131n\u0131rdan uzakla\u015f\u0131larak belirlenmesi yerine, su\u00e7 vasf\u0131nda yan\u0131lg\u0131ya d\u00fc\u015f\u00fclerek yaz\u0131l\u0131 \u015fekilde kasten \u00f6ld\u00fcrmeye te\u015febb\u00fcs su\u00e7undan h\u00fck\u00fcm kurulmas\u0131 hukuka ayk\u0131r\u0131 bulunmu\u015ftur.<\/p>\n<p>IV. KARAR<\/p>\n<p>Gerek\u00e7e b\u00f6l\u00fcm\u00fcnde a\u00e7\u0131klanan &#8220;su\u00e7 vasf\u0131n\u0131n hatal\u0131 belirlenmesi&#8221; nedeniyle san\u0131k m\u00fcdafiinin temyiz istemi yerinde g\u00f6r\u00fcld\u00fc\u011f\u00fcnden \u0130zmir B\u00f6lge Adliye Mahkemesi 1. Ceza Dairesinin, 16.03.2023 tarihli ve 2023\/919 Esas, 2023\/705 Karar say\u0131l\u0131 karar\u0131n\u0131n 5271 say\u0131l\u0131 Kanun\u2019un 302\/2. maddesi gere\u011fi, Tebli\u011fname\u2019ye ayk\u0131r\u0131 olarak, oy birli\u011fiyle BOZULMASINA,<\/p>\n<p>Dava dosyas\u0131n\u0131n, 5271 say\u0131l\u0131 Kanun\u2019un 304\/2-a maddesi uyar\u0131nca Akhisar A\u011f\u0131r Ceza Mahkemesine, Yarg\u0131tay il\u00e2m\u0131n\u0131n bir \u00f6rne\u011finin ise \u0130zmir B\u00f6lge Adliye Mahkemesi 1. Ceza Dairesine g\u00f6nderilmek \u00fczere Yarg\u0131tay Cumhuriyet Ba\u015fsavc\u0131l\u0131\u011f\u0131na TEVD\u0130\u0130NE,<\/p>\n<p>09.04.2025 tarihinde karar verildi.<\/p>\n<p>\u200bYarg\u0131tay 1. Ceza Dairesi\u2019nin 09.04.2025 tarihli, 2023\/6389 E., 2025\/2705 K. say\u0131l\u0131 karar\u0131\u00a0Hukuki Haber<\/p>\n<p>Haberin Al\u0131nt\u0131land\u0131\u011f\u0131 Kaynak: www.hukukihaber.net<\/p>","protected":false},"excerpt":{"rendered":"<p>T.C. Yarg\u0131tay 1. Ceza Dairesi 2023\/6389 E., 2025\/2705 K. &#8220;\u0130\u00e7tihat Metni&#8221; MAHKEMES\u0130 :Ceza Dairesi SAYISI : 2023\/919 E., 2023\/705 K. SU\u00c7 : Kasten \u00f6ld\u00fcrmeye te\u015febb\u00fcs H\u00dcK\u00dcM : \u0130stinaf ba\u015fvurular\u0131n\u0131n esastan reddi TEBL\u0130\u011eNAME G\u00d6R\u00dc\u015e\u00dc : Temyiz isteminin esastan reddi ile h\u00fckm\u00fcn onanmas\u0131 \u0130lk Derece Mahkemesince verilen h\u00fckme y\u00f6nelik istinaf incelemesi \u00fczerine B\u00f6lge Adliye Mahkemesi taraf\u0131ndan verilen karar\u0131n; 5271 say\u0131l\u0131 Ceza Muhakemesi Kanunu\u2019nun (5271 say\u0131l\u0131 Kanun) 286\/1.maddesi uyar\u0131nca temyiz edilebilir oldu\u011fu, 260\/1. maddesi gere\u011fi temyiz edenin h\u00fckm\u00fc temyize hak ve yetkisinin bulundu\u011fu, 291\/1. maddesi gere\u011fi temyiz isteminin s\u00fcresinde oldu\u011fu, 294\/1. maddesi gere\u011fi temyiz dilek\u00e7esinde temyiz sebeplerine yer verildi\u011fi, 298\/1. maddesi gere\u011fi temyiz isteminin reddini gerektirir bir durumun bulunmad\u0131\u011f\u0131 yap\u0131lan \u00f6n inceleme neticesinde tespit edilmekle, gere\u011fi d\u00fc\u015f\u00fcn\u00fcld\u00fc: I. HUKUK\u00ce S\u00dcRE\u00c7 1.\u0130stinaf bozmas\u0131 \u00fczerine Akhisar A\u011f\u0131r Ceza Mahkemesinin, 03.01.2023 tarihli ve 2022\/448 Esas, 2023\/2 Karar say\u0131l\u0131 karar\u0131 ile san\u0131k hakk\u0131nda ma\u011fdura y\u00f6nelik kasten \u00f6ld\u00fcrmeye te\u015febb\u00fcs su\u00e7undan, 5237 say\u0131l\u0131 T\u00fcrk Ceza Kanunu\u2019nun 81\/1, 35\/2, 29\/1, 62\/1, 53\/1. maddeleri uyar\u0131nca 7 y\u0131l 6 ay hapis cezas\u0131 ile cezaland\u0131r\u0131lmas\u0131na, hak yoksunluklar\u0131na karar verilmi\u015ftir. 2.\u0130zmir B\u00f6lge Adliye Mahkemesi 1. Ceza Dairesinin, 16.03.2023 tarihli ve 2023\/919 Esas, 2023\/705 Karar say\u0131l\u0131 karar\u0131 ile san\u0131k hakk\u0131nda \u0130lk Derece Mahkemesince verilen h\u00fckme y\u00f6nelik san\u0131k m\u00fcdafii ile Cumhuriyet savc\u0131s\u0131n\u0131n (aleyhe) istinaf ba\u015fvurular\u0131n\u0131n &#8220;emanet &hellip;<\/p>","protected":false},"author":3,"featured_media":0,"comment_status":"","ping_status":"open","sticky":false,"template":"","format":"standard","meta":{"_acf_changed":false,"footnotes":""},"categories":[27],"tags":[],"class_list":["post-150783","post","type-post","status-publish","format-standard","has-post-thumbnail","hentry","category-hukukihaber"],"acf":[],"yoast_head":"<!-- This site is optimized with the Yoast SEO Premium plugin v26.6 (Yoast SEO v27.1.1) - https:\/\/yoast.com\/product\/yoast-seo-premium-wordpress\/ -->\n<title>Yarg\u0131tay 1. Ceza Dairesi\u2019nin 2023\/6389 E., 2025\/2705 K. say\u0131l\u0131 karar\u0131 - Av. Deniz Can K\u0131z\u0131l<\/title>\n<meta name=\"robots\" content=\"index, follow, max-snippet:-1, max-image-preview:large, max-video-preview:-1\" \/>\n<link rel=\"canonical\" href=\"https:\/\/denizcankizil.tr\/uk\/hukukihaber\/yargitay-1-ceza-dairesinin-2023-6389-e-2025-2705-k-sayili-karari\/\" \/>\n<meta property=\"og:locale\" content=\"uk_UA\" \/>\n<meta property=\"og:type\" content=\"article\" \/>\n<meta property=\"og:title\" content=\"Yarg\u0131tay 1. Ceza Dairesi\u2019nin 2023\/6389 E., 2025\/2705 K. say\u0131l\u0131 karar\u0131\" \/>\n<meta property=\"og:description\" content=\"T.C. Yarg\u0131tay 1. Ceza Dairesi 2023\/6389 E., 2025\/2705 K. &#8220;\u0130\u00e7tihat Metni&#8221; MAHKEMES\u0130 :Ceza Dairesi SAYISI : 2023\/919 E., 2023\/705 K. SU\u00c7 : Kasten \u00f6ld\u00fcrmeye te\u015febb\u00fcs H\u00dcK\u00dcM : \u0130stinaf ba\u015fvurular\u0131n\u0131n esastan reddi TEBL\u0130\u011eNAME G\u00d6R\u00dc\u015e\u00dc : Temyiz isteminin esastan reddi ile h\u00fckm\u00fcn onanmas\u0131 \u0130lk Derece Mahkemesince verilen h\u00fckme y\u00f6nelik istinaf incelemesi \u00fczerine B\u00f6lge Adliye Mahkemesi taraf\u0131ndan verilen karar\u0131n; 5271 say\u0131l\u0131 Ceza Muhakemesi Kanunu\u2019nun (5271 say\u0131l\u0131 Kanun) 286\/1.maddesi uyar\u0131nca temyiz edilebilir oldu\u011fu, 260\/1. maddesi gere\u011fi temyiz edenin h\u00fckm\u00fc temyize hak ve yetkisinin bulundu\u011fu, 291\/1. maddesi gere\u011fi temyiz isteminin s\u00fcresinde oldu\u011fu, 294\/1. maddesi gere\u011fi temyiz dilek\u00e7esinde temyiz sebeplerine yer verildi\u011fi, 298\/1. maddesi gere\u011fi temyiz isteminin reddini gerektirir bir durumun bulunmad\u0131\u011f\u0131 yap\u0131lan \u00f6n inceleme neticesinde tespit edilmekle, gere\u011fi d\u00fc\u015f\u00fcn\u00fcld\u00fc: I. HUKUK\u00ce S\u00dcRE\u00c7 1.\u0130stinaf bozmas\u0131 \u00fczerine Akhisar A\u011f\u0131r Ceza Mahkemesinin, 03.01.2023 tarihli ve 2022\/448 Esas, 2023\/2 Karar say\u0131l\u0131 karar\u0131 ile san\u0131k hakk\u0131nda ma\u011fdura y\u00f6nelik kasten \u00f6ld\u00fcrmeye te\u015febb\u00fcs su\u00e7undan, 5237 say\u0131l\u0131 T\u00fcrk Ceza Kanunu\u2019nun 81\/1, 35\/2, 29\/1, 62\/1, 53\/1. maddeleri uyar\u0131nca 7 y\u0131l 6 ay hapis cezas\u0131 ile cezaland\u0131r\u0131lmas\u0131na, hak yoksunluklar\u0131na karar verilmi\u015ftir. 2.\u0130zmir B\u00f6lge Adliye Mahkemesi 1. Ceza Dairesinin, 16.03.2023 tarihli ve 2023\/919 Esas, 2023\/705 Karar say\u0131l\u0131 karar\u0131 ile san\u0131k hakk\u0131nda \u0130lk Derece Mahkemesince verilen h\u00fckme y\u00f6nelik san\u0131k m\u00fcdafii ile Cumhuriyet savc\u0131s\u0131n\u0131n (aleyhe) istinaf ba\u015fvurular\u0131n\u0131n &#8220;emanet &hellip;\" \/>\n<meta property=\"og:url\" content=\"https:\/\/denizcankizil.tr\/uk\/hukukihaber\/yargitay-1-ceza-dairesinin-2023-6389-e-2025-2705-k-sayili-karari\/\" \/>\n<meta property=\"og:site_name\" content=\"Av. Deniz Can K\u0131z\u0131l\" \/>\n<meta property=\"article:published_time\" content=\"2025-07-19T10:40:00+00:00\" \/>\n<meta name=\"author\" content=\"Hukuki Haber.net\" \/>\n<meta name=\"twitter:card\" content=\"summary_large_image\" \/>\n<meta name=\"twitter:label1\" content=\"\u041d\u0430\u043f\u0438\u0441\u0430\u043d\u043e\" \/>\n\t<meta name=\"twitter:data1\" content=\"Hukuki Haber.net\" \/>\n\t<meta name=\"twitter:label2\" content=\"\u041f\u0440\u0438\u0431\u043b. \u0447\u0430\u0441 \u0447\u0438\u0442\u0430\u043d\u043d\u044f\" \/>\n\t<meta name=\"twitter:data2\" content=\"4 \u0445\u0432\u0438\u043b\u0438\u043d\u0438\" \/>\n<script type=\"application\/ld+json\" class=\"yoast-schema-graph\">{\"@context\":\"https:\/\/schema.org\",\"@graph\":[{\"@type\":\"Article\",\"@id\":\"https:\/\/denizcankizil.tr\/uk\/hukukihaber\/yargitay-1-ceza-dairesinin-2023-6389-e-2025-2705-k-sayili-karari\/#article\",\"isPartOf\":{\"@id\":\"https:\/\/denizcankizil.tr\/uk\/hukukihaber\/yargitay-1-ceza-dairesinin-2023-6389-e-2025-2705-k-sayili-karari\/\"},\"author\":{\"name\":\"Hukuki Haber.net\",\"@id\":\"https:\/\/denizcankizil.tr\/de\/#\/schema\/person\/001a271de994a0aa3f90eea084424822\"},\"headline\":\"Yarg\u0131tay 1. Ceza Dairesi\u2019nin 2023\/6389 E., 2025\/2705 K. say\u0131l\u0131 karar\u0131\",\"datePublished\":\"2025-07-19T10:40:00+00:00\",\"mainEntityOfPage\":{\"@id\":\"https:\/\/denizcankizil.tr\/uk\/hukukihaber\/yargitay-1-ceza-dairesinin-2023-6389-e-2025-2705-k-sayili-karari\/\"},\"wordCount\":797,\"publisher\":{\"@id\":\"https:\/\/denizcankizil.tr\/de\/#organization\"},\"articleSection\":[\"Hukuki Haberler\"],\"inLanguage\":\"uk\"},{\"@type\":\"WebPage\",\"@id\":\"https:\/\/denizcankizil.tr\/uk\/hukukihaber\/yargitay-1-ceza-dairesinin-2023-6389-e-2025-2705-k-sayili-karari\/\",\"url\":\"https:\/\/denizcankizil.tr\/uk\/hukukihaber\/yargitay-1-ceza-dairesinin-2023-6389-e-2025-2705-k-sayili-karari\/\",\"name\":\"Yarg\u0131tay 1. Ceza Dairesi\u2019nin 2023\/6389 E., 2025\/2705 K. say\u0131l\u0131 karar\u0131 - Av. Deniz Can K\u0131z\u0131l\",\"isPartOf\":{\"@id\":\"https:\/\/denizcankizil.tr\/de\/#website\"},\"datePublished\":\"2025-07-19T10:40:00+00:00\",\"breadcrumb\":{\"@id\":\"https:\/\/denizcankizil.tr\/uk\/hukukihaber\/yargitay-1-ceza-dairesinin-2023-6389-e-2025-2705-k-sayili-karari\/#breadcrumb\"},\"inLanguage\":\"uk\",\"potentialAction\":[{\"@type\":\"ReadAction\",\"target\":[\"https:\/\/denizcankizil.tr\/uk\/hukukihaber\/yargitay-1-ceza-dairesinin-2023-6389-e-2025-2705-k-sayili-karari\/\"]}]},{\"@type\":\"BreadcrumbList\",\"@id\":\"https:\/\/denizcankizil.tr\/uk\/hukukihaber\/yargitay-1-ceza-dairesinin-2023-6389-e-2025-2705-k-sayili-karari\/#breadcrumb\",\"itemListElement\":[{\"@type\":\"ListItem\",\"position\":1,\"name\":\"Home\",\"item\":\"https:\/\/denizcankizil.tr\/de\/\"},{\"@type\":\"ListItem\",\"position\":2,\"name\":\"Yarg\u0131tay 1. Ceza Dairesi\u2019nin 2023\/6389 E., 2025\/2705 K. say\u0131l\u0131 karar\u0131\"}]},{\"@type\":\"WebSite\",\"@id\":\"https:\/\/denizcankizil.tr\/de\/#website\",\"url\":\"https:\/\/denizcankizil.tr\/de\/\",\"name\":\"Av. Deniz Can K\u0131z\u0131l\",\"description\":\"Avukat Deniz Can K\u0131z\u0131l Antalya Barosu\",\"publisher\":{\"@id\":\"https:\/\/denizcankizil.tr\/de\/#organization\"},\"potentialAction\":[{\"@type\":\"SearchAction\",\"target\":{\"@type\":\"EntryPoint\",\"urlTemplate\":\"https:\/\/denizcankizil.tr\/de\/?s={search_term_string}\"},\"query-input\":{\"@type\":\"PropertyValueSpecification\",\"valueRequired\":true,\"valueName\":\"search_term_string\"}}],\"inLanguage\":\"uk\"},{\"@type\":\"Organization\",\"@id\":\"https:\/\/denizcankizil.tr\/de\/#organization\",\"name\":\"Av. Deniz Can K\u0131z\u0131l\",\"url\":\"https:\/\/denizcankizil.tr\/de\/\",\"logo\":{\"@type\":\"ImageObject\",\"inLanguage\":\"uk\",\"@id\":\"https:\/\/denizcankizil.tr\/de\/#\/schema\/logo\/image\/\",\"url\":\"https:\/\/denizcankizil.tr\/wp-content\/uploads\/2024\/10\/siyah-logo-svg.svg\",\"contentUrl\":\"https:\/\/denizcankizil.tr\/wp-content\/uploads\/2024\/10\/siyah-logo-svg.svg\",\"width\":1080,\"height\":1080,\"caption\":\"Av. Deniz Can K\u0131z\u0131l\"},\"image\":{\"@id\":\"https:\/\/denizcankizil.tr\/de\/#\/schema\/logo\/image\/\"}},{\"@type\":\"Person\",\"@id\":\"https:\/\/denizcankizil.tr\/de\/#\/schema\/person\/001a271de994a0aa3f90eea084424822\",\"name\":\"Hukuki Haber.net\",\"image\":{\"@type\":\"ImageObject\",\"inLanguage\":\"uk\",\"@id\":\"https:\/\/denizcankizil.tr\/de\/#\/schema\/person\/image\/\",\"url\":\"https:\/\/secure.gravatar.com\/avatar\/57d8a49151495586611a149d29fc42865b951dc053a84709a3172ccb5abf3118?s=96&d=mm&r=g\",\"contentUrl\":\"https:\/\/secure.gravatar.com\/avatar\/57d8a49151495586611a149d29fc42865b951dc053a84709a3172ccb5abf3118?s=96&d=mm&r=g\",\"caption\":\"Hukuki Haber.net\"},\"sameAs\":[\"http:\/\/www.hukukihaber.net\"],\"url\":\"https:\/\/denizcankizil.tr\/uk\/author\/hukukihabernet\/\"}]}<\/script>\n<!-- \/ Yoast SEO Premium plugin. -->","yoast_head_json":{"title":"Yarg\u0131tay 1. Ceza Dairesi\u2019nin 2023\/6389 E., 2025\/2705 K. say\u0131l\u0131 karar\u0131 - Av. Deniz Can K\u0131z\u0131l","robots":{"index":"index","follow":"follow","max-snippet":"max-snippet:-1","max-image-preview":"max-image-preview:large","max-video-preview":"max-video-preview:-1"},"canonical":"https:\/\/denizcankizil.tr\/uk\/hukukihaber\/yargitay-1-ceza-dairesinin-2023-6389-e-2025-2705-k-sayili-karari\/","og_locale":"uk_UA","og_type":"article","og_title":"Yarg\u0131tay 1. Ceza Dairesi\u2019nin 2023\/6389 E., 2025\/2705 K. say\u0131l\u0131 karar\u0131","og_description":"T.C. Yarg\u0131tay 1. Ceza Dairesi 2023\/6389 E., 2025\/2705 K. &#8220;\u0130\u00e7tihat Metni&#8221; MAHKEMES\u0130 :Ceza Dairesi SAYISI : 2023\/919 E., 2023\/705 K. SU\u00c7 : Kasten \u00f6ld\u00fcrmeye te\u015febb\u00fcs H\u00dcK\u00dcM : \u0130stinaf ba\u015fvurular\u0131n\u0131n esastan reddi TEBL\u0130\u011eNAME G\u00d6R\u00dc\u015e\u00dc : Temyiz isteminin esastan reddi ile h\u00fckm\u00fcn onanmas\u0131 \u0130lk Derece Mahkemesince verilen h\u00fckme y\u00f6nelik istinaf incelemesi \u00fczerine B\u00f6lge Adliye Mahkemesi taraf\u0131ndan verilen karar\u0131n; 5271 say\u0131l\u0131 Ceza Muhakemesi Kanunu\u2019nun (5271 say\u0131l\u0131 Kanun) 286\/1.maddesi uyar\u0131nca temyiz edilebilir oldu\u011fu, 260\/1. maddesi gere\u011fi temyiz edenin h\u00fckm\u00fc temyize hak ve yetkisinin bulundu\u011fu, 291\/1. maddesi gere\u011fi temyiz isteminin s\u00fcresinde oldu\u011fu, 294\/1. maddesi gere\u011fi temyiz dilek\u00e7esinde temyiz sebeplerine yer verildi\u011fi, 298\/1. maddesi gere\u011fi temyiz isteminin reddini gerektirir bir durumun bulunmad\u0131\u011f\u0131 yap\u0131lan \u00f6n inceleme neticesinde tespit edilmekle, gere\u011fi d\u00fc\u015f\u00fcn\u00fcld\u00fc: I. HUKUK\u00ce S\u00dcRE\u00c7 1.\u0130stinaf bozmas\u0131 \u00fczerine Akhisar A\u011f\u0131r Ceza Mahkemesinin, 03.01.2023 tarihli ve 2022\/448 Esas, 2023\/2 Karar say\u0131l\u0131 karar\u0131 ile san\u0131k hakk\u0131nda ma\u011fdura y\u00f6nelik kasten \u00f6ld\u00fcrmeye te\u015febb\u00fcs su\u00e7undan, 5237 say\u0131l\u0131 T\u00fcrk Ceza Kanunu\u2019nun 81\/1, 35\/2, 29\/1, 62\/1, 53\/1. maddeleri uyar\u0131nca 7 y\u0131l 6 ay hapis cezas\u0131 ile cezaland\u0131r\u0131lmas\u0131na, hak yoksunluklar\u0131na karar verilmi\u015ftir. 2.\u0130zmir B\u00f6lge Adliye Mahkemesi 1. Ceza Dairesinin, 16.03.2023 tarihli ve 2023\/919 Esas, 2023\/705 Karar say\u0131l\u0131 karar\u0131 ile san\u0131k hakk\u0131nda \u0130lk Derece Mahkemesince verilen h\u00fckme y\u00f6nelik san\u0131k m\u00fcdafii ile Cumhuriyet savc\u0131s\u0131n\u0131n (aleyhe) istinaf ba\u015fvurular\u0131n\u0131n &#8220;emanet &hellip;","og_url":"https:\/\/denizcankizil.tr\/uk\/hukukihaber\/yargitay-1-ceza-dairesinin-2023-6389-e-2025-2705-k-sayili-karari\/","og_site_name":"Av. Deniz Can K\u0131z\u0131l","article_published_time":"2025-07-19T10:40:00+00:00","author":"Hukuki Haber.net","twitter_card":"summary_large_image","twitter_misc":{"\u041d\u0430\u043f\u0438\u0441\u0430\u043d\u043e":"Hukuki Haber.net","\u041f\u0440\u0438\u0431\u043b. \u0447\u0430\u0441 \u0447\u0438\u0442\u0430\u043d\u043d\u044f":"4 \u0445\u0432\u0438\u043b\u0438\u043d\u0438"},"schema":{"@context":"https:\/\/schema.org","@graph":[{"@type":"Article","@id":"https:\/\/denizcankizil.tr\/uk\/hukukihaber\/yargitay-1-ceza-dairesinin-2023-6389-e-2025-2705-k-sayili-karari\/#article","isPartOf":{"@id":"https:\/\/denizcankizil.tr\/uk\/hukukihaber\/yargitay-1-ceza-dairesinin-2023-6389-e-2025-2705-k-sayili-karari\/"},"author":{"name":"Hukuki Haber.net","@id":"https:\/\/denizcankizil.tr\/de\/#\/schema\/person\/001a271de994a0aa3f90eea084424822"},"headline":"Yarg\u0131tay 1. Ceza Dairesi\u2019nin 2023\/6389 E., 2025\/2705 K. say\u0131l\u0131 karar\u0131","datePublished":"2025-07-19T10:40:00+00:00","mainEntityOfPage":{"@id":"https:\/\/denizcankizil.tr\/uk\/hukukihaber\/yargitay-1-ceza-dairesinin-2023-6389-e-2025-2705-k-sayili-karari\/"},"wordCount":797,"publisher":{"@id":"https:\/\/denizcankizil.tr\/de\/#organization"},"articleSection":["Hukuki Haberler"],"inLanguage":"uk"},{"@type":"WebPage","@id":"https:\/\/denizcankizil.tr\/uk\/hukukihaber\/yargitay-1-ceza-dairesinin-2023-6389-e-2025-2705-k-sayili-karari\/","url":"https:\/\/denizcankizil.tr\/uk\/hukukihaber\/yargitay-1-ceza-dairesinin-2023-6389-e-2025-2705-k-sayili-karari\/","name":"Yarg\u0131tay 1. Ceza Dairesi\u2019nin 2023\/6389 E., 2025\/2705 K. say\u0131l\u0131 karar\u0131 - Av. Deniz Can K\u0131z\u0131l","isPartOf":{"@id":"https:\/\/denizcankizil.tr\/de\/#website"},"datePublished":"2025-07-19T10:40:00+00:00","breadcrumb":{"@id":"https:\/\/denizcankizil.tr\/uk\/hukukihaber\/yargitay-1-ceza-dairesinin-2023-6389-e-2025-2705-k-sayili-karari\/#breadcrumb"},"inLanguage":"uk","potentialAction":[{"@type":"ReadAction","target":["https:\/\/denizcankizil.tr\/uk\/hukukihaber\/yargitay-1-ceza-dairesinin-2023-6389-e-2025-2705-k-sayili-karari\/"]}]},{"@type":"BreadcrumbList","@id":"https:\/\/denizcankizil.tr\/uk\/hukukihaber\/yargitay-1-ceza-dairesinin-2023-6389-e-2025-2705-k-sayili-karari\/#breadcrumb","itemListElement":[{"@type":"ListItem","position":1,"name":"Home","item":"https:\/\/denizcankizil.tr\/de\/"},{"@type":"ListItem","position":2,"name":"Yarg\u0131tay 1. Ceza Dairesi\u2019nin 2023\/6389 E., 2025\/2705 K. say\u0131l\u0131 karar\u0131"}]},{"@type":"WebSite","@id":"https:\/\/denizcankizil.tr\/de\/#website","url":"https:\/\/denizcankizil.tr\/de\/","name":"Av. Deniz Can K\u0131z\u0131l","description":"Avukat Deniz Can K\u0131z\u0131l Antalya Barosu","publisher":{"@id":"https:\/\/denizcankizil.tr\/de\/#organization"},"potentialAction":[{"@type":"SearchAction","target":{"@type":"EntryPoint","urlTemplate":"https:\/\/denizcankizil.tr\/de\/?s={search_term_string}"},"query-input":{"@type":"PropertyValueSpecification","valueRequired":true,"valueName":"search_term_string"}}],"inLanguage":"uk"},{"@type":"Organization","@id":"https:\/\/denizcankizil.tr\/de\/#organization","name":"Av. Deniz Can K\u0131z\u0131l","url":"https:\/\/denizcankizil.tr\/de\/","logo":{"@type":"ImageObject","inLanguage":"uk","@id":"https:\/\/denizcankizil.tr\/de\/#\/schema\/logo\/image\/","url":"https:\/\/denizcankizil.tr\/wp-content\/uploads\/2024\/10\/siyah-logo-svg.svg","contentUrl":"https:\/\/denizcankizil.tr\/wp-content\/uploads\/2024\/10\/siyah-logo-svg.svg","width":1080,"height":1080,"caption":"Av. Deniz Can K\u0131z\u0131l"},"image":{"@id":"https:\/\/denizcankizil.tr\/de\/#\/schema\/logo\/image\/"}},{"@type":"Person","@id":"https:\/\/denizcankizil.tr\/de\/#\/schema\/person\/001a271de994a0aa3f90eea084424822","name":"Hukuki Haber.net","image":{"@type":"ImageObject","inLanguage":"uk","@id":"https:\/\/denizcankizil.tr\/de\/#\/schema\/person\/image\/","url":"https:\/\/secure.gravatar.com\/avatar\/57d8a49151495586611a149d29fc42865b951dc053a84709a3172ccb5abf3118?s=96&d=mm&r=g","contentUrl":"https:\/\/secure.gravatar.com\/avatar\/57d8a49151495586611a149d29fc42865b951dc053a84709a3172ccb5abf3118?s=96&d=mm&r=g","caption":"Hukuki Haber.net"},"sameAs":["http:\/\/www.hukukihaber.net"],"url":"https:\/\/denizcankizil.tr\/uk\/author\/hukukihabernet\/"}]}},"_links":{"self":[{"href":"https:\/\/denizcankizil.tr\/uk\/wp-json\/wp\/v2\/posts\/150783","targetHints":{"allow":["GET"]}}],"collection":[{"href":"https:\/\/denizcankizil.tr\/uk\/wp-json\/wp\/v2\/posts"}],"about":[{"href":"https:\/\/denizcankizil.tr\/uk\/wp-json\/wp\/v2\/types\/post"}],"author":[{"embeddable":true,"href":"https:\/\/denizcankizil.tr\/uk\/wp-json\/wp\/v2\/users\/3"}],"replies":[{"embeddable":true,"href":"https:\/\/denizcankizil.tr\/uk\/wp-json\/wp\/v2\/comments?post=150783"}],"version-history":[{"count":0,"href":"https:\/\/denizcankizil.tr\/uk\/wp-json\/wp\/v2\/posts\/150783\/revisions"}],"wp:attachment":[{"href":"https:\/\/denizcankizil.tr\/uk\/wp-json\/wp\/v2\/media?parent=150783"}],"wp:term":[{"taxonomy":"category","embeddable":true,"href":"https:\/\/denizcankizil.tr\/uk\/wp-json\/wp\/v2\/categories?post=150783"},{"taxonomy":"post_tag","embeddable":true,"href":"https:\/\/denizcankizil.tr\/uk\/wp-json\/wp\/v2\/tags?post=150783"}],"curies":[{"name":"wp","href":"https:\/\/api.w.org\/{rel}","templated":true}]}}