{"id":149986,"date":"2025-07-18T18:41:14","date_gmt":"2025-07-18T15:41:14","guid":{"rendered":"https:\/\/denizcankizil.tr\/uncategorized-tr\/sosyal-medyadaki-kopek-baligi-videosuna-suc-duyurusu\/"},"modified":"2025-07-18T18:41:14","modified_gmt":"2025-07-18T15:41:14","slug":"sosyal-medyadaki-kopek-baligi-videosuna-suc-duyurusu","status":"publish","type":"post","link":"https:\/\/denizcankizil.tr\/uk\/haberler\/antalya\/sosyal-medyadaki-kopek-baligi-videosuna-suc-duyurusu\/","title":{"rendered":"Sosyal Medyadaki K\u00f6pek Bal\u0131\u011f\u0131 Videosuna Su\u00e7 Duyurusu"},"content":{"rendered":"<p>ANTALYA&#8217;da \u00e7ekildi\u011fi iddia edilen bir k\u00f6pek bal\u0131\u011f\u0131 g\u00f6r\u00fcnt\u00fcs\u00fc, sosyal medyada h\u0131zla yay\u0131ld\u0131. \u0130nceleme sonucu g\u00f6r\u00fcnt\u00fcn\u00fcn Norve\u00e7&#8217;te \u00e7ekildi\u011fi belirlendi. G\u00f6r\u00fcnt\u00fcyle ilgili &#8216;Halk\u0131 yan\u0131lt\u0131c\u0131 bilgiyi alenen yayma su\u00e7u&#8217; kapsam\u0131nda su\u00e7 duyusunda bulunuldu.<\/p>\n<p>Antalya&#8217;n\u0131n Alanya ve Kemer il\u00e7elerinde \u00e7ekildi\u011fi iddia edilen bir k\u00f6pek bal\u0131\u011f\u0131 g\u00f6r\u00fcnt\u00fcs\u00fc, sosyal medyada h\u0131zla yay\u0131ld\u0131. Payla\u015f\u0131lan g\u00f6r\u00fcnt\u00fcde, bal\u0131k av\u0131na \u00e7\u0131kan baba ile o\u011flunun teknesinin hemen yan\u0131nda su y\u00fczeyinde beliren, boyu 3 metrenin \u00fczerinde bir k\u00f6pek bal\u0131\u011f\u0131n\u0131n g\u00f6r\u00fcld\u00fc\u011f\u00fc anlara yer verildi. G\u00f6r\u00fcnt\u00fcn\u00fcn yay\u0131lmas\u0131n\u0131n ard\u0131ndan inceleme ba\u015flat\u0131ld\u0131. \u0130nceleme sonras\u0131, g\u00f6r\u00fcnt\u00fcn\u00fcn yurt d\u0131\u015f\u0131 kaynakl\u0131 oldu\u011fu belirlendi. Bunun \u00fczerine Antalya Sahil G\u00fcvenlik Komutanl\u0131\u011f\u0131 taraf\u0131ndan olayla ilgili &#8216;Halk\u0131 yan\u0131lt\u0131c\u0131 bilgiyi alenen yayma su\u00e7u&#8217; kapsam\u0131nda su\u00e7 duyusunda bulunuldu. \u0130leti\u015fim Ba\u015fkanl\u0131\u011f\u0131 Dezenformasyonla M\u00fccadele Merkezi&#8217;nden yap\u0131lan a\u00e7\u0131klamada da s\u00f6z konusu videonun dezenformasyon oldu\u011fu belirtildi.<\/p>\n<p>&#8216;BU T\u00dcR \u0130\u00c7ER\u0130KLER KASITLI OLARAK DOLA\u015eIMA SOKULMAKTADIR&#8217;<\/p>\n<p>&#8216;Antalya&#8217;da k\u00f6pek bal\u0131\u011f\u0131 g\u00f6r\u00fcld\u00fc&#8217; iddias\u0131yla payla\u015f\u0131lan g\u00f6r\u00fcnt\u00fcn\u00fcn Norve\u00e7li bir bal\u0131k\u00e7\u0131 taraf\u0131ndan kendi \u00fclkesinde kaydedildi\u011fine yer verilen a\u00e7\u0131klamada, &#8220;Sosyal medyada payla\u015f\u0131lan ve Antalya sahillerinde k\u00f6pek bal\u0131\u011f\u0131 g\u00f6r\u00fcld\u00fc\u011f\u00fc iddias\u0131yla servis edilen g\u00f6r\u00fcnt\u00fc, manip\u00fclasyon i\u00e7ermektedir. Bahse konu g\u00f6r\u00fcnt\u00fc, Antalya&#8217;da veya T\u00fcrkiye&#8217;nin herhangi bir k\u0131y\u0131s\u0131nda \u00e7ekilmemi\u015ftir. Yap\u0131lan incelemede g\u00f6r\u00fcnt\u00fcn\u00fcn, Norve\u00e7li bir sosyal medya kullan\u0131c\u0131s\u0131 taraf\u0131ndan kendi \u00fclkesinde kaydedildi\u011fi ve kendi hesab\u0131ndan 26 Haziran tarihinde payla\u015f\u0131ld\u0131\u011f\u0131 tespit edilmi\u015ftir. Ayn\u0131 videonun \u00fczerine ses eklenerek T\u00fcrkiye&#8217;de \u00e7ekildi\u011fi izlenimi verildi\u011fi ve bug\u00fcn T\u00fcrkiye&#8217;den payla\u015f\u0131ld\u0131\u011f\u0131 anla\u015f\u0131lm\u0131\u015ft\u0131r. Antalya Sahil G\u00fcvenlik Komutanl\u0131\u011f\u0131nca s\u00f6z konusu yan\u0131lt\u0131c\u0131 i\u00e7eri\u011fi \u00fcretenlerle ilgili su\u00e7 duyurusunda bulunulacakt\u0131r. Turizm b\u00f6lgelerimize y\u00f6nelik turistlerimizin g\u00fcven duygusunu zedelemek ve \u00fclkemizin turizm potansiyelini hedef almak amac\u0131yla bu t\u00fcr i\u00e7erikler kas\u0131tl\u0131 olarak dola\u015f\u0131ma sokulmaktad\u0131r. T\u00fcrkiye&#8217;nin g\u00fcvenli bir turizm destinasyonu oldu\u011fu ger\u00e7e\u011fini g\u00f6lgelemeye \u00e7al\u0131\u015fan bu t\u00fcr dezenformasyon kampanyalar\u0131na itibar edilmemesi \u00f6nem arz etmektedir&#8221; denildi.<\/p>\n<p>Kaynak: www.kanalv.com.tr Haber Sitesinden Al\u0131nm\u0131\u015ft\u0131r.<\/p>","protected":false},"excerpt":{"rendered":"<p>ANTALYA&#8217;da \u00e7ekildi\u011fi iddia edilen bir k\u00f6pek bal\u0131\u011f\u0131 g\u00f6r\u00fcnt\u00fcs\u00fc, sosyal medyada h\u0131zla yay\u0131ld\u0131. \u0130nceleme sonucu g\u00f6r\u00fcnt\u00fcn\u00fcn Norve\u00e7&#8217;te \u00e7ekildi\u011fi belirlendi. G\u00f6r\u00fcnt\u00fcyle ilgili &#8216;Halk\u0131 yan\u0131lt\u0131c\u0131 bilgiyi alenen yayma su\u00e7u&#8217; kapsam\u0131nda su\u00e7 duyusunda bulunuldu. Antalya&#8217;n\u0131n Alanya ve Kemer il\u00e7elerinde \u00e7ekildi\u011fi iddia edilen bir k\u00f6pek bal\u0131\u011f\u0131 g\u00f6r\u00fcnt\u00fcs\u00fc, sosyal medyada h\u0131zla yay\u0131ld\u0131. Payla\u015f\u0131lan g\u00f6r\u00fcnt\u00fcde, bal\u0131k av\u0131na \u00e7\u0131kan baba ile o\u011flunun teknesinin hemen yan\u0131nda su y\u00fczeyinde beliren, boyu 3 metrenin \u00fczerinde bir k\u00f6pek bal\u0131\u011f\u0131n\u0131n g\u00f6r\u00fcld\u00fc\u011f\u00fc anlara yer verildi. G\u00f6r\u00fcnt\u00fcn\u00fcn yay\u0131lmas\u0131n\u0131n ard\u0131ndan inceleme ba\u015flat\u0131ld\u0131. \u0130nceleme sonras\u0131, g\u00f6r\u00fcnt\u00fcn\u00fcn yurt d\u0131\u015f\u0131 kaynakl\u0131 oldu\u011fu belirlendi. Bunun \u00fczerine Antalya Sahil G\u00fcvenlik Komutanl\u0131\u011f\u0131 taraf\u0131ndan olayla ilgili &#8216;Halk\u0131 yan\u0131lt\u0131c\u0131 bilgiyi alenen yayma su\u00e7u&#8217; kapsam\u0131nda su\u00e7 duyusunda bulunuldu. \u0130leti\u015fim Ba\u015fkanl\u0131\u011f\u0131 Dezenformasyonla M\u00fccadele Merkezi&#8217;nden yap\u0131lan a\u00e7\u0131klamada da s\u00f6z konusu videonun dezenformasyon oldu\u011fu belirtildi. &#8216;BU T\u00dcR \u0130\u00c7ER\u0130KLER KASITLI OLARAK DOLA\u015eIMA SOKULMAKTADIR&#8217; &#8216;Antalya&#8217;da k\u00f6pek bal\u0131\u011f\u0131 g\u00f6r\u00fcld\u00fc&#8217; iddias\u0131yla payla\u015f\u0131lan g\u00f6r\u00fcnt\u00fcn\u00fcn Norve\u00e7li bir bal\u0131k\u00e7\u0131 taraf\u0131ndan kendi \u00fclkesinde kaydedildi\u011fine yer verilen a\u00e7\u0131klamada, &#8220;Sosyal medyada payla\u015f\u0131lan ve Antalya sahillerinde k\u00f6pek bal\u0131\u011f\u0131 g\u00f6r\u00fcld\u00fc\u011f\u00fc iddias\u0131yla servis edilen g\u00f6r\u00fcnt\u00fc, manip\u00fclasyon i\u00e7ermektedir. Bahse konu g\u00f6r\u00fcnt\u00fc, Antalya&#8217;da veya T\u00fcrkiye&#8217;nin herhangi bir k\u0131y\u0131s\u0131nda \u00e7ekilmemi\u015ftir. Yap\u0131lan incelemede g\u00f6r\u00fcnt\u00fcn\u00fcn, Norve\u00e7li bir sosyal medya kullan\u0131c\u0131s\u0131 taraf\u0131ndan kendi \u00fclkesinde kaydedildi\u011fi ve kendi hesab\u0131ndan 26 Haziran tarihinde payla\u015f\u0131ld\u0131\u011f\u0131 tespit edilmi\u015ftir. Ayn\u0131 videonun \u00fczerine ses eklenerek T\u00fcrkiye&#8217;de \u00e7ekildi\u011fi izlenimi verildi\u011fi ve bug\u00fcn T\u00fcrkiye&#8217;den payla\u015f\u0131ld\u0131\u011f\u0131 &hellip;<\/p>","protected":false},"author":4,"featured_media":149987,"comment_status":"","ping_status":"open","sticky":false,"template":"","format":"standard","meta":{"_acf_changed":false,"footnotes":""},"categories":[26],"tags":[],"class_list":["post-149986","post","type-post","status-publish","format-standard","has-post-thumbnail","hentry","category-antalya"],"acf":[],"yoast_head":"<!-- This site is optimized with the Yoast SEO Premium plugin v26.6 (Yoast SEO v27.1.1) - https:\/\/yoast.com\/product\/yoast-seo-premium-wordpress\/ -->\n<title>Sosyal Medyadaki K\u00f6pek Bal\u0131\u011f\u0131 Videosuna Su\u00e7 Duyurusu - Av. Deniz Can K\u0131z\u0131l<\/title>\n<meta name=\"robots\" content=\"index, follow, max-snippet:-1, max-image-preview:large, max-video-preview:-1\" \/>\n<link rel=\"canonical\" href=\"https:\/\/denizcankizil.tr\/uk\/haberler\/antalya\/sosyal-medyadaki-kopek-baligi-videosuna-suc-duyurusu\/\" \/>\n<meta property=\"og:locale\" content=\"uk_UA\" \/>\n<meta property=\"og:type\" content=\"article\" \/>\n<meta property=\"og:title\" content=\"Sosyal Medyadaki K\u00f6pek Bal\u0131\u011f\u0131 Videosuna Su\u00e7 Duyurusu\" \/>\n<meta property=\"og:description\" content=\"ANTALYA&#8217;da \u00e7ekildi\u011fi iddia edilen bir k\u00f6pek bal\u0131\u011f\u0131 g\u00f6r\u00fcnt\u00fcs\u00fc, sosyal medyada h\u0131zla yay\u0131ld\u0131. \u0130nceleme sonucu g\u00f6r\u00fcnt\u00fcn\u00fcn Norve\u00e7&#8217;te \u00e7ekildi\u011fi belirlendi. G\u00f6r\u00fcnt\u00fcyle ilgili &#8216;Halk\u0131 yan\u0131lt\u0131c\u0131 bilgiyi alenen yayma su\u00e7u&#8217; kapsam\u0131nda su\u00e7 duyusunda bulunuldu. Antalya&#8217;n\u0131n Alanya ve Kemer il\u00e7elerinde \u00e7ekildi\u011fi iddia edilen bir k\u00f6pek bal\u0131\u011f\u0131 g\u00f6r\u00fcnt\u00fcs\u00fc, sosyal medyada h\u0131zla yay\u0131ld\u0131. Payla\u015f\u0131lan g\u00f6r\u00fcnt\u00fcde, bal\u0131k av\u0131na \u00e7\u0131kan baba ile o\u011flunun teknesinin hemen yan\u0131nda su y\u00fczeyinde beliren, boyu 3 metrenin \u00fczerinde bir k\u00f6pek bal\u0131\u011f\u0131n\u0131n g\u00f6r\u00fcld\u00fc\u011f\u00fc anlara yer verildi. G\u00f6r\u00fcnt\u00fcn\u00fcn yay\u0131lmas\u0131n\u0131n ard\u0131ndan inceleme ba\u015flat\u0131ld\u0131. \u0130nceleme sonras\u0131, g\u00f6r\u00fcnt\u00fcn\u00fcn yurt d\u0131\u015f\u0131 kaynakl\u0131 oldu\u011fu belirlendi. Bunun \u00fczerine Antalya Sahil G\u00fcvenlik Komutanl\u0131\u011f\u0131 taraf\u0131ndan olayla ilgili &#8216;Halk\u0131 yan\u0131lt\u0131c\u0131 bilgiyi alenen yayma su\u00e7u&#8217; kapsam\u0131nda su\u00e7 duyusunda bulunuldu. \u0130leti\u015fim Ba\u015fkanl\u0131\u011f\u0131 Dezenformasyonla M\u00fccadele Merkezi&#8217;nden yap\u0131lan a\u00e7\u0131klamada da s\u00f6z konusu videonun dezenformasyon oldu\u011fu belirtildi. &#8216;BU T\u00dcR \u0130\u00c7ER\u0130KLER KASITLI OLARAK DOLA\u015eIMA SOKULMAKTADIR&#8217; &#8216;Antalya&#8217;da k\u00f6pek bal\u0131\u011f\u0131 g\u00f6r\u00fcld\u00fc&#8217; iddias\u0131yla payla\u015f\u0131lan g\u00f6r\u00fcnt\u00fcn\u00fcn Norve\u00e7li bir bal\u0131k\u00e7\u0131 taraf\u0131ndan kendi \u00fclkesinde kaydedildi\u011fine yer verilen a\u00e7\u0131klamada, &#8220;Sosyal medyada payla\u015f\u0131lan ve Antalya sahillerinde k\u00f6pek bal\u0131\u011f\u0131 g\u00f6r\u00fcld\u00fc\u011f\u00fc iddias\u0131yla servis edilen g\u00f6r\u00fcnt\u00fc, manip\u00fclasyon i\u00e7ermektedir. Bahse konu g\u00f6r\u00fcnt\u00fc, Antalya&#8217;da veya T\u00fcrkiye&#8217;nin herhangi bir k\u0131y\u0131s\u0131nda \u00e7ekilmemi\u015ftir. Yap\u0131lan incelemede g\u00f6r\u00fcnt\u00fcn\u00fcn, Norve\u00e7li bir sosyal medya kullan\u0131c\u0131s\u0131 taraf\u0131ndan kendi \u00fclkesinde kaydedildi\u011fi ve kendi hesab\u0131ndan 26 Haziran tarihinde payla\u015f\u0131ld\u0131\u011f\u0131 tespit edilmi\u015ftir. Ayn\u0131 videonun \u00fczerine ses eklenerek T\u00fcrkiye&#8217;de \u00e7ekildi\u011fi izlenimi verildi\u011fi ve bug\u00fcn T\u00fcrkiye&#8217;den payla\u015f\u0131ld\u0131\u011f\u0131 &hellip;\" \/>\n<meta property=\"og:url\" content=\"https:\/\/denizcankizil.tr\/uk\/haberler\/antalya\/sosyal-medyadaki-kopek-baligi-videosuna-suc-duyurusu\/\" \/>\n<meta property=\"og:site_name\" content=\"Av. Deniz Can K\u0131z\u0131l\" \/>\n<meta property=\"article:published_time\" content=\"2025-07-18T15:41:14+00:00\" \/>\n<meta property=\"og:image\" content=\"https:\/\/denizcankizil.tr\/wp-content\/uploads\/2025\/07\/s-o-s-y-a-l-m-e-d-y-a-d-a-k-i-k-o-p-e-k-b-a-l-i-g-i-v-i-d-e-o-s-u-n-a-822257-243600-ykM18U.jpg\" \/>\n\t<meta property=\"og:image:width\" content=\"1280\" \/>\n\t<meta property=\"og:image:height\" content=\"720\" \/>\n\t<meta property=\"og:image:type\" content=\"image\/jpeg\" \/>\n<meta name=\"author\" content=\"Av. Deniz Can K\u0131z\u0131l\" \/>\n<meta name=\"twitter:card\" content=\"summary_large_image\" \/>\n<meta name=\"twitter:label1\" content=\"\u041d\u0430\u043f\u0438\u0441\u0430\u043d\u043e\" \/>\n\t<meta name=\"twitter:data1\" content=\"Av. Deniz Can K\u0131z\u0131l\" \/>\n\t<meta name=\"twitter:label2\" content=\"\u041f\u0440\u0438\u0431\u043b. \u0447\u0430\u0441 \u0447\u0438\u0442\u0430\u043d\u043d\u044f\" \/>\n\t<meta name=\"twitter:data2\" content=\"2 \u0445\u0432\u0438\u043b\u0438\u043d\u0438\" \/>\n<script type=\"application\/ld+json\" class=\"yoast-schema-graph\">{\"@context\":\"https:\/\/schema.org\",\"@graph\":[{\"@type\":\"Article\",\"@id\":\"https:\/\/denizcankizil.tr\/uk\/haberler\/antalya\/sosyal-medyadaki-kopek-baligi-videosuna-suc-duyurusu\/#article\",\"isPartOf\":{\"@id\":\"https:\/\/denizcankizil.tr\/uk\/haberler\/antalya\/sosyal-medyadaki-kopek-baligi-videosuna-suc-duyurusu\/\"},\"author\":{\"name\":\"Av. Deniz Can K\u0131z\u0131l\",\"@id\":\"https:\/\/denizcankizil.tr\/#\/schema\/person\/5dc1b22991bd7ac833867c10afc9b0ff\"},\"headline\":\"Sosyal Medyadaki K\u00f6pek Bal\u0131\u011f\u0131 Videosuna Su\u00e7 Duyurusu\",\"datePublished\":\"2025-07-18T15:41:14+00:00\",\"mainEntityOfPage\":{\"@id\":\"https:\/\/denizcankizil.tr\/uk\/haberler\/antalya\/sosyal-medyadaki-kopek-baligi-videosuna-suc-duyurusu\/\"},\"wordCount\":432,\"publisher\":{\"@id\":\"https:\/\/denizcankizil.tr\/#organization\"},\"image\":{\"@id\":\"https:\/\/denizcankizil.tr\/uk\/haberler\/antalya\/sosyal-medyadaki-kopek-baligi-videosuna-suc-duyurusu\/#primaryimage\"},\"thumbnailUrl\":\"https:\/\/denizcankizil.tr\/wp-content\/uploads\/2025\/07\/s-o-s-y-a-l-m-e-d-y-a-d-a-k-i-k-o-p-e-k-b-a-l-i-g-i-v-i-d-e-o-s-u-n-a-822257-243600-ykM18U.jpg\",\"articleSection\":[\"Antalya\"],\"inLanguage\":\"uk\"},{\"@type\":\"WebPage\",\"@id\":\"https:\/\/denizcankizil.tr\/uk\/haberler\/antalya\/sosyal-medyadaki-kopek-baligi-videosuna-suc-duyurusu\/\",\"url\":\"https:\/\/denizcankizil.tr\/uk\/haberler\/antalya\/sosyal-medyadaki-kopek-baligi-videosuna-suc-duyurusu\/\",\"name\":\"Sosyal Medyadaki K\u00f6pek Bal\u0131\u011f\u0131 Videosuna Su\u00e7 Duyurusu - Av. Deniz Can K\u0131z\u0131l\",\"isPartOf\":{\"@id\":\"https:\/\/denizcankizil.tr\/#website\"},\"primaryImageOfPage\":{\"@id\":\"https:\/\/denizcankizil.tr\/uk\/haberler\/antalya\/sosyal-medyadaki-kopek-baligi-videosuna-suc-duyurusu\/#primaryimage\"},\"image\":{\"@id\":\"https:\/\/denizcankizil.tr\/uk\/haberler\/antalya\/sosyal-medyadaki-kopek-baligi-videosuna-suc-duyurusu\/#primaryimage\"},\"thumbnailUrl\":\"https:\/\/denizcankizil.tr\/wp-content\/uploads\/2025\/07\/s-o-s-y-a-l-m-e-d-y-a-d-a-k-i-k-o-p-e-k-b-a-l-i-g-i-v-i-d-e-o-s-u-n-a-822257-243600-ykM18U.jpg\",\"datePublished\":\"2025-07-18T15:41:14+00:00\",\"breadcrumb\":{\"@id\":\"https:\/\/denizcankizil.tr\/uk\/haberler\/antalya\/sosyal-medyadaki-kopek-baligi-videosuna-suc-duyurusu\/#breadcrumb\"},\"inLanguage\":\"uk\",\"potentialAction\":[{\"@type\":\"ReadAction\",\"target\":[\"https:\/\/denizcankizil.tr\/uk\/haberler\/antalya\/sosyal-medyadaki-kopek-baligi-videosuna-suc-duyurusu\/\"]}]},{\"@type\":\"ImageObject\",\"inLanguage\":\"uk\",\"@id\":\"https:\/\/denizcankizil.tr\/uk\/haberler\/antalya\/sosyal-medyadaki-kopek-baligi-videosuna-suc-duyurusu\/#primaryimage\",\"url\":\"https:\/\/denizcankizil.tr\/wp-content\/uploads\/2025\/07\/s-o-s-y-a-l-m-e-d-y-a-d-a-k-i-k-o-p-e-k-b-a-l-i-g-i-v-i-d-e-o-s-u-n-a-822257-243600-ykM18U.jpg\",\"contentUrl\":\"https:\/\/denizcankizil.tr\/wp-content\/uploads\/2025\/07\/s-o-s-y-a-l-m-e-d-y-a-d-a-k-i-k-o-p-e-k-b-a-l-i-g-i-v-i-d-e-o-s-u-n-a-822257-243600-ykM18U.jpg\",\"width\":1280,\"height\":720},{\"@type\":\"BreadcrumbList\",\"@id\":\"https:\/\/denizcankizil.tr\/uk\/haberler\/antalya\/sosyal-medyadaki-kopek-baligi-videosuna-suc-duyurusu\/#breadcrumb\",\"itemListElement\":[{\"@type\":\"ListItem\",\"position\":1,\"name\":\"Home\",\"item\":\"https:\/\/denizcankizil.tr\/de\/\"},{\"@type\":\"ListItem\",\"position\":2,\"name\":\"Sosyal Medyadaki K\u00f6pek Bal\u0131\u011f\u0131 Videosuna Su\u00e7 Duyurusu\"}]},{\"@type\":\"WebSite\",\"@id\":\"https:\/\/denizcankizil.tr\/#website\",\"url\":\"https:\/\/denizcankizil.tr\/\",\"name\":\"Av. Deniz Can K\u0131z\u0131l\",\"description\":\"Avukat Deniz Can K\u0131z\u0131l Antalya Barosu\",\"publisher\":{\"@id\":\"https:\/\/denizcankizil.tr\/#organization\"},\"potentialAction\":[{\"@type\":\"SearchAction\",\"target\":{\"@type\":\"EntryPoint\",\"urlTemplate\":\"https:\/\/denizcankizil.tr\/?s={search_term_string}\"},\"query-input\":{\"@type\":\"PropertyValueSpecification\",\"valueRequired\":true,\"valueName\":\"search_term_string\"}}],\"inLanguage\":\"uk\"},{\"@type\":\"Organization\",\"@id\":\"https:\/\/denizcankizil.tr\/#organization\",\"name\":\"Av. Deniz Can K\u0131z\u0131l\",\"url\":\"https:\/\/denizcankizil.tr\/\",\"logo\":{\"@type\":\"ImageObject\",\"inLanguage\":\"uk\",\"@id\":\"https:\/\/denizcankizil.tr\/#\/schema\/logo\/image\/\",\"url\":\"https:\/\/denizcankizil.tr\/wp-content\/uploads\/2024\/10\/siyah-logo-svg.svg\",\"contentUrl\":\"https:\/\/denizcankizil.tr\/wp-content\/uploads\/2024\/10\/siyah-logo-svg.svg\",\"width\":1080,\"height\":1080,\"caption\":\"Av. Deniz Can K\u0131z\u0131l\"},\"image\":{\"@id\":\"https:\/\/denizcankizil.tr\/#\/schema\/logo\/image\/\"}},{\"@type\":\"Person\",\"@id\":\"https:\/\/denizcankizil.tr\/#\/schema\/person\/5dc1b22991bd7ac833867c10afc9b0ff\",\"name\":\"Av. Deniz Can K\u0131z\u0131l\",\"image\":{\"@type\":\"ImageObject\",\"inLanguage\":\"uk\",\"@id\":\"https:\/\/denizcankizil.tr\/#\/schema\/person\/image\/\",\"url\":\"https:\/\/secure.gravatar.com\/avatar\/a0b128fb9855c79efc976d5640eedb31dc35ec297594d6016d2cf7c60e975bb6?s=96&d=mm&r=g\",\"contentUrl\":\"https:\/\/secure.gravatar.com\/avatar\/a0b128fb9855c79efc976d5640eedb31dc35ec297594d6016d2cf7c60e975bb6?s=96&d=mm&r=g\",\"caption\":\"Av. Deniz Can K\u0131z\u0131l\"},\"sameAs\":[\"http:\/\/www.denizcankizil.tr\"],\"url\":\"https:\/\/denizcankizil.tr\/uk\/author\/denizcankizil\/\"}]}<\/script>\n<!-- \/ Yoast SEO Premium plugin. -->","yoast_head_json":{"title":"Sosyal Medyadaki K\u00f6pek Bal\u0131\u011f\u0131 Videosuna Su\u00e7 Duyurusu - Av. Deniz Can K\u0131z\u0131l","robots":{"index":"index","follow":"follow","max-snippet":"max-snippet:-1","max-image-preview":"max-image-preview:large","max-video-preview":"max-video-preview:-1"},"canonical":"https:\/\/denizcankizil.tr\/uk\/haberler\/antalya\/sosyal-medyadaki-kopek-baligi-videosuna-suc-duyurusu\/","og_locale":"uk_UA","og_type":"article","og_title":"Sosyal Medyadaki K\u00f6pek Bal\u0131\u011f\u0131 Videosuna Su\u00e7 Duyurusu","og_description":"ANTALYA&#8217;da \u00e7ekildi\u011fi iddia edilen bir k\u00f6pek bal\u0131\u011f\u0131 g\u00f6r\u00fcnt\u00fcs\u00fc, sosyal medyada h\u0131zla yay\u0131ld\u0131. \u0130nceleme sonucu g\u00f6r\u00fcnt\u00fcn\u00fcn Norve\u00e7&#8217;te \u00e7ekildi\u011fi belirlendi. G\u00f6r\u00fcnt\u00fcyle ilgili &#8216;Halk\u0131 yan\u0131lt\u0131c\u0131 bilgiyi alenen yayma su\u00e7u&#8217; kapsam\u0131nda su\u00e7 duyusunda bulunuldu. Antalya&#8217;n\u0131n Alanya ve Kemer il\u00e7elerinde \u00e7ekildi\u011fi iddia edilen bir k\u00f6pek bal\u0131\u011f\u0131 g\u00f6r\u00fcnt\u00fcs\u00fc, sosyal medyada h\u0131zla yay\u0131ld\u0131. Payla\u015f\u0131lan g\u00f6r\u00fcnt\u00fcde, bal\u0131k av\u0131na \u00e7\u0131kan baba ile o\u011flunun teknesinin hemen yan\u0131nda su y\u00fczeyinde beliren, boyu 3 metrenin \u00fczerinde bir k\u00f6pek bal\u0131\u011f\u0131n\u0131n g\u00f6r\u00fcld\u00fc\u011f\u00fc anlara yer verildi. G\u00f6r\u00fcnt\u00fcn\u00fcn yay\u0131lmas\u0131n\u0131n ard\u0131ndan inceleme ba\u015flat\u0131ld\u0131. \u0130nceleme sonras\u0131, g\u00f6r\u00fcnt\u00fcn\u00fcn yurt d\u0131\u015f\u0131 kaynakl\u0131 oldu\u011fu belirlendi. Bunun \u00fczerine Antalya Sahil G\u00fcvenlik Komutanl\u0131\u011f\u0131 taraf\u0131ndan olayla ilgili &#8216;Halk\u0131 yan\u0131lt\u0131c\u0131 bilgiyi alenen yayma su\u00e7u&#8217; kapsam\u0131nda su\u00e7 duyusunda bulunuldu. \u0130leti\u015fim Ba\u015fkanl\u0131\u011f\u0131 Dezenformasyonla M\u00fccadele Merkezi&#8217;nden yap\u0131lan a\u00e7\u0131klamada da s\u00f6z konusu videonun dezenformasyon oldu\u011fu belirtildi. &#8216;BU T\u00dcR \u0130\u00c7ER\u0130KLER KASITLI OLARAK DOLA\u015eIMA SOKULMAKTADIR&#8217; &#8216;Antalya&#8217;da k\u00f6pek bal\u0131\u011f\u0131 g\u00f6r\u00fcld\u00fc&#8217; iddias\u0131yla payla\u015f\u0131lan g\u00f6r\u00fcnt\u00fcn\u00fcn Norve\u00e7li bir bal\u0131k\u00e7\u0131 taraf\u0131ndan kendi \u00fclkesinde kaydedildi\u011fine yer verilen a\u00e7\u0131klamada, &#8220;Sosyal medyada payla\u015f\u0131lan ve Antalya sahillerinde k\u00f6pek bal\u0131\u011f\u0131 g\u00f6r\u00fcld\u00fc\u011f\u00fc iddias\u0131yla servis edilen g\u00f6r\u00fcnt\u00fc, manip\u00fclasyon i\u00e7ermektedir. Bahse konu g\u00f6r\u00fcnt\u00fc, Antalya&#8217;da veya T\u00fcrkiye&#8217;nin herhangi bir k\u0131y\u0131s\u0131nda \u00e7ekilmemi\u015ftir. Yap\u0131lan incelemede g\u00f6r\u00fcnt\u00fcn\u00fcn, Norve\u00e7li bir sosyal medya kullan\u0131c\u0131s\u0131 taraf\u0131ndan kendi \u00fclkesinde kaydedildi\u011fi ve kendi hesab\u0131ndan 26 Haziran tarihinde payla\u015f\u0131ld\u0131\u011f\u0131 tespit edilmi\u015ftir. Ayn\u0131 videonun \u00fczerine ses eklenerek T\u00fcrkiye&#8217;de \u00e7ekildi\u011fi izlenimi verildi\u011fi ve bug\u00fcn T\u00fcrkiye&#8217;den payla\u015f\u0131ld\u0131\u011f\u0131 &hellip;","og_url":"https:\/\/denizcankizil.tr\/uk\/haberler\/antalya\/sosyal-medyadaki-kopek-baligi-videosuna-suc-duyurusu\/","og_site_name":"Av. Deniz Can K\u0131z\u0131l","article_published_time":"2025-07-18T15:41:14+00:00","og_image":[{"width":1280,"height":720,"url":"https:\/\/denizcankizil.tr\/wp-content\/uploads\/2025\/07\/s-o-s-y-a-l-m-e-d-y-a-d-a-k-i-k-o-p-e-k-b-a-l-i-g-i-v-i-d-e-o-s-u-n-a-822257-243600-ykM18U.jpg","type":"image\/jpeg"}],"author":"Av. Deniz Can K\u0131z\u0131l","twitter_card":"summary_large_image","twitter_misc":{"\u041d\u0430\u043f\u0438\u0441\u0430\u043d\u043e":"Av. Deniz Can K\u0131z\u0131l","\u041f\u0440\u0438\u0431\u043b. \u0447\u0430\u0441 \u0447\u0438\u0442\u0430\u043d\u043d\u044f":"2 \u0445\u0432\u0438\u043b\u0438\u043d\u0438"},"schema":{"@context":"https:\/\/schema.org","@graph":[{"@type":"Article","@id":"https:\/\/denizcankizil.tr\/uk\/haberler\/antalya\/sosyal-medyadaki-kopek-baligi-videosuna-suc-duyurusu\/#article","isPartOf":{"@id":"https:\/\/denizcankizil.tr\/uk\/haberler\/antalya\/sosyal-medyadaki-kopek-baligi-videosuna-suc-duyurusu\/"},"author":{"name":"Av. Deniz Can K\u0131z\u0131l","@id":"https:\/\/denizcankizil.tr\/#\/schema\/person\/5dc1b22991bd7ac833867c10afc9b0ff"},"headline":"Sosyal Medyadaki K\u00f6pek Bal\u0131\u011f\u0131 Videosuna Su\u00e7 Duyurusu","datePublished":"2025-07-18T15:41:14+00:00","mainEntityOfPage":{"@id":"https:\/\/denizcankizil.tr\/uk\/haberler\/antalya\/sosyal-medyadaki-kopek-baligi-videosuna-suc-duyurusu\/"},"wordCount":432,"publisher":{"@id":"https:\/\/denizcankizil.tr\/#organization"},"image":{"@id":"https:\/\/denizcankizil.tr\/uk\/haberler\/antalya\/sosyal-medyadaki-kopek-baligi-videosuna-suc-duyurusu\/#primaryimage"},"thumbnailUrl":"https:\/\/denizcankizil.tr\/wp-content\/uploads\/2025\/07\/s-o-s-y-a-l-m-e-d-y-a-d-a-k-i-k-o-p-e-k-b-a-l-i-g-i-v-i-d-e-o-s-u-n-a-822257-243600-ykM18U.jpg","articleSection":["Antalya"],"inLanguage":"uk"},{"@type":"WebPage","@id":"https:\/\/denizcankizil.tr\/uk\/haberler\/antalya\/sosyal-medyadaki-kopek-baligi-videosuna-suc-duyurusu\/","url":"https:\/\/denizcankizil.tr\/uk\/haberler\/antalya\/sosyal-medyadaki-kopek-baligi-videosuna-suc-duyurusu\/","name":"Sosyal Medyadaki K\u00f6pek Bal\u0131\u011f\u0131 Videosuna Su\u00e7 Duyurusu - Av. Deniz Can K\u0131z\u0131l","isPartOf":{"@id":"https:\/\/denizcankizil.tr\/#website"},"primaryImageOfPage":{"@id":"https:\/\/denizcankizil.tr\/uk\/haberler\/antalya\/sosyal-medyadaki-kopek-baligi-videosuna-suc-duyurusu\/#primaryimage"},"image":{"@id":"https:\/\/denizcankizil.tr\/uk\/haberler\/antalya\/sosyal-medyadaki-kopek-baligi-videosuna-suc-duyurusu\/#primaryimage"},"thumbnailUrl":"https:\/\/denizcankizil.tr\/wp-content\/uploads\/2025\/07\/s-o-s-y-a-l-m-e-d-y-a-d-a-k-i-k-o-p-e-k-b-a-l-i-g-i-v-i-d-e-o-s-u-n-a-822257-243600-ykM18U.jpg","datePublished":"2025-07-18T15:41:14+00:00","breadcrumb":{"@id":"https:\/\/denizcankizil.tr\/uk\/haberler\/antalya\/sosyal-medyadaki-kopek-baligi-videosuna-suc-duyurusu\/#breadcrumb"},"inLanguage":"uk","potentialAction":[{"@type":"ReadAction","target":["https:\/\/denizcankizil.tr\/uk\/haberler\/antalya\/sosyal-medyadaki-kopek-baligi-videosuna-suc-duyurusu\/"]}]},{"@type":"ImageObject","inLanguage":"uk","@id":"https:\/\/denizcankizil.tr\/uk\/haberler\/antalya\/sosyal-medyadaki-kopek-baligi-videosuna-suc-duyurusu\/#primaryimage","url":"https:\/\/denizcankizil.tr\/wp-content\/uploads\/2025\/07\/s-o-s-y-a-l-m-e-d-y-a-d-a-k-i-k-o-p-e-k-b-a-l-i-g-i-v-i-d-e-o-s-u-n-a-822257-243600-ykM18U.jpg","contentUrl":"https:\/\/denizcankizil.tr\/wp-content\/uploads\/2025\/07\/s-o-s-y-a-l-m-e-d-y-a-d-a-k-i-k-o-p-e-k-b-a-l-i-g-i-v-i-d-e-o-s-u-n-a-822257-243600-ykM18U.jpg","width":1280,"height":720},{"@type":"BreadcrumbList","@id":"https:\/\/denizcankizil.tr\/uk\/haberler\/antalya\/sosyal-medyadaki-kopek-baligi-videosuna-suc-duyurusu\/#breadcrumb","itemListElement":[{"@type":"ListItem","position":1,"name":"Home","item":"https:\/\/denizcankizil.tr\/de\/"},{"@type":"ListItem","position":2,"name":"Sosyal Medyadaki K\u00f6pek Bal\u0131\u011f\u0131 Videosuna Su\u00e7 Duyurusu"}]},{"@type":"WebSite","@id":"https:\/\/denizcankizil.tr\/#website","url":"https:\/\/denizcankizil.tr\/","name":"Av. Deniz Can K\u0131z\u0131l","description":"Avukat Deniz Can K\u0131z\u0131l Antalya Barosu","publisher":{"@id":"https:\/\/denizcankizil.tr\/#organization"},"potentialAction":[{"@type":"SearchAction","target":{"@type":"EntryPoint","urlTemplate":"https:\/\/denizcankizil.tr\/?s={search_term_string}"},"query-input":{"@type":"PropertyValueSpecification","valueRequired":true,"valueName":"search_term_string"}}],"inLanguage":"uk"},{"@type":"Organization","@id":"https:\/\/denizcankizil.tr\/#organization","name":"Av. Deniz Can K\u0131z\u0131l","url":"https:\/\/denizcankizil.tr\/","logo":{"@type":"ImageObject","inLanguage":"uk","@id":"https:\/\/denizcankizil.tr\/#\/schema\/logo\/image\/","url":"https:\/\/denizcankizil.tr\/wp-content\/uploads\/2024\/10\/siyah-logo-svg.svg","contentUrl":"https:\/\/denizcankizil.tr\/wp-content\/uploads\/2024\/10\/siyah-logo-svg.svg","width":1080,"height":1080,"caption":"Av. Deniz Can K\u0131z\u0131l"},"image":{"@id":"https:\/\/denizcankizil.tr\/#\/schema\/logo\/image\/"}},{"@type":"Person","@id":"https:\/\/denizcankizil.tr\/#\/schema\/person\/5dc1b22991bd7ac833867c10afc9b0ff","name":"Av. Deniz Can K\u0131z\u0131l","image":{"@type":"ImageObject","inLanguage":"uk","@id":"https:\/\/denizcankizil.tr\/#\/schema\/person\/image\/","url":"https:\/\/secure.gravatar.com\/avatar\/a0b128fb9855c79efc976d5640eedb31dc35ec297594d6016d2cf7c60e975bb6?s=96&d=mm&r=g","contentUrl":"https:\/\/secure.gravatar.com\/avatar\/a0b128fb9855c79efc976d5640eedb31dc35ec297594d6016d2cf7c60e975bb6?s=96&d=mm&r=g","caption":"Av. Deniz Can K\u0131z\u0131l"},"sameAs":["http:\/\/www.denizcankizil.tr"],"url":"https:\/\/denizcankizil.tr\/uk\/author\/denizcankizil\/"}]}},"_links":{"self":[{"href":"https:\/\/denizcankizil.tr\/uk\/wp-json\/wp\/v2\/posts\/149986","targetHints":{"allow":["GET"]}}],"collection":[{"href":"https:\/\/denizcankizil.tr\/uk\/wp-json\/wp\/v2\/posts"}],"about":[{"href":"https:\/\/denizcankizil.tr\/uk\/wp-json\/wp\/v2\/types\/post"}],"author":[{"embeddable":true,"href":"https:\/\/denizcankizil.tr\/uk\/wp-json\/wp\/v2\/users\/4"}],"replies":[{"embeddable":true,"href":"https:\/\/denizcankizil.tr\/uk\/wp-json\/wp\/v2\/comments?post=149986"}],"version-history":[{"count":0,"href":"https:\/\/denizcankizil.tr\/uk\/wp-json\/wp\/v2\/posts\/149986\/revisions"}],"wp:featuredmedia":[{"embeddable":true,"href":"https:\/\/denizcankizil.tr\/uk\/wp-json\/wp\/v2\/media\/149987"}],"wp:attachment":[{"href":"https:\/\/denizcankizil.tr\/uk\/wp-json\/wp\/v2\/media?parent=149986"}],"wp:term":[{"taxonomy":"category","embeddable":true,"href":"https:\/\/denizcankizil.tr\/uk\/wp-json\/wp\/v2\/categories?post=149986"},{"taxonomy":"post_tag","embeddable":true,"href":"https:\/\/denizcankizil.tr\/uk\/wp-json\/wp\/v2\/tags?post=149986"}],"curies":[{"name":"wp","href":"https:\/\/api.w.org\/{rel}","templated":true}]}}