{"id":149949,"date":"2025-07-18T17:41:45","date_gmt":"2025-07-18T14:41:45","guid":{"rendered":"https:\/\/denizcankizil.tr\/uncategorized-tr\/antalyada-kopekbaligi-goruldugu-mu-bakanliktan-aciklama-geldi\/"},"modified":"2025-07-18T17:41:45","modified_gmt":"2025-07-18T14:41:45","slug":"antalyada-kopekbaligi-goruldugu-mu-bakanliktan-aciklama-geldi","status":"publish","type":"post","link":"https:\/\/denizcankizil.tr\/uk\/haberler\/gundem\/antalyada-kopekbaligi-goruldugu-mu-bakanliktan-aciklama-geldi\/","title":{"rendered":"Antalya&#8217;da k\u00f6pekbal\u0131\u011f\u0131 g\u00f6r\u00fcld\u00fc\u011f\u00fc m\u00fc? Bakanl\u0131ktan a\u00e7\u0131klama geldi"},"content":{"rendered":"<p>Son g\u00fcnlerde sosyal medya platformlar\u0131nda dola\u015f\u0131ma sokulan ve Antalya k\u0131y\u0131lar\u0131nda k\u00f6pekbal\u0131\u011f\u0131 g\u00f6r\u00fcld\u00fc\u011f\u00fc y\u00f6n\u00fcndeki iddialar\u0131n ger\u00e7e\u011fi yans\u0131tmad\u0131\u011f\u0131 ortaya \u00e7\u0131kt\u0131. Dezenformasyonla M\u00fccadele Ba\u015fkanl\u0131\u011f\u0131, bahse konu g\u00f6r\u00fcnt\u00fcn\u00fcn Norve\u00e7li bir bal\u0131k\u00e7\u0131 taraf\u0131ndan kaydedildi\u011fini ve T\u00fcrkiye ile hi\u00e7bir ilgisinin bulunmad\u0131\u011f\u0131n\u0131 a\u00e7\u0131klad\u0131.<\/p>\n<p>NORVE\u00c7&#8217;TE \u00c7EK\u0130LM\u0130\u015e, T\u00dcRK\u0130YE&#8217;DE PAYLA\u015eILMI\u015e<\/p>\n<p>Antalya&#8217;da \u00e7ekildi\u011fi iddias\u0131yla sosyal medyada payla\u015f\u0131lan k\u00f6pekbal\u0131\u011f\u0131 videosunun, Norve\u00e7li bir sosyal medya kullan\u0131c\u0131s\u0131 taraf\u0131ndan 26 Haziran&#8217;da kendi \u00fclkesinde \u00e7ekildi\u011fi ve ilk olarak kendi hesab\u0131ndan payla\u015f\u0131ld\u0131\u011f\u0131 tespit edildi. Yap\u0131lan incelemeler sonucunda ula\u015ft\u0131klar\u0131 bilgileri aktaran ba\u015fkanl\u0131k \u015fu ifadelere yer verdi:<\/p>\n<p>&#8220;Sosyal medyada payla\u015f\u0131lan bahse konu g\u00f6r\u00fcnt\u00fc, Antalya&#8217;da veya T\u00fcrkiye&#8217;nin herhangi bir k\u0131y\u0131s\u0131nda \u00e7eki\u015fmemi\u015ftir. Yap\u0131lan incelemede ayn\u0131 videonun \u00fczerine ses eklenerek T\u00fcrkiye&#8217;de \u00e7ekildi\u011fi izlenimi verildi\u011fi ve 18 Temmuz (bug\u00fcn) T\u00fcrkiye&#8217;den payla\u015f\u0131ld\u0131\u011f\u0131 anla\u015f\u0131lm\u0131\u015ft\u0131r.&#8221;<\/p>\n<p>SAH\u0130L G\u00dcVENL\u0130K SU\u00c7 DUYURUSUNDA BULUNACAK<\/p>\n<p>Antalya Sahil G\u00fcvenlik Komutanl\u0131\u011f\u0131, manip\u00fcle edilen ve kamuoyunu yan\u0131ltmaya y\u00f6nelik bu i\u00e7erikle ilgili sorumlular hakk\u0131nda su\u00e7 duyurusunda bulunacak.<\/p>\n<p>&#8220;AMA\u00c7 T\u00dcRK\u0130YE TUR\u0130ZM\u0130N\u0130 SABOTE ETMEK&#8221;<\/p>\n<p>Dezenformasyon M\u00fccadele Ba\u015fkanl\u0131\u011f\u0131 taraf\u0131ndan yap\u0131lan a\u00e7\u0131klamada, turizm sezonun ortas\u0131nda \u00fclke turizmini hedef alan bu t\u00fcr i\u00e7eriklerin bilin\u00e7li olarak dola\u015f\u0131ma sokuldu\u011fu belirtildi. Ba\u015fkanl\u0131k, T\u00fcrkiye&#8217;nin g\u00fcvenli bir turizm destinasyonu oldu\u011funu ve bunu g\u00f6lgelemeye \u00e7al\u0131\u015fan dezenformasyon kampanyalar\u0131na itibar edilmemesi i\u00e7in kamuoyuna uyar\u0131da bulundu.<\/p>\n<p>\u200bSosyal medyada yay\u0131lan ve Antalya sahillerinde k\u00f6pekbal\u0131\u011f\u0131 g\u00f6r\u00fcld\u00fc\u011f\u00fc iddias\u0131yla payla\u015f\u0131lan g\u00f6r\u00fcnt\u00fclerin Norve\u00e7&#8217;te \u00e7ekildi\u011fi ortaya \u00e7\u0131kt\u0131. Dezenformasyonla M\u00fccadele Ba\u015fkanl\u0131\u011f\u0131, kamuoyunu uyararak g\u00f6r\u00fcnt\u00fclerin manip\u00fcle edildi\u011fini duyurdu.\u00a0<\/p>\n<p>\u200bHaberin Al\u0131nt\u0131land\u0131\u011f\u0131 Kaynak: www.antalyakorfez.com<\/p>","protected":false},"excerpt":{"rendered":"<p>Son g\u00fcnlerde sosyal medya platformlar\u0131nda dola\u015f\u0131ma sokulan ve Antalya k\u0131y\u0131lar\u0131nda k\u00f6pekbal\u0131\u011f\u0131 g\u00f6r\u00fcld\u00fc\u011f\u00fc y\u00f6n\u00fcndeki iddialar\u0131n ger\u00e7e\u011fi yans\u0131tmad\u0131\u011f\u0131 ortaya \u00e7\u0131kt\u0131. Dezenformasyonla M\u00fccadele Ba\u015fkanl\u0131\u011f\u0131, bahse konu g\u00f6r\u00fcnt\u00fcn\u00fcn Norve\u00e7li bir bal\u0131k\u00e7\u0131 taraf\u0131ndan kaydedildi\u011fini ve T\u00fcrkiye ile hi\u00e7bir ilgisinin bulunmad\u0131\u011f\u0131n\u0131 a\u00e7\u0131klad\u0131. NORVE\u00c7&#8217;TE \u00c7EK\u0130LM\u0130\u015e, T\u00dcRK\u0130YE&#8217;DE PAYLA\u015eILMI\u015e Antalya&#8217;da \u00e7ekildi\u011fi iddias\u0131yla sosyal medyada payla\u015f\u0131lan k\u00f6pekbal\u0131\u011f\u0131 videosunun, Norve\u00e7li bir sosyal medya kullan\u0131c\u0131s\u0131 taraf\u0131ndan 26 Haziran&#8217;da kendi \u00fclkesinde \u00e7ekildi\u011fi ve ilk olarak kendi hesab\u0131ndan payla\u015f\u0131ld\u0131\u011f\u0131 tespit edildi. Yap\u0131lan incelemeler sonucunda ula\u015ft\u0131klar\u0131 bilgileri aktaran ba\u015fkanl\u0131k \u015fu ifadelere yer verdi: &#8220;Sosyal medyada payla\u015f\u0131lan bahse konu g\u00f6r\u00fcnt\u00fc, Antalya&#8217;da veya T\u00fcrkiye&#8217;nin herhangi bir k\u0131y\u0131s\u0131nda \u00e7eki\u015fmemi\u015ftir. Yap\u0131lan incelemede ayn\u0131 videonun \u00fczerine ses eklenerek T\u00fcrkiye&#8217;de \u00e7ekildi\u011fi izlenimi verildi\u011fi ve 18 Temmuz (bug\u00fcn) T\u00fcrkiye&#8217;den payla\u015f\u0131ld\u0131\u011f\u0131 anla\u015f\u0131lm\u0131\u015ft\u0131r.&#8221; SAH\u0130L G\u00dcVENL\u0130K SU\u00c7 DUYURUSUNDA BULUNACAK Antalya Sahil G\u00fcvenlik Komutanl\u0131\u011f\u0131, manip\u00fcle edilen ve kamuoyunu yan\u0131ltmaya y\u00f6nelik bu i\u00e7erikle ilgili sorumlular hakk\u0131nda su\u00e7 duyurusunda bulunacak. &#8220;AMA\u00c7 T\u00dcRK\u0130YE TUR\u0130ZM\u0130N\u0130 SABOTE ETMEK&#8221; Dezenformasyon M\u00fccadele Ba\u015fkanl\u0131\u011f\u0131 taraf\u0131ndan yap\u0131lan a\u00e7\u0131klamada, turizm sezonun ortas\u0131nda \u00fclke turizmini hedef alan bu t\u00fcr i\u00e7eriklerin bilin\u00e7li olarak dola\u015f\u0131ma sokuldu\u011fu belirtildi. Ba\u015fkanl\u0131k, T\u00fcrkiye&#8217;nin g\u00fcvenli bir turizm destinasyonu oldu\u011funu ve bunu g\u00f6lgelemeye \u00e7al\u0131\u015fan dezenformasyon kampanyalar\u0131na itibar edilmemesi i\u00e7in kamuoyuna uyar\u0131da bulundu. \u200bSosyal medyada yay\u0131lan ve Antalya sahillerinde k\u00f6pekbal\u0131\u011f\u0131 g\u00f6r\u00fcld\u00fc\u011f\u00fc iddias\u0131yla payla\u015f\u0131lan g\u00f6r\u00fcnt\u00fclerin Norve\u00e7&#8217;te \u00e7ekildi\u011fi ortaya \u00e7\u0131kt\u0131. Dezenformasyonla M\u00fccadele Ba\u015fkanl\u0131\u011f\u0131, kamuoyunu uyararak g\u00f6r\u00fcnt\u00fclerin manip\u00fcle edildi\u011fini &hellip;<\/p>","protected":false},"author":5,"featured_media":0,"comment_status":"","ping_status":"open","sticky":false,"template":"","format":"standard","meta":{"_acf_changed":false,"footnotes":""},"categories":[24],"tags":[],"class_list":["post-149949","post","type-post","status-publish","format-standard","has-post-thumbnail","hentry","category-gundem"],"acf":[],"yoast_head":"<!-- This site is optimized with the Yoast SEO Premium plugin v26.6 (Yoast SEO v27.1.1) - https:\/\/yoast.com\/product\/yoast-seo-premium-wordpress\/ -->\n<title>Antalya&#039;da k\u00f6pekbal\u0131\u011f\u0131 g\u00f6r\u00fcld\u00fc\u011f\u00fc m\u00fc? Bakanl\u0131ktan a\u00e7\u0131klama geldi - Av. Deniz Can K\u0131z\u0131l<\/title>\n<meta name=\"robots\" content=\"index, follow, max-snippet:-1, max-image-preview:large, max-video-preview:-1\" \/>\n<link rel=\"canonical\" href=\"https:\/\/denizcankizil.tr\/uk\/haberler\/gundem\/antalyada-kopekbaligi-goruldugu-mu-bakanliktan-aciklama-geldi\/\" \/>\n<meta property=\"og:locale\" content=\"uk_UA\" \/>\n<meta property=\"og:type\" content=\"article\" \/>\n<meta property=\"og:title\" content=\"Antalya&#039;da k\u00f6pekbal\u0131\u011f\u0131 g\u00f6r\u00fcld\u00fc\u011f\u00fc m\u00fc? Bakanl\u0131ktan a\u00e7\u0131klama geldi\" \/>\n<meta property=\"og:description\" content=\"Son g\u00fcnlerde sosyal medya platformlar\u0131nda dola\u015f\u0131ma sokulan ve Antalya k\u0131y\u0131lar\u0131nda k\u00f6pekbal\u0131\u011f\u0131 g\u00f6r\u00fcld\u00fc\u011f\u00fc y\u00f6n\u00fcndeki iddialar\u0131n ger\u00e7e\u011fi yans\u0131tmad\u0131\u011f\u0131 ortaya \u00e7\u0131kt\u0131. Dezenformasyonla M\u00fccadele Ba\u015fkanl\u0131\u011f\u0131, bahse konu g\u00f6r\u00fcnt\u00fcn\u00fcn Norve\u00e7li bir bal\u0131k\u00e7\u0131 taraf\u0131ndan kaydedildi\u011fini ve T\u00fcrkiye ile hi\u00e7bir ilgisinin bulunmad\u0131\u011f\u0131n\u0131 a\u00e7\u0131klad\u0131. NORVE\u00c7&#8217;TE \u00c7EK\u0130LM\u0130\u015e, T\u00dcRK\u0130YE&#8217;DE PAYLA\u015eILMI\u015e Antalya&#8217;da \u00e7ekildi\u011fi iddias\u0131yla sosyal medyada payla\u015f\u0131lan k\u00f6pekbal\u0131\u011f\u0131 videosunun, Norve\u00e7li bir sosyal medya kullan\u0131c\u0131s\u0131 taraf\u0131ndan 26 Haziran&#8217;da kendi \u00fclkesinde \u00e7ekildi\u011fi ve ilk olarak kendi hesab\u0131ndan payla\u015f\u0131ld\u0131\u011f\u0131 tespit edildi. Yap\u0131lan incelemeler sonucunda ula\u015ft\u0131klar\u0131 bilgileri aktaran ba\u015fkanl\u0131k \u015fu ifadelere yer verdi: &#8220;Sosyal medyada payla\u015f\u0131lan bahse konu g\u00f6r\u00fcnt\u00fc, Antalya&#8217;da veya T\u00fcrkiye&#8217;nin herhangi bir k\u0131y\u0131s\u0131nda \u00e7eki\u015fmemi\u015ftir. Yap\u0131lan incelemede ayn\u0131 videonun \u00fczerine ses eklenerek T\u00fcrkiye&#8217;de \u00e7ekildi\u011fi izlenimi verildi\u011fi ve 18 Temmuz (bug\u00fcn) T\u00fcrkiye&#8217;den payla\u015f\u0131ld\u0131\u011f\u0131 anla\u015f\u0131lm\u0131\u015ft\u0131r.&#8221; SAH\u0130L G\u00dcVENL\u0130K SU\u00c7 DUYURUSUNDA BULUNACAK Antalya Sahil G\u00fcvenlik Komutanl\u0131\u011f\u0131, manip\u00fcle edilen ve kamuoyunu yan\u0131ltmaya y\u00f6nelik bu i\u00e7erikle ilgili sorumlular hakk\u0131nda su\u00e7 duyurusunda bulunacak. &#8220;AMA\u00c7 T\u00dcRK\u0130YE TUR\u0130ZM\u0130N\u0130 SABOTE ETMEK&#8221; Dezenformasyon M\u00fccadele Ba\u015fkanl\u0131\u011f\u0131 taraf\u0131ndan yap\u0131lan a\u00e7\u0131klamada, turizm sezonun ortas\u0131nda \u00fclke turizmini hedef alan bu t\u00fcr i\u00e7eriklerin bilin\u00e7li olarak dola\u015f\u0131ma sokuldu\u011fu belirtildi. Ba\u015fkanl\u0131k, T\u00fcrkiye&#8217;nin g\u00fcvenli bir turizm destinasyonu oldu\u011funu ve bunu g\u00f6lgelemeye \u00e7al\u0131\u015fan dezenformasyon kampanyalar\u0131na itibar edilmemesi i\u00e7in kamuoyuna uyar\u0131da bulundu. \u200bSosyal medyada yay\u0131lan ve Antalya sahillerinde k\u00f6pekbal\u0131\u011f\u0131 g\u00f6r\u00fcld\u00fc\u011f\u00fc iddias\u0131yla payla\u015f\u0131lan g\u00f6r\u00fcnt\u00fclerin Norve\u00e7&#8217;te \u00e7ekildi\u011fi ortaya \u00e7\u0131kt\u0131. Dezenformasyonla M\u00fccadele Ba\u015fkanl\u0131\u011f\u0131, kamuoyunu uyararak g\u00f6r\u00fcnt\u00fclerin manip\u00fcle edildi\u011fini &hellip;\" \/>\n<meta property=\"og:url\" content=\"https:\/\/denizcankizil.tr\/uk\/haberler\/gundem\/antalyada-kopekbaligi-goruldugu-mu-bakanliktan-aciklama-geldi\/\" \/>\n<meta property=\"og:site_name\" content=\"Av. Deniz Can K\u0131z\u0131l\" \/>\n<meta property=\"article:published_time\" content=\"2025-07-18T14:41:45+00:00\" \/>\n<meta name=\"author\" content=\"Antalya K\u00f6rfez\" \/>\n<meta name=\"twitter:card\" content=\"summary_large_image\" \/>\n<meta name=\"twitter:label1\" content=\"\u041d\u0430\u043f\u0438\u0441\u0430\u043d\u043e\" \/>\n\t<meta name=\"twitter:data1\" content=\"Antalya K\u00f6rfez\" \/>\n\t<meta name=\"twitter:label2\" content=\"\u041f\u0440\u0438\u0431\u043b. \u0447\u0430\u0441 \u0447\u0438\u0442\u0430\u043d\u043d\u044f\" \/>\n\t<meta name=\"twitter:data2\" content=\"2 \u0445\u0432\u0438\u043b\u0438\u043d\u0438\" \/>\n<script type=\"application\/ld+json\" class=\"yoast-schema-graph\">{\"@context\":\"https:\/\/schema.org\",\"@graph\":[{\"@type\":\"Article\",\"@id\":\"https:\/\/denizcankizil.tr\/de\/haberler\/gundem\/antalyada-kopekbaligi-goruldugu-mu-bakanliktan-aciklama-geldi\/#article\",\"isPartOf\":{\"@id\":\"https:\/\/denizcankizil.tr\/de\/haberler\/gundem\/antalyada-kopekbaligi-goruldugu-mu-bakanliktan-aciklama-geldi\/\"},\"author\":{\"name\":\"Antalya K\u00f6rfez\",\"@id\":\"https:\/\/denizcankizil.tr\/#\/schema\/person\/e1eb71bb4dd684d46563f0af307e1234\"},\"headline\":\"Antalya&#8217;da k\u00f6pekbal\u0131\u011f\u0131 g\u00f6r\u00fcld\u00fc\u011f\u00fc m\u00fc? Bakanl\u0131ktan a\u00e7\u0131klama geldi\",\"datePublished\":\"2025-07-18T14:41:45+00:00\",\"mainEntityOfPage\":{\"@id\":\"https:\/\/denizcankizil.tr\/de\/haberler\/gundem\/antalyada-kopekbaligi-goruldugu-mu-bakanliktan-aciklama-geldi\/\"},\"wordCount\":349,\"publisher\":{\"@id\":\"https:\/\/denizcankizil.tr\/#organization\"},\"articleSection\":[\"G\u00fcndem\"],\"inLanguage\":\"uk\"},{\"@type\":\"WebPage\",\"@id\":\"https:\/\/denizcankizil.tr\/de\/haberler\/gundem\/antalyada-kopekbaligi-goruldugu-mu-bakanliktan-aciklama-geldi\/\",\"url\":\"https:\/\/denizcankizil.tr\/de\/haberler\/gundem\/antalyada-kopekbaligi-goruldugu-mu-bakanliktan-aciklama-geldi\/\",\"name\":\"Antalya'da k\u00f6pekbal\u0131\u011f\u0131 g\u00f6r\u00fcld\u00fc\u011f\u00fc m\u00fc? Bakanl\u0131ktan a\u00e7\u0131klama geldi - Av. Deniz Can K\u0131z\u0131l\",\"isPartOf\":{\"@id\":\"https:\/\/denizcankizil.tr\/#website\"},\"datePublished\":\"2025-07-18T14:41:45+00:00\",\"breadcrumb\":{\"@id\":\"https:\/\/denizcankizil.tr\/de\/haberler\/gundem\/antalyada-kopekbaligi-goruldugu-mu-bakanliktan-aciklama-geldi\/#breadcrumb\"},\"inLanguage\":\"uk\",\"potentialAction\":[{\"@type\":\"ReadAction\",\"target\":[\"https:\/\/denizcankizil.tr\/de\/haberler\/gundem\/antalyada-kopekbaligi-goruldugu-mu-bakanliktan-aciklama-geldi\/\"]}]},{\"@type\":\"BreadcrumbList\",\"@id\":\"https:\/\/denizcankizil.tr\/de\/haberler\/gundem\/antalyada-kopekbaligi-goruldugu-mu-bakanliktan-aciklama-geldi\/#breadcrumb\",\"itemListElement\":[{\"@type\":\"ListItem\",\"position\":1,\"name\":\"Home\",\"item\":\"https:\/\/denizcankizil.tr\/de\/\"},{\"@type\":\"ListItem\",\"position\":2,\"name\":\"Antalya&#8217;da k\u00f6pekbal\u0131\u011f\u0131 g\u00f6r\u00fcld\u00fc\u011f\u00fc m\u00fc? Bakanl\u0131ktan a\u00e7\u0131klama geldi\"}]},{\"@type\":\"WebSite\",\"@id\":\"https:\/\/denizcankizil.tr\/#website\",\"url\":\"https:\/\/denizcankizil.tr\/\",\"name\":\"Av. Deniz Can K\u0131z\u0131l\",\"description\":\"Avukat Deniz Can K\u0131z\u0131l Antalya Barosu\",\"publisher\":{\"@id\":\"https:\/\/denizcankizil.tr\/#organization\"},\"potentialAction\":[{\"@type\":\"SearchAction\",\"target\":{\"@type\":\"EntryPoint\",\"urlTemplate\":\"https:\/\/denizcankizil.tr\/?s={search_term_string}\"},\"query-input\":{\"@type\":\"PropertyValueSpecification\",\"valueRequired\":true,\"valueName\":\"search_term_string\"}}],\"inLanguage\":\"uk\"},{\"@type\":\"Organization\",\"@id\":\"https:\/\/denizcankizil.tr\/#organization\",\"name\":\"Av. Deniz Can K\u0131z\u0131l\",\"url\":\"https:\/\/denizcankizil.tr\/\",\"logo\":{\"@type\":\"ImageObject\",\"inLanguage\":\"uk\",\"@id\":\"https:\/\/denizcankizil.tr\/#\/schema\/logo\/image\/\",\"url\":\"https:\/\/denizcankizil.tr\/wp-content\/uploads\/2024\/10\/siyah-logo-svg.svg\",\"contentUrl\":\"https:\/\/denizcankizil.tr\/wp-content\/uploads\/2024\/10\/siyah-logo-svg.svg\",\"width\":1080,\"height\":1080,\"caption\":\"Av. Deniz Can K\u0131z\u0131l\"},\"image\":{\"@id\":\"https:\/\/denizcankizil.tr\/#\/schema\/logo\/image\/\"}},{\"@type\":\"Person\",\"@id\":\"https:\/\/denizcankizil.tr\/#\/schema\/person\/e1eb71bb4dd684d46563f0af307e1234\",\"name\":\"Antalya K\u00f6rfez\",\"image\":{\"@type\":\"ImageObject\",\"inLanguage\":\"uk\",\"@id\":\"https:\/\/denizcankizil.tr\/#\/schema\/person\/image\/\",\"url\":\"https:\/\/secure.gravatar.com\/avatar\/42b01982558a48a0b501fdcab6a408d3717ea5919095ee2e67b0e521799c5905?s=96&d=mm&r=g\",\"contentUrl\":\"https:\/\/secure.gravatar.com\/avatar\/42b01982558a48a0b501fdcab6a408d3717ea5919095ee2e67b0e521799c5905?s=96&d=mm&r=g\",\"caption\":\"Antalya K\u00f6rfez\"},\"sameAs\":[\"http:\/\/www.antalyakorfez.com\"],\"url\":\"https:\/\/www.antalyakorfez.com\/antalyada-kopekbaligi-goruldugu-mu-bakanliktan-aciklama-geldi\"}]}<\/script>\n<!-- \/ Yoast SEO Premium plugin. -->","yoast_head_json":{"title":"Antalya'da k\u00f6pekbal\u0131\u011f\u0131 g\u00f6r\u00fcld\u00fc\u011f\u00fc m\u00fc? Bakanl\u0131ktan a\u00e7\u0131klama geldi - Av. Deniz Can K\u0131z\u0131l","robots":{"index":"index","follow":"follow","max-snippet":"max-snippet:-1","max-image-preview":"max-image-preview:large","max-video-preview":"max-video-preview:-1"},"canonical":"https:\/\/denizcankizil.tr\/uk\/haberler\/gundem\/antalyada-kopekbaligi-goruldugu-mu-bakanliktan-aciklama-geldi\/","og_locale":"uk_UA","og_type":"article","og_title":"Antalya'da k\u00f6pekbal\u0131\u011f\u0131 g\u00f6r\u00fcld\u00fc\u011f\u00fc m\u00fc? Bakanl\u0131ktan a\u00e7\u0131klama geldi","og_description":"Son g\u00fcnlerde sosyal medya platformlar\u0131nda dola\u015f\u0131ma sokulan ve Antalya k\u0131y\u0131lar\u0131nda k\u00f6pekbal\u0131\u011f\u0131 g\u00f6r\u00fcld\u00fc\u011f\u00fc y\u00f6n\u00fcndeki iddialar\u0131n ger\u00e7e\u011fi yans\u0131tmad\u0131\u011f\u0131 ortaya \u00e7\u0131kt\u0131. Dezenformasyonla M\u00fccadele Ba\u015fkanl\u0131\u011f\u0131, bahse konu g\u00f6r\u00fcnt\u00fcn\u00fcn Norve\u00e7li bir bal\u0131k\u00e7\u0131 taraf\u0131ndan kaydedildi\u011fini ve T\u00fcrkiye ile hi\u00e7bir ilgisinin bulunmad\u0131\u011f\u0131n\u0131 a\u00e7\u0131klad\u0131. NORVE\u00c7&#8217;TE \u00c7EK\u0130LM\u0130\u015e, T\u00dcRK\u0130YE&#8217;DE PAYLA\u015eILMI\u015e Antalya&#8217;da \u00e7ekildi\u011fi iddias\u0131yla sosyal medyada payla\u015f\u0131lan k\u00f6pekbal\u0131\u011f\u0131 videosunun, Norve\u00e7li bir sosyal medya kullan\u0131c\u0131s\u0131 taraf\u0131ndan 26 Haziran&#8217;da kendi \u00fclkesinde \u00e7ekildi\u011fi ve ilk olarak kendi hesab\u0131ndan payla\u015f\u0131ld\u0131\u011f\u0131 tespit edildi. Yap\u0131lan incelemeler sonucunda ula\u015ft\u0131klar\u0131 bilgileri aktaran ba\u015fkanl\u0131k \u015fu ifadelere yer verdi: &#8220;Sosyal medyada payla\u015f\u0131lan bahse konu g\u00f6r\u00fcnt\u00fc, Antalya&#8217;da veya T\u00fcrkiye&#8217;nin herhangi bir k\u0131y\u0131s\u0131nda \u00e7eki\u015fmemi\u015ftir. Yap\u0131lan incelemede ayn\u0131 videonun \u00fczerine ses eklenerek T\u00fcrkiye&#8217;de \u00e7ekildi\u011fi izlenimi verildi\u011fi ve 18 Temmuz (bug\u00fcn) T\u00fcrkiye&#8217;den payla\u015f\u0131ld\u0131\u011f\u0131 anla\u015f\u0131lm\u0131\u015ft\u0131r.&#8221; SAH\u0130L G\u00dcVENL\u0130K SU\u00c7 DUYURUSUNDA BULUNACAK Antalya Sahil G\u00fcvenlik Komutanl\u0131\u011f\u0131, manip\u00fcle edilen ve kamuoyunu yan\u0131ltmaya y\u00f6nelik bu i\u00e7erikle ilgili sorumlular hakk\u0131nda su\u00e7 duyurusunda bulunacak. &#8220;AMA\u00c7 T\u00dcRK\u0130YE TUR\u0130ZM\u0130N\u0130 SABOTE ETMEK&#8221; Dezenformasyon M\u00fccadele Ba\u015fkanl\u0131\u011f\u0131 taraf\u0131ndan yap\u0131lan a\u00e7\u0131klamada, turizm sezonun ortas\u0131nda \u00fclke turizmini hedef alan bu t\u00fcr i\u00e7eriklerin bilin\u00e7li olarak dola\u015f\u0131ma sokuldu\u011fu belirtildi. Ba\u015fkanl\u0131k, T\u00fcrkiye&#8217;nin g\u00fcvenli bir turizm destinasyonu oldu\u011funu ve bunu g\u00f6lgelemeye \u00e7al\u0131\u015fan dezenformasyon kampanyalar\u0131na itibar edilmemesi i\u00e7in kamuoyuna uyar\u0131da bulundu. \u200bSosyal medyada yay\u0131lan ve Antalya sahillerinde k\u00f6pekbal\u0131\u011f\u0131 g\u00f6r\u00fcld\u00fc\u011f\u00fc iddias\u0131yla payla\u015f\u0131lan g\u00f6r\u00fcnt\u00fclerin Norve\u00e7&#8217;te \u00e7ekildi\u011fi ortaya \u00e7\u0131kt\u0131. Dezenformasyonla M\u00fccadele Ba\u015fkanl\u0131\u011f\u0131, kamuoyunu uyararak g\u00f6r\u00fcnt\u00fclerin manip\u00fcle edildi\u011fini &hellip;","og_url":"https:\/\/denizcankizil.tr\/uk\/haberler\/gundem\/antalyada-kopekbaligi-goruldugu-mu-bakanliktan-aciklama-geldi\/","og_site_name":"Av. Deniz Can K\u0131z\u0131l","article_published_time":"2025-07-18T14:41:45+00:00","author":"Antalya K\u00f6rfez","twitter_card":"summary_large_image","twitter_misc":{"\u041d\u0430\u043f\u0438\u0441\u0430\u043d\u043e":"Antalya K\u00f6rfez","\u041f\u0440\u0438\u0431\u043b. \u0447\u0430\u0441 \u0447\u0438\u0442\u0430\u043d\u043d\u044f":"2 \u0445\u0432\u0438\u043b\u0438\u043d\u0438"},"schema":{"@context":"https:\/\/schema.org","@graph":[{"@type":"Article","@id":"https:\/\/denizcankizil.tr\/de\/haberler\/gundem\/antalyada-kopekbaligi-goruldugu-mu-bakanliktan-aciklama-geldi\/#article","isPartOf":{"@id":"https:\/\/denizcankizil.tr\/de\/haberler\/gundem\/antalyada-kopekbaligi-goruldugu-mu-bakanliktan-aciklama-geldi\/"},"author":{"name":"Antalya K\u00f6rfez","@id":"https:\/\/denizcankizil.tr\/#\/schema\/person\/e1eb71bb4dd684d46563f0af307e1234"},"headline":"Antalya&#8217;da k\u00f6pekbal\u0131\u011f\u0131 g\u00f6r\u00fcld\u00fc\u011f\u00fc m\u00fc? Bakanl\u0131ktan a\u00e7\u0131klama geldi","datePublished":"2025-07-18T14:41:45+00:00","mainEntityOfPage":{"@id":"https:\/\/denizcankizil.tr\/de\/haberler\/gundem\/antalyada-kopekbaligi-goruldugu-mu-bakanliktan-aciklama-geldi\/"},"wordCount":349,"publisher":{"@id":"https:\/\/denizcankizil.tr\/#organization"},"articleSection":["G\u00fcndem"],"inLanguage":"uk"},{"@type":"WebPage","@id":"https:\/\/denizcankizil.tr\/de\/haberler\/gundem\/antalyada-kopekbaligi-goruldugu-mu-bakanliktan-aciklama-geldi\/","url":"https:\/\/denizcankizil.tr\/de\/haberler\/gundem\/antalyada-kopekbaligi-goruldugu-mu-bakanliktan-aciklama-geldi\/","name":"Antalya'da k\u00f6pekbal\u0131\u011f\u0131 g\u00f6r\u00fcld\u00fc\u011f\u00fc m\u00fc? Bakanl\u0131ktan a\u00e7\u0131klama geldi - Av. Deniz Can K\u0131z\u0131l","isPartOf":{"@id":"https:\/\/denizcankizil.tr\/#website"},"datePublished":"2025-07-18T14:41:45+00:00","breadcrumb":{"@id":"https:\/\/denizcankizil.tr\/de\/haberler\/gundem\/antalyada-kopekbaligi-goruldugu-mu-bakanliktan-aciklama-geldi\/#breadcrumb"},"inLanguage":"uk","potentialAction":[{"@type":"ReadAction","target":["https:\/\/denizcankizil.tr\/de\/haberler\/gundem\/antalyada-kopekbaligi-goruldugu-mu-bakanliktan-aciklama-geldi\/"]}]},{"@type":"BreadcrumbList","@id":"https:\/\/denizcankizil.tr\/de\/haberler\/gundem\/antalyada-kopekbaligi-goruldugu-mu-bakanliktan-aciklama-geldi\/#breadcrumb","itemListElement":[{"@type":"ListItem","position":1,"name":"Home","item":"https:\/\/denizcankizil.tr\/de\/"},{"@type":"ListItem","position":2,"name":"Antalya&#8217;da k\u00f6pekbal\u0131\u011f\u0131 g\u00f6r\u00fcld\u00fc\u011f\u00fc m\u00fc? Bakanl\u0131ktan a\u00e7\u0131klama geldi"}]},{"@type":"WebSite","@id":"https:\/\/denizcankizil.tr\/#website","url":"https:\/\/denizcankizil.tr\/","name":"Av. Deniz Can K\u0131z\u0131l","description":"Avukat Deniz Can K\u0131z\u0131l Antalya Barosu","publisher":{"@id":"https:\/\/denizcankizil.tr\/#organization"},"potentialAction":[{"@type":"SearchAction","target":{"@type":"EntryPoint","urlTemplate":"https:\/\/denizcankizil.tr\/?s={search_term_string}"},"query-input":{"@type":"PropertyValueSpecification","valueRequired":true,"valueName":"search_term_string"}}],"inLanguage":"uk"},{"@type":"Organization","@id":"https:\/\/denizcankizil.tr\/#organization","name":"Av. Deniz Can K\u0131z\u0131l","url":"https:\/\/denizcankizil.tr\/","logo":{"@type":"ImageObject","inLanguage":"uk","@id":"https:\/\/denizcankizil.tr\/#\/schema\/logo\/image\/","url":"https:\/\/denizcankizil.tr\/wp-content\/uploads\/2024\/10\/siyah-logo-svg.svg","contentUrl":"https:\/\/denizcankizil.tr\/wp-content\/uploads\/2024\/10\/siyah-logo-svg.svg","width":1080,"height":1080,"caption":"Av. Deniz Can K\u0131z\u0131l"},"image":{"@id":"https:\/\/denizcankizil.tr\/#\/schema\/logo\/image\/"}},{"@type":"Person","@id":"https:\/\/denizcankizil.tr\/#\/schema\/person\/e1eb71bb4dd684d46563f0af307e1234","name":"Antalya K\u00f6rfez","image":{"@type":"ImageObject","inLanguage":"uk","@id":"https:\/\/denizcankizil.tr\/#\/schema\/person\/image\/","url":"https:\/\/secure.gravatar.com\/avatar\/42b01982558a48a0b501fdcab6a408d3717ea5919095ee2e67b0e521799c5905?s=96&d=mm&r=g","contentUrl":"https:\/\/secure.gravatar.com\/avatar\/42b01982558a48a0b501fdcab6a408d3717ea5919095ee2e67b0e521799c5905?s=96&d=mm&r=g","caption":"Antalya K\u00f6rfez"},"sameAs":["http:\/\/www.antalyakorfez.com"],"url":"https:\/\/www.antalyakorfez.com\/antalyada-kopekbaligi-goruldugu-mu-bakanliktan-aciklama-geldi"}]}},"_links":{"self":[{"href":"https:\/\/denizcankizil.tr\/uk\/wp-json\/wp\/v2\/posts\/149949","targetHints":{"allow":["GET"]}}],"collection":[{"href":"https:\/\/denizcankizil.tr\/uk\/wp-json\/wp\/v2\/posts"}],"about":[{"href":"https:\/\/denizcankizil.tr\/uk\/wp-json\/wp\/v2\/types\/post"}],"author":[{"embeddable":true,"href":"https:\/\/denizcankizil.tr\/uk\/wp-json\/wp\/v2\/users\/5"}],"replies":[{"embeddable":true,"href":"https:\/\/denizcankizil.tr\/uk\/wp-json\/wp\/v2\/comments?post=149949"}],"version-history":[{"count":0,"href":"https:\/\/denizcankizil.tr\/uk\/wp-json\/wp\/v2\/posts\/149949\/revisions"}],"wp:attachment":[{"href":"https:\/\/denizcankizil.tr\/uk\/wp-json\/wp\/v2\/media?parent=149949"}],"wp:term":[{"taxonomy":"category","embeddable":true,"href":"https:\/\/denizcankizil.tr\/uk\/wp-json\/wp\/v2\/categories?post=149949"},{"taxonomy":"post_tag","embeddable":true,"href":"https:\/\/denizcankizil.tr\/uk\/wp-json\/wp\/v2\/tags?post=149949"}],"curies":[{"name":"wp","href":"https:\/\/api.w.org\/{rel}","templated":true}]}}