{"id":149749,"date":"2025-07-18T11:42:20","date_gmt":"2025-07-18T08:42:20","guid":{"rendered":"https:\/\/denizcankizil.tr\/uncategorized-tr\/cam-agaclari-elestirilerine-yanit\/"},"modified":"2025-07-18T11:42:20","modified_gmt":"2025-07-18T08:42:20","slug":"cam-agaclari-elestirilerine-yanit","status":"publish","type":"post","link":"https:\/\/denizcankizil.tr\/uk\/haberler\/gundem\/cam-agaclari-elestirilerine-yanit\/","title":{"rendered":"\u201c\u00c7am A\u011fa\u00e7lar\u0131\u201d Ele\u015ftirilerine Yan\u0131t\u2026"},"content":{"rendered":"<p>Orman Genel M\u00fcd\u00fcrl\u00fc\u011f\u00fc&#8217;n\u00fcn yapt\u0131\u011f\u0131 a\u00e7\u0131klamay\u0131 Hatay Orman B\u00f6lge M\u00fcd\u00fcrl\u00fc\u011f\u00fc de Sosyal Medya hesab\u0131 \u00fczerinden payla\u015farak T\u00fcrkiye ormanlar\u0131nda me\u015fe, sedir, ladin, kestane, k\u0131z\u0131la\u011fa\u00e7 ve g\u00fcrgen gibi onlarca farkl\u0131 t\u00fcr\u00fcn zaten do\u011fal olarak bulundu\u011funa i\u015faret edildi.<\/p>\n\n<p><strong>DO\u011eAL YAYILIM <\/strong><\/p>\n<p><strong>G\u00d6Z ARDI ED\u0130LM\u0130YOR<\/strong><\/p>\n<p>Yeni ormanla\u015ft\u0131rma s\u00fcre\u00e7lerinin bilimsel ve ekolojik esaslara g\u00f6re y\u00fcr\u00fct\u00fcld\u00fc\u011f\u00fcn\u00fcn vurguland\u0131\u011f\u0131 payla\u015f\u0131mda, ormanlar\u0131n t\u00fcr da\u011f\u0131l\u0131m\u0131na da dikkat \u00e7ekilerek \u201cT\u00fcrkiye\u2019deki ormanlar\u0131n yakla\u015f\u0131k: %30\u2019unun me\u015fe, %23\u2019\u00fcn\u00fcn k\u0131z\u0131l\u00e7am, %17\u2019sinin kara\u00e7am, %7\u2019sinin sar\u0131\u00e7am, %23\u2019\u00fcn\u00fcn ise di\u011fer farkl\u0131 t\u00fcrlerden olu\u015ftu\u011fu kaydedildi.<\/p>\n\n<p><strong>YANGINA D\u0130REN\u00c7L\u0130 <\/strong><\/p>\n<p><strong>ORMANLAR KURULUYOR<\/strong><\/p>\n<p>Tar\u0131m ve Orman Bakanl\u0131\u011f\u0131 taraf\u0131ndan y\u00fcr\u00fct\u00fclen <strong>YARDOP (Yang\u0131na Diren\u00e7li Ormanlar Projesi)<\/strong> hakk\u0131nda da bilgi verilen a\u00e7\u0131klamada, her b\u00f6lgenin iklimi, toprak yap\u0131s\u0131, rak\u0131m\u0131, g\u00fcne\u015f alma s\u00fcresi ve bitki biyolojisi dikkate al\u0131narak orman olu\u015fturuldu\u011fu ifade edildi. \u201cHer yerde her a\u011fa\u00e7 yeti\u015fir\u201d gibi genellemelerin do\u011fru olmad\u0131\u011f\u0131 vurguland\u0131.<\/p>\n\n<p><strong>\u201cNEDEN \u00c7AM A\u011eA\u00c7LARI DAHA FAZLA?\u201d <\/strong><\/p>\n<p><strong>SORUSUNA YANIT\u2026<\/strong><\/p>\n<p>Kamuoyunda s\u0131k\u00e7a dile getirilen \u201cNeden hep \u00e7am dikiliyor?\u201d ele\u015ftirilerine de a\u00e7\u0131kl\u0131k getirildi. A\u00e7\u0131klamada \u00e7amlar\u0131n: Do\u011fal olarak en yayg\u0131n t\u00fcrler aras\u0131nda yer ald\u0131\u011f\u0131, Az suyla ya\u015fam\u0131n\u0131 s\u00fcrd\u00fcrebildi\u011fi, Yang\u0131n sonras\u0131 kendini yenileyebildi\u011fi, \u00d6zellikle k\u0131z\u0131l\u00e7am\u0131n (Pinus Brutia) Akdeniz iklimine do\u011fal olarak adapte oldu\u011fu, belirtilerek, k\u0131z\u0131l\u00e7am\u0131n yang\u0131na kar\u015f\u0131 diren\u00e7li ve ekolojik olarak avantajl\u0131 bir t\u00fcr oldu\u011funa vurgu yap\u0131ld\u0131.<\/p>\n\n<p>Ayr\u0131ca \u201c\u00c7amlar Marshall yard\u0131m\u0131yla geldi\u201d iddias\u0131n\u0131n da ger\u00e7ek d\u0131\u015f\u0131 oldu\u011fu belirtilerek, Anadolu\u2019da 20 milyon y\u0131ll\u0131k \u00e7am fosillerinin bulundu\u011fu ve k\u0131z\u0131l\u00e7am\u0131n d\u00fcnya edebiyat\u0131nda \u201cT\u00fcrk K\u0131z\u0131l\u00e7am\u0131\u201d olarak an\u0131ld\u0131\u011f\u0131n\u0131n alt\u0131 \u00e7izildi.<\/p>\n\n<p>Zeytin ve badem gibi meyveli t\u00fcrlerin neden orman kurulumu i\u00e7in tercih edilmedi\u011fine de a\u00e7\u0131kl\u0131k getirilen payla\u015f\u0131mda bilgilere yer verildi: \u201cBu t\u00fcrler ormanla\u015ft\u0131rmaya uygun de\u011fil, Sulama ve g\u00fcbreleme gibi \u00f6zel bak\u0131m isterler, Yang\u0131na kar\u015f\u0131 hassast\u0131rlar, S\u0131k dikilemedikleri i\u00e7in yang\u0131n kontrol\u00fcnde etkisizdirler, Oksijen \u00fcretimi ve karbon tutma gibi ekosistem hizmetleri a\u00e7\u0131s\u0131ndan d\u00fc\u015f\u00fck verimlidirler.\u201d<\/p>\n\n<p><strong>\u201cDO\u011eAYLA UYUMLU, <\/strong><\/p>\n<p><strong>B\u0130L\u0130MSEL YAKLA\u015eIM\u201d VURGUSU<\/strong><\/p>\n<p>Hatay Orman B\u00f6lge M\u00fcd\u00fcrl\u00fc\u011f\u00fc, a\u00e7\u0131klamas\u0131n\u0131n sonunda t\u00fcm a\u011fa\u00e7land\u0131rma ve orman y\u00f6netim s\u00fcre\u00e7lerinin bilimsel veriler \u0131\u015f\u0131\u011f\u0131nda, do\u011fayla ve b\u00f6lgesel ko\u015fullarla uyum i\u00e7inde y\u00fcr\u00fct\u00fcld\u00fc\u011f\u00fcne de\u011finildi.<\/p>\n<p><img decoding=\"async\" alt=\"520710099 1066034112369120 4260581373987042145 N\" class=\"detail-photo img-fluid lazyload\" height=\"1600\" data-src=\"https:\/\/iskenderunorg.teimg.com\/iskenderun-org\/uploads\/2025\/07\/2025\/07\/520710099-1066034112369120-4260581373987042145-n.jpg\" width=\"1280\" src=\"data:image\/svg+xml;base64,PHN2ZyB3aWR0aD0iMSIgaGVpZ2h0PSIxIiB4bWxucz0iaHR0cDovL3d3dy53My5vcmcvMjAwMC9zdmciPjwvc3ZnPg==\" style=\"--smush-placeholder-width: 1280px; --smush-placeholder-aspect-ratio: 1280\/1600;\" \/><\/p>\n<p>\u200bHatay Orman B\u00f6lge M\u00fcd\u00fcrl\u00fc\u011f\u00fc, sosyal medyada yap\u0131lan orman t\u00fcrleri ve a\u011fa\u00e7land\u0131rma politikalar\u0131 hakk\u0131ndaki ele\u015ftirilere y\u00f6nelik bir a\u00e7\u0131klama yay\u0131mlad\u0131.\u00a0<\/p>\n<p>\u200bHaberin Al\u0131nt\u0131land\u0131\u011f\u0131 Kaynak: www.iskenderun.org<\/p>","protected":false},"excerpt":{"rendered":"<p>Orman Genel M\u00fcd\u00fcrl\u00fc\u011f\u00fc&#8217;n\u00fcn yapt\u0131\u011f\u0131 a\u00e7\u0131klamay\u0131 Hatay Orman B\u00f6lge M\u00fcd\u00fcrl\u00fc\u011f\u00fc de Sosyal Medya hesab\u0131 \u00fczerinden payla\u015farak T\u00fcrkiye ormanlar\u0131nda me\u015fe, sedir, ladin, kestane, k\u0131z\u0131la\u011fa\u00e7 ve g\u00fcrgen gibi onlarca farkl\u0131 t\u00fcr\u00fcn zaten do\u011fal olarak bulundu\u011funa i\u015faret edildi. DO\u011eAL YAYILIM G\u00d6Z ARDI ED\u0130LM\u0130YOR Yeni ormanla\u015ft\u0131rma s\u00fcre\u00e7lerinin bilimsel ve ekolojik esaslara g\u00f6re y\u00fcr\u00fct\u00fcld\u00fc\u011f\u00fcn\u00fcn vurguland\u0131\u011f\u0131 payla\u015f\u0131mda, ormanlar\u0131n t\u00fcr da\u011f\u0131l\u0131m\u0131na da dikkat \u00e7ekilerek \u201cT\u00fcrkiye\u2019deki ormanlar\u0131n yakla\u015f\u0131k: %30\u2019unun me\u015fe, %23\u2019\u00fcn\u00fcn k\u0131z\u0131l\u00e7am, %17\u2019sinin kara\u00e7am, %7\u2019sinin sar\u0131\u00e7am, %23\u2019\u00fcn\u00fcn ise di\u011fer farkl\u0131 t\u00fcrlerden olu\u015ftu\u011fu kaydedildi. YANGINA D\u0130REN\u00c7L\u0130 ORMANLAR KURULUYOR Tar\u0131m ve Orman Bakanl\u0131\u011f\u0131 taraf\u0131ndan y\u00fcr\u00fct\u00fclen YARDOP (Yang\u0131na Diren\u00e7li Ormanlar Projesi) hakk\u0131nda da bilgi verilen a\u00e7\u0131klamada, her b\u00f6lgenin iklimi, toprak yap\u0131s\u0131, rak\u0131m\u0131, g\u00fcne\u015f alma s\u00fcresi ve bitki biyolojisi dikkate al\u0131narak orman olu\u015fturuldu\u011fu ifade edildi. \u201cHer yerde her a\u011fa\u00e7 yeti\u015fir\u201d gibi genellemelerin do\u011fru olmad\u0131\u011f\u0131 vurguland\u0131. \u201cNEDEN \u00c7AM A\u011eA\u00c7LARI DAHA FAZLA?\u201d SORUSUNA YANIT\u2026 Kamuoyunda s\u0131k\u00e7a dile getirilen \u201cNeden hep \u00e7am dikiliyor?\u201d ele\u015ftirilerine de a\u00e7\u0131kl\u0131k getirildi. A\u00e7\u0131klamada \u00e7amlar\u0131n: Do\u011fal olarak en yayg\u0131n t\u00fcrler aras\u0131nda yer ald\u0131\u011f\u0131, Az suyla ya\u015fam\u0131n\u0131 s\u00fcrd\u00fcrebildi\u011fi, Yang\u0131n sonras\u0131 kendini yenileyebildi\u011fi, \u00d6zellikle k\u0131z\u0131l\u00e7am\u0131n (Pinus Brutia) Akdeniz iklimine do\u011fal olarak adapte oldu\u011fu, belirtilerek, k\u0131z\u0131l\u00e7am\u0131n yang\u0131na kar\u015f\u0131 diren\u00e7li ve ekolojik olarak avantajl\u0131 bir t\u00fcr oldu\u011funa vurgu yap\u0131ld\u0131. Ayr\u0131ca \u201c\u00c7amlar Marshall yard\u0131m\u0131yla geldi\u201d iddias\u0131n\u0131n da ger\u00e7ek d\u0131\u015f\u0131 oldu\u011fu belirtilerek, Anadolu\u2019da 20 milyon y\u0131ll\u0131k \u00e7am fosillerinin &hellip;<\/p>","protected":false},"author":1,"featured_media":0,"comment_status":"","ping_status":"open","sticky":false,"template":"","format":"standard","meta":{"_acf_changed":false,"footnotes":""},"categories":[24],"tags":[],"class_list":["post-149749","post","type-post","status-publish","format-standard","has-post-thumbnail","hentry","category-gundem"],"acf":[],"yoast_head":"<!-- This site is optimized with the Yoast SEO Premium plugin v26.6 (Yoast SEO v27.1.1) - https:\/\/yoast.com\/product\/yoast-seo-premium-wordpress\/ -->\n<title>\u201c\u00c7am A\u011fa\u00e7lar\u0131\u201d Ele\u015ftirilerine Yan\u0131t\u2026 - Av. Deniz Can K\u0131z\u0131l<\/title>\n<meta name=\"robots\" content=\"index, follow, max-snippet:-1, max-image-preview:large, max-video-preview:-1\" \/>\n<link rel=\"canonical\" href=\"https:\/\/denizcankizil.tr\/uk\/haberler\/gundem\/cam-agaclari-elestirilerine-yanit\/\" \/>\n<meta property=\"og:locale\" content=\"uk_UA\" \/>\n<meta property=\"og:type\" content=\"article\" \/>\n<meta property=\"og:title\" content=\"\u201c\u00c7am A\u011fa\u00e7lar\u0131\u201d Ele\u015ftirilerine Yan\u0131t\u2026\" \/>\n<meta property=\"og:description\" content=\"Orman Genel M\u00fcd\u00fcrl\u00fc\u011f\u00fc&#8217;n\u00fcn yapt\u0131\u011f\u0131 a\u00e7\u0131klamay\u0131 Hatay Orman B\u00f6lge M\u00fcd\u00fcrl\u00fc\u011f\u00fc de Sosyal Medya hesab\u0131 \u00fczerinden payla\u015farak T\u00fcrkiye ormanlar\u0131nda me\u015fe, sedir, ladin, kestane, k\u0131z\u0131la\u011fa\u00e7 ve g\u00fcrgen gibi onlarca farkl\u0131 t\u00fcr\u00fcn zaten do\u011fal olarak bulundu\u011funa i\u015faret edildi. DO\u011eAL YAYILIM G\u00d6Z ARDI ED\u0130LM\u0130YOR Yeni ormanla\u015ft\u0131rma s\u00fcre\u00e7lerinin bilimsel ve ekolojik esaslara g\u00f6re y\u00fcr\u00fct\u00fcld\u00fc\u011f\u00fcn\u00fcn vurguland\u0131\u011f\u0131 payla\u015f\u0131mda, ormanlar\u0131n t\u00fcr da\u011f\u0131l\u0131m\u0131na da dikkat \u00e7ekilerek \u201cT\u00fcrkiye\u2019deki ormanlar\u0131n yakla\u015f\u0131k: %30\u2019unun me\u015fe, %23\u2019\u00fcn\u00fcn k\u0131z\u0131l\u00e7am, %17\u2019sinin kara\u00e7am, %7\u2019sinin sar\u0131\u00e7am, %23\u2019\u00fcn\u00fcn ise di\u011fer farkl\u0131 t\u00fcrlerden olu\u015ftu\u011fu kaydedildi. YANGINA D\u0130REN\u00c7L\u0130 ORMANLAR KURULUYOR Tar\u0131m ve Orman Bakanl\u0131\u011f\u0131 taraf\u0131ndan y\u00fcr\u00fct\u00fclen YARDOP (Yang\u0131na Diren\u00e7li Ormanlar Projesi) hakk\u0131nda da bilgi verilen a\u00e7\u0131klamada, her b\u00f6lgenin iklimi, toprak yap\u0131s\u0131, rak\u0131m\u0131, g\u00fcne\u015f alma s\u00fcresi ve bitki biyolojisi dikkate al\u0131narak orman olu\u015fturuldu\u011fu ifade edildi. \u201cHer yerde her a\u011fa\u00e7 yeti\u015fir\u201d gibi genellemelerin do\u011fru olmad\u0131\u011f\u0131 vurguland\u0131. \u201cNEDEN \u00c7AM A\u011eA\u00c7LARI DAHA FAZLA?\u201d SORUSUNA YANIT\u2026 Kamuoyunda s\u0131k\u00e7a dile getirilen \u201cNeden hep \u00e7am dikiliyor?\u201d ele\u015ftirilerine de a\u00e7\u0131kl\u0131k getirildi. A\u00e7\u0131klamada \u00e7amlar\u0131n: Do\u011fal olarak en yayg\u0131n t\u00fcrler aras\u0131nda yer ald\u0131\u011f\u0131, Az suyla ya\u015fam\u0131n\u0131 s\u00fcrd\u00fcrebildi\u011fi, Yang\u0131n sonras\u0131 kendini yenileyebildi\u011fi, \u00d6zellikle k\u0131z\u0131l\u00e7am\u0131n (Pinus Brutia) Akdeniz iklimine do\u011fal olarak adapte oldu\u011fu, belirtilerek, k\u0131z\u0131l\u00e7am\u0131n yang\u0131na kar\u015f\u0131 diren\u00e7li ve ekolojik olarak avantajl\u0131 bir t\u00fcr oldu\u011funa vurgu yap\u0131ld\u0131. Ayr\u0131ca \u201c\u00c7amlar Marshall yard\u0131m\u0131yla geldi\u201d iddias\u0131n\u0131n da ger\u00e7ek d\u0131\u015f\u0131 oldu\u011fu belirtilerek, Anadolu\u2019da 20 milyon y\u0131ll\u0131k \u00e7am fosillerinin &hellip;\" \/>\n<meta property=\"og:url\" content=\"https:\/\/denizcankizil.tr\/uk\/haberler\/gundem\/cam-agaclari-elestirilerine-yanit\/\" \/>\n<meta property=\"og:site_name\" content=\"Av. Deniz Can K\u0131z\u0131l\" \/>\n<meta property=\"article:published_time\" content=\"2025-07-18T08:42:20+00:00\" \/>\n<meta property=\"og:image\" content=\"https:\/\/iskenderunorg.teimg.com\/iskenderun-org\/uploads\/2025\/07\/2025\/07\/520710099-1066034112369120-4260581373987042145-n.jpg\" \/>\n<meta name=\"author\" content=\"admin\" \/>\n<meta name=\"twitter:card\" content=\"summary_large_image\" \/>\n<meta name=\"twitter:label1\" content=\"\u041d\u0430\u043f\u0438\u0441\u0430\u043d\u043e\" \/>\n\t<meta name=\"twitter:data1\" content=\"admin\" \/>\n\t<meta name=\"twitter:label2\" content=\"\u041f\u0440\u0438\u0431\u043b. \u0447\u0430\u0441 \u0447\u0438\u0442\u0430\u043d\u043d\u044f\" \/>\n\t<meta name=\"twitter:data2\" content=\"3 \u0445\u0432\u0438\u043b\u0438\u043d\u0438\" \/>\n<script type=\"application\/ld+json\" class=\"yoast-schema-graph\">{\"@context\":\"https:\/\/schema.org\",\"@graph\":[{\"@type\":\"Article\",\"@id\":\"https:\/\/denizcankizil.tr\/en\/haberler\/gundem\/cam-agaclari-elestirilerine-yanit\/#article\",\"isPartOf\":{\"@id\":\"https:\/\/denizcankizil.tr\/en\/haberler\/gundem\/cam-agaclari-elestirilerine-yanit\/\"},\"author\":{\"name\":\"admin\",\"@id\":\"https:\/\/denizcankizil.tr\/#\/schema\/person\/be3c05fe6a12686905512445d8185489\"},\"headline\":\"\u201c\u00c7am A\u011fa\u00e7lar\u0131\u201d Ele\u015ftirilerine Yan\u0131t\u2026\",\"datePublished\":\"2025-07-18T08:42:20+00:00\",\"mainEntityOfPage\":{\"@id\":\"https:\/\/denizcankizil.tr\/en\/haberler\/gundem\/cam-agaclari-elestirilerine-yanit\/\"},\"wordCount\":521,\"publisher\":{\"@id\":\"https:\/\/denizcankizil.tr\/#organization\"},\"image\":{\"@id\":\"https:\/\/denizcankizil.tr\/en\/haberler\/gundem\/cam-agaclari-elestirilerine-yanit\/#primaryimage\"},\"thumbnailUrl\":\"https:\/\/iskenderunorg.teimg.com\/iskenderun-org\/uploads\/2025\/07\/2025\/07\/520710099-1066034112369120-4260581373987042145-n.jpg\",\"articleSection\":[\"G\u00fcndem\"],\"inLanguage\":\"uk\"},{\"@type\":\"WebPage\",\"@id\":\"https:\/\/denizcankizil.tr\/en\/haberler\/gundem\/cam-agaclari-elestirilerine-yanit\/\",\"url\":\"https:\/\/denizcankizil.tr\/en\/haberler\/gundem\/cam-agaclari-elestirilerine-yanit\/\",\"name\":\"\u201c\u00c7am A\u011fa\u00e7lar\u0131\u201d Ele\u015ftirilerine Yan\u0131t\u2026 - Av. Deniz Can K\u0131z\u0131l\",\"isPartOf\":{\"@id\":\"https:\/\/denizcankizil.tr\/#website\"},\"primaryImageOfPage\":{\"@id\":\"https:\/\/denizcankizil.tr\/en\/haberler\/gundem\/cam-agaclari-elestirilerine-yanit\/#primaryimage\"},\"image\":{\"@id\":\"https:\/\/denizcankizil.tr\/en\/haberler\/gundem\/cam-agaclari-elestirilerine-yanit\/#primaryimage\"},\"thumbnailUrl\":\"https:\/\/iskenderunorg.teimg.com\/iskenderun-org\/uploads\/2025\/07\/2025\/07\/520710099-1066034112369120-4260581373987042145-n.jpg\",\"datePublished\":\"2025-07-18T08:42:20+00:00\",\"breadcrumb\":{\"@id\":\"https:\/\/denizcankizil.tr\/en\/haberler\/gundem\/cam-agaclari-elestirilerine-yanit\/#breadcrumb\"},\"inLanguage\":\"uk\",\"potentialAction\":[{\"@type\":\"ReadAction\",\"target\":[\"https:\/\/denizcankizil.tr\/en\/haberler\/gundem\/cam-agaclari-elestirilerine-yanit\/\"]}]},{\"@type\":\"ImageObject\",\"inLanguage\":\"uk\",\"@id\":\"https:\/\/denizcankizil.tr\/en\/haberler\/gundem\/cam-agaclari-elestirilerine-yanit\/#primaryimage\",\"url\":\"https:\/\/iskenderunorg.teimg.com\/iskenderun-org\/uploads\/2025\/07\/2025\/07\/520710099-1066034112369120-4260581373987042145-n.jpg\",\"contentUrl\":\"https:\/\/iskenderunorg.teimg.com\/iskenderun-org\/uploads\/2025\/07\/2025\/07\/520710099-1066034112369120-4260581373987042145-n.jpg\"},{\"@type\":\"BreadcrumbList\",\"@id\":\"https:\/\/denizcankizil.tr\/en\/haberler\/gundem\/cam-agaclari-elestirilerine-yanit\/#breadcrumb\",\"itemListElement\":[{\"@type\":\"ListItem\",\"position\":1,\"name\":\"Home\",\"item\":\"https:\/\/denizcankizil.tr\/de\/\"},{\"@type\":\"ListItem\",\"position\":2,\"name\":\"\u201c\u00c7am A\u011fa\u00e7lar\u0131\u201d Ele\u015ftirilerine Yan\u0131t\u2026\"}]},{\"@type\":\"WebSite\",\"@id\":\"https:\/\/denizcankizil.tr\/#website\",\"url\":\"https:\/\/denizcankizil.tr\/\",\"name\":\"Av. Deniz Can K\u0131z\u0131l\",\"description\":\"Avukat Deniz Can K\u0131z\u0131l Antalya Barosu\",\"publisher\":{\"@id\":\"https:\/\/denizcankizil.tr\/#organization\"},\"potentialAction\":[{\"@type\":\"SearchAction\",\"target\":{\"@type\":\"EntryPoint\",\"urlTemplate\":\"https:\/\/denizcankizil.tr\/?s={search_term_string}\"},\"query-input\":{\"@type\":\"PropertyValueSpecification\",\"valueRequired\":true,\"valueName\":\"search_term_string\"}}],\"inLanguage\":\"uk\"},{\"@type\":\"Organization\",\"@id\":\"https:\/\/denizcankizil.tr\/#organization\",\"name\":\"Av. Deniz Can K\u0131z\u0131l\",\"url\":\"https:\/\/denizcankizil.tr\/\",\"logo\":{\"@type\":\"ImageObject\",\"inLanguage\":\"uk\",\"@id\":\"https:\/\/denizcankizil.tr\/#\/schema\/logo\/image\/\",\"url\":\"https:\/\/denizcankizil.tr\/wp-content\/uploads\/2024\/10\/siyah-logo-svg.svg\",\"contentUrl\":\"https:\/\/denizcankizil.tr\/wp-content\/uploads\/2024\/10\/siyah-logo-svg.svg\",\"width\":1080,\"height\":1080,\"caption\":\"Av. Deniz Can K\u0131z\u0131l\"},\"image\":{\"@id\":\"https:\/\/denizcankizil.tr\/#\/schema\/logo\/image\/\"}},{\"@type\":\"Person\",\"@id\":\"https:\/\/denizcankizil.tr\/#\/schema\/person\/be3c05fe6a12686905512445d8185489\",\"name\":\"admin\",\"image\":{\"@type\":\"ImageObject\",\"inLanguage\":\"uk\",\"@id\":\"https:\/\/denizcankizil.tr\/#\/schema\/person\/image\/\",\"url\":\"https:\/\/secure.gravatar.com\/avatar\/c1fce94c830dc79107e174f890d7210541c4a63e8e5d816341794a2151c9d58c?s=96&d=mm&r=g\",\"contentUrl\":\"https:\/\/secure.gravatar.com\/avatar\/c1fce94c830dc79107e174f890d7210541c4a63e8e5d816341794a2151c9d58c?s=96&d=mm&r=g\",\"caption\":\"admin\"},\"sameAs\":[\"http:\/\/denizcankizil.tr\"],\"url\":\"https:\/\/www.iskenderun.org\/cam-agaclari-elestirilerine-yanit\"}]}<\/script>\n<!-- \/ Yoast SEO Premium plugin. -->","yoast_head_json":{"title":"\u201c\u00c7am A\u011fa\u00e7lar\u0131\u201d Ele\u015ftirilerine Yan\u0131t\u2026 - Av. Deniz Can K\u0131z\u0131l","robots":{"index":"index","follow":"follow","max-snippet":"max-snippet:-1","max-image-preview":"max-image-preview:large","max-video-preview":"max-video-preview:-1"},"canonical":"https:\/\/denizcankizil.tr\/uk\/haberler\/gundem\/cam-agaclari-elestirilerine-yanit\/","og_locale":"uk_UA","og_type":"article","og_title":"\u201c\u00c7am A\u011fa\u00e7lar\u0131\u201d Ele\u015ftirilerine Yan\u0131t\u2026","og_description":"Orman Genel M\u00fcd\u00fcrl\u00fc\u011f\u00fc&#8217;n\u00fcn yapt\u0131\u011f\u0131 a\u00e7\u0131klamay\u0131 Hatay Orman B\u00f6lge M\u00fcd\u00fcrl\u00fc\u011f\u00fc de Sosyal Medya hesab\u0131 \u00fczerinden payla\u015farak T\u00fcrkiye ormanlar\u0131nda me\u015fe, sedir, ladin, kestane, k\u0131z\u0131la\u011fa\u00e7 ve g\u00fcrgen gibi onlarca farkl\u0131 t\u00fcr\u00fcn zaten do\u011fal olarak bulundu\u011funa i\u015faret edildi. DO\u011eAL YAYILIM G\u00d6Z ARDI ED\u0130LM\u0130YOR Yeni ormanla\u015ft\u0131rma s\u00fcre\u00e7lerinin bilimsel ve ekolojik esaslara g\u00f6re y\u00fcr\u00fct\u00fcld\u00fc\u011f\u00fcn\u00fcn vurguland\u0131\u011f\u0131 payla\u015f\u0131mda, ormanlar\u0131n t\u00fcr da\u011f\u0131l\u0131m\u0131na da dikkat \u00e7ekilerek \u201cT\u00fcrkiye\u2019deki ormanlar\u0131n yakla\u015f\u0131k: %30\u2019unun me\u015fe, %23\u2019\u00fcn\u00fcn k\u0131z\u0131l\u00e7am, %17\u2019sinin kara\u00e7am, %7\u2019sinin sar\u0131\u00e7am, %23\u2019\u00fcn\u00fcn ise di\u011fer farkl\u0131 t\u00fcrlerden olu\u015ftu\u011fu kaydedildi. YANGINA D\u0130REN\u00c7L\u0130 ORMANLAR KURULUYOR Tar\u0131m ve Orman Bakanl\u0131\u011f\u0131 taraf\u0131ndan y\u00fcr\u00fct\u00fclen YARDOP (Yang\u0131na Diren\u00e7li Ormanlar Projesi) hakk\u0131nda da bilgi verilen a\u00e7\u0131klamada, her b\u00f6lgenin iklimi, toprak yap\u0131s\u0131, rak\u0131m\u0131, g\u00fcne\u015f alma s\u00fcresi ve bitki biyolojisi dikkate al\u0131narak orman olu\u015fturuldu\u011fu ifade edildi. \u201cHer yerde her a\u011fa\u00e7 yeti\u015fir\u201d gibi genellemelerin do\u011fru olmad\u0131\u011f\u0131 vurguland\u0131. \u201cNEDEN \u00c7AM A\u011eA\u00c7LARI DAHA FAZLA?\u201d SORUSUNA YANIT\u2026 Kamuoyunda s\u0131k\u00e7a dile getirilen \u201cNeden hep \u00e7am dikiliyor?\u201d ele\u015ftirilerine de a\u00e7\u0131kl\u0131k getirildi. A\u00e7\u0131klamada \u00e7amlar\u0131n: Do\u011fal olarak en yayg\u0131n t\u00fcrler aras\u0131nda yer ald\u0131\u011f\u0131, Az suyla ya\u015fam\u0131n\u0131 s\u00fcrd\u00fcrebildi\u011fi, Yang\u0131n sonras\u0131 kendini yenileyebildi\u011fi, \u00d6zellikle k\u0131z\u0131l\u00e7am\u0131n (Pinus Brutia) Akdeniz iklimine do\u011fal olarak adapte oldu\u011fu, belirtilerek, k\u0131z\u0131l\u00e7am\u0131n yang\u0131na kar\u015f\u0131 diren\u00e7li ve ekolojik olarak avantajl\u0131 bir t\u00fcr oldu\u011funa vurgu yap\u0131ld\u0131. Ayr\u0131ca \u201c\u00c7amlar Marshall yard\u0131m\u0131yla geldi\u201d iddias\u0131n\u0131n da ger\u00e7ek d\u0131\u015f\u0131 oldu\u011fu belirtilerek, Anadolu\u2019da 20 milyon y\u0131ll\u0131k \u00e7am fosillerinin &hellip;","og_url":"https:\/\/denizcankizil.tr\/uk\/haberler\/gundem\/cam-agaclari-elestirilerine-yanit\/","og_site_name":"Av. Deniz Can K\u0131z\u0131l","article_published_time":"2025-07-18T08:42:20+00:00","og_image":[{"url":"https:\/\/iskenderunorg.teimg.com\/iskenderun-org\/uploads\/2025\/07\/2025\/07\/520710099-1066034112369120-4260581373987042145-n.jpg","type":"","width":"","height":""}],"author":"admin","twitter_card":"summary_large_image","twitter_misc":{"\u041d\u0430\u043f\u0438\u0441\u0430\u043d\u043e":"admin","\u041f\u0440\u0438\u0431\u043b. \u0447\u0430\u0441 \u0447\u0438\u0442\u0430\u043d\u043d\u044f":"3 \u0445\u0432\u0438\u043b\u0438\u043d\u0438"},"schema":{"@context":"https:\/\/schema.org","@graph":[{"@type":"Article","@id":"https:\/\/denizcankizil.tr\/en\/haberler\/gundem\/cam-agaclari-elestirilerine-yanit\/#article","isPartOf":{"@id":"https:\/\/denizcankizil.tr\/en\/haberler\/gundem\/cam-agaclari-elestirilerine-yanit\/"},"author":{"name":"admin","@id":"https:\/\/denizcankizil.tr\/#\/schema\/person\/be3c05fe6a12686905512445d8185489"},"headline":"\u201c\u00c7am A\u011fa\u00e7lar\u0131\u201d Ele\u015ftirilerine Yan\u0131t\u2026","datePublished":"2025-07-18T08:42:20+00:00","mainEntityOfPage":{"@id":"https:\/\/denizcankizil.tr\/en\/haberler\/gundem\/cam-agaclari-elestirilerine-yanit\/"},"wordCount":521,"publisher":{"@id":"https:\/\/denizcankizil.tr\/#organization"},"image":{"@id":"https:\/\/denizcankizil.tr\/en\/haberler\/gundem\/cam-agaclari-elestirilerine-yanit\/#primaryimage"},"thumbnailUrl":"https:\/\/iskenderunorg.teimg.com\/iskenderun-org\/uploads\/2025\/07\/2025\/07\/520710099-1066034112369120-4260581373987042145-n.jpg","articleSection":["G\u00fcndem"],"inLanguage":"uk"},{"@type":"WebPage","@id":"https:\/\/denizcankizil.tr\/en\/haberler\/gundem\/cam-agaclari-elestirilerine-yanit\/","url":"https:\/\/denizcankizil.tr\/en\/haberler\/gundem\/cam-agaclari-elestirilerine-yanit\/","name":"\u201c\u00c7am A\u011fa\u00e7lar\u0131\u201d Ele\u015ftirilerine Yan\u0131t\u2026 - Av. Deniz Can K\u0131z\u0131l","isPartOf":{"@id":"https:\/\/denizcankizil.tr\/#website"},"primaryImageOfPage":{"@id":"https:\/\/denizcankizil.tr\/en\/haberler\/gundem\/cam-agaclari-elestirilerine-yanit\/#primaryimage"},"image":{"@id":"https:\/\/denizcankizil.tr\/en\/haberler\/gundem\/cam-agaclari-elestirilerine-yanit\/#primaryimage"},"thumbnailUrl":"https:\/\/iskenderunorg.teimg.com\/iskenderun-org\/uploads\/2025\/07\/2025\/07\/520710099-1066034112369120-4260581373987042145-n.jpg","datePublished":"2025-07-18T08:42:20+00:00","breadcrumb":{"@id":"https:\/\/denizcankizil.tr\/en\/haberler\/gundem\/cam-agaclari-elestirilerine-yanit\/#breadcrumb"},"inLanguage":"uk","potentialAction":[{"@type":"ReadAction","target":["https:\/\/denizcankizil.tr\/en\/haberler\/gundem\/cam-agaclari-elestirilerine-yanit\/"]}]},{"@type":"ImageObject","inLanguage":"uk","@id":"https:\/\/denizcankizil.tr\/en\/haberler\/gundem\/cam-agaclari-elestirilerine-yanit\/#primaryimage","url":"https:\/\/iskenderunorg.teimg.com\/iskenderun-org\/uploads\/2025\/07\/2025\/07\/520710099-1066034112369120-4260581373987042145-n.jpg","contentUrl":"https:\/\/iskenderunorg.teimg.com\/iskenderun-org\/uploads\/2025\/07\/2025\/07\/520710099-1066034112369120-4260581373987042145-n.jpg"},{"@type":"BreadcrumbList","@id":"https:\/\/denizcankizil.tr\/en\/haberler\/gundem\/cam-agaclari-elestirilerine-yanit\/#breadcrumb","itemListElement":[{"@type":"ListItem","position":1,"name":"Home","item":"https:\/\/denizcankizil.tr\/de\/"},{"@type":"ListItem","position":2,"name":"\u201c\u00c7am A\u011fa\u00e7lar\u0131\u201d Ele\u015ftirilerine Yan\u0131t\u2026"}]},{"@type":"WebSite","@id":"https:\/\/denizcankizil.tr\/#website","url":"https:\/\/denizcankizil.tr\/","name":"Av. Deniz Can K\u0131z\u0131l","description":"Avukat Deniz Can K\u0131z\u0131l Antalya Barosu","publisher":{"@id":"https:\/\/denizcankizil.tr\/#organization"},"potentialAction":[{"@type":"SearchAction","target":{"@type":"EntryPoint","urlTemplate":"https:\/\/denizcankizil.tr\/?s={search_term_string}"},"query-input":{"@type":"PropertyValueSpecification","valueRequired":true,"valueName":"search_term_string"}}],"inLanguage":"uk"},{"@type":"Organization","@id":"https:\/\/denizcankizil.tr\/#organization","name":"Av. Deniz Can K\u0131z\u0131l","url":"https:\/\/denizcankizil.tr\/","logo":{"@type":"ImageObject","inLanguage":"uk","@id":"https:\/\/denizcankizil.tr\/#\/schema\/logo\/image\/","url":"https:\/\/denizcankizil.tr\/wp-content\/uploads\/2024\/10\/siyah-logo-svg.svg","contentUrl":"https:\/\/denizcankizil.tr\/wp-content\/uploads\/2024\/10\/siyah-logo-svg.svg","width":1080,"height":1080,"caption":"Av. Deniz Can K\u0131z\u0131l"},"image":{"@id":"https:\/\/denizcankizil.tr\/#\/schema\/logo\/image\/"}},{"@type":"Person","@id":"https:\/\/denizcankizil.tr\/#\/schema\/person\/be3c05fe6a12686905512445d8185489","name":"\u0430\u0434\u043c\u0456\u043d","image":{"@type":"ImageObject","inLanguage":"uk","@id":"https:\/\/denizcankizil.tr\/#\/schema\/person\/image\/","url":"https:\/\/secure.gravatar.com\/avatar\/c1fce94c830dc79107e174f890d7210541c4a63e8e5d816341794a2151c9d58c?s=96&d=mm&r=g","contentUrl":"https:\/\/secure.gravatar.com\/avatar\/c1fce94c830dc79107e174f890d7210541c4a63e8e5d816341794a2151c9d58c?s=96&d=mm&r=g","caption":"admin"},"sameAs":["http:\/\/denizcankizil.tr"],"url":"https:\/\/www.iskenderun.org\/cam-agaclari-elestirilerine-yanit"}]}},"_links":{"self":[{"href":"https:\/\/denizcankizil.tr\/uk\/wp-json\/wp\/v2\/posts\/149749","targetHints":{"allow":["GET"]}}],"collection":[{"href":"https:\/\/denizcankizil.tr\/uk\/wp-json\/wp\/v2\/posts"}],"about":[{"href":"https:\/\/denizcankizil.tr\/uk\/wp-json\/wp\/v2\/types\/post"}],"author":[{"embeddable":true,"href":"https:\/\/denizcankizil.tr\/uk\/wp-json\/wp\/v2\/users\/1"}],"replies":[{"embeddable":true,"href":"https:\/\/denizcankizil.tr\/uk\/wp-json\/wp\/v2\/comments?post=149749"}],"version-history":[{"count":0,"href":"https:\/\/denizcankizil.tr\/uk\/wp-json\/wp\/v2\/posts\/149749\/revisions"}],"wp:attachment":[{"href":"https:\/\/denizcankizil.tr\/uk\/wp-json\/wp\/v2\/media?parent=149749"}],"wp:term":[{"taxonomy":"category","embeddable":true,"href":"https:\/\/denizcankizil.tr\/uk\/wp-json\/wp\/v2\/categories?post=149749"},{"taxonomy":"post_tag","embeddable":true,"href":"https:\/\/denizcankizil.tr\/uk\/wp-json\/wp\/v2\/tags?post=149749"}],"curies":[{"name":"wp","href":"https:\/\/api.w.org\/{rel}","templated":true}]}}