{"id":1484,"date":"2024-10-11T10:42:51","date_gmt":"2024-10-11T10:42:51","guid":{"rendered":"https:\/\/denizcankizil.tr\/uncategorized\/filistin-icin-bir-baris-cagrisi-da-brukselde-mudanyadan-geldi\/"},"modified":"2024-10-11T10:42:51","modified_gmt":"2024-10-11T10:42:51","slug":"filistin-icin-bir-baris-cagrisi-da-brukselde-mudanyadan-geldi","status":"publish","type":"post","link":"https:\/\/denizcankizil.tr\/uk\/haberler\/gundem\/filistin-icin-bir-baris-cagrisi-da-brukselde-mudanyadan-geldi\/","title":{"rendered":"Filistin i\u00e7in bir bar\u0131\u015f \u00e7a\u011fr\u0131s\u0131 da Br\u00fcksel&#8217;de Mudanya&#8217;dan geldi"},"content":{"rendered":"<p>Gen\u00e7 Se\u00e7ilmi\u015f Politikac\u0131lar program\u0131 kapsam\u0131nda Br\u00fcksel&#8217;de d\u00fczenlenen Avrupa B\u00f6lgeler Haftas\u0131&#8217;nda T\u00fcrkiye\u2019yi temsil eden Mudanya Belediye Ba\u015fkan Yard\u0131mc\u0131s\u0131 Baran G\u00fcne\u015f, Filistin i\u00e7in \u201cderhal bar\u0131\u015f\u201d \u00e7a\u011fr\u0131s\u0131 yapt\u0131.BURSA (\u0130GFA) &#8211; Mudanya Belediye Ba\u015fkan Yard\u0131mc\u0131s\u0131 Baran G\u00fcne\u015f, Avrupa Birli\u011fi&#8217;nin Gen\u00e7 Se\u00e7ilmi\u015f Politikac\u0131lar (YEP) program\u0131 kapsam\u0131nda, Br\u00fcksel&#8217;de d\u00fczenlenen Avrupa B\u00f6lgeler Haftas\u0131 etkinliklerinde T\u00fcrkiye\u2019yi temsil etti. Konu\u015fmas\u0131n\u0131 boynundaki kefiye ile yapan G\u00fcne\u015f, Filistin i\u00e7in bar\u0131\u015f \u00e7a\u011fr\u0131s\u0131nda bulundu.<br \/>\n7-11 Ekim 2024 tarihleri aras\u0131nda ger\u00e7ekle\u015ftirilen etkinli\u011fe kat\u0131lan Baran G\u00fcne\u015f, Avrupa\u2019n\u0131n d\u00f6rt bir yan\u0131ndan belediye ba\u015fkanlar\u0131 ve yerel y\u00f6neticilerin bulundu\u011fu gruba Filistin\u2019de ya\u015fanan zulme kar\u015f\u0131 daha y\u00fcksek sesle itiraz edilmesi gerekti\u011fini hat\u0131rlatt\u0131 ve \u201cDerhal Bar\u0131\u015f\u201d \u00e7a\u011fr\u0131s\u0131 yapt\u0131. Konu\u015fmas\u0131 s\u0131ras\u0131nda Filistin\u2019de mezalime u\u011frayan siviller i\u00e7in boynunda bir \u201cKefiye\u201d takan G\u00fcne\u015f, Nablus\u2019ta \u00f6ld\u00fcr\u00fclen aktivist Ay\u015feg\u00fcl Ezgi Eygi\u2019yi de, Aliya\u0130zzetbegovi\u00e7\u2019in \u201cVe her \u015fey sona erdi\u011finde hat\u0131rlayaca\u011f\u0131m\u0131z \u015fey; d\u00fc\u015fmanlar\u0131m\u0131z\u0131n s\u00f6zleri de\u011fil, dostlar\u0131m\u0131z\u0131n sessizli\u011fi olacakt\u0131r\u201d s\u00f6zleriyle and\u0131.<br \/>\nYEREL Y\u00d6NET\u0130MLERDE DAHA \u00c7OK GEN\u00c7 OLMALI<br \/>\nBaran G\u00fcne\u015f, Br\u00fcksel&#8217;de ger\u00e7ekle\u015ftirilen etkinliklerdeki konu\u015fmas\u0131nda, gen\u00e7lerin yerel y\u00f6netimlerdeki temsilinin art\u0131r\u0131lmas\u0131n\u0131n, s\u00fcrd\u00fcr\u00fclebilir kalk\u0131nma ve demokratik de\u011ferlerin g\u00fc\u00e7lendirilmesine katk\u0131 sa\u011flayaca\u011f\u0131n\u0131 da s\u00f6yledi. G\u00fcne\u015f, \u201cGen\u00e7lerin siyasete kat\u0131l\u0131m\u0131 yaln\u0131zca gelecekte de\u011fil, bug\u00fcn de olduk\u00e7a \u00f6nemli. Karar mekanizmalar\u0131nda yer almalar\u0131, dinamik ve yenilik\u00e7i \u00e7\u00f6z\u00fcmler \u00fcretmek a\u00e7\u0131s\u0131ndan b\u00fcy\u00fck bir f\u0131rsat sunuyor\u201d diye konu\u015ftu.<br \/>\nAvrupa B\u00f6lgeler Haftas\u0131\u2019n\u0131n her y\u0131l Avrupa genelindeki b\u00f6lgesel liderlerin ve gen\u00e7 politikac\u0131lar\u0131n bir araya gelerek, Avrupa&#8217;daki politikalar ve s\u00fcrd\u00fcr\u00fclebilir kalk\u0131nma \u00fczerine g\u00f6r\u00fc\u015f al\u0131\u015fveri\u015finde bulundu\u011fu \u00f6nemli bir platform oldu\u011funu s\u00f6yleyen G\u00fcne\u015f, \u201cBu etkinliklere kat\u0131l\u0131m\u0131m\u0131z, Mudanya Belediyesi&#8217;nin uluslararas\u0131 d\u00fczeydeki i\u015f birliklerine verdi\u011fi \u00f6nemin de bir g\u00f6stergesidir\u201d dedi.\u00a0<\/p>\n<p>\u200bGen\u00e7 Se\u00e7ilmi\u015f Politikac\u0131lar program\u0131 kapsam\u0131nda Br\u00fcksel&#8217;de d\u00fczenlenen Avrupa B\u00f6lgeler Haftas\u0131&#8217;nda T\u00fcrkiye\u2019yi temsil eden Mudanya Belediye Ba\u015fkan Yard\u0131mc\u0131s\u0131 Baran G\u00fcne\u015f, Filistin i\u00e7in \u201cderhal bar\u0131\u015f\u201d \u00e7a\u011fr\u0131s\u0131 yapt\u0131\u00a0<\/p>\n<p>\u200biskenderun<\/p>","protected":false},"excerpt":{"rendered":"<p>Gen\u00e7 Se\u00e7ilmi\u015f Politikac\u0131lar program\u0131 kapsam\u0131nda Br\u00fcksel&#8217;de d\u00fczenlenen Avrupa B\u00f6lgeler Haftas\u0131&#8217;nda T\u00fcrkiye\u2019yi temsil eden Mudanya Belediye Ba\u015fkan Yard\u0131mc\u0131s\u0131 Baran G\u00fcne\u015f, Filistin i\u00e7in \u201cderhal bar\u0131\u015f\u201d \u00e7a\u011fr\u0131s\u0131 yapt\u0131.BURSA (\u0130GFA) &#8211; Mudanya Belediye Ba\u015fkan Yard\u0131mc\u0131s\u0131 Baran G\u00fcne\u015f, Avrupa Birli\u011fi&#8217;nin Gen\u00e7 Se\u00e7ilmi\u015f Politikac\u0131lar (YEP) program\u0131 kapsam\u0131nda, Br\u00fcksel&#8217;de d\u00fczenlenen Avrupa B\u00f6lgeler Haftas\u0131 etkinliklerinde T\u00fcrkiye\u2019yi temsil etti. Konu\u015fmas\u0131n\u0131 boynundaki kefiye ile yapan G\u00fcne\u015f, Filistin i\u00e7in bar\u0131\u015f \u00e7a\u011fr\u0131s\u0131nda bulundu. 7-11 Ekim 2024 tarihleri aras\u0131nda ger\u00e7ekle\u015ftirilen etkinli\u011fe kat\u0131lan Baran G\u00fcne\u015f, Avrupa\u2019n\u0131n d\u00f6rt bir yan\u0131ndan belediye ba\u015fkanlar\u0131 ve yerel y\u00f6neticilerin bulundu\u011fu gruba Filistin\u2019de ya\u015fanan zulme kar\u015f\u0131 daha y\u00fcksek sesle itiraz edilmesi gerekti\u011fini hat\u0131rlatt\u0131 ve \u201cDerhal Bar\u0131\u015f\u201d \u00e7a\u011fr\u0131s\u0131 yapt\u0131. Konu\u015fmas\u0131 s\u0131ras\u0131nda Filistin\u2019de mezalime u\u011frayan siviller i\u00e7in boynunda bir \u201cKefiye\u201d takan G\u00fcne\u015f, Nablus\u2019ta \u00f6ld\u00fcr\u00fclen aktivist Ay\u015feg\u00fcl Ezgi Eygi\u2019yi de, Aliya\u0130zzetbegovi\u00e7\u2019in \u201cVe her \u015fey sona erdi\u011finde hat\u0131rlayaca\u011f\u0131m\u0131z \u015fey; d\u00fc\u015fmanlar\u0131m\u0131z\u0131n s\u00f6zleri de\u011fil, dostlar\u0131m\u0131z\u0131n sessizli\u011fi olacakt\u0131r\u201d s\u00f6zleriyle and\u0131. YEREL Y\u00d6NET\u0130MLERDE DAHA \u00c7OK GEN\u00c7 OLMALI Baran G\u00fcne\u015f, Br\u00fcksel&#8217;de ger\u00e7ekle\u015ftirilen etkinliklerdeki konu\u015fmas\u0131nda, gen\u00e7lerin yerel y\u00f6netimlerdeki temsilinin art\u0131r\u0131lmas\u0131n\u0131n, s\u00fcrd\u00fcr\u00fclebilir kalk\u0131nma ve demokratik de\u011ferlerin g\u00fc\u00e7lendirilmesine katk\u0131 sa\u011flayaca\u011f\u0131n\u0131 da s\u00f6yledi. G\u00fcne\u015f, \u201cGen\u00e7lerin siyasete kat\u0131l\u0131m\u0131 yaln\u0131zca gelecekte de\u011fil, bug\u00fcn de olduk\u00e7a \u00f6nemli. Karar mekanizmalar\u0131nda yer almalar\u0131, dinamik ve yenilik\u00e7i \u00e7\u00f6z\u00fcmler \u00fcretmek a\u00e7\u0131s\u0131ndan b\u00fcy\u00fck bir f\u0131rsat sunuyor\u201d diye konu\u015ftu. Avrupa B\u00f6lgeler Haftas\u0131\u2019n\u0131n her y\u0131l Avrupa genelindeki b\u00f6lgesel liderlerin ve gen\u00e7 politikac\u0131lar\u0131n bir &hellip;<\/p>","protected":false},"author":0,"featured_media":0,"comment_status":"open","ping_status":"open","sticky":false,"template":"","format":"standard","meta":{"_acf_changed":false,"footnotes":""},"categories":[24],"tags":[],"class_list":["post-1484","post","type-post","status-publish","format-standard","has-post-thumbnail","hentry","category-gundem"],"acf":[],"yoast_head":"<!-- This site is optimized with the Yoast SEO Premium plugin v26.6 (Yoast SEO v27.1.1) - https:\/\/yoast.com\/product\/yoast-seo-premium-wordpress\/ -->\n<title>Filistin i\u00e7in bir bar\u0131\u015f \u00e7a\u011fr\u0131s\u0131 da Br\u00fcksel&#039;de Mudanya&#039;dan geldi - Av. Deniz Can K\u0131z\u0131l<\/title>\n<meta name=\"robots\" content=\"index, follow, max-snippet:-1, max-image-preview:large, max-video-preview:-1\" \/>\n<link rel=\"canonical\" href=\"https:\/\/denizcankizil.tr\/uk\/haberler\/gundem\/filistin-icin-bir-baris-cagrisi-da-brukselde-mudanyadan-geldi\/\" \/>\n<meta property=\"og:locale\" content=\"uk_UA\" \/>\n<meta property=\"og:type\" content=\"article\" \/>\n<meta property=\"og:title\" content=\"Filistin i\u00e7in bir bar\u0131\u015f \u00e7a\u011fr\u0131s\u0131 da Br\u00fcksel&#039;de Mudanya&#039;dan geldi\" \/>\n<meta property=\"og:description\" content=\"Gen\u00e7 Se\u00e7ilmi\u015f Politikac\u0131lar program\u0131 kapsam\u0131nda Br\u00fcksel&#8217;de d\u00fczenlenen Avrupa B\u00f6lgeler Haftas\u0131&#8217;nda T\u00fcrkiye\u2019yi temsil eden Mudanya Belediye Ba\u015fkan Yard\u0131mc\u0131s\u0131 Baran G\u00fcne\u015f, Filistin i\u00e7in \u201cderhal bar\u0131\u015f\u201d \u00e7a\u011fr\u0131s\u0131 yapt\u0131.BURSA (\u0130GFA) &#8211; Mudanya Belediye Ba\u015fkan Yard\u0131mc\u0131s\u0131 Baran G\u00fcne\u015f, Avrupa Birli\u011fi&#8217;nin Gen\u00e7 Se\u00e7ilmi\u015f Politikac\u0131lar (YEP) program\u0131 kapsam\u0131nda, Br\u00fcksel&#8217;de d\u00fczenlenen Avrupa B\u00f6lgeler Haftas\u0131 etkinliklerinde T\u00fcrkiye\u2019yi temsil etti. Konu\u015fmas\u0131n\u0131 boynundaki kefiye ile yapan G\u00fcne\u015f, Filistin i\u00e7in bar\u0131\u015f \u00e7a\u011fr\u0131s\u0131nda bulundu. 7-11 Ekim 2024 tarihleri aras\u0131nda ger\u00e7ekle\u015ftirilen etkinli\u011fe kat\u0131lan Baran G\u00fcne\u015f, Avrupa\u2019n\u0131n d\u00f6rt bir yan\u0131ndan belediye ba\u015fkanlar\u0131 ve yerel y\u00f6neticilerin bulundu\u011fu gruba Filistin\u2019de ya\u015fanan zulme kar\u015f\u0131 daha y\u00fcksek sesle itiraz edilmesi gerekti\u011fini hat\u0131rlatt\u0131 ve \u201cDerhal Bar\u0131\u015f\u201d \u00e7a\u011fr\u0131s\u0131 yapt\u0131. Konu\u015fmas\u0131 s\u0131ras\u0131nda Filistin\u2019de mezalime u\u011frayan siviller i\u00e7in boynunda bir \u201cKefiye\u201d takan G\u00fcne\u015f, Nablus\u2019ta \u00f6ld\u00fcr\u00fclen aktivist Ay\u015feg\u00fcl Ezgi Eygi\u2019yi de, Aliya\u0130zzetbegovi\u00e7\u2019in \u201cVe her \u015fey sona erdi\u011finde hat\u0131rlayaca\u011f\u0131m\u0131z \u015fey; d\u00fc\u015fmanlar\u0131m\u0131z\u0131n s\u00f6zleri de\u011fil, dostlar\u0131m\u0131z\u0131n sessizli\u011fi olacakt\u0131r\u201d s\u00f6zleriyle and\u0131. YEREL Y\u00d6NET\u0130MLERDE DAHA \u00c7OK GEN\u00c7 OLMALI Baran G\u00fcne\u015f, Br\u00fcksel&#8217;de ger\u00e7ekle\u015ftirilen etkinliklerdeki konu\u015fmas\u0131nda, gen\u00e7lerin yerel y\u00f6netimlerdeki temsilinin art\u0131r\u0131lmas\u0131n\u0131n, s\u00fcrd\u00fcr\u00fclebilir kalk\u0131nma ve demokratik de\u011ferlerin g\u00fc\u00e7lendirilmesine katk\u0131 sa\u011flayaca\u011f\u0131n\u0131 da s\u00f6yledi. G\u00fcne\u015f, \u201cGen\u00e7lerin siyasete kat\u0131l\u0131m\u0131 yaln\u0131zca gelecekte de\u011fil, bug\u00fcn de olduk\u00e7a \u00f6nemli. Karar mekanizmalar\u0131nda yer almalar\u0131, dinamik ve yenilik\u00e7i \u00e7\u00f6z\u00fcmler \u00fcretmek a\u00e7\u0131s\u0131ndan b\u00fcy\u00fck bir f\u0131rsat sunuyor\u201d diye konu\u015ftu. Avrupa B\u00f6lgeler Haftas\u0131\u2019n\u0131n her y\u0131l Avrupa genelindeki b\u00f6lgesel liderlerin ve gen\u00e7 politikac\u0131lar\u0131n bir &hellip;\" \/>\n<meta property=\"og:url\" content=\"https:\/\/denizcankizil.tr\/uk\/haberler\/gundem\/filistin-icin-bir-baris-cagrisi-da-brukselde-mudanyadan-geldi\/\" \/>\n<meta property=\"og:site_name\" content=\"Av. Deniz Can K\u0131z\u0131l\" \/>\n<meta property=\"article:published_time\" content=\"2024-10-11T10:42:51+00:00\" \/>\n<meta name=\"twitter:card\" content=\"summary_large_image\" \/>\n<meta name=\"twitter:label1\" content=\"\u041f\u0440\u0438\u0431\u043b. \u0447\u0430\u0441 \u0447\u0438\u0442\u0430\u043d\u043d\u044f\" \/>\n\t<meta name=\"twitter:data1\" content=\"2 \u0445\u0432\u0438\u043b\u0438\u043d\u0438\" \/>\n<script type=\"application\/ld+json\" class=\"yoast-schema-graph\">{\"@context\":\"https:\/\/schema.org\",\"@graph\":[{\"@type\":\"Article\",\"@id\":\"https:\/\/denizcankizil.tr\/uk\/haberler\/gundem\/filistin-icin-bir-baris-cagrisi-da-brukselde-mudanyadan-geldi\/#article\",\"isPartOf\":{\"@id\":\"https:\/\/denizcankizil.tr\/uk\/haberler\/gundem\/filistin-icin-bir-baris-cagrisi-da-brukselde-mudanyadan-geldi\/\"},\"author\":{\"name\":\"\",\"@id\":\"\"},\"headline\":\"Filistin i\u00e7in bir bar\u0131\u015f \u00e7a\u011fr\u0131s\u0131 da Br\u00fcksel&#8217;de Mudanya&#8217;dan geldi\",\"datePublished\":\"2024-10-11T10:42:51+00:00\",\"mainEntityOfPage\":{\"@id\":\"https:\/\/denizcankizil.tr\/uk\/haberler\/gundem\/filistin-icin-bir-baris-cagrisi-da-brukselde-mudanyadan-geldi\/\"},\"wordCount\":448,\"commentCount\":0,\"publisher\":{\"@id\":\"https:\/\/denizcankizil.tr\/#organization\"},\"articleSection\":[\"G\u00fcndem\"],\"inLanguage\":\"uk\",\"potentialAction\":[{\"@type\":\"CommentAction\",\"name\":\"Comment\",\"target\":[\"https:\/\/denizcankizil.tr\/uk\/haberler\/gundem\/filistin-icin-bir-baris-cagrisi-da-brukselde-mudanyadan-geldi\/#respond\"]}]},{\"@type\":\"WebPage\",\"@id\":\"https:\/\/denizcankizil.tr\/uk\/haberler\/gundem\/filistin-icin-bir-baris-cagrisi-da-brukselde-mudanyadan-geldi\/\",\"url\":\"https:\/\/denizcankizil.tr\/uk\/haberler\/gundem\/filistin-icin-bir-baris-cagrisi-da-brukselde-mudanyadan-geldi\/\",\"name\":\"Filistin i\u00e7in bir bar\u0131\u015f \u00e7a\u011fr\u0131s\u0131 da Br\u00fcksel'de Mudanya'dan geldi - Av. Deniz Can K\u0131z\u0131l\",\"isPartOf\":{\"@id\":\"https:\/\/denizcankizil.tr\/#website\"},\"datePublished\":\"2024-10-11T10:42:51+00:00\",\"breadcrumb\":{\"@id\":\"https:\/\/denizcankizil.tr\/uk\/haberler\/gundem\/filistin-icin-bir-baris-cagrisi-da-brukselde-mudanyadan-geldi\/#breadcrumb\"},\"inLanguage\":\"uk\",\"potentialAction\":[{\"@type\":\"ReadAction\",\"target\":[\"https:\/\/denizcankizil.tr\/uk\/haberler\/gundem\/filistin-icin-bir-baris-cagrisi-da-brukselde-mudanyadan-geldi\/\"]}]},{\"@type\":\"BreadcrumbList\",\"@id\":\"https:\/\/denizcankizil.tr\/uk\/haberler\/gundem\/filistin-icin-bir-baris-cagrisi-da-brukselde-mudanyadan-geldi\/#breadcrumb\",\"itemListElement\":[{\"@type\":\"ListItem\",\"position\":1,\"name\":\"Home\",\"item\":\"https:\/\/denizcankizil.tr\/de\/\"},{\"@type\":\"ListItem\",\"position\":2,\"name\":\"Filistin i\u00e7in bir bar\u0131\u015f \u00e7a\u011fr\u0131s\u0131 da Br\u00fcksel&#8217;de Mudanya&#8217;dan geldi\"}]},{\"@type\":\"WebSite\",\"@id\":\"https:\/\/denizcankizil.tr\/#website\",\"url\":\"https:\/\/denizcankizil.tr\/\",\"name\":\"Av. Deniz Can K\u0131z\u0131l\",\"description\":\"Avukat Deniz Can K\u0131z\u0131l Antalya Barosu\",\"publisher\":{\"@id\":\"https:\/\/denizcankizil.tr\/#organization\"},\"potentialAction\":[{\"@type\":\"SearchAction\",\"target\":{\"@type\":\"EntryPoint\",\"urlTemplate\":\"https:\/\/denizcankizil.tr\/?s={search_term_string}\"},\"query-input\":{\"@type\":\"PropertyValueSpecification\",\"valueRequired\":true,\"valueName\":\"search_term_string\"}}],\"inLanguage\":\"uk\"},{\"@type\":\"Organization\",\"@id\":\"https:\/\/denizcankizil.tr\/#organization\",\"name\":\"Av. Deniz Can K\u0131z\u0131l\",\"url\":\"https:\/\/denizcankizil.tr\/\",\"logo\":{\"@type\":\"ImageObject\",\"inLanguage\":\"uk\",\"@id\":\"https:\/\/denizcankizil.tr\/#\/schema\/logo\/image\/\",\"url\":\"https:\/\/denizcankizil.tr\/wp-content\/uploads\/2024\/10\/siyah-logo-svg.svg\",\"contentUrl\":\"https:\/\/denizcankizil.tr\/wp-content\/uploads\/2024\/10\/siyah-logo-svg.svg\",\"width\":1080,\"height\":1080,\"caption\":\"Av. Deniz Can K\u0131z\u0131l\"},\"image\":{\"@id\":\"https:\/\/denizcankizil.tr\/#\/schema\/logo\/image\/\"}}]}<\/script>\n<!-- \/ Yoast SEO Premium plugin. -->","yoast_head_json":{"title":"Filistin i\u00e7in bir bar\u0131\u015f \u00e7a\u011fr\u0131s\u0131 da Br\u00fcksel'de Mudanya'dan geldi - Av. Deniz Can K\u0131z\u0131l","robots":{"index":"index","follow":"follow","max-snippet":"max-snippet:-1","max-image-preview":"max-image-preview:large","max-video-preview":"max-video-preview:-1"},"canonical":"https:\/\/denizcankizil.tr\/uk\/haberler\/gundem\/filistin-icin-bir-baris-cagrisi-da-brukselde-mudanyadan-geldi\/","og_locale":"uk_UA","og_type":"article","og_title":"Filistin i\u00e7in bir bar\u0131\u015f \u00e7a\u011fr\u0131s\u0131 da Br\u00fcksel'de Mudanya'dan geldi","og_description":"Gen\u00e7 Se\u00e7ilmi\u015f Politikac\u0131lar program\u0131 kapsam\u0131nda Br\u00fcksel&#8217;de d\u00fczenlenen Avrupa B\u00f6lgeler Haftas\u0131&#8217;nda T\u00fcrkiye\u2019yi temsil eden Mudanya Belediye Ba\u015fkan Yard\u0131mc\u0131s\u0131 Baran G\u00fcne\u015f, Filistin i\u00e7in \u201cderhal bar\u0131\u015f\u201d \u00e7a\u011fr\u0131s\u0131 yapt\u0131.BURSA (\u0130GFA) &#8211; Mudanya Belediye Ba\u015fkan Yard\u0131mc\u0131s\u0131 Baran G\u00fcne\u015f, Avrupa Birli\u011fi&#8217;nin Gen\u00e7 Se\u00e7ilmi\u015f Politikac\u0131lar (YEP) program\u0131 kapsam\u0131nda, Br\u00fcksel&#8217;de d\u00fczenlenen Avrupa B\u00f6lgeler Haftas\u0131 etkinliklerinde T\u00fcrkiye\u2019yi temsil etti. Konu\u015fmas\u0131n\u0131 boynundaki kefiye ile yapan G\u00fcne\u015f, Filistin i\u00e7in bar\u0131\u015f \u00e7a\u011fr\u0131s\u0131nda bulundu. 7-11 Ekim 2024 tarihleri aras\u0131nda ger\u00e7ekle\u015ftirilen etkinli\u011fe kat\u0131lan Baran G\u00fcne\u015f, Avrupa\u2019n\u0131n d\u00f6rt bir yan\u0131ndan belediye ba\u015fkanlar\u0131 ve yerel y\u00f6neticilerin bulundu\u011fu gruba Filistin\u2019de ya\u015fanan zulme kar\u015f\u0131 daha y\u00fcksek sesle itiraz edilmesi gerekti\u011fini hat\u0131rlatt\u0131 ve \u201cDerhal Bar\u0131\u015f\u201d \u00e7a\u011fr\u0131s\u0131 yapt\u0131. Konu\u015fmas\u0131 s\u0131ras\u0131nda Filistin\u2019de mezalime u\u011frayan siviller i\u00e7in boynunda bir \u201cKefiye\u201d takan G\u00fcne\u015f, Nablus\u2019ta \u00f6ld\u00fcr\u00fclen aktivist Ay\u015feg\u00fcl Ezgi Eygi\u2019yi de, Aliya\u0130zzetbegovi\u00e7\u2019in \u201cVe her \u015fey sona erdi\u011finde hat\u0131rlayaca\u011f\u0131m\u0131z \u015fey; d\u00fc\u015fmanlar\u0131m\u0131z\u0131n s\u00f6zleri de\u011fil, dostlar\u0131m\u0131z\u0131n sessizli\u011fi olacakt\u0131r\u201d s\u00f6zleriyle and\u0131. YEREL Y\u00d6NET\u0130MLERDE DAHA \u00c7OK GEN\u00c7 OLMALI Baran G\u00fcne\u015f, Br\u00fcksel&#8217;de ger\u00e7ekle\u015ftirilen etkinliklerdeki konu\u015fmas\u0131nda, gen\u00e7lerin yerel y\u00f6netimlerdeki temsilinin art\u0131r\u0131lmas\u0131n\u0131n, s\u00fcrd\u00fcr\u00fclebilir kalk\u0131nma ve demokratik de\u011ferlerin g\u00fc\u00e7lendirilmesine katk\u0131 sa\u011flayaca\u011f\u0131n\u0131 da s\u00f6yledi. G\u00fcne\u015f, \u201cGen\u00e7lerin siyasete kat\u0131l\u0131m\u0131 yaln\u0131zca gelecekte de\u011fil, bug\u00fcn de olduk\u00e7a \u00f6nemli. Karar mekanizmalar\u0131nda yer almalar\u0131, dinamik ve yenilik\u00e7i \u00e7\u00f6z\u00fcmler \u00fcretmek a\u00e7\u0131s\u0131ndan b\u00fcy\u00fck bir f\u0131rsat sunuyor\u201d diye konu\u015ftu. Avrupa B\u00f6lgeler Haftas\u0131\u2019n\u0131n her y\u0131l Avrupa genelindeki b\u00f6lgesel liderlerin ve gen\u00e7 politikac\u0131lar\u0131n bir &hellip;","og_url":"https:\/\/denizcankizil.tr\/uk\/haberler\/gundem\/filistin-icin-bir-baris-cagrisi-da-brukselde-mudanyadan-geldi\/","og_site_name":"Av. Deniz Can K\u0131z\u0131l","article_published_time":"2024-10-11T10:42:51+00:00","twitter_card":"summary_large_image","twitter_misc":{"\u041f\u0440\u0438\u0431\u043b. \u0447\u0430\u0441 \u0447\u0438\u0442\u0430\u043d\u043d\u044f":"2 \u0445\u0432\u0438\u043b\u0438\u043d\u0438"},"schema":{"@context":"https:\/\/schema.org","@graph":[{"@type":"Article","@id":"https:\/\/denizcankizil.tr\/uk\/haberler\/gundem\/filistin-icin-bir-baris-cagrisi-da-brukselde-mudanyadan-geldi\/#article","isPartOf":{"@id":"https:\/\/denizcankizil.tr\/uk\/haberler\/gundem\/filistin-icin-bir-baris-cagrisi-da-brukselde-mudanyadan-geldi\/"},"author":{"name":"","@id":""},"headline":"Filistin i\u00e7in bir bar\u0131\u015f \u00e7a\u011fr\u0131s\u0131 da Br\u00fcksel&#8217;de Mudanya&#8217;dan geldi","datePublished":"2024-10-11T10:42:51+00:00","mainEntityOfPage":{"@id":"https:\/\/denizcankizil.tr\/uk\/haberler\/gundem\/filistin-icin-bir-baris-cagrisi-da-brukselde-mudanyadan-geldi\/"},"wordCount":448,"commentCount":0,"publisher":{"@id":"https:\/\/denizcankizil.tr\/#organization"},"articleSection":["G\u00fcndem"],"inLanguage":"uk","potentialAction":[{"@type":"CommentAction","name":"Comment","target":["https:\/\/denizcankizil.tr\/uk\/haberler\/gundem\/filistin-icin-bir-baris-cagrisi-da-brukselde-mudanyadan-geldi\/#respond"]}]},{"@type":"WebPage","@id":"https:\/\/denizcankizil.tr\/uk\/haberler\/gundem\/filistin-icin-bir-baris-cagrisi-da-brukselde-mudanyadan-geldi\/","url":"https:\/\/denizcankizil.tr\/uk\/haberler\/gundem\/filistin-icin-bir-baris-cagrisi-da-brukselde-mudanyadan-geldi\/","name":"Filistin i\u00e7in bir bar\u0131\u015f \u00e7a\u011fr\u0131s\u0131 da Br\u00fcksel'de Mudanya'dan geldi - Av. Deniz Can K\u0131z\u0131l","isPartOf":{"@id":"https:\/\/denizcankizil.tr\/#website"},"datePublished":"2024-10-11T10:42:51+00:00","breadcrumb":{"@id":"https:\/\/denizcankizil.tr\/uk\/haberler\/gundem\/filistin-icin-bir-baris-cagrisi-da-brukselde-mudanyadan-geldi\/#breadcrumb"},"inLanguage":"uk","potentialAction":[{"@type":"ReadAction","target":["https:\/\/denizcankizil.tr\/uk\/haberler\/gundem\/filistin-icin-bir-baris-cagrisi-da-brukselde-mudanyadan-geldi\/"]}]},{"@type":"BreadcrumbList","@id":"https:\/\/denizcankizil.tr\/uk\/haberler\/gundem\/filistin-icin-bir-baris-cagrisi-da-brukselde-mudanyadan-geldi\/#breadcrumb","itemListElement":[{"@type":"ListItem","position":1,"name":"Home","item":"https:\/\/denizcankizil.tr\/de\/"},{"@type":"ListItem","position":2,"name":"Filistin i\u00e7in bir bar\u0131\u015f \u00e7a\u011fr\u0131s\u0131 da Br\u00fcksel&#8217;de Mudanya&#8217;dan geldi"}]},{"@type":"WebSite","@id":"https:\/\/denizcankizil.tr\/#website","url":"https:\/\/denizcankizil.tr\/","name":"Av. Deniz Can K\u0131z\u0131l","description":"Avukat Deniz Can K\u0131z\u0131l Antalya Barosu","publisher":{"@id":"https:\/\/denizcankizil.tr\/#organization"},"potentialAction":[{"@type":"SearchAction","target":{"@type":"EntryPoint","urlTemplate":"https:\/\/denizcankizil.tr\/?s={search_term_string}"},"query-input":{"@type":"PropertyValueSpecification","valueRequired":true,"valueName":"search_term_string"}}],"inLanguage":"uk"},{"@type":"Organization","@id":"https:\/\/denizcankizil.tr\/#organization","name":"Av. Deniz Can K\u0131z\u0131l","url":"https:\/\/denizcankizil.tr\/","logo":{"@type":"ImageObject","inLanguage":"uk","@id":"https:\/\/denizcankizil.tr\/#\/schema\/logo\/image\/","url":"https:\/\/denizcankizil.tr\/wp-content\/uploads\/2024\/10\/siyah-logo-svg.svg","contentUrl":"https:\/\/denizcankizil.tr\/wp-content\/uploads\/2024\/10\/siyah-logo-svg.svg","width":1080,"height":1080,"caption":"Av. Deniz Can K\u0131z\u0131l"},"image":{"@id":"https:\/\/denizcankizil.tr\/#\/schema\/logo\/image\/"}}]}},"_links":{"self":[{"href":"https:\/\/denizcankizil.tr\/uk\/wp-json\/wp\/v2\/posts\/1484","targetHints":{"allow":["GET"]}}],"collection":[{"href":"https:\/\/denizcankizil.tr\/uk\/wp-json\/wp\/v2\/posts"}],"about":[{"href":"https:\/\/denizcankizil.tr\/uk\/wp-json\/wp\/v2\/types\/post"}],"replies":[{"embeddable":true,"href":"https:\/\/denizcankizil.tr\/uk\/wp-json\/wp\/v2\/comments?post=1484"}],"version-history":[{"count":0,"href":"https:\/\/denizcankizil.tr\/uk\/wp-json\/wp\/v2\/posts\/1484\/revisions"}],"wp:attachment":[{"href":"https:\/\/denizcankizil.tr\/uk\/wp-json\/wp\/v2\/media?parent=1484"}],"wp:term":[{"taxonomy":"category","embeddable":true,"href":"https:\/\/denizcankizil.tr\/uk\/wp-json\/wp\/v2\/categories?post=1484"},{"taxonomy":"post_tag","embeddable":true,"href":"https:\/\/denizcankizil.tr\/uk\/wp-json\/wp\/v2\/tags?post=1484"}],"curies":[{"name":"wp","href":"https:\/\/api.w.org\/{rel}","templated":true}]}}