{"id":1482,"date":"2024-10-11T10:42:50","date_gmt":"2024-10-11T10:42:50","guid":{"rendered":"https:\/\/denizcankizil.tr\/uncategorized\/agir-kadina-yonelik-siddete-sessiz-kalmak-siddete-ortak-olmak-demektir\/"},"modified":"2024-10-11T10:42:50","modified_gmt":"2024-10-11T10:42:50","slug":"agir-kadina-yonelik-siddete-sessiz-kalmak-siddete-ortak-olmak-demektir","status":"publish","type":"post","link":"https:\/\/denizcankizil.tr\/uk\/haberler\/gundem\/agir-kadina-yonelik-siddete-sessiz-kalmak-siddete-ortak-olmak-demektir\/","title":{"rendered":"A\u011eIR: \u2018\u2018KADINA Y\u00d6NEL\u0130K \u015e\u0130DDETE SESS\u0130Z KALMAK, \u015e\u0130DDETE ORTAK OLMAK DEMEKT\u0130R\u2019\u2019"},"content":{"rendered":"<p>Arsuz \u0130\u015f \u0130nsanlar\u0131 Derne\u011fi Y\u00f6netim Kurulu Ba\u015fkan\u0131 Adnan A\u011f\u0131r, kad\u0131nlar\u0131n toplumsal yap\u0131daki \u00f6nemine dikkat \u00e7ekerek, kad\u0131na y\u00f6nelik artan \u015fiddetin toplumsal bar\u0131\u015f\u0131 da olumsuz etkiledi\u011fini belirtti.\u00a0<\/p>\n<p>Ba\u015fkan A\u011f\u0131r, kad\u0131na y\u00f6nelik \u015fiddetin sadece fiziksel bi\u00e7imde alg\u0131land\u0131\u011f\u0131n\u0131 belirterek, \u201cKad\u0131na y\u00f6nelik \u015fiddet g\u00fcn\u00fcm\u00fczde bilinen hali ile yaln\u0131zca fiziksel \u015fiddet de\u011fildir. Psikolojik, cinsel ve ekonomik \u015fiddet de bu kapsama girmektedir\u201d dedi.\u00a0\u00a0<\/p>\n<p>Kad\u0131nlar\u0131n en \u00e7ok maruz kald\u0131\u011f\u0131 \u015fiddet t\u00fcr\u00fcn\u00fcn psikolojik \u015fiddet oldu\u011funa da dikkat \u00e7eken A\u011f\u0131r, a\u00e7\u0131klamas\u0131n\u0131n devam\u0131nda \u015fu ifadelere yer verdi;\u00a0<\/p>\n<p>AR\u0130AD olarak, kad\u0131na y\u00f6nelik \u015fiddete sessiz kalman\u0131n, \u015fiddete ortak olmak anlam\u0131na geldi\u011fine, m\u00fccadele \u00e7al\u0131\u015fmalar\u0131n\u0131n kararl\u0131l\u0131kla devam etmesi ve bu s\u00fcre\u00e7te t\u00fcm kesimlerin sorumluluk almas\u0131 gerekti\u011fine inan\u0131yoruz.\u00a0<\/p>\n<p>\u015eiddetle ba\u015f edebilmek i\u00e7in \u00e7ok y\u00f6nl\u00fc m\u00fcdahaleler gereklidir.\u00a0<\/p>\n<p>Kad\u0131na y\u00f6nelik \u015fiddeti \u00f6nlemede ve ger\u00e7ekle\u015fen \u015fiddet t\u00fcrleri ile ba\u015f etmede \u00f6ncelikle cinsiyet e\u015fitli\u011fini temel alan toplumsal duyarl\u0131l\u0131k olu\u015fturulmal\u0131, bu konuda bireysel ve toplumsal fark\u0131ndal\u0131k ve sorumluluklar artt\u0131r\u0131lmal\u0131d\u0131r. \u015eiddet g\u00f6ren kad\u0131nlara gereksinimleri do\u011frultusunda yasal ve psikososyal destek sa\u011flayan kurum ve organizasyonlar olu\u015fturulmal\u0131d\u0131r.\u00a0<\/p>\n<p>Kad\u0131na y\u00f6nelik \u015fiddeti \u00f6nlemek ad\u0131na yap\u0131lmas\u0131 gereken ilk \u015fey; toplumsal fark\u0131ndal\u0131\u011f\u0131n geli\u015ftirilmesi. Kad\u0131n\u0131n insan haklar\u0131ndan yararlanmas\u0131n\u0131n \u00f6n\u00fcnde hi\u00e7bir engel kalmamal\u0131.\u00a0<\/p>\n<p>\u015eiddetle m\u00fccadele, toplumun her katman\u0131nda ortak ve kararl\u0131 bir \u015fekilde y\u00fcr\u00fct\u00fclmeli.\u00a0<\/p>\n<p>Ayr\u0131ca Elektronik Kelep\u00e7e, KADES ve benzeri teknolojik uygulamalar\u0131n yayg\u0131nla\u015ft\u0131r\u0131lmas\u0131 sa\u011flanarak kullan\u0131mlar\u0131 hakk\u0131nda bilgilendirici videolar, g\u00f6rseller haz\u0131rlanmal\u0131, tan\u0131t\u0131mlar yap\u0131larak kesintisiz \u015fekilde topluma bilgi verilmelidir.\u00a0<\/p>\n<p>\u015eiddete maruz kalm\u0131\u015f kad\u0131nlar i\u00e7in g\u00fcvenli, kolay ula\u015f\u0131labilir, her zaman s\u0131\u011f\u0131nabilecekleri kurumlar olu\u015fturulmal\u0131d\u0131r. Gerekli tedbirler al\u0131narak \u015fiddet failinin uzakla\u015ft\u0131r\u0131lmas\u0131 ve ma\u011fdur kad\u0131n\u0131n kendisini g\u00fcvende hissetmesi sa\u011flanmal\u0131d\u0131r.\u00a0<\/p>\n<p>Cezalar cayd\u0131r\u0131c\u0131 olmal\u0131d\u0131r.\u00a0<\/p>\n<p>Ancak \u00e7o\u011fu zaman kad\u0131nlar\u0131 korumak i\u00e7in sadece ma\u011fduriyetlere odaklanmak ve \u015fiddet faillerini uzakla\u015ft\u0131rmak yetmiyor. Fail, uzakta olsa dahi ma\u011fdura yakla\u015fman\u0131n bir yolunu buluyor ve \u015fiddet kullanmaya devam ediyor. Bu ise ne yaz\u0131k ki \u00e7o\u011fu zaman geri d\u00f6n\u00fc\u015f\u00fc olmayan \u00fcz\u00fcc\u00fc sonu\u00e7lara yol a\u00e7\u0131yor.\u00a0<\/p>\n<p>Problemin k\u00f6kenine inebilmek ve \u015fiddet sarmal\u0131n\u0131 k\u0131rabilmek i\u00e7in faillerle de ileti\u015fime ge\u00e7ilmesi, psikolojik tedavi almalar\u0131n\u0131n sa\u011flanmas\u0131 \u00e7ok \u00f6nemli. Bu programlar devletin \u00f6nc\u00fcl\u00fc\u011f\u00fcnde uzmanlar\u0131n, \u00fcniversitelerin ve STK\u2019lar\u0131n deste\u011fi ile ger\u00e7ekle\u015ftirilebilir. \u00d6zellikle yeniden \u015fiddet g\u00f6sterme riski y\u00fcksek olan failler hem rehabilite edilmeli hem de \u00f6fke kontrol programlar\u0131na kat\u0131lmalar\u0131 sa\u011flanmal\u0131d\u0131r. Bu programlar\u0131n \u00fclke genelinde yayg\u0131nla\u015ft\u0131r\u0131lmas\u0131 hayati \u00f6neme sahip.\u00a0<\/p>\n<p>Kad\u0131nlar \u0130\u00e7in \u015eiddetten Ar\u0131nm\u0131\u015f Bir D\u00fcnya Umut Ediyoruz\u00a0<\/p>\n<p>Bu noktada, kad\u0131nlar\u0131m\u0131za destek olmak ve onlar\u0131n yan\u0131nda oldu\u011fumuzu hissettirmek ad\u0131na \u015funa dikkat \u00e7ekmek istiyorum; biz hukukun \u00fcst\u00fcnl\u00fc\u011f\u00fcne inanan bir milletiz, devletin halk\u0131m\u0131z\u0131 yasalarla koruma alt\u0131na alma y\u00fck\u00fcml\u00fcl\u00fc\u011f\u00fcn\u00fcn fark\u0131nday\u0131z. Cezalar cayd\u0131r\u0131c\u0131 olmal\u0131d\u0131r. Bizler de her zaman bu yasalar\u0131n do\u011fru uygulan\u0131p uygulanmad\u0131\u011f\u0131n\u0131n takip\u00e7isi olaca\u011f\u0131z. AR\u0130AD olarak; kad\u0131nlar i\u00e7in \u015fiddetten ar\u0131nm\u0131\u015f bir d\u00fcnya umut ediyoruz\u2019\u2019<\/p>\n<p>\u200bArsuz \u0130\u015f \u0130nsanlar\u0131 Derne\u011fi Y\u00f6netim Kurulu Ba\u015fkan\u0131 Adnan A\u011f\u0131r, kad\u0131nlar\u0131n toplumsal yap\u0131daki \u00f6nemine dikkat \u00e7ekerek, kad\u0131na y\u00f6nelik artan \u015fiddetin toplumsal bar\u0131\u015f\u0131 da olumsuz etkiledi\u011fini belirtti.\u00a0<\/p>\n<p>Ba\u015fkan A\u011f\u0131r, kad\u0131na y\u00f6nelik \u015fiddetin sadece fiziksel bi\u00e7imde alg\u0131land\u0131\u011f\u0131n\u0131 belirterek, \u201cKad\u0131na y\u00f6nelik \u015fiddet g\u00fcn\u00fcm\u00fczde bilinen hali ile yaln\u0131zca fiziksel \u015fiddet de\u011fildir. Psikolojik, cinsel ve ekonomik \u015fiddet de bu kapsama girmektedir\u201d dedi.\u00a0\u00a0<\/p>\n<p>Kad\u0131nlar\u0131n en \u00e7ok maruz kald\u0131\u011f\u0131 \u015fiddet t\u00fcr\u00fcn\u00fcn psikolojik \u015fiddet oldu\u011funa da dikkat \u00e7eken A\u011f\u0131r, a\u00e7\u0131klamas\u0131n\u0131n devam\u0131nda \u015fu ifadelere yer verdi;\u00a0<\/p>\n<p>AR\u0130AD olarak, kad\u0131na y\u00f6nelik \u015fiddete sessiz kalman\u0131n, \u015fiddete ortak olmak anlam\u0131na geldi\u011fine, m\u00fccadele \u00e7al\u0131\u015fmalar\u0131n\u0131n kararl\u0131l\u0131kla devam etmesi ve bu s\u00fcre\u00e7te t\u00fcm kesimlerin sorumluluk almas\u0131 gerekti\u011fine inan\u0131yoruz.\u00a0<\/p>\n<p>\u015eiddetle ba\u015f edebilmek i\u00e7in \u00e7ok y\u00f6nl\u00fc m\u00fcdahaleler gereklidir.\u00a0<\/p>\n<p>Kad\u0131na y\u00f6nelik \u015fiddeti \u00f6nlemede ve ger\u00e7ekle\u015fen \u015fiddet t\u00fcrleri ile ba\u015f etmede \u00f6ncelikle cinsiyet e\u015fitli\u011fini temel alan toplumsal duyarl\u0131l\u0131k olu\u015fturulmal\u0131, bu konuda bireysel ve toplumsal fark\u0131ndal\u0131k ve sorumluluklar artt\u0131r\u0131lmal\u0131d\u0131r. \u015eiddet g\u00f6ren kad\u0131nlara gereksinimleri do\u011frultusunda yasal ve psikososyal destek sa\u011flayan kurum ve organizasyonlar olu\u015fturulmal\u0131d\u0131r.\u00a0<\/p>\n<p>Kad\u0131na y\u00f6nelik \u015fiddeti \u00f6nlemek ad\u0131na yap\u0131lmas\u0131 gereken ilk \u015fey; toplumsal fark\u0131ndal\u0131\u011f\u0131n geli\u015ftirilmesi. Kad\u0131n\u0131n insan haklar\u0131ndan yararlanmas\u0131n\u0131n \u00f6n\u00fcnde hi\u00e7bir engel kalmamal\u0131.\u00a0<\/p>\n<p>\u015eiddetle m\u00fccadele, toplumun her katman\u0131nda ortak ve kararl\u0131 bir \u015fekilde y\u00fcr\u00fct\u00fclmeli.\u00a0<\/p>\n<p>Ayr\u0131ca Elektronik Kelep\u00e7e, KADES ve benzeri teknolojik uygulamalar\u0131n yayg\u0131nla\u015ft\u0131r\u0131lmas\u0131 sa\u011flanarak kullan\u0131mlar\u0131 hakk\u0131nda bilgilendirici videolar, g\u00f6rseller haz\u0131rlanmal\u0131, tan\u0131t\u0131mlar yap\u0131larak kesintisiz \u015fekilde topluma bilgi verilmelidir.\u00a0<\/p>\n<p>\u015eiddete maruz kalm\u0131\u015f kad\u0131nlar i\u00e7in g\u00fcvenli, kolay ula\u015f\u0131labilir, her zaman s\u0131\u011f\u0131nabilecekleri kurumlar olu\u015fturulmal\u0131d\u0131r. Gerekli tedbirler al\u0131narak \u015fiddet failinin uzakla\u015ft\u0131r\u0131lmas\u0131 ve ma\u011fdur kad\u0131n\u0131n kendisini g\u00fcvende hissetmesi sa\u011flanmal\u0131d\u0131r.\u00a0<\/p>\n<p>Cezalar cayd\u0131r\u0131c\u0131 olmal\u0131d\u0131r.\u00a0<\/p>\n<p>Ancak \u00e7o\u011fu zaman kad\u0131nlar\u0131 korumak i\u00e7in sadece ma\u011fduriyetlere odaklanmak ve \u015fiddet faillerini uzakla\u015ft\u0131rmak yetmiyor. Fail, uzakta olsa dahi ma\u011fdura yakla\u015fman\u0131n bir yolunu buluyor ve \u015fiddet kullanmaya devam ediyor. Bu ise ne yaz\u0131k ki \u00e7o\u011fu zaman geri d\u00f6n\u00fc\u015f\u00fc olmayan \u00fcz\u00fcc\u00fc sonu\u00e7lara yol a\u00e7\u0131yor.\u00a0<\/p>\n<p>Problemin k\u00f6kenine inebilmek ve \u015fiddet sarmal\u0131n\u0131 k\u0131rabilmek i\u00e7in faillerle de ileti\u015fime ge\u00e7ilmesi, psikolojik tedavi almalar\u0131n\u0131n sa\u011flanmas\u0131 \u00e7ok \u00f6nemli. Bu programlar devletin \u00f6nc\u00fcl\u00fc\u011f\u00fcnde uzmanlar\u0131n, \u00fcniversitelerin ve STK\u2019lar\u0131n deste\u011fi ile ger\u00e7ekle\u015ftirilebilir. \u00d6zellikle yeniden \u015fiddet g\u00f6sterme riski y\u00fcksek olan failler hem rehabilite edilmeli hem de \u00f6fke kontrol programlar\u0131na kat\u0131lmalar\u0131 sa\u011flanmal\u0131d\u0131r. Bu programlar\u0131n \u00fclke genelinde yayg\u0131nla\u015ft\u0131r\u0131lmas\u0131 hayati \u00f6neme sahip.\u00a0<\/p>\n<p>Kad\u0131nlar \u0130\u00e7in \u015eiddetten Ar\u0131nm\u0131\u015f Bir D\u00fcnya Umut Ediyoruz\u00a0<\/p>\n<p>Bu noktada, kad\u0131nlar\u0131m\u0131za destek olmak ve onlar\u0131n yan\u0131nda oldu\u011fumuzu hissettirmek ad\u0131na \u015funa dikkat \u00e7ekmek istiyorum; biz hukukun \u00fcst\u00fcnl\u00fc\u011f\u00fcne inanan bir milletiz, devletin halk\u0131m\u0131z\u0131 yasalarla koruma alt\u0131na alma y\u00fck\u00fcml\u00fcl\u00fc\u011f\u00fcn\u00fcn fark\u0131nday\u0131z. Cezalar cayd\u0131r\u0131c\u0131 olmal\u0131d\u0131r. Bizler de her zaman bu yasalar\u0131n do\u011fru uygulan\u0131p uygulanmad\u0131\u011f\u0131n\u0131n takip\u00e7isi olaca\u011f\u0131z. AR\u0130AD olarak; kad\u0131nlar i\u00e7in \u015fiddetten ar\u0131nm\u0131\u015f bir d\u00fcnya umut ediyoruz\u2019\u2019\u00a0<\/p>\n<p>\u200biskenderun<\/p>","protected":false},"excerpt":{"rendered":"<p>Arsuz \u0130\u015f \u0130nsanlar\u0131 Derne\u011fi Y\u00f6netim Kurulu Ba\u015fkan\u0131 Adnan A\u011f\u0131r, kad\u0131nlar\u0131n toplumsal yap\u0131daki \u00f6nemine dikkat \u00e7ekerek, kad\u0131na y\u00f6nelik artan \u015fiddetin toplumsal bar\u0131\u015f\u0131 da olumsuz etkiledi\u011fini belirtti.\u00a0 Ba\u015fkan A\u011f\u0131r, kad\u0131na y\u00f6nelik \u015fiddetin sadece fiziksel bi\u00e7imde alg\u0131land\u0131\u011f\u0131n\u0131 belirterek, \u201cKad\u0131na y\u00f6nelik \u015fiddet g\u00fcn\u00fcm\u00fczde bilinen hali ile yaln\u0131zca fiziksel \u015fiddet de\u011fildir. Psikolojik, cinsel ve ekonomik \u015fiddet de bu kapsama girmektedir\u201d dedi.\u00a0\u00a0 Kad\u0131nlar\u0131n en \u00e7ok maruz kald\u0131\u011f\u0131 \u015fiddet t\u00fcr\u00fcn\u00fcn psikolojik \u015fiddet oldu\u011funa da dikkat \u00e7eken A\u011f\u0131r, a\u00e7\u0131klamas\u0131n\u0131n devam\u0131nda \u015fu ifadelere yer verdi;\u00a0 AR\u0130AD olarak, kad\u0131na y\u00f6nelik \u015fiddete sessiz kalman\u0131n, \u015fiddete ortak olmak anlam\u0131na geldi\u011fine, m\u00fccadele \u00e7al\u0131\u015fmalar\u0131n\u0131n kararl\u0131l\u0131kla devam etmesi ve bu s\u00fcre\u00e7te t\u00fcm kesimlerin sorumluluk almas\u0131 gerekti\u011fine inan\u0131yoruz.\u00a0 \u015eiddetle ba\u015f edebilmek i\u00e7in \u00e7ok y\u00f6nl\u00fc m\u00fcdahaleler gereklidir.\u00a0 Kad\u0131na y\u00f6nelik \u015fiddeti \u00f6nlemede ve ger\u00e7ekle\u015fen \u015fiddet t\u00fcrleri ile ba\u015f etmede \u00f6ncelikle cinsiyet e\u015fitli\u011fini temel alan toplumsal duyarl\u0131l\u0131k olu\u015fturulmal\u0131, bu konuda bireysel ve toplumsal fark\u0131ndal\u0131k ve sorumluluklar artt\u0131r\u0131lmal\u0131d\u0131r. \u015eiddet g\u00f6ren kad\u0131nlara gereksinimleri do\u011frultusunda yasal ve psikososyal destek sa\u011flayan kurum ve organizasyonlar olu\u015fturulmal\u0131d\u0131r.\u00a0 Kad\u0131na y\u00f6nelik \u015fiddeti \u00f6nlemek ad\u0131na yap\u0131lmas\u0131 gereken ilk \u015fey; toplumsal fark\u0131ndal\u0131\u011f\u0131n geli\u015ftirilmesi. Kad\u0131n\u0131n insan haklar\u0131ndan yararlanmas\u0131n\u0131n \u00f6n\u00fcnde hi\u00e7bir engel kalmamal\u0131.\u00a0 \u015eiddetle m\u00fccadele, toplumun her katman\u0131nda ortak ve kararl\u0131 bir \u015fekilde y\u00fcr\u00fct\u00fclmeli.\u00a0 Ayr\u0131ca Elektronik Kelep\u00e7e, KADES ve benzeri teknolojik uygulamalar\u0131n yayg\u0131nla\u015ft\u0131r\u0131lmas\u0131 sa\u011flanarak kullan\u0131mlar\u0131 hakk\u0131nda bilgilendirici videolar, g\u00f6rseller haz\u0131rlanmal\u0131, tan\u0131t\u0131mlar &hellip;<\/p>","protected":false},"author":0,"featured_media":0,"comment_status":"open","ping_status":"open","sticky":false,"template":"","format":"standard","meta":{"_acf_changed":false,"footnotes":""},"categories":[24],"tags":[],"class_list":["post-1482","post","type-post","status-publish","format-standard","has-post-thumbnail","hentry","category-gundem"],"acf":[],"yoast_head":"<!-- This site is optimized with the Yoast SEO Premium plugin v26.6 (Yoast SEO v27.1.1) - https:\/\/yoast.com\/product\/yoast-seo-premium-wordpress\/ -->\n<title>A\u011eIR: \u2018\u2018KADINA Y\u00d6NEL\u0130K \u015e\u0130DDETE SESS\u0130Z KALMAK, \u015e\u0130DDETE ORTAK OLMAK DEMEKT\u0130R\u2019\u2019 - Av. Deniz Can K\u0131z\u0131l<\/title>\n<meta name=\"robots\" content=\"index, follow, max-snippet:-1, max-image-preview:large, max-video-preview:-1\" \/>\n<link rel=\"canonical\" href=\"https:\/\/denizcankizil.tr\/uk\/haberler\/gundem\/agir-kadina-yonelik-siddete-sessiz-kalmak-siddete-ortak-olmak-demektir\/\" \/>\n<meta property=\"og:locale\" content=\"uk_UA\" \/>\n<meta property=\"og:type\" content=\"article\" \/>\n<meta property=\"og:title\" content=\"A\u011eIR: \u2018\u2018KADINA Y\u00d6NEL\u0130K \u015e\u0130DDETE SESS\u0130Z KALMAK, \u015e\u0130DDETE ORTAK OLMAK DEMEKT\u0130R\u2019\u2019\" \/>\n<meta property=\"og:description\" content=\"Arsuz \u0130\u015f \u0130nsanlar\u0131 Derne\u011fi Y\u00f6netim Kurulu Ba\u015fkan\u0131 Adnan A\u011f\u0131r, kad\u0131nlar\u0131n toplumsal yap\u0131daki \u00f6nemine dikkat \u00e7ekerek, kad\u0131na y\u00f6nelik artan \u015fiddetin toplumsal bar\u0131\u015f\u0131 da olumsuz etkiledi\u011fini belirtti.\u00a0 Ba\u015fkan A\u011f\u0131r, kad\u0131na y\u00f6nelik \u015fiddetin sadece fiziksel bi\u00e7imde alg\u0131land\u0131\u011f\u0131n\u0131 belirterek, \u201cKad\u0131na y\u00f6nelik \u015fiddet g\u00fcn\u00fcm\u00fczde bilinen hali ile yaln\u0131zca fiziksel \u015fiddet de\u011fildir. Psikolojik, cinsel ve ekonomik \u015fiddet de bu kapsama girmektedir\u201d dedi.\u00a0\u00a0 Kad\u0131nlar\u0131n en \u00e7ok maruz kald\u0131\u011f\u0131 \u015fiddet t\u00fcr\u00fcn\u00fcn psikolojik \u015fiddet oldu\u011funa da dikkat \u00e7eken A\u011f\u0131r, a\u00e7\u0131klamas\u0131n\u0131n devam\u0131nda \u015fu ifadelere yer verdi;\u00a0 AR\u0130AD olarak, kad\u0131na y\u00f6nelik \u015fiddete sessiz kalman\u0131n, \u015fiddete ortak olmak anlam\u0131na geldi\u011fine, m\u00fccadele \u00e7al\u0131\u015fmalar\u0131n\u0131n kararl\u0131l\u0131kla devam etmesi ve bu s\u00fcre\u00e7te t\u00fcm kesimlerin sorumluluk almas\u0131 gerekti\u011fine inan\u0131yoruz.\u00a0 \u015eiddetle ba\u015f edebilmek i\u00e7in \u00e7ok y\u00f6nl\u00fc m\u00fcdahaleler gereklidir.\u00a0 Kad\u0131na y\u00f6nelik \u015fiddeti \u00f6nlemede ve ger\u00e7ekle\u015fen \u015fiddet t\u00fcrleri ile ba\u015f etmede \u00f6ncelikle cinsiyet e\u015fitli\u011fini temel alan toplumsal duyarl\u0131l\u0131k olu\u015fturulmal\u0131, bu konuda bireysel ve toplumsal fark\u0131ndal\u0131k ve sorumluluklar artt\u0131r\u0131lmal\u0131d\u0131r. \u015eiddet g\u00f6ren kad\u0131nlara gereksinimleri do\u011frultusunda yasal ve psikososyal destek sa\u011flayan kurum ve organizasyonlar olu\u015fturulmal\u0131d\u0131r.\u00a0 Kad\u0131na y\u00f6nelik \u015fiddeti \u00f6nlemek ad\u0131na yap\u0131lmas\u0131 gereken ilk \u015fey; toplumsal fark\u0131ndal\u0131\u011f\u0131n geli\u015ftirilmesi. Kad\u0131n\u0131n insan haklar\u0131ndan yararlanmas\u0131n\u0131n \u00f6n\u00fcnde hi\u00e7bir engel kalmamal\u0131.\u00a0 \u015eiddetle m\u00fccadele, toplumun her katman\u0131nda ortak ve kararl\u0131 bir \u015fekilde y\u00fcr\u00fct\u00fclmeli.\u00a0 Ayr\u0131ca Elektronik Kelep\u00e7e, KADES ve benzeri teknolojik uygulamalar\u0131n yayg\u0131nla\u015ft\u0131r\u0131lmas\u0131 sa\u011flanarak kullan\u0131mlar\u0131 hakk\u0131nda bilgilendirici videolar, g\u00f6rseller haz\u0131rlanmal\u0131, tan\u0131t\u0131mlar &hellip;\" \/>\n<meta property=\"og:url\" content=\"https:\/\/denizcankizil.tr\/uk\/haberler\/gundem\/agir-kadina-yonelik-siddete-sessiz-kalmak-siddete-ortak-olmak-demektir\/\" \/>\n<meta property=\"og:site_name\" content=\"Av. Deniz Can K\u0131z\u0131l\" \/>\n<meta property=\"article:published_time\" content=\"2024-10-11T10:42:50+00:00\" \/>\n<meta name=\"twitter:card\" content=\"summary_large_image\" \/>\n<meta name=\"twitter:label1\" content=\"\u041f\u0440\u0438\u0431\u043b. \u0447\u0430\u0441 \u0447\u0438\u0442\u0430\u043d\u043d\u044f\" \/>\n\t<meta name=\"twitter:data1\" content=\"6 \u0445\u0432\u0438\u043b\u0438\u043d\" \/>\n<script type=\"application\/ld+json\" class=\"yoast-schema-graph\">{\"@context\":\"https:\/\/schema.org\",\"@graph\":[{\"@type\":\"Article\",\"@id\":\"https:\/\/denizcankizil.tr\/uk\/haberler\/gundem\/agir-kadina-yonelik-siddete-sessiz-kalmak-siddete-ortak-olmak-demektir\/#article\",\"isPartOf\":{\"@id\":\"https:\/\/denizcankizil.tr\/uk\/haberler\/gundem\/agir-kadina-yonelik-siddete-sessiz-kalmak-siddete-ortak-olmak-demektir\/\"},\"author\":{\"name\":\"\",\"@id\":\"\"},\"headline\":\"A\u011eIR: \u2018\u2018KADINA Y\u00d6NEL\u0130K \u015e\u0130DDETE SESS\u0130Z KALMAK, \u015e\u0130DDETE ORTAK OLMAK DEMEKT\u0130R\u2019\u2019\",\"datePublished\":\"2024-10-11T10:42:50+00:00\",\"mainEntityOfPage\":{\"@id\":\"https:\/\/denizcankizil.tr\/uk\/haberler\/gundem\/agir-kadina-yonelik-siddete-sessiz-kalmak-siddete-ortak-olmak-demektir\/\"},\"wordCount\":1234,\"commentCount\":0,\"publisher\":{\"@id\":\"https:\/\/denizcankizil.tr\/de\/#organization\"},\"articleSection\":[\"G\u00fcndem\"],\"inLanguage\":\"uk\",\"potentialAction\":[{\"@type\":\"CommentAction\",\"name\":\"Comment\",\"target\":[\"https:\/\/denizcankizil.tr\/uk\/haberler\/gundem\/agir-kadina-yonelik-siddete-sessiz-kalmak-siddete-ortak-olmak-demektir\/#respond\"]}]},{\"@type\":\"WebPage\",\"@id\":\"https:\/\/denizcankizil.tr\/uk\/haberler\/gundem\/agir-kadina-yonelik-siddete-sessiz-kalmak-siddete-ortak-olmak-demektir\/\",\"url\":\"https:\/\/denizcankizil.tr\/uk\/haberler\/gundem\/agir-kadina-yonelik-siddete-sessiz-kalmak-siddete-ortak-olmak-demektir\/\",\"name\":\"A\u011eIR: \u2018\u2018KADINA Y\u00d6NEL\u0130K \u015e\u0130DDETE SESS\u0130Z KALMAK, \u015e\u0130DDETE ORTAK OLMAK DEMEKT\u0130R\u2019\u2019 - Av. Deniz Can K\u0131z\u0131l\",\"isPartOf\":{\"@id\":\"https:\/\/denizcankizil.tr\/de\/#website\"},\"datePublished\":\"2024-10-11T10:42:50+00:00\",\"breadcrumb\":{\"@id\":\"https:\/\/denizcankizil.tr\/uk\/haberler\/gundem\/agir-kadina-yonelik-siddete-sessiz-kalmak-siddete-ortak-olmak-demektir\/#breadcrumb\"},\"inLanguage\":\"uk\",\"potentialAction\":[{\"@type\":\"ReadAction\",\"target\":[\"https:\/\/denizcankizil.tr\/uk\/haberler\/gundem\/agir-kadina-yonelik-siddete-sessiz-kalmak-siddete-ortak-olmak-demektir\/\"]}]},{\"@type\":\"BreadcrumbList\",\"@id\":\"https:\/\/denizcankizil.tr\/uk\/haberler\/gundem\/agir-kadina-yonelik-siddete-sessiz-kalmak-siddete-ortak-olmak-demektir\/#breadcrumb\",\"itemListElement\":[{\"@type\":\"ListItem\",\"position\":1,\"name\":\"Home\",\"item\":\"https:\/\/denizcankizil.tr\/de\/\"},{\"@type\":\"ListItem\",\"position\":2,\"name\":\"A\u011eIR: \u2018\u2018KADINA Y\u00d6NEL\u0130K \u015e\u0130DDETE SESS\u0130Z KALMAK, \u015e\u0130DDETE ORTAK OLMAK DEMEKT\u0130R\u2019\u2019\"}]},{\"@type\":\"WebSite\",\"@id\":\"https:\/\/denizcankizil.tr\/de\/#website\",\"url\":\"https:\/\/denizcankizil.tr\/de\/\",\"name\":\"Av. Deniz Can K\u0131z\u0131l\",\"description\":\"Avukat Deniz Can K\u0131z\u0131l Antalya Barosu\",\"publisher\":{\"@id\":\"https:\/\/denizcankizil.tr\/de\/#organization\"},\"potentialAction\":[{\"@type\":\"SearchAction\",\"target\":{\"@type\":\"EntryPoint\",\"urlTemplate\":\"https:\/\/denizcankizil.tr\/de\/?s={search_term_string}\"},\"query-input\":{\"@type\":\"PropertyValueSpecification\",\"valueRequired\":true,\"valueName\":\"search_term_string\"}}],\"inLanguage\":\"uk\"},{\"@type\":\"Organization\",\"@id\":\"https:\/\/denizcankizil.tr\/de\/#organization\",\"name\":\"Av. Deniz Can K\u0131z\u0131l\",\"url\":\"https:\/\/denizcankizil.tr\/de\/\",\"logo\":{\"@type\":\"ImageObject\",\"inLanguage\":\"uk\",\"@id\":\"https:\/\/denizcankizil.tr\/de\/#\/schema\/logo\/image\/\",\"url\":\"https:\/\/denizcankizil.tr\/wp-content\/uploads\/2024\/10\/siyah-logo-svg.svg\",\"contentUrl\":\"https:\/\/denizcankizil.tr\/wp-content\/uploads\/2024\/10\/siyah-logo-svg.svg\",\"width\":1080,\"height\":1080,\"caption\":\"Av. Deniz Can K\u0131z\u0131l\"},\"image\":{\"@id\":\"https:\/\/denizcankizil.tr\/de\/#\/schema\/logo\/image\/\"}}]}<\/script>\n<!-- \/ Yoast SEO Premium plugin. -->","yoast_head_json":{"title":"A\u011eIR: \u2018\u2018KADINA Y\u00d6NEL\u0130K \u015e\u0130DDETE SESS\u0130Z KALMAK, \u015e\u0130DDETE ORTAK OLMAK DEMEKT\u0130R\u2019\u2019 - Av. Deniz Can K\u0131z\u0131l","robots":{"index":"index","follow":"follow","max-snippet":"max-snippet:-1","max-image-preview":"max-image-preview:large","max-video-preview":"max-video-preview:-1"},"canonical":"https:\/\/denizcankizil.tr\/uk\/haberler\/gundem\/agir-kadina-yonelik-siddete-sessiz-kalmak-siddete-ortak-olmak-demektir\/","og_locale":"uk_UA","og_type":"article","og_title":"A\u011eIR: \u2018\u2018KADINA Y\u00d6NEL\u0130K \u015e\u0130DDETE SESS\u0130Z KALMAK, \u015e\u0130DDETE ORTAK OLMAK DEMEKT\u0130R\u2019\u2019","og_description":"Arsuz \u0130\u015f \u0130nsanlar\u0131 Derne\u011fi Y\u00f6netim Kurulu Ba\u015fkan\u0131 Adnan A\u011f\u0131r, kad\u0131nlar\u0131n toplumsal yap\u0131daki \u00f6nemine dikkat \u00e7ekerek, kad\u0131na y\u00f6nelik artan \u015fiddetin toplumsal bar\u0131\u015f\u0131 da olumsuz etkiledi\u011fini belirtti.\u00a0 Ba\u015fkan A\u011f\u0131r, kad\u0131na y\u00f6nelik \u015fiddetin sadece fiziksel bi\u00e7imde alg\u0131land\u0131\u011f\u0131n\u0131 belirterek, \u201cKad\u0131na y\u00f6nelik \u015fiddet g\u00fcn\u00fcm\u00fczde bilinen hali ile yaln\u0131zca fiziksel \u015fiddet de\u011fildir. Psikolojik, cinsel ve ekonomik \u015fiddet de bu kapsama girmektedir\u201d dedi.\u00a0\u00a0 Kad\u0131nlar\u0131n en \u00e7ok maruz kald\u0131\u011f\u0131 \u015fiddet t\u00fcr\u00fcn\u00fcn psikolojik \u015fiddet oldu\u011funa da dikkat \u00e7eken A\u011f\u0131r, a\u00e7\u0131klamas\u0131n\u0131n devam\u0131nda \u015fu ifadelere yer verdi;\u00a0 AR\u0130AD olarak, kad\u0131na y\u00f6nelik \u015fiddete sessiz kalman\u0131n, \u015fiddete ortak olmak anlam\u0131na geldi\u011fine, m\u00fccadele \u00e7al\u0131\u015fmalar\u0131n\u0131n kararl\u0131l\u0131kla devam etmesi ve bu s\u00fcre\u00e7te t\u00fcm kesimlerin sorumluluk almas\u0131 gerekti\u011fine inan\u0131yoruz.\u00a0 \u015eiddetle ba\u015f edebilmek i\u00e7in \u00e7ok y\u00f6nl\u00fc m\u00fcdahaleler gereklidir.\u00a0 Kad\u0131na y\u00f6nelik \u015fiddeti \u00f6nlemede ve ger\u00e7ekle\u015fen \u015fiddet t\u00fcrleri ile ba\u015f etmede \u00f6ncelikle cinsiyet e\u015fitli\u011fini temel alan toplumsal duyarl\u0131l\u0131k olu\u015fturulmal\u0131, bu konuda bireysel ve toplumsal fark\u0131ndal\u0131k ve sorumluluklar artt\u0131r\u0131lmal\u0131d\u0131r. \u015eiddet g\u00f6ren kad\u0131nlara gereksinimleri do\u011frultusunda yasal ve psikososyal destek sa\u011flayan kurum ve organizasyonlar olu\u015fturulmal\u0131d\u0131r.\u00a0 Kad\u0131na y\u00f6nelik \u015fiddeti \u00f6nlemek ad\u0131na yap\u0131lmas\u0131 gereken ilk \u015fey; toplumsal fark\u0131ndal\u0131\u011f\u0131n geli\u015ftirilmesi. Kad\u0131n\u0131n insan haklar\u0131ndan yararlanmas\u0131n\u0131n \u00f6n\u00fcnde hi\u00e7bir engel kalmamal\u0131.\u00a0 \u015eiddetle m\u00fccadele, toplumun her katman\u0131nda ortak ve kararl\u0131 bir \u015fekilde y\u00fcr\u00fct\u00fclmeli.\u00a0 Ayr\u0131ca Elektronik Kelep\u00e7e, KADES ve benzeri teknolojik uygulamalar\u0131n yayg\u0131nla\u015ft\u0131r\u0131lmas\u0131 sa\u011flanarak kullan\u0131mlar\u0131 hakk\u0131nda bilgilendirici videolar, g\u00f6rseller haz\u0131rlanmal\u0131, tan\u0131t\u0131mlar &hellip;","og_url":"https:\/\/denizcankizil.tr\/uk\/haberler\/gundem\/agir-kadina-yonelik-siddete-sessiz-kalmak-siddete-ortak-olmak-demektir\/","og_site_name":"Av. Deniz Can K\u0131z\u0131l","article_published_time":"2024-10-11T10:42:50+00:00","twitter_card":"summary_large_image","twitter_misc":{"\u041f\u0440\u0438\u0431\u043b. \u0447\u0430\u0441 \u0447\u0438\u0442\u0430\u043d\u043d\u044f":"6 \u0445\u0432\u0438\u043b\u0438\u043d"},"schema":{"@context":"https:\/\/schema.org","@graph":[{"@type":"Article","@id":"https:\/\/denizcankizil.tr\/uk\/haberler\/gundem\/agir-kadina-yonelik-siddete-sessiz-kalmak-siddete-ortak-olmak-demektir\/#article","isPartOf":{"@id":"https:\/\/denizcankizil.tr\/uk\/haberler\/gundem\/agir-kadina-yonelik-siddete-sessiz-kalmak-siddete-ortak-olmak-demektir\/"},"author":{"name":"","@id":""},"headline":"A\u011eIR: \u2018\u2018KADINA Y\u00d6NEL\u0130K \u015e\u0130DDETE SESS\u0130Z KALMAK, \u015e\u0130DDETE ORTAK OLMAK DEMEKT\u0130R\u2019\u2019","datePublished":"2024-10-11T10:42:50+00:00","mainEntityOfPage":{"@id":"https:\/\/denizcankizil.tr\/uk\/haberler\/gundem\/agir-kadina-yonelik-siddete-sessiz-kalmak-siddete-ortak-olmak-demektir\/"},"wordCount":1234,"commentCount":0,"publisher":{"@id":"https:\/\/denizcankizil.tr\/de\/#organization"},"articleSection":["G\u00fcndem"],"inLanguage":"uk","potentialAction":[{"@type":"CommentAction","name":"Comment","target":["https:\/\/denizcankizil.tr\/uk\/haberler\/gundem\/agir-kadina-yonelik-siddete-sessiz-kalmak-siddete-ortak-olmak-demektir\/#respond"]}]},{"@type":"WebPage","@id":"https:\/\/denizcankizil.tr\/uk\/haberler\/gundem\/agir-kadina-yonelik-siddete-sessiz-kalmak-siddete-ortak-olmak-demektir\/","url":"https:\/\/denizcankizil.tr\/uk\/haberler\/gundem\/agir-kadina-yonelik-siddete-sessiz-kalmak-siddete-ortak-olmak-demektir\/","name":"A\u011eIR: \u2018\u2018KADINA Y\u00d6NEL\u0130K \u015e\u0130DDETE SESS\u0130Z KALMAK, \u015e\u0130DDETE ORTAK OLMAK DEMEKT\u0130R\u2019\u2019 - Av. Deniz Can K\u0131z\u0131l","isPartOf":{"@id":"https:\/\/denizcankizil.tr\/de\/#website"},"datePublished":"2024-10-11T10:42:50+00:00","breadcrumb":{"@id":"https:\/\/denizcankizil.tr\/uk\/haberler\/gundem\/agir-kadina-yonelik-siddete-sessiz-kalmak-siddete-ortak-olmak-demektir\/#breadcrumb"},"inLanguage":"uk","potentialAction":[{"@type":"ReadAction","target":["https:\/\/denizcankizil.tr\/uk\/haberler\/gundem\/agir-kadina-yonelik-siddete-sessiz-kalmak-siddete-ortak-olmak-demektir\/"]}]},{"@type":"BreadcrumbList","@id":"https:\/\/denizcankizil.tr\/uk\/haberler\/gundem\/agir-kadina-yonelik-siddete-sessiz-kalmak-siddete-ortak-olmak-demektir\/#breadcrumb","itemListElement":[{"@type":"ListItem","position":1,"name":"Home","item":"https:\/\/denizcankizil.tr\/de\/"},{"@type":"ListItem","position":2,"name":"A\u011eIR: \u2018\u2018KADINA Y\u00d6NEL\u0130K \u015e\u0130DDETE SESS\u0130Z KALMAK, \u015e\u0130DDETE ORTAK OLMAK DEMEKT\u0130R\u2019\u2019"}]},{"@type":"WebSite","@id":"https:\/\/denizcankizil.tr\/de\/#website","url":"https:\/\/denizcankizil.tr\/de\/","name":"Av. Deniz Can K\u0131z\u0131l","description":"Avukat Deniz Can K\u0131z\u0131l Antalya Barosu","publisher":{"@id":"https:\/\/denizcankizil.tr\/de\/#organization"},"potentialAction":[{"@type":"SearchAction","target":{"@type":"EntryPoint","urlTemplate":"https:\/\/denizcankizil.tr\/de\/?s={search_term_string}"},"query-input":{"@type":"PropertyValueSpecification","valueRequired":true,"valueName":"search_term_string"}}],"inLanguage":"uk"},{"@type":"Organization","@id":"https:\/\/denizcankizil.tr\/de\/#organization","name":"Av. Deniz Can K\u0131z\u0131l","url":"https:\/\/denizcankizil.tr\/de\/","logo":{"@type":"ImageObject","inLanguage":"uk","@id":"https:\/\/denizcankizil.tr\/de\/#\/schema\/logo\/image\/","url":"https:\/\/denizcankizil.tr\/wp-content\/uploads\/2024\/10\/siyah-logo-svg.svg","contentUrl":"https:\/\/denizcankizil.tr\/wp-content\/uploads\/2024\/10\/siyah-logo-svg.svg","width":1080,"height":1080,"caption":"Av. Deniz Can K\u0131z\u0131l"},"image":{"@id":"https:\/\/denizcankizil.tr\/de\/#\/schema\/logo\/image\/"}}]}},"_links":{"self":[{"href":"https:\/\/denizcankizil.tr\/uk\/wp-json\/wp\/v2\/posts\/1482","targetHints":{"allow":["GET"]}}],"collection":[{"href":"https:\/\/denizcankizil.tr\/uk\/wp-json\/wp\/v2\/posts"}],"about":[{"href":"https:\/\/denizcankizil.tr\/uk\/wp-json\/wp\/v2\/types\/post"}],"replies":[{"embeddable":true,"href":"https:\/\/denizcankizil.tr\/uk\/wp-json\/wp\/v2\/comments?post=1482"}],"version-history":[{"count":0,"href":"https:\/\/denizcankizil.tr\/uk\/wp-json\/wp\/v2\/posts\/1482\/revisions"}],"wp:attachment":[{"href":"https:\/\/denizcankizil.tr\/uk\/wp-json\/wp\/v2\/media?parent=1482"}],"wp:term":[{"taxonomy":"category","embeddable":true,"href":"https:\/\/denizcankizil.tr\/uk\/wp-json\/wp\/v2\/categories?post=1482"},{"taxonomy":"post_tag","embeddable":true,"href":"https:\/\/denizcankizil.tr\/uk\/wp-json\/wp\/v2\/tags?post=1482"}],"curies":[{"name":"wp","href":"https:\/\/api.w.org\/{rel}","templated":true}]}}