{"id":147823,"date":"2025-07-16T13:41:35","date_gmt":"2025-07-16T10:41:35","guid":{"rendered":"https:\/\/denizcankizil.tr\/uncategorized-tr\/buyuksehirden-19-ilceye-40-bin-zeytin-fidani-destegi\/"},"modified":"2025-07-16T13:41:35","modified_gmt":"2025-07-16T10:41:35","slug":"buyuksehirden-19-ilceye-40-bin-zeytin-fidani-destegi","status":"publish","type":"post","link":"https:\/\/denizcankizil.tr\/uk\/haberler\/antalya\/buyuksehirden-19-ilceye-40-bin-zeytin-fidani-destegi\/","title":{"rendered":"B\u00fcy\u00fck\u015fehir\u2019den 19 \u0130l\u00e7eye 40 Bin Zeytin Fidan\u0131 Deste\u011fi"},"content":{"rendered":"<p>Antalya B\u00fcy\u00fck\u015fehir Belediyesi, 40 bin zeytin fidan\u0131n\u0131 19 il\u00e7ede 2 bin \u00fcreticiyle bulu\u015fturuyor. Kurakl\u0131\u011fa dayan\u0131kl\u0131 yap\u0131s\u0131yla \u00f6ne \u00e7\u0131kan zeytin fidanlar\u0131, iklim de\u011fi\u015fikli\u011fiyle m\u00fccadelede de \u00f6nemli bir rol oynayacak.<br \/>\nAntalya B\u00fcy\u00fck\u015fehir Belediyesi Tar\u0131msal Hizmetler Dairesi Ba\u015fkanl\u0131\u011f\u0131&#8217;nca y\u00fcr\u00fct\u00fclen fidan destekleme \u00e7al\u0131\u015fmalar\u0131 kapsam\u0131nda, Korkuteli il\u00e7esinin Bozova, Yelten, Garipce, B\u00fcy\u00fckk\u00f6y ve K\u00fc\u00e7\u00fckk\u00f6y mahalleleri ba\u015fta olmak \u00fczere b\u00f6lgedeki \u00e7ok say\u0131da \u00fcreticiye zeytin fidan\u0131 da\u011f\u0131t\u0131m\u0131 ger\u00e7ekle\u015ftirildi. Bozova il\u00e7esinde ekipler 178 \u00fcreticiye 3 bin 560 adet zeytin fidan\u0131 da\u011f\u0131t\u0131m\u0131 yapt\u0131.<\/p>\n<p>&#8220;Hem iklim korunacak hem \u00fcretici desteklenecek&#8221;<br \/>\nAntalya B\u00fcy\u00fck\u015fehir Belediyesi Tar\u0131msal Hizmetler Dairesi Ba\u015fkanl\u0131\u011f\u0131&#8217;nda g\u00f6revli Ziraat M\u00fchendisi Nida Kalkan, zeytin fidanlar\u0131n\u0131n hem iklim de\u011fi\u015fikli\u011fiyle m\u00fccadelede b\u00fcy\u00fck rol oynayaca\u011f\u0131n\u0131, hem de \u00fcreticilere ve y\u00f6re halk\u0131na ciddi bir katma de\u011fer sa\u011flayaca\u011f\u0131n\u0131 ifade etti. Kalkan, &#8220;Antalya B\u00fcy\u00fck\u015fehir Belediyesi olarak \u00fcreticilerimizin her zaman yan\u0131nday\u0131z. Talep dilek\u00e7eleri do\u011frultusunda fidanlar\u0131 \u00fcreticilerimize teslim ediyoruz. Toplamda 40 bin adet zeytin fidan\u0131n\u0131 2 bin \u00fcreticiyle bulu\u015fturaca\u011f\u0131z. \u00d6zellikle kurakl\u0131\u011fa dayan\u0131kl\u0131 yap\u0131s\u0131yla zeytin, iklim de\u011fi\u015fikli\u011fiyle m\u00fccadelemizde \u00e7ok \u00f6nemli bir yer tutuyor. Ayr\u0131ca b\u00f6lge halk\u0131n\u0131 da kalk\u0131nd\u0131racak&#8221; dedi.<\/p>\n<p>&#8220;Do\u011fa ve insanlar i\u00e7in \u00f6nemli&#8221;<br \/>\nAntalya B\u00fcy\u00fck\u015fehir Belediyesi&#8217;nin zeytin fidan\u0131 hibesinden faydalanan \u00fcreticiler uygulamadan memnun. Fidanlar\u0131 teslim alan \u00fcreticiler, &#8220;\u00c7ok g\u00fczel bir uygulama. Ka\u00e7 ya\u015f\u0131nda olursa olsun, insanlar\u0131n a\u011fa\u00e7 dikmesi g\u00fczel bir durum. Bir de zeytin fidan\u0131 olunca ger\u00e7ekten iyi d\u00fc\u015f\u00fcn\u00fclm\u00fc\u015f. \u00c7\u00fcnk\u00fc ona \u00f6l\u00fcms\u00fcz a\u011fa\u00e7 diyorlar. G\u0131daya ula\u015fmak g\u00fcn ge\u00e7tik\u00e7e zorla\u015f\u0131yor. Bu destek hem do\u011fa hem de insanlar i\u00e7in \u00e7ok de\u011ferli&#8221; ifadelerine yer verdi.<br \/>\nZeytin fidanlar\u0131n\u0131 teslim alan Yasemin D\u00f6nmez de, &#8220;Belediyenin en g\u00fczel hizmetlerinden biri bu destekler. \u00dccretsiz olmas\u0131 \u00e7ok g\u00fczel. Bu fidanlar torunlar\u0131m\u0131za miras b\u0131rakabilece\u011fimiz \u00e7ok k\u0131ymetli birer emanet. Sofralar\u0131n ba\u015f tac\u0131 olan bu \u00fcr\u00fcn\u00fc yeti\u015ftirerek k\u00f6y\u00fcm\u00fcze katma de\u011fer kataca\u011f\u0131z&#8221; \u015feklinde konu\u015ftu.<\/p>\n<p>Kaynak: www.kanalv.com.tr Haber Sitesinden Al\u0131nm\u0131\u015ft\u0131r.<\/p>","protected":false},"excerpt":{"rendered":"<p>Antalya B\u00fcy\u00fck\u015fehir Belediyesi, 40 bin zeytin fidan\u0131n\u0131 19 il\u00e7ede 2 bin \u00fcreticiyle bulu\u015fturuyor. Kurakl\u0131\u011fa dayan\u0131kl\u0131 yap\u0131s\u0131yla \u00f6ne \u00e7\u0131kan zeytin fidanlar\u0131, iklim de\u011fi\u015fikli\u011fiyle m\u00fccadelede de \u00f6nemli bir rol oynayacak. Antalya B\u00fcy\u00fck\u015fehir Belediyesi Tar\u0131msal Hizmetler Dairesi Ba\u015fkanl\u0131\u011f\u0131&#8217;nca y\u00fcr\u00fct\u00fclen fidan destekleme \u00e7al\u0131\u015fmalar\u0131 kapsam\u0131nda, Korkuteli il\u00e7esinin Bozova, Yelten, Garipce, B\u00fcy\u00fckk\u00f6y ve K\u00fc\u00e7\u00fckk\u00f6y mahalleleri ba\u015fta olmak \u00fczere b\u00f6lgedeki \u00e7ok say\u0131da \u00fcreticiye zeytin fidan\u0131 da\u011f\u0131t\u0131m\u0131 ger\u00e7ekle\u015ftirildi. Bozova il\u00e7esinde ekipler 178 \u00fcreticiye 3 bin 560 adet zeytin fidan\u0131 da\u011f\u0131t\u0131m\u0131 yapt\u0131. &#8220;Hem iklim korunacak hem \u00fcretici desteklenecek&#8221; Antalya B\u00fcy\u00fck\u015fehir Belediyesi Tar\u0131msal Hizmetler Dairesi Ba\u015fkanl\u0131\u011f\u0131&#8217;nda g\u00f6revli Ziraat M\u00fchendisi Nida Kalkan, zeytin fidanlar\u0131n\u0131n hem iklim de\u011fi\u015fikli\u011fiyle m\u00fccadelede b\u00fcy\u00fck rol oynayaca\u011f\u0131n\u0131, hem de \u00fcreticilere ve y\u00f6re halk\u0131na ciddi bir katma de\u011fer sa\u011flayaca\u011f\u0131n\u0131 ifade etti. Kalkan, &#8220;Antalya B\u00fcy\u00fck\u015fehir Belediyesi olarak \u00fcreticilerimizin her zaman yan\u0131nday\u0131z. Talep dilek\u00e7eleri do\u011frultusunda fidanlar\u0131 \u00fcreticilerimize teslim ediyoruz. Toplamda 40 bin adet zeytin fidan\u0131n\u0131 2 bin \u00fcreticiyle bulu\u015fturaca\u011f\u0131z. \u00d6zellikle kurakl\u0131\u011fa dayan\u0131kl\u0131 yap\u0131s\u0131yla zeytin, iklim de\u011fi\u015fikli\u011fiyle m\u00fccadelemizde \u00e7ok \u00f6nemli bir yer tutuyor. Ayr\u0131ca b\u00f6lge halk\u0131n\u0131 da kalk\u0131nd\u0131racak&#8221; dedi. &#8220;Do\u011fa ve insanlar i\u00e7in \u00f6nemli&#8221; Antalya B\u00fcy\u00fck\u015fehir Belediyesi&#8217;nin zeytin fidan\u0131 hibesinden faydalanan \u00fcreticiler uygulamadan memnun. Fidanlar\u0131 teslim alan \u00fcreticiler, &#8220;\u00c7ok g\u00fczel bir uygulama. Ka\u00e7 ya\u015f\u0131nda olursa olsun, insanlar\u0131n a\u011fa\u00e7 dikmesi g\u00fczel bir durum. Bir de zeytin fidan\u0131 olunca ger\u00e7ekten iyi d\u00fc\u015f\u00fcn\u00fclm\u00fc\u015f. \u00c7\u00fcnk\u00fc &hellip;<\/p>","protected":false},"author":4,"featured_media":147824,"comment_status":"","ping_status":"open","sticky":false,"template":"","format":"standard","meta":{"_acf_changed":false,"footnotes":""},"categories":[26],"tags":[],"class_list":["post-147823","post","type-post","status-publish","format-standard","has-post-thumbnail","hentry","category-antalya"],"acf":[],"yoast_head":"<!-- This site is optimized with the Yoast SEO Premium plugin v26.6 (Yoast SEO v27.1.1) - https:\/\/yoast.com\/product\/yoast-seo-premium-wordpress\/ -->\n<title>B\u00fcy\u00fck\u015fehir\u2019den 19 \u0130l\u00e7eye 40 Bin Zeytin Fidan\u0131 Deste\u011fi - Av. Deniz Can K\u0131z\u0131l<\/title>\n<meta name=\"robots\" content=\"index, follow, max-snippet:-1, max-image-preview:large, max-video-preview:-1\" \/>\n<link rel=\"canonical\" href=\"https:\/\/denizcankizil.tr\/uk\/haberler\/antalya\/buyuksehirden-19-ilceye-40-bin-zeytin-fidani-destegi\/\" \/>\n<meta property=\"og:locale\" content=\"uk_UA\" \/>\n<meta property=\"og:type\" content=\"article\" \/>\n<meta property=\"og:title\" content=\"B\u00fcy\u00fck\u015fehir\u2019den 19 \u0130l\u00e7eye 40 Bin Zeytin Fidan\u0131 Deste\u011fi\" \/>\n<meta property=\"og:description\" content=\"Antalya B\u00fcy\u00fck\u015fehir Belediyesi, 40 bin zeytin fidan\u0131n\u0131 19 il\u00e7ede 2 bin \u00fcreticiyle bulu\u015fturuyor. Kurakl\u0131\u011fa dayan\u0131kl\u0131 yap\u0131s\u0131yla \u00f6ne \u00e7\u0131kan zeytin fidanlar\u0131, iklim de\u011fi\u015fikli\u011fiyle m\u00fccadelede de \u00f6nemli bir rol oynayacak. Antalya B\u00fcy\u00fck\u015fehir Belediyesi Tar\u0131msal Hizmetler Dairesi Ba\u015fkanl\u0131\u011f\u0131&#8217;nca y\u00fcr\u00fct\u00fclen fidan destekleme \u00e7al\u0131\u015fmalar\u0131 kapsam\u0131nda, Korkuteli il\u00e7esinin Bozova, Yelten, Garipce, B\u00fcy\u00fckk\u00f6y ve K\u00fc\u00e7\u00fckk\u00f6y mahalleleri ba\u015fta olmak \u00fczere b\u00f6lgedeki \u00e7ok say\u0131da \u00fcreticiye zeytin fidan\u0131 da\u011f\u0131t\u0131m\u0131 ger\u00e7ekle\u015ftirildi. Bozova il\u00e7esinde ekipler 178 \u00fcreticiye 3 bin 560 adet zeytin fidan\u0131 da\u011f\u0131t\u0131m\u0131 yapt\u0131. &#8220;Hem iklim korunacak hem \u00fcretici desteklenecek&#8221; Antalya B\u00fcy\u00fck\u015fehir Belediyesi Tar\u0131msal Hizmetler Dairesi Ba\u015fkanl\u0131\u011f\u0131&#8217;nda g\u00f6revli Ziraat M\u00fchendisi Nida Kalkan, zeytin fidanlar\u0131n\u0131n hem iklim de\u011fi\u015fikli\u011fiyle m\u00fccadelede b\u00fcy\u00fck rol oynayaca\u011f\u0131n\u0131, hem de \u00fcreticilere ve y\u00f6re halk\u0131na ciddi bir katma de\u011fer sa\u011flayaca\u011f\u0131n\u0131 ifade etti. Kalkan, &#8220;Antalya B\u00fcy\u00fck\u015fehir Belediyesi olarak \u00fcreticilerimizin her zaman yan\u0131nday\u0131z. Talep dilek\u00e7eleri do\u011frultusunda fidanlar\u0131 \u00fcreticilerimize teslim ediyoruz. Toplamda 40 bin adet zeytin fidan\u0131n\u0131 2 bin \u00fcreticiyle bulu\u015fturaca\u011f\u0131z. \u00d6zellikle kurakl\u0131\u011fa dayan\u0131kl\u0131 yap\u0131s\u0131yla zeytin, iklim de\u011fi\u015fikli\u011fiyle m\u00fccadelemizde \u00e7ok \u00f6nemli bir yer tutuyor. Ayr\u0131ca b\u00f6lge halk\u0131n\u0131 da kalk\u0131nd\u0131racak&#8221; dedi. &#8220;Do\u011fa ve insanlar i\u00e7in \u00f6nemli&#8221; Antalya B\u00fcy\u00fck\u015fehir Belediyesi&#8217;nin zeytin fidan\u0131 hibesinden faydalanan \u00fcreticiler uygulamadan memnun. Fidanlar\u0131 teslim alan \u00fcreticiler, &#8220;\u00c7ok g\u00fczel bir uygulama. Ka\u00e7 ya\u015f\u0131nda olursa olsun, insanlar\u0131n a\u011fa\u00e7 dikmesi g\u00fczel bir durum. Bir de zeytin fidan\u0131 olunca ger\u00e7ekten iyi d\u00fc\u015f\u00fcn\u00fclm\u00fc\u015f. \u00c7\u00fcnk\u00fc &hellip;\" \/>\n<meta property=\"og:url\" content=\"https:\/\/denizcankizil.tr\/uk\/haberler\/antalya\/buyuksehirden-19-ilceye-40-bin-zeytin-fidani-destegi\/\" \/>\n<meta property=\"og:site_name\" content=\"Av. Deniz Can K\u0131z\u0131l\" \/>\n<meta property=\"article:published_time\" content=\"2025-07-16T10:41:35+00:00\" \/>\n<meta property=\"og:image\" content=\"https:\/\/denizcankizil.tr\/wp-content\/uploads\/2025\/07\/a-w498076-03-cMMY7Y.jpg\" \/>\n\t<meta property=\"og:image:width\" content=\"1280\" \/>\n\t<meta property=\"og:image:height\" content=\"720\" \/>\n\t<meta property=\"og:image:type\" content=\"image\/jpeg\" \/>\n<meta name=\"author\" content=\"Av. Deniz Can K\u0131z\u0131l\" \/>\n<meta name=\"twitter:card\" content=\"summary_large_image\" \/>\n<meta name=\"twitter:label1\" content=\"\u041d\u0430\u043f\u0438\u0441\u0430\u043d\u043e\" \/>\n\t<meta name=\"twitter:data1\" content=\"Av. Deniz Can K\u0131z\u0131l\" \/>\n\t<meta name=\"twitter:label2\" content=\"\u041f\u0440\u0438\u0431\u043b. \u0447\u0430\u0441 \u0447\u0438\u0442\u0430\u043d\u043d\u044f\" \/>\n\t<meta name=\"twitter:data2\" content=\"2 \u0445\u0432\u0438\u043b\u0438\u043d\u0438\" \/>\n<script type=\"application\/ld+json\" class=\"yoast-schema-graph\">{\"@context\":\"https:\/\/schema.org\",\"@graph\":[{\"@type\":\"Article\",\"@id\":\"https:\/\/denizcankizil.tr\/uk\/haberler\/antalya\/buyuksehirden-19-ilceye-40-bin-zeytin-fidani-destegi\/#article\",\"isPartOf\":{\"@id\":\"https:\/\/denizcankizil.tr\/uk\/haberler\/antalya\/buyuksehirden-19-ilceye-40-bin-zeytin-fidani-destegi\/\"},\"author\":{\"name\":\"Av. Deniz Can K\u0131z\u0131l\",\"@id\":\"https:\/\/denizcankizil.tr\/de\/#\/schema\/person\/5dc1b22991bd7ac833867c10afc9b0ff\"},\"headline\":\"B\u00fcy\u00fck\u015fehir\u2019den 19 \u0130l\u00e7eye 40 Bin Zeytin Fidan\u0131 Deste\u011fi\",\"datePublished\":\"2025-07-16T10:41:35+00:00\",\"mainEntityOfPage\":{\"@id\":\"https:\/\/denizcankizil.tr\/uk\/haberler\/antalya\/buyuksehirden-19-ilceye-40-bin-zeytin-fidani-destegi\/\"},\"wordCount\":407,\"publisher\":{\"@id\":\"https:\/\/denizcankizil.tr\/de\/#organization\"},\"image\":{\"@id\":\"https:\/\/denizcankizil.tr\/uk\/haberler\/antalya\/buyuksehirden-19-ilceye-40-bin-zeytin-fidani-destegi\/#primaryimage\"},\"thumbnailUrl\":\"https:\/\/denizcankizil.tr\/wp-content\/uploads\/2025\/07\/a-w498076-03-cMMY7Y.jpg\",\"articleSection\":[\"Antalya\"],\"inLanguage\":\"uk\"},{\"@type\":\"WebPage\",\"@id\":\"https:\/\/denizcankizil.tr\/uk\/haberler\/antalya\/buyuksehirden-19-ilceye-40-bin-zeytin-fidani-destegi\/\",\"url\":\"https:\/\/denizcankizil.tr\/uk\/haberler\/antalya\/buyuksehirden-19-ilceye-40-bin-zeytin-fidani-destegi\/\",\"name\":\"B\u00fcy\u00fck\u015fehir\u2019den 19 \u0130l\u00e7eye 40 Bin Zeytin Fidan\u0131 Deste\u011fi - Av. Deniz Can K\u0131z\u0131l\",\"isPartOf\":{\"@id\":\"https:\/\/denizcankizil.tr\/de\/#website\"},\"primaryImageOfPage\":{\"@id\":\"https:\/\/denizcankizil.tr\/uk\/haberler\/antalya\/buyuksehirden-19-ilceye-40-bin-zeytin-fidani-destegi\/#primaryimage\"},\"image\":{\"@id\":\"https:\/\/denizcankizil.tr\/uk\/haberler\/antalya\/buyuksehirden-19-ilceye-40-bin-zeytin-fidani-destegi\/#primaryimage\"},\"thumbnailUrl\":\"https:\/\/denizcankizil.tr\/wp-content\/uploads\/2025\/07\/a-w498076-03-cMMY7Y.jpg\",\"datePublished\":\"2025-07-16T10:41:35+00:00\",\"breadcrumb\":{\"@id\":\"https:\/\/denizcankizil.tr\/uk\/haberler\/antalya\/buyuksehirden-19-ilceye-40-bin-zeytin-fidani-destegi\/#breadcrumb\"},\"inLanguage\":\"uk\",\"potentialAction\":[{\"@type\":\"ReadAction\",\"target\":[\"https:\/\/denizcankizil.tr\/uk\/haberler\/antalya\/buyuksehirden-19-ilceye-40-bin-zeytin-fidani-destegi\/\"]}]},{\"@type\":\"ImageObject\",\"inLanguage\":\"uk\",\"@id\":\"https:\/\/denizcankizil.tr\/uk\/haberler\/antalya\/buyuksehirden-19-ilceye-40-bin-zeytin-fidani-destegi\/#primaryimage\",\"url\":\"https:\/\/denizcankizil.tr\/wp-content\/uploads\/2025\/07\/a-w498076-03-cMMY7Y.jpg\",\"contentUrl\":\"https:\/\/denizcankizil.tr\/wp-content\/uploads\/2025\/07\/a-w498076-03-cMMY7Y.jpg\",\"width\":1280,\"height\":720},{\"@type\":\"BreadcrumbList\",\"@id\":\"https:\/\/denizcankizil.tr\/uk\/haberler\/antalya\/buyuksehirden-19-ilceye-40-bin-zeytin-fidani-destegi\/#breadcrumb\",\"itemListElement\":[{\"@type\":\"ListItem\",\"position\":1,\"name\":\"Home\",\"item\":\"https:\/\/denizcankizil.tr\/de\/\"},{\"@type\":\"ListItem\",\"position\":2,\"name\":\"B\u00fcy\u00fck\u015fehir\u2019den 19 \u0130l\u00e7eye 40 Bin Zeytin Fidan\u0131 Deste\u011fi\"}]},{\"@type\":\"WebSite\",\"@id\":\"https:\/\/denizcankizil.tr\/de\/#website\",\"url\":\"https:\/\/denizcankizil.tr\/de\/\",\"name\":\"Av. Deniz Can K\u0131z\u0131l\",\"description\":\"Avukat Deniz Can K\u0131z\u0131l Antalya Barosu\",\"publisher\":{\"@id\":\"https:\/\/denizcankizil.tr\/de\/#organization\"},\"potentialAction\":[{\"@type\":\"SearchAction\",\"target\":{\"@type\":\"EntryPoint\",\"urlTemplate\":\"https:\/\/denizcankizil.tr\/de\/?s={search_term_string}\"},\"query-input\":{\"@type\":\"PropertyValueSpecification\",\"valueRequired\":true,\"valueName\":\"search_term_string\"}}],\"inLanguage\":\"uk\"},{\"@type\":\"Organization\",\"@id\":\"https:\/\/denizcankizil.tr\/de\/#organization\",\"name\":\"Av. Deniz Can K\u0131z\u0131l\",\"url\":\"https:\/\/denizcankizil.tr\/de\/\",\"logo\":{\"@type\":\"ImageObject\",\"inLanguage\":\"uk\",\"@id\":\"https:\/\/denizcankizil.tr\/de\/#\/schema\/logo\/image\/\",\"url\":\"https:\/\/denizcankizil.tr\/wp-content\/uploads\/2024\/10\/siyah-logo-svg.svg\",\"contentUrl\":\"https:\/\/denizcankizil.tr\/wp-content\/uploads\/2024\/10\/siyah-logo-svg.svg\",\"width\":1080,\"height\":1080,\"caption\":\"Av. Deniz Can K\u0131z\u0131l\"},\"image\":{\"@id\":\"https:\/\/denizcankizil.tr\/de\/#\/schema\/logo\/image\/\"}},{\"@type\":\"Person\",\"@id\":\"https:\/\/denizcankizil.tr\/de\/#\/schema\/person\/5dc1b22991bd7ac833867c10afc9b0ff\",\"name\":\"Av. Deniz Can K\u0131z\u0131l\",\"image\":{\"@type\":\"ImageObject\",\"inLanguage\":\"uk\",\"@id\":\"https:\/\/denizcankizil.tr\/de\/#\/schema\/person\/image\/\",\"url\":\"https:\/\/secure.gravatar.com\/avatar\/a0b128fb9855c79efc976d5640eedb31dc35ec297594d6016d2cf7c60e975bb6?s=96&d=mm&r=g\",\"contentUrl\":\"https:\/\/secure.gravatar.com\/avatar\/a0b128fb9855c79efc976d5640eedb31dc35ec297594d6016d2cf7c60e975bb6?s=96&d=mm&r=g\",\"caption\":\"Av. Deniz Can K\u0131z\u0131l\"},\"sameAs\":[\"http:\/\/www.denizcankizil.tr\"],\"url\":\"https:\/\/denizcankizil.tr\/uk\/author\/denizcankizil\/\"}]}<\/script>\n<!-- \/ Yoast SEO Premium plugin. -->","yoast_head_json":{"title":"B\u00fcy\u00fck\u015fehir\u2019den 19 \u0130l\u00e7eye 40 Bin Zeytin Fidan\u0131 Deste\u011fi - Av. Deniz Can K\u0131z\u0131l","robots":{"index":"index","follow":"follow","max-snippet":"max-snippet:-1","max-image-preview":"max-image-preview:large","max-video-preview":"max-video-preview:-1"},"canonical":"https:\/\/denizcankizil.tr\/uk\/haberler\/antalya\/buyuksehirden-19-ilceye-40-bin-zeytin-fidani-destegi\/","og_locale":"uk_UA","og_type":"article","og_title":"B\u00fcy\u00fck\u015fehir\u2019den 19 \u0130l\u00e7eye 40 Bin Zeytin Fidan\u0131 Deste\u011fi","og_description":"Antalya B\u00fcy\u00fck\u015fehir Belediyesi, 40 bin zeytin fidan\u0131n\u0131 19 il\u00e7ede 2 bin \u00fcreticiyle bulu\u015fturuyor. Kurakl\u0131\u011fa dayan\u0131kl\u0131 yap\u0131s\u0131yla \u00f6ne \u00e7\u0131kan zeytin fidanlar\u0131, iklim de\u011fi\u015fikli\u011fiyle m\u00fccadelede de \u00f6nemli bir rol oynayacak. Antalya B\u00fcy\u00fck\u015fehir Belediyesi Tar\u0131msal Hizmetler Dairesi Ba\u015fkanl\u0131\u011f\u0131&#8217;nca y\u00fcr\u00fct\u00fclen fidan destekleme \u00e7al\u0131\u015fmalar\u0131 kapsam\u0131nda, Korkuteli il\u00e7esinin Bozova, Yelten, Garipce, B\u00fcy\u00fckk\u00f6y ve K\u00fc\u00e7\u00fckk\u00f6y mahalleleri ba\u015fta olmak \u00fczere b\u00f6lgedeki \u00e7ok say\u0131da \u00fcreticiye zeytin fidan\u0131 da\u011f\u0131t\u0131m\u0131 ger\u00e7ekle\u015ftirildi. Bozova il\u00e7esinde ekipler 178 \u00fcreticiye 3 bin 560 adet zeytin fidan\u0131 da\u011f\u0131t\u0131m\u0131 yapt\u0131. &#8220;Hem iklim korunacak hem \u00fcretici desteklenecek&#8221; Antalya B\u00fcy\u00fck\u015fehir Belediyesi Tar\u0131msal Hizmetler Dairesi Ba\u015fkanl\u0131\u011f\u0131&#8217;nda g\u00f6revli Ziraat M\u00fchendisi Nida Kalkan, zeytin fidanlar\u0131n\u0131n hem iklim de\u011fi\u015fikli\u011fiyle m\u00fccadelede b\u00fcy\u00fck rol oynayaca\u011f\u0131n\u0131, hem de \u00fcreticilere ve y\u00f6re halk\u0131na ciddi bir katma de\u011fer sa\u011flayaca\u011f\u0131n\u0131 ifade etti. Kalkan, &#8220;Antalya B\u00fcy\u00fck\u015fehir Belediyesi olarak \u00fcreticilerimizin her zaman yan\u0131nday\u0131z. Talep dilek\u00e7eleri do\u011frultusunda fidanlar\u0131 \u00fcreticilerimize teslim ediyoruz. Toplamda 40 bin adet zeytin fidan\u0131n\u0131 2 bin \u00fcreticiyle bulu\u015fturaca\u011f\u0131z. \u00d6zellikle kurakl\u0131\u011fa dayan\u0131kl\u0131 yap\u0131s\u0131yla zeytin, iklim de\u011fi\u015fikli\u011fiyle m\u00fccadelemizde \u00e7ok \u00f6nemli bir yer tutuyor. Ayr\u0131ca b\u00f6lge halk\u0131n\u0131 da kalk\u0131nd\u0131racak&#8221; dedi. &#8220;Do\u011fa ve insanlar i\u00e7in \u00f6nemli&#8221; Antalya B\u00fcy\u00fck\u015fehir Belediyesi&#8217;nin zeytin fidan\u0131 hibesinden faydalanan \u00fcreticiler uygulamadan memnun. Fidanlar\u0131 teslim alan \u00fcreticiler, &#8220;\u00c7ok g\u00fczel bir uygulama. Ka\u00e7 ya\u015f\u0131nda olursa olsun, insanlar\u0131n a\u011fa\u00e7 dikmesi g\u00fczel bir durum. Bir de zeytin fidan\u0131 olunca ger\u00e7ekten iyi d\u00fc\u015f\u00fcn\u00fclm\u00fc\u015f. \u00c7\u00fcnk\u00fc &hellip;","og_url":"https:\/\/denizcankizil.tr\/uk\/haberler\/antalya\/buyuksehirden-19-ilceye-40-bin-zeytin-fidani-destegi\/","og_site_name":"Av. Deniz Can K\u0131z\u0131l","article_published_time":"2025-07-16T10:41:35+00:00","og_image":[{"width":1280,"height":720,"url":"https:\/\/denizcankizil.tr\/wp-content\/uploads\/2025\/07\/a-w498076-03-cMMY7Y.jpg","type":"image\/jpeg"}],"author":"Av. Deniz Can K\u0131z\u0131l","twitter_card":"summary_large_image","twitter_misc":{"\u041d\u0430\u043f\u0438\u0441\u0430\u043d\u043e":"Av. Deniz Can K\u0131z\u0131l","\u041f\u0440\u0438\u0431\u043b. \u0447\u0430\u0441 \u0447\u0438\u0442\u0430\u043d\u043d\u044f":"2 \u0445\u0432\u0438\u043b\u0438\u043d\u0438"},"schema":{"@context":"https:\/\/schema.org","@graph":[{"@type":"Article","@id":"https:\/\/denizcankizil.tr\/uk\/haberler\/antalya\/buyuksehirden-19-ilceye-40-bin-zeytin-fidani-destegi\/#article","isPartOf":{"@id":"https:\/\/denizcankizil.tr\/uk\/haberler\/antalya\/buyuksehirden-19-ilceye-40-bin-zeytin-fidani-destegi\/"},"author":{"name":"Av. Deniz Can K\u0131z\u0131l","@id":"https:\/\/denizcankizil.tr\/de\/#\/schema\/person\/5dc1b22991bd7ac833867c10afc9b0ff"},"headline":"B\u00fcy\u00fck\u015fehir\u2019den 19 \u0130l\u00e7eye 40 Bin Zeytin Fidan\u0131 Deste\u011fi","datePublished":"2025-07-16T10:41:35+00:00","mainEntityOfPage":{"@id":"https:\/\/denizcankizil.tr\/uk\/haberler\/antalya\/buyuksehirden-19-ilceye-40-bin-zeytin-fidani-destegi\/"},"wordCount":407,"publisher":{"@id":"https:\/\/denizcankizil.tr\/de\/#organization"},"image":{"@id":"https:\/\/denizcankizil.tr\/uk\/haberler\/antalya\/buyuksehirden-19-ilceye-40-bin-zeytin-fidani-destegi\/#primaryimage"},"thumbnailUrl":"https:\/\/denizcankizil.tr\/wp-content\/uploads\/2025\/07\/a-w498076-03-cMMY7Y.jpg","articleSection":["Antalya"],"inLanguage":"uk"},{"@type":"WebPage","@id":"https:\/\/denizcankizil.tr\/uk\/haberler\/antalya\/buyuksehirden-19-ilceye-40-bin-zeytin-fidani-destegi\/","url":"https:\/\/denizcankizil.tr\/uk\/haberler\/antalya\/buyuksehirden-19-ilceye-40-bin-zeytin-fidani-destegi\/","name":"B\u00fcy\u00fck\u015fehir\u2019den 19 \u0130l\u00e7eye 40 Bin Zeytin Fidan\u0131 Deste\u011fi - Av. Deniz Can K\u0131z\u0131l","isPartOf":{"@id":"https:\/\/denizcankizil.tr\/de\/#website"},"primaryImageOfPage":{"@id":"https:\/\/denizcankizil.tr\/uk\/haberler\/antalya\/buyuksehirden-19-ilceye-40-bin-zeytin-fidani-destegi\/#primaryimage"},"image":{"@id":"https:\/\/denizcankizil.tr\/uk\/haberler\/antalya\/buyuksehirden-19-ilceye-40-bin-zeytin-fidani-destegi\/#primaryimage"},"thumbnailUrl":"https:\/\/denizcankizil.tr\/wp-content\/uploads\/2025\/07\/a-w498076-03-cMMY7Y.jpg","datePublished":"2025-07-16T10:41:35+00:00","breadcrumb":{"@id":"https:\/\/denizcankizil.tr\/uk\/haberler\/antalya\/buyuksehirden-19-ilceye-40-bin-zeytin-fidani-destegi\/#breadcrumb"},"inLanguage":"uk","potentialAction":[{"@type":"ReadAction","target":["https:\/\/denizcankizil.tr\/uk\/haberler\/antalya\/buyuksehirden-19-ilceye-40-bin-zeytin-fidani-destegi\/"]}]},{"@type":"ImageObject","inLanguage":"uk","@id":"https:\/\/denizcankizil.tr\/uk\/haberler\/antalya\/buyuksehirden-19-ilceye-40-bin-zeytin-fidani-destegi\/#primaryimage","url":"https:\/\/denizcankizil.tr\/wp-content\/uploads\/2025\/07\/a-w498076-03-cMMY7Y.jpg","contentUrl":"https:\/\/denizcankizil.tr\/wp-content\/uploads\/2025\/07\/a-w498076-03-cMMY7Y.jpg","width":1280,"height":720},{"@type":"BreadcrumbList","@id":"https:\/\/denizcankizil.tr\/uk\/haberler\/antalya\/buyuksehirden-19-ilceye-40-bin-zeytin-fidani-destegi\/#breadcrumb","itemListElement":[{"@type":"ListItem","position":1,"name":"Home","item":"https:\/\/denizcankizil.tr\/de\/"},{"@type":"ListItem","position":2,"name":"B\u00fcy\u00fck\u015fehir\u2019den 19 \u0130l\u00e7eye 40 Bin Zeytin Fidan\u0131 Deste\u011fi"}]},{"@type":"WebSite","@id":"https:\/\/denizcankizil.tr\/de\/#website","url":"https:\/\/denizcankizil.tr\/de\/","name":"Av. Deniz Can K\u0131z\u0131l","description":"Avukat Deniz Can K\u0131z\u0131l Antalya Barosu","publisher":{"@id":"https:\/\/denizcankizil.tr\/de\/#organization"},"potentialAction":[{"@type":"SearchAction","target":{"@type":"EntryPoint","urlTemplate":"https:\/\/denizcankizil.tr\/de\/?s={search_term_string}"},"query-input":{"@type":"PropertyValueSpecification","valueRequired":true,"valueName":"search_term_string"}}],"inLanguage":"uk"},{"@type":"Organization","@id":"https:\/\/denizcankizil.tr\/de\/#organization","name":"Av. Deniz Can K\u0131z\u0131l","url":"https:\/\/denizcankizil.tr\/de\/","logo":{"@type":"ImageObject","inLanguage":"uk","@id":"https:\/\/denizcankizil.tr\/de\/#\/schema\/logo\/image\/","url":"https:\/\/denizcankizil.tr\/wp-content\/uploads\/2024\/10\/siyah-logo-svg.svg","contentUrl":"https:\/\/denizcankizil.tr\/wp-content\/uploads\/2024\/10\/siyah-logo-svg.svg","width":1080,"height":1080,"caption":"Av. Deniz Can K\u0131z\u0131l"},"image":{"@id":"https:\/\/denizcankizil.tr\/de\/#\/schema\/logo\/image\/"}},{"@type":"Person","@id":"https:\/\/denizcankizil.tr\/de\/#\/schema\/person\/5dc1b22991bd7ac833867c10afc9b0ff","name":"Av. Deniz Can K\u0131z\u0131l","image":{"@type":"ImageObject","inLanguage":"uk","@id":"https:\/\/denizcankizil.tr\/de\/#\/schema\/person\/image\/","url":"https:\/\/secure.gravatar.com\/avatar\/a0b128fb9855c79efc976d5640eedb31dc35ec297594d6016d2cf7c60e975bb6?s=96&d=mm&r=g","contentUrl":"https:\/\/secure.gravatar.com\/avatar\/a0b128fb9855c79efc976d5640eedb31dc35ec297594d6016d2cf7c60e975bb6?s=96&d=mm&r=g","caption":"Av. Deniz Can K\u0131z\u0131l"},"sameAs":["http:\/\/www.denizcankizil.tr"],"url":"https:\/\/denizcankizil.tr\/uk\/author\/denizcankizil\/"}]}},"_links":{"self":[{"href":"https:\/\/denizcankizil.tr\/uk\/wp-json\/wp\/v2\/posts\/147823","targetHints":{"allow":["GET"]}}],"collection":[{"href":"https:\/\/denizcankizil.tr\/uk\/wp-json\/wp\/v2\/posts"}],"about":[{"href":"https:\/\/denizcankizil.tr\/uk\/wp-json\/wp\/v2\/types\/post"}],"author":[{"embeddable":true,"href":"https:\/\/denizcankizil.tr\/uk\/wp-json\/wp\/v2\/users\/4"}],"replies":[{"embeddable":true,"href":"https:\/\/denizcankizil.tr\/uk\/wp-json\/wp\/v2\/comments?post=147823"}],"version-history":[{"count":0,"href":"https:\/\/denizcankizil.tr\/uk\/wp-json\/wp\/v2\/posts\/147823\/revisions"}],"wp:featuredmedia":[{"embeddable":true,"href":"https:\/\/denizcankizil.tr\/uk\/wp-json\/wp\/v2\/media\/147824"}],"wp:attachment":[{"href":"https:\/\/denizcankizil.tr\/uk\/wp-json\/wp\/v2\/media?parent=147823"}],"wp:term":[{"taxonomy":"category","embeddable":true,"href":"https:\/\/denizcankizil.tr\/uk\/wp-json\/wp\/v2\/categories?post=147823"},{"taxonomy":"post_tag","embeddable":true,"href":"https:\/\/denizcankizil.tr\/uk\/wp-json\/wp\/v2\/tags?post=147823"}],"curies":[{"name":"wp","href":"https:\/\/api.w.org\/{rel}","templated":true}]}}