{"id":147640,"date":"2025-07-16T09:41:28","date_gmt":"2025-07-16T06:41:28","guid":{"rendered":"https:\/\/denizcankizil.tr\/uncategorized-tr\/antalya-muzesi-kapandi-artik-ziyaret-edilemeyecek\/"},"modified":"2025-07-16T09:41:28","modified_gmt":"2025-07-16T06:41:28","slug":"antalya-muzesi-kapandi-artik-ziyaret-edilemeyecek","status":"publish","type":"post","link":"https:\/\/denizcankizil.tr\/uk\/haberler\/gundem\/antalya-muzesi-kapandi-artik-ziyaret-edilemeyecek\/","title":{"rendered":"Antalya M\u00fczesi kapand\u0131! Art\u0131k ziyaret edilemeyecek"},"content":{"rendered":"<p>K\u00fclt\u00fcr ve Turizm Bakanl\u0131\u011f\u0131 taraf\u0131ndan Antalya&#8217;da 1964 y\u0131l\u0131nda ulusal bir proje yar\u0131\u015fmas\u0131 sonras\u0131nda in\u015fa edilerek, 1972 y\u0131l\u0131nda a\u00e7\u0131lan Arkeoloji M\u00fczesi&#8217;nin y\u0131k\u0131m\u0131na ve yerine yeni bir m\u00fcze binas\u0131 yap\u0131lmas\u0131na karar verildi. Bakanl\u0131k taraf\u0131ndan al\u0131nana bu karar kentte \u2018m\u00fcze\u2019 tart\u0131\u015fmalar\u0131n\u0131n ya\u015fanmas\u0131na neden oldu. Baz\u0131 sivil toplum \u00f6rg\u00fctleri; m\u00fczenin y\u0131k\u0131lmas\u0131 veya k\u0131smen korunmas\u0131, \u00f6zellikle de m\u00fcze alan\u0131n\u0131n yan\u0131ndaki Karayollar\u0131 ile Meteoroloji b\u00f6lge m\u00fcd\u00fcrl\u00fcklerinin kulland\u0131\u011f\u0131 araziler ve kuzeyindeki Uygulama Oteli&#8217;nin Antalya M\u00fczesi&#8217;ne dahil edilmesini istiyor. T\u00fcm tart\u0131\u015fmalara ra\u011fmen Antalya M\u00fczesi bug\u00fcn itibariyle kapat\u0131ld\u0131.<\/p>\n<p>KENT KONSEY\u0130 A\u00c7IKLAMA YAPMI\u015eTI<\/p>\n<p>Antalya Kent Konseyi b\u00fcnyesindeki K\u00fclt\u00fcrel Miras, \u0130mar Planlama, Altyap\u0131 ile K\u00fclt\u00fcr ve Sanat \u00e7al\u0131\u015fma gruplar\u0131n\u0131n ortak raporunda, mevcut yap\u0131n\u0131n orijinal de\u011ferleriyle korunmas\u0131n\u0131 \u00f6nceleyen ulusal proje yar\u0131\u015fmas\u0131 ile m\u00fczenin do\u011fusunda karayollar\u0131na, kuzeyde ise uygulama oteli olarak kullan\u0131lan geni\u015f alanlarla b\u00fcy\u00fct\u00fclerek, ger\u00e7ek bir b\u00f6lge m\u00fczesi d\u00fczeyine gelebilece\u011fi ifade edildi. Konsey&#8217;in raporunda, mevcut m\u00fcze yap\u0131s\u0131n\u0131n korunmas\u0131yla birlikte, iki a\u015famal\u0131 ulusal mimari proje yar\u0131\u015fmas\u0131 yoluyla M\u00fcze Kompleksi tasar\u0131m\u0131n\u0131n elde edilmesi \u00f6nerisi sunuldu.<\/p>\n<p>TEPK\u0130LER \u00dcST \u00dcSTE GELD\u0130 <\/p>\n<p>M\u00fczenin y\u0131k\u0131m\u0131na kar\u015f\u0131 \u00e7\u0131kan M\u00fcze \u00c7al\u0131\u015fma Grubu ad\u0131 alt\u0131nda baz\u0131 akademisyenler ve sivil toplum \u00f6rg\u00fctleriyle birlikte hareket eden K\u00fclt\u00fcr Sanat Sen Antalya B\u00f6lge Ba\u015fkan\u0131 Dr. \u0130rfan Kuru\u00fcz\u00fcm, mevcut binan\u0131n y\u0131k\u0131lmas\u0131na gerek\u00e7e g\u00f6sterilen, depreme kar\u015f\u0131 riskli yap\u0131 oldu\u011funa dair 5 y\u0131l \u00f6nce al\u0131nd\u0131\u011f\u0131 s\u00f6ylenen belgeye ula\u015f\u0131lamad\u0131\u011f\u0131n\u0131 a\u00e7\u0131klad\u0131. B\u00f6yle bir belge varsa acilen incelenmek \u00fczere kamuoyu ile payla\u015f\u0131lmas\u0131n\u0131 isteyen Kuru\u00fcz\u00fcm, \u201cAl\u0131nan y\u0131k\u0131m karar\u0131n\u0131n uzmanl\u0131k alan\u0131ndaki meslek odalar\u0131, STK, \u00fcniversite, sendika, \u00e7al\u0131\u015fanlar ve Antalya kamuoyu ile payla\u015f\u0131lmamas\u0131 eksiklik olarak g\u00f6r\u00fclmektedir&#8221; dedi.<\/p>\n<p>B\u0130R\u00c7OK M\u00dcZE BENZER NEDENLERLE KAPATILDI<\/p>\n<p>T\u00fcrkiye\u2019de 35 m\u00fcze benzer nedenlerle kapat\u0131ld\u0131. Baz\u0131lar\u0131 14 y\u0131ld\u0131r ya in\u015fa edilemedi ya da ziyarete a\u00e7\u0131lamad\u0131. Antalya\u2019da halk\u0131n g\u00f6sterdi\u011fi bu m\u00fczesine sahip \u00e7\u0131kma tavr\u0131 t\u00fcm \u00fclkeye \u00f6rnek olmal\u0131. M\u00fczelerin toplumsal ve e\u011fitsel y\u00f6n\u00fc hep \u0131skalan\u0131yor \u00e7\u00fcnk\u00fc. Antalya M\u00fczesi bu yan\u0131yla da \u00e7ok \u00f6nemli. Ziyarete kapat\u0131lan Antalya M\u00fczesi\u2019ne kent halk\u0131 sahip \u00e7\u0131karken, m\u00fcze \u00f6n\u00fcndeki hareketlilik d\u00fcn ak\u015fam saatlerine kadar s\u00fcrd\u00fc. Antalya Barosu, Antalya kent \u0130zleme Platformu, Antalya K\u00fclt\u00fcrel Miras Derne\u011fi, Akdeniz Serbest Mimarlar Derne\u011fi, Akdeniz \u00dcniversitesi \u00d6\u011fretim Elemanlar\u0131 Derne\u011fi, Arkeologlar Derne\u011fi Antalya \u015eubesi, Docomo, E\u011fitim-\u0130\u015f Antalya \u015eubesi, E\u011fitim-Sen Antalya \u015eubesi, \u0130n\u015faat M\u00fchendisleri Odas\u0131 Antalya \u015eubesi, Koruma ve Restorasyon Uzmanlar\u0131 Derne\u011fi, K\u00fclt\u00fcr Sanat Sen Antalya \u015eubesi ve M\u00fclkiyeliler Birli\u011fi Antalya \u015eubesi temsilcilerinden olu\u015fan Antalya M\u00fczesi \u00c7al\u0131\u015fma Grubu m\u00fczenin kapat\u0131lmamas\u0131 i\u00e7in yo\u011fun bir m\u00fccadele verdi.<\/p>\n<p>\u200bAntalyal\u0131lar, 16 Temmuz 2025 \u00c7ar\u015famba g\u00fcn\u00fc  (bug\u00fcn) ziyarete kapat\u0131laca\u011f\u0131 duyurulan Antalya M\u00fczesi\u2019ne ak\u0131n etti. \u00c7ok say\u0131da sivil toplum \u00f6rg\u00fct\u00fc m\u00fcze \u00f6n\u00fcne ak\u0131n ederek y\u0131k\u0131m\u0131 protesto etti.\u00a0<\/p>\n<p>\u200bHaberin Al\u0131nt\u0131land\u0131\u011f\u0131 Kaynak: www.antalyakorfez.com<\/p>","protected":false},"excerpt":{"rendered":"<p>K\u00fclt\u00fcr ve Turizm Bakanl\u0131\u011f\u0131 taraf\u0131ndan Antalya&#8217;da 1964 y\u0131l\u0131nda ulusal bir proje yar\u0131\u015fmas\u0131 sonras\u0131nda in\u015fa edilerek, 1972 y\u0131l\u0131nda a\u00e7\u0131lan Arkeoloji M\u00fczesi&#8217;nin y\u0131k\u0131m\u0131na ve yerine yeni bir m\u00fcze binas\u0131 yap\u0131lmas\u0131na karar verildi. Bakanl\u0131k taraf\u0131ndan al\u0131nana bu karar kentte \u2018m\u00fcze\u2019 tart\u0131\u015fmalar\u0131n\u0131n ya\u015fanmas\u0131na neden oldu. Baz\u0131 sivil toplum \u00f6rg\u00fctleri; m\u00fczenin y\u0131k\u0131lmas\u0131 veya k\u0131smen korunmas\u0131, \u00f6zellikle de m\u00fcze alan\u0131n\u0131n yan\u0131ndaki Karayollar\u0131 ile Meteoroloji b\u00f6lge m\u00fcd\u00fcrl\u00fcklerinin kulland\u0131\u011f\u0131 araziler ve kuzeyindeki Uygulama Oteli&#8217;nin Antalya M\u00fczesi&#8217;ne dahil edilmesini istiyor. T\u00fcm tart\u0131\u015fmalara ra\u011fmen Antalya M\u00fczesi bug\u00fcn itibariyle kapat\u0131ld\u0131. KENT KONSEY\u0130 A\u00c7IKLAMA YAPMI\u015eTI Antalya Kent Konseyi b\u00fcnyesindeki K\u00fclt\u00fcrel Miras, \u0130mar Planlama, Altyap\u0131 ile K\u00fclt\u00fcr ve Sanat \u00e7al\u0131\u015fma gruplar\u0131n\u0131n ortak raporunda, mevcut yap\u0131n\u0131n orijinal de\u011ferleriyle korunmas\u0131n\u0131 \u00f6nceleyen ulusal proje yar\u0131\u015fmas\u0131 ile m\u00fczenin do\u011fusunda karayollar\u0131na, kuzeyde ise uygulama oteli olarak kullan\u0131lan geni\u015f alanlarla b\u00fcy\u00fct\u00fclerek, ger\u00e7ek bir b\u00f6lge m\u00fczesi d\u00fczeyine gelebilece\u011fi ifade edildi. Konsey&#8217;in raporunda, mevcut m\u00fcze yap\u0131s\u0131n\u0131n korunmas\u0131yla birlikte, iki a\u015famal\u0131 ulusal mimari proje yar\u0131\u015fmas\u0131 yoluyla M\u00fcze Kompleksi tasar\u0131m\u0131n\u0131n elde edilmesi \u00f6nerisi sunuldu. TEPK\u0130LER \u00dcST \u00dcSTE GELD\u0130 M\u00fczenin y\u0131k\u0131m\u0131na kar\u015f\u0131 \u00e7\u0131kan M\u00fcze \u00c7al\u0131\u015fma Grubu ad\u0131 alt\u0131nda baz\u0131 akademisyenler ve sivil toplum \u00f6rg\u00fctleriyle birlikte hareket eden K\u00fclt\u00fcr Sanat Sen Antalya B\u00f6lge Ba\u015fkan\u0131 Dr. \u0130rfan Kuru\u00fcz\u00fcm, mevcut binan\u0131n y\u0131k\u0131lmas\u0131na gerek\u00e7e g\u00f6sterilen, depreme kar\u015f\u0131 riskli yap\u0131 oldu\u011funa dair 5 y\u0131l \u00f6nce al\u0131nd\u0131\u011f\u0131 s\u00f6ylenen belgeye ula\u015f\u0131lamad\u0131\u011f\u0131n\u0131 &hellip;<\/p>","protected":false},"author":5,"featured_media":0,"comment_status":"","ping_status":"open","sticky":false,"template":"","format":"standard","meta":{"_acf_changed":false,"footnotes":""},"categories":[24],"tags":[],"class_list":["post-147640","post","type-post","status-publish","format-standard","has-post-thumbnail","hentry","category-gundem"],"acf":[],"yoast_head":"<!-- This site is optimized with the Yoast SEO Premium plugin v26.6 (Yoast SEO v27.1.1) - https:\/\/yoast.com\/product\/yoast-seo-premium-wordpress\/ -->\n<title>Antalya M\u00fczesi kapand\u0131! Art\u0131k ziyaret edilemeyecek - Av. Deniz Can K\u0131z\u0131l<\/title>\n<meta name=\"robots\" content=\"index, follow, max-snippet:-1, max-image-preview:large, max-video-preview:-1\" \/>\n<link rel=\"canonical\" href=\"https:\/\/denizcankizil.tr\/uk\/haberler\/gundem\/antalya-muzesi-kapandi-artik-ziyaret-edilemeyecek\/\" \/>\n<meta property=\"og:locale\" content=\"uk_UA\" \/>\n<meta property=\"og:type\" content=\"article\" \/>\n<meta property=\"og:title\" content=\"Antalya M\u00fczesi kapand\u0131! Art\u0131k ziyaret edilemeyecek\" \/>\n<meta property=\"og:description\" content=\"K\u00fclt\u00fcr ve Turizm Bakanl\u0131\u011f\u0131 taraf\u0131ndan Antalya&#8217;da 1964 y\u0131l\u0131nda ulusal bir proje yar\u0131\u015fmas\u0131 sonras\u0131nda in\u015fa edilerek, 1972 y\u0131l\u0131nda a\u00e7\u0131lan Arkeoloji M\u00fczesi&#8217;nin y\u0131k\u0131m\u0131na ve yerine yeni bir m\u00fcze binas\u0131 yap\u0131lmas\u0131na karar verildi. Bakanl\u0131k taraf\u0131ndan al\u0131nana bu karar kentte \u2018m\u00fcze\u2019 tart\u0131\u015fmalar\u0131n\u0131n ya\u015fanmas\u0131na neden oldu. Baz\u0131 sivil toplum \u00f6rg\u00fctleri; m\u00fczenin y\u0131k\u0131lmas\u0131 veya k\u0131smen korunmas\u0131, \u00f6zellikle de m\u00fcze alan\u0131n\u0131n yan\u0131ndaki Karayollar\u0131 ile Meteoroloji b\u00f6lge m\u00fcd\u00fcrl\u00fcklerinin kulland\u0131\u011f\u0131 araziler ve kuzeyindeki Uygulama Oteli&#8217;nin Antalya M\u00fczesi&#8217;ne dahil edilmesini istiyor. T\u00fcm tart\u0131\u015fmalara ra\u011fmen Antalya M\u00fczesi bug\u00fcn itibariyle kapat\u0131ld\u0131. KENT KONSEY\u0130 A\u00c7IKLAMA YAPMI\u015eTI Antalya Kent Konseyi b\u00fcnyesindeki K\u00fclt\u00fcrel Miras, \u0130mar Planlama, Altyap\u0131 ile K\u00fclt\u00fcr ve Sanat \u00e7al\u0131\u015fma gruplar\u0131n\u0131n ortak raporunda, mevcut yap\u0131n\u0131n orijinal de\u011ferleriyle korunmas\u0131n\u0131 \u00f6nceleyen ulusal proje yar\u0131\u015fmas\u0131 ile m\u00fczenin do\u011fusunda karayollar\u0131na, kuzeyde ise uygulama oteli olarak kullan\u0131lan geni\u015f alanlarla b\u00fcy\u00fct\u00fclerek, ger\u00e7ek bir b\u00f6lge m\u00fczesi d\u00fczeyine gelebilece\u011fi ifade edildi. Konsey&#8217;in raporunda, mevcut m\u00fcze yap\u0131s\u0131n\u0131n korunmas\u0131yla birlikte, iki a\u015famal\u0131 ulusal mimari proje yar\u0131\u015fmas\u0131 yoluyla M\u00fcze Kompleksi tasar\u0131m\u0131n\u0131n elde edilmesi \u00f6nerisi sunuldu. TEPK\u0130LER \u00dcST \u00dcSTE GELD\u0130 M\u00fczenin y\u0131k\u0131m\u0131na kar\u015f\u0131 \u00e7\u0131kan M\u00fcze \u00c7al\u0131\u015fma Grubu ad\u0131 alt\u0131nda baz\u0131 akademisyenler ve sivil toplum \u00f6rg\u00fctleriyle birlikte hareket eden K\u00fclt\u00fcr Sanat Sen Antalya B\u00f6lge Ba\u015fkan\u0131 Dr. \u0130rfan Kuru\u00fcz\u00fcm, mevcut binan\u0131n y\u0131k\u0131lmas\u0131na gerek\u00e7e g\u00f6sterilen, depreme kar\u015f\u0131 riskli yap\u0131 oldu\u011funa dair 5 y\u0131l \u00f6nce al\u0131nd\u0131\u011f\u0131 s\u00f6ylenen belgeye ula\u015f\u0131lamad\u0131\u011f\u0131n\u0131 &hellip;\" \/>\n<meta property=\"og:url\" content=\"https:\/\/denizcankizil.tr\/uk\/haberler\/gundem\/antalya-muzesi-kapandi-artik-ziyaret-edilemeyecek\/\" \/>\n<meta property=\"og:site_name\" content=\"Av. Deniz Can K\u0131z\u0131l\" \/>\n<meta property=\"article:published_time\" content=\"2025-07-16T06:41:28+00:00\" \/>\n<meta name=\"author\" content=\"Antalya K\u00f6rfez\" \/>\n<meta name=\"twitter:card\" content=\"summary_large_image\" \/>\n<meta name=\"twitter:label1\" content=\"\u041d\u0430\u043f\u0438\u0441\u0430\u043d\u043e\" \/>\n\t<meta name=\"twitter:data1\" content=\"Antalya K\u00f6rfez\" \/>\n\t<meta name=\"twitter:label2\" content=\"\u041f\u0440\u0438\u0431\u043b. \u0447\u0430\u0441 \u0447\u0438\u0442\u0430\u043d\u043d\u044f\" \/>\n\t<meta name=\"twitter:data2\" content=\"3 \u0445\u0432\u0438\u043b\u0438\u043d\u0438\" \/>\n<script type=\"application\/ld+json\" class=\"yoast-schema-graph\">{\"@context\":\"https:\/\/schema.org\",\"@graph\":[{\"@type\":\"Article\",\"@id\":\"https:\/\/denizcankizil.tr\/uk\/haberler\/gundem\/antalya-muzesi-kapandi-artik-ziyaret-edilemeyecek\/#article\",\"isPartOf\":{\"@id\":\"https:\/\/denizcankizil.tr\/uk\/haberler\/gundem\/antalya-muzesi-kapandi-artik-ziyaret-edilemeyecek\/\"},\"author\":{\"name\":\"Antalya K\u00f6rfez\",\"@id\":\"https:\/\/denizcankizil.tr\/#\/schema\/person\/e1eb71bb4dd684d46563f0af307e1234\"},\"headline\":\"Antalya M\u00fczesi kapand\u0131! Art\u0131k ziyaret edilemeyecek\",\"datePublished\":\"2025-07-16T06:41:28+00:00\",\"mainEntityOfPage\":{\"@id\":\"https:\/\/denizcankizil.tr\/uk\/haberler\/gundem\/antalya-muzesi-kapandi-artik-ziyaret-edilemeyecek\/\"},\"wordCount\":599,\"publisher\":{\"@id\":\"https:\/\/denizcankizil.tr\/#organization\"},\"articleSection\":[\"G\u00fcndem\"],\"inLanguage\":\"uk\"},{\"@type\":\"WebPage\",\"@id\":\"https:\/\/denizcankizil.tr\/uk\/haberler\/gundem\/antalya-muzesi-kapandi-artik-ziyaret-edilemeyecek\/\",\"url\":\"https:\/\/denizcankizil.tr\/uk\/haberler\/gundem\/antalya-muzesi-kapandi-artik-ziyaret-edilemeyecek\/\",\"name\":\"Antalya M\u00fczesi kapand\u0131! Art\u0131k ziyaret edilemeyecek - Av. Deniz Can K\u0131z\u0131l\",\"isPartOf\":{\"@id\":\"https:\/\/denizcankizil.tr\/#website\"},\"datePublished\":\"2025-07-16T06:41:28+00:00\",\"breadcrumb\":{\"@id\":\"https:\/\/denizcankizil.tr\/uk\/haberler\/gundem\/antalya-muzesi-kapandi-artik-ziyaret-edilemeyecek\/#breadcrumb\"},\"inLanguage\":\"uk\",\"potentialAction\":[{\"@type\":\"ReadAction\",\"target\":[\"https:\/\/denizcankizil.tr\/uk\/haberler\/gundem\/antalya-muzesi-kapandi-artik-ziyaret-edilemeyecek\/\"]}]},{\"@type\":\"BreadcrumbList\",\"@id\":\"https:\/\/denizcankizil.tr\/uk\/haberler\/gundem\/antalya-muzesi-kapandi-artik-ziyaret-edilemeyecek\/#breadcrumb\",\"itemListElement\":[{\"@type\":\"ListItem\",\"position\":1,\"name\":\"Home\",\"item\":\"https:\/\/denizcankizil.tr\/de\/\"},{\"@type\":\"ListItem\",\"position\":2,\"name\":\"Antalya M\u00fczesi kapand\u0131! Art\u0131k ziyaret edilemeyecek\"}]},{\"@type\":\"WebSite\",\"@id\":\"https:\/\/denizcankizil.tr\/#website\",\"url\":\"https:\/\/denizcankizil.tr\/\",\"name\":\"Av. Deniz Can K\u0131z\u0131l\",\"description\":\"Avukat Deniz Can K\u0131z\u0131l Antalya Barosu\",\"publisher\":{\"@id\":\"https:\/\/denizcankizil.tr\/#organization\"},\"potentialAction\":[{\"@type\":\"SearchAction\",\"target\":{\"@type\":\"EntryPoint\",\"urlTemplate\":\"https:\/\/denizcankizil.tr\/?s={search_term_string}\"},\"query-input\":{\"@type\":\"PropertyValueSpecification\",\"valueRequired\":true,\"valueName\":\"search_term_string\"}}],\"inLanguage\":\"uk\"},{\"@type\":\"Organization\",\"@id\":\"https:\/\/denizcankizil.tr\/#organization\",\"name\":\"Av. Deniz Can K\u0131z\u0131l\",\"url\":\"https:\/\/denizcankizil.tr\/\",\"logo\":{\"@type\":\"ImageObject\",\"inLanguage\":\"uk\",\"@id\":\"https:\/\/denizcankizil.tr\/#\/schema\/logo\/image\/\",\"url\":\"https:\/\/denizcankizil.tr\/wp-content\/uploads\/2024\/10\/siyah-logo-svg.svg\",\"contentUrl\":\"https:\/\/denizcankizil.tr\/wp-content\/uploads\/2024\/10\/siyah-logo-svg.svg\",\"width\":1080,\"height\":1080,\"caption\":\"Av. Deniz Can K\u0131z\u0131l\"},\"image\":{\"@id\":\"https:\/\/denizcankizil.tr\/#\/schema\/logo\/image\/\"}},{\"@type\":\"Person\",\"@id\":\"https:\/\/denizcankizil.tr\/#\/schema\/person\/e1eb71bb4dd684d46563f0af307e1234\",\"name\":\"Antalya K\u00f6rfez\",\"image\":{\"@type\":\"ImageObject\",\"inLanguage\":\"uk\",\"@id\":\"https:\/\/denizcankizil.tr\/#\/schema\/person\/image\/\",\"url\":\"https:\/\/secure.gravatar.com\/avatar\/42b01982558a48a0b501fdcab6a408d3717ea5919095ee2e67b0e521799c5905?s=96&d=mm&r=g\",\"contentUrl\":\"https:\/\/secure.gravatar.com\/avatar\/42b01982558a48a0b501fdcab6a408d3717ea5919095ee2e67b0e521799c5905?s=96&d=mm&r=g\",\"caption\":\"Antalya K\u00f6rfez\"},\"sameAs\":[\"http:\/\/www.antalyakorfez.com\"],\"url\":\"https:\/\/www.antalyakorfez.com\/antalya-muzesi-kapandi-artik-ziyaret-edilemeyecek\"}]}<\/script>\n<!-- \/ Yoast SEO Premium plugin. -->","yoast_head_json":{"title":"Antalya M\u00fczesi kapand\u0131! Art\u0131k ziyaret edilemeyecek - Av. Deniz Can K\u0131z\u0131l","robots":{"index":"index","follow":"follow","max-snippet":"max-snippet:-1","max-image-preview":"max-image-preview:large","max-video-preview":"max-video-preview:-1"},"canonical":"https:\/\/denizcankizil.tr\/uk\/haberler\/gundem\/antalya-muzesi-kapandi-artik-ziyaret-edilemeyecek\/","og_locale":"uk_UA","og_type":"article","og_title":"Antalya M\u00fczesi kapand\u0131! Art\u0131k ziyaret edilemeyecek","og_description":"K\u00fclt\u00fcr ve Turizm Bakanl\u0131\u011f\u0131 taraf\u0131ndan Antalya&#8217;da 1964 y\u0131l\u0131nda ulusal bir proje yar\u0131\u015fmas\u0131 sonras\u0131nda in\u015fa edilerek, 1972 y\u0131l\u0131nda a\u00e7\u0131lan Arkeoloji M\u00fczesi&#8217;nin y\u0131k\u0131m\u0131na ve yerine yeni bir m\u00fcze binas\u0131 yap\u0131lmas\u0131na karar verildi. Bakanl\u0131k taraf\u0131ndan al\u0131nana bu karar kentte \u2018m\u00fcze\u2019 tart\u0131\u015fmalar\u0131n\u0131n ya\u015fanmas\u0131na neden oldu. Baz\u0131 sivil toplum \u00f6rg\u00fctleri; m\u00fczenin y\u0131k\u0131lmas\u0131 veya k\u0131smen korunmas\u0131, \u00f6zellikle de m\u00fcze alan\u0131n\u0131n yan\u0131ndaki Karayollar\u0131 ile Meteoroloji b\u00f6lge m\u00fcd\u00fcrl\u00fcklerinin kulland\u0131\u011f\u0131 araziler ve kuzeyindeki Uygulama Oteli&#8217;nin Antalya M\u00fczesi&#8217;ne dahil edilmesini istiyor. T\u00fcm tart\u0131\u015fmalara ra\u011fmen Antalya M\u00fczesi bug\u00fcn itibariyle kapat\u0131ld\u0131. KENT KONSEY\u0130 A\u00c7IKLAMA YAPMI\u015eTI Antalya Kent Konseyi b\u00fcnyesindeki K\u00fclt\u00fcrel Miras, \u0130mar Planlama, Altyap\u0131 ile K\u00fclt\u00fcr ve Sanat \u00e7al\u0131\u015fma gruplar\u0131n\u0131n ortak raporunda, mevcut yap\u0131n\u0131n orijinal de\u011ferleriyle korunmas\u0131n\u0131 \u00f6nceleyen ulusal proje yar\u0131\u015fmas\u0131 ile m\u00fczenin do\u011fusunda karayollar\u0131na, kuzeyde ise uygulama oteli olarak kullan\u0131lan geni\u015f alanlarla b\u00fcy\u00fct\u00fclerek, ger\u00e7ek bir b\u00f6lge m\u00fczesi d\u00fczeyine gelebilece\u011fi ifade edildi. Konsey&#8217;in raporunda, mevcut m\u00fcze yap\u0131s\u0131n\u0131n korunmas\u0131yla birlikte, iki a\u015famal\u0131 ulusal mimari proje yar\u0131\u015fmas\u0131 yoluyla M\u00fcze Kompleksi tasar\u0131m\u0131n\u0131n elde edilmesi \u00f6nerisi sunuldu. TEPK\u0130LER \u00dcST \u00dcSTE GELD\u0130 M\u00fczenin y\u0131k\u0131m\u0131na kar\u015f\u0131 \u00e7\u0131kan M\u00fcze \u00c7al\u0131\u015fma Grubu ad\u0131 alt\u0131nda baz\u0131 akademisyenler ve sivil toplum \u00f6rg\u00fctleriyle birlikte hareket eden K\u00fclt\u00fcr Sanat Sen Antalya B\u00f6lge Ba\u015fkan\u0131 Dr. \u0130rfan Kuru\u00fcz\u00fcm, mevcut binan\u0131n y\u0131k\u0131lmas\u0131na gerek\u00e7e g\u00f6sterilen, depreme kar\u015f\u0131 riskli yap\u0131 oldu\u011funa dair 5 y\u0131l \u00f6nce al\u0131nd\u0131\u011f\u0131 s\u00f6ylenen belgeye ula\u015f\u0131lamad\u0131\u011f\u0131n\u0131 &hellip;","og_url":"https:\/\/denizcankizil.tr\/uk\/haberler\/gundem\/antalya-muzesi-kapandi-artik-ziyaret-edilemeyecek\/","og_site_name":"Av. Deniz Can K\u0131z\u0131l","article_published_time":"2025-07-16T06:41:28+00:00","author":"Antalya K\u00f6rfez","twitter_card":"summary_large_image","twitter_misc":{"\u041d\u0430\u043f\u0438\u0441\u0430\u043d\u043e":"Antalya K\u00f6rfez","\u041f\u0440\u0438\u0431\u043b. \u0447\u0430\u0441 \u0447\u0438\u0442\u0430\u043d\u043d\u044f":"3 \u0445\u0432\u0438\u043b\u0438\u043d\u0438"},"schema":{"@context":"https:\/\/schema.org","@graph":[{"@type":"Article","@id":"https:\/\/denizcankizil.tr\/uk\/haberler\/gundem\/antalya-muzesi-kapandi-artik-ziyaret-edilemeyecek\/#article","isPartOf":{"@id":"https:\/\/denizcankizil.tr\/uk\/haberler\/gundem\/antalya-muzesi-kapandi-artik-ziyaret-edilemeyecek\/"},"author":{"name":"Antalya K\u00f6rfez","@id":"https:\/\/denizcankizil.tr\/#\/schema\/person\/e1eb71bb4dd684d46563f0af307e1234"},"headline":"Antalya M\u00fczesi kapand\u0131! Art\u0131k ziyaret edilemeyecek","datePublished":"2025-07-16T06:41:28+00:00","mainEntityOfPage":{"@id":"https:\/\/denizcankizil.tr\/uk\/haberler\/gundem\/antalya-muzesi-kapandi-artik-ziyaret-edilemeyecek\/"},"wordCount":599,"publisher":{"@id":"https:\/\/denizcankizil.tr\/#organization"},"articleSection":["G\u00fcndem"],"inLanguage":"uk"},{"@type":"WebPage","@id":"https:\/\/denizcankizil.tr\/uk\/haberler\/gundem\/antalya-muzesi-kapandi-artik-ziyaret-edilemeyecek\/","url":"https:\/\/denizcankizil.tr\/uk\/haberler\/gundem\/antalya-muzesi-kapandi-artik-ziyaret-edilemeyecek\/","name":"Antalya M\u00fczesi kapand\u0131! Art\u0131k ziyaret edilemeyecek - Av. Deniz Can K\u0131z\u0131l","isPartOf":{"@id":"https:\/\/denizcankizil.tr\/#website"},"datePublished":"2025-07-16T06:41:28+00:00","breadcrumb":{"@id":"https:\/\/denizcankizil.tr\/uk\/haberler\/gundem\/antalya-muzesi-kapandi-artik-ziyaret-edilemeyecek\/#breadcrumb"},"inLanguage":"uk","potentialAction":[{"@type":"ReadAction","target":["https:\/\/denizcankizil.tr\/uk\/haberler\/gundem\/antalya-muzesi-kapandi-artik-ziyaret-edilemeyecek\/"]}]},{"@type":"BreadcrumbList","@id":"https:\/\/denizcankizil.tr\/uk\/haberler\/gundem\/antalya-muzesi-kapandi-artik-ziyaret-edilemeyecek\/#breadcrumb","itemListElement":[{"@type":"ListItem","position":1,"name":"Home","item":"https:\/\/denizcankizil.tr\/de\/"},{"@type":"ListItem","position":2,"name":"Antalya M\u00fczesi kapand\u0131! Art\u0131k ziyaret edilemeyecek"}]},{"@type":"WebSite","@id":"https:\/\/denizcankizil.tr\/#website","url":"https:\/\/denizcankizil.tr\/","name":"Av. Deniz Can K\u0131z\u0131l","description":"Avukat Deniz Can K\u0131z\u0131l Antalya Barosu","publisher":{"@id":"https:\/\/denizcankizil.tr\/#organization"},"potentialAction":[{"@type":"SearchAction","target":{"@type":"EntryPoint","urlTemplate":"https:\/\/denizcankizil.tr\/?s={search_term_string}"},"query-input":{"@type":"PropertyValueSpecification","valueRequired":true,"valueName":"search_term_string"}}],"inLanguage":"uk"},{"@type":"Organization","@id":"https:\/\/denizcankizil.tr\/#organization","name":"Av. Deniz Can K\u0131z\u0131l","url":"https:\/\/denizcankizil.tr\/","logo":{"@type":"ImageObject","inLanguage":"uk","@id":"https:\/\/denizcankizil.tr\/#\/schema\/logo\/image\/","url":"https:\/\/denizcankizil.tr\/wp-content\/uploads\/2024\/10\/siyah-logo-svg.svg","contentUrl":"https:\/\/denizcankizil.tr\/wp-content\/uploads\/2024\/10\/siyah-logo-svg.svg","width":1080,"height":1080,"caption":"Av. Deniz Can K\u0131z\u0131l"},"image":{"@id":"https:\/\/denizcankizil.tr\/#\/schema\/logo\/image\/"}},{"@type":"Person","@id":"https:\/\/denizcankizil.tr\/#\/schema\/person\/e1eb71bb4dd684d46563f0af307e1234","name":"Antalya K\u00f6rfez","image":{"@type":"ImageObject","inLanguage":"uk","@id":"https:\/\/denizcankizil.tr\/#\/schema\/person\/image\/","url":"https:\/\/secure.gravatar.com\/avatar\/42b01982558a48a0b501fdcab6a408d3717ea5919095ee2e67b0e521799c5905?s=96&d=mm&r=g","contentUrl":"https:\/\/secure.gravatar.com\/avatar\/42b01982558a48a0b501fdcab6a408d3717ea5919095ee2e67b0e521799c5905?s=96&d=mm&r=g","caption":"Antalya K\u00f6rfez"},"sameAs":["http:\/\/www.antalyakorfez.com"],"url":"https:\/\/www.antalyakorfez.com\/antalya-muzesi-kapandi-artik-ziyaret-edilemeyecek"}]}},"_links":{"self":[{"href":"https:\/\/denizcankizil.tr\/uk\/wp-json\/wp\/v2\/posts\/147640","targetHints":{"allow":["GET"]}}],"collection":[{"href":"https:\/\/denizcankizil.tr\/uk\/wp-json\/wp\/v2\/posts"}],"about":[{"href":"https:\/\/denizcankizil.tr\/uk\/wp-json\/wp\/v2\/types\/post"}],"author":[{"embeddable":true,"href":"https:\/\/denizcankizil.tr\/uk\/wp-json\/wp\/v2\/users\/5"}],"replies":[{"embeddable":true,"href":"https:\/\/denizcankizil.tr\/uk\/wp-json\/wp\/v2\/comments?post=147640"}],"version-history":[{"count":0,"href":"https:\/\/denizcankizil.tr\/uk\/wp-json\/wp\/v2\/posts\/147640\/revisions"}],"wp:attachment":[{"href":"https:\/\/denizcankizil.tr\/uk\/wp-json\/wp\/v2\/media?parent=147640"}],"wp:term":[{"taxonomy":"category","embeddable":true,"href":"https:\/\/denizcankizil.tr\/uk\/wp-json\/wp\/v2\/categories?post=147640"},{"taxonomy":"post_tag","embeddable":true,"href":"https:\/\/denizcankizil.tr\/uk\/wp-json\/wp\/v2\/tags?post=147640"}],"curies":[{"name":"wp","href":"https:\/\/api.w.org\/{rel}","templated":true}]}}