{"id":146776,"date":"2025-07-15T14:41:30","date_gmt":"2025-07-15T11:41:30","guid":{"rendered":"https:\/\/denizcankizil.tr\/uncategorized-tr\/denizde-turk-bayrakli-15-temmuz-farkindalik-etkinligi\/"},"modified":"2025-07-15T14:41:30","modified_gmt":"2025-07-15T11:41:30","slug":"denizde-turk-bayrakli-15-temmuz-farkindalik-etkinligi","status":"publish","type":"post","link":"https:\/\/denizcankizil.tr\/uk\/haberler\/antalya\/denizde-turk-bayrakli-15-temmuz-farkindalik-etkinligi\/","title":{"rendered":"Denizde T\u00fcrk Bayrakl\u0131 15 Temmuz Fark\u0131ndal\u0131k Etkinli\u011fi"},"content":{"rendered":"<p>ANTALYA&#8217;da \u0130nsan Hak ve H\u00fcrriyetleri (\u0130HH) \u0130nsani Yard\u0131m Vakf\u0131 arama kurtarma \u00fcyesi 10 dalg\u0131\u00e7, 15 Temmuz Demokrasi ve Milli Birlik G\u00fcn\u00fc dolay\u0131s\u0131yla denizde T\u00fcrk bayra\u011f\u0131 a\u00e7t\u0131.<\/p>\n<p>\u0130HH \u0130nsani Yard\u0131m Vakf\u0131 arama kurtarma \u00fcyesi 10 dalg\u0131\u00e7, 15 Temmuz Demokrasi ve Milli Birlik G\u00fcn\u00fc dolay\u0131s\u0131yla Kalei\u00e7i&#8217;nde yer alan yat liman\u0131nda bir araya geldi. Burada haz\u0131rl\u0131klar\u0131n\u0131 tamamlayan ekip \u00fcyeleri, dalg\u0131\u00e7 k\u0131yafetlerini giydikten sonra 9&#215;12 ebad\u0131ndaki T\u00fcrk bayra\u011f\u0131n\u0131 alarak, s\u0131ra halinde denize girdi. K\u0131y\u0131dan yakla\u015f\u0131k 15 metre a\u00e7\u0131\u011fa giden dalg\u0131\u00e7lar, T\u00fcrk bayra\u011f\u0131n\u0131 a\u00e7t\u0131. Bir s\u00fcre deniz y\u00fczeyinde bekleyen ekip, daha sonra a\u00e7t\u0131klar\u0131 bayrakla k\u0131y\u0131ya d\u00f6nd\u00fc.<\/p>\n<p>&#8216;HA\u0130N GECEY\u0130 UNUTTURMAMAK ADINA FARKINDALIK OLU\u015eTURMAK \u0130STED\u0130K&#8217;<\/p>\n<p>\u0130HH Antalya arama kurtarma ekibi lideri Ali Uygur, &#8220;Bug\u00fcn 15 Temmuz nedeniyle buraya geldik. O hain geceyi ve kalk\u0131\u015fmay\u0131 unutturmamak i\u00e7in fark\u0131ndal\u0131k olu\u015fturmak istedik. O g\u00fcn de o kalk\u0131\u015fmay\u0131 duydu\u011fumuz an, Antalya&#8217;da \u0130HH arama kurtarma ekibi olarak baz\u0131 ilgili binalar\u0131n \u00f6n\u00fcne gelerek eylemlerde bulunduk, n\u00f6bet tuttuk. Bug\u00fcn de yapt\u0131\u011f\u0131m\u0131z etkinlikle beraber fark\u0131ndal\u0131\u011f\u0131 s\u00fcrd\u00fcrmek istedik. Arkada\u015flar\u0131mla beraber denizde b\u00fcy\u00fck T\u00fcrk bayra\u011f\u0131n\u0131 a\u00e7t\u0131k&#8221; dedi.<\/p>\n<p>Kaynak: www.kanalv.com.tr Haber Sitesinden Al\u0131nm\u0131\u015ft\u0131r.<\/p>","protected":false},"excerpt":{"rendered":"<p>ANTALYA&#8217;da \u0130nsan Hak ve H\u00fcrriyetleri (\u0130HH) \u0130nsani Yard\u0131m Vakf\u0131 arama kurtarma \u00fcyesi 10 dalg\u0131\u00e7, 15 Temmuz Demokrasi ve Milli Birlik G\u00fcn\u00fc dolay\u0131s\u0131yla denizde T\u00fcrk bayra\u011f\u0131 a\u00e7t\u0131. \u0130HH \u0130nsani Yard\u0131m Vakf\u0131 arama kurtarma \u00fcyesi 10 dalg\u0131\u00e7, 15 Temmuz Demokrasi ve Milli Birlik G\u00fcn\u00fc dolay\u0131s\u0131yla Kalei\u00e7i&#8217;nde yer alan yat liman\u0131nda bir araya geldi. Burada haz\u0131rl\u0131klar\u0131n\u0131 tamamlayan ekip \u00fcyeleri, dalg\u0131\u00e7 k\u0131yafetlerini giydikten sonra 9&#215;12 ebad\u0131ndaki T\u00fcrk bayra\u011f\u0131n\u0131 alarak, s\u0131ra halinde denize girdi. K\u0131y\u0131dan yakla\u015f\u0131k 15 metre a\u00e7\u0131\u011fa giden dalg\u0131\u00e7lar, T\u00fcrk bayra\u011f\u0131n\u0131 a\u00e7t\u0131. Bir s\u00fcre deniz y\u00fczeyinde bekleyen ekip, daha sonra a\u00e7t\u0131klar\u0131 bayrakla k\u0131y\u0131ya d\u00f6nd\u00fc. &#8216;HA\u0130N GECEY\u0130 UNUTTURMAMAK ADINA FARKINDALIK OLU\u015eTURMAK \u0130STED\u0130K&#8217; \u0130HH Antalya arama kurtarma ekibi lideri Ali Uygur, &#8220;Bug\u00fcn 15 Temmuz nedeniyle buraya geldik. O hain geceyi ve kalk\u0131\u015fmay\u0131 unutturmamak i\u00e7in fark\u0131ndal\u0131k olu\u015fturmak istedik. O g\u00fcn de o kalk\u0131\u015fmay\u0131 duydu\u011fumuz an, Antalya&#8217;da \u0130HH arama kurtarma ekibi olarak baz\u0131 ilgili binalar\u0131n \u00f6n\u00fcne gelerek eylemlerde bulunduk, n\u00f6bet tuttuk. Bug\u00fcn de yapt\u0131\u011f\u0131m\u0131z etkinlikle beraber fark\u0131ndal\u0131\u011f\u0131 s\u00fcrd\u00fcrmek istedik. Arkada\u015flar\u0131mla beraber denizde b\u00fcy\u00fck T\u00fcrk bayra\u011f\u0131n\u0131 a\u00e7t\u0131k&#8221; dedi. Kaynak: www.kanalv.com.tr Haber Sitesinden Al\u0131nm\u0131\u015ft\u0131r.<\/p>","protected":false},"author":4,"featured_media":146777,"comment_status":"","ping_status":"open","sticky":false,"template":"","format":"standard","meta":{"_acf_changed":false,"footnotes":""},"categories":[26],"tags":[],"class_list":["post-146776","post","type-post","status-publish","format-standard","has-post-thumbnail","hentry","category-antalya"],"acf":[],"yoast_head":"<!-- This site is optimized with the Yoast SEO Premium plugin v26.6 (Yoast SEO v27.1.1) - https:\/\/yoast.com\/product\/yoast-seo-premium-wordpress\/ -->\n<title>Denizde T\u00fcrk Bayrakl\u0131 15 Temmuz Fark\u0131ndal\u0131k Etkinli\u011fi - Av. Deniz Can K\u0131z\u0131l<\/title>\n<meta name=\"robots\" content=\"index, follow, max-snippet:-1, max-image-preview:large, max-video-preview:-1\" \/>\n<link rel=\"canonical\" href=\"http:\/\/denizcankizil.tr\/uk\/haberler\/antalya\/denizde-turk-bayrakli-15-temmuz-farkindalik-etkinligi\/\" \/>\n<meta property=\"og:locale\" content=\"uk_UA\" \/>\n<meta property=\"og:type\" content=\"article\" \/>\n<meta property=\"og:title\" content=\"Denizde T\u00fcrk Bayrakl\u0131 15 Temmuz Fark\u0131ndal\u0131k Etkinli\u011fi\" \/>\n<meta property=\"og:description\" content=\"ANTALYA&#8217;da \u0130nsan Hak ve H\u00fcrriyetleri (\u0130HH) \u0130nsani Yard\u0131m Vakf\u0131 arama kurtarma \u00fcyesi 10 dalg\u0131\u00e7, 15 Temmuz Demokrasi ve Milli Birlik G\u00fcn\u00fc dolay\u0131s\u0131yla denizde T\u00fcrk bayra\u011f\u0131 a\u00e7t\u0131. \u0130HH \u0130nsani Yard\u0131m Vakf\u0131 arama kurtarma \u00fcyesi 10 dalg\u0131\u00e7, 15 Temmuz Demokrasi ve Milli Birlik G\u00fcn\u00fc dolay\u0131s\u0131yla Kalei\u00e7i&#8217;nde yer alan yat liman\u0131nda bir araya geldi. Burada haz\u0131rl\u0131klar\u0131n\u0131 tamamlayan ekip \u00fcyeleri, dalg\u0131\u00e7 k\u0131yafetlerini giydikten sonra 9&#215;12 ebad\u0131ndaki T\u00fcrk bayra\u011f\u0131n\u0131 alarak, s\u0131ra halinde denize girdi. K\u0131y\u0131dan yakla\u015f\u0131k 15 metre a\u00e7\u0131\u011fa giden dalg\u0131\u00e7lar, T\u00fcrk bayra\u011f\u0131n\u0131 a\u00e7t\u0131. Bir s\u00fcre deniz y\u00fczeyinde bekleyen ekip, daha sonra a\u00e7t\u0131klar\u0131 bayrakla k\u0131y\u0131ya d\u00f6nd\u00fc. &#8216;HA\u0130N GECEY\u0130 UNUTTURMAMAK ADINA FARKINDALIK OLU\u015eTURMAK \u0130STED\u0130K&#8217; \u0130HH Antalya arama kurtarma ekibi lideri Ali Uygur, &#8220;Bug\u00fcn 15 Temmuz nedeniyle buraya geldik. O hain geceyi ve kalk\u0131\u015fmay\u0131 unutturmamak i\u00e7in fark\u0131ndal\u0131k olu\u015fturmak istedik. O g\u00fcn de o kalk\u0131\u015fmay\u0131 duydu\u011fumuz an, Antalya&#8217;da \u0130HH arama kurtarma ekibi olarak baz\u0131 ilgili binalar\u0131n \u00f6n\u00fcne gelerek eylemlerde bulunduk, n\u00f6bet tuttuk. Bug\u00fcn de yapt\u0131\u011f\u0131m\u0131z etkinlikle beraber fark\u0131ndal\u0131\u011f\u0131 s\u00fcrd\u00fcrmek istedik. Arkada\u015flar\u0131mla beraber denizde b\u00fcy\u00fck T\u00fcrk bayra\u011f\u0131n\u0131 a\u00e7t\u0131k&#8221; dedi. Kaynak: www.kanalv.com.tr Haber Sitesinden Al\u0131nm\u0131\u015ft\u0131r.\" \/>\n<meta property=\"og:url\" content=\"http:\/\/denizcankizil.tr\/uk\/haberler\/antalya\/denizde-turk-bayrakli-15-temmuz-farkindalik-etkinligi\/\" \/>\n<meta property=\"og:site_name\" content=\"Av. Deniz Can K\u0131z\u0131l\" \/>\n<meta property=\"article:published_time\" content=\"2025-07-15T11:41:30+00:00\" \/>\n<meta property=\"og:image\" content=\"http:\/\/denizcankizil.tr\/wp-content\/uploads\/2025\/07\/web-gorsel-boyut-7-1-7kVcYk.png\" \/>\n\t<meta property=\"og:image:width\" content=\"1280\" \/>\n\t<meta property=\"og:image:height\" content=\"720\" \/>\n\t<meta property=\"og:image:type\" content=\"image\/png\" \/>\n<meta name=\"author\" content=\"Av. Deniz Can K\u0131z\u0131l\" \/>\n<meta name=\"twitter:card\" content=\"summary_large_image\" \/>\n<meta name=\"twitter:label1\" content=\"\u041d\u0430\u043f\u0438\u0441\u0430\u043d\u043e\" \/>\n\t<meta name=\"twitter:data1\" content=\"Av. Deniz Can K\u0131z\u0131l\" \/>\n\t<meta name=\"twitter:label2\" content=\"\u041f\u0440\u0438\u0431\u043b. \u0447\u0430\u0441 \u0447\u0438\u0442\u0430\u043d\u043d\u044f\" \/>\n\t<meta name=\"twitter:data2\" content=\"1 \u0445\u0432\u0438\u043b\u0438\u043d\u0430\" \/>\n<script type=\"application\/ld+json\" class=\"yoast-schema-graph\">{\"@context\":\"https:\/\/schema.org\",\"@graph\":[{\"@type\":\"Article\",\"@id\":\"http:\/\/denizcankizil.tr\/ru\/haberler\/antalya\/denizde-turk-bayrakli-15-temmuz-farkindalik-etkinligi\/#article\",\"isPartOf\":{\"@id\":\"http:\/\/denizcankizil.tr\/ru\/haberler\/antalya\/denizde-turk-bayrakli-15-temmuz-farkindalik-etkinligi\/\"},\"author\":{\"name\":\"Av. Deniz Can K\u0131z\u0131l\",\"@id\":\"https:\/\/denizcankizil.tr\/de\/#\/schema\/person\/5dc1b22991bd7ac833867c10afc9b0ff\"},\"headline\":\"Denizde T\u00fcrk Bayrakl\u0131 15 Temmuz Fark\u0131ndal\u0131k Etkinli\u011fi\",\"datePublished\":\"2025-07-15T11:41:30+00:00\",\"mainEntityOfPage\":{\"@id\":\"http:\/\/denizcankizil.tr\/ru\/haberler\/antalya\/denizde-turk-bayrakli-15-temmuz-farkindalik-etkinligi\/\"},\"wordCount\":243,\"publisher\":{\"@id\":\"https:\/\/denizcankizil.tr\/de\/#organization\"},\"image\":{\"@id\":\"http:\/\/denizcankizil.tr\/ru\/haberler\/antalya\/denizde-turk-bayrakli-15-temmuz-farkindalik-etkinligi\/#primaryimage\"},\"thumbnailUrl\":\"https:\/\/denizcankizil.tr\/wp-content\/uploads\/2025\/07\/web-gorsel-boyut-7-1-7kVcYk.png\",\"articleSection\":[\"Antalya\"],\"inLanguage\":\"uk\"},{\"@type\":\"WebPage\",\"@id\":\"http:\/\/denizcankizil.tr\/ru\/haberler\/antalya\/denizde-turk-bayrakli-15-temmuz-farkindalik-etkinligi\/\",\"url\":\"http:\/\/denizcankizil.tr\/ru\/haberler\/antalya\/denizde-turk-bayrakli-15-temmuz-farkindalik-etkinligi\/\",\"name\":\"Denizde T\u00fcrk Bayrakl\u0131 15 Temmuz Fark\u0131ndal\u0131k Etkinli\u011fi - Av. Deniz Can K\u0131z\u0131l\",\"isPartOf\":{\"@id\":\"https:\/\/denizcankizil.tr\/de\/#website\"},\"primaryImageOfPage\":{\"@id\":\"http:\/\/denizcankizil.tr\/ru\/haberler\/antalya\/denizde-turk-bayrakli-15-temmuz-farkindalik-etkinligi\/#primaryimage\"},\"image\":{\"@id\":\"http:\/\/denizcankizil.tr\/ru\/haberler\/antalya\/denizde-turk-bayrakli-15-temmuz-farkindalik-etkinligi\/#primaryimage\"},\"thumbnailUrl\":\"https:\/\/denizcankizil.tr\/wp-content\/uploads\/2025\/07\/web-gorsel-boyut-7-1-7kVcYk.png\",\"datePublished\":\"2025-07-15T11:41:30+00:00\",\"breadcrumb\":{\"@id\":\"http:\/\/denizcankizil.tr\/ru\/haberler\/antalya\/denizde-turk-bayrakli-15-temmuz-farkindalik-etkinligi\/#breadcrumb\"},\"inLanguage\":\"uk\",\"potentialAction\":[{\"@type\":\"ReadAction\",\"target\":[\"http:\/\/denizcankizil.tr\/ru\/haberler\/antalya\/denizde-turk-bayrakli-15-temmuz-farkindalik-etkinligi\/\"]}]},{\"@type\":\"ImageObject\",\"inLanguage\":\"uk\",\"@id\":\"http:\/\/denizcankizil.tr\/ru\/haberler\/antalya\/denizde-turk-bayrakli-15-temmuz-farkindalik-etkinligi\/#primaryimage\",\"url\":\"https:\/\/denizcankizil.tr\/wp-content\/uploads\/2025\/07\/web-gorsel-boyut-7-1-7kVcYk.png\",\"contentUrl\":\"https:\/\/denizcankizil.tr\/wp-content\/uploads\/2025\/07\/web-gorsel-boyut-7-1-7kVcYk.png\",\"width\":1280,\"height\":720},{\"@type\":\"BreadcrumbList\",\"@id\":\"http:\/\/denizcankizil.tr\/ru\/haberler\/antalya\/denizde-turk-bayrakli-15-temmuz-farkindalik-etkinligi\/#breadcrumb\",\"itemListElement\":[{\"@type\":\"ListItem\",\"position\":1,\"name\":\"Home\",\"item\":\"https:\/\/denizcankizil.tr\/de\/\"},{\"@type\":\"ListItem\",\"position\":2,\"name\":\"Denizde T\u00fcrk Bayrakl\u0131 15 Temmuz Fark\u0131ndal\u0131k Etkinli\u011fi\"}]},{\"@type\":\"WebSite\",\"@id\":\"https:\/\/denizcankizil.tr\/de\/#website\",\"url\":\"https:\/\/denizcankizil.tr\/de\/\",\"name\":\"Av. Deniz Can K\u0131z\u0131l\",\"description\":\"Avukat Deniz Can K\u0131z\u0131l Antalya Barosu\",\"publisher\":{\"@id\":\"https:\/\/denizcankizil.tr\/de\/#organization\"},\"potentialAction\":[{\"@type\":\"SearchAction\",\"target\":{\"@type\":\"EntryPoint\",\"urlTemplate\":\"https:\/\/denizcankizil.tr\/de\/?s={search_term_string}\"},\"query-input\":{\"@type\":\"PropertyValueSpecification\",\"valueRequired\":true,\"valueName\":\"search_term_string\"}}],\"inLanguage\":\"uk\"},{\"@type\":\"Organization\",\"@id\":\"https:\/\/denizcankizil.tr\/de\/#organization\",\"name\":\"Av. Deniz Can K\u0131z\u0131l\",\"url\":\"https:\/\/denizcankizil.tr\/de\/\",\"logo\":{\"@type\":\"ImageObject\",\"inLanguage\":\"uk\",\"@id\":\"https:\/\/denizcankizil.tr\/de\/#\/schema\/logo\/image\/\",\"url\":\"https:\/\/denizcankizil.tr\/wp-content\/uploads\/2024\/10\/siyah-logo-svg.svg\",\"contentUrl\":\"https:\/\/denizcankizil.tr\/wp-content\/uploads\/2024\/10\/siyah-logo-svg.svg\",\"width\":1080,\"height\":1080,\"caption\":\"Av. Deniz Can K\u0131z\u0131l\"},\"image\":{\"@id\":\"https:\/\/denizcankizil.tr\/de\/#\/schema\/logo\/image\/\"}},{\"@type\":\"Person\",\"@id\":\"https:\/\/denizcankizil.tr\/de\/#\/schema\/person\/5dc1b22991bd7ac833867c10afc9b0ff\",\"name\":\"Av. Deniz Can K\u0131z\u0131l\",\"image\":{\"@type\":\"ImageObject\",\"inLanguage\":\"uk\",\"@id\":\"https:\/\/denizcankizil.tr\/de\/#\/schema\/person\/image\/\",\"url\":\"https:\/\/secure.gravatar.com\/avatar\/a0b128fb9855c79efc976d5640eedb31dc35ec297594d6016d2cf7c60e975bb6?s=96&d=mm&r=g\",\"contentUrl\":\"https:\/\/secure.gravatar.com\/avatar\/a0b128fb9855c79efc976d5640eedb31dc35ec297594d6016d2cf7c60e975bb6?s=96&d=mm&r=g\",\"caption\":\"Av. Deniz Can K\u0131z\u0131l\"},\"sameAs\":[\"http:\/\/www.denizcankizil.tr\"],\"url\":\"https:\/\/denizcankizil.tr\/uk\/author\/denizcankizil\/\"}]}<\/script>\n<!-- \/ Yoast SEO Premium plugin. -->","yoast_head_json":{"title":"Denizde T\u00fcrk Bayrakl\u0131 15 Temmuz Fark\u0131ndal\u0131k Etkinli\u011fi - Av. Deniz Can K\u0131z\u0131l","robots":{"index":"index","follow":"follow","max-snippet":"max-snippet:-1","max-image-preview":"max-image-preview:large","max-video-preview":"max-video-preview:-1"},"canonical":"http:\/\/denizcankizil.tr\/uk\/haberler\/antalya\/denizde-turk-bayrakli-15-temmuz-farkindalik-etkinligi\/","og_locale":"uk_UA","og_type":"article","og_title":"Denizde T\u00fcrk Bayrakl\u0131 15 Temmuz Fark\u0131ndal\u0131k Etkinli\u011fi","og_description":"ANTALYA&#8217;da \u0130nsan Hak ve H\u00fcrriyetleri (\u0130HH) \u0130nsani Yard\u0131m Vakf\u0131 arama kurtarma \u00fcyesi 10 dalg\u0131\u00e7, 15 Temmuz Demokrasi ve Milli Birlik G\u00fcn\u00fc dolay\u0131s\u0131yla denizde T\u00fcrk bayra\u011f\u0131 a\u00e7t\u0131. \u0130HH \u0130nsani Yard\u0131m Vakf\u0131 arama kurtarma \u00fcyesi 10 dalg\u0131\u00e7, 15 Temmuz Demokrasi ve Milli Birlik G\u00fcn\u00fc dolay\u0131s\u0131yla Kalei\u00e7i&#8217;nde yer alan yat liman\u0131nda bir araya geldi. Burada haz\u0131rl\u0131klar\u0131n\u0131 tamamlayan ekip \u00fcyeleri, dalg\u0131\u00e7 k\u0131yafetlerini giydikten sonra 9&#215;12 ebad\u0131ndaki T\u00fcrk bayra\u011f\u0131n\u0131 alarak, s\u0131ra halinde denize girdi. K\u0131y\u0131dan yakla\u015f\u0131k 15 metre a\u00e7\u0131\u011fa giden dalg\u0131\u00e7lar, T\u00fcrk bayra\u011f\u0131n\u0131 a\u00e7t\u0131. Bir s\u00fcre deniz y\u00fczeyinde bekleyen ekip, daha sonra a\u00e7t\u0131klar\u0131 bayrakla k\u0131y\u0131ya d\u00f6nd\u00fc. &#8216;HA\u0130N GECEY\u0130 UNUTTURMAMAK ADINA FARKINDALIK OLU\u015eTURMAK \u0130STED\u0130K&#8217; \u0130HH Antalya arama kurtarma ekibi lideri Ali Uygur, &#8220;Bug\u00fcn 15 Temmuz nedeniyle buraya geldik. O hain geceyi ve kalk\u0131\u015fmay\u0131 unutturmamak i\u00e7in fark\u0131ndal\u0131k olu\u015fturmak istedik. O g\u00fcn de o kalk\u0131\u015fmay\u0131 duydu\u011fumuz an, Antalya&#8217;da \u0130HH arama kurtarma ekibi olarak baz\u0131 ilgili binalar\u0131n \u00f6n\u00fcne gelerek eylemlerde bulunduk, n\u00f6bet tuttuk. Bug\u00fcn de yapt\u0131\u011f\u0131m\u0131z etkinlikle beraber fark\u0131ndal\u0131\u011f\u0131 s\u00fcrd\u00fcrmek istedik. Arkada\u015flar\u0131mla beraber denizde b\u00fcy\u00fck T\u00fcrk bayra\u011f\u0131n\u0131 a\u00e7t\u0131k&#8221; dedi. Kaynak: www.kanalv.com.tr Haber Sitesinden Al\u0131nm\u0131\u015ft\u0131r.","og_url":"http:\/\/denizcankizil.tr\/uk\/haberler\/antalya\/denizde-turk-bayrakli-15-temmuz-farkindalik-etkinligi\/","og_site_name":"Av. Deniz Can K\u0131z\u0131l","article_published_time":"2025-07-15T11:41:30+00:00","og_image":[{"width":1280,"height":720,"url":"http:\/\/denizcankizil.tr\/wp-content\/uploads\/2025\/07\/web-gorsel-boyut-7-1-7kVcYk.png","type":"image\/png"}],"author":"Av. Deniz Can K\u0131z\u0131l","twitter_card":"summary_large_image","twitter_misc":{"\u041d\u0430\u043f\u0438\u0441\u0430\u043d\u043e":"Av. Deniz Can K\u0131z\u0131l","\u041f\u0440\u0438\u0431\u043b. \u0447\u0430\u0441 \u0447\u0438\u0442\u0430\u043d\u043d\u044f":"1 \u0445\u0432\u0438\u043b\u0438\u043d\u0430"},"schema":{"@context":"https:\/\/schema.org","@graph":[{"@type":"Article","@id":"http:\/\/denizcankizil.tr\/ru\/haberler\/antalya\/denizde-turk-bayrakli-15-temmuz-farkindalik-etkinligi\/#article","isPartOf":{"@id":"http:\/\/denizcankizil.tr\/ru\/haberler\/antalya\/denizde-turk-bayrakli-15-temmuz-farkindalik-etkinligi\/"},"author":{"name":"Av. Deniz Can K\u0131z\u0131l","@id":"https:\/\/denizcankizil.tr\/de\/#\/schema\/person\/5dc1b22991bd7ac833867c10afc9b0ff"},"headline":"Denizde T\u00fcrk Bayrakl\u0131 15 Temmuz Fark\u0131ndal\u0131k Etkinli\u011fi","datePublished":"2025-07-15T11:41:30+00:00","mainEntityOfPage":{"@id":"http:\/\/denizcankizil.tr\/ru\/haberler\/antalya\/denizde-turk-bayrakli-15-temmuz-farkindalik-etkinligi\/"},"wordCount":243,"publisher":{"@id":"https:\/\/denizcankizil.tr\/de\/#organization"},"image":{"@id":"http:\/\/denizcankizil.tr\/ru\/haberler\/antalya\/denizde-turk-bayrakli-15-temmuz-farkindalik-etkinligi\/#primaryimage"},"thumbnailUrl":"https:\/\/denizcankizil.tr\/wp-content\/uploads\/2025\/07\/web-gorsel-boyut-7-1-7kVcYk.png","articleSection":["Antalya"],"inLanguage":"uk"},{"@type":"WebPage","@id":"http:\/\/denizcankizil.tr\/ru\/haberler\/antalya\/denizde-turk-bayrakli-15-temmuz-farkindalik-etkinligi\/","url":"http:\/\/denizcankizil.tr\/ru\/haberler\/antalya\/denizde-turk-bayrakli-15-temmuz-farkindalik-etkinligi\/","name":"Denizde T\u00fcrk Bayrakl\u0131 15 Temmuz Fark\u0131ndal\u0131k Etkinli\u011fi - Av. Deniz Can K\u0131z\u0131l","isPartOf":{"@id":"https:\/\/denizcankizil.tr\/de\/#website"},"primaryImageOfPage":{"@id":"http:\/\/denizcankizil.tr\/ru\/haberler\/antalya\/denizde-turk-bayrakli-15-temmuz-farkindalik-etkinligi\/#primaryimage"},"image":{"@id":"http:\/\/denizcankizil.tr\/ru\/haberler\/antalya\/denizde-turk-bayrakli-15-temmuz-farkindalik-etkinligi\/#primaryimage"},"thumbnailUrl":"https:\/\/denizcankizil.tr\/wp-content\/uploads\/2025\/07\/web-gorsel-boyut-7-1-7kVcYk.png","datePublished":"2025-07-15T11:41:30+00:00","breadcrumb":{"@id":"http:\/\/denizcankizil.tr\/ru\/haberler\/antalya\/denizde-turk-bayrakli-15-temmuz-farkindalik-etkinligi\/#breadcrumb"},"inLanguage":"uk","potentialAction":[{"@type":"ReadAction","target":["http:\/\/denizcankizil.tr\/ru\/haberler\/antalya\/denizde-turk-bayrakli-15-temmuz-farkindalik-etkinligi\/"]}]},{"@type":"ImageObject","inLanguage":"uk","@id":"http:\/\/denizcankizil.tr\/ru\/haberler\/antalya\/denizde-turk-bayrakli-15-temmuz-farkindalik-etkinligi\/#primaryimage","url":"https:\/\/denizcankizil.tr\/wp-content\/uploads\/2025\/07\/web-gorsel-boyut-7-1-7kVcYk.png","contentUrl":"https:\/\/denizcankizil.tr\/wp-content\/uploads\/2025\/07\/web-gorsel-boyut-7-1-7kVcYk.png","width":1280,"height":720},{"@type":"BreadcrumbList","@id":"http:\/\/denizcankizil.tr\/ru\/haberler\/antalya\/denizde-turk-bayrakli-15-temmuz-farkindalik-etkinligi\/#breadcrumb","itemListElement":[{"@type":"ListItem","position":1,"name":"Home","item":"https:\/\/denizcankizil.tr\/de\/"},{"@type":"ListItem","position":2,"name":"Denizde T\u00fcrk Bayrakl\u0131 15 Temmuz Fark\u0131ndal\u0131k Etkinli\u011fi"}]},{"@type":"WebSite","@id":"https:\/\/denizcankizil.tr\/de\/#website","url":"https:\/\/denizcankizil.tr\/de\/","name":"Av. Deniz Can K\u0131z\u0131l","description":"Avukat Deniz Can K\u0131z\u0131l Antalya Barosu","publisher":{"@id":"https:\/\/denizcankizil.tr\/de\/#organization"},"potentialAction":[{"@type":"SearchAction","target":{"@type":"EntryPoint","urlTemplate":"https:\/\/denizcankizil.tr\/de\/?s={search_term_string}"},"query-input":{"@type":"PropertyValueSpecification","valueRequired":true,"valueName":"search_term_string"}}],"inLanguage":"uk"},{"@type":"Organization","@id":"https:\/\/denizcankizil.tr\/de\/#organization","name":"Av. Deniz Can K\u0131z\u0131l","url":"https:\/\/denizcankizil.tr\/de\/","logo":{"@type":"ImageObject","inLanguage":"uk","@id":"https:\/\/denizcankizil.tr\/de\/#\/schema\/logo\/image\/","url":"https:\/\/denizcankizil.tr\/wp-content\/uploads\/2024\/10\/siyah-logo-svg.svg","contentUrl":"https:\/\/denizcankizil.tr\/wp-content\/uploads\/2024\/10\/siyah-logo-svg.svg","width":1080,"height":1080,"caption":"Av. Deniz Can K\u0131z\u0131l"},"image":{"@id":"https:\/\/denizcankizil.tr\/de\/#\/schema\/logo\/image\/"}},{"@type":"Person","@id":"https:\/\/denizcankizil.tr\/de\/#\/schema\/person\/5dc1b22991bd7ac833867c10afc9b0ff","name":"Av. Deniz Can K\u0131z\u0131l","image":{"@type":"ImageObject","inLanguage":"uk","@id":"https:\/\/denizcankizil.tr\/de\/#\/schema\/person\/image\/","url":"https:\/\/secure.gravatar.com\/avatar\/a0b128fb9855c79efc976d5640eedb31dc35ec297594d6016d2cf7c60e975bb6?s=96&d=mm&r=g","contentUrl":"https:\/\/secure.gravatar.com\/avatar\/a0b128fb9855c79efc976d5640eedb31dc35ec297594d6016d2cf7c60e975bb6?s=96&d=mm&r=g","caption":"Av. Deniz Can K\u0131z\u0131l"},"sameAs":["http:\/\/www.denizcankizil.tr"],"url":"https:\/\/denizcankizil.tr\/uk\/author\/denizcankizil\/"}]}},"_links":{"self":[{"href":"https:\/\/denizcankizil.tr\/uk\/wp-json\/wp\/v2\/posts\/146776","targetHints":{"allow":["GET"]}}],"collection":[{"href":"https:\/\/denizcankizil.tr\/uk\/wp-json\/wp\/v2\/posts"}],"about":[{"href":"https:\/\/denizcankizil.tr\/uk\/wp-json\/wp\/v2\/types\/post"}],"author":[{"embeddable":true,"href":"https:\/\/denizcankizil.tr\/uk\/wp-json\/wp\/v2\/users\/4"}],"replies":[{"embeddable":true,"href":"https:\/\/denizcankizil.tr\/uk\/wp-json\/wp\/v2\/comments?post=146776"}],"version-history":[{"count":0,"href":"https:\/\/denizcankizil.tr\/uk\/wp-json\/wp\/v2\/posts\/146776\/revisions"}],"wp:featuredmedia":[{"embeddable":true,"href":"https:\/\/denizcankizil.tr\/uk\/wp-json\/wp\/v2\/media\/146777"}],"wp:attachment":[{"href":"https:\/\/denizcankizil.tr\/uk\/wp-json\/wp\/v2\/media?parent=146776"}],"wp:term":[{"taxonomy":"category","embeddable":true,"href":"https:\/\/denizcankizil.tr\/uk\/wp-json\/wp\/v2\/categories?post=146776"},{"taxonomy":"post_tag","embeddable":true,"href":"https:\/\/denizcankizil.tr\/uk\/wp-json\/wp\/v2\/tags?post=146776"}],"curies":[{"name":"wp","href":"https:\/\/api.w.org\/{rel}","templated":true}]}}