{"id":146011,"date":"2025-07-14T21:41:25","date_gmt":"2025-07-14T18:41:25","guid":{"rendered":"https:\/\/denizcankizil.tr\/uncategorized-tr\/muhittin-bocek-hastaneye-kaldirildi-gecmis-olsun-mesaji-yagdi\/"},"modified":"2025-07-14T21:41:25","modified_gmt":"2025-07-14T18:41:25","slug":"muhittin-bocek-hastaneye-kaldirildi-gecmis-olsun-mesaji-yagdi","status":"publish","type":"post","link":"https:\/\/denizcankizil.tr\/uk\/haberler\/gundem\/muhittin-bocek-hastaneye-kaldirildi-gecmis-olsun-mesaji-yagdi\/","title":{"rendered":"Muhittin B\u00f6cek hastaneye kald\u0131r\u0131ld\u0131, ge\u00e7mi\u015f olsun mesaj\u0131 ya\u011fd\u0131"},"content":{"rendered":"<p>Antalya Cumhuriyet Ba\u015fsavc\u0131l\u0131\u011f\u0131&#8217;n\u0131n y\u00fcr\u00fctt\u00fc\u011f\u00fc &#8216;r\u00fc\u015fvet&#8217; soru\u015fturmas\u0131 kapsam\u0131nda 5 Temmuz&#8217;da g\u00f6zalt\u0131na al\u0131nd\u0131ktan sonra tutuklanan ve ard\u0131ndan B\u00fcy\u00fck\u015fehir Belediye Ba\u015fkanl\u0131\u011f\u0131 g\u00f6revinden ge\u00e7ici olarak uzakla\u015ft\u0131r\u0131lan Muhittin B\u00f6cek, bulundu\u011fu D\u00f6\u015femealt\u0131 L Tipi Ceza \u0130nfaz Kurumu&#8217;nda kalp rahats\u0131zl\u0131\u011f\u0131 ya\u015fad\u0131. Revire ba\u015fvuran Ba\u015fkan B\u00f6cek, ambulansla Antalya \u015eehir Hastanesi&#8217;ne sevk edildi. Burada yap\u0131lan tetkiklerin ard\u0131ndan sa\u011fl\u0131k durumunun iyi oldu\u011fu belirtilen Muhittin B\u00f6cek&#8217;in tekrar cezaevine g\u00f6t\u00fcr\u00fclece\u011fi \u00f6\u011frenildi.<\/p>\n<p>CHP&#8217;DEN ART ARDA GE\u00c7M\u0130\u015e OLSUN VE TAHL\u0130YE MESAJLARI<\/p>\n<p>Muhittin B\u00f6cek&#8217;in hastaneye kald\u0131r\u0131lmas\u0131 haberinin ard\u0131ndan Cumhuriyet Halk Partisi (CHP) mensubu \u00e7ok say\u0131da isimden &#8220;ge\u00e7mi\u015f olsun&#8221; mesajlar\u0131 ve cezaevi ko\u015fullar\u0131na dikkat \u00e7eken a\u00e7\u0131klamalar geldi. Siyasi isimler, B\u00f6cek&#8217;in bir an \u00f6nce serbest b\u0131rak\u0131lmas\u0131 gerekti\u011fini vurgulad\u0131.<\/p>\n<p>CHP Antalya Milletvekili Mustafa Erdem: &#8220;Antalya B\u00fcy\u00fck\u015fehir Belediye Ba\u015fkan\u0131m\u0131z Muhittin B\u00f6cek\u2019in hastaneye kald\u0131r\u0131ld\u0131\u011f\u0131n\u0131 b\u00fcy\u00fck bir kayg\u0131yla \u00f6\u011frendik. Sa\u011fl\u0131k sorunlar\u0131 olan bir belediye ba\u015fkan\u0131n\u0131n, hukuksuz \u015fekilde tutuklu bulunmas\u0131 kabul edilemez. Ba\u015fkan\u0131m\u0131z tutuksuz yarg\u0131lanmak \u00fczere derhal serbest b\u0131rak\u0131lmal\u0131d\u0131r.&#8221;<\/p>\n<p>CHP Adana Milletvekili Orhan S\u00fcmer: &#8220;Muhittin B\u00f6cek ba\u015fkan\u0131m\u0131z kalp rahats\u0131zl\u0131\u011f\u0131 nedeniyle hastaneye kald\u0131r\u0131lm\u0131\u015f. Kendisine b\u00fcy\u00fck ge\u00e7mi\u015f olsun. Ona bu muameleyi reva g\u00f6renlere, onu da tekrar cezaevine g\u00f6nderenlere de yaz\u0131klar olsun!&#8221;<\/p>\n<p>CHP Gaziantep Milletvekili Melih Meri\u00e7: &#8220;Antalya B\u00fcy\u00fck\u015fehir Belediye Ba\u015fkan\u0131m\u0131z Say\u0131n Muhittin B\u00f6cek\u2019in hastaneye kald\u0131r\u0131ld\u0131\u011f\u0131 haberini b\u00fcy\u00fck bir \u00fcz\u00fcnt\u00fc ve endi\u015feyle \u00f6\u011frendim. Kendisine ge\u00e7mi\u015f olsun dileklerimi iletiyorum. Sa\u011fl\u0131k durumunun stabil oldu\u011funa dair gelen bilgiler bir nebze i\u00e7imizi rahatlatsa da, kalp rahats\u0131zl\u0131\u011f\u0131 bulunan bir ki\u015finin cezaevi ko\u015fullar\u0131nda tutulmas\u0131 ciddi bir sa\u011fl\u0131k riski ta\u015f\u0131maktad\u0131r. Bu ko\u015fullar g\u00f6z \u00f6n\u00fcnde bulundurularak Say\u0131n B\u00f6cek\u2019in ya\u015fam hakk\u0131 g\u00f6zetilmeli ve bir an \u00f6nce tahliye edilmesi sa\u011flanmal\u0131d\u0131r.&#8221;<\/p>\n<p>BELED\u0130YE BA\u015eKANLARINDAN DESTEK VE SERBEST BIRAKILMA \u00c7A\u011eRISI<\/p>\n<p>Muhittin B\u00f6cek&#8217;e destek mesajlar\u0131 g\u00f6nderenler aras\u0131nda belediye ba\u015fkanlar\u0131 da yer ald\u0131. Ba\u015fkanlar, B\u00f6cek&#8217;in sa\u011fl\u0131\u011f\u0131n\u0131n yan\u0131 s\u0131ra \u00f6zg\u00fcrl\u00fc\u011f\u00fcne kavu\u015farak g\u00f6revine d\u00f6nme dileklerini dile getirdi.<\/p>\n<p>Konyaalt\u0131 Belediye Ba\u015fkan\u0131 Cem Kotan: &#8220;Tutukluluk s\u00fcrecinde a\u011f\u0131r cezaevi ko\u015fullar\u0131nda bulunan Antalya B\u00fcy\u00fck\u015fehir Belediye Ba\u015fkan\u0131m\u0131z Muhittin B\u00f6cek\u2019e hastaneye kald\u0131r\u0131lmas\u0131 dolay\u0131s\u0131yla ge\u00e7mi\u015f olsun dileklerimi iletiyorum. T\u00fcm toplumumuzun bildi\u011fi \u00fczere Muhittin Ba\u015fkan\u0131m\u0131z\u0131n sa\u011fl\u0131k sorunlar\u0131, a\u011f\u0131r ko\u015fullar\u0131 kald\u0131rmamaktad\u0131r. Hepimizin en b\u00fcy\u00fck dile\u011fi, Ba\u015fkan\u0131m\u0131z\u0131n \u00f6zg\u00fcrl\u00fc\u011f\u00fcne kavu\u015fup sevdas\u0131 olan Antalya\u2019ya ve hem\u015fehrilerine yeniden hizmet etmesidir. Adalete inan\u0131yoruz. Ba\u015fkan\u0131m\u0131z\u0131n yan\u0131nday\u0131z.&#8221;<\/p>\n<p>Alanya Belediye Ba\u015fkan\u0131 Osman Tar\u0131k \u00d6z\u00e7elik: &#8220;Cezaevinde ge\u00e7ici olarak bulundu\u011fu s\u00fcre\u00e7te ya\u015fad\u0131\u011f\u0131 sa\u011fl\u0131k sorunlar\u0131 nedeniyle hastaneye kald\u0131r\u0131ld\u0131\u011f\u0131n\u0131 \u00fcz\u00fcnt\u00fcyle \u00f6\u011frendi\u011fim Antalya B\u00fcy\u00fck\u015fehir Belediye Ba\u015fkan\u0131m\u0131z Say\u0131n Muhittin B\u00f6cek\u2019e ge\u00e7mi\u015f olsun dileklerimi iletiyorum. Sa\u011fl\u0131k durumunun iyi oldu\u011fu bilgisi hepimizi bir nebze rahatlatsa da dile\u011fimiz bir an \u00f6nce \u00f6zg\u00fcrl\u00fc\u011f\u00fcne kavu\u015fmas\u0131 ve halk\u0131m\u0131z\u0131n iradesiyle verilen g\u00f6revine d\u00f6nmesidir. Ge\u00e7mi\u015f olsun Muhittin Ba\u015fkan.&#8221;<\/p>\n<p>Korkuteli Belediye Ba\u015fkan\u0131 Saniye Caran: &#8220;Ba\u015fkan\u0131m\u0131z Muhittin B\u00f6cek\u2019in cezaevinde ya\u015fad\u0131\u011f\u0131 kalp rahats\u0131zl\u0131\u011f\u0131 nedeniyle hastaneye kald\u0131r\u0131ld\u0131\u011f\u0131n\u0131 \u00fcz\u00fcnt\u00fcyle \u00f6\u011frendim. Ge\u00e7mi\u015f olsun dileklerimi iletiyor, acil \u015fifalar diliyorum. Dualar\u0131m\u0131z sizinle Ba\u015fkan\u0131m.&#8221;<\/p>\n<p>Demre Belediye Ba\u015fkan\u0131 Fahri Duran: &#8220;Antalya B\u00fcy\u00fck\u015fehir Belediye Ba\u015fkan\u0131m\u0131z Say\u0131n Muhittin B\u00f6cek\u2019in ya\u015fad\u0131\u011f\u0131 sa\u011fl\u0131k sorununu \u00fcz\u00fcnt\u00fcyle \u00f6\u011frendim. Zor bir s\u00fcrecin i\u00e7inden ge\u00e7erken sa\u011fl\u0131kla ilgili b\u00f6yle bir durum ya\u015famas\u0131 hepimizi derinden etkiledi. Kendisine ge\u00e7mi\u015f olsun dileklerimi iletiyor, bir an \u00f6nce sa\u011fl\u0131\u011f\u0131na kavu\u015fmas\u0131n\u0131 ve yeniden aram\u0131zda olmas\u0131n\u0131 temenni ediyorum.&#8221;<\/p>\n<p>\u200bAntalya B\u00fcy\u00fck\u015fehir Belediye Ba\u015fkan\u0131 Muhittin B\u00f6cek, &#8216;r\u00fc\u015fvet&#8217; soru\u015fturmas\u0131 kapsam\u0131nda tutuklu bulundu\u011fu cezaevinden kalp rahats\u0131zl\u0131\u011f\u0131 \u015fikayeti ile Antalya \u015eehir Hastanesi\u2019ne kald\u0131r\u0131ld\u0131.Yap\u0131lan muayenede B\u00f6cek\u2019in sa\u011fl\u0131k durumunun iyi oldu\u011fu g\u00f6zlenirken, CHP&#8217;li siyasilerden art arda ge\u00e7mi\u015f olsun mesajlar\u0131 ve tahliye \u00e7a\u011fr\u0131lar\u0131 geldi.\u00a0<\/p>\n<p>\u200bHaberin Al\u0131nt\u0131land\u0131\u011f\u0131 Kaynak: www.antalyakorfez.com<\/p>","protected":false},"excerpt":{"rendered":"<p>Antalya Cumhuriyet Ba\u015fsavc\u0131l\u0131\u011f\u0131&#8217;n\u0131n y\u00fcr\u00fctt\u00fc\u011f\u00fc &#8216;r\u00fc\u015fvet&#8217; soru\u015fturmas\u0131 kapsam\u0131nda 5 Temmuz&#8217;da g\u00f6zalt\u0131na al\u0131nd\u0131ktan sonra tutuklanan ve ard\u0131ndan B\u00fcy\u00fck\u015fehir Belediye Ba\u015fkanl\u0131\u011f\u0131 g\u00f6revinden ge\u00e7ici olarak uzakla\u015ft\u0131r\u0131lan Muhittin B\u00f6cek, bulundu\u011fu D\u00f6\u015femealt\u0131 L Tipi Ceza \u0130nfaz Kurumu&#8217;nda kalp rahats\u0131zl\u0131\u011f\u0131 ya\u015fad\u0131. Revire ba\u015fvuran Ba\u015fkan B\u00f6cek, ambulansla Antalya \u015eehir Hastanesi&#8217;ne sevk edildi. Burada yap\u0131lan tetkiklerin ard\u0131ndan sa\u011fl\u0131k durumunun iyi oldu\u011fu belirtilen Muhittin B\u00f6cek&#8217;in tekrar cezaevine g\u00f6t\u00fcr\u00fclece\u011fi \u00f6\u011frenildi. CHP&#8217;DEN ART ARDA GE\u00c7M\u0130\u015e OLSUN VE TAHL\u0130YE MESAJLARI Muhittin B\u00f6cek&#8217;in hastaneye kald\u0131r\u0131lmas\u0131 haberinin ard\u0131ndan Cumhuriyet Halk Partisi (CHP) mensubu \u00e7ok say\u0131da isimden &#8220;ge\u00e7mi\u015f olsun&#8221; mesajlar\u0131 ve cezaevi ko\u015fullar\u0131na dikkat \u00e7eken a\u00e7\u0131klamalar geldi. Siyasi isimler, B\u00f6cek&#8217;in bir an \u00f6nce serbest b\u0131rak\u0131lmas\u0131 gerekti\u011fini vurgulad\u0131. CHP Antalya Milletvekili Mustafa Erdem: &#8220;Antalya B\u00fcy\u00fck\u015fehir Belediye Ba\u015fkan\u0131m\u0131z Muhittin B\u00f6cek\u2019in hastaneye kald\u0131r\u0131ld\u0131\u011f\u0131n\u0131 b\u00fcy\u00fck bir kayg\u0131yla \u00f6\u011frendik. Sa\u011fl\u0131k sorunlar\u0131 olan bir belediye ba\u015fkan\u0131n\u0131n, hukuksuz \u015fekilde tutuklu bulunmas\u0131 kabul edilemez. Ba\u015fkan\u0131m\u0131z tutuksuz yarg\u0131lanmak \u00fczere derhal serbest b\u0131rak\u0131lmal\u0131d\u0131r.&#8221; CHP Adana Milletvekili Orhan S\u00fcmer: &#8220;Muhittin B\u00f6cek ba\u015fkan\u0131m\u0131z kalp rahats\u0131zl\u0131\u011f\u0131 nedeniyle hastaneye kald\u0131r\u0131lm\u0131\u015f. Kendisine b\u00fcy\u00fck ge\u00e7mi\u015f olsun. Ona bu muameleyi reva g\u00f6renlere, onu da tekrar cezaevine g\u00f6nderenlere de yaz\u0131klar olsun!&#8221; CHP Gaziantep Milletvekili Melih Meri\u00e7: &#8220;Antalya B\u00fcy\u00fck\u015fehir Belediye Ba\u015fkan\u0131m\u0131z Say\u0131n Muhittin B\u00f6cek\u2019in hastaneye kald\u0131r\u0131ld\u0131\u011f\u0131 haberini b\u00fcy\u00fck bir \u00fcz\u00fcnt\u00fc ve endi\u015feyle \u00f6\u011frendim. Kendisine ge\u00e7mi\u015f olsun dileklerimi iletiyorum. Sa\u011fl\u0131k durumunun stabil oldu\u011funa dair gelen bilgiler &hellip;<\/p>","protected":false},"author":5,"featured_media":0,"comment_status":"","ping_status":"open","sticky":false,"template":"","format":"standard","meta":{"_acf_changed":false,"footnotes":""},"categories":[24],"tags":[],"class_list":["post-146011","post","type-post","status-publish","format-standard","has-post-thumbnail","hentry","category-gundem"],"acf":[],"yoast_head":"<!-- This site is optimized with the Yoast SEO Premium plugin v26.6 (Yoast SEO v27.1.1) - https:\/\/yoast.com\/product\/yoast-seo-premium-wordpress\/ -->\n<title>Muhittin B\u00f6cek hastaneye kald\u0131r\u0131ld\u0131, ge\u00e7mi\u015f olsun mesaj\u0131 ya\u011fd\u0131 - Av. Deniz Can K\u0131z\u0131l<\/title>\n<meta name=\"robots\" content=\"index, follow, max-snippet:-1, max-image-preview:large, max-video-preview:-1\" \/>\n<link rel=\"canonical\" href=\"https:\/\/denizcankizil.tr\/uk\/haberler\/gundem\/muhittin-bocek-hastaneye-kaldirildi-gecmis-olsun-mesaji-yagdi\/\" \/>\n<meta property=\"og:locale\" content=\"uk_UA\" \/>\n<meta property=\"og:type\" content=\"article\" \/>\n<meta property=\"og:title\" content=\"Muhittin B\u00f6cek hastaneye kald\u0131r\u0131ld\u0131, ge\u00e7mi\u015f olsun mesaj\u0131 ya\u011fd\u0131\" \/>\n<meta property=\"og:description\" content=\"Antalya Cumhuriyet Ba\u015fsavc\u0131l\u0131\u011f\u0131&#8217;n\u0131n y\u00fcr\u00fctt\u00fc\u011f\u00fc &#8216;r\u00fc\u015fvet&#8217; soru\u015fturmas\u0131 kapsam\u0131nda 5 Temmuz&#8217;da g\u00f6zalt\u0131na al\u0131nd\u0131ktan sonra tutuklanan ve ard\u0131ndan B\u00fcy\u00fck\u015fehir Belediye Ba\u015fkanl\u0131\u011f\u0131 g\u00f6revinden ge\u00e7ici olarak uzakla\u015ft\u0131r\u0131lan Muhittin B\u00f6cek, bulundu\u011fu D\u00f6\u015femealt\u0131 L Tipi Ceza \u0130nfaz Kurumu&#8217;nda kalp rahats\u0131zl\u0131\u011f\u0131 ya\u015fad\u0131. Revire ba\u015fvuran Ba\u015fkan B\u00f6cek, ambulansla Antalya \u015eehir Hastanesi&#8217;ne sevk edildi. Burada yap\u0131lan tetkiklerin ard\u0131ndan sa\u011fl\u0131k durumunun iyi oldu\u011fu belirtilen Muhittin B\u00f6cek&#8217;in tekrar cezaevine g\u00f6t\u00fcr\u00fclece\u011fi \u00f6\u011frenildi. CHP&#8217;DEN ART ARDA GE\u00c7M\u0130\u015e OLSUN VE TAHL\u0130YE MESAJLARI Muhittin B\u00f6cek&#8217;in hastaneye kald\u0131r\u0131lmas\u0131 haberinin ard\u0131ndan Cumhuriyet Halk Partisi (CHP) mensubu \u00e7ok say\u0131da isimden &#8220;ge\u00e7mi\u015f olsun&#8221; mesajlar\u0131 ve cezaevi ko\u015fullar\u0131na dikkat \u00e7eken a\u00e7\u0131klamalar geldi. Siyasi isimler, B\u00f6cek&#8217;in bir an \u00f6nce serbest b\u0131rak\u0131lmas\u0131 gerekti\u011fini vurgulad\u0131. CHP Antalya Milletvekili Mustafa Erdem: &#8220;Antalya B\u00fcy\u00fck\u015fehir Belediye Ba\u015fkan\u0131m\u0131z Muhittin B\u00f6cek\u2019in hastaneye kald\u0131r\u0131ld\u0131\u011f\u0131n\u0131 b\u00fcy\u00fck bir kayg\u0131yla \u00f6\u011frendik. Sa\u011fl\u0131k sorunlar\u0131 olan bir belediye ba\u015fkan\u0131n\u0131n, hukuksuz \u015fekilde tutuklu bulunmas\u0131 kabul edilemez. Ba\u015fkan\u0131m\u0131z tutuksuz yarg\u0131lanmak \u00fczere derhal serbest b\u0131rak\u0131lmal\u0131d\u0131r.&#8221; CHP Adana Milletvekili Orhan S\u00fcmer: &#8220;Muhittin B\u00f6cek ba\u015fkan\u0131m\u0131z kalp rahats\u0131zl\u0131\u011f\u0131 nedeniyle hastaneye kald\u0131r\u0131lm\u0131\u015f. Kendisine b\u00fcy\u00fck ge\u00e7mi\u015f olsun. Ona bu muameleyi reva g\u00f6renlere, onu da tekrar cezaevine g\u00f6nderenlere de yaz\u0131klar olsun!&#8221; CHP Gaziantep Milletvekili Melih Meri\u00e7: &#8220;Antalya B\u00fcy\u00fck\u015fehir Belediye Ba\u015fkan\u0131m\u0131z Say\u0131n Muhittin B\u00f6cek\u2019in hastaneye kald\u0131r\u0131ld\u0131\u011f\u0131 haberini b\u00fcy\u00fck bir \u00fcz\u00fcnt\u00fc ve endi\u015feyle \u00f6\u011frendim. Kendisine ge\u00e7mi\u015f olsun dileklerimi iletiyorum. Sa\u011fl\u0131k durumunun stabil oldu\u011funa dair gelen bilgiler &hellip;\" \/>\n<meta property=\"og:url\" content=\"https:\/\/denizcankizil.tr\/uk\/haberler\/gundem\/muhittin-bocek-hastaneye-kaldirildi-gecmis-olsun-mesaji-yagdi\/\" \/>\n<meta property=\"og:site_name\" content=\"Av. Deniz Can K\u0131z\u0131l\" \/>\n<meta property=\"article:published_time\" content=\"2025-07-14T18:41:25+00:00\" \/>\n<meta name=\"author\" content=\"Antalya K\u00f6rfez\" \/>\n<meta name=\"twitter:card\" content=\"summary_large_image\" \/>\n<meta name=\"twitter:label1\" content=\"\u041d\u0430\u043f\u0438\u0441\u0430\u043d\u043e\" \/>\n\t<meta name=\"twitter:data1\" content=\"Antalya K\u00f6rfez\" \/>\n\t<meta name=\"twitter:label2\" content=\"\u041f\u0440\u0438\u0431\u043b. \u0447\u0430\u0441 \u0447\u0438\u0442\u0430\u043d\u043d\u044f\" \/>\n\t<meta name=\"twitter:data2\" content=\"4 \u0445\u0432\u0438\u043b\u0438\u043d\u0438\" \/>\n<script type=\"application\/ld+json\" class=\"yoast-schema-graph\">{\"@context\":\"https:\/\/schema.org\",\"@graph\":[{\"@type\":\"Article\",\"@id\":\"https:\/\/denizcankizil.tr\/uk\/haberler\/gundem\/muhittin-bocek-hastaneye-kaldirildi-gecmis-olsun-mesaji-yagdi\/#article\",\"isPartOf\":{\"@id\":\"https:\/\/denizcankizil.tr\/uk\/haberler\/gundem\/muhittin-bocek-hastaneye-kaldirildi-gecmis-olsun-mesaji-yagdi\/\"},\"author\":{\"name\":\"Antalya K\u00f6rfez\",\"@id\":\"https:\/\/denizcankizil.tr\/#\/schema\/person\/e1eb71bb4dd684d46563f0af307e1234\"},\"headline\":\"Muhittin B\u00f6cek hastaneye kald\u0131r\u0131ld\u0131, ge\u00e7mi\u015f olsun mesaj\u0131 ya\u011fd\u0131\",\"datePublished\":\"2025-07-14T18:41:25+00:00\",\"mainEntityOfPage\":{\"@id\":\"https:\/\/denizcankizil.tr\/uk\/haberler\/gundem\/muhittin-bocek-hastaneye-kaldirildi-gecmis-olsun-mesaji-yagdi\/\"},\"wordCount\":831,\"publisher\":{\"@id\":\"https:\/\/denizcankizil.tr\/#organization\"},\"articleSection\":[\"G\u00fcndem\"],\"inLanguage\":\"uk\"},{\"@type\":\"WebPage\",\"@id\":\"https:\/\/denizcankizil.tr\/uk\/haberler\/gundem\/muhittin-bocek-hastaneye-kaldirildi-gecmis-olsun-mesaji-yagdi\/\",\"url\":\"https:\/\/denizcankizil.tr\/uk\/haberler\/gundem\/muhittin-bocek-hastaneye-kaldirildi-gecmis-olsun-mesaji-yagdi\/\",\"name\":\"Muhittin B\u00f6cek hastaneye kald\u0131r\u0131ld\u0131, ge\u00e7mi\u015f olsun mesaj\u0131 ya\u011fd\u0131 - Av. Deniz Can K\u0131z\u0131l\",\"isPartOf\":{\"@id\":\"https:\/\/denizcankizil.tr\/#website\"},\"datePublished\":\"2025-07-14T18:41:25+00:00\",\"breadcrumb\":{\"@id\":\"https:\/\/denizcankizil.tr\/uk\/haberler\/gundem\/muhittin-bocek-hastaneye-kaldirildi-gecmis-olsun-mesaji-yagdi\/#breadcrumb\"},\"inLanguage\":\"uk\",\"potentialAction\":[{\"@type\":\"ReadAction\",\"target\":[\"https:\/\/denizcankizil.tr\/uk\/haberler\/gundem\/muhittin-bocek-hastaneye-kaldirildi-gecmis-olsun-mesaji-yagdi\/\"]}]},{\"@type\":\"BreadcrumbList\",\"@id\":\"https:\/\/denizcankizil.tr\/uk\/haberler\/gundem\/muhittin-bocek-hastaneye-kaldirildi-gecmis-olsun-mesaji-yagdi\/#breadcrumb\",\"itemListElement\":[{\"@type\":\"ListItem\",\"position\":1,\"name\":\"Home\",\"item\":\"https:\/\/denizcankizil.tr\/de\/\"},{\"@type\":\"ListItem\",\"position\":2,\"name\":\"Muhittin B\u00f6cek hastaneye kald\u0131r\u0131ld\u0131, ge\u00e7mi\u015f olsun mesaj\u0131 ya\u011fd\u0131\"}]},{\"@type\":\"WebSite\",\"@id\":\"https:\/\/denizcankizil.tr\/#website\",\"url\":\"https:\/\/denizcankizil.tr\/\",\"name\":\"Av. Deniz Can K\u0131z\u0131l\",\"description\":\"Avukat Deniz Can K\u0131z\u0131l Antalya Barosu\",\"publisher\":{\"@id\":\"https:\/\/denizcankizil.tr\/#organization\"},\"potentialAction\":[{\"@type\":\"SearchAction\",\"target\":{\"@type\":\"EntryPoint\",\"urlTemplate\":\"https:\/\/denizcankizil.tr\/?s={search_term_string}\"},\"query-input\":{\"@type\":\"PropertyValueSpecification\",\"valueRequired\":true,\"valueName\":\"search_term_string\"}}],\"inLanguage\":\"uk\"},{\"@type\":\"Organization\",\"@id\":\"https:\/\/denizcankizil.tr\/#organization\",\"name\":\"Av. Deniz Can K\u0131z\u0131l\",\"url\":\"https:\/\/denizcankizil.tr\/\",\"logo\":{\"@type\":\"ImageObject\",\"inLanguage\":\"uk\",\"@id\":\"https:\/\/denizcankizil.tr\/#\/schema\/logo\/image\/\",\"url\":\"https:\/\/denizcankizil.tr\/wp-content\/uploads\/2024\/10\/siyah-logo-svg.svg\",\"contentUrl\":\"https:\/\/denizcankizil.tr\/wp-content\/uploads\/2024\/10\/siyah-logo-svg.svg\",\"width\":1080,\"height\":1080,\"caption\":\"Av. Deniz Can K\u0131z\u0131l\"},\"image\":{\"@id\":\"https:\/\/denizcankizil.tr\/#\/schema\/logo\/image\/\"}},{\"@type\":\"Person\",\"@id\":\"https:\/\/denizcankizil.tr\/#\/schema\/person\/e1eb71bb4dd684d46563f0af307e1234\",\"name\":\"Antalya K\u00f6rfez\",\"image\":{\"@type\":\"ImageObject\",\"inLanguage\":\"uk\",\"@id\":\"https:\/\/denizcankizil.tr\/#\/schema\/person\/image\/\",\"url\":\"https:\/\/secure.gravatar.com\/avatar\/42b01982558a48a0b501fdcab6a408d3717ea5919095ee2e67b0e521799c5905?s=96&d=mm&r=g\",\"contentUrl\":\"https:\/\/secure.gravatar.com\/avatar\/42b01982558a48a0b501fdcab6a408d3717ea5919095ee2e67b0e521799c5905?s=96&d=mm&r=g\",\"caption\":\"Antalya K\u00f6rfez\"},\"sameAs\":[\"http:\/\/www.antalyakorfez.com\"],\"url\":\"https:\/\/www.antalyakorfez.com\/muhittin-bocek-hastaneye-kaldirildi-gecmis-olsun-mesaji-yagdi\"}]}<\/script>\n<!-- \/ Yoast SEO Premium plugin. -->","yoast_head_json":{"title":"Muhittin B\u00f6cek hastaneye kald\u0131r\u0131ld\u0131, ge\u00e7mi\u015f olsun mesaj\u0131 ya\u011fd\u0131 - Av. Deniz Can K\u0131z\u0131l","robots":{"index":"index","follow":"follow","max-snippet":"max-snippet:-1","max-image-preview":"max-image-preview:large","max-video-preview":"max-video-preview:-1"},"canonical":"https:\/\/denizcankizil.tr\/uk\/haberler\/gundem\/muhittin-bocek-hastaneye-kaldirildi-gecmis-olsun-mesaji-yagdi\/","og_locale":"uk_UA","og_type":"article","og_title":"Muhittin B\u00f6cek hastaneye kald\u0131r\u0131ld\u0131, ge\u00e7mi\u015f olsun mesaj\u0131 ya\u011fd\u0131","og_description":"Antalya Cumhuriyet Ba\u015fsavc\u0131l\u0131\u011f\u0131&#8217;n\u0131n y\u00fcr\u00fctt\u00fc\u011f\u00fc &#8216;r\u00fc\u015fvet&#8217; soru\u015fturmas\u0131 kapsam\u0131nda 5 Temmuz&#8217;da g\u00f6zalt\u0131na al\u0131nd\u0131ktan sonra tutuklanan ve ard\u0131ndan B\u00fcy\u00fck\u015fehir Belediye Ba\u015fkanl\u0131\u011f\u0131 g\u00f6revinden ge\u00e7ici olarak uzakla\u015ft\u0131r\u0131lan Muhittin B\u00f6cek, bulundu\u011fu D\u00f6\u015femealt\u0131 L Tipi Ceza \u0130nfaz Kurumu&#8217;nda kalp rahats\u0131zl\u0131\u011f\u0131 ya\u015fad\u0131. Revire ba\u015fvuran Ba\u015fkan B\u00f6cek, ambulansla Antalya \u015eehir Hastanesi&#8217;ne sevk edildi. Burada yap\u0131lan tetkiklerin ard\u0131ndan sa\u011fl\u0131k durumunun iyi oldu\u011fu belirtilen Muhittin B\u00f6cek&#8217;in tekrar cezaevine g\u00f6t\u00fcr\u00fclece\u011fi \u00f6\u011frenildi. CHP&#8217;DEN ART ARDA GE\u00c7M\u0130\u015e OLSUN VE TAHL\u0130YE MESAJLARI Muhittin B\u00f6cek&#8217;in hastaneye kald\u0131r\u0131lmas\u0131 haberinin ard\u0131ndan Cumhuriyet Halk Partisi (CHP) mensubu \u00e7ok say\u0131da isimden &#8220;ge\u00e7mi\u015f olsun&#8221; mesajlar\u0131 ve cezaevi ko\u015fullar\u0131na dikkat \u00e7eken a\u00e7\u0131klamalar geldi. Siyasi isimler, B\u00f6cek&#8217;in bir an \u00f6nce serbest b\u0131rak\u0131lmas\u0131 gerekti\u011fini vurgulad\u0131. CHP Antalya Milletvekili Mustafa Erdem: &#8220;Antalya B\u00fcy\u00fck\u015fehir Belediye Ba\u015fkan\u0131m\u0131z Muhittin B\u00f6cek\u2019in hastaneye kald\u0131r\u0131ld\u0131\u011f\u0131n\u0131 b\u00fcy\u00fck bir kayg\u0131yla \u00f6\u011frendik. Sa\u011fl\u0131k sorunlar\u0131 olan bir belediye ba\u015fkan\u0131n\u0131n, hukuksuz \u015fekilde tutuklu bulunmas\u0131 kabul edilemez. Ba\u015fkan\u0131m\u0131z tutuksuz yarg\u0131lanmak \u00fczere derhal serbest b\u0131rak\u0131lmal\u0131d\u0131r.&#8221; CHP Adana Milletvekili Orhan S\u00fcmer: &#8220;Muhittin B\u00f6cek ba\u015fkan\u0131m\u0131z kalp rahats\u0131zl\u0131\u011f\u0131 nedeniyle hastaneye kald\u0131r\u0131lm\u0131\u015f. Kendisine b\u00fcy\u00fck ge\u00e7mi\u015f olsun. Ona bu muameleyi reva g\u00f6renlere, onu da tekrar cezaevine g\u00f6nderenlere de yaz\u0131klar olsun!&#8221; CHP Gaziantep Milletvekili Melih Meri\u00e7: &#8220;Antalya B\u00fcy\u00fck\u015fehir Belediye Ba\u015fkan\u0131m\u0131z Say\u0131n Muhittin B\u00f6cek\u2019in hastaneye kald\u0131r\u0131ld\u0131\u011f\u0131 haberini b\u00fcy\u00fck bir \u00fcz\u00fcnt\u00fc ve endi\u015feyle \u00f6\u011frendim. Kendisine ge\u00e7mi\u015f olsun dileklerimi iletiyorum. Sa\u011fl\u0131k durumunun stabil oldu\u011funa dair gelen bilgiler &hellip;","og_url":"https:\/\/denizcankizil.tr\/uk\/haberler\/gundem\/muhittin-bocek-hastaneye-kaldirildi-gecmis-olsun-mesaji-yagdi\/","og_site_name":"Av. Deniz Can K\u0131z\u0131l","article_published_time":"2025-07-14T18:41:25+00:00","author":"Antalya K\u00f6rfez","twitter_card":"summary_large_image","twitter_misc":{"\u041d\u0430\u043f\u0438\u0441\u0430\u043d\u043e":"Antalya K\u00f6rfez","\u041f\u0440\u0438\u0431\u043b. \u0447\u0430\u0441 \u0447\u0438\u0442\u0430\u043d\u043d\u044f":"4 \u0445\u0432\u0438\u043b\u0438\u043d\u0438"},"schema":{"@context":"https:\/\/schema.org","@graph":[{"@type":"Article","@id":"https:\/\/denizcankizil.tr\/uk\/haberler\/gundem\/muhittin-bocek-hastaneye-kaldirildi-gecmis-olsun-mesaji-yagdi\/#article","isPartOf":{"@id":"https:\/\/denizcankizil.tr\/uk\/haberler\/gundem\/muhittin-bocek-hastaneye-kaldirildi-gecmis-olsun-mesaji-yagdi\/"},"author":{"name":"Antalya K\u00f6rfez","@id":"https:\/\/denizcankizil.tr\/#\/schema\/person\/e1eb71bb4dd684d46563f0af307e1234"},"headline":"Muhittin B\u00f6cek hastaneye kald\u0131r\u0131ld\u0131, ge\u00e7mi\u015f olsun mesaj\u0131 ya\u011fd\u0131","datePublished":"2025-07-14T18:41:25+00:00","mainEntityOfPage":{"@id":"https:\/\/denizcankizil.tr\/uk\/haberler\/gundem\/muhittin-bocek-hastaneye-kaldirildi-gecmis-olsun-mesaji-yagdi\/"},"wordCount":831,"publisher":{"@id":"https:\/\/denizcankizil.tr\/#organization"},"articleSection":["G\u00fcndem"],"inLanguage":"uk"},{"@type":"WebPage","@id":"https:\/\/denizcankizil.tr\/uk\/haberler\/gundem\/muhittin-bocek-hastaneye-kaldirildi-gecmis-olsun-mesaji-yagdi\/","url":"https:\/\/denizcankizil.tr\/uk\/haberler\/gundem\/muhittin-bocek-hastaneye-kaldirildi-gecmis-olsun-mesaji-yagdi\/","name":"Muhittin B\u00f6cek hastaneye kald\u0131r\u0131ld\u0131, ge\u00e7mi\u015f olsun mesaj\u0131 ya\u011fd\u0131 - Av. Deniz Can K\u0131z\u0131l","isPartOf":{"@id":"https:\/\/denizcankizil.tr\/#website"},"datePublished":"2025-07-14T18:41:25+00:00","breadcrumb":{"@id":"https:\/\/denizcankizil.tr\/uk\/haberler\/gundem\/muhittin-bocek-hastaneye-kaldirildi-gecmis-olsun-mesaji-yagdi\/#breadcrumb"},"inLanguage":"uk","potentialAction":[{"@type":"ReadAction","target":["https:\/\/denizcankizil.tr\/uk\/haberler\/gundem\/muhittin-bocek-hastaneye-kaldirildi-gecmis-olsun-mesaji-yagdi\/"]}]},{"@type":"BreadcrumbList","@id":"https:\/\/denizcankizil.tr\/uk\/haberler\/gundem\/muhittin-bocek-hastaneye-kaldirildi-gecmis-olsun-mesaji-yagdi\/#breadcrumb","itemListElement":[{"@type":"ListItem","position":1,"name":"Home","item":"https:\/\/denizcankizil.tr\/de\/"},{"@type":"ListItem","position":2,"name":"Muhittin B\u00f6cek hastaneye kald\u0131r\u0131ld\u0131, ge\u00e7mi\u015f olsun mesaj\u0131 ya\u011fd\u0131"}]},{"@type":"WebSite","@id":"https:\/\/denizcankizil.tr\/#website","url":"https:\/\/denizcankizil.tr\/","name":"Av. Deniz Can K\u0131z\u0131l","description":"Avukat Deniz Can K\u0131z\u0131l Antalya Barosu","publisher":{"@id":"https:\/\/denizcankizil.tr\/#organization"},"potentialAction":[{"@type":"SearchAction","target":{"@type":"EntryPoint","urlTemplate":"https:\/\/denizcankizil.tr\/?s={search_term_string}"},"query-input":{"@type":"PropertyValueSpecification","valueRequired":true,"valueName":"search_term_string"}}],"inLanguage":"uk"},{"@type":"Organization","@id":"https:\/\/denizcankizil.tr\/#organization","name":"Av. Deniz Can K\u0131z\u0131l","url":"https:\/\/denizcankizil.tr\/","logo":{"@type":"ImageObject","inLanguage":"uk","@id":"https:\/\/denizcankizil.tr\/#\/schema\/logo\/image\/","url":"https:\/\/denizcankizil.tr\/wp-content\/uploads\/2024\/10\/siyah-logo-svg.svg","contentUrl":"https:\/\/denizcankizil.tr\/wp-content\/uploads\/2024\/10\/siyah-logo-svg.svg","width":1080,"height":1080,"caption":"Av. Deniz Can K\u0131z\u0131l"},"image":{"@id":"https:\/\/denizcankizil.tr\/#\/schema\/logo\/image\/"}},{"@type":"Person","@id":"https:\/\/denizcankizil.tr\/#\/schema\/person\/e1eb71bb4dd684d46563f0af307e1234","name":"Antalya K\u00f6rfez","image":{"@type":"ImageObject","inLanguage":"uk","@id":"https:\/\/denizcankizil.tr\/#\/schema\/person\/image\/","url":"https:\/\/secure.gravatar.com\/avatar\/42b01982558a48a0b501fdcab6a408d3717ea5919095ee2e67b0e521799c5905?s=96&d=mm&r=g","contentUrl":"https:\/\/secure.gravatar.com\/avatar\/42b01982558a48a0b501fdcab6a408d3717ea5919095ee2e67b0e521799c5905?s=96&d=mm&r=g","caption":"Antalya K\u00f6rfez"},"sameAs":["http:\/\/www.antalyakorfez.com"],"url":"https:\/\/www.antalyakorfez.com\/muhittin-bocek-hastaneye-kaldirildi-gecmis-olsun-mesaji-yagdi"}]}},"_links":{"self":[{"href":"https:\/\/denizcankizil.tr\/uk\/wp-json\/wp\/v2\/posts\/146011","targetHints":{"allow":["GET"]}}],"collection":[{"href":"https:\/\/denizcankizil.tr\/uk\/wp-json\/wp\/v2\/posts"}],"about":[{"href":"https:\/\/denizcankizil.tr\/uk\/wp-json\/wp\/v2\/types\/post"}],"author":[{"embeddable":true,"href":"https:\/\/denizcankizil.tr\/uk\/wp-json\/wp\/v2\/users\/5"}],"replies":[{"embeddable":true,"href":"https:\/\/denizcankizil.tr\/uk\/wp-json\/wp\/v2\/comments?post=146011"}],"version-history":[{"count":0,"href":"https:\/\/denizcankizil.tr\/uk\/wp-json\/wp\/v2\/posts\/146011\/revisions"}],"wp:attachment":[{"href":"https:\/\/denizcankizil.tr\/uk\/wp-json\/wp\/v2\/media?parent=146011"}],"wp:term":[{"taxonomy":"category","embeddable":true,"href":"https:\/\/denizcankizil.tr\/uk\/wp-json\/wp\/v2\/categories?post=146011"},{"taxonomy":"post_tag","embeddable":true,"href":"https:\/\/denizcankizil.tr\/uk\/wp-json\/wp\/v2\/tags?post=146011"}],"curies":[{"name":"wp","href":"https:\/\/api.w.org\/{rel}","templated":true}]}}