{"id":145835,"date":"2025-07-14T17:41:16","date_gmt":"2025-07-14T14:41:16","guid":{"rendered":"https:\/\/denizcankizil.tr\/uncategorized-tr\/antalyadan-lgsde-36-ogrenci-turkiye-birincisi-oldu\/"},"modified":"2025-07-14T17:41:16","modified_gmt":"2025-07-14T14:41:16","slug":"antalyadan-lgsde-36-ogrenci-turkiye-birincisi-oldu","status":"publish","type":"post","link":"https:\/\/denizcankizil.tr\/uk\/haberler\/antalya\/antalyadan-lgsde-36-ogrenci-turkiye-birincisi-oldu\/","title":{"rendered":"Antalya\u2019dan LGS\u2019de 36 \u00d6\u011frenci T\u00fcrkiye Birincisi Oldu"},"content":{"rendered":"<p>T\u00fcrkiye genelinde ger\u00e7ekle\u015ftirilen 2025 Liselere Ge\u00e7i\u015f Sistemi (LGS) s\u0131nav\u0131nda, Antalya\u2019dan 36 \u00f6\u011frenci t\u00fcm sorular\u0131 do\u011fru yan\u0131tlayarak 500 tam puanla T\u00fcrkiye birincisi oldu.<br \/>\nYakla\u015f\u0131k 31 bin \u00f6\u011frencinin kat\u0131ld\u0131\u011f\u0131 s\u0131navda Antalya, g\u00f6sterdi\u011fi ba\u015far\u0131yla dikkat \u00e7ekti. T\u00fcm sorular\u0131 eksiksiz yan\u0131tlayan 36 \u00f6\u011frenci, hem kendi emeklerinin hem de e\u011fitim camias\u0131n\u0131n \u00f6zverili \u00e7al\u0131\u015fmalar\u0131n\u0131n gurur tablosu oldu.<br \/>\nAntalya \u0130l Mill\u00ee E\u011fitim M\u00fcd\u00fcr\u00fc Mehmet Yasin Eri\u015f, elde edilen bu ba\u015far\u0131dan dolay\u0131 \u00f6\u011frencileri, ailelerini ve eme\u011fi ge\u00e7en t\u00fcm e\u011fitim kadrosunu tebrik etti. M\u00fcd\u00fcr Eri\u015f, &#8220;Bu gurur hepimizin. \u00d6\u011frencilerimizin g\u00f6sterdi\u011fi \u00fcst\u00fcn gayret ve disiplinin sonucunu g\u00f6rmek mutluluk verici. Mill\u00ee E\u011fitim camias\u0131 olarak, tercih s\u00fcrecinde t\u00fcm \u00f6\u011frencilerimize ve velilerimize rehberlik edecek tercih dan\u0131\u015fmanl\u0131\u011f\u0131 hizmetimizi s\u00fcrd\u00fcr\u00fcyoruz&#8221; dedi.<\/p>\n<p>Kaynak: www.kanalv.com.tr Haber Sitesinden Al\u0131nm\u0131\u015ft\u0131r.<\/p>","protected":false},"excerpt":{"rendered":"<p>T\u00fcrkiye genelinde ger\u00e7ekle\u015ftirilen 2025 Liselere Ge\u00e7i\u015f Sistemi (LGS) s\u0131nav\u0131nda, Antalya\u2019dan 36 \u00f6\u011frenci t\u00fcm sorular\u0131 do\u011fru yan\u0131tlayarak 500 tam puanla T\u00fcrkiye birincisi oldu. Yakla\u015f\u0131k 31 bin \u00f6\u011frencinin kat\u0131ld\u0131\u011f\u0131 s\u0131navda Antalya, g\u00f6sterdi\u011fi ba\u015far\u0131yla dikkat \u00e7ekti. T\u00fcm sorular\u0131 eksiksiz yan\u0131tlayan 36 \u00f6\u011frenci, hem kendi emeklerinin hem de e\u011fitim camias\u0131n\u0131n \u00f6zverili \u00e7al\u0131\u015fmalar\u0131n\u0131n gurur tablosu oldu. Antalya \u0130l Mill\u00ee E\u011fitim M\u00fcd\u00fcr\u00fc Mehmet Yasin Eri\u015f, elde edilen bu ba\u015far\u0131dan dolay\u0131 \u00f6\u011frencileri, ailelerini ve eme\u011fi ge\u00e7en t\u00fcm e\u011fitim kadrosunu tebrik etti. M\u00fcd\u00fcr Eri\u015f, &#8220;Bu gurur hepimizin. \u00d6\u011frencilerimizin g\u00f6sterdi\u011fi \u00fcst\u00fcn gayret ve disiplinin sonucunu g\u00f6rmek mutluluk verici. Mill\u00ee E\u011fitim camias\u0131 olarak, tercih s\u00fcrecinde t\u00fcm \u00f6\u011frencilerimize ve velilerimize rehberlik edecek tercih dan\u0131\u015fmanl\u0131\u011f\u0131 hizmetimizi s\u00fcrd\u00fcr\u00fcyoruz&#8221; dedi. Kaynak: www.kanalv.com.tr Haber Sitesinden Al\u0131nm\u0131\u015ft\u0131r.<\/p>","protected":false},"author":4,"featured_media":0,"comment_status":"","ping_status":"open","sticky":false,"template":"","format":"standard","meta":{"_acf_changed":false,"footnotes":""},"categories":[26],"tags":[],"class_list":["post-145835","post","type-post","status-publish","format-standard","hentry","category-antalya"],"acf":[],"yoast_head":"<!-- This site is optimized with the Yoast SEO Premium plugin v26.6 (Yoast SEO v27.1.1) - https:\/\/yoast.com\/product\/yoast-seo-premium-wordpress\/ -->\n<title>Antalya\u2019dan LGS\u2019de 36 \u00d6\u011frenci T\u00fcrkiye Birincisi Oldu - Av. Deniz Can K\u0131z\u0131l<\/title>\n<meta name=\"robots\" content=\"index, follow, max-snippet:-1, max-image-preview:large, max-video-preview:-1\" \/>\n<link rel=\"canonical\" href=\"https:\/\/denizcankizil.tr\/uk\/haberler\/antalya\/antalyadan-lgsde-36-ogrenci-turkiye-birincisi-oldu\/\" \/>\n<meta property=\"og:locale\" content=\"uk_UA\" \/>\n<meta property=\"og:type\" content=\"article\" \/>\n<meta property=\"og:title\" content=\"Antalya\u2019dan LGS\u2019de 36 \u00d6\u011frenci T\u00fcrkiye Birincisi Oldu\" \/>\n<meta property=\"og:description\" content=\"T\u00fcrkiye genelinde ger\u00e7ekle\u015ftirilen 2025 Liselere Ge\u00e7i\u015f Sistemi (LGS) s\u0131nav\u0131nda, Antalya\u2019dan 36 \u00f6\u011frenci t\u00fcm sorular\u0131 do\u011fru yan\u0131tlayarak 500 tam puanla T\u00fcrkiye birincisi oldu. Yakla\u015f\u0131k 31 bin \u00f6\u011frencinin kat\u0131ld\u0131\u011f\u0131 s\u0131navda Antalya, g\u00f6sterdi\u011fi ba\u015far\u0131yla dikkat \u00e7ekti. T\u00fcm sorular\u0131 eksiksiz yan\u0131tlayan 36 \u00f6\u011frenci, hem kendi emeklerinin hem de e\u011fitim camias\u0131n\u0131n \u00f6zverili \u00e7al\u0131\u015fmalar\u0131n\u0131n gurur tablosu oldu. Antalya \u0130l Mill\u00ee E\u011fitim M\u00fcd\u00fcr\u00fc Mehmet Yasin Eri\u015f, elde edilen bu ba\u015far\u0131dan dolay\u0131 \u00f6\u011frencileri, ailelerini ve eme\u011fi ge\u00e7en t\u00fcm e\u011fitim kadrosunu tebrik etti. M\u00fcd\u00fcr Eri\u015f, &#8220;Bu gurur hepimizin. \u00d6\u011frencilerimizin g\u00f6sterdi\u011fi \u00fcst\u00fcn gayret ve disiplinin sonucunu g\u00f6rmek mutluluk verici. Mill\u00ee E\u011fitim camias\u0131 olarak, tercih s\u00fcrecinde t\u00fcm \u00f6\u011frencilerimize ve velilerimize rehberlik edecek tercih dan\u0131\u015fmanl\u0131\u011f\u0131 hizmetimizi s\u00fcrd\u00fcr\u00fcyoruz&#8221; dedi. Kaynak: www.kanalv.com.tr Haber Sitesinden Al\u0131nm\u0131\u015ft\u0131r.\" \/>\n<meta property=\"og:url\" content=\"https:\/\/denizcankizil.tr\/uk\/haberler\/antalya\/antalyadan-lgsde-36-ogrenci-turkiye-birincisi-oldu\/\" \/>\n<meta property=\"og:site_name\" content=\"Av. Deniz Can K\u0131z\u0131l\" \/>\n<meta property=\"article:published_time\" content=\"2025-07-14T14:41:16+00:00\" \/>\n<meta name=\"author\" content=\"Av. Deniz Can K\u0131z\u0131l\" \/>\n<meta name=\"twitter:card\" content=\"summary_large_image\" \/>\n<meta name=\"twitter:label1\" content=\"\u041d\u0430\u043f\u0438\u0441\u0430\u043d\u043e\" \/>\n\t<meta name=\"twitter:data1\" content=\"Av. Deniz Can K\u0131z\u0131l\" \/>\n\t<meta name=\"twitter:label2\" content=\"\u041f\u0440\u0438\u0431\u043b. \u0447\u0430\u0441 \u0447\u0438\u0442\u0430\u043d\u043d\u044f\" \/>\n\t<meta name=\"twitter:data2\" content=\"1 \u0445\u0432\u0438\u043b\u0438\u043d\u0430\" \/>\n<script type=\"application\/ld+json\" class=\"yoast-schema-graph\">{\"@context\":\"https:\/\/schema.org\",\"@graph\":[{\"@type\":\"Article\",\"@id\":\"https:\/\/denizcankizil.tr\/uk\/haberler\/antalya\/antalyadan-lgsde-36-ogrenci-turkiye-birincisi-oldu\/#article\",\"isPartOf\":{\"@id\":\"https:\/\/denizcankizil.tr\/uk\/haberler\/antalya\/antalyadan-lgsde-36-ogrenci-turkiye-birincisi-oldu\/\"},\"author\":{\"name\":\"Av. Deniz Can K\u0131z\u0131l\",\"@id\":\"https:\/\/denizcankizil.tr\/de\/#\/schema\/person\/5dc1b22991bd7ac833867c10afc9b0ff\"},\"headline\":\"Antalya\u2019dan LGS\u2019de 36 \u00d6\u011frenci T\u00fcrkiye Birincisi Oldu\",\"datePublished\":\"2025-07-14T14:41:16+00:00\",\"mainEntityOfPage\":{\"@id\":\"https:\/\/denizcankizil.tr\/uk\/haberler\/antalya\/antalyadan-lgsde-36-ogrenci-turkiye-birincisi-oldu\/\"},\"wordCount\":169,\"publisher\":{\"@id\":\"https:\/\/denizcankizil.tr\/de\/#organization\"},\"articleSection\":[\"Antalya\"],\"inLanguage\":\"uk\"},{\"@type\":\"WebPage\",\"@id\":\"https:\/\/denizcankizil.tr\/uk\/haberler\/antalya\/antalyadan-lgsde-36-ogrenci-turkiye-birincisi-oldu\/\",\"url\":\"https:\/\/denizcankizil.tr\/uk\/haberler\/antalya\/antalyadan-lgsde-36-ogrenci-turkiye-birincisi-oldu\/\",\"name\":\"Antalya\u2019dan LGS\u2019de 36 \u00d6\u011frenci T\u00fcrkiye Birincisi Oldu - Av. Deniz Can K\u0131z\u0131l\",\"isPartOf\":{\"@id\":\"https:\/\/denizcankizil.tr\/de\/#website\"},\"datePublished\":\"2025-07-14T14:41:16+00:00\",\"breadcrumb\":{\"@id\":\"https:\/\/denizcankizil.tr\/uk\/haberler\/antalya\/antalyadan-lgsde-36-ogrenci-turkiye-birincisi-oldu\/#breadcrumb\"},\"inLanguage\":\"uk\",\"potentialAction\":[{\"@type\":\"ReadAction\",\"target\":[\"https:\/\/denizcankizil.tr\/uk\/haberler\/antalya\/antalyadan-lgsde-36-ogrenci-turkiye-birincisi-oldu\/\"]}]},{\"@type\":\"BreadcrumbList\",\"@id\":\"https:\/\/denizcankizil.tr\/uk\/haberler\/antalya\/antalyadan-lgsde-36-ogrenci-turkiye-birincisi-oldu\/#breadcrumb\",\"itemListElement\":[{\"@type\":\"ListItem\",\"position\":1,\"name\":\"Home\",\"item\":\"https:\/\/denizcankizil.tr\/de\/\"},{\"@type\":\"ListItem\",\"position\":2,\"name\":\"Antalya\u2019dan LGS\u2019de 36 \u00d6\u011frenci T\u00fcrkiye Birincisi Oldu\"}]},{\"@type\":\"WebSite\",\"@id\":\"https:\/\/denizcankizil.tr\/de\/#website\",\"url\":\"https:\/\/denizcankizil.tr\/de\/\",\"name\":\"Av. Deniz Can K\u0131z\u0131l\",\"description\":\"Avukat Deniz Can K\u0131z\u0131l Antalya Barosu\",\"publisher\":{\"@id\":\"https:\/\/denizcankizil.tr\/de\/#organization\"},\"potentialAction\":[{\"@type\":\"SearchAction\",\"target\":{\"@type\":\"EntryPoint\",\"urlTemplate\":\"https:\/\/denizcankizil.tr\/de\/?s={search_term_string}\"},\"query-input\":{\"@type\":\"PropertyValueSpecification\",\"valueRequired\":true,\"valueName\":\"search_term_string\"}}],\"inLanguage\":\"uk\"},{\"@type\":\"Organization\",\"@id\":\"https:\/\/denizcankizil.tr\/de\/#organization\",\"name\":\"Av. Deniz Can K\u0131z\u0131l\",\"url\":\"https:\/\/denizcankizil.tr\/de\/\",\"logo\":{\"@type\":\"ImageObject\",\"inLanguage\":\"uk\",\"@id\":\"https:\/\/denizcankizil.tr\/de\/#\/schema\/logo\/image\/\",\"url\":\"https:\/\/denizcankizil.tr\/wp-content\/uploads\/2024\/10\/siyah-logo-svg.svg\",\"contentUrl\":\"https:\/\/denizcankizil.tr\/wp-content\/uploads\/2024\/10\/siyah-logo-svg.svg\",\"width\":1080,\"height\":1080,\"caption\":\"Av. Deniz Can K\u0131z\u0131l\"},\"image\":{\"@id\":\"https:\/\/denizcankizil.tr\/de\/#\/schema\/logo\/image\/\"}},{\"@type\":\"Person\",\"@id\":\"https:\/\/denizcankizil.tr\/de\/#\/schema\/person\/5dc1b22991bd7ac833867c10afc9b0ff\",\"name\":\"Av. Deniz Can K\u0131z\u0131l\",\"image\":{\"@type\":\"ImageObject\",\"inLanguage\":\"uk\",\"@id\":\"https:\/\/denizcankizil.tr\/de\/#\/schema\/person\/image\/\",\"url\":\"https:\/\/secure.gravatar.com\/avatar\/a0b128fb9855c79efc976d5640eedb31dc35ec297594d6016d2cf7c60e975bb6?s=96&d=mm&r=g\",\"contentUrl\":\"https:\/\/secure.gravatar.com\/avatar\/a0b128fb9855c79efc976d5640eedb31dc35ec297594d6016d2cf7c60e975bb6?s=96&d=mm&r=g\",\"caption\":\"Av. Deniz Can K\u0131z\u0131l\"},\"sameAs\":[\"http:\/\/www.denizcankizil.tr\"],\"url\":\"https:\/\/denizcankizil.tr\/uk\/author\/denizcankizil\/\"}]}<\/script>\n<!-- \/ Yoast SEO Premium plugin. -->","yoast_head_json":{"title":"Antalya\u2019dan LGS\u2019de 36 \u00d6\u011frenci T\u00fcrkiye Birincisi Oldu - Av. Deniz Can K\u0131z\u0131l","robots":{"index":"index","follow":"follow","max-snippet":"max-snippet:-1","max-image-preview":"max-image-preview:large","max-video-preview":"max-video-preview:-1"},"canonical":"https:\/\/denizcankizil.tr\/uk\/haberler\/antalya\/antalyadan-lgsde-36-ogrenci-turkiye-birincisi-oldu\/","og_locale":"uk_UA","og_type":"article","og_title":"Antalya\u2019dan LGS\u2019de 36 \u00d6\u011frenci T\u00fcrkiye Birincisi Oldu","og_description":"T\u00fcrkiye genelinde ger\u00e7ekle\u015ftirilen 2025 Liselere Ge\u00e7i\u015f Sistemi (LGS) s\u0131nav\u0131nda, Antalya\u2019dan 36 \u00f6\u011frenci t\u00fcm sorular\u0131 do\u011fru yan\u0131tlayarak 500 tam puanla T\u00fcrkiye birincisi oldu. Yakla\u015f\u0131k 31 bin \u00f6\u011frencinin kat\u0131ld\u0131\u011f\u0131 s\u0131navda Antalya, g\u00f6sterdi\u011fi ba\u015far\u0131yla dikkat \u00e7ekti. T\u00fcm sorular\u0131 eksiksiz yan\u0131tlayan 36 \u00f6\u011frenci, hem kendi emeklerinin hem de e\u011fitim camias\u0131n\u0131n \u00f6zverili \u00e7al\u0131\u015fmalar\u0131n\u0131n gurur tablosu oldu. Antalya \u0130l Mill\u00ee E\u011fitim M\u00fcd\u00fcr\u00fc Mehmet Yasin Eri\u015f, elde edilen bu ba\u015far\u0131dan dolay\u0131 \u00f6\u011frencileri, ailelerini ve eme\u011fi ge\u00e7en t\u00fcm e\u011fitim kadrosunu tebrik etti. M\u00fcd\u00fcr Eri\u015f, &#8220;Bu gurur hepimizin. \u00d6\u011frencilerimizin g\u00f6sterdi\u011fi \u00fcst\u00fcn gayret ve disiplinin sonucunu g\u00f6rmek mutluluk verici. Mill\u00ee E\u011fitim camias\u0131 olarak, tercih s\u00fcrecinde t\u00fcm \u00f6\u011frencilerimize ve velilerimize rehberlik edecek tercih dan\u0131\u015fmanl\u0131\u011f\u0131 hizmetimizi s\u00fcrd\u00fcr\u00fcyoruz&#8221; dedi. Kaynak: www.kanalv.com.tr Haber Sitesinden Al\u0131nm\u0131\u015ft\u0131r.","og_url":"https:\/\/denizcankizil.tr\/uk\/haberler\/antalya\/antalyadan-lgsde-36-ogrenci-turkiye-birincisi-oldu\/","og_site_name":"Av. Deniz Can K\u0131z\u0131l","article_published_time":"2025-07-14T14:41:16+00:00","author":"Av. Deniz Can K\u0131z\u0131l","twitter_card":"summary_large_image","twitter_misc":{"\u041d\u0430\u043f\u0438\u0441\u0430\u043d\u043e":"Av. Deniz Can K\u0131z\u0131l","\u041f\u0440\u0438\u0431\u043b. \u0447\u0430\u0441 \u0447\u0438\u0442\u0430\u043d\u043d\u044f":"1 \u0445\u0432\u0438\u043b\u0438\u043d\u0430"},"schema":{"@context":"https:\/\/schema.org","@graph":[{"@type":"Article","@id":"https:\/\/denizcankizil.tr\/uk\/haberler\/antalya\/antalyadan-lgsde-36-ogrenci-turkiye-birincisi-oldu\/#article","isPartOf":{"@id":"https:\/\/denizcankizil.tr\/uk\/haberler\/antalya\/antalyadan-lgsde-36-ogrenci-turkiye-birincisi-oldu\/"},"author":{"name":"Av. Deniz Can K\u0131z\u0131l","@id":"https:\/\/denizcankizil.tr\/de\/#\/schema\/person\/5dc1b22991bd7ac833867c10afc9b0ff"},"headline":"Antalya\u2019dan LGS\u2019de 36 \u00d6\u011frenci T\u00fcrkiye Birincisi Oldu","datePublished":"2025-07-14T14:41:16+00:00","mainEntityOfPage":{"@id":"https:\/\/denizcankizil.tr\/uk\/haberler\/antalya\/antalyadan-lgsde-36-ogrenci-turkiye-birincisi-oldu\/"},"wordCount":169,"publisher":{"@id":"https:\/\/denizcankizil.tr\/de\/#organization"},"articleSection":["Antalya"],"inLanguage":"uk"},{"@type":"WebPage","@id":"https:\/\/denizcankizil.tr\/uk\/haberler\/antalya\/antalyadan-lgsde-36-ogrenci-turkiye-birincisi-oldu\/","url":"https:\/\/denizcankizil.tr\/uk\/haberler\/antalya\/antalyadan-lgsde-36-ogrenci-turkiye-birincisi-oldu\/","name":"Antalya\u2019dan LGS\u2019de 36 \u00d6\u011frenci T\u00fcrkiye Birincisi Oldu - Av. Deniz Can K\u0131z\u0131l","isPartOf":{"@id":"https:\/\/denizcankizil.tr\/de\/#website"},"datePublished":"2025-07-14T14:41:16+00:00","breadcrumb":{"@id":"https:\/\/denizcankizil.tr\/uk\/haberler\/antalya\/antalyadan-lgsde-36-ogrenci-turkiye-birincisi-oldu\/#breadcrumb"},"inLanguage":"uk","potentialAction":[{"@type":"ReadAction","target":["https:\/\/denizcankizil.tr\/uk\/haberler\/antalya\/antalyadan-lgsde-36-ogrenci-turkiye-birincisi-oldu\/"]}]},{"@type":"BreadcrumbList","@id":"https:\/\/denizcankizil.tr\/uk\/haberler\/antalya\/antalyadan-lgsde-36-ogrenci-turkiye-birincisi-oldu\/#breadcrumb","itemListElement":[{"@type":"ListItem","position":1,"name":"Home","item":"https:\/\/denizcankizil.tr\/de\/"},{"@type":"ListItem","position":2,"name":"Antalya\u2019dan LGS\u2019de 36 \u00d6\u011frenci T\u00fcrkiye Birincisi Oldu"}]},{"@type":"WebSite","@id":"https:\/\/denizcankizil.tr\/de\/#website","url":"https:\/\/denizcankizil.tr\/de\/","name":"Av. Deniz Can K\u0131z\u0131l","description":"Avukat Deniz Can K\u0131z\u0131l Antalya Barosu","publisher":{"@id":"https:\/\/denizcankizil.tr\/de\/#organization"},"potentialAction":[{"@type":"SearchAction","target":{"@type":"EntryPoint","urlTemplate":"https:\/\/denizcankizil.tr\/de\/?s={search_term_string}"},"query-input":{"@type":"PropertyValueSpecification","valueRequired":true,"valueName":"search_term_string"}}],"inLanguage":"uk"},{"@type":"Organization","@id":"https:\/\/denizcankizil.tr\/de\/#organization","name":"Av. Deniz Can K\u0131z\u0131l","url":"https:\/\/denizcankizil.tr\/de\/","logo":{"@type":"ImageObject","inLanguage":"uk","@id":"https:\/\/denizcankizil.tr\/de\/#\/schema\/logo\/image\/","url":"https:\/\/denizcankizil.tr\/wp-content\/uploads\/2024\/10\/siyah-logo-svg.svg","contentUrl":"https:\/\/denizcankizil.tr\/wp-content\/uploads\/2024\/10\/siyah-logo-svg.svg","width":1080,"height":1080,"caption":"Av. Deniz Can K\u0131z\u0131l"},"image":{"@id":"https:\/\/denizcankizil.tr\/de\/#\/schema\/logo\/image\/"}},{"@type":"Person","@id":"https:\/\/denizcankizil.tr\/de\/#\/schema\/person\/5dc1b22991bd7ac833867c10afc9b0ff","name":"Av. Deniz Can K\u0131z\u0131l","image":{"@type":"ImageObject","inLanguage":"uk","@id":"https:\/\/denizcankizil.tr\/de\/#\/schema\/person\/image\/","url":"https:\/\/secure.gravatar.com\/avatar\/a0b128fb9855c79efc976d5640eedb31dc35ec297594d6016d2cf7c60e975bb6?s=96&d=mm&r=g","contentUrl":"https:\/\/secure.gravatar.com\/avatar\/a0b128fb9855c79efc976d5640eedb31dc35ec297594d6016d2cf7c60e975bb6?s=96&d=mm&r=g","caption":"Av. Deniz Can K\u0131z\u0131l"},"sameAs":["http:\/\/www.denizcankizil.tr"],"url":"https:\/\/denizcankizil.tr\/uk\/author\/denizcankizil\/"}]}},"_links":{"self":[{"href":"https:\/\/denizcankizil.tr\/uk\/wp-json\/wp\/v2\/posts\/145835","targetHints":{"allow":["GET"]}}],"collection":[{"href":"https:\/\/denizcankizil.tr\/uk\/wp-json\/wp\/v2\/posts"}],"about":[{"href":"https:\/\/denizcankizil.tr\/uk\/wp-json\/wp\/v2\/types\/post"}],"author":[{"embeddable":true,"href":"https:\/\/denizcankizil.tr\/uk\/wp-json\/wp\/v2\/users\/4"}],"replies":[{"embeddable":true,"href":"https:\/\/denizcankizil.tr\/uk\/wp-json\/wp\/v2\/comments?post=145835"}],"version-history":[{"count":0,"href":"https:\/\/denizcankizil.tr\/uk\/wp-json\/wp\/v2\/posts\/145835\/revisions"}],"wp:attachment":[{"href":"https:\/\/denizcankizil.tr\/uk\/wp-json\/wp\/v2\/media?parent=145835"}],"wp:term":[{"taxonomy":"category","embeddable":true,"href":"https:\/\/denizcankizil.tr\/uk\/wp-json\/wp\/v2\/categories?post=145835"},{"taxonomy":"post_tag","embeddable":true,"href":"https:\/\/denizcankizil.tr\/uk\/wp-json\/wp\/v2\/tags?post=145835"}],"curies":[{"name":"wp","href":"https:\/\/api.w.org\/{rel}","templated":true}]}}