{"id":144883,"date":"2025-07-13T20:41:18","date_gmt":"2025-07-13T17:41:18","guid":{"rendered":"https:\/\/denizcankizil.tr\/uncategorized-tr\/chp-manavgatta-yedek-krizini-asti-bu-meclis-uyeleri-baskanvekili-seciminde-anahtar-olacak\/"},"modified":"2025-07-13T20:41:18","modified_gmt":"2025-07-13T17:41:18","slug":"chp-manavgatta-yedek-krizini-asti-bu-meclis-uyeleri-baskanvekili-seciminde-anahtar-olacak","status":"publish","type":"post","link":"https:\/\/denizcankizil.tr\/uk\/haberler\/gundem\/chp-manavgatta-yedek-krizini-asti-bu-meclis-uyeleri-baskanvekili-seciminde-anahtar-olacak\/","title":{"rendered":"CHP Manavgat\u2019ta \u2018yedek\u2019 krizini a\u015ft\u0131! Bu meclis \u00fcyeleri, ba\u015fkanvekili se\u00e7iminde anahtar olacak"},"content":{"rendered":"<p>Yolsuzluk soru\u015fturmas\u0131 kapsam\u0131nda Manavgat Belediye Ba\u015fkan\u0131 Niyazi Nefi Kara\u2019n\u0131n g\u00f6zalt\u0131na al\u0131nmas\u0131, ard\u0131ndan Belediye Ba\u015fkan Yard\u0131mc\u0131s\u0131 Mehmet Engin T\u00fcter\u2019in odas\u0131nda baklava kutusu i\u00e7inde 110 bin euro bulundu\u011fu anlara ili\u015fkin g\u00f6r\u00fcnt\u00fcn\u00fcn sosyal medyada ve bas\u0131n yay\u0131n organlar\u0131nda yay\u0131lmas\u0131 ile CHP, bir hafta s\u00fcren kriz ortam\u0131na girdi. Ba\u015fkan Kara ve 7 meclis \u00fcyesinin tutuklanmas\u0131 ile belediye meclisinde 21 olan sandalye say\u0131s\u0131 14\u2019e d\u00fc\u015fen CHP Grubu, 16 \u00fcyeye sahip Cumhur \u0130ttifak\u0131 (Ak Parti- MHP) kar\u015f\u0131nda az\u0131nl\u0131\u011fa d\u00fc\u015ft\u00fc. Ba\u015fkan Kara\u2019n\u0131n \u0130\u00e7i\u015fleri Bakanl\u0131\u011f\u0131 karar\u0131 ile ge\u00e7ici olarak g\u00f6revden uzakla\u015ft\u0131r\u0131lmas\u0131yla birlikte CHP Grubu, ba\u015fkanvekilli\u011fi se\u00e7imini kaybetme tehlikesi ile kar\u015f\u0131 kar\u015f\u0131ya kald\u0131.<\/p>\n<p>CHP, \u0130ST\u0130FA PLANINI DEVREYE SOKTU<\/p>\n<p>CHP Genel Merkezi\u2019nin g\u00f6revlendirmesi ile Bilecik Milletvekili Ya\u015far T\u00fcz\u00fcn ve Ayd\u0131n Milletvekili Evrim Koz\u2019un Antalya milletvekilleriyle birlikte karargah kurdu\u011fu Manavgat\u2019ta zorlu bir s\u00fcre\u00e7 ya\u015fand\u0131. Belediye meclis \u00fcyelerinin g\u00f6zalt\u0131na al\u0131nmaya ba\u015flamas\u0131yla harekete ge\u00e7en CHP, belediye meclisinde az\u0131nl\u0131\u011fa d\u00fc\u015feceklerini g\u00f6rerek, \u00f6nce meclis \u00fcyelerinden Mehmet Tosak ve Mehmet Burak \u00c7eker\u2019in istifas\u0131n\u0131 ald\u0131. Manavgat \u0130l\u00e7e Se\u00e7im Kurulu, CHP\u2019nin belediye meclisi yedek listesinden 2 ismin asil listeye kabul edilmesine ili\u015fkin yaz\u0131y\u0131 Manavgat Belediyesi\u2019ne bildirdi. Tutukluluk a\u015famas\u0131nda da Mehmet Engin T\u00fcter, Osman Co\u015far, Seval \u00d6z \u00d6zgen\u00e7 ve Mehmet \u00c7evik\u2019in istifalar\u0131 geldi. Belediye Ba\u015fkan Yard\u0131mc\u0131s\u0131 G\u00fcls\u00fcm \u00d6zer ise istifay\u0131 kabul etmedi. CHP b\u00f6ylece belediye meclisinde 20 \u00fcyeye ula\u015farak, 16 \u00fcyeli Cumhur \u0130ttifak\u0131 (AK Parti \u2013 MHP) kar\u015f\u0131s\u0131nda yeniden \u00e7o\u011funlu\u011fa ula\u015ft\u0131 ancak kar\u015f\u0131lar\u0131na beklenmedik bir s\u00fcrpriz \u00e7\u0131kt\u0131.<\/p>\n<p>YSK G\u00d6R\u00dc\u015e\u00dcNE RA\u011eMEN BEKLENEN KARAR \u00c7IKMADI<\/p>\n<p>4 meclis \u00fcyesinin istifas\u0131n\u0131 \u0130l\u00e7e Se\u00e7im Kurulu\u2019na bildiren Manavgat Belediyesi, yedekten \u00e7a\u011fr\u0131lacak meclis \u00fcyelerinin isimlerinin bildirilmesini istedi. \u0130lk 2 meclis \u00fcyesinin yerine ge\u00e7ecek yedek \u00fcyeleri s\u00fcratli bir \u015fekilde belediyeye bildiren Se\u00e7im Kurulu, istifa eden 4 meclis \u00fcyesinin yerine yedekten gelecek meclis \u00fcyelerinin bildirimiyle ilgili i\u015flemi a\u011f\u0131rdan ald\u0131. Y\u00fcksek Se\u00e7im Kurulu\u2019ndan g\u00f6r\u00fc\u015f isteyen \u0130l\u00e7e Se\u00e7im Kurulu, gecikmeksizin yedek listeden asil listeye ge\u00e7ecek meclis \u00fcyesi isimlerinin belediyeye bildirilmesi gerekti\u011fi y\u00f6n\u00fcndeki g\u00f6r\u00fc\u015fe ra\u011fmen nihai ad\u0131m\u0131 atmad\u0131. Gerilimin iyice doru\u011fa \u00e7\u0131kt\u0131\u011f\u0131 11 Temmuz Cuma g\u00fcn\u00fc CHP Manavgat \u0130l\u00e7e Sekreteri Ozan G\u00fcnd\u00fcz ve y\u00f6netim kurulu \u00fcyelerinin yan\u0131 s\u0131ra Bilecik Milletvekili Ya\u015far T\u00fcz\u00fcn ve Ayd\u0131n Milletvekili Evrim Koz ile Antalya milletvekilleri Cavit Ar\u0131, Mustafa Erdem, Aliye Co\u015far ve Sururi \u00c7orabat\u0131r Manavgat Adliyesi\u2019nde adeta kamp kurdu.<\/p>\n<p>HAK\u0130M RAPOR ALDI, YEN\u0130 HAK\u0130M \u2018\u0130NCELEYECE\u011e\u0130M\u2019 DED\u0130<\/p>\n<p>YSK g\u00f6r\u00fc\u015f\u00fcnden sonra yaz\u0131y\u0131 imzalamas\u0131 beklenen \u0130l\u00e7e Se\u00e7im Kurulu Ba\u015fkan\u0131 hakimin, mesai bitimine k\u0131sa bir s\u00fcre kala rapor alarak Adliye\u2019den ayr\u0131lmas\u0131 belirsizli\u011fi art\u0131rd\u0131. Yeni g\u00f6revlendirilen hakimin ise dosyay\u0131 inceleyip \u00f6yle karar verece\u011fini bildirmesi, CHP\u2019de sinirlerin iyice gerilmesine neden oldu. Adliye\u2019de bekleyi\u015flerini s\u00fcrd\u00fcren CHP heyetini rahatlatan haber, vakit gece yar\u0131s\u0131n\u0131 ge\u00e7tikten sonra saat 00.45\u2019te geldi. Bilecik Milletvekili Ya\u015far T\u00fcz\u00fcn, yedek listeden gelecek 4 belediye meclis \u00fcyesinin isimlerinin yer ald\u0131\u011f\u0131 yaz\u0131n\u0131n imzadan \u00e7\u0131kt\u0131\u011f\u0131n\u0131 ve tebli\u011f ald\u0131klar\u0131n\u0131 duyurdu.<\/p>\n<p>CHP GRUBU 20 \u00dcYE \u0130LE \u00c7O\u011eUNLU\u011eA ULA\u015eTI<\/p>\n<p>Partililere ve g\u00fcvenliklerini sa\u011flayan polise te\u015fekk\u00fcr eden Milletvekili T\u00fcz\u00fcn, \u00f6nemli bir a\u015famay\u0131 ge\u00e7tiklerini, 13 Temmuz Pazar (bug\u00fcn) toplanacak Manavgat Belediye Meclisi\u2019nde istifalar\u0131n duyurulaca\u011f\u0131n\u0131, yedek listeden gelen 6 meclis \u00fcyesinin de ilk kez adlar\u0131 okunarak meclis toplant\u0131s\u0131na kat\u0131laca\u011f\u0131n\u0131 belirtti. T\u00fcz\u00fcn, 14 Temmuz Pazartesi Saat 14.00\u2019te de belediye meclisinin toplanarak Belediye Ba\u015fkanvekilini se\u00e7ece\u011fini s\u00f6yledi. T\u00fcz\u00fcn, 20 ki\u015filik meclis grubunun, CHP\u2019nin aday\u0131na tam destek verece\u011finden \u015f\u00fcpheleri olmad\u0131\u011f\u0131n\u0131 kaydetti.<\/p>\n<p>BA\u015eKANVEK\u0130LL\u0130\u011e\u0130 SE\u00c7M\u0130N\u0130N KADER\u0130N\u0130 BEL\u0130RLEYECEK O \u00dcYELER!<\/p>\n<p>Cuma g\u00fcn gece yar\u0131s\u0131na kadar Adliye\u2019den n\u00f6bet tutan CHP kurmaylar\u0131n\u0131n \u0130l\u00e7e Se\u00e7im Kurulu\u2019ndan ald\u0131\u011f\u0131 yaz\u0131dan sonra bug\u00fcn saat 14.00\u2019te toplanan Manavgat Belediye Meclisi\u2019nde Mehmet Tosak, Mehmet Burak \u00c7eker, Mehmet Engin T\u00fcter, Osman Co\u015far, Seval \u00d6z \u00d6zgen\u00e7 ve Mehmet \u00c7evik\u2019in g\u00f6revlerinden istifa ettikleri duyuruldu. Ard\u0131ndan, CHP Grubunun yedek listesinden gelen 6 yeni meclis \u00fcyesinin isimleri okunarak, belediye meclis \u00fcyeleri i\u00e7in ayr\u0131lan s\u0131ralara davet edildi. Yar\u0131n saat 14.00\u2019te Side\u2019deki Manavgat Belediye Meclisi Toplant\u0131 Salonu\u2019nda ge\u00e7ici olarak g\u00f6revden uzakla\u015ft\u0131r\u0131lan Niyazi Nefi Kara\u2019n\u0131n yerine Ba\u015fkanvekili se\u00e7imi yap\u0131lacak. CHP\u2019nin yedek meclis \u00fcyeleri listesinden gelen 6 \u00fcye de se\u00e7imde oy kullanacak.<\/p>\n<p>\u0130\u015fte, Ba\u015fkanvekilli\u011fi se\u00e7iminin kaderini belirleyecek o 6 meclis \u00fcyesinin isimleri:<\/p>\n<p> Kas\u0131m K\u00fc\u00e7\u00fckkaya<\/p>\n<p> Halil \u00dcnal<\/p>\n<p> Mustafa Emek<\/p>\n<p> \u00d6zg\u00fcn G\u00f6ll\u00fc<\/p>\n<p> Selma B\u00fclb\u00fcl<\/p>\n<p> Adil Baybu\u011f<\/p>\n<p>\u200bManavgat Belediye Ba\u015fkan\u0131 Niyazi Nefi Kara ve 7 belediye meclis \u00fcyesinin tutuklanmas\u0131 ile meclis \u00e7o\u011funlu\u011funu kaybeden CHP, sanc\u0131l\u0131 bir s\u00fcre\u00e7 sonunda yedekleri asile \u00e7a\u011f\u0131rarak krizi a\u015ft\u0131. Bug\u00fcn toplanan Manavgat Belediye Meclisi\u2019nde tutuklanan 7 meclis \u00fcyesinden 6\u2019s\u0131n\u0131n istifas\u0131 duyuruldu.  Yedek listeden gelen 6 meclis \u00fcyesi de ilk toplant\u0131lar\u0131na kat\u0131ld\u0131. \u0130\u015fte yar\u0131n yap\u0131lacak ba\u015fkanvekilli\u011fi se\u00e7iminde oy kullanacak 6 meclis \u00fcyesinin isimleri\u2026\u00a0<\/p>\n<p>\u200bHaberin Al\u0131nt\u0131land\u0131\u011f\u0131 Kaynak: www.antalyakorfez.com<\/p>","protected":false},"excerpt":{"rendered":"<p>Yolsuzluk soru\u015fturmas\u0131 kapsam\u0131nda Manavgat Belediye Ba\u015fkan\u0131 Niyazi Nefi Kara\u2019n\u0131n g\u00f6zalt\u0131na al\u0131nmas\u0131, ard\u0131ndan Belediye Ba\u015fkan Yard\u0131mc\u0131s\u0131 Mehmet Engin T\u00fcter\u2019in odas\u0131nda baklava kutusu i\u00e7inde 110 bin euro bulundu\u011fu anlara ili\u015fkin g\u00f6r\u00fcnt\u00fcn\u00fcn sosyal medyada ve bas\u0131n yay\u0131n organlar\u0131nda yay\u0131lmas\u0131 ile CHP, bir hafta s\u00fcren kriz ortam\u0131na girdi. Ba\u015fkan Kara ve 7 meclis \u00fcyesinin tutuklanmas\u0131 ile belediye meclisinde 21 olan sandalye say\u0131s\u0131 14\u2019e d\u00fc\u015fen CHP Grubu, 16 \u00fcyeye sahip Cumhur \u0130ttifak\u0131 (Ak Parti- MHP) kar\u015f\u0131nda az\u0131nl\u0131\u011fa d\u00fc\u015ft\u00fc. Ba\u015fkan Kara\u2019n\u0131n \u0130\u00e7i\u015fleri Bakanl\u0131\u011f\u0131 karar\u0131 ile ge\u00e7ici olarak g\u00f6revden uzakla\u015ft\u0131r\u0131lmas\u0131yla birlikte CHP Grubu, ba\u015fkanvekilli\u011fi se\u00e7imini kaybetme tehlikesi ile kar\u015f\u0131 kar\u015f\u0131ya kald\u0131. CHP, \u0130ST\u0130FA PLANINI DEVREYE SOKTU CHP Genel Merkezi\u2019nin g\u00f6revlendirmesi ile Bilecik Milletvekili Ya\u015far T\u00fcz\u00fcn ve Ayd\u0131n Milletvekili Evrim Koz\u2019un Antalya milletvekilleriyle birlikte karargah kurdu\u011fu Manavgat\u2019ta zorlu bir s\u00fcre\u00e7 ya\u015fand\u0131. Belediye meclis \u00fcyelerinin g\u00f6zalt\u0131na al\u0131nmaya ba\u015flamas\u0131yla harekete ge\u00e7en CHP, belediye meclisinde az\u0131nl\u0131\u011fa d\u00fc\u015feceklerini g\u00f6rerek, \u00f6nce meclis \u00fcyelerinden Mehmet Tosak ve Mehmet Burak \u00c7eker\u2019in istifas\u0131n\u0131 ald\u0131. Manavgat \u0130l\u00e7e Se\u00e7im Kurulu, CHP\u2019nin belediye meclisi yedek listesinden 2 ismin asil listeye kabul edilmesine ili\u015fkin yaz\u0131y\u0131 Manavgat Belediyesi\u2019ne bildirdi. Tutukluluk a\u015famas\u0131nda da Mehmet Engin T\u00fcter, Osman Co\u015far, Seval \u00d6z \u00d6zgen\u00e7 ve Mehmet \u00c7evik\u2019in istifalar\u0131 geldi. Belediye Ba\u015fkan Yard\u0131mc\u0131s\u0131 G\u00fcls\u00fcm \u00d6zer ise istifay\u0131 kabul etmedi. CHP b\u00f6ylece belediye meclisinde 20 \u00fcyeye ula\u015farak, &hellip;<\/p>","protected":false},"author":5,"featured_media":0,"comment_status":"","ping_status":"open","sticky":false,"template":"","format":"standard","meta":{"_acf_changed":false,"footnotes":""},"categories":[24],"tags":[],"class_list":["post-144883","post","type-post","status-publish","format-standard","has-post-thumbnail","hentry","category-gundem"],"acf":[],"yoast_head":"<!-- This site is optimized with the Yoast SEO Premium plugin v26.6 (Yoast SEO v27.1.1) - https:\/\/yoast.com\/product\/yoast-seo-premium-wordpress\/ -->\n<title>CHP Manavgat\u2019ta \u2018yedek\u2019 krizini a\u015ft\u0131! Bu meclis \u00fcyeleri, ba\u015fkanvekili se\u00e7iminde anahtar olacak - Av. Deniz Can K\u0131z\u0131l<\/title>\n<meta name=\"robots\" content=\"index, follow, max-snippet:-1, max-image-preview:large, max-video-preview:-1\" \/>\n<link rel=\"canonical\" href=\"https:\/\/denizcankizil.tr\/uk\/haberler\/gundem\/chp-manavgatta-yedek-krizini-asti-bu-meclis-uyeleri-baskanvekili-seciminde-anahtar-olacak\/\" \/>\n<meta property=\"og:locale\" content=\"uk_UA\" \/>\n<meta property=\"og:type\" content=\"article\" \/>\n<meta property=\"og:title\" content=\"CHP Manavgat\u2019ta \u2018yedek\u2019 krizini a\u015ft\u0131! Bu meclis \u00fcyeleri, ba\u015fkanvekili se\u00e7iminde anahtar olacak\" \/>\n<meta property=\"og:description\" content=\"Yolsuzluk soru\u015fturmas\u0131 kapsam\u0131nda Manavgat Belediye Ba\u015fkan\u0131 Niyazi Nefi Kara\u2019n\u0131n g\u00f6zalt\u0131na al\u0131nmas\u0131, ard\u0131ndan Belediye Ba\u015fkan Yard\u0131mc\u0131s\u0131 Mehmet Engin T\u00fcter\u2019in odas\u0131nda baklava kutusu i\u00e7inde 110 bin euro bulundu\u011fu anlara ili\u015fkin g\u00f6r\u00fcnt\u00fcn\u00fcn sosyal medyada ve bas\u0131n yay\u0131n organlar\u0131nda yay\u0131lmas\u0131 ile CHP, bir hafta s\u00fcren kriz ortam\u0131na girdi. Ba\u015fkan Kara ve 7 meclis \u00fcyesinin tutuklanmas\u0131 ile belediye meclisinde 21 olan sandalye say\u0131s\u0131 14\u2019e d\u00fc\u015fen CHP Grubu, 16 \u00fcyeye sahip Cumhur \u0130ttifak\u0131 (Ak Parti- MHP) kar\u015f\u0131nda az\u0131nl\u0131\u011fa d\u00fc\u015ft\u00fc. Ba\u015fkan Kara\u2019n\u0131n \u0130\u00e7i\u015fleri Bakanl\u0131\u011f\u0131 karar\u0131 ile ge\u00e7ici olarak g\u00f6revden uzakla\u015ft\u0131r\u0131lmas\u0131yla birlikte CHP Grubu, ba\u015fkanvekilli\u011fi se\u00e7imini kaybetme tehlikesi ile kar\u015f\u0131 kar\u015f\u0131ya kald\u0131. CHP, \u0130ST\u0130FA PLANINI DEVREYE SOKTU CHP Genel Merkezi\u2019nin g\u00f6revlendirmesi ile Bilecik Milletvekili Ya\u015far T\u00fcz\u00fcn ve Ayd\u0131n Milletvekili Evrim Koz\u2019un Antalya milletvekilleriyle birlikte karargah kurdu\u011fu Manavgat\u2019ta zorlu bir s\u00fcre\u00e7 ya\u015fand\u0131. Belediye meclis \u00fcyelerinin g\u00f6zalt\u0131na al\u0131nmaya ba\u015flamas\u0131yla harekete ge\u00e7en CHP, belediye meclisinde az\u0131nl\u0131\u011fa d\u00fc\u015feceklerini g\u00f6rerek, \u00f6nce meclis \u00fcyelerinden Mehmet Tosak ve Mehmet Burak \u00c7eker\u2019in istifas\u0131n\u0131 ald\u0131. Manavgat \u0130l\u00e7e Se\u00e7im Kurulu, CHP\u2019nin belediye meclisi yedek listesinden 2 ismin asil listeye kabul edilmesine ili\u015fkin yaz\u0131y\u0131 Manavgat Belediyesi\u2019ne bildirdi. Tutukluluk a\u015famas\u0131nda da Mehmet Engin T\u00fcter, Osman Co\u015far, Seval \u00d6z \u00d6zgen\u00e7 ve Mehmet \u00c7evik\u2019in istifalar\u0131 geldi. Belediye Ba\u015fkan Yard\u0131mc\u0131s\u0131 G\u00fcls\u00fcm \u00d6zer ise istifay\u0131 kabul etmedi. CHP b\u00f6ylece belediye meclisinde 20 \u00fcyeye ula\u015farak, &hellip;\" \/>\n<meta property=\"og:url\" content=\"https:\/\/denizcankizil.tr\/uk\/haberler\/gundem\/chp-manavgatta-yedek-krizini-asti-bu-meclis-uyeleri-baskanvekili-seciminde-anahtar-olacak\/\" \/>\n<meta property=\"og:site_name\" content=\"Av. Deniz Can K\u0131z\u0131l\" \/>\n<meta property=\"article:published_time\" content=\"2025-07-13T17:41:18+00:00\" \/>\n<meta name=\"author\" content=\"Antalya K\u00f6rfez\" \/>\n<meta name=\"twitter:card\" content=\"summary_large_image\" \/>\n<meta name=\"twitter:label1\" content=\"\u041d\u0430\u043f\u0438\u0441\u0430\u043d\u043e\" \/>\n\t<meta name=\"twitter:data1\" content=\"Antalya K\u00f6rfez\" \/>\n\t<meta name=\"twitter:label2\" content=\"\u041f\u0440\u0438\u0431\u043b. \u0447\u0430\u0441 \u0447\u0438\u0442\u0430\u043d\u043d\u044f\" \/>\n\t<meta name=\"twitter:data2\" content=\"5 \u0445\u0432\u0438\u043b\u0438\u043d\" \/>\n<script type=\"application\/ld+json\" class=\"yoast-schema-graph\">{\"@context\":\"https:\/\/schema.org\",\"@graph\":[{\"@type\":\"Article\",\"@id\":\"https:\/\/denizcankizil.tr\/uk\/haberler\/gundem\/chp-manavgatta-yedek-krizini-asti-bu-meclis-uyeleri-baskanvekili-seciminde-anahtar-olacak\/#article\",\"isPartOf\":{\"@id\":\"https:\/\/denizcankizil.tr\/uk\/haberler\/gundem\/chp-manavgatta-yedek-krizini-asti-bu-meclis-uyeleri-baskanvekili-seciminde-anahtar-olacak\/\"},\"author\":{\"name\":\"Antalya K\u00f6rfez\",\"@id\":\"https:\/\/denizcankizil.tr\/de\/#\/schema\/person\/e1eb71bb4dd684d46563f0af307e1234\"},\"headline\":\"CHP Manavgat\u2019ta \u2018yedek\u2019 krizini a\u015ft\u0131! Bu meclis \u00fcyeleri, ba\u015fkanvekili se\u00e7iminde anahtar olacak\",\"datePublished\":\"2025-07-13T17:41:18+00:00\",\"mainEntityOfPage\":{\"@id\":\"https:\/\/denizcankizil.tr\/uk\/haberler\/gundem\/chp-manavgatta-yedek-krizini-asti-bu-meclis-uyeleri-baskanvekili-seciminde-anahtar-olacak\/\"},\"wordCount\":955,\"publisher\":{\"@id\":\"https:\/\/denizcankizil.tr\/de\/#organization\"},\"articleSection\":[\"G\u00fcndem\"],\"inLanguage\":\"uk\"},{\"@type\":\"WebPage\",\"@id\":\"https:\/\/denizcankizil.tr\/uk\/haberler\/gundem\/chp-manavgatta-yedek-krizini-asti-bu-meclis-uyeleri-baskanvekili-seciminde-anahtar-olacak\/\",\"url\":\"https:\/\/denizcankizil.tr\/uk\/haberler\/gundem\/chp-manavgatta-yedek-krizini-asti-bu-meclis-uyeleri-baskanvekili-seciminde-anahtar-olacak\/\",\"name\":\"CHP Manavgat\u2019ta \u2018yedek\u2019 krizini a\u015ft\u0131! Bu meclis \u00fcyeleri, ba\u015fkanvekili se\u00e7iminde anahtar olacak - Av. Deniz Can K\u0131z\u0131l\",\"isPartOf\":{\"@id\":\"https:\/\/denizcankizil.tr\/de\/#website\"},\"datePublished\":\"2025-07-13T17:41:18+00:00\",\"breadcrumb\":{\"@id\":\"https:\/\/denizcankizil.tr\/uk\/haberler\/gundem\/chp-manavgatta-yedek-krizini-asti-bu-meclis-uyeleri-baskanvekili-seciminde-anahtar-olacak\/#breadcrumb\"},\"inLanguage\":\"uk\",\"potentialAction\":[{\"@type\":\"ReadAction\",\"target\":[\"https:\/\/denizcankizil.tr\/uk\/haberler\/gundem\/chp-manavgatta-yedek-krizini-asti-bu-meclis-uyeleri-baskanvekili-seciminde-anahtar-olacak\/\"]}]},{\"@type\":\"BreadcrumbList\",\"@id\":\"https:\/\/denizcankizil.tr\/uk\/haberler\/gundem\/chp-manavgatta-yedek-krizini-asti-bu-meclis-uyeleri-baskanvekili-seciminde-anahtar-olacak\/#breadcrumb\",\"itemListElement\":[{\"@type\":\"ListItem\",\"position\":1,\"name\":\"Home\",\"item\":\"https:\/\/denizcankizil.tr\/de\/\"},{\"@type\":\"ListItem\",\"position\":2,\"name\":\"CHP Manavgat\u2019ta \u2018yedek\u2019 krizini a\u015ft\u0131! Bu meclis \u00fcyeleri, ba\u015fkanvekili se\u00e7iminde anahtar olacak\"}]},{\"@type\":\"WebSite\",\"@id\":\"https:\/\/denizcankizil.tr\/de\/#website\",\"url\":\"https:\/\/denizcankizil.tr\/de\/\",\"name\":\"Av. Deniz Can K\u0131z\u0131l\",\"description\":\"Avukat Deniz Can K\u0131z\u0131l Antalya Barosu\",\"publisher\":{\"@id\":\"https:\/\/denizcankizil.tr\/de\/#organization\"},\"potentialAction\":[{\"@type\":\"SearchAction\",\"target\":{\"@type\":\"EntryPoint\",\"urlTemplate\":\"https:\/\/denizcankizil.tr\/de\/?s={search_term_string}\"},\"query-input\":{\"@type\":\"PropertyValueSpecification\",\"valueRequired\":true,\"valueName\":\"search_term_string\"}}],\"inLanguage\":\"uk\"},{\"@type\":\"Organization\",\"@id\":\"https:\/\/denizcankizil.tr\/de\/#organization\",\"name\":\"Av. Deniz Can K\u0131z\u0131l\",\"url\":\"https:\/\/denizcankizil.tr\/de\/\",\"logo\":{\"@type\":\"ImageObject\",\"inLanguage\":\"uk\",\"@id\":\"https:\/\/denizcankizil.tr\/de\/#\/schema\/logo\/image\/\",\"url\":\"https:\/\/denizcankizil.tr\/wp-content\/uploads\/2024\/10\/siyah-logo-svg.svg\",\"contentUrl\":\"https:\/\/denizcankizil.tr\/wp-content\/uploads\/2024\/10\/siyah-logo-svg.svg\",\"width\":1080,\"height\":1080,\"caption\":\"Av. Deniz Can K\u0131z\u0131l\"},\"image\":{\"@id\":\"https:\/\/denizcankizil.tr\/de\/#\/schema\/logo\/image\/\"}},{\"@type\":\"Person\",\"@id\":\"https:\/\/denizcankizil.tr\/de\/#\/schema\/person\/e1eb71bb4dd684d46563f0af307e1234\",\"name\":\"Antalya K\u00f6rfez\",\"image\":{\"@type\":\"ImageObject\",\"inLanguage\":\"uk\",\"@id\":\"https:\/\/denizcankizil.tr\/de\/#\/schema\/person\/image\/\",\"url\":\"https:\/\/secure.gravatar.com\/avatar\/42b01982558a48a0b501fdcab6a408d3717ea5919095ee2e67b0e521799c5905?s=96&d=mm&r=g\",\"contentUrl\":\"https:\/\/secure.gravatar.com\/avatar\/42b01982558a48a0b501fdcab6a408d3717ea5919095ee2e67b0e521799c5905?s=96&d=mm&r=g\",\"caption\":\"Antalya K\u00f6rfez\"},\"sameAs\":[\"http:\/\/www.antalyakorfez.com\"],\"url\":\"https:\/\/www.antalyakorfez.com\/chp-manavgatta-yedek-krizini-asti-bu-meclis-uyeleri-baskanvekili-seciminde-anahtar-olacak\"}]}<\/script>\n<!-- \/ Yoast SEO Premium plugin. -->","yoast_head_json":{"title":"CHP Manavgat\u2019ta \u2018yedek\u2019 krizini a\u015ft\u0131! Bu meclis \u00fcyeleri, ba\u015fkanvekili se\u00e7iminde anahtar olacak - Av. Deniz Can K\u0131z\u0131l","robots":{"index":"index","follow":"follow","max-snippet":"max-snippet:-1","max-image-preview":"max-image-preview:large","max-video-preview":"max-video-preview:-1"},"canonical":"https:\/\/denizcankizil.tr\/uk\/haberler\/gundem\/chp-manavgatta-yedek-krizini-asti-bu-meclis-uyeleri-baskanvekili-seciminde-anahtar-olacak\/","og_locale":"uk_UA","og_type":"article","og_title":"CHP Manavgat\u2019ta \u2018yedek\u2019 krizini a\u015ft\u0131! Bu meclis \u00fcyeleri, ba\u015fkanvekili se\u00e7iminde anahtar olacak","og_description":"Yolsuzluk soru\u015fturmas\u0131 kapsam\u0131nda Manavgat Belediye Ba\u015fkan\u0131 Niyazi Nefi Kara\u2019n\u0131n g\u00f6zalt\u0131na al\u0131nmas\u0131, ard\u0131ndan Belediye Ba\u015fkan Yard\u0131mc\u0131s\u0131 Mehmet Engin T\u00fcter\u2019in odas\u0131nda baklava kutusu i\u00e7inde 110 bin euro bulundu\u011fu anlara ili\u015fkin g\u00f6r\u00fcnt\u00fcn\u00fcn sosyal medyada ve bas\u0131n yay\u0131n organlar\u0131nda yay\u0131lmas\u0131 ile CHP, bir hafta s\u00fcren kriz ortam\u0131na girdi. Ba\u015fkan Kara ve 7 meclis \u00fcyesinin tutuklanmas\u0131 ile belediye meclisinde 21 olan sandalye say\u0131s\u0131 14\u2019e d\u00fc\u015fen CHP Grubu, 16 \u00fcyeye sahip Cumhur \u0130ttifak\u0131 (Ak Parti- MHP) kar\u015f\u0131nda az\u0131nl\u0131\u011fa d\u00fc\u015ft\u00fc. Ba\u015fkan Kara\u2019n\u0131n \u0130\u00e7i\u015fleri Bakanl\u0131\u011f\u0131 karar\u0131 ile ge\u00e7ici olarak g\u00f6revden uzakla\u015ft\u0131r\u0131lmas\u0131yla birlikte CHP Grubu, ba\u015fkanvekilli\u011fi se\u00e7imini kaybetme tehlikesi ile kar\u015f\u0131 kar\u015f\u0131ya kald\u0131. CHP, \u0130ST\u0130FA PLANINI DEVREYE SOKTU CHP Genel Merkezi\u2019nin g\u00f6revlendirmesi ile Bilecik Milletvekili Ya\u015far T\u00fcz\u00fcn ve Ayd\u0131n Milletvekili Evrim Koz\u2019un Antalya milletvekilleriyle birlikte karargah kurdu\u011fu Manavgat\u2019ta zorlu bir s\u00fcre\u00e7 ya\u015fand\u0131. Belediye meclis \u00fcyelerinin g\u00f6zalt\u0131na al\u0131nmaya ba\u015flamas\u0131yla harekete ge\u00e7en CHP, belediye meclisinde az\u0131nl\u0131\u011fa d\u00fc\u015feceklerini g\u00f6rerek, \u00f6nce meclis \u00fcyelerinden Mehmet Tosak ve Mehmet Burak \u00c7eker\u2019in istifas\u0131n\u0131 ald\u0131. Manavgat \u0130l\u00e7e Se\u00e7im Kurulu, CHP\u2019nin belediye meclisi yedek listesinden 2 ismin asil listeye kabul edilmesine ili\u015fkin yaz\u0131y\u0131 Manavgat Belediyesi\u2019ne bildirdi. Tutukluluk a\u015famas\u0131nda da Mehmet Engin T\u00fcter, Osman Co\u015far, Seval \u00d6z \u00d6zgen\u00e7 ve Mehmet \u00c7evik\u2019in istifalar\u0131 geldi. Belediye Ba\u015fkan Yard\u0131mc\u0131s\u0131 G\u00fcls\u00fcm \u00d6zer ise istifay\u0131 kabul etmedi. CHP b\u00f6ylece belediye meclisinde 20 \u00fcyeye ula\u015farak, &hellip;","og_url":"https:\/\/denizcankizil.tr\/uk\/haberler\/gundem\/chp-manavgatta-yedek-krizini-asti-bu-meclis-uyeleri-baskanvekili-seciminde-anahtar-olacak\/","og_site_name":"Av. Deniz Can K\u0131z\u0131l","article_published_time":"2025-07-13T17:41:18+00:00","author":"Antalya K\u00f6rfez","twitter_card":"summary_large_image","twitter_misc":{"\u041d\u0430\u043f\u0438\u0441\u0430\u043d\u043e":"Antalya K\u00f6rfez","\u041f\u0440\u0438\u0431\u043b. \u0447\u0430\u0441 \u0447\u0438\u0442\u0430\u043d\u043d\u044f":"5 \u0445\u0432\u0438\u043b\u0438\u043d"},"schema":{"@context":"https:\/\/schema.org","@graph":[{"@type":"Article","@id":"https:\/\/denizcankizil.tr\/uk\/haberler\/gundem\/chp-manavgatta-yedek-krizini-asti-bu-meclis-uyeleri-baskanvekili-seciminde-anahtar-olacak\/#article","isPartOf":{"@id":"https:\/\/denizcankizil.tr\/uk\/haberler\/gundem\/chp-manavgatta-yedek-krizini-asti-bu-meclis-uyeleri-baskanvekili-seciminde-anahtar-olacak\/"},"author":{"name":"Antalya K\u00f6rfez","@id":"https:\/\/denizcankizil.tr\/de\/#\/schema\/person\/e1eb71bb4dd684d46563f0af307e1234"},"headline":"CHP Manavgat\u2019ta \u2018yedek\u2019 krizini a\u015ft\u0131! Bu meclis \u00fcyeleri, ba\u015fkanvekili se\u00e7iminde anahtar olacak","datePublished":"2025-07-13T17:41:18+00:00","mainEntityOfPage":{"@id":"https:\/\/denizcankizil.tr\/uk\/haberler\/gundem\/chp-manavgatta-yedek-krizini-asti-bu-meclis-uyeleri-baskanvekili-seciminde-anahtar-olacak\/"},"wordCount":955,"publisher":{"@id":"https:\/\/denizcankizil.tr\/de\/#organization"},"articleSection":["G\u00fcndem"],"inLanguage":"uk"},{"@type":"WebPage","@id":"https:\/\/denizcankizil.tr\/uk\/haberler\/gundem\/chp-manavgatta-yedek-krizini-asti-bu-meclis-uyeleri-baskanvekili-seciminde-anahtar-olacak\/","url":"https:\/\/denizcankizil.tr\/uk\/haberler\/gundem\/chp-manavgatta-yedek-krizini-asti-bu-meclis-uyeleri-baskanvekili-seciminde-anahtar-olacak\/","name":"CHP Manavgat\u2019ta \u2018yedek\u2019 krizini a\u015ft\u0131! Bu meclis \u00fcyeleri, ba\u015fkanvekili se\u00e7iminde anahtar olacak - Av. Deniz Can K\u0131z\u0131l","isPartOf":{"@id":"https:\/\/denizcankizil.tr\/de\/#website"},"datePublished":"2025-07-13T17:41:18+00:00","breadcrumb":{"@id":"https:\/\/denizcankizil.tr\/uk\/haberler\/gundem\/chp-manavgatta-yedek-krizini-asti-bu-meclis-uyeleri-baskanvekili-seciminde-anahtar-olacak\/#breadcrumb"},"inLanguage":"uk","potentialAction":[{"@type":"ReadAction","target":["https:\/\/denizcankizil.tr\/uk\/haberler\/gundem\/chp-manavgatta-yedek-krizini-asti-bu-meclis-uyeleri-baskanvekili-seciminde-anahtar-olacak\/"]}]},{"@type":"BreadcrumbList","@id":"https:\/\/denizcankizil.tr\/uk\/haberler\/gundem\/chp-manavgatta-yedek-krizini-asti-bu-meclis-uyeleri-baskanvekili-seciminde-anahtar-olacak\/#breadcrumb","itemListElement":[{"@type":"ListItem","position":1,"name":"Home","item":"https:\/\/denizcankizil.tr\/de\/"},{"@type":"ListItem","position":2,"name":"CHP Manavgat\u2019ta \u2018yedek\u2019 krizini a\u015ft\u0131! Bu meclis \u00fcyeleri, ba\u015fkanvekili se\u00e7iminde anahtar olacak"}]},{"@type":"WebSite","@id":"https:\/\/denizcankizil.tr\/de\/#website","url":"https:\/\/denizcankizil.tr\/de\/","name":"Av. Deniz Can K\u0131z\u0131l","description":"Avukat Deniz Can K\u0131z\u0131l Antalya Barosu","publisher":{"@id":"https:\/\/denizcankizil.tr\/de\/#organization"},"potentialAction":[{"@type":"SearchAction","target":{"@type":"EntryPoint","urlTemplate":"https:\/\/denizcankizil.tr\/de\/?s={search_term_string}"},"query-input":{"@type":"PropertyValueSpecification","valueRequired":true,"valueName":"search_term_string"}}],"inLanguage":"uk"},{"@type":"Organization","@id":"https:\/\/denizcankizil.tr\/de\/#organization","name":"Av. Deniz Can K\u0131z\u0131l","url":"https:\/\/denizcankizil.tr\/de\/","logo":{"@type":"ImageObject","inLanguage":"uk","@id":"https:\/\/denizcankizil.tr\/de\/#\/schema\/logo\/image\/","url":"https:\/\/denizcankizil.tr\/wp-content\/uploads\/2024\/10\/siyah-logo-svg.svg","contentUrl":"https:\/\/denizcankizil.tr\/wp-content\/uploads\/2024\/10\/siyah-logo-svg.svg","width":1080,"height":1080,"caption":"Av. Deniz Can K\u0131z\u0131l"},"image":{"@id":"https:\/\/denizcankizil.tr\/de\/#\/schema\/logo\/image\/"}},{"@type":"Person","@id":"https:\/\/denizcankizil.tr\/de\/#\/schema\/person\/e1eb71bb4dd684d46563f0af307e1234","name":"Antalya K\u00f6rfez","image":{"@type":"ImageObject","inLanguage":"uk","@id":"https:\/\/denizcankizil.tr\/de\/#\/schema\/person\/image\/","url":"https:\/\/secure.gravatar.com\/avatar\/42b01982558a48a0b501fdcab6a408d3717ea5919095ee2e67b0e521799c5905?s=96&d=mm&r=g","contentUrl":"https:\/\/secure.gravatar.com\/avatar\/42b01982558a48a0b501fdcab6a408d3717ea5919095ee2e67b0e521799c5905?s=96&d=mm&r=g","caption":"Antalya K\u00f6rfez"},"sameAs":["http:\/\/www.antalyakorfez.com"],"url":"https:\/\/www.antalyakorfez.com\/chp-manavgatta-yedek-krizini-asti-bu-meclis-uyeleri-baskanvekili-seciminde-anahtar-olacak"}]}},"_links":{"self":[{"href":"https:\/\/denizcankizil.tr\/uk\/wp-json\/wp\/v2\/posts\/144883","targetHints":{"allow":["GET"]}}],"collection":[{"href":"https:\/\/denizcankizil.tr\/uk\/wp-json\/wp\/v2\/posts"}],"about":[{"href":"https:\/\/denizcankizil.tr\/uk\/wp-json\/wp\/v2\/types\/post"}],"author":[{"embeddable":true,"href":"https:\/\/denizcankizil.tr\/uk\/wp-json\/wp\/v2\/users\/5"}],"replies":[{"embeddable":true,"href":"https:\/\/denizcankizil.tr\/uk\/wp-json\/wp\/v2\/comments?post=144883"}],"version-history":[{"count":0,"href":"https:\/\/denizcankizil.tr\/uk\/wp-json\/wp\/v2\/posts\/144883\/revisions"}],"wp:attachment":[{"href":"https:\/\/denizcankizil.tr\/uk\/wp-json\/wp\/v2\/media?parent=144883"}],"wp:term":[{"taxonomy":"category","embeddable":true,"href":"https:\/\/denizcankizil.tr\/uk\/wp-json\/wp\/v2\/categories?post=144883"},{"taxonomy":"post_tag","embeddable":true,"href":"https:\/\/denizcankizil.tr\/uk\/wp-json\/wp\/v2\/tags?post=144883"}],"curies":[{"name":"wp","href":"https:\/\/api.w.org\/{rel}","templated":true}]}}