{"id":143698,"date":"2025-07-12T17:41:16","date_gmt":"2025-07-12T14:41:16","guid":{"rendered":"https:\/\/denizcankizil.tr\/uncategorized-tr\/muhittin-bocek-halkin-iradesi-susturulamaz\/"},"modified":"2025-07-12T17:41:16","modified_gmt":"2025-07-12T14:41:16","slug":"muhittin-bocek-halkin-iradesi-susturulamaz","status":"publish","type":"post","link":"https:\/\/denizcankizil.tr\/uk\/haberler\/gundem\/muhittin-bocek-halkin-iradesi-susturulamaz\/","title":{"rendered":"Muhittin B\u00f6cek: &#8220;Halk\u0131n iradesi susturulamaz&#8221;"},"content":{"rendered":"<p>R\u00fc\u015fvet soru\u015fturmas\u0131 kapsam\u0131nda D\u00f6\u015femealt\u0131 L Tipi Kapal\u0131 Ceza \u0130nfaz Kurumu&#8217;nda tutuklu bulunan Antalya B\u00fcy\u00fck\u015fehir Belediye Ba\u015fkan\u0131 Muhittin B\u00f6cek, Cumhuriyet Halk Partisi (CHP) Genel Ba\u015fkan\u0131 \u00d6zg\u00fcr \u00d6zel&#8217;in kat\u0131l\u0131m\u0131yla ger\u00e7ekle\u015fen &#8216;Millet \u0130radesine Sahip \u00c7\u0131k\u0131yor&#8217; mitingine ili\u015fkin bir a\u00e7\u0131klama yapt\u0131. Mesaj\u0131nda, d\u00f6rt duvar aras\u0131nda olmas\u0131na ra\u011fmen Antalya&#8217;dan y\u00fckselen sesi y\u00fcre\u011finin en derininde hissetti\u011fini belirten B\u00f6cek, t\u00fcm kalbinin mitinge kat\u0131lanlarla birlikte oldu\u011funu ve her ad\u0131mlar\u0131nda yanlar\u0131nda oldu\u011funu dile getirdi.<\/p>\n<p>ADALET VURGUSU VE GELECEK TEMENN\u0130S\u0130<\/p>\n<p>Antalya B\u00fcy\u00fck\u015fehir Belediye Ba\u015fkan\u0131 Muhittin B\u00f6cek, g\u00f6nderdi\u011fi mesajda Cumhuriyet Halk Partisi Genel Ba\u015fkan\u0131 \u00d6zg\u00fcr \u00d6zel&#8217;in \u00f6nc\u00fcl\u00fc\u011f\u00fcnde b\u00fcy\u00fcyen bu dayan\u0131\u015fman\u0131n, milletin iradesine ve adalet aray\u0131\u015f\u0131na sahip \u00e7\u0131k\u0131\u015f oldu\u011funu vurgulad\u0131. B\u00f6cek, &#8220;Adalet mutlaka yerini bulacak. Bu karanl\u0131k g\u00fcnler ge\u00e7ecek, hep birlikte ayd\u0131nl\u0131\u011fa \u00e7\u0131kaca\u011f\u0131z&#8221; ifadelerini kullanarak, gelece\u011fe dair umut dolu bir temennide bulundu.<\/p>\n<p>\u200bAntalya B\u00fcy\u00fck\u015fehir Belediye Ba\u015fkan\u0131 Muhittin B\u00f6cek, D\u00f6\u015femealt\u0131 L Tipi Kapal\u0131 Ceza \u0130nfaz Kurumu&#8217;ndan bir mesaj g\u00f6nderdi. CHP Genel Ba\u015fkan\u0131 \u00d6zg\u00fcr \u00d6zel&#8217;in kat\u0131l\u0131m\u0131yla Antalya B\u00fcy\u00fck\u015fehir Belediye Ba\u015fkanl\u0131\u011f\u0131 \u00f6n\u00fcnde d\u00fczenlenen &#8216;Millet \u0130radesine Sahip \u00c7\u0131k\u0131yor&#8217; mitingini de\u011ferlendiren B\u00f6cek, halk\u0131n iradesinin susturulamayaca\u011f\u0131n\u0131 ve adaletin mutlaka yerini bulaca\u011f\u0131n\u0131 ifade etti.\u00a0<\/p>\n<p>\u200bHaberin Al\u0131nt\u0131land\u0131\u011f\u0131 Kaynak: www.antalyakorfez.com<\/p>","protected":false},"excerpt":{"rendered":"<p>R\u00fc\u015fvet soru\u015fturmas\u0131 kapsam\u0131nda D\u00f6\u015femealt\u0131 L Tipi Kapal\u0131 Ceza \u0130nfaz Kurumu&#8217;nda tutuklu bulunan Antalya B\u00fcy\u00fck\u015fehir Belediye Ba\u015fkan\u0131 Muhittin B\u00f6cek, Cumhuriyet Halk Partisi (CHP) Genel Ba\u015fkan\u0131 \u00d6zg\u00fcr \u00d6zel&#8217;in kat\u0131l\u0131m\u0131yla ger\u00e7ekle\u015fen &#8216;Millet \u0130radesine Sahip \u00c7\u0131k\u0131yor&#8217; mitingine ili\u015fkin bir a\u00e7\u0131klama yapt\u0131. Mesaj\u0131nda, d\u00f6rt duvar aras\u0131nda olmas\u0131na ra\u011fmen Antalya&#8217;dan y\u00fckselen sesi y\u00fcre\u011finin en derininde hissetti\u011fini belirten B\u00f6cek, t\u00fcm kalbinin mitinge kat\u0131lanlarla birlikte oldu\u011funu ve her ad\u0131mlar\u0131nda yanlar\u0131nda oldu\u011funu dile getirdi. ADALET VURGUSU VE GELECEK TEMENN\u0130S\u0130 Antalya B\u00fcy\u00fck\u015fehir Belediye Ba\u015fkan\u0131 Muhittin B\u00f6cek, g\u00f6nderdi\u011fi mesajda Cumhuriyet Halk Partisi Genel Ba\u015fkan\u0131 \u00d6zg\u00fcr \u00d6zel&#8217;in \u00f6nc\u00fcl\u00fc\u011f\u00fcnde b\u00fcy\u00fcyen bu dayan\u0131\u015fman\u0131n, milletin iradesine ve adalet aray\u0131\u015f\u0131na sahip \u00e7\u0131k\u0131\u015f oldu\u011funu vurgulad\u0131. B\u00f6cek, &#8220;Adalet mutlaka yerini bulacak. Bu karanl\u0131k g\u00fcnler ge\u00e7ecek, hep birlikte ayd\u0131nl\u0131\u011fa \u00e7\u0131kaca\u011f\u0131z&#8221; ifadelerini kullanarak, gelece\u011fe dair umut dolu bir temennide bulundu. \u200bAntalya B\u00fcy\u00fck\u015fehir Belediye Ba\u015fkan\u0131 Muhittin B\u00f6cek, D\u00f6\u015femealt\u0131 L Tipi Kapal\u0131 Ceza \u0130nfaz Kurumu&#8217;ndan bir mesaj g\u00f6nderdi. CHP Genel Ba\u015fkan\u0131 \u00d6zg\u00fcr \u00d6zel&#8217;in kat\u0131l\u0131m\u0131yla Antalya B\u00fcy\u00fck\u015fehir Belediye Ba\u015fkanl\u0131\u011f\u0131 \u00f6n\u00fcnde d\u00fczenlenen &#8216;Millet \u0130radesine Sahip \u00c7\u0131k\u0131yor&#8217; mitingini de\u011ferlendiren B\u00f6cek, halk\u0131n iradesinin susturulamayaca\u011f\u0131n\u0131 ve adaletin mutlaka yerini bulaca\u011f\u0131n\u0131 ifade etti.\u00a0 \u200bHaberin Al\u0131nt\u0131land\u0131\u011f\u0131 Kaynak: www.antalyakorfez.com<\/p>","protected":false},"author":5,"featured_media":0,"comment_status":"","ping_status":"open","sticky":false,"template":"","format":"standard","meta":{"_acf_changed":false,"footnotes":""},"categories":[24],"tags":[],"class_list":["post-143698","post","type-post","status-publish","format-standard","has-post-thumbnail","hentry","category-gundem"],"acf":[],"yoast_head":"<!-- This site is optimized with the Yoast SEO Premium plugin v26.6 (Yoast SEO v27.1.1) - https:\/\/yoast.com\/product\/yoast-seo-premium-wordpress\/ -->\n<title>Muhittin B\u00f6cek: &quot;Halk\u0131n iradesi susturulamaz&quot; - Av. Deniz Can K\u0131z\u0131l<\/title>\n<meta name=\"robots\" content=\"index, follow, max-snippet:-1, max-image-preview:large, max-video-preview:-1\" \/>\n<link rel=\"canonical\" href=\"https:\/\/denizcankizil.tr\/uk\/haberler\/gundem\/muhittin-bocek-halkin-iradesi-susturulamaz\/\" \/>\n<meta property=\"og:locale\" content=\"uk_UA\" \/>\n<meta property=\"og:type\" content=\"article\" \/>\n<meta property=\"og:title\" content=\"Muhittin B\u00f6cek: &quot;Halk\u0131n iradesi susturulamaz&quot;\" \/>\n<meta property=\"og:description\" content=\"R\u00fc\u015fvet soru\u015fturmas\u0131 kapsam\u0131nda D\u00f6\u015femealt\u0131 L Tipi Kapal\u0131 Ceza \u0130nfaz Kurumu&#8217;nda tutuklu bulunan Antalya B\u00fcy\u00fck\u015fehir Belediye Ba\u015fkan\u0131 Muhittin B\u00f6cek, Cumhuriyet Halk Partisi (CHP) Genel Ba\u015fkan\u0131 \u00d6zg\u00fcr \u00d6zel&#8217;in kat\u0131l\u0131m\u0131yla ger\u00e7ekle\u015fen &#8216;Millet \u0130radesine Sahip \u00c7\u0131k\u0131yor&#8217; mitingine ili\u015fkin bir a\u00e7\u0131klama yapt\u0131. Mesaj\u0131nda, d\u00f6rt duvar aras\u0131nda olmas\u0131na ra\u011fmen Antalya&#8217;dan y\u00fckselen sesi y\u00fcre\u011finin en derininde hissetti\u011fini belirten B\u00f6cek, t\u00fcm kalbinin mitinge kat\u0131lanlarla birlikte oldu\u011funu ve her ad\u0131mlar\u0131nda yanlar\u0131nda oldu\u011funu dile getirdi. ADALET VURGUSU VE GELECEK TEMENN\u0130S\u0130 Antalya B\u00fcy\u00fck\u015fehir Belediye Ba\u015fkan\u0131 Muhittin B\u00f6cek, g\u00f6nderdi\u011fi mesajda Cumhuriyet Halk Partisi Genel Ba\u015fkan\u0131 \u00d6zg\u00fcr \u00d6zel&#8217;in \u00f6nc\u00fcl\u00fc\u011f\u00fcnde b\u00fcy\u00fcyen bu dayan\u0131\u015fman\u0131n, milletin iradesine ve adalet aray\u0131\u015f\u0131na sahip \u00e7\u0131k\u0131\u015f oldu\u011funu vurgulad\u0131. B\u00f6cek, &#8220;Adalet mutlaka yerini bulacak. Bu karanl\u0131k g\u00fcnler ge\u00e7ecek, hep birlikte ayd\u0131nl\u0131\u011fa \u00e7\u0131kaca\u011f\u0131z&#8221; ifadelerini kullanarak, gelece\u011fe dair umut dolu bir temennide bulundu. \u200bAntalya B\u00fcy\u00fck\u015fehir Belediye Ba\u015fkan\u0131 Muhittin B\u00f6cek, D\u00f6\u015femealt\u0131 L Tipi Kapal\u0131 Ceza \u0130nfaz Kurumu&#8217;ndan bir mesaj g\u00f6nderdi. CHP Genel Ba\u015fkan\u0131 \u00d6zg\u00fcr \u00d6zel&#8217;in kat\u0131l\u0131m\u0131yla Antalya B\u00fcy\u00fck\u015fehir Belediye Ba\u015fkanl\u0131\u011f\u0131 \u00f6n\u00fcnde d\u00fczenlenen &#8216;Millet \u0130radesine Sahip \u00c7\u0131k\u0131yor&#8217; mitingini de\u011ferlendiren B\u00f6cek, halk\u0131n iradesinin susturulamayaca\u011f\u0131n\u0131 ve adaletin mutlaka yerini bulaca\u011f\u0131n\u0131 ifade etti.\u00a0 \u200bHaberin Al\u0131nt\u0131land\u0131\u011f\u0131 Kaynak: www.antalyakorfez.com\" \/>\n<meta property=\"og:url\" content=\"https:\/\/denizcankizil.tr\/uk\/haberler\/gundem\/muhittin-bocek-halkin-iradesi-susturulamaz\/\" \/>\n<meta property=\"og:site_name\" content=\"Av. Deniz Can K\u0131z\u0131l\" \/>\n<meta property=\"article:published_time\" content=\"2025-07-12T14:41:16+00:00\" \/>\n<meta name=\"author\" content=\"Antalya K\u00f6rfez\" \/>\n<meta name=\"twitter:card\" content=\"summary_large_image\" \/>\n<meta name=\"twitter:label1\" content=\"\u041d\u0430\u043f\u0438\u0441\u0430\u043d\u043e\" \/>\n\t<meta name=\"twitter:data1\" content=\"Antalya K\u00f6rfez\" \/>\n\t<meta name=\"twitter:label2\" content=\"\u041f\u0440\u0438\u0431\u043b. \u0447\u0430\u0441 \u0447\u0438\u0442\u0430\u043d\u043d\u044f\" \/>\n\t<meta name=\"twitter:data2\" content=\"1 \u0445\u0432\u0438\u043b\u0438\u043d\u0430\" \/>\n<script type=\"application\/ld+json\" class=\"yoast-schema-graph\">{\"@context\":\"https:\/\/schema.org\",\"@graph\":[{\"@type\":\"Article\",\"@id\":\"https:\/\/denizcankizil.tr\/ru\/haberler\/gundem\/muhittin-bocek-halkin-iradesi-susturulamaz\/#article\",\"isPartOf\":{\"@id\":\"https:\/\/denizcankizil.tr\/ru\/haberler\/gundem\/muhittin-bocek-halkin-iradesi-susturulamaz\/\"},\"author\":{\"name\":\"Antalya K\u00f6rfez\",\"@id\":\"https:\/\/denizcankizil.tr\/de\/#\/schema\/person\/e1eb71bb4dd684d46563f0af307e1234\"},\"headline\":\"Muhittin B\u00f6cek: &#8220;Halk\u0131n iradesi susturulamaz&#8221;\",\"datePublished\":\"2025-07-12T14:41:16+00:00\",\"mainEntityOfPage\":{\"@id\":\"https:\/\/denizcankizil.tr\/ru\/haberler\/gundem\/muhittin-bocek-halkin-iradesi-susturulamaz\/\"},\"wordCount\":272,\"publisher\":{\"@id\":\"https:\/\/denizcankizil.tr\/de\/#organization\"},\"articleSection\":[\"G\u00fcndem\"],\"inLanguage\":\"uk\"},{\"@type\":\"WebPage\",\"@id\":\"https:\/\/denizcankizil.tr\/ru\/haberler\/gundem\/muhittin-bocek-halkin-iradesi-susturulamaz\/\",\"url\":\"https:\/\/denizcankizil.tr\/ru\/haberler\/gundem\/muhittin-bocek-halkin-iradesi-susturulamaz\/\",\"name\":\"Muhittin B\u00f6cek: \\\"Halk\u0131n iradesi susturulamaz\\\" - Av. Deniz Can K\u0131z\u0131l\",\"isPartOf\":{\"@id\":\"https:\/\/denizcankizil.tr\/de\/#website\"},\"datePublished\":\"2025-07-12T14:41:16+00:00\",\"breadcrumb\":{\"@id\":\"https:\/\/denizcankizil.tr\/ru\/haberler\/gundem\/muhittin-bocek-halkin-iradesi-susturulamaz\/#breadcrumb\"},\"inLanguage\":\"uk\",\"potentialAction\":[{\"@type\":\"ReadAction\",\"target\":[\"https:\/\/denizcankizil.tr\/ru\/haberler\/gundem\/muhittin-bocek-halkin-iradesi-susturulamaz\/\"]}]},{\"@type\":\"BreadcrumbList\",\"@id\":\"https:\/\/denizcankizil.tr\/ru\/haberler\/gundem\/muhittin-bocek-halkin-iradesi-susturulamaz\/#breadcrumb\",\"itemListElement\":[{\"@type\":\"ListItem\",\"position\":1,\"name\":\"Home\",\"item\":\"https:\/\/denizcankizil.tr\/de\/\"},{\"@type\":\"ListItem\",\"position\":2,\"name\":\"Muhittin B\u00f6cek: &#8220;Halk\u0131n iradesi susturulamaz&#8221;\"}]},{\"@type\":\"WebSite\",\"@id\":\"https:\/\/denizcankizil.tr\/de\/#website\",\"url\":\"https:\/\/denizcankizil.tr\/de\/\",\"name\":\"Av. Deniz Can K\u0131z\u0131l\",\"description\":\"Avukat Deniz Can K\u0131z\u0131l Antalya Barosu\",\"publisher\":{\"@id\":\"https:\/\/denizcankizil.tr\/de\/#organization\"},\"potentialAction\":[{\"@type\":\"SearchAction\",\"target\":{\"@type\":\"EntryPoint\",\"urlTemplate\":\"https:\/\/denizcankizil.tr\/de\/?s={search_term_string}\"},\"query-input\":{\"@type\":\"PropertyValueSpecification\",\"valueRequired\":true,\"valueName\":\"search_term_string\"}}],\"inLanguage\":\"uk\"},{\"@type\":\"Organization\",\"@id\":\"https:\/\/denizcankizil.tr\/de\/#organization\",\"name\":\"Av. Deniz Can K\u0131z\u0131l\",\"url\":\"https:\/\/denizcankizil.tr\/de\/\",\"logo\":{\"@type\":\"ImageObject\",\"inLanguage\":\"uk\",\"@id\":\"https:\/\/denizcankizil.tr\/de\/#\/schema\/logo\/image\/\",\"url\":\"https:\/\/denizcankizil.tr\/wp-content\/uploads\/2024\/10\/siyah-logo-svg.svg\",\"contentUrl\":\"https:\/\/denizcankizil.tr\/wp-content\/uploads\/2024\/10\/siyah-logo-svg.svg\",\"width\":1080,\"height\":1080,\"caption\":\"Av. Deniz Can K\u0131z\u0131l\"},\"image\":{\"@id\":\"https:\/\/denizcankizil.tr\/de\/#\/schema\/logo\/image\/\"}},{\"@type\":\"Person\",\"@id\":\"https:\/\/denizcankizil.tr\/de\/#\/schema\/person\/e1eb71bb4dd684d46563f0af307e1234\",\"name\":\"Antalya K\u00f6rfez\",\"image\":{\"@type\":\"ImageObject\",\"inLanguage\":\"uk\",\"@id\":\"https:\/\/denizcankizil.tr\/de\/#\/schema\/person\/image\/\",\"url\":\"https:\/\/secure.gravatar.com\/avatar\/42b01982558a48a0b501fdcab6a408d3717ea5919095ee2e67b0e521799c5905?s=96&d=mm&r=g\",\"contentUrl\":\"https:\/\/secure.gravatar.com\/avatar\/42b01982558a48a0b501fdcab6a408d3717ea5919095ee2e67b0e521799c5905?s=96&d=mm&r=g\",\"caption\":\"Antalya K\u00f6rfez\"},\"sameAs\":[\"http:\/\/www.antalyakorfez.com\"],\"url\":\"https:\/\/www.antalyakorfez.com\/muhittin-bocek-halkin-iradesi-susturulamaz\"}]}<\/script>\n<!-- \/ Yoast SEO Premium plugin. -->","yoast_head_json":{"title":"Muhittin B\u00f6cek: \"Halk\u0131n iradesi susturulamaz\" - Av. Deniz Can K\u0131z\u0131l","robots":{"index":"index","follow":"follow","max-snippet":"max-snippet:-1","max-image-preview":"max-image-preview:large","max-video-preview":"max-video-preview:-1"},"canonical":"https:\/\/denizcankizil.tr\/uk\/haberler\/gundem\/muhittin-bocek-halkin-iradesi-susturulamaz\/","og_locale":"uk_UA","og_type":"article","og_title":"Muhittin B\u00f6cek: \"Halk\u0131n iradesi susturulamaz\"","og_description":"R\u00fc\u015fvet soru\u015fturmas\u0131 kapsam\u0131nda D\u00f6\u015femealt\u0131 L Tipi Kapal\u0131 Ceza \u0130nfaz Kurumu&#8217;nda tutuklu bulunan Antalya B\u00fcy\u00fck\u015fehir Belediye Ba\u015fkan\u0131 Muhittin B\u00f6cek, Cumhuriyet Halk Partisi (CHP) Genel Ba\u015fkan\u0131 \u00d6zg\u00fcr \u00d6zel&#8217;in kat\u0131l\u0131m\u0131yla ger\u00e7ekle\u015fen &#8216;Millet \u0130radesine Sahip \u00c7\u0131k\u0131yor&#8217; mitingine ili\u015fkin bir a\u00e7\u0131klama yapt\u0131. Mesaj\u0131nda, d\u00f6rt duvar aras\u0131nda olmas\u0131na ra\u011fmen Antalya&#8217;dan y\u00fckselen sesi y\u00fcre\u011finin en derininde hissetti\u011fini belirten B\u00f6cek, t\u00fcm kalbinin mitinge kat\u0131lanlarla birlikte oldu\u011funu ve her ad\u0131mlar\u0131nda yanlar\u0131nda oldu\u011funu dile getirdi. ADALET VURGUSU VE GELECEK TEMENN\u0130S\u0130 Antalya B\u00fcy\u00fck\u015fehir Belediye Ba\u015fkan\u0131 Muhittin B\u00f6cek, g\u00f6nderdi\u011fi mesajda Cumhuriyet Halk Partisi Genel Ba\u015fkan\u0131 \u00d6zg\u00fcr \u00d6zel&#8217;in \u00f6nc\u00fcl\u00fc\u011f\u00fcnde b\u00fcy\u00fcyen bu dayan\u0131\u015fman\u0131n, milletin iradesine ve adalet aray\u0131\u015f\u0131na sahip \u00e7\u0131k\u0131\u015f oldu\u011funu vurgulad\u0131. B\u00f6cek, &#8220;Adalet mutlaka yerini bulacak. Bu karanl\u0131k g\u00fcnler ge\u00e7ecek, hep birlikte ayd\u0131nl\u0131\u011fa \u00e7\u0131kaca\u011f\u0131z&#8221; ifadelerini kullanarak, gelece\u011fe dair umut dolu bir temennide bulundu. \u200bAntalya B\u00fcy\u00fck\u015fehir Belediye Ba\u015fkan\u0131 Muhittin B\u00f6cek, D\u00f6\u015femealt\u0131 L Tipi Kapal\u0131 Ceza \u0130nfaz Kurumu&#8217;ndan bir mesaj g\u00f6nderdi. CHP Genel Ba\u015fkan\u0131 \u00d6zg\u00fcr \u00d6zel&#8217;in kat\u0131l\u0131m\u0131yla Antalya B\u00fcy\u00fck\u015fehir Belediye Ba\u015fkanl\u0131\u011f\u0131 \u00f6n\u00fcnde d\u00fczenlenen &#8216;Millet \u0130radesine Sahip \u00c7\u0131k\u0131yor&#8217; mitingini de\u011ferlendiren B\u00f6cek, halk\u0131n iradesinin susturulamayaca\u011f\u0131n\u0131 ve adaletin mutlaka yerini bulaca\u011f\u0131n\u0131 ifade etti.\u00a0 \u200bHaberin Al\u0131nt\u0131land\u0131\u011f\u0131 Kaynak: www.antalyakorfez.com","og_url":"https:\/\/denizcankizil.tr\/uk\/haberler\/gundem\/muhittin-bocek-halkin-iradesi-susturulamaz\/","og_site_name":"Av. Deniz Can K\u0131z\u0131l","article_published_time":"2025-07-12T14:41:16+00:00","author":"Antalya K\u00f6rfez","twitter_card":"summary_large_image","twitter_misc":{"\u041d\u0430\u043f\u0438\u0441\u0430\u043d\u043e":"Antalya K\u00f6rfez","\u041f\u0440\u0438\u0431\u043b. \u0447\u0430\u0441 \u0447\u0438\u0442\u0430\u043d\u043d\u044f":"1 \u0445\u0432\u0438\u043b\u0438\u043d\u0430"},"schema":{"@context":"https:\/\/schema.org","@graph":[{"@type":"Article","@id":"https:\/\/denizcankizil.tr\/ru\/haberler\/gundem\/muhittin-bocek-halkin-iradesi-susturulamaz\/#article","isPartOf":{"@id":"https:\/\/denizcankizil.tr\/ru\/haberler\/gundem\/muhittin-bocek-halkin-iradesi-susturulamaz\/"},"author":{"name":"Antalya K\u00f6rfez","@id":"https:\/\/denizcankizil.tr\/de\/#\/schema\/person\/e1eb71bb4dd684d46563f0af307e1234"},"headline":"Muhittin B\u00f6cek: &#8220;Halk\u0131n iradesi susturulamaz&#8221;","datePublished":"2025-07-12T14:41:16+00:00","mainEntityOfPage":{"@id":"https:\/\/denizcankizil.tr\/ru\/haberler\/gundem\/muhittin-bocek-halkin-iradesi-susturulamaz\/"},"wordCount":272,"publisher":{"@id":"https:\/\/denizcankizil.tr\/de\/#organization"},"articleSection":["G\u00fcndem"],"inLanguage":"uk"},{"@type":"WebPage","@id":"https:\/\/denizcankizil.tr\/ru\/haberler\/gundem\/muhittin-bocek-halkin-iradesi-susturulamaz\/","url":"https:\/\/denizcankizil.tr\/ru\/haberler\/gundem\/muhittin-bocek-halkin-iradesi-susturulamaz\/","name":"Muhittin B\u00f6cek: \"Halk\u0131n iradesi susturulamaz\" - Av. Deniz Can K\u0131z\u0131l","isPartOf":{"@id":"https:\/\/denizcankizil.tr\/de\/#website"},"datePublished":"2025-07-12T14:41:16+00:00","breadcrumb":{"@id":"https:\/\/denizcankizil.tr\/ru\/haberler\/gundem\/muhittin-bocek-halkin-iradesi-susturulamaz\/#breadcrumb"},"inLanguage":"uk","potentialAction":[{"@type":"ReadAction","target":["https:\/\/denizcankizil.tr\/ru\/haberler\/gundem\/muhittin-bocek-halkin-iradesi-susturulamaz\/"]}]},{"@type":"BreadcrumbList","@id":"https:\/\/denizcankizil.tr\/ru\/haberler\/gundem\/muhittin-bocek-halkin-iradesi-susturulamaz\/#breadcrumb","itemListElement":[{"@type":"ListItem","position":1,"name":"Home","item":"https:\/\/denizcankizil.tr\/de\/"},{"@type":"ListItem","position":2,"name":"Muhittin B\u00f6cek: &#8220;Halk\u0131n iradesi susturulamaz&#8221;"}]},{"@type":"WebSite","@id":"https:\/\/denizcankizil.tr\/de\/#website","url":"https:\/\/denizcankizil.tr\/de\/","name":"Av. Deniz Can K\u0131z\u0131l","description":"Avukat Deniz Can K\u0131z\u0131l Antalya Barosu","publisher":{"@id":"https:\/\/denizcankizil.tr\/de\/#organization"},"potentialAction":[{"@type":"SearchAction","target":{"@type":"EntryPoint","urlTemplate":"https:\/\/denizcankizil.tr\/de\/?s={search_term_string}"},"query-input":{"@type":"PropertyValueSpecification","valueRequired":true,"valueName":"search_term_string"}}],"inLanguage":"uk"},{"@type":"Organization","@id":"https:\/\/denizcankizil.tr\/de\/#organization","name":"Av. Deniz Can K\u0131z\u0131l","url":"https:\/\/denizcankizil.tr\/de\/","logo":{"@type":"ImageObject","inLanguage":"uk","@id":"https:\/\/denizcankizil.tr\/de\/#\/schema\/logo\/image\/","url":"https:\/\/denizcankizil.tr\/wp-content\/uploads\/2024\/10\/siyah-logo-svg.svg","contentUrl":"https:\/\/denizcankizil.tr\/wp-content\/uploads\/2024\/10\/siyah-logo-svg.svg","width":1080,"height":1080,"caption":"Av. Deniz Can K\u0131z\u0131l"},"image":{"@id":"https:\/\/denizcankizil.tr\/de\/#\/schema\/logo\/image\/"}},{"@type":"Person","@id":"https:\/\/denizcankizil.tr\/de\/#\/schema\/person\/e1eb71bb4dd684d46563f0af307e1234","name":"Antalya K\u00f6rfez","image":{"@type":"ImageObject","inLanguage":"uk","@id":"https:\/\/denizcankizil.tr\/de\/#\/schema\/person\/image\/","url":"https:\/\/secure.gravatar.com\/avatar\/42b01982558a48a0b501fdcab6a408d3717ea5919095ee2e67b0e521799c5905?s=96&d=mm&r=g","contentUrl":"https:\/\/secure.gravatar.com\/avatar\/42b01982558a48a0b501fdcab6a408d3717ea5919095ee2e67b0e521799c5905?s=96&d=mm&r=g","caption":"Antalya K\u00f6rfez"},"sameAs":["http:\/\/www.antalyakorfez.com"],"url":"https:\/\/www.antalyakorfez.com\/muhittin-bocek-halkin-iradesi-susturulamaz"}]}},"_links":{"self":[{"href":"https:\/\/denizcankizil.tr\/uk\/wp-json\/wp\/v2\/posts\/143698","targetHints":{"allow":["GET"]}}],"collection":[{"href":"https:\/\/denizcankizil.tr\/uk\/wp-json\/wp\/v2\/posts"}],"about":[{"href":"https:\/\/denizcankizil.tr\/uk\/wp-json\/wp\/v2\/types\/post"}],"author":[{"embeddable":true,"href":"https:\/\/denizcankizil.tr\/uk\/wp-json\/wp\/v2\/users\/5"}],"replies":[{"embeddable":true,"href":"https:\/\/denizcankizil.tr\/uk\/wp-json\/wp\/v2\/comments?post=143698"}],"version-history":[{"count":0,"href":"https:\/\/denizcankizil.tr\/uk\/wp-json\/wp\/v2\/posts\/143698\/revisions"}],"wp:attachment":[{"href":"https:\/\/denizcankizil.tr\/uk\/wp-json\/wp\/v2\/media?parent=143698"}],"wp:term":[{"taxonomy":"category","embeddable":true,"href":"https:\/\/denizcankizil.tr\/uk\/wp-json\/wp\/v2\/categories?post=143698"},{"taxonomy":"post_tag","embeddable":true,"href":"https:\/\/denizcankizil.tr\/uk\/wp-json\/wp\/v2\/tags?post=143698"}],"curies":[{"name":"wp","href":"https:\/\/api.w.org\/{rel}","templated":true}]}}