{"id":142613,"date":"2025-07-11T13:41:20","date_gmt":"2025-07-11T10:41:20","guid":{"rendered":"https:\/\/denizcankizil.tr\/uncategorized-tr\/ekrem-imamoglundan-antalya-cagrisi-mitinge-butun-hemserilerimi-davet-ediyorum\/"},"modified":"2025-07-11T13:41:20","modified_gmt":"2025-07-11T10:41:20","slug":"ekrem-imamoglundan-antalya-cagrisi-mitinge-butun-hemserilerimi-davet-ediyorum","status":"publish","type":"post","link":"https:\/\/denizcankizil.tr\/uk\/haberler\/gundem\/ekrem-imamoglundan-antalya-cagrisi-mitinge-butun-hemserilerimi-davet-ediyorum\/","title":{"rendered":"Ekrem \u0130mamo\u011flu\u2019ndan Antalya \u00e7a\u011fr\u0131s\u0131: \u201cMitinge b\u00fct\u00fcn hem\u015ferilerimi davet ediyorum\u201d"},"content":{"rendered":"<p>Silivri\u2019de tutuklu bulunan \u0130stanbul B\u00fcy\u00fck\u015fehir Belediye (\u0130BB) Ba\u015fkan\u0131 ve CHP\u2019nin cumhurba\u015fkan\u0131 aday\u0131 Ekrem \u0130mamo\u011flu, sosyal medya \u00fczerinden yapt\u0131\u011f\u0131 \u00e7a\u011fr\u0131 ile 11 Temmuz 2025 Cuma g\u00fcn\u00fc (bug\u00fcn) saat 20.30\u2019da Antalya B\u00fcy\u00fck\u015fehir Belediye binas\u0131 \u00f6n\u00fcnde tutuklu Antalya B\u00fcy\u00fck\u015fehir Belediye Ba\u015fkan\u0131 Muhittin B\u00f6cek i\u00e7in d\u00fczenlenecek olan mitinge b\u00fct\u00fcn Antalya\u2019y\u0131 davet etti. Mitinge CHP Genel Ba\u015fkan\u0131 \u00d6zg\u00fcr \u00d6zel de kat\u0131lacak.<\/p>\n<p>\u201cM\u0130T\u0130NGE B\u00dcT\u00dcN HEM\u015eER\u0130LER\u0130M\u0130 DAVET ED\u0130YORUM\u201d<\/p>\n<p>\u0130mamo\u011flu, sosyal medya \u00fczerinden yapt\u0131\u011f\u0131 payla\u015f\u0131mla b\u00fct\u00fcn Antalyal\u0131 vatanda\u015flar\u0131 mitinge davet ederek, &#8220;Hem bu adaletsizlik son bulacak hem de bu \u00fclkeye bereket gelecek. Antalya, B\u00fcy\u00fck\u015fehir Belediye Ba\u015fkan\u0131m\u0131z Muhittin B\u00f6cek i\u00e7in bulu\u015fuyor. Genel Ba\u015fkan\u0131m\u0131z Say\u0131n \u00d6zg\u00fcr \u00d6zel\u2019in kat\u0131laca\u011f\u0131 mitinge b\u00fct\u00fcn hem\u015ferilerimi davet ediyorum\u201d dedi.<\/p>\n<p>Hem bu adaletsizlik son bulacak hem de bu \u00fclkeye bereket gelecek.<\/p>\n<p>Antalya, B\u00fcy\u00fck\u015fehir Belediye Ba\u015fkan\u0131m\u0131z Muhittin B\u00f6cek i\u00e7in bulu\u015fuyor. Genel Ba\u015fkan\u0131m\u0131z Say\u0131n \u00d6zg\u00fcr \u00d6zel\u2019in kat\u0131laca\u011f\u0131 mitinge b\u00fct\u00fcn hem\u015ferilerimi davet ediyorum.<\/p>\n<p>11 Temmuz Cuma 20.30<br \/>\nAntalya B\u00fcy\u00fck\u015fehir\u2026 pic.twitter.com\/dM3UeoszkU<br \/>\n\u2014 Cumhurba\u015fkanl\u0131\u011f\u0131 Aday Ofisi (@CBAdayOfisi) July 11, 2025<\/p>\n<p>\u00d6ZG\u00dcR \u00d6ZEL\u2019\u0130N PROGRAMI<\/p>\n<p>Ba\u015fkan \u00d6zel&#8217;in bug\u00fcn ger\u00e7ekle\u015ftirece\u011fi Antalya program\u0131 belli oldu. Bu sabah saat 10.15\u2019te Antalya\u2019ya gelen \u00d6zel, havaliman\u0131nda \u00e7ok say\u0131da partili taraf\u0131ndan kar\u015f\u0131lad\u0131. Saat 16.30&#8217;da CHP Antalya \u0130l Ba\u015fkanl\u0131\u011f\u0131\u2019n\u0131 ziyaret edecek olan Ba\u015fkan \u00d6zel, buradaki i\u015flerini bitirdikten sonra saat 18.30\u2019da cezaevinde tutuklu bulunan Antalya B\u00fcy\u00fck\u015fehir Belediye Ba\u015fkan\u0131 Muhittin B\u00f6cek ile g\u00f6r\u00fc\u015fecek. G\u00f6r\u00fc\u015fmenin ard\u0131ndan \u00d6zel, saat 20.30\u2019da Antalya B\u00fcy\u00fck\u015fehir Belediyesi \u00f6n\u00fcnde halk bulu\u015fmas\u0131 ger\u00e7ekle\u015ftirilecek ve kentten ayr\u0131lacak.<\/p>\n<p>\u200b\u0130stanbul B\u00fcy\u00fck\u015fehir Belediye (\u0130BB) Ba\u015fkan\u0131 ve CHP\u2019nin Cumhurba\u015fkan\u0131 aday\u0131 Ekrem \u0130mamo\u011flu, 11 Temmuz 2025 Cuma g\u00fcn\u00fc (bug\u00fcn) saat 20.30\u2019da Antalya B\u00fcy\u00fck\u015fehir Belediye binas\u0131 \u00f6n\u00fcnde tutuklu Antalya B\u00fcy\u00fck\u015fehir Belediye Ba\u015fkan\u0131 Muhittin B\u00f6cek i\u00e7in d\u00fczenlenecek olan mitinge b\u00fct\u00fcn Antalya\u2019y\u0131 davet etti.\u00a0<\/p>\n<p>\u200bHaberin Al\u0131nt\u0131land\u0131\u011f\u0131 Kaynak: www.antalyakorfez.com<\/p>","protected":false},"excerpt":{"rendered":"<p>Silivri\u2019de tutuklu bulunan \u0130stanbul B\u00fcy\u00fck\u015fehir Belediye (\u0130BB) Ba\u015fkan\u0131 ve CHP\u2019nin cumhurba\u015fkan\u0131 aday\u0131 Ekrem \u0130mamo\u011flu, sosyal medya \u00fczerinden yapt\u0131\u011f\u0131 \u00e7a\u011fr\u0131 ile 11 Temmuz 2025 Cuma g\u00fcn\u00fc (bug\u00fcn) saat 20.30\u2019da Antalya B\u00fcy\u00fck\u015fehir Belediye binas\u0131 \u00f6n\u00fcnde tutuklu Antalya B\u00fcy\u00fck\u015fehir Belediye Ba\u015fkan\u0131 Muhittin B\u00f6cek i\u00e7in d\u00fczenlenecek olan mitinge b\u00fct\u00fcn Antalya\u2019y\u0131 davet etti. Mitinge CHP Genel Ba\u015fkan\u0131 \u00d6zg\u00fcr \u00d6zel de kat\u0131lacak. \u201cM\u0130T\u0130NGE B\u00dcT\u00dcN HEM\u015eER\u0130LER\u0130M\u0130 DAVET ED\u0130YORUM\u201d \u0130mamo\u011flu, sosyal medya \u00fczerinden yapt\u0131\u011f\u0131 payla\u015f\u0131mla b\u00fct\u00fcn Antalyal\u0131 vatanda\u015flar\u0131 mitinge davet ederek, &#8220;Hem bu adaletsizlik son bulacak hem de bu \u00fclkeye bereket gelecek. Antalya, B\u00fcy\u00fck\u015fehir Belediye Ba\u015fkan\u0131m\u0131z Muhittin B\u00f6cek i\u00e7in bulu\u015fuyor. Genel Ba\u015fkan\u0131m\u0131z Say\u0131n \u00d6zg\u00fcr \u00d6zel\u2019in kat\u0131laca\u011f\u0131 mitinge b\u00fct\u00fcn hem\u015ferilerimi davet ediyorum\u201d dedi. Hem bu adaletsizlik son bulacak hem de bu \u00fclkeye bereket gelecek. Antalya, B\u00fcy\u00fck\u015fehir Belediye Ba\u015fkan\u0131m\u0131z Muhittin B\u00f6cek i\u00e7in bulu\u015fuyor. Genel Ba\u015fkan\u0131m\u0131z Say\u0131n \u00d6zg\u00fcr \u00d6zel\u2019in kat\u0131laca\u011f\u0131 mitinge b\u00fct\u00fcn hem\u015ferilerimi davet ediyorum. 11 Temmuz Cuma 20.30 Antalya B\u00fcy\u00fck\u015fehir\u2026 pic.twitter.com\/dM3UeoszkU \u2014 Cumhurba\u015fkanl\u0131\u011f\u0131 Aday Ofisi (@CBAdayOfisi) July 11, 2025 \u00d6ZG\u00dcR \u00d6ZEL\u2019\u0130N PROGRAMI Ba\u015fkan \u00d6zel&#8217;in bug\u00fcn ger\u00e7ekle\u015ftirece\u011fi Antalya program\u0131 belli oldu. Bu sabah saat 10.15\u2019te Antalya\u2019ya gelen \u00d6zel, havaliman\u0131nda \u00e7ok say\u0131da partili taraf\u0131ndan kar\u015f\u0131lad\u0131. Saat 16.30&#8217;da CHP Antalya \u0130l Ba\u015fkanl\u0131\u011f\u0131\u2019n\u0131 ziyaret edecek olan Ba\u015fkan \u00d6zel, buradaki i\u015flerini bitirdikten sonra saat 18.30\u2019da cezaevinde tutuklu bulunan Antalya B\u00fcy\u00fck\u015fehir Belediye Ba\u015fkan\u0131 Muhittin B\u00f6cek ile &hellip;<\/p>","protected":false},"author":5,"featured_media":0,"comment_status":"","ping_status":"open","sticky":false,"template":"","format":"standard","meta":{"_acf_changed":false,"footnotes":""},"categories":[24],"tags":[],"class_list":["post-142613","post","type-post","status-publish","format-standard","has-post-thumbnail","hentry","category-gundem"],"acf":[],"yoast_head":"<!-- This site is optimized with the Yoast SEO Premium plugin v26.6 (Yoast SEO v27.1.1) - https:\/\/yoast.com\/product\/yoast-seo-premium-wordpress\/ -->\n<title>Ekrem \u0130mamo\u011flu\u2019ndan Antalya \u00e7a\u011fr\u0131s\u0131: \u201cMitinge b\u00fct\u00fcn hem\u015ferilerimi davet ediyorum\u201d - Av. Deniz Can K\u0131z\u0131l<\/title>\n<meta name=\"robots\" content=\"index, follow, max-snippet:-1, max-image-preview:large, max-video-preview:-1\" \/>\n<link rel=\"canonical\" href=\"https:\/\/denizcankizil.tr\/uk\/haberler\/gundem\/ekrem-imamoglundan-antalya-cagrisi-mitinge-butun-hemserilerimi-davet-ediyorum\/\" \/>\n<meta property=\"og:locale\" content=\"uk_UA\" \/>\n<meta property=\"og:type\" content=\"article\" \/>\n<meta property=\"og:title\" content=\"Ekrem \u0130mamo\u011flu\u2019ndan Antalya \u00e7a\u011fr\u0131s\u0131: \u201cMitinge b\u00fct\u00fcn hem\u015ferilerimi davet ediyorum\u201d\" \/>\n<meta property=\"og:description\" content=\"Silivri\u2019de tutuklu bulunan \u0130stanbul B\u00fcy\u00fck\u015fehir Belediye (\u0130BB) Ba\u015fkan\u0131 ve CHP\u2019nin cumhurba\u015fkan\u0131 aday\u0131 Ekrem \u0130mamo\u011flu, sosyal medya \u00fczerinden yapt\u0131\u011f\u0131 \u00e7a\u011fr\u0131 ile 11 Temmuz 2025 Cuma g\u00fcn\u00fc (bug\u00fcn) saat 20.30\u2019da Antalya B\u00fcy\u00fck\u015fehir Belediye binas\u0131 \u00f6n\u00fcnde tutuklu Antalya B\u00fcy\u00fck\u015fehir Belediye Ba\u015fkan\u0131 Muhittin B\u00f6cek i\u00e7in d\u00fczenlenecek olan mitinge b\u00fct\u00fcn Antalya\u2019y\u0131 davet etti. Mitinge CHP Genel Ba\u015fkan\u0131 \u00d6zg\u00fcr \u00d6zel de kat\u0131lacak. \u201cM\u0130T\u0130NGE B\u00dcT\u00dcN HEM\u015eER\u0130LER\u0130M\u0130 DAVET ED\u0130YORUM\u201d \u0130mamo\u011flu, sosyal medya \u00fczerinden yapt\u0131\u011f\u0131 payla\u015f\u0131mla b\u00fct\u00fcn Antalyal\u0131 vatanda\u015flar\u0131 mitinge davet ederek, &#8220;Hem bu adaletsizlik son bulacak hem de bu \u00fclkeye bereket gelecek. Antalya, B\u00fcy\u00fck\u015fehir Belediye Ba\u015fkan\u0131m\u0131z Muhittin B\u00f6cek i\u00e7in bulu\u015fuyor. Genel Ba\u015fkan\u0131m\u0131z Say\u0131n \u00d6zg\u00fcr \u00d6zel\u2019in kat\u0131laca\u011f\u0131 mitinge b\u00fct\u00fcn hem\u015ferilerimi davet ediyorum\u201d dedi. Hem bu adaletsizlik son bulacak hem de bu \u00fclkeye bereket gelecek. Antalya, B\u00fcy\u00fck\u015fehir Belediye Ba\u015fkan\u0131m\u0131z Muhittin B\u00f6cek i\u00e7in bulu\u015fuyor. Genel Ba\u015fkan\u0131m\u0131z Say\u0131n \u00d6zg\u00fcr \u00d6zel\u2019in kat\u0131laca\u011f\u0131 mitinge b\u00fct\u00fcn hem\u015ferilerimi davet ediyorum. 11 Temmuz Cuma 20.30 Antalya B\u00fcy\u00fck\u015fehir\u2026 pic.twitter.com\/dM3UeoszkU \u2014 Cumhurba\u015fkanl\u0131\u011f\u0131 Aday Ofisi (@CBAdayOfisi) July 11, 2025 \u00d6ZG\u00dcR \u00d6ZEL\u2019\u0130N PROGRAMI Ba\u015fkan \u00d6zel&#8217;in bug\u00fcn ger\u00e7ekle\u015ftirece\u011fi Antalya program\u0131 belli oldu. Bu sabah saat 10.15\u2019te Antalya\u2019ya gelen \u00d6zel, havaliman\u0131nda \u00e7ok say\u0131da partili taraf\u0131ndan kar\u015f\u0131lad\u0131. Saat 16.30&#8217;da CHP Antalya \u0130l Ba\u015fkanl\u0131\u011f\u0131\u2019n\u0131 ziyaret edecek olan Ba\u015fkan \u00d6zel, buradaki i\u015flerini bitirdikten sonra saat 18.30\u2019da cezaevinde tutuklu bulunan Antalya B\u00fcy\u00fck\u015fehir Belediye Ba\u015fkan\u0131 Muhittin B\u00f6cek ile &hellip;\" \/>\n<meta property=\"og:url\" content=\"https:\/\/denizcankizil.tr\/uk\/haberler\/gundem\/ekrem-imamoglundan-antalya-cagrisi-mitinge-butun-hemserilerimi-davet-ediyorum\/\" \/>\n<meta property=\"og:site_name\" content=\"Av. Deniz Can K\u0131z\u0131l\" \/>\n<meta property=\"article:published_time\" content=\"2025-07-11T10:41:20+00:00\" \/>\n<meta name=\"author\" content=\"Antalya K\u00f6rfez\" \/>\n<meta name=\"twitter:card\" content=\"summary_large_image\" \/>\n<meta name=\"twitter:label1\" content=\"\u041d\u0430\u043f\u0438\u0441\u0430\u043d\u043e\" \/>\n\t<meta name=\"twitter:data1\" content=\"Antalya K\u00f6rfez\" \/>\n\t<meta name=\"twitter:label2\" content=\"\u041f\u0440\u0438\u0431\u043b. \u0447\u0430\u0441 \u0447\u0438\u0442\u0430\u043d\u043d\u044f\" \/>\n\t<meta name=\"twitter:data2\" content=\"2 \u0445\u0432\u0438\u043b\u0438\u043d\u0438\" \/>\n<script type=\"application\/ld+json\" class=\"yoast-schema-graph\">{\"@context\":\"https:\/\/schema.org\",\"@graph\":[{\"@type\":\"Article\",\"@id\":\"https:\/\/denizcankizil.tr\/uk\/haberler\/gundem\/ekrem-imamoglundan-antalya-cagrisi-mitinge-butun-hemserilerimi-davet-ediyorum\/#article\",\"isPartOf\":{\"@id\":\"https:\/\/denizcankizil.tr\/uk\/haberler\/gundem\/ekrem-imamoglundan-antalya-cagrisi-mitinge-butun-hemserilerimi-davet-ediyorum\/\"},\"author\":{\"name\":\"Antalya K\u00f6rfez\",\"@id\":\"https:\/\/denizcankizil.tr\/de\/#\/schema\/person\/e1eb71bb4dd684d46563f0af307e1234\"},\"headline\":\"Ekrem \u0130mamo\u011flu\u2019ndan Antalya \u00e7a\u011fr\u0131s\u0131: \u201cMitinge b\u00fct\u00fcn hem\u015ferilerimi davet ediyorum\u201d\",\"datePublished\":\"2025-07-11T10:41:20+00:00\",\"mainEntityOfPage\":{\"@id\":\"https:\/\/denizcankizil.tr\/uk\/haberler\/gundem\/ekrem-imamoglundan-antalya-cagrisi-mitinge-butun-hemserilerimi-davet-ediyorum\/\"},\"wordCount\":415,\"publisher\":{\"@id\":\"https:\/\/denizcankizil.tr\/de\/#organization\"},\"articleSection\":[\"G\u00fcndem\"],\"inLanguage\":\"uk\"},{\"@type\":\"WebPage\",\"@id\":\"https:\/\/denizcankizil.tr\/uk\/haberler\/gundem\/ekrem-imamoglundan-antalya-cagrisi-mitinge-butun-hemserilerimi-davet-ediyorum\/\",\"url\":\"https:\/\/denizcankizil.tr\/uk\/haberler\/gundem\/ekrem-imamoglundan-antalya-cagrisi-mitinge-butun-hemserilerimi-davet-ediyorum\/\",\"name\":\"Ekrem \u0130mamo\u011flu\u2019ndan Antalya \u00e7a\u011fr\u0131s\u0131: \u201cMitinge b\u00fct\u00fcn hem\u015ferilerimi davet ediyorum\u201d - Av. Deniz Can K\u0131z\u0131l\",\"isPartOf\":{\"@id\":\"https:\/\/denizcankizil.tr\/de\/#website\"},\"datePublished\":\"2025-07-11T10:41:20+00:00\",\"breadcrumb\":{\"@id\":\"https:\/\/denizcankizil.tr\/uk\/haberler\/gundem\/ekrem-imamoglundan-antalya-cagrisi-mitinge-butun-hemserilerimi-davet-ediyorum\/#breadcrumb\"},\"inLanguage\":\"uk\",\"potentialAction\":[{\"@type\":\"ReadAction\",\"target\":[\"https:\/\/denizcankizil.tr\/uk\/haberler\/gundem\/ekrem-imamoglundan-antalya-cagrisi-mitinge-butun-hemserilerimi-davet-ediyorum\/\"]}]},{\"@type\":\"BreadcrumbList\",\"@id\":\"https:\/\/denizcankizil.tr\/uk\/haberler\/gundem\/ekrem-imamoglundan-antalya-cagrisi-mitinge-butun-hemserilerimi-davet-ediyorum\/#breadcrumb\",\"itemListElement\":[{\"@type\":\"ListItem\",\"position\":1,\"name\":\"Home\",\"item\":\"https:\/\/denizcankizil.tr\/de\/\"},{\"@type\":\"ListItem\",\"position\":2,\"name\":\"Ekrem \u0130mamo\u011flu\u2019ndan Antalya \u00e7a\u011fr\u0131s\u0131: \u201cMitinge b\u00fct\u00fcn hem\u015ferilerimi davet ediyorum\u201d\"}]},{\"@type\":\"WebSite\",\"@id\":\"https:\/\/denizcankizil.tr\/de\/#website\",\"url\":\"https:\/\/denizcankizil.tr\/de\/\",\"name\":\"Av. Deniz Can K\u0131z\u0131l\",\"description\":\"Avukat Deniz Can K\u0131z\u0131l Antalya Barosu\",\"publisher\":{\"@id\":\"https:\/\/denizcankizil.tr\/de\/#organization\"},\"potentialAction\":[{\"@type\":\"SearchAction\",\"target\":{\"@type\":\"EntryPoint\",\"urlTemplate\":\"https:\/\/denizcankizil.tr\/de\/?s={search_term_string}\"},\"query-input\":{\"@type\":\"PropertyValueSpecification\",\"valueRequired\":true,\"valueName\":\"search_term_string\"}}],\"inLanguage\":\"uk\"},{\"@type\":\"Organization\",\"@id\":\"https:\/\/denizcankizil.tr\/de\/#organization\",\"name\":\"Av. Deniz Can K\u0131z\u0131l\",\"url\":\"https:\/\/denizcankizil.tr\/de\/\",\"logo\":{\"@type\":\"ImageObject\",\"inLanguage\":\"uk\",\"@id\":\"https:\/\/denizcankizil.tr\/de\/#\/schema\/logo\/image\/\",\"url\":\"https:\/\/denizcankizil.tr\/wp-content\/uploads\/2024\/10\/siyah-logo-svg.svg\",\"contentUrl\":\"https:\/\/denizcankizil.tr\/wp-content\/uploads\/2024\/10\/siyah-logo-svg.svg\",\"width\":1080,\"height\":1080,\"caption\":\"Av. Deniz Can K\u0131z\u0131l\"},\"image\":{\"@id\":\"https:\/\/denizcankizil.tr\/de\/#\/schema\/logo\/image\/\"}},{\"@type\":\"Person\",\"@id\":\"https:\/\/denizcankizil.tr\/de\/#\/schema\/person\/e1eb71bb4dd684d46563f0af307e1234\",\"name\":\"Antalya K\u00f6rfez\",\"image\":{\"@type\":\"ImageObject\",\"inLanguage\":\"uk\",\"@id\":\"https:\/\/denizcankizil.tr\/de\/#\/schema\/person\/image\/\",\"url\":\"https:\/\/secure.gravatar.com\/avatar\/42b01982558a48a0b501fdcab6a408d3717ea5919095ee2e67b0e521799c5905?s=96&d=mm&r=g\",\"contentUrl\":\"https:\/\/secure.gravatar.com\/avatar\/42b01982558a48a0b501fdcab6a408d3717ea5919095ee2e67b0e521799c5905?s=96&d=mm&r=g\",\"caption\":\"Antalya K\u00f6rfez\"},\"sameAs\":[\"http:\/\/www.antalyakorfez.com\"],\"url\":\"https:\/\/www.antalyakorfez.com\/ekrem-imamoglundan-antalya-cagrisi-mitinge-butun-hemserilerimi-davet-ediyorum\"}]}<\/script>\n<!-- \/ Yoast SEO Premium plugin. -->","yoast_head_json":{"title":"Ekrem \u0130mamo\u011flu\u2019ndan Antalya \u00e7a\u011fr\u0131s\u0131: \u201cMitinge b\u00fct\u00fcn hem\u015ferilerimi davet ediyorum\u201d - Av. Deniz Can K\u0131z\u0131l","robots":{"index":"index","follow":"follow","max-snippet":"max-snippet:-1","max-image-preview":"max-image-preview:large","max-video-preview":"max-video-preview:-1"},"canonical":"https:\/\/denizcankizil.tr\/uk\/haberler\/gundem\/ekrem-imamoglundan-antalya-cagrisi-mitinge-butun-hemserilerimi-davet-ediyorum\/","og_locale":"uk_UA","og_type":"article","og_title":"Ekrem \u0130mamo\u011flu\u2019ndan Antalya \u00e7a\u011fr\u0131s\u0131: \u201cMitinge b\u00fct\u00fcn hem\u015ferilerimi davet ediyorum\u201d","og_description":"Silivri\u2019de tutuklu bulunan \u0130stanbul B\u00fcy\u00fck\u015fehir Belediye (\u0130BB) Ba\u015fkan\u0131 ve CHP\u2019nin cumhurba\u015fkan\u0131 aday\u0131 Ekrem \u0130mamo\u011flu, sosyal medya \u00fczerinden yapt\u0131\u011f\u0131 \u00e7a\u011fr\u0131 ile 11 Temmuz 2025 Cuma g\u00fcn\u00fc (bug\u00fcn) saat 20.30\u2019da Antalya B\u00fcy\u00fck\u015fehir Belediye binas\u0131 \u00f6n\u00fcnde tutuklu Antalya B\u00fcy\u00fck\u015fehir Belediye Ba\u015fkan\u0131 Muhittin B\u00f6cek i\u00e7in d\u00fczenlenecek olan mitinge b\u00fct\u00fcn Antalya\u2019y\u0131 davet etti. Mitinge CHP Genel Ba\u015fkan\u0131 \u00d6zg\u00fcr \u00d6zel de kat\u0131lacak. \u201cM\u0130T\u0130NGE B\u00dcT\u00dcN HEM\u015eER\u0130LER\u0130M\u0130 DAVET ED\u0130YORUM\u201d \u0130mamo\u011flu, sosyal medya \u00fczerinden yapt\u0131\u011f\u0131 payla\u015f\u0131mla b\u00fct\u00fcn Antalyal\u0131 vatanda\u015flar\u0131 mitinge davet ederek, &#8220;Hem bu adaletsizlik son bulacak hem de bu \u00fclkeye bereket gelecek. Antalya, B\u00fcy\u00fck\u015fehir Belediye Ba\u015fkan\u0131m\u0131z Muhittin B\u00f6cek i\u00e7in bulu\u015fuyor. Genel Ba\u015fkan\u0131m\u0131z Say\u0131n \u00d6zg\u00fcr \u00d6zel\u2019in kat\u0131laca\u011f\u0131 mitinge b\u00fct\u00fcn hem\u015ferilerimi davet ediyorum\u201d dedi. Hem bu adaletsizlik son bulacak hem de bu \u00fclkeye bereket gelecek. Antalya, B\u00fcy\u00fck\u015fehir Belediye Ba\u015fkan\u0131m\u0131z Muhittin B\u00f6cek i\u00e7in bulu\u015fuyor. Genel Ba\u015fkan\u0131m\u0131z Say\u0131n \u00d6zg\u00fcr \u00d6zel\u2019in kat\u0131laca\u011f\u0131 mitinge b\u00fct\u00fcn hem\u015ferilerimi davet ediyorum. 11 Temmuz Cuma 20.30 Antalya B\u00fcy\u00fck\u015fehir\u2026 pic.twitter.com\/dM3UeoszkU \u2014 Cumhurba\u015fkanl\u0131\u011f\u0131 Aday Ofisi (@CBAdayOfisi) July 11, 2025 \u00d6ZG\u00dcR \u00d6ZEL\u2019\u0130N PROGRAMI Ba\u015fkan \u00d6zel&#8217;in bug\u00fcn ger\u00e7ekle\u015ftirece\u011fi Antalya program\u0131 belli oldu. Bu sabah saat 10.15\u2019te Antalya\u2019ya gelen \u00d6zel, havaliman\u0131nda \u00e7ok say\u0131da partili taraf\u0131ndan kar\u015f\u0131lad\u0131. Saat 16.30&#8217;da CHP Antalya \u0130l Ba\u015fkanl\u0131\u011f\u0131\u2019n\u0131 ziyaret edecek olan Ba\u015fkan \u00d6zel, buradaki i\u015flerini bitirdikten sonra saat 18.30\u2019da cezaevinde tutuklu bulunan Antalya B\u00fcy\u00fck\u015fehir Belediye Ba\u015fkan\u0131 Muhittin B\u00f6cek ile &hellip;","og_url":"https:\/\/denizcankizil.tr\/uk\/haberler\/gundem\/ekrem-imamoglundan-antalya-cagrisi-mitinge-butun-hemserilerimi-davet-ediyorum\/","og_site_name":"Av. Deniz Can K\u0131z\u0131l","article_published_time":"2025-07-11T10:41:20+00:00","author":"Antalya K\u00f6rfez","twitter_card":"summary_large_image","twitter_misc":{"\u041d\u0430\u043f\u0438\u0441\u0430\u043d\u043e":"Antalya K\u00f6rfez","\u041f\u0440\u0438\u0431\u043b. \u0447\u0430\u0441 \u0447\u0438\u0442\u0430\u043d\u043d\u044f":"2 \u0445\u0432\u0438\u043b\u0438\u043d\u0438"},"schema":{"@context":"https:\/\/schema.org","@graph":[{"@type":"Article","@id":"https:\/\/denizcankizil.tr\/uk\/haberler\/gundem\/ekrem-imamoglundan-antalya-cagrisi-mitinge-butun-hemserilerimi-davet-ediyorum\/#article","isPartOf":{"@id":"https:\/\/denizcankizil.tr\/uk\/haberler\/gundem\/ekrem-imamoglundan-antalya-cagrisi-mitinge-butun-hemserilerimi-davet-ediyorum\/"},"author":{"name":"Antalya K\u00f6rfez","@id":"https:\/\/denizcankizil.tr\/de\/#\/schema\/person\/e1eb71bb4dd684d46563f0af307e1234"},"headline":"Ekrem \u0130mamo\u011flu\u2019ndan Antalya \u00e7a\u011fr\u0131s\u0131: \u201cMitinge b\u00fct\u00fcn hem\u015ferilerimi davet ediyorum\u201d","datePublished":"2025-07-11T10:41:20+00:00","mainEntityOfPage":{"@id":"https:\/\/denizcankizil.tr\/uk\/haberler\/gundem\/ekrem-imamoglundan-antalya-cagrisi-mitinge-butun-hemserilerimi-davet-ediyorum\/"},"wordCount":415,"publisher":{"@id":"https:\/\/denizcankizil.tr\/de\/#organization"},"articleSection":["G\u00fcndem"],"inLanguage":"uk"},{"@type":"WebPage","@id":"https:\/\/denizcankizil.tr\/uk\/haberler\/gundem\/ekrem-imamoglundan-antalya-cagrisi-mitinge-butun-hemserilerimi-davet-ediyorum\/","url":"https:\/\/denizcankizil.tr\/uk\/haberler\/gundem\/ekrem-imamoglundan-antalya-cagrisi-mitinge-butun-hemserilerimi-davet-ediyorum\/","name":"Ekrem \u0130mamo\u011flu\u2019ndan Antalya \u00e7a\u011fr\u0131s\u0131: \u201cMitinge b\u00fct\u00fcn hem\u015ferilerimi davet ediyorum\u201d - Av. Deniz Can K\u0131z\u0131l","isPartOf":{"@id":"https:\/\/denizcankizil.tr\/de\/#website"},"datePublished":"2025-07-11T10:41:20+00:00","breadcrumb":{"@id":"https:\/\/denizcankizil.tr\/uk\/haberler\/gundem\/ekrem-imamoglundan-antalya-cagrisi-mitinge-butun-hemserilerimi-davet-ediyorum\/#breadcrumb"},"inLanguage":"uk","potentialAction":[{"@type":"ReadAction","target":["https:\/\/denizcankizil.tr\/uk\/haberler\/gundem\/ekrem-imamoglundan-antalya-cagrisi-mitinge-butun-hemserilerimi-davet-ediyorum\/"]}]},{"@type":"BreadcrumbList","@id":"https:\/\/denizcankizil.tr\/uk\/haberler\/gundem\/ekrem-imamoglundan-antalya-cagrisi-mitinge-butun-hemserilerimi-davet-ediyorum\/#breadcrumb","itemListElement":[{"@type":"ListItem","position":1,"name":"Home","item":"https:\/\/denizcankizil.tr\/de\/"},{"@type":"ListItem","position":2,"name":"Ekrem \u0130mamo\u011flu\u2019ndan Antalya \u00e7a\u011fr\u0131s\u0131: \u201cMitinge b\u00fct\u00fcn hem\u015ferilerimi davet ediyorum\u201d"}]},{"@type":"WebSite","@id":"https:\/\/denizcankizil.tr\/de\/#website","url":"https:\/\/denizcankizil.tr\/de\/","name":"Av. Deniz Can K\u0131z\u0131l","description":"Avukat Deniz Can K\u0131z\u0131l Antalya Barosu","publisher":{"@id":"https:\/\/denizcankizil.tr\/de\/#organization"},"potentialAction":[{"@type":"SearchAction","target":{"@type":"EntryPoint","urlTemplate":"https:\/\/denizcankizil.tr\/de\/?s={search_term_string}"},"query-input":{"@type":"PropertyValueSpecification","valueRequired":true,"valueName":"search_term_string"}}],"inLanguage":"uk"},{"@type":"Organization","@id":"https:\/\/denizcankizil.tr\/de\/#organization","name":"Av. Deniz Can K\u0131z\u0131l","url":"https:\/\/denizcankizil.tr\/de\/","logo":{"@type":"ImageObject","inLanguage":"uk","@id":"https:\/\/denizcankizil.tr\/de\/#\/schema\/logo\/image\/","url":"https:\/\/denizcankizil.tr\/wp-content\/uploads\/2024\/10\/siyah-logo-svg.svg","contentUrl":"https:\/\/denizcankizil.tr\/wp-content\/uploads\/2024\/10\/siyah-logo-svg.svg","width":1080,"height":1080,"caption":"Av. Deniz Can K\u0131z\u0131l"},"image":{"@id":"https:\/\/denizcankizil.tr\/de\/#\/schema\/logo\/image\/"}},{"@type":"Person","@id":"https:\/\/denizcankizil.tr\/de\/#\/schema\/person\/e1eb71bb4dd684d46563f0af307e1234","name":"Antalya K\u00f6rfez","image":{"@type":"ImageObject","inLanguage":"uk","@id":"https:\/\/denizcankizil.tr\/de\/#\/schema\/person\/image\/","url":"https:\/\/secure.gravatar.com\/avatar\/42b01982558a48a0b501fdcab6a408d3717ea5919095ee2e67b0e521799c5905?s=96&d=mm&r=g","contentUrl":"https:\/\/secure.gravatar.com\/avatar\/42b01982558a48a0b501fdcab6a408d3717ea5919095ee2e67b0e521799c5905?s=96&d=mm&r=g","caption":"Antalya K\u00f6rfez"},"sameAs":["http:\/\/www.antalyakorfez.com"],"url":"https:\/\/www.antalyakorfez.com\/ekrem-imamoglundan-antalya-cagrisi-mitinge-butun-hemserilerimi-davet-ediyorum"}]}},"_links":{"self":[{"href":"https:\/\/denizcankizil.tr\/uk\/wp-json\/wp\/v2\/posts\/142613","targetHints":{"allow":["GET"]}}],"collection":[{"href":"https:\/\/denizcankizil.tr\/uk\/wp-json\/wp\/v2\/posts"}],"about":[{"href":"https:\/\/denizcankizil.tr\/uk\/wp-json\/wp\/v2\/types\/post"}],"author":[{"embeddable":true,"href":"https:\/\/denizcankizil.tr\/uk\/wp-json\/wp\/v2\/users\/5"}],"replies":[{"embeddable":true,"href":"https:\/\/denizcankizil.tr\/uk\/wp-json\/wp\/v2\/comments?post=142613"}],"version-history":[{"count":0,"href":"https:\/\/denizcankizil.tr\/uk\/wp-json\/wp\/v2\/posts\/142613\/revisions"}],"wp:attachment":[{"href":"https:\/\/denizcankizil.tr\/uk\/wp-json\/wp\/v2\/media?parent=142613"}],"wp:term":[{"taxonomy":"category","embeddable":true,"href":"https:\/\/denizcankizil.tr\/uk\/wp-json\/wp\/v2\/categories?post=142613"},{"taxonomy":"post_tag","embeddable":true,"href":"https:\/\/denizcankizil.tr\/uk\/wp-json\/wp\/v2\/tags?post=142613"}],"curies":[{"name":"wp","href":"https:\/\/api.w.org\/{rel}","templated":true}]}}