{"id":142490,"date":"2025-07-11T10:41:15","date_gmt":"2025-07-11T07:41:15","guid":{"rendered":"https:\/\/denizcankizil.tr\/uncategorized-tr\/kaldirimda-yuruyen-baba-ve-ogul-otomobilin-carpmasiyla-hayatini-kaybetti\/"},"modified":"2025-07-11T10:41:15","modified_gmt":"2025-07-11T07:41:15","slug":"kaldirimda-yuruyen-baba-ve-ogul-otomobilin-carpmasiyla-hayatini-kaybetti","status":"publish","type":"post","link":"https:\/\/denizcankizil.tr\/uk\/haberler\/antalya\/kaldirimda-yuruyen-baba-ve-ogul-otomobilin-carpmasiyla-hayatini-kaybetti\/","title":{"rendered":"Kald\u0131r\u0131mda Y\u00fcr\u00fcyen Baba ve O\u011ful, Otomobilin \u00c7arpmas\u0131yla Hayat\u0131n\u0131 Kaybetti"},"content":{"rendered":"<p>ANTALYA&#8217;da s\u00fcr\u00fcc\u00fcs\u00fcn\u00fcn kontrol\u00fcn\u00fc yitirdi\u011fi otomobil, kald\u0131r\u0131mda y\u00fcr\u00fcyen Yunus Tekerci (38) ile o\u011flu Adem Efe Tekerci\u2019ye (8) \u00e7arpt\u0131. Kazada Tekerci ve o\u011flu ya\u015fam\u0131n\u0131 yitirdi.<\/p>\n<p>Kaza, saat 01.00 s\u0131ralar\u0131nda Konyaalt\u0131 il\u00e7esi P\u0131narba\u015f\u0131 Mahallesi Atat\u00fcrk Bulvar\u0131 lunapark \u00f6n\u00fcnde meydana geldi. Sak\u0131p Sabanc\u0131 Bulvar\u0131 istikametinden gelen Caner S. idaresindeki 34 GU 5081 plakal\u0131 otomobil, s\u00fcr\u00fcc\u00fcs\u00fcn\u00fcn kontrol\u00fcn\u00fc yitirmesi sonucu ref\u00fcje \u00e7arpt\u0131. Savrulan otomobil, kald\u0131r\u0131mda y\u00fcr\u00fcyen Yunus Tekerci ile o\u011flu Adem Efe Tekerci&#8217;ye \u00e7arpt\u0131.<\/p>\n<p>O\u011eUL KAZA YER\u0130NDE, BABA HASTANEDE HAYATINI KAYBETT\u0130<\/p>\n<p>\u00c7evredekilerin ihbar\u0131 \u00fczerine kaza yerine ekipler sevk edildi. Gelen sa\u011fl\u0131k ekibi, Adem Efe Tekerci&#8217;nin hayat\u0131n\u0131 kaybetti\u011fini belirledi. Ambulansla hastaneye kald\u0131r\u0131lan Yunus Tekerci de doktorlar\u0131n m\u00fcdahalesine ra\u011fmen kurtar\u0131lamad\u0131. Adem Efe Tekerci&#8217;nin cans\u0131z bedeni, olay yeri ve savc\u0131l\u0131k incelemesinin ard\u0131ndan Antalya Adli T\u0131p Kurumu morguna kald\u0131r\u0131ld\u0131.<\/p>\n<p>Yan\u0131ndaki \u015eenay A. ile kazay\u0131 hafif s\u0131yr\u0131klarla atlatan otomobil s\u00fcr\u00fcc\u00fcs\u00fc Caner S., ekipler taraf\u0131ndan g\u00f6zalt\u0131na al\u0131narak polis merkezine g\u00f6t\u00fcr\u00fcld\u00fc.<\/p>\n<p>Kaynak: www.kanalv.com.tr Haber Sitesinden Al\u0131nm\u0131\u015ft\u0131r.<\/p>","protected":false},"excerpt":{"rendered":"<p>ANTALYA&#8217;da s\u00fcr\u00fcc\u00fcs\u00fcn\u00fcn kontrol\u00fcn\u00fc yitirdi\u011fi otomobil, kald\u0131r\u0131mda y\u00fcr\u00fcyen Yunus Tekerci (38) ile o\u011flu Adem Efe Tekerci\u2019ye (8) \u00e7arpt\u0131. Kazada Tekerci ve o\u011flu ya\u015fam\u0131n\u0131 yitirdi. Kaza, saat 01.00 s\u0131ralar\u0131nda Konyaalt\u0131 il\u00e7esi P\u0131narba\u015f\u0131 Mahallesi Atat\u00fcrk Bulvar\u0131 lunapark \u00f6n\u00fcnde meydana geldi. Sak\u0131p Sabanc\u0131 Bulvar\u0131 istikametinden gelen Caner S. idaresindeki 34 GU 5081 plakal\u0131 otomobil, s\u00fcr\u00fcc\u00fcs\u00fcn\u00fcn kontrol\u00fcn\u00fc yitirmesi sonucu ref\u00fcje \u00e7arpt\u0131. Savrulan otomobil, kald\u0131r\u0131mda y\u00fcr\u00fcyen Yunus Tekerci ile o\u011flu Adem Efe Tekerci&#8217;ye \u00e7arpt\u0131. O\u011eUL KAZA YER\u0130NDE, BABA HASTANEDE HAYATINI KAYBETT\u0130 \u00c7evredekilerin ihbar\u0131 \u00fczerine kaza yerine ekipler sevk edildi. Gelen sa\u011fl\u0131k ekibi, Adem Efe Tekerci&#8217;nin hayat\u0131n\u0131 kaybetti\u011fini belirledi. Ambulansla hastaneye kald\u0131r\u0131lan Yunus Tekerci de doktorlar\u0131n m\u00fcdahalesine ra\u011fmen kurtar\u0131lamad\u0131. Adem Efe Tekerci&#8217;nin cans\u0131z bedeni, olay yeri ve savc\u0131l\u0131k incelemesinin ard\u0131ndan Antalya Adli T\u0131p Kurumu morguna kald\u0131r\u0131ld\u0131. Yan\u0131ndaki \u015eenay A. ile kazay\u0131 hafif s\u0131yr\u0131klarla atlatan otomobil s\u00fcr\u00fcc\u00fcs\u00fc Caner S., ekipler taraf\u0131ndan g\u00f6zalt\u0131na al\u0131narak polis merkezine g\u00f6t\u00fcr\u00fcld\u00fc. Kaynak: www.kanalv.com.tr Haber Sitesinden Al\u0131nm\u0131\u015ft\u0131r.<\/p>","protected":false},"author":4,"featured_media":0,"comment_status":"","ping_status":"open","sticky":false,"template":"","format":"standard","meta":{"_acf_changed":false,"footnotes":""},"categories":[26],"tags":[],"class_list":["post-142490","post","type-post","status-publish","format-standard","hentry","category-antalya"],"acf":[],"yoast_head":"<!-- This site is optimized with the Yoast SEO Premium plugin v26.6 (Yoast SEO v27.1.1) - https:\/\/yoast.com\/product\/yoast-seo-premium-wordpress\/ -->\n<title>Kald\u0131r\u0131mda Y\u00fcr\u00fcyen Baba ve O\u011ful, Otomobilin \u00c7arpmas\u0131yla Hayat\u0131n\u0131 Kaybetti - Av. Deniz Can K\u0131z\u0131l<\/title>\n<meta name=\"robots\" content=\"index, follow, max-snippet:-1, max-image-preview:large, max-video-preview:-1\" \/>\n<link rel=\"canonical\" href=\"https:\/\/denizcankizil.tr\/uk\/haberler\/antalya\/kaldirimda-yuruyen-baba-ve-ogul-otomobilin-carpmasiyla-hayatini-kaybetti\/\" \/>\n<meta property=\"og:locale\" content=\"uk_UA\" \/>\n<meta property=\"og:type\" content=\"article\" \/>\n<meta property=\"og:title\" content=\"Kald\u0131r\u0131mda Y\u00fcr\u00fcyen Baba ve O\u011ful, Otomobilin \u00c7arpmas\u0131yla Hayat\u0131n\u0131 Kaybetti\" \/>\n<meta property=\"og:description\" content=\"ANTALYA&#8217;da s\u00fcr\u00fcc\u00fcs\u00fcn\u00fcn kontrol\u00fcn\u00fc yitirdi\u011fi otomobil, kald\u0131r\u0131mda y\u00fcr\u00fcyen Yunus Tekerci (38) ile o\u011flu Adem Efe Tekerci\u2019ye (8) \u00e7arpt\u0131. Kazada Tekerci ve o\u011flu ya\u015fam\u0131n\u0131 yitirdi. Kaza, saat 01.00 s\u0131ralar\u0131nda Konyaalt\u0131 il\u00e7esi P\u0131narba\u015f\u0131 Mahallesi Atat\u00fcrk Bulvar\u0131 lunapark \u00f6n\u00fcnde meydana geldi. Sak\u0131p Sabanc\u0131 Bulvar\u0131 istikametinden gelen Caner S. idaresindeki 34 GU 5081 plakal\u0131 otomobil, s\u00fcr\u00fcc\u00fcs\u00fcn\u00fcn kontrol\u00fcn\u00fc yitirmesi sonucu ref\u00fcje \u00e7arpt\u0131. Savrulan otomobil, kald\u0131r\u0131mda y\u00fcr\u00fcyen Yunus Tekerci ile o\u011flu Adem Efe Tekerci&#8217;ye \u00e7arpt\u0131. O\u011eUL KAZA YER\u0130NDE, BABA HASTANEDE HAYATINI KAYBETT\u0130 \u00c7evredekilerin ihbar\u0131 \u00fczerine kaza yerine ekipler sevk edildi. Gelen sa\u011fl\u0131k ekibi, Adem Efe Tekerci&#8217;nin hayat\u0131n\u0131 kaybetti\u011fini belirledi. Ambulansla hastaneye kald\u0131r\u0131lan Yunus Tekerci de doktorlar\u0131n m\u00fcdahalesine ra\u011fmen kurtar\u0131lamad\u0131. Adem Efe Tekerci&#8217;nin cans\u0131z bedeni, olay yeri ve savc\u0131l\u0131k incelemesinin ard\u0131ndan Antalya Adli T\u0131p Kurumu morguna kald\u0131r\u0131ld\u0131. Yan\u0131ndaki \u015eenay A. ile kazay\u0131 hafif s\u0131yr\u0131klarla atlatan otomobil s\u00fcr\u00fcc\u00fcs\u00fc Caner S., ekipler taraf\u0131ndan g\u00f6zalt\u0131na al\u0131narak polis merkezine g\u00f6t\u00fcr\u00fcld\u00fc. Kaynak: www.kanalv.com.tr Haber Sitesinden Al\u0131nm\u0131\u015ft\u0131r.\" \/>\n<meta property=\"og:url\" content=\"https:\/\/denizcankizil.tr\/uk\/haberler\/antalya\/kaldirimda-yuruyen-baba-ve-ogul-otomobilin-carpmasiyla-hayatini-kaybetti\/\" \/>\n<meta property=\"og:site_name\" content=\"Av. Deniz Can K\u0131z\u0131l\" \/>\n<meta property=\"article:published_time\" content=\"2025-07-11T07:41:15+00:00\" \/>\n<meta name=\"author\" content=\"Av. Deniz Can K\u0131z\u0131l\" \/>\n<meta name=\"twitter:card\" content=\"summary_large_image\" \/>\n<meta name=\"twitter:label1\" content=\"\u041d\u0430\u043f\u0438\u0441\u0430\u043d\u043e\" \/>\n\t<meta name=\"twitter:data1\" content=\"Av. Deniz Can K\u0131z\u0131l\" \/>\n\t<meta name=\"twitter:label2\" content=\"\u041f\u0440\u0438\u0431\u043b. \u0447\u0430\u0441 \u0447\u0438\u0442\u0430\u043d\u043d\u044f\" \/>\n\t<meta name=\"twitter:data2\" content=\"1 \u0445\u0432\u0438\u043b\u0438\u043d\u0430\" \/>\n<script type=\"application\/ld+json\" class=\"yoast-schema-graph\">{\"@context\":\"https:\/\/schema.org\",\"@graph\":[{\"@type\":\"Article\",\"@id\":\"https:\/\/denizcankizil.tr\/uk\/haberler\/antalya\/kaldirimda-yuruyen-baba-ve-ogul-otomobilin-carpmasiyla-hayatini-kaybetti\/#article\",\"isPartOf\":{\"@id\":\"https:\/\/denizcankizil.tr\/uk\/haberler\/antalya\/kaldirimda-yuruyen-baba-ve-ogul-otomobilin-carpmasiyla-hayatini-kaybetti\/\"},\"author\":{\"name\":\"Av. Deniz Can K\u0131z\u0131l\",\"@id\":\"https:\/\/denizcankizil.tr\/#\/schema\/person\/5dc1b22991bd7ac833867c10afc9b0ff\"},\"headline\":\"Kald\u0131r\u0131mda Y\u00fcr\u00fcyen Baba ve O\u011ful, Otomobilin \u00c7arpmas\u0131yla Hayat\u0131n\u0131 Kaybetti\",\"datePublished\":\"2025-07-11T07:41:15+00:00\",\"mainEntityOfPage\":{\"@id\":\"https:\/\/denizcankizil.tr\/uk\/haberler\/antalya\/kaldirimda-yuruyen-baba-ve-ogul-otomobilin-carpmasiyla-hayatini-kaybetti\/\"},\"wordCount\":231,\"publisher\":{\"@id\":\"https:\/\/denizcankizil.tr\/#organization\"},\"articleSection\":[\"Antalya\"],\"inLanguage\":\"uk\"},{\"@type\":\"WebPage\",\"@id\":\"https:\/\/denizcankizil.tr\/uk\/haberler\/antalya\/kaldirimda-yuruyen-baba-ve-ogul-otomobilin-carpmasiyla-hayatini-kaybetti\/\",\"url\":\"https:\/\/denizcankizil.tr\/uk\/haberler\/antalya\/kaldirimda-yuruyen-baba-ve-ogul-otomobilin-carpmasiyla-hayatini-kaybetti\/\",\"name\":\"Kald\u0131r\u0131mda Y\u00fcr\u00fcyen Baba ve O\u011ful, Otomobilin \u00c7arpmas\u0131yla Hayat\u0131n\u0131 Kaybetti - Av. Deniz Can K\u0131z\u0131l\",\"isPartOf\":{\"@id\":\"https:\/\/denizcankizil.tr\/#website\"},\"datePublished\":\"2025-07-11T07:41:15+00:00\",\"breadcrumb\":{\"@id\":\"https:\/\/denizcankizil.tr\/uk\/haberler\/antalya\/kaldirimda-yuruyen-baba-ve-ogul-otomobilin-carpmasiyla-hayatini-kaybetti\/#breadcrumb\"},\"inLanguage\":\"uk\",\"potentialAction\":[{\"@type\":\"ReadAction\",\"target\":[\"https:\/\/denizcankizil.tr\/uk\/haberler\/antalya\/kaldirimda-yuruyen-baba-ve-ogul-otomobilin-carpmasiyla-hayatini-kaybetti\/\"]}]},{\"@type\":\"BreadcrumbList\",\"@id\":\"https:\/\/denizcankizil.tr\/uk\/haberler\/antalya\/kaldirimda-yuruyen-baba-ve-ogul-otomobilin-carpmasiyla-hayatini-kaybetti\/#breadcrumb\",\"itemListElement\":[{\"@type\":\"ListItem\",\"position\":1,\"name\":\"Home\",\"item\":\"https:\/\/denizcankizil.tr\/de\/\"},{\"@type\":\"ListItem\",\"position\":2,\"name\":\"Kald\u0131r\u0131mda Y\u00fcr\u00fcyen Baba ve O\u011ful, Otomobilin \u00c7arpmas\u0131yla Hayat\u0131n\u0131 Kaybetti\"}]},{\"@type\":\"WebSite\",\"@id\":\"https:\/\/denizcankizil.tr\/#website\",\"url\":\"https:\/\/denizcankizil.tr\/\",\"name\":\"Av. Deniz Can K\u0131z\u0131l\",\"description\":\"Avukat Deniz Can K\u0131z\u0131l Antalya Barosu\",\"publisher\":{\"@id\":\"https:\/\/denizcankizil.tr\/#organization\"},\"potentialAction\":[{\"@type\":\"SearchAction\",\"target\":{\"@type\":\"EntryPoint\",\"urlTemplate\":\"https:\/\/denizcankizil.tr\/?s={search_term_string}\"},\"query-input\":{\"@type\":\"PropertyValueSpecification\",\"valueRequired\":true,\"valueName\":\"search_term_string\"}}],\"inLanguage\":\"uk\"},{\"@type\":\"Organization\",\"@id\":\"https:\/\/denizcankizil.tr\/#organization\",\"name\":\"Av. Deniz Can K\u0131z\u0131l\",\"url\":\"https:\/\/denizcankizil.tr\/\",\"logo\":{\"@type\":\"ImageObject\",\"inLanguage\":\"uk\",\"@id\":\"https:\/\/denizcankizil.tr\/#\/schema\/logo\/image\/\",\"url\":\"https:\/\/denizcankizil.tr\/wp-content\/uploads\/2024\/10\/siyah-logo-svg.svg\",\"contentUrl\":\"https:\/\/denizcankizil.tr\/wp-content\/uploads\/2024\/10\/siyah-logo-svg.svg\",\"width\":1080,\"height\":1080,\"caption\":\"Av. Deniz Can K\u0131z\u0131l\"},\"image\":{\"@id\":\"https:\/\/denizcankizil.tr\/#\/schema\/logo\/image\/\"}},{\"@type\":\"Person\",\"@id\":\"https:\/\/denizcankizil.tr\/#\/schema\/person\/5dc1b22991bd7ac833867c10afc9b0ff\",\"name\":\"Av. Deniz Can K\u0131z\u0131l\",\"image\":{\"@type\":\"ImageObject\",\"inLanguage\":\"uk\",\"@id\":\"https:\/\/denizcankizil.tr\/#\/schema\/person\/image\/\",\"url\":\"https:\/\/secure.gravatar.com\/avatar\/a0b128fb9855c79efc976d5640eedb31dc35ec297594d6016d2cf7c60e975bb6?s=96&d=mm&r=g\",\"contentUrl\":\"https:\/\/secure.gravatar.com\/avatar\/a0b128fb9855c79efc976d5640eedb31dc35ec297594d6016d2cf7c60e975bb6?s=96&d=mm&r=g\",\"caption\":\"Av. Deniz Can K\u0131z\u0131l\"},\"sameAs\":[\"http:\/\/www.denizcankizil.tr\"],\"url\":\"https:\/\/denizcankizil.tr\/uk\/author\/denizcankizil\/\"}]}<\/script>\n<!-- \/ Yoast SEO Premium plugin. -->","yoast_head_json":{"title":"Kald\u0131r\u0131mda Y\u00fcr\u00fcyen Baba ve O\u011ful, Otomobilin \u00c7arpmas\u0131yla Hayat\u0131n\u0131 Kaybetti - Av. Deniz Can K\u0131z\u0131l","robots":{"index":"index","follow":"follow","max-snippet":"max-snippet:-1","max-image-preview":"max-image-preview:large","max-video-preview":"max-video-preview:-1"},"canonical":"https:\/\/denizcankizil.tr\/uk\/haberler\/antalya\/kaldirimda-yuruyen-baba-ve-ogul-otomobilin-carpmasiyla-hayatini-kaybetti\/","og_locale":"uk_UA","og_type":"article","og_title":"Kald\u0131r\u0131mda Y\u00fcr\u00fcyen Baba ve O\u011ful, Otomobilin \u00c7arpmas\u0131yla Hayat\u0131n\u0131 Kaybetti","og_description":"ANTALYA&#8217;da s\u00fcr\u00fcc\u00fcs\u00fcn\u00fcn kontrol\u00fcn\u00fc yitirdi\u011fi otomobil, kald\u0131r\u0131mda y\u00fcr\u00fcyen Yunus Tekerci (38) ile o\u011flu Adem Efe Tekerci\u2019ye (8) \u00e7arpt\u0131. Kazada Tekerci ve o\u011flu ya\u015fam\u0131n\u0131 yitirdi. Kaza, saat 01.00 s\u0131ralar\u0131nda Konyaalt\u0131 il\u00e7esi P\u0131narba\u015f\u0131 Mahallesi Atat\u00fcrk Bulvar\u0131 lunapark \u00f6n\u00fcnde meydana geldi. Sak\u0131p Sabanc\u0131 Bulvar\u0131 istikametinden gelen Caner S. idaresindeki 34 GU 5081 plakal\u0131 otomobil, s\u00fcr\u00fcc\u00fcs\u00fcn\u00fcn kontrol\u00fcn\u00fc yitirmesi sonucu ref\u00fcje \u00e7arpt\u0131. Savrulan otomobil, kald\u0131r\u0131mda y\u00fcr\u00fcyen Yunus Tekerci ile o\u011flu Adem Efe Tekerci&#8217;ye \u00e7arpt\u0131. O\u011eUL KAZA YER\u0130NDE, BABA HASTANEDE HAYATINI KAYBETT\u0130 \u00c7evredekilerin ihbar\u0131 \u00fczerine kaza yerine ekipler sevk edildi. Gelen sa\u011fl\u0131k ekibi, Adem Efe Tekerci&#8217;nin hayat\u0131n\u0131 kaybetti\u011fini belirledi. Ambulansla hastaneye kald\u0131r\u0131lan Yunus Tekerci de doktorlar\u0131n m\u00fcdahalesine ra\u011fmen kurtar\u0131lamad\u0131. Adem Efe Tekerci&#8217;nin cans\u0131z bedeni, olay yeri ve savc\u0131l\u0131k incelemesinin ard\u0131ndan Antalya Adli T\u0131p Kurumu morguna kald\u0131r\u0131ld\u0131. Yan\u0131ndaki \u015eenay A. ile kazay\u0131 hafif s\u0131yr\u0131klarla atlatan otomobil s\u00fcr\u00fcc\u00fcs\u00fc Caner S., ekipler taraf\u0131ndan g\u00f6zalt\u0131na al\u0131narak polis merkezine g\u00f6t\u00fcr\u00fcld\u00fc. Kaynak: www.kanalv.com.tr Haber Sitesinden Al\u0131nm\u0131\u015ft\u0131r.","og_url":"https:\/\/denizcankizil.tr\/uk\/haberler\/antalya\/kaldirimda-yuruyen-baba-ve-ogul-otomobilin-carpmasiyla-hayatini-kaybetti\/","og_site_name":"Av. Deniz Can K\u0131z\u0131l","article_published_time":"2025-07-11T07:41:15+00:00","author":"Av. Deniz Can K\u0131z\u0131l","twitter_card":"summary_large_image","twitter_misc":{"\u041d\u0430\u043f\u0438\u0441\u0430\u043d\u043e":"Av. Deniz Can K\u0131z\u0131l","\u041f\u0440\u0438\u0431\u043b. \u0447\u0430\u0441 \u0447\u0438\u0442\u0430\u043d\u043d\u044f":"1 \u0445\u0432\u0438\u043b\u0438\u043d\u0430"},"schema":{"@context":"https:\/\/schema.org","@graph":[{"@type":"Article","@id":"https:\/\/denizcankizil.tr\/uk\/haberler\/antalya\/kaldirimda-yuruyen-baba-ve-ogul-otomobilin-carpmasiyla-hayatini-kaybetti\/#article","isPartOf":{"@id":"https:\/\/denizcankizil.tr\/uk\/haberler\/antalya\/kaldirimda-yuruyen-baba-ve-ogul-otomobilin-carpmasiyla-hayatini-kaybetti\/"},"author":{"name":"Av. Deniz Can K\u0131z\u0131l","@id":"https:\/\/denizcankizil.tr\/#\/schema\/person\/5dc1b22991bd7ac833867c10afc9b0ff"},"headline":"Kald\u0131r\u0131mda Y\u00fcr\u00fcyen Baba ve O\u011ful, Otomobilin \u00c7arpmas\u0131yla Hayat\u0131n\u0131 Kaybetti","datePublished":"2025-07-11T07:41:15+00:00","mainEntityOfPage":{"@id":"https:\/\/denizcankizil.tr\/uk\/haberler\/antalya\/kaldirimda-yuruyen-baba-ve-ogul-otomobilin-carpmasiyla-hayatini-kaybetti\/"},"wordCount":231,"publisher":{"@id":"https:\/\/denizcankizil.tr\/#organization"},"articleSection":["Antalya"],"inLanguage":"uk"},{"@type":"WebPage","@id":"https:\/\/denizcankizil.tr\/uk\/haberler\/antalya\/kaldirimda-yuruyen-baba-ve-ogul-otomobilin-carpmasiyla-hayatini-kaybetti\/","url":"https:\/\/denizcankizil.tr\/uk\/haberler\/antalya\/kaldirimda-yuruyen-baba-ve-ogul-otomobilin-carpmasiyla-hayatini-kaybetti\/","name":"Kald\u0131r\u0131mda Y\u00fcr\u00fcyen Baba ve O\u011ful, Otomobilin \u00c7arpmas\u0131yla Hayat\u0131n\u0131 Kaybetti - Av. Deniz Can K\u0131z\u0131l","isPartOf":{"@id":"https:\/\/denizcankizil.tr\/#website"},"datePublished":"2025-07-11T07:41:15+00:00","breadcrumb":{"@id":"https:\/\/denizcankizil.tr\/uk\/haberler\/antalya\/kaldirimda-yuruyen-baba-ve-ogul-otomobilin-carpmasiyla-hayatini-kaybetti\/#breadcrumb"},"inLanguage":"uk","potentialAction":[{"@type":"ReadAction","target":["https:\/\/denizcankizil.tr\/uk\/haberler\/antalya\/kaldirimda-yuruyen-baba-ve-ogul-otomobilin-carpmasiyla-hayatini-kaybetti\/"]}]},{"@type":"BreadcrumbList","@id":"https:\/\/denizcankizil.tr\/uk\/haberler\/antalya\/kaldirimda-yuruyen-baba-ve-ogul-otomobilin-carpmasiyla-hayatini-kaybetti\/#breadcrumb","itemListElement":[{"@type":"ListItem","position":1,"name":"Home","item":"https:\/\/denizcankizil.tr\/de\/"},{"@type":"ListItem","position":2,"name":"Kald\u0131r\u0131mda Y\u00fcr\u00fcyen Baba ve O\u011ful, Otomobilin \u00c7arpmas\u0131yla Hayat\u0131n\u0131 Kaybetti"}]},{"@type":"WebSite","@id":"https:\/\/denizcankizil.tr\/#website","url":"https:\/\/denizcankizil.tr\/","name":"Av. Deniz Can K\u0131z\u0131l","description":"Avukat Deniz Can K\u0131z\u0131l Antalya Barosu","publisher":{"@id":"https:\/\/denizcankizil.tr\/#organization"},"potentialAction":[{"@type":"SearchAction","target":{"@type":"EntryPoint","urlTemplate":"https:\/\/denizcankizil.tr\/?s={search_term_string}"},"query-input":{"@type":"PropertyValueSpecification","valueRequired":true,"valueName":"search_term_string"}}],"inLanguage":"uk"},{"@type":"Organization","@id":"https:\/\/denizcankizil.tr\/#organization","name":"Av. Deniz Can K\u0131z\u0131l","url":"https:\/\/denizcankizil.tr\/","logo":{"@type":"ImageObject","inLanguage":"uk","@id":"https:\/\/denizcankizil.tr\/#\/schema\/logo\/image\/","url":"https:\/\/denizcankizil.tr\/wp-content\/uploads\/2024\/10\/siyah-logo-svg.svg","contentUrl":"https:\/\/denizcankizil.tr\/wp-content\/uploads\/2024\/10\/siyah-logo-svg.svg","width":1080,"height":1080,"caption":"Av. Deniz Can K\u0131z\u0131l"},"image":{"@id":"https:\/\/denizcankizil.tr\/#\/schema\/logo\/image\/"}},{"@type":"Person","@id":"https:\/\/denizcankizil.tr\/#\/schema\/person\/5dc1b22991bd7ac833867c10afc9b0ff","name":"Av. Deniz Can K\u0131z\u0131l","image":{"@type":"ImageObject","inLanguage":"uk","@id":"https:\/\/denizcankizil.tr\/#\/schema\/person\/image\/","url":"https:\/\/secure.gravatar.com\/avatar\/a0b128fb9855c79efc976d5640eedb31dc35ec297594d6016d2cf7c60e975bb6?s=96&d=mm&r=g","contentUrl":"https:\/\/secure.gravatar.com\/avatar\/a0b128fb9855c79efc976d5640eedb31dc35ec297594d6016d2cf7c60e975bb6?s=96&d=mm&r=g","caption":"Av. Deniz Can K\u0131z\u0131l"},"sameAs":["http:\/\/www.denizcankizil.tr"],"url":"https:\/\/denizcankizil.tr\/uk\/author\/denizcankizil\/"}]}},"_links":{"self":[{"href":"https:\/\/denizcankizil.tr\/uk\/wp-json\/wp\/v2\/posts\/142490","targetHints":{"allow":["GET"]}}],"collection":[{"href":"https:\/\/denizcankizil.tr\/uk\/wp-json\/wp\/v2\/posts"}],"about":[{"href":"https:\/\/denizcankizil.tr\/uk\/wp-json\/wp\/v2\/types\/post"}],"author":[{"embeddable":true,"href":"https:\/\/denizcankizil.tr\/uk\/wp-json\/wp\/v2\/users\/4"}],"replies":[{"embeddable":true,"href":"https:\/\/denizcankizil.tr\/uk\/wp-json\/wp\/v2\/comments?post=142490"}],"version-history":[{"count":0,"href":"https:\/\/denizcankizil.tr\/uk\/wp-json\/wp\/v2\/posts\/142490\/revisions"}],"wp:attachment":[{"href":"https:\/\/denizcankizil.tr\/uk\/wp-json\/wp\/v2\/media?parent=142490"}],"wp:term":[{"taxonomy":"category","embeddable":true,"href":"https:\/\/denizcankizil.tr\/uk\/wp-json\/wp\/v2\/categories?post=142490"},{"taxonomy":"post_tag","embeddable":true,"href":"https:\/\/denizcankizil.tr\/uk\/wp-json\/wp\/v2\/tags?post=142490"}],"curies":[{"name":"wp","href":"https:\/\/api.w.org\/{rel}","templated":true}]}}