{"id":141612,"date":"2025-07-10T12:41:14","date_gmt":"2025-07-10T09:41:14","guid":{"rendered":"https:\/\/denizcankizil.tr\/uncategorized-tr\/35-yillik-sikayet-35-dakikada-robotik-ameliyatla-sona-erdi\/"},"modified":"2025-07-10T12:41:14","modified_gmt":"2025-07-10T09:41:14","slug":"35-yillik-sikayet-35-dakikada-robotik-ameliyatla-sona-erdi","status":"publish","type":"post","link":"https:\/\/denizcankizil.tr\/uk\/haberler\/antalya\/35-yillik-sikayet-35-dakikada-robotik-ameliyatla-sona-erdi\/","title":{"rendered":"35 Y\u0131ll\u0131k \u015eikayet, 35 Dakikada Robotik Ameliyatla Sona Erdi"},"content":{"rendered":"<p>ANTALYA&#8217;da 35 y\u0131ld\u0131r kal\u00e7a ve diz kaynakl\u0131 y\u00fcr\u00fcme g\u00fc\u00e7l\u00fc\u011f\u00fc \u00e7eken \u0130brahim T. (67), \u00d6zel Uncal\u0131 Hastanesi&#8217;nde tam robotik cerrahi y\u00f6ntemiyle yap\u0131lan total diz protezi ameliyat\u0131 sonras\u0131 1 g\u00fcn i\u00e7inde y\u00fcr\u00fcmeye ba\u015flad\u0131. Robot destekli cerrahi y\u00f6ntemin kullan\u0131ld\u0131\u011f\u0131 operasyon, ortopedi uzmanlar\u0131 Op. Dr. Cengiz Y\u0131lmaz ve Op. Dr. Niyazi \u00d6zt\u00fcrk taraf\u0131ndan ger\u00e7ekle\u015ftirildi. Dr. Y\u0131lmaz, \u201cCerahi i\u015flem 35 dakika s\u00fcr\u00fcyor, ancak t\u00fcm bu s\u00fcreci haz\u0131rl\u0131klar dahil 2- 3 saatlik bir s\u00fcre\u00e7te tamamlad\u0131k&#8221; dedi. Ameliyat\u0131n ard\u0131ndan konu\u015fan \u0130brahim T. ise \u201cBu kadar h\u0131zl\u0131 aya\u011fa kalkaca\u011f\u0131m\u0131 ve a\u011fr\u0131lar\u0131m\u0131n 2 g\u00fcn tamamen ge\u00e7ece\u011fini ben de tahmin etmiyordum&#8221; diye konu\u015ftu.<\/p>\n<p>1990 y\u0131l\u0131nda ge\u00e7irdi\u011fi trafik kazas\u0131 sonras\u0131 kal\u00e7a ve diz b\u00f6lgesinde ciddi a\u011fr\u0131lar ya\u015famaya ba\u015flayan emekli banka m\u00fcd\u00fcr\u00fc \u0130brahim T., son 10 y\u0131ld\u0131r \u015fikayetlerinin artt\u0131\u011f\u0131n\u0131, \u00f6zellikle son 1-2 y\u0131ld\u0131r birka\u00e7 y\u00fcz metre y\u00fcr\u00fcd\u00fckten sonra zorland\u0131\u011f\u0131n\u0131 ifade etti. Hastaneye ba\u015fvurduktan sonra yap\u0131lan tetkiklerde, hem kal\u00e7a hem de diz b\u00f6lgesinde ileri d\u00fczeyde bozulmalar oldu\u011fu belirlenen \u0130brahim T., robotik cerrahi y\u00f6ntemiyle ger\u00e7ekle\u015ftirilen diz protezi ameliyat\u0131n\u0131n ard\u0131ndan rahat\u00e7a y\u00fcr\u00fcmeye ba\u015flad\u0131. Ya\u015fad\u0131\u011f\u0131 durumu anlatan \u0130brahim T., \u201c35 y\u0131ld\u0131r s\u00fcren a\u011fr\u0131lar\u0131m vard\u0131. Son 1-2 y\u0131lda bu durum daha da k\u00f6t\u00fcle\u015fti. Ayakta en fazla 1-2 dakika kalabiliyordum. Ameliyat oldum, bug\u00fcn \u00fc\u00e7\u00fcnc\u00fc g\u00fcn ve sabah saatlerinden beri asa ile hatta asas\u0131z bile dola\u015f\u0131yorum. \u00c7ok memnunum. Bu kadar h\u0131zl\u0131 aya\u011fa kalkaca\u011f\u0131m\u0131 ben de tahmin etmiyordum&#8221; dedi.<\/p>\n<p>ROBOT DESTEKL\u0130 CERRAH\u0130YLE YAPILDI<\/p>\n<p>Ameliyat\u0131 ger\u00e7ekle\u015ftiren ortopedi uzman\u0131 Op. Dr. Cengiz Y\u0131lmaz, \u201c\u0130brahim Bey ba\u015fvurdu\u011funda sa\u011f baca\u011f\u0131nda uzunluk fark\u0131, dizinde ise ileri derecede eklem a\u015f\u0131nmas\u0131 vard\u0131. Hastanemizde yakla\u015f\u0131k 8 y\u0131ld\u0131r kulland\u0131\u011f\u0131m\u0131z total diz protezi ameliyatlar\u0131nda ileri teknoloji \u00fcr\u00fcn\u00fc olan Navigasyon cihaz\u0131 ile ba\u015far\u0131l\u0131 sonu\u00e7lar al\u0131yoruz. Son bir ay i\u00e7inde bir \u00fcst teknolojik \u00fcr\u00fcn olan hastanemiz b\u00fcnyesine sat\u0131n ald\u0131\u011f\u0131m\u0131z yapay zeka destekli Mako Robotik cerrahi sistemiyle bu ameliyat\u0131 ger\u00e7ekle\u015ftirdik&#8221; dedi.<\/p>\n<p>Ameliyat\u0131n cerrahi s\u00fcresinin yakla\u015f\u0131k 35 dakika oldu\u011funu belirten Dr. Y\u0131lmaz, \u201cCerahi i\u015flem 35 dakika s\u00fcr\u00fcyor, ancak t\u00fcm bu s\u00fcreci haz\u0131rl\u0131klar dahil 2- 3 saatlik bir s\u00fcre\u00e7te tamamlad\u0131k. Kal\u00e7adaki problemi tedavi etmedik ama kal\u00e7as\u0131ndaki problemi g\u00f6z \u00f6n\u00fcne alarak bu i\u015flemi uygulad\u0131k. Modern teknoloji sayesinde, yapay zeka deste\u011fi ile milimetrik planlama ile protezi uygulad\u0131k&#8221; diye konu\u015ftu.<\/p>\n<p>ULUSLARARASI SERT\u0130F\u0130KALI EK\u0130P<\/p>\n<p>Ameliyatta g\u00f6rev alan bir di\u011fer ortopedi uzman\u0131 Op. Dr. Niyazi \u00d6zt\u00fcrk ise robotik cerrahi uygulamalar\u0131nda uluslararas\u0131 ge\u00e7erlili\u011fe sahip e\u011fitim s\u00fcrecinden ge\u00e7tiklerini s\u00f6yledi. Op. Dr. \u00d6zt\u00fcrk, \u201cRobotik sistem tek ba\u015f\u0131na ameliyat\u0131 yapan bir cihaz de\u011fil, ciddi planlama, e\u011fitim ve sertifika gerektiren bir teknolojidir. E\u011fitimimizi kadavra ve kemik modelleri \u00fczerinde tamamlad\u0131k. Robotun avantaj\u0131, hekime y\u00fcksek do\u011frulukla rehberlik etmesi ve hastan\u0131n anatomisine \u00f6zel ve kaliteli protez yerle\u015fimini sa\u011flamas\u0131 ve son hedef olan \u00e7ok uzun \u00f6m\u00fcrl\u00fc diz eklemi sa\u011flamas\u0131d\u0131r&#8221; ifadelerini kulland\u0131.<\/p>\n<p>Kaynak: www.kanalv.com.tr Haber Sitesinden Al\u0131nm\u0131\u015ft\u0131r.<\/p>","protected":false},"excerpt":{"rendered":"<p>ANTALYA&#8217;da 35 y\u0131ld\u0131r kal\u00e7a ve diz kaynakl\u0131 y\u00fcr\u00fcme g\u00fc\u00e7l\u00fc\u011f\u00fc \u00e7eken \u0130brahim T. (67), \u00d6zel Uncal\u0131 Hastanesi&#8217;nde tam robotik cerrahi y\u00f6ntemiyle yap\u0131lan total diz protezi ameliyat\u0131 sonras\u0131 1 g\u00fcn i\u00e7inde y\u00fcr\u00fcmeye ba\u015flad\u0131. Robot destekli cerrahi y\u00f6ntemin kullan\u0131ld\u0131\u011f\u0131 operasyon, ortopedi uzmanlar\u0131 Op. Dr. Cengiz Y\u0131lmaz ve Op. Dr. Niyazi \u00d6zt\u00fcrk taraf\u0131ndan ger\u00e7ekle\u015ftirildi. Dr. Y\u0131lmaz, \u201cCerahi i\u015flem 35 dakika s\u00fcr\u00fcyor, ancak t\u00fcm bu s\u00fcreci haz\u0131rl\u0131klar dahil 2- 3 saatlik bir s\u00fcre\u00e7te tamamlad\u0131k&#8221; dedi. Ameliyat\u0131n ard\u0131ndan konu\u015fan \u0130brahim T. ise \u201cBu kadar h\u0131zl\u0131 aya\u011fa kalkaca\u011f\u0131m\u0131 ve a\u011fr\u0131lar\u0131m\u0131n 2 g\u00fcn tamamen ge\u00e7ece\u011fini ben de tahmin etmiyordum&#8221; diye konu\u015ftu. 1990 y\u0131l\u0131nda ge\u00e7irdi\u011fi trafik kazas\u0131 sonras\u0131 kal\u00e7a ve diz b\u00f6lgesinde ciddi a\u011fr\u0131lar ya\u015famaya ba\u015flayan emekli banka m\u00fcd\u00fcr\u00fc \u0130brahim T., son 10 y\u0131ld\u0131r \u015fikayetlerinin artt\u0131\u011f\u0131n\u0131, \u00f6zellikle son 1-2 y\u0131ld\u0131r birka\u00e7 y\u00fcz metre y\u00fcr\u00fcd\u00fckten sonra zorland\u0131\u011f\u0131n\u0131 ifade etti. Hastaneye ba\u015fvurduktan sonra yap\u0131lan tetkiklerde, hem kal\u00e7a hem de diz b\u00f6lgesinde ileri d\u00fczeyde bozulmalar oldu\u011fu belirlenen \u0130brahim T., robotik cerrahi y\u00f6ntemiyle ger\u00e7ekle\u015ftirilen diz protezi ameliyat\u0131n\u0131n ard\u0131ndan rahat\u00e7a y\u00fcr\u00fcmeye ba\u015flad\u0131. Ya\u015fad\u0131\u011f\u0131 durumu anlatan \u0130brahim T., \u201c35 y\u0131ld\u0131r s\u00fcren a\u011fr\u0131lar\u0131m vard\u0131. Son 1-2 y\u0131lda bu durum daha da k\u00f6t\u00fcle\u015fti. Ayakta en fazla 1-2 dakika kalabiliyordum. Ameliyat oldum, bug\u00fcn \u00fc\u00e7\u00fcnc\u00fc g\u00fcn ve sabah saatlerinden beri asa ile hatta asas\u0131z bile dola\u015f\u0131yorum. \u00c7ok memnunum. Bu &hellip;<\/p>","protected":false},"author":4,"featured_media":0,"comment_status":"","ping_status":"open","sticky":false,"template":"","format":"standard","meta":{"_acf_changed":false,"footnotes":""},"categories":[26],"tags":[],"class_list":["post-141612","post","type-post","status-publish","format-standard","hentry","category-antalya"],"acf":[],"yoast_head":"<!-- This site is optimized with the Yoast SEO Premium plugin v26.6 (Yoast SEO v27.1.1) - https:\/\/yoast.com\/product\/yoast-seo-premium-wordpress\/ -->\n<title>35 Y\u0131ll\u0131k \u015eikayet, 35 Dakikada Robotik Ameliyatla Sona Erdi - Av. Deniz Can K\u0131z\u0131l<\/title>\n<meta name=\"robots\" content=\"index, follow, max-snippet:-1, max-image-preview:large, max-video-preview:-1\" \/>\n<link rel=\"canonical\" href=\"https:\/\/denizcankizil.tr\/uk\/haberler\/antalya\/35-yillik-sikayet-35-dakikada-robotik-ameliyatla-sona-erdi\/\" \/>\n<meta property=\"og:locale\" content=\"uk_UA\" \/>\n<meta property=\"og:type\" content=\"article\" \/>\n<meta property=\"og:title\" content=\"35 Y\u0131ll\u0131k \u015eikayet, 35 Dakikada Robotik Ameliyatla Sona Erdi\" \/>\n<meta property=\"og:description\" content=\"ANTALYA&#8217;da 35 y\u0131ld\u0131r kal\u00e7a ve diz kaynakl\u0131 y\u00fcr\u00fcme g\u00fc\u00e7l\u00fc\u011f\u00fc \u00e7eken \u0130brahim T. (67), \u00d6zel Uncal\u0131 Hastanesi&#8217;nde tam robotik cerrahi y\u00f6ntemiyle yap\u0131lan total diz protezi ameliyat\u0131 sonras\u0131 1 g\u00fcn i\u00e7inde y\u00fcr\u00fcmeye ba\u015flad\u0131. Robot destekli cerrahi y\u00f6ntemin kullan\u0131ld\u0131\u011f\u0131 operasyon, ortopedi uzmanlar\u0131 Op. Dr. Cengiz Y\u0131lmaz ve Op. Dr. Niyazi \u00d6zt\u00fcrk taraf\u0131ndan ger\u00e7ekle\u015ftirildi. Dr. Y\u0131lmaz, \u201cCerahi i\u015flem 35 dakika s\u00fcr\u00fcyor, ancak t\u00fcm bu s\u00fcreci haz\u0131rl\u0131klar dahil 2- 3 saatlik bir s\u00fcre\u00e7te tamamlad\u0131k&#8221; dedi. Ameliyat\u0131n ard\u0131ndan konu\u015fan \u0130brahim T. ise \u201cBu kadar h\u0131zl\u0131 aya\u011fa kalkaca\u011f\u0131m\u0131 ve a\u011fr\u0131lar\u0131m\u0131n 2 g\u00fcn tamamen ge\u00e7ece\u011fini ben de tahmin etmiyordum&#8221; diye konu\u015ftu. 1990 y\u0131l\u0131nda ge\u00e7irdi\u011fi trafik kazas\u0131 sonras\u0131 kal\u00e7a ve diz b\u00f6lgesinde ciddi a\u011fr\u0131lar ya\u015famaya ba\u015flayan emekli banka m\u00fcd\u00fcr\u00fc \u0130brahim T., son 10 y\u0131ld\u0131r \u015fikayetlerinin artt\u0131\u011f\u0131n\u0131, \u00f6zellikle son 1-2 y\u0131ld\u0131r birka\u00e7 y\u00fcz metre y\u00fcr\u00fcd\u00fckten sonra zorland\u0131\u011f\u0131n\u0131 ifade etti. Hastaneye ba\u015fvurduktan sonra yap\u0131lan tetkiklerde, hem kal\u00e7a hem de diz b\u00f6lgesinde ileri d\u00fczeyde bozulmalar oldu\u011fu belirlenen \u0130brahim T., robotik cerrahi y\u00f6ntemiyle ger\u00e7ekle\u015ftirilen diz protezi ameliyat\u0131n\u0131n ard\u0131ndan rahat\u00e7a y\u00fcr\u00fcmeye ba\u015flad\u0131. Ya\u015fad\u0131\u011f\u0131 durumu anlatan \u0130brahim T., \u201c35 y\u0131ld\u0131r s\u00fcren a\u011fr\u0131lar\u0131m vard\u0131. Son 1-2 y\u0131lda bu durum daha da k\u00f6t\u00fcle\u015fti. Ayakta en fazla 1-2 dakika kalabiliyordum. Ameliyat oldum, bug\u00fcn \u00fc\u00e7\u00fcnc\u00fc g\u00fcn ve sabah saatlerinden beri asa ile hatta asas\u0131z bile dola\u015f\u0131yorum. \u00c7ok memnunum. Bu &hellip;\" \/>\n<meta property=\"og:url\" content=\"https:\/\/denizcankizil.tr\/uk\/haberler\/antalya\/35-yillik-sikayet-35-dakikada-robotik-ameliyatla-sona-erdi\/\" \/>\n<meta property=\"og:site_name\" content=\"Av. Deniz Can K\u0131z\u0131l\" \/>\n<meta property=\"article:published_time\" content=\"2025-07-10T09:41:14+00:00\" \/>\n<meta name=\"author\" content=\"Av. Deniz Can K\u0131z\u0131l\" \/>\n<meta name=\"twitter:card\" content=\"summary_large_image\" \/>\n<meta name=\"twitter:label1\" content=\"\u041d\u0430\u043f\u0438\u0441\u0430\u043d\u043e\" \/>\n\t<meta name=\"twitter:data1\" content=\"Av. Deniz Can K\u0131z\u0131l\" \/>\n\t<meta name=\"twitter:label2\" content=\"\u041f\u0440\u0438\u0431\u043b. \u0447\u0430\u0441 \u0447\u0438\u0442\u0430\u043d\u043d\u044f\" \/>\n\t<meta name=\"twitter:data2\" content=\"3 \u0445\u0432\u0438\u043b\u0438\u043d\u0438\" \/>\n<script type=\"application\/ld+json\" class=\"yoast-schema-graph\">{\"@context\":\"https:\/\/schema.org\",\"@graph\":[{\"@type\":\"Article\",\"@id\":\"https:\/\/denizcankizil.tr\/uk\/haberler\/antalya\/35-yillik-sikayet-35-dakikada-robotik-ameliyatla-sona-erdi\/#article\",\"isPartOf\":{\"@id\":\"https:\/\/denizcankizil.tr\/uk\/haberler\/antalya\/35-yillik-sikayet-35-dakikada-robotik-ameliyatla-sona-erdi\/\"},\"author\":{\"name\":\"Av. Deniz Can K\u0131z\u0131l\",\"@id\":\"https:\/\/denizcankizil.tr\/de\/#\/schema\/person\/5dc1b22991bd7ac833867c10afc9b0ff\"},\"headline\":\"35 Y\u0131ll\u0131k \u015eikayet, 35 Dakikada Robotik Ameliyatla Sona Erdi\",\"datePublished\":\"2025-07-10T09:41:14+00:00\",\"mainEntityOfPage\":{\"@id\":\"https:\/\/denizcankizil.tr\/uk\/haberler\/antalya\/35-yillik-sikayet-35-dakikada-robotik-ameliyatla-sona-erdi\/\"},\"wordCount\":602,\"publisher\":{\"@id\":\"https:\/\/denizcankizil.tr\/de\/#organization\"},\"articleSection\":[\"Antalya\"],\"inLanguage\":\"uk\"},{\"@type\":\"WebPage\",\"@id\":\"https:\/\/denizcankizil.tr\/uk\/haberler\/antalya\/35-yillik-sikayet-35-dakikada-robotik-ameliyatla-sona-erdi\/\",\"url\":\"https:\/\/denizcankizil.tr\/uk\/haberler\/antalya\/35-yillik-sikayet-35-dakikada-robotik-ameliyatla-sona-erdi\/\",\"name\":\"35 Y\u0131ll\u0131k \u015eikayet, 35 Dakikada Robotik Ameliyatla Sona Erdi - Av. Deniz Can K\u0131z\u0131l\",\"isPartOf\":{\"@id\":\"https:\/\/denizcankizil.tr\/de\/#website\"},\"datePublished\":\"2025-07-10T09:41:14+00:00\",\"breadcrumb\":{\"@id\":\"https:\/\/denizcankizil.tr\/uk\/haberler\/antalya\/35-yillik-sikayet-35-dakikada-robotik-ameliyatla-sona-erdi\/#breadcrumb\"},\"inLanguage\":\"uk\",\"potentialAction\":[{\"@type\":\"ReadAction\",\"target\":[\"https:\/\/denizcankizil.tr\/uk\/haberler\/antalya\/35-yillik-sikayet-35-dakikada-robotik-ameliyatla-sona-erdi\/\"]}]},{\"@type\":\"BreadcrumbList\",\"@id\":\"https:\/\/denizcankizil.tr\/uk\/haberler\/antalya\/35-yillik-sikayet-35-dakikada-robotik-ameliyatla-sona-erdi\/#breadcrumb\",\"itemListElement\":[{\"@type\":\"ListItem\",\"position\":1,\"name\":\"Home\",\"item\":\"https:\/\/denizcankizil.tr\/de\/\"},{\"@type\":\"ListItem\",\"position\":2,\"name\":\"35 Y\u0131ll\u0131k \u015eikayet, 35 Dakikada Robotik Ameliyatla Sona Erdi\"}]},{\"@type\":\"WebSite\",\"@id\":\"https:\/\/denizcankizil.tr\/de\/#website\",\"url\":\"https:\/\/denizcankizil.tr\/de\/\",\"name\":\"Av. Deniz Can K\u0131z\u0131l\",\"description\":\"Avukat Deniz Can K\u0131z\u0131l Antalya Barosu\",\"publisher\":{\"@id\":\"https:\/\/denizcankizil.tr\/de\/#organization\"},\"potentialAction\":[{\"@type\":\"SearchAction\",\"target\":{\"@type\":\"EntryPoint\",\"urlTemplate\":\"https:\/\/denizcankizil.tr\/de\/?s={search_term_string}\"},\"query-input\":{\"@type\":\"PropertyValueSpecification\",\"valueRequired\":true,\"valueName\":\"search_term_string\"}}],\"inLanguage\":\"uk\"},{\"@type\":\"Organization\",\"@id\":\"https:\/\/denizcankizil.tr\/de\/#organization\",\"name\":\"Av. Deniz Can K\u0131z\u0131l\",\"url\":\"https:\/\/denizcankizil.tr\/de\/\",\"logo\":{\"@type\":\"ImageObject\",\"inLanguage\":\"uk\",\"@id\":\"https:\/\/denizcankizil.tr\/de\/#\/schema\/logo\/image\/\",\"url\":\"https:\/\/denizcankizil.tr\/wp-content\/uploads\/2024\/10\/siyah-logo-svg.svg\",\"contentUrl\":\"https:\/\/denizcankizil.tr\/wp-content\/uploads\/2024\/10\/siyah-logo-svg.svg\",\"width\":1080,\"height\":1080,\"caption\":\"Av. Deniz Can K\u0131z\u0131l\"},\"image\":{\"@id\":\"https:\/\/denizcankizil.tr\/de\/#\/schema\/logo\/image\/\"}},{\"@type\":\"Person\",\"@id\":\"https:\/\/denizcankizil.tr\/de\/#\/schema\/person\/5dc1b22991bd7ac833867c10afc9b0ff\",\"name\":\"Av. Deniz Can K\u0131z\u0131l\",\"image\":{\"@type\":\"ImageObject\",\"inLanguage\":\"uk\",\"@id\":\"https:\/\/denizcankizil.tr\/de\/#\/schema\/person\/image\/\",\"url\":\"https:\/\/secure.gravatar.com\/avatar\/a0b128fb9855c79efc976d5640eedb31dc35ec297594d6016d2cf7c60e975bb6?s=96&d=mm&r=g\",\"contentUrl\":\"https:\/\/secure.gravatar.com\/avatar\/a0b128fb9855c79efc976d5640eedb31dc35ec297594d6016d2cf7c60e975bb6?s=96&d=mm&r=g\",\"caption\":\"Av. Deniz Can K\u0131z\u0131l\"},\"sameAs\":[\"http:\/\/www.denizcankizil.tr\"],\"url\":\"https:\/\/denizcankizil.tr\/uk\/author\/denizcankizil\/\"}]}<\/script>\n<!-- \/ Yoast SEO Premium plugin. -->","yoast_head_json":{"title":"35 Y\u0131ll\u0131k \u015eikayet, 35 Dakikada Robotik Ameliyatla Sona Erdi - Av. Deniz Can K\u0131z\u0131l","robots":{"index":"index","follow":"follow","max-snippet":"max-snippet:-1","max-image-preview":"max-image-preview:large","max-video-preview":"max-video-preview:-1"},"canonical":"https:\/\/denizcankizil.tr\/uk\/haberler\/antalya\/35-yillik-sikayet-35-dakikada-robotik-ameliyatla-sona-erdi\/","og_locale":"uk_UA","og_type":"article","og_title":"35 Y\u0131ll\u0131k \u015eikayet, 35 Dakikada Robotik Ameliyatla Sona Erdi","og_description":"ANTALYA&#8217;da 35 y\u0131ld\u0131r kal\u00e7a ve diz kaynakl\u0131 y\u00fcr\u00fcme g\u00fc\u00e7l\u00fc\u011f\u00fc \u00e7eken \u0130brahim T. (67), \u00d6zel Uncal\u0131 Hastanesi&#8217;nde tam robotik cerrahi y\u00f6ntemiyle yap\u0131lan total diz protezi ameliyat\u0131 sonras\u0131 1 g\u00fcn i\u00e7inde y\u00fcr\u00fcmeye ba\u015flad\u0131. Robot destekli cerrahi y\u00f6ntemin kullan\u0131ld\u0131\u011f\u0131 operasyon, ortopedi uzmanlar\u0131 Op. Dr. Cengiz Y\u0131lmaz ve Op. Dr. Niyazi \u00d6zt\u00fcrk taraf\u0131ndan ger\u00e7ekle\u015ftirildi. Dr. Y\u0131lmaz, \u201cCerahi i\u015flem 35 dakika s\u00fcr\u00fcyor, ancak t\u00fcm bu s\u00fcreci haz\u0131rl\u0131klar dahil 2- 3 saatlik bir s\u00fcre\u00e7te tamamlad\u0131k&#8221; dedi. Ameliyat\u0131n ard\u0131ndan konu\u015fan \u0130brahim T. ise \u201cBu kadar h\u0131zl\u0131 aya\u011fa kalkaca\u011f\u0131m\u0131 ve a\u011fr\u0131lar\u0131m\u0131n 2 g\u00fcn tamamen ge\u00e7ece\u011fini ben de tahmin etmiyordum&#8221; diye konu\u015ftu. 1990 y\u0131l\u0131nda ge\u00e7irdi\u011fi trafik kazas\u0131 sonras\u0131 kal\u00e7a ve diz b\u00f6lgesinde ciddi a\u011fr\u0131lar ya\u015famaya ba\u015flayan emekli banka m\u00fcd\u00fcr\u00fc \u0130brahim T., son 10 y\u0131ld\u0131r \u015fikayetlerinin artt\u0131\u011f\u0131n\u0131, \u00f6zellikle son 1-2 y\u0131ld\u0131r birka\u00e7 y\u00fcz metre y\u00fcr\u00fcd\u00fckten sonra zorland\u0131\u011f\u0131n\u0131 ifade etti. Hastaneye ba\u015fvurduktan sonra yap\u0131lan tetkiklerde, hem kal\u00e7a hem de diz b\u00f6lgesinde ileri d\u00fczeyde bozulmalar oldu\u011fu belirlenen \u0130brahim T., robotik cerrahi y\u00f6ntemiyle ger\u00e7ekle\u015ftirilen diz protezi ameliyat\u0131n\u0131n ard\u0131ndan rahat\u00e7a y\u00fcr\u00fcmeye ba\u015flad\u0131. Ya\u015fad\u0131\u011f\u0131 durumu anlatan \u0130brahim T., \u201c35 y\u0131ld\u0131r s\u00fcren a\u011fr\u0131lar\u0131m vard\u0131. Son 1-2 y\u0131lda bu durum daha da k\u00f6t\u00fcle\u015fti. Ayakta en fazla 1-2 dakika kalabiliyordum. Ameliyat oldum, bug\u00fcn \u00fc\u00e7\u00fcnc\u00fc g\u00fcn ve sabah saatlerinden beri asa ile hatta asas\u0131z bile dola\u015f\u0131yorum. \u00c7ok memnunum. Bu &hellip;","og_url":"https:\/\/denizcankizil.tr\/uk\/haberler\/antalya\/35-yillik-sikayet-35-dakikada-robotik-ameliyatla-sona-erdi\/","og_site_name":"Av. Deniz Can K\u0131z\u0131l","article_published_time":"2025-07-10T09:41:14+00:00","author":"Av. Deniz Can K\u0131z\u0131l","twitter_card":"summary_large_image","twitter_misc":{"\u041d\u0430\u043f\u0438\u0441\u0430\u043d\u043e":"Av. Deniz Can K\u0131z\u0131l","\u041f\u0440\u0438\u0431\u043b. \u0447\u0430\u0441 \u0447\u0438\u0442\u0430\u043d\u043d\u044f":"3 \u0445\u0432\u0438\u043b\u0438\u043d\u0438"},"schema":{"@context":"https:\/\/schema.org","@graph":[{"@type":"Article","@id":"https:\/\/denizcankizil.tr\/uk\/haberler\/antalya\/35-yillik-sikayet-35-dakikada-robotik-ameliyatla-sona-erdi\/#article","isPartOf":{"@id":"https:\/\/denizcankizil.tr\/uk\/haberler\/antalya\/35-yillik-sikayet-35-dakikada-robotik-ameliyatla-sona-erdi\/"},"author":{"name":"Av. Deniz Can K\u0131z\u0131l","@id":"https:\/\/denizcankizil.tr\/de\/#\/schema\/person\/5dc1b22991bd7ac833867c10afc9b0ff"},"headline":"35 Y\u0131ll\u0131k \u015eikayet, 35 Dakikada Robotik Ameliyatla Sona Erdi","datePublished":"2025-07-10T09:41:14+00:00","mainEntityOfPage":{"@id":"https:\/\/denizcankizil.tr\/uk\/haberler\/antalya\/35-yillik-sikayet-35-dakikada-robotik-ameliyatla-sona-erdi\/"},"wordCount":602,"publisher":{"@id":"https:\/\/denizcankizil.tr\/de\/#organization"},"articleSection":["Antalya"],"inLanguage":"uk"},{"@type":"WebPage","@id":"https:\/\/denizcankizil.tr\/uk\/haberler\/antalya\/35-yillik-sikayet-35-dakikada-robotik-ameliyatla-sona-erdi\/","url":"https:\/\/denizcankizil.tr\/uk\/haberler\/antalya\/35-yillik-sikayet-35-dakikada-robotik-ameliyatla-sona-erdi\/","name":"35 Y\u0131ll\u0131k \u015eikayet, 35 Dakikada Robotik Ameliyatla Sona Erdi - Av. Deniz Can K\u0131z\u0131l","isPartOf":{"@id":"https:\/\/denizcankizil.tr\/de\/#website"},"datePublished":"2025-07-10T09:41:14+00:00","breadcrumb":{"@id":"https:\/\/denizcankizil.tr\/uk\/haberler\/antalya\/35-yillik-sikayet-35-dakikada-robotik-ameliyatla-sona-erdi\/#breadcrumb"},"inLanguage":"uk","potentialAction":[{"@type":"ReadAction","target":["https:\/\/denizcankizil.tr\/uk\/haberler\/antalya\/35-yillik-sikayet-35-dakikada-robotik-ameliyatla-sona-erdi\/"]}]},{"@type":"BreadcrumbList","@id":"https:\/\/denizcankizil.tr\/uk\/haberler\/antalya\/35-yillik-sikayet-35-dakikada-robotik-ameliyatla-sona-erdi\/#breadcrumb","itemListElement":[{"@type":"ListItem","position":1,"name":"Home","item":"https:\/\/denizcankizil.tr\/de\/"},{"@type":"ListItem","position":2,"name":"35 Y\u0131ll\u0131k \u015eikayet, 35 Dakikada Robotik Ameliyatla Sona Erdi"}]},{"@type":"WebSite","@id":"https:\/\/denizcankizil.tr\/de\/#website","url":"https:\/\/denizcankizil.tr\/de\/","name":"Av. Deniz Can K\u0131z\u0131l","description":"Avukat Deniz Can K\u0131z\u0131l Antalya Barosu","publisher":{"@id":"https:\/\/denizcankizil.tr\/de\/#organization"},"potentialAction":[{"@type":"SearchAction","target":{"@type":"EntryPoint","urlTemplate":"https:\/\/denizcankizil.tr\/de\/?s={search_term_string}"},"query-input":{"@type":"PropertyValueSpecification","valueRequired":true,"valueName":"search_term_string"}}],"inLanguage":"uk"},{"@type":"Organization","@id":"https:\/\/denizcankizil.tr\/de\/#organization","name":"Av. Deniz Can K\u0131z\u0131l","url":"https:\/\/denizcankizil.tr\/de\/","logo":{"@type":"ImageObject","inLanguage":"uk","@id":"https:\/\/denizcankizil.tr\/de\/#\/schema\/logo\/image\/","url":"https:\/\/denizcankizil.tr\/wp-content\/uploads\/2024\/10\/siyah-logo-svg.svg","contentUrl":"https:\/\/denizcankizil.tr\/wp-content\/uploads\/2024\/10\/siyah-logo-svg.svg","width":1080,"height":1080,"caption":"Av. Deniz Can K\u0131z\u0131l"},"image":{"@id":"https:\/\/denizcankizil.tr\/de\/#\/schema\/logo\/image\/"}},{"@type":"Person","@id":"https:\/\/denizcankizil.tr\/de\/#\/schema\/person\/5dc1b22991bd7ac833867c10afc9b0ff","name":"Av. Deniz Can K\u0131z\u0131l","image":{"@type":"ImageObject","inLanguage":"uk","@id":"https:\/\/denizcankizil.tr\/de\/#\/schema\/person\/image\/","url":"https:\/\/secure.gravatar.com\/avatar\/a0b128fb9855c79efc976d5640eedb31dc35ec297594d6016d2cf7c60e975bb6?s=96&d=mm&r=g","contentUrl":"https:\/\/secure.gravatar.com\/avatar\/a0b128fb9855c79efc976d5640eedb31dc35ec297594d6016d2cf7c60e975bb6?s=96&d=mm&r=g","caption":"Av. Deniz Can K\u0131z\u0131l"},"sameAs":["http:\/\/www.denizcankizil.tr"],"url":"https:\/\/denizcankizil.tr\/uk\/author\/denizcankizil\/"}]}},"_links":{"self":[{"href":"https:\/\/denizcankizil.tr\/uk\/wp-json\/wp\/v2\/posts\/141612","targetHints":{"allow":["GET"]}}],"collection":[{"href":"https:\/\/denizcankizil.tr\/uk\/wp-json\/wp\/v2\/posts"}],"about":[{"href":"https:\/\/denizcankizil.tr\/uk\/wp-json\/wp\/v2\/types\/post"}],"author":[{"embeddable":true,"href":"https:\/\/denizcankizil.tr\/uk\/wp-json\/wp\/v2\/users\/4"}],"replies":[{"embeddable":true,"href":"https:\/\/denizcankizil.tr\/uk\/wp-json\/wp\/v2\/comments?post=141612"}],"version-history":[{"count":0,"href":"https:\/\/denizcankizil.tr\/uk\/wp-json\/wp\/v2\/posts\/141612\/revisions"}],"wp:attachment":[{"href":"https:\/\/denizcankizil.tr\/uk\/wp-json\/wp\/v2\/media?parent=141612"}],"wp:term":[{"taxonomy":"category","embeddable":true,"href":"https:\/\/denizcankizil.tr\/uk\/wp-json\/wp\/v2\/categories?post=141612"},{"taxonomy":"post_tag","embeddable":true,"href":"https:\/\/denizcankizil.tr\/uk\/wp-json\/wp\/v2\/tags?post=141612"}],"curies":[{"name":"wp","href":"https:\/\/api.w.org\/{rel}","templated":true}]}}