{"id":140945,"date":"2025-07-09T18:42:27","date_gmt":"2025-07-09T15:42:27","guid":{"rendered":"https:\/\/denizcankizil.tr\/uncategorized-tr\/bas-gec-uygulamasinda-her-gun-kaza\/"},"modified":"2025-07-09T18:42:27","modified_gmt":"2025-07-09T15:42:27","slug":"bas-gec-uygulamasinda-her-gun-kaza","status":"publish","type":"post","link":"https:\/\/denizcankizil.tr\/uk\/haberler\/gundem\/bas-gec-uygulamasinda-her-gun-kaza\/","title":{"rendered":"&#8216;Bas Ge\u00e7&#8217; Uygulamas\u0131nda Her G\u00fcn Kaza"},"content":{"rendered":"<p>Uygulaman\u0131n beklentileri kar\u015f\u0131lamad\u0131\u011f\u0131, s\u00fcr\u00fcc\u00fc ve yayalar\u0131n dikkatsizlikleri nedeniyle hemen hemen her g\u00fcn kazalar meydana geldi\u011fine i\u015faret ediliyor. Vatanda\u015flar hem s\u00fcr\u00fcc\u00fclerin hem de yayalar\u0131n trafik kurallar\u0131na uymamas\u0131ndan \u015fikayet\u00e7i.<\/p>\n<p>Bug\u00fcn sabah saatlerinde de bir arac\u0131n yaya \u00e7arpmas\u0131 sonucu meydana gelen yaralamal\u0131 trafik kazas\u0131n\u0131n ya\u015fand\u0131\u011f\u0131 \u2018Bas ge\u00e7\u2019 noktas\u0131nda sokaktaki vatanda\u015flar, mikrofon uzatan iskenderun.org ekibine d\u00fc\u015f\u00fcncelerini aktard\u0131.<\/p>\n<p>\u201cNe bas ge\u00e7 uygulamas\u0131 ne de bu trafik lambas\u0131 i\u015fe yarad\u0131. Burada daha g\u00fcvenli ge\u00e7i\u015fler m\u00fcmk\u00fcnken, bu \u015fekilde i\u015fler daha da zorla\u015ft\u0131\u201d diyenlerin yan s\u0131ra baz\u0131 vatanda\u015flar ise sorunun sadece uygulamada de\u011fil, genel olarak trafikteki sayg\u0131 eksikli\u011finde oldu\u011funa dikkat \u00e7ekti.<\/p>\n<p>Bir s\u00fcr\u00fcc\u00fc, \u201cEn b\u00fcy\u00fck sorunumuz sayg\u0131. Yayalar da, ara\u00e7lar da birbirine sayg\u0131 g\u00f6stermiyor. S\u00fcr\u00fcc\u00fcler yayalara yol vermiyor, yayalar da kurallar\u0131 umursam\u0131yor,\u201d dedi.<\/p>\n<p>Farkl\u0131 illerdeki uygulamalara de\u011finen bir vatanda\u015f, \u201cBen Isparta\u2019da, Ankara\u2019da g\u00f6rd\u00fc\u011f\u00fcm d\u00fczeni burada g\u00f6remiyorum. Herkes kafas\u0131na g\u00f6re hareket ediyor. Yaya ge\u00e7idine kimse dikkat etmiyor\u201d diye konu\u015ftu.<\/p>\n<p>\u00d6te yandan uygulama ile ilgili olarak tepkilerini dile getirenler de \u201cBence i\u015fe yar\u0131yor. Yayalar duruyor, ara\u00e7lar da dikkat ediyor\u2026\u201d<\/p>\n<p>Bir vatanda\u015f da uygulamay\u0131 ilk kez g\u00f6rd\u00fc\u011f\u00fcn\u00fc ve zamanla etkili olabilece\u011fini ifade etti.<\/p>\n<p>Bir halk\u0131n kalitesinin trafi\u011finden belli olaca\u011f\u0131n\u0131 aktaran bir ba\u015fka s\u00fcr\u00fcc\u00fc de, \u00f6zellikle minib\u00fcs ve ticari ara\u00e7 s\u00fcr\u00fcc\u00fclerinin daha dikkatli olmas\u0131 gerekti\u011fini vurgulad\u0131.<\/p>\n<p>\u200bHatay\u2019\u0131n \u0130skenderun il\u00e7esinin en i\u015flek caddesi \u015eehit Pamir\u2019de hayata ge\u00e7irilen trafikte yayalar i\u00e7in &#8216;Bas Ge\u00e7&#8217; uygulamas\u0131n\u0131n do\u011fru kullan\u0131lamamas\u0131, ta\u015f\u0131t s\u00fcr\u00fcc\u00fcleri ile vatanda\u015flar\u0131n da tepkisini \u00e7ekti.\u00a0<\/p>\n<p>\u200bHaberin Al\u0131nt\u0131land\u0131\u011f\u0131 Kaynak: www.iskenderun.org<\/p>","protected":false},"excerpt":{"rendered":"<p>Uygulaman\u0131n beklentileri kar\u015f\u0131lamad\u0131\u011f\u0131, s\u00fcr\u00fcc\u00fc ve yayalar\u0131n dikkatsizlikleri nedeniyle hemen hemen her g\u00fcn kazalar meydana geldi\u011fine i\u015faret ediliyor. Vatanda\u015flar hem s\u00fcr\u00fcc\u00fclerin hem de yayalar\u0131n trafik kurallar\u0131na uymamas\u0131ndan \u015fikayet\u00e7i. Bug\u00fcn sabah saatlerinde de bir arac\u0131n yaya \u00e7arpmas\u0131 sonucu meydana gelen yaralamal\u0131 trafik kazas\u0131n\u0131n ya\u015fand\u0131\u011f\u0131 \u2018Bas ge\u00e7\u2019 noktas\u0131nda sokaktaki vatanda\u015flar, mikrofon uzatan iskenderun.org ekibine d\u00fc\u015f\u00fcncelerini aktard\u0131. \u201cNe bas ge\u00e7 uygulamas\u0131 ne de bu trafik lambas\u0131 i\u015fe yarad\u0131. Burada daha g\u00fcvenli ge\u00e7i\u015fler m\u00fcmk\u00fcnken, bu \u015fekilde i\u015fler daha da zorla\u015ft\u0131\u201d diyenlerin yan s\u0131ra baz\u0131 vatanda\u015flar ise sorunun sadece uygulamada de\u011fil, genel olarak trafikteki sayg\u0131 eksikli\u011finde oldu\u011funa dikkat \u00e7ekti. Bir s\u00fcr\u00fcc\u00fc, \u201cEn b\u00fcy\u00fck sorunumuz sayg\u0131. Yayalar da, ara\u00e7lar da birbirine sayg\u0131 g\u00f6stermiyor. S\u00fcr\u00fcc\u00fcler yayalara yol vermiyor, yayalar da kurallar\u0131 umursam\u0131yor,\u201d dedi. Farkl\u0131 illerdeki uygulamalara de\u011finen bir vatanda\u015f, \u201cBen Isparta\u2019da, Ankara\u2019da g\u00f6rd\u00fc\u011f\u00fcm d\u00fczeni burada g\u00f6remiyorum. Herkes kafas\u0131na g\u00f6re hareket ediyor. Yaya ge\u00e7idine kimse dikkat etmiyor\u201d diye konu\u015ftu. \u00d6te yandan uygulama ile ilgili olarak tepkilerini dile getirenler de \u201cBence i\u015fe yar\u0131yor. Yayalar duruyor, ara\u00e7lar da dikkat ediyor\u2026\u201d Bir vatanda\u015f da uygulamay\u0131 ilk kez g\u00f6rd\u00fc\u011f\u00fcn\u00fc ve zamanla etkili olabilece\u011fini ifade etti. Bir halk\u0131n kalitesinin trafi\u011finden belli olaca\u011f\u0131n\u0131 aktaran bir ba\u015fka s\u00fcr\u00fcc\u00fc de, \u00f6zellikle minib\u00fcs ve ticari ara\u00e7 s\u00fcr\u00fcc\u00fclerinin daha dikkatli olmas\u0131 gerekti\u011fini vurgulad\u0131. \u200bHatay\u2019\u0131n \u0130skenderun il\u00e7esinin en i\u015flek caddesi &hellip;<\/p>","protected":false},"author":1,"featured_media":0,"comment_status":"","ping_status":"open","sticky":false,"template":"","format":"standard","meta":{"_acf_changed":false,"footnotes":""},"categories":[24],"tags":[],"class_list":["post-140945","post","type-post","status-publish","format-standard","has-post-thumbnail","hentry","category-gundem"],"acf":[],"yoast_head":"<!-- This site is optimized with the Yoast SEO Premium plugin v26.6 (Yoast SEO v27.1.1) - https:\/\/yoast.com\/product\/yoast-seo-premium-wordpress\/ -->\n<title>&#039;Bas Ge\u00e7&#039; Uygulamas\u0131nda Her G\u00fcn Kaza - Av. Deniz Can K\u0131z\u0131l<\/title>\n<meta name=\"robots\" content=\"index, follow, max-snippet:-1, max-image-preview:large, max-video-preview:-1\" \/>\n<link rel=\"canonical\" href=\"https:\/\/denizcankizil.tr\/uk\/haberler\/gundem\/bas-gec-uygulamasinda-her-gun-kaza\/\" \/>\n<meta property=\"og:locale\" content=\"uk_UA\" \/>\n<meta property=\"og:type\" content=\"article\" \/>\n<meta property=\"og:title\" content=\"&#039;Bas Ge\u00e7&#039; Uygulamas\u0131nda Her G\u00fcn Kaza\" \/>\n<meta property=\"og:description\" content=\"Uygulaman\u0131n beklentileri kar\u015f\u0131lamad\u0131\u011f\u0131, s\u00fcr\u00fcc\u00fc ve yayalar\u0131n dikkatsizlikleri nedeniyle hemen hemen her g\u00fcn kazalar meydana geldi\u011fine i\u015faret ediliyor. Vatanda\u015flar hem s\u00fcr\u00fcc\u00fclerin hem de yayalar\u0131n trafik kurallar\u0131na uymamas\u0131ndan \u015fikayet\u00e7i. Bug\u00fcn sabah saatlerinde de bir arac\u0131n yaya \u00e7arpmas\u0131 sonucu meydana gelen yaralamal\u0131 trafik kazas\u0131n\u0131n ya\u015fand\u0131\u011f\u0131 \u2018Bas ge\u00e7\u2019 noktas\u0131nda sokaktaki vatanda\u015flar, mikrofon uzatan iskenderun.org ekibine d\u00fc\u015f\u00fcncelerini aktard\u0131. \u201cNe bas ge\u00e7 uygulamas\u0131 ne de bu trafik lambas\u0131 i\u015fe yarad\u0131. Burada daha g\u00fcvenli ge\u00e7i\u015fler m\u00fcmk\u00fcnken, bu \u015fekilde i\u015fler daha da zorla\u015ft\u0131\u201d diyenlerin yan s\u0131ra baz\u0131 vatanda\u015flar ise sorunun sadece uygulamada de\u011fil, genel olarak trafikteki sayg\u0131 eksikli\u011finde oldu\u011funa dikkat \u00e7ekti. Bir s\u00fcr\u00fcc\u00fc, \u201cEn b\u00fcy\u00fck sorunumuz sayg\u0131. Yayalar da, ara\u00e7lar da birbirine sayg\u0131 g\u00f6stermiyor. S\u00fcr\u00fcc\u00fcler yayalara yol vermiyor, yayalar da kurallar\u0131 umursam\u0131yor,\u201d dedi. Farkl\u0131 illerdeki uygulamalara de\u011finen bir vatanda\u015f, \u201cBen Isparta\u2019da, Ankara\u2019da g\u00f6rd\u00fc\u011f\u00fcm d\u00fczeni burada g\u00f6remiyorum. Herkes kafas\u0131na g\u00f6re hareket ediyor. Yaya ge\u00e7idine kimse dikkat etmiyor\u201d diye konu\u015ftu. \u00d6te yandan uygulama ile ilgili olarak tepkilerini dile getirenler de \u201cBence i\u015fe yar\u0131yor. Yayalar duruyor, ara\u00e7lar da dikkat ediyor\u2026\u201d Bir vatanda\u015f da uygulamay\u0131 ilk kez g\u00f6rd\u00fc\u011f\u00fcn\u00fc ve zamanla etkili olabilece\u011fini ifade etti. Bir halk\u0131n kalitesinin trafi\u011finden belli olaca\u011f\u0131n\u0131 aktaran bir ba\u015fka s\u00fcr\u00fcc\u00fc de, \u00f6zellikle minib\u00fcs ve ticari ara\u00e7 s\u00fcr\u00fcc\u00fclerinin daha dikkatli olmas\u0131 gerekti\u011fini vurgulad\u0131. \u200bHatay\u2019\u0131n \u0130skenderun il\u00e7esinin en i\u015flek caddesi &hellip;\" \/>\n<meta property=\"og:url\" content=\"https:\/\/denizcankizil.tr\/uk\/haberler\/gundem\/bas-gec-uygulamasinda-her-gun-kaza\/\" \/>\n<meta property=\"og:site_name\" content=\"Av. Deniz Can K\u0131z\u0131l\" \/>\n<meta property=\"article:published_time\" content=\"2025-07-09T15:42:27+00:00\" \/>\n<meta name=\"author\" content=\"admin\" \/>\n<meta name=\"twitter:card\" content=\"summary_large_image\" \/>\n<meta name=\"twitter:label1\" content=\"\u041d\u0430\u043f\u0438\u0441\u0430\u043d\u043e\" \/>\n\t<meta name=\"twitter:data1\" content=\"admin\" \/>\n\t<meta name=\"twitter:label2\" content=\"\u041f\u0440\u0438\u0431\u043b. \u0447\u0430\u0441 \u0447\u0438\u0442\u0430\u043d\u043d\u044f\" \/>\n\t<meta name=\"twitter:data2\" content=\"2 \u0445\u0432\u0438\u043b\u0438\u043d\u0438\" \/>\n<script type=\"application\/ld+json\" class=\"yoast-schema-graph\">{\"@context\":\"https:\/\/schema.org\",\"@graph\":[{\"@type\":\"Article\",\"@id\":\"https:\/\/denizcankizil.tr\/de\/haberler\/gundem\/bas-gec-uygulamasinda-her-gun-kaza\/#article\",\"isPartOf\":{\"@id\":\"https:\/\/denizcankizil.tr\/de\/haberler\/gundem\/bas-gec-uygulamasinda-her-gun-kaza\/\"},\"author\":{\"name\":\"admin\",\"@id\":\"https:\/\/denizcankizil.tr\/de\/#\/schema\/person\/be3c05fe6a12686905512445d8185489\"},\"headline\":\"&#8216;Bas Ge\u00e7&#8217; Uygulamas\u0131nda Her G\u00fcn Kaza\",\"datePublished\":\"2025-07-09T15:42:27+00:00\",\"mainEntityOfPage\":{\"@id\":\"https:\/\/denizcankizil.tr\/de\/haberler\/gundem\/bas-gec-uygulamasinda-her-gun-kaza\/\"},\"wordCount\":327,\"publisher\":{\"@id\":\"https:\/\/denizcankizil.tr\/de\/#organization\"},\"articleSection\":[\"G\u00fcndem\"],\"inLanguage\":\"uk\"},{\"@type\":\"WebPage\",\"@id\":\"https:\/\/denizcankizil.tr\/de\/haberler\/gundem\/bas-gec-uygulamasinda-her-gun-kaza\/\",\"url\":\"https:\/\/denizcankizil.tr\/de\/haberler\/gundem\/bas-gec-uygulamasinda-her-gun-kaza\/\",\"name\":\"'Bas Ge\u00e7' Uygulamas\u0131nda Her G\u00fcn Kaza - Av. Deniz Can K\u0131z\u0131l\",\"isPartOf\":{\"@id\":\"https:\/\/denizcankizil.tr\/de\/#website\"},\"datePublished\":\"2025-07-09T15:42:27+00:00\",\"breadcrumb\":{\"@id\":\"https:\/\/denizcankizil.tr\/de\/haberler\/gundem\/bas-gec-uygulamasinda-her-gun-kaza\/#breadcrumb\"},\"inLanguage\":\"uk\",\"potentialAction\":[{\"@type\":\"ReadAction\",\"target\":[\"https:\/\/denizcankizil.tr\/de\/haberler\/gundem\/bas-gec-uygulamasinda-her-gun-kaza\/\"]}]},{\"@type\":\"BreadcrumbList\",\"@id\":\"https:\/\/denizcankizil.tr\/de\/haberler\/gundem\/bas-gec-uygulamasinda-her-gun-kaza\/#breadcrumb\",\"itemListElement\":[{\"@type\":\"ListItem\",\"position\":1,\"name\":\"Home\",\"item\":\"https:\/\/denizcankizil.tr\/de\/\"},{\"@type\":\"ListItem\",\"position\":2,\"name\":\"&#8216;Bas Ge\u00e7&#8217; Uygulamas\u0131nda Her G\u00fcn Kaza\"}]},{\"@type\":\"WebSite\",\"@id\":\"https:\/\/denizcankizil.tr\/de\/#website\",\"url\":\"https:\/\/denizcankizil.tr\/de\/\",\"name\":\"Av. Deniz Can K\u0131z\u0131l\",\"description\":\"Avukat Deniz Can K\u0131z\u0131l Antalya Barosu\",\"publisher\":{\"@id\":\"https:\/\/denizcankizil.tr\/de\/#organization\"},\"potentialAction\":[{\"@type\":\"SearchAction\",\"target\":{\"@type\":\"EntryPoint\",\"urlTemplate\":\"https:\/\/denizcankizil.tr\/de\/?s={search_term_string}\"},\"query-input\":{\"@type\":\"PropertyValueSpecification\",\"valueRequired\":true,\"valueName\":\"search_term_string\"}}],\"inLanguage\":\"uk\"},{\"@type\":\"Organization\",\"@id\":\"https:\/\/denizcankizil.tr\/de\/#organization\",\"name\":\"Av. Deniz Can K\u0131z\u0131l\",\"url\":\"https:\/\/denizcankizil.tr\/de\/\",\"logo\":{\"@type\":\"ImageObject\",\"inLanguage\":\"uk\",\"@id\":\"https:\/\/denizcankizil.tr\/de\/#\/schema\/logo\/image\/\",\"url\":\"https:\/\/denizcankizil.tr\/wp-content\/uploads\/2024\/10\/siyah-logo-svg.svg\",\"contentUrl\":\"https:\/\/denizcankizil.tr\/wp-content\/uploads\/2024\/10\/siyah-logo-svg.svg\",\"width\":1080,\"height\":1080,\"caption\":\"Av. Deniz Can K\u0131z\u0131l\"},\"image\":{\"@id\":\"https:\/\/denizcankizil.tr\/de\/#\/schema\/logo\/image\/\"}},{\"@type\":\"Person\",\"@id\":\"https:\/\/denizcankizil.tr\/de\/#\/schema\/person\/be3c05fe6a12686905512445d8185489\",\"name\":\"admin\",\"image\":{\"@type\":\"ImageObject\",\"inLanguage\":\"uk\",\"@id\":\"https:\/\/denizcankizil.tr\/de\/#\/schema\/person\/image\/\",\"url\":\"https:\/\/secure.gravatar.com\/avatar\/c1fce94c830dc79107e174f890d7210541c4a63e8e5d816341794a2151c9d58c?s=96&d=mm&r=g\",\"contentUrl\":\"https:\/\/secure.gravatar.com\/avatar\/c1fce94c830dc79107e174f890d7210541c4a63e8e5d816341794a2151c9d58c?s=96&d=mm&r=g\",\"caption\":\"admin\"},\"sameAs\":[\"http:\/\/denizcankizil.tr\"],\"url\":\"https:\/\/www.iskenderun.org\/bas-gec-uygulamasinda-her-gun-kaza\"}]}<\/script>\n<!-- \/ Yoast SEO Premium plugin. -->","yoast_head_json":{"title":"'Bas Ge\u00e7' Uygulamas\u0131nda Her G\u00fcn Kaza - Av. Deniz Can K\u0131z\u0131l","robots":{"index":"index","follow":"follow","max-snippet":"max-snippet:-1","max-image-preview":"max-image-preview:large","max-video-preview":"max-video-preview:-1"},"canonical":"https:\/\/denizcankizil.tr\/uk\/haberler\/gundem\/bas-gec-uygulamasinda-her-gun-kaza\/","og_locale":"uk_UA","og_type":"article","og_title":"'Bas Ge\u00e7' Uygulamas\u0131nda Her G\u00fcn Kaza","og_description":"Uygulaman\u0131n beklentileri kar\u015f\u0131lamad\u0131\u011f\u0131, s\u00fcr\u00fcc\u00fc ve yayalar\u0131n dikkatsizlikleri nedeniyle hemen hemen her g\u00fcn kazalar meydana geldi\u011fine i\u015faret ediliyor. Vatanda\u015flar hem s\u00fcr\u00fcc\u00fclerin hem de yayalar\u0131n trafik kurallar\u0131na uymamas\u0131ndan \u015fikayet\u00e7i. Bug\u00fcn sabah saatlerinde de bir arac\u0131n yaya \u00e7arpmas\u0131 sonucu meydana gelen yaralamal\u0131 trafik kazas\u0131n\u0131n ya\u015fand\u0131\u011f\u0131 \u2018Bas ge\u00e7\u2019 noktas\u0131nda sokaktaki vatanda\u015flar, mikrofon uzatan iskenderun.org ekibine d\u00fc\u015f\u00fcncelerini aktard\u0131. \u201cNe bas ge\u00e7 uygulamas\u0131 ne de bu trafik lambas\u0131 i\u015fe yarad\u0131. Burada daha g\u00fcvenli ge\u00e7i\u015fler m\u00fcmk\u00fcnken, bu \u015fekilde i\u015fler daha da zorla\u015ft\u0131\u201d diyenlerin yan s\u0131ra baz\u0131 vatanda\u015flar ise sorunun sadece uygulamada de\u011fil, genel olarak trafikteki sayg\u0131 eksikli\u011finde oldu\u011funa dikkat \u00e7ekti. Bir s\u00fcr\u00fcc\u00fc, \u201cEn b\u00fcy\u00fck sorunumuz sayg\u0131. Yayalar da, ara\u00e7lar da birbirine sayg\u0131 g\u00f6stermiyor. S\u00fcr\u00fcc\u00fcler yayalara yol vermiyor, yayalar da kurallar\u0131 umursam\u0131yor,\u201d dedi. Farkl\u0131 illerdeki uygulamalara de\u011finen bir vatanda\u015f, \u201cBen Isparta\u2019da, Ankara\u2019da g\u00f6rd\u00fc\u011f\u00fcm d\u00fczeni burada g\u00f6remiyorum. Herkes kafas\u0131na g\u00f6re hareket ediyor. Yaya ge\u00e7idine kimse dikkat etmiyor\u201d diye konu\u015ftu. \u00d6te yandan uygulama ile ilgili olarak tepkilerini dile getirenler de \u201cBence i\u015fe yar\u0131yor. Yayalar duruyor, ara\u00e7lar da dikkat ediyor\u2026\u201d Bir vatanda\u015f da uygulamay\u0131 ilk kez g\u00f6rd\u00fc\u011f\u00fcn\u00fc ve zamanla etkili olabilece\u011fini ifade etti. Bir halk\u0131n kalitesinin trafi\u011finden belli olaca\u011f\u0131n\u0131 aktaran bir ba\u015fka s\u00fcr\u00fcc\u00fc de, \u00f6zellikle minib\u00fcs ve ticari ara\u00e7 s\u00fcr\u00fcc\u00fclerinin daha dikkatli olmas\u0131 gerekti\u011fini vurgulad\u0131. \u200bHatay\u2019\u0131n \u0130skenderun il\u00e7esinin en i\u015flek caddesi &hellip;","og_url":"https:\/\/denizcankizil.tr\/uk\/haberler\/gundem\/bas-gec-uygulamasinda-her-gun-kaza\/","og_site_name":"Av. Deniz Can K\u0131z\u0131l","article_published_time":"2025-07-09T15:42:27+00:00","author":"admin","twitter_card":"summary_large_image","twitter_misc":{"\u041d\u0430\u043f\u0438\u0441\u0430\u043d\u043e":"admin","\u041f\u0440\u0438\u0431\u043b. \u0447\u0430\u0441 \u0447\u0438\u0442\u0430\u043d\u043d\u044f":"2 \u0445\u0432\u0438\u043b\u0438\u043d\u0438"},"schema":{"@context":"https:\/\/schema.org","@graph":[{"@type":"Article","@id":"https:\/\/denizcankizil.tr\/de\/haberler\/gundem\/bas-gec-uygulamasinda-her-gun-kaza\/#article","isPartOf":{"@id":"https:\/\/denizcankizil.tr\/de\/haberler\/gundem\/bas-gec-uygulamasinda-her-gun-kaza\/"},"author":{"name":"admin","@id":"https:\/\/denizcankizil.tr\/de\/#\/schema\/person\/be3c05fe6a12686905512445d8185489"},"headline":"&#8216;Bas Ge\u00e7&#8217; Uygulamas\u0131nda Her G\u00fcn Kaza","datePublished":"2025-07-09T15:42:27+00:00","mainEntityOfPage":{"@id":"https:\/\/denizcankizil.tr\/de\/haberler\/gundem\/bas-gec-uygulamasinda-her-gun-kaza\/"},"wordCount":327,"publisher":{"@id":"https:\/\/denizcankizil.tr\/de\/#organization"},"articleSection":["G\u00fcndem"],"inLanguage":"uk"},{"@type":"WebPage","@id":"https:\/\/denizcankizil.tr\/de\/haberler\/gundem\/bas-gec-uygulamasinda-her-gun-kaza\/","url":"https:\/\/denizcankizil.tr\/de\/haberler\/gundem\/bas-gec-uygulamasinda-her-gun-kaza\/","name":"'Bas Ge\u00e7' Uygulamas\u0131nda Her G\u00fcn Kaza - Av. Deniz Can K\u0131z\u0131l","isPartOf":{"@id":"https:\/\/denizcankizil.tr\/de\/#website"},"datePublished":"2025-07-09T15:42:27+00:00","breadcrumb":{"@id":"https:\/\/denizcankizil.tr\/de\/haberler\/gundem\/bas-gec-uygulamasinda-her-gun-kaza\/#breadcrumb"},"inLanguage":"uk","potentialAction":[{"@type":"ReadAction","target":["https:\/\/denizcankizil.tr\/de\/haberler\/gundem\/bas-gec-uygulamasinda-her-gun-kaza\/"]}]},{"@type":"BreadcrumbList","@id":"https:\/\/denizcankizil.tr\/de\/haberler\/gundem\/bas-gec-uygulamasinda-her-gun-kaza\/#breadcrumb","itemListElement":[{"@type":"ListItem","position":1,"name":"Home","item":"https:\/\/denizcankizil.tr\/de\/"},{"@type":"ListItem","position":2,"name":"&#8216;Bas Ge\u00e7&#8217; Uygulamas\u0131nda Her G\u00fcn Kaza"}]},{"@type":"WebSite","@id":"https:\/\/denizcankizil.tr\/de\/#website","url":"https:\/\/denizcankizil.tr\/de\/","name":"Av. Deniz Can K\u0131z\u0131l","description":"Avukat Deniz Can K\u0131z\u0131l Antalya Barosu","publisher":{"@id":"https:\/\/denizcankizil.tr\/de\/#organization"},"potentialAction":[{"@type":"SearchAction","target":{"@type":"EntryPoint","urlTemplate":"https:\/\/denizcankizil.tr\/de\/?s={search_term_string}"},"query-input":{"@type":"PropertyValueSpecification","valueRequired":true,"valueName":"search_term_string"}}],"inLanguage":"uk"},{"@type":"Organization","@id":"https:\/\/denizcankizil.tr\/de\/#organization","name":"Av. Deniz Can K\u0131z\u0131l","url":"https:\/\/denizcankizil.tr\/de\/","logo":{"@type":"ImageObject","inLanguage":"uk","@id":"https:\/\/denizcankizil.tr\/de\/#\/schema\/logo\/image\/","url":"https:\/\/denizcankizil.tr\/wp-content\/uploads\/2024\/10\/siyah-logo-svg.svg","contentUrl":"https:\/\/denizcankizil.tr\/wp-content\/uploads\/2024\/10\/siyah-logo-svg.svg","width":1080,"height":1080,"caption":"Av. Deniz Can K\u0131z\u0131l"},"image":{"@id":"https:\/\/denizcankizil.tr\/de\/#\/schema\/logo\/image\/"}},{"@type":"Person","@id":"https:\/\/denizcankizil.tr\/de\/#\/schema\/person\/be3c05fe6a12686905512445d8185489","name":"\u0430\u0434\u043c\u0456\u043d","image":{"@type":"ImageObject","inLanguage":"uk","@id":"https:\/\/denizcankizil.tr\/de\/#\/schema\/person\/image\/","url":"https:\/\/secure.gravatar.com\/avatar\/c1fce94c830dc79107e174f890d7210541c4a63e8e5d816341794a2151c9d58c?s=96&d=mm&r=g","contentUrl":"https:\/\/secure.gravatar.com\/avatar\/c1fce94c830dc79107e174f890d7210541c4a63e8e5d816341794a2151c9d58c?s=96&d=mm&r=g","caption":"admin"},"sameAs":["http:\/\/denizcankizil.tr"],"url":"https:\/\/www.iskenderun.org\/bas-gec-uygulamasinda-her-gun-kaza"}]}},"_links":{"self":[{"href":"https:\/\/denizcankizil.tr\/uk\/wp-json\/wp\/v2\/posts\/140945","targetHints":{"allow":["GET"]}}],"collection":[{"href":"https:\/\/denizcankizil.tr\/uk\/wp-json\/wp\/v2\/posts"}],"about":[{"href":"https:\/\/denizcankizil.tr\/uk\/wp-json\/wp\/v2\/types\/post"}],"author":[{"embeddable":true,"href":"https:\/\/denizcankizil.tr\/uk\/wp-json\/wp\/v2\/users\/1"}],"replies":[{"embeddable":true,"href":"https:\/\/denizcankizil.tr\/uk\/wp-json\/wp\/v2\/comments?post=140945"}],"version-history":[{"count":0,"href":"https:\/\/denizcankizil.tr\/uk\/wp-json\/wp\/v2\/posts\/140945\/revisions"}],"wp:attachment":[{"href":"https:\/\/denizcankizil.tr\/uk\/wp-json\/wp\/v2\/media?parent=140945"}],"wp:term":[{"taxonomy":"category","embeddable":true,"href":"https:\/\/denizcankizil.tr\/uk\/wp-json\/wp\/v2\/categories?post=140945"},{"taxonomy":"post_tag","embeddable":true,"href":"https:\/\/denizcankizil.tr\/uk\/wp-json\/wp\/v2\/tags?post=140945"}],"curies":[{"name":"wp","href":"https:\/\/api.w.org\/{rel}","templated":true}]}}