{"id":140831,"date":"2025-07-09T16:41:20","date_gmt":"2025-07-09T13:41:20","guid":{"rendered":"https:\/\/denizcankizil.tr\/uncategorized-tr\/zeydan-karalar-da-gorevden-uzaklastirildi\/"},"modified":"2025-07-09T16:41:20","modified_gmt":"2025-07-09T13:41:20","slug":"zeydan-karalar-da-gorevden-uzaklastirildi","status":"publish","type":"post","link":"https:\/\/denizcankizil.tr\/uk\/haberler\/gundem\/zeydan-karalar-da-gorevden-uzaklastirildi\/","title":{"rendered":"Zeydan Karalar da g\u00f6revden uzakla\u015ft\u0131r\u0131ld\u0131"},"content":{"rendered":"<p>\u0130stanbul merkezli yolsuzluk soru\u015fturmalar\u0131nda g\u00f6zalt\u0131na al\u0131nan Adana B\u00fcy\u00fck\u015fehir Belediye Ba\u015fkan\u0131 Zeydan Karalar ve B\u00fcy\u00fck\u00e7ekmece Belediye Ba\u015fkan Vekili Ahmet \u015eahin d\u00fcn tutuklanm\u0131\u015ft\u0131. \u0130\u00e7i\u015fleri Bakanl\u0131\u011f\u0131, tutuklanan Adana B\u00fcy\u00fck\u015fehir Belediye Ba\u015fkan\u0131 Karalar ve B\u00fcy\u00fck\u00e7ekmece Belediye Ba\u015fkanvekili \u015eahin&#8217;in ge\u00e7ici tedbirle g\u00f6revlerinden uzakla\u015ft\u0131r\u0131ld\u0131\u011f\u0131n\u0131 bildirdi.<\/p>\n<p>\u0130\u00c7\u0130\u015eLER\u0130 BAKANLI\u011eI\u2019NIN A\u00c7IKLAMASI<\/p>\n<p>\u0130\u00e7i\u015fler bakanl\u0131\u011f\u0131 yapt\u0131\u011f\u0131 a\u00e7\u0131klamada, \u201cAdana B\u00fcy\u00fck\u015fehir Belediye Ba\u015fkan\u0131 Zeydan KARALAR hakk\u0131nda \u201c\u0130cbar Suretiyle \u0130rtikap&#8221; su\u00e7undan y\u00fcr\u00fct\u00fclen soru\u015fturma kapsam\u0131nda \u0130stanbul 8. Sulh Ceza Hakimli\u011finin 8 Temmuz 2025 tarih ve 2025\/856 sorgu numaral\u0131 karar\u0131 ile tutuklanmas\u0131 \u00fczerine, Anayasa&#8217;n\u0131n 127&#8217;inci maddesi ile 5393 say\u0131l\u0131 Belediye Kanunu&#8217;nun 47&#8217;inci maddesi gere\u011fince ge\u00e7ici bir tedbir olarak \u0130\u00e7i\u015fleri Bakanl\u0131\u011f\u0131&#8217;nca g\u00f6revden uzakla\u015ft\u0131r\u0131lm\u0131\u015ft\u0131r\u201d denildi.<\/p>\n<p>Adana B\u00fcy\u00fck\u015fehir Belediye Ba\u015fkan\u0131 ve B\u00fcy\u00fck\u00e7ekmece Belediye Ba\u015fkan Vekilinin \u0130\u00e7i\u015fleri Bakanl\u0131\u011f\u0131nca G\u00f6revden Uzakla\u015ft\u0131r\u0131lmas\u0131na Dair Bas\u0131n A\u00e7\u0131klamas\u0131: pic.twitter.com\/eWqGXmPYJT<br \/>\n\u2014 T.C. \u0130\u00e7i\u015fleri Bakanl\u0131\u011f\u0131 (@TC_icisleri) July 9, 2025<\/p>\n<p>\u200b\u0130\u00e7i\u015fleri Bakanl\u0131\u011f\u0131, Antalya B\u00fcy\u00fck\u015fehir Belediye Ba\u015fkan\u0131 Muhittin B\u00f6cek ve Manavgat Belediye Ba\u015fkan\u0131 Niyazi Nefi Kara&#8217;dan sonra Adana B\u00fcy\u00fck\u015fehir Belediye Ba\u015fkan\u0131 Zeydan Karalar i\u00e7in de ge\u00e7ici tedbirle g\u00f6revden uzakla\u015ft\u0131rma karar\u0131 verdi.\u00a0<\/p>\n<p>\u200bHaberin Al\u0131nt\u0131land\u0131\u011f\u0131 Kaynak: www.antalyakorfez.com<\/p>","protected":false},"excerpt":{"rendered":"<p>\u0130stanbul merkezli yolsuzluk soru\u015fturmalar\u0131nda g\u00f6zalt\u0131na al\u0131nan Adana B\u00fcy\u00fck\u015fehir Belediye Ba\u015fkan\u0131 Zeydan Karalar ve B\u00fcy\u00fck\u00e7ekmece Belediye Ba\u015fkan Vekili Ahmet \u015eahin d\u00fcn tutuklanm\u0131\u015ft\u0131. \u0130\u00e7i\u015fleri Bakanl\u0131\u011f\u0131, tutuklanan Adana B\u00fcy\u00fck\u015fehir Belediye Ba\u015fkan\u0131 Karalar ve B\u00fcy\u00fck\u00e7ekmece Belediye Ba\u015fkanvekili \u015eahin&#8217;in ge\u00e7ici tedbirle g\u00f6revlerinden uzakla\u015ft\u0131r\u0131ld\u0131\u011f\u0131n\u0131 bildirdi. \u0130\u00c7\u0130\u015eLER\u0130 BAKANLI\u011eI\u2019NIN A\u00c7IKLAMASI \u0130\u00e7i\u015fler bakanl\u0131\u011f\u0131 yapt\u0131\u011f\u0131 a\u00e7\u0131klamada, \u201cAdana B\u00fcy\u00fck\u015fehir Belediye Ba\u015fkan\u0131 Zeydan KARALAR hakk\u0131nda \u201c\u0130cbar Suretiyle \u0130rtikap&#8221; su\u00e7undan y\u00fcr\u00fct\u00fclen soru\u015fturma kapsam\u0131nda \u0130stanbul 8. Sulh Ceza Hakimli\u011finin 8 Temmuz 2025 tarih ve 2025\/856 sorgu numaral\u0131 karar\u0131 ile tutuklanmas\u0131 \u00fczerine, Anayasa&#8217;n\u0131n 127&#8217;inci maddesi ile 5393 say\u0131l\u0131 Belediye Kanunu&#8217;nun 47&#8217;inci maddesi gere\u011fince ge\u00e7ici bir tedbir olarak \u0130\u00e7i\u015fleri Bakanl\u0131\u011f\u0131&#8217;nca g\u00f6revden uzakla\u015ft\u0131r\u0131lm\u0131\u015ft\u0131r\u201d denildi. Adana B\u00fcy\u00fck\u015fehir Belediye Ba\u015fkan\u0131 ve B\u00fcy\u00fck\u00e7ekmece Belediye Ba\u015fkan Vekilinin \u0130\u00e7i\u015fleri Bakanl\u0131\u011f\u0131nca G\u00f6revden Uzakla\u015ft\u0131r\u0131lmas\u0131na Dair Bas\u0131n A\u00e7\u0131klamas\u0131: pic.twitter.com\/eWqGXmPYJT \u2014 T.C. \u0130\u00e7i\u015fleri Bakanl\u0131\u011f\u0131 (@TC_icisleri) July 9, 2025 \u200b\u0130\u00e7i\u015fleri Bakanl\u0131\u011f\u0131, Antalya B\u00fcy\u00fck\u015fehir Belediye Ba\u015fkan\u0131 Muhittin B\u00f6cek ve Manavgat Belediye Ba\u015fkan\u0131 Niyazi Nefi Kara&#8217;dan sonra Adana B\u00fcy\u00fck\u015fehir Belediye Ba\u015fkan\u0131 Zeydan Karalar i\u00e7in de ge\u00e7ici tedbirle g\u00f6revden uzakla\u015ft\u0131rma karar\u0131 verdi.\u00a0 \u200bHaberin Al\u0131nt\u0131land\u0131\u011f\u0131 Kaynak: www.antalyakorfez.com<\/p>","protected":false},"author":5,"featured_media":0,"comment_status":"","ping_status":"open","sticky":false,"template":"","format":"standard","meta":{"_acf_changed":false,"footnotes":""},"categories":[24],"tags":[],"class_list":["post-140831","post","type-post","status-publish","format-standard","has-post-thumbnail","hentry","category-gundem"],"acf":[],"yoast_head":"<!-- This site is optimized with the Yoast SEO Premium plugin v26.6 (Yoast SEO v27.1.1) - https:\/\/yoast.com\/product\/yoast-seo-premium-wordpress\/ -->\n<title>Zeydan Karalar da g\u00f6revden uzakla\u015ft\u0131r\u0131ld\u0131 - Av. Deniz Can K\u0131z\u0131l<\/title>\n<meta name=\"robots\" content=\"index, follow, max-snippet:-1, max-image-preview:large, max-video-preview:-1\" \/>\n<link rel=\"canonical\" href=\"https:\/\/denizcankizil.tr\/uk\/haberler\/gundem\/zeydan-karalar-da-gorevden-uzaklastirildi\/\" \/>\n<meta property=\"og:locale\" content=\"uk_UA\" \/>\n<meta property=\"og:type\" content=\"article\" \/>\n<meta property=\"og:title\" content=\"Zeydan Karalar da g\u00f6revden uzakla\u015ft\u0131r\u0131ld\u0131\" \/>\n<meta property=\"og:description\" content=\"\u0130stanbul merkezli yolsuzluk soru\u015fturmalar\u0131nda g\u00f6zalt\u0131na al\u0131nan Adana B\u00fcy\u00fck\u015fehir Belediye Ba\u015fkan\u0131 Zeydan Karalar ve B\u00fcy\u00fck\u00e7ekmece Belediye Ba\u015fkan Vekili Ahmet \u015eahin d\u00fcn tutuklanm\u0131\u015ft\u0131. \u0130\u00e7i\u015fleri Bakanl\u0131\u011f\u0131, tutuklanan Adana B\u00fcy\u00fck\u015fehir Belediye Ba\u015fkan\u0131 Karalar ve B\u00fcy\u00fck\u00e7ekmece Belediye Ba\u015fkanvekili \u015eahin&#8217;in ge\u00e7ici tedbirle g\u00f6revlerinden uzakla\u015ft\u0131r\u0131ld\u0131\u011f\u0131n\u0131 bildirdi. \u0130\u00c7\u0130\u015eLER\u0130 BAKANLI\u011eI\u2019NIN A\u00c7IKLAMASI \u0130\u00e7i\u015fler bakanl\u0131\u011f\u0131 yapt\u0131\u011f\u0131 a\u00e7\u0131klamada, \u201cAdana B\u00fcy\u00fck\u015fehir Belediye Ba\u015fkan\u0131 Zeydan KARALAR hakk\u0131nda \u201c\u0130cbar Suretiyle \u0130rtikap&#8221; su\u00e7undan y\u00fcr\u00fct\u00fclen soru\u015fturma kapsam\u0131nda \u0130stanbul 8. Sulh Ceza Hakimli\u011finin 8 Temmuz 2025 tarih ve 2025\/856 sorgu numaral\u0131 karar\u0131 ile tutuklanmas\u0131 \u00fczerine, Anayasa&#8217;n\u0131n 127&#8217;inci maddesi ile 5393 say\u0131l\u0131 Belediye Kanunu&#8217;nun 47&#8217;inci maddesi gere\u011fince ge\u00e7ici bir tedbir olarak \u0130\u00e7i\u015fleri Bakanl\u0131\u011f\u0131&#8217;nca g\u00f6revden uzakla\u015ft\u0131r\u0131lm\u0131\u015ft\u0131r\u201d denildi. Adana B\u00fcy\u00fck\u015fehir Belediye Ba\u015fkan\u0131 ve B\u00fcy\u00fck\u00e7ekmece Belediye Ba\u015fkan Vekilinin \u0130\u00e7i\u015fleri Bakanl\u0131\u011f\u0131nca G\u00f6revden Uzakla\u015ft\u0131r\u0131lmas\u0131na Dair Bas\u0131n A\u00e7\u0131klamas\u0131: pic.twitter.com\/eWqGXmPYJT \u2014 T.C. \u0130\u00e7i\u015fleri Bakanl\u0131\u011f\u0131 (@TC_icisleri) July 9, 2025 \u200b\u0130\u00e7i\u015fleri Bakanl\u0131\u011f\u0131, Antalya B\u00fcy\u00fck\u015fehir Belediye Ba\u015fkan\u0131 Muhittin B\u00f6cek ve Manavgat Belediye Ba\u015fkan\u0131 Niyazi Nefi Kara&#8217;dan sonra Adana B\u00fcy\u00fck\u015fehir Belediye Ba\u015fkan\u0131 Zeydan Karalar i\u00e7in de ge\u00e7ici tedbirle g\u00f6revden uzakla\u015ft\u0131rma karar\u0131 verdi.\u00a0 \u200bHaberin Al\u0131nt\u0131land\u0131\u011f\u0131 Kaynak: www.antalyakorfez.com\" \/>\n<meta property=\"og:url\" content=\"https:\/\/denizcankizil.tr\/uk\/haberler\/gundem\/zeydan-karalar-da-gorevden-uzaklastirildi\/\" \/>\n<meta property=\"og:site_name\" content=\"Av. Deniz Can K\u0131z\u0131l\" \/>\n<meta property=\"article:published_time\" content=\"2025-07-09T13:41:20+00:00\" \/>\n<meta name=\"author\" content=\"Antalya K\u00f6rfez\" \/>\n<meta name=\"twitter:card\" content=\"summary_large_image\" \/>\n<meta name=\"twitter:label1\" content=\"\u041d\u0430\u043f\u0438\u0441\u0430\u043d\u043e\" \/>\n\t<meta name=\"twitter:data1\" content=\"Antalya K\u00f6rfez\" \/>\n\t<meta name=\"twitter:label2\" content=\"\u041f\u0440\u0438\u0431\u043b. \u0447\u0430\u0441 \u0447\u0438\u0442\u0430\u043d\u043d\u044f\" \/>\n\t<meta name=\"twitter:data2\" content=\"1 \u0445\u0432\u0438\u043b\u0438\u043d\u0430\" \/>\n<script type=\"application\/ld+json\" class=\"yoast-schema-graph\">{\"@context\":\"https:\/\/schema.org\",\"@graph\":[{\"@type\":\"Article\",\"@id\":\"https:\/\/denizcankizil.tr\/uk\/haberler\/gundem\/zeydan-karalar-da-gorevden-uzaklastirildi\/#article\",\"isPartOf\":{\"@id\":\"https:\/\/denizcankizil.tr\/uk\/haberler\/gundem\/zeydan-karalar-da-gorevden-uzaklastirildi\/\"},\"author\":{\"name\":\"Antalya K\u00f6rfez\",\"@id\":\"https:\/\/denizcankizil.tr\/de\/#\/schema\/person\/e1eb71bb4dd684d46563f0af307e1234\"},\"headline\":\"Zeydan Karalar da g\u00f6revden uzakla\u015ft\u0131r\u0131ld\u0131\",\"datePublished\":\"2025-07-09T13:41:20+00:00\",\"mainEntityOfPage\":{\"@id\":\"https:\/\/denizcankizil.tr\/uk\/haberler\/gundem\/zeydan-karalar-da-gorevden-uzaklastirildi\/\"},\"wordCount\":263,\"publisher\":{\"@id\":\"https:\/\/denizcankizil.tr\/de\/#organization\"},\"articleSection\":[\"G\u00fcndem\"],\"inLanguage\":\"uk\"},{\"@type\":\"WebPage\",\"@id\":\"https:\/\/denizcankizil.tr\/uk\/haberler\/gundem\/zeydan-karalar-da-gorevden-uzaklastirildi\/\",\"url\":\"https:\/\/denizcankizil.tr\/uk\/haberler\/gundem\/zeydan-karalar-da-gorevden-uzaklastirildi\/\",\"name\":\"Zeydan Karalar da g\u00f6revden uzakla\u015ft\u0131r\u0131ld\u0131 - Av. Deniz Can K\u0131z\u0131l\",\"isPartOf\":{\"@id\":\"https:\/\/denizcankizil.tr\/de\/#website\"},\"datePublished\":\"2025-07-09T13:41:20+00:00\",\"breadcrumb\":{\"@id\":\"https:\/\/denizcankizil.tr\/uk\/haberler\/gundem\/zeydan-karalar-da-gorevden-uzaklastirildi\/#breadcrumb\"},\"inLanguage\":\"uk\",\"potentialAction\":[{\"@type\":\"ReadAction\",\"target\":[\"https:\/\/denizcankizil.tr\/uk\/haberler\/gundem\/zeydan-karalar-da-gorevden-uzaklastirildi\/\"]}]},{\"@type\":\"BreadcrumbList\",\"@id\":\"https:\/\/denizcankizil.tr\/uk\/haberler\/gundem\/zeydan-karalar-da-gorevden-uzaklastirildi\/#breadcrumb\",\"itemListElement\":[{\"@type\":\"ListItem\",\"position\":1,\"name\":\"Home\",\"item\":\"https:\/\/denizcankizil.tr\/de\/\"},{\"@type\":\"ListItem\",\"position\":2,\"name\":\"Zeydan Karalar da g\u00f6revden uzakla\u015ft\u0131r\u0131ld\u0131\"}]},{\"@type\":\"WebSite\",\"@id\":\"https:\/\/denizcankizil.tr\/de\/#website\",\"url\":\"https:\/\/denizcankizil.tr\/de\/\",\"name\":\"Av. Deniz Can K\u0131z\u0131l\",\"description\":\"Avukat Deniz Can K\u0131z\u0131l Antalya Barosu\",\"publisher\":{\"@id\":\"https:\/\/denizcankizil.tr\/de\/#organization\"},\"potentialAction\":[{\"@type\":\"SearchAction\",\"target\":{\"@type\":\"EntryPoint\",\"urlTemplate\":\"https:\/\/denizcankizil.tr\/de\/?s={search_term_string}\"},\"query-input\":{\"@type\":\"PropertyValueSpecification\",\"valueRequired\":true,\"valueName\":\"search_term_string\"}}],\"inLanguage\":\"uk\"},{\"@type\":\"Organization\",\"@id\":\"https:\/\/denizcankizil.tr\/de\/#organization\",\"name\":\"Av. Deniz Can K\u0131z\u0131l\",\"url\":\"https:\/\/denizcankizil.tr\/de\/\",\"logo\":{\"@type\":\"ImageObject\",\"inLanguage\":\"uk\",\"@id\":\"https:\/\/denizcankizil.tr\/de\/#\/schema\/logo\/image\/\",\"url\":\"https:\/\/denizcankizil.tr\/wp-content\/uploads\/2024\/10\/siyah-logo-svg.svg\",\"contentUrl\":\"https:\/\/denizcankizil.tr\/wp-content\/uploads\/2024\/10\/siyah-logo-svg.svg\",\"width\":1080,\"height\":1080,\"caption\":\"Av. Deniz Can K\u0131z\u0131l\"},\"image\":{\"@id\":\"https:\/\/denizcankizil.tr\/de\/#\/schema\/logo\/image\/\"}},{\"@type\":\"Person\",\"@id\":\"https:\/\/denizcankizil.tr\/de\/#\/schema\/person\/e1eb71bb4dd684d46563f0af307e1234\",\"name\":\"Antalya K\u00f6rfez\",\"image\":{\"@type\":\"ImageObject\",\"inLanguage\":\"uk\",\"@id\":\"https:\/\/denizcankizil.tr\/de\/#\/schema\/person\/image\/\",\"url\":\"https:\/\/secure.gravatar.com\/avatar\/42b01982558a48a0b501fdcab6a408d3717ea5919095ee2e67b0e521799c5905?s=96&d=mm&r=g\",\"contentUrl\":\"https:\/\/secure.gravatar.com\/avatar\/42b01982558a48a0b501fdcab6a408d3717ea5919095ee2e67b0e521799c5905?s=96&d=mm&r=g\",\"caption\":\"Antalya K\u00f6rfez\"},\"sameAs\":[\"http:\/\/www.antalyakorfez.com\"],\"url\":\"https:\/\/www.antalyakorfez.com\/zeydan-karalar-da-gorevden-uzaklastirildi\"}]}<\/script>\n<!-- \/ Yoast SEO Premium plugin. -->","yoast_head_json":{"title":"Zeydan Karalar da g\u00f6revden uzakla\u015ft\u0131r\u0131ld\u0131 - Av. Deniz Can K\u0131z\u0131l","robots":{"index":"index","follow":"follow","max-snippet":"max-snippet:-1","max-image-preview":"max-image-preview:large","max-video-preview":"max-video-preview:-1"},"canonical":"https:\/\/denizcankizil.tr\/uk\/haberler\/gundem\/zeydan-karalar-da-gorevden-uzaklastirildi\/","og_locale":"uk_UA","og_type":"article","og_title":"Zeydan Karalar da g\u00f6revden uzakla\u015ft\u0131r\u0131ld\u0131","og_description":"\u0130stanbul merkezli yolsuzluk soru\u015fturmalar\u0131nda g\u00f6zalt\u0131na al\u0131nan Adana B\u00fcy\u00fck\u015fehir Belediye Ba\u015fkan\u0131 Zeydan Karalar ve B\u00fcy\u00fck\u00e7ekmece Belediye Ba\u015fkan Vekili Ahmet \u015eahin d\u00fcn tutuklanm\u0131\u015ft\u0131. \u0130\u00e7i\u015fleri Bakanl\u0131\u011f\u0131, tutuklanan Adana B\u00fcy\u00fck\u015fehir Belediye Ba\u015fkan\u0131 Karalar ve B\u00fcy\u00fck\u00e7ekmece Belediye Ba\u015fkanvekili \u015eahin&#8217;in ge\u00e7ici tedbirle g\u00f6revlerinden uzakla\u015ft\u0131r\u0131ld\u0131\u011f\u0131n\u0131 bildirdi. \u0130\u00c7\u0130\u015eLER\u0130 BAKANLI\u011eI\u2019NIN A\u00c7IKLAMASI \u0130\u00e7i\u015fler bakanl\u0131\u011f\u0131 yapt\u0131\u011f\u0131 a\u00e7\u0131klamada, \u201cAdana B\u00fcy\u00fck\u015fehir Belediye Ba\u015fkan\u0131 Zeydan KARALAR hakk\u0131nda \u201c\u0130cbar Suretiyle \u0130rtikap&#8221; su\u00e7undan y\u00fcr\u00fct\u00fclen soru\u015fturma kapsam\u0131nda \u0130stanbul 8. Sulh Ceza Hakimli\u011finin 8 Temmuz 2025 tarih ve 2025\/856 sorgu numaral\u0131 karar\u0131 ile tutuklanmas\u0131 \u00fczerine, Anayasa&#8217;n\u0131n 127&#8217;inci maddesi ile 5393 say\u0131l\u0131 Belediye Kanunu&#8217;nun 47&#8217;inci maddesi gere\u011fince ge\u00e7ici bir tedbir olarak \u0130\u00e7i\u015fleri Bakanl\u0131\u011f\u0131&#8217;nca g\u00f6revden uzakla\u015ft\u0131r\u0131lm\u0131\u015ft\u0131r\u201d denildi. Adana B\u00fcy\u00fck\u015fehir Belediye Ba\u015fkan\u0131 ve B\u00fcy\u00fck\u00e7ekmece Belediye Ba\u015fkan Vekilinin \u0130\u00e7i\u015fleri Bakanl\u0131\u011f\u0131nca G\u00f6revden Uzakla\u015ft\u0131r\u0131lmas\u0131na Dair Bas\u0131n A\u00e7\u0131klamas\u0131: pic.twitter.com\/eWqGXmPYJT \u2014 T.C. \u0130\u00e7i\u015fleri Bakanl\u0131\u011f\u0131 (@TC_icisleri) July 9, 2025 \u200b\u0130\u00e7i\u015fleri Bakanl\u0131\u011f\u0131, Antalya B\u00fcy\u00fck\u015fehir Belediye Ba\u015fkan\u0131 Muhittin B\u00f6cek ve Manavgat Belediye Ba\u015fkan\u0131 Niyazi Nefi Kara&#8217;dan sonra Adana B\u00fcy\u00fck\u015fehir Belediye Ba\u015fkan\u0131 Zeydan Karalar i\u00e7in de ge\u00e7ici tedbirle g\u00f6revden uzakla\u015ft\u0131rma karar\u0131 verdi.\u00a0 \u200bHaberin Al\u0131nt\u0131land\u0131\u011f\u0131 Kaynak: www.antalyakorfez.com","og_url":"https:\/\/denizcankizil.tr\/uk\/haberler\/gundem\/zeydan-karalar-da-gorevden-uzaklastirildi\/","og_site_name":"Av. Deniz Can K\u0131z\u0131l","article_published_time":"2025-07-09T13:41:20+00:00","author":"Antalya K\u00f6rfez","twitter_card":"summary_large_image","twitter_misc":{"\u041d\u0430\u043f\u0438\u0441\u0430\u043d\u043e":"Antalya K\u00f6rfez","\u041f\u0440\u0438\u0431\u043b. \u0447\u0430\u0441 \u0447\u0438\u0442\u0430\u043d\u043d\u044f":"1 \u0445\u0432\u0438\u043b\u0438\u043d\u0430"},"schema":{"@context":"https:\/\/schema.org","@graph":[{"@type":"Article","@id":"https:\/\/denizcankizil.tr\/uk\/haberler\/gundem\/zeydan-karalar-da-gorevden-uzaklastirildi\/#article","isPartOf":{"@id":"https:\/\/denizcankizil.tr\/uk\/haberler\/gundem\/zeydan-karalar-da-gorevden-uzaklastirildi\/"},"author":{"name":"Antalya K\u00f6rfez","@id":"https:\/\/denizcankizil.tr\/de\/#\/schema\/person\/e1eb71bb4dd684d46563f0af307e1234"},"headline":"Zeydan Karalar da g\u00f6revden uzakla\u015ft\u0131r\u0131ld\u0131","datePublished":"2025-07-09T13:41:20+00:00","mainEntityOfPage":{"@id":"https:\/\/denizcankizil.tr\/uk\/haberler\/gundem\/zeydan-karalar-da-gorevden-uzaklastirildi\/"},"wordCount":263,"publisher":{"@id":"https:\/\/denizcankizil.tr\/de\/#organization"},"articleSection":["G\u00fcndem"],"inLanguage":"uk"},{"@type":"WebPage","@id":"https:\/\/denizcankizil.tr\/uk\/haberler\/gundem\/zeydan-karalar-da-gorevden-uzaklastirildi\/","url":"https:\/\/denizcankizil.tr\/uk\/haberler\/gundem\/zeydan-karalar-da-gorevden-uzaklastirildi\/","name":"Zeydan Karalar da g\u00f6revden uzakla\u015ft\u0131r\u0131ld\u0131 - Av. Deniz Can K\u0131z\u0131l","isPartOf":{"@id":"https:\/\/denizcankizil.tr\/de\/#website"},"datePublished":"2025-07-09T13:41:20+00:00","breadcrumb":{"@id":"https:\/\/denizcankizil.tr\/uk\/haberler\/gundem\/zeydan-karalar-da-gorevden-uzaklastirildi\/#breadcrumb"},"inLanguage":"uk","potentialAction":[{"@type":"ReadAction","target":["https:\/\/denizcankizil.tr\/uk\/haberler\/gundem\/zeydan-karalar-da-gorevden-uzaklastirildi\/"]}]},{"@type":"BreadcrumbList","@id":"https:\/\/denizcankizil.tr\/uk\/haberler\/gundem\/zeydan-karalar-da-gorevden-uzaklastirildi\/#breadcrumb","itemListElement":[{"@type":"ListItem","position":1,"name":"Home","item":"https:\/\/denizcankizil.tr\/de\/"},{"@type":"ListItem","position":2,"name":"Zeydan Karalar da g\u00f6revden uzakla\u015ft\u0131r\u0131ld\u0131"}]},{"@type":"WebSite","@id":"https:\/\/denizcankizil.tr\/de\/#website","url":"https:\/\/denizcankizil.tr\/de\/","name":"Av. Deniz Can K\u0131z\u0131l","description":"Avukat Deniz Can K\u0131z\u0131l Antalya Barosu","publisher":{"@id":"https:\/\/denizcankizil.tr\/de\/#organization"},"potentialAction":[{"@type":"SearchAction","target":{"@type":"EntryPoint","urlTemplate":"https:\/\/denizcankizil.tr\/de\/?s={search_term_string}"},"query-input":{"@type":"PropertyValueSpecification","valueRequired":true,"valueName":"search_term_string"}}],"inLanguage":"uk"},{"@type":"Organization","@id":"https:\/\/denizcankizil.tr\/de\/#organization","name":"Av. Deniz Can K\u0131z\u0131l","url":"https:\/\/denizcankizil.tr\/de\/","logo":{"@type":"ImageObject","inLanguage":"uk","@id":"https:\/\/denizcankizil.tr\/de\/#\/schema\/logo\/image\/","url":"https:\/\/denizcankizil.tr\/wp-content\/uploads\/2024\/10\/siyah-logo-svg.svg","contentUrl":"https:\/\/denizcankizil.tr\/wp-content\/uploads\/2024\/10\/siyah-logo-svg.svg","width":1080,"height":1080,"caption":"Av. Deniz Can K\u0131z\u0131l"},"image":{"@id":"https:\/\/denizcankizil.tr\/de\/#\/schema\/logo\/image\/"}},{"@type":"Person","@id":"https:\/\/denizcankizil.tr\/de\/#\/schema\/person\/e1eb71bb4dd684d46563f0af307e1234","name":"Antalya K\u00f6rfez","image":{"@type":"ImageObject","inLanguage":"uk","@id":"https:\/\/denizcankizil.tr\/de\/#\/schema\/person\/image\/","url":"https:\/\/secure.gravatar.com\/avatar\/42b01982558a48a0b501fdcab6a408d3717ea5919095ee2e67b0e521799c5905?s=96&d=mm&r=g","contentUrl":"https:\/\/secure.gravatar.com\/avatar\/42b01982558a48a0b501fdcab6a408d3717ea5919095ee2e67b0e521799c5905?s=96&d=mm&r=g","caption":"Antalya K\u00f6rfez"},"sameAs":["http:\/\/www.antalyakorfez.com"],"url":"https:\/\/www.antalyakorfez.com\/zeydan-karalar-da-gorevden-uzaklastirildi"}]}},"_links":{"self":[{"href":"https:\/\/denizcankizil.tr\/uk\/wp-json\/wp\/v2\/posts\/140831","targetHints":{"allow":["GET"]}}],"collection":[{"href":"https:\/\/denizcankizil.tr\/uk\/wp-json\/wp\/v2\/posts"}],"about":[{"href":"https:\/\/denizcankizil.tr\/uk\/wp-json\/wp\/v2\/types\/post"}],"author":[{"embeddable":true,"href":"https:\/\/denizcankizil.tr\/uk\/wp-json\/wp\/v2\/users\/5"}],"replies":[{"embeddable":true,"href":"https:\/\/denizcankizil.tr\/uk\/wp-json\/wp\/v2\/comments?post=140831"}],"version-history":[{"count":0,"href":"https:\/\/denizcankizil.tr\/uk\/wp-json\/wp\/v2\/posts\/140831\/revisions"}],"wp:attachment":[{"href":"https:\/\/denizcankizil.tr\/uk\/wp-json\/wp\/v2\/media?parent=140831"}],"wp:term":[{"taxonomy":"category","embeddable":true,"href":"https:\/\/denizcankizil.tr\/uk\/wp-json\/wp\/v2\/categories?post=140831"},{"taxonomy":"post_tag","embeddable":true,"href":"https:\/\/denizcankizil.tr\/uk\/wp-json\/wp\/v2\/tags?post=140831"}],"curies":[{"name":"wp","href":"https:\/\/api.w.org\/{rel}","templated":true}]}}