{"id":140790,"date":"2025-07-09T15:41:26","date_gmt":"2025-07-09T12:41:26","guid":{"rendered":"https:\/\/denizcankizil.tr\/uncategorized-tr\/chp-lideri-ozgur-ozele-yumruklu-saldirinin-sanigi-hakim-karsisinda\/"},"modified":"2025-07-09T15:41:26","modified_gmt":"2025-07-09T12:41:26","slug":"chp-lideri-ozgur-ozele-yumruklu-saldirinin-sanigi-hakim-karsisinda","status":"publish","type":"post","link":"https:\/\/denizcankizil.tr\/uk\/haberler\/gundem\/chp-lideri-ozgur-ozele-yumruklu-saldirinin-sanigi-hakim-karsisinda\/","title":{"rendered":"CHP Lideri \u00d6zg\u00fcr \u00d6zel&#8217;e yumruklu sald\u0131r\u0131n\u0131n san\u0131\u011f\u0131 hakim kar\u015f\u0131s\u0131nda!"},"content":{"rendered":"<p>Cumhuriyet Halk Partisi (CHP) Genel Ba\u015fkan\u0131 \u00d6zg\u00fcr \u00d6zel&#8217;i, S\u0131rr\u0131 S\u00fcreyya \u00d6nder&#8217;in cenazesi \u00e7\u0131k\u0131\u015f\u0131nda yumruk atmak suretiyle darp eden san\u0131k Sel\u00e7uk Tengio\u011flu&#8217;nun \u2018ki\u015finin yerine getirdi\u011fi kamu g\u00f6revi nedeniyle kasten yaralama&#8217; su\u00e7undan 2 y\u0131l 3 aydan 4 y\u0131l 6 aya kadar hapis talebiyle yarg\u0131lanmas\u0131na ba\u015fland\u0131. \u0130stanbul 44.Asliye Ceza Mahkemesi&#8217;nde g\u00f6r\u00fclen duru\u015fmada tutuklu san\u0131k Sel\u00e7uk Tengio\u011flu ve taraf avukatlar\u0131 haz\u0131r bulundu<\/p>\n<p>\u2018&#8217;PLANLI B\u0130R \u015eEK\u0130LDE HAREKET ETMED\u0130M&#8221; <\/p>\n<p>Duru\u015fma da savunma yapan san\u0131k Tengio\u011flu, olay g\u00fcn\u00fc evinden \u00e7\u0131k\u0131p Taksim Meydan\u0131&#8217;na do\u011fru y\u00fcr\u00fcd\u00fc\u011f\u00fcn\u00fc s\u00f6yleyerek, \u2018&#8217;Bir kalabal\u0131k vard\u0131, cenaze oldu\u011funu s\u00f6ylediler ve oraya do\u011fru y\u00fcr\u00fcd\u00fcm. O s\u0131rada AKM \u00f6n\u00fcnde \u00d6zg\u00fcr \u00d6zel&#8217;in oldu\u011funu g\u00f6rd\u00fcm, kendisine hitaben \u2018\u00e7ocuklar\u0131n pe\u015fini b\u0131rak\u0131n, kan ak\u0131tmay\u0131n&#8217; \u015feklinde s\u00f6ylemde bulundum. Bunun \u00fczerine orada bir arbede ya\u015fand\u0131, bu s\u0131rada tokat atm\u0131\u015f olabilirim fakat kesinlikle planl\u0131 bir \u015fekilde hareket etmedim. Kimseden bir talimat da almad\u0131m, y\u00f6nlendirilmedim de. Olay tamamen do\u011fal bir \u015fekilde ger\u00e7ekle\u015fmi\u015ftir, beraat\u0131m\u0131 talep ederim&#8221; dedi.<\/p>\n<p>&#8220;KIZGINLI\u011eIM HALA DEVAM ED\u0130YOR&#8221; <\/p>\n<p>Hakim emniyetteki ifadesini okuyarak san\u0131\u011f\u0131n \u00e7eli\u015fkili beyan verdi\u011fini belirtti. Bunun \u00fczerine savunmas\u0131na devam eden san\u0131k Tengio\u011flu, \u2018&#8217;Olay g\u00fcn\u00fc \u00d6zg\u00fcr \u00d6zel&#8217;i g\u00f6rd\u00fc\u011f\u00fcmde kendisinin T\u00fcrkiye Cumhuriyeti Cumhurba\u015fkan\u0131&#8217;na, Savc\u0131lar\u0131na, askerlerine ve polislerine tehditvari konu\u015fmalar\u0131 oldu\u011fundan dolay\u0131, k\u0131zg\u0131nl\u0131\u011f\u0131m oldu\u011fu i\u00e7in bir an duygusal davrand\u0131m ve y\u00fcz\u00fcne bir tokat att\u0131m. K\u0131zg\u0131nl\u0131\u011f\u0131m hala devam etmektedir&#8221; \u015feklinde konu\u015ftu.<\/p>\n<p>TUTUKLULUK HAL\u0130N\u0130N DEVAMINA KARAR VER\u0130LD\u0130 <\/p>\n<p>M\u00fc\u015fteki \u00d6zg\u00fcr \u00d6zel&#8217;in avukat\u0131 Sedat Aslanta\u015f ise san\u0131\u011f\u0131n eylemini kameralar \u00f6n\u00fcnde ger\u00e7ekle\u015ftirdi\u011fini, inkar yoluna gitmesinin cezadan kurtulma ama\u00e7l\u0131 oldu\u011funu ve sald\u0131r\u0131y\u0131 da tasarlayarak ger\u00e7ekle\u015ftirdi\u011fini belirterek, \u2018&#8217;San\u0131\u011f\u0131n sab\u0131ka ge\u00e7mi\u015fi, ma\u011fdurun toplumsal ve siyasal konumu ve olay\u0131n toplumda olu\u015fturdu\u011fu infial de g\u00f6z \u00f6n\u00fcne al\u0131narak tutukluluk halinin devam\u0131na karar verilmesini, ayr\u0131ca pi\u015fmanl\u0131\u011f\u0131n\u0131 da belirtmedi\u011fi i\u00e7in lehe olan h\u00fck\u00fcmlerin uygulanmamas\u0131n\u0131 talep ederiz&#8221; ifadelerini kulland\u0131.<\/p>\n<p>&#8220;EL\u0130NE KAN BULADI BU Y\u00dcZDEN KIZGINIM&#8221; <\/p>\n<p>San\u0131k Tengio\u011flu bu s\u0131rada s\u00f6z almak istedi\u011fini belirterek, \u2018&#8217;Kimse bana pi\u015fman m\u0131s\u0131n diye sormad\u0131&#8221; dedi. Bunun \u00fczerine hakim, \u2018&#8217;Sana savunma yapman i\u00e7in s\u00f6z verdik ve savunman\u0131 yapt\u0131n. Savunma yaparken ben bundan dolay\u0131 pi\u015fman\u0131m diyebilirdin&#8221; diye konu\u015ftu. San\u0131k ise, \u2018&#8217;Ben yapt\u0131\u011f\u0131m eylemin do\u011fru olmad\u0131\u011f\u0131n\u0131 biliyorum. Bundan dolay\u0131 pi\u015fman\u0131m ancak hala k\u0131zg\u0131nl\u0131\u011f\u0131m devam etmektedir. Bu \u015fahs\u0131n eline bir s\u00fcr\u00fc insan\u0131n kan\u0131 bula\u015fm\u0131\u015ft\u0131r ben de kendisine kar\u015f\u0131 k\u0131zg\u0131n\u0131m ve bu eylemi bu nedenle ger\u00e7ekle\u015ftirdim ancak planlamad\u0131m&#8221; ifadelerini kulland\u0131<\/p>\n<p>Ara karar\u0131n\u0131 a\u00e7\u0131klayan mahkeme, san\u0131k Sel\u00e7uk Tengio\u011flu&#8217;nun tutukluluk halinin devam\u0131na ve eksikliklerin giderilmesine h\u00fckmederek duru\u015fmay\u0131 erteledi.<\/p>\n<p>\u200bCHP Genel Ba\u015fkan\u0131 \u00d6zg\u00fcr \u00d6zel&#8217;e cenaze \u00e7\u0131k\u0131\u015f\u0131 yumruk atan Sel\u00e7uk Tengio\u011flu, hakim kar\u015f\u0131s\u0131nda pi\u015fman oldu\u011funu ancak hala k\u0131zg\u0131nl\u0131k duydu\u011funu s\u00f6yledi. Mahkeme, tutuklulu\u011funun devam\u0131na karar verdi.\u00a0<\/p>\n<p>\u200bHaberin Al\u0131nt\u0131land\u0131\u011f\u0131 Kaynak: www.antalyakorfez.com<\/p>","protected":false},"excerpt":{"rendered":"<p>Cumhuriyet Halk Partisi (CHP) Genel Ba\u015fkan\u0131 \u00d6zg\u00fcr \u00d6zel&#8217;i, S\u0131rr\u0131 S\u00fcreyya \u00d6nder&#8217;in cenazesi \u00e7\u0131k\u0131\u015f\u0131nda yumruk atmak suretiyle darp eden san\u0131k Sel\u00e7uk Tengio\u011flu&#8217;nun \u2018ki\u015finin yerine getirdi\u011fi kamu g\u00f6revi nedeniyle kasten yaralama&#8217; su\u00e7undan 2 y\u0131l 3 aydan 4 y\u0131l 6 aya kadar hapis talebiyle yarg\u0131lanmas\u0131na ba\u015fland\u0131. \u0130stanbul 44.Asliye Ceza Mahkemesi&#8217;nde g\u00f6r\u00fclen duru\u015fmada tutuklu san\u0131k Sel\u00e7uk Tengio\u011flu ve taraf avukatlar\u0131 haz\u0131r bulundu \u2018&#8217;PLANLI B\u0130R \u015eEK\u0130LDE HAREKET ETMED\u0130M&#8221; Duru\u015fma da savunma yapan san\u0131k Tengio\u011flu, olay g\u00fcn\u00fc evinden \u00e7\u0131k\u0131p Taksim Meydan\u0131&#8217;na do\u011fru y\u00fcr\u00fcd\u00fc\u011f\u00fcn\u00fc s\u00f6yleyerek, \u2018&#8217;Bir kalabal\u0131k vard\u0131, cenaze oldu\u011funu s\u00f6ylediler ve oraya do\u011fru y\u00fcr\u00fcd\u00fcm. O s\u0131rada AKM \u00f6n\u00fcnde \u00d6zg\u00fcr \u00d6zel&#8217;in oldu\u011funu g\u00f6rd\u00fcm, kendisine hitaben \u2018\u00e7ocuklar\u0131n pe\u015fini b\u0131rak\u0131n, kan ak\u0131tmay\u0131n&#8217; \u015feklinde s\u00f6ylemde bulundum. Bunun \u00fczerine orada bir arbede ya\u015fand\u0131, bu s\u0131rada tokat atm\u0131\u015f olabilirim fakat kesinlikle planl\u0131 bir \u015fekilde hareket etmedim. Kimseden bir talimat da almad\u0131m, y\u00f6nlendirilmedim de. Olay tamamen do\u011fal bir \u015fekilde ger\u00e7ekle\u015fmi\u015ftir, beraat\u0131m\u0131 talep ederim&#8221; dedi. &#8220;KIZGINLI\u011eIM HALA DEVAM ED\u0130YOR&#8221; Hakim emniyetteki ifadesini okuyarak san\u0131\u011f\u0131n \u00e7eli\u015fkili beyan verdi\u011fini belirtti. Bunun \u00fczerine savunmas\u0131na devam eden san\u0131k Tengio\u011flu, \u2018&#8217;Olay g\u00fcn\u00fc \u00d6zg\u00fcr \u00d6zel&#8217;i g\u00f6rd\u00fc\u011f\u00fcmde kendisinin T\u00fcrkiye Cumhuriyeti Cumhurba\u015fkan\u0131&#8217;na, Savc\u0131lar\u0131na, askerlerine ve polislerine tehditvari konu\u015fmalar\u0131 oldu\u011fundan dolay\u0131, k\u0131zg\u0131nl\u0131\u011f\u0131m oldu\u011fu i\u00e7in bir an duygusal davrand\u0131m ve y\u00fcz\u00fcne bir tokat att\u0131m. K\u0131zg\u0131nl\u0131\u011f\u0131m hala devam etmektedir&#8221; \u015feklinde konu\u015ftu. TUTUKLULUK HAL\u0130N\u0130N DEVAMINA KARAR &hellip;<\/p>","protected":false},"author":5,"featured_media":0,"comment_status":"","ping_status":"open","sticky":false,"template":"","format":"standard","meta":{"_acf_changed":false,"footnotes":""},"categories":[24],"tags":[],"class_list":["post-140790","post","type-post","status-publish","format-standard","has-post-thumbnail","hentry","category-gundem"],"acf":[],"yoast_head":"<!-- This site is optimized with the Yoast SEO Premium plugin v26.6 (Yoast SEO v27.1.1) - https:\/\/yoast.com\/product\/yoast-seo-premium-wordpress\/ -->\n<title>CHP Lideri \u00d6zg\u00fcr \u00d6zel&#039;e yumruklu sald\u0131r\u0131n\u0131n san\u0131\u011f\u0131 hakim kar\u015f\u0131s\u0131nda! - Av. Deniz Can K\u0131z\u0131l<\/title>\n<meta name=\"robots\" content=\"index, follow, max-snippet:-1, max-image-preview:large, max-video-preview:-1\" \/>\n<link rel=\"canonical\" href=\"https:\/\/denizcankizil.tr\/uk\/haberler\/gundem\/chp-lideri-ozgur-ozele-yumruklu-saldirinin-sanigi-hakim-karsisinda\/\" \/>\n<meta property=\"og:locale\" content=\"uk_UA\" \/>\n<meta property=\"og:type\" content=\"article\" \/>\n<meta property=\"og:title\" content=\"CHP Lideri \u00d6zg\u00fcr \u00d6zel&#039;e yumruklu sald\u0131r\u0131n\u0131n san\u0131\u011f\u0131 hakim kar\u015f\u0131s\u0131nda!\" \/>\n<meta property=\"og:description\" content=\"Cumhuriyet Halk Partisi (CHP) Genel Ba\u015fkan\u0131 \u00d6zg\u00fcr \u00d6zel&#8217;i, S\u0131rr\u0131 S\u00fcreyya \u00d6nder&#8217;in cenazesi \u00e7\u0131k\u0131\u015f\u0131nda yumruk atmak suretiyle darp eden san\u0131k Sel\u00e7uk Tengio\u011flu&#8217;nun \u2018ki\u015finin yerine getirdi\u011fi kamu g\u00f6revi nedeniyle kasten yaralama&#8217; su\u00e7undan 2 y\u0131l 3 aydan 4 y\u0131l 6 aya kadar hapis talebiyle yarg\u0131lanmas\u0131na ba\u015fland\u0131. \u0130stanbul 44.Asliye Ceza Mahkemesi&#8217;nde g\u00f6r\u00fclen duru\u015fmada tutuklu san\u0131k Sel\u00e7uk Tengio\u011flu ve taraf avukatlar\u0131 haz\u0131r bulundu \u2018&#8217;PLANLI B\u0130R \u015eEK\u0130LDE HAREKET ETMED\u0130M&#8221; Duru\u015fma da savunma yapan san\u0131k Tengio\u011flu, olay g\u00fcn\u00fc evinden \u00e7\u0131k\u0131p Taksim Meydan\u0131&#8217;na do\u011fru y\u00fcr\u00fcd\u00fc\u011f\u00fcn\u00fc s\u00f6yleyerek, \u2018&#8217;Bir kalabal\u0131k vard\u0131, cenaze oldu\u011funu s\u00f6ylediler ve oraya do\u011fru y\u00fcr\u00fcd\u00fcm. O s\u0131rada AKM \u00f6n\u00fcnde \u00d6zg\u00fcr \u00d6zel&#8217;in oldu\u011funu g\u00f6rd\u00fcm, kendisine hitaben \u2018\u00e7ocuklar\u0131n pe\u015fini b\u0131rak\u0131n, kan ak\u0131tmay\u0131n&#8217; \u015feklinde s\u00f6ylemde bulundum. Bunun \u00fczerine orada bir arbede ya\u015fand\u0131, bu s\u0131rada tokat atm\u0131\u015f olabilirim fakat kesinlikle planl\u0131 bir \u015fekilde hareket etmedim. Kimseden bir talimat da almad\u0131m, y\u00f6nlendirilmedim de. Olay tamamen do\u011fal bir \u015fekilde ger\u00e7ekle\u015fmi\u015ftir, beraat\u0131m\u0131 talep ederim&#8221; dedi. &#8220;KIZGINLI\u011eIM HALA DEVAM ED\u0130YOR&#8221; Hakim emniyetteki ifadesini okuyarak san\u0131\u011f\u0131n \u00e7eli\u015fkili beyan verdi\u011fini belirtti. Bunun \u00fczerine savunmas\u0131na devam eden san\u0131k Tengio\u011flu, \u2018&#8217;Olay g\u00fcn\u00fc \u00d6zg\u00fcr \u00d6zel&#8217;i g\u00f6rd\u00fc\u011f\u00fcmde kendisinin T\u00fcrkiye Cumhuriyeti Cumhurba\u015fkan\u0131&#8217;na, Savc\u0131lar\u0131na, askerlerine ve polislerine tehditvari konu\u015fmalar\u0131 oldu\u011fundan dolay\u0131, k\u0131zg\u0131nl\u0131\u011f\u0131m oldu\u011fu i\u00e7in bir an duygusal davrand\u0131m ve y\u00fcz\u00fcne bir tokat att\u0131m. K\u0131zg\u0131nl\u0131\u011f\u0131m hala devam etmektedir&#8221; \u015feklinde konu\u015ftu. TUTUKLULUK HAL\u0130N\u0130N DEVAMINA KARAR &hellip;\" \/>\n<meta property=\"og:url\" content=\"https:\/\/denizcankizil.tr\/uk\/haberler\/gundem\/chp-lideri-ozgur-ozele-yumruklu-saldirinin-sanigi-hakim-karsisinda\/\" \/>\n<meta property=\"og:site_name\" content=\"Av. Deniz Can K\u0131z\u0131l\" \/>\n<meta property=\"article:published_time\" content=\"2025-07-09T12:41:26+00:00\" \/>\n<meta name=\"author\" content=\"Antalya K\u00f6rfez\" \/>\n<meta name=\"twitter:card\" content=\"summary_large_image\" \/>\n<meta name=\"twitter:label1\" content=\"\u041d\u0430\u043f\u0438\u0441\u0430\u043d\u043e\" \/>\n\t<meta name=\"twitter:data1\" content=\"Antalya K\u00f6rfez\" \/>\n\t<meta name=\"twitter:label2\" content=\"\u041f\u0440\u0438\u0431\u043b. \u0447\u0430\u0441 \u0447\u0438\u0442\u0430\u043d\u043d\u044f\" \/>\n\t<meta name=\"twitter:data2\" content=\"3 \u0445\u0432\u0438\u043b\u0438\u043d\u0438\" \/>\n<script type=\"application\/ld+json\" class=\"yoast-schema-graph\">{\"@context\":\"https:\/\/schema.org\",\"@graph\":[{\"@type\":\"Article\",\"@id\":\"https:\/\/denizcankizil.tr\/uk\/haberler\/gundem\/chp-lideri-ozgur-ozele-yumruklu-saldirinin-sanigi-hakim-karsisinda\/#article\",\"isPartOf\":{\"@id\":\"https:\/\/denizcankizil.tr\/uk\/haberler\/gundem\/chp-lideri-ozgur-ozele-yumruklu-saldirinin-sanigi-hakim-karsisinda\/\"},\"author\":{\"name\":\"Antalya K\u00f6rfez\",\"@id\":\"https:\/\/denizcankizil.tr\/#\/schema\/person\/e1eb71bb4dd684d46563f0af307e1234\"},\"headline\":\"CHP Lideri \u00d6zg\u00fcr \u00d6zel&#8217;e yumruklu sald\u0131r\u0131n\u0131n san\u0131\u011f\u0131 hakim kar\u015f\u0131s\u0131nda!\",\"datePublished\":\"2025-07-09T12:41:26+00:00\",\"mainEntityOfPage\":{\"@id\":\"https:\/\/denizcankizil.tr\/uk\/haberler\/gundem\/chp-lideri-ozgur-ozele-yumruklu-saldirinin-sanigi-hakim-karsisinda\/\"},\"wordCount\":608,\"publisher\":{\"@id\":\"https:\/\/denizcankizil.tr\/#organization\"},\"articleSection\":[\"G\u00fcndem\"],\"inLanguage\":\"uk\"},{\"@type\":\"WebPage\",\"@id\":\"https:\/\/denizcankizil.tr\/uk\/haberler\/gundem\/chp-lideri-ozgur-ozele-yumruklu-saldirinin-sanigi-hakim-karsisinda\/\",\"url\":\"https:\/\/denizcankizil.tr\/uk\/haberler\/gundem\/chp-lideri-ozgur-ozele-yumruklu-saldirinin-sanigi-hakim-karsisinda\/\",\"name\":\"CHP Lideri \u00d6zg\u00fcr \u00d6zel'e yumruklu sald\u0131r\u0131n\u0131n san\u0131\u011f\u0131 hakim kar\u015f\u0131s\u0131nda! - Av. Deniz Can K\u0131z\u0131l\",\"isPartOf\":{\"@id\":\"https:\/\/denizcankizil.tr\/#website\"},\"datePublished\":\"2025-07-09T12:41:26+00:00\",\"breadcrumb\":{\"@id\":\"https:\/\/denizcankizil.tr\/uk\/haberler\/gundem\/chp-lideri-ozgur-ozele-yumruklu-saldirinin-sanigi-hakim-karsisinda\/#breadcrumb\"},\"inLanguage\":\"uk\",\"potentialAction\":[{\"@type\":\"ReadAction\",\"target\":[\"https:\/\/denizcankizil.tr\/uk\/haberler\/gundem\/chp-lideri-ozgur-ozele-yumruklu-saldirinin-sanigi-hakim-karsisinda\/\"]}]},{\"@type\":\"BreadcrumbList\",\"@id\":\"https:\/\/denizcankizil.tr\/uk\/haberler\/gundem\/chp-lideri-ozgur-ozele-yumruklu-saldirinin-sanigi-hakim-karsisinda\/#breadcrumb\",\"itemListElement\":[{\"@type\":\"ListItem\",\"position\":1,\"name\":\"Home\",\"item\":\"https:\/\/denizcankizil.tr\/de\/\"},{\"@type\":\"ListItem\",\"position\":2,\"name\":\"CHP Lideri \u00d6zg\u00fcr \u00d6zel&#8217;e yumruklu sald\u0131r\u0131n\u0131n san\u0131\u011f\u0131 hakim kar\u015f\u0131s\u0131nda!\"}]},{\"@type\":\"WebSite\",\"@id\":\"https:\/\/denizcankizil.tr\/#website\",\"url\":\"https:\/\/denizcankizil.tr\/\",\"name\":\"Av. Deniz Can K\u0131z\u0131l\",\"description\":\"Avukat Deniz Can K\u0131z\u0131l Antalya Barosu\",\"publisher\":{\"@id\":\"https:\/\/denizcankizil.tr\/#organization\"},\"potentialAction\":[{\"@type\":\"SearchAction\",\"target\":{\"@type\":\"EntryPoint\",\"urlTemplate\":\"https:\/\/denizcankizil.tr\/?s={search_term_string}\"},\"query-input\":{\"@type\":\"PropertyValueSpecification\",\"valueRequired\":true,\"valueName\":\"search_term_string\"}}],\"inLanguage\":\"uk\"},{\"@type\":\"Organization\",\"@id\":\"https:\/\/denizcankizil.tr\/#organization\",\"name\":\"Av. Deniz Can K\u0131z\u0131l\",\"url\":\"https:\/\/denizcankizil.tr\/\",\"logo\":{\"@type\":\"ImageObject\",\"inLanguage\":\"uk\",\"@id\":\"https:\/\/denizcankizil.tr\/#\/schema\/logo\/image\/\",\"url\":\"https:\/\/denizcankizil.tr\/wp-content\/uploads\/2024\/10\/siyah-logo-svg.svg\",\"contentUrl\":\"https:\/\/denizcankizil.tr\/wp-content\/uploads\/2024\/10\/siyah-logo-svg.svg\",\"width\":1080,\"height\":1080,\"caption\":\"Av. Deniz Can K\u0131z\u0131l\"},\"image\":{\"@id\":\"https:\/\/denizcankizil.tr\/#\/schema\/logo\/image\/\"}},{\"@type\":\"Person\",\"@id\":\"https:\/\/denizcankizil.tr\/#\/schema\/person\/e1eb71bb4dd684d46563f0af307e1234\",\"name\":\"Antalya K\u00f6rfez\",\"image\":{\"@type\":\"ImageObject\",\"inLanguage\":\"uk\",\"@id\":\"https:\/\/denizcankizil.tr\/#\/schema\/person\/image\/\",\"url\":\"https:\/\/secure.gravatar.com\/avatar\/42b01982558a48a0b501fdcab6a408d3717ea5919095ee2e67b0e521799c5905?s=96&d=mm&r=g\",\"contentUrl\":\"https:\/\/secure.gravatar.com\/avatar\/42b01982558a48a0b501fdcab6a408d3717ea5919095ee2e67b0e521799c5905?s=96&d=mm&r=g\",\"caption\":\"Antalya K\u00f6rfez\"},\"sameAs\":[\"http:\/\/www.antalyakorfez.com\"],\"url\":\"https:\/\/www.antalyakorfez.com\/chp-lideri-ozgur-ozele-yumruklu-saldirinin-sanigi-hakim-karsisinda\"}]}<\/script>\n<!-- \/ Yoast SEO Premium plugin. -->","yoast_head_json":{"title":"CHP Lideri \u00d6zg\u00fcr \u00d6zel'e yumruklu sald\u0131r\u0131n\u0131n san\u0131\u011f\u0131 hakim kar\u015f\u0131s\u0131nda! - Av. Deniz Can K\u0131z\u0131l","robots":{"index":"index","follow":"follow","max-snippet":"max-snippet:-1","max-image-preview":"max-image-preview:large","max-video-preview":"max-video-preview:-1"},"canonical":"https:\/\/denizcankizil.tr\/uk\/haberler\/gundem\/chp-lideri-ozgur-ozele-yumruklu-saldirinin-sanigi-hakim-karsisinda\/","og_locale":"uk_UA","og_type":"article","og_title":"CHP Lideri \u00d6zg\u00fcr \u00d6zel'e yumruklu sald\u0131r\u0131n\u0131n san\u0131\u011f\u0131 hakim kar\u015f\u0131s\u0131nda!","og_description":"Cumhuriyet Halk Partisi (CHP) Genel Ba\u015fkan\u0131 \u00d6zg\u00fcr \u00d6zel&#8217;i, S\u0131rr\u0131 S\u00fcreyya \u00d6nder&#8217;in cenazesi \u00e7\u0131k\u0131\u015f\u0131nda yumruk atmak suretiyle darp eden san\u0131k Sel\u00e7uk Tengio\u011flu&#8217;nun \u2018ki\u015finin yerine getirdi\u011fi kamu g\u00f6revi nedeniyle kasten yaralama&#8217; su\u00e7undan 2 y\u0131l 3 aydan 4 y\u0131l 6 aya kadar hapis talebiyle yarg\u0131lanmas\u0131na ba\u015fland\u0131. \u0130stanbul 44.Asliye Ceza Mahkemesi&#8217;nde g\u00f6r\u00fclen duru\u015fmada tutuklu san\u0131k Sel\u00e7uk Tengio\u011flu ve taraf avukatlar\u0131 haz\u0131r bulundu \u2018&#8217;PLANLI B\u0130R \u015eEK\u0130LDE HAREKET ETMED\u0130M&#8221; Duru\u015fma da savunma yapan san\u0131k Tengio\u011flu, olay g\u00fcn\u00fc evinden \u00e7\u0131k\u0131p Taksim Meydan\u0131&#8217;na do\u011fru y\u00fcr\u00fcd\u00fc\u011f\u00fcn\u00fc s\u00f6yleyerek, \u2018&#8217;Bir kalabal\u0131k vard\u0131, cenaze oldu\u011funu s\u00f6ylediler ve oraya do\u011fru y\u00fcr\u00fcd\u00fcm. O s\u0131rada AKM \u00f6n\u00fcnde \u00d6zg\u00fcr \u00d6zel&#8217;in oldu\u011funu g\u00f6rd\u00fcm, kendisine hitaben \u2018\u00e7ocuklar\u0131n pe\u015fini b\u0131rak\u0131n, kan ak\u0131tmay\u0131n&#8217; \u015feklinde s\u00f6ylemde bulundum. Bunun \u00fczerine orada bir arbede ya\u015fand\u0131, bu s\u0131rada tokat atm\u0131\u015f olabilirim fakat kesinlikle planl\u0131 bir \u015fekilde hareket etmedim. Kimseden bir talimat da almad\u0131m, y\u00f6nlendirilmedim de. Olay tamamen do\u011fal bir \u015fekilde ger\u00e7ekle\u015fmi\u015ftir, beraat\u0131m\u0131 talep ederim&#8221; dedi. &#8220;KIZGINLI\u011eIM HALA DEVAM ED\u0130YOR&#8221; Hakim emniyetteki ifadesini okuyarak san\u0131\u011f\u0131n \u00e7eli\u015fkili beyan verdi\u011fini belirtti. Bunun \u00fczerine savunmas\u0131na devam eden san\u0131k Tengio\u011flu, \u2018&#8217;Olay g\u00fcn\u00fc \u00d6zg\u00fcr \u00d6zel&#8217;i g\u00f6rd\u00fc\u011f\u00fcmde kendisinin T\u00fcrkiye Cumhuriyeti Cumhurba\u015fkan\u0131&#8217;na, Savc\u0131lar\u0131na, askerlerine ve polislerine tehditvari konu\u015fmalar\u0131 oldu\u011fundan dolay\u0131, k\u0131zg\u0131nl\u0131\u011f\u0131m oldu\u011fu i\u00e7in bir an duygusal davrand\u0131m ve y\u00fcz\u00fcne bir tokat att\u0131m. K\u0131zg\u0131nl\u0131\u011f\u0131m hala devam etmektedir&#8221; \u015feklinde konu\u015ftu. TUTUKLULUK HAL\u0130N\u0130N DEVAMINA KARAR &hellip;","og_url":"https:\/\/denizcankizil.tr\/uk\/haberler\/gundem\/chp-lideri-ozgur-ozele-yumruklu-saldirinin-sanigi-hakim-karsisinda\/","og_site_name":"Av. Deniz Can K\u0131z\u0131l","article_published_time":"2025-07-09T12:41:26+00:00","author":"Antalya K\u00f6rfez","twitter_card":"summary_large_image","twitter_misc":{"\u041d\u0430\u043f\u0438\u0441\u0430\u043d\u043e":"Antalya K\u00f6rfez","\u041f\u0440\u0438\u0431\u043b. \u0447\u0430\u0441 \u0447\u0438\u0442\u0430\u043d\u043d\u044f":"3 \u0445\u0432\u0438\u043b\u0438\u043d\u0438"},"schema":{"@context":"https:\/\/schema.org","@graph":[{"@type":"Article","@id":"https:\/\/denizcankizil.tr\/uk\/haberler\/gundem\/chp-lideri-ozgur-ozele-yumruklu-saldirinin-sanigi-hakim-karsisinda\/#article","isPartOf":{"@id":"https:\/\/denizcankizil.tr\/uk\/haberler\/gundem\/chp-lideri-ozgur-ozele-yumruklu-saldirinin-sanigi-hakim-karsisinda\/"},"author":{"name":"Antalya K\u00f6rfez","@id":"https:\/\/denizcankizil.tr\/#\/schema\/person\/e1eb71bb4dd684d46563f0af307e1234"},"headline":"CHP Lideri \u00d6zg\u00fcr \u00d6zel&#8217;e yumruklu sald\u0131r\u0131n\u0131n san\u0131\u011f\u0131 hakim kar\u015f\u0131s\u0131nda!","datePublished":"2025-07-09T12:41:26+00:00","mainEntityOfPage":{"@id":"https:\/\/denizcankizil.tr\/uk\/haberler\/gundem\/chp-lideri-ozgur-ozele-yumruklu-saldirinin-sanigi-hakim-karsisinda\/"},"wordCount":608,"publisher":{"@id":"https:\/\/denizcankizil.tr\/#organization"},"articleSection":["G\u00fcndem"],"inLanguage":"uk"},{"@type":"WebPage","@id":"https:\/\/denizcankizil.tr\/uk\/haberler\/gundem\/chp-lideri-ozgur-ozele-yumruklu-saldirinin-sanigi-hakim-karsisinda\/","url":"https:\/\/denizcankizil.tr\/uk\/haberler\/gundem\/chp-lideri-ozgur-ozele-yumruklu-saldirinin-sanigi-hakim-karsisinda\/","name":"CHP Lideri \u00d6zg\u00fcr \u00d6zel'e yumruklu sald\u0131r\u0131n\u0131n san\u0131\u011f\u0131 hakim kar\u015f\u0131s\u0131nda! - Av. Deniz Can K\u0131z\u0131l","isPartOf":{"@id":"https:\/\/denizcankizil.tr\/#website"},"datePublished":"2025-07-09T12:41:26+00:00","breadcrumb":{"@id":"https:\/\/denizcankizil.tr\/uk\/haberler\/gundem\/chp-lideri-ozgur-ozele-yumruklu-saldirinin-sanigi-hakim-karsisinda\/#breadcrumb"},"inLanguage":"uk","potentialAction":[{"@type":"ReadAction","target":["https:\/\/denizcankizil.tr\/uk\/haberler\/gundem\/chp-lideri-ozgur-ozele-yumruklu-saldirinin-sanigi-hakim-karsisinda\/"]}]},{"@type":"BreadcrumbList","@id":"https:\/\/denizcankizil.tr\/uk\/haberler\/gundem\/chp-lideri-ozgur-ozele-yumruklu-saldirinin-sanigi-hakim-karsisinda\/#breadcrumb","itemListElement":[{"@type":"ListItem","position":1,"name":"Home","item":"https:\/\/denizcankizil.tr\/de\/"},{"@type":"ListItem","position":2,"name":"CHP Lideri \u00d6zg\u00fcr \u00d6zel&#8217;e yumruklu sald\u0131r\u0131n\u0131n san\u0131\u011f\u0131 hakim kar\u015f\u0131s\u0131nda!"}]},{"@type":"WebSite","@id":"https:\/\/denizcankizil.tr\/#website","url":"https:\/\/denizcankizil.tr\/","name":"Av. Deniz Can K\u0131z\u0131l","description":"Avukat Deniz Can K\u0131z\u0131l Antalya Barosu","publisher":{"@id":"https:\/\/denizcankizil.tr\/#organization"},"potentialAction":[{"@type":"SearchAction","target":{"@type":"EntryPoint","urlTemplate":"https:\/\/denizcankizil.tr\/?s={search_term_string}"},"query-input":{"@type":"PropertyValueSpecification","valueRequired":true,"valueName":"search_term_string"}}],"inLanguage":"uk"},{"@type":"Organization","@id":"https:\/\/denizcankizil.tr\/#organization","name":"Av. Deniz Can K\u0131z\u0131l","url":"https:\/\/denizcankizil.tr\/","logo":{"@type":"ImageObject","inLanguage":"uk","@id":"https:\/\/denizcankizil.tr\/#\/schema\/logo\/image\/","url":"https:\/\/denizcankizil.tr\/wp-content\/uploads\/2024\/10\/siyah-logo-svg.svg","contentUrl":"https:\/\/denizcankizil.tr\/wp-content\/uploads\/2024\/10\/siyah-logo-svg.svg","width":1080,"height":1080,"caption":"Av. Deniz Can K\u0131z\u0131l"},"image":{"@id":"https:\/\/denizcankizil.tr\/#\/schema\/logo\/image\/"}},{"@type":"Person","@id":"https:\/\/denizcankizil.tr\/#\/schema\/person\/e1eb71bb4dd684d46563f0af307e1234","name":"Antalya K\u00f6rfez","image":{"@type":"ImageObject","inLanguage":"uk","@id":"https:\/\/denizcankizil.tr\/#\/schema\/person\/image\/","url":"https:\/\/secure.gravatar.com\/avatar\/42b01982558a48a0b501fdcab6a408d3717ea5919095ee2e67b0e521799c5905?s=96&d=mm&r=g","contentUrl":"https:\/\/secure.gravatar.com\/avatar\/42b01982558a48a0b501fdcab6a408d3717ea5919095ee2e67b0e521799c5905?s=96&d=mm&r=g","caption":"Antalya K\u00f6rfez"},"sameAs":["http:\/\/www.antalyakorfez.com"],"url":"https:\/\/www.antalyakorfez.com\/chp-lideri-ozgur-ozele-yumruklu-saldirinin-sanigi-hakim-karsisinda"}]}},"_links":{"self":[{"href":"https:\/\/denizcankizil.tr\/uk\/wp-json\/wp\/v2\/posts\/140790","targetHints":{"allow":["GET"]}}],"collection":[{"href":"https:\/\/denizcankizil.tr\/uk\/wp-json\/wp\/v2\/posts"}],"about":[{"href":"https:\/\/denizcankizil.tr\/uk\/wp-json\/wp\/v2\/types\/post"}],"author":[{"embeddable":true,"href":"https:\/\/denizcankizil.tr\/uk\/wp-json\/wp\/v2\/users\/5"}],"replies":[{"embeddable":true,"href":"https:\/\/denizcankizil.tr\/uk\/wp-json\/wp\/v2\/comments?post=140790"}],"version-history":[{"count":0,"href":"https:\/\/denizcankizil.tr\/uk\/wp-json\/wp\/v2\/posts\/140790\/revisions"}],"wp:attachment":[{"href":"https:\/\/denizcankizil.tr\/uk\/wp-json\/wp\/v2\/media?parent=140790"}],"wp:term":[{"taxonomy":"category","embeddable":true,"href":"https:\/\/denizcankizil.tr\/uk\/wp-json\/wp\/v2\/categories?post=140790"},{"taxonomy":"post_tag","embeddable":true,"href":"https:\/\/denizcankizil.tr\/uk\/wp-json\/wp\/v2\/tags?post=140790"}],"curies":[{"name":"wp","href":"https:\/\/api.w.org\/{rel}","templated":true}]}}