{"id":140708,"date":"2025-07-09T12:43:40","date_gmt":"2025-07-09T09:43:40","guid":{"rendered":"https:\/\/denizcankizil.tr\/uncategorized-tr\/karadeniz-holdinge-iskenderunda-veda-toreni\/"},"modified":"2025-07-09T12:43:40","modified_gmt":"2025-07-09T09:43:40","slug":"karadeniz-holdinge-iskenderunda-veda-toreni","status":"publish","type":"post","link":"https:\/\/denizcankizil.tr\/uk\/haberler\/gundem\/karadeniz-holdinge-iskenderunda-veda-toreni\/","title":{"rendered":"Karadeniz Holding\u2019e \u0130skenderun\u2019da Veda T\u00f6reni\u2026"},"content":{"rendered":"<p>Demirli bulundu\u011fu Bal\u0131k\u00e7\u0131 Bar\u0131na\u011f\u0131 r\u0131ht\u0131m\u0131ndaki veda t\u00f6renine, \u0130skenderun Kaymakam\u0131 Muhammet \u00d6nder, \u0130skenderun Belediye Ba\u015fkan Vekili Cihan Aky\u00fcreko\u011flu, \u00f6nceki d\u00f6nem Belediye Ba\u015fkan\u0131 Fatih Tosyal\u0131, kamu kurum ve kurulu\u015flar\u0131n\u0131n temsilcileri, mahalle muhtarlar\u0131 ile Rauf Bey Gemisi\u2019nde e\u011fitim g\u00f6ren \u00f6\u011frenciler ve aileleri kat\u0131ld\u0131.<\/p>\n<p>&#8220;\u0130LK ANDAN \u0130T\u0130BAREN YANINIZDAYDIK&#8221;<\/p>\n<p>6 \u015eubat depremlerinin ard\u0131ndan 14 \u015eubat\u2019ta ilk olarak \u0130skenderun\u2019a geldiklerini belirten Karadeniz Holding Ya\u015fam Gemileri Projesi Koordinat\u00f6r\u00fc Umut \u00c7evik, \u201c\u0130skenderun Bal\u0131k\u00e7\u0131 Bar\u0131na\u011f\u0131&#8217;n\u0131n en uygun yer oldu\u011funu g\u00f6rd\u00fck ve S\u00fcheyla Sultan ile Rauf Bey gemilerimizi buraya getirme karar\u0131 ald\u0131k. S\u00fcheyla Sultan Gemisi, 2 bin ki\u015filik kapasitesiyle yakla\u015f\u0131k 1,5 y\u0131l boyunca bar\u0131nma ve sosyal ya\u015fam alan\u0131 olarak hizmet verdi\u201d dedi.<\/p>\n<p>Koordinat\u00f6r \u00c7evik, Nisan 2023\u2019te e\u011fitimin yeniden g\u00fcndeme gelmesiyle Rauf Bey Gemisi\u2019ni \u2018Rauf Bey Akademi\u2019ye d\u00f6n\u00fc\u015ft\u00fcrd\u00fcklerini, ilk etapta 950 \u00f6\u011frenciye ev sahipli\u011fi yapt\u0131klar\u0131n\u0131, bug\u00fcn ise yakla\u015f\u0131k 2 bin \u00f6\u011frenciye burs deste\u011fi vermeyi s\u00fcrd\u00fcrd\u00fcklerini s\u00f6yledi.<\/p>\n<p>\u201cBU DESTEK \u00d6M\u00dcR BOYU UNUTULMAZ\u201d<\/p>\n<p>\u0130skenderun Belediye Ba\u015fkan Vekili Cihan Aky\u00fcreko\u011flu da Karadeniz Holding\u2019in, bu zor g\u00fcnlerde bir\u00e7ok kurum gibi Hatayl\u0131 depremzedelerin yan\u0131nda yer ald\u0131\u011f\u0131n\u0131, bu desteklerini \u00f6m\u00fcrleri boyunca unutmayacaklar\u0131n\u0131 ifade eti.<\/p>\n<p>\u00d6nceki d\u00f6nem Belediye Ba\u015fkan\u0131 Fatih Tosyal\u0131 ise depremin en ac\u0131 ve zor g\u00fcnlerinde yard\u0131m elini uzatan Karadeniz Holding\u2019e te\u015fekk\u00fcr ederek \u201c7 Mart\u2019ta ilk konaklaman\u0131n yap\u0131ld\u0131\u011f\u0131 an\u0131 unutam\u0131yorum. \u0130nsanlar\u0131n evsiz kald\u0131\u011f\u0131 bir d\u00f6nemde ya\u015fl\u0131lar\u0131m\u0131z ve ihtiya\u00e7 sahipleri bu gemilere yerle\u015ftirildi. Onlar\u0131n mutlulu\u011funu tarif etmek imkans\u0131z\u201d diye konu\u015ftu.<\/p>\n<p>\u201cULUSLARARASI L\u0130TERAT\u00dcRE <\/p>\n<p>G\u0130RECEK B\u0130R \u00d6RNEK\u201d<\/p>\n<p>\u0130skenderun Kaymakam\u0131 Muhammet \u00d6nder ise y\u00fczy\u0131l\u0131n felaketi depremin hemen ard\u0131ndan, daha ilk ay\u0131nda Karadeniz Holdingin il\u00e7eye devasa bir konaklama merkezi kazand\u0131rd\u0131\u011f\u0131na i\u015faret ederek \u201cKendilerine minnettar\u0131z\u201d dedi.<\/p>\n<p>Veda t\u00f6renine g\u00f6r\u00fcnt\u00fcl\u00fc telefon ba\u011flant\u0131s\u0131yla kat\u0131lan d\u00f6nemin kaymakam\u0131, K\u0131r\u015fehir Valisi Murat Sefa Demiry\u00fcrek de, \u0130skenderun Kaymakam\u0131 olarak g\u00f6rev yapt\u0131\u011f\u0131 zoru d\u00f6nemi hat\u0131rlatarak \u201cY\u00fczy\u0131l\u0131n en b\u00fcy\u00fck felaketlerinden birini ya\u015fad\u0131k. Karadeniz Holding bu s\u00fcre\u00e7te sadece bir firma olarak de\u011fil, kader birlikteli\u011fi yapt\u0131\u011f\u0131m\u0131z bir payda\u015f olarak yan\u0131m\u0131zda oldu. Bu operasyonun yaln\u0131zca \u0130skenderun\u2019la s\u0131n\u0131rl\u0131 kalmad\u0131\u011f\u0131n\u0131, uluslararas\u0131 literat\u00fcre girecek nitelikte bir \u00f6rnek oldu\u011funu d\u00fc\u015f\u00fcn\u00fcyorum\u201d \u015feklinde konu\u015ftu.<\/p>\n<p>Te\u015fekk\u00fcr plaketleri verildi<\/p>\n<p>T\u00f6renin sonunda Karadeniz Holding\u2019e te\u015fekk\u00fcr plaketleri sunuldu. Plaketleri Karadeniz Holding ad\u0131na Ya\u015fam Gemileri Projesi Koordinat\u00f6r\u00fc Umut \u00c7evik teslim ald\u0131. Plaketler; \u0130skenderun Kaymakaml\u0131\u011f\u0131, Belediye, Sahil G\u00fcvenlik Komutanl\u0131\u011f\u0131 ve gemide e\u011fitim g\u00f6ren \u00f6\u011frenciler ad\u0131na verildi.<\/p>\n<p>\u200b6 \u015eubat deprem felaketinde binlerce insana bar\u0131nma olana\u011f\u0131 sa\u011flayan Karadeniz Holding\u2019e ait ikinci gemi e\u011fitim ve ya\u015fam alan\u0131 g\u00f6revini b\u00fcy\u00fck bir ba\u015far\u0131yla tamamlayan Rauf Bey i\u00e7in \u0130skenderun bal\u0131k\u00e7\u0131 bar\u0131na\u011f\u0131nda veda t\u00f6reni d\u00fczenlendi.\u00a0<\/p>\n<p>\u200bHaberin Al\u0131nt\u0131land\u0131\u011f\u0131 Kaynak: www.iskenderun.org<\/p>","protected":false},"excerpt":{"rendered":"<p>Demirli bulundu\u011fu Bal\u0131k\u00e7\u0131 Bar\u0131na\u011f\u0131 r\u0131ht\u0131m\u0131ndaki veda t\u00f6renine, \u0130skenderun Kaymakam\u0131 Muhammet \u00d6nder, \u0130skenderun Belediye Ba\u015fkan Vekili Cihan Aky\u00fcreko\u011flu, \u00f6nceki d\u00f6nem Belediye Ba\u015fkan\u0131 Fatih Tosyal\u0131, kamu kurum ve kurulu\u015flar\u0131n\u0131n temsilcileri, mahalle muhtarlar\u0131 ile Rauf Bey Gemisi\u2019nde e\u011fitim g\u00f6ren \u00f6\u011frenciler ve aileleri kat\u0131ld\u0131. &#8220;\u0130LK ANDAN \u0130T\u0130BAREN YANINIZDAYDIK&#8221; 6 \u015eubat depremlerinin ard\u0131ndan 14 \u015eubat\u2019ta ilk olarak \u0130skenderun\u2019a geldiklerini belirten Karadeniz Holding Ya\u015fam Gemileri Projesi Koordinat\u00f6r\u00fc Umut \u00c7evik, \u201c\u0130skenderun Bal\u0131k\u00e7\u0131 Bar\u0131na\u011f\u0131&#8217;n\u0131n en uygun yer oldu\u011funu g\u00f6rd\u00fck ve S\u00fcheyla Sultan ile Rauf Bey gemilerimizi buraya getirme karar\u0131 ald\u0131k. S\u00fcheyla Sultan Gemisi, 2 bin ki\u015filik kapasitesiyle yakla\u015f\u0131k 1,5 y\u0131l boyunca bar\u0131nma ve sosyal ya\u015fam alan\u0131 olarak hizmet verdi\u201d dedi. Koordinat\u00f6r \u00c7evik, Nisan 2023\u2019te e\u011fitimin yeniden g\u00fcndeme gelmesiyle Rauf Bey Gemisi\u2019ni \u2018Rauf Bey Akademi\u2019ye d\u00f6n\u00fc\u015ft\u00fcrd\u00fcklerini, ilk etapta 950 \u00f6\u011frenciye ev sahipli\u011fi yapt\u0131klar\u0131n\u0131, bug\u00fcn ise yakla\u015f\u0131k 2 bin \u00f6\u011frenciye burs deste\u011fi vermeyi s\u00fcrd\u00fcrd\u00fcklerini s\u00f6yledi. \u201cBU DESTEK \u00d6M\u00dcR BOYU UNUTULMAZ\u201d \u0130skenderun Belediye Ba\u015fkan Vekili Cihan Aky\u00fcreko\u011flu da Karadeniz Holding\u2019in, bu zor g\u00fcnlerde bir\u00e7ok kurum gibi Hatayl\u0131 depremzedelerin yan\u0131nda yer ald\u0131\u011f\u0131n\u0131, bu desteklerini \u00f6m\u00fcrleri boyunca unutmayacaklar\u0131n\u0131 ifade eti. \u00d6nceki d\u00f6nem Belediye Ba\u015fkan\u0131 Fatih Tosyal\u0131 ise depremin en ac\u0131 ve zor g\u00fcnlerinde yard\u0131m elini uzatan Karadeniz Holding\u2019e te\u015fekk\u00fcr ederek \u201c7 Mart\u2019ta ilk konaklaman\u0131n yap\u0131ld\u0131\u011f\u0131 an\u0131 unutam\u0131yorum. \u0130nsanlar\u0131n evsiz kald\u0131\u011f\u0131 bir d\u00f6nemde ya\u015fl\u0131lar\u0131m\u0131z &hellip;<\/p>","protected":false},"author":1,"featured_media":0,"comment_status":"","ping_status":"open","sticky":false,"template":"","format":"standard","meta":{"_acf_changed":false,"footnotes":""},"categories":[24],"tags":[],"class_list":["post-140708","post","type-post","status-publish","format-standard","has-post-thumbnail","hentry","category-gundem"],"acf":[],"yoast_head":"<!-- This site is optimized with the Yoast SEO Premium plugin v26.6 (Yoast SEO v27.1.1) - https:\/\/yoast.com\/product\/yoast-seo-premium-wordpress\/ -->\n<title>Karadeniz Holding\u2019e \u0130skenderun\u2019da Veda T\u00f6reni\u2026 - Av. Deniz Can K\u0131z\u0131l<\/title>\n<meta name=\"robots\" content=\"index, follow, max-snippet:-1, max-image-preview:large, max-video-preview:-1\" \/>\n<link rel=\"canonical\" href=\"https:\/\/denizcankizil.tr\/uk\/haberler\/gundem\/karadeniz-holdinge-iskenderunda-veda-toreni\/\" \/>\n<meta property=\"og:locale\" content=\"uk_UA\" \/>\n<meta property=\"og:type\" content=\"article\" \/>\n<meta property=\"og:title\" content=\"Karadeniz Holding\u2019e \u0130skenderun\u2019da Veda T\u00f6reni\u2026\" \/>\n<meta property=\"og:description\" content=\"Demirli bulundu\u011fu Bal\u0131k\u00e7\u0131 Bar\u0131na\u011f\u0131 r\u0131ht\u0131m\u0131ndaki veda t\u00f6renine, \u0130skenderun Kaymakam\u0131 Muhammet \u00d6nder, \u0130skenderun Belediye Ba\u015fkan Vekili Cihan Aky\u00fcreko\u011flu, \u00f6nceki d\u00f6nem Belediye Ba\u015fkan\u0131 Fatih Tosyal\u0131, kamu kurum ve kurulu\u015flar\u0131n\u0131n temsilcileri, mahalle muhtarlar\u0131 ile Rauf Bey Gemisi\u2019nde e\u011fitim g\u00f6ren \u00f6\u011frenciler ve aileleri kat\u0131ld\u0131. &#8220;\u0130LK ANDAN \u0130T\u0130BAREN YANINIZDAYDIK&#8221; 6 \u015eubat depremlerinin ard\u0131ndan 14 \u015eubat\u2019ta ilk olarak \u0130skenderun\u2019a geldiklerini belirten Karadeniz Holding Ya\u015fam Gemileri Projesi Koordinat\u00f6r\u00fc Umut \u00c7evik, \u201c\u0130skenderun Bal\u0131k\u00e7\u0131 Bar\u0131na\u011f\u0131&#8217;n\u0131n en uygun yer oldu\u011funu g\u00f6rd\u00fck ve S\u00fcheyla Sultan ile Rauf Bey gemilerimizi buraya getirme karar\u0131 ald\u0131k. S\u00fcheyla Sultan Gemisi, 2 bin ki\u015filik kapasitesiyle yakla\u015f\u0131k 1,5 y\u0131l boyunca bar\u0131nma ve sosyal ya\u015fam alan\u0131 olarak hizmet verdi\u201d dedi. Koordinat\u00f6r \u00c7evik, Nisan 2023\u2019te e\u011fitimin yeniden g\u00fcndeme gelmesiyle Rauf Bey Gemisi\u2019ni \u2018Rauf Bey Akademi\u2019ye d\u00f6n\u00fc\u015ft\u00fcrd\u00fcklerini, ilk etapta 950 \u00f6\u011frenciye ev sahipli\u011fi yapt\u0131klar\u0131n\u0131, bug\u00fcn ise yakla\u015f\u0131k 2 bin \u00f6\u011frenciye burs deste\u011fi vermeyi s\u00fcrd\u00fcrd\u00fcklerini s\u00f6yledi. \u201cBU DESTEK \u00d6M\u00dcR BOYU UNUTULMAZ\u201d \u0130skenderun Belediye Ba\u015fkan Vekili Cihan Aky\u00fcreko\u011flu da Karadeniz Holding\u2019in, bu zor g\u00fcnlerde bir\u00e7ok kurum gibi Hatayl\u0131 depremzedelerin yan\u0131nda yer ald\u0131\u011f\u0131n\u0131, bu desteklerini \u00f6m\u00fcrleri boyunca unutmayacaklar\u0131n\u0131 ifade eti. \u00d6nceki d\u00f6nem Belediye Ba\u015fkan\u0131 Fatih Tosyal\u0131 ise depremin en ac\u0131 ve zor g\u00fcnlerinde yard\u0131m elini uzatan Karadeniz Holding\u2019e te\u015fekk\u00fcr ederek \u201c7 Mart\u2019ta ilk konaklaman\u0131n yap\u0131ld\u0131\u011f\u0131 an\u0131 unutam\u0131yorum. \u0130nsanlar\u0131n evsiz kald\u0131\u011f\u0131 bir d\u00f6nemde ya\u015fl\u0131lar\u0131m\u0131z &hellip;\" \/>\n<meta property=\"og:url\" content=\"https:\/\/denizcankizil.tr\/uk\/haberler\/gundem\/karadeniz-holdinge-iskenderunda-veda-toreni\/\" \/>\n<meta property=\"og:site_name\" content=\"Av. Deniz Can K\u0131z\u0131l\" \/>\n<meta property=\"article:published_time\" content=\"2025-07-09T09:43:40+00:00\" \/>\n<meta name=\"author\" content=\"admin\" \/>\n<meta name=\"twitter:card\" content=\"summary_large_image\" \/>\n<meta name=\"twitter:label1\" content=\"\u041d\u0430\u043f\u0438\u0441\u0430\u043d\u043e\" \/>\n\t<meta name=\"twitter:data1\" content=\"admin\" \/>\n\t<meta name=\"twitter:label2\" content=\"\u041f\u0440\u0438\u0431\u043b. \u0447\u0430\u0441 \u0447\u0438\u0442\u0430\u043d\u043d\u044f\" \/>\n\t<meta name=\"twitter:data2\" content=\"3 \u0445\u0432\u0438\u043b\u0438\u043d\u0438\" \/>\n<script type=\"application\/ld+json\" class=\"yoast-schema-graph\">{\"@context\":\"https:\/\/schema.org\",\"@graph\":[{\"@type\":\"Article\",\"@id\":\"https:\/\/denizcankizil.tr\/uk\/haberler\/gundem\/karadeniz-holdinge-iskenderunda-veda-toreni\/#article\",\"isPartOf\":{\"@id\":\"https:\/\/denizcankizil.tr\/uk\/haberler\/gundem\/karadeniz-holdinge-iskenderunda-veda-toreni\/\"},\"author\":{\"name\":\"admin\",\"@id\":\"https:\/\/denizcankizil.tr\/#\/schema\/person\/be3c05fe6a12686905512445d8185489\"},\"headline\":\"Karadeniz Holding\u2019e \u0130skenderun\u2019da Veda T\u00f6reni\u2026\",\"datePublished\":\"2025-07-09T09:43:40+00:00\",\"mainEntityOfPage\":{\"@id\":\"https:\/\/denizcankizil.tr\/uk\/haberler\/gundem\/karadeniz-holdinge-iskenderunda-veda-toreni\/\"},\"wordCount\":556,\"publisher\":{\"@id\":\"https:\/\/denizcankizil.tr\/#organization\"},\"articleSection\":[\"G\u00fcndem\"],\"inLanguage\":\"uk\"},{\"@type\":\"WebPage\",\"@id\":\"https:\/\/denizcankizil.tr\/uk\/haberler\/gundem\/karadeniz-holdinge-iskenderunda-veda-toreni\/\",\"url\":\"https:\/\/denizcankizil.tr\/uk\/haberler\/gundem\/karadeniz-holdinge-iskenderunda-veda-toreni\/\",\"name\":\"Karadeniz Holding\u2019e \u0130skenderun\u2019da Veda T\u00f6reni\u2026 - Av. Deniz Can K\u0131z\u0131l\",\"isPartOf\":{\"@id\":\"https:\/\/denizcankizil.tr\/#website\"},\"datePublished\":\"2025-07-09T09:43:40+00:00\",\"breadcrumb\":{\"@id\":\"https:\/\/denizcankizil.tr\/uk\/haberler\/gundem\/karadeniz-holdinge-iskenderunda-veda-toreni\/#breadcrumb\"},\"inLanguage\":\"uk\",\"potentialAction\":[{\"@type\":\"ReadAction\",\"target\":[\"https:\/\/denizcankizil.tr\/uk\/haberler\/gundem\/karadeniz-holdinge-iskenderunda-veda-toreni\/\"]}]},{\"@type\":\"BreadcrumbList\",\"@id\":\"https:\/\/denizcankizil.tr\/uk\/haberler\/gundem\/karadeniz-holdinge-iskenderunda-veda-toreni\/#breadcrumb\",\"itemListElement\":[{\"@type\":\"ListItem\",\"position\":1,\"name\":\"Home\",\"item\":\"https:\/\/denizcankizil.tr\/de\/\"},{\"@type\":\"ListItem\",\"position\":2,\"name\":\"Karadeniz Holding\u2019e \u0130skenderun\u2019da Veda T\u00f6reni\u2026\"}]},{\"@type\":\"WebSite\",\"@id\":\"https:\/\/denizcankizil.tr\/#website\",\"url\":\"https:\/\/denizcankizil.tr\/\",\"name\":\"Av. Deniz Can K\u0131z\u0131l\",\"description\":\"Avukat Deniz Can K\u0131z\u0131l Antalya Barosu\",\"publisher\":{\"@id\":\"https:\/\/denizcankizil.tr\/#organization\"},\"potentialAction\":[{\"@type\":\"SearchAction\",\"target\":{\"@type\":\"EntryPoint\",\"urlTemplate\":\"https:\/\/denizcankizil.tr\/?s={search_term_string}\"},\"query-input\":{\"@type\":\"PropertyValueSpecification\",\"valueRequired\":true,\"valueName\":\"search_term_string\"}}],\"inLanguage\":\"uk\"},{\"@type\":\"Organization\",\"@id\":\"https:\/\/denizcankizil.tr\/#organization\",\"name\":\"Av. Deniz Can K\u0131z\u0131l\",\"url\":\"https:\/\/denizcankizil.tr\/\",\"logo\":{\"@type\":\"ImageObject\",\"inLanguage\":\"uk\",\"@id\":\"https:\/\/denizcankizil.tr\/#\/schema\/logo\/image\/\",\"url\":\"https:\/\/denizcankizil.tr\/wp-content\/uploads\/2024\/10\/siyah-logo-svg.svg\",\"contentUrl\":\"https:\/\/denizcankizil.tr\/wp-content\/uploads\/2024\/10\/siyah-logo-svg.svg\",\"width\":1080,\"height\":1080,\"caption\":\"Av. Deniz Can K\u0131z\u0131l\"},\"image\":{\"@id\":\"https:\/\/denizcankizil.tr\/#\/schema\/logo\/image\/\"}},{\"@type\":\"Person\",\"@id\":\"https:\/\/denizcankizil.tr\/#\/schema\/person\/be3c05fe6a12686905512445d8185489\",\"name\":\"admin\",\"image\":{\"@type\":\"ImageObject\",\"inLanguage\":\"uk\",\"@id\":\"https:\/\/denizcankizil.tr\/#\/schema\/person\/image\/\",\"url\":\"https:\/\/secure.gravatar.com\/avatar\/c1fce94c830dc79107e174f890d7210541c4a63e8e5d816341794a2151c9d58c?s=96&d=mm&r=g\",\"contentUrl\":\"https:\/\/secure.gravatar.com\/avatar\/c1fce94c830dc79107e174f890d7210541c4a63e8e5d816341794a2151c9d58c?s=96&d=mm&r=g\",\"caption\":\"admin\"},\"sameAs\":[\"http:\/\/denizcankizil.tr\"],\"url\":\"https:\/\/www.iskenderun.org\/karadeniz-holdinge-iskenderunda-veda-toreni\"}]}<\/script>\n<!-- \/ Yoast SEO Premium plugin. -->","yoast_head_json":{"title":"Karadeniz Holding\u2019e \u0130skenderun\u2019da Veda T\u00f6reni\u2026 - Av. Deniz Can K\u0131z\u0131l","robots":{"index":"index","follow":"follow","max-snippet":"max-snippet:-1","max-image-preview":"max-image-preview:large","max-video-preview":"max-video-preview:-1"},"canonical":"https:\/\/denizcankizil.tr\/uk\/haberler\/gundem\/karadeniz-holdinge-iskenderunda-veda-toreni\/","og_locale":"uk_UA","og_type":"article","og_title":"Karadeniz Holding\u2019e \u0130skenderun\u2019da Veda T\u00f6reni\u2026","og_description":"Demirli bulundu\u011fu Bal\u0131k\u00e7\u0131 Bar\u0131na\u011f\u0131 r\u0131ht\u0131m\u0131ndaki veda t\u00f6renine, \u0130skenderun Kaymakam\u0131 Muhammet \u00d6nder, \u0130skenderun Belediye Ba\u015fkan Vekili Cihan Aky\u00fcreko\u011flu, \u00f6nceki d\u00f6nem Belediye Ba\u015fkan\u0131 Fatih Tosyal\u0131, kamu kurum ve kurulu\u015flar\u0131n\u0131n temsilcileri, mahalle muhtarlar\u0131 ile Rauf Bey Gemisi\u2019nde e\u011fitim g\u00f6ren \u00f6\u011frenciler ve aileleri kat\u0131ld\u0131. &#8220;\u0130LK ANDAN \u0130T\u0130BAREN YANINIZDAYDIK&#8221; 6 \u015eubat depremlerinin ard\u0131ndan 14 \u015eubat\u2019ta ilk olarak \u0130skenderun\u2019a geldiklerini belirten Karadeniz Holding Ya\u015fam Gemileri Projesi Koordinat\u00f6r\u00fc Umut \u00c7evik, \u201c\u0130skenderun Bal\u0131k\u00e7\u0131 Bar\u0131na\u011f\u0131&#8217;n\u0131n en uygun yer oldu\u011funu g\u00f6rd\u00fck ve S\u00fcheyla Sultan ile Rauf Bey gemilerimizi buraya getirme karar\u0131 ald\u0131k. S\u00fcheyla Sultan Gemisi, 2 bin ki\u015filik kapasitesiyle yakla\u015f\u0131k 1,5 y\u0131l boyunca bar\u0131nma ve sosyal ya\u015fam alan\u0131 olarak hizmet verdi\u201d dedi. Koordinat\u00f6r \u00c7evik, Nisan 2023\u2019te e\u011fitimin yeniden g\u00fcndeme gelmesiyle Rauf Bey Gemisi\u2019ni \u2018Rauf Bey Akademi\u2019ye d\u00f6n\u00fc\u015ft\u00fcrd\u00fcklerini, ilk etapta 950 \u00f6\u011frenciye ev sahipli\u011fi yapt\u0131klar\u0131n\u0131, bug\u00fcn ise yakla\u015f\u0131k 2 bin \u00f6\u011frenciye burs deste\u011fi vermeyi s\u00fcrd\u00fcrd\u00fcklerini s\u00f6yledi. \u201cBU DESTEK \u00d6M\u00dcR BOYU UNUTULMAZ\u201d \u0130skenderun Belediye Ba\u015fkan Vekili Cihan Aky\u00fcreko\u011flu da Karadeniz Holding\u2019in, bu zor g\u00fcnlerde bir\u00e7ok kurum gibi Hatayl\u0131 depremzedelerin yan\u0131nda yer ald\u0131\u011f\u0131n\u0131, bu desteklerini \u00f6m\u00fcrleri boyunca unutmayacaklar\u0131n\u0131 ifade eti. \u00d6nceki d\u00f6nem Belediye Ba\u015fkan\u0131 Fatih Tosyal\u0131 ise depremin en ac\u0131 ve zor g\u00fcnlerinde yard\u0131m elini uzatan Karadeniz Holding\u2019e te\u015fekk\u00fcr ederek \u201c7 Mart\u2019ta ilk konaklaman\u0131n yap\u0131ld\u0131\u011f\u0131 an\u0131 unutam\u0131yorum. \u0130nsanlar\u0131n evsiz kald\u0131\u011f\u0131 bir d\u00f6nemde ya\u015fl\u0131lar\u0131m\u0131z &hellip;","og_url":"https:\/\/denizcankizil.tr\/uk\/haberler\/gundem\/karadeniz-holdinge-iskenderunda-veda-toreni\/","og_site_name":"Av. Deniz Can K\u0131z\u0131l","article_published_time":"2025-07-09T09:43:40+00:00","author":"admin","twitter_card":"summary_large_image","twitter_misc":{"\u041d\u0430\u043f\u0438\u0441\u0430\u043d\u043e":"admin","\u041f\u0440\u0438\u0431\u043b. \u0447\u0430\u0441 \u0447\u0438\u0442\u0430\u043d\u043d\u044f":"3 \u0445\u0432\u0438\u043b\u0438\u043d\u0438"},"schema":{"@context":"https:\/\/schema.org","@graph":[{"@type":"Article","@id":"https:\/\/denizcankizil.tr\/uk\/haberler\/gundem\/karadeniz-holdinge-iskenderunda-veda-toreni\/#article","isPartOf":{"@id":"https:\/\/denizcankizil.tr\/uk\/haberler\/gundem\/karadeniz-holdinge-iskenderunda-veda-toreni\/"},"author":{"name":"admin","@id":"https:\/\/denizcankizil.tr\/#\/schema\/person\/be3c05fe6a12686905512445d8185489"},"headline":"Karadeniz Holding\u2019e \u0130skenderun\u2019da Veda T\u00f6reni\u2026","datePublished":"2025-07-09T09:43:40+00:00","mainEntityOfPage":{"@id":"https:\/\/denizcankizil.tr\/uk\/haberler\/gundem\/karadeniz-holdinge-iskenderunda-veda-toreni\/"},"wordCount":556,"publisher":{"@id":"https:\/\/denizcankizil.tr\/#organization"},"articleSection":["G\u00fcndem"],"inLanguage":"uk"},{"@type":"WebPage","@id":"https:\/\/denizcankizil.tr\/uk\/haberler\/gundem\/karadeniz-holdinge-iskenderunda-veda-toreni\/","url":"https:\/\/denizcankizil.tr\/uk\/haberler\/gundem\/karadeniz-holdinge-iskenderunda-veda-toreni\/","name":"Karadeniz Holding\u2019e \u0130skenderun\u2019da Veda T\u00f6reni\u2026 - Av. Deniz Can K\u0131z\u0131l","isPartOf":{"@id":"https:\/\/denizcankizil.tr\/#website"},"datePublished":"2025-07-09T09:43:40+00:00","breadcrumb":{"@id":"https:\/\/denizcankizil.tr\/uk\/haberler\/gundem\/karadeniz-holdinge-iskenderunda-veda-toreni\/#breadcrumb"},"inLanguage":"uk","potentialAction":[{"@type":"ReadAction","target":["https:\/\/denizcankizil.tr\/uk\/haberler\/gundem\/karadeniz-holdinge-iskenderunda-veda-toreni\/"]}]},{"@type":"BreadcrumbList","@id":"https:\/\/denizcankizil.tr\/uk\/haberler\/gundem\/karadeniz-holdinge-iskenderunda-veda-toreni\/#breadcrumb","itemListElement":[{"@type":"ListItem","position":1,"name":"Home","item":"https:\/\/denizcankizil.tr\/de\/"},{"@type":"ListItem","position":2,"name":"Karadeniz Holding\u2019e \u0130skenderun\u2019da Veda T\u00f6reni\u2026"}]},{"@type":"WebSite","@id":"https:\/\/denizcankizil.tr\/#website","url":"https:\/\/denizcankizil.tr\/","name":"Av. Deniz Can K\u0131z\u0131l","description":"Avukat Deniz Can K\u0131z\u0131l Antalya Barosu","publisher":{"@id":"https:\/\/denizcankizil.tr\/#organization"},"potentialAction":[{"@type":"SearchAction","target":{"@type":"EntryPoint","urlTemplate":"https:\/\/denizcankizil.tr\/?s={search_term_string}"},"query-input":{"@type":"PropertyValueSpecification","valueRequired":true,"valueName":"search_term_string"}}],"inLanguage":"uk"},{"@type":"Organization","@id":"https:\/\/denizcankizil.tr\/#organization","name":"Av. Deniz Can K\u0131z\u0131l","url":"https:\/\/denizcankizil.tr\/","logo":{"@type":"ImageObject","inLanguage":"uk","@id":"https:\/\/denizcankizil.tr\/#\/schema\/logo\/image\/","url":"https:\/\/denizcankizil.tr\/wp-content\/uploads\/2024\/10\/siyah-logo-svg.svg","contentUrl":"https:\/\/denizcankizil.tr\/wp-content\/uploads\/2024\/10\/siyah-logo-svg.svg","width":1080,"height":1080,"caption":"Av. Deniz Can K\u0131z\u0131l"},"image":{"@id":"https:\/\/denizcankizil.tr\/#\/schema\/logo\/image\/"}},{"@type":"Person","@id":"https:\/\/denizcankizil.tr\/#\/schema\/person\/be3c05fe6a12686905512445d8185489","name":"\u0430\u0434\u043c\u0456\u043d","image":{"@type":"ImageObject","inLanguage":"uk","@id":"https:\/\/denizcankizil.tr\/#\/schema\/person\/image\/","url":"https:\/\/secure.gravatar.com\/avatar\/c1fce94c830dc79107e174f890d7210541c4a63e8e5d816341794a2151c9d58c?s=96&d=mm&r=g","contentUrl":"https:\/\/secure.gravatar.com\/avatar\/c1fce94c830dc79107e174f890d7210541c4a63e8e5d816341794a2151c9d58c?s=96&d=mm&r=g","caption":"admin"},"sameAs":["http:\/\/denizcankizil.tr"],"url":"https:\/\/www.iskenderun.org\/karadeniz-holdinge-iskenderunda-veda-toreni"}]}},"_links":{"self":[{"href":"https:\/\/denizcankizil.tr\/uk\/wp-json\/wp\/v2\/posts\/140708","targetHints":{"allow":["GET"]}}],"collection":[{"href":"https:\/\/denizcankizil.tr\/uk\/wp-json\/wp\/v2\/posts"}],"about":[{"href":"https:\/\/denizcankizil.tr\/uk\/wp-json\/wp\/v2\/types\/post"}],"author":[{"embeddable":true,"href":"https:\/\/denizcankizil.tr\/uk\/wp-json\/wp\/v2\/users\/1"}],"replies":[{"embeddable":true,"href":"https:\/\/denizcankizil.tr\/uk\/wp-json\/wp\/v2\/comments?post=140708"}],"version-history":[{"count":0,"href":"https:\/\/denizcankizil.tr\/uk\/wp-json\/wp\/v2\/posts\/140708\/revisions"}],"wp:attachment":[{"href":"https:\/\/denizcankizil.tr\/uk\/wp-json\/wp\/v2\/media?parent=140708"}],"wp:term":[{"taxonomy":"category","embeddable":true,"href":"https:\/\/denizcankizil.tr\/uk\/wp-json\/wp\/v2\/categories?post=140708"},{"taxonomy":"post_tag","embeddable":true,"href":"https:\/\/denizcankizil.tr\/uk\/wp-json\/wp\/v2\/tags?post=140708"}],"curies":[{"name":"wp","href":"https:\/\/api.w.org\/{rel}","templated":true}]}}