{"id":14012,"date":"2024-11-07T17:23:00","date_gmt":"2024-11-07T14:23:00","guid":{"rendered":"https:\/\/denizcankizil.tr\/uncategorized-tr\/cmk-nobetinden-tbbye-cagri-genc-avukatlardan-temsilci-olsun\/"},"modified":"2024-11-07T17:23:00","modified_gmt":"2024-11-07T14:23:00","slug":"cmk-nobetinden-tbbye-cagri-genc-avukatlardan-temsilci-olsun","status":"publish","type":"post","link":"https:\/\/denizcankizil.tr\/uk\/hukukihaber\/cmk-nobetinden-tbbye-cagri-genc-avukatlardan-temsilci-olsun\/","title":{"rendered":"&#8216;CMK N\u00f6beti&#8217;nden TBB&#8217;ye \u00e7a\u011fr\u0131: Gen\u00e7 avukatlardan temsilci olsun"},"content":{"rendered":"<p>\u0130stanbul Barosu Gen\u00e7 Avukatlar Merkezi \u00fcyesi avukatlar, Ceza Muhakemesi Kanunu (CMK) gere\u011fince yap\u0131lan zorunlu m\u00fcdafilik g\u00f6revlendirmelerindeki \u00fccret tarifesinin, 2025 y\u0131l\u0131 i\u00e7in Avukatl\u0131k Asgari \u00dccret Tarifesi&#8217;ne (AA\u00dcT) e\u015fitlenmesi talebiyle 9 Ekim&#8217;de \u0130stanbul Adliyesi \u00f6n\u00fcnde &#8220;CMK N\u00f6beti&#8221; ba\u015flatt\u0131.<\/p>\n<p>Ba\u015flad\u0131\u011f\u0131 g\u00fcnden itibaren her g\u00fcn saat 15.00&#8217;ten 17.00&#8217;e kadar iki saat n\u00f6bet tutan avukatlar, n\u00f6betin 30&#8217;uncu g\u00fcn\u00fcnde de adliye \u00f6n\u00fcnde, &#8220;CMK \u00fccret tarifesi AA\u00dcT&#8217;ye e\u015fitlensin&#8221; yaz\u0131l\u0131 pankart a\u00e7t\u0131.<\/p>\n<p>TBB&#8217;YE \u00c7A\u011eRI: BAKANLIK G\u00d6R\u00dc\u015eMES\u0130NDE GEN\u00c7 AVUKATLARDAN TEMS\u0130LC\u0130 OLMALI<\/p>\n<p>Gen\u00e7 Avukatlar Merkezi \u00fcyesi avukat Kerim B\u00fct\u00fcn, meslekta\u015flar\u0131 ad\u0131na yapt\u0131\u011f\u0131 konu\u015fmada, &#8220;CMK \u00fccret tarifesinin, Avukatl\u0131k Asgari \u00dccret Tarifesi&#8217;ne e\u015fitlenmesi i\u00e7in \u00c7a\u011flayan Adliyesi \u00f6n\u00fcnde her g\u00fcn saat \u00fc\u00e7ten be\u015fe kadar n\u00f6bet tutuyoruz. Bizler burada eme\u011fimiz ve yurtta\u015f\u0131n savunulma hakk\u0131 i\u00e7in durmaktay\u0131z. Bug\u00fcn n\u00f6betimizin 30&#8217;uncu g\u00fcn\u00fc. Buradan, T\u00fcrkiye Barolar Birli\u011fi&#8217;ne (TBB) bir \u00e7a\u011fr\u0131m\u0131z bulunmaktad\u0131r. Adalet Bakanl\u0131\u011f\u0131 ve TBB aras\u0131nda yap\u0131lacak g\u00f6r\u00fc\u015fmelerde gen\u00e7 avukatlardan bir temsilci olmal\u0131d\u0131r. \u0130stanbul Barosu ve TBB&#8217;nin, T\u00fcrkiye&#8217;deki t\u00fcm barolar\u0131 bu eylemi sahiplenmesini ve b\u00fcy\u00fctmesini istiyoruz&#8221; dedi. (Fahrettin \u00d6zt\u00fcrk \/ Cumhuriyet)<\/p>\n<p>\u200b\u0130stanbul Barosu Gen\u00e7 Avukatlar Merkezi \u00fcyesi avukatlar\u0131n\u0131n, CMK \u00fccretlerinin, Avukatl\u0131k Asgari \u00dccret tarifesine e\u015fitlenmesi talebiyle ba\u015flatt\u0131\u011f\u0131 &#8216;CMK N\u00f6beti&#8217; bug\u00fcn 30&#8217;uncu g\u00fcn\u00fcnde.\u00a0Hukuki Haber<\/p>","protected":false},"excerpt":{"rendered":"<p>\u0130stanbul Barosu Gen\u00e7 Avukatlar Merkezi \u00fcyesi avukatlar, Ceza Muhakemesi Kanunu (CMK) gere\u011fince yap\u0131lan zorunlu m\u00fcdafilik g\u00f6revlendirmelerindeki \u00fccret tarifesinin, 2025 y\u0131l\u0131 i\u00e7in Avukatl\u0131k Asgari \u00dccret Tarifesi&#8217;ne (AA\u00dcT) e\u015fitlenmesi talebiyle 9 Ekim&#8217;de \u0130stanbul Adliyesi \u00f6n\u00fcnde &#8220;CMK N\u00f6beti&#8221; ba\u015flatt\u0131. Ba\u015flad\u0131\u011f\u0131 g\u00fcnden itibaren her g\u00fcn saat 15.00&#8217;ten 17.00&#8217;e kadar iki saat n\u00f6bet tutan avukatlar, n\u00f6betin 30&#8217;uncu g\u00fcn\u00fcnde de adliye \u00f6n\u00fcnde, &#8220;CMK \u00fccret tarifesi AA\u00dcT&#8217;ye e\u015fitlensin&#8221; yaz\u0131l\u0131 pankart a\u00e7t\u0131. TBB&#8217;YE \u00c7A\u011eRI: BAKANLIK G\u00d6R\u00dc\u015eMES\u0130NDE GEN\u00c7 AVUKATLARDAN TEMS\u0130LC\u0130 OLMALI Gen\u00e7 Avukatlar Merkezi \u00fcyesi avukat Kerim B\u00fct\u00fcn, meslekta\u015flar\u0131 ad\u0131na yapt\u0131\u011f\u0131 konu\u015fmada, &#8220;CMK \u00fccret tarifesinin, Avukatl\u0131k Asgari \u00dccret Tarifesi&#8217;ne e\u015fitlenmesi i\u00e7in \u00c7a\u011flayan Adliyesi \u00f6n\u00fcnde her g\u00fcn saat \u00fc\u00e7ten be\u015fe kadar n\u00f6bet tutuyoruz. Bizler burada eme\u011fimiz ve yurtta\u015f\u0131n savunulma hakk\u0131 i\u00e7in durmaktay\u0131z. Bug\u00fcn n\u00f6betimizin 30&#8217;uncu g\u00fcn\u00fc. Buradan, T\u00fcrkiye Barolar Birli\u011fi&#8217;ne (TBB) bir \u00e7a\u011fr\u0131m\u0131z bulunmaktad\u0131r. Adalet Bakanl\u0131\u011f\u0131 ve TBB aras\u0131nda yap\u0131lacak g\u00f6r\u00fc\u015fmelerde gen\u00e7 avukatlardan bir temsilci olmal\u0131d\u0131r. \u0130stanbul Barosu ve TBB&#8217;nin, T\u00fcrkiye&#8217;deki t\u00fcm barolar\u0131 bu eylemi sahiplenmesini ve b\u00fcy\u00fctmesini istiyoruz&#8221; dedi. (Fahrettin \u00d6zt\u00fcrk \/ Cumhuriyet) \u200b\u0130stanbul Barosu Gen\u00e7 Avukatlar Merkezi \u00fcyesi avukatlar\u0131n\u0131n, CMK \u00fccretlerinin, Avukatl\u0131k Asgari \u00dccret tarifesine e\u015fitlenmesi talebiyle ba\u015flatt\u0131\u011f\u0131 &#8216;CMK N\u00f6beti&#8217; bug\u00fcn 30&#8217;uncu g\u00fcn\u00fcnde.\u00a0Hukuki Haber<\/p>","protected":false},"author":0,"featured_media":0,"comment_status":"open","ping_status":"open","sticky":false,"template":"","format":"standard","meta":{"_acf_changed":false,"footnotes":""},"categories":[27,535],"tags":[],"class_list":["post-14012","post","type-post","status-publish","format-standard","has-post-thumbnail","hentry","category-hukukihaber","category-uncategorized-tr"],"acf":[],"yoast_head":"<!-- This site is optimized with the Yoast SEO Premium plugin v26.6 (Yoast SEO v27.1.1) - https:\/\/yoast.com\/product\/yoast-seo-premium-wordpress\/ -->\n<title>&#039;CMK N\u00f6beti&#039;nden TBB&#039;ye \u00e7a\u011fr\u0131: Gen\u00e7 avukatlardan temsilci olsun - Av. Deniz Can K\u0131z\u0131l<\/title>\n<meta name=\"robots\" content=\"index, follow, max-snippet:-1, max-image-preview:large, max-video-preview:-1\" \/>\n<link rel=\"canonical\" href=\"https:\/\/denizcankizil.tr\/uk\/hukukihaber\/cmk-nobetinden-tbbye-cagri-genc-avukatlardan-temsilci-olsun\/\" \/>\n<meta property=\"og:locale\" content=\"uk_UA\" \/>\n<meta property=\"og:type\" content=\"article\" \/>\n<meta property=\"og:title\" content=\"&#039;CMK N\u00f6beti&#039;nden TBB&#039;ye \u00e7a\u011fr\u0131: Gen\u00e7 avukatlardan temsilci olsun\" \/>\n<meta property=\"og:description\" content=\"\u0130stanbul Barosu Gen\u00e7 Avukatlar Merkezi \u00fcyesi avukatlar, Ceza Muhakemesi Kanunu (CMK) gere\u011fince yap\u0131lan zorunlu m\u00fcdafilik g\u00f6revlendirmelerindeki \u00fccret tarifesinin, 2025 y\u0131l\u0131 i\u00e7in Avukatl\u0131k Asgari \u00dccret Tarifesi&#8217;ne (AA\u00dcT) e\u015fitlenmesi talebiyle 9 Ekim&#8217;de \u0130stanbul Adliyesi \u00f6n\u00fcnde &#8220;CMK N\u00f6beti&#8221; ba\u015flatt\u0131. Ba\u015flad\u0131\u011f\u0131 g\u00fcnden itibaren her g\u00fcn saat 15.00&#8217;ten 17.00&#8217;e kadar iki saat n\u00f6bet tutan avukatlar, n\u00f6betin 30&#8217;uncu g\u00fcn\u00fcnde de adliye \u00f6n\u00fcnde, &#8220;CMK \u00fccret tarifesi AA\u00dcT&#8217;ye e\u015fitlensin&#8221; yaz\u0131l\u0131 pankart a\u00e7t\u0131. TBB&#8217;YE \u00c7A\u011eRI: BAKANLIK G\u00d6R\u00dc\u015eMES\u0130NDE GEN\u00c7 AVUKATLARDAN TEMS\u0130LC\u0130 OLMALI Gen\u00e7 Avukatlar Merkezi \u00fcyesi avukat Kerim B\u00fct\u00fcn, meslekta\u015flar\u0131 ad\u0131na yapt\u0131\u011f\u0131 konu\u015fmada, &#8220;CMK \u00fccret tarifesinin, Avukatl\u0131k Asgari \u00dccret Tarifesi&#8217;ne e\u015fitlenmesi i\u00e7in \u00c7a\u011flayan Adliyesi \u00f6n\u00fcnde her g\u00fcn saat \u00fc\u00e7ten be\u015fe kadar n\u00f6bet tutuyoruz. Bizler burada eme\u011fimiz ve yurtta\u015f\u0131n savunulma hakk\u0131 i\u00e7in durmaktay\u0131z. Bug\u00fcn n\u00f6betimizin 30&#8217;uncu g\u00fcn\u00fc. Buradan, T\u00fcrkiye Barolar Birli\u011fi&#8217;ne (TBB) bir \u00e7a\u011fr\u0131m\u0131z bulunmaktad\u0131r. Adalet Bakanl\u0131\u011f\u0131 ve TBB aras\u0131nda yap\u0131lacak g\u00f6r\u00fc\u015fmelerde gen\u00e7 avukatlardan bir temsilci olmal\u0131d\u0131r. \u0130stanbul Barosu ve TBB&#8217;nin, T\u00fcrkiye&#8217;deki t\u00fcm barolar\u0131 bu eylemi sahiplenmesini ve b\u00fcy\u00fctmesini istiyoruz&#8221; dedi. (Fahrettin \u00d6zt\u00fcrk \/ Cumhuriyet) \u200b\u0130stanbul Barosu Gen\u00e7 Avukatlar Merkezi \u00fcyesi avukatlar\u0131n\u0131n, CMK \u00fccretlerinin, Avukatl\u0131k Asgari \u00dccret tarifesine e\u015fitlenmesi talebiyle ba\u015flatt\u0131\u011f\u0131 &#8216;CMK N\u00f6beti&#8217; bug\u00fcn 30&#8217;uncu g\u00fcn\u00fcnde.\u00a0Hukuki Haber\" \/>\n<meta property=\"og:url\" content=\"https:\/\/denizcankizil.tr\/uk\/hukukihaber\/cmk-nobetinden-tbbye-cagri-genc-avukatlardan-temsilci-olsun\/\" \/>\n<meta property=\"og:site_name\" content=\"Av. Deniz Can K\u0131z\u0131l\" \/>\n<meta property=\"article:published_time\" content=\"2024-11-07T14:23:00+00:00\" \/>\n<meta name=\"twitter:card\" content=\"summary_large_image\" \/>\n<meta name=\"twitter:label1\" content=\"\u041f\u0440\u0438\u0431\u043b. \u0447\u0430\u0441 \u0447\u0438\u0442\u0430\u043d\u043d\u044f\" \/>\n\t<meta name=\"twitter:data1\" content=\"1 \u0445\u0432\u0438\u043b\u0438\u043d\u0430\" \/>\n<script type=\"application\/ld+json\" class=\"yoast-schema-graph\">{\"@context\":\"https:\/\/schema.org\",\"@graph\":[{\"@type\":\"Article\",\"@id\":\"https:\/\/denizcankizil.tr\/uk\/hukukihaber\/cmk-nobetinden-tbbye-cagri-genc-avukatlardan-temsilci-olsun\/#article\",\"isPartOf\":{\"@id\":\"https:\/\/denizcankizil.tr\/uk\/hukukihaber\/cmk-nobetinden-tbbye-cagri-genc-avukatlardan-temsilci-olsun\/\"},\"author\":{\"name\":\"\",\"@id\":\"\"},\"headline\":\"&#8216;CMK N\u00f6beti&#8217;nden TBB&#8217;ye \u00e7a\u011fr\u0131: Gen\u00e7 avukatlardan temsilci olsun\",\"datePublished\":\"2024-11-07T14:23:00+00:00\",\"mainEntityOfPage\":{\"@id\":\"https:\/\/denizcankizil.tr\/uk\/hukukihaber\/cmk-nobetinden-tbbye-cagri-genc-avukatlardan-temsilci-olsun\/\"},\"wordCount\":269,\"commentCount\":0,\"publisher\":{\"@id\":\"https:\/\/denizcankizil.tr\/de\/#organization\"},\"articleSection\":[\"Hukuki Haberler\",\"Uncategorized\"],\"inLanguage\":\"uk\",\"potentialAction\":[{\"@type\":\"CommentAction\",\"name\":\"Comment\",\"target\":[\"https:\/\/denizcankizil.tr\/uk\/hukukihaber\/cmk-nobetinden-tbbye-cagri-genc-avukatlardan-temsilci-olsun\/#respond\"]}]},{\"@type\":\"WebPage\",\"@id\":\"https:\/\/denizcankizil.tr\/uk\/hukukihaber\/cmk-nobetinden-tbbye-cagri-genc-avukatlardan-temsilci-olsun\/\",\"url\":\"https:\/\/denizcankizil.tr\/uk\/hukukihaber\/cmk-nobetinden-tbbye-cagri-genc-avukatlardan-temsilci-olsun\/\",\"name\":\"'CMK N\u00f6beti'nden TBB'ye \u00e7a\u011fr\u0131: Gen\u00e7 avukatlardan temsilci olsun - Av. Deniz Can K\u0131z\u0131l\",\"isPartOf\":{\"@id\":\"https:\/\/denizcankizil.tr\/de\/#website\"},\"datePublished\":\"2024-11-07T14:23:00+00:00\",\"breadcrumb\":{\"@id\":\"https:\/\/denizcankizil.tr\/uk\/hukukihaber\/cmk-nobetinden-tbbye-cagri-genc-avukatlardan-temsilci-olsun\/#breadcrumb\"},\"inLanguage\":\"uk\",\"potentialAction\":[{\"@type\":\"ReadAction\",\"target\":[\"https:\/\/denizcankizil.tr\/uk\/hukukihaber\/cmk-nobetinden-tbbye-cagri-genc-avukatlardan-temsilci-olsun\/\"]}]},{\"@type\":\"BreadcrumbList\",\"@id\":\"https:\/\/denizcankizil.tr\/uk\/hukukihaber\/cmk-nobetinden-tbbye-cagri-genc-avukatlardan-temsilci-olsun\/#breadcrumb\",\"itemListElement\":[{\"@type\":\"ListItem\",\"position\":1,\"name\":\"Home\",\"item\":\"https:\/\/denizcankizil.tr\/de\/\"},{\"@type\":\"ListItem\",\"position\":2,\"name\":\"&#8216;CMK N\u00f6beti&#8217;nden TBB&#8217;ye \u00e7a\u011fr\u0131: Gen\u00e7 avukatlardan temsilci olsun\"}]},{\"@type\":\"WebSite\",\"@id\":\"https:\/\/denizcankizil.tr\/de\/#website\",\"url\":\"https:\/\/denizcankizil.tr\/de\/\",\"name\":\"Av. Deniz Can K\u0131z\u0131l\",\"description\":\"Avukat Deniz Can K\u0131z\u0131l Antalya Barosu\",\"publisher\":{\"@id\":\"https:\/\/denizcankizil.tr\/de\/#organization\"},\"potentialAction\":[{\"@type\":\"SearchAction\",\"target\":{\"@type\":\"EntryPoint\",\"urlTemplate\":\"https:\/\/denizcankizil.tr\/de\/?s={search_term_string}\"},\"query-input\":{\"@type\":\"PropertyValueSpecification\",\"valueRequired\":true,\"valueName\":\"search_term_string\"}}],\"inLanguage\":\"uk\"},{\"@type\":\"Organization\",\"@id\":\"https:\/\/denizcankizil.tr\/de\/#organization\",\"name\":\"Av. Deniz Can K\u0131z\u0131l\",\"url\":\"https:\/\/denizcankizil.tr\/de\/\",\"logo\":{\"@type\":\"ImageObject\",\"inLanguage\":\"uk\",\"@id\":\"https:\/\/denizcankizil.tr\/de\/#\/schema\/logo\/image\/\",\"url\":\"https:\/\/denizcankizil.tr\/wp-content\/uploads\/2024\/10\/siyah-logo-svg.svg\",\"contentUrl\":\"https:\/\/denizcankizil.tr\/wp-content\/uploads\/2024\/10\/siyah-logo-svg.svg\",\"width\":1080,\"height\":1080,\"caption\":\"Av. Deniz Can K\u0131z\u0131l\"},\"image\":{\"@id\":\"https:\/\/denizcankizil.tr\/de\/#\/schema\/logo\/image\/\"}}]}<\/script>\n<!-- \/ Yoast SEO Premium plugin. -->","yoast_head_json":{"title":"'CMK N\u00f6beti'nden TBB'ye \u00e7a\u011fr\u0131: Gen\u00e7 avukatlardan temsilci olsun - Av. Deniz Can K\u0131z\u0131l","robots":{"index":"index","follow":"follow","max-snippet":"max-snippet:-1","max-image-preview":"max-image-preview:large","max-video-preview":"max-video-preview:-1"},"canonical":"https:\/\/denizcankizil.tr\/uk\/hukukihaber\/cmk-nobetinden-tbbye-cagri-genc-avukatlardan-temsilci-olsun\/","og_locale":"uk_UA","og_type":"article","og_title":"'CMK N\u00f6beti'nden TBB'ye \u00e7a\u011fr\u0131: Gen\u00e7 avukatlardan temsilci olsun","og_description":"\u0130stanbul Barosu Gen\u00e7 Avukatlar Merkezi \u00fcyesi avukatlar, Ceza Muhakemesi Kanunu (CMK) gere\u011fince yap\u0131lan zorunlu m\u00fcdafilik g\u00f6revlendirmelerindeki \u00fccret tarifesinin, 2025 y\u0131l\u0131 i\u00e7in Avukatl\u0131k Asgari \u00dccret Tarifesi&#8217;ne (AA\u00dcT) e\u015fitlenmesi talebiyle 9 Ekim&#8217;de \u0130stanbul Adliyesi \u00f6n\u00fcnde &#8220;CMK N\u00f6beti&#8221; ba\u015flatt\u0131. Ba\u015flad\u0131\u011f\u0131 g\u00fcnden itibaren her g\u00fcn saat 15.00&#8217;ten 17.00&#8217;e kadar iki saat n\u00f6bet tutan avukatlar, n\u00f6betin 30&#8217;uncu g\u00fcn\u00fcnde de adliye \u00f6n\u00fcnde, &#8220;CMK \u00fccret tarifesi AA\u00dcT&#8217;ye e\u015fitlensin&#8221; yaz\u0131l\u0131 pankart a\u00e7t\u0131. TBB&#8217;YE \u00c7A\u011eRI: BAKANLIK G\u00d6R\u00dc\u015eMES\u0130NDE GEN\u00c7 AVUKATLARDAN TEMS\u0130LC\u0130 OLMALI Gen\u00e7 Avukatlar Merkezi \u00fcyesi avukat Kerim B\u00fct\u00fcn, meslekta\u015flar\u0131 ad\u0131na yapt\u0131\u011f\u0131 konu\u015fmada, &#8220;CMK \u00fccret tarifesinin, Avukatl\u0131k Asgari \u00dccret Tarifesi&#8217;ne e\u015fitlenmesi i\u00e7in \u00c7a\u011flayan Adliyesi \u00f6n\u00fcnde her g\u00fcn saat \u00fc\u00e7ten be\u015fe kadar n\u00f6bet tutuyoruz. Bizler burada eme\u011fimiz ve yurtta\u015f\u0131n savunulma hakk\u0131 i\u00e7in durmaktay\u0131z. Bug\u00fcn n\u00f6betimizin 30&#8217;uncu g\u00fcn\u00fc. Buradan, T\u00fcrkiye Barolar Birli\u011fi&#8217;ne (TBB) bir \u00e7a\u011fr\u0131m\u0131z bulunmaktad\u0131r. Adalet Bakanl\u0131\u011f\u0131 ve TBB aras\u0131nda yap\u0131lacak g\u00f6r\u00fc\u015fmelerde gen\u00e7 avukatlardan bir temsilci olmal\u0131d\u0131r. \u0130stanbul Barosu ve TBB&#8217;nin, T\u00fcrkiye&#8217;deki t\u00fcm barolar\u0131 bu eylemi sahiplenmesini ve b\u00fcy\u00fctmesini istiyoruz&#8221; dedi. (Fahrettin \u00d6zt\u00fcrk \/ Cumhuriyet) \u200b\u0130stanbul Barosu Gen\u00e7 Avukatlar Merkezi \u00fcyesi avukatlar\u0131n\u0131n, CMK \u00fccretlerinin, Avukatl\u0131k Asgari \u00dccret tarifesine e\u015fitlenmesi talebiyle ba\u015flatt\u0131\u011f\u0131 &#8216;CMK N\u00f6beti&#8217; bug\u00fcn 30&#8217;uncu g\u00fcn\u00fcnde.\u00a0Hukuki Haber","og_url":"https:\/\/denizcankizil.tr\/uk\/hukukihaber\/cmk-nobetinden-tbbye-cagri-genc-avukatlardan-temsilci-olsun\/","og_site_name":"Av. Deniz Can K\u0131z\u0131l","article_published_time":"2024-11-07T14:23:00+00:00","twitter_card":"summary_large_image","twitter_misc":{"\u041f\u0440\u0438\u0431\u043b. \u0447\u0430\u0441 \u0447\u0438\u0442\u0430\u043d\u043d\u044f":"1 \u0445\u0432\u0438\u043b\u0438\u043d\u0430"},"schema":{"@context":"https:\/\/schema.org","@graph":[{"@type":"Article","@id":"https:\/\/denizcankizil.tr\/uk\/hukukihaber\/cmk-nobetinden-tbbye-cagri-genc-avukatlardan-temsilci-olsun\/#article","isPartOf":{"@id":"https:\/\/denizcankizil.tr\/uk\/hukukihaber\/cmk-nobetinden-tbbye-cagri-genc-avukatlardan-temsilci-olsun\/"},"author":{"name":"","@id":""},"headline":"&#8216;CMK N\u00f6beti&#8217;nden TBB&#8217;ye \u00e7a\u011fr\u0131: Gen\u00e7 avukatlardan temsilci olsun","datePublished":"2024-11-07T14:23:00+00:00","mainEntityOfPage":{"@id":"https:\/\/denizcankizil.tr\/uk\/hukukihaber\/cmk-nobetinden-tbbye-cagri-genc-avukatlardan-temsilci-olsun\/"},"wordCount":269,"commentCount":0,"publisher":{"@id":"https:\/\/denizcankizil.tr\/de\/#organization"},"articleSection":["Hukuki Haberler","Uncategorized"],"inLanguage":"uk","potentialAction":[{"@type":"CommentAction","name":"Comment","target":["https:\/\/denizcankizil.tr\/uk\/hukukihaber\/cmk-nobetinden-tbbye-cagri-genc-avukatlardan-temsilci-olsun\/#respond"]}]},{"@type":"WebPage","@id":"https:\/\/denizcankizil.tr\/uk\/hukukihaber\/cmk-nobetinden-tbbye-cagri-genc-avukatlardan-temsilci-olsun\/","url":"https:\/\/denizcankizil.tr\/uk\/hukukihaber\/cmk-nobetinden-tbbye-cagri-genc-avukatlardan-temsilci-olsun\/","name":"'CMK N\u00f6beti'nden TBB'ye \u00e7a\u011fr\u0131: Gen\u00e7 avukatlardan temsilci olsun - Av. Deniz Can K\u0131z\u0131l","isPartOf":{"@id":"https:\/\/denizcankizil.tr\/de\/#website"},"datePublished":"2024-11-07T14:23:00+00:00","breadcrumb":{"@id":"https:\/\/denizcankizil.tr\/uk\/hukukihaber\/cmk-nobetinden-tbbye-cagri-genc-avukatlardan-temsilci-olsun\/#breadcrumb"},"inLanguage":"uk","potentialAction":[{"@type":"ReadAction","target":["https:\/\/denizcankizil.tr\/uk\/hukukihaber\/cmk-nobetinden-tbbye-cagri-genc-avukatlardan-temsilci-olsun\/"]}]},{"@type":"BreadcrumbList","@id":"https:\/\/denizcankizil.tr\/uk\/hukukihaber\/cmk-nobetinden-tbbye-cagri-genc-avukatlardan-temsilci-olsun\/#breadcrumb","itemListElement":[{"@type":"ListItem","position":1,"name":"Home","item":"https:\/\/denizcankizil.tr\/de\/"},{"@type":"ListItem","position":2,"name":"&#8216;CMK N\u00f6beti&#8217;nden TBB&#8217;ye \u00e7a\u011fr\u0131: Gen\u00e7 avukatlardan temsilci olsun"}]},{"@type":"WebSite","@id":"https:\/\/denizcankizil.tr\/de\/#website","url":"https:\/\/denizcankizil.tr\/de\/","name":"Av. Deniz Can K\u0131z\u0131l","description":"Avukat Deniz Can K\u0131z\u0131l Antalya Barosu","publisher":{"@id":"https:\/\/denizcankizil.tr\/de\/#organization"},"potentialAction":[{"@type":"SearchAction","target":{"@type":"EntryPoint","urlTemplate":"https:\/\/denizcankizil.tr\/de\/?s={search_term_string}"},"query-input":{"@type":"PropertyValueSpecification","valueRequired":true,"valueName":"search_term_string"}}],"inLanguage":"uk"},{"@type":"Organization","@id":"https:\/\/denizcankizil.tr\/de\/#organization","name":"Av. Deniz Can K\u0131z\u0131l","url":"https:\/\/denizcankizil.tr\/de\/","logo":{"@type":"ImageObject","inLanguage":"uk","@id":"https:\/\/denizcankizil.tr\/de\/#\/schema\/logo\/image\/","url":"https:\/\/denizcankizil.tr\/wp-content\/uploads\/2024\/10\/siyah-logo-svg.svg","contentUrl":"https:\/\/denizcankizil.tr\/wp-content\/uploads\/2024\/10\/siyah-logo-svg.svg","width":1080,"height":1080,"caption":"Av. Deniz Can K\u0131z\u0131l"},"image":{"@id":"https:\/\/denizcankizil.tr\/de\/#\/schema\/logo\/image\/"}}]}},"_links":{"self":[{"href":"https:\/\/denizcankizil.tr\/uk\/wp-json\/wp\/v2\/posts\/14012","targetHints":{"allow":["GET"]}}],"collection":[{"href":"https:\/\/denizcankizil.tr\/uk\/wp-json\/wp\/v2\/posts"}],"about":[{"href":"https:\/\/denizcankizil.tr\/uk\/wp-json\/wp\/v2\/types\/post"}],"replies":[{"embeddable":true,"href":"https:\/\/denizcankizil.tr\/uk\/wp-json\/wp\/v2\/comments?post=14012"}],"version-history":[{"count":0,"href":"https:\/\/denizcankizil.tr\/uk\/wp-json\/wp\/v2\/posts\/14012\/revisions"}],"wp:attachment":[{"href":"https:\/\/denizcankizil.tr\/uk\/wp-json\/wp\/v2\/media?parent=14012"}],"wp:term":[{"taxonomy":"category","embeddable":true,"href":"https:\/\/denizcankizil.tr\/uk\/wp-json\/wp\/v2\/categories?post=14012"},{"taxonomy":"post_tag","embeddable":true,"href":"https:\/\/denizcankizil.tr\/uk\/wp-json\/wp\/v2\/tags?post=14012"}],"curies":[{"name":"wp","href":"https:\/\/api.w.org\/{rel}","templated":true}]}}