{"id":139011,"date":"2025-07-07T18:41:19","date_gmt":"2025-07-07T15:41:19","guid":{"rendered":"https:\/\/denizcankizil.tr\/uncategorized-tr\/muhittin-bocekin-yerine-vekalet-edecek-isim-belli-oldu\/"},"modified":"2025-07-07T18:41:19","modified_gmt":"2025-07-07T15:41:19","slug":"muhittin-bocekin-yerine-vekalet-edecek-isim-belli-oldu","status":"publish","type":"post","link":"https:\/\/denizcankizil.tr\/uk\/haberler\/gundem\/muhittin-bocekin-yerine-vekalet-edecek-isim-belli-oldu\/","title":{"rendered":"Muhittin B\u00f6cek\u2019in yerine vek\u00e2let edecek isim belli oldu"},"content":{"rendered":"<p>Antalya Cumhuriyet Ba\u015fsavc\u0131l\u0131\u011f\u0131 taraf\u0131ndan ba\u015flat\u0131lan &#8220;r\u00fc\u015fvet&#8221; soru\u015fturmas\u0131 kapsam\u0131nda tutuklanan Antalya B\u00fcy\u00fck\u015fehir Belediye Ba\u015fkan\u0131 Muhittin B\u00f6cek\u2019in yerine, ge\u00e7ici olarak ba\u015fkanl\u0131k g\u00f6revini y\u00fcr\u00fctecek isim belli oldu. Ba\u015fkan B\u00f6cek\u2019in yerine vek\u00e2let edecek isim Antalya B\u00fcy\u00fck\u015fehir ve Konyaalt\u0131 Belediye Meclis \u00dcyesi Hasan Akkoyun olacak.<\/p>\n<p>TEKRARDAN BA\u015eKANVEK\u0130L\u0130 SE\u00c7\u0130LECEK<\/p>\n<p>Yasal s\u00fcre\u00e7 kapsam\u0131nda ilk etapta ba\u015fkanl\u0131k g\u00f6revine meclis taraf\u0131ndan bir se\u00e7im yap\u0131lmayacak. B\u00f6cek\u2019in tutukluluk karar\u0131na y\u00f6nelik itiraz s\u00fcreci tamamlanana kadar Akkoyun vekaleten g\u00f6revde bulunacak. Mahkemenin tutuklulu\u011fa devam y\u00f6n\u00fcnde karar vermesi ve itirazlar\u0131n reddedilmesi halinde ise Antalya B\u00fcy\u00fck\u015fehir Belediye Meclisi toplanarak yeni bir ba\u015fkanvekili se\u00e7ecek.<\/p>\n<p>HASAN AKKOYUN K\u0130MD\u0130R?<\/p>\n<p>Hasan Akkoyun \u0130stanbul do\u011fumludur. \u0130lk, orta ve \u00fcniversite e\u011fitimini Antalya\u2019da tamamlam\u0131\u015ft\u0131r. Babas\u0131 emekli polis memuru, annesi emekli hem\u015firedir. Akdeniz \u00dcniversitesi Spor Bilimleri Fak\u00fcltesi mezunudur. Askerlik hizmetini Batman \u0130l Jandarma Komutanl\u0131\u011f\u0131\u2019nda \u00dcst\u00fcn Hizmet Belgesi ile tamamlam\u0131\u015ft\u0131r. CHP Konyaalt\u0131 \u0130l\u00e7e Gen\u00e7lik Kollar\u0131 Ba\u015fkanl\u0131\u011f\u0131 ve CHP Antalya \u0130l Gen\u00e7lik Kollar\u0131 Y\u00f6netim Kurulu \u00fcyeli\u011fi g\u00f6revlerinde bulunmu\u015ftur. 2019 y\u0131l\u0131nda yap\u0131lan parti i\u00e7i \u00f6n se\u00e7imde ikinci olarak Konyaalt\u0131 Belediye Meclis \u00dcyesi, 2024 y\u0131l\u0131nda yine \u00f6n se\u00e7imde ikinci olarak Antalya B\u00fcy\u00fck\u015fehir ve Konyaalt\u0131 Belediye Meclis \u00dcyesi se\u00e7ilmi\u015ftir. Galatasaray Spor Kul\u00fcb\u00fc kongre \u00fcyesidir. Antalya B\u00fcy\u00fck\u015fehir Belediyesi Tekerlekli Sandalye Basketbol Tak\u0131m\u0131\u2019n\u0131n ba\u015fantren\u00f6rl\u00fc\u011f\u00fcn\u00fc yapm\u0131\u015f, tak\u0131m\u0131yla T\u00fcrkiye 1. Ligi \u015fampiyonlu\u011fu ya\u015fam\u0131\u015ft\u0131r. Lisans bitirme tezi uluslararas\u0131 hakemli bir dergide yay\u0131mlanm\u0131\u015ft\u0131r. \u00c7ocuklara y\u00f6nelik kurdu\u011fu spor okulunun halen kurucu m\u00fcd\u00fcrl\u00fc\u011f\u00fcn\u00fc y\u00fcr\u00fctmektedir. Spora katk\u0131lar\u0131 ve sosyal sorumluluk projeleriyle Avrupa Birli\u011fi Y\u00fcksek Kalite \u00d6d\u00fcl\u00fc\u2019ne lay\u0131k g\u00f6r\u00fclm\u00fc\u015ft\u00fcr. Ayr\u0131ca turizm ve g\u0131da sekt\u00f6rlerinde i\u015fletme sahibidir. \u0130ngilizce bilmektedir.<\/p>\n<p>\u200bHakk\u0131nda \u00e7\u0131kan r\u00fc\u015fvet ve yolsuzluk iddialar\u0131ndan \u00f6t\u00fcr\u00fc tutuklanan Antalya B\u00fcy\u00fck\u015fehir Belediye Ba\u015fkan\u0131 Muhittin B\u00f6cek\u2019in, yerine ge\u00e7ici olarak vek\u00e2let edecek isim belli oldu. Ba\u015fkan B\u00f6cek yokken belediye ba\u015fkanl\u0131\u011f\u0131 g\u00f6revini Meclis \u00dcyesi Hasan Akkoyun \u00fcstlenecek.\u00a0<\/p>\n<p>\u200bHaberin Al\u0131nt\u0131land\u0131\u011f\u0131 Kaynak: www.antalyakorfez.com<\/p>","protected":false},"excerpt":{"rendered":"<p>Antalya Cumhuriyet Ba\u015fsavc\u0131l\u0131\u011f\u0131 taraf\u0131ndan ba\u015flat\u0131lan &#8220;r\u00fc\u015fvet&#8221; soru\u015fturmas\u0131 kapsam\u0131nda tutuklanan Antalya B\u00fcy\u00fck\u015fehir Belediye Ba\u015fkan\u0131 Muhittin B\u00f6cek\u2019in yerine, ge\u00e7ici olarak ba\u015fkanl\u0131k g\u00f6revini y\u00fcr\u00fctecek isim belli oldu. Ba\u015fkan B\u00f6cek\u2019in yerine vek\u00e2let edecek isim Antalya B\u00fcy\u00fck\u015fehir ve Konyaalt\u0131 Belediye Meclis \u00dcyesi Hasan Akkoyun olacak. TEKRARDAN BA\u015eKANVEK\u0130L\u0130 SE\u00c7\u0130LECEK Yasal s\u00fcre\u00e7 kapsam\u0131nda ilk etapta ba\u015fkanl\u0131k g\u00f6revine meclis taraf\u0131ndan bir se\u00e7im yap\u0131lmayacak. B\u00f6cek\u2019in tutukluluk karar\u0131na y\u00f6nelik itiraz s\u00fcreci tamamlanana kadar Akkoyun vekaleten g\u00f6revde bulunacak. Mahkemenin tutuklulu\u011fa devam y\u00f6n\u00fcnde karar vermesi ve itirazlar\u0131n reddedilmesi halinde ise Antalya B\u00fcy\u00fck\u015fehir Belediye Meclisi toplanarak yeni bir ba\u015fkanvekili se\u00e7ecek. HASAN AKKOYUN K\u0130MD\u0130R? Hasan Akkoyun \u0130stanbul do\u011fumludur. \u0130lk, orta ve \u00fcniversite e\u011fitimini Antalya\u2019da tamamlam\u0131\u015ft\u0131r. Babas\u0131 emekli polis memuru, annesi emekli hem\u015firedir. Akdeniz \u00dcniversitesi Spor Bilimleri Fak\u00fcltesi mezunudur. Askerlik hizmetini Batman \u0130l Jandarma Komutanl\u0131\u011f\u0131\u2019nda \u00dcst\u00fcn Hizmet Belgesi ile tamamlam\u0131\u015ft\u0131r. CHP Konyaalt\u0131 \u0130l\u00e7e Gen\u00e7lik Kollar\u0131 Ba\u015fkanl\u0131\u011f\u0131 ve CHP Antalya \u0130l Gen\u00e7lik Kollar\u0131 Y\u00f6netim Kurulu \u00fcyeli\u011fi g\u00f6revlerinde bulunmu\u015ftur. 2019 y\u0131l\u0131nda yap\u0131lan parti i\u00e7i \u00f6n se\u00e7imde ikinci olarak Konyaalt\u0131 Belediye Meclis \u00dcyesi, 2024 y\u0131l\u0131nda yine \u00f6n se\u00e7imde ikinci olarak Antalya B\u00fcy\u00fck\u015fehir ve Konyaalt\u0131 Belediye Meclis \u00dcyesi se\u00e7ilmi\u015ftir. Galatasaray Spor Kul\u00fcb\u00fc kongre \u00fcyesidir. Antalya B\u00fcy\u00fck\u015fehir Belediyesi Tekerlekli Sandalye Basketbol Tak\u0131m\u0131\u2019n\u0131n ba\u015fantren\u00f6rl\u00fc\u011f\u00fcn\u00fc yapm\u0131\u015f, tak\u0131m\u0131yla T\u00fcrkiye 1. Ligi \u015fampiyonlu\u011fu ya\u015fam\u0131\u015ft\u0131r. Lisans bitirme tezi uluslararas\u0131 hakemli bir dergide yay\u0131mlanm\u0131\u015ft\u0131r. \u00c7ocuklara y\u00f6nelik &hellip;<\/p>","protected":false},"author":5,"featured_media":0,"comment_status":"","ping_status":"open","sticky":false,"template":"","format":"standard","meta":{"_acf_changed":false,"footnotes":""},"categories":[24],"tags":[],"class_list":["post-139011","post","type-post","status-publish","format-standard","has-post-thumbnail","hentry","category-gundem"],"acf":[],"yoast_head":"<!-- This site is optimized with the Yoast SEO Premium plugin v26.6 (Yoast SEO v27.1.1) - https:\/\/yoast.com\/product\/yoast-seo-premium-wordpress\/ -->\n<title>Muhittin B\u00f6cek\u2019in yerine vek\u00e2let edecek isim belli oldu - Av. Deniz Can K\u0131z\u0131l<\/title>\n<meta name=\"robots\" content=\"index, follow, max-snippet:-1, max-image-preview:large, max-video-preview:-1\" \/>\n<link rel=\"canonical\" href=\"https:\/\/denizcankizil.tr\/uk\/haberler\/gundem\/muhittin-bocekin-yerine-vekalet-edecek-isim-belli-oldu\/\" \/>\n<meta property=\"og:locale\" content=\"uk_UA\" \/>\n<meta property=\"og:type\" content=\"article\" \/>\n<meta property=\"og:title\" content=\"Muhittin B\u00f6cek\u2019in yerine vek\u00e2let edecek isim belli oldu\" \/>\n<meta property=\"og:description\" content=\"Antalya Cumhuriyet Ba\u015fsavc\u0131l\u0131\u011f\u0131 taraf\u0131ndan ba\u015flat\u0131lan &#8220;r\u00fc\u015fvet&#8221; soru\u015fturmas\u0131 kapsam\u0131nda tutuklanan Antalya B\u00fcy\u00fck\u015fehir Belediye Ba\u015fkan\u0131 Muhittin B\u00f6cek\u2019in yerine, ge\u00e7ici olarak ba\u015fkanl\u0131k g\u00f6revini y\u00fcr\u00fctecek isim belli oldu. Ba\u015fkan B\u00f6cek\u2019in yerine vek\u00e2let edecek isim Antalya B\u00fcy\u00fck\u015fehir ve Konyaalt\u0131 Belediye Meclis \u00dcyesi Hasan Akkoyun olacak. TEKRARDAN BA\u015eKANVEK\u0130L\u0130 SE\u00c7\u0130LECEK Yasal s\u00fcre\u00e7 kapsam\u0131nda ilk etapta ba\u015fkanl\u0131k g\u00f6revine meclis taraf\u0131ndan bir se\u00e7im yap\u0131lmayacak. B\u00f6cek\u2019in tutukluluk karar\u0131na y\u00f6nelik itiraz s\u00fcreci tamamlanana kadar Akkoyun vekaleten g\u00f6revde bulunacak. Mahkemenin tutuklulu\u011fa devam y\u00f6n\u00fcnde karar vermesi ve itirazlar\u0131n reddedilmesi halinde ise Antalya B\u00fcy\u00fck\u015fehir Belediye Meclisi toplanarak yeni bir ba\u015fkanvekili se\u00e7ecek. HASAN AKKOYUN K\u0130MD\u0130R? Hasan Akkoyun \u0130stanbul do\u011fumludur. \u0130lk, orta ve \u00fcniversite e\u011fitimini Antalya\u2019da tamamlam\u0131\u015ft\u0131r. Babas\u0131 emekli polis memuru, annesi emekli hem\u015firedir. Akdeniz \u00dcniversitesi Spor Bilimleri Fak\u00fcltesi mezunudur. Askerlik hizmetini Batman \u0130l Jandarma Komutanl\u0131\u011f\u0131\u2019nda \u00dcst\u00fcn Hizmet Belgesi ile tamamlam\u0131\u015ft\u0131r. CHP Konyaalt\u0131 \u0130l\u00e7e Gen\u00e7lik Kollar\u0131 Ba\u015fkanl\u0131\u011f\u0131 ve CHP Antalya \u0130l Gen\u00e7lik Kollar\u0131 Y\u00f6netim Kurulu \u00fcyeli\u011fi g\u00f6revlerinde bulunmu\u015ftur. 2019 y\u0131l\u0131nda yap\u0131lan parti i\u00e7i \u00f6n se\u00e7imde ikinci olarak Konyaalt\u0131 Belediye Meclis \u00dcyesi, 2024 y\u0131l\u0131nda yine \u00f6n se\u00e7imde ikinci olarak Antalya B\u00fcy\u00fck\u015fehir ve Konyaalt\u0131 Belediye Meclis \u00dcyesi se\u00e7ilmi\u015ftir. Galatasaray Spor Kul\u00fcb\u00fc kongre \u00fcyesidir. Antalya B\u00fcy\u00fck\u015fehir Belediyesi Tekerlekli Sandalye Basketbol Tak\u0131m\u0131\u2019n\u0131n ba\u015fantren\u00f6rl\u00fc\u011f\u00fcn\u00fc yapm\u0131\u015f, tak\u0131m\u0131yla T\u00fcrkiye 1. Ligi \u015fampiyonlu\u011fu ya\u015fam\u0131\u015ft\u0131r. Lisans bitirme tezi uluslararas\u0131 hakemli bir dergide yay\u0131mlanm\u0131\u015ft\u0131r. \u00c7ocuklara y\u00f6nelik &hellip;\" \/>\n<meta property=\"og:url\" content=\"https:\/\/denizcankizil.tr\/uk\/haberler\/gundem\/muhittin-bocekin-yerine-vekalet-edecek-isim-belli-oldu\/\" \/>\n<meta property=\"og:site_name\" content=\"Av. Deniz Can K\u0131z\u0131l\" \/>\n<meta property=\"article:published_time\" content=\"2025-07-07T15:41:19+00:00\" \/>\n<meta name=\"author\" content=\"Antalya K\u00f6rfez\" \/>\n<meta name=\"twitter:card\" content=\"summary_large_image\" \/>\n<meta name=\"twitter:label1\" content=\"\u041d\u0430\u043f\u0438\u0441\u0430\u043d\u043e\" \/>\n\t<meta name=\"twitter:data1\" content=\"Antalya K\u00f6rfez\" \/>\n\t<meta name=\"twitter:label2\" content=\"\u041f\u0440\u0438\u0431\u043b. \u0447\u0430\u0441 \u0447\u0438\u0442\u0430\u043d\u043d\u044f\" \/>\n\t<meta name=\"twitter:data2\" content=\"2 \u0445\u0432\u0438\u043b\u0438\u043d\u0438\" \/>\n<script type=\"application\/ld+json\" class=\"yoast-schema-graph\">{\"@context\":\"https:\/\/schema.org\",\"@graph\":[{\"@type\":\"Article\",\"@id\":\"https:\/\/denizcankizil.tr\/uk\/haberler\/gundem\/muhittin-bocekin-yerine-vekalet-edecek-isim-belli-oldu\/#article\",\"isPartOf\":{\"@id\":\"https:\/\/denizcankizil.tr\/uk\/haberler\/gundem\/muhittin-bocekin-yerine-vekalet-edecek-isim-belli-oldu\/\"},\"author\":{\"name\":\"Antalya K\u00f6rfez\",\"@id\":\"https:\/\/denizcankizil.tr\/de\/#\/schema\/person\/e1eb71bb4dd684d46563f0af307e1234\"},\"headline\":\"Muhittin B\u00f6cek\u2019in yerine vek\u00e2let edecek isim belli oldu\",\"datePublished\":\"2025-07-07T15:41:19+00:00\",\"mainEntityOfPage\":{\"@id\":\"https:\/\/denizcankizil.tr\/uk\/haberler\/gundem\/muhittin-bocekin-yerine-vekalet-edecek-isim-belli-oldu\/\"},\"wordCount\":422,\"publisher\":{\"@id\":\"https:\/\/denizcankizil.tr\/de\/#organization\"},\"articleSection\":[\"G\u00fcndem\"],\"inLanguage\":\"uk\"},{\"@type\":\"WebPage\",\"@id\":\"https:\/\/denizcankizil.tr\/uk\/haberler\/gundem\/muhittin-bocekin-yerine-vekalet-edecek-isim-belli-oldu\/\",\"url\":\"https:\/\/denizcankizil.tr\/uk\/haberler\/gundem\/muhittin-bocekin-yerine-vekalet-edecek-isim-belli-oldu\/\",\"name\":\"Muhittin B\u00f6cek\u2019in yerine vek\u00e2let edecek isim belli oldu - Av. Deniz Can K\u0131z\u0131l\",\"isPartOf\":{\"@id\":\"https:\/\/denizcankizil.tr\/de\/#website\"},\"datePublished\":\"2025-07-07T15:41:19+00:00\",\"breadcrumb\":{\"@id\":\"https:\/\/denizcankizil.tr\/uk\/haberler\/gundem\/muhittin-bocekin-yerine-vekalet-edecek-isim-belli-oldu\/#breadcrumb\"},\"inLanguage\":\"uk\",\"potentialAction\":[{\"@type\":\"ReadAction\",\"target\":[\"https:\/\/denizcankizil.tr\/uk\/haberler\/gundem\/muhittin-bocekin-yerine-vekalet-edecek-isim-belli-oldu\/\"]}]},{\"@type\":\"BreadcrumbList\",\"@id\":\"https:\/\/denizcankizil.tr\/uk\/haberler\/gundem\/muhittin-bocekin-yerine-vekalet-edecek-isim-belli-oldu\/#breadcrumb\",\"itemListElement\":[{\"@type\":\"ListItem\",\"position\":1,\"name\":\"Home\",\"item\":\"https:\/\/denizcankizil.tr\/de\/\"},{\"@type\":\"ListItem\",\"position\":2,\"name\":\"Muhittin B\u00f6cek\u2019in yerine vek\u00e2let edecek isim belli oldu\"}]},{\"@type\":\"WebSite\",\"@id\":\"https:\/\/denizcankizil.tr\/de\/#website\",\"url\":\"https:\/\/denizcankizil.tr\/de\/\",\"name\":\"Av. Deniz Can K\u0131z\u0131l\",\"description\":\"Avukat Deniz Can K\u0131z\u0131l Antalya Barosu\",\"publisher\":{\"@id\":\"https:\/\/denizcankizil.tr\/de\/#organization\"},\"potentialAction\":[{\"@type\":\"SearchAction\",\"target\":{\"@type\":\"EntryPoint\",\"urlTemplate\":\"https:\/\/denizcankizil.tr\/de\/?s={search_term_string}\"},\"query-input\":{\"@type\":\"PropertyValueSpecification\",\"valueRequired\":true,\"valueName\":\"search_term_string\"}}],\"inLanguage\":\"uk\"},{\"@type\":\"Organization\",\"@id\":\"https:\/\/denizcankizil.tr\/de\/#organization\",\"name\":\"Av. Deniz Can K\u0131z\u0131l\",\"url\":\"https:\/\/denizcankizil.tr\/de\/\",\"logo\":{\"@type\":\"ImageObject\",\"inLanguage\":\"uk\",\"@id\":\"https:\/\/denizcankizil.tr\/de\/#\/schema\/logo\/image\/\",\"url\":\"https:\/\/denizcankizil.tr\/wp-content\/uploads\/2024\/10\/siyah-logo-svg.svg\",\"contentUrl\":\"https:\/\/denizcankizil.tr\/wp-content\/uploads\/2024\/10\/siyah-logo-svg.svg\",\"width\":1080,\"height\":1080,\"caption\":\"Av. Deniz Can K\u0131z\u0131l\"},\"image\":{\"@id\":\"https:\/\/denizcankizil.tr\/de\/#\/schema\/logo\/image\/\"}},{\"@type\":\"Person\",\"@id\":\"https:\/\/denizcankizil.tr\/de\/#\/schema\/person\/e1eb71bb4dd684d46563f0af307e1234\",\"name\":\"Antalya K\u00f6rfez\",\"image\":{\"@type\":\"ImageObject\",\"inLanguage\":\"uk\",\"@id\":\"https:\/\/denizcankizil.tr\/de\/#\/schema\/person\/image\/\",\"url\":\"https:\/\/secure.gravatar.com\/avatar\/42b01982558a48a0b501fdcab6a408d3717ea5919095ee2e67b0e521799c5905?s=96&d=mm&r=g\",\"contentUrl\":\"https:\/\/secure.gravatar.com\/avatar\/42b01982558a48a0b501fdcab6a408d3717ea5919095ee2e67b0e521799c5905?s=96&d=mm&r=g\",\"caption\":\"Antalya K\u00f6rfez\"},\"sameAs\":[\"http:\/\/www.antalyakorfez.com\"],\"url\":\"https:\/\/www.antalyakorfez.com\/muhittin-bocekin-yerine-vekalet-edecek-isim-belli-oldu\"}]}<\/script>\n<!-- \/ Yoast SEO Premium plugin. -->","yoast_head_json":{"title":"Muhittin B\u00f6cek\u2019in yerine vek\u00e2let edecek isim belli oldu - Av. Deniz Can K\u0131z\u0131l","robots":{"index":"index","follow":"follow","max-snippet":"max-snippet:-1","max-image-preview":"max-image-preview:large","max-video-preview":"max-video-preview:-1"},"canonical":"https:\/\/denizcankizil.tr\/uk\/haberler\/gundem\/muhittin-bocekin-yerine-vekalet-edecek-isim-belli-oldu\/","og_locale":"uk_UA","og_type":"article","og_title":"Muhittin B\u00f6cek\u2019in yerine vek\u00e2let edecek isim belli oldu","og_description":"Antalya Cumhuriyet Ba\u015fsavc\u0131l\u0131\u011f\u0131 taraf\u0131ndan ba\u015flat\u0131lan &#8220;r\u00fc\u015fvet&#8221; soru\u015fturmas\u0131 kapsam\u0131nda tutuklanan Antalya B\u00fcy\u00fck\u015fehir Belediye Ba\u015fkan\u0131 Muhittin B\u00f6cek\u2019in yerine, ge\u00e7ici olarak ba\u015fkanl\u0131k g\u00f6revini y\u00fcr\u00fctecek isim belli oldu. Ba\u015fkan B\u00f6cek\u2019in yerine vek\u00e2let edecek isim Antalya B\u00fcy\u00fck\u015fehir ve Konyaalt\u0131 Belediye Meclis \u00dcyesi Hasan Akkoyun olacak. TEKRARDAN BA\u015eKANVEK\u0130L\u0130 SE\u00c7\u0130LECEK Yasal s\u00fcre\u00e7 kapsam\u0131nda ilk etapta ba\u015fkanl\u0131k g\u00f6revine meclis taraf\u0131ndan bir se\u00e7im yap\u0131lmayacak. B\u00f6cek\u2019in tutukluluk karar\u0131na y\u00f6nelik itiraz s\u00fcreci tamamlanana kadar Akkoyun vekaleten g\u00f6revde bulunacak. Mahkemenin tutuklulu\u011fa devam y\u00f6n\u00fcnde karar vermesi ve itirazlar\u0131n reddedilmesi halinde ise Antalya B\u00fcy\u00fck\u015fehir Belediye Meclisi toplanarak yeni bir ba\u015fkanvekili se\u00e7ecek. HASAN AKKOYUN K\u0130MD\u0130R? Hasan Akkoyun \u0130stanbul do\u011fumludur. \u0130lk, orta ve \u00fcniversite e\u011fitimini Antalya\u2019da tamamlam\u0131\u015ft\u0131r. Babas\u0131 emekli polis memuru, annesi emekli hem\u015firedir. Akdeniz \u00dcniversitesi Spor Bilimleri Fak\u00fcltesi mezunudur. Askerlik hizmetini Batman \u0130l Jandarma Komutanl\u0131\u011f\u0131\u2019nda \u00dcst\u00fcn Hizmet Belgesi ile tamamlam\u0131\u015ft\u0131r. CHP Konyaalt\u0131 \u0130l\u00e7e Gen\u00e7lik Kollar\u0131 Ba\u015fkanl\u0131\u011f\u0131 ve CHP Antalya \u0130l Gen\u00e7lik Kollar\u0131 Y\u00f6netim Kurulu \u00fcyeli\u011fi g\u00f6revlerinde bulunmu\u015ftur. 2019 y\u0131l\u0131nda yap\u0131lan parti i\u00e7i \u00f6n se\u00e7imde ikinci olarak Konyaalt\u0131 Belediye Meclis \u00dcyesi, 2024 y\u0131l\u0131nda yine \u00f6n se\u00e7imde ikinci olarak Antalya B\u00fcy\u00fck\u015fehir ve Konyaalt\u0131 Belediye Meclis \u00dcyesi se\u00e7ilmi\u015ftir. Galatasaray Spor Kul\u00fcb\u00fc kongre \u00fcyesidir. Antalya B\u00fcy\u00fck\u015fehir Belediyesi Tekerlekli Sandalye Basketbol Tak\u0131m\u0131\u2019n\u0131n ba\u015fantren\u00f6rl\u00fc\u011f\u00fcn\u00fc yapm\u0131\u015f, tak\u0131m\u0131yla T\u00fcrkiye 1. Ligi \u015fampiyonlu\u011fu ya\u015fam\u0131\u015ft\u0131r. Lisans bitirme tezi uluslararas\u0131 hakemli bir dergide yay\u0131mlanm\u0131\u015ft\u0131r. \u00c7ocuklara y\u00f6nelik &hellip;","og_url":"https:\/\/denizcankizil.tr\/uk\/haberler\/gundem\/muhittin-bocekin-yerine-vekalet-edecek-isim-belli-oldu\/","og_site_name":"Av. Deniz Can K\u0131z\u0131l","article_published_time":"2025-07-07T15:41:19+00:00","author":"Antalya K\u00f6rfez","twitter_card":"summary_large_image","twitter_misc":{"\u041d\u0430\u043f\u0438\u0441\u0430\u043d\u043e":"Antalya K\u00f6rfez","\u041f\u0440\u0438\u0431\u043b. \u0447\u0430\u0441 \u0447\u0438\u0442\u0430\u043d\u043d\u044f":"2 \u0445\u0432\u0438\u043b\u0438\u043d\u0438"},"schema":{"@context":"https:\/\/schema.org","@graph":[{"@type":"Article","@id":"https:\/\/denizcankizil.tr\/uk\/haberler\/gundem\/muhittin-bocekin-yerine-vekalet-edecek-isim-belli-oldu\/#article","isPartOf":{"@id":"https:\/\/denizcankizil.tr\/uk\/haberler\/gundem\/muhittin-bocekin-yerine-vekalet-edecek-isim-belli-oldu\/"},"author":{"name":"Antalya K\u00f6rfez","@id":"https:\/\/denizcankizil.tr\/de\/#\/schema\/person\/e1eb71bb4dd684d46563f0af307e1234"},"headline":"Muhittin B\u00f6cek\u2019in yerine vek\u00e2let edecek isim belli oldu","datePublished":"2025-07-07T15:41:19+00:00","mainEntityOfPage":{"@id":"https:\/\/denizcankizil.tr\/uk\/haberler\/gundem\/muhittin-bocekin-yerine-vekalet-edecek-isim-belli-oldu\/"},"wordCount":422,"publisher":{"@id":"https:\/\/denizcankizil.tr\/de\/#organization"},"articleSection":["G\u00fcndem"],"inLanguage":"uk"},{"@type":"WebPage","@id":"https:\/\/denizcankizil.tr\/uk\/haberler\/gundem\/muhittin-bocekin-yerine-vekalet-edecek-isim-belli-oldu\/","url":"https:\/\/denizcankizil.tr\/uk\/haberler\/gundem\/muhittin-bocekin-yerine-vekalet-edecek-isim-belli-oldu\/","name":"Muhittin B\u00f6cek\u2019in yerine vek\u00e2let edecek isim belli oldu - Av. Deniz Can K\u0131z\u0131l","isPartOf":{"@id":"https:\/\/denizcankizil.tr\/de\/#website"},"datePublished":"2025-07-07T15:41:19+00:00","breadcrumb":{"@id":"https:\/\/denizcankizil.tr\/uk\/haberler\/gundem\/muhittin-bocekin-yerine-vekalet-edecek-isim-belli-oldu\/#breadcrumb"},"inLanguage":"uk","potentialAction":[{"@type":"ReadAction","target":["https:\/\/denizcankizil.tr\/uk\/haberler\/gundem\/muhittin-bocekin-yerine-vekalet-edecek-isim-belli-oldu\/"]}]},{"@type":"BreadcrumbList","@id":"https:\/\/denizcankizil.tr\/uk\/haberler\/gundem\/muhittin-bocekin-yerine-vekalet-edecek-isim-belli-oldu\/#breadcrumb","itemListElement":[{"@type":"ListItem","position":1,"name":"Home","item":"https:\/\/denizcankizil.tr\/de\/"},{"@type":"ListItem","position":2,"name":"Muhittin B\u00f6cek\u2019in yerine vek\u00e2let edecek isim belli oldu"}]},{"@type":"WebSite","@id":"https:\/\/denizcankizil.tr\/de\/#website","url":"https:\/\/denizcankizil.tr\/de\/","name":"Av. Deniz Can K\u0131z\u0131l","description":"Avukat Deniz Can K\u0131z\u0131l Antalya Barosu","publisher":{"@id":"https:\/\/denizcankizil.tr\/de\/#organization"},"potentialAction":[{"@type":"SearchAction","target":{"@type":"EntryPoint","urlTemplate":"https:\/\/denizcankizil.tr\/de\/?s={search_term_string}"},"query-input":{"@type":"PropertyValueSpecification","valueRequired":true,"valueName":"search_term_string"}}],"inLanguage":"uk"},{"@type":"Organization","@id":"https:\/\/denizcankizil.tr\/de\/#organization","name":"Av. Deniz Can K\u0131z\u0131l","url":"https:\/\/denizcankizil.tr\/de\/","logo":{"@type":"ImageObject","inLanguage":"uk","@id":"https:\/\/denizcankizil.tr\/de\/#\/schema\/logo\/image\/","url":"https:\/\/denizcankizil.tr\/wp-content\/uploads\/2024\/10\/siyah-logo-svg.svg","contentUrl":"https:\/\/denizcankizil.tr\/wp-content\/uploads\/2024\/10\/siyah-logo-svg.svg","width":1080,"height":1080,"caption":"Av. Deniz Can K\u0131z\u0131l"},"image":{"@id":"https:\/\/denizcankizil.tr\/de\/#\/schema\/logo\/image\/"}},{"@type":"Person","@id":"https:\/\/denizcankizil.tr\/de\/#\/schema\/person\/e1eb71bb4dd684d46563f0af307e1234","name":"Antalya K\u00f6rfez","image":{"@type":"ImageObject","inLanguage":"uk","@id":"https:\/\/denizcankizil.tr\/de\/#\/schema\/person\/image\/","url":"https:\/\/secure.gravatar.com\/avatar\/42b01982558a48a0b501fdcab6a408d3717ea5919095ee2e67b0e521799c5905?s=96&d=mm&r=g","contentUrl":"https:\/\/secure.gravatar.com\/avatar\/42b01982558a48a0b501fdcab6a408d3717ea5919095ee2e67b0e521799c5905?s=96&d=mm&r=g","caption":"Antalya K\u00f6rfez"},"sameAs":["http:\/\/www.antalyakorfez.com"],"url":"https:\/\/www.antalyakorfez.com\/muhittin-bocekin-yerine-vekalet-edecek-isim-belli-oldu"}]}},"_links":{"self":[{"href":"https:\/\/denizcankizil.tr\/uk\/wp-json\/wp\/v2\/posts\/139011","targetHints":{"allow":["GET"]}}],"collection":[{"href":"https:\/\/denizcankizil.tr\/uk\/wp-json\/wp\/v2\/posts"}],"about":[{"href":"https:\/\/denizcankizil.tr\/uk\/wp-json\/wp\/v2\/types\/post"}],"author":[{"embeddable":true,"href":"https:\/\/denizcankizil.tr\/uk\/wp-json\/wp\/v2\/users\/5"}],"replies":[{"embeddable":true,"href":"https:\/\/denizcankizil.tr\/uk\/wp-json\/wp\/v2\/comments?post=139011"}],"version-history":[{"count":0,"href":"https:\/\/denizcankizil.tr\/uk\/wp-json\/wp\/v2\/posts\/139011\/revisions"}],"wp:attachment":[{"href":"https:\/\/denizcankizil.tr\/uk\/wp-json\/wp\/v2\/media?parent=139011"}],"wp:term":[{"taxonomy":"category","embeddable":true,"href":"https:\/\/denizcankizil.tr\/uk\/wp-json\/wp\/v2\/categories?post=139011"},{"taxonomy":"post_tag","embeddable":true,"href":"https:\/\/denizcankizil.tr\/uk\/wp-json\/wp\/v2\/tags?post=139011"}],"curies":[{"name":"wp","href":"https:\/\/api.w.org\/{rel}","templated":true}]}}