{"id":138792,"date":"2025-07-07T13:41:44","date_gmt":"2025-07-07T10:41:44","guid":{"rendered":"https:\/\/denizcankizil.tr\/uncategorized-tr\/antalyada-festivalde-ilginc-an-dron-sanatcinin-kafasina-carpti\/"},"modified":"2025-07-07T13:41:44","modified_gmt":"2025-07-07T10:41:44","slug":"antalyada-festivalde-ilginc-an-dron-sanatcinin-kafasina-carpti","status":"publish","type":"post","link":"https:\/\/denizcankizil.tr\/uk\/haberler\/antalya\/antalyada-festivalde-ilginc-an-dron-sanatcinin-kafasina-carpti\/","title":{"rendered":"Antalya\u2019da Festivalde \u0130lgin\u00e7 An: Dron Sanat\u00e7\u0131n\u0131n Kafas\u0131na \u00c7arpt\u0131"},"content":{"rendered":"<p>Antalya\u2019n\u0131n Kumluca il\u00e7esinde d\u00fczenlenen Uluslararas\u0131 Bays\u0131fest Ortak\u00f6y K\u00fclt\u00fcr ve Sanat G\u00fcnleri\u2019nin final konserinde ilgin\u00e7 bir olay ya\u015fand\u0131. TRT sanat\u00e7\u0131s\u0131 Nurcan Alt\u0131nok\u2019un konseri s\u0131ras\u0131nda u\u00e7urulan amat\u00f6r bir dron, sahneye yakla\u015ft\u0131\u011f\u0131 s\u0131rada sanat\u00e7\u0131n\u0131n sa\u00e7lar\u0131na \u00e7arpt\u0131. K\u0131sa s\u00fcreli pani\u011fe ra\u011fmen sanat\u00e7\u0131 konserine kald\u0131\u011f\u0131 yerden devam etti.<br \/>\nAntalya\u2019n\u0131n Kumluca il\u00e7esi Ortak\u00f6y Mahallesi\u2019nde bu y\u0131l \u00fc\u00e7\u00fcnc\u00fcs\u00fc d\u00fczenlenen Uluslararas\u0131 Bays\u0131fest Ortak\u00f6y K\u00fclt\u00fcr ve Sanat G\u00fcnleri, renkli g\u00f6r\u00fcnt\u00fclere sahne oldu. \u0130ki g\u00fcn s\u00fcren festival, geleneksel oyunlar, yar\u0131\u015fmalar ve konserlerle dolu bir programla ger\u00e7ekle\u015ftirildi. Ancak final ak\u015fam\u0131nda ya\u015fanan bir olay festivale damga vurdu.<\/p>\n<p>Ortak\u00f6y K\u00f6y Ya\u015fam Merkezi\u2019nde sahne alan TRT sanat\u00e7\u0131s\u0131 Nurcan Alt\u0131nok\u2019un konseri s\u0131ras\u0131nda, amat\u00f6r bir dron cihaz\u0131 u\u00e7u\u015f yaparken sanat\u00e7\u0131n\u0131n sa\u00e7lar\u0131na \u00e7arpt\u0131. K\u0131sa s\u00fcreli pani\u011fe neden olan olay sonras\u0131 Alt\u0131nok, &#8220;Kafam gitti&#8221; s\u00f6zleriyle ya\u015fad\u0131\u011f\u0131 \u015fa\u015fk\u0131nl\u0131\u011f\u0131 dile getirdi. Alt\u0131nok, yara almadan olay\u0131 atlat\u0131rken, &#8220;Onun ehliyetini al\u0131n&#8221; s\u00f6zleri ise izleyenleri g\u00fcld\u00fcrd\u00fc. Alt\u0131nok, ard\u0131ndan konserine kald\u0131\u011f\u0131 yerden devam etti.<br \/>\nFestivalin ilk g\u00fcn\u00fcnde mahalle halk\u0131 taraf\u0131ndan geleneksel oyunlar sahnelenirken, y\u00f6resel sanat\u00e7\u0131lar da izleyicilere keyifli anlar ya\u015fatt\u0131. \u0130kinci g\u00fcn ise yar\u0131\u015fmalar\u0131n finali yap\u0131ld\u0131. Dereceye giren kat\u0131l\u0131mc\u0131lara \u00f6d\u00fclleri il\u00e7e protokol\u00fc taraf\u0131ndan verildi. Organizasyona destek sa\u011flayan sponsorlara Ortak\u00f6y Mahalle Muhtar\u0131 Halime Kaya taraf\u0131ndan plaket takdim edildi.<br \/>\nFestivalin ikinci ak\u015fam program\u0131na Kumluca Kaymakam\u0131 Bahad\u0131r G\u00fcne\u015f, siyasi parti temsilcileri, kamu kurumlar\u0131n\u0131n y\u00f6neticileri, sivil toplum kurulu\u015flar\u0131 ve \u00e7ok say\u0131da mahalleli kat\u0131ld\u0131.<\/p>\n<p>Kaynak: www.kanalv.com.tr Haber Sitesinden Al\u0131nm\u0131\u015ft\u0131r.<\/p>","protected":false},"excerpt":{"rendered":"<p>Antalya\u2019n\u0131n Kumluca il\u00e7esinde d\u00fczenlenen Uluslararas\u0131 Bays\u0131fest Ortak\u00f6y K\u00fclt\u00fcr ve Sanat G\u00fcnleri\u2019nin final konserinde ilgin\u00e7 bir olay ya\u015fand\u0131. TRT sanat\u00e7\u0131s\u0131 Nurcan Alt\u0131nok\u2019un konseri s\u0131ras\u0131nda u\u00e7urulan amat\u00f6r bir dron, sahneye yakla\u015ft\u0131\u011f\u0131 s\u0131rada sanat\u00e7\u0131n\u0131n sa\u00e7lar\u0131na \u00e7arpt\u0131. K\u0131sa s\u00fcreli pani\u011fe ra\u011fmen sanat\u00e7\u0131 konserine kald\u0131\u011f\u0131 yerden devam etti. Antalya\u2019n\u0131n Kumluca il\u00e7esi Ortak\u00f6y Mahallesi\u2019nde bu y\u0131l \u00fc\u00e7\u00fcnc\u00fcs\u00fc d\u00fczenlenen Uluslararas\u0131 Bays\u0131fest Ortak\u00f6y K\u00fclt\u00fcr ve Sanat G\u00fcnleri, renkli g\u00f6r\u00fcnt\u00fclere sahne oldu. \u0130ki g\u00fcn s\u00fcren festival, geleneksel oyunlar, yar\u0131\u015fmalar ve konserlerle dolu bir programla ger\u00e7ekle\u015ftirildi. Ancak final ak\u015fam\u0131nda ya\u015fanan bir olay festivale damga vurdu. Ortak\u00f6y K\u00f6y Ya\u015fam Merkezi\u2019nde sahne alan TRT sanat\u00e7\u0131s\u0131 Nurcan Alt\u0131nok\u2019un konseri s\u0131ras\u0131nda, amat\u00f6r bir dron cihaz\u0131 u\u00e7u\u015f yaparken sanat\u00e7\u0131n\u0131n sa\u00e7lar\u0131na \u00e7arpt\u0131. K\u0131sa s\u00fcreli pani\u011fe neden olan olay sonras\u0131 Alt\u0131nok, &#8220;Kafam gitti&#8221; s\u00f6zleriyle ya\u015fad\u0131\u011f\u0131 \u015fa\u015fk\u0131nl\u0131\u011f\u0131 dile getirdi. Alt\u0131nok, yara almadan olay\u0131 atlat\u0131rken, &#8220;Onun ehliyetini al\u0131n&#8221; s\u00f6zleri ise izleyenleri g\u00fcld\u00fcrd\u00fc. Alt\u0131nok, ard\u0131ndan konserine kald\u0131\u011f\u0131 yerden devam etti. Festivalin ilk g\u00fcn\u00fcnde mahalle halk\u0131 taraf\u0131ndan geleneksel oyunlar sahnelenirken, y\u00f6resel sanat\u00e7\u0131lar da izleyicilere keyifli anlar ya\u015fatt\u0131. \u0130kinci g\u00fcn ise yar\u0131\u015fmalar\u0131n finali yap\u0131ld\u0131. Dereceye giren kat\u0131l\u0131mc\u0131lara \u00f6d\u00fclleri il\u00e7e protokol\u00fc taraf\u0131ndan verildi. Organizasyona destek sa\u011flayan sponsorlara Ortak\u00f6y Mahalle Muhtar\u0131 Halime Kaya taraf\u0131ndan plaket takdim edildi. Festivalin ikinci ak\u015fam program\u0131na Kumluca Kaymakam\u0131 Bahad\u0131r G\u00fcne\u015f, siyasi parti temsilcileri, kamu kurumlar\u0131n\u0131n y\u00f6neticileri, sivil toplum kurulu\u015flar\u0131 &hellip;<\/p>","protected":false},"author":4,"featured_media":0,"comment_status":"","ping_status":"open","sticky":false,"template":"","format":"standard","meta":{"_acf_changed":false,"footnotes":""},"categories":[26],"tags":[],"class_list":["post-138792","post","type-post","status-publish","format-standard","hentry","category-antalya"],"acf":[],"yoast_head":"<!-- This site is optimized with the Yoast SEO Premium plugin v26.6 (Yoast SEO v27.1.1) - https:\/\/yoast.com\/product\/yoast-seo-premium-wordpress\/ -->\n<title>Antalya\u2019da Festivalde \u0130lgin\u00e7 An: Dron Sanat\u00e7\u0131n\u0131n Kafas\u0131na \u00c7arpt\u0131 - Av. Deniz Can K\u0131z\u0131l<\/title>\n<meta name=\"robots\" content=\"index, follow, max-snippet:-1, max-image-preview:large, max-video-preview:-1\" \/>\n<link rel=\"canonical\" href=\"https:\/\/denizcankizil.tr\/uk\/haberler\/antalya\/antalyada-festivalde-ilginc-an-dron-sanatcinin-kafasina-carpti\/\" \/>\n<meta property=\"og:locale\" content=\"uk_UA\" \/>\n<meta property=\"og:type\" content=\"article\" \/>\n<meta property=\"og:title\" content=\"Antalya\u2019da Festivalde \u0130lgin\u00e7 An: Dron Sanat\u00e7\u0131n\u0131n Kafas\u0131na \u00c7arpt\u0131\" \/>\n<meta property=\"og:description\" content=\"Antalya\u2019n\u0131n Kumluca il\u00e7esinde d\u00fczenlenen Uluslararas\u0131 Bays\u0131fest Ortak\u00f6y K\u00fclt\u00fcr ve Sanat G\u00fcnleri\u2019nin final konserinde ilgin\u00e7 bir olay ya\u015fand\u0131. TRT sanat\u00e7\u0131s\u0131 Nurcan Alt\u0131nok\u2019un konseri s\u0131ras\u0131nda u\u00e7urulan amat\u00f6r bir dron, sahneye yakla\u015ft\u0131\u011f\u0131 s\u0131rada sanat\u00e7\u0131n\u0131n sa\u00e7lar\u0131na \u00e7arpt\u0131. K\u0131sa s\u00fcreli pani\u011fe ra\u011fmen sanat\u00e7\u0131 konserine kald\u0131\u011f\u0131 yerden devam etti. Antalya\u2019n\u0131n Kumluca il\u00e7esi Ortak\u00f6y Mahallesi\u2019nde bu y\u0131l \u00fc\u00e7\u00fcnc\u00fcs\u00fc d\u00fczenlenen Uluslararas\u0131 Bays\u0131fest Ortak\u00f6y K\u00fclt\u00fcr ve Sanat G\u00fcnleri, renkli g\u00f6r\u00fcnt\u00fclere sahne oldu. \u0130ki g\u00fcn s\u00fcren festival, geleneksel oyunlar, yar\u0131\u015fmalar ve konserlerle dolu bir programla ger\u00e7ekle\u015ftirildi. Ancak final ak\u015fam\u0131nda ya\u015fanan bir olay festivale damga vurdu. Ortak\u00f6y K\u00f6y Ya\u015fam Merkezi\u2019nde sahne alan TRT sanat\u00e7\u0131s\u0131 Nurcan Alt\u0131nok\u2019un konseri s\u0131ras\u0131nda, amat\u00f6r bir dron cihaz\u0131 u\u00e7u\u015f yaparken sanat\u00e7\u0131n\u0131n sa\u00e7lar\u0131na \u00e7arpt\u0131. K\u0131sa s\u00fcreli pani\u011fe neden olan olay sonras\u0131 Alt\u0131nok, &#8220;Kafam gitti&#8221; s\u00f6zleriyle ya\u015fad\u0131\u011f\u0131 \u015fa\u015fk\u0131nl\u0131\u011f\u0131 dile getirdi. Alt\u0131nok, yara almadan olay\u0131 atlat\u0131rken, &#8220;Onun ehliyetini al\u0131n&#8221; s\u00f6zleri ise izleyenleri g\u00fcld\u00fcrd\u00fc. Alt\u0131nok, ard\u0131ndan konserine kald\u0131\u011f\u0131 yerden devam etti. Festivalin ilk g\u00fcn\u00fcnde mahalle halk\u0131 taraf\u0131ndan geleneksel oyunlar sahnelenirken, y\u00f6resel sanat\u00e7\u0131lar da izleyicilere keyifli anlar ya\u015fatt\u0131. \u0130kinci g\u00fcn ise yar\u0131\u015fmalar\u0131n finali yap\u0131ld\u0131. Dereceye giren kat\u0131l\u0131mc\u0131lara \u00f6d\u00fclleri il\u00e7e protokol\u00fc taraf\u0131ndan verildi. Organizasyona destek sa\u011flayan sponsorlara Ortak\u00f6y Mahalle Muhtar\u0131 Halime Kaya taraf\u0131ndan plaket takdim edildi. Festivalin ikinci ak\u015fam program\u0131na Kumluca Kaymakam\u0131 Bahad\u0131r G\u00fcne\u015f, siyasi parti temsilcileri, kamu kurumlar\u0131n\u0131n y\u00f6neticileri, sivil toplum kurulu\u015flar\u0131 &hellip;\" \/>\n<meta property=\"og:url\" content=\"https:\/\/denizcankizil.tr\/uk\/haberler\/antalya\/antalyada-festivalde-ilginc-an-dron-sanatcinin-kafasina-carpti\/\" \/>\n<meta property=\"og:site_name\" content=\"Av. Deniz Can K\u0131z\u0131l\" \/>\n<meta property=\"article:published_time\" content=\"2025-07-07T10:41:44+00:00\" \/>\n<meta name=\"author\" content=\"Av. Deniz Can K\u0131z\u0131l\" \/>\n<meta name=\"twitter:card\" content=\"summary_large_image\" \/>\n<meta name=\"twitter:label1\" content=\"\u041d\u0430\u043f\u0438\u0441\u0430\u043d\u043e\" \/>\n\t<meta name=\"twitter:data1\" content=\"Av. Deniz Can K\u0131z\u0131l\" \/>\n\t<meta name=\"twitter:label2\" content=\"\u041f\u0440\u0438\u0431\u043b. \u0447\u0430\u0441 \u0447\u0438\u0442\u0430\u043d\u043d\u044f\" \/>\n\t<meta name=\"twitter:data2\" content=\"2 \u0445\u0432\u0438\u043b\u0438\u043d\u0438\" \/>\n<script type=\"application\/ld+json\" class=\"yoast-schema-graph\">{\"@context\":\"https:\/\/schema.org\",\"@graph\":[{\"@type\":\"Article\",\"@id\":\"https:\/\/denizcankizil.tr\/uk\/haberler\/antalya\/antalyada-festivalde-ilginc-an-dron-sanatcinin-kafasina-carpti\/#article\",\"isPartOf\":{\"@id\":\"https:\/\/denizcankizil.tr\/uk\/haberler\/antalya\/antalyada-festivalde-ilginc-an-dron-sanatcinin-kafasina-carpti\/\"},\"author\":{\"name\":\"Av. Deniz Can K\u0131z\u0131l\",\"@id\":\"https:\/\/denizcankizil.tr\/#\/schema\/person\/5dc1b22991bd7ac833867c10afc9b0ff\"},\"headline\":\"Antalya\u2019da Festivalde \u0130lgin\u00e7 An: Dron Sanat\u00e7\u0131n\u0131n Kafas\u0131na \u00c7arpt\u0131\",\"datePublished\":\"2025-07-07T10:41:44+00:00\",\"mainEntityOfPage\":{\"@id\":\"https:\/\/denizcankizil.tr\/uk\/haberler\/antalya\/antalyada-festivalde-ilginc-an-dron-sanatcinin-kafasina-carpti\/\"},\"wordCount\":340,\"publisher\":{\"@id\":\"https:\/\/denizcankizil.tr\/#organization\"},\"articleSection\":[\"Antalya\"],\"inLanguage\":\"uk\"},{\"@type\":\"WebPage\",\"@id\":\"https:\/\/denizcankizil.tr\/uk\/haberler\/antalya\/antalyada-festivalde-ilginc-an-dron-sanatcinin-kafasina-carpti\/\",\"url\":\"https:\/\/denizcankizil.tr\/uk\/haberler\/antalya\/antalyada-festivalde-ilginc-an-dron-sanatcinin-kafasina-carpti\/\",\"name\":\"Antalya\u2019da Festivalde \u0130lgin\u00e7 An: Dron Sanat\u00e7\u0131n\u0131n Kafas\u0131na \u00c7arpt\u0131 - Av. Deniz Can K\u0131z\u0131l\",\"isPartOf\":{\"@id\":\"https:\/\/denizcankizil.tr\/#website\"},\"datePublished\":\"2025-07-07T10:41:44+00:00\",\"breadcrumb\":{\"@id\":\"https:\/\/denizcankizil.tr\/uk\/haberler\/antalya\/antalyada-festivalde-ilginc-an-dron-sanatcinin-kafasina-carpti\/#breadcrumb\"},\"inLanguage\":\"uk\",\"potentialAction\":[{\"@type\":\"ReadAction\",\"target\":[\"https:\/\/denizcankizil.tr\/uk\/haberler\/antalya\/antalyada-festivalde-ilginc-an-dron-sanatcinin-kafasina-carpti\/\"]}]},{\"@type\":\"BreadcrumbList\",\"@id\":\"https:\/\/denizcankizil.tr\/uk\/haberler\/antalya\/antalyada-festivalde-ilginc-an-dron-sanatcinin-kafasina-carpti\/#breadcrumb\",\"itemListElement\":[{\"@type\":\"ListItem\",\"position\":1,\"name\":\"Home\",\"item\":\"https:\/\/denizcankizil.tr\/uk\/\"},{\"@type\":\"ListItem\",\"position\":2,\"name\":\"Antalya\u2019da Festivalde \u0130lgin\u00e7 An: Dron Sanat\u00e7\u0131n\u0131n Kafas\u0131na \u00c7arpt\u0131\"}]},{\"@type\":\"WebSite\",\"@id\":\"https:\/\/denizcankizil.tr\/#website\",\"url\":\"https:\/\/denizcankizil.tr\/\",\"name\":\"Av. Deniz Can K\u0131z\u0131l\",\"description\":\"Avukat Deniz Can K\u0131z\u0131l Antalya Barosu\",\"publisher\":{\"@id\":\"https:\/\/denizcankizil.tr\/#organization\"},\"potentialAction\":[{\"@type\":\"SearchAction\",\"target\":{\"@type\":\"EntryPoint\",\"urlTemplate\":\"https:\/\/denizcankizil.tr\/?s={search_term_string}\"},\"query-input\":{\"@type\":\"PropertyValueSpecification\",\"valueRequired\":true,\"valueName\":\"search_term_string\"}}],\"inLanguage\":\"uk\"},{\"@type\":\"Organization\",\"@id\":\"https:\/\/denizcankizil.tr\/#organization\",\"name\":\"Av. Deniz Can K\u0131z\u0131l\",\"url\":\"https:\/\/denizcankizil.tr\/\",\"logo\":{\"@type\":\"ImageObject\",\"inLanguage\":\"uk\",\"@id\":\"https:\/\/denizcankizil.tr\/#\/schema\/logo\/image\/\",\"url\":\"https:\/\/denizcankizil.tr\/wp-content\/uploads\/2024\/10\/siyah-logo-svg.svg\",\"contentUrl\":\"https:\/\/denizcankizil.tr\/wp-content\/uploads\/2024\/10\/siyah-logo-svg.svg\",\"width\":1080,\"height\":1080,\"caption\":\"Av. Deniz Can K\u0131z\u0131l\"},\"image\":{\"@id\":\"https:\/\/denizcankizil.tr\/#\/schema\/logo\/image\/\"}},{\"@type\":\"Person\",\"@id\":\"https:\/\/denizcankizil.tr\/#\/schema\/person\/5dc1b22991bd7ac833867c10afc9b0ff\",\"name\":\"Av. Deniz Can K\u0131z\u0131l\",\"image\":{\"@type\":\"ImageObject\",\"inLanguage\":\"uk\",\"@id\":\"https:\/\/denizcankizil.tr\/#\/schema\/person\/image\/\",\"url\":\"https:\/\/secure.gravatar.com\/avatar\/a0b128fb9855c79efc976d5640eedb31dc35ec297594d6016d2cf7c60e975bb6?s=96&d=mm&r=g\",\"contentUrl\":\"https:\/\/secure.gravatar.com\/avatar\/a0b128fb9855c79efc976d5640eedb31dc35ec297594d6016d2cf7c60e975bb6?s=96&d=mm&r=g\",\"caption\":\"Av. Deniz Can K\u0131z\u0131l\"},\"sameAs\":[\"http:\/\/www.denizcankizil.tr\"],\"url\":\"https:\/\/denizcankizil.tr\/uk\/author\/denizcankizil\/\"}]}<\/script>\n<!-- \/ Yoast SEO Premium plugin. -->","yoast_head_json":{"title":"Antalya\u2019da Festivalde \u0130lgin\u00e7 An: Dron Sanat\u00e7\u0131n\u0131n Kafas\u0131na \u00c7arpt\u0131 - Av. Deniz Can K\u0131z\u0131l","robots":{"index":"index","follow":"follow","max-snippet":"max-snippet:-1","max-image-preview":"max-image-preview:large","max-video-preview":"max-video-preview:-1"},"canonical":"https:\/\/denizcankizil.tr\/uk\/haberler\/antalya\/antalyada-festivalde-ilginc-an-dron-sanatcinin-kafasina-carpti\/","og_locale":"uk_UA","og_type":"article","og_title":"Antalya\u2019da Festivalde \u0130lgin\u00e7 An: Dron Sanat\u00e7\u0131n\u0131n Kafas\u0131na \u00c7arpt\u0131","og_description":"Antalya\u2019n\u0131n Kumluca il\u00e7esinde d\u00fczenlenen Uluslararas\u0131 Bays\u0131fest Ortak\u00f6y K\u00fclt\u00fcr ve Sanat G\u00fcnleri\u2019nin final konserinde ilgin\u00e7 bir olay ya\u015fand\u0131. TRT sanat\u00e7\u0131s\u0131 Nurcan Alt\u0131nok\u2019un konseri s\u0131ras\u0131nda u\u00e7urulan amat\u00f6r bir dron, sahneye yakla\u015ft\u0131\u011f\u0131 s\u0131rada sanat\u00e7\u0131n\u0131n sa\u00e7lar\u0131na \u00e7arpt\u0131. K\u0131sa s\u00fcreli pani\u011fe ra\u011fmen sanat\u00e7\u0131 konserine kald\u0131\u011f\u0131 yerden devam etti. Antalya\u2019n\u0131n Kumluca il\u00e7esi Ortak\u00f6y Mahallesi\u2019nde bu y\u0131l \u00fc\u00e7\u00fcnc\u00fcs\u00fc d\u00fczenlenen Uluslararas\u0131 Bays\u0131fest Ortak\u00f6y K\u00fclt\u00fcr ve Sanat G\u00fcnleri, renkli g\u00f6r\u00fcnt\u00fclere sahne oldu. \u0130ki g\u00fcn s\u00fcren festival, geleneksel oyunlar, yar\u0131\u015fmalar ve konserlerle dolu bir programla ger\u00e7ekle\u015ftirildi. Ancak final ak\u015fam\u0131nda ya\u015fanan bir olay festivale damga vurdu. Ortak\u00f6y K\u00f6y Ya\u015fam Merkezi\u2019nde sahne alan TRT sanat\u00e7\u0131s\u0131 Nurcan Alt\u0131nok\u2019un konseri s\u0131ras\u0131nda, amat\u00f6r bir dron cihaz\u0131 u\u00e7u\u015f yaparken sanat\u00e7\u0131n\u0131n sa\u00e7lar\u0131na \u00e7arpt\u0131. K\u0131sa s\u00fcreli pani\u011fe neden olan olay sonras\u0131 Alt\u0131nok, &#8220;Kafam gitti&#8221; s\u00f6zleriyle ya\u015fad\u0131\u011f\u0131 \u015fa\u015fk\u0131nl\u0131\u011f\u0131 dile getirdi. Alt\u0131nok, yara almadan olay\u0131 atlat\u0131rken, &#8220;Onun ehliyetini al\u0131n&#8221; s\u00f6zleri ise izleyenleri g\u00fcld\u00fcrd\u00fc. Alt\u0131nok, ard\u0131ndan konserine kald\u0131\u011f\u0131 yerden devam etti. Festivalin ilk g\u00fcn\u00fcnde mahalle halk\u0131 taraf\u0131ndan geleneksel oyunlar sahnelenirken, y\u00f6resel sanat\u00e7\u0131lar da izleyicilere keyifli anlar ya\u015fatt\u0131. \u0130kinci g\u00fcn ise yar\u0131\u015fmalar\u0131n finali yap\u0131ld\u0131. Dereceye giren kat\u0131l\u0131mc\u0131lara \u00f6d\u00fclleri il\u00e7e protokol\u00fc taraf\u0131ndan verildi. Organizasyona destek sa\u011flayan sponsorlara Ortak\u00f6y Mahalle Muhtar\u0131 Halime Kaya taraf\u0131ndan plaket takdim edildi. Festivalin ikinci ak\u015fam program\u0131na Kumluca Kaymakam\u0131 Bahad\u0131r G\u00fcne\u015f, siyasi parti temsilcileri, kamu kurumlar\u0131n\u0131n y\u00f6neticileri, sivil toplum kurulu\u015flar\u0131 &hellip;","og_url":"https:\/\/denizcankizil.tr\/uk\/haberler\/antalya\/antalyada-festivalde-ilginc-an-dron-sanatcinin-kafasina-carpti\/","og_site_name":"Av. Deniz Can K\u0131z\u0131l","article_published_time":"2025-07-07T10:41:44+00:00","author":"Av. Deniz Can K\u0131z\u0131l","twitter_card":"summary_large_image","twitter_misc":{"\u041d\u0430\u043f\u0438\u0441\u0430\u043d\u043e":"Av. Deniz Can K\u0131z\u0131l","\u041f\u0440\u0438\u0431\u043b. \u0447\u0430\u0441 \u0447\u0438\u0442\u0430\u043d\u043d\u044f":"2 \u0445\u0432\u0438\u043b\u0438\u043d\u0438"},"schema":{"@context":"https:\/\/schema.org","@graph":[{"@type":"Article","@id":"https:\/\/denizcankizil.tr\/uk\/haberler\/antalya\/antalyada-festivalde-ilginc-an-dron-sanatcinin-kafasina-carpti\/#article","isPartOf":{"@id":"https:\/\/denizcankizil.tr\/uk\/haberler\/antalya\/antalyada-festivalde-ilginc-an-dron-sanatcinin-kafasina-carpti\/"},"author":{"name":"Av. Deniz Can K\u0131z\u0131l","@id":"https:\/\/denizcankizil.tr\/#\/schema\/person\/5dc1b22991bd7ac833867c10afc9b0ff"},"headline":"Antalya\u2019da Festivalde \u0130lgin\u00e7 An: Dron Sanat\u00e7\u0131n\u0131n Kafas\u0131na \u00c7arpt\u0131","datePublished":"2025-07-07T10:41:44+00:00","mainEntityOfPage":{"@id":"https:\/\/denizcankizil.tr\/uk\/haberler\/antalya\/antalyada-festivalde-ilginc-an-dron-sanatcinin-kafasina-carpti\/"},"wordCount":340,"publisher":{"@id":"https:\/\/denizcankizil.tr\/#organization"},"articleSection":["Antalya"],"inLanguage":"uk"},{"@type":"WebPage","@id":"https:\/\/denizcankizil.tr\/uk\/haberler\/antalya\/antalyada-festivalde-ilginc-an-dron-sanatcinin-kafasina-carpti\/","url":"https:\/\/denizcankizil.tr\/uk\/haberler\/antalya\/antalyada-festivalde-ilginc-an-dron-sanatcinin-kafasina-carpti\/","name":"Antalya\u2019da Festivalde \u0130lgin\u00e7 An: Dron Sanat\u00e7\u0131n\u0131n Kafas\u0131na \u00c7arpt\u0131 - Av. Deniz Can K\u0131z\u0131l","isPartOf":{"@id":"https:\/\/denizcankizil.tr\/#website"},"datePublished":"2025-07-07T10:41:44+00:00","breadcrumb":{"@id":"https:\/\/denizcankizil.tr\/uk\/haberler\/antalya\/antalyada-festivalde-ilginc-an-dron-sanatcinin-kafasina-carpti\/#breadcrumb"},"inLanguage":"uk","potentialAction":[{"@type":"ReadAction","target":["https:\/\/denizcankizil.tr\/uk\/haberler\/antalya\/antalyada-festivalde-ilginc-an-dron-sanatcinin-kafasina-carpti\/"]}]},{"@type":"BreadcrumbList","@id":"https:\/\/denizcankizil.tr\/uk\/haberler\/antalya\/antalyada-festivalde-ilginc-an-dron-sanatcinin-kafasina-carpti\/#breadcrumb","itemListElement":[{"@type":"ListItem","position":1,"name":"Home","item":"https:\/\/denizcankizil.tr\/uk\/"},{"@type":"ListItem","position":2,"name":"Antalya\u2019da Festivalde \u0130lgin\u00e7 An: Dron Sanat\u00e7\u0131n\u0131n Kafas\u0131na \u00c7arpt\u0131"}]},{"@type":"WebSite","@id":"https:\/\/denizcankizil.tr\/#website","url":"https:\/\/denizcankizil.tr\/","name":"Av. Deniz Can K\u0131z\u0131l","description":"Avukat Deniz Can K\u0131z\u0131l Antalya Barosu","publisher":{"@id":"https:\/\/denizcankizil.tr\/#organization"},"potentialAction":[{"@type":"SearchAction","target":{"@type":"EntryPoint","urlTemplate":"https:\/\/denizcankizil.tr\/?s={search_term_string}"},"query-input":{"@type":"PropertyValueSpecification","valueRequired":true,"valueName":"search_term_string"}}],"inLanguage":"uk"},{"@type":"Organization","@id":"https:\/\/denizcankizil.tr\/#organization","name":"Av. Deniz Can K\u0131z\u0131l","url":"https:\/\/denizcankizil.tr\/","logo":{"@type":"ImageObject","inLanguage":"uk","@id":"https:\/\/denizcankizil.tr\/#\/schema\/logo\/image\/","url":"https:\/\/denizcankizil.tr\/wp-content\/uploads\/2024\/10\/siyah-logo-svg.svg","contentUrl":"https:\/\/denizcankizil.tr\/wp-content\/uploads\/2024\/10\/siyah-logo-svg.svg","width":1080,"height":1080,"caption":"Av. Deniz Can K\u0131z\u0131l"},"image":{"@id":"https:\/\/denizcankizil.tr\/#\/schema\/logo\/image\/"}},{"@type":"Person","@id":"https:\/\/denizcankizil.tr\/#\/schema\/person\/5dc1b22991bd7ac833867c10afc9b0ff","name":"Av. Deniz Can K\u0131z\u0131l","image":{"@type":"ImageObject","inLanguage":"uk","@id":"https:\/\/denizcankizil.tr\/#\/schema\/person\/image\/","url":"https:\/\/secure.gravatar.com\/avatar\/a0b128fb9855c79efc976d5640eedb31dc35ec297594d6016d2cf7c60e975bb6?s=96&d=mm&r=g","contentUrl":"https:\/\/secure.gravatar.com\/avatar\/a0b128fb9855c79efc976d5640eedb31dc35ec297594d6016d2cf7c60e975bb6?s=96&d=mm&r=g","caption":"Av. Deniz Can K\u0131z\u0131l"},"sameAs":["http:\/\/www.denizcankizil.tr"],"url":"https:\/\/denizcankizil.tr\/uk\/author\/denizcankizil\/"}]}},"_links":{"self":[{"href":"https:\/\/denizcankizil.tr\/uk\/wp-json\/wp\/v2\/posts\/138792","targetHints":{"allow":["GET"]}}],"collection":[{"href":"https:\/\/denizcankizil.tr\/uk\/wp-json\/wp\/v2\/posts"}],"about":[{"href":"https:\/\/denizcankizil.tr\/uk\/wp-json\/wp\/v2\/types\/post"}],"author":[{"embeddable":true,"href":"https:\/\/denizcankizil.tr\/uk\/wp-json\/wp\/v2\/users\/4"}],"replies":[{"embeddable":true,"href":"https:\/\/denizcankizil.tr\/uk\/wp-json\/wp\/v2\/comments?post=138792"}],"version-history":[{"count":0,"href":"https:\/\/denizcankizil.tr\/uk\/wp-json\/wp\/v2\/posts\/138792\/revisions"}],"wp:attachment":[{"href":"https:\/\/denizcankizil.tr\/uk\/wp-json\/wp\/v2\/media?parent=138792"}],"wp:term":[{"taxonomy":"category","embeddable":true,"href":"https:\/\/denizcankizil.tr\/uk\/wp-json\/wp\/v2\/categories?post=138792"},{"taxonomy":"post_tag","embeddable":true,"href":"https:\/\/denizcankizil.tr\/uk\/wp-json\/wp\/v2\/tags?post=138792"}],"curies":[{"name":"wp","href":"https:\/\/api.w.org\/{rel}","templated":true}]}}