{"id":138701,"date":"2025-07-07T11:41:26","date_gmt":"2025-07-07T08:41:26","guid":{"rendered":"https:\/\/denizcankizil.tr\/uncategorized-tr\/antalyada-falezden-dusen-23-yasindaki-turist-hayatini-kaybetti\/"},"modified":"2025-07-07T11:41:26","modified_gmt":"2025-07-07T08:41:26","slug":"antalyada-falezden-dusen-23-yasindaki-turist-hayatini-kaybetti","status":"publish","type":"post","link":"https:\/\/denizcankizil.tr\/uk\/haberler\/antalya\/antalyada-falezden-dusen-23-yasindaki-turist-hayatini-kaybetti\/","title":{"rendered":"Antalya\u2019da Falezden D\u00fc\u015fen 23 Ya\u015f\u0131ndaki Turist Hayat\u0131n\u0131 Kaybetti"},"content":{"rendered":"<p>\u00a0Antalya&#8217;da sabaha kar\u015f\u0131 kayal\u0131klardan d\u00fc\u015fen ve ekipler taraf\u0131ndan bulundu\u011fu yerden \u00e7\u0131kart\u0131lan yabanc\u0131 uyruklu \u015fah\u0131s\u0131n hayat\u0131n\u0131 kaybetti\u011fi belirlendi.<br \/>\nOlay, sabah 05.00 s\u0131ralar\u0131nda Muratpa\u015fa il\u00e7esi Gen\u00e7lik Mahallesi Karaalio\u011flu Park\u0131&#8217;nda meydana geldi. Edinilen bilgiye g\u00f6re, bir \u015fahs\u0131n kayal\u0131klardan d\u00fc\u015ft\u00fc\u011f\u00fcn\u00fc g\u00f6ren vatanda\u015flar durumu 112 Acil \u00c7a\u011fr\u0131 Merkezi&#8217;ne bildirdi. \u0130hbar \u00fczerine olay yerine polis, itfaiye ve sa\u011fl\u0131k ekipleri sevk edildi. \u0130tfaiye ekipleri \u015fahs\u0131n blundu\u011fu noktaya inerek kurtarma \u00e7al\u0131\u015fmas\u0131 ba\u015flat\u0131rken, yaral\u0131n\u0131n karadan al\u0131nmas\u0131n\u0131n zor olmas\u0131 nedeniyle b\u00f6lgeye Antalya Emniyet M\u00fcd\u00fcrl\u00fc\u011f\u00fc Deniz Liman\u0131 \u015eube M\u00fcd\u00fcrl\u00fc\u011f\u00fc&#8217;ne ba\u011fl\u0131 bot sevk edildi.<\/p>\n<p>\u0130sminin Luke Brenken (23) oldu\u011fu \u00f6\u011frenilen yabanc\u0131 uyruklu ki\u015fi ekiplerin yakla\u015f\u0131k yar\u0131m saatlik \u00e7al\u0131\u015fmas\u0131 sonucu bulundu\u011fu yerden al\u0131narak Deniz Polisi taraf\u0131ndan Antalya Yak Liman\u0131&#8217;na getirildi. Burada haz\u0131r bekleyen 112 Acil Sa\u011fl\u0131k ekipleri taraf\u0131ndan yap\u0131lan kontrollerde sol kolunda k\u0131r\u0131k ve ba\u015f b\u00f6lgesinde a\u011f\u0131r yaralanma oldu\u011fu tespit edilen Brenken&#8217;in hayat\u0131n\u0131 kaybetti\u011fi belirlendi. Savc\u0131l\u0131k ve Olay Yeri \u0130nceleme ekiplerinin \u00e7al\u0131\u015fmas\u0131n\u0131n ard\u0131ndan Luke Brenken&#8217;in cans\u0131z bedeni Antalya Adli T\u0131p Kurumu morguna kald\u0131r\u0131ld\u0131. Olayla ilgili inceleme ba\u015flat\u0131ld\u0131.<\/p>\n<p>Kaynak: www.kanalv.com.tr Haber Sitesinden Al\u0131nm\u0131\u015ft\u0131r.<\/p>","protected":false},"excerpt":{"rendered":"<p>\u00a0Antalya&#8217;da sabaha kar\u015f\u0131 kayal\u0131klardan d\u00fc\u015fen ve ekipler taraf\u0131ndan bulundu\u011fu yerden \u00e7\u0131kart\u0131lan yabanc\u0131 uyruklu \u015fah\u0131s\u0131n hayat\u0131n\u0131 kaybetti\u011fi belirlendi. Olay, sabah 05.00 s\u0131ralar\u0131nda Muratpa\u015fa il\u00e7esi Gen\u00e7lik Mahallesi Karaalio\u011flu Park\u0131&#8217;nda meydana geldi. Edinilen bilgiye g\u00f6re, bir \u015fahs\u0131n kayal\u0131klardan d\u00fc\u015ft\u00fc\u011f\u00fcn\u00fc g\u00f6ren vatanda\u015flar durumu 112 Acil \u00c7a\u011fr\u0131 Merkezi&#8217;ne bildirdi. \u0130hbar \u00fczerine olay yerine polis, itfaiye ve sa\u011fl\u0131k ekipleri sevk edildi. \u0130tfaiye ekipleri \u015fahs\u0131n blundu\u011fu noktaya inerek kurtarma \u00e7al\u0131\u015fmas\u0131 ba\u015flat\u0131rken, yaral\u0131n\u0131n karadan al\u0131nmas\u0131n\u0131n zor olmas\u0131 nedeniyle b\u00f6lgeye Antalya Emniyet M\u00fcd\u00fcrl\u00fc\u011f\u00fc Deniz Liman\u0131 \u015eube M\u00fcd\u00fcrl\u00fc\u011f\u00fc&#8217;ne ba\u011fl\u0131 bot sevk edildi. \u0130sminin Luke Brenken (23) oldu\u011fu \u00f6\u011frenilen yabanc\u0131 uyruklu ki\u015fi ekiplerin yakla\u015f\u0131k yar\u0131m saatlik \u00e7al\u0131\u015fmas\u0131 sonucu bulundu\u011fu yerden al\u0131narak Deniz Polisi taraf\u0131ndan Antalya Yak Liman\u0131&#8217;na getirildi. Burada haz\u0131r bekleyen 112 Acil Sa\u011fl\u0131k ekipleri taraf\u0131ndan yap\u0131lan kontrollerde sol kolunda k\u0131r\u0131k ve ba\u015f b\u00f6lgesinde a\u011f\u0131r yaralanma oldu\u011fu tespit edilen Brenken&#8217;in hayat\u0131n\u0131 kaybetti\u011fi belirlendi. Savc\u0131l\u0131k ve Olay Yeri \u0130nceleme ekiplerinin \u00e7al\u0131\u015fmas\u0131n\u0131n ard\u0131ndan Luke Brenken&#8217;in cans\u0131z bedeni Antalya Adli T\u0131p Kurumu morguna kald\u0131r\u0131ld\u0131. Olayla ilgili inceleme ba\u015flat\u0131ld\u0131. Kaynak: www.kanalv.com.tr Haber Sitesinden Al\u0131nm\u0131\u015ft\u0131r.<\/p>","protected":false},"author":4,"featured_media":0,"comment_status":"","ping_status":"open","sticky":false,"template":"","format":"standard","meta":{"_acf_changed":false,"footnotes":""},"categories":[26],"tags":[],"class_list":["post-138701","post","type-post","status-publish","format-standard","hentry","category-antalya"],"acf":[],"yoast_head":"<!-- This site is optimized with the Yoast SEO Premium plugin v26.6 (Yoast SEO v27.1.1) - https:\/\/yoast.com\/product\/yoast-seo-premium-wordpress\/ -->\n<title>Antalya\u2019da Falezden D\u00fc\u015fen 23 Ya\u015f\u0131ndaki Turist Hayat\u0131n\u0131 Kaybetti - Av. Deniz Can K\u0131z\u0131l<\/title>\n<meta name=\"robots\" content=\"index, follow, max-snippet:-1, max-image-preview:large, max-video-preview:-1\" \/>\n<link rel=\"canonical\" href=\"https:\/\/denizcankizil.tr\/uk\/haberler\/antalya\/antalyada-falezden-dusen-23-yasindaki-turist-hayatini-kaybetti\/\" \/>\n<meta property=\"og:locale\" content=\"uk_UA\" \/>\n<meta property=\"og:type\" content=\"article\" \/>\n<meta property=\"og:title\" content=\"Antalya\u2019da Falezden D\u00fc\u015fen 23 Ya\u015f\u0131ndaki Turist Hayat\u0131n\u0131 Kaybetti\" \/>\n<meta property=\"og:description\" content=\"\u00a0Antalya&#8217;da sabaha kar\u015f\u0131 kayal\u0131klardan d\u00fc\u015fen ve ekipler taraf\u0131ndan bulundu\u011fu yerden \u00e7\u0131kart\u0131lan yabanc\u0131 uyruklu \u015fah\u0131s\u0131n hayat\u0131n\u0131 kaybetti\u011fi belirlendi. Olay, sabah 05.00 s\u0131ralar\u0131nda Muratpa\u015fa il\u00e7esi Gen\u00e7lik Mahallesi Karaalio\u011flu Park\u0131&#8217;nda meydana geldi. Edinilen bilgiye g\u00f6re, bir \u015fahs\u0131n kayal\u0131klardan d\u00fc\u015ft\u00fc\u011f\u00fcn\u00fc g\u00f6ren vatanda\u015flar durumu 112 Acil \u00c7a\u011fr\u0131 Merkezi&#8217;ne bildirdi. \u0130hbar \u00fczerine olay yerine polis, itfaiye ve sa\u011fl\u0131k ekipleri sevk edildi. \u0130tfaiye ekipleri \u015fahs\u0131n blundu\u011fu noktaya inerek kurtarma \u00e7al\u0131\u015fmas\u0131 ba\u015flat\u0131rken, yaral\u0131n\u0131n karadan al\u0131nmas\u0131n\u0131n zor olmas\u0131 nedeniyle b\u00f6lgeye Antalya Emniyet M\u00fcd\u00fcrl\u00fc\u011f\u00fc Deniz Liman\u0131 \u015eube M\u00fcd\u00fcrl\u00fc\u011f\u00fc&#8217;ne ba\u011fl\u0131 bot sevk edildi. \u0130sminin Luke Brenken (23) oldu\u011fu \u00f6\u011frenilen yabanc\u0131 uyruklu ki\u015fi ekiplerin yakla\u015f\u0131k yar\u0131m saatlik \u00e7al\u0131\u015fmas\u0131 sonucu bulundu\u011fu yerden al\u0131narak Deniz Polisi taraf\u0131ndan Antalya Yak Liman\u0131&#8217;na getirildi. Burada haz\u0131r bekleyen 112 Acil Sa\u011fl\u0131k ekipleri taraf\u0131ndan yap\u0131lan kontrollerde sol kolunda k\u0131r\u0131k ve ba\u015f b\u00f6lgesinde a\u011f\u0131r yaralanma oldu\u011fu tespit edilen Brenken&#8217;in hayat\u0131n\u0131 kaybetti\u011fi belirlendi. Savc\u0131l\u0131k ve Olay Yeri \u0130nceleme ekiplerinin \u00e7al\u0131\u015fmas\u0131n\u0131n ard\u0131ndan Luke Brenken&#8217;in cans\u0131z bedeni Antalya Adli T\u0131p Kurumu morguna kald\u0131r\u0131ld\u0131. Olayla ilgili inceleme ba\u015flat\u0131ld\u0131. Kaynak: www.kanalv.com.tr Haber Sitesinden Al\u0131nm\u0131\u015ft\u0131r.\" \/>\n<meta property=\"og:url\" content=\"https:\/\/denizcankizil.tr\/uk\/haberler\/antalya\/antalyada-falezden-dusen-23-yasindaki-turist-hayatini-kaybetti\/\" \/>\n<meta property=\"og:site_name\" content=\"Av. Deniz Can K\u0131z\u0131l\" \/>\n<meta property=\"article:published_time\" content=\"2025-07-07T08:41:26+00:00\" \/>\n<meta name=\"author\" content=\"Av. Deniz Can K\u0131z\u0131l\" \/>\n<meta name=\"twitter:card\" content=\"summary_large_image\" \/>\n<meta name=\"twitter:label1\" content=\"\u041d\u0430\u043f\u0438\u0441\u0430\u043d\u043e\" \/>\n\t<meta name=\"twitter:data1\" content=\"Av. Deniz Can K\u0131z\u0131l\" \/>\n\t<meta name=\"twitter:label2\" content=\"\u041f\u0440\u0438\u0431\u043b. \u0447\u0430\u0441 \u0447\u0438\u0442\u0430\u043d\u043d\u044f\" \/>\n\t<meta name=\"twitter:data2\" content=\"1 \u0445\u0432\u0438\u043b\u0438\u043d\u0430\" \/>\n<script type=\"application\/ld+json\" class=\"yoast-schema-graph\">{\"@context\":\"https:\/\/schema.org\",\"@graph\":[{\"@type\":\"Article\",\"@id\":\"https:\/\/denizcankizil.tr\/uk\/haberler\/antalya\/antalyada-falezden-dusen-23-yasindaki-turist-hayatini-kaybetti\/#article\",\"isPartOf\":{\"@id\":\"https:\/\/denizcankizil.tr\/uk\/haberler\/antalya\/antalyada-falezden-dusen-23-yasindaki-turist-hayatini-kaybetti\/\"},\"author\":{\"name\":\"Av. Deniz Can K\u0131z\u0131l\",\"@id\":\"https:\/\/denizcankizil.tr\/de\/#\/schema\/person\/5dc1b22991bd7ac833867c10afc9b0ff\"},\"headline\":\"Antalya\u2019da Falezden D\u00fc\u015fen 23 Ya\u015f\u0131ndaki Turist Hayat\u0131n\u0131 Kaybetti\",\"datePublished\":\"2025-07-07T08:41:26+00:00\",\"mainEntityOfPage\":{\"@id\":\"https:\/\/denizcankizil.tr\/uk\/haberler\/antalya\/antalyada-falezden-dusen-23-yasindaki-turist-hayatini-kaybetti\/\"},\"wordCount\":252,\"publisher\":{\"@id\":\"https:\/\/denizcankizil.tr\/de\/#organization\"},\"articleSection\":[\"Antalya\"],\"inLanguage\":\"uk\"},{\"@type\":\"WebPage\",\"@id\":\"https:\/\/denizcankizil.tr\/uk\/haberler\/antalya\/antalyada-falezden-dusen-23-yasindaki-turist-hayatini-kaybetti\/\",\"url\":\"https:\/\/denizcankizil.tr\/uk\/haberler\/antalya\/antalyada-falezden-dusen-23-yasindaki-turist-hayatini-kaybetti\/\",\"name\":\"Antalya\u2019da Falezden D\u00fc\u015fen 23 Ya\u015f\u0131ndaki Turist Hayat\u0131n\u0131 Kaybetti - Av. Deniz Can K\u0131z\u0131l\",\"isPartOf\":{\"@id\":\"https:\/\/denizcankizil.tr\/de\/#website\"},\"datePublished\":\"2025-07-07T08:41:26+00:00\",\"breadcrumb\":{\"@id\":\"https:\/\/denizcankizil.tr\/uk\/haberler\/antalya\/antalyada-falezden-dusen-23-yasindaki-turist-hayatini-kaybetti\/#breadcrumb\"},\"inLanguage\":\"uk\",\"potentialAction\":[{\"@type\":\"ReadAction\",\"target\":[\"https:\/\/denizcankizil.tr\/uk\/haberler\/antalya\/antalyada-falezden-dusen-23-yasindaki-turist-hayatini-kaybetti\/\"]}]},{\"@type\":\"BreadcrumbList\",\"@id\":\"https:\/\/denizcankizil.tr\/uk\/haberler\/antalya\/antalyada-falezden-dusen-23-yasindaki-turist-hayatini-kaybetti\/#breadcrumb\",\"itemListElement\":[{\"@type\":\"ListItem\",\"position\":1,\"name\":\"Home\",\"item\":\"https:\/\/denizcankizil.tr\/de\/\"},{\"@type\":\"ListItem\",\"position\":2,\"name\":\"Antalya\u2019da Falezden D\u00fc\u015fen 23 Ya\u015f\u0131ndaki Turist Hayat\u0131n\u0131 Kaybetti\"}]},{\"@type\":\"WebSite\",\"@id\":\"https:\/\/denizcankizil.tr\/de\/#website\",\"url\":\"https:\/\/denizcankizil.tr\/de\/\",\"name\":\"Av. Deniz Can K\u0131z\u0131l\",\"description\":\"Avukat Deniz Can K\u0131z\u0131l Antalya Barosu\",\"publisher\":{\"@id\":\"https:\/\/denizcankizil.tr\/de\/#organization\"},\"potentialAction\":[{\"@type\":\"SearchAction\",\"target\":{\"@type\":\"EntryPoint\",\"urlTemplate\":\"https:\/\/denizcankizil.tr\/de\/?s={search_term_string}\"},\"query-input\":{\"@type\":\"PropertyValueSpecification\",\"valueRequired\":true,\"valueName\":\"search_term_string\"}}],\"inLanguage\":\"uk\"},{\"@type\":\"Organization\",\"@id\":\"https:\/\/denizcankizil.tr\/de\/#organization\",\"name\":\"Av. Deniz Can K\u0131z\u0131l\",\"url\":\"https:\/\/denizcankizil.tr\/de\/\",\"logo\":{\"@type\":\"ImageObject\",\"inLanguage\":\"uk\",\"@id\":\"https:\/\/denizcankizil.tr\/de\/#\/schema\/logo\/image\/\",\"url\":\"https:\/\/denizcankizil.tr\/wp-content\/uploads\/2024\/10\/siyah-logo-svg.svg\",\"contentUrl\":\"https:\/\/denizcankizil.tr\/wp-content\/uploads\/2024\/10\/siyah-logo-svg.svg\",\"width\":1080,\"height\":1080,\"caption\":\"Av. Deniz Can K\u0131z\u0131l\"},\"image\":{\"@id\":\"https:\/\/denizcankizil.tr\/de\/#\/schema\/logo\/image\/\"}},{\"@type\":\"Person\",\"@id\":\"https:\/\/denizcankizil.tr\/de\/#\/schema\/person\/5dc1b22991bd7ac833867c10afc9b0ff\",\"name\":\"Av. Deniz Can K\u0131z\u0131l\",\"image\":{\"@type\":\"ImageObject\",\"inLanguage\":\"uk\",\"@id\":\"https:\/\/denizcankizil.tr\/de\/#\/schema\/person\/image\/\",\"url\":\"https:\/\/secure.gravatar.com\/avatar\/a0b128fb9855c79efc976d5640eedb31dc35ec297594d6016d2cf7c60e975bb6?s=96&d=mm&r=g\",\"contentUrl\":\"https:\/\/secure.gravatar.com\/avatar\/a0b128fb9855c79efc976d5640eedb31dc35ec297594d6016d2cf7c60e975bb6?s=96&d=mm&r=g\",\"caption\":\"Av. Deniz Can K\u0131z\u0131l\"},\"sameAs\":[\"http:\/\/www.denizcankizil.tr\"],\"url\":\"https:\/\/denizcankizil.tr\/uk\/author\/denizcankizil\/\"}]}<\/script>\n<!-- \/ Yoast SEO Premium plugin. -->","yoast_head_json":{"title":"Antalya\u2019da Falezden D\u00fc\u015fen 23 Ya\u015f\u0131ndaki Turist Hayat\u0131n\u0131 Kaybetti - Av. Deniz Can K\u0131z\u0131l","robots":{"index":"index","follow":"follow","max-snippet":"max-snippet:-1","max-image-preview":"max-image-preview:large","max-video-preview":"max-video-preview:-1"},"canonical":"https:\/\/denizcankizil.tr\/uk\/haberler\/antalya\/antalyada-falezden-dusen-23-yasindaki-turist-hayatini-kaybetti\/","og_locale":"uk_UA","og_type":"article","og_title":"Antalya\u2019da Falezden D\u00fc\u015fen 23 Ya\u015f\u0131ndaki Turist Hayat\u0131n\u0131 Kaybetti","og_description":"\u00a0Antalya&#8217;da sabaha kar\u015f\u0131 kayal\u0131klardan d\u00fc\u015fen ve ekipler taraf\u0131ndan bulundu\u011fu yerden \u00e7\u0131kart\u0131lan yabanc\u0131 uyruklu \u015fah\u0131s\u0131n hayat\u0131n\u0131 kaybetti\u011fi belirlendi. Olay, sabah 05.00 s\u0131ralar\u0131nda Muratpa\u015fa il\u00e7esi Gen\u00e7lik Mahallesi Karaalio\u011flu Park\u0131&#8217;nda meydana geldi. Edinilen bilgiye g\u00f6re, bir \u015fahs\u0131n kayal\u0131klardan d\u00fc\u015ft\u00fc\u011f\u00fcn\u00fc g\u00f6ren vatanda\u015flar durumu 112 Acil \u00c7a\u011fr\u0131 Merkezi&#8217;ne bildirdi. \u0130hbar \u00fczerine olay yerine polis, itfaiye ve sa\u011fl\u0131k ekipleri sevk edildi. \u0130tfaiye ekipleri \u015fahs\u0131n blundu\u011fu noktaya inerek kurtarma \u00e7al\u0131\u015fmas\u0131 ba\u015flat\u0131rken, yaral\u0131n\u0131n karadan al\u0131nmas\u0131n\u0131n zor olmas\u0131 nedeniyle b\u00f6lgeye Antalya Emniyet M\u00fcd\u00fcrl\u00fc\u011f\u00fc Deniz Liman\u0131 \u015eube M\u00fcd\u00fcrl\u00fc\u011f\u00fc&#8217;ne ba\u011fl\u0131 bot sevk edildi. \u0130sminin Luke Brenken (23) oldu\u011fu \u00f6\u011frenilen yabanc\u0131 uyruklu ki\u015fi ekiplerin yakla\u015f\u0131k yar\u0131m saatlik \u00e7al\u0131\u015fmas\u0131 sonucu bulundu\u011fu yerden al\u0131narak Deniz Polisi taraf\u0131ndan Antalya Yak Liman\u0131&#8217;na getirildi. Burada haz\u0131r bekleyen 112 Acil Sa\u011fl\u0131k ekipleri taraf\u0131ndan yap\u0131lan kontrollerde sol kolunda k\u0131r\u0131k ve ba\u015f b\u00f6lgesinde a\u011f\u0131r yaralanma oldu\u011fu tespit edilen Brenken&#8217;in hayat\u0131n\u0131 kaybetti\u011fi belirlendi. Savc\u0131l\u0131k ve Olay Yeri \u0130nceleme ekiplerinin \u00e7al\u0131\u015fmas\u0131n\u0131n ard\u0131ndan Luke Brenken&#8217;in cans\u0131z bedeni Antalya Adli T\u0131p Kurumu morguna kald\u0131r\u0131ld\u0131. Olayla ilgili inceleme ba\u015flat\u0131ld\u0131. Kaynak: www.kanalv.com.tr Haber Sitesinden Al\u0131nm\u0131\u015ft\u0131r.","og_url":"https:\/\/denizcankizil.tr\/uk\/haberler\/antalya\/antalyada-falezden-dusen-23-yasindaki-turist-hayatini-kaybetti\/","og_site_name":"Av. Deniz Can K\u0131z\u0131l","article_published_time":"2025-07-07T08:41:26+00:00","author":"Av. Deniz Can K\u0131z\u0131l","twitter_card":"summary_large_image","twitter_misc":{"\u041d\u0430\u043f\u0438\u0441\u0430\u043d\u043e":"Av. Deniz Can K\u0131z\u0131l","\u041f\u0440\u0438\u0431\u043b. \u0447\u0430\u0441 \u0447\u0438\u0442\u0430\u043d\u043d\u044f":"1 \u0445\u0432\u0438\u043b\u0438\u043d\u0430"},"schema":{"@context":"https:\/\/schema.org","@graph":[{"@type":"Article","@id":"https:\/\/denizcankizil.tr\/uk\/haberler\/antalya\/antalyada-falezden-dusen-23-yasindaki-turist-hayatini-kaybetti\/#article","isPartOf":{"@id":"https:\/\/denizcankizil.tr\/uk\/haberler\/antalya\/antalyada-falezden-dusen-23-yasindaki-turist-hayatini-kaybetti\/"},"author":{"name":"Av. Deniz Can K\u0131z\u0131l","@id":"https:\/\/denizcankizil.tr\/de\/#\/schema\/person\/5dc1b22991bd7ac833867c10afc9b0ff"},"headline":"Antalya\u2019da Falezden D\u00fc\u015fen 23 Ya\u015f\u0131ndaki Turist Hayat\u0131n\u0131 Kaybetti","datePublished":"2025-07-07T08:41:26+00:00","mainEntityOfPage":{"@id":"https:\/\/denizcankizil.tr\/uk\/haberler\/antalya\/antalyada-falezden-dusen-23-yasindaki-turist-hayatini-kaybetti\/"},"wordCount":252,"publisher":{"@id":"https:\/\/denizcankizil.tr\/de\/#organization"},"articleSection":["Antalya"],"inLanguage":"uk"},{"@type":"WebPage","@id":"https:\/\/denizcankizil.tr\/uk\/haberler\/antalya\/antalyada-falezden-dusen-23-yasindaki-turist-hayatini-kaybetti\/","url":"https:\/\/denizcankizil.tr\/uk\/haberler\/antalya\/antalyada-falezden-dusen-23-yasindaki-turist-hayatini-kaybetti\/","name":"Antalya\u2019da Falezden D\u00fc\u015fen 23 Ya\u015f\u0131ndaki Turist Hayat\u0131n\u0131 Kaybetti - Av. Deniz Can K\u0131z\u0131l","isPartOf":{"@id":"https:\/\/denizcankizil.tr\/de\/#website"},"datePublished":"2025-07-07T08:41:26+00:00","breadcrumb":{"@id":"https:\/\/denizcankizil.tr\/uk\/haberler\/antalya\/antalyada-falezden-dusen-23-yasindaki-turist-hayatini-kaybetti\/#breadcrumb"},"inLanguage":"uk","potentialAction":[{"@type":"ReadAction","target":["https:\/\/denizcankizil.tr\/uk\/haberler\/antalya\/antalyada-falezden-dusen-23-yasindaki-turist-hayatini-kaybetti\/"]}]},{"@type":"BreadcrumbList","@id":"https:\/\/denizcankizil.tr\/uk\/haberler\/antalya\/antalyada-falezden-dusen-23-yasindaki-turist-hayatini-kaybetti\/#breadcrumb","itemListElement":[{"@type":"ListItem","position":1,"name":"Home","item":"https:\/\/denizcankizil.tr\/de\/"},{"@type":"ListItem","position":2,"name":"Antalya\u2019da Falezden D\u00fc\u015fen 23 Ya\u015f\u0131ndaki Turist Hayat\u0131n\u0131 Kaybetti"}]},{"@type":"WebSite","@id":"https:\/\/denizcankizil.tr\/de\/#website","url":"https:\/\/denizcankizil.tr\/de\/","name":"Av. Deniz Can K\u0131z\u0131l","description":"Avukat Deniz Can K\u0131z\u0131l Antalya Barosu","publisher":{"@id":"https:\/\/denizcankizil.tr\/de\/#organization"},"potentialAction":[{"@type":"SearchAction","target":{"@type":"EntryPoint","urlTemplate":"https:\/\/denizcankizil.tr\/de\/?s={search_term_string}"},"query-input":{"@type":"PropertyValueSpecification","valueRequired":true,"valueName":"search_term_string"}}],"inLanguage":"uk"},{"@type":"Organization","@id":"https:\/\/denizcankizil.tr\/de\/#organization","name":"Av. Deniz Can K\u0131z\u0131l","url":"https:\/\/denizcankizil.tr\/de\/","logo":{"@type":"ImageObject","inLanguage":"uk","@id":"https:\/\/denizcankizil.tr\/de\/#\/schema\/logo\/image\/","url":"https:\/\/denizcankizil.tr\/wp-content\/uploads\/2024\/10\/siyah-logo-svg.svg","contentUrl":"https:\/\/denizcankizil.tr\/wp-content\/uploads\/2024\/10\/siyah-logo-svg.svg","width":1080,"height":1080,"caption":"Av. Deniz Can K\u0131z\u0131l"},"image":{"@id":"https:\/\/denizcankizil.tr\/de\/#\/schema\/logo\/image\/"}},{"@type":"Person","@id":"https:\/\/denizcankizil.tr\/de\/#\/schema\/person\/5dc1b22991bd7ac833867c10afc9b0ff","name":"Av. Deniz Can K\u0131z\u0131l","image":{"@type":"ImageObject","inLanguage":"uk","@id":"https:\/\/denizcankizil.tr\/de\/#\/schema\/person\/image\/","url":"https:\/\/secure.gravatar.com\/avatar\/a0b128fb9855c79efc976d5640eedb31dc35ec297594d6016d2cf7c60e975bb6?s=96&d=mm&r=g","contentUrl":"https:\/\/secure.gravatar.com\/avatar\/a0b128fb9855c79efc976d5640eedb31dc35ec297594d6016d2cf7c60e975bb6?s=96&d=mm&r=g","caption":"Av. Deniz Can K\u0131z\u0131l"},"sameAs":["http:\/\/www.denizcankizil.tr"],"url":"https:\/\/denizcankizil.tr\/uk\/author\/denizcankizil\/"}]}},"_links":{"self":[{"href":"https:\/\/denizcankizil.tr\/uk\/wp-json\/wp\/v2\/posts\/138701","targetHints":{"allow":["GET"]}}],"collection":[{"href":"https:\/\/denizcankizil.tr\/uk\/wp-json\/wp\/v2\/posts"}],"about":[{"href":"https:\/\/denizcankizil.tr\/uk\/wp-json\/wp\/v2\/types\/post"}],"author":[{"embeddable":true,"href":"https:\/\/denizcankizil.tr\/uk\/wp-json\/wp\/v2\/users\/4"}],"replies":[{"embeddable":true,"href":"https:\/\/denizcankizil.tr\/uk\/wp-json\/wp\/v2\/comments?post=138701"}],"version-history":[{"count":0,"href":"https:\/\/denizcankizil.tr\/uk\/wp-json\/wp\/v2\/posts\/138701\/revisions"}],"wp:attachment":[{"href":"https:\/\/denizcankizil.tr\/uk\/wp-json\/wp\/v2\/media?parent=138701"}],"wp:term":[{"taxonomy":"category","embeddable":true,"href":"https:\/\/denizcankizil.tr\/uk\/wp-json\/wp\/v2\/categories?post=138701"},{"taxonomy":"post_tag","embeddable":true,"href":"https:\/\/denizcankizil.tr\/uk\/wp-json\/wp\/v2\/tags?post=138701"}],"curies":[{"name":"wp","href":"https:\/\/api.w.org\/{rel}","templated":true}]}}