{"id":137960,"date":"2025-07-06T18:41:16","date_gmt":"2025-07-06T15:41:16","guid":{"rendered":"https:\/\/denizcankizil.tr\/uncategorized-tr\/milli-savunma-bakanligi-aci-haberi-duyurdu-5-asker-sehit-oldu\/"},"modified":"2025-07-06T18:41:16","modified_gmt":"2025-07-06T15:41:16","slug":"milli-savunma-bakanligi-aci-haberi-duyurdu-5-asker-sehit-oldu","status":"publish","type":"post","link":"https:\/\/denizcankizil.tr\/uk\/haberler\/gundem\/milli-savunma-bakanligi-aci-haberi-duyurdu-5-asker-sehit-oldu\/","title":{"rendered":"Milli Savunma Bakanl\u0131\u011f\u0131 ac\u0131 haberi duyurdu: 5 asker \u015fehit oldu"},"content":{"rendered":"<p>Milli Savunma Bakanl\u0131\u011f\u0131, Pen\u00e7e-Kilit b\u00f6lgesindeki bir ma\u011farada arama-tarama faaliyetleri s\u0131ras\u0131nda 19 askerin metan gaz\u0131na maruz kald\u0131\u011f\u0131n\u0131, bu askerlerden 5&#8217;inin kurtar\u0131lamayarak \u015fehit oldu\u011funu a\u00e7\u0131klad\u0131.<\/p>\n<p>5 ASKER \u015eEH\u0130T OLDU<\/p>\n<p>Milli Savunma Bakanl\u0131\u011f\u0131 (MSB) ac\u0131 haberi duyurdu. Pen\u00e7e-Kilit b\u00f6lgesinde ma\u011farada arama yapt\u0131klar\u0131 s\u0131rada metan gaz\u0131na maruz kalan 5 asker \u015fehit oldu. MSB taraf\u0131ndan yap\u0131lan bilgilendirme \u015fu \u015fekilde:<\/p>\n<p>&#8211; &#8220;De\u011ferli Bas\u0131n Mensuplar\u0131, Pen\u00e7e-Kilit Harek\u00e2t\u0131 kapsam\u0131nda 28 May\u0131s 2022 tarihinde icra edilen ma\u011fara arama-temizleme faaliyeti s\u0131ras\u0131nda, ter\u00f6ristlerin a\u00e7t\u0131\u011f\u0131 ate\u015f sonucu P. \u00dct\u011fm. Nuri Melih Bozkurt \u015fehit olmu\u015f, yo\u011fun ate\u015f nedeniyle naa\u015f\u0131na ula\u015f\u0131lamam\u0131\u015ft\u0131r.<\/p>\n<p>&#8211; B\u00f6lge kontrol alt\u0131na al\u0131nm\u0131\u015f, ter\u00f6ristler etkisiz h\u00e2le getirilmi\u015f ancak t\u00fcm aramalara ra\u011fmen \u015fehidimizin naa\u015f\u0131na hen\u00fcz ula\u015f\u0131lamam\u0131\u015ft\u0131r. Arama \u00e7al\u0131\u015fmalar\u0131nda, naa\u015f\u0131n bulunabilece\u011fi t\u00fcm alanlar \u00f6zel te\u015fkil edilen ekiplerce titizlikle taranmaktad\u0131r.<\/p>\n<p>&#8211; Devam eden arama faaliyetleri kapsam\u0131nda; Pen\u00e7e-Kilit Harek\u00e2t b\u00f6lgesinde bulunan, \u00f6nceden hastane maksad\u0131yla kullan\u0131ld\u0131\u011f\u0131 bilinen, ter\u00f6ristlerden temizlenmi\u015f olan 852 rak\u0131ml\u0131 tepedeki bir ma\u011farada 6 Temmuz 2025 tarihinde yap\u0131lan arama-tarama faaliyeti s\u0131ras\u0131nda 19 personelimiz metan gaz\u0131na maruz kalm\u0131\u015f, derh\u00e2l hastaneye sevk edilmi\u015f; yap\u0131lan t\u00fcm m\u00fcdahalelere ra\u011fmen be\u015f kahraman personelimiz \u015fehit olmu\u015ftur.<\/p>\n<p>&#8211; B\u00f6lgede kurtarma faaliyetleri tam te\u00e7hizatl\u0131 AFAD ve TSK ekiplerinin koordineli \u00e7al\u0131\u015fmalar\u0131yla devam etmektedir. Bizleri derin bir ac\u0131 ve \u00fcz\u00fcnt\u00fcye bo\u011fan bu elim olayda hayat\u0131n\u0131 kaybeden aziz \u015fehitlerimize Allah\u2019tan rahmet, kederli ailelerine, T\u00fcrk Silahl\u0131 Kuvvetlerimize ve asil milletimize ba\u015fsa\u011fl\u0131\u011f\u0131 ve sab\u0131r; etkilenen personelimize acil \u015fifalar dileriz. Kamuoyuna sayg\u0131yla duyurulur.&#8221;<\/p>\n<p>\u200bMilli Savunma Bakanl\u0131\u011f\u0131, Pen\u00e7e-Kilit b\u00f6lgesinde bir ma\u011farada arama yapan 19 askerin metan gaz\u0131 nedeniyle zehirlendi\u011fini, 5 askerin ise \u015fehit oldu\u011funu a\u00e7\u0131klad\u0131.\u00a0<\/p>\n<p>\u200bHaberin Al\u0131nt\u0131land\u0131\u011f\u0131 Kaynak: www.antalyakorfez.com<\/p>","protected":false},"excerpt":{"rendered":"<p>Milli Savunma Bakanl\u0131\u011f\u0131, Pen\u00e7e-Kilit b\u00f6lgesindeki bir ma\u011farada arama-tarama faaliyetleri s\u0131ras\u0131nda 19 askerin metan gaz\u0131na maruz kald\u0131\u011f\u0131n\u0131, bu askerlerden 5&#8217;inin kurtar\u0131lamayarak \u015fehit oldu\u011funu a\u00e7\u0131klad\u0131. 5 ASKER \u015eEH\u0130T OLDU Milli Savunma Bakanl\u0131\u011f\u0131 (MSB) ac\u0131 haberi duyurdu. Pen\u00e7e-Kilit b\u00f6lgesinde ma\u011farada arama yapt\u0131klar\u0131 s\u0131rada metan gaz\u0131na maruz kalan 5 asker \u015fehit oldu. MSB taraf\u0131ndan yap\u0131lan bilgilendirme \u015fu \u015fekilde: &#8211; &#8220;De\u011ferli Bas\u0131n Mensuplar\u0131, Pen\u00e7e-Kilit Harek\u00e2t\u0131 kapsam\u0131nda 28 May\u0131s 2022 tarihinde icra edilen ma\u011fara arama-temizleme faaliyeti s\u0131ras\u0131nda, ter\u00f6ristlerin a\u00e7t\u0131\u011f\u0131 ate\u015f sonucu P. \u00dct\u011fm. Nuri Melih Bozkurt \u015fehit olmu\u015f, yo\u011fun ate\u015f nedeniyle naa\u015f\u0131na ula\u015f\u0131lamam\u0131\u015ft\u0131r. &#8211; B\u00f6lge kontrol alt\u0131na al\u0131nm\u0131\u015f, ter\u00f6ristler etkisiz h\u00e2le getirilmi\u015f ancak t\u00fcm aramalara ra\u011fmen \u015fehidimizin naa\u015f\u0131na hen\u00fcz ula\u015f\u0131lamam\u0131\u015ft\u0131r. Arama \u00e7al\u0131\u015fmalar\u0131nda, naa\u015f\u0131n bulunabilece\u011fi t\u00fcm alanlar \u00f6zel te\u015fkil edilen ekiplerce titizlikle taranmaktad\u0131r. &#8211; Devam eden arama faaliyetleri kapsam\u0131nda; Pen\u00e7e-Kilit Harek\u00e2t b\u00f6lgesinde bulunan, \u00f6nceden hastane maksad\u0131yla kullan\u0131ld\u0131\u011f\u0131 bilinen, ter\u00f6ristlerden temizlenmi\u015f olan 852 rak\u0131ml\u0131 tepedeki bir ma\u011farada 6 Temmuz 2025 tarihinde yap\u0131lan arama-tarama faaliyeti s\u0131ras\u0131nda 19 personelimiz metan gaz\u0131na maruz kalm\u0131\u015f, derh\u00e2l hastaneye sevk edilmi\u015f; yap\u0131lan t\u00fcm m\u00fcdahalelere ra\u011fmen be\u015f kahraman personelimiz \u015fehit olmu\u015ftur. &#8211; B\u00f6lgede kurtarma faaliyetleri tam te\u00e7hizatl\u0131 AFAD ve TSK ekiplerinin koordineli \u00e7al\u0131\u015fmalar\u0131yla devam etmektedir. Bizleri derin bir ac\u0131 ve \u00fcz\u00fcnt\u00fcye bo\u011fan bu elim olayda hayat\u0131n\u0131 kaybeden aziz \u015fehitlerimize Allah\u2019tan rahmet, kederli ailelerine, T\u00fcrk Silahl\u0131 &hellip;<\/p>","protected":false},"author":5,"featured_media":0,"comment_status":"","ping_status":"open","sticky":false,"template":"","format":"standard","meta":{"_acf_changed":false,"footnotes":""},"categories":[24],"tags":[],"class_list":["post-137960","post","type-post","status-publish","format-standard","has-post-thumbnail","hentry","category-gundem"],"acf":[],"yoast_head":"<!-- This site is optimized with the Yoast SEO Premium plugin v26.6 (Yoast SEO v27.1.1) - https:\/\/yoast.com\/product\/yoast-seo-premium-wordpress\/ -->\n<title>Milli Savunma Bakanl\u0131\u011f\u0131 ac\u0131 haberi duyurdu: 5 asker \u015fehit oldu - Av. Deniz Can K\u0131z\u0131l<\/title>\n<meta name=\"robots\" content=\"index, follow, max-snippet:-1, max-image-preview:large, max-video-preview:-1\" \/>\n<link rel=\"canonical\" href=\"https:\/\/denizcankizil.tr\/uk\/haberler\/gundem\/milli-savunma-bakanligi-aci-haberi-duyurdu-5-asker-sehit-oldu\/\" \/>\n<meta property=\"og:locale\" content=\"uk_UA\" \/>\n<meta property=\"og:type\" content=\"article\" \/>\n<meta property=\"og:title\" content=\"Milli Savunma Bakanl\u0131\u011f\u0131 ac\u0131 haberi duyurdu: 5 asker \u015fehit oldu\" \/>\n<meta property=\"og:description\" content=\"Milli Savunma Bakanl\u0131\u011f\u0131, Pen\u00e7e-Kilit b\u00f6lgesindeki bir ma\u011farada arama-tarama faaliyetleri s\u0131ras\u0131nda 19 askerin metan gaz\u0131na maruz kald\u0131\u011f\u0131n\u0131, bu askerlerden 5&#8217;inin kurtar\u0131lamayarak \u015fehit oldu\u011funu a\u00e7\u0131klad\u0131. 5 ASKER \u015eEH\u0130T OLDU Milli Savunma Bakanl\u0131\u011f\u0131 (MSB) ac\u0131 haberi duyurdu. Pen\u00e7e-Kilit b\u00f6lgesinde ma\u011farada arama yapt\u0131klar\u0131 s\u0131rada metan gaz\u0131na maruz kalan 5 asker \u015fehit oldu. MSB taraf\u0131ndan yap\u0131lan bilgilendirme \u015fu \u015fekilde: &#8211; &#8220;De\u011ferli Bas\u0131n Mensuplar\u0131, Pen\u00e7e-Kilit Harek\u00e2t\u0131 kapsam\u0131nda 28 May\u0131s 2022 tarihinde icra edilen ma\u011fara arama-temizleme faaliyeti s\u0131ras\u0131nda, ter\u00f6ristlerin a\u00e7t\u0131\u011f\u0131 ate\u015f sonucu P. \u00dct\u011fm. Nuri Melih Bozkurt \u015fehit olmu\u015f, yo\u011fun ate\u015f nedeniyle naa\u015f\u0131na ula\u015f\u0131lamam\u0131\u015ft\u0131r. &#8211; B\u00f6lge kontrol alt\u0131na al\u0131nm\u0131\u015f, ter\u00f6ristler etkisiz h\u00e2le getirilmi\u015f ancak t\u00fcm aramalara ra\u011fmen \u015fehidimizin naa\u015f\u0131na hen\u00fcz ula\u015f\u0131lamam\u0131\u015ft\u0131r. Arama \u00e7al\u0131\u015fmalar\u0131nda, naa\u015f\u0131n bulunabilece\u011fi t\u00fcm alanlar \u00f6zel te\u015fkil edilen ekiplerce titizlikle taranmaktad\u0131r. &#8211; Devam eden arama faaliyetleri kapsam\u0131nda; Pen\u00e7e-Kilit Harek\u00e2t b\u00f6lgesinde bulunan, \u00f6nceden hastane maksad\u0131yla kullan\u0131ld\u0131\u011f\u0131 bilinen, ter\u00f6ristlerden temizlenmi\u015f olan 852 rak\u0131ml\u0131 tepedeki bir ma\u011farada 6 Temmuz 2025 tarihinde yap\u0131lan arama-tarama faaliyeti s\u0131ras\u0131nda 19 personelimiz metan gaz\u0131na maruz kalm\u0131\u015f, derh\u00e2l hastaneye sevk edilmi\u015f; yap\u0131lan t\u00fcm m\u00fcdahalelere ra\u011fmen be\u015f kahraman personelimiz \u015fehit olmu\u015ftur. &#8211; B\u00f6lgede kurtarma faaliyetleri tam te\u00e7hizatl\u0131 AFAD ve TSK ekiplerinin koordineli \u00e7al\u0131\u015fmalar\u0131yla devam etmektedir. Bizleri derin bir ac\u0131 ve \u00fcz\u00fcnt\u00fcye bo\u011fan bu elim olayda hayat\u0131n\u0131 kaybeden aziz \u015fehitlerimize Allah\u2019tan rahmet, kederli ailelerine, T\u00fcrk Silahl\u0131 &hellip;\" \/>\n<meta property=\"og:url\" content=\"https:\/\/denizcankizil.tr\/uk\/haberler\/gundem\/milli-savunma-bakanligi-aci-haberi-duyurdu-5-asker-sehit-oldu\/\" \/>\n<meta property=\"og:site_name\" content=\"Av. Deniz Can K\u0131z\u0131l\" \/>\n<meta property=\"article:published_time\" content=\"2025-07-06T15:41:16+00:00\" \/>\n<meta name=\"author\" content=\"Antalya K\u00f6rfez\" \/>\n<meta name=\"twitter:card\" content=\"summary_large_image\" \/>\n<meta name=\"twitter:label1\" content=\"\u041d\u0430\u043f\u0438\u0441\u0430\u043d\u043e\" \/>\n\t<meta name=\"twitter:data1\" content=\"Antalya K\u00f6rfez\" \/>\n\t<meta name=\"twitter:label2\" content=\"\u041f\u0440\u0438\u0431\u043b. \u0447\u0430\u0441 \u0447\u0438\u0442\u0430\u043d\u043d\u044f\" \/>\n\t<meta name=\"twitter:data2\" content=\"2 \u0445\u0432\u0438\u043b\u0438\u043d\u0438\" \/>\n<script type=\"application\/ld+json\" class=\"yoast-schema-graph\">{\"@context\":\"https:\/\/schema.org\",\"@graph\":[{\"@type\":\"Article\",\"@id\":\"https:\/\/denizcankizil.tr\/haberler\/gundem\/milli-savunma-bakanligi-aci-haberi-duyurdu-5-asker-sehit-oldu\/#article\",\"isPartOf\":{\"@id\":\"https:\/\/denizcankizil.tr\/haberler\/gundem\/milli-savunma-bakanligi-aci-haberi-duyurdu-5-asker-sehit-oldu\/\"},\"author\":{\"name\":\"Antalya K\u00f6rfez\",\"@id\":\"https:\/\/denizcankizil.tr\/de\/#\/schema\/person\/e1eb71bb4dd684d46563f0af307e1234\"},\"headline\":\"Milli Savunma Bakanl\u0131\u011f\u0131 ac\u0131 haberi duyurdu: 5 asker \u015fehit oldu\",\"datePublished\":\"2025-07-06T15:41:16+00:00\",\"mainEntityOfPage\":{\"@id\":\"https:\/\/denizcankizil.tr\/haberler\/gundem\/milli-savunma-bakanligi-aci-haberi-duyurdu-5-asker-sehit-oldu\/\"},\"wordCount\":336,\"publisher\":{\"@id\":\"https:\/\/denizcankizil.tr\/de\/#organization\"},\"articleSection\":[\"G\u00fcndem\"],\"inLanguage\":\"uk\"},{\"@type\":\"WebPage\",\"@id\":\"https:\/\/denizcankizil.tr\/haberler\/gundem\/milli-savunma-bakanligi-aci-haberi-duyurdu-5-asker-sehit-oldu\/\",\"url\":\"https:\/\/denizcankizil.tr\/haberler\/gundem\/milli-savunma-bakanligi-aci-haberi-duyurdu-5-asker-sehit-oldu\/\",\"name\":\"Milli Savunma Bakanl\u0131\u011f\u0131 ac\u0131 haberi duyurdu: 5 asker \u015fehit oldu - Av. Deniz Can K\u0131z\u0131l\",\"isPartOf\":{\"@id\":\"https:\/\/denizcankizil.tr\/de\/#website\"},\"datePublished\":\"2025-07-06T15:41:16+00:00\",\"breadcrumb\":{\"@id\":\"https:\/\/denizcankizil.tr\/haberler\/gundem\/milli-savunma-bakanligi-aci-haberi-duyurdu-5-asker-sehit-oldu\/#breadcrumb\"},\"inLanguage\":\"uk\",\"potentialAction\":[{\"@type\":\"ReadAction\",\"target\":[\"https:\/\/denizcankizil.tr\/haberler\/gundem\/milli-savunma-bakanligi-aci-haberi-duyurdu-5-asker-sehit-oldu\/\"]}]},{\"@type\":\"BreadcrumbList\",\"@id\":\"https:\/\/denizcankizil.tr\/haberler\/gundem\/milli-savunma-bakanligi-aci-haberi-duyurdu-5-asker-sehit-oldu\/#breadcrumb\",\"itemListElement\":[{\"@type\":\"ListItem\",\"position\":1,\"name\":\"Home\",\"item\":\"https:\/\/denizcankizil.tr\/de\/\"},{\"@type\":\"ListItem\",\"position\":2,\"name\":\"Milli Savunma Bakanl\u0131\u011f\u0131 ac\u0131 haberi duyurdu: 5 asker \u015fehit oldu\"}]},{\"@type\":\"WebSite\",\"@id\":\"https:\/\/denizcankizil.tr\/de\/#website\",\"url\":\"https:\/\/denizcankizil.tr\/de\/\",\"name\":\"Av. Deniz Can K\u0131z\u0131l\",\"description\":\"Avukat Deniz Can K\u0131z\u0131l Antalya Barosu\",\"publisher\":{\"@id\":\"https:\/\/denizcankizil.tr\/de\/#organization\"},\"potentialAction\":[{\"@type\":\"SearchAction\",\"target\":{\"@type\":\"EntryPoint\",\"urlTemplate\":\"https:\/\/denizcankizil.tr\/de\/?s={search_term_string}\"},\"query-input\":{\"@type\":\"PropertyValueSpecification\",\"valueRequired\":true,\"valueName\":\"search_term_string\"}}],\"inLanguage\":\"uk\"},{\"@type\":\"Organization\",\"@id\":\"https:\/\/denizcankizil.tr\/de\/#organization\",\"name\":\"Av. Deniz Can K\u0131z\u0131l\",\"url\":\"https:\/\/denizcankizil.tr\/de\/\",\"logo\":{\"@type\":\"ImageObject\",\"inLanguage\":\"uk\",\"@id\":\"https:\/\/denizcankizil.tr\/de\/#\/schema\/logo\/image\/\",\"url\":\"https:\/\/denizcankizil.tr\/wp-content\/uploads\/2024\/10\/siyah-logo-svg.svg\",\"contentUrl\":\"https:\/\/denizcankizil.tr\/wp-content\/uploads\/2024\/10\/siyah-logo-svg.svg\",\"width\":1080,\"height\":1080,\"caption\":\"Av. Deniz Can K\u0131z\u0131l\"},\"image\":{\"@id\":\"https:\/\/denizcankizil.tr\/de\/#\/schema\/logo\/image\/\"}},{\"@type\":\"Person\",\"@id\":\"https:\/\/denizcankizil.tr\/de\/#\/schema\/person\/e1eb71bb4dd684d46563f0af307e1234\",\"name\":\"Antalya K\u00f6rfez\",\"image\":{\"@type\":\"ImageObject\",\"inLanguage\":\"uk\",\"@id\":\"https:\/\/denizcankizil.tr\/de\/#\/schema\/person\/image\/\",\"url\":\"https:\/\/secure.gravatar.com\/avatar\/42b01982558a48a0b501fdcab6a408d3717ea5919095ee2e67b0e521799c5905?s=96&d=mm&r=g\",\"contentUrl\":\"https:\/\/secure.gravatar.com\/avatar\/42b01982558a48a0b501fdcab6a408d3717ea5919095ee2e67b0e521799c5905?s=96&d=mm&r=g\",\"caption\":\"Antalya K\u00f6rfez\"},\"sameAs\":[\"http:\/\/www.antalyakorfez.com\"],\"url\":\"https:\/\/www.antalyakorfez.com\/milli-savunma-bakanligi-aci-haberi-duyurdu-5-asker-sehit-oldu\"}]}<\/script>\n<!-- \/ Yoast SEO Premium plugin. -->","yoast_head_json":{"title":"Milli Savunma Bakanl\u0131\u011f\u0131 ac\u0131 haberi duyurdu: 5 asker \u015fehit oldu - Av. Deniz Can K\u0131z\u0131l","robots":{"index":"index","follow":"follow","max-snippet":"max-snippet:-1","max-image-preview":"max-image-preview:large","max-video-preview":"max-video-preview:-1"},"canonical":"https:\/\/denizcankizil.tr\/uk\/haberler\/gundem\/milli-savunma-bakanligi-aci-haberi-duyurdu-5-asker-sehit-oldu\/","og_locale":"uk_UA","og_type":"article","og_title":"Milli Savunma Bakanl\u0131\u011f\u0131 ac\u0131 haberi duyurdu: 5 asker \u015fehit oldu","og_description":"Milli Savunma Bakanl\u0131\u011f\u0131, Pen\u00e7e-Kilit b\u00f6lgesindeki bir ma\u011farada arama-tarama faaliyetleri s\u0131ras\u0131nda 19 askerin metan gaz\u0131na maruz kald\u0131\u011f\u0131n\u0131, bu askerlerden 5&#8217;inin kurtar\u0131lamayarak \u015fehit oldu\u011funu a\u00e7\u0131klad\u0131. 5 ASKER \u015eEH\u0130T OLDU Milli Savunma Bakanl\u0131\u011f\u0131 (MSB) ac\u0131 haberi duyurdu. Pen\u00e7e-Kilit b\u00f6lgesinde ma\u011farada arama yapt\u0131klar\u0131 s\u0131rada metan gaz\u0131na maruz kalan 5 asker \u015fehit oldu. MSB taraf\u0131ndan yap\u0131lan bilgilendirme \u015fu \u015fekilde: &#8211; &#8220;De\u011ferli Bas\u0131n Mensuplar\u0131, Pen\u00e7e-Kilit Harek\u00e2t\u0131 kapsam\u0131nda 28 May\u0131s 2022 tarihinde icra edilen ma\u011fara arama-temizleme faaliyeti s\u0131ras\u0131nda, ter\u00f6ristlerin a\u00e7t\u0131\u011f\u0131 ate\u015f sonucu P. \u00dct\u011fm. Nuri Melih Bozkurt \u015fehit olmu\u015f, yo\u011fun ate\u015f nedeniyle naa\u015f\u0131na ula\u015f\u0131lamam\u0131\u015ft\u0131r. &#8211; B\u00f6lge kontrol alt\u0131na al\u0131nm\u0131\u015f, ter\u00f6ristler etkisiz h\u00e2le getirilmi\u015f ancak t\u00fcm aramalara ra\u011fmen \u015fehidimizin naa\u015f\u0131na hen\u00fcz ula\u015f\u0131lamam\u0131\u015ft\u0131r. Arama \u00e7al\u0131\u015fmalar\u0131nda, naa\u015f\u0131n bulunabilece\u011fi t\u00fcm alanlar \u00f6zel te\u015fkil edilen ekiplerce titizlikle taranmaktad\u0131r. &#8211; Devam eden arama faaliyetleri kapsam\u0131nda; Pen\u00e7e-Kilit Harek\u00e2t b\u00f6lgesinde bulunan, \u00f6nceden hastane maksad\u0131yla kullan\u0131ld\u0131\u011f\u0131 bilinen, ter\u00f6ristlerden temizlenmi\u015f olan 852 rak\u0131ml\u0131 tepedeki bir ma\u011farada 6 Temmuz 2025 tarihinde yap\u0131lan arama-tarama faaliyeti s\u0131ras\u0131nda 19 personelimiz metan gaz\u0131na maruz kalm\u0131\u015f, derh\u00e2l hastaneye sevk edilmi\u015f; yap\u0131lan t\u00fcm m\u00fcdahalelere ra\u011fmen be\u015f kahraman personelimiz \u015fehit olmu\u015ftur. &#8211; B\u00f6lgede kurtarma faaliyetleri tam te\u00e7hizatl\u0131 AFAD ve TSK ekiplerinin koordineli \u00e7al\u0131\u015fmalar\u0131yla devam etmektedir. Bizleri derin bir ac\u0131 ve \u00fcz\u00fcnt\u00fcye bo\u011fan bu elim olayda hayat\u0131n\u0131 kaybeden aziz \u015fehitlerimize Allah\u2019tan rahmet, kederli ailelerine, T\u00fcrk Silahl\u0131 &hellip;","og_url":"https:\/\/denizcankizil.tr\/uk\/haberler\/gundem\/milli-savunma-bakanligi-aci-haberi-duyurdu-5-asker-sehit-oldu\/","og_site_name":"Av. Deniz Can K\u0131z\u0131l","article_published_time":"2025-07-06T15:41:16+00:00","author":"Antalya K\u00f6rfez","twitter_card":"summary_large_image","twitter_misc":{"\u041d\u0430\u043f\u0438\u0441\u0430\u043d\u043e":"Antalya K\u00f6rfez","\u041f\u0440\u0438\u0431\u043b. \u0447\u0430\u0441 \u0447\u0438\u0442\u0430\u043d\u043d\u044f":"2 \u0445\u0432\u0438\u043b\u0438\u043d\u0438"},"schema":{"@context":"https:\/\/schema.org","@graph":[{"@type":"Article","@id":"https:\/\/denizcankizil.tr\/haberler\/gundem\/milli-savunma-bakanligi-aci-haberi-duyurdu-5-asker-sehit-oldu\/#article","isPartOf":{"@id":"https:\/\/denizcankizil.tr\/haberler\/gundem\/milli-savunma-bakanligi-aci-haberi-duyurdu-5-asker-sehit-oldu\/"},"author":{"name":"Antalya K\u00f6rfez","@id":"https:\/\/denizcankizil.tr\/de\/#\/schema\/person\/e1eb71bb4dd684d46563f0af307e1234"},"headline":"Milli Savunma Bakanl\u0131\u011f\u0131 ac\u0131 haberi duyurdu: 5 asker \u015fehit oldu","datePublished":"2025-07-06T15:41:16+00:00","mainEntityOfPage":{"@id":"https:\/\/denizcankizil.tr\/haberler\/gundem\/milli-savunma-bakanligi-aci-haberi-duyurdu-5-asker-sehit-oldu\/"},"wordCount":336,"publisher":{"@id":"https:\/\/denizcankizil.tr\/de\/#organization"},"articleSection":["G\u00fcndem"],"inLanguage":"uk"},{"@type":"WebPage","@id":"https:\/\/denizcankizil.tr\/haberler\/gundem\/milli-savunma-bakanligi-aci-haberi-duyurdu-5-asker-sehit-oldu\/","url":"https:\/\/denizcankizil.tr\/haberler\/gundem\/milli-savunma-bakanligi-aci-haberi-duyurdu-5-asker-sehit-oldu\/","name":"Milli Savunma Bakanl\u0131\u011f\u0131 ac\u0131 haberi duyurdu: 5 asker \u015fehit oldu - Av. Deniz Can K\u0131z\u0131l","isPartOf":{"@id":"https:\/\/denizcankizil.tr\/de\/#website"},"datePublished":"2025-07-06T15:41:16+00:00","breadcrumb":{"@id":"https:\/\/denizcankizil.tr\/haberler\/gundem\/milli-savunma-bakanligi-aci-haberi-duyurdu-5-asker-sehit-oldu\/#breadcrumb"},"inLanguage":"uk","potentialAction":[{"@type":"ReadAction","target":["https:\/\/denizcankizil.tr\/haberler\/gundem\/milli-savunma-bakanligi-aci-haberi-duyurdu-5-asker-sehit-oldu\/"]}]},{"@type":"BreadcrumbList","@id":"https:\/\/denizcankizil.tr\/haberler\/gundem\/milli-savunma-bakanligi-aci-haberi-duyurdu-5-asker-sehit-oldu\/#breadcrumb","itemListElement":[{"@type":"ListItem","position":1,"name":"Home","item":"https:\/\/denizcankizil.tr\/de\/"},{"@type":"ListItem","position":2,"name":"Milli Savunma Bakanl\u0131\u011f\u0131 ac\u0131 haberi duyurdu: 5 asker \u015fehit oldu"}]},{"@type":"WebSite","@id":"https:\/\/denizcankizil.tr\/de\/#website","url":"https:\/\/denizcankizil.tr\/de\/","name":"Av. Deniz Can K\u0131z\u0131l","description":"Avukat Deniz Can K\u0131z\u0131l Antalya Barosu","publisher":{"@id":"https:\/\/denizcankizil.tr\/de\/#organization"},"potentialAction":[{"@type":"SearchAction","target":{"@type":"EntryPoint","urlTemplate":"https:\/\/denizcankizil.tr\/de\/?s={search_term_string}"},"query-input":{"@type":"PropertyValueSpecification","valueRequired":true,"valueName":"search_term_string"}}],"inLanguage":"uk"},{"@type":"Organization","@id":"https:\/\/denizcankizil.tr\/de\/#organization","name":"Av. Deniz Can K\u0131z\u0131l","url":"https:\/\/denizcankizil.tr\/de\/","logo":{"@type":"ImageObject","inLanguage":"uk","@id":"https:\/\/denizcankizil.tr\/de\/#\/schema\/logo\/image\/","url":"https:\/\/denizcankizil.tr\/wp-content\/uploads\/2024\/10\/siyah-logo-svg.svg","contentUrl":"https:\/\/denizcankizil.tr\/wp-content\/uploads\/2024\/10\/siyah-logo-svg.svg","width":1080,"height":1080,"caption":"Av. Deniz Can K\u0131z\u0131l"},"image":{"@id":"https:\/\/denizcankizil.tr\/de\/#\/schema\/logo\/image\/"}},{"@type":"Person","@id":"https:\/\/denizcankizil.tr\/de\/#\/schema\/person\/e1eb71bb4dd684d46563f0af307e1234","name":"Antalya K\u00f6rfez","image":{"@type":"ImageObject","inLanguage":"uk","@id":"https:\/\/denizcankizil.tr\/de\/#\/schema\/person\/image\/","url":"https:\/\/secure.gravatar.com\/avatar\/42b01982558a48a0b501fdcab6a408d3717ea5919095ee2e67b0e521799c5905?s=96&d=mm&r=g","contentUrl":"https:\/\/secure.gravatar.com\/avatar\/42b01982558a48a0b501fdcab6a408d3717ea5919095ee2e67b0e521799c5905?s=96&d=mm&r=g","caption":"Antalya K\u00f6rfez"},"sameAs":["http:\/\/www.antalyakorfez.com"],"url":"https:\/\/www.antalyakorfez.com\/milli-savunma-bakanligi-aci-haberi-duyurdu-5-asker-sehit-oldu"}]}},"_links":{"self":[{"href":"https:\/\/denizcankizil.tr\/uk\/wp-json\/wp\/v2\/posts\/137960","targetHints":{"allow":["GET"]}}],"collection":[{"href":"https:\/\/denizcankizil.tr\/uk\/wp-json\/wp\/v2\/posts"}],"about":[{"href":"https:\/\/denizcankizil.tr\/uk\/wp-json\/wp\/v2\/types\/post"}],"author":[{"embeddable":true,"href":"https:\/\/denizcankizil.tr\/uk\/wp-json\/wp\/v2\/users\/5"}],"replies":[{"embeddable":true,"href":"https:\/\/denizcankizil.tr\/uk\/wp-json\/wp\/v2\/comments?post=137960"}],"version-history":[{"count":0,"href":"https:\/\/denizcankizil.tr\/uk\/wp-json\/wp\/v2\/posts\/137960\/revisions"}],"wp:attachment":[{"href":"https:\/\/denizcankizil.tr\/uk\/wp-json\/wp\/v2\/media?parent=137960"}],"wp:term":[{"taxonomy":"category","embeddable":true,"href":"https:\/\/denizcankizil.tr\/uk\/wp-json\/wp\/v2\/categories?post=137960"},{"taxonomy":"post_tag","embeddable":true,"href":"https:\/\/denizcankizil.tr\/uk\/wp-json\/wp\/v2\/tags?post=137960"}],"curies":[{"name":"wp","href":"https:\/\/api.w.org\/{rel}","templated":true}]}}