{"id":137959,"date":"2025-07-06T18:41:15","date_gmt":"2025-07-06T15:41:15","guid":{"rendered":"https:\/\/denizcankizil.tr\/uncategorized-tr\/siradaki-operasyonun-adresi-ankara-mi-mansur-yavas-o-kritik-soruya-cevap-verdi\/"},"modified":"2025-07-06T18:41:15","modified_gmt":"2025-07-06T15:41:15","slug":"siradaki-operasyonun-adresi-ankara-mi-mansur-yavas-o-kritik-soruya-cevap-verdi","status":"publish","type":"post","link":"https:\/\/denizcankizil.tr\/uk\/haberler\/gundem\/siradaki-operasyonun-adresi-ankara-mi-mansur-yavas-o-kritik-soruya-cevap-verdi\/","title":{"rendered":"S\u0131radaki operasyonun adresi Ankara m\u0131? Mansur Yava\u015f o kritik soruya cevap verdi"},"content":{"rendered":"<p>\u0130stanbul\u2019da ba\u015flat\u0131lan operasyonlar\u0131n 5.dalgasu Adana, Ad\u0131yaman ve Antalya\u2019ya s\u0131\u00e7rad\u0131. 3 ilde ger\u00e7ekle\u015fen operasyonlar sonucu Adana B\u00fcy\u00fck\u015fehir Belediye Ba\u015fkan\u0131 Zeydan Karalar, Ad\u0131yaman Belediye Ba\u015fkan\u0131 Abdurrahman Tutdere g\u00f6zalt\u0131na al\u0131n\u0131rken Antalya B\u00fcy\u00fck\u015fehir Belediye Ba\u015fkan\u0131 Muhittin B\u00f6cek ise tutukland\u0131. Ankara B\u00fcy\u00fck\u015fehir Belediye Balkan\u0131 Mansur Yava\u015f ise ya\u015fananlara tepki g\u00f6sterdi.<\/p>\n<p>SIRADAK\u0130 ADRES ANKARA MI?<\/p>\n<p>CHP\u2019li belediye ba\u015fkanlar\u0131n\u0131n tutuklanmas\u0131na tepki g\u00f6steren Ba\u015fkan Yava\u015f, \u201cAnkara\u2019ya, Mansur Yava\u015f\u2019a da bir operasyon gelir mi?\u201d sorusuna ise cevap verdi. Yava\u015f, saklayacak bir \u015feyleri olmad\u0131\u011f\u0131na vurgu yaparak, \u201cTertemiz ismimizi kirletmeye niyetimiz yok\u201d vurgusu yapan Yava\u015f \u015funlar\u0131 s\u00f6yledi: Geldi\u011fimizden beri biz \u015funu anlatmaya \u00e7al\u0131\u015ft\u0131k. Kamu kurumlar\u0131n\u0131n d\u00fcr\u00fcst \u015fekilde \u00e7al\u0131\u015faca\u011f\u0131n\u0131 ispatlamaya \u00e7al\u0131\u015ft\u0131k. \u015eeffaf \u015fekilde t\u00fcm ihalelerimizi canl\u0131 yay\u0131nl\u0131yoruz. 5 bin tanesi YouTube\u2019da. Belediyede biri yanl\u0131\u015f yapt\u0131 diye ben de o yanl\u0131\u015f\u0131 yapmak zorunda de\u011filim. Tertemiz ismimizi kirletmeye niyetimiz yok. Aln\u0131m\u0131z a\u00e7\u0131k, korktu\u011fumuz bir \u015fey yok. Daha \u00f6nce bu iftiralar\u0131 atanlar\u0131n ba\u015f\u0131na ne gelecekse yine gelir. Halk da hesab\u0131n\u0131 sorar. Tutuklama tehdidi ile insanlar\u0131 ifadeye zorlarsan\u0131z bir yerde zaten iftara atacakt\u0131r. Aln\u0131m\u0131z a\u00e7\u0131k, korktu\u011fumuz bir \u015fey yok. Daha \u00f6nce bu iftiralar\u0131 atanlar\u0131n ba\u015f\u0131na ne gelecekse yine gelir. Halk da hesab\u0131n\u0131 sorar\u201d dedi.<\/p>\n<p>\u201cHUKUK YA HERKES \u0130\u00c7\u0130N VARDIR YA DA YOKTUR\u201d<\/p>\n<p>CHP\u2019li belediyelere y\u00f6nelik operasyonlar ger\u00e7ekle\u015firken AK Partili belediyelerin ise neden bu kapsama dahil edilmedi\u011fini soran Yava\u015f, \u201cMadem Aziz \u0130hsan Akta\u015f herkese para da\u011f\u0131tm\u0131\u015f, o zaman bu kirli d\u00fczen sadece muhalif ba\u015fkanlar\u0131 m\u0131 hedef alacak? Para verilen AK Partili isimler nerede? Onlar i\u00e7in neden ayn\u0131 kararl\u0131l\u0131k g\u00f6sterilmiyor? Hukukun siyasete g\u00f6re e\u011filip b\u00fck\u00fcld\u00fc\u011f\u00fc, adaletin bir kesim i\u00e7in uygulan\u0131p bir kesim i\u00e7in g\u00f6rmezden gelindi\u011fi bir d\u00fczende kimse bizden hukuk devletine g\u00fcvenmemizi, adalete inanmam\u0131z\u0131 beklemesin. Buradan sesleniyoruz: Hukuk ya herkes i\u00e7in vard\u0131r ya da hi\u00e7 kimse i\u00e7in yoktur! Haks\u0131zl\u0131\u011fa, hukuksuzlu\u011fa, siyasi operasyonlara boyun e\u011fmeyece\u011fiz\u201d ifadelerini kulland\u0131.<\/p>\n<p>\u200b\u0130stanbul&#8217;da ba\u015flayan ve T\u00fcrkiye geneline yay\u0131lan operasyonlar\u0131n s\u0131radaki adresinin &#8216;Ankara&#8217; olaca\u011f\u0131 iddia edildi. Ankara B\u00fcy\u00fck\u015fehir Belediye Ba\u015fkan\u0131 Mansur Yava\u015f ise \u201cOperasyonlar\u0131n ucu Ankara\u2019ya uzan\u0131r m\u0131?\u201d sorusuna cevap verdi. \u0130\u015fte detaylar\u2026\u00a0<\/p>\n<p>\u200bHaberin Al\u0131nt\u0131land\u0131\u011f\u0131 Kaynak: www.antalyakorfez.com<\/p>","protected":false},"excerpt":{"rendered":"<p>\u0130stanbul\u2019da ba\u015flat\u0131lan operasyonlar\u0131n 5.dalgasu Adana, Ad\u0131yaman ve Antalya\u2019ya s\u0131\u00e7rad\u0131. 3 ilde ger\u00e7ekle\u015fen operasyonlar sonucu Adana B\u00fcy\u00fck\u015fehir Belediye Ba\u015fkan\u0131 Zeydan Karalar, Ad\u0131yaman Belediye Ba\u015fkan\u0131 Abdurrahman Tutdere g\u00f6zalt\u0131na al\u0131n\u0131rken Antalya B\u00fcy\u00fck\u015fehir Belediye Ba\u015fkan\u0131 Muhittin B\u00f6cek ise tutukland\u0131. Ankara B\u00fcy\u00fck\u015fehir Belediye Balkan\u0131 Mansur Yava\u015f ise ya\u015fananlara tepki g\u00f6sterdi. SIRADAK\u0130 ADRES ANKARA MI? CHP\u2019li belediye ba\u015fkanlar\u0131n\u0131n tutuklanmas\u0131na tepki g\u00f6steren Ba\u015fkan Yava\u015f, \u201cAnkara\u2019ya, Mansur Yava\u015f\u2019a da bir operasyon gelir mi?\u201d sorusuna ise cevap verdi. Yava\u015f, saklayacak bir \u015feyleri olmad\u0131\u011f\u0131na vurgu yaparak, \u201cTertemiz ismimizi kirletmeye niyetimiz yok\u201d vurgusu yapan Yava\u015f \u015funlar\u0131 s\u00f6yledi: Geldi\u011fimizden beri biz \u015funu anlatmaya \u00e7al\u0131\u015ft\u0131k. Kamu kurumlar\u0131n\u0131n d\u00fcr\u00fcst \u015fekilde \u00e7al\u0131\u015faca\u011f\u0131n\u0131 ispatlamaya \u00e7al\u0131\u015ft\u0131k. \u015eeffaf \u015fekilde t\u00fcm ihalelerimizi canl\u0131 yay\u0131nl\u0131yoruz. 5 bin tanesi YouTube\u2019da. Belediyede biri yanl\u0131\u015f yapt\u0131 diye ben de o yanl\u0131\u015f\u0131 yapmak zorunda de\u011filim. Tertemiz ismimizi kirletmeye niyetimiz yok. Aln\u0131m\u0131z a\u00e7\u0131k, korktu\u011fumuz bir \u015fey yok. Daha \u00f6nce bu iftiralar\u0131 atanlar\u0131n ba\u015f\u0131na ne gelecekse yine gelir. Halk da hesab\u0131n\u0131 sorar. Tutuklama tehdidi ile insanlar\u0131 ifadeye zorlarsan\u0131z bir yerde zaten iftara atacakt\u0131r. Aln\u0131m\u0131z a\u00e7\u0131k, korktu\u011fumuz bir \u015fey yok. Daha \u00f6nce bu iftiralar\u0131 atanlar\u0131n ba\u015f\u0131na ne gelecekse yine gelir. Halk da hesab\u0131n\u0131 sorar\u201d dedi. \u201cHUKUK YA HERKES \u0130\u00c7\u0130N VARDIR YA DA YOKTUR\u201d CHP\u2019li belediyelere y\u00f6nelik operasyonlar ger\u00e7ekle\u015firken AK Partili belediyelerin ise neden bu kapsama dahil edilmedi\u011fini &hellip;<\/p>","protected":false},"author":5,"featured_media":0,"comment_status":"","ping_status":"open","sticky":false,"template":"","format":"standard","meta":{"_acf_changed":false,"footnotes":""},"categories":[24],"tags":[],"class_list":["post-137959","post","type-post","status-publish","format-standard","has-post-thumbnail","hentry","category-gundem"],"acf":[],"yoast_head":"<!-- This site is optimized with the Yoast SEO Premium plugin v26.6 (Yoast SEO v27.1.1) - https:\/\/yoast.com\/product\/yoast-seo-premium-wordpress\/ -->\n<title>S\u0131radaki operasyonun adresi Ankara m\u0131? Mansur Yava\u015f o kritik soruya cevap verdi - Av. Deniz Can K\u0131z\u0131l<\/title>\n<meta name=\"robots\" content=\"index, follow, max-snippet:-1, max-image-preview:large, max-video-preview:-1\" \/>\n<link rel=\"canonical\" href=\"https:\/\/denizcankizil.tr\/uk\/haberler\/gundem\/siradaki-operasyonun-adresi-ankara-mi-mansur-yavas-o-kritik-soruya-cevap-verdi\/\" \/>\n<meta property=\"og:locale\" content=\"uk_UA\" \/>\n<meta property=\"og:type\" content=\"article\" \/>\n<meta property=\"og:title\" content=\"S\u0131radaki operasyonun adresi Ankara m\u0131? Mansur Yava\u015f o kritik soruya cevap verdi\" \/>\n<meta property=\"og:description\" content=\"\u0130stanbul\u2019da ba\u015flat\u0131lan operasyonlar\u0131n 5.dalgasu Adana, Ad\u0131yaman ve Antalya\u2019ya s\u0131\u00e7rad\u0131. 3 ilde ger\u00e7ekle\u015fen operasyonlar sonucu Adana B\u00fcy\u00fck\u015fehir Belediye Ba\u015fkan\u0131 Zeydan Karalar, Ad\u0131yaman Belediye Ba\u015fkan\u0131 Abdurrahman Tutdere g\u00f6zalt\u0131na al\u0131n\u0131rken Antalya B\u00fcy\u00fck\u015fehir Belediye Ba\u015fkan\u0131 Muhittin B\u00f6cek ise tutukland\u0131. Ankara B\u00fcy\u00fck\u015fehir Belediye Balkan\u0131 Mansur Yava\u015f ise ya\u015fananlara tepki g\u00f6sterdi. SIRADAK\u0130 ADRES ANKARA MI? CHP\u2019li belediye ba\u015fkanlar\u0131n\u0131n tutuklanmas\u0131na tepki g\u00f6steren Ba\u015fkan Yava\u015f, \u201cAnkara\u2019ya, Mansur Yava\u015f\u2019a da bir operasyon gelir mi?\u201d sorusuna ise cevap verdi. Yava\u015f, saklayacak bir \u015feyleri olmad\u0131\u011f\u0131na vurgu yaparak, \u201cTertemiz ismimizi kirletmeye niyetimiz yok\u201d vurgusu yapan Yava\u015f \u015funlar\u0131 s\u00f6yledi: Geldi\u011fimizden beri biz \u015funu anlatmaya \u00e7al\u0131\u015ft\u0131k. Kamu kurumlar\u0131n\u0131n d\u00fcr\u00fcst \u015fekilde \u00e7al\u0131\u015faca\u011f\u0131n\u0131 ispatlamaya \u00e7al\u0131\u015ft\u0131k. \u015eeffaf \u015fekilde t\u00fcm ihalelerimizi canl\u0131 yay\u0131nl\u0131yoruz. 5 bin tanesi YouTube\u2019da. Belediyede biri yanl\u0131\u015f yapt\u0131 diye ben de o yanl\u0131\u015f\u0131 yapmak zorunda de\u011filim. Tertemiz ismimizi kirletmeye niyetimiz yok. Aln\u0131m\u0131z a\u00e7\u0131k, korktu\u011fumuz bir \u015fey yok. Daha \u00f6nce bu iftiralar\u0131 atanlar\u0131n ba\u015f\u0131na ne gelecekse yine gelir. Halk da hesab\u0131n\u0131 sorar. Tutuklama tehdidi ile insanlar\u0131 ifadeye zorlarsan\u0131z bir yerde zaten iftara atacakt\u0131r. Aln\u0131m\u0131z a\u00e7\u0131k, korktu\u011fumuz bir \u015fey yok. Daha \u00f6nce bu iftiralar\u0131 atanlar\u0131n ba\u015f\u0131na ne gelecekse yine gelir. Halk da hesab\u0131n\u0131 sorar\u201d dedi. \u201cHUKUK YA HERKES \u0130\u00c7\u0130N VARDIR YA DA YOKTUR\u201d CHP\u2019li belediyelere y\u00f6nelik operasyonlar ger\u00e7ekle\u015firken AK Partili belediyelerin ise neden bu kapsama dahil edilmedi\u011fini &hellip;\" \/>\n<meta property=\"og:url\" content=\"https:\/\/denizcankizil.tr\/uk\/haberler\/gundem\/siradaki-operasyonun-adresi-ankara-mi-mansur-yavas-o-kritik-soruya-cevap-verdi\/\" \/>\n<meta property=\"og:site_name\" content=\"Av. Deniz Can K\u0131z\u0131l\" \/>\n<meta property=\"article:published_time\" content=\"2025-07-06T15:41:15+00:00\" \/>\n<meta name=\"author\" content=\"Antalya K\u00f6rfez\" \/>\n<meta name=\"twitter:card\" content=\"summary_large_image\" \/>\n<meta name=\"twitter:label1\" content=\"\u041d\u0430\u043f\u0438\u0441\u0430\u043d\u043e\" \/>\n\t<meta name=\"twitter:data1\" content=\"Antalya K\u00f6rfez\" \/>\n\t<meta name=\"twitter:label2\" content=\"\u041f\u0440\u0438\u0431\u043b. \u0447\u0430\u0441 \u0447\u0438\u0442\u0430\u043d\u043d\u044f\" \/>\n\t<meta name=\"twitter:data2\" content=\"2 \u0445\u0432\u0438\u043b\u0438\u043d\u0438\" \/>\n<script type=\"application\/ld+json\" class=\"yoast-schema-graph\">{\"@context\":\"https:\/\/schema.org\",\"@graph\":[{\"@type\":\"Article\",\"@id\":\"https:\/\/denizcankizil.tr\/de\/haberler\/gundem\/siradaki-operasyonun-adresi-ankara-mi-mansur-yavas-o-kritik-soruya-cevap-verdi\/#article\",\"isPartOf\":{\"@id\":\"https:\/\/denizcankizil.tr\/de\/haberler\/gundem\/siradaki-operasyonun-adresi-ankara-mi-mansur-yavas-o-kritik-soruya-cevap-verdi\/\"},\"author\":{\"name\":\"Antalya K\u00f6rfez\",\"@id\":\"https:\/\/denizcankizil.tr\/de\/#\/schema\/person\/e1eb71bb4dd684d46563f0af307e1234\"},\"headline\":\"S\u0131radaki operasyonun adresi Ankara m\u0131? Mansur Yava\u015f o kritik soruya cevap verdi\",\"datePublished\":\"2025-07-06T15:41:15+00:00\",\"mainEntityOfPage\":{\"@id\":\"https:\/\/denizcankizil.tr\/de\/haberler\/gundem\/siradaki-operasyonun-adresi-ankara-mi-mansur-yavas-o-kritik-soruya-cevap-verdi\/\"},\"wordCount\":444,\"publisher\":{\"@id\":\"https:\/\/denizcankizil.tr\/de\/#organization\"},\"articleSection\":[\"G\u00fcndem\"],\"inLanguage\":\"uk\"},{\"@type\":\"WebPage\",\"@id\":\"https:\/\/denizcankizil.tr\/de\/haberler\/gundem\/siradaki-operasyonun-adresi-ankara-mi-mansur-yavas-o-kritik-soruya-cevap-verdi\/\",\"url\":\"https:\/\/denizcankizil.tr\/de\/haberler\/gundem\/siradaki-operasyonun-adresi-ankara-mi-mansur-yavas-o-kritik-soruya-cevap-verdi\/\",\"name\":\"S\u0131radaki operasyonun adresi Ankara m\u0131? Mansur Yava\u015f o kritik soruya cevap verdi - Av. Deniz Can K\u0131z\u0131l\",\"isPartOf\":{\"@id\":\"https:\/\/denizcankizil.tr\/de\/#website\"},\"datePublished\":\"2025-07-06T15:41:15+00:00\",\"breadcrumb\":{\"@id\":\"https:\/\/denizcankizil.tr\/de\/haberler\/gundem\/siradaki-operasyonun-adresi-ankara-mi-mansur-yavas-o-kritik-soruya-cevap-verdi\/#breadcrumb\"},\"inLanguage\":\"uk\",\"potentialAction\":[{\"@type\":\"ReadAction\",\"target\":[\"https:\/\/denizcankizil.tr\/de\/haberler\/gundem\/siradaki-operasyonun-adresi-ankara-mi-mansur-yavas-o-kritik-soruya-cevap-verdi\/\"]}]},{\"@type\":\"BreadcrumbList\",\"@id\":\"https:\/\/denizcankizil.tr\/de\/haberler\/gundem\/siradaki-operasyonun-adresi-ankara-mi-mansur-yavas-o-kritik-soruya-cevap-verdi\/#breadcrumb\",\"itemListElement\":[{\"@type\":\"ListItem\",\"position\":1,\"name\":\"Home\",\"item\":\"https:\/\/denizcankizil.tr\/de\/\"},{\"@type\":\"ListItem\",\"position\":2,\"name\":\"S\u0131radaki operasyonun adresi Ankara m\u0131? Mansur Yava\u015f o kritik soruya cevap verdi\"}]},{\"@type\":\"WebSite\",\"@id\":\"https:\/\/denizcankizil.tr\/de\/#website\",\"url\":\"https:\/\/denizcankizil.tr\/de\/\",\"name\":\"Av. Deniz Can K\u0131z\u0131l\",\"description\":\"Avukat Deniz Can K\u0131z\u0131l Antalya Barosu\",\"publisher\":{\"@id\":\"https:\/\/denizcankizil.tr\/de\/#organization\"},\"potentialAction\":[{\"@type\":\"SearchAction\",\"target\":{\"@type\":\"EntryPoint\",\"urlTemplate\":\"https:\/\/denizcankizil.tr\/de\/?s={search_term_string}\"},\"query-input\":{\"@type\":\"PropertyValueSpecification\",\"valueRequired\":true,\"valueName\":\"search_term_string\"}}],\"inLanguage\":\"uk\"},{\"@type\":\"Organization\",\"@id\":\"https:\/\/denizcankizil.tr\/de\/#organization\",\"name\":\"Av. Deniz Can K\u0131z\u0131l\",\"url\":\"https:\/\/denizcankizil.tr\/de\/\",\"logo\":{\"@type\":\"ImageObject\",\"inLanguage\":\"uk\",\"@id\":\"https:\/\/denizcankizil.tr\/de\/#\/schema\/logo\/image\/\",\"url\":\"https:\/\/denizcankizil.tr\/wp-content\/uploads\/2024\/10\/siyah-logo-svg.svg\",\"contentUrl\":\"https:\/\/denizcankizil.tr\/wp-content\/uploads\/2024\/10\/siyah-logo-svg.svg\",\"width\":1080,\"height\":1080,\"caption\":\"Av. Deniz Can K\u0131z\u0131l\"},\"image\":{\"@id\":\"https:\/\/denizcankizil.tr\/de\/#\/schema\/logo\/image\/\"}},{\"@type\":\"Person\",\"@id\":\"https:\/\/denizcankizil.tr\/de\/#\/schema\/person\/e1eb71bb4dd684d46563f0af307e1234\",\"name\":\"Antalya K\u00f6rfez\",\"image\":{\"@type\":\"ImageObject\",\"inLanguage\":\"uk\",\"@id\":\"https:\/\/denizcankizil.tr\/de\/#\/schema\/person\/image\/\",\"url\":\"https:\/\/secure.gravatar.com\/avatar\/42b01982558a48a0b501fdcab6a408d3717ea5919095ee2e67b0e521799c5905?s=96&d=mm&r=g\",\"contentUrl\":\"https:\/\/secure.gravatar.com\/avatar\/42b01982558a48a0b501fdcab6a408d3717ea5919095ee2e67b0e521799c5905?s=96&d=mm&r=g\",\"caption\":\"Antalya K\u00f6rfez\"},\"sameAs\":[\"http:\/\/www.antalyakorfez.com\"],\"url\":\"https:\/\/www.antalyakorfez.com\/siradaki-operasyonun-adresi-ankara-mi-mansur-yavas-o-kritik-soruya-cevap-verdi\"}]}<\/script>\n<!-- \/ Yoast SEO Premium plugin. -->","yoast_head_json":{"title":"S\u0131radaki operasyonun adresi Ankara m\u0131? Mansur Yava\u015f o kritik soruya cevap verdi - Av. Deniz Can K\u0131z\u0131l","robots":{"index":"index","follow":"follow","max-snippet":"max-snippet:-1","max-image-preview":"max-image-preview:large","max-video-preview":"max-video-preview:-1"},"canonical":"https:\/\/denizcankizil.tr\/uk\/haberler\/gundem\/siradaki-operasyonun-adresi-ankara-mi-mansur-yavas-o-kritik-soruya-cevap-verdi\/","og_locale":"uk_UA","og_type":"article","og_title":"S\u0131radaki operasyonun adresi Ankara m\u0131? Mansur Yava\u015f o kritik soruya cevap verdi","og_description":"\u0130stanbul\u2019da ba\u015flat\u0131lan operasyonlar\u0131n 5.dalgasu Adana, Ad\u0131yaman ve Antalya\u2019ya s\u0131\u00e7rad\u0131. 3 ilde ger\u00e7ekle\u015fen operasyonlar sonucu Adana B\u00fcy\u00fck\u015fehir Belediye Ba\u015fkan\u0131 Zeydan Karalar, Ad\u0131yaman Belediye Ba\u015fkan\u0131 Abdurrahman Tutdere g\u00f6zalt\u0131na al\u0131n\u0131rken Antalya B\u00fcy\u00fck\u015fehir Belediye Ba\u015fkan\u0131 Muhittin B\u00f6cek ise tutukland\u0131. Ankara B\u00fcy\u00fck\u015fehir Belediye Balkan\u0131 Mansur Yava\u015f ise ya\u015fananlara tepki g\u00f6sterdi. SIRADAK\u0130 ADRES ANKARA MI? CHP\u2019li belediye ba\u015fkanlar\u0131n\u0131n tutuklanmas\u0131na tepki g\u00f6steren Ba\u015fkan Yava\u015f, \u201cAnkara\u2019ya, Mansur Yava\u015f\u2019a da bir operasyon gelir mi?\u201d sorusuna ise cevap verdi. Yava\u015f, saklayacak bir \u015feyleri olmad\u0131\u011f\u0131na vurgu yaparak, \u201cTertemiz ismimizi kirletmeye niyetimiz yok\u201d vurgusu yapan Yava\u015f \u015funlar\u0131 s\u00f6yledi: Geldi\u011fimizden beri biz \u015funu anlatmaya \u00e7al\u0131\u015ft\u0131k. Kamu kurumlar\u0131n\u0131n d\u00fcr\u00fcst \u015fekilde \u00e7al\u0131\u015faca\u011f\u0131n\u0131 ispatlamaya \u00e7al\u0131\u015ft\u0131k. \u015eeffaf \u015fekilde t\u00fcm ihalelerimizi canl\u0131 yay\u0131nl\u0131yoruz. 5 bin tanesi YouTube\u2019da. Belediyede biri yanl\u0131\u015f yapt\u0131 diye ben de o yanl\u0131\u015f\u0131 yapmak zorunda de\u011filim. Tertemiz ismimizi kirletmeye niyetimiz yok. Aln\u0131m\u0131z a\u00e7\u0131k, korktu\u011fumuz bir \u015fey yok. Daha \u00f6nce bu iftiralar\u0131 atanlar\u0131n ba\u015f\u0131na ne gelecekse yine gelir. Halk da hesab\u0131n\u0131 sorar. Tutuklama tehdidi ile insanlar\u0131 ifadeye zorlarsan\u0131z bir yerde zaten iftara atacakt\u0131r. Aln\u0131m\u0131z a\u00e7\u0131k, korktu\u011fumuz bir \u015fey yok. Daha \u00f6nce bu iftiralar\u0131 atanlar\u0131n ba\u015f\u0131na ne gelecekse yine gelir. Halk da hesab\u0131n\u0131 sorar\u201d dedi. \u201cHUKUK YA HERKES \u0130\u00c7\u0130N VARDIR YA DA YOKTUR\u201d CHP\u2019li belediyelere y\u00f6nelik operasyonlar ger\u00e7ekle\u015firken AK Partili belediyelerin ise neden bu kapsama dahil edilmedi\u011fini &hellip;","og_url":"https:\/\/denizcankizil.tr\/uk\/haberler\/gundem\/siradaki-operasyonun-adresi-ankara-mi-mansur-yavas-o-kritik-soruya-cevap-verdi\/","og_site_name":"Av. Deniz Can K\u0131z\u0131l","article_published_time":"2025-07-06T15:41:15+00:00","author":"Antalya K\u00f6rfez","twitter_card":"summary_large_image","twitter_misc":{"\u041d\u0430\u043f\u0438\u0441\u0430\u043d\u043e":"Antalya K\u00f6rfez","\u041f\u0440\u0438\u0431\u043b. \u0447\u0430\u0441 \u0447\u0438\u0442\u0430\u043d\u043d\u044f":"2 \u0445\u0432\u0438\u043b\u0438\u043d\u0438"},"schema":{"@context":"https:\/\/schema.org","@graph":[{"@type":"Article","@id":"https:\/\/denizcankizil.tr\/de\/haberler\/gundem\/siradaki-operasyonun-adresi-ankara-mi-mansur-yavas-o-kritik-soruya-cevap-verdi\/#article","isPartOf":{"@id":"https:\/\/denizcankizil.tr\/de\/haberler\/gundem\/siradaki-operasyonun-adresi-ankara-mi-mansur-yavas-o-kritik-soruya-cevap-verdi\/"},"author":{"name":"Antalya K\u00f6rfez","@id":"https:\/\/denizcankizil.tr\/de\/#\/schema\/person\/e1eb71bb4dd684d46563f0af307e1234"},"headline":"S\u0131radaki operasyonun adresi Ankara m\u0131? Mansur Yava\u015f o kritik soruya cevap verdi","datePublished":"2025-07-06T15:41:15+00:00","mainEntityOfPage":{"@id":"https:\/\/denizcankizil.tr\/de\/haberler\/gundem\/siradaki-operasyonun-adresi-ankara-mi-mansur-yavas-o-kritik-soruya-cevap-verdi\/"},"wordCount":444,"publisher":{"@id":"https:\/\/denizcankizil.tr\/de\/#organization"},"articleSection":["G\u00fcndem"],"inLanguage":"uk"},{"@type":"WebPage","@id":"https:\/\/denizcankizil.tr\/de\/haberler\/gundem\/siradaki-operasyonun-adresi-ankara-mi-mansur-yavas-o-kritik-soruya-cevap-verdi\/","url":"https:\/\/denizcankizil.tr\/de\/haberler\/gundem\/siradaki-operasyonun-adresi-ankara-mi-mansur-yavas-o-kritik-soruya-cevap-verdi\/","name":"S\u0131radaki operasyonun adresi Ankara m\u0131? Mansur Yava\u015f o kritik soruya cevap verdi - Av. Deniz Can K\u0131z\u0131l","isPartOf":{"@id":"https:\/\/denizcankizil.tr\/de\/#website"},"datePublished":"2025-07-06T15:41:15+00:00","breadcrumb":{"@id":"https:\/\/denizcankizil.tr\/de\/haberler\/gundem\/siradaki-operasyonun-adresi-ankara-mi-mansur-yavas-o-kritik-soruya-cevap-verdi\/#breadcrumb"},"inLanguage":"uk","potentialAction":[{"@type":"ReadAction","target":["https:\/\/denizcankizil.tr\/de\/haberler\/gundem\/siradaki-operasyonun-adresi-ankara-mi-mansur-yavas-o-kritik-soruya-cevap-verdi\/"]}]},{"@type":"BreadcrumbList","@id":"https:\/\/denizcankizil.tr\/de\/haberler\/gundem\/siradaki-operasyonun-adresi-ankara-mi-mansur-yavas-o-kritik-soruya-cevap-verdi\/#breadcrumb","itemListElement":[{"@type":"ListItem","position":1,"name":"Home","item":"https:\/\/denizcankizil.tr\/de\/"},{"@type":"ListItem","position":2,"name":"S\u0131radaki operasyonun adresi Ankara m\u0131? Mansur Yava\u015f o kritik soruya cevap verdi"}]},{"@type":"WebSite","@id":"https:\/\/denizcankizil.tr\/de\/#website","url":"https:\/\/denizcankizil.tr\/de\/","name":"Av. Deniz Can K\u0131z\u0131l","description":"Avukat Deniz Can K\u0131z\u0131l Antalya Barosu","publisher":{"@id":"https:\/\/denizcankizil.tr\/de\/#organization"},"potentialAction":[{"@type":"SearchAction","target":{"@type":"EntryPoint","urlTemplate":"https:\/\/denizcankizil.tr\/de\/?s={search_term_string}"},"query-input":{"@type":"PropertyValueSpecification","valueRequired":true,"valueName":"search_term_string"}}],"inLanguage":"uk"},{"@type":"Organization","@id":"https:\/\/denizcankizil.tr\/de\/#organization","name":"Av. Deniz Can K\u0131z\u0131l","url":"https:\/\/denizcankizil.tr\/de\/","logo":{"@type":"ImageObject","inLanguage":"uk","@id":"https:\/\/denizcankizil.tr\/de\/#\/schema\/logo\/image\/","url":"https:\/\/denizcankizil.tr\/wp-content\/uploads\/2024\/10\/siyah-logo-svg.svg","contentUrl":"https:\/\/denizcankizil.tr\/wp-content\/uploads\/2024\/10\/siyah-logo-svg.svg","width":1080,"height":1080,"caption":"Av. Deniz Can K\u0131z\u0131l"},"image":{"@id":"https:\/\/denizcankizil.tr\/de\/#\/schema\/logo\/image\/"}},{"@type":"Person","@id":"https:\/\/denizcankizil.tr\/de\/#\/schema\/person\/e1eb71bb4dd684d46563f0af307e1234","name":"Antalya K\u00f6rfez","image":{"@type":"ImageObject","inLanguage":"uk","@id":"https:\/\/denizcankizil.tr\/de\/#\/schema\/person\/image\/","url":"https:\/\/secure.gravatar.com\/avatar\/42b01982558a48a0b501fdcab6a408d3717ea5919095ee2e67b0e521799c5905?s=96&d=mm&r=g","contentUrl":"https:\/\/secure.gravatar.com\/avatar\/42b01982558a48a0b501fdcab6a408d3717ea5919095ee2e67b0e521799c5905?s=96&d=mm&r=g","caption":"Antalya K\u00f6rfez"},"sameAs":["http:\/\/www.antalyakorfez.com"],"url":"https:\/\/www.antalyakorfez.com\/siradaki-operasyonun-adresi-ankara-mi-mansur-yavas-o-kritik-soruya-cevap-verdi"}]}},"_links":{"self":[{"href":"https:\/\/denizcankizil.tr\/uk\/wp-json\/wp\/v2\/posts\/137959","targetHints":{"allow":["GET"]}}],"collection":[{"href":"https:\/\/denizcankizil.tr\/uk\/wp-json\/wp\/v2\/posts"}],"about":[{"href":"https:\/\/denizcankizil.tr\/uk\/wp-json\/wp\/v2\/types\/post"}],"author":[{"embeddable":true,"href":"https:\/\/denizcankizil.tr\/uk\/wp-json\/wp\/v2\/users\/5"}],"replies":[{"embeddable":true,"href":"https:\/\/denizcankizil.tr\/uk\/wp-json\/wp\/v2\/comments?post=137959"}],"version-history":[{"count":0,"href":"https:\/\/denizcankizil.tr\/uk\/wp-json\/wp\/v2\/posts\/137959\/revisions"}],"wp:attachment":[{"href":"https:\/\/denizcankizil.tr\/uk\/wp-json\/wp\/v2\/media?parent=137959"}],"wp:term":[{"taxonomy":"category","embeddable":true,"href":"https:\/\/denizcankizil.tr\/uk\/wp-json\/wp\/v2\/categories?post=137959"},{"taxonomy":"post_tag","embeddable":true,"href":"https:\/\/denizcankizil.tr\/uk\/wp-json\/wp\/v2\/tags?post=137959"}],"curies":[{"name":"wp","href":"https:\/\/api.w.org\/{rel}","templated":true}]}}