{"id":136807,"date":"2025-07-05T14:42:43","date_gmt":"2025-07-05T11:42:43","guid":{"rendered":"https:\/\/denizcankizil.tr\/uncategorized-tr\/bursa-kultur-yolu-festivalinde-cocuk-hem-eglendi-hem-de-sanati-ogrendi\/"},"modified":"2025-07-05T14:42:43","modified_gmt":"2025-07-05T11:42:43","slug":"bursa-kultur-yolu-festivalinde-cocuk-hem-eglendi-hem-de-sanati-ogrendi","status":"publish","type":"post","link":"https:\/\/denizcankizil.tr\/uk\/haberler\/gundem\/bursa-kultur-yolu-festivalinde-cocuk-hem-eglendi-hem-de-sanati-ogrendi\/","title":{"rendered":"Bursa K\u00fclt\u00fcr Yolu Festivali\u2019nde \u00e7ocuk hem e\u011flendi, hem de sanat\u0131 \u00f6\u011frendi"},"content":{"rendered":"<p>T\u00fcrkiye K\u00fclt\u00fcr Yolu Festivali\u2019nin bu y\u0131lki be\u015finci dura\u011f\u0131 Bursa, festival boyunca \u00e7ocuklar i\u00e7in birbirinden renkli etkinliklere ev sahipli\u011fi yap\u0131yor. H\u00fcdavendigar Kent Park\u0131\u2019nda kurulan \u201c\u00c7ocuk K\u00f6y\u00fc\u201dnde g\u00f6n\u00fcllerince e\u011flenen \u00e7ocuklar, \u015fehrin d\u00f6rt bir yan\u0131ndaki at\u00f6lyeler ve \u00e7ocuk oyunlar\u0131 ile sanatla bulu\u015fuyor.BURSA (\u0130GFA) &#8211; Bursa K\u00fclt\u00fcr Yolu Festivali kapsam\u0131nda; H\u00fcdavendigar Kent Park\u0131\u2019nda kurulan ve birbirinden renkli aktiviteler, at\u00f6lye \u00e7al\u0131\u015fmalar\u0131, sahne g\u00f6sterileri, tiyatrolar, oyun alanlar\u0131 ve daha bir\u00e7ok etkinli\u011fin yer ald\u0131\u011f\u0131 \u201c\u00c7ocuk K\u00f6y\u00fc\u201d minik misafirlerini bu sene de a\u011f\u0131rl\u0131yor.<br \/>\n\u201c\u00c7ocuk K\u00f6y\u00fc\u201d i\u00e7erisinde yer alan palya\u00e7o, pandomim, ill\u00fczyonist g\u00f6sterileri, balon katlama, bubble g\u00f6steriler ve \u015fi\u015fme kayd\u0131raklar ile g\u00f6n\u00fcllerince e\u011flenen \u00e7ocuklar, \u00e7uval yar\u0131\u015f\u0131, halat \u00e7ekme gibi ge\u00e7mi\u015ften g\u00fcn\u00fcm\u00fcze ta\u015f\u0131nan oyunlarla sosyal becerilerini geli\u015ftiriyor. Minik Bursal\u0131lar, \u201cG\u00f6ky\u00fcz\u00fc G\u00f6zlem\u201d ve \u201cAli Baba&#8217;n\u0131n \u00c7iftli\u011fi Tematik Alan\u0131\u201d gibi etkinlik alanlar\u0131nda e\u011flenirken \u00f6\u011frenme f\u0131rsat\u0131 yakal\u0131yor. TRT Market\u2019te ise TRT\u2019nin sevilen lisansl\u0131 \u00fcr\u00fcnlerine kavu\u015fman\u0131n heyecan\u0131n\u0131 ya\u015f\u0131yor.<\/p>\n<p>Bursa \u0130l Halk K\u00fct\u00fcphanesi\u2019nde kurulan \u201cDublaj Kutusu\u201d ile kendi repliklerini seslendiren minikler, Bursa Arkeoloji M\u00fcze Bah\u00e7esi ve Te\u015fhir Alan\u0131\u2019nda d\u00fczenlenen \u201cK\u00fclt\u00fcr Koruyucular\u0131\u201d etkinli\u011finde ise arkeoloji ve k\u00fclt\u00fcrel miras\u0131 koruma konular\u0131nda bilin\u00e7leniyor.<br \/>\n\u00c7ocuklar; \u201cMacerac\u0131 Y\u00fczge\u00e7ler\u201d, \u201cRafadan Tayfa\u201d, \u201cMa\u015fa ile Koca Ay\u0131\u201d ve \u201cZ Tak\u0131m\u0131\u201d gibi lisansl\u0131 \u00e7ocuk tiyatrolar\u0131nda en sevdikleri \u00e7izgi film kahramanlar\u0131n\u0131 sahnede izleme \u015fans\u0131 bulurken, \u201cAdnan Abi ile Hacivat Karag\u00f6z Aram\u0131zda\u201d, \u201cKavuklu Pi\u015fekar Orta Oyunu\u201d \u201cA\u015fuk ile Ma\u015fuk\u201d g\u00f6sterileriyle geleneksel sahne sanatlar\u0131yla tan\u0131\u015f\u0131yor.<br \/>\nFestival kapsam\u0131nda, Ankara Devlet Opera ve Balesi \u201cCing\u00f6z\u2019\u00fcn Oyunu\u201d ile \u00e7ocuklara tiyatro sevgisini a\u015f\u0131l\u0131yor. Ayr\u0131ca \u00e7ocuklar, \u201cMinyat\u00fcr\u201d, \u201cSu Kaba\u011f\u0131 \u0130\u015flemecili\u011fi\u201d, \u201cKarag\u00f6z Tasvir Yap\u0131m\u201d at\u00f6lyelerinde yarat\u0131c\u0131l\u0131klar\u0131n\u0131 geli\u015ftirdikleri yeni deneyimler kazan\u0131yor.<\/p>\n<p>FEST\u0130VAL HEP OLSUN<br \/>\n\u00c7ocuk K\u00f6y\u00fc\u2019nde e\u011flenen \u00e7ocuklar, \u201cHerkesin gelebilece\u011fi bir yer. Festivaldeki etkinlikler \u00e7ok e\u011flenceli. At\u00f6lyelerin temas\u0131 da \u00e7ok g\u00fczel. Festival her zaman olsun\u201d diyerek mutluluklar\u0131n\u0131 payla\u015f\u0131rken ebeveynler ise \u201c\u00c7ocuklar uzun saatler burada doyas\u0131ya e\u011fleniyorlar. Bu festival i\u00e7in eme\u011fi ge\u00e7en herkese te\u015fekk\u00fcr ediyoruz\u201d dediler.<\/p>\n<p>\u200bT\u00fcrkiye K\u00fclt\u00fcr Yolu Festivali\u2019nin bu y\u0131lki be\u015finci dura\u011f\u0131 Bursa, festival boyunca \u00e7ocuklar i\u00e7in birbirinden renkli etkinliklere ev sahipli\u011fi yap\u0131yor. H\u00fcdavendigar Kent Park\u0131\u2019nda kurulan \u201c\u00c7ocuk K\u00f6y\u00fc\u201dnde g\u00f6n\u00fcllerince e\u011flenen \u00e7ocuklar, \u015fehrin d\u00f6rt bir yan\u0131ndaki at\u00f6lyeler ve \u00e7ocuk oyunlar\u0131 ile sanatla bulu\u015fuyor.BURSA (\u0130GFA) &#8211; Bursa K\u00fclt\u00fcr Yolu Festivali kapsam\u0131nda; H\u00fcdavendigar Kent Park\u0131\u2019nda kurulan ve birbirinden renkli aktiviteler, at\u00f6lye \u00e7al\u0131\u015fmalar\u0131, sahne g\u00f6sterileri, tiyatrolar, oyun alanlar\u0131 ve daha bir\u00e7ok etkinli\u011fin yer ald\u0131\u011f\u0131 \u201c\u00c7ocuk K\u00f6y\u00fc\u201d minik misafirlerini bu sene de a\u011f\u0131rl\u0131yor.<br \/>\n\u201c\u00c7ocuk K\u00f6y\u00fc\u201d i\u00e7erisinde yer alan palya\u00e7o, pandomim, ill\u00fczyonist g\u00f6sterileri, balon katlama, bubble g\u00f6steriler ve \u015fi\u015fme kayd\u0131raklar ile g\u00f6n\u00fcllerince e\u011flenen \u00e7ocuklar, \u00e7uval yar\u0131\u015f\u0131, halat \u00e7ekme gibi ge\u00e7mi\u015ften g\u00fcn\u00fcm\u00fcze ta\u015f\u0131nan oyunlarla sosyal becerilerini geli\u015ftiriyor. Minik Bursal\u0131lar, \u201cG\u00f6ky\u00fcz\u00fc G\u00f6zlem\u201d ve \u201cAli Baba&#8217;n\u0131n \u00c7iftli\u011fi Tematik Alan\u0131\u201d gibi etkinlik alanlar\u0131nda e\u011flenirken \u00f6\u011frenme f\u0131rsat\u0131 yakal\u0131yor. TRT Market\u2019te ise TRT\u2019nin sevilen lisansl\u0131 \u00fcr\u00fcnlerine kavu\u015fman\u0131n heyecan\u0131n\u0131 ya\u015f\u0131yor.<\/p>\n<p>Bursa \u0130l Halk K\u00fct\u00fcphanesi\u2019nde kurulan \u201cDublaj Kutusu\u201d ile kendi repliklerini seslendiren minikler, Bursa Arkeoloji M\u00fcze Bah\u00e7esi ve Te\u015fhir Alan\u0131\u2019nda d\u00fczenlenen \u201cK\u00fclt\u00fcr Koruyucular\u0131\u201d etkinli\u011finde ise arkeoloji ve k\u00fclt\u00fcrel miras\u0131 koruma konular\u0131nda bilin\u00e7leniyor.<br \/>\n\u00c7ocuklar; \u201cMacerac\u0131 Y\u00fczge\u00e7ler\u201d, \u201cRafadan Tayfa\u201d, \u201cMa\u015fa ile Koca Ay\u0131\u201d ve \u201cZ Tak\u0131m\u0131\u201d gibi lisansl\u0131 \u00e7ocuk tiyatrolar\u0131nda en sevdikleri \u00e7izgi film kahramanlar\u0131n\u0131 sahnede izleme \u015fans\u0131 bulurken, \u201cAdnan Abi ile Hacivat Karag\u00f6z Aram\u0131zda\u201d, \u201cKavuklu Pi\u015fekar Orta Oyunu\u201d \u201cA\u015fuk ile Ma\u015fuk\u201d g\u00f6sterileriyle geleneksel sahne sanatlar\u0131yla tan\u0131\u015f\u0131yor.<br \/>\nFestival kapsam\u0131nda, Ankara Devlet Opera ve Balesi \u201cCing\u00f6z\u2019\u00fcn Oyunu\u201d ile \u00e7ocuklara tiyatro sevgisini a\u015f\u0131l\u0131yor. Ayr\u0131ca \u00e7ocuklar, \u201cMinyat\u00fcr\u201d, \u201cSu Kaba\u011f\u0131 \u0130\u015flemecili\u011fi\u201d, \u201cKarag\u00f6z Tasvir Yap\u0131m\u201d at\u00f6lyelerinde yarat\u0131c\u0131l\u0131klar\u0131n\u0131 geli\u015ftirdikleri yeni deneyimler kazan\u0131yor.<\/p>\n<p>FEST\u0130VAL HEP OLSUN<br \/>\n\u00c7ocuk K\u00f6y\u00fc\u2019nde e\u011flenen \u00e7ocuklar, \u201cHerkesin gelebilece\u011fi bir yer. Festivaldeki etkinlikler \u00e7ok e\u011flenceli. At\u00f6lyelerin temas\u0131 da \u00e7ok g\u00fczel. Festival her zaman olsun\u201d diyerek mutluluklar\u0131n\u0131 payla\u015f\u0131rken ebeveynler ise \u201c\u00c7ocuklar uzun saatler burada doyas\u0131ya e\u011fleniyorlar. Bu festival i\u00e7in eme\u011fi ge\u00e7en herkese te\u015fekk\u00fcr ediyoruz\u201d dediler.\u00a0<\/p>\n<p>\u200bHaberin Al\u0131nt\u0131land\u0131\u011f\u0131 Kaynak: www.iskenderun.org<\/p>","protected":false},"excerpt":{"rendered":"<p>T\u00fcrkiye K\u00fclt\u00fcr Yolu Festivali\u2019nin bu y\u0131lki be\u015finci dura\u011f\u0131 Bursa, festival boyunca \u00e7ocuklar i\u00e7in birbirinden renkli etkinliklere ev sahipli\u011fi yap\u0131yor. H\u00fcdavendigar Kent Park\u0131\u2019nda kurulan \u201c\u00c7ocuk K\u00f6y\u00fc\u201dnde g\u00f6n\u00fcllerince e\u011flenen \u00e7ocuklar, \u015fehrin d\u00f6rt bir yan\u0131ndaki at\u00f6lyeler ve \u00e7ocuk oyunlar\u0131 ile sanatla bulu\u015fuyor.BURSA (\u0130GFA) &#8211; Bursa K\u00fclt\u00fcr Yolu Festivali kapsam\u0131nda; H\u00fcdavendigar Kent Park\u0131\u2019nda kurulan ve birbirinden renkli aktiviteler, at\u00f6lye \u00e7al\u0131\u015fmalar\u0131, sahne g\u00f6sterileri, tiyatrolar, oyun alanlar\u0131 ve daha bir\u00e7ok etkinli\u011fin yer ald\u0131\u011f\u0131 \u201c\u00c7ocuk K\u00f6y\u00fc\u201d minik misafirlerini bu sene de a\u011f\u0131rl\u0131yor. \u201c\u00c7ocuk K\u00f6y\u00fc\u201d i\u00e7erisinde yer alan palya\u00e7o, pandomim, ill\u00fczyonist g\u00f6sterileri, balon katlama, bubble g\u00f6steriler ve \u015fi\u015fme kayd\u0131raklar ile g\u00f6n\u00fcllerince e\u011flenen \u00e7ocuklar, \u00e7uval yar\u0131\u015f\u0131, halat \u00e7ekme gibi ge\u00e7mi\u015ften g\u00fcn\u00fcm\u00fcze ta\u015f\u0131nan oyunlarla sosyal becerilerini geli\u015ftiriyor. Minik Bursal\u0131lar, \u201cG\u00f6ky\u00fcz\u00fc G\u00f6zlem\u201d ve \u201cAli Baba&#8217;n\u0131n \u00c7iftli\u011fi Tematik Alan\u0131\u201d gibi etkinlik alanlar\u0131nda e\u011flenirken \u00f6\u011frenme f\u0131rsat\u0131 yakal\u0131yor. TRT Market\u2019te ise TRT\u2019nin sevilen lisansl\u0131 \u00fcr\u00fcnlerine kavu\u015fman\u0131n heyecan\u0131n\u0131 ya\u015f\u0131yor. Bursa \u0130l Halk K\u00fct\u00fcphanesi\u2019nde kurulan \u201cDublaj Kutusu\u201d ile kendi repliklerini seslendiren minikler, Bursa Arkeoloji M\u00fcze Bah\u00e7esi ve Te\u015fhir Alan\u0131\u2019nda d\u00fczenlenen \u201cK\u00fclt\u00fcr Koruyucular\u0131\u201d etkinli\u011finde ise arkeoloji ve k\u00fclt\u00fcrel miras\u0131 koruma konular\u0131nda bilin\u00e7leniyor. \u00c7ocuklar; \u201cMacerac\u0131 Y\u00fczge\u00e7ler\u201d, \u201cRafadan Tayfa\u201d, \u201cMa\u015fa ile Koca Ay\u0131\u201d ve \u201cZ Tak\u0131m\u0131\u201d gibi lisansl\u0131 \u00e7ocuk tiyatrolar\u0131nda en sevdikleri \u00e7izgi film kahramanlar\u0131n\u0131 sahnede izleme \u015fans\u0131 bulurken, \u201cAdnan Abi ile Hacivat Karag\u00f6z Aram\u0131zda\u201d, \u201cKavuklu Pi\u015fekar Orta Oyunu\u201d &hellip;<\/p>","protected":false},"author":1,"featured_media":0,"comment_status":"","ping_status":"open","sticky":false,"template":"","format":"standard","meta":{"_acf_changed":false,"footnotes":""},"categories":[24],"tags":[],"class_list":["post-136807","post","type-post","status-publish","format-standard","has-post-thumbnail","hentry","category-gundem"],"acf":[],"yoast_head":"<!-- This site is optimized with the Yoast SEO Premium plugin v26.6 (Yoast SEO v27.1.1) - https:\/\/yoast.com\/product\/yoast-seo-premium-wordpress\/ -->\n<title>Bursa K\u00fclt\u00fcr Yolu Festivali\u2019nde \u00e7ocuk hem e\u011flendi, hem de sanat\u0131 \u00f6\u011frendi - Av. Deniz Can K\u0131z\u0131l<\/title>\n<meta name=\"robots\" content=\"index, follow, max-snippet:-1, max-image-preview:large, max-video-preview:-1\" \/>\n<link rel=\"canonical\" href=\"https:\/\/denizcankizil.tr\/uk\/haberler\/gundem\/bursa-kultur-yolu-festivalinde-cocuk-hem-eglendi-hem-de-sanati-ogrendi\/\" \/>\n<meta property=\"og:locale\" content=\"uk_UA\" \/>\n<meta property=\"og:type\" content=\"article\" \/>\n<meta property=\"og:title\" content=\"Bursa K\u00fclt\u00fcr Yolu Festivali\u2019nde \u00e7ocuk hem e\u011flendi, hem de sanat\u0131 \u00f6\u011frendi\" \/>\n<meta property=\"og:description\" content=\"T\u00fcrkiye K\u00fclt\u00fcr Yolu Festivali\u2019nin bu y\u0131lki be\u015finci dura\u011f\u0131 Bursa, festival boyunca \u00e7ocuklar i\u00e7in birbirinden renkli etkinliklere ev sahipli\u011fi yap\u0131yor. H\u00fcdavendigar Kent Park\u0131\u2019nda kurulan \u201c\u00c7ocuk K\u00f6y\u00fc\u201dnde g\u00f6n\u00fcllerince e\u011flenen \u00e7ocuklar, \u015fehrin d\u00f6rt bir yan\u0131ndaki at\u00f6lyeler ve \u00e7ocuk oyunlar\u0131 ile sanatla bulu\u015fuyor.BURSA (\u0130GFA) &#8211; Bursa K\u00fclt\u00fcr Yolu Festivali kapsam\u0131nda; H\u00fcdavendigar Kent Park\u0131\u2019nda kurulan ve birbirinden renkli aktiviteler, at\u00f6lye \u00e7al\u0131\u015fmalar\u0131, sahne g\u00f6sterileri, tiyatrolar, oyun alanlar\u0131 ve daha bir\u00e7ok etkinli\u011fin yer ald\u0131\u011f\u0131 \u201c\u00c7ocuk K\u00f6y\u00fc\u201d minik misafirlerini bu sene de a\u011f\u0131rl\u0131yor. \u201c\u00c7ocuk K\u00f6y\u00fc\u201d i\u00e7erisinde yer alan palya\u00e7o, pandomim, ill\u00fczyonist g\u00f6sterileri, balon katlama, bubble g\u00f6steriler ve \u015fi\u015fme kayd\u0131raklar ile g\u00f6n\u00fcllerince e\u011flenen \u00e7ocuklar, \u00e7uval yar\u0131\u015f\u0131, halat \u00e7ekme gibi ge\u00e7mi\u015ften g\u00fcn\u00fcm\u00fcze ta\u015f\u0131nan oyunlarla sosyal becerilerini geli\u015ftiriyor. Minik Bursal\u0131lar, \u201cG\u00f6ky\u00fcz\u00fc G\u00f6zlem\u201d ve \u201cAli Baba&#8217;n\u0131n \u00c7iftli\u011fi Tematik Alan\u0131\u201d gibi etkinlik alanlar\u0131nda e\u011flenirken \u00f6\u011frenme f\u0131rsat\u0131 yakal\u0131yor. TRT Market\u2019te ise TRT\u2019nin sevilen lisansl\u0131 \u00fcr\u00fcnlerine kavu\u015fman\u0131n heyecan\u0131n\u0131 ya\u015f\u0131yor. Bursa \u0130l Halk K\u00fct\u00fcphanesi\u2019nde kurulan \u201cDublaj Kutusu\u201d ile kendi repliklerini seslendiren minikler, Bursa Arkeoloji M\u00fcze Bah\u00e7esi ve Te\u015fhir Alan\u0131\u2019nda d\u00fczenlenen \u201cK\u00fclt\u00fcr Koruyucular\u0131\u201d etkinli\u011finde ise arkeoloji ve k\u00fclt\u00fcrel miras\u0131 koruma konular\u0131nda bilin\u00e7leniyor. \u00c7ocuklar; \u201cMacerac\u0131 Y\u00fczge\u00e7ler\u201d, \u201cRafadan Tayfa\u201d, \u201cMa\u015fa ile Koca Ay\u0131\u201d ve \u201cZ Tak\u0131m\u0131\u201d gibi lisansl\u0131 \u00e7ocuk tiyatrolar\u0131nda en sevdikleri \u00e7izgi film kahramanlar\u0131n\u0131 sahnede izleme \u015fans\u0131 bulurken, \u201cAdnan Abi ile Hacivat Karag\u00f6z Aram\u0131zda\u201d, \u201cKavuklu Pi\u015fekar Orta Oyunu\u201d &hellip;\" \/>\n<meta property=\"og:url\" content=\"https:\/\/denizcankizil.tr\/uk\/haberler\/gundem\/bursa-kultur-yolu-festivalinde-cocuk-hem-eglendi-hem-de-sanati-ogrendi\/\" \/>\n<meta property=\"og:site_name\" content=\"Av. Deniz Can K\u0131z\u0131l\" \/>\n<meta property=\"article:published_time\" content=\"2025-07-05T11:42:43+00:00\" \/>\n<meta name=\"author\" content=\"admin\" \/>\n<meta name=\"twitter:card\" content=\"summary_large_image\" \/>\n<meta name=\"twitter:label1\" content=\"\u041d\u0430\u043f\u0438\u0441\u0430\u043d\u043e\" \/>\n\t<meta name=\"twitter:data1\" content=\"admin\" \/>\n\t<meta name=\"twitter:label2\" content=\"\u041f\u0440\u0438\u0431\u043b. \u0447\u0430\u0441 \u0447\u0438\u0442\u0430\u043d\u043d\u044f\" \/>\n\t<meta name=\"twitter:data2\" content=\"4 \u0445\u0432\u0438\u043b\u0438\u043d\u0438\" \/>\n<script type=\"application\/ld+json\" class=\"yoast-schema-graph\">{\"@context\":\"https:\/\/schema.org\",\"@graph\":[{\"@type\":\"Article\",\"@id\":\"https:\/\/denizcankizil.tr\/ru\/haberler\/gundem\/bursa-kultur-yolu-festivalinde-cocuk-hem-eglendi-hem-de-sanati-ogrendi\/#article\",\"isPartOf\":{\"@id\":\"https:\/\/denizcankizil.tr\/ru\/haberler\/gundem\/bursa-kultur-yolu-festivalinde-cocuk-hem-eglendi-hem-de-sanati-ogrendi\/\"},\"author\":{\"name\":\"admin\",\"@id\":\"https:\/\/denizcankizil.tr\/de\/#\/schema\/person\/be3c05fe6a12686905512445d8185489\"},\"headline\":\"Bursa K\u00fclt\u00fcr Yolu Festivali\u2019nde \u00e7ocuk hem e\u011flendi, hem de sanat\u0131 \u00f6\u011frendi\",\"datePublished\":\"2025-07-05T11:42:43+00:00\",\"mainEntityOfPage\":{\"@id\":\"https:\/\/denizcankizil.tr\/ru\/haberler\/gundem\/bursa-kultur-yolu-festivalinde-cocuk-hem-eglendi-hem-de-sanati-ogrendi\/\"},\"wordCount\":851,\"publisher\":{\"@id\":\"https:\/\/denizcankizil.tr\/de\/#organization\"},\"articleSection\":[\"G\u00fcndem\"],\"inLanguage\":\"uk\"},{\"@type\":\"WebPage\",\"@id\":\"https:\/\/denizcankizil.tr\/ru\/haberler\/gundem\/bursa-kultur-yolu-festivalinde-cocuk-hem-eglendi-hem-de-sanati-ogrendi\/\",\"url\":\"https:\/\/denizcankizil.tr\/ru\/haberler\/gundem\/bursa-kultur-yolu-festivalinde-cocuk-hem-eglendi-hem-de-sanati-ogrendi\/\",\"name\":\"Bursa K\u00fclt\u00fcr Yolu Festivali\u2019nde \u00e7ocuk hem e\u011flendi, hem de sanat\u0131 \u00f6\u011frendi - Av. Deniz Can K\u0131z\u0131l\",\"isPartOf\":{\"@id\":\"https:\/\/denizcankizil.tr\/de\/#website\"},\"datePublished\":\"2025-07-05T11:42:43+00:00\",\"breadcrumb\":{\"@id\":\"https:\/\/denizcankizil.tr\/ru\/haberler\/gundem\/bursa-kultur-yolu-festivalinde-cocuk-hem-eglendi-hem-de-sanati-ogrendi\/#breadcrumb\"},\"inLanguage\":\"uk\",\"potentialAction\":[{\"@type\":\"ReadAction\",\"target\":[\"https:\/\/denizcankizil.tr\/ru\/haberler\/gundem\/bursa-kultur-yolu-festivalinde-cocuk-hem-eglendi-hem-de-sanati-ogrendi\/\"]}]},{\"@type\":\"BreadcrumbList\",\"@id\":\"https:\/\/denizcankizil.tr\/ru\/haberler\/gundem\/bursa-kultur-yolu-festivalinde-cocuk-hem-eglendi-hem-de-sanati-ogrendi\/#breadcrumb\",\"itemListElement\":[{\"@type\":\"ListItem\",\"position\":1,\"name\":\"Home\",\"item\":\"https:\/\/denizcankizil.tr\/de\/\"},{\"@type\":\"ListItem\",\"position\":2,\"name\":\"Bursa K\u00fclt\u00fcr Yolu Festivali\u2019nde \u00e7ocuk hem e\u011flendi, hem de sanat\u0131 \u00f6\u011frendi\"}]},{\"@type\":\"WebSite\",\"@id\":\"https:\/\/denizcankizil.tr\/de\/#website\",\"url\":\"https:\/\/denizcankizil.tr\/de\/\",\"name\":\"Av. Deniz Can K\u0131z\u0131l\",\"description\":\"Avukat Deniz Can K\u0131z\u0131l Antalya Barosu\",\"publisher\":{\"@id\":\"https:\/\/denizcankizil.tr\/de\/#organization\"},\"potentialAction\":[{\"@type\":\"SearchAction\",\"target\":{\"@type\":\"EntryPoint\",\"urlTemplate\":\"https:\/\/denizcankizil.tr\/de\/?s={search_term_string}\"},\"query-input\":{\"@type\":\"PropertyValueSpecification\",\"valueRequired\":true,\"valueName\":\"search_term_string\"}}],\"inLanguage\":\"uk\"},{\"@type\":\"Organization\",\"@id\":\"https:\/\/denizcankizil.tr\/de\/#organization\",\"name\":\"Av. Deniz Can K\u0131z\u0131l\",\"url\":\"https:\/\/denizcankizil.tr\/de\/\",\"logo\":{\"@type\":\"ImageObject\",\"inLanguage\":\"uk\",\"@id\":\"https:\/\/denizcankizil.tr\/de\/#\/schema\/logo\/image\/\",\"url\":\"https:\/\/denizcankizil.tr\/wp-content\/uploads\/2024\/10\/siyah-logo-svg.svg\",\"contentUrl\":\"https:\/\/denizcankizil.tr\/wp-content\/uploads\/2024\/10\/siyah-logo-svg.svg\",\"width\":1080,\"height\":1080,\"caption\":\"Av. Deniz Can K\u0131z\u0131l\"},\"image\":{\"@id\":\"https:\/\/denizcankizil.tr\/de\/#\/schema\/logo\/image\/\"}},{\"@type\":\"Person\",\"@id\":\"https:\/\/denizcankizil.tr\/de\/#\/schema\/person\/be3c05fe6a12686905512445d8185489\",\"name\":\"admin\",\"image\":{\"@type\":\"ImageObject\",\"inLanguage\":\"uk\",\"@id\":\"https:\/\/denizcankizil.tr\/de\/#\/schema\/person\/image\/\",\"url\":\"https:\/\/secure.gravatar.com\/avatar\/c1fce94c830dc79107e174f890d7210541c4a63e8e5d816341794a2151c9d58c?s=96&d=mm&r=g\",\"contentUrl\":\"https:\/\/secure.gravatar.com\/avatar\/c1fce94c830dc79107e174f890d7210541c4a63e8e5d816341794a2151c9d58c?s=96&d=mm&r=g\",\"caption\":\"admin\"},\"sameAs\":[\"http:\/\/denizcankizil.tr\"],\"url\":\"https:\/\/www.iskenderun.org\/bursa-kultur-yolu-festivalinde-cocuk-hem-eglendi-hem-de-sanati-ogrendi\"}]}<\/script>\n<!-- \/ Yoast SEO Premium plugin. -->","yoast_head_json":{"title":"Bursa K\u00fclt\u00fcr Yolu Festivali\u2019nde \u00e7ocuk hem e\u011flendi, hem de sanat\u0131 \u00f6\u011frendi - Av. Deniz Can K\u0131z\u0131l","robots":{"index":"index","follow":"follow","max-snippet":"max-snippet:-1","max-image-preview":"max-image-preview:large","max-video-preview":"max-video-preview:-1"},"canonical":"https:\/\/denizcankizil.tr\/uk\/haberler\/gundem\/bursa-kultur-yolu-festivalinde-cocuk-hem-eglendi-hem-de-sanati-ogrendi\/","og_locale":"uk_UA","og_type":"article","og_title":"Bursa K\u00fclt\u00fcr Yolu Festivali\u2019nde \u00e7ocuk hem e\u011flendi, hem de sanat\u0131 \u00f6\u011frendi","og_description":"T\u00fcrkiye K\u00fclt\u00fcr Yolu Festivali\u2019nin bu y\u0131lki be\u015finci dura\u011f\u0131 Bursa, festival boyunca \u00e7ocuklar i\u00e7in birbirinden renkli etkinliklere ev sahipli\u011fi yap\u0131yor. H\u00fcdavendigar Kent Park\u0131\u2019nda kurulan \u201c\u00c7ocuk K\u00f6y\u00fc\u201dnde g\u00f6n\u00fcllerince e\u011flenen \u00e7ocuklar, \u015fehrin d\u00f6rt bir yan\u0131ndaki at\u00f6lyeler ve \u00e7ocuk oyunlar\u0131 ile sanatla bulu\u015fuyor.BURSA (\u0130GFA) &#8211; Bursa K\u00fclt\u00fcr Yolu Festivali kapsam\u0131nda; H\u00fcdavendigar Kent Park\u0131\u2019nda kurulan ve birbirinden renkli aktiviteler, at\u00f6lye \u00e7al\u0131\u015fmalar\u0131, sahne g\u00f6sterileri, tiyatrolar, oyun alanlar\u0131 ve daha bir\u00e7ok etkinli\u011fin yer ald\u0131\u011f\u0131 \u201c\u00c7ocuk K\u00f6y\u00fc\u201d minik misafirlerini bu sene de a\u011f\u0131rl\u0131yor. \u201c\u00c7ocuk K\u00f6y\u00fc\u201d i\u00e7erisinde yer alan palya\u00e7o, pandomim, ill\u00fczyonist g\u00f6sterileri, balon katlama, bubble g\u00f6steriler ve \u015fi\u015fme kayd\u0131raklar ile g\u00f6n\u00fcllerince e\u011flenen \u00e7ocuklar, \u00e7uval yar\u0131\u015f\u0131, halat \u00e7ekme gibi ge\u00e7mi\u015ften g\u00fcn\u00fcm\u00fcze ta\u015f\u0131nan oyunlarla sosyal becerilerini geli\u015ftiriyor. Minik Bursal\u0131lar, \u201cG\u00f6ky\u00fcz\u00fc G\u00f6zlem\u201d ve \u201cAli Baba&#8217;n\u0131n \u00c7iftli\u011fi Tematik Alan\u0131\u201d gibi etkinlik alanlar\u0131nda e\u011flenirken \u00f6\u011frenme f\u0131rsat\u0131 yakal\u0131yor. TRT Market\u2019te ise TRT\u2019nin sevilen lisansl\u0131 \u00fcr\u00fcnlerine kavu\u015fman\u0131n heyecan\u0131n\u0131 ya\u015f\u0131yor. Bursa \u0130l Halk K\u00fct\u00fcphanesi\u2019nde kurulan \u201cDublaj Kutusu\u201d ile kendi repliklerini seslendiren minikler, Bursa Arkeoloji M\u00fcze Bah\u00e7esi ve Te\u015fhir Alan\u0131\u2019nda d\u00fczenlenen \u201cK\u00fclt\u00fcr Koruyucular\u0131\u201d etkinli\u011finde ise arkeoloji ve k\u00fclt\u00fcrel miras\u0131 koruma konular\u0131nda bilin\u00e7leniyor. \u00c7ocuklar; \u201cMacerac\u0131 Y\u00fczge\u00e7ler\u201d, \u201cRafadan Tayfa\u201d, \u201cMa\u015fa ile Koca Ay\u0131\u201d ve \u201cZ Tak\u0131m\u0131\u201d gibi lisansl\u0131 \u00e7ocuk tiyatrolar\u0131nda en sevdikleri \u00e7izgi film kahramanlar\u0131n\u0131 sahnede izleme \u015fans\u0131 bulurken, \u201cAdnan Abi ile Hacivat Karag\u00f6z Aram\u0131zda\u201d, \u201cKavuklu Pi\u015fekar Orta Oyunu\u201d &hellip;","og_url":"https:\/\/denizcankizil.tr\/uk\/haberler\/gundem\/bursa-kultur-yolu-festivalinde-cocuk-hem-eglendi-hem-de-sanati-ogrendi\/","og_site_name":"Av. Deniz Can K\u0131z\u0131l","article_published_time":"2025-07-05T11:42:43+00:00","author":"admin","twitter_card":"summary_large_image","twitter_misc":{"\u041d\u0430\u043f\u0438\u0441\u0430\u043d\u043e":"admin","\u041f\u0440\u0438\u0431\u043b. \u0447\u0430\u0441 \u0447\u0438\u0442\u0430\u043d\u043d\u044f":"4 \u0445\u0432\u0438\u043b\u0438\u043d\u0438"},"schema":{"@context":"https:\/\/schema.org","@graph":[{"@type":"Article","@id":"https:\/\/denizcankizil.tr\/ru\/haberler\/gundem\/bursa-kultur-yolu-festivalinde-cocuk-hem-eglendi-hem-de-sanati-ogrendi\/#article","isPartOf":{"@id":"https:\/\/denizcankizil.tr\/ru\/haberler\/gundem\/bursa-kultur-yolu-festivalinde-cocuk-hem-eglendi-hem-de-sanati-ogrendi\/"},"author":{"name":"admin","@id":"https:\/\/denizcankizil.tr\/de\/#\/schema\/person\/be3c05fe6a12686905512445d8185489"},"headline":"Bursa K\u00fclt\u00fcr Yolu Festivali\u2019nde \u00e7ocuk hem e\u011flendi, hem de sanat\u0131 \u00f6\u011frendi","datePublished":"2025-07-05T11:42:43+00:00","mainEntityOfPage":{"@id":"https:\/\/denizcankizil.tr\/ru\/haberler\/gundem\/bursa-kultur-yolu-festivalinde-cocuk-hem-eglendi-hem-de-sanati-ogrendi\/"},"wordCount":851,"publisher":{"@id":"https:\/\/denizcankizil.tr\/de\/#organization"},"articleSection":["G\u00fcndem"],"inLanguage":"uk"},{"@type":"WebPage","@id":"https:\/\/denizcankizil.tr\/ru\/haberler\/gundem\/bursa-kultur-yolu-festivalinde-cocuk-hem-eglendi-hem-de-sanati-ogrendi\/","url":"https:\/\/denizcankizil.tr\/ru\/haberler\/gundem\/bursa-kultur-yolu-festivalinde-cocuk-hem-eglendi-hem-de-sanati-ogrendi\/","name":"Bursa K\u00fclt\u00fcr Yolu Festivali\u2019nde \u00e7ocuk hem e\u011flendi, hem de sanat\u0131 \u00f6\u011frendi - Av. Deniz Can K\u0131z\u0131l","isPartOf":{"@id":"https:\/\/denizcankizil.tr\/de\/#website"},"datePublished":"2025-07-05T11:42:43+00:00","breadcrumb":{"@id":"https:\/\/denizcankizil.tr\/ru\/haberler\/gundem\/bursa-kultur-yolu-festivalinde-cocuk-hem-eglendi-hem-de-sanati-ogrendi\/#breadcrumb"},"inLanguage":"uk","potentialAction":[{"@type":"ReadAction","target":["https:\/\/denizcankizil.tr\/ru\/haberler\/gundem\/bursa-kultur-yolu-festivalinde-cocuk-hem-eglendi-hem-de-sanati-ogrendi\/"]}]},{"@type":"BreadcrumbList","@id":"https:\/\/denizcankizil.tr\/ru\/haberler\/gundem\/bursa-kultur-yolu-festivalinde-cocuk-hem-eglendi-hem-de-sanati-ogrendi\/#breadcrumb","itemListElement":[{"@type":"ListItem","position":1,"name":"Home","item":"https:\/\/denizcankizil.tr\/de\/"},{"@type":"ListItem","position":2,"name":"Bursa K\u00fclt\u00fcr Yolu Festivali\u2019nde \u00e7ocuk hem e\u011flendi, hem de sanat\u0131 \u00f6\u011frendi"}]},{"@type":"WebSite","@id":"https:\/\/denizcankizil.tr\/de\/#website","url":"https:\/\/denizcankizil.tr\/de\/","name":"Av. Deniz Can K\u0131z\u0131l","description":"Avukat Deniz Can K\u0131z\u0131l Antalya Barosu","publisher":{"@id":"https:\/\/denizcankizil.tr\/de\/#organization"},"potentialAction":[{"@type":"SearchAction","target":{"@type":"EntryPoint","urlTemplate":"https:\/\/denizcankizil.tr\/de\/?s={search_term_string}"},"query-input":{"@type":"PropertyValueSpecification","valueRequired":true,"valueName":"search_term_string"}}],"inLanguage":"uk"},{"@type":"Organization","@id":"https:\/\/denizcankizil.tr\/de\/#organization","name":"Av. Deniz Can K\u0131z\u0131l","url":"https:\/\/denizcankizil.tr\/de\/","logo":{"@type":"ImageObject","inLanguage":"uk","@id":"https:\/\/denizcankizil.tr\/de\/#\/schema\/logo\/image\/","url":"https:\/\/denizcankizil.tr\/wp-content\/uploads\/2024\/10\/siyah-logo-svg.svg","contentUrl":"https:\/\/denizcankizil.tr\/wp-content\/uploads\/2024\/10\/siyah-logo-svg.svg","width":1080,"height":1080,"caption":"Av. Deniz Can K\u0131z\u0131l"},"image":{"@id":"https:\/\/denizcankizil.tr\/de\/#\/schema\/logo\/image\/"}},{"@type":"Person","@id":"https:\/\/denizcankizil.tr\/de\/#\/schema\/person\/be3c05fe6a12686905512445d8185489","name":"\u0430\u0434\u043c\u0456\u043d","image":{"@type":"ImageObject","inLanguage":"uk","@id":"https:\/\/denizcankizil.tr\/de\/#\/schema\/person\/image\/","url":"https:\/\/secure.gravatar.com\/avatar\/c1fce94c830dc79107e174f890d7210541c4a63e8e5d816341794a2151c9d58c?s=96&d=mm&r=g","contentUrl":"https:\/\/secure.gravatar.com\/avatar\/c1fce94c830dc79107e174f890d7210541c4a63e8e5d816341794a2151c9d58c?s=96&d=mm&r=g","caption":"admin"},"sameAs":["http:\/\/denizcankizil.tr"],"url":"https:\/\/www.iskenderun.org\/bursa-kultur-yolu-festivalinde-cocuk-hem-eglendi-hem-de-sanati-ogrendi"}]}},"_links":{"self":[{"href":"https:\/\/denizcankizil.tr\/uk\/wp-json\/wp\/v2\/posts\/136807","targetHints":{"allow":["GET"]}}],"collection":[{"href":"https:\/\/denizcankizil.tr\/uk\/wp-json\/wp\/v2\/posts"}],"about":[{"href":"https:\/\/denizcankizil.tr\/uk\/wp-json\/wp\/v2\/types\/post"}],"author":[{"embeddable":true,"href":"https:\/\/denizcankizil.tr\/uk\/wp-json\/wp\/v2\/users\/1"}],"replies":[{"embeddable":true,"href":"https:\/\/denizcankizil.tr\/uk\/wp-json\/wp\/v2\/comments?post=136807"}],"version-history":[{"count":0,"href":"https:\/\/denizcankizil.tr\/uk\/wp-json\/wp\/v2\/posts\/136807\/revisions"}],"wp:attachment":[{"href":"https:\/\/denizcankizil.tr\/uk\/wp-json\/wp\/v2\/media?parent=136807"}],"wp:term":[{"taxonomy":"category","embeddable":true,"href":"https:\/\/denizcankizil.tr\/uk\/wp-json\/wp\/v2\/categories?post=136807"},{"taxonomy":"post_tag","embeddable":true,"href":"https:\/\/denizcankizil.tr\/uk\/wp-json\/wp\/v2\/tags?post=136807"}],"curies":[{"name":"wp","href":"https:\/\/api.w.org\/{rel}","templated":true}]}}