{"id":135690,"date":"2025-07-04T12:43:53","date_gmt":"2025-07-04T09:43:53","guid":{"rendered":"https:\/\/denizcankizil.tr\/uncategorized-tr\/bursanin-cevre-duzeni-plani-ortak-akilla-sekilleniyor\/"},"modified":"2025-07-04T12:43:53","modified_gmt":"2025-07-04T09:43:53","slug":"bursanin-cevre-duzeni-plani-ortak-akilla-sekilleniyor","status":"publish","type":"post","link":"https:\/\/denizcankizil.tr\/uk\/haberler\/gundem\/bursanin-cevre-duzeni-plani-ortak-akilla-sekilleniyor\/","title":{"rendered":"Bursa&#8217;n\u0131n &#8216;\u00c7evre D\u00fczeni Plan\u0131&#8217; ortak ak\u0131lla \u015fekilleniyor"},"content":{"rendered":"<p>Bursa B\u00fcy\u00fck\u015fehir Belediyesi, Bursa\u2019n\u0131n \u2018Kent Anayasas\u0131\u2019n\u0131 olu\u015fturacak olan 2050 vizyonlu \u20181\/100.000\u2019lik \u00c7evre D\u00fczeni Plan\u0131\u2019 \u00e7al\u0131\u015fmalar\u0131n\u0131 payda\u015f \u00e7al\u0131\u015ftaylar\u0131yla s\u00fcrd\u00fcr\u00fcyor. S\u00fcreci \u015feffaf, kat\u0131l\u0131mc\u0131 ve bilimsel bir zemin \u00fczerine in\u015fa etmeye kararl\u0131 olduklar\u0131n\u0131 s\u00f6yleyen Ba\u015fkan Mustafa Bozbey, Bursa\u2019da \u2018benim de fikrim var\u2019 diyen herkesin katk\u0131s\u0131yla plan\u0131n kentin anayasas\u0131 olaca\u011f\u0131n\u0131 belirtti.BURSA (\u0130GFA) &#8211;  Bursa B\u00fcy\u00fck\u015fehir Belediyesi, \u2018Kent Anayasas\u0131\u2019n\u0131 olu\u015fturacak 2050 vizyonlu \u20181\/100.000\u2019lik \u00c7evre D\u00fczeni Plan\u0131\u2019 kapsam\u0131nda toplumun t\u00fcm kesimleriyle bulu\u015fmaya devam ediyor.<br \/>\nB\u00f6lgesel Muhtarlar \u00c7al\u0131\u015ftaylar\u0131 ve Hayalimizdeki Bursa\u2019y\u0131 Konu\u015fuyoruz toplant\u0131lar\u0131yla 17 il\u00e7ede t\u00fcm kesimlerin kente dair g\u00f6r\u00fc\u015f ve d\u00fc\u015f\u00fcncelerini dinleyen B\u00fcy\u00fck\u015fehir Belediyesi, \u00c7evre D\u00fczeni Plan\u0131 \u00e7al\u0131\u015fmalar\u0131n\u0131 \u2018Payda\u015f \u00c7al\u0131\u015ftay\u0131\u2019 ile s\u00fcrd\u00fcr\u00fcyor.Atat\u00fcrk K\u00fclt\u00fcr Merkezi Merinos Yerle\u015fkesi\u2019ndeki \u00e7al\u0131\u015ftay\u0131n ikinci toplant\u0131s\u0131na, Bursa B\u00fcy\u00fck\u015fehir Belediye Ba\u015fkan\u0131 Mustafa Bozbey, B\u00fcy\u00fck\u015fehir Belediyesi Genel Sekreteri Do\u00e7. Dr. Erg\u00fcl Halis\u00e7elik, Genel Sekreter Yard\u0131mc\u0131s\u0131 Mehmet T\u00f6z\u00fcn Bing\u00f6l, Bursa Kent Konseyi Ba\u015fkan\u0131 Prof. Dr. Ertu\u011frul Aksoy, merkezi y\u00f6netim, yerel y\u00f6netim, meslek odalar\u0131, \u00fcniversiteler, \u00f6zel sekt\u00f6r ve sivil toplum kurulu\u015flar\u0131n\u0131n temsilcileri kat\u0131ld\u0131.<br \/>\nGe\u00e7ti\u011fimiz aylarda yap\u0131lan payda\u015f \u00e7al\u0131\u015ftaylar\u0131n\u0131n birincisinde Bursa\u2019n\u0131n g\u00fc\u00e7l\u00fc ve zay\u0131f y\u00f6nleri bilimsel ve yerel bilgiyle harmanlanarak analiz edilmi\u015fti. \u0130kinci toplant\u0131da ise uzmanlar taraf\u0131ndan verilerin sentezi yap\u0131larak stratejik \u00f6ncelikler ortaya konuldu.<br \/>\n\u201cSTRATEJ\u0130K \u00d6NCEL\u0130KLER\u0130M\u0130Z\u0130 ORTAYA KOYUYORUZ\u201d<br \/>\nBursa B\u00fcy\u00fck\u015fehir Belediye Ba\u015fkan\u0131 Mustafa Bozbey, 2050 y\u0131l\u0131n\u0131n Bursa\u2019s\u0131n\u0131 hayal etmek ve bu hayali birlikte in\u015fa etmek i\u00e7in \u00e7al\u0131\u015fmalara devam ettiklerini s\u00f6yledi. D\u00fczenlenen \u00e7al\u0131\u015ftaylar, paneller ve toplant\u0131larla planlama s\u00fcrecinin kat\u0131l\u0131mc\u0131 boyutunu ve kurumsal derinli\u011fini g\u00fc\u00e7lendirmeyi hedeflediklerini belirten Ba\u015fkan Mustafa Bozbey, 1\/100.000 \u00f6l\u00e7ekli \u00c7evre D\u00fczeni Plan\u0131\u2019nda mek\u00e2nsal geli\u015fimle birlikte sosyal, ekonomik, \u00e7evresel ve k\u00fclt\u00fcrel b\u00fct\u00fcnl\u00fc\u011f\u00fc g\u00f6zeten stratejik bir vizyon ortaya koyduklar\u0131n\u0131 ifade etti. Ba\u015fkan Bozbey, \u201cS\u00fcrecin merkezinde, s\u00fcrd\u00fcr\u00fclebilirlik, diren\u00e7lilik, do\u011fa ile uyum, k\u00fclt\u00fcrel miras\u0131n korunmas\u0131, d\u00f6ng\u00fcsel ekonomi ve toplumsal kapsay\u0131c\u0131l\u0131k gibi ilkeler yer almaktad\u0131r. Birinci \u00e7al\u0131\u015ftay\u0131m\u0131zda, kentimizin g\u00fc\u00e7l\u00fc ve zay\u0131f y\u00f6nlerini, bilimsel ve yerel bilgiyle harmanlayarak analiz ettik. Bug\u00fcn ise bu verilerin sentezine y\u00f6neliyoruz. Stratejik \u00f6nceliklerimizi ortaya koyuyoruz. Gelecek vizyonumuzu ortak ak\u0131lla \u015fekillendirmek istiyoruz. Bu ba\u011flamda Bursa\u2019n\u0131n sizden ve bizden beklentisi, temsil etti\u011finiz uzmanl\u0131k alanlar\u0131n\u0131n ve kurumlar\u0131n bilgi birikimini yap\u0131c\u0131, a\u00e7\u0131k ve kat\u0131l\u0131mc\u0131 bir anlay\u0131\u015fla ortaya koyman\u0131zd\u0131r. Her bir katk\u0131, bu plan\u0131n hem i\u00e7eri\u011fini hem de me\u015fruiyetini g\u00fc\u00e7lendirecektir\u201d dedi.<\/p>\n<p>\u201cYE\u015e\u0130L BURSA \u00d6ZLEM\u0130M\u0130ZE TEKRAR KAVU\u015eMU\u015e OLACA\u011eIZ\u201d<br \/>\nPlan\u0131n akademik zeminin g\u00fc\u00e7l\u00fc oldu\u011funu anlatan Ba\u015fkan Mustafa Bozbey, bu zeminin sahada kar\u015f\u0131l\u0131k bulabilmesi i\u00e7in \u00e7ok y\u00f6nl\u00fc temsil ve kat\u0131l\u0131m gerekti\u011finin alt\u0131n\u0131 \u00e7izdi.<br \/>\nSanayiden tar\u0131ma, ula\u015f\u0131mdan ekolojiye, k\u00fclt\u00fcrel mirastan veri y\u00f6netimine uzanan 17 tematik ba\u015fl\u0131kta y\u00fcr\u00fct\u00fclen planlama s\u00fcrecinin, disiplinler aras\u0131 bir yap\u0131ya sahip oldu\u011funa de\u011finen Ba\u015fkan Bozbey, \u201cBu yap\u0131, yaln\u0131zca kurumlar aras\u0131 da de\u011fil; ayn\u0131 zamanda bilgi t\u00fcrleri aras\u0131nda uyum gerektirmektedir. Bilimsel bilgi kadar yerel deneyimin, teknik analiz kadar toplumsal g\u00f6zlemin de \u00f6nemli oldu\u011funa inan\u0131yoruz. Ortak Ak\u0131l kavram\u0131, bizler i\u00e7in asla politik bir s\u00f6ylem de\u011fildir. Bizler ortak akl\u0131, planlama s\u00fcrecimizin bilimsel temeli ve dayana\u011f\u0131 olarak g\u00f6r\u00fcyoruz. 2050 Bursa\u2019s\u0131 i\u00e7in \u00f6ng\u00f6rd\u00fc\u011f\u00fcm\u00fcz vizyon; s\u00fcrd\u00fcr\u00fclebilir, diren\u00e7li, adil, kat\u0131l\u0131mc\u0131 ve ya\u015fanabilir bir kentsel ya\u015fam kurgusunu i\u00e7ermektedir. \u00c7al\u0131\u015ftay\u0131n \u00e7\u0131kt\u0131lar\u0131, sadece bir plan dok\u00fcman\u0131na d\u00f6n\u00fc\u015fmeyecek. Bursa\u2019n\u0131n y\u00f6neti\u015fim k\u00fclt\u00fcr\u00fcne, kat\u0131l\u0131m gelene\u011fine ve kurumsal kapasitesine de\u011ferli bir katk\u0131 sunacakt\u0131r. Bursa B\u00fcy\u00fck\u015fehir Belediyesi olarak bu s\u00fcreci \u015feffaf, kat\u0131l\u0131mc\u0131 ve bilimsel bir zemin \u00fczerine in\u015fa etmeye kararl\u0131y\u0131z. Bu kentin belki de T\u00fcrkiye\u2019de ilk defa bir kent anayasas\u0131 niteli\u011finde bir \u00c7evre D\u00fczeni Plan\u0131 yap\u0131l\u0131yor. Bursa\u2019da \u2018benim de fikrim var\u2019 diyen herkesin katk\u0131s\u0131yla bu plan kentin anayasas\u0131 olacak. B\u00f6ylece &#8216;Ye\u015fil Bursa&#8217; \u00f6zlemimize tekrar kavu\u015fmu\u015f olaca\u011f\u0131z. Bunu ancak birlikte ba\u015farabiliriz\u201d diye konu\u015ftu.<br \/>\n\u0130mar ve \u015eehircilik Dairesi Ba\u015fkan\u0131 Nazl\u0131 Yazgan ve Bursa Planlama Ajans\u0131 Proje Koordinat\u00f6r\u00fc Prof. Dr. Fatih Terzi\u2019nin sunumlar\u0131yla devam eden \u00e7al\u0131\u015ftay, g\u00fcn boyu s\u00fcren stratejik eksenler, ortakla\u015fma oturumlar\u0131 ve gen\u00e7lerin sunumuyla sona erdi.<\/p>\n<p>\u200bBursa B\u00fcy\u00fck\u015fehir Belediyesi, Bursa\u2019n\u0131n \u2018Kent Anayasas\u0131\u2019n\u0131 olu\u015fturacak olan 2050 vizyonlu \u20181\/100.000\u2019lik \u00c7evre D\u00fczeni Plan\u0131\u2019 \u00e7al\u0131\u015fmalar\u0131n\u0131 payda\u015f \u00e7al\u0131\u015ftaylar\u0131yla s\u00fcrd\u00fcr\u00fcyor. S\u00fcreci \u015feffaf, kat\u0131l\u0131mc\u0131 ve bilimsel bir zemin \u00fczerine in\u015fa etmeye kararl\u0131 olduklar\u0131n\u0131 s\u00f6yleyen Ba\u015fkan Mustafa Bozbey, Bursa\u2019da \u2018benim de fikrim var\u2019 diyen herkesin katk\u0131s\u0131yla plan\u0131n kentin anayasas\u0131 olaca\u011f\u0131n\u0131 belirtti.BURSA (\u0130GFA) &#8211;  Bursa B\u00fcy\u00fck\u015fehir Belediyesi, \u2018Kent Anayasas\u0131\u2019n\u0131 olu\u015fturacak 2050 vizyonlu \u20181\/100.000\u2019lik \u00c7evre D\u00fczeni Plan\u0131\u2019 kapsam\u0131nda toplumun t\u00fcm kesimleriyle bulu\u015fmaya devam ediyor.<br \/>\nB\u00f6lgesel Muhtarlar \u00c7al\u0131\u015ftaylar\u0131 ve Hayalimizdeki Bursa\u2019y\u0131 Konu\u015fuyoruz toplant\u0131lar\u0131yla 17 il\u00e7ede t\u00fcm kesimlerin kente dair g\u00f6r\u00fc\u015f ve d\u00fc\u015f\u00fcncelerini dinleyen B\u00fcy\u00fck\u015fehir Belediyesi, \u00c7evre D\u00fczeni Plan\u0131 \u00e7al\u0131\u015fmalar\u0131n\u0131 \u2018Payda\u015f \u00c7al\u0131\u015ftay\u0131\u2019 ile s\u00fcrd\u00fcr\u00fcyor.Atat\u00fcrk K\u00fclt\u00fcr Merkezi Merinos Yerle\u015fkesi\u2019ndeki \u00e7al\u0131\u015ftay\u0131n ikinci toplant\u0131s\u0131na, Bursa B\u00fcy\u00fck\u015fehir Belediye Ba\u015fkan\u0131 Mustafa Bozbey, B\u00fcy\u00fck\u015fehir Belediyesi Genel Sekreteri Do\u00e7. Dr. Erg\u00fcl Halis\u00e7elik, Genel Sekreter Yard\u0131mc\u0131s\u0131 Mehmet T\u00f6z\u00fcn Bing\u00f6l, Bursa Kent Konseyi Ba\u015fkan\u0131 Prof. Dr. Ertu\u011frul Aksoy, merkezi y\u00f6netim, yerel y\u00f6netim, meslek odalar\u0131, \u00fcniversiteler, \u00f6zel sekt\u00f6r ve sivil toplum kurulu\u015flar\u0131n\u0131n temsilcileri kat\u0131ld\u0131.<br \/>\nGe\u00e7ti\u011fimiz aylarda yap\u0131lan payda\u015f \u00e7al\u0131\u015ftaylar\u0131n\u0131n birincisinde Bursa\u2019n\u0131n g\u00fc\u00e7l\u00fc ve zay\u0131f y\u00f6nleri bilimsel ve yerel bilgiyle harmanlanarak analiz edilmi\u015fti. \u0130kinci toplant\u0131da ise uzmanlar taraf\u0131ndan verilerin sentezi yap\u0131larak stratejik \u00f6ncelikler ortaya konuldu.<br \/>\n\u201cSTRATEJ\u0130K \u00d6NCEL\u0130KLER\u0130M\u0130Z\u0130 ORTAYA KOYUYORUZ\u201d<br \/>\nBursa B\u00fcy\u00fck\u015fehir Belediye Ba\u015fkan\u0131 Mustafa Bozbey, 2050 y\u0131l\u0131n\u0131n Bursa\u2019s\u0131n\u0131 hayal etmek ve bu hayali birlikte in\u015fa etmek i\u00e7in \u00e7al\u0131\u015fmalara devam ettiklerini s\u00f6yledi. D\u00fczenlenen \u00e7al\u0131\u015ftaylar, paneller ve toplant\u0131larla planlama s\u00fcrecinin kat\u0131l\u0131mc\u0131 boyutunu ve kurumsal derinli\u011fini g\u00fc\u00e7lendirmeyi hedeflediklerini belirten Ba\u015fkan Mustafa Bozbey, 1\/100.000 \u00f6l\u00e7ekli \u00c7evre D\u00fczeni Plan\u0131\u2019nda mek\u00e2nsal geli\u015fimle birlikte sosyal, ekonomik, \u00e7evresel ve k\u00fclt\u00fcrel b\u00fct\u00fcnl\u00fc\u011f\u00fc g\u00f6zeten stratejik bir vizyon ortaya koyduklar\u0131n\u0131 ifade etti. Ba\u015fkan Bozbey, \u201cS\u00fcrecin merkezinde, s\u00fcrd\u00fcr\u00fclebilirlik, diren\u00e7lilik, do\u011fa ile uyum, k\u00fclt\u00fcrel miras\u0131n korunmas\u0131, d\u00f6ng\u00fcsel ekonomi ve toplumsal kapsay\u0131c\u0131l\u0131k gibi ilkeler yer almaktad\u0131r. Birinci \u00e7al\u0131\u015ftay\u0131m\u0131zda, kentimizin g\u00fc\u00e7l\u00fc ve zay\u0131f y\u00f6nlerini, bilimsel ve yerel bilgiyle harmanlayarak analiz ettik. Bug\u00fcn ise bu verilerin sentezine y\u00f6neliyoruz. Stratejik \u00f6nceliklerimizi ortaya koyuyoruz. Gelecek vizyonumuzu ortak ak\u0131lla \u015fekillendirmek istiyoruz. Bu ba\u011flamda Bursa\u2019n\u0131n sizden ve bizden beklentisi, temsil etti\u011finiz uzmanl\u0131k alanlar\u0131n\u0131n ve kurumlar\u0131n bilgi birikimini yap\u0131c\u0131, a\u00e7\u0131k ve kat\u0131l\u0131mc\u0131 bir anlay\u0131\u015fla ortaya koyman\u0131zd\u0131r. Her bir katk\u0131, bu plan\u0131n hem i\u00e7eri\u011fini hem de me\u015fruiyetini g\u00fc\u00e7lendirecektir\u201d dedi.<\/p>\n<p>\u201cYE\u015e\u0130L BURSA \u00d6ZLEM\u0130M\u0130ZE TEKRAR KAVU\u015eMU\u015e OLACA\u011eIZ\u201d<br \/>\nPlan\u0131n akademik zeminin g\u00fc\u00e7l\u00fc oldu\u011funu anlatan Ba\u015fkan Mustafa Bozbey, bu zeminin sahada kar\u015f\u0131l\u0131k bulabilmesi i\u00e7in \u00e7ok y\u00f6nl\u00fc temsil ve kat\u0131l\u0131m gerekti\u011finin alt\u0131n\u0131 \u00e7izdi.<br \/>\nSanayiden tar\u0131ma, ula\u015f\u0131mdan ekolojiye, k\u00fclt\u00fcrel mirastan veri y\u00f6netimine uzanan 17 tematik ba\u015fl\u0131kta y\u00fcr\u00fct\u00fclen planlama s\u00fcrecinin, disiplinler aras\u0131 bir yap\u0131ya sahip oldu\u011funa de\u011finen Ba\u015fkan Bozbey, \u201cBu yap\u0131, yaln\u0131zca kurumlar aras\u0131 da de\u011fil; ayn\u0131 zamanda bilgi t\u00fcrleri aras\u0131nda uyum gerektirmektedir. Bilimsel bilgi kadar yerel deneyimin, teknik analiz kadar toplumsal g\u00f6zlemin de \u00f6nemli oldu\u011funa inan\u0131yoruz. Ortak Ak\u0131l kavram\u0131, bizler i\u00e7in asla politik bir s\u00f6ylem de\u011fildir. Bizler ortak akl\u0131, planlama s\u00fcrecimizin bilimsel temeli ve dayana\u011f\u0131 olarak g\u00f6r\u00fcyoruz. 2050 Bursa\u2019s\u0131 i\u00e7in \u00f6ng\u00f6rd\u00fc\u011f\u00fcm\u00fcz vizyon; s\u00fcrd\u00fcr\u00fclebilir, diren\u00e7li, adil, kat\u0131l\u0131mc\u0131 ve ya\u015fanabilir bir kentsel ya\u015fam kurgusunu i\u00e7ermektedir. \u00c7al\u0131\u015ftay\u0131n \u00e7\u0131kt\u0131lar\u0131, sadece bir plan dok\u00fcman\u0131na d\u00f6n\u00fc\u015fmeyecek. Bursa\u2019n\u0131n y\u00f6neti\u015fim k\u00fclt\u00fcr\u00fcne, kat\u0131l\u0131m gelene\u011fine ve kurumsal kapasitesine de\u011ferli bir katk\u0131 sunacakt\u0131r. Bursa B\u00fcy\u00fck\u015fehir Belediyesi olarak bu s\u00fcreci \u015feffaf, kat\u0131l\u0131mc\u0131 ve bilimsel bir zemin \u00fczerine in\u015fa etmeye kararl\u0131y\u0131z. Bu kentin belki de T\u00fcrkiye\u2019de ilk defa bir kent anayasas\u0131 niteli\u011finde bir \u00c7evre D\u00fczeni Plan\u0131 yap\u0131l\u0131yor. Bursa\u2019da \u2018benim de fikrim var\u2019 diyen herkesin katk\u0131s\u0131yla bu plan kentin anayasas\u0131 olacak. B\u00f6ylece &#8216;Ye\u015fil Bursa&#8217; \u00f6zlemimize tekrar kavu\u015fmu\u015f olaca\u011f\u0131z. Bunu ancak birlikte ba\u015farabiliriz\u201d diye konu\u015ftu.<br \/>\n\u0130mar ve \u015eehircilik Dairesi Ba\u015fkan\u0131 Nazl\u0131 Yazgan ve Bursa Planlama Ajans\u0131 Proje Koordinat\u00f6r\u00fc Prof. Dr. Fatih Terzi\u2019nin sunumlar\u0131yla devam eden \u00e7al\u0131\u015ftay, g\u00fcn boyu s\u00fcren stratejik eksenler, ortakla\u015fma oturumlar\u0131 ve gen\u00e7lerin sunumuyla sona erdi.\u00a0<\/p>\n<p>\u200bHaberin Al\u0131nt\u0131land\u0131\u011f\u0131 Kaynak: www.iskenderun.org<\/p>","protected":false},"excerpt":{"rendered":"<p>Bursa B\u00fcy\u00fck\u015fehir Belediyesi, Bursa\u2019n\u0131n \u2018Kent Anayasas\u0131\u2019n\u0131 olu\u015fturacak olan 2050 vizyonlu \u20181\/100.000\u2019lik \u00c7evre D\u00fczeni Plan\u0131\u2019 \u00e7al\u0131\u015fmalar\u0131n\u0131 payda\u015f \u00e7al\u0131\u015ftaylar\u0131yla s\u00fcrd\u00fcr\u00fcyor. S\u00fcreci \u015feffaf, kat\u0131l\u0131mc\u0131 ve bilimsel bir zemin \u00fczerine in\u015fa etmeye kararl\u0131 olduklar\u0131n\u0131 s\u00f6yleyen Ba\u015fkan Mustafa Bozbey, Bursa\u2019da \u2018benim de fikrim var\u2019 diyen herkesin katk\u0131s\u0131yla plan\u0131n kentin anayasas\u0131 olaca\u011f\u0131n\u0131 belirtti.BURSA (\u0130GFA) &#8211; Bursa B\u00fcy\u00fck\u015fehir Belediyesi, \u2018Kent Anayasas\u0131\u2019n\u0131 olu\u015fturacak 2050 vizyonlu \u20181\/100.000\u2019lik \u00c7evre D\u00fczeni Plan\u0131\u2019 kapsam\u0131nda toplumun t\u00fcm kesimleriyle bulu\u015fmaya devam ediyor. B\u00f6lgesel Muhtarlar \u00c7al\u0131\u015ftaylar\u0131 ve Hayalimizdeki Bursa\u2019y\u0131 Konu\u015fuyoruz toplant\u0131lar\u0131yla 17 il\u00e7ede t\u00fcm kesimlerin kente dair g\u00f6r\u00fc\u015f ve d\u00fc\u015f\u00fcncelerini dinleyen B\u00fcy\u00fck\u015fehir Belediyesi, \u00c7evre D\u00fczeni Plan\u0131 \u00e7al\u0131\u015fmalar\u0131n\u0131 \u2018Payda\u015f \u00c7al\u0131\u015ftay\u0131\u2019 ile s\u00fcrd\u00fcr\u00fcyor.Atat\u00fcrk K\u00fclt\u00fcr Merkezi Merinos Yerle\u015fkesi\u2019ndeki \u00e7al\u0131\u015ftay\u0131n ikinci toplant\u0131s\u0131na, Bursa B\u00fcy\u00fck\u015fehir Belediye Ba\u015fkan\u0131 Mustafa Bozbey, B\u00fcy\u00fck\u015fehir Belediyesi Genel Sekreteri Do\u00e7. Dr. Erg\u00fcl Halis\u00e7elik, Genel Sekreter Yard\u0131mc\u0131s\u0131 Mehmet T\u00f6z\u00fcn Bing\u00f6l, Bursa Kent Konseyi Ba\u015fkan\u0131 Prof. Dr. Ertu\u011frul Aksoy, merkezi y\u00f6netim, yerel y\u00f6netim, meslek odalar\u0131, \u00fcniversiteler, \u00f6zel sekt\u00f6r ve sivil toplum kurulu\u015flar\u0131n\u0131n temsilcileri kat\u0131ld\u0131. Ge\u00e7ti\u011fimiz aylarda yap\u0131lan payda\u015f \u00e7al\u0131\u015ftaylar\u0131n\u0131n birincisinde Bursa\u2019n\u0131n g\u00fc\u00e7l\u00fc ve zay\u0131f y\u00f6nleri bilimsel ve yerel bilgiyle harmanlanarak analiz edilmi\u015fti. \u0130kinci toplant\u0131da ise uzmanlar taraf\u0131ndan verilerin sentezi yap\u0131larak stratejik \u00f6ncelikler ortaya konuldu. \u201cSTRATEJ\u0130K \u00d6NCEL\u0130KLER\u0130M\u0130Z\u0130 ORTAYA KOYUYORUZ\u201d Bursa B\u00fcy\u00fck\u015fehir Belediye Ba\u015fkan\u0131 Mustafa Bozbey, 2050 y\u0131l\u0131n\u0131n Bursa\u2019s\u0131n\u0131 hayal etmek ve bu hayali birlikte in\u015fa etmek i\u00e7in \u00e7al\u0131\u015fmalara devam &hellip;<\/p>","protected":false},"author":1,"featured_media":0,"comment_status":"","ping_status":"open","sticky":false,"template":"","format":"standard","meta":{"_acf_changed":false,"footnotes":""},"categories":[24],"tags":[],"class_list":["post-135690","post","type-post","status-publish","format-standard","has-post-thumbnail","hentry","category-gundem"],"acf":[],"yoast_head":"<!-- This site is optimized with the Yoast SEO Premium plugin v26.6 (Yoast SEO v27.1.1) - https:\/\/yoast.com\/product\/yoast-seo-premium-wordpress\/ -->\n<title>Bursa&#039;n\u0131n &#039;\u00c7evre D\u00fczeni Plan\u0131&#039; ortak ak\u0131lla \u015fekilleniyor - Av. Deniz Can K\u0131z\u0131l<\/title>\n<meta name=\"robots\" content=\"index, follow, max-snippet:-1, max-image-preview:large, max-video-preview:-1\" \/>\n<link rel=\"canonical\" href=\"https:\/\/denizcankizil.tr\/uk\/haberler\/gundem\/bursanin-cevre-duzeni-plani-ortak-akilla-sekilleniyor\/\" \/>\n<meta property=\"og:locale\" content=\"uk_UA\" \/>\n<meta property=\"og:type\" content=\"article\" \/>\n<meta property=\"og:title\" content=\"Bursa&#039;n\u0131n &#039;\u00c7evre D\u00fczeni Plan\u0131&#039; ortak ak\u0131lla \u015fekilleniyor\" \/>\n<meta property=\"og:description\" content=\"Bursa B\u00fcy\u00fck\u015fehir Belediyesi, Bursa\u2019n\u0131n \u2018Kent Anayasas\u0131\u2019n\u0131 olu\u015fturacak olan 2050 vizyonlu \u20181\/100.000\u2019lik \u00c7evre D\u00fczeni Plan\u0131\u2019 \u00e7al\u0131\u015fmalar\u0131n\u0131 payda\u015f \u00e7al\u0131\u015ftaylar\u0131yla s\u00fcrd\u00fcr\u00fcyor. S\u00fcreci \u015feffaf, kat\u0131l\u0131mc\u0131 ve bilimsel bir zemin \u00fczerine in\u015fa etmeye kararl\u0131 olduklar\u0131n\u0131 s\u00f6yleyen Ba\u015fkan Mustafa Bozbey, Bursa\u2019da \u2018benim de fikrim var\u2019 diyen herkesin katk\u0131s\u0131yla plan\u0131n kentin anayasas\u0131 olaca\u011f\u0131n\u0131 belirtti.BURSA (\u0130GFA) &#8211; Bursa B\u00fcy\u00fck\u015fehir Belediyesi, \u2018Kent Anayasas\u0131\u2019n\u0131 olu\u015fturacak 2050 vizyonlu \u20181\/100.000\u2019lik \u00c7evre D\u00fczeni Plan\u0131\u2019 kapsam\u0131nda toplumun t\u00fcm kesimleriyle bulu\u015fmaya devam ediyor. B\u00f6lgesel Muhtarlar \u00c7al\u0131\u015ftaylar\u0131 ve Hayalimizdeki Bursa\u2019y\u0131 Konu\u015fuyoruz toplant\u0131lar\u0131yla 17 il\u00e7ede t\u00fcm kesimlerin kente dair g\u00f6r\u00fc\u015f ve d\u00fc\u015f\u00fcncelerini dinleyen B\u00fcy\u00fck\u015fehir Belediyesi, \u00c7evre D\u00fczeni Plan\u0131 \u00e7al\u0131\u015fmalar\u0131n\u0131 \u2018Payda\u015f \u00c7al\u0131\u015ftay\u0131\u2019 ile s\u00fcrd\u00fcr\u00fcyor.Atat\u00fcrk K\u00fclt\u00fcr Merkezi Merinos Yerle\u015fkesi\u2019ndeki \u00e7al\u0131\u015ftay\u0131n ikinci toplant\u0131s\u0131na, Bursa B\u00fcy\u00fck\u015fehir Belediye Ba\u015fkan\u0131 Mustafa Bozbey, B\u00fcy\u00fck\u015fehir Belediyesi Genel Sekreteri Do\u00e7. Dr. Erg\u00fcl Halis\u00e7elik, Genel Sekreter Yard\u0131mc\u0131s\u0131 Mehmet T\u00f6z\u00fcn Bing\u00f6l, Bursa Kent Konseyi Ba\u015fkan\u0131 Prof. Dr. Ertu\u011frul Aksoy, merkezi y\u00f6netim, yerel y\u00f6netim, meslek odalar\u0131, \u00fcniversiteler, \u00f6zel sekt\u00f6r ve sivil toplum kurulu\u015flar\u0131n\u0131n temsilcileri kat\u0131ld\u0131. Ge\u00e7ti\u011fimiz aylarda yap\u0131lan payda\u015f \u00e7al\u0131\u015ftaylar\u0131n\u0131n birincisinde Bursa\u2019n\u0131n g\u00fc\u00e7l\u00fc ve zay\u0131f y\u00f6nleri bilimsel ve yerel bilgiyle harmanlanarak analiz edilmi\u015fti. \u0130kinci toplant\u0131da ise uzmanlar taraf\u0131ndan verilerin sentezi yap\u0131larak stratejik \u00f6ncelikler ortaya konuldu. \u201cSTRATEJ\u0130K \u00d6NCEL\u0130KLER\u0130M\u0130Z\u0130 ORTAYA KOYUYORUZ\u201d Bursa B\u00fcy\u00fck\u015fehir Belediye Ba\u015fkan\u0131 Mustafa Bozbey, 2050 y\u0131l\u0131n\u0131n Bursa\u2019s\u0131n\u0131 hayal etmek ve bu hayali birlikte in\u015fa etmek i\u00e7in \u00e7al\u0131\u015fmalara devam &hellip;\" \/>\n<meta property=\"og:url\" content=\"https:\/\/denizcankizil.tr\/uk\/haberler\/gundem\/bursanin-cevre-duzeni-plani-ortak-akilla-sekilleniyor\/\" \/>\n<meta property=\"og:site_name\" content=\"Av. Deniz Can K\u0131z\u0131l\" \/>\n<meta property=\"article:published_time\" content=\"2025-07-04T09:43:53+00:00\" \/>\n<meta name=\"author\" content=\"admin\" \/>\n<meta name=\"twitter:card\" content=\"summary_large_image\" \/>\n<meta name=\"twitter:label1\" content=\"\u041d\u0430\u043f\u0438\u0441\u0430\u043d\u043e\" \/>\n\t<meta name=\"twitter:data1\" content=\"admin\" \/>\n\t<meta name=\"twitter:label2\" content=\"\u041f\u0440\u0438\u0431\u043b. \u0447\u0430\u0441 \u0447\u0438\u0442\u0430\u043d\u043d\u044f\" \/>\n\t<meta name=\"twitter:data2\" content=\"9 \u0445\u0432\u0438\u043b\u0438\u043d\" \/>\n<script type=\"application\/ld+json\" class=\"yoast-schema-graph\">{\"@context\":\"https:\/\/schema.org\",\"@graph\":[{\"@type\":\"Article\",\"@id\":\"https:\/\/denizcankizil.tr\/uk\/haberler\/gundem\/bursanin-cevre-duzeni-plani-ortak-akilla-sekilleniyor\/#article\",\"isPartOf\":{\"@id\":\"https:\/\/denizcankizil.tr\/uk\/haberler\/gundem\/bursanin-cevre-duzeni-plani-ortak-akilla-sekilleniyor\/\"},\"author\":{\"name\":\"admin\",\"@id\":\"https:\/\/denizcankizil.tr\/#\/schema\/person\/be3c05fe6a12686905512445d8185489\"},\"headline\":\"Bursa&#8217;n\u0131n &#8216;\u00c7evre D\u00fczeni Plan\u0131&#8217; ortak ak\u0131lla \u015fekilleniyor\",\"datePublished\":\"2025-07-04T09:43:53+00:00\",\"mainEntityOfPage\":{\"@id\":\"https:\/\/denizcankizil.tr\/uk\/haberler\/gundem\/bursanin-cevre-duzeni-plani-ortak-akilla-sekilleniyor\/\"},\"wordCount\":1715,\"publisher\":{\"@id\":\"https:\/\/denizcankizil.tr\/#organization\"},\"articleSection\":[\"G\u00fcndem\"],\"inLanguage\":\"uk\"},{\"@type\":\"WebPage\",\"@id\":\"https:\/\/denizcankizil.tr\/uk\/haberler\/gundem\/bursanin-cevre-duzeni-plani-ortak-akilla-sekilleniyor\/\",\"url\":\"https:\/\/denizcankizil.tr\/uk\/haberler\/gundem\/bursanin-cevre-duzeni-plani-ortak-akilla-sekilleniyor\/\",\"name\":\"Bursa'n\u0131n '\u00c7evre D\u00fczeni Plan\u0131' ortak ak\u0131lla \u015fekilleniyor - Av. Deniz Can K\u0131z\u0131l\",\"isPartOf\":{\"@id\":\"https:\/\/denizcankizil.tr\/#website\"},\"datePublished\":\"2025-07-04T09:43:53+00:00\",\"breadcrumb\":{\"@id\":\"https:\/\/denizcankizil.tr\/uk\/haberler\/gundem\/bursanin-cevre-duzeni-plani-ortak-akilla-sekilleniyor\/#breadcrumb\"},\"inLanguage\":\"uk\",\"potentialAction\":[{\"@type\":\"ReadAction\",\"target\":[\"https:\/\/denizcankizil.tr\/uk\/haberler\/gundem\/bursanin-cevre-duzeni-plani-ortak-akilla-sekilleniyor\/\"]}]},{\"@type\":\"BreadcrumbList\",\"@id\":\"https:\/\/denizcankizil.tr\/uk\/haberler\/gundem\/bursanin-cevre-duzeni-plani-ortak-akilla-sekilleniyor\/#breadcrumb\",\"itemListElement\":[{\"@type\":\"ListItem\",\"position\":1,\"name\":\"Home\",\"item\":\"https:\/\/denizcankizil.tr\/de\/\"},{\"@type\":\"ListItem\",\"position\":2,\"name\":\"Bursa&#8217;n\u0131n &#8216;\u00c7evre D\u00fczeni Plan\u0131&#8217; ortak ak\u0131lla \u015fekilleniyor\"}]},{\"@type\":\"WebSite\",\"@id\":\"https:\/\/denizcankizil.tr\/#website\",\"url\":\"https:\/\/denizcankizil.tr\/\",\"name\":\"Av. Deniz Can K\u0131z\u0131l\",\"description\":\"Avukat Deniz Can K\u0131z\u0131l Antalya Barosu\",\"publisher\":{\"@id\":\"https:\/\/denizcankizil.tr\/#organization\"},\"potentialAction\":[{\"@type\":\"SearchAction\",\"target\":{\"@type\":\"EntryPoint\",\"urlTemplate\":\"https:\/\/denizcankizil.tr\/?s={search_term_string}\"},\"query-input\":{\"@type\":\"PropertyValueSpecification\",\"valueRequired\":true,\"valueName\":\"search_term_string\"}}],\"inLanguage\":\"uk\"},{\"@type\":\"Organization\",\"@id\":\"https:\/\/denizcankizil.tr\/#organization\",\"name\":\"Av. Deniz Can K\u0131z\u0131l\",\"url\":\"https:\/\/denizcankizil.tr\/\",\"logo\":{\"@type\":\"ImageObject\",\"inLanguage\":\"uk\",\"@id\":\"https:\/\/denizcankizil.tr\/#\/schema\/logo\/image\/\",\"url\":\"https:\/\/denizcankizil.tr\/wp-content\/uploads\/2024\/10\/siyah-logo-svg.svg\",\"contentUrl\":\"https:\/\/denizcankizil.tr\/wp-content\/uploads\/2024\/10\/siyah-logo-svg.svg\",\"width\":1080,\"height\":1080,\"caption\":\"Av. Deniz Can K\u0131z\u0131l\"},\"image\":{\"@id\":\"https:\/\/denizcankizil.tr\/#\/schema\/logo\/image\/\"}},{\"@type\":\"Person\",\"@id\":\"https:\/\/denizcankizil.tr\/#\/schema\/person\/be3c05fe6a12686905512445d8185489\",\"name\":\"admin\",\"image\":{\"@type\":\"ImageObject\",\"inLanguage\":\"uk\",\"@id\":\"https:\/\/denizcankizil.tr\/#\/schema\/person\/image\/\",\"url\":\"https:\/\/secure.gravatar.com\/avatar\/c1fce94c830dc79107e174f890d7210541c4a63e8e5d816341794a2151c9d58c?s=96&d=mm&r=g\",\"contentUrl\":\"https:\/\/secure.gravatar.com\/avatar\/c1fce94c830dc79107e174f890d7210541c4a63e8e5d816341794a2151c9d58c?s=96&d=mm&r=g\",\"caption\":\"admin\"},\"sameAs\":[\"http:\/\/denizcankizil.tr\"],\"url\":\"https:\/\/www.iskenderun.org\/bursanin-cevre-duzeni-plani-ortak-akilla-sekilleniyor\"}]}<\/script>\n<!-- \/ Yoast SEO Premium plugin. -->","yoast_head_json":{"title":"Bursa'n\u0131n '\u00c7evre D\u00fczeni Plan\u0131' ortak ak\u0131lla \u015fekilleniyor - Av. Deniz Can K\u0131z\u0131l","robots":{"index":"index","follow":"follow","max-snippet":"max-snippet:-1","max-image-preview":"max-image-preview:large","max-video-preview":"max-video-preview:-1"},"canonical":"https:\/\/denizcankizil.tr\/uk\/haberler\/gundem\/bursanin-cevre-duzeni-plani-ortak-akilla-sekilleniyor\/","og_locale":"uk_UA","og_type":"article","og_title":"Bursa'n\u0131n '\u00c7evre D\u00fczeni Plan\u0131' ortak ak\u0131lla \u015fekilleniyor","og_description":"Bursa B\u00fcy\u00fck\u015fehir Belediyesi, Bursa\u2019n\u0131n \u2018Kent Anayasas\u0131\u2019n\u0131 olu\u015fturacak olan 2050 vizyonlu \u20181\/100.000\u2019lik \u00c7evre D\u00fczeni Plan\u0131\u2019 \u00e7al\u0131\u015fmalar\u0131n\u0131 payda\u015f \u00e7al\u0131\u015ftaylar\u0131yla s\u00fcrd\u00fcr\u00fcyor. S\u00fcreci \u015feffaf, kat\u0131l\u0131mc\u0131 ve bilimsel bir zemin \u00fczerine in\u015fa etmeye kararl\u0131 olduklar\u0131n\u0131 s\u00f6yleyen Ba\u015fkan Mustafa Bozbey, Bursa\u2019da \u2018benim de fikrim var\u2019 diyen herkesin katk\u0131s\u0131yla plan\u0131n kentin anayasas\u0131 olaca\u011f\u0131n\u0131 belirtti.BURSA (\u0130GFA) &#8211; Bursa B\u00fcy\u00fck\u015fehir Belediyesi, \u2018Kent Anayasas\u0131\u2019n\u0131 olu\u015fturacak 2050 vizyonlu \u20181\/100.000\u2019lik \u00c7evre D\u00fczeni Plan\u0131\u2019 kapsam\u0131nda toplumun t\u00fcm kesimleriyle bulu\u015fmaya devam ediyor. B\u00f6lgesel Muhtarlar \u00c7al\u0131\u015ftaylar\u0131 ve Hayalimizdeki Bursa\u2019y\u0131 Konu\u015fuyoruz toplant\u0131lar\u0131yla 17 il\u00e7ede t\u00fcm kesimlerin kente dair g\u00f6r\u00fc\u015f ve d\u00fc\u015f\u00fcncelerini dinleyen B\u00fcy\u00fck\u015fehir Belediyesi, \u00c7evre D\u00fczeni Plan\u0131 \u00e7al\u0131\u015fmalar\u0131n\u0131 \u2018Payda\u015f \u00c7al\u0131\u015ftay\u0131\u2019 ile s\u00fcrd\u00fcr\u00fcyor.Atat\u00fcrk K\u00fclt\u00fcr Merkezi Merinos Yerle\u015fkesi\u2019ndeki \u00e7al\u0131\u015ftay\u0131n ikinci toplant\u0131s\u0131na, Bursa B\u00fcy\u00fck\u015fehir Belediye Ba\u015fkan\u0131 Mustafa Bozbey, B\u00fcy\u00fck\u015fehir Belediyesi Genel Sekreteri Do\u00e7. Dr. Erg\u00fcl Halis\u00e7elik, Genel Sekreter Yard\u0131mc\u0131s\u0131 Mehmet T\u00f6z\u00fcn Bing\u00f6l, Bursa Kent Konseyi Ba\u015fkan\u0131 Prof. Dr. Ertu\u011frul Aksoy, merkezi y\u00f6netim, yerel y\u00f6netim, meslek odalar\u0131, \u00fcniversiteler, \u00f6zel sekt\u00f6r ve sivil toplum kurulu\u015flar\u0131n\u0131n temsilcileri kat\u0131ld\u0131. Ge\u00e7ti\u011fimiz aylarda yap\u0131lan payda\u015f \u00e7al\u0131\u015ftaylar\u0131n\u0131n birincisinde Bursa\u2019n\u0131n g\u00fc\u00e7l\u00fc ve zay\u0131f y\u00f6nleri bilimsel ve yerel bilgiyle harmanlanarak analiz edilmi\u015fti. \u0130kinci toplant\u0131da ise uzmanlar taraf\u0131ndan verilerin sentezi yap\u0131larak stratejik \u00f6ncelikler ortaya konuldu. \u201cSTRATEJ\u0130K \u00d6NCEL\u0130KLER\u0130M\u0130Z\u0130 ORTAYA KOYUYORUZ\u201d Bursa B\u00fcy\u00fck\u015fehir Belediye Ba\u015fkan\u0131 Mustafa Bozbey, 2050 y\u0131l\u0131n\u0131n Bursa\u2019s\u0131n\u0131 hayal etmek ve bu hayali birlikte in\u015fa etmek i\u00e7in \u00e7al\u0131\u015fmalara devam &hellip;","og_url":"https:\/\/denizcankizil.tr\/uk\/haberler\/gundem\/bursanin-cevre-duzeni-plani-ortak-akilla-sekilleniyor\/","og_site_name":"Av. Deniz Can K\u0131z\u0131l","article_published_time":"2025-07-04T09:43:53+00:00","author":"admin","twitter_card":"summary_large_image","twitter_misc":{"\u041d\u0430\u043f\u0438\u0441\u0430\u043d\u043e":"admin","\u041f\u0440\u0438\u0431\u043b. \u0447\u0430\u0441 \u0447\u0438\u0442\u0430\u043d\u043d\u044f":"9 \u0445\u0432\u0438\u043b\u0438\u043d"},"schema":{"@context":"https:\/\/schema.org","@graph":[{"@type":"Article","@id":"https:\/\/denizcankizil.tr\/uk\/haberler\/gundem\/bursanin-cevre-duzeni-plani-ortak-akilla-sekilleniyor\/#article","isPartOf":{"@id":"https:\/\/denizcankizil.tr\/uk\/haberler\/gundem\/bursanin-cevre-duzeni-plani-ortak-akilla-sekilleniyor\/"},"author":{"name":"admin","@id":"https:\/\/denizcankizil.tr\/#\/schema\/person\/be3c05fe6a12686905512445d8185489"},"headline":"Bursa&#8217;n\u0131n &#8216;\u00c7evre D\u00fczeni Plan\u0131&#8217; ortak ak\u0131lla \u015fekilleniyor","datePublished":"2025-07-04T09:43:53+00:00","mainEntityOfPage":{"@id":"https:\/\/denizcankizil.tr\/uk\/haberler\/gundem\/bursanin-cevre-duzeni-plani-ortak-akilla-sekilleniyor\/"},"wordCount":1715,"publisher":{"@id":"https:\/\/denizcankizil.tr\/#organization"},"articleSection":["G\u00fcndem"],"inLanguage":"uk"},{"@type":"WebPage","@id":"https:\/\/denizcankizil.tr\/uk\/haberler\/gundem\/bursanin-cevre-duzeni-plani-ortak-akilla-sekilleniyor\/","url":"https:\/\/denizcankizil.tr\/uk\/haberler\/gundem\/bursanin-cevre-duzeni-plani-ortak-akilla-sekilleniyor\/","name":"Bursa'n\u0131n '\u00c7evre D\u00fczeni Plan\u0131' ortak ak\u0131lla \u015fekilleniyor - Av. Deniz Can K\u0131z\u0131l","isPartOf":{"@id":"https:\/\/denizcankizil.tr\/#website"},"datePublished":"2025-07-04T09:43:53+00:00","breadcrumb":{"@id":"https:\/\/denizcankizil.tr\/uk\/haberler\/gundem\/bursanin-cevre-duzeni-plani-ortak-akilla-sekilleniyor\/#breadcrumb"},"inLanguage":"uk","potentialAction":[{"@type":"ReadAction","target":["https:\/\/denizcankizil.tr\/uk\/haberler\/gundem\/bursanin-cevre-duzeni-plani-ortak-akilla-sekilleniyor\/"]}]},{"@type":"BreadcrumbList","@id":"https:\/\/denizcankizil.tr\/uk\/haberler\/gundem\/bursanin-cevre-duzeni-plani-ortak-akilla-sekilleniyor\/#breadcrumb","itemListElement":[{"@type":"ListItem","position":1,"name":"Home","item":"https:\/\/denizcankizil.tr\/de\/"},{"@type":"ListItem","position":2,"name":"Bursa&#8217;n\u0131n &#8216;\u00c7evre D\u00fczeni Plan\u0131&#8217; ortak ak\u0131lla \u015fekilleniyor"}]},{"@type":"WebSite","@id":"https:\/\/denizcankizil.tr\/#website","url":"https:\/\/denizcankizil.tr\/","name":"Av. Deniz Can K\u0131z\u0131l","description":"Avukat Deniz Can K\u0131z\u0131l Antalya Barosu","publisher":{"@id":"https:\/\/denizcankizil.tr\/#organization"},"potentialAction":[{"@type":"SearchAction","target":{"@type":"EntryPoint","urlTemplate":"https:\/\/denizcankizil.tr\/?s={search_term_string}"},"query-input":{"@type":"PropertyValueSpecification","valueRequired":true,"valueName":"search_term_string"}}],"inLanguage":"uk"},{"@type":"Organization","@id":"https:\/\/denizcankizil.tr\/#organization","name":"Av. Deniz Can K\u0131z\u0131l","url":"https:\/\/denizcankizil.tr\/","logo":{"@type":"ImageObject","inLanguage":"uk","@id":"https:\/\/denizcankizil.tr\/#\/schema\/logo\/image\/","url":"https:\/\/denizcankizil.tr\/wp-content\/uploads\/2024\/10\/siyah-logo-svg.svg","contentUrl":"https:\/\/denizcankizil.tr\/wp-content\/uploads\/2024\/10\/siyah-logo-svg.svg","width":1080,"height":1080,"caption":"Av. Deniz Can K\u0131z\u0131l"},"image":{"@id":"https:\/\/denizcankizil.tr\/#\/schema\/logo\/image\/"}},{"@type":"Person","@id":"https:\/\/denizcankizil.tr\/#\/schema\/person\/be3c05fe6a12686905512445d8185489","name":"\u0430\u0434\u043c\u0456\u043d","image":{"@type":"ImageObject","inLanguage":"uk","@id":"https:\/\/denizcankizil.tr\/#\/schema\/person\/image\/","url":"https:\/\/secure.gravatar.com\/avatar\/c1fce94c830dc79107e174f890d7210541c4a63e8e5d816341794a2151c9d58c?s=96&d=mm&r=g","contentUrl":"https:\/\/secure.gravatar.com\/avatar\/c1fce94c830dc79107e174f890d7210541c4a63e8e5d816341794a2151c9d58c?s=96&d=mm&r=g","caption":"admin"},"sameAs":["http:\/\/denizcankizil.tr"],"url":"https:\/\/www.iskenderun.org\/bursanin-cevre-duzeni-plani-ortak-akilla-sekilleniyor"}]}},"_links":{"self":[{"href":"https:\/\/denizcankizil.tr\/uk\/wp-json\/wp\/v2\/posts\/135690","targetHints":{"allow":["GET"]}}],"collection":[{"href":"https:\/\/denizcankizil.tr\/uk\/wp-json\/wp\/v2\/posts"}],"about":[{"href":"https:\/\/denizcankizil.tr\/uk\/wp-json\/wp\/v2\/types\/post"}],"author":[{"embeddable":true,"href":"https:\/\/denizcankizil.tr\/uk\/wp-json\/wp\/v2\/users\/1"}],"replies":[{"embeddable":true,"href":"https:\/\/denizcankizil.tr\/uk\/wp-json\/wp\/v2\/comments?post=135690"}],"version-history":[{"count":0,"href":"https:\/\/denizcankizil.tr\/uk\/wp-json\/wp\/v2\/posts\/135690\/revisions"}],"wp:attachment":[{"href":"https:\/\/denizcankizil.tr\/uk\/wp-json\/wp\/v2\/media?parent=135690"}],"wp:term":[{"taxonomy":"category","embeddable":true,"href":"https:\/\/denizcankizil.tr\/uk\/wp-json\/wp\/v2\/categories?post=135690"},{"taxonomy":"post_tag","embeddable":true,"href":"https:\/\/denizcankizil.tr\/uk\/wp-json\/wp\/v2\/tags?post=135690"}],"curies":[{"name":"wp","href":"https:\/\/api.w.org\/{rel}","templated":true}]}}