{"id":135548,"date":"2025-07-04T10:41:25","date_gmt":"2025-07-04T07:41:25","guid":{"rendered":"https:\/\/denizcankizil.tr\/uncategorized-tr\/antalyanin-tarihi-bolgesinde-esnaflar-isyan-etti-kavurucu-sicaklar-en-cok-onlari-vurdu\/"},"modified":"2025-07-04T10:41:25","modified_gmt":"2025-07-04T07:41:25","slug":"antalyanin-tarihi-bolgesinde-esnaflar-isyan-etti-kavurucu-sicaklar-en-cok-onlari-vurdu","status":"publish","type":"post","link":"https:\/\/denizcankizil.tr\/uk\/haberler\/gundem\/antalyanin-tarihi-bolgesinde-esnaflar-isyan-etti-kavurucu-sicaklar-en-cok-onlari-vurdu\/","title":{"rendered":"Antalya\u2019n\u0131n tarihi b\u00f6lgesinde esnaflar isyan etti! Kavurucu s\u0131caklar en \u00e7ok onlar\u0131 vurdu"},"content":{"rendered":"<p>Kentte son g\u00fcnlerde rekor \u00fczerine rekor k\u0131ran \u00e7\u00f6l s\u0131caklar\u0131 esnaf\u0131n\u0131n cebini vurdu. Kalei\u00e7i&#8217;nin dar sokaklar\u0131 ve tarihi yap\u0131lar\u0131, her y\u0131l yerli ve yabanc\u0131 turistlerin ilgisini \u00e7ekerken, bu y\u0131l ya\u015fanan s\u0131caklar ile birlikte sessizlik hakim oluyor. Kente gelen turist say\u0131s\u0131nda ge\u00e7en y\u0131l\u0131n ayn\u0131 d\u00f6nemine oranla rekor k\u0131r\u0131lmas\u0131na kar\u015f\u0131n, b\u00f6lgedeki esnaf, ekonomik olarak b\u00fcy\u00fck bir kriz ya\u015f\u0131yor. Esnaflar, ikindi saatlerine kadar siftah yapamadan g\u00fcnlerini ge\u00e7irirken, kafe, bar, restoran ve hediyelik e\u015fya satan d\u00fckkan \u00e7al\u0131\u015fanlar\u0131 gelecek turistleri umutla bekliyor.<\/p>\n<p>ANTALYA KAVURUCU SICAKLARLA BO\u011eU\u015eUYOR<\/p>\n<p>Kalei\u00e7i&#8217;nin tarihi ve turistik \u00f6nemine ra\u011fmen esnaf\u0131n ya\u015fad\u0131\u011f\u0131 ekonomik s\u0131k\u0131nt\u0131lar, b\u00f6lgenin turizm potansiyelini tam olarak de\u011ferlendiremedi\u011fini g\u00f6steriyor. \u0130\u015fletmeler ya\u015fanan durgunlu\u011fun nedenleri aras\u0131nda \u00e7\u00f6l s\u0131caklar\u0131n\u0131 ve otellerin uygulad\u0131\u011f\u0131 \u201cHer \u015fey dahil\u201d konseptini neden g\u00f6steriyor. Kaliteli turistin t\u00fckendi\u011fini ifade eden i\u015fletme \u00e7al\u0131\u015fanlar\u0131 gelenlerin de otelden d\u0131\u015far\u0131 \u00e7\u0131kmad\u0131\u011f\u0131n\u0131 s\u00f6yledi.<\/p>\n<p>ESNAF HAL\u0130NDEN \u015e\u0130KAYET\u00c7\u0130<\/p>\n<p>Ya\u015fanan s\u00fcre\u00e7le ilgili a\u00e7\u0131klamalarda bulunan esnaflar ise; \u201cTurist say\u0131s\u0131nda art\u0131\u015f var ama bu art\u0131\u015f bize yans\u0131m\u0131yor. Ge\u00e7en y\u0131llarda bu d\u00f6nemlerde yo\u011funluk ya\u015fard\u0131k. \u015eimdi ise sabahtan ak\u015fama kadar birka\u00e7 m\u00fc\u015fteri ancak geliyor. Havalar a\u015f\u0131r\u0131 s\u0131cak gitti\u011fi i\u00e7in turist otelden \u00e7\u0131km\u0131yor. \u0130kindi saatlerine kadar siftah yapam\u0131yoruz. G\u00f6z\u00fcm\u00fcz yolda, gelen turistleri bekliyoruz ama gelenler de al\u0131\u015fveri\u015f yapm\u0131yor. Eskiden gelen turistler hat\u0131ra olsun diye bir \u015feyler al\u0131rd\u0131. \u015eimdi herkes tasarruf yap\u0131yor gibi g\u00f6r\u00fcn\u00fcyor. Bu durum bizi \u00e7ok zorluyor. Kaliteli m\u00fc\u015fteri yok, turist otelden \u00e7\u0131kmak istemiyor\u201d \u015feklinde g\u00f6r\u00fc\u015f belirttiler.<\/p>\n<p>\u200bAntalya\u2019da Kalei\u00e7i esnaf\u0131n\u0131 son g\u00fcnlerde ya\u015fanan \u00e7\u00f6l s\u0131caklar\u0131 vurdu. Antalya\u2019ya gelen turist say\u0131s\u0131 \u00f6nceki y\u0131llara g\u00f6re rekor k\u0131rmas\u0131na ra\u011fmen tarih kokan sokaklarda adeta in-cin top oynuyor. Siftah yapmadan d\u00fckkan kapatt\u0131klar\u0131n\u0131 dile getiren esnaf ise ekonomik kriz ya\u015fand\u0131\u011f\u0131na dikkat \u00e7ekerek, acil \u00f6nlem al\u0131nmas\u0131 \u00e7a\u011fr\u0131s\u0131nda bulundu.\u00a0<\/p>\n<p>\u200bHaberin Al\u0131nt\u0131land\u0131\u011f\u0131 Kaynak: www.antalyakorfez.com<\/p>","protected":false},"excerpt":{"rendered":"<p>Kentte son g\u00fcnlerde rekor \u00fczerine rekor k\u0131ran \u00e7\u00f6l s\u0131caklar\u0131 esnaf\u0131n\u0131n cebini vurdu. Kalei\u00e7i&#8217;nin dar sokaklar\u0131 ve tarihi yap\u0131lar\u0131, her y\u0131l yerli ve yabanc\u0131 turistlerin ilgisini \u00e7ekerken, bu y\u0131l ya\u015fanan s\u0131caklar ile birlikte sessizlik hakim oluyor. Kente gelen turist say\u0131s\u0131nda ge\u00e7en y\u0131l\u0131n ayn\u0131 d\u00f6nemine oranla rekor k\u0131r\u0131lmas\u0131na kar\u015f\u0131n, b\u00f6lgedeki esnaf, ekonomik olarak b\u00fcy\u00fck bir kriz ya\u015f\u0131yor. Esnaflar, ikindi saatlerine kadar siftah yapamadan g\u00fcnlerini ge\u00e7irirken, kafe, bar, restoran ve hediyelik e\u015fya satan d\u00fckkan \u00e7al\u0131\u015fanlar\u0131 gelecek turistleri umutla bekliyor. ANTALYA KAVURUCU SICAKLARLA BO\u011eU\u015eUYOR Kalei\u00e7i&#8217;nin tarihi ve turistik \u00f6nemine ra\u011fmen esnaf\u0131n ya\u015fad\u0131\u011f\u0131 ekonomik s\u0131k\u0131nt\u0131lar, b\u00f6lgenin turizm potansiyelini tam olarak de\u011ferlendiremedi\u011fini g\u00f6steriyor. \u0130\u015fletmeler ya\u015fanan durgunlu\u011fun nedenleri aras\u0131nda \u00e7\u00f6l s\u0131caklar\u0131n\u0131 ve otellerin uygulad\u0131\u011f\u0131 \u201cHer \u015fey dahil\u201d konseptini neden g\u00f6steriyor. Kaliteli turistin t\u00fckendi\u011fini ifade eden i\u015fletme \u00e7al\u0131\u015fanlar\u0131 gelenlerin de otelden d\u0131\u015far\u0131 \u00e7\u0131kmad\u0131\u011f\u0131n\u0131 s\u00f6yledi. ESNAF HAL\u0130NDEN \u015e\u0130KAYET\u00c7\u0130 Ya\u015fanan s\u00fcre\u00e7le ilgili a\u00e7\u0131klamalarda bulunan esnaflar ise; \u201cTurist say\u0131s\u0131nda art\u0131\u015f var ama bu art\u0131\u015f bize yans\u0131m\u0131yor. Ge\u00e7en y\u0131llarda bu d\u00f6nemlerde yo\u011funluk ya\u015fard\u0131k. \u015eimdi ise sabahtan ak\u015fama kadar birka\u00e7 m\u00fc\u015fteri ancak geliyor. Havalar a\u015f\u0131r\u0131 s\u0131cak gitti\u011fi i\u00e7in turist otelden \u00e7\u0131km\u0131yor. \u0130kindi saatlerine kadar siftah yapam\u0131yoruz. G\u00f6z\u00fcm\u00fcz yolda, gelen turistleri bekliyoruz ama gelenler de al\u0131\u015fveri\u015f yapm\u0131yor. Eskiden gelen turistler hat\u0131ra olsun diye bir \u015feyler al\u0131rd\u0131. \u015eimdi herkes tasarruf yap\u0131yor gibi g\u00f6r\u00fcn\u00fcyor. Bu durum &hellip;<\/p>","protected":false},"author":5,"featured_media":0,"comment_status":"","ping_status":"open","sticky":false,"template":"","format":"standard","meta":{"_acf_changed":false,"footnotes":""},"categories":[24],"tags":[],"class_list":["post-135548","post","type-post","status-publish","format-standard","has-post-thumbnail","hentry","category-gundem"],"acf":[],"yoast_head":"<!-- This site is optimized with the Yoast SEO Premium plugin v26.6 (Yoast SEO v27.1.1) - https:\/\/yoast.com\/product\/yoast-seo-premium-wordpress\/ -->\n<title>Antalya\u2019n\u0131n tarihi b\u00f6lgesinde esnaflar isyan etti! Kavurucu s\u0131caklar en \u00e7ok onlar\u0131 vurdu - Av. Deniz Can K\u0131z\u0131l<\/title>\n<meta name=\"robots\" content=\"index, follow, max-snippet:-1, max-image-preview:large, max-video-preview:-1\" \/>\n<link rel=\"canonical\" href=\"https:\/\/denizcankizil.tr\/uk\/haberler\/gundem\/antalyanin-tarihi-bolgesinde-esnaflar-isyan-etti-kavurucu-sicaklar-en-cok-onlari-vurdu\/\" \/>\n<meta property=\"og:locale\" content=\"uk_UA\" \/>\n<meta property=\"og:type\" content=\"article\" \/>\n<meta property=\"og:title\" content=\"Antalya\u2019n\u0131n tarihi b\u00f6lgesinde esnaflar isyan etti! Kavurucu s\u0131caklar en \u00e7ok onlar\u0131 vurdu\" \/>\n<meta property=\"og:description\" content=\"Kentte son g\u00fcnlerde rekor \u00fczerine rekor k\u0131ran \u00e7\u00f6l s\u0131caklar\u0131 esnaf\u0131n\u0131n cebini vurdu. Kalei\u00e7i&#8217;nin dar sokaklar\u0131 ve tarihi yap\u0131lar\u0131, her y\u0131l yerli ve yabanc\u0131 turistlerin ilgisini \u00e7ekerken, bu y\u0131l ya\u015fanan s\u0131caklar ile birlikte sessizlik hakim oluyor. Kente gelen turist say\u0131s\u0131nda ge\u00e7en y\u0131l\u0131n ayn\u0131 d\u00f6nemine oranla rekor k\u0131r\u0131lmas\u0131na kar\u015f\u0131n, b\u00f6lgedeki esnaf, ekonomik olarak b\u00fcy\u00fck bir kriz ya\u015f\u0131yor. Esnaflar, ikindi saatlerine kadar siftah yapamadan g\u00fcnlerini ge\u00e7irirken, kafe, bar, restoran ve hediyelik e\u015fya satan d\u00fckkan \u00e7al\u0131\u015fanlar\u0131 gelecek turistleri umutla bekliyor. ANTALYA KAVURUCU SICAKLARLA BO\u011eU\u015eUYOR Kalei\u00e7i&#8217;nin tarihi ve turistik \u00f6nemine ra\u011fmen esnaf\u0131n ya\u015fad\u0131\u011f\u0131 ekonomik s\u0131k\u0131nt\u0131lar, b\u00f6lgenin turizm potansiyelini tam olarak de\u011ferlendiremedi\u011fini g\u00f6steriyor. \u0130\u015fletmeler ya\u015fanan durgunlu\u011fun nedenleri aras\u0131nda \u00e7\u00f6l s\u0131caklar\u0131n\u0131 ve otellerin uygulad\u0131\u011f\u0131 \u201cHer \u015fey dahil\u201d konseptini neden g\u00f6steriyor. Kaliteli turistin t\u00fckendi\u011fini ifade eden i\u015fletme \u00e7al\u0131\u015fanlar\u0131 gelenlerin de otelden d\u0131\u015far\u0131 \u00e7\u0131kmad\u0131\u011f\u0131n\u0131 s\u00f6yledi. ESNAF HAL\u0130NDEN \u015e\u0130KAYET\u00c7\u0130 Ya\u015fanan s\u00fcre\u00e7le ilgili a\u00e7\u0131klamalarda bulunan esnaflar ise; \u201cTurist say\u0131s\u0131nda art\u0131\u015f var ama bu art\u0131\u015f bize yans\u0131m\u0131yor. Ge\u00e7en y\u0131llarda bu d\u00f6nemlerde yo\u011funluk ya\u015fard\u0131k. \u015eimdi ise sabahtan ak\u015fama kadar birka\u00e7 m\u00fc\u015fteri ancak geliyor. Havalar a\u015f\u0131r\u0131 s\u0131cak gitti\u011fi i\u00e7in turist otelden \u00e7\u0131km\u0131yor. \u0130kindi saatlerine kadar siftah yapam\u0131yoruz. G\u00f6z\u00fcm\u00fcz yolda, gelen turistleri bekliyoruz ama gelenler de al\u0131\u015fveri\u015f yapm\u0131yor. Eskiden gelen turistler hat\u0131ra olsun diye bir \u015feyler al\u0131rd\u0131. \u015eimdi herkes tasarruf yap\u0131yor gibi g\u00f6r\u00fcn\u00fcyor. Bu durum &hellip;\" \/>\n<meta property=\"og:url\" content=\"https:\/\/denizcankizil.tr\/uk\/haberler\/gundem\/antalyanin-tarihi-bolgesinde-esnaflar-isyan-etti-kavurucu-sicaklar-en-cok-onlari-vurdu\/\" \/>\n<meta property=\"og:site_name\" content=\"Av. Deniz Can K\u0131z\u0131l\" \/>\n<meta property=\"article:published_time\" content=\"2025-07-04T07:41:25+00:00\" \/>\n<meta name=\"author\" content=\"Antalya K\u00f6rfez\" \/>\n<meta name=\"twitter:card\" content=\"summary_large_image\" \/>\n<meta name=\"twitter:label1\" content=\"\u041d\u0430\u043f\u0438\u0441\u0430\u043d\u043e\" \/>\n\t<meta name=\"twitter:data1\" content=\"Antalya K\u00f6rfez\" \/>\n\t<meta name=\"twitter:label2\" content=\"\u041f\u0440\u0438\u0431\u043b. \u0447\u0430\u0441 \u0447\u0438\u0442\u0430\u043d\u043d\u044f\" \/>\n\t<meta name=\"twitter:data2\" content=\"2 \u0445\u0432\u0438\u043b\u0438\u043d\u0438\" \/>\n<script type=\"application\/ld+json\" class=\"yoast-schema-graph\">{\"@context\":\"https:\/\/schema.org\",\"@graph\":[{\"@type\":\"Article\",\"@id\":\"https:\/\/denizcankizil.tr\/uk\/haberler\/gundem\/antalyanin-tarihi-bolgesinde-esnaflar-isyan-etti-kavurucu-sicaklar-en-cok-onlari-vurdu\/#article\",\"isPartOf\":{\"@id\":\"https:\/\/denizcankizil.tr\/uk\/haberler\/gundem\/antalyanin-tarihi-bolgesinde-esnaflar-isyan-etti-kavurucu-sicaklar-en-cok-onlari-vurdu\/\"},\"author\":{\"name\":\"Antalya K\u00f6rfez\",\"@id\":\"https:\/\/denizcankizil.tr\/#\/schema\/person\/e1eb71bb4dd684d46563f0af307e1234\"},\"headline\":\"Antalya\u2019n\u0131n tarihi b\u00f6lgesinde esnaflar isyan etti! Kavurucu s\u0131caklar en \u00e7ok onlar\u0131 vurdu\",\"datePublished\":\"2025-07-04T07:41:25+00:00\",\"mainEntityOfPage\":{\"@id\":\"https:\/\/denizcankizil.tr\/uk\/haberler\/gundem\/antalyanin-tarihi-bolgesinde-esnaflar-isyan-etti-kavurucu-sicaklar-en-cok-onlari-vurdu\/\"},\"wordCount\":397,\"publisher\":{\"@id\":\"https:\/\/denizcankizil.tr\/#organization\"},\"articleSection\":[\"G\u00fcndem\"],\"inLanguage\":\"uk\"},{\"@type\":\"WebPage\",\"@id\":\"https:\/\/denizcankizil.tr\/uk\/haberler\/gundem\/antalyanin-tarihi-bolgesinde-esnaflar-isyan-etti-kavurucu-sicaklar-en-cok-onlari-vurdu\/\",\"url\":\"https:\/\/denizcankizil.tr\/uk\/haberler\/gundem\/antalyanin-tarihi-bolgesinde-esnaflar-isyan-etti-kavurucu-sicaklar-en-cok-onlari-vurdu\/\",\"name\":\"Antalya\u2019n\u0131n tarihi b\u00f6lgesinde esnaflar isyan etti! Kavurucu s\u0131caklar en \u00e7ok onlar\u0131 vurdu - Av. Deniz Can K\u0131z\u0131l\",\"isPartOf\":{\"@id\":\"https:\/\/denizcankizil.tr\/#website\"},\"datePublished\":\"2025-07-04T07:41:25+00:00\",\"breadcrumb\":{\"@id\":\"https:\/\/denizcankizil.tr\/uk\/haberler\/gundem\/antalyanin-tarihi-bolgesinde-esnaflar-isyan-etti-kavurucu-sicaklar-en-cok-onlari-vurdu\/#breadcrumb\"},\"inLanguage\":\"uk\",\"potentialAction\":[{\"@type\":\"ReadAction\",\"target\":[\"https:\/\/denizcankizil.tr\/uk\/haberler\/gundem\/antalyanin-tarihi-bolgesinde-esnaflar-isyan-etti-kavurucu-sicaklar-en-cok-onlari-vurdu\/\"]}]},{\"@type\":\"BreadcrumbList\",\"@id\":\"https:\/\/denizcankizil.tr\/uk\/haberler\/gundem\/antalyanin-tarihi-bolgesinde-esnaflar-isyan-etti-kavurucu-sicaklar-en-cok-onlari-vurdu\/#breadcrumb\",\"itemListElement\":[{\"@type\":\"ListItem\",\"position\":1,\"name\":\"Home\",\"item\":\"https:\/\/denizcankizil.tr\/de\/\"},{\"@type\":\"ListItem\",\"position\":2,\"name\":\"Antalya\u2019n\u0131n tarihi b\u00f6lgesinde esnaflar isyan etti! Kavurucu s\u0131caklar en \u00e7ok onlar\u0131 vurdu\"}]},{\"@type\":\"WebSite\",\"@id\":\"https:\/\/denizcankizil.tr\/#website\",\"url\":\"https:\/\/denizcankizil.tr\/\",\"name\":\"Av. Deniz Can K\u0131z\u0131l\",\"description\":\"Avukat Deniz Can K\u0131z\u0131l Antalya Barosu\",\"publisher\":{\"@id\":\"https:\/\/denizcankizil.tr\/#organization\"},\"potentialAction\":[{\"@type\":\"SearchAction\",\"target\":{\"@type\":\"EntryPoint\",\"urlTemplate\":\"https:\/\/denizcankizil.tr\/?s={search_term_string}\"},\"query-input\":{\"@type\":\"PropertyValueSpecification\",\"valueRequired\":true,\"valueName\":\"search_term_string\"}}],\"inLanguage\":\"uk\"},{\"@type\":\"Organization\",\"@id\":\"https:\/\/denizcankizil.tr\/#organization\",\"name\":\"Av. Deniz Can K\u0131z\u0131l\",\"url\":\"https:\/\/denizcankizil.tr\/\",\"logo\":{\"@type\":\"ImageObject\",\"inLanguage\":\"uk\",\"@id\":\"https:\/\/denizcankizil.tr\/#\/schema\/logo\/image\/\",\"url\":\"https:\/\/denizcankizil.tr\/wp-content\/uploads\/2024\/10\/siyah-logo-svg.svg\",\"contentUrl\":\"https:\/\/denizcankizil.tr\/wp-content\/uploads\/2024\/10\/siyah-logo-svg.svg\",\"width\":1080,\"height\":1080,\"caption\":\"Av. Deniz Can K\u0131z\u0131l\"},\"image\":{\"@id\":\"https:\/\/denizcankizil.tr\/#\/schema\/logo\/image\/\"}},{\"@type\":\"Person\",\"@id\":\"https:\/\/denizcankizil.tr\/#\/schema\/person\/e1eb71bb4dd684d46563f0af307e1234\",\"name\":\"Antalya K\u00f6rfez\",\"image\":{\"@type\":\"ImageObject\",\"inLanguage\":\"uk\",\"@id\":\"https:\/\/denizcankizil.tr\/#\/schema\/person\/image\/\",\"url\":\"https:\/\/secure.gravatar.com\/avatar\/42b01982558a48a0b501fdcab6a408d3717ea5919095ee2e67b0e521799c5905?s=96&d=mm&r=g\",\"contentUrl\":\"https:\/\/secure.gravatar.com\/avatar\/42b01982558a48a0b501fdcab6a408d3717ea5919095ee2e67b0e521799c5905?s=96&d=mm&r=g\",\"caption\":\"Antalya K\u00f6rfez\"},\"sameAs\":[\"http:\/\/www.antalyakorfez.com\"],\"url\":\"https:\/\/www.antalyakorfez.com\/antalyanin-tarihi-bolgesinde-esnaflar-isyan-etti-kavurucu-sicaklar-en-cok-onlari-vurdu\"}]}<\/script>\n<!-- \/ Yoast SEO Premium plugin. -->","yoast_head_json":{"title":"Antalya\u2019n\u0131n tarihi b\u00f6lgesinde esnaflar isyan etti! Kavurucu s\u0131caklar en \u00e7ok onlar\u0131 vurdu - Av. Deniz Can K\u0131z\u0131l","robots":{"index":"index","follow":"follow","max-snippet":"max-snippet:-1","max-image-preview":"max-image-preview:large","max-video-preview":"max-video-preview:-1"},"canonical":"https:\/\/denizcankizil.tr\/uk\/haberler\/gundem\/antalyanin-tarihi-bolgesinde-esnaflar-isyan-etti-kavurucu-sicaklar-en-cok-onlari-vurdu\/","og_locale":"uk_UA","og_type":"article","og_title":"Antalya\u2019n\u0131n tarihi b\u00f6lgesinde esnaflar isyan etti! Kavurucu s\u0131caklar en \u00e7ok onlar\u0131 vurdu","og_description":"Kentte son g\u00fcnlerde rekor \u00fczerine rekor k\u0131ran \u00e7\u00f6l s\u0131caklar\u0131 esnaf\u0131n\u0131n cebini vurdu. Kalei\u00e7i&#8217;nin dar sokaklar\u0131 ve tarihi yap\u0131lar\u0131, her y\u0131l yerli ve yabanc\u0131 turistlerin ilgisini \u00e7ekerken, bu y\u0131l ya\u015fanan s\u0131caklar ile birlikte sessizlik hakim oluyor. Kente gelen turist say\u0131s\u0131nda ge\u00e7en y\u0131l\u0131n ayn\u0131 d\u00f6nemine oranla rekor k\u0131r\u0131lmas\u0131na kar\u015f\u0131n, b\u00f6lgedeki esnaf, ekonomik olarak b\u00fcy\u00fck bir kriz ya\u015f\u0131yor. Esnaflar, ikindi saatlerine kadar siftah yapamadan g\u00fcnlerini ge\u00e7irirken, kafe, bar, restoran ve hediyelik e\u015fya satan d\u00fckkan \u00e7al\u0131\u015fanlar\u0131 gelecek turistleri umutla bekliyor. ANTALYA KAVURUCU SICAKLARLA BO\u011eU\u015eUYOR Kalei\u00e7i&#8217;nin tarihi ve turistik \u00f6nemine ra\u011fmen esnaf\u0131n ya\u015fad\u0131\u011f\u0131 ekonomik s\u0131k\u0131nt\u0131lar, b\u00f6lgenin turizm potansiyelini tam olarak de\u011ferlendiremedi\u011fini g\u00f6steriyor. \u0130\u015fletmeler ya\u015fanan durgunlu\u011fun nedenleri aras\u0131nda \u00e7\u00f6l s\u0131caklar\u0131n\u0131 ve otellerin uygulad\u0131\u011f\u0131 \u201cHer \u015fey dahil\u201d konseptini neden g\u00f6steriyor. Kaliteli turistin t\u00fckendi\u011fini ifade eden i\u015fletme \u00e7al\u0131\u015fanlar\u0131 gelenlerin de otelden d\u0131\u015far\u0131 \u00e7\u0131kmad\u0131\u011f\u0131n\u0131 s\u00f6yledi. ESNAF HAL\u0130NDEN \u015e\u0130KAYET\u00c7\u0130 Ya\u015fanan s\u00fcre\u00e7le ilgili a\u00e7\u0131klamalarda bulunan esnaflar ise; \u201cTurist say\u0131s\u0131nda art\u0131\u015f var ama bu art\u0131\u015f bize yans\u0131m\u0131yor. Ge\u00e7en y\u0131llarda bu d\u00f6nemlerde yo\u011funluk ya\u015fard\u0131k. \u015eimdi ise sabahtan ak\u015fama kadar birka\u00e7 m\u00fc\u015fteri ancak geliyor. Havalar a\u015f\u0131r\u0131 s\u0131cak gitti\u011fi i\u00e7in turist otelden \u00e7\u0131km\u0131yor. \u0130kindi saatlerine kadar siftah yapam\u0131yoruz. G\u00f6z\u00fcm\u00fcz yolda, gelen turistleri bekliyoruz ama gelenler de al\u0131\u015fveri\u015f yapm\u0131yor. Eskiden gelen turistler hat\u0131ra olsun diye bir \u015feyler al\u0131rd\u0131. \u015eimdi herkes tasarruf yap\u0131yor gibi g\u00f6r\u00fcn\u00fcyor. Bu durum &hellip;","og_url":"https:\/\/denizcankizil.tr\/uk\/haberler\/gundem\/antalyanin-tarihi-bolgesinde-esnaflar-isyan-etti-kavurucu-sicaklar-en-cok-onlari-vurdu\/","og_site_name":"Av. Deniz Can K\u0131z\u0131l","article_published_time":"2025-07-04T07:41:25+00:00","author":"Antalya K\u00f6rfez","twitter_card":"summary_large_image","twitter_misc":{"\u041d\u0430\u043f\u0438\u0441\u0430\u043d\u043e":"Antalya K\u00f6rfez","\u041f\u0440\u0438\u0431\u043b. \u0447\u0430\u0441 \u0447\u0438\u0442\u0430\u043d\u043d\u044f":"2 \u0445\u0432\u0438\u043b\u0438\u043d\u0438"},"schema":{"@context":"https:\/\/schema.org","@graph":[{"@type":"Article","@id":"https:\/\/denizcankizil.tr\/uk\/haberler\/gundem\/antalyanin-tarihi-bolgesinde-esnaflar-isyan-etti-kavurucu-sicaklar-en-cok-onlari-vurdu\/#article","isPartOf":{"@id":"https:\/\/denizcankizil.tr\/uk\/haberler\/gundem\/antalyanin-tarihi-bolgesinde-esnaflar-isyan-etti-kavurucu-sicaklar-en-cok-onlari-vurdu\/"},"author":{"name":"Antalya K\u00f6rfez","@id":"https:\/\/denizcankizil.tr\/#\/schema\/person\/e1eb71bb4dd684d46563f0af307e1234"},"headline":"Antalya\u2019n\u0131n tarihi b\u00f6lgesinde esnaflar isyan etti! Kavurucu s\u0131caklar en \u00e7ok onlar\u0131 vurdu","datePublished":"2025-07-04T07:41:25+00:00","mainEntityOfPage":{"@id":"https:\/\/denizcankizil.tr\/uk\/haberler\/gundem\/antalyanin-tarihi-bolgesinde-esnaflar-isyan-etti-kavurucu-sicaklar-en-cok-onlari-vurdu\/"},"wordCount":397,"publisher":{"@id":"https:\/\/denizcankizil.tr\/#organization"},"articleSection":["G\u00fcndem"],"inLanguage":"uk"},{"@type":"WebPage","@id":"https:\/\/denizcankizil.tr\/uk\/haberler\/gundem\/antalyanin-tarihi-bolgesinde-esnaflar-isyan-etti-kavurucu-sicaklar-en-cok-onlari-vurdu\/","url":"https:\/\/denizcankizil.tr\/uk\/haberler\/gundem\/antalyanin-tarihi-bolgesinde-esnaflar-isyan-etti-kavurucu-sicaklar-en-cok-onlari-vurdu\/","name":"Antalya\u2019n\u0131n tarihi b\u00f6lgesinde esnaflar isyan etti! Kavurucu s\u0131caklar en \u00e7ok onlar\u0131 vurdu - Av. Deniz Can K\u0131z\u0131l","isPartOf":{"@id":"https:\/\/denizcankizil.tr\/#website"},"datePublished":"2025-07-04T07:41:25+00:00","breadcrumb":{"@id":"https:\/\/denizcankizil.tr\/uk\/haberler\/gundem\/antalyanin-tarihi-bolgesinde-esnaflar-isyan-etti-kavurucu-sicaklar-en-cok-onlari-vurdu\/#breadcrumb"},"inLanguage":"uk","potentialAction":[{"@type":"ReadAction","target":["https:\/\/denizcankizil.tr\/uk\/haberler\/gundem\/antalyanin-tarihi-bolgesinde-esnaflar-isyan-etti-kavurucu-sicaklar-en-cok-onlari-vurdu\/"]}]},{"@type":"BreadcrumbList","@id":"https:\/\/denizcankizil.tr\/uk\/haberler\/gundem\/antalyanin-tarihi-bolgesinde-esnaflar-isyan-etti-kavurucu-sicaklar-en-cok-onlari-vurdu\/#breadcrumb","itemListElement":[{"@type":"ListItem","position":1,"name":"Home","item":"https:\/\/denizcankizil.tr\/de\/"},{"@type":"ListItem","position":2,"name":"Antalya\u2019n\u0131n tarihi b\u00f6lgesinde esnaflar isyan etti! Kavurucu s\u0131caklar en \u00e7ok onlar\u0131 vurdu"}]},{"@type":"WebSite","@id":"https:\/\/denizcankizil.tr\/#website","url":"https:\/\/denizcankizil.tr\/","name":"Av. Deniz Can K\u0131z\u0131l","description":"Avukat Deniz Can K\u0131z\u0131l Antalya Barosu","publisher":{"@id":"https:\/\/denizcankizil.tr\/#organization"},"potentialAction":[{"@type":"SearchAction","target":{"@type":"EntryPoint","urlTemplate":"https:\/\/denizcankizil.tr\/?s={search_term_string}"},"query-input":{"@type":"PropertyValueSpecification","valueRequired":true,"valueName":"search_term_string"}}],"inLanguage":"uk"},{"@type":"Organization","@id":"https:\/\/denizcankizil.tr\/#organization","name":"Av. Deniz Can K\u0131z\u0131l","url":"https:\/\/denizcankizil.tr\/","logo":{"@type":"ImageObject","inLanguage":"uk","@id":"https:\/\/denizcankizil.tr\/#\/schema\/logo\/image\/","url":"https:\/\/denizcankizil.tr\/wp-content\/uploads\/2024\/10\/siyah-logo-svg.svg","contentUrl":"https:\/\/denizcankizil.tr\/wp-content\/uploads\/2024\/10\/siyah-logo-svg.svg","width":1080,"height":1080,"caption":"Av. Deniz Can K\u0131z\u0131l"},"image":{"@id":"https:\/\/denizcankizil.tr\/#\/schema\/logo\/image\/"}},{"@type":"Person","@id":"https:\/\/denizcankizil.tr\/#\/schema\/person\/e1eb71bb4dd684d46563f0af307e1234","name":"Antalya K\u00f6rfez","image":{"@type":"ImageObject","inLanguage":"uk","@id":"https:\/\/denizcankizil.tr\/#\/schema\/person\/image\/","url":"https:\/\/secure.gravatar.com\/avatar\/42b01982558a48a0b501fdcab6a408d3717ea5919095ee2e67b0e521799c5905?s=96&d=mm&r=g","contentUrl":"https:\/\/secure.gravatar.com\/avatar\/42b01982558a48a0b501fdcab6a408d3717ea5919095ee2e67b0e521799c5905?s=96&d=mm&r=g","caption":"Antalya K\u00f6rfez"},"sameAs":["http:\/\/www.antalyakorfez.com"],"url":"https:\/\/www.antalyakorfez.com\/antalyanin-tarihi-bolgesinde-esnaflar-isyan-etti-kavurucu-sicaklar-en-cok-onlari-vurdu"}]}},"_links":{"self":[{"href":"https:\/\/denizcankizil.tr\/uk\/wp-json\/wp\/v2\/posts\/135548","targetHints":{"allow":["GET"]}}],"collection":[{"href":"https:\/\/denizcankizil.tr\/uk\/wp-json\/wp\/v2\/posts"}],"about":[{"href":"https:\/\/denizcankizil.tr\/uk\/wp-json\/wp\/v2\/types\/post"}],"author":[{"embeddable":true,"href":"https:\/\/denizcankizil.tr\/uk\/wp-json\/wp\/v2\/users\/5"}],"replies":[{"embeddable":true,"href":"https:\/\/denizcankizil.tr\/uk\/wp-json\/wp\/v2\/comments?post=135548"}],"version-history":[{"count":0,"href":"https:\/\/denizcankizil.tr\/uk\/wp-json\/wp\/v2\/posts\/135548\/revisions"}],"wp:attachment":[{"href":"https:\/\/denizcankizil.tr\/uk\/wp-json\/wp\/v2\/media?parent=135548"}],"wp:term":[{"taxonomy":"category","embeddable":true,"href":"https:\/\/denizcankizil.tr\/uk\/wp-json\/wp\/v2\/categories?post=135548"},{"taxonomy":"post_tag","embeddable":true,"href":"https:\/\/denizcankizil.tr\/uk\/wp-json\/wp\/v2\/tags?post=135548"}],"curies":[{"name":"wp","href":"https:\/\/api.w.org\/{rel}","templated":true}]}}