{"id":135540,"date":"2025-07-04T09:42:34","date_gmt":"2025-07-04T06:42:34","guid":{"rendered":"https:\/\/denizcankizil.tr\/uncategorized-tr\/bilecikte-sarampole-devrilen-aracta-3-kisi-yaralandi\/"},"modified":"2025-07-04T09:42:34","modified_gmt":"2025-07-04T06:42:34","slug":"bilecikte-sarampole-devrilen-aracta-3-kisi-yaralandi","status":"publish","type":"post","link":"https:\/\/denizcankizil.tr\/uk\/haberler\/gundem\/bilecikte-sarampole-devrilen-aracta-3-kisi-yaralandi\/","title":{"rendered":"Bilecik&#8217;te \u015farampole devrilen ara\u00e7ta 3 ki\u015fi yaraland\u0131"},"content":{"rendered":"<p>Bilecik\u2019in Boz\u00fcy\u00fck il\u00e7esinde meydana gelen trafik kazas\u0131nda bir otomobil \u015farampole devrildi, ara\u00e7ta bulunan 3 ki\u015fi yaraland\u0131.Pazaryeri G\u00fcndem \/ B\u0130LEC\u0130K (\u0130GFA) &#8211; Kaza, Bilecik, Boz\u00fcy\u00fck karayolunun Bahar\u00f6z\u00fc mevkii yak\u0131nlar\u0131nda ger\u00e7ekle\u015fti. Edinilen bilgilere g\u00f6re, K.T. (53) idaresindeki 54 ALD 178 plakal\u0131 otomobil, s\u00fcr\u00fcc\u00fcs\u00fcn\u00fcn direksiyon hakimiyetini kaybetmesi sonucu kontrolden \u00e7\u0131karak yol kenar\u0131ndaki \u015farampole devrildi.<br \/>\nKazay\u0131 g\u00f6ren vatanda\u015flar\u0131n ihbar\u0131 \u00fczerine olay yerine 112 Acil Sa\u011fl\u0131k, jandarma ve itfaiye ekipleri sevk edildi. Ara\u00e7ta bulunan s\u00fcr\u00fcc\u00fc K.T. ile beraberindeki A.T. (27) ve E.T. (16), sa\u011fl\u0131k ekiplerince olay yerinde yap\u0131lan ilk m\u00fcdahalenin ard\u0131ndan Boz\u00fcy\u00fck Devlet Hastanesi\u2019ne kald\u0131r\u0131ld\u0131.<br \/>\nTedavi alt\u0131na al\u0131nan yaral\u0131lar\u0131n sa\u011fl\u0131k durumlar\u0131n\u0131n iyi oldu\u011fu \u00f6\u011frenilirken, polis ekipleri kaza ile ilgili inceleme ba\u015flatt\u0131.<\/p>\n<p>\u200bBilecik\u2019in Boz\u00fcy\u00fck il\u00e7esinde meydana gelen trafik kazas\u0131nda bir otomobil \u015farampole devrildi, ara\u00e7ta bulunan 3 ki\u015fi yaraland\u0131.Pazaryeri G\u00fcndem \/ B\u0130LEC\u0130K (\u0130GFA) &#8211; Kaza, Bilecik, Boz\u00fcy\u00fck karayolunun Bahar\u00f6z\u00fc mevkii yak\u0131nlar\u0131nda ger\u00e7ekle\u015fti. Edinilen bilgilere g\u00f6re, K.T. (53) idaresindeki 54 ALD 178 plakal\u0131 otomobil, s\u00fcr\u00fcc\u00fcs\u00fcn\u00fcn direksiyon hakimiyetini kaybetmesi sonucu kontrolden \u00e7\u0131karak yol kenar\u0131ndaki \u015farampole devrildi.<br \/>\nKazay\u0131 g\u00f6ren vatanda\u015flar\u0131n ihbar\u0131 \u00fczerine olay yerine 112 Acil Sa\u011fl\u0131k, jandarma ve itfaiye ekipleri sevk edildi. Ara\u00e7ta bulunan s\u00fcr\u00fcc\u00fc K.T. ile beraberindeki A.T. (27) ve E.T. (16), sa\u011fl\u0131k ekiplerince olay yerinde yap\u0131lan ilk m\u00fcdahalenin ard\u0131ndan Boz\u00fcy\u00fck Devlet Hastanesi\u2019ne kald\u0131r\u0131ld\u0131.<br \/>\nTedavi alt\u0131na al\u0131nan yaral\u0131lar\u0131n sa\u011fl\u0131k durumlar\u0131n\u0131n iyi oldu\u011fu \u00f6\u011frenilirken, polis ekipleri kaza ile ilgili inceleme ba\u015flatt\u0131.\u00a0<\/p>\n<p>\u200bHaberin Al\u0131nt\u0131land\u0131\u011f\u0131 Kaynak: www.iskenderun.org<\/p>","protected":false},"excerpt":{"rendered":"<p>Bilecik\u2019in Boz\u00fcy\u00fck il\u00e7esinde meydana gelen trafik kazas\u0131nda bir otomobil \u015farampole devrildi, ara\u00e7ta bulunan 3 ki\u015fi yaraland\u0131.Pazaryeri G\u00fcndem \/ B\u0130LEC\u0130K (\u0130GFA) &#8211; Kaza, Bilecik, Boz\u00fcy\u00fck karayolunun Bahar\u00f6z\u00fc mevkii yak\u0131nlar\u0131nda ger\u00e7ekle\u015fti. Edinilen bilgilere g\u00f6re, K.T. (53) idaresindeki 54 ALD 178 plakal\u0131 otomobil, s\u00fcr\u00fcc\u00fcs\u00fcn\u00fcn direksiyon hakimiyetini kaybetmesi sonucu kontrolden \u00e7\u0131karak yol kenar\u0131ndaki \u015farampole devrildi. Kazay\u0131 g\u00f6ren vatanda\u015flar\u0131n ihbar\u0131 \u00fczerine olay yerine 112 Acil Sa\u011fl\u0131k, jandarma ve itfaiye ekipleri sevk edildi. Ara\u00e7ta bulunan s\u00fcr\u00fcc\u00fc K.T. ile beraberindeki A.T. (27) ve E.T. (16), sa\u011fl\u0131k ekiplerince olay yerinde yap\u0131lan ilk m\u00fcdahalenin ard\u0131ndan Boz\u00fcy\u00fck Devlet Hastanesi\u2019ne kald\u0131r\u0131ld\u0131. Tedavi alt\u0131na al\u0131nan yaral\u0131lar\u0131n sa\u011fl\u0131k durumlar\u0131n\u0131n iyi oldu\u011fu \u00f6\u011frenilirken, polis ekipleri kaza ile ilgili inceleme ba\u015flatt\u0131. \u200bBilecik\u2019in Boz\u00fcy\u00fck il\u00e7esinde meydana gelen trafik kazas\u0131nda bir otomobil \u015farampole devrildi, ara\u00e7ta bulunan 3 ki\u015fi yaraland\u0131.Pazaryeri G\u00fcndem \/ B\u0130LEC\u0130K (\u0130GFA) &#8211; Kaza, Bilecik, Boz\u00fcy\u00fck karayolunun Bahar\u00f6z\u00fc mevkii yak\u0131nlar\u0131nda ger\u00e7ekle\u015fti. Edinilen bilgilere g\u00f6re, K.T. (53) idaresindeki 54 ALD 178 plakal\u0131 otomobil, s\u00fcr\u00fcc\u00fcs\u00fcn\u00fcn direksiyon hakimiyetini kaybetmesi sonucu kontrolden \u00e7\u0131karak yol kenar\u0131ndaki \u015farampole devrildi. Kazay\u0131 g\u00f6ren vatanda\u015flar\u0131n ihbar\u0131 \u00fczerine olay yerine 112 Acil Sa\u011fl\u0131k, jandarma ve itfaiye ekipleri sevk edildi. Ara\u00e7ta bulunan s\u00fcr\u00fcc\u00fc K.T. ile beraberindeki A.T. (27) ve E.T. (16), sa\u011fl\u0131k ekiplerince olay yerinde yap\u0131lan ilk m\u00fcdahalenin ard\u0131ndan Boz\u00fcy\u00fck Devlet Hastanesi\u2019ne kald\u0131r\u0131ld\u0131. Tedavi alt\u0131na al\u0131nan yaral\u0131lar\u0131n &hellip;<\/p>","protected":false},"author":1,"featured_media":0,"comment_status":"","ping_status":"open","sticky":false,"template":"","format":"standard","meta":{"_acf_changed":false,"footnotes":""},"categories":[24],"tags":[],"class_list":["post-135540","post","type-post","status-publish","format-standard","has-post-thumbnail","hentry","category-gundem"],"acf":[],"yoast_head":"<!-- This site is optimized with the Yoast SEO Premium plugin v26.6 (Yoast SEO v27.1.1) - https:\/\/yoast.com\/product\/yoast-seo-premium-wordpress\/ -->\n<title>Bilecik&#039;te \u015farampole devrilen ara\u00e7ta 3 ki\u015fi yaraland\u0131 - Av. Deniz Can K\u0131z\u0131l<\/title>\n<meta name=\"robots\" content=\"index, follow, max-snippet:-1, max-image-preview:large, max-video-preview:-1\" \/>\n<link rel=\"canonical\" href=\"https:\/\/denizcankizil.tr\/uk\/haberler\/gundem\/bilecikte-sarampole-devrilen-aracta-3-kisi-yaralandi\/\" \/>\n<meta property=\"og:locale\" content=\"uk_UA\" \/>\n<meta property=\"og:type\" content=\"article\" \/>\n<meta property=\"og:title\" content=\"Bilecik&#039;te \u015farampole devrilen ara\u00e7ta 3 ki\u015fi yaraland\u0131\" \/>\n<meta property=\"og:description\" content=\"Bilecik\u2019in Boz\u00fcy\u00fck il\u00e7esinde meydana gelen trafik kazas\u0131nda bir otomobil \u015farampole devrildi, ara\u00e7ta bulunan 3 ki\u015fi yaraland\u0131.Pazaryeri G\u00fcndem \/ B\u0130LEC\u0130K (\u0130GFA) &#8211; Kaza, Bilecik, Boz\u00fcy\u00fck karayolunun Bahar\u00f6z\u00fc mevkii yak\u0131nlar\u0131nda ger\u00e7ekle\u015fti. Edinilen bilgilere g\u00f6re, K.T. (53) idaresindeki 54 ALD 178 plakal\u0131 otomobil, s\u00fcr\u00fcc\u00fcs\u00fcn\u00fcn direksiyon hakimiyetini kaybetmesi sonucu kontrolden \u00e7\u0131karak yol kenar\u0131ndaki \u015farampole devrildi. Kazay\u0131 g\u00f6ren vatanda\u015flar\u0131n ihbar\u0131 \u00fczerine olay yerine 112 Acil Sa\u011fl\u0131k, jandarma ve itfaiye ekipleri sevk edildi. Ara\u00e7ta bulunan s\u00fcr\u00fcc\u00fc K.T. ile beraberindeki A.T. (27) ve E.T. (16), sa\u011fl\u0131k ekiplerince olay yerinde yap\u0131lan ilk m\u00fcdahalenin ard\u0131ndan Boz\u00fcy\u00fck Devlet Hastanesi\u2019ne kald\u0131r\u0131ld\u0131. Tedavi alt\u0131na al\u0131nan yaral\u0131lar\u0131n sa\u011fl\u0131k durumlar\u0131n\u0131n iyi oldu\u011fu \u00f6\u011frenilirken, polis ekipleri kaza ile ilgili inceleme ba\u015flatt\u0131. \u200bBilecik\u2019in Boz\u00fcy\u00fck il\u00e7esinde meydana gelen trafik kazas\u0131nda bir otomobil \u015farampole devrildi, ara\u00e7ta bulunan 3 ki\u015fi yaraland\u0131.Pazaryeri G\u00fcndem \/ B\u0130LEC\u0130K (\u0130GFA) &#8211; Kaza, Bilecik, Boz\u00fcy\u00fck karayolunun Bahar\u00f6z\u00fc mevkii yak\u0131nlar\u0131nda ger\u00e7ekle\u015fti. Edinilen bilgilere g\u00f6re, K.T. (53) idaresindeki 54 ALD 178 plakal\u0131 otomobil, s\u00fcr\u00fcc\u00fcs\u00fcn\u00fcn direksiyon hakimiyetini kaybetmesi sonucu kontrolden \u00e7\u0131karak yol kenar\u0131ndaki \u015farampole devrildi. Kazay\u0131 g\u00f6ren vatanda\u015flar\u0131n ihbar\u0131 \u00fczerine olay yerine 112 Acil Sa\u011fl\u0131k, jandarma ve itfaiye ekipleri sevk edildi. Ara\u00e7ta bulunan s\u00fcr\u00fcc\u00fc K.T. ile beraberindeki A.T. (27) ve E.T. (16), sa\u011fl\u0131k ekiplerince olay yerinde yap\u0131lan ilk m\u00fcdahalenin ard\u0131ndan Boz\u00fcy\u00fck Devlet Hastanesi\u2019ne kald\u0131r\u0131ld\u0131. Tedavi alt\u0131na al\u0131nan yaral\u0131lar\u0131n &hellip;\" \/>\n<meta property=\"og:url\" content=\"https:\/\/denizcankizil.tr\/uk\/haberler\/gundem\/bilecikte-sarampole-devrilen-aracta-3-kisi-yaralandi\/\" \/>\n<meta property=\"og:site_name\" content=\"Av. Deniz Can K\u0131z\u0131l\" \/>\n<meta property=\"article:published_time\" content=\"2025-07-04T06:42:34+00:00\" \/>\n<meta name=\"author\" content=\"admin\" \/>\n<meta name=\"twitter:card\" content=\"summary_large_image\" \/>\n<meta name=\"twitter:label1\" content=\"\u041d\u0430\u043f\u0438\u0441\u0430\u043d\u043e\" \/>\n\t<meta name=\"twitter:data1\" content=\"admin\" \/>\n\t<meta name=\"twitter:label2\" content=\"\u041f\u0440\u0438\u0431\u043b. \u0447\u0430\u0441 \u0447\u0438\u0442\u0430\u043d\u043d\u044f\" \/>\n\t<meta name=\"twitter:data2\" content=\"2 \u0445\u0432\u0438\u043b\u0438\u043d\u0438\" \/>\n<script type=\"application\/ld+json\" class=\"yoast-schema-graph\">{\"@context\":\"https:\/\/schema.org\",\"@graph\":[{\"@type\":\"Article\",\"@id\":\"https:\/\/denizcankizil.tr\/en\/haberler\/gundem\/bilecikte-sarampole-devrilen-aracta-3-kisi-yaralandi\/#article\",\"isPartOf\":{\"@id\":\"https:\/\/denizcankizil.tr\/en\/haberler\/gundem\/bilecikte-sarampole-devrilen-aracta-3-kisi-yaralandi\/\"},\"author\":{\"name\":\"admin\",\"@id\":\"https:\/\/denizcankizil.tr\/de\/#\/schema\/person\/be3c05fe6a12686905512445d8185489\"},\"headline\":\"Bilecik&#8217;te \u015farampole devrilen ara\u00e7ta 3 ki\u015fi yaraland\u0131\",\"datePublished\":\"2025-07-04T06:42:34+00:00\",\"mainEntityOfPage\":{\"@id\":\"https:\/\/denizcankizil.tr\/en\/haberler\/gundem\/bilecikte-sarampole-devrilen-aracta-3-kisi-yaralandi\/\"},\"wordCount\":327,\"publisher\":{\"@id\":\"https:\/\/denizcankizil.tr\/de\/#organization\"},\"articleSection\":[\"G\u00fcndem\"],\"inLanguage\":\"uk\"},{\"@type\":\"WebPage\",\"@id\":\"https:\/\/denizcankizil.tr\/en\/haberler\/gundem\/bilecikte-sarampole-devrilen-aracta-3-kisi-yaralandi\/\",\"url\":\"https:\/\/denizcankizil.tr\/en\/haberler\/gundem\/bilecikte-sarampole-devrilen-aracta-3-kisi-yaralandi\/\",\"name\":\"Bilecik'te \u015farampole devrilen ara\u00e7ta 3 ki\u015fi yaraland\u0131 - Av. Deniz Can K\u0131z\u0131l\",\"isPartOf\":{\"@id\":\"https:\/\/denizcankizil.tr\/de\/#website\"},\"datePublished\":\"2025-07-04T06:42:34+00:00\",\"breadcrumb\":{\"@id\":\"https:\/\/denizcankizil.tr\/en\/haberler\/gundem\/bilecikte-sarampole-devrilen-aracta-3-kisi-yaralandi\/#breadcrumb\"},\"inLanguage\":\"uk\",\"potentialAction\":[{\"@type\":\"ReadAction\",\"target\":[\"https:\/\/denizcankizil.tr\/en\/haberler\/gundem\/bilecikte-sarampole-devrilen-aracta-3-kisi-yaralandi\/\"]}]},{\"@type\":\"BreadcrumbList\",\"@id\":\"https:\/\/denizcankizil.tr\/en\/haberler\/gundem\/bilecikte-sarampole-devrilen-aracta-3-kisi-yaralandi\/#breadcrumb\",\"itemListElement\":[{\"@type\":\"ListItem\",\"position\":1,\"name\":\"Home\",\"item\":\"https:\/\/denizcankizil.tr\/de\/\"},{\"@type\":\"ListItem\",\"position\":2,\"name\":\"Bilecik&#8217;te \u015farampole devrilen ara\u00e7ta 3 ki\u015fi yaraland\u0131\"}]},{\"@type\":\"WebSite\",\"@id\":\"https:\/\/denizcankizil.tr\/de\/#website\",\"url\":\"https:\/\/denizcankizil.tr\/de\/\",\"name\":\"Av. Deniz Can K\u0131z\u0131l\",\"description\":\"Avukat Deniz Can K\u0131z\u0131l Antalya Barosu\",\"publisher\":{\"@id\":\"https:\/\/denizcankizil.tr\/de\/#organization\"},\"potentialAction\":[{\"@type\":\"SearchAction\",\"target\":{\"@type\":\"EntryPoint\",\"urlTemplate\":\"https:\/\/denizcankizil.tr\/de\/?s={search_term_string}\"},\"query-input\":{\"@type\":\"PropertyValueSpecification\",\"valueRequired\":true,\"valueName\":\"search_term_string\"}}],\"inLanguage\":\"uk\"},{\"@type\":\"Organization\",\"@id\":\"https:\/\/denizcankizil.tr\/de\/#organization\",\"name\":\"Av. Deniz Can K\u0131z\u0131l\",\"url\":\"https:\/\/denizcankizil.tr\/de\/\",\"logo\":{\"@type\":\"ImageObject\",\"inLanguage\":\"uk\",\"@id\":\"https:\/\/denizcankizil.tr\/de\/#\/schema\/logo\/image\/\",\"url\":\"https:\/\/denizcankizil.tr\/wp-content\/uploads\/2024\/10\/siyah-logo-svg.svg\",\"contentUrl\":\"https:\/\/denizcankizil.tr\/wp-content\/uploads\/2024\/10\/siyah-logo-svg.svg\",\"width\":1080,\"height\":1080,\"caption\":\"Av. Deniz Can K\u0131z\u0131l\"},\"image\":{\"@id\":\"https:\/\/denizcankizil.tr\/de\/#\/schema\/logo\/image\/\"}},{\"@type\":\"Person\",\"@id\":\"https:\/\/denizcankizil.tr\/de\/#\/schema\/person\/be3c05fe6a12686905512445d8185489\",\"name\":\"admin\",\"image\":{\"@type\":\"ImageObject\",\"inLanguage\":\"uk\",\"@id\":\"https:\/\/denizcankizil.tr\/de\/#\/schema\/person\/image\/\",\"url\":\"https:\/\/secure.gravatar.com\/avatar\/c1fce94c830dc79107e174f890d7210541c4a63e8e5d816341794a2151c9d58c?s=96&d=mm&r=g\",\"contentUrl\":\"https:\/\/secure.gravatar.com\/avatar\/c1fce94c830dc79107e174f890d7210541c4a63e8e5d816341794a2151c9d58c?s=96&d=mm&r=g\",\"caption\":\"admin\"},\"sameAs\":[\"http:\/\/denizcankizil.tr\"],\"url\":\"https:\/\/www.iskenderun.org\/bilecikte-sarampole-devrilen-aracta-3-kisi-yaralandi\"}]}<\/script>\n<!-- \/ Yoast SEO Premium plugin. -->","yoast_head_json":{"title":"Bilecik'te \u015farampole devrilen ara\u00e7ta 3 ki\u015fi yaraland\u0131 - Av. Deniz Can K\u0131z\u0131l","robots":{"index":"index","follow":"follow","max-snippet":"max-snippet:-1","max-image-preview":"max-image-preview:large","max-video-preview":"max-video-preview:-1"},"canonical":"https:\/\/denizcankizil.tr\/uk\/haberler\/gundem\/bilecikte-sarampole-devrilen-aracta-3-kisi-yaralandi\/","og_locale":"uk_UA","og_type":"article","og_title":"Bilecik'te \u015farampole devrilen ara\u00e7ta 3 ki\u015fi yaraland\u0131","og_description":"Bilecik\u2019in Boz\u00fcy\u00fck il\u00e7esinde meydana gelen trafik kazas\u0131nda bir otomobil \u015farampole devrildi, ara\u00e7ta bulunan 3 ki\u015fi yaraland\u0131.Pazaryeri G\u00fcndem \/ B\u0130LEC\u0130K (\u0130GFA) &#8211; Kaza, Bilecik, Boz\u00fcy\u00fck karayolunun Bahar\u00f6z\u00fc mevkii yak\u0131nlar\u0131nda ger\u00e7ekle\u015fti. Edinilen bilgilere g\u00f6re, K.T. (53) idaresindeki 54 ALD 178 plakal\u0131 otomobil, s\u00fcr\u00fcc\u00fcs\u00fcn\u00fcn direksiyon hakimiyetini kaybetmesi sonucu kontrolden \u00e7\u0131karak yol kenar\u0131ndaki \u015farampole devrildi. Kazay\u0131 g\u00f6ren vatanda\u015flar\u0131n ihbar\u0131 \u00fczerine olay yerine 112 Acil Sa\u011fl\u0131k, jandarma ve itfaiye ekipleri sevk edildi. Ara\u00e7ta bulunan s\u00fcr\u00fcc\u00fc K.T. ile beraberindeki A.T. (27) ve E.T. (16), sa\u011fl\u0131k ekiplerince olay yerinde yap\u0131lan ilk m\u00fcdahalenin ard\u0131ndan Boz\u00fcy\u00fck Devlet Hastanesi\u2019ne kald\u0131r\u0131ld\u0131. Tedavi alt\u0131na al\u0131nan yaral\u0131lar\u0131n sa\u011fl\u0131k durumlar\u0131n\u0131n iyi oldu\u011fu \u00f6\u011frenilirken, polis ekipleri kaza ile ilgili inceleme ba\u015flatt\u0131. \u200bBilecik\u2019in Boz\u00fcy\u00fck il\u00e7esinde meydana gelen trafik kazas\u0131nda bir otomobil \u015farampole devrildi, ara\u00e7ta bulunan 3 ki\u015fi yaraland\u0131.Pazaryeri G\u00fcndem \/ B\u0130LEC\u0130K (\u0130GFA) &#8211; Kaza, Bilecik, Boz\u00fcy\u00fck karayolunun Bahar\u00f6z\u00fc mevkii yak\u0131nlar\u0131nda ger\u00e7ekle\u015fti. Edinilen bilgilere g\u00f6re, K.T. (53) idaresindeki 54 ALD 178 plakal\u0131 otomobil, s\u00fcr\u00fcc\u00fcs\u00fcn\u00fcn direksiyon hakimiyetini kaybetmesi sonucu kontrolden \u00e7\u0131karak yol kenar\u0131ndaki \u015farampole devrildi. Kazay\u0131 g\u00f6ren vatanda\u015flar\u0131n ihbar\u0131 \u00fczerine olay yerine 112 Acil Sa\u011fl\u0131k, jandarma ve itfaiye ekipleri sevk edildi. Ara\u00e7ta bulunan s\u00fcr\u00fcc\u00fc K.T. ile beraberindeki A.T. (27) ve E.T. (16), sa\u011fl\u0131k ekiplerince olay yerinde yap\u0131lan ilk m\u00fcdahalenin ard\u0131ndan Boz\u00fcy\u00fck Devlet Hastanesi\u2019ne kald\u0131r\u0131ld\u0131. Tedavi alt\u0131na al\u0131nan yaral\u0131lar\u0131n &hellip;","og_url":"https:\/\/denizcankizil.tr\/uk\/haberler\/gundem\/bilecikte-sarampole-devrilen-aracta-3-kisi-yaralandi\/","og_site_name":"Av. Deniz Can K\u0131z\u0131l","article_published_time":"2025-07-04T06:42:34+00:00","author":"admin","twitter_card":"summary_large_image","twitter_misc":{"\u041d\u0430\u043f\u0438\u0441\u0430\u043d\u043e":"admin","\u041f\u0440\u0438\u0431\u043b. \u0447\u0430\u0441 \u0447\u0438\u0442\u0430\u043d\u043d\u044f":"2 \u0445\u0432\u0438\u043b\u0438\u043d\u0438"},"schema":{"@context":"https:\/\/schema.org","@graph":[{"@type":"Article","@id":"https:\/\/denizcankizil.tr\/en\/haberler\/gundem\/bilecikte-sarampole-devrilen-aracta-3-kisi-yaralandi\/#article","isPartOf":{"@id":"https:\/\/denizcankizil.tr\/en\/haberler\/gundem\/bilecikte-sarampole-devrilen-aracta-3-kisi-yaralandi\/"},"author":{"name":"admin","@id":"https:\/\/denizcankizil.tr\/de\/#\/schema\/person\/be3c05fe6a12686905512445d8185489"},"headline":"Bilecik&#8217;te \u015farampole devrilen ara\u00e7ta 3 ki\u015fi yaraland\u0131","datePublished":"2025-07-04T06:42:34+00:00","mainEntityOfPage":{"@id":"https:\/\/denizcankizil.tr\/en\/haberler\/gundem\/bilecikte-sarampole-devrilen-aracta-3-kisi-yaralandi\/"},"wordCount":327,"publisher":{"@id":"https:\/\/denizcankizil.tr\/de\/#organization"},"articleSection":["G\u00fcndem"],"inLanguage":"uk"},{"@type":"WebPage","@id":"https:\/\/denizcankizil.tr\/en\/haberler\/gundem\/bilecikte-sarampole-devrilen-aracta-3-kisi-yaralandi\/","url":"https:\/\/denizcankizil.tr\/en\/haberler\/gundem\/bilecikte-sarampole-devrilen-aracta-3-kisi-yaralandi\/","name":"Bilecik'te \u015farampole devrilen ara\u00e7ta 3 ki\u015fi yaraland\u0131 - Av. Deniz Can K\u0131z\u0131l","isPartOf":{"@id":"https:\/\/denizcankizil.tr\/de\/#website"},"datePublished":"2025-07-04T06:42:34+00:00","breadcrumb":{"@id":"https:\/\/denizcankizil.tr\/en\/haberler\/gundem\/bilecikte-sarampole-devrilen-aracta-3-kisi-yaralandi\/#breadcrumb"},"inLanguage":"uk","potentialAction":[{"@type":"ReadAction","target":["https:\/\/denizcankizil.tr\/en\/haberler\/gundem\/bilecikte-sarampole-devrilen-aracta-3-kisi-yaralandi\/"]}]},{"@type":"BreadcrumbList","@id":"https:\/\/denizcankizil.tr\/en\/haberler\/gundem\/bilecikte-sarampole-devrilen-aracta-3-kisi-yaralandi\/#breadcrumb","itemListElement":[{"@type":"ListItem","position":1,"name":"Home","item":"https:\/\/denizcankizil.tr\/de\/"},{"@type":"ListItem","position":2,"name":"Bilecik&#8217;te \u015farampole devrilen ara\u00e7ta 3 ki\u015fi yaraland\u0131"}]},{"@type":"WebSite","@id":"https:\/\/denizcankizil.tr\/de\/#website","url":"https:\/\/denizcankizil.tr\/de\/","name":"Av. Deniz Can K\u0131z\u0131l","description":"Avukat Deniz Can K\u0131z\u0131l Antalya Barosu","publisher":{"@id":"https:\/\/denizcankizil.tr\/de\/#organization"},"potentialAction":[{"@type":"SearchAction","target":{"@type":"EntryPoint","urlTemplate":"https:\/\/denizcankizil.tr\/de\/?s={search_term_string}"},"query-input":{"@type":"PropertyValueSpecification","valueRequired":true,"valueName":"search_term_string"}}],"inLanguage":"uk"},{"@type":"Organization","@id":"https:\/\/denizcankizil.tr\/de\/#organization","name":"Av. Deniz Can K\u0131z\u0131l","url":"https:\/\/denizcankizil.tr\/de\/","logo":{"@type":"ImageObject","inLanguage":"uk","@id":"https:\/\/denizcankizil.tr\/de\/#\/schema\/logo\/image\/","url":"https:\/\/denizcankizil.tr\/wp-content\/uploads\/2024\/10\/siyah-logo-svg.svg","contentUrl":"https:\/\/denizcankizil.tr\/wp-content\/uploads\/2024\/10\/siyah-logo-svg.svg","width":1080,"height":1080,"caption":"Av. Deniz Can K\u0131z\u0131l"},"image":{"@id":"https:\/\/denizcankizil.tr\/de\/#\/schema\/logo\/image\/"}},{"@type":"Person","@id":"https:\/\/denizcankizil.tr\/de\/#\/schema\/person\/be3c05fe6a12686905512445d8185489","name":"\u0430\u0434\u043c\u0456\u043d","image":{"@type":"ImageObject","inLanguage":"uk","@id":"https:\/\/denizcankizil.tr\/de\/#\/schema\/person\/image\/","url":"https:\/\/secure.gravatar.com\/avatar\/c1fce94c830dc79107e174f890d7210541c4a63e8e5d816341794a2151c9d58c?s=96&d=mm&r=g","contentUrl":"https:\/\/secure.gravatar.com\/avatar\/c1fce94c830dc79107e174f890d7210541c4a63e8e5d816341794a2151c9d58c?s=96&d=mm&r=g","caption":"admin"},"sameAs":["http:\/\/denizcankizil.tr"],"url":"https:\/\/www.iskenderun.org\/bilecikte-sarampole-devrilen-aracta-3-kisi-yaralandi"}]}},"_links":{"self":[{"href":"https:\/\/denizcankizil.tr\/uk\/wp-json\/wp\/v2\/posts\/135540","targetHints":{"allow":["GET"]}}],"collection":[{"href":"https:\/\/denizcankizil.tr\/uk\/wp-json\/wp\/v2\/posts"}],"about":[{"href":"https:\/\/denizcankizil.tr\/uk\/wp-json\/wp\/v2\/types\/post"}],"author":[{"embeddable":true,"href":"https:\/\/denizcankizil.tr\/uk\/wp-json\/wp\/v2\/users\/1"}],"replies":[{"embeddable":true,"href":"https:\/\/denizcankizil.tr\/uk\/wp-json\/wp\/v2\/comments?post=135540"}],"version-history":[{"count":0,"href":"https:\/\/denizcankizil.tr\/uk\/wp-json\/wp\/v2\/posts\/135540\/revisions"}],"wp:attachment":[{"href":"https:\/\/denizcankizil.tr\/uk\/wp-json\/wp\/v2\/media?parent=135540"}],"wp:term":[{"taxonomy":"category","embeddable":true,"href":"https:\/\/denizcankizil.tr\/uk\/wp-json\/wp\/v2\/categories?post=135540"},{"taxonomy":"post_tag","embeddable":true,"href":"https:\/\/denizcankizil.tr\/uk\/wp-json\/wp\/v2\/tags?post=135540"}],"curies":[{"name":"wp","href":"https:\/\/api.w.org\/{rel}","templated":true}]}}