{"id":135495,"date":"2025-07-04T09:41:22","date_gmt":"2025-07-04T06:41:22","guid":{"rendered":"https:\/\/denizcankizil.tr\/uncategorized-tr\/antalyada-tepki-ceken-goruntu-milyonluk-otopark-bos-caddeler-dolu\/"},"modified":"2025-07-04T09:41:22","modified_gmt":"2025-07-04T06:41:22","slug":"antalyada-tepki-ceken-goruntu-milyonluk-otopark-bos-caddeler-dolu","status":"publish","type":"post","link":"https:\/\/denizcankizil.tr\/uk\/haberler\/gundem\/antalyada-tepki-ceken-goruntu-milyonluk-otopark-bos-caddeler-dolu\/","title":{"rendered":"Antalya\u2019da tepki \u00e7eken g\u00f6r\u00fcnt\u00fc: Milyonluk otopark bo\u015f, caddeler dolu!"},"content":{"rendered":"<p>Antalya&#8217;n\u0131n Aksu il\u00e7esinde TOK\u0130 taraf\u0131ndan yap\u0131m\u0131 tamamlanan Aksu H\u00fck\u00fcmet kona\u011f\u0131n\u0131n a\u00e7\u0131l\u0131\u015f\u0131 ge\u00e7ti\u011fimiz aylarda tamamland\u0131. Kona\u011f\u0131n a\u00e7\u0131lmas\u0131yla birlikte t\u00fcm devlet kurumlar\u0131 tek bir \u00e7at\u0131 alt\u0131nda topland\u0131. H\u00fck\u00fcmet kona\u011f\u0131n\u0131n yeralt\u0131 otopark\u0131 ise su basmas\u0131ndan dolay\u0131 a\u00e7\u0131lamad\u0131. Aylard\u0131r s\u00fcren \u00e7al\u0131\u015fmalarda s\u0131zan yeralt\u0131 sular\u0131na bir \u00e7\u00f6z\u00fcm \u00fcretilemedi. \u0130l\u00e7ede ise sorun \u00e7\u00f6z\u00fclemeyince tam bir trafik kaosu ya\u015fanmaya ba\u015flad\u0131.<\/p>\n<p>OTAPARK BO\u015e, CADDELER DOLU<\/p>\n<p>Aksu\u2019da yeralt\u0131na in\u015fa edilen 500 ara\u00e7l\u0131k otopark adeta \u00e7\u00fcr\u00fcmeye terk edildi. Aradan ge\u00e7en aylarda su sorunu \u00e7\u00f6z\u00fclemezken otopark da bir t\u00fcrl\u00fc kullan\u0131lamad\u0131. Aksu Belediyesi ise otopark\u0131n giri\u015fine \u201c\u00dccretsiz otopark\u201d yazd\u0131. Bir de zab\u0131ta kul\u00fcbesi yerle\u015ftirildi. Eyl\u00fcl ay\u0131 ola\u011fan meclis toplant\u0131s\u0131 yeni yap\u0131lan h\u00fck\u00fcmet kona\u011f\u0131 tart\u0131\u015fmalar\u0131na sahne olmu\u015ftu. AK Parti Grup S\u00f6zc\u00fcs\u00fc Mehmet Mekik, h\u00fck\u00fcmet kona\u011f\u0131n\u0131n a\u00e7\u0131lmas\u0131n\u0131n ard\u0131ndan s\u00fcr\u00fcc\u00fclerin otopark \u015fikayeti oldu\u011funu belirterek Aksu Belediye Ba\u015fkan\u0131 \u0130sa Y\u0131ld\u0131r\u0131m\u2019dan sorunu \u00e7\u00f6zmesini istemi\u015fti.<\/p>\n<p>\u201cM\u00dcTEAHH\u0130D\u0130N YAPMASI GEREK\u0130R\u201d<\/p>\n<p>Mehmet Mekik\u2019in s\u00f6zlerine cevap veren \u0130sa Y\u0131ld\u0131r\u0131m, projenin acemi ki\u015filer taraf\u0131ndan yap\u0131ld\u0131\u011f\u0131n\u0131 savunmu\u015ftu. A\u00e7\u0131lan h\u00fck\u00fcmet kona\u011f\u0131n\u0131 hem \u00e7at\u0131s\u0131n\u0131n hem de yeralt\u0131 otopark\u0131n\u0131n su s\u0131zd\u0131rd\u0131\u011f\u0131n\u0131 belirten Y\u0131ld\u0131r\u0131m, \u201cH\u00fck\u00fcmet kona\u011f\u0131 daha deneyimli ki\u015filer taraf\u0131ndan yap\u0131lsa kusursuz olurdu. \u0130zolasyonlarda s\u0131k\u0131nt\u0131 var. Biz tamir etmeye \u00e7al\u0131\u015ft\u0131k, \u00e7\u00f6z\u00fcm bulamad\u0131k. Havuzlarda su durmuyor. Elimizden geleni yapmaya \u00e7al\u0131\u015f\u0131yoruz. M\u00fcteahhidin yapmas\u0131 gerekir. Paray\u0131 nas\u0131l ald\u0131 ise o \u015fekilde yapacak. Asl\u0131nda ceza vermek gerekir. Yapamayan yeri yapmas\u0131 gerekir. Biz yapaca\u011f\u0131z. Caminin de bodrumundan su \u00e7\u0131k\u0131yor. Camide bodruma ne gerek var, mantar m\u0131 yeti\u015ftirecekler\u201d demi\u015fti.<\/p>\n<p>\u00c7\u00d6ZEMED\u0130\u011e\u0130M\u0130Z B\u0130R PROBLEM VAR<\/p>\n<p>Antalya K\u00f6rfez Gazetesi muhabiri Ertu\u011frul G\u00fcn&#8217;\u00fcn haberine g\u00f6re; yeralt\u0131 otopark\u0131nda ya\u015fanan sorunla yak\u0131ndan ilgilendi\u011fini ifade eden Aksu Belediye Ba\u015fkan Yard\u0131mc\u0131s\u0131 H\u00fcseyin \u00c7elik ise, \u201cParkla ile \u00e7ok u\u011fra\u015ft\u0131k. \u0130\u00e7erisinden resmen su g\u00fcml\u00fcyor. Boh\u00e7alama sistemi yap\u0131lmam\u0131\u015f. Su y\u00fckselince kaymakaml\u0131k binas\u0131n\u0131 da bas\u0131yor. Biz de yeniden bir heyet kurduk. M\u00fccadele ediyoruz. Oraya kimse de\u011ferli arabas\u0131n\u0131 park etmez. \u00c7\u00f6zemedi\u011fimiz bir problem var. 4 motopomp \u00e7al\u0131\u015ft\u0131rd\u0131k \u00e7\u00f6z\u00fcm bulamad\u0131k. A\u015f\u0131r\u0131 su geliyor. \u00c7ok s\u0131k\u0131nt\u0131l\u0131 bir alt yap\u0131s\u0131 var\u201d ifadelerini kullanm\u0131\u015ft\u0131.<\/p>\n<p>CADDELERDE KAOS VAR<\/p>\n<p>Gelinen noktada otopark\u0131n bo\u015f oldu\u011fu adeta i\u00e7erisinde in cin top oynad\u0131\u011f\u0131 g\u00f6r\u00fcld\u00fc. Yerin alt\u0131nda bunlar ya\u015fan\u0131rken yerin \u00fcst\u00fcnde ise \u00f6n\u00fc al\u0131nmayan bir trafik kaosu hakim oldu. Caddeler, sokaklar ve i\u015fyerlerinin \u00f6n\u00fc ara\u00e7larla doldu, ta\u015ft\u0131. G\u00fcn i\u00e7erisinde ara\u00e7lar\u0131n\u0131 park etmek isteyen s\u00fcr\u00fcc\u00fcler ile i\u015fyerleri sahipleri aras\u0131nda b\u00fcy\u00fck tart\u0131\u015fmalar ya\u015fanmaya ba\u015flad\u0131. \u0130\u015fyeri sahiplerinin d\u00fckkanlar\u0131n\u0131n \u00f6n\u00fcn\u00fcn kapand\u0131\u011f\u0131n\u0131 savunurken, s\u00fcr\u00fcc\u00fcler ise park yeri olmad\u0131\u011f\u0131ndan \u015fikayet etti.<\/p>\n<p>Sorunun \u00e7\u00f6z\u00fcm\u00fcne y\u00f6nelik nas\u0131l bir yol haritas\u0131 izlenece\u011fi merak konusu olurken, trafik kaosunun il\u00e7e merkezinde daha da artmas\u0131ndan korkuluyor. Soruna \u015fuana kadar kal\u0131c\u0131 bir \u00e7\u00f6z\u00fcm bulunmamas\u0131 ele\u015ftirileri de beraberinde getirdi.<\/p>\n<p>\u200bAntalya Aksu\u2019da in\u015faat\u0131 4 y\u0131la yak\u0131n s\u00fcren H\u00fck\u00fcmet Kona\u011f\u0131n\u0131n yeralt\u0131 otopark\u0131n\u0131n su sorunu aylard\u0131r \u00e7\u00f6z\u00fclemedi. Suyun bast\u0131\u011f\u0131 otoparkta in cin top oynarken yukar\u0131da caddelerde ise trafik kaosu ya\u015fan\u0131yor.\u00a0<\/p>\n<p>\u200bHaberin Al\u0131nt\u0131land\u0131\u011f\u0131 Kaynak: www.antalyakorfez.com<\/p>","protected":false},"excerpt":{"rendered":"<p>Antalya&#8217;n\u0131n Aksu il\u00e7esinde TOK\u0130 taraf\u0131ndan yap\u0131m\u0131 tamamlanan Aksu H\u00fck\u00fcmet kona\u011f\u0131n\u0131n a\u00e7\u0131l\u0131\u015f\u0131 ge\u00e7ti\u011fimiz aylarda tamamland\u0131. Kona\u011f\u0131n a\u00e7\u0131lmas\u0131yla birlikte t\u00fcm devlet kurumlar\u0131 tek bir \u00e7at\u0131 alt\u0131nda topland\u0131. H\u00fck\u00fcmet kona\u011f\u0131n\u0131n yeralt\u0131 otopark\u0131 ise su basmas\u0131ndan dolay\u0131 a\u00e7\u0131lamad\u0131. Aylard\u0131r s\u00fcren \u00e7al\u0131\u015fmalarda s\u0131zan yeralt\u0131 sular\u0131na bir \u00e7\u00f6z\u00fcm \u00fcretilemedi. \u0130l\u00e7ede ise sorun \u00e7\u00f6z\u00fclemeyince tam bir trafik kaosu ya\u015fanmaya ba\u015flad\u0131. OTAPARK BO\u015e, CADDELER DOLU Aksu\u2019da yeralt\u0131na in\u015fa edilen 500 ara\u00e7l\u0131k otopark adeta \u00e7\u00fcr\u00fcmeye terk edildi. Aradan ge\u00e7en aylarda su sorunu \u00e7\u00f6z\u00fclemezken otopark da bir t\u00fcrl\u00fc kullan\u0131lamad\u0131. Aksu Belediyesi ise otopark\u0131n giri\u015fine \u201c\u00dccretsiz otopark\u201d yazd\u0131. Bir de zab\u0131ta kul\u00fcbesi yerle\u015ftirildi. Eyl\u00fcl ay\u0131 ola\u011fan meclis toplant\u0131s\u0131 yeni yap\u0131lan h\u00fck\u00fcmet kona\u011f\u0131 tart\u0131\u015fmalar\u0131na sahne olmu\u015ftu. AK Parti Grup S\u00f6zc\u00fcs\u00fc Mehmet Mekik, h\u00fck\u00fcmet kona\u011f\u0131n\u0131n a\u00e7\u0131lmas\u0131n\u0131n ard\u0131ndan s\u00fcr\u00fcc\u00fclerin otopark \u015fikayeti oldu\u011funu belirterek Aksu Belediye Ba\u015fkan\u0131 \u0130sa Y\u0131ld\u0131r\u0131m\u2019dan sorunu \u00e7\u00f6zmesini istemi\u015fti. \u201cM\u00dcTEAHH\u0130D\u0130N YAPMASI GEREK\u0130R\u201d Mehmet Mekik\u2019in s\u00f6zlerine cevap veren \u0130sa Y\u0131ld\u0131r\u0131m, projenin acemi ki\u015filer taraf\u0131ndan yap\u0131ld\u0131\u011f\u0131n\u0131 savunmu\u015ftu. A\u00e7\u0131lan h\u00fck\u00fcmet kona\u011f\u0131n\u0131 hem \u00e7at\u0131s\u0131n\u0131n hem de yeralt\u0131 otopark\u0131n\u0131n su s\u0131zd\u0131rd\u0131\u011f\u0131n\u0131 belirten Y\u0131ld\u0131r\u0131m, \u201cH\u00fck\u00fcmet kona\u011f\u0131 daha deneyimli ki\u015filer taraf\u0131ndan yap\u0131lsa kusursuz olurdu. \u0130zolasyonlarda s\u0131k\u0131nt\u0131 var. Biz tamir etmeye \u00e7al\u0131\u015ft\u0131k, \u00e7\u00f6z\u00fcm bulamad\u0131k. Havuzlarda su durmuyor. Elimizden geleni yapmaya \u00e7al\u0131\u015f\u0131yoruz. M\u00fcteahhidin yapmas\u0131 gerekir. Paray\u0131 nas\u0131l ald\u0131 ise o \u015fekilde yapacak. Asl\u0131nda ceza vermek gerekir. Yapamayan yeri yapmas\u0131 gerekir. Biz &hellip;<\/p>","protected":false},"author":5,"featured_media":0,"comment_status":"","ping_status":"open","sticky":false,"template":"","format":"standard","meta":{"_acf_changed":false,"footnotes":""},"categories":[24],"tags":[],"class_list":["post-135495","post","type-post","status-publish","format-standard","has-post-thumbnail","hentry","category-gundem"],"acf":[],"yoast_head":"<!-- This site is optimized with the Yoast SEO Premium plugin v26.6 (Yoast SEO v27.1.1) - https:\/\/yoast.com\/product\/yoast-seo-premium-wordpress\/ -->\n<title>Antalya\u2019da tepki \u00e7eken g\u00f6r\u00fcnt\u00fc: Milyonluk otopark bo\u015f, caddeler dolu! - Av. Deniz Can K\u0131z\u0131l<\/title>\n<meta name=\"robots\" content=\"index, follow, max-snippet:-1, max-image-preview:large, max-video-preview:-1\" \/>\n<link rel=\"canonical\" href=\"https:\/\/denizcankizil.tr\/uk\/haberler\/gundem\/antalyada-tepki-ceken-goruntu-milyonluk-otopark-bos-caddeler-dolu\/\" \/>\n<meta property=\"og:locale\" content=\"uk_UA\" \/>\n<meta property=\"og:type\" content=\"article\" \/>\n<meta property=\"og:title\" content=\"Antalya\u2019da tepki \u00e7eken g\u00f6r\u00fcnt\u00fc: Milyonluk otopark bo\u015f, caddeler dolu!\" \/>\n<meta property=\"og:description\" content=\"Antalya&#8217;n\u0131n Aksu il\u00e7esinde TOK\u0130 taraf\u0131ndan yap\u0131m\u0131 tamamlanan Aksu H\u00fck\u00fcmet kona\u011f\u0131n\u0131n a\u00e7\u0131l\u0131\u015f\u0131 ge\u00e7ti\u011fimiz aylarda tamamland\u0131. Kona\u011f\u0131n a\u00e7\u0131lmas\u0131yla birlikte t\u00fcm devlet kurumlar\u0131 tek bir \u00e7at\u0131 alt\u0131nda topland\u0131. H\u00fck\u00fcmet kona\u011f\u0131n\u0131n yeralt\u0131 otopark\u0131 ise su basmas\u0131ndan dolay\u0131 a\u00e7\u0131lamad\u0131. Aylard\u0131r s\u00fcren \u00e7al\u0131\u015fmalarda s\u0131zan yeralt\u0131 sular\u0131na bir \u00e7\u00f6z\u00fcm \u00fcretilemedi. \u0130l\u00e7ede ise sorun \u00e7\u00f6z\u00fclemeyince tam bir trafik kaosu ya\u015fanmaya ba\u015flad\u0131. OTAPARK BO\u015e, CADDELER DOLU Aksu\u2019da yeralt\u0131na in\u015fa edilen 500 ara\u00e7l\u0131k otopark adeta \u00e7\u00fcr\u00fcmeye terk edildi. Aradan ge\u00e7en aylarda su sorunu \u00e7\u00f6z\u00fclemezken otopark da bir t\u00fcrl\u00fc kullan\u0131lamad\u0131. Aksu Belediyesi ise otopark\u0131n giri\u015fine \u201c\u00dccretsiz otopark\u201d yazd\u0131. Bir de zab\u0131ta kul\u00fcbesi yerle\u015ftirildi. Eyl\u00fcl ay\u0131 ola\u011fan meclis toplant\u0131s\u0131 yeni yap\u0131lan h\u00fck\u00fcmet kona\u011f\u0131 tart\u0131\u015fmalar\u0131na sahne olmu\u015ftu. AK Parti Grup S\u00f6zc\u00fcs\u00fc Mehmet Mekik, h\u00fck\u00fcmet kona\u011f\u0131n\u0131n a\u00e7\u0131lmas\u0131n\u0131n ard\u0131ndan s\u00fcr\u00fcc\u00fclerin otopark \u015fikayeti oldu\u011funu belirterek Aksu Belediye Ba\u015fkan\u0131 \u0130sa Y\u0131ld\u0131r\u0131m\u2019dan sorunu \u00e7\u00f6zmesini istemi\u015fti. \u201cM\u00dcTEAHH\u0130D\u0130N YAPMASI GEREK\u0130R\u201d Mehmet Mekik\u2019in s\u00f6zlerine cevap veren \u0130sa Y\u0131ld\u0131r\u0131m, projenin acemi ki\u015filer taraf\u0131ndan yap\u0131ld\u0131\u011f\u0131n\u0131 savunmu\u015ftu. A\u00e7\u0131lan h\u00fck\u00fcmet kona\u011f\u0131n\u0131 hem \u00e7at\u0131s\u0131n\u0131n hem de yeralt\u0131 otopark\u0131n\u0131n su s\u0131zd\u0131rd\u0131\u011f\u0131n\u0131 belirten Y\u0131ld\u0131r\u0131m, \u201cH\u00fck\u00fcmet kona\u011f\u0131 daha deneyimli ki\u015filer taraf\u0131ndan yap\u0131lsa kusursuz olurdu. \u0130zolasyonlarda s\u0131k\u0131nt\u0131 var. Biz tamir etmeye \u00e7al\u0131\u015ft\u0131k, \u00e7\u00f6z\u00fcm bulamad\u0131k. Havuzlarda su durmuyor. Elimizden geleni yapmaya \u00e7al\u0131\u015f\u0131yoruz. M\u00fcteahhidin yapmas\u0131 gerekir. Paray\u0131 nas\u0131l ald\u0131 ise o \u015fekilde yapacak. Asl\u0131nda ceza vermek gerekir. Yapamayan yeri yapmas\u0131 gerekir. Biz &hellip;\" \/>\n<meta property=\"og:url\" content=\"https:\/\/denizcankizil.tr\/uk\/haberler\/gundem\/antalyada-tepki-ceken-goruntu-milyonluk-otopark-bos-caddeler-dolu\/\" \/>\n<meta property=\"og:site_name\" content=\"Av. Deniz Can K\u0131z\u0131l\" \/>\n<meta property=\"article:published_time\" content=\"2025-07-04T06:41:22+00:00\" \/>\n<meta name=\"author\" content=\"Antalya K\u00f6rfez\" \/>\n<meta name=\"twitter:card\" content=\"summary_large_image\" \/>\n<meta name=\"twitter:label1\" content=\"\u041d\u0430\u043f\u0438\u0441\u0430\u043d\u043e\" \/>\n\t<meta name=\"twitter:data1\" content=\"Antalya K\u00f6rfez\" \/>\n\t<meta name=\"twitter:label2\" content=\"\u041f\u0440\u0438\u0431\u043b. \u0447\u0430\u0441 \u0447\u0438\u0442\u0430\u043d\u043d\u044f\" \/>\n\t<meta name=\"twitter:data2\" content=\"3 \u0445\u0432\u0438\u043b\u0438\u043d\u0438\" \/>\n<script type=\"application\/ld+json\" class=\"yoast-schema-graph\">{\"@context\":\"https:\/\/schema.org\",\"@graph\":[{\"@type\":\"Article\",\"@id\":\"https:\/\/denizcankizil.tr\/uk\/haberler\/gundem\/antalyada-tepki-ceken-goruntu-milyonluk-otopark-bos-caddeler-dolu\/#article\",\"isPartOf\":{\"@id\":\"https:\/\/denizcankizil.tr\/uk\/haberler\/gundem\/antalyada-tepki-ceken-goruntu-milyonluk-otopark-bos-caddeler-dolu\/\"},\"author\":{\"name\":\"Antalya K\u00f6rfez\",\"@id\":\"https:\/\/denizcankizil.tr\/#\/schema\/person\/e1eb71bb4dd684d46563f0af307e1234\"},\"headline\":\"Antalya\u2019da tepki \u00e7eken g\u00f6r\u00fcnt\u00fc: Milyonluk otopark bo\u015f, caddeler dolu!\",\"datePublished\":\"2025-07-04T06:41:22+00:00\",\"mainEntityOfPage\":{\"@id\":\"https:\/\/denizcankizil.tr\/uk\/haberler\/gundem\/antalyada-tepki-ceken-goruntu-milyonluk-otopark-bos-caddeler-dolu\/\"},\"wordCount\":663,\"publisher\":{\"@id\":\"https:\/\/denizcankizil.tr\/#organization\"},\"articleSection\":[\"G\u00fcndem\"],\"inLanguage\":\"uk\"},{\"@type\":\"WebPage\",\"@id\":\"https:\/\/denizcankizil.tr\/uk\/haberler\/gundem\/antalyada-tepki-ceken-goruntu-milyonluk-otopark-bos-caddeler-dolu\/\",\"url\":\"https:\/\/denizcankizil.tr\/uk\/haberler\/gundem\/antalyada-tepki-ceken-goruntu-milyonluk-otopark-bos-caddeler-dolu\/\",\"name\":\"Antalya\u2019da tepki \u00e7eken g\u00f6r\u00fcnt\u00fc: Milyonluk otopark bo\u015f, caddeler dolu! - Av. Deniz Can K\u0131z\u0131l\",\"isPartOf\":{\"@id\":\"https:\/\/denizcankizil.tr\/#website\"},\"datePublished\":\"2025-07-04T06:41:22+00:00\",\"breadcrumb\":{\"@id\":\"https:\/\/denizcankizil.tr\/uk\/haberler\/gundem\/antalyada-tepki-ceken-goruntu-milyonluk-otopark-bos-caddeler-dolu\/#breadcrumb\"},\"inLanguage\":\"uk\",\"potentialAction\":[{\"@type\":\"ReadAction\",\"target\":[\"https:\/\/denizcankizil.tr\/uk\/haberler\/gundem\/antalyada-tepki-ceken-goruntu-milyonluk-otopark-bos-caddeler-dolu\/\"]}]},{\"@type\":\"BreadcrumbList\",\"@id\":\"https:\/\/denizcankizil.tr\/uk\/haberler\/gundem\/antalyada-tepki-ceken-goruntu-milyonluk-otopark-bos-caddeler-dolu\/#breadcrumb\",\"itemListElement\":[{\"@type\":\"ListItem\",\"position\":1,\"name\":\"Home\",\"item\":\"https:\/\/denizcankizil.tr\/de\/\"},{\"@type\":\"ListItem\",\"position\":2,\"name\":\"Antalya\u2019da tepki \u00e7eken g\u00f6r\u00fcnt\u00fc: Milyonluk otopark bo\u015f, caddeler dolu!\"}]},{\"@type\":\"WebSite\",\"@id\":\"https:\/\/denizcankizil.tr\/#website\",\"url\":\"https:\/\/denizcankizil.tr\/\",\"name\":\"Av. Deniz Can K\u0131z\u0131l\",\"description\":\"Avukat Deniz Can K\u0131z\u0131l Antalya Barosu\",\"publisher\":{\"@id\":\"https:\/\/denizcankizil.tr\/#organization\"},\"potentialAction\":[{\"@type\":\"SearchAction\",\"target\":{\"@type\":\"EntryPoint\",\"urlTemplate\":\"https:\/\/denizcankizil.tr\/?s={search_term_string}\"},\"query-input\":{\"@type\":\"PropertyValueSpecification\",\"valueRequired\":true,\"valueName\":\"search_term_string\"}}],\"inLanguage\":\"uk\"},{\"@type\":\"Organization\",\"@id\":\"https:\/\/denizcankizil.tr\/#organization\",\"name\":\"Av. Deniz Can K\u0131z\u0131l\",\"url\":\"https:\/\/denizcankizil.tr\/\",\"logo\":{\"@type\":\"ImageObject\",\"inLanguage\":\"uk\",\"@id\":\"https:\/\/denizcankizil.tr\/#\/schema\/logo\/image\/\",\"url\":\"https:\/\/denizcankizil.tr\/wp-content\/uploads\/2024\/10\/siyah-logo-svg.svg\",\"contentUrl\":\"https:\/\/denizcankizil.tr\/wp-content\/uploads\/2024\/10\/siyah-logo-svg.svg\",\"width\":1080,\"height\":1080,\"caption\":\"Av. Deniz Can K\u0131z\u0131l\"},\"image\":{\"@id\":\"https:\/\/denizcankizil.tr\/#\/schema\/logo\/image\/\"}},{\"@type\":\"Person\",\"@id\":\"https:\/\/denizcankizil.tr\/#\/schema\/person\/e1eb71bb4dd684d46563f0af307e1234\",\"name\":\"Antalya K\u00f6rfez\",\"image\":{\"@type\":\"ImageObject\",\"inLanguage\":\"uk\",\"@id\":\"https:\/\/denizcankizil.tr\/#\/schema\/person\/image\/\",\"url\":\"https:\/\/secure.gravatar.com\/avatar\/42b01982558a48a0b501fdcab6a408d3717ea5919095ee2e67b0e521799c5905?s=96&d=mm&r=g\",\"contentUrl\":\"https:\/\/secure.gravatar.com\/avatar\/42b01982558a48a0b501fdcab6a408d3717ea5919095ee2e67b0e521799c5905?s=96&d=mm&r=g\",\"caption\":\"Antalya K\u00f6rfez\"},\"sameAs\":[\"http:\/\/www.antalyakorfez.com\"],\"url\":\"https:\/\/www.antalyakorfez.com\/antalyada-tepki-ceken-goruntu-milyonluk-otopark-bos-caddeler-dolu\"}]}<\/script>\n<!-- \/ Yoast SEO Premium plugin. -->","yoast_head_json":{"title":"Antalya\u2019da tepki \u00e7eken g\u00f6r\u00fcnt\u00fc: Milyonluk otopark bo\u015f, caddeler dolu! - Av. Deniz Can K\u0131z\u0131l","robots":{"index":"index","follow":"follow","max-snippet":"max-snippet:-1","max-image-preview":"max-image-preview:large","max-video-preview":"max-video-preview:-1"},"canonical":"https:\/\/denizcankizil.tr\/uk\/haberler\/gundem\/antalyada-tepki-ceken-goruntu-milyonluk-otopark-bos-caddeler-dolu\/","og_locale":"uk_UA","og_type":"article","og_title":"Antalya\u2019da tepki \u00e7eken g\u00f6r\u00fcnt\u00fc: Milyonluk otopark bo\u015f, caddeler dolu!","og_description":"Antalya&#8217;n\u0131n Aksu il\u00e7esinde TOK\u0130 taraf\u0131ndan yap\u0131m\u0131 tamamlanan Aksu H\u00fck\u00fcmet kona\u011f\u0131n\u0131n a\u00e7\u0131l\u0131\u015f\u0131 ge\u00e7ti\u011fimiz aylarda tamamland\u0131. Kona\u011f\u0131n a\u00e7\u0131lmas\u0131yla birlikte t\u00fcm devlet kurumlar\u0131 tek bir \u00e7at\u0131 alt\u0131nda topland\u0131. H\u00fck\u00fcmet kona\u011f\u0131n\u0131n yeralt\u0131 otopark\u0131 ise su basmas\u0131ndan dolay\u0131 a\u00e7\u0131lamad\u0131. Aylard\u0131r s\u00fcren \u00e7al\u0131\u015fmalarda s\u0131zan yeralt\u0131 sular\u0131na bir \u00e7\u00f6z\u00fcm \u00fcretilemedi. \u0130l\u00e7ede ise sorun \u00e7\u00f6z\u00fclemeyince tam bir trafik kaosu ya\u015fanmaya ba\u015flad\u0131. OTAPARK BO\u015e, CADDELER DOLU Aksu\u2019da yeralt\u0131na in\u015fa edilen 500 ara\u00e7l\u0131k otopark adeta \u00e7\u00fcr\u00fcmeye terk edildi. Aradan ge\u00e7en aylarda su sorunu \u00e7\u00f6z\u00fclemezken otopark da bir t\u00fcrl\u00fc kullan\u0131lamad\u0131. Aksu Belediyesi ise otopark\u0131n giri\u015fine \u201c\u00dccretsiz otopark\u201d yazd\u0131. Bir de zab\u0131ta kul\u00fcbesi yerle\u015ftirildi. Eyl\u00fcl ay\u0131 ola\u011fan meclis toplant\u0131s\u0131 yeni yap\u0131lan h\u00fck\u00fcmet kona\u011f\u0131 tart\u0131\u015fmalar\u0131na sahne olmu\u015ftu. AK Parti Grup S\u00f6zc\u00fcs\u00fc Mehmet Mekik, h\u00fck\u00fcmet kona\u011f\u0131n\u0131n a\u00e7\u0131lmas\u0131n\u0131n ard\u0131ndan s\u00fcr\u00fcc\u00fclerin otopark \u015fikayeti oldu\u011funu belirterek Aksu Belediye Ba\u015fkan\u0131 \u0130sa Y\u0131ld\u0131r\u0131m\u2019dan sorunu \u00e7\u00f6zmesini istemi\u015fti. \u201cM\u00dcTEAHH\u0130D\u0130N YAPMASI GEREK\u0130R\u201d Mehmet Mekik\u2019in s\u00f6zlerine cevap veren \u0130sa Y\u0131ld\u0131r\u0131m, projenin acemi ki\u015filer taraf\u0131ndan yap\u0131ld\u0131\u011f\u0131n\u0131 savunmu\u015ftu. A\u00e7\u0131lan h\u00fck\u00fcmet kona\u011f\u0131n\u0131 hem \u00e7at\u0131s\u0131n\u0131n hem de yeralt\u0131 otopark\u0131n\u0131n su s\u0131zd\u0131rd\u0131\u011f\u0131n\u0131 belirten Y\u0131ld\u0131r\u0131m, \u201cH\u00fck\u00fcmet kona\u011f\u0131 daha deneyimli ki\u015filer taraf\u0131ndan yap\u0131lsa kusursuz olurdu. \u0130zolasyonlarda s\u0131k\u0131nt\u0131 var. Biz tamir etmeye \u00e7al\u0131\u015ft\u0131k, \u00e7\u00f6z\u00fcm bulamad\u0131k. Havuzlarda su durmuyor. Elimizden geleni yapmaya \u00e7al\u0131\u015f\u0131yoruz. M\u00fcteahhidin yapmas\u0131 gerekir. Paray\u0131 nas\u0131l ald\u0131 ise o \u015fekilde yapacak. Asl\u0131nda ceza vermek gerekir. Yapamayan yeri yapmas\u0131 gerekir. Biz &hellip;","og_url":"https:\/\/denizcankizil.tr\/uk\/haberler\/gundem\/antalyada-tepki-ceken-goruntu-milyonluk-otopark-bos-caddeler-dolu\/","og_site_name":"Av. Deniz Can K\u0131z\u0131l","article_published_time":"2025-07-04T06:41:22+00:00","author":"Antalya K\u00f6rfez","twitter_card":"summary_large_image","twitter_misc":{"\u041d\u0430\u043f\u0438\u0441\u0430\u043d\u043e":"Antalya K\u00f6rfez","\u041f\u0440\u0438\u0431\u043b. \u0447\u0430\u0441 \u0447\u0438\u0442\u0430\u043d\u043d\u044f":"3 \u0445\u0432\u0438\u043b\u0438\u043d\u0438"},"schema":{"@context":"https:\/\/schema.org","@graph":[{"@type":"Article","@id":"https:\/\/denizcankizil.tr\/uk\/haberler\/gundem\/antalyada-tepki-ceken-goruntu-milyonluk-otopark-bos-caddeler-dolu\/#article","isPartOf":{"@id":"https:\/\/denizcankizil.tr\/uk\/haberler\/gundem\/antalyada-tepki-ceken-goruntu-milyonluk-otopark-bos-caddeler-dolu\/"},"author":{"name":"Antalya K\u00f6rfez","@id":"https:\/\/denizcankizil.tr\/#\/schema\/person\/e1eb71bb4dd684d46563f0af307e1234"},"headline":"Antalya\u2019da tepki \u00e7eken g\u00f6r\u00fcnt\u00fc: Milyonluk otopark bo\u015f, caddeler dolu!","datePublished":"2025-07-04T06:41:22+00:00","mainEntityOfPage":{"@id":"https:\/\/denizcankizil.tr\/uk\/haberler\/gundem\/antalyada-tepki-ceken-goruntu-milyonluk-otopark-bos-caddeler-dolu\/"},"wordCount":663,"publisher":{"@id":"https:\/\/denizcankizil.tr\/#organization"},"articleSection":["G\u00fcndem"],"inLanguage":"uk"},{"@type":"WebPage","@id":"https:\/\/denizcankizil.tr\/uk\/haberler\/gundem\/antalyada-tepki-ceken-goruntu-milyonluk-otopark-bos-caddeler-dolu\/","url":"https:\/\/denizcankizil.tr\/uk\/haberler\/gundem\/antalyada-tepki-ceken-goruntu-milyonluk-otopark-bos-caddeler-dolu\/","name":"Antalya\u2019da tepki \u00e7eken g\u00f6r\u00fcnt\u00fc: Milyonluk otopark bo\u015f, caddeler dolu! - Av. Deniz Can K\u0131z\u0131l","isPartOf":{"@id":"https:\/\/denizcankizil.tr\/#website"},"datePublished":"2025-07-04T06:41:22+00:00","breadcrumb":{"@id":"https:\/\/denizcankizil.tr\/uk\/haberler\/gundem\/antalyada-tepki-ceken-goruntu-milyonluk-otopark-bos-caddeler-dolu\/#breadcrumb"},"inLanguage":"uk","potentialAction":[{"@type":"ReadAction","target":["https:\/\/denizcankizil.tr\/uk\/haberler\/gundem\/antalyada-tepki-ceken-goruntu-milyonluk-otopark-bos-caddeler-dolu\/"]}]},{"@type":"BreadcrumbList","@id":"https:\/\/denizcankizil.tr\/uk\/haberler\/gundem\/antalyada-tepki-ceken-goruntu-milyonluk-otopark-bos-caddeler-dolu\/#breadcrumb","itemListElement":[{"@type":"ListItem","position":1,"name":"Home","item":"https:\/\/denizcankizil.tr\/de\/"},{"@type":"ListItem","position":2,"name":"Antalya\u2019da tepki \u00e7eken g\u00f6r\u00fcnt\u00fc: Milyonluk otopark bo\u015f, caddeler dolu!"}]},{"@type":"WebSite","@id":"https:\/\/denizcankizil.tr\/#website","url":"https:\/\/denizcankizil.tr\/","name":"Av. Deniz Can K\u0131z\u0131l","description":"Avukat Deniz Can K\u0131z\u0131l Antalya Barosu","publisher":{"@id":"https:\/\/denizcankizil.tr\/#organization"},"potentialAction":[{"@type":"SearchAction","target":{"@type":"EntryPoint","urlTemplate":"https:\/\/denizcankizil.tr\/?s={search_term_string}"},"query-input":{"@type":"PropertyValueSpecification","valueRequired":true,"valueName":"search_term_string"}}],"inLanguage":"uk"},{"@type":"Organization","@id":"https:\/\/denizcankizil.tr\/#organization","name":"Av. Deniz Can K\u0131z\u0131l","url":"https:\/\/denizcankizil.tr\/","logo":{"@type":"ImageObject","inLanguage":"uk","@id":"https:\/\/denizcankizil.tr\/#\/schema\/logo\/image\/","url":"https:\/\/denizcankizil.tr\/wp-content\/uploads\/2024\/10\/siyah-logo-svg.svg","contentUrl":"https:\/\/denizcankizil.tr\/wp-content\/uploads\/2024\/10\/siyah-logo-svg.svg","width":1080,"height":1080,"caption":"Av. Deniz Can K\u0131z\u0131l"},"image":{"@id":"https:\/\/denizcankizil.tr\/#\/schema\/logo\/image\/"}},{"@type":"Person","@id":"https:\/\/denizcankizil.tr\/#\/schema\/person\/e1eb71bb4dd684d46563f0af307e1234","name":"Antalya K\u00f6rfez","image":{"@type":"ImageObject","inLanguage":"uk","@id":"https:\/\/denizcankizil.tr\/#\/schema\/person\/image\/","url":"https:\/\/secure.gravatar.com\/avatar\/42b01982558a48a0b501fdcab6a408d3717ea5919095ee2e67b0e521799c5905?s=96&d=mm&r=g","contentUrl":"https:\/\/secure.gravatar.com\/avatar\/42b01982558a48a0b501fdcab6a408d3717ea5919095ee2e67b0e521799c5905?s=96&d=mm&r=g","caption":"Antalya K\u00f6rfez"},"sameAs":["http:\/\/www.antalyakorfez.com"],"url":"https:\/\/www.antalyakorfez.com\/antalyada-tepki-ceken-goruntu-milyonluk-otopark-bos-caddeler-dolu"}]}},"_links":{"self":[{"href":"https:\/\/denizcankizil.tr\/uk\/wp-json\/wp\/v2\/posts\/135495","targetHints":{"allow":["GET"]}}],"collection":[{"href":"https:\/\/denizcankizil.tr\/uk\/wp-json\/wp\/v2\/posts"}],"about":[{"href":"https:\/\/denizcankizil.tr\/uk\/wp-json\/wp\/v2\/types\/post"}],"author":[{"embeddable":true,"href":"https:\/\/denizcankizil.tr\/uk\/wp-json\/wp\/v2\/users\/5"}],"replies":[{"embeddable":true,"href":"https:\/\/denizcankizil.tr\/uk\/wp-json\/wp\/v2\/comments?post=135495"}],"version-history":[{"count":0,"href":"https:\/\/denizcankizil.tr\/uk\/wp-json\/wp\/v2\/posts\/135495\/revisions"}],"wp:attachment":[{"href":"https:\/\/denizcankizil.tr\/uk\/wp-json\/wp\/v2\/media?parent=135495"}],"wp:term":[{"taxonomy":"category","embeddable":true,"href":"https:\/\/denizcankizil.tr\/uk\/wp-json\/wp\/v2\/categories?post=135495"},{"taxonomy":"post_tag","embeddable":true,"href":"https:\/\/denizcankizil.tr\/uk\/wp-json\/wp\/v2\/tags?post=135495"}],"curies":[{"name":"wp","href":"https:\/\/api.w.org\/{rel}","templated":true}]}}