{"id":134459,"date":"2025-07-03T10:41:52","date_gmt":"2025-07-03T07:41:52","guid":{"rendered":"https:\/\/denizcankizil.tr\/uncategorized-tr\/cem-kotan-her-sabah-karakola-goturulme-tehlikesi-ile-karsi-karsiyayiz\/"},"modified":"2025-07-03T10:41:52","modified_gmt":"2025-07-03T07:41:52","slug":"cem-kotan-her-sabah-karakola-goturulme-tehlikesi-ile-karsi-karsiyayiz","status":"publish","type":"post","link":"https:\/\/denizcankizil.tr\/uk\/haberler\/gundem\/cem-kotan-her-sabah-karakola-goturulme-tehlikesi-ile-karsi-karsiyayiz\/","title":{"rendered":"Cem Kotan: \u201cHer sabah karakola g\u00f6t\u00fcr\u00fclme tehlikesi ile kar\u015f\u0131 kar\u015f\u0131yay\u0131z\u201d"},"content":{"rendered":"<p>Konyaalt\u0131 Belediye Ba\u015fkan\u0131 Cem Kotan, Kanal V\u2019de yay\u0131nlanan Ali Ta\u015f\u2019\u0131n sunuculu\u011funu yapt\u0131\u011f\u0131 \u2018G\u00fcne Bak\u0131\u015f\u2019 program\u0131na kat\u0131ld\u0131. Kotan burada belediyede ya\u015fan bor\u00e7 krizine ve siyasi gelece\u011fine y\u00f6nelik \u00f6nemli a\u00e7\u0131klamalarda bulundu.<\/p>\n<p>\u201cTEHL\u0130KE ALTINDAYIZ \u201c<\/p>\n<p>Ba\u015fkan Kotan&#8217;\u0131n ge\u00e7ti\u011fimiz g\u00fcnlerde bir r\u00f6portaj\u0131nda, \u201cKendimi halka emanet ettim&#8221; s\u00f6z\u00fc pek \u00e7ok ki\u015fi taraf\u0131ndan farkl\u0131 \u015fekilde yorumland\u0131. CHP\u2019li her ba\u015fkan\u0131n bir g\u00fcn g\u00f6zalt\u0131na al\u0131nma tehlikesi alt\u0131nda oldu\u011funu ama bu s\u00f6z\u00fc onu kastederek s\u00f6ylemedi\u011fini belirten Kotan, \u201cCumhuriyet Halk Partisi\u2019nin b\u00fct\u00fcn ba\u015fkanlar\u0131 tehdit alt\u0131nda! Her sabah kap\u0131m\u0131z\u0131 t\u0131klat\u0131p, \u2018Sizleri emniyeti davet ediyoruz\u2019 c\u00fcmlesi ile kar\u0131\u015f\u0131labiliriz. Bunlar al\u0131\u015ft\u0131\u011f\u0131m\u0131z \u015feyler ama bu c\u00fcmlenin ya\u015fad\u0131\u011f\u0131m\u0131z olaylarla alakas\u0131 yok. Bu r\u00f6portaj\u0131n i\u00e7inde yaz\u0131yor. Bir tercih yapmak zorundayd\u0131m. Ya siyasi olarak mevcut belediyenin ko\u015fullar\u0131n\u0131n siyasi noktada devam etmesi laz\u0131md\u0131 ya da ger\u00e7ekten belediyecilik ilkleri \u00fczerinden belediyeyi y\u00f6netmem gerekiyordu. Bunun karar\u0131n\u0131 vermem laz\u0131md\u0131. Ben de liyakatli ve belediyenin kurumsal de\u011ferlerine d\u00f6nmesi i\u00e7in bir tav\u0131r ald\u0131m. Siyasette \u00f6rselenece\u011fim bir s\u00fcrece girecektim ama Konyaalt\u0131 Belediyesi\u2019ni sa\u011flam zeminlere oturtmam laz\u0131md\u0131. Kendimizi Konyaalt\u0131 Belediyesi olarak kendimizi halka emanet ettim\u201d dedi.<\/p>\n<p>\u201c2 AYLIK MAA\u015eLAR KRED\u0130LER \u0130LE \u00d6DENM\u0130\u015eT\u0130\u201d<\/p>\n<p>Son 3 y\u0131lda Konyaalt\u0131 Belediyesi\u2019nde ya\u015fananlar\u0131n geni\u015f bir \u00f6zetini sunan Kotan, \u201c3 y\u0131l\u0131 \u00f6zetlemek gerekirse. G\u00f6reve geldi\u011fimizde durumuzu \u00e7ok iyi bulmad\u0131k. Bunu a\u00e7\u0131k a\u00e7\u0131k konu\u015fmad\u0131m ama ara ara payla\u015ft\u0131m. \u0130\u015fler ac\u0131s\u0131 bir durumdu. Her ne kadar belediyeyi CHP\u2019li bir bakandan devralsam da ama \u015f\u00f6yle bir durum vard\u0131: Bir\u00e7ok ko\u015fulun birle\u015fmesiyle belediyenin ekonomik ko\u015fullar\u0131 ve insan kaynaklar\u0131 ko\u015fullar\u0131 bozulmu\u015f durumdayd\u0131. Olmamas\u0131 gerekenin 2 kat\u0131 kadar bor\u00e7, olmamas\u0131 gerekenin 2 kat\u0131 kadar bir insan i\u015fg\u00fcc\u00fc vard\u0131. Biz gelmeden \u00f6nce krediler kullan\u0131lm\u0131\u015ft\u0131. 2 ayl\u0131k maa\u015flar krediler ile \u00f6denmi\u015fti ve sonrada biz g\u00f6reve gelince ilk olarak maa\u015flar\u0131 \u00f6dedik. Ondan sonraki s\u00fcre\u00e7te mevcut sigorta ve kredi bor\u00e7lar\u0131 derken kendimizi muazzam bir bor\u00e7 yuma\u011f\u0131n\u0131n i\u00e7inde bulduk ve bunun planlamas\u0131n\u0131 yapamaya ba\u015flad\u0131k. Bir masada 5 ki\u015fi oturuyordu. Bunu \u00e7ok ele\u015ftirdim\u201d diye konu\u015ftu.<\/p>\n<p>\u0130\u015eTEN \u00c7IKARMALARI ANLATTI <\/p>\n<p>Ba\u015fkan Cem Kotan, i\u015ften \u00e7\u0131karmalarla ilgili de konu\u015ftu. Kotan, &#8220;\u0130\u015ften \u00e7\u0131k\u0131\u015flar oldu. 1 bu\u00e7uk y\u0131lda nerdeyse 100\u2019e yak\u0131n i\u015f\u00e7i arkada\u015f\u0131m\u0131zla yollar\u0131 ay\u0131rmak zorunda kald\u0131k. Ele\u015ftiriler oldu. Belediyenin kendine g\u00f6re bir i\u015fleyi\u015f \u015femas\u0131 var. Sen \u015fimdi \u00e7\u00f6p arabas\u0131n\u0131n arkas\u0131nda \u00e7al\u0131\u015fan birini i\u015ften \u00e7\u0131karamazs\u0131n. Ona ihtiyac\u0131n var ama bir masada 5 ki\u015fi oturuyorsa oradaki 2-3 ki\u015finin tazminat\u0131n\u0131 ve k\u0131demini vererek yolunu ay\u0131rabilirsin. En son kadrolu arkada\u015flarla yollar\u0131m\u0131z\u0131 ay\u0131rmak durumunda kald\u0131k. Emekli olanlar, istifa edenler ve mecburen \u00e7\u0131karmak zorunda kald\u0131\u011f\u0131m\u0131z arkada\u015flarla birlikte toplamda 100-110 personelle yollar\u0131m\u0131z\u0131 ay\u0131rd\u0131k. Mevcut insan kaynaklar\u0131m\u0131z yeterliydi biz de al\u0131m yapmaya gerek duymad\u0131k&#8221; dedi<\/p>\n<p>\u201c600 M\u0130LYONA KADAR \u00c7IKAB\u0130L\u0130R\u201d<\/p>\n<p>Cem Kotan ge\u00e7ti\u011fimiz g\u00fcnlerde Konyaalt\u0131 Belediyesi\u2019nin 500 milyon TL tasarruf etti\u011fini a\u00e7\u0131klam\u0131\u015ft\u0131. Bu konuda da yorum yapan Kotan, \u201cMaa\u015f\u0131n\u0131 \u00f6demekten zorluluk \u00e7ekiyorsunuz. Zaten savurganl\u0131ktan dolay\u0131 zorluk \u00e7ekiyorsunuz iki iki daha d\u00f6rt. Savurganl\u0131k b\u00fcy\u00fck bir nedendi. Biz g\u00f6reve geldi\u011fimizde yapt\u0131\u011f\u0131m\u0131z incelemeler de belediyenin ihtiyac\u0131ndan fazla arac\u0131n\u0131n bulundu\u011funu, ihtiyac\u0131ndan fazla personeli oldu\u011funu tespit ettik. Hepsini masaya yat\u0131rd\u0131k ve \u00f6nce ara\u00e7 kiralamalar\u0131ndan ba\u015flad\u0131k. Belediyenin en b\u00fcy\u00fck gideri ara\u00e7 kiralamalar\u0131d\u0131r. Asfaltt\u0131r, mazottur do\u011frudan temindir. Bunlar\u0131 kontrol alt\u0131na almazsan\u0131z sadece m\u00fcd\u00fcrl\u00fc\u011fe ba\u011flarsan\u0131z olmaz! Bunun i\u00e7in uzun bir mesai verdim. Verdi\u011fimiz rakam kabataslak bir rakam. Belki detaylara insem 600 milyona kadar \u00e7\u0131kacak\u201d ifadelerini kulland\u0131.<\/p>\n<p>KONYAALTI BELED\u0130YES\u0130 BUNU KALDIRAMAZDI<\/p>\n<p>G\u00f6reve geldi\u011finde belediyenin 113 arac\u0131 oldu\u011funu ve bu say\u0131y\u0131 34\u2019e indirdiklerine vurgu yapan Kotan, \u201c113 tane ara\u00e7 kiral\u0131yorsunuz. Bu arac\u0131n size maliyeti y\u0131ll\u0131k 30 ila 40 milyon aras\u0131nda de\u011fi\u015fiyor. Cem Kotan geliyor ve diyor ki, \u2018Ben bir fizibilite \u00e7al\u0131\u015fmas\u0131 yapaca\u011f\u0131m. Benim bu kadar araca ihtiyac\u0131m var m\u0131 yok mu g\u00f6rmek istiyorum.\u2019 \u00c7al\u0131\u015fmalar sonucu belediyenin 40 ara\u00e7la d\u00f6nebilir oldu\u011fu ortaya \u00e7\u0131k\u0131yor. B\u00f6ylece kiralamay\u0131 40\u2019a d\u00fc\u015f\u00fcr\u00fcyoruz. Bu sayede 10- 15 milyon lira belediyenin cebine kal\u0131yor. Sonra 35\u2019e d\u00fc\u015f\u00fcrebilirim diyorsunuz. \u015eu anda 33 ile 34 aras\u0131nda ara\u00e7la belediyenin temel hizmetlerini g\u00f6rebiliyorsunuz. 15 milyon liraya yak\u0131n minib\u00fcs paras\u0131 \u00f6deniyordu. Ben ihaleyi iptal ettim. \u2018\u0130stemiyorum minib\u00fcs\u2019 dedim. Minib\u00fcsler yat\u0131yor neden spor kul\u00fcb\u00fc oldu\u011fu i\u00e7in\u2026 Kul\u00fcple alakal\u0131 bir \u015fey oldu\u011funda minib\u00fcsler deplasmana gitmek i\u00e7in kullan\u0131l\u0131yor. Spor kul\u00fcb\u00fcn\u00fc de almad\u0131k. \u00c7ok borcu vard\u0131. Konyaalt\u0131 Belediyesi bunu kald\u0131ramazd\u0131\u201d s\u00f6zlerini kaydetti.<\/p>\n<p>\u201cTASARRUFLARIMIZ DEVAM EDECEK\u201d<\/p>\n<p>Az kaynakla \u00e7ok i\u015f yaparak tasarruf ettiklerini belirten Cem Kotan, \u201cAz kaynaklarla \u00e7ok i\u015f yapt\u0131n\u0131z m\u0131 tasarruflu oluyorsunuz. Mesela \u015fundan kaynaklan\u0131yor. Bizim b\u00f6yle bir param\u0131z yok. Ben 2023\u2019teki gibi devam etmi\u015f olsayd\u0131m 500 milyon lira daha bor\u00e7 bulmam laz\u0131md\u0131 ki bu a\u00e7\u0131\u011f\u0131 kapatabileyim. \u0130\u015fte yan\u0131lg\u0131 buradan ba\u015fl\u0131yor. Biz de tasarruf yaparak bor\u00e7lanmad\u0131k. Belediyemizi 500 milyon liradan kulland\u0131k ve tasarruflar\u0131m\u0131z devam edecek\u201d dedi.<\/p>\n<p>\u200bKonyaalt\u0131 Belediye Ba\u015fkan\u0131 Cem Kotan, kat\u0131ld\u0131\u011f\u0131 bir televizyon program\u0131nda \u00f6nemli a\u00e7\u0131klamalarda bulundu. Kotan, \u201cCumhuriyet Halk Partisi\u2019nin b\u00fct\u00fcn ba\u015fkanlar\u0131 tehdit alt\u0131nda! Her sabah kap\u0131m\u0131z\u0131 t\u0131klat\u0131p, \u2018Sizleri emniyeti davet ediyoruz\u2019 c\u00fcmlesi ile kar\u0131\u015f\u0131labiliriz\u201d dedi.\u00a0<\/p>\n<p>\u200bHaberin Al\u0131nt\u0131land\u0131\u011f\u0131 Kaynak: www.antalyakorfez.com<\/p>","protected":false},"excerpt":{"rendered":"<p>Konyaalt\u0131 Belediye Ba\u015fkan\u0131 Cem Kotan, Kanal V\u2019de yay\u0131nlanan Ali Ta\u015f\u2019\u0131n sunuculu\u011funu yapt\u0131\u011f\u0131 \u2018G\u00fcne Bak\u0131\u015f\u2019 program\u0131na kat\u0131ld\u0131. Kotan burada belediyede ya\u015fan bor\u00e7 krizine ve siyasi gelece\u011fine y\u00f6nelik \u00f6nemli a\u00e7\u0131klamalarda bulundu. \u201cTEHL\u0130KE ALTINDAYIZ \u201c Ba\u015fkan Kotan&#8217;\u0131n ge\u00e7ti\u011fimiz g\u00fcnlerde bir r\u00f6portaj\u0131nda, \u201cKendimi halka emanet ettim&#8221; s\u00f6z\u00fc pek \u00e7ok ki\u015fi taraf\u0131ndan farkl\u0131 \u015fekilde yorumland\u0131. CHP\u2019li her ba\u015fkan\u0131n bir g\u00fcn g\u00f6zalt\u0131na al\u0131nma tehlikesi alt\u0131nda oldu\u011funu ama bu s\u00f6z\u00fc onu kastederek s\u00f6ylemedi\u011fini belirten Kotan, \u201cCumhuriyet Halk Partisi\u2019nin b\u00fct\u00fcn ba\u015fkanlar\u0131 tehdit alt\u0131nda! Her sabah kap\u0131m\u0131z\u0131 t\u0131klat\u0131p, \u2018Sizleri emniyeti davet ediyoruz\u2019 c\u00fcmlesi ile kar\u0131\u015f\u0131labiliriz. Bunlar al\u0131\u015ft\u0131\u011f\u0131m\u0131z \u015feyler ama bu c\u00fcmlenin ya\u015fad\u0131\u011f\u0131m\u0131z olaylarla alakas\u0131 yok. Bu r\u00f6portaj\u0131n i\u00e7inde yaz\u0131yor. Bir tercih yapmak zorundayd\u0131m. Ya siyasi olarak mevcut belediyenin ko\u015fullar\u0131n\u0131n siyasi noktada devam etmesi laz\u0131md\u0131 ya da ger\u00e7ekten belediyecilik ilkleri \u00fczerinden belediyeyi y\u00f6netmem gerekiyordu. Bunun karar\u0131n\u0131 vermem laz\u0131md\u0131. Ben de liyakatli ve belediyenin kurumsal de\u011ferlerine d\u00f6nmesi i\u00e7in bir tav\u0131r ald\u0131m. Siyasette \u00f6rselenece\u011fim bir s\u00fcrece girecektim ama Konyaalt\u0131 Belediyesi\u2019ni sa\u011flam zeminlere oturtmam laz\u0131md\u0131. Kendimizi Konyaalt\u0131 Belediyesi olarak kendimizi halka emanet ettim\u201d dedi. \u201c2 AYLIK MAA\u015eLAR KRED\u0130LER \u0130LE \u00d6DENM\u0130\u015eT\u0130\u201d Son 3 y\u0131lda Konyaalt\u0131 Belediyesi\u2019nde ya\u015fananlar\u0131n geni\u015f bir \u00f6zetini sunan Kotan, \u201c3 y\u0131l\u0131 \u00f6zetlemek gerekirse. G\u00f6reve geldi\u011fimizde durumuzu \u00e7ok iyi bulmad\u0131k. Bunu a\u00e7\u0131k a\u00e7\u0131k konu\u015fmad\u0131m ama ara ara payla\u015ft\u0131m. \u0130\u015fler ac\u0131s\u0131 bir durumdu. &hellip;<\/p>","protected":false},"author":5,"featured_media":0,"comment_status":"","ping_status":"open","sticky":false,"template":"","format":"standard","meta":{"_acf_changed":false,"footnotes":""},"categories":[24],"tags":[],"class_list":["post-134459","post","type-post","status-publish","format-standard","has-post-thumbnail","hentry","category-gundem"],"acf":[],"yoast_head":"<!-- This site is optimized with the Yoast SEO Premium plugin v26.6 (Yoast SEO v27.1.1) - https:\/\/yoast.com\/product\/yoast-seo-premium-wordpress\/ -->\n<title>Cem Kotan: \u201cHer sabah karakola g\u00f6t\u00fcr\u00fclme tehlikesi ile kar\u015f\u0131 kar\u015f\u0131yay\u0131z\u201d - Av. Deniz Can K\u0131z\u0131l<\/title>\n<meta name=\"robots\" content=\"index, follow, max-snippet:-1, max-image-preview:large, max-video-preview:-1\" \/>\n<link rel=\"canonical\" href=\"https:\/\/denizcankizil.tr\/uk\/haberler\/gundem\/cem-kotan-her-sabah-karakola-goturulme-tehlikesi-ile-karsi-karsiyayiz\/\" \/>\n<meta property=\"og:locale\" content=\"uk_UA\" \/>\n<meta property=\"og:type\" content=\"article\" \/>\n<meta property=\"og:title\" content=\"Cem Kotan: \u201cHer sabah karakola g\u00f6t\u00fcr\u00fclme tehlikesi ile kar\u015f\u0131 kar\u015f\u0131yay\u0131z\u201d\" \/>\n<meta property=\"og:description\" content=\"Konyaalt\u0131 Belediye Ba\u015fkan\u0131 Cem Kotan, Kanal V\u2019de yay\u0131nlanan Ali Ta\u015f\u2019\u0131n sunuculu\u011funu yapt\u0131\u011f\u0131 \u2018G\u00fcne Bak\u0131\u015f\u2019 program\u0131na kat\u0131ld\u0131. Kotan burada belediyede ya\u015fan bor\u00e7 krizine ve siyasi gelece\u011fine y\u00f6nelik \u00f6nemli a\u00e7\u0131klamalarda bulundu. \u201cTEHL\u0130KE ALTINDAYIZ \u201c Ba\u015fkan Kotan&#8217;\u0131n ge\u00e7ti\u011fimiz g\u00fcnlerde bir r\u00f6portaj\u0131nda, \u201cKendimi halka emanet ettim&#8221; s\u00f6z\u00fc pek \u00e7ok ki\u015fi taraf\u0131ndan farkl\u0131 \u015fekilde yorumland\u0131. CHP\u2019li her ba\u015fkan\u0131n bir g\u00fcn g\u00f6zalt\u0131na al\u0131nma tehlikesi alt\u0131nda oldu\u011funu ama bu s\u00f6z\u00fc onu kastederek s\u00f6ylemedi\u011fini belirten Kotan, \u201cCumhuriyet Halk Partisi\u2019nin b\u00fct\u00fcn ba\u015fkanlar\u0131 tehdit alt\u0131nda! Her sabah kap\u0131m\u0131z\u0131 t\u0131klat\u0131p, \u2018Sizleri emniyeti davet ediyoruz\u2019 c\u00fcmlesi ile kar\u0131\u015f\u0131labiliriz. Bunlar al\u0131\u015ft\u0131\u011f\u0131m\u0131z \u015feyler ama bu c\u00fcmlenin ya\u015fad\u0131\u011f\u0131m\u0131z olaylarla alakas\u0131 yok. Bu r\u00f6portaj\u0131n i\u00e7inde yaz\u0131yor. Bir tercih yapmak zorundayd\u0131m. Ya siyasi olarak mevcut belediyenin ko\u015fullar\u0131n\u0131n siyasi noktada devam etmesi laz\u0131md\u0131 ya da ger\u00e7ekten belediyecilik ilkleri \u00fczerinden belediyeyi y\u00f6netmem gerekiyordu. Bunun karar\u0131n\u0131 vermem laz\u0131md\u0131. Ben de liyakatli ve belediyenin kurumsal de\u011ferlerine d\u00f6nmesi i\u00e7in bir tav\u0131r ald\u0131m. Siyasette \u00f6rselenece\u011fim bir s\u00fcrece girecektim ama Konyaalt\u0131 Belediyesi\u2019ni sa\u011flam zeminlere oturtmam laz\u0131md\u0131. Kendimizi Konyaalt\u0131 Belediyesi olarak kendimizi halka emanet ettim\u201d dedi. \u201c2 AYLIK MAA\u015eLAR KRED\u0130LER \u0130LE \u00d6DENM\u0130\u015eT\u0130\u201d Son 3 y\u0131lda Konyaalt\u0131 Belediyesi\u2019nde ya\u015fananlar\u0131n geni\u015f bir \u00f6zetini sunan Kotan, \u201c3 y\u0131l\u0131 \u00f6zetlemek gerekirse. G\u00f6reve geldi\u011fimizde durumuzu \u00e7ok iyi bulmad\u0131k. Bunu a\u00e7\u0131k a\u00e7\u0131k konu\u015fmad\u0131m ama ara ara payla\u015ft\u0131m. \u0130\u015fler ac\u0131s\u0131 bir durumdu. &hellip;\" \/>\n<meta property=\"og:url\" content=\"https:\/\/denizcankizil.tr\/uk\/haberler\/gundem\/cem-kotan-her-sabah-karakola-goturulme-tehlikesi-ile-karsi-karsiyayiz\/\" \/>\n<meta property=\"og:site_name\" content=\"Av. Deniz Can K\u0131z\u0131l\" \/>\n<meta property=\"article:published_time\" content=\"2025-07-03T07:41:52+00:00\" \/>\n<meta name=\"author\" content=\"Antalya K\u00f6rfez\" \/>\n<meta name=\"twitter:card\" content=\"summary_large_image\" \/>\n<meta name=\"twitter:label1\" content=\"\u041d\u0430\u043f\u0438\u0441\u0430\u043d\u043e\" \/>\n\t<meta name=\"twitter:data1\" content=\"Antalya K\u00f6rfez\" \/>\n\t<meta name=\"twitter:label2\" content=\"\u041f\u0440\u0438\u0431\u043b. \u0447\u0430\u0441 \u0447\u0438\u0442\u0430\u043d\u043d\u044f\" \/>\n\t<meta name=\"twitter:data2\" content=\"5 \u0445\u0432\u0438\u043b\u0438\u043d\" \/>\n<script type=\"application\/ld+json\" class=\"yoast-schema-graph\">{\"@context\":\"https:\/\/schema.org\",\"@graph\":[{\"@type\":\"Article\",\"@id\":\"https:\/\/denizcankizil.tr\/uk\/haberler\/gundem\/cem-kotan-her-sabah-karakola-goturulme-tehlikesi-ile-karsi-karsiyayiz\/#article\",\"isPartOf\":{\"@id\":\"https:\/\/denizcankizil.tr\/uk\/haberler\/gundem\/cem-kotan-her-sabah-karakola-goturulme-tehlikesi-ile-karsi-karsiyayiz\/\"},\"author\":{\"name\":\"Antalya K\u00f6rfez\",\"@id\":\"https:\/\/denizcankizil.tr\/de\/#\/schema\/person\/e1eb71bb4dd684d46563f0af307e1234\"},\"headline\":\"Cem Kotan: \u201cHer sabah karakola g\u00f6t\u00fcr\u00fclme tehlikesi ile kar\u015f\u0131 kar\u015f\u0131yay\u0131z\u201d\",\"datePublished\":\"2025-07-03T07:41:52+00:00\",\"mainEntityOfPage\":{\"@id\":\"https:\/\/denizcankizil.tr\/uk\/haberler\/gundem\/cem-kotan-her-sabah-karakola-goturulme-tehlikesi-ile-karsi-karsiyayiz\/\"},\"wordCount\":1012,\"publisher\":{\"@id\":\"https:\/\/denizcankizil.tr\/de\/#organization\"},\"articleSection\":[\"G\u00fcndem\"],\"inLanguage\":\"uk\"},{\"@type\":\"WebPage\",\"@id\":\"https:\/\/denizcankizil.tr\/uk\/haberler\/gundem\/cem-kotan-her-sabah-karakola-goturulme-tehlikesi-ile-karsi-karsiyayiz\/\",\"url\":\"https:\/\/denizcankizil.tr\/uk\/haberler\/gundem\/cem-kotan-her-sabah-karakola-goturulme-tehlikesi-ile-karsi-karsiyayiz\/\",\"name\":\"Cem Kotan: \u201cHer sabah karakola g\u00f6t\u00fcr\u00fclme tehlikesi ile kar\u015f\u0131 kar\u015f\u0131yay\u0131z\u201d - Av. Deniz Can K\u0131z\u0131l\",\"isPartOf\":{\"@id\":\"https:\/\/denizcankizil.tr\/de\/#website\"},\"datePublished\":\"2025-07-03T07:41:52+00:00\",\"breadcrumb\":{\"@id\":\"https:\/\/denizcankizil.tr\/uk\/haberler\/gundem\/cem-kotan-her-sabah-karakola-goturulme-tehlikesi-ile-karsi-karsiyayiz\/#breadcrumb\"},\"inLanguage\":\"uk\",\"potentialAction\":[{\"@type\":\"ReadAction\",\"target\":[\"https:\/\/denizcankizil.tr\/uk\/haberler\/gundem\/cem-kotan-her-sabah-karakola-goturulme-tehlikesi-ile-karsi-karsiyayiz\/\"]}]},{\"@type\":\"BreadcrumbList\",\"@id\":\"https:\/\/denizcankizil.tr\/uk\/haberler\/gundem\/cem-kotan-her-sabah-karakola-goturulme-tehlikesi-ile-karsi-karsiyayiz\/#breadcrumb\",\"itemListElement\":[{\"@type\":\"ListItem\",\"position\":1,\"name\":\"Home\",\"item\":\"https:\/\/denizcankizil.tr\/de\/\"},{\"@type\":\"ListItem\",\"position\":2,\"name\":\"Cem Kotan: \u201cHer sabah karakola g\u00f6t\u00fcr\u00fclme tehlikesi ile kar\u015f\u0131 kar\u015f\u0131yay\u0131z\u201d\"}]},{\"@type\":\"WebSite\",\"@id\":\"https:\/\/denizcankizil.tr\/de\/#website\",\"url\":\"https:\/\/denizcankizil.tr\/de\/\",\"name\":\"Av. Deniz Can K\u0131z\u0131l\",\"description\":\"Avukat Deniz Can K\u0131z\u0131l Antalya Barosu\",\"publisher\":{\"@id\":\"https:\/\/denizcankizil.tr\/de\/#organization\"},\"potentialAction\":[{\"@type\":\"SearchAction\",\"target\":{\"@type\":\"EntryPoint\",\"urlTemplate\":\"https:\/\/denizcankizil.tr\/de\/?s={search_term_string}\"},\"query-input\":{\"@type\":\"PropertyValueSpecification\",\"valueRequired\":true,\"valueName\":\"search_term_string\"}}],\"inLanguage\":\"uk\"},{\"@type\":\"Organization\",\"@id\":\"https:\/\/denizcankizil.tr\/de\/#organization\",\"name\":\"Av. Deniz Can K\u0131z\u0131l\",\"url\":\"https:\/\/denizcankizil.tr\/de\/\",\"logo\":{\"@type\":\"ImageObject\",\"inLanguage\":\"uk\",\"@id\":\"https:\/\/denizcankizil.tr\/de\/#\/schema\/logo\/image\/\",\"url\":\"https:\/\/denizcankizil.tr\/wp-content\/uploads\/2024\/10\/siyah-logo-svg.svg\",\"contentUrl\":\"https:\/\/denizcankizil.tr\/wp-content\/uploads\/2024\/10\/siyah-logo-svg.svg\",\"width\":1080,\"height\":1080,\"caption\":\"Av. Deniz Can K\u0131z\u0131l\"},\"image\":{\"@id\":\"https:\/\/denizcankizil.tr\/de\/#\/schema\/logo\/image\/\"}},{\"@type\":\"Person\",\"@id\":\"https:\/\/denizcankizil.tr\/de\/#\/schema\/person\/e1eb71bb4dd684d46563f0af307e1234\",\"name\":\"Antalya K\u00f6rfez\",\"image\":{\"@type\":\"ImageObject\",\"inLanguage\":\"uk\",\"@id\":\"https:\/\/denizcankizil.tr\/de\/#\/schema\/person\/image\/\",\"url\":\"https:\/\/secure.gravatar.com\/avatar\/42b01982558a48a0b501fdcab6a408d3717ea5919095ee2e67b0e521799c5905?s=96&d=mm&r=g\",\"contentUrl\":\"https:\/\/secure.gravatar.com\/avatar\/42b01982558a48a0b501fdcab6a408d3717ea5919095ee2e67b0e521799c5905?s=96&d=mm&r=g\",\"caption\":\"Antalya K\u00f6rfez\"},\"sameAs\":[\"http:\/\/www.antalyakorfez.com\"],\"url\":\"https:\/\/www.antalyakorfez.com\/cem-kotan-her-sabah-karakola-goturulme-tehlikesi-ile-karsi-karsiyayiz\"}]}<\/script>\n<!-- \/ Yoast SEO Premium plugin. -->","yoast_head_json":{"title":"Cem Kotan: \u201cHer sabah karakola g\u00f6t\u00fcr\u00fclme tehlikesi ile kar\u015f\u0131 kar\u015f\u0131yay\u0131z\u201d - Av. Deniz Can K\u0131z\u0131l","robots":{"index":"index","follow":"follow","max-snippet":"max-snippet:-1","max-image-preview":"max-image-preview:large","max-video-preview":"max-video-preview:-1"},"canonical":"https:\/\/denizcankizil.tr\/uk\/haberler\/gundem\/cem-kotan-her-sabah-karakola-goturulme-tehlikesi-ile-karsi-karsiyayiz\/","og_locale":"uk_UA","og_type":"article","og_title":"Cem Kotan: \u201cHer sabah karakola g\u00f6t\u00fcr\u00fclme tehlikesi ile kar\u015f\u0131 kar\u015f\u0131yay\u0131z\u201d","og_description":"Konyaalt\u0131 Belediye Ba\u015fkan\u0131 Cem Kotan, Kanal V\u2019de yay\u0131nlanan Ali Ta\u015f\u2019\u0131n sunuculu\u011funu yapt\u0131\u011f\u0131 \u2018G\u00fcne Bak\u0131\u015f\u2019 program\u0131na kat\u0131ld\u0131. Kotan burada belediyede ya\u015fan bor\u00e7 krizine ve siyasi gelece\u011fine y\u00f6nelik \u00f6nemli a\u00e7\u0131klamalarda bulundu. \u201cTEHL\u0130KE ALTINDAYIZ \u201c Ba\u015fkan Kotan&#8217;\u0131n ge\u00e7ti\u011fimiz g\u00fcnlerde bir r\u00f6portaj\u0131nda, \u201cKendimi halka emanet ettim&#8221; s\u00f6z\u00fc pek \u00e7ok ki\u015fi taraf\u0131ndan farkl\u0131 \u015fekilde yorumland\u0131. CHP\u2019li her ba\u015fkan\u0131n bir g\u00fcn g\u00f6zalt\u0131na al\u0131nma tehlikesi alt\u0131nda oldu\u011funu ama bu s\u00f6z\u00fc onu kastederek s\u00f6ylemedi\u011fini belirten Kotan, \u201cCumhuriyet Halk Partisi\u2019nin b\u00fct\u00fcn ba\u015fkanlar\u0131 tehdit alt\u0131nda! Her sabah kap\u0131m\u0131z\u0131 t\u0131klat\u0131p, \u2018Sizleri emniyeti davet ediyoruz\u2019 c\u00fcmlesi ile kar\u0131\u015f\u0131labiliriz. Bunlar al\u0131\u015ft\u0131\u011f\u0131m\u0131z \u015feyler ama bu c\u00fcmlenin ya\u015fad\u0131\u011f\u0131m\u0131z olaylarla alakas\u0131 yok. Bu r\u00f6portaj\u0131n i\u00e7inde yaz\u0131yor. Bir tercih yapmak zorundayd\u0131m. Ya siyasi olarak mevcut belediyenin ko\u015fullar\u0131n\u0131n siyasi noktada devam etmesi laz\u0131md\u0131 ya da ger\u00e7ekten belediyecilik ilkleri \u00fczerinden belediyeyi y\u00f6netmem gerekiyordu. Bunun karar\u0131n\u0131 vermem laz\u0131md\u0131. Ben de liyakatli ve belediyenin kurumsal de\u011ferlerine d\u00f6nmesi i\u00e7in bir tav\u0131r ald\u0131m. Siyasette \u00f6rselenece\u011fim bir s\u00fcrece girecektim ama Konyaalt\u0131 Belediyesi\u2019ni sa\u011flam zeminlere oturtmam laz\u0131md\u0131. Kendimizi Konyaalt\u0131 Belediyesi olarak kendimizi halka emanet ettim\u201d dedi. \u201c2 AYLIK MAA\u015eLAR KRED\u0130LER \u0130LE \u00d6DENM\u0130\u015eT\u0130\u201d Son 3 y\u0131lda Konyaalt\u0131 Belediyesi\u2019nde ya\u015fananlar\u0131n geni\u015f bir \u00f6zetini sunan Kotan, \u201c3 y\u0131l\u0131 \u00f6zetlemek gerekirse. G\u00f6reve geldi\u011fimizde durumuzu \u00e7ok iyi bulmad\u0131k. Bunu a\u00e7\u0131k a\u00e7\u0131k konu\u015fmad\u0131m ama ara ara payla\u015ft\u0131m. \u0130\u015fler ac\u0131s\u0131 bir durumdu. &hellip;","og_url":"https:\/\/denizcankizil.tr\/uk\/haberler\/gundem\/cem-kotan-her-sabah-karakola-goturulme-tehlikesi-ile-karsi-karsiyayiz\/","og_site_name":"Av. Deniz Can K\u0131z\u0131l","article_published_time":"2025-07-03T07:41:52+00:00","author":"Antalya K\u00f6rfez","twitter_card":"summary_large_image","twitter_misc":{"\u041d\u0430\u043f\u0438\u0441\u0430\u043d\u043e":"Antalya K\u00f6rfez","\u041f\u0440\u0438\u0431\u043b. \u0447\u0430\u0441 \u0447\u0438\u0442\u0430\u043d\u043d\u044f":"5 \u0445\u0432\u0438\u043b\u0438\u043d"},"schema":{"@context":"https:\/\/schema.org","@graph":[{"@type":"Article","@id":"https:\/\/denizcankizil.tr\/uk\/haberler\/gundem\/cem-kotan-her-sabah-karakola-goturulme-tehlikesi-ile-karsi-karsiyayiz\/#article","isPartOf":{"@id":"https:\/\/denizcankizil.tr\/uk\/haberler\/gundem\/cem-kotan-her-sabah-karakola-goturulme-tehlikesi-ile-karsi-karsiyayiz\/"},"author":{"name":"Antalya K\u00f6rfez","@id":"https:\/\/denizcankizil.tr\/de\/#\/schema\/person\/e1eb71bb4dd684d46563f0af307e1234"},"headline":"Cem Kotan: \u201cHer sabah karakola g\u00f6t\u00fcr\u00fclme tehlikesi ile kar\u015f\u0131 kar\u015f\u0131yay\u0131z\u201d","datePublished":"2025-07-03T07:41:52+00:00","mainEntityOfPage":{"@id":"https:\/\/denizcankizil.tr\/uk\/haberler\/gundem\/cem-kotan-her-sabah-karakola-goturulme-tehlikesi-ile-karsi-karsiyayiz\/"},"wordCount":1012,"publisher":{"@id":"https:\/\/denizcankizil.tr\/de\/#organization"},"articleSection":["G\u00fcndem"],"inLanguage":"uk"},{"@type":"WebPage","@id":"https:\/\/denizcankizil.tr\/uk\/haberler\/gundem\/cem-kotan-her-sabah-karakola-goturulme-tehlikesi-ile-karsi-karsiyayiz\/","url":"https:\/\/denizcankizil.tr\/uk\/haberler\/gundem\/cem-kotan-her-sabah-karakola-goturulme-tehlikesi-ile-karsi-karsiyayiz\/","name":"Cem Kotan: \u201cHer sabah karakola g\u00f6t\u00fcr\u00fclme tehlikesi ile kar\u015f\u0131 kar\u015f\u0131yay\u0131z\u201d - Av. Deniz Can K\u0131z\u0131l","isPartOf":{"@id":"https:\/\/denizcankizil.tr\/de\/#website"},"datePublished":"2025-07-03T07:41:52+00:00","breadcrumb":{"@id":"https:\/\/denizcankizil.tr\/uk\/haberler\/gundem\/cem-kotan-her-sabah-karakola-goturulme-tehlikesi-ile-karsi-karsiyayiz\/#breadcrumb"},"inLanguage":"uk","potentialAction":[{"@type":"ReadAction","target":["https:\/\/denizcankizil.tr\/uk\/haberler\/gundem\/cem-kotan-her-sabah-karakola-goturulme-tehlikesi-ile-karsi-karsiyayiz\/"]}]},{"@type":"BreadcrumbList","@id":"https:\/\/denizcankizil.tr\/uk\/haberler\/gundem\/cem-kotan-her-sabah-karakola-goturulme-tehlikesi-ile-karsi-karsiyayiz\/#breadcrumb","itemListElement":[{"@type":"ListItem","position":1,"name":"Home","item":"https:\/\/denizcankizil.tr\/de\/"},{"@type":"ListItem","position":2,"name":"Cem Kotan: \u201cHer sabah karakola g\u00f6t\u00fcr\u00fclme tehlikesi ile kar\u015f\u0131 kar\u015f\u0131yay\u0131z\u201d"}]},{"@type":"WebSite","@id":"https:\/\/denizcankizil.tr\/de\/#website","url":"https:\/\/denizcankizil.tr\/de\/","name":"Av. Deniz Can K\u0131z\u0131l","description":"Avukat Deniz Can K\u0131z\u0131l Antalya Barosu","publisher":{"@id":"https:\/\/denizcankizil.tr\/de\/#organization"},"potentialAction":[{"@type":"SearchAction","target":{"@type":"EntryPoint","urlTemplate":"https:\/\/denizcankizil.tr\/de\/?s={search_term_string}"},"query-input":{"@type":"PropertyValueSpecification","valueRequired":true,"valueName":"search_term_string"}}],"inLanguage":"uk"},{"@type":"Organization","@id":"https:\/\/denizcankizil.tr\/de\/#organization","name":"Av. Deniz Can K\u0131z\u0131l","url":"https:\/\/denizcankizil.tr\/de\/","logo":{"@type":"ImageObject","inLanguage":"uk","@id":"https:\/\/denizcankizil.tr\/de\/#\/schema\/logo\/image\/","url":"https:\/\/denizcankizil.tr\/wp-content\/uploads\/2024\/10\/siyah-logo-svg.svg","contentUrl":"https:\/\/denizcankizil.tr\/wp-content\/uploads\/2024\/10\/siyah-logo-svg.svg","width":1080,"height":1080,"caption":"Av. Deniz Can K\u0131z\u0131l"},"image":{"@id":"https:\/\/denizcankizil.tr\/de\/#\/schema\/logo\/image\/"}},{"@type":"Person","@id":"https:\/\/denizcankizil.tr\/de\/#\/schema\/person\/e1eb71bb4dd684d46563f0af307e1234","name":"Antalya K\u00f6rfez","image":{"@type":"ImageObject","inLanguage":"uk","@id":"https:\/\/denizcankizil.tr\/de\/#\/schema\/person\/image\/","url":"https:\/\/secure.gravatar.com\/avatar\/42b01982558a48a0b501fdcab6a408d3717ea5919095ee2e67b0e521799c5905?s=96&d=mm&r=g","contentUrl":"https:\/\/secure.gravatar.com\/avatar\/42b01982558a48a0b501fdcab6a408d3717ea5919095ee2e67b0e521799c5905?s=96&d=mm&r=g","caption":"Antalya K\u00f6rfez"},"sameAs":["http:\/\/www.antalyakorfez.com"],"url":"https:\/\/www.antalyakorfez.com\/cem-kotan-her-sabah-karakola-goturulme-tehlikesi-ile-karsi-karsiyayiz"}]}},"_links":{"self":[{"href":"https:\/\/denizcankizil.tr\/uk\/wp-json\/wp\/v2\/posts\/134459","targetHints":{"allow":["GET"]}}],"collection":[{"href":"https:\/\/denizcankizil.tr\/uk\/wp-json\/wp\/v2\/posts"}],"about":[{"href":"https:\/\/denizcankizil.tr\/uk\/wp-json\/wp\/v2\/types\/post"}],"author":[{"embeddable":true,"href":"https:\/\/denizcankizil.tr\/uk\/wp-json\/wp\/v2\/users\/5"}],"replies":[{"embeddable":true,"href":"https:\/\/denizcankizil.tr\/uk\/wp-json\/wp\/v2\/comments?post=134459"}],"version-history":[{"count":0,"href":"https:\/\/denizcankizil.tr\/uk\/wp-json\/wp\/v2\/posts\/134459\/revisions"}],"wp:attachment":[{"href":"https:\/\/denizcankizil.tr\/uk\/wp-json\/wp\/v2\/media?parent=134459"}],"wp:term":[{"taxonomy":"category","embeddable":true,"href":"https:\/\/denizcankizil.tr\/uk\/wp-json\/wp\/v2\/categories?post=134459"},{"taxonomy":"post_tag","embeddable":true,"href":"https:\/\/denizcankizil.tr\/uk\/wp-json\/wp\/v2\/tags?post=134459"}],"curies":[{"name":"wp","href":"https:\/\/api.w.org\/{rel}","templated":true}]}}