{"id":134456,"date":"2025-07-03T10:41:39","date_gmt":"2025-07-03T07:41:39","guid":{"rendered":"https:\/\/denizcankizil.tr\/uncategorized-tr\/ruslar-ilk-tercihini-yine-antalyadan-yana-kullandi-625-milyon-turist\/"},"modified":"2025-07-03T10:41:39","modified_gmt":"2025-07-03T07:41:39","slug":"ruslar-ilk-tercihini-yine-antalyadan-yana-kullandi-625-milyon-turist","status":"publish","type":"post","link":"https:\/\/denizcankizil.tr\/uk\/haberler\/antalya\/ruslar-ilk-tercihini-yine-antalyadan-yana-kullandi-625-milyon-turist\/","title":{"rendered":"Ruslar \u0130lk Tercihini Yine Antalya\u2019dan Yana Kulland\u0131: 6,25 Milyon Turist"},"content":{"rendered":"<p>\u00a0En \u00e7ok turist gelen \u00fclkelerin Rusya, Almanya, \u0130ngiltere ve Polonya oldu\u011funu belirten Kavalo\u011flu, \u201cRuslar\u0131n a\u00e7\u0131k ara tercih etti\u011fi ilk destinasyon T\u00fcrkiye ve Antalya&#8221; dedi.<\/p>\n<p>AKTOB Ba\u015fkan\u0131 Kaan Ka\u015fif Kavalo\u011flu, \u00e7ok g\u00fczel ama \u00e7ok zor bir co\u011frafyada turizm faaliyetinde bulunduklar\u0131n\u0131 s\u00f6yledi. Turizmin milli bir sekt\u00f6r oldu\u011funu aktaran Kavalo\u011flu, &#8220;Genellikle siyasetin \u00fczerinde olmas\u0131 gerekiyor ama etraf\u0131m\u0131zdaki sava\u015flar, gerginlikler turizmi ciddi anlamda etkiliyor. T\u00fcm bunlara ra\u011fmen 30 Haziran rakamlar\u0131, Antalya&#8217;da 6 milyon 250 bin ki\u015fiyi ge\u00e7ti. Hemen hemen ge\u00e7en seneyle ayn\u0131 rakamlarda. Bu senenin ba\u015f\u0131nda 18 milyon hedefi koymu\u015ftuk. Tabii ki bu gerginliklerden, sava\u015f ortam\u0131ndan sonra yeni hedefimiz ge\u00e7en seneki say\u0131n\u0131n tutmas\u0131 ve \u00f6n\u00fcne ge\u00e7memiz. Dolay\u0131s\u0131yla ge\u00e7en sene elde etti\u011fimiz 17 milyonun ger\u00e7ekle\u015fmesi bizi ciddi anlamda mutlu edecek&#8221; dedi.<\/p>\n<p>\u2018EN DE\u011eERL\u0130 \u0130K\u0130 AY TEMMUZ-A\u011eUSTOS\u2019<\/p>\n<p>Temmuz ve a\u011fustosun turizm sekt\u00f6r\u00fc i\u00e7in \u00e7ok de\u011ferli iki ay oldu\u011funu s\u00f6yleyen Kavalo\u011flu, \u201cGe\u00e7en sene temmuz ay\u0131nda Antalya&#8217;ya yakla\u015f\u0131k 2 milyon 800 bin ki\u015fi geldi. Bu rakama ula\u015fmam\u0131z temel hedefimiz. \u00c7\u00fcnk\u00fc y\u00fcksek sezon diye adland\u0131rd\u0131\u011f\u0131m\u0131z bu iki ay, karl\u0131l\u0131klar\u0131m\u0131z\u0131n neredeyse y\u00fczde 50&#8217;den daha fazlas\u0131n\u0131 yapt\u0131\u011f\u0131m\u0131z d\u00f6nem. Haziran, temmuz, a\u011fustos ve eyl\u00fcl aylar\u0131, karl\u0131l\u0131klar\u0131m\u0131z\u0131n y\u00fczde 80-85&#8217;ini olu\u015fturuyor. Ama temmuz a\u011fustos hemen hemen yar\u0131s\u0131n\u0131 yapt\u0131\u011f\u0131m\u0131z iki ay. Dolay\u0131s\u0131yla bu iki aydaki performans\u0131m\u0131z b\u00fct\u00fcn y\u0131ll\u0131 belirleyecek diyebilirim&#8221; diye konu\u015ftu.<\/p>\n<p>\u2018TUR\u0130ST\u0130N Y\u00dcZDE 10-15&#8217;\u0130 OTELLERDE KONAKLAMIYOR\u2019<\/p>\n<p>Y\u0131l\u0131n ilk 6 ayl\u0131k d\u00f6neminde her \u015feye ra\u011fmen ge\u00e7en seneyle ayn\u0131 rakam\u0131 elde etmekten mutlu olduklar\u0131n\u0131 kaydeden AKTOB Ba\u015fkan\u0131 Kavalo\u011flu, \u201cBir de \u015funu g\u00f6zden ka\u00e7\u0131rmamak laz\u0131m. Elimizde olmayan baz\u0131 sebepler var. Yani konaklamalarda 2023&#8217;e g\u00f6re 2024&#8217;te bir tam g\u00fcne yak\u0131n yabanc\u0131lar\u0131n konaklamas\u0131 azalm\u0131\u015ft\u0131. Yani gecelemelerde de azalma var. Gelen turistin yakla\u015f\u0131k y\u00fczde 10-15&#8217;i otellerde konaklam\u0131yor, farkl\u0131 yerlerde konakl\u0131yor. Turizm konutlar\u0131nda, kendi konutlar\u0131nda konaklayanlar var. Dolay\u0131s\u0131yla b\u00f6yle bir rakam\u0131n otellerde konaklamad\u0131\u011f\u0131n\u0131 d\u00fc\u015f\u00fcn\u00fcrsek, doluluklarda baz\u0131 b\u00f6lgelerde ciddi problem ya\u015fan\u0131yor. Ama Antalya&#8217;n\u0131n geneline bak\u0131ld\u0131\u011f\u0131nda bu problem yok gibi g\u00f6z\u00fck\u00fcyor. Baz\u0131 b\u00f6lgelerde doluluklar ge\u00e7en seneye g\u00f6re daha d\u00fc\u015f\u00fck seyrediyor&#8221; dedi.<\/p>\n<p>&#8216;\u0130K\u0130 BAYRAMLI HAZ\u0130RAN AYI BA\u015eARILI GE\u00c7T\u0130&#8217;<\/p>\n<p>Haziran\u0131n nisan gibi ba\u015far\u0131l\u0131 bir ay oldu\u011funu ifade eden Kavalo\u011flu, \u201cNeden ba\u015far\u0131l\u0131 bir ay? Nisan ay\u0131 biliyorsunuz Ramazan Bayram\u0131 ve Paskalya ile pe\u015f pe\u015fe gelmi\u015fti. Haziranda Kurban Bayram\u0131 ile Almanlar\u0131n Yortu bayram\u0131 dedi\u011fimiz Pfingsten tatilleri ayn\u0131 periyoda geldi. Ge\u00e7en sene 3 Haziran&#8217;da Alman tur operat\u00f6r\u00fc FTI iflas\u0131n\u0131 vermi\u015fti. O d\u00f6nemde 3&#8217;\u00fc ile 10&#8217;u aras\u0131ndaki turistleri a\u011f\u0131rlad\u0131k ama FTI arac\u0131l\u0131\u011f\u0131yla rezervasyon yapt\u0131ran turistler haziran ay\u0131nda gelememi\u015fti. Bir de 15 Haziran- 15 Temmuz aras\u0131nda Avrupa Futbol \u015eampiyonas\u0131 Almanya&#8217;da d\u00fczenlendi\u011fi i\u00e7in yine Alman geli\u015flerinde azalma olmu\u015ftu. Dolay\u0131s\u0131yla bu haziran ay\u0131nda sava\u015f hali haricinde \u00e7ok b\u00fcy\u00fck problem ya\u015famad\u0131k, kafa kafaya \u00e7\u0131kt\u0131k&#8221; diye konu\u015ftu.<\/p>\n<p>\u2018EYL\u00dcL-EK\u0130M AYLARI DA \u0130Y\u0130 G\u00d6Z\u00dcK\u00dcYOR\u2019<\/p>\n<p>Haziran sonu itibar\u0131yla gelen 6 milyon 250 bin turist rakam\u0131n\u0131 \u00e7ok \u00f6nemsedi\u011fini dile getiren Kavalo\u011flu, \u201c\u00c7\u00fcnk\u00fc b\u00fct\u00fcn zorluklara ra\u011fmen bu ge\u00e7en senenin alt\u0131na d\u00fc\u015fmememiz bizim i\u00e7in \u00e7ok de\u011ferli. Ama performans\u0131m\u0131zdaki ba\u015far\u0131y\u0131 temmuz- a\u011fustos aylar\u0131 belirleyecek. Eyl\u00fcl- ekim \u00e7ok g\u00fczel g\u00f6z\u00fck\u00fcyor. Kas\u0131m ay\u0131nda sezonun uzayaca\u011f\u0131n\u0131 d\u00fc\u015f\u00fcn\u00fcyoruz. Kas\u0131m\u0131n sonuna kadar sezon uzayacak. \u0130klim \u015fartlar\u0131 da buna el verecekmi\u015f gibi g\u00f6z\u00fck\u00fcyor&#8221; dedi.<\/p>\n<p>\u2018TUR\u0130ZMDE \u00c7OK C\u0130DD\u0130 D\u0130RAYET VAR\u2019<\/p>\n<p>Antalya&#8217;n\u0131n 1 numaral\u0131 pazar\u0131 Rusya ile eskiden \u00fc\u00e7 numaral\u0131 pazar olan Ukrayna aras\u0131ndaki sava\u015f\u0131n devam etmesine de de\u011finen Kavalo\u011flu, \u201cRakibimiz olan \u00fclkelerden herhangi biri, bizim ya\u015fad\u0131\u011f\u0131m\u0131z \u00fc\u00e7l\u00fc, d\u00f6rtl\u00fc, be\u015fli problemlerin sadece birini bile ya\u015fasa iki y\u0131l kendine gelemez. Bizim turizmde \u00e7ok ciddi dirayetimiz var diyorsak, turizm yat\u0131r\u0131mc\u0131s\u0131yla, \u00e7al\u0131\u015fan\u0131yla, kamuyla, belediyeyle, yerel y\u00f6netimle, merkezi y\u00f6netimle, turizmin ba\u015far\u0131s\u0131n\u0131n ana kayna\u011f\u0131nda, ana omurgas\u0131nda bu dirayet var. Tabii her d\u00f6nem zorluklar\u0131n seviyesi artt\u0131k\u00e7a \u00e7ok b\u00fcy\u00fck problemleri birlikte atlatabilmi\u015f bir sekt\u00f6r\u00fcz. Ama \u015fimdi \u0130srail-\u0130ran gerilimi, \u0130srail&#8217;in Filistin&#8217;e sald\u0131r\u0131lar\u0131 halen devam etti\u011fi i\u00e7in a\u00e7\u0131k\u00e7as\u0131 zor bir d\u00f6neme girdik. Rusya-Ukrayna sava\u015f\u0131n\u0131n devam ediyor olmas\u0131 zaten \u00e7ok b\u00fcy\u00fck bir problem. \u00c7\u00fcnk\u00fc bizim i\u00e7in \u00e7ok \u00f6nemli bir kaynak pazar&#8221; ifadelerini kulland\u0131.<\/p>\n<p>\u2018RUSLARIN \u0130LK TERC\u0130H\u0130 T\u00dcRK\u0130YE VE ANTALYA\u2019<\/p>\n<p>Ruslar\u0131n a\u00e7\u0131k ara tercih ettikleri ilk destinasyonun T\u00fcrkiye ve Antalya oldu\u011funu da belirten Kaan Kavalo\u011flu, \u015funlar\u0131 s\u00f6yledi:<\/p>\n<p>\u201cBiz Avrupa&#8217;da ne \u0130ngiltere&#8217;nin ne Almanya&#8217;n\u0131n, yani bizim i\u00e7in \u00f6nemli pazarlar\u0131n birinci s\u0131rada tercih ettikleri destinasyon de\u011filiz. Ama Ruslar\u0131n, Ukraynal\u0131lar\u0131n 1 numaral\u0131 destinasyonuyuz. Ayr\u0131ca y\u00fcz\u00fcm\u00fcz\u00fc g\u00fcld\u00fcren Polonya ve \u0130ngiltere rakamlar\u0131 iyi geliyor. Ama hem Rusya hem Almanya&#8217;dan bekledi\u011fimiz art\u0131\u015f\u0131 halen yapabilmi\u015f de\u011filiz. Onun i\u00e7in temmuz ay\u0131 \u00e7ok de\u011ferli ve \u00f6nemli diyorum. Haziran sonu itibar\u0131yla Rusya ile Almanya ba\u015f\u0131 \u00e7ekiyor. \u00dc\u00e7\u00fcnc\u00fc s\u0131rada \u0130ngiltere, sonra Polonya geliyor.&#8221;<\/p>\n<p>Kaynak: www.kanalv.com.tr Haber Sitesinden Al\u0131nm\u0131\u015ft\u0131r.<\/p>","protected":false},"excerpt":{"rendered":"<p>\u00a0En \u00e7ok turist gelen \u00fclkelerin Rusya, Almanya, \u0130ngiltere ve Polonya oldu\u011funu belirten Kavalo\u011flu, \u201cRuslar\u0131n a\u00e7\u0131k ara tercih etti\u011fi ilk destinasyon T\u00fcrkiye ve Antalya&#8221; dedi. AKTOB Ba\u015fkan\u0131 Kaan Ka\u015fif Kavalo\u011flu, \u00e7ok g\u00fczel ama \u00e7ok zor bir co\u011frafyada turizm faaliyetinde bulunduklar\u0131n\u0131 s\u00f6yledi. Turizmin milli bir sekt\u00f6r oldu\u011funu aktaran Kavalo\u011flu, &#8220;Genellikle siyasetin \u00fczerinde olmas\u0131 gerekiyor ama etraf\u0131m\u0131zdaki sava\u015flar, gerginlikler turizmi ciddi anlamda etkiliyor. T\u00fcm bunlara ra\u011fmen 30 Haziran rakamlar\u0131, Antalya&#8217;da 6 milyon 250 bin ki\u015fiyi ge\u00e7ti. Hemen hemen ge\u00e7en seneyle ayn\u0131 rakamlarda. Bu senenin ba\u015f\u0131nda 18 milyon hedefi koymu\u015ftuk. Tabii ki bu gerginliklerden, sava\u015f ortam\u0131ndan sonra yeni hedefimiz ge\u00e7en seneki say\u0131n\u0131n tutmas\u0131 ve \u00f6n\u00fcne ge\u00e7memiz. Dolay\u0131s\u0131yla ge\u00e7en sene elde etti\u011fimiz 17 milyonun ger\u00e7ekle\u015fmesi bizi ciddi anlamda mutlu edecek&#8221; dedi. \u2018EN DE\u011eERL\u0130 \u0130K\u0130 AY TEMMUZ-A\u011eUSTOS\u2019 Temmuz ve a\u011fustosun turizm sekt\u00f6r\u00fc i\u00e7in \u00e7ok de\u011ferli iki ay oldu\u011funu s\u00f6yleyen Kavalo\u011flu, \u201cGe\u00e7en sene temmuz ay\u0131nda Antalya&#8217;ya yakla\u015f\u0131k 2 milyon 800 bin ki\u015fi geldi. Bu rakama ula\u015fmam\u0131z temel hedefimiz. \u00c7\u00fcnk\u00fc y\u00fcksek sezon diye adland\u0131rd\u0131\u011f\u0131m\u0131z bu iki ay, karl\u0131l\u0131klar\u0131m\u0131z\u0131n neredeyse y\u00fczde 50&#8217;den daha fazlas\u0131n\u0131 yapt\u0131\u011f\u0131m\u0131z d\u00f6nem. Haziran, temmuz, a\u011fustos ve eyl\u00fcl aylar\u0131, karl\u0131l\u0131klar\u0131m\u0131z\u0131n y\u00fczde 80-85&#8217;ini olu\u015fturuyor. Ama temmuz a\u011fustos hemen hemen yar\u0131s\u0131n\u0131 yapt\u0131\u011f\u0131m\u0131z iki ay. Dolay\u0131s\u0131yla bu iki aydaki performans\u0131m\u0131z b\u00fct\u00fcn y\u0131ll\u0131 belirleyecek diyebilirim&#8221; diye konu\u015ftu. \u2018TUR\u0130ST\u0130N Y\u00dcZDE 10-15&#8217;\u0130 &hellip;<\/p>","protected":false},"author":4,"featured_media":134457,"comment_status":"","ping_status":"open","sticky":false,"template":"","format":"standard","meta":{"_acf_changed":false,"footnotes":""},"categories":[26],"tags":[],"class_list":["post-134456","post","type-post","status-publish","format-standard","has-post-thumbnail","hentry","category-antalya"],"acf":[],"yoast_head":"<!-- This site is optimized with the Yoast SEO Premium plugin v26.6 (Yoast SEO v27.1.1) - https:\/\/yoast.com\/product\/yoast-seo-premium-wordpress\/ -->\n<title>Ruslar \u0130lk Tercihini Yine Antalya\u2019dan Yana Kulland\u0131: 6,25 Milyon Turist - Av. Deniz Can K\u0131z\u0131l<\/title>\n<meta name=\"robots\" content=\"index, follow, max-snippet:-1, max-image-preview:large, max-video-preview:-1\" \/>\n<link rel=\"canonical\" href=\"https:\/\/denizcankizil.tr\/uk\/haberler\/antalya\/ruslar-ilk-tercihini-yine-antalyadan-yana-kullandi-625-milyon-turist\/\" \/>\n<meta property=\"og:locale\" content=\"uk_UA\" \/>\n<meta property=\"og:type\" content=\"article\" \/>\n<meta property=\"og:title\" content=\"Ruslar \u0130lk Tercihini Yine Antalya\u2019dan Yana Kulland\u0131: 6,25 Milyon Turist\" \/>\n<meta property=\"og:description\" content=\"\u00a0En \u00e7ok turist gelen \u00fclkelerin Rusya, Almanya, \u0130ngiltere ve Polonya oldu\u011funu belirten Kavalo\u011flu, \u201cRuslar\u0131n a\u00e7\u0131k ara tercih etti\u011fi ilk destinasyon T\u00fcrkiye ve Antalya&#8221; dedi. AKTOB Ba\u015fkan\u0131 Kaan Ka\u015fif Kavalo\u011flu, \u00e7ok g\u00fczel ama \u00e7ok zor bir co\u011frafyada turizm faaliyetinde bulunduklar\u0131n\u0131 s\u00f6yledi. Turizmin milli bir sekt\u00f6r oldu\u011funu aktaran Kavalo\u011flu, &#8220;Genellikle siyasetin \u00fczerinde olmas\u0131 gerekiyor ama etraf\u0131m\u0131zdaki sava\u015flar, gerginlikler turizmi ciddi anlamda etkiliyor. T\u00fcm bunlara ra\u011fmen 30 Haziran rakamlar\u0131, Antalya&#8217;da 6 milyon 250 bin ki\u015fiyi ge\u00e7ti. Hemen hemen ge\u00e7en seneyle ayn\u0131 rakamlarda. Bu senenin ba\u015f\u0131nda 18 milyon hedefi koymu\u015ftuk. Tabii ki bu gerginliklerden, sava\u015f ortam\u0131ndan sonra yeni hedefimiz ge\u00e7en seneki say\u0131n\u0131n tutmas\u0131 ve \u00f6n\u00fcne ge\u00e7memiz. Dolay\u0131s\u0131yla ge\u00e7en sene elde etti\u011fimiz 17 milyonun ger\u00e7ekle\u015fmesi bizi ciddi anlamda mutlu edecek&#8221; dedi. \u2018EN DE\u011eERL\u0130 \u0130K\u0130 AY TEMMUZ-A\u011eUSTOS\u2019 Temmuz ve a\u011fustosun turizm sekt\u00f6r\u00fc i\u00e7in \u00e7ok de\u011ferli iki ay oldu\u011funu s\u00f6yleyen Kavalo\u011flu, \u201cGe\u00e7en sene temmuz ay\u0131nda Antalya&#8217;ya yakla\u015f\u0131k 2 milyon 800 bin ki\u015fi geldi. Bu rakama ula\u015fmam\u0131z temel hedefimiz. \u00c7\u00fcnk\u00fc y\u00fcksek sezon diye adland\u0131rd\u0131\u011f\u0131m\u0131z bu iki ay, karl\u0131l\u0131klar\u0131m\u0131z\u0131n neredeyse y\u00fczde 50&#8217;den daha fazlas\u0131n\u0131 yapt\u0131\u011f\u0131m\u0131z d\u00f6nem. Haziran, temmuz, a\u011fustos ve eyl\u00fcl aylar\u0131, karl\u0131l\u0131klar\u0131m\u0131z\u0131n y\u00fczde 80-85&#8217;ini olu\u015fturuyor. Ama temmuz a\u011fustos hemen hemen yar\u0131s\u0131n\u0131 yapt\u0131\u011f\u0131m\u0131z iki ay. Dolay\u0131s\u0131yla bu iki aydaki performans\u0131m\u0131z b\u00fct\u00fcn y\u0131ll\u0131 belirleyecek diyebilirim&#8221; diye konu\u015ftu. \u2018TUR\u0130ST\u0130N Y\u00dcZDE 10-15&#8217;\u0130 &hellip;\" \/>\n<meta property=\"og:url\" content=\"https:\/\/denizcankizil.tr\/uk\/haberler\/antalya\/ruslar-ilk-tercihini-yine-antalyadan-yana-kullandi-625-milyon-turist\/\" \/>\n<meta property=\"og:site_name\" content=\"Av. Deniz Can K\u0131z\u0131l\" \/>\n<meta property=\"article:published_time\" content=\"2025-07-03T07:41:39+00:00\" \/>\n<meta property=\"og:image\" content=\"https:\/\/denizcankizil.tr\/wp-content\/uploads\/2025\/07\/web-gorsel-boyut-13-g5sZQt.png\" \/>\n\t<meta property=\"og:image:width\" content=\"1280\" \/>\n\t<meta property=\"og:image:height\" content=\"720\" \/>\n\t<meta property=\"og:image:type\" content=\"image\/png\" \/>\n<meta name=\"author\" content=\"Av. Deniz Can K\u0131z\u0131l\" \/>\n<meta name=\"twitter:card\" content=\"summary_large_image\" \/>\n<meta name=\"twitter:label1\" content=\"\u041d\u0430\u043f\u0438\u0441\u0430\u043d\u043e\" \/>\n\t<meta name=\"twitter:data1\" content=\"Av. Deniz Can K\u0131z\u0131l\" \/>\n\t<meta name=\"twitter:label2\" content=\"\u041f\u0440\u0438\u0431\u043b. \u0447\u0430\u0441 \u0447\u0438\u0442\u0430\u043d\u043d\u044f\" \/>\n\t<meta name=\"twitter:data2\" content=\"5 \u0445\u0432\u0438\u043b\u0438\u043d\" \/>\n<script type=\"application\/ld+json\" class=\"yoast-schema-graph\">{\"@context\":\"https:\/\/schema.org\",\"@graph\":[{\"@type\":\"Article\",\"@id\":\"https:\/\/denizcankizil.tr\/uk\/haberler\/antalya\/ruslar-ilk-tercihini-yine-antalyadan-yana-kullandi-625-milyon-turist\/#article\",\"isPartOf\":{\"@id\":\"https:\/\/denizcankizil.tr\/uk\/haberler\/antalya\/ruslar-ilk-tercihini-yine-antalyadan-yana-kullandi-625-milyon-turist\/\"},\"author\":{\"name\":\"Av. Deniz Can K\u0131z\u0131l\",\"@id\":\"https:\/\/denizcankizil.tr\/#\/schema\/person\/5dc1b22991bd7ac833867c10afc9b0ff\"},\"headline\":\"Ruslar \u0130lk Tercihini Yine Antalya\u2019dan Yana Kulland\u0131: 6,25 Milyon Turist\",\"datePublished\":\"2025-07-03T07:41:39+00:00\",\"mainEntityOfPage\":{\"@id\":\"https:\/\/denizcankizil.tr\/uk\/haberler\/antalya\/ruslar-ilk-tercihini-yine-antalyadan-yana-kullandi-625-milyon-turist\/\"},\"wordCount\":984,\"publisher\":{\"@id\":\"https:\/\/denizcankizil.tr\/#organization\"},\"image\":{\"@id\":\"https:\/\/denizcankizil.tr\/uk\/haberler\/antalya\/ruslar-ilk-tercihini-yine-antalyadan-yana-kullandi-625-milyon-turist\/#primaryimage\"},\"thumbnailUrl\":\"https:\/\/denizcankizil.tr\/wp-content\/uploads\/2025\/07\/web-gorsel-boyut-13-g5sZQt.png\",\"articleSection\":[\"Antalya\"],\"inLanguage\":\"uk\"},{\"@type\":\"WebPage\",\"@id\":\"https:\/\/denizcankizil.tr\/uk\/haberler\/antalya\/ruslar-ilk-tercihini-yine-antalyadan-yana-kullandi-625-milyon-turist\/\",\"url\":\"https:\/\/denizcankizil.tr\/uk\/haberler\/antalya\/ruslar-ilk-tercihini-yine-antalyadan-yana-kullandi-625-milyon-turist\/\",\"name\":\"Ruslar \u0130lk Tercihini Yine Antalya\u2019dan Yana Kulland\u0131: 6,25 Milyon Turist - Av. Deniz Can K\u0131z\u0131l\",\"isPartOf\":{\"@id\":\"https:\/\/denizcankizil.tr\/#website\"},\"primaryImageOfPage\":{\"@id\":\"https:\/\/denizcankizil.tr\/uk\/haberler\/antalya\/ruslar-ilk-tercihini-yine-antalyadan-yana-kullandi-625-milyon-turist\/#primaryimage\"},\"image\":{\"@id\":\"https:\/\/denizcankizil.tr\/uk\/haberler\/antalya\/ruslar-ilk-tercihini-yine-antalyadan-yana-kullandi-625-milyon-turist\/#primaryimage\"},\"thumbnailUrl\":\"https:\/\/denizcankizil.tr\/wp-content\/uploads\/2025\/07\/web-gorsel-boyut-13-g5sZQt.png\",\"datePublished\":\"2025-07-03T07:41:39+00:00\",\"breadcrumb\":{\"@id\":\"https:\/\/denizcankizil.tr\/uk\/haberler\/antalya\/ruslar-ilk-tercihini-yine-antalyadan-yana-kullandi-625-milyon-turist\/#breadcrumb\"},\"inLanguage\":\"uk\",\"potentialAction\":[{\"@type\":\"ReadAction\",\"target\":[\"https:\/\/denizcankizil.tr\/uk\/haberler\/antalya\/ruslar-ilk-tercihini-yine-antalyadan-yana-kullandi-625-milyon-turist\/\"]}]},{\"@type\":\"ImageObject\",\"inLanguage\":\"uk\",\"@id\":\"https:\/\/denizcankizil.tr\/uk\/haberler\/antalya\/ruslar-ilk-tercihini-yine-antalyadan-yana-kullandi-625-milyon-turist\/#primaryimage\",\"url\":\"https:\/\/denizcankizil.tr\/wp-content\/uploads\/2025\/07\/web-gorsel-boyut-13-g5sZQt.png\",\"contentUrl\":\"https:\/\/denizcankizil.tr\/wp-content\/uploads\/2025\/07\/web-gorsel-boyut-13-g5sZQt.png\",\"width\":1280,\"height\":720},{\"@type\":\"BreadcrumbList\",\"@id\":\"https:\/\/denizcankizil.tr\/uk\/haberler\/antalya\/ruslar-ilk-tercihini-yine-antalyadan-yana-kullandi-625-milyon-turist\/#breadcrumb\",\"itemListElement\":[{\"@type\":\"ListItem\",\"position\":1,\"name\":\"Home\",\"item\":\"https:\/\/denizcankizil.tr\/de\/\"},{\"@type\":\"ListItem\",\"position\":2,\"name\":\"Ruslar \u0130lk Tercihini Yine Antalya\u2019dan Yana Kulland\u0131: 6,25 Milyon Turist\"}]},{\"@type\":\"WebSite\",\"@id\":\"https:\/\/denizcankizil.tr\/#website\",\"url\":\"https:\/\/denizcankizil.tr\/\",\"name\":\"Av. Deniz Can K\u0131z\u0131l\",\"description\":\"Avukat Deniz Can K\u0131z\u0131l Antalya Barosu\",\"publisher\":{\"@id\":\"https:\/\/denizcankizil.tr\/#organization\"},\"potentialAction\":[{\"@type\":\"SearchAction\",\"target\":{\"@type\":\"EntryPoint\",\"urlTemplate\":\"https:\/\/denizcankizil.tr\/?s={search_term_string}\"},\"query-input\":{\"@type\":\"PropertyValueSpecification\",\"valueRequired\":true,\"valueName\":\"search_term_string\"}}],\"inLanguage\":\"uk\"},{\"@type\":\"Organization\",\"@id\":\"https:\/\/denizcankizil.tr\/#organization\",\"name\":\"Av. Deniz Can K\u0131z\u0131l\",\"url\":\"https:\/\/denizcankizil.tr\/\",\"logo\":{\"@type\":\"ImageObject\",\"inLanguage\":\"uk\",\"@id\":\"https:\/\/denizcankizil.tr\/#\/schema\/logo\/image\/\",\"url\":\"https:\/\/denizcankizil.tr\/wp-content\/uploads\/2024\/10\/siyah-logo-svg.svg\",\"contentUrl\":\"https:\/\/denizcankizil.tr\/wp-content\/uploads\/2024\/10\/siyah-logo-svg.svg\",\"width\":1080,\"height\":1080,\"caption\":\"Av. Deniz Can K\u0131z\u0131l\"},\"image\":{\"@id\":\"https:\/\/denizcankizil.tr\/#\/schema\/logo\/image\/\"}},{\"@type\":\"Person\",\"@id\":\"https:\/\/denizcankizil.tr\/#\/schema\/person\/5dc1b22991bd7ac833867c10afc9b0ff\",\"name\":\"Av. Deniz Can K\u0131z\u0131l\",\"image\":{\"@type\":\"ImageObject\",\"inLanguage\":\"uk\",\"@id\":\"https:\/\/denizcankizil.tr\/#\/schema\/person\/image\/\",\"url\":\"https:\/\/secure.gravatar.com\/avatar\/a0b128fb9855c79efc976d5640eedb31dc35ec297594d6016d2cf7c60e975bb6?s=96&d=mm&r=g\",\"contentUrl\":\"https:\/\/secure.gravatar.com\/avatar\/a0b128fb9855c79efc976d5640eedb31dc35ec297594d6016d2cf7c60e975bb6?s=96&d=mm&r=g\",\"caption\":\"Av. Deniz Can K\u0131z\u0131l\"},\"sameAs\":[\"http:\/\/www.denizcankizil.tr\"],\"url\":\"https:\/\/denizcankizil.tr\/uk\/author\/denizcankizil\/\"}]}<\/script>\n<!-- \/ Yoast SEO Premium plugin. -->","yoast_head_json":{"title":"Ruslar \u0130lk Tercihini Yine Antalya\u2019dan Yana Kulland\u0131: 6,25 Milyon Turist - Av. Deniz Can K\u0131z\u0131l","robots":{"index":"index","follow":"follow","max-snippet":"max-snippet:-1","max-image-preview":"max-image-preview:large","max-video-preview":"max-video-preview:-1"},"canonical":"https:\/\/denizcankizil.tr\/uk\/haberler\/antalya\/ruslar-ilk-tercihini-yine-antalyadan-yana-kullandi-625-milyon-turist\/","og_locale":"uk_UA","og_type":"article","og_title":"Ruslar \u0130lk Tercihini Yine Antalya\u2019dan Yana Kulland\u0131: 6,25 Milyon Turist","og_description":"\u00a0En \u00e7ok turist gelen \u00fclkelerin Rusya, Almanya, \u0130ngiltere ve Polonya oldu\u011funu belirten Kavalo\u011flu, \u201cRuslar\u0131n a\u00e7\u0131k ara tercih etti\u011fi ilk destinasyon T\u00fcrkiye ve Antalya&#8221; dedi. AKTOB Ba\u015fkan\u0131 Kaan Ka\u015fif Kavalo\u011flu, \u00e7ok g\u00fczel ama \u00e7ok zor bir co\u011frafyada turizm faaliyetinde bulunduklar\u0131n\u0131 s\u00f6yledi. Turizmin milli bir sekt\u00f6r oldu\u011funu aktaran Kavalo\u011flu, &#8220;Genellikle siyasetin \u00fczerinde olmas\u0131 gerekiyor ama etraf\u0131m\u0131zdaki sava\u015flar, gerginlikler turizmi ciddi anlamda etkiliyor. T\u00fcm bunlara ra\u011fmen 30 Haziran rakamlar\u0131, Antalya&#8217;da 6 milyon 250 bin ki\u015fiyi ge\u00e7ti. Hemen hemen ge\u00e7en seneyle ayn\u0131 rakamlarda. Bu senenin ba\u015f\u0131nda 18 milyon hedefi koymu\u015ftuk. Tabii ki bu gerginliklerden, sava\u015f ortam\u0131ndan sonra yeni hedefimiz ge\u00e7en seneki say\u0131n\u0131n tutmas\u0131 ve \u00f6n\u00fcne ge\u00e7memiz. Dolay\u0131s\u0131yla ge\u00e7en sene elde etti\u011fimiz 17 milyonun ger\u00e7ekle\u015fmesi bizi ciddi anlamda mutlu edecek&#8221; dedi. \u2018EN DE\u011eERL\u0130 \u0130K\u0130 AY TEMMUZ-A\u011eUSTOS\u2019 Temmuz ve a\u011fustosun turizm sekt\u00f6r\u00fc i\u00e7in \u00e7ok de\u011ferli iki ay oldu\u011funu s\u00f6yleyen Kavalo\u011flu, \u201cGe\u00e7en sene temmuz ay\u0131nda Antalya&#8217;ya yakla\u015f\u0131k 2 milyon 800 bin ki\u015fi geldi. Bu rakama ula\u015fmam\u0131z temel hedefimiz. \u00c7\u00fcnk\u00fc y\u00fcksek sezon diye adland\u0131rd\u0131\u011f\u0131m\u0131z bu iki ay, karl\u0131l\u0131klar\u0131m\u0131z\u0131n neredeyse y\u00fczde 50&#8217;den daha fazlas\u0131n\u0131 yapt\u0131\u011f\u0131m\u0131z d\u00f6nem. Haziran, temmuz, a\u011fustos ve eyl\u00fcl aylar\u0131, karl\u0131l\u0131klar\u0131m\u0131z\u0131n y\u00fczde 80-85&#8217;ini olu\u015fturuyor. Ama temmuz a\u011fustos hemen hemen yar\u0131s\u0131n\u0131 yapt\u0131\u011f\u0131m\u0131z iki ay. Dolay\u0131s\u0131yla bu iki aydaki performans\u0131m\u0131z b\u00fct\u00fcn y\u0131ll\u0131 belirleyecek diyebilirim&#8221; diye konu\u015ftu. \u2018TUR\u0130ST\u0130N Y\u00dcZDE 10-15&#8217;\u0130 &hellip;","og_url":"https:\/\/denizcankizil.tr\/uk\/haberler\/antalya\/ruslar-ilk-tercihini-yine-antalyadan-yana-kullandi-625-milyon-turist\/","og_site_name":"Av. Deniz Can K\u0131z\u0131l","article_published_time":"2025-07-03T07:41:39+00:00","og_image":[{"width":1280,"height":720,"url":"https:\/\/denizcankizil.tr\/wp-content\/uploads\/2025\/07\/web-gorsel-boyut-13-g5sZQt.png","type":"image\/png"}],"author":"Av. Deniz Can K\u0131z\u0131l","twitter_card":"summary_large_image","twitter_misc":{"\u041d\u0430\u043f\u0438\u0441\u0430\u043d\u043e":"Av. Deniz Can K\u0131z\u0131l","\u041f\u0440\u0438\u0431\u043b. \u0447\u0430\u0441 \u0447\u0438\u0442\u0430\u043d\u043d\u044f":"5 \u0445\u0432\u0438\u043b\u0438\u043d"},"schema":{"@context":"https:\/\/schema.org","@graph":[{"@type":"Article","@id":"https:\/\/denizcankizil.tr\/uk\/haberler\/antalya\/ruslar-ilk-tercihini-yine-antalyadan-yana-kullandi-625-milyon-turist\/#article","isPartOf":{"@id":"https:\/\/denizcankizil.tr\/uk\/haberler\/antalya\/ruslar-ilk-tercihini-yine-antalyadan-yana-kullandi-625-milyon-turist\/"},"author":{"name":"Av. Deniz Can K\u0131z\u0131l","@id":"https:\/\/denizcankizil.tr\/#\/schema\/person\/5dc1b22991bd7ac833867c10afc9b0ff"},"headline":"Ruslar \u0130lk Tercihini Yine Antalya\u2019dan Yana Kulland\u0131: 6,25 Milyon Turist","datePublished":"2025-07-03T07:41:39+00:00","mainEntityOfPage":{"@id":"https:\/\/denizcankizil.tr\/uk\/haberler\/antalya\/ruslar-ilk-tercihini-yine-antalyadan-yana-kullandi-625-milyon-turist\/"},"wordCount":984,"publisher":{"@id":"https:\/\/denizcankizil.tr\/#organization"},"image":{"@id":"https:\/\/denizcankizil.tr\/uk\/haberler\/antalya\/ruslar-ilk-tercihini-yine-antalyadan-yana-kullandi-625-milyon-turist\/#primaryimage"},"thumbnailUrl":"https:\/\/denizcankizil.tr\/wp-content\/uploads\/2025\/07\/web-gorsel-boyut-13-g5sZQt.png","articleSection":["Antalya"],"inLanguage":"uk"},{"@type":"WebPage","@id":"https:\/\/denizcankizil.tr\/uk\/haberler\/antalya\/ruslar-ilk-tercihini-yine-antalyadan-yana-kullandi-625-milyon-turist\/","url":"https:\/\/denizcankizil.tr\/uk\/haberler\/antalya\/ruslar-ilk-tercihini-yine-antalyadan-yana-kullandi-625-milyon-turist\/","name":"Ruslar \u0130lk Tercihini Yine Antalya\u2019dan Yana Kulland\u0131: 6,25 Milyon Turist - Av. Deniz Can K\u0131z\u0131l","isPartOf":{"@id":"https:\/\/denizcankizil.tr\/#website"},"primaryImageOfPage":{"@id":"https:\/\/denizcankizil.tr\/uk\/haberler\/antalya\/ruslar-ilk-tercihini-yine-antalyadan-yana-kullandi-625-milyon-turist\/#primaryimage"},"image":{"@id":"https:\/\/denizcankizil.tr\/uk\/haberler\/antalya\/ruslar-ilk-tercihini-yine-antalyadan-yana-kullandi-625-milyon-turist\/#primaryimage"},"thumbnailUrl":"https:\/\/denizcankizil.tr\/wp-content\/uploads\/2025\/07\/web-gorsel-boyut-13-g5sZQt.png","datePublished":"2025-07-03T07:41:39+00:00","breadcrumb":{"@id":"https:\/\/denizcankizil.tr\/uk\/haberler\/antalya\/ruslar-ilk-tercihini-yine-antalyadan-yana-kullandi-625-milyon-turist\/#breadcrumb"},"inLanguage":"uk","potentialAction":[{"@type":"ReadAction","target":["https:\/\/denizcankizil.tr\/uk\/haberler\/antalya\/ruslar-ilk-tercihini-yine-antalyadan-yana-kullandi-625-milyon-turist\/"]}]},{"@type":"ImageObject","inLanguage":"uk","@id":"https:\/\/denizcankizil.tr\/uk\/haberler\/antalya\/ruslar-ilk-tercihini-yine-antalyadan-yana-kullandi-625-milyon-turist\/#primaryimage","url":"https:\/\/denizcankizil.tr\/wp-content\/uploads\/2025\/07\/web-gorsel-boyut-13-g5sZQt.png","contentUrl":"https:\/\/denizcankizil.tr\/wp-content\/uploads\/2025\/07\/web-gorsel-boyut-13-g5sZQt.png","width":1280,"height":720},{"@type":"BreadcrumbList","@id":"https:\/\/denizcankizil.tr\/uk\/haberler\/antalya\/ruslar-ilk-tercihini-yine-antalyadan-yana-kullandi-625-milyon-turist\/#breadcrumb","itemListElement":[{"@type":"ListItem","position":1,"name":"Home","item":"https:\/\/denizcankizil.tr\/de\/"},{"@type":"ListItem","position":2,"name":"Ruslar \u0130lk Tercihini Yine Antalya\u2019dan Yana Kulland\u0131: 6,25 Milyon Turist"}]},{"@type":"WebSite","@id":"https:\/\/denizcankizil.tr\/#website","url":"https:\/\/denizcankizil.tr\/","name":"Av. Deniz Can K\u0131z\u0131l","description":"Avukat Deniz Can K\u0131z\u0131l Antalya Barosu","publisher":{"@id":"https:\/\/denizcankizil.tr\/#organization"},"potentialAction":[{"@type":"SearchAction","target":{"@type":"EntryPoint","urlTemplate":"https:\/\/denizcankizil.tr\/?s={search_term_string}"},"query-input":{"@type":"PropertyValueSpecification","valueRequired":true,"valueName":"search_term_string"}}],"inLanguage":"uk"},{"@type":"Organization","@id":"https:\/\/denizcankizil.tr\/#organization","name":"Av. Deniz Can K\u0131z\u0131l","url":"https:\/\/denizcankizil.tr\/","logo":{"@type":"ImageObject","inLanguage":"uk","@id":"https:\/\/denizcankizil.tr\/#\/schema\/logo\/image\/","url":"https:\/\/denizcankizil.tr\/wp-content\/uploads\/2024\/10\/siyah-logo-svg.svg","contentUrl":"https:\/\/denizcankizil.tr\/wp-content\/uploads\/2024\/10\/siyah-logo-svg.svg","width":1080,"height":1080,"caption":"Av. Deniz Can K\u0131z\u0131l"},"image":{"@id":"https:\/\/denizcankizil.tr\/#\/schema\/logo\/image\/"}},{"@type":"Person","@id":"https:\/\/denizcankizil.tr\/#\/schema\/person\/5dc1b22991bd7ac833867c10afc9b0ff","name":"Av. Deniz Can K\u0131z\u0131l","image":{"@type":"ImageObject","inLanguage":"uk","@id":"https:\/\/denizcankizil.tr\/#\/schema\/person\/image\/","url":"https:\/\/secure.gravatar.com\/avatar\/a0b128fb9855c79efc976d5640eedb31dc35ec297594d6016d2cf7c60e975bb6?s=96&d=mm&r=g","contentUrl":"https:\/\/secure.gravatar.com\/avatar\/a0b128fb9855c79efc976d5640eedb31dc35ec297594d6016d2cf7c60e975bb6?s=96&d=mm&r=g","caption":"Av. Deniz Can K\u0131z\u0131l"},"sameAs":["http:\/\/www.denizcankizil.tr"],"url":"https:\/\/denizcankizil.tr\/uk\/author\/denizcankizil\/"}]}},"_links":{"self":[{"href":"https:\/\/denizcankizil.tr\/uk\/wp-json\/wp\/v2\/posts\/134456","targetHints":{"allow":["GET"]}}],"collection":[{"href":"https:\/\/denizcankizil.tr\/uk\/wp-json\/wp\/v2\/posts"}],"about":[{"href":"https:\/\/denizcankizil.tr\/uk\/wp-json\/wp\/v2\/types\/post"}],"author":[{"embeddable":true,"href":"https:\/\/denizcankizil.tr\/uk\/wp-json\/wp\/v2\/users\/4"}],"replies":[{"embeddable":true,"href":"https:\/\/denizcankizil.tr\/uk\/wp-json\/wp\/v2\/comments?post=134456"}],"version-history":[{"count":0,"href":"https:\/\/denizcankizil.tr\/uk\/wp-json\/wp\/v2\/posts\/134456\/revisions"}],"wp:featuredmedia":[{"embeddable":true,"href":"https:\/\/denizcankizil.tr\/uk\/wp-json\/wp\/v2\/media\/134457"}],"wp:attachment":[{"href":"https:\/\/denizcankizil.tr\/uk\/wp-json\/wp\/v2\/media?parent=134456"}],"wp:term":[{"taxonomy":"category","embeddable":true,"href":"https:\/\/denizcankizil.tr\/uk\/wp-json\/wp\/v2\/categories?post=134456"},{"taxonomy":"post_tag","embeddable":true,"href":"https:\/\/denizcankizil.tr\/uk\/wp-json\/wp\/v2\/tags?post=134456"}],"curies":[{"name":"wp","href":"https:\/\/api.w.org\/{rel}","templated":true}]}}