{"id":133567,"date":"2025-07-02T14:41:58","date_gmt":"2025-07-02T11:41:58","guid":{"rendered":"https:\/\/denizcankizil.tr\/uncategorized-tr\/10-bin-tl-odul-icin-yagli-direge-tirmanan-yarismacilar-hastanelik-oldu\/"},"modified":"2025-07-02T14:41:58","modified_gmt":"2025-07-02T11:41:58","slug":"10-bin-tl-odul-icin-yagli-direge-tirmanan-yarismacilar-hastanelik-oldu","status":"publish","type":"post","link":"https:\/\/denizcankizil.tr\/uk\/haberler\/antalya\/10-bin-tl-odul-icin-yagli-direge-tirmanan-yarismacilar-hastanelik-oldu\/","title":{"rendered":"10 Bin TL \u00d6d\u00fcl \u0130\u00e7in Ya\u011fl\u0131 Dire\u011fe T\u0131rmanan Yar\u0131\u015fmac\u0131lar Hastanelik Oldu"},"content":{"rendered":"<p>Kumluca&#8217;da Kabotaj Bayram\u0131 etkinliklerinde ya\u011fl\u0131 direkten bayra\u011f\u0131 alan ki\u015fiye verilecek 10 bin TL \u00f6d\u00fcl i\u00e7in yar\u0131\u015fmac\u0131lar k\u0131ran k\u0131rana m\u00fccadele etti. Kaburga ve kafa gibi de\u011fi\u015fik yerlerini dire\u011fe \u00e7arparak yaralanan yar\u0131\u015fmac\u0131lar ambulans ile hastaneye kald\u0131r\u0131ld\u0131.<br \/>\n34. Kara\u00f6z Denizcilik ve Kabotaj Bayram\u0131 Etkinlikleri, kapsam\u0131nda d\u00fczenlenen etkinliklerde ya\u011fl\u0131 direkten bayra\u011f\u0131 alan ki\u015fiye verilecek 10 bin TL \u00f6d\u00fcl i\u00e7in yar\u0131\u015fmac\u0131lar k\u0131ran k\u0131rana m\u00fccadele etti. Kara\u00f6z Sahili&#8217;nde ger\u00e7ekle\u015ftirilen etkinli\u011fe; Kumluca Kaymakam\u0131 Bahad\u0131r G\u00fcne\u015f, Kumluca Belediye Ba\u015fkan\u0131 Mesut Avc\u0131o\u011flu, daire amirleri, siyasi parti ve sivil toplum kurulu\u015fu temsilcileri, belediye meclis \u00fcyeleri, mahalle muhtarlar\u0131 ve \u00e7ok say\u0131da vatanda\u015f kat\u0131ld\u0131.<\/p>\n<p>&#8220;Denizcili\u011fe sahip \u00e7\u0131kmal\u0131y\u0131z&#8221;<br \/>\nKabotaj Kanunu&#8217;nun ba\u011f\u0131ms\u0131zl\u0131\u011f\u0131n Sadece karada de\u011fil, denizde de kazan\u0131ld\u0131\u011f\u0131n\u0131n ilan\u0131 oldu\u011funu s\u00f6yleyen Kumluca Belediye Ba\u015fkan\u0131 Mesut Avc\u0131o\u011flu, &#8220;Bug\u00fcn, T\u00fcrk Denizcili\u011fi ad\u0131na b\u00fcy\u00fck bir d\u00f6n\u00fcm noktas\u0131 olan 1 Temmuz Denizcilik ve Kabotaj Bayram\u0131n\u0131 hep birlikte kutlaman\u0131n gurunu ya\u015f\u0131yoruz. 1926 y\u0131l\u0131nda y\u00fcr\u00fcrl\u00fc\u011fe giren Kabotaj Kanunu ile denizlerimizdeki hakimiyet tamamen milletimize ge\u00e7mi\u015ftir. Bu ba\u011f\u0131ms\u0131zl\u0131\u011f\u0131n sadece karada de\u011fil, denizde de kazan\u0131ld\u0131\u011f\u0131n\u0131n ilan\u0131d\u0131r. Bug\u00fcn bizlere d\u00fc\u015fen g\u00f6rev; denizcili\u011fe ve deniz k\u00fclt\u00fcr\u00fcne sahip \u00e7\u0131kmak, gen\u00e7lerimize denizcilik ve deniz k\u00fclt\u00fcr\u00fcn\u00fc kazand\u0131rmak ve denizlerimizi korumakt\u0131r&#8221; dedi<\/p>\n<p>&#8220;T\u00fcrk denizcili\u011fi kendi ayaklar\u0131 \u00fczerinde duruyor&#8221;<br \/>\nDenizcili\u011fi T\u00fcrk&#8217;\u00fcn b\u00fcy\u00fck ulusal \u00fclk\u00fcs\u00fc olarak d\u00fc\u015f\u00fcnmesi gerekti\u011fini ve en k\u0131sa zamanda ba\u015far\u0131lmas\u0131 gerekti\u011fini vurgulayan Kumluca Kaymakam\u0131 Bahad\u0131r G\u00fcne\u015f ise &#8220;Bug\u00fcn denizlerimizdeki ba\u011f\u0131ms\u0131zl\u0131\u011f\u0131m\u0131z\u0131n ve egemenli\u011fimizin simgesi olan 1 Temmuz Denizcilik ve Kabotaj Bayram\u0131&#8217;n\u0131 kutlaman\u0131n hakl\u0131 gururunu ve mutlulu\u011funu ya\u015f\u0131yoruz. 1 Temmuz 1926 tarihinde y\u00fcr\u00fcrl\u00fc\u011fe giren Kabotaj Kanunu milletimizin denizler \u00fczerindeki egemenlik haklar\u0131n\u0131 tan\u0131d\u0131\u011f\u0131 bir d\u00f6n\u00fcm noktas\u0131d\u0131r. Bu kanunla denizlerimizdeki ekonomik ba\u011f\u0131ms\u0131zl\u0131\u011f\u0131m\u0131z sa\u011flanm\u0131\u015f, T\u00fcrk denizcili\u011fi kendi ayaklar\u0131 \u00fczerinde durmaya ba\u015flam\u0131\u015ft\u0131r. Cumhuriyet&#8217;imizin kurucusu Gazi Mustafa Kemal Atat\u00fcrk&#8217;\u00fcn denizcili\u011fe verdi\u011fi \u00f6nem hepimizce malumdur. Atat\u00fcrk, &#8220;Denizcili\u011fi T\u00fcrk&#8217;\u00fcn b\u00fcy\u00fck ulusal \u00fclk\u00fcs\u00fc olarak d\u00fc\u015f\u00fcnmeli ve onu en k\u0131sa zamanda ba\u015farmal\u0131y\u0131z&#8221; diyerek denizci bir millet olma hedefini bizlere g\u00f6stermi\u015ftir. Bug\u00fcn, T\u00fcrk denizcileri d\u00fcnyan\u0131n d\u00f6rt bir yan\u0131nda bayra\u011f\u0131m\u0131z\u0131 gururla ta\u015f\u0131makta, tersanelerimiz ve limanlar\u0131m\u0131z d\u00fcnya standartlar\u0131nda hizmet vermektedir&#8221; ifadelerini kulland\u0131.<\/p>\n<p>6 kategoride yar\u0131\u015ft\u0131lar<br \/>\nKonu\u015fmalar\u0131n ard\u0131ndan Kaymakam Bahad\u0131r G\u00fcne\u015f ve Belediye Ba\u015fkan\u0131 Mesut Avc\u0131o\u011flu deniz \u015fehitleri an\u0131s\u0131na Kara\u00f6z a\u00e7\u0131klar\u0131na \u00e7elenk b\u0131rakt\u0131. \u00c7elenk b\u0131rakma t\u00f6reninin ard\u0131ndan sahneye \u00e7\u0131kan akrobasi gurubunun g\u00f6sterileri yer ald\u0131. Etkinliklerde halk oyunlar\u0131 g\u00f6sterileri yap\u0131ld\u0131. Etkinlikler, kapsam\u0131nda d\u00fczenlenen 6 ayr\u0131 yar\u0131\u015fma kategorisinde sporseverler b\u00fcy\u00fck \u00f6d\u00fcller i\u00e7in k\u0131yas\u0131ya yar\u0131\u015ft\u0131. Y\u00fcz\u00fc a\u015fk\u0131n sporseverin m\u00fccadele etti\u011fi yar\u0131\u015fmalarda, 50 metre serbest y\u00fczme yar\u0131\u015f\u0131n\u0131 Elif G\u00fcler birinci, S\u00fcleyman Ender ikinci, Batuhan G\u00fcrgen \u00fc\u00e7\u00fcnc\u00fc olurken, 50 metre kad\u0131nlar y\u00fczme yar\u0131\u015f\u0131n\u0131 Elif G\u00fcler birinci, Alina G\u00fcrb\u00fcz ikinci, Delfin Su Aydo\u011fan \u00fc\u00e7\u00fcnc\u00fc oldu.<br \/>\n100 metre serbest y\u00fczme yar\u0131\u015f\u0131nda ise Mustafa Ta\u015fk\u0131n birinci, Koray Do\u011fan ikinci, Kemal G\u00f6khan Albayrak \u00fc\u00e7\u00fcnc\u00fcl\u00fc\u011f\u00fc elde ederken, 400 metre serbest y\u00fczme yar\u0131\u015f\u0131n\u0131 Mustafa Ta\u015fk\u0131n birinci, C\u00fcneyt Kara\u00f6z ikinci, S\u00fcleyman Ender Aydil \u00fc\u00e7\u00fcnc\u00fc oldu. Su alt\u0131 bekleme yar\u0131\u015f\u0131nda Aleyna Grigoreva birinci, Muharrem Sar\u0131kaya ikinci, Ali G\u00f6mlekli \u00fc\u00e7\u00fcnc\u00fc, s\u00fcrat motoru yar\u0131\u015f\u0131n\u0131 Arada Yavuz (Asel) birinci, Emrah Aytekin (E. Aytekin) ikinci, Ramazan Topuz (S\u00fcleyman Batu) \u00fc\u00e7\u00fcnc\u00fc olarak tamamlad\u0131.<\/p>\n<p>K\u0131yas\u0131ya yar\u0131\u015ft\u0131lar<br \/>\nDereceye giren yar\u0131\u015fmac\u0131lara \u00f6d\u00fcllerini, Kumluca Kaymakam\u0131 Bahad\u0131r G\u00fcne\u015f ve e\u015fi Oya G\u00fcne\u015f, Kumluca Belediye Ba\u015fkan\u0131 Mesut Avc\u0131o\u011flu ve e\u015fi Zahide Avc\u0131o\u011flu kamu kurum ve kurulu\u015flar\u0131n\u0131n daire amirleri, siyasi parti ve sivil toplum kurulu\u015fu temsilcileri, belediye meclis \u00fcyeleri ve mahalle muhtarlar\u0131 takdim etti. Geleneksel olarak d\u00fczenlenen etkinlikte bu sene de en \u00e7ok ilgi \u00e7eken yar\u0131\u015fma ya\u011fl\u0131 direk yar\u0131\u015fmas\u0131 oldu. Yo\u011fun kat\u0131l\u0131mla ger\u00e7ekle\u015fen yar\u0131\u015fmada kat\u0131l\u0131mc\u0131lar ya\u011fl\u0131 dire\u011fe t\u0131rmanarak T\u00fcrk bayra\u011f\u0131n\u0131 kapmak i\u00e7in k\u0131yas\u0131ya yar\u0131\u015ft\u0131lar.<\/p>\n<p>Ya\u011fl\u0131 direk yar\u0131\u015f\u0131nda yaralananlar oldu<br \/>\nYa\u011fl\u0131 direkten bayra\u011f\u0131 alan ki\u015fiye verilecek 10 bin TL \u00f6d\u00fcl i\u00e7in yar\u0131\u015fmac\u0131lar k\u0131ran k\u0131rana m\u00fccadele etti. V\u00fccudunun kaburga ve kafa gibi de\u011fi\u015fik yerlerini dire\u011fe \u00e7arpmas\u0131 sonucu yaralanan yar\u0131\u015fmac\u0131lar ambulans ile hastaneye kald\u0131r\u0131ld\u0131. Heyecan dolu anlara sahne olan yar\u0131\u015fman\u0131n sonucunda Hasan \u00c7\u00fcm direkten bayra\u011f\u0131 alarak yar\u0131\u015fman\u0131n bu seneki birincisi oldu. Yar\u0131\u015fma birincisine \u00f6d\u00fcllerini ve hediye \u00e7ekini Kaymakam Bahad\u0131r G\u00fcne\u015f ve Ba\u015fkan Mesut Avc\u0131o\u011flu takdim etti. Yar\u0131\u015fma birincisi Hasan \u00c7\u00fcm, &#8220;Bug\u00fcn heyecan ve kalabal\u0131k dolu bir ortamda ge\u00e7ti\u011fimiz y\u0131l oldu\u011fu gibi yine birinci oldum. Kazanaca\u011f\u0131ma zaten \u00e7ok inanm\u0131\u015ft\u0131m. 34. D\u00fczenlenen ya\u011fl\u0131 direkten bayrak alma yar\u0131\u015flar\u0131nda 9 defa birinci oldum. 10&#8217;uncu da yar\u0131\u015fmalara kat\u0131lmay\u0131 b\u0131rakaca\u011f\u0131m&#8221; dedi.<\/p>\n<p>Kaynak: www.kanalv.com.tr Haber Sitesinden Al\u0131nm\u0131\u015ft\u0131r.<\/p>","protected":false},"excerpt":{"rendered":"<p>Kumluca&#8217;da Kabotaj Bayram\u0131 etkinliklerinde ya\u011fl\u0131 direkten bayra\u011f\u0131 alan ki\u015fiye verilecek 10 bin TL \u00f6d\u00fcl i\u00e7in yar\u0131\u015fmac\u0131lar k\u0131ran k\u0131rana m\u00fccadele etti. Kaburga ve kafa gibi de\u011fi\u015fik yerlerini dire\u011fe \u00e7arparak yaralanan yar\u0131\u015fmac\u0131lar ambulans ile hastaneye kald\u0131r\u0131ld\u0131. 34. Kara\u00f6z Denizcilik ve Kabotaj Bayram\u0131 Etkinlikleri, kapsam\u0131nda d\u00fczenlenen etkinliklerde ya\u011fl\u0131 direkten bayra\u011f\u0131 alan ki\u015fiye verilecek 10 bin TL \u00f6d\u00fcl i\u00e7in yar\u0131\u015fmac\u0131lar k\u0131ran k\u0131rana m\u00fccadele etti. Kara\u00f6z Sahili&#8217;nde ger\u00e7ekle\u015ftirilen etkinli\u011fe; Kumluca Kaymakam\u0131 Bahad\u0131r G\u00fcne\u015f, Kumluca Belediye Ba\u015fkan\u0131 Mesut Avc\u0131o\u011flu, daire amirleri, siyasi parti ve sivil toplum kurulu\u015fu temsilcileri, belediye meclis \u00fcyeleri, mahalle muhtarlar\u0131 ve \u00e7ok say\u0131da vatanda\u015f kat\u0131ld\u0131. &#8220;Denizcili\u011fe sahip \u00e7\u0131kmal\u0131y\u0131z&#8221; Kabotaj Kanunu&#8217;nun ba\u011f\u0131ms\u0131zl\u0131\u011f\u0131n Sadece karada de\u011fil, denizde de kazan\u0131ld\u0131\u011f\u0131n\u0131n ilan\u0131 oldu\u011funu s\u00f6yleyen Kumluca Belediye Ba\u015fkan\u0131 Mesut Avc\u0131o\u011flu, &#8220;Bug\u00fcn, T\u00fcrk Denizcili\u011fi ad\u0131na b\u00fcy\u00fck bir d\u00f6n\u00fcm noktas\u0131 olan 1 Temmuz Denizcilik ve Kabotaj Bayram\u0131n\u0131 hep birlikte kutlaman\u0131n gurunu ya\u015f\u0131yoruz. 1926 y\u0131l\u0131nda y\u00fcr\u00fcrl\u00fc\u011fe giren Kabotaj Kanunu ile denizlerimizdeki hakimiyet tamamen milletimize ge\u00e7mi\u015ftir. Bu ba\u011f\u0131ms\u0131zl\u0131\u011f\u0131n sadece karada de\u011fil, denizde de kazan\u0131ld\u0131\u011f\u0131n\u0131n ilan\u0131d\u0131r. Bug\u00fcn bizlere d\u00fc\u015fen g\u00f6rev; denizcili\u011fe ve deniz k\u00fclt\u00fcr\u00fcne sahip \u00e7\u0131kmak, gen\u00e7lerimize denizcilik ve deniz k\u00fclt\u00fcr\u00fcn\u00fc kazand\u0131rmak ve denizlerimizi korumakt\u0131r&#8221; dedi &#8220;T\u00fcrk denizcili\u011fi kendi ayaklar\u0131 \u00fczerinde duruyor&#8221; Denizcili\u011fi T\u00fcrk&#8217;\u00fcn b\u00fcy\u00fck ulusal \u00fclk\u00fcs\u00fc olarak d\u00fc\u015f\u00fcnmesi gerekti\u011fini ve en k\u0131sa zamanda ba\u015far\u0131lmas\u0131 gerekti\u011fini vurgulayan Kumluca Kaymakam\u0131 Bahad\u0131r G\u00fcne\u015f ise &#8220;Bug\u00fcn &hellip;<\/p>","protected":false},"author":4,"featured_media":133568,"comment_status":"","ping_status":"open","sticky":false,"template":"","format":"standard","meta":{"_acf_changed":false,"footnotes":""},"categories":[26],"tags":[],"class_list":["post-133567","post","type-post","status-publish","format-standard","has-post-thumbnail","hentry","category-antalya"],"acf":[],"yoast_head":"<!-- This site is optimized with the Yoast SEO Premium plugin v26.6 (Yoast SEO v27.1.1) - https:\/\/yoast.com\/product\/yoast-seo-premium-wordpress\/ -->\n<title>10 Bin TL \u00d6d\u00fcl \u0130\u00e7in Ya\u011fl\u0131 Dire\u011fe T\u0131rmanan Yar\u0131\u015fmac\u0131lar Hastanelik Oldu - Av. Deniz Can K\u0131z\u0131l<\/title>\n<meta name=\"robots\" content=\"index, follow, max-snippet:-1, max-image-preview:large, max-video-preview:-1\" \/>\n<link rel=\"canonical\" href=\"https:\/\/denizcankizil.tr\/uk\/haberler\/antalya\/10-bin-tl-odul-icin-yagli-direge-tirmanan-yarismacilar-hastanelik-oldu\/\" \/>\n<meta property=\"og:locale\" content=\"uk_UA\" \/>\n<meta property=\"og:type\" content=\"article\" \/>\n<meta property=\"og:title\" content=\"10 Bin TL \u00d6d\u00fcl \u0130\u00e7in Ya\u011fl\u0131 Dire\u011fe T\u0131rmanan Yar\u0131\u015fmac\u0131lar Hastanelik Oldu\" \/>\n<meta property=\"og:description\" content=\"Kumluca&#8217;da Kabotaj Bayram\u0131 etkinliklerinde ya\u011fl\u0131 direkten bayra\u011f\u0131 alan ki\u015fiye verilecek 10 bin TL \u00f6d\u00fcl i\u00e7in yar\u0131\u015fmac\u0131lar k\u0131ran k\u0131rana m\u00fccadele etti. Kaburga ve kafa gibi de\u011fi\u015fik yerlerini dire\u011fe \u00e7arparak yaralanan yar\u0131\u015fmac\u0131lar ambulans ile hastaneye kald\u0131r\u0131ld\u0131. 34. Kara\u00f6z Denizcilik ve Kabotaj Bayram\u0131 Etkinlikleri, kapsam\u0131nda d\u00fczenlenen etkinliklerde ya\u011fl\u0131 direkten bayra\u011f\u0131 alan ki\u015fiye verilecek 10 bin TL \u00f6d\u00fcl i\u00e7in yar\u0131\u015fmac\u0131lar k\u0131ran k\u0131rana m\u00fccadele etti. Kara\u00f6z Sahili&#8217;nde ger\u00e7ekle\u015ftirilen etkinli\u011fe; Kumluca Kaymakam\u0131 Bahad\u0131r G\u00fcne\u015f, Kumluca Belediye Ba\u015fkan\u0131 Mesut Avc\u0131o\u011flu, daire amirleri, siyasi parti ve sivil toplum kurulu\u015fu temsilcileri, belediye meclis \u00fcyeleri, mahalle muhtarlar\u0131 ve \u00e7ok say\u0131da vatanda\u015f kat\u0131ld\u0131. &#8220;Denizcili\u011fe sahip \u00e7\u0131kmal\u0131y\u0131z&#8221; Kabotaj Kanunu&#8217;nun ba\u011f\u0131ms\u0131zl\u0131\u011f\u0131n Sadece karada de\u011fil, denizde de kazan\u0131ld\u0131\u011f\u0131n\u0131n ilan\u0131 oldu\u011funu s\u00f6yleyen Kumluca Belediye Ba\u015fkan\u0131 Mesut Avc\u0131o\u011flu, &#8220;Bug\u00fcn, T\u00fcrk Denizcili\u011fi ad\u0131na b\u00fcy\u00fck bir d\u00f6n\u00fcm noktas\u0131 olan 1 Temmuz Denizcilik ve Kabotaj Bayram\u0131n\u0131 hep birlikte kutlaman\u0131n gurunu ya\u015f\u0131yoruz. 1926 y\u0131l\u0131nda y\u00fcr\u00fcrl\u00fc\u011fe giren Kabotaj Kanunu ile denizlerimizdeki hakimiyet tamamen milletimize ge\u00e7mi\u015ftir. Bu ba\u011f\u0131ms\u0131zl\u0131\u011f\u0131n sadece karada de\u011fil, denizde de kazan\u0131ld\u0131\u011f\u0131n\u0131n ilan\u0131d\u0131r. Bug\u00fcn bizlere d\u00fc\u015fen g\u00f6rev; denizcili\u011fe ve deniz k\u00fclt\u00fcr\u00fcne sahip \u00e7\u0131kmak, gen\u00e7lerimize denizcilik ve deniz k\u00fclt\u00fcr\u00fcn\u00fc kazand\u0131rmak ve denizlerimizi korumakt\u0131r&#8221; dedi &#8220;T\u00fcrk denizcili\u011fi kendi ayaklar\u0131 \u00fczerinde duruyor&#8221; Denizcili\u011fi T\u00fcrk&#8217;\u00fcn b\u00fcy\u00fck ulusal \u00fclk\u00fcs\u00fc olarak d\u00fc\u015f\u00fcnmesi gerekti\u011fini ve en k\u0131sa zamanda ba\u015far\u0131lmas\u0131 gerekti\u011fini vurgulayan Kumluca Kaymakam\u0131 Bahad\u0131r G\u00fcne\u015f ise &#8220;Bug\u00fcn &hellip;\" \/>\n<meta property=\"og:url\" content=\"https:\/\/denizcankizil.tr\/uk\/haberler\/antalya\/10-bin-tl-odul-icin-yagli-direge-tirmanan-yarismacilar-hastanelik-oldu\/\" \/>\n<meta property=\"og:site_name\" content=\"Av. Deniz Can K\u0131z\u0131l\" \/>\n<meta property=\"article:published_time\" content=\"2025-07-02T11:41:58+00:00\" \/>\n<meta property=\"og:image\" content=\"https:\/\/denizcankizil.tr\/wp-content\/uploads\/2025\/07\/web-gorsel-boyut-9-fBiPIU-1024x576.png\" \/>\n\t<meta property=\"og:image:width\" content=\"1024\" \/>\n\t<meta property=\"og:image:height\" content=\"576\" \/>\n\t<meta property=\"og:image:type\" content=\"image\/png\" \/>\n<meta name=\"author\" content=\"Av. Deniz Can K\u0131z\u0131l\" \/>\n<meta name=\"twitter:card\" content=\"summary_large_image\" \/>\n<meta name=\"twitter:label1\" content=\"\u041d\u0430\u043f\u0438\u0441\u0430\u043d\u043e\" \/>\n\t<meta name=\"twitter:data1\" content=\"Av. Deniz Can K\u0131z\u0131l\" \/>\n\t<meta name=\"twitter:label2\" content=\"\u041f\u0440\u0438\u0431\u043b. \u0447\u0430\u0441 \u0447\u0438\u0442\u0430\u043d\u043d\u044f\" \/>\n\t<meta name=\"twitter:data2\" content=\"5 \u0445\u0432\u0438\u043b\u0438\u043d\" \/>\n<script type=\"application\/ld+json\" class=\"yoast-schema-graph\">{\"@context\":\"https:\/\/schema.org\",\"@graph\":[{\"@type\":\"Article\",\"@id\":\"https:\/\/denizcankizil.tr\/uk\/haberler\/antalya\/10-bin-tl-odul-icin-yagli-direge-tirmanan-yarismacilar-hastanelik-oldu\/#article\",\"isPartOf\":{\"@id\":\"https:\/\/denizcankizil.tr\/uk\/haberler\/antalya\/10-bin-tl-odul-icin-yagli-direge-tirmanan-yarismacilar-hastanelik-oldu\/\"},\"author\":{\"name\":\"Av. Deniz Can K\u0131z\u0131l\",\"@id\":\"https:\/\/denizcankizil.tr\/de\/#\/schema\/person\/5dc1b22991bd7ac833867c10afc9b0ff\"},\"headline\":\"10 Bin TL \u00d6d\u00fcl \u0130\u00e7in Ya\u011fl\u0131 Dire\u011fe T\u0131rmanan Yar\u0131\u015fmac\u0131lar Hastanelik Oldu\",\"datePublished\":\"2025-07-02T11:41:58+00:00\",\"mainEntityOfPage\":{\"@id\":\"https:\/\/denizcankizil.tr\/uk\/haberler\/antalya\/10-bin-tl-odul-icin-yagli-direge-tirmanan-yarismacilar-hastanelik-oldu\/\"},\"wordCount\":982,\"publisher\":{\"@id\":\"https:\/\/denizcankizil.tr\/de\/#organization\"},\"image\":{\"@id\":\"https:\/\/denizcankizil.tr\/uk\/haberler\/antalya\/10-bin-tl-odul-icin-yagli-direge-tirmanan-yarismacilar-hastanelik-oldu\/#primaryimage\"},\"thumbnailUrl\":\"https:\/\/denizcankizil.tr\/wp-content\/uploads\/2025\/07\/web-gorsel-boyut-9-fBiPIU.png\",\"articleSection\":[\"Antalya\"],\"inLanguage\":\"uk\"},{\"@type\":\"WebPage\",\"@id\":\"https:\/\/denizcankizil.tr\/uk\/haberler\/antalya\/10-bin-tl-odul-icin-yagli-direge-tirmanan-yarismacilar-hastanelik-oldu\/\",\"url\":\"https:\/\/denizcankizil.tr\/uk\/haberler\/antalya\/10-bin-tl-odul-icin-yagli-direge-tirmanan-yarismacilar-hastanelik-oldu\/\",\"name\":\"10 Bin TL \u00d6d\u00fcl \u0130\u00e7in Ya\u011fl\u0131 Dire\u011fe T\u0131rmanan Yar\u0131\u015fmac\u0131lar Hastanelik Oldu - Av. Deniz Can K\u0131z\u0131l\",\"isPartOf\":{\"@id\":\"https:\/\/denizcankizil.tr\/de\/#website\"},\"primaryImageOfPage\":{\"@id\":\"https:\/\/denizcankizil.tr\/uk\/haberler\/antalya\/10-bin-tl-odul-icin-yagli-direge-tirmanan-yarismacilar-hastanelik-oldu\/#primaryimage\"},\"image\":{\"@id\":\"https:\/\/denizcankizil.tr\/uk\/haberler\/antalya\/10-bin-tl-odul-icin-yagli-direge-tirmanan-yarismacilar-hastanelik-oldu\/#primaryimage\"},\"thumbnailUrl\":\"https:\/\/denizcankizil.tr\/wp-content\/uploads\/2025\/07\/web-gorsel-boyut-9-fBiPIU.png\",\"datePublished\":\"2025-07-02T11:41:58+00:00\",\"breadcrumb\":{\"@id\":\"https:\/\/denizcankizil.tr\/uk\/haberler\/antalya\/10-bin-tl-odul-icin-yagli-direge-tirmanan-yarismacilar-hastanelik-oldu\/#breadcrumb\"},\"inLanguage\":\"uk\",\"potentialAction\":[{\"@type\":\"ReadAction\",\"target\":[\"https:\/\/denizcankizil.tr\/uk\/haberler\/antalya\/10-bin-tl-odul-icin-yagli-direge-tirmanan-yarismacilar-hastanelik-oldu\/\"]}]},{\"@type\":\"ImageObject\",\"inLanguage\":\"uk\",\"@id\":\"https:\/\/denizcankizil.tr\/uk\/haberler\/antalya\/10-bin-tl-odul-icin-yagli-direge-tirmanan-yarismacilar-hastanelik-oldu\/#primaryimage\",\"url\":\"https:\/\/denizcankizil.tr\/wp-content\/uploads\/2025\/07\/web-gorsel-boyut-9-fBiPIU.png\",\"contentUrl\":\"https:\/\/denizcankizil.tr\/wp-content\/uploads\/2025\/07\/web-gorsel-boyut-9-fBiPIU.png\",\"width\":1280,\"height\":720},{\"@type\":\"BreadcrumbList\",\"@id\":\"https:\/\/denizcankizil.tr\/uk\/haberler\/antalya\/10-bin-tl-odul-icin-yagli-direge-tirmanan-yarismacilar-hastanelik-oldu\/#breadcrumb\",\"itemListElement\":[{\"@type\":\"ListItem\",\"position\":1,\"name\":\"Home\",\"item\":\"https:\/\/denizcankizil.tr\/de\/\"},{\"@type\":\"ListItem\",\"position\":2,\"name\":\"10 Bin TL \u00d6d\u00fcl \u0130\u00e7in Ya\u011fl\u0131 Dire\u011fe T\u0131rmanan Yar\u0131\u015fmac\u0131lar Hastanelik Oldu\"}]},{\"@type\":\"WebSite\",\"@id\":\"https:\/\/denizcankizil.tr\/de\/#website\",\"url\":\"https:\/\/denizcankizil.tr\/de\/\",\"name\":\"Av. Deniz Can K\u0131z\u0131l\",\"description\":\"Avukat Deniz Can K\u0131z\u0131l Antalya Barosu\",\"publisher\":{\"@id\":\"https:\/\/denizcankizil.tr\/de\/#organization\"},\"potentialAction\":[{\"@type\":\"SearchAction\",\"target\":{\"@type\":\"EntryPoint\",\"urlTemplate\":\"https:\/\/denizcankizil.tr\/de\/?s={search_term_string}\"},\"query-input\":{\"@type\":\"PropertyValueSpecification\",\"valueRequired\":true,\"valueName\":\"search_term_string\"}}],\"inLanguage\":\"uk\"},{\"@type\":\"Organization\",\"@id\":\"https:\/\/denizcankizil.tr\/de\/#organization\",\"name\":\"Av. Deniz Can K\u0131z\u0131l\",\"url\":\"https:\/\/denizcankizil.tr\/de\/\",\"logo\":{\"@type\":\"ImageObject\",\"inLanguage\":\"uk\",\"@id\":\"https:\/\/denizcankizil.tr\/de\/#\/schema\/logo\/image\/\",\"url\":\"https:\/\/denizcankizil.tr\/wp-content\/uploads\/2024\/10\/siyah-logo-svg.svg\",\"contentUrl\":\"https:\/\/denizcankizil.tr\/wp-content\/uploads\/2024\/10\/siyah-logo-svg.svg\",\"width\":1080,\"height\":1080,\"caption\":\"Av. Deniz Can K\u0131z\u0131l\"},\"image\":{\"@id\":\"https:\/\/denizcankizil.tr\/de\/#\/schema\/logo\/image\/\"}},{\"@type\":\"Person\",\"@id\":\"https:\/\/denizcankizil.tr\/de\/#\/schema\/person\/5dc1b22991bd7ac833867c10afc9b0ff\",\"name\":\"Av. Deniz Can K\u0131z\u0131l\",\"image\":{\"@type\":\"ImageObject\",\"inLanguage\":\"uk\",\"@id\":\"https:\/\/denizcankizil.tr\/de\/#\/schema\/person\/image\/\",\"url\":\"https:\/\/secure.gravatar.com\/avatar\/a0b128fb9855c79efc976d5640eedb31dc35ec297594d6016d2cf7c60e975bb6?s=96&d=mm&r=g\",\"contentUrl\":\"https:\/\/secure.gravatar.com\/avatar\/a0b128fb9855c79efc976d5640eedb31dc35ec297594d6016d2cf7c60e975bb6?s=96&d=mm&r=g\",\"caption\":\"Av. Deniz Can K\u0131z\u0131l\"},\"sameAs\":[\"http:\/\/www.denizcankizil.tr\"],\"url\":\"https:\/\/denizcankizil.tr\/uk\/author\/denizcankizil\/\"}]}<\/script>\n<!-- \/ Yoast SEO Premium plugin. -->","yoast_head_json":{"title":"10 Bin TL \u00d6d\u00fcl \u0130\u00e7in Ya\u011fl\u0131 Dire\u011fe T\u0131rmanan Yar\u0131\u015fmac\u0131lar Hastanelik Oldu - Av. Deniz Can K\u0131z\u0131l","robots":{"index":"index","follow":"follow","max-snippet":"max-snippet:-1","max-image-preview":"max-image-preview:large","max-video-preview":"max-video-preview:-1"},"canonical":"https:\/\/denizcankizil.tr\/uk\/haberler\/antalya\/10-bin-tl-odul-icin-yagli-direge-tirmanan-yarismacilar-hastanelik-oldu\/","og_locale":"uk_UA","og_type":"article","og_title":"10 Bin TL \u00d6d\u00fcl \u0130\u00e7in Ya\u011fl\u0131 Dire\u011fe T\u0131rmanan Yar\u0131\u015fmac\u0131lar Hastanelik Oldu","og_description":"Kumluca&#8217;da Kabotaj Bayram\u0131 etkinliklerinde ya\u011fl\u0131 direkten bayra\u011f\u0131 alan ki\u015fiye verilecek 10 bin TL \u00f6d\u00fcl i\u00e7in yar\u0131\u015fmac\u0131lar k\u0131ran k\u0131rana m\u00fccadele etti. Kaburga ve kafa gibi de\u011fi\u015fik yerlerini dire\u011fe \u00e7arparak yaralanan yar\u0131\u015fmac\u0131lar ambulans ile hastaneye kald\u0131r\u0131ld\u0131. 34. Kara\u00f6z Denizcilik ve Kabotaj Bayram\u0131 Etkinlikleri, kapsam\u0131nda d\u00fczenlenen etkinliklerde ya\u011fl\u0131 direkten bayra\u011f\u0131 alan ki\u015fiye verilecek 10 bin TL \u00f6d\u00fcl i\u00e7in yar\u0131\u015fmac\u0131lar k\u0131ran k\u0131rana m\u00fccadele etti. Kara\u00f6z Sahili&#8217;nde ger\u00e7ekle\u015ftirilen etkinli\u011fe; Kumluca Kaymakam\u0131 Bahad\u0131r G\u00fcne\u015f, Kumluca Belediye Ba\u015fkan\u0131 Mesut Avc\u0131o\u011flu, daire amirleri, siyasi parti ve sivil toplum kurulu\u015fu temsilcileri, belediye meclis \u00fcyeleri, mahalle muhtarlar\u0131 ve \u00e7ok say\u0131da vatanda\u015f kat\u0131ld\u0131. &#8220;Denizcili\u011fe sahip \u00e7\u0131kmal\u0131y\u0131z&#8221; Kabotaj Kanunu&#8217;nun ba\u011f\u0131ms\u0131zl\u0131\u011f\u0131n Sadece karada de\u011fil, denizde de kazan\u0131ld\u0131\u011f\u0131n\u0131n ilan\u0131 oldu\u011funu s\u00f6yleyen Kumluca Belediye Ba\u015fkan\u0131 Mesut Avc\u0131o\u011flu, &#8220;Bug\u00fcn, T\u00fcrk Denizcili\u011fi ad\u0131na b\u00fcy\u00fck bir d\u00f6n\u00fcm noktas\u0131 olan 1 Temmuz Denizcilik ve Kabotaj Bayram\u0131n\u0131 hep birlikte kutlaman\u0131n gurunu ya\u015f\u0131yoruz. 1926 y\u0131l\u0131nda y\u00fcr\u00fcrl\u00fc\u011fe giren Kabotaj Kanunu ile denizlerimizdeki hakimiyet tamamen milletimize ge\u00e7mi\u015ftir. Bu ba\u011f\u0131ms\u0131zl\u0131\u011f\u0131n sadece karada de\u011fil, denizde de kazan\u0131ld\u0131\u011f\u0131n\u0131n ilan\u0131d\u0131r. Bug\u00fcn bizlere d\u00fc\u015fen g\u00f6rev; denizcili\u011fe ve deniz k\u00fclt\u00fcr\u00fcne sahip \u00e7\u0131kmak, gen\u00e7lerimize denizcilik ve deniz k\u00fclt\u00fcr\u00fcn\u00fc kazand\u0131rmak ve denizlerimizi korumakt\u0131r&#8221; dedi &#8220;T\u00fcrk denizcili\u011fi kendi ayaklar\u0131 \u00fczerinde duruyor&#8221; Denizcili\u011fi T\u00fcrk&#8217;\u00fcn b\u00fcy\u00fck ulusal \u00fclk\u00fcs\u00fc olarak d\u00fc\u015f\u00fcnmesi gerekti\u011fini ve en k\u0131sa zamanda ba\u015far\u0131lmas\u0131 gerekti\u011fini vurgulayan Kumluca Kaymakam\u0131 Bahad\u0131r G\u00fcne\u015f ise &#8220;Bug\u00fcn &hellip;","og_url":"https:\/\/denizcankizil.tr\/uk\/haberler\/antalya\/10-bin-tl-odul-icin-yagli-direge-tirmanan-yarismacilar-hastanelik-oldu\/","og_site_name":"Av. Deniz Can K\u0131z\u0131l","article_published_time":"2025-07-02T11:41:58+00:00","og_image":[{"width":1024,"height":576,"url":"https:\/\/denizcankizil.tr\/wp-content\/uploads\/2025\/07\/web-gorsel-boyut-9-fBiPIU-1024x576.png","type":"image\/png"}],"author":"Av. Deniz Can K\u0131z\u0131l","twitter_card":"summary_large_image","twitter_misc":{"\u041d\u0430\u043f\u0438\u0441\u0430\u043d\u043e":"Av. Deniz Can K\u0131z\u0131l","\u041f\u0440\u0438\u0431\u043b. \u0447\u0430\u0441 \u0447\u0438\u0442\u0430\u043d\u043d\u044f":"5 \u0445\u0432\u0438\u043b\u0438\u043d"},"schema":{"@context":"https:\/\/schema.org","@graph":[{"@type":"Article","@id":"https:\/\/denizcankizil.tr\/uk\/haberler\/antalya\/10-bin-tl-odul-icin-yagli-direge-tirmanan-yarismacilar-hastanelik-oldu\/#article","isPartOf":{"@id":"https:\/\/denizcankizil.tr\/uk\/haberler\/antalya\/10-bin-tl-odul-icin-yagli-direge-tirmanan-yarismacilar-hastanelik-oldu\/"},"author":{"name":"Av. Deniz Can K\u0131z\u0131l","@id":"https:\/\/denizcankizil.tr\/de\/#\/schema\/person\/5dc1b22991bd7ac833867c10afc9b0ff"},"headline":"10 Bin TL \u00d6d\u00fcl \u0130\u00e7in Ya\u011fl\u0131 Dire\u011fe T\u0131rmanan Yar\u0131\u015fmac\u0131lar Hastanelik Oldu","datePublished":"2025-07-02T11:41:58+00:00","mainEntityOfPage":{"@id":"https:\/\/denizcankizil.tr\/uk\/haberler\/antalya\/10-bin-tl-odul-icin-yagli-direge-tirmanan-yarismacilar-hastanelik-oldu\/"},"wordCount":982,"publisher":{"@id":"https:\/\/denizcankizil.tr\/de\/#organization"},"image":{"@id":"https:\/\/denizcankizil.tr\/uk\/haberler\/antalya\/10-bin-tl-odul-icin-yagli-direge-tirmanan-yarismacilar-hastanelik-oldu\/#primaryimage"},"thumbnailUrl":"https:\/\/denizcankizil.tr\/wp-content\/uploads\/2025\/07\/web-gorsel-boyut-9-fBiPIU.png","articleSection":["Antalya"],"inLanguage":"uk"},{"@type":"WebPage","@id":"https:\/\/denizcankizil.tr\/uk\/haberler\/antalya\/10-bin-tl-odul-icin-yagli-direge-tirmanan-yarismacilar-hastanelik-oldu\/","url":"https:\/\/denizcankizil.tr\/uk\/haberler\/antalya\/10-bin-tl-odul-icin-yagli-direge-tirmanan-yarismacilar-hastanelik-oldu\/","name":"10 Bin TL \u00d6d\u00fcl \u0130\u00e7in Ya\u011fl\u0131 Dire\u011fe T\u0131rmanan Yar\u0131\u015fmac\u0131lar Hastanelik Oldu - Av. Deniz Can K\u0131z\u0131l","isPartOf":{"@id":"https:\/\/denizcankizil.tr\/de\/#website"},"primaryImageOfPage":{"@id":"https:\/\/denizcankizil.tr\/uk\/haberler\/antalya\/10-bin-tl-odul-icin-yagli-direge-tirmanan-yarismacilar-hastanelik-oldu\/#primaryimage"},"image":{"@id":"https:\/\/denizcankizil.tr\/uk\/haberler\/antalya\/10-bin-tl-odul-icin-yagli-direge-tirmanan-yarismacilar-hastanelik-oldu\/#primaryimage"},"thumbnailUrl":"https:\/\/denizcankizil.tr\/wp-content\/uploads\/2025\/07\/web-gorsel-boyut-9-fBiPIU.png","datePublished":"2025-07-02T11:41:58+00:00","breadcrumb":{"@id":"https:\/\/denizcankizil.tr\/uk\/haberler\/antalya\/10-bin-tl-odul-icin-yagli-direge-tirmanan-yarismacilar-hastanelik-oldu\/#breadcrumb"},"inLanguage":"uk","potentialAction":[{"@type":"ReadAction","target":["https:\/\/denizcankizil.tr\/uk\/haberler\/antalya\/10-bin-tl-odul-icin-yagli-direge-tirmanan-yarismacilar-hastanelik-oldu\/"]}]},{"@type":"ImageObject","inLanguage":"uk","@id":"https:\/\/denizcankizil.tr\/uk\/haberler\/antalya\/10-bin-tl-odul-icin-yagli-direge-tirmanan-yarismacilar-hastanelik-oldu\/#primaryimage","url":"https:\/\/denizcankizil.tr\/wp-content\/uploads\/2025\/07\/web-gorsel-boyut-9-fBiPIU.png","contentUrl":"https:\/\/denizcankizil.tr\/wp-content\/uploads\/2025\/07\/web-gorsel-boyut-9-fBiPIU.png","width":1280,"height":720},{"@type":"BreadcrumbList","@id":"https:\/\/denizcankizil.tr\/uk\/haberler\/antalya\/10-bin-tl-odul-icin-yagli-direge-tirmanan-yarismacilar-hastanelik-oldu\/#breadcrumb","itemListElement":[{"@type":"ListItem","position":1,"name":"Home","item":"https:\/\/denizcankizil.tr\/de\/"},{"@type":"ListItem","position":2,"name":"10 Bin TL \u00d6d\u00fcl \u0130\u00e7in Ya\u011fl\u0131 Dire\u011fe T\u0131rmanan Yar\u0131\u015fmac\u0131lar Hastanelik Oldu"}]},{"@type":"WebSite","@id":"https:\/\/denizcankizil.tr\/de\/#website","url":"https:\/\/denizcankizil.tr\/de\/","name":"Av. Deniz Can K\u0131z\u0131l","description":"Avukat Deniz Can K\u0131z\u0131l Antalya Barosu","publisher":{"@id":"https:\/\/denizcankizil.tr\/de\/#organization"},"potentialAction":[{"@type":"SearchAction","target":{"@type":"EntryPoint","urlTemplate":"https:\/\/denizcankizil.tr\/de\/?s={search_term_string}"},"query-input":{"@type":"PropertyValueSpecification","valueRequired":true,"valueName":"search_term_string"}}],"inLanguage":"uk"},{"@type":"Organization","@id":"https:\/\/denizcankizil.tr\/de\/#organization","name":"Av. Deniz Can K\u0131z\u0131l","url":"https:\/\/denizcankizil.tr\/de\/","logo":{"@type":"ImageObject","inLanguage":"uk","@id":"https:\/\/denizcankizil.tr\/de\/#\/schema\/logo\/image\/","url":"https:\/\/denizcankizil.tr\/wp-content\/uploads\/2024\/10\/siyah-logo-svg.svg","contentUrl":"https:\/\/denizcankizil.tr\/wp-content\/uploads\/2024\/10\/siyah-logo-svg.svg","width":1080,"height":1080,"caption":"Av. Deniz Can K\u0131z\u0131l"},"image":{"@id":"https:\/\/denizcankizil.tr\/de\/#\/schema\/logo\/image\/"}},{"@type":"Person","@id":"https:\/\/denizcankizil.tr\/de\/#\/schema\/person\/5dc1b22991bd7ac833867c10afc9b0ff","name":"Av. Deniz Can K\u0131z\u0131l","image":{"@type":"ImageObject","inLanguage":"uk","@id":"https:\/\/denizcankizil.tr\/de\/#\/schema\/person\/image\/","url":"https:\/\/secure.gravatar.com\/avatar\/a0b128fb9855c79efc976d5640eedb31dc35ec297594d6016d2cf7c60e975bb6?s=96&d=mm&r=g","contentUrl":"https:\/\/secure.gravatar.com\/avatar\/a0b128fb9855c79efc976d5640eedb31dc35ec297594d6016d2cf7c60e975bb6?s=96&d=mm&r=g","caption":"Av. Deniz Can K\u0131z\u0131l"},"sameAs":["http:\/\/www.denizcankizil.tr"],"url":"https:\/\/denizcankizil.tr\/uk\/author\/denizcankizil\/"}]}},"_links":{"self":[{"href":"https:\/\/denizcankizil.tr\/uk\/wp-json\/wp\/v2\/posts\/133567","targetHints":{"allow":["GET"]}}],"collection":[{"href":"https:\/\/denizcankizil.tr\/uk\/wp-json\/wp\/v2\/posts"}],"about":[{"href":"https:\/\/denizcankizil.tr\/uk\/wp-json\/wp\/v2\/types\/post"}],"author":[{"embeddable":true,"href":"https:\/\/denizcankizil.tr\/uk\/wp-json\/wp\/v2\/users\/4"}],"replies":[{"embeddable":true,"href":"https:\/\/denizcankizil.tr\/uk\/wp-json\/wp\/v2\/comments?post=133567"}],"version-history":[{"count":0,"href":"https:\/\/denizcankizil.tr\/uk\/wp-json\/wp\/v2\/posts\/133567\/revisions"}],"wp:featuredmedia":[{"embeddable":true,"href":"https:\/\/denizcankizil.tr\/uk\/wp-json\/wp\/v2\/media\/133568"}],"wp:attachment":[{"href":"https:\/\/denizcankizil.tr\/uk\/wp-json\/wp\/v2\/media?parent=133567"}],"wp:term":[{"taxonomy":"category","embeddable":true,"href":"https:\/\/denizcankizil.tr\/uk\/wp-json\/wp\/v2\/categories?post=133567"},{"taxonomy":"post_tag","embeddable":true,"href":"https:\/\/denizcankizil.tr\/uk\/wp-json\/wp\/v2\/tags?post=133567"}],"curies":[{"name":"wp","href":"https:\/\/api.w.org\/{rel}","templated":true}]}}