{"id":133509,"date":"2025-07-02T12:42:42","date_gmt":"2025-07-02T09:42:42","guid":{"rendered":"https:\/\/denizcankizil.tr\/uncategorized-tr\/karavan-park-bu-yaz-da-tatilcilerin-gozdesi\/"},"modified":"2025-07-02T12:42:42","modified_gmt":"2025-07-02T09:42:42","slug":"karavan-park-bu-yaz-da-tatilcilerin-gozdesi","status":"publish","type":"post","link":"https:\/\/denizcankizil.tr\/uk\/haberler\/gundem\/karavan-park-bu-yaz-da-tatilcilerin-gozdesi\/","title":{"rendered":"Karavan Park bu yaz da tatilcilerin g\u00f6zdesi"},"content":{"rendered":"<p>Antalya B\u00fcy\u00fck\u015fehir Belediyesi taraf\u0131ndan Konyaalt\u0131&#8217;nda yerli ve yabanc\u0131 karavan tatilcilerinin daha g\u00fcvenli ve konforlu bir alanda konaklayabilmesi i\u00e7in hizmete a\u00e7t\u0131\u011f\u0131 Karavan Park, bu yaz da kamp severlerden yo\u011fun ilgi g\u00f6r\u00fcyor. Ziyaret\u00e7iler, Karavan Park\u2019\u0131n be\u015f y\u0131ld\u0131zl\u0131 otel konforunda<\/p>\n<p>\u200bAntalya B\u00fcy\u00fck\u015fehir Belediyesi taraf\u0131ndan Konyaalt\u0131&#8217;nda yerli ve yabanc\u0131 karavan tatilcilerinin daha g\u00fcvenli ve konforlu bir alanda konaklayabilmesi i\u00e7in hizmete a\u00e7t\u0131\u011f\u0131 Karavan Park, bu yaz da kamp severlerden yo\u011fun ilgi g\u00f6r\u00fcyor. Ziyaret\u00e7iler, Karavan Park\u2019\u0131n be\u015f y\u0131ld\u0131zl\u0131 otel konforunda\u00a0<\/p>\n<p>\u200bHaberin Al\u0131nt\u0131land\u0131\u011f\u0131 Kaynak: www.iskenderun.org<\/p>","protected":false},"excerpt":{"rendered":"<p>Antalya B\u00fcy\u00fck\u015fehir Belediyesi taraf\u0131ndan Konyaalt\u0131&#8217;nda yerli ve yabanc\u0131 karavan tatilcilerinin daha g\u00fcvenli ve konforlu bir alanda konaklayabilmesi i\u00e7in hizmete a\u00e7t\u0131\u011f\u0131 Karavan Park, bu yaz da kamp severlerden yo\u011fun ilgi g\u00f6r\u00fcyor. Ziyaret\u00e7iler, Karavan Park\u2019\u0131n be\u015f y\u0131ld\u0131zl\u0131 otel konforunda \u200bAntalya B\u00fcy\u00fck\u015fehir Belediyesi taraf\u0131ndan Konyaalt\u0131&#8217;nda yerli ve yabanc\u0131 karavan tatilcilerinin daha g\u00fcvenli ve konforlu bir alanda konaklayabilmesi i\u00e7in hizmete a\u00e7t\u0131\u011f\u0131 Karavan Park, bu yaz da kamp severlerden yo\u011fun ilgi g\u00f6r\u00fcyor. Ziyaret\u00e7iler, Karavan Park\u2019\u0131n be\u015f y\u0131ld\u0131zl\u0131 otel konforunda\u00a0 \u200bHaberin Al\u0131nt\u0131land\u0131\u011f\u0131 Kaynak: www.iskenderun.org<\/p>","protected":false},"author":1,"featured_media":0,"comment_status":"","ping_status":"open","sticky":false,"template":"","format":"standard","meta":{"_acf_changed":false,"footnotes":""},"categories":[24],"tags":[],"class_list":["post-133509","post","type-post","status-publish","format-standard","has-post-thumbnail","hentry","category-gundem"],"acf":[],"yoast_head":"<!-- This site is optimized with the Yoast SEO Premium plugin v26.6 (Yoast SEO v27.1.1) - https:\/\/yoast.com\/product\/yoast-seo-premium-wordpress\/ -->\n<title>Karavan Park bu yaz da tatilcilerin g\u00f6zdesi - Av. Deniz Can K\u0131z\u0131l<\/title>\n<meta name=\"robots\" content=\"index, follow, max-snippet:-1, max-image-preview:large, max-video-preview:-1\" \/>\n<link rel=\"canonical\" href=\"http:\/\/denizcankizil.tr\/uk\/haberler\/gundem\/karavan-park-bu-yaz-da-tatilcilerin-gozdesi\/\" \/>\n<meta property=\"og:locale\" content=\"uk_UA\" \/>\n<meta property=\"og:type\" content=\"article\" \/>\n<meta property=\"og:title\" content=\"Karavan Park bu yaz da tatilcilerin g\u00f6zdesi\" \/>\n<meta property=\"og:description\" content=\"Antalya B\u00fcy\u00fck\u015fehir Belediyesi taraf\u0131ndan Konyaalt\u0131&#8217;nda yerli ve yabanc\u0131 karavan tatilcilerinin daha g\u00fcvenli ve konforlu bir alanda konaklayabilmesi i\u00e7in hizmete a\u00e7t\u0131\u011f\u0131 Karavan Park, bu yaz da kamp severlerden yo\u011fun ilgi g\u00f6r\u00fcyor. Ziyaret\u00e7iler, Karavan Park\u2019\u0131n be\u015f y\u0131ld\u0131zl\u0131 otel konforunda \u200bAntalya B\u00fcy\u00fck\u015fehir Belediyesi taraf\u0131ndan Konyaalt\u0131&#8217;nda yerli ve yabanc\u0131 karavan tatilcilerinin daha g\u00fcvenli ve konforlu bir alanda konaklayabilmesi i\u00e7in hizmete a\u00e7t\u0131\u011f\u0131 Karavan Park, bu yaz da kamp severlerden yo\u011fun ilgi g\u00f6r\u00fcyor. Ziyaret\u00e7iler, Karavan Park\u2019\u0131n be\u015f y\u0131ld\u0131zl\u0131 otel konforunda\u00a0 \u200bHaberin Al\u0131nt\u0131land\u0131\u011f\u0131 Kaynak: www.iskenderun.org\" \/>\n<meta property=\"og:url\" content=\"http:\/\/denizcankizil.tr\/uk\/haberler\/gundem\/karavan-park-bu-yaz-da-tatilcilerin-gozdesi\/\" \/>\n<meta property=\"og:site_name\" content=\"Av. Deniz Can K\u0131z\u0131l\" \/>\n<meta property=\"article:published_time\" content=\"2025-07-02T09:42:42+00:00\" \/>\n<meta name=\"author\" content=\"admin\" \/>\n<meta name=\"twitter:card\" content=\"summary_large_image\" \/>\n<meta name=\"twitter:label1\" content=\"\u041d\u0430\u043f\u0438\u0441\u0430\u043d\u043e\" \/>\n\t<meta name=\"twitter:data1\" content=\"admin\" \/>\n\t<meta name=\"twitter:label2\" content=\"\u041f\u0440\u0438\u0431\u043b. \u0447\u0430\u0441 \u0447\u0438\u0442\u0430\u043d\u043d\u044f\" \/>\n\t<meta name=\"twitter:data2\" content=\"1 \u0445\u0432\u0438\u043b\u0438\u043d\u0430\" \/>\n<script type=\"application\/ld+json\" class=\"yoast-schema-graph\">{\"@context\":\"https:\/\/schema.org\",\"@graph\":[{\"@type\":\"Article\",\"@id\":\"http:\/\/denizcankizil.tr\/de\/haberler\/gundem\/karavan-park-bu-yaz-da-tatilcilerin-gozdesi\/#article\",\"isPartOf\":{\"@id\":\"http:\/\/denizcankizil.tr\/de\/haberler\/gundem\/karavan-park-bu-yaz-da-tatilcilerin-gozdesi\/\"},\"author\":{\"name\":\"admin\",\"@id\":\"https:\/\/denizcankizil.tr\/de\/#\/schema\/person\/be3c05fe6a12686905512445d8185489\"},\"headline\":\"Karavan Park bu yaz da tatilcilerin g\u00f6zdesi\",\"datePublished\":\"2025-07-02T09:42:42+00:00\",\"mainEntityOfPage\":{\"@id\":\"http:\/\/denizcankizil.tr\/de\/haberler\/gundem\/karavan-park-bu-yaz-da-tatilcilerin-gozdesi\/\"},\"wordCount\":120,\"publisher\":{\"@id\":\"https:\/\/denizcankizil.tr\/de\/#organization\"},\"articleSection\":[\"G\u00fcndem\"],\"inLanguage\":\"uk\"},{\"@type\":\"WebPage\",\"@id\":\"http:\/\/denizcankizil.tr\/de\/haberler\/gundem\/karavan-park-bu-yaz-da-tatilcilerin-gozdesi\/\",\"url\":\"http:\/\/denizcankizil.tr\/de\/haberler\/gundem\/karavan-park-bu-yaz-da-tatilcilerin-gozdesi\/\",\"name\":\"Karavan Park bu yaz da tatilcilerin g\u00f6zdesi - Av. Deniz Can K\u0131z\u0131l\",\"isPartOf\":{\"@id\":\"https:\/\/denizcankizil.tr\/de\/#website\"},\"datePublished\":\"2025-07-02T09:42:42+00:00\",\"breadcrumb\":{\"@id\":\"http:\/\/denizcankizil.tr\/de\/haberler\/gundem\/karavan-park-bu-yaz-da-tatilcilerin-gozdesi\/#breadcrumb\"},\"inLanguage\":\"uk\",\"potentialAction\":[{\"@type\":\"ReadAction\",\"target\":[\"http:\/\/denizcankizil.tr\/de\/haberler\/gundem\/karavan-park-bu-yaz-da-tatilcilerin-gozdesi\/\"]}]},{\"@type\":\"BreadcrumbList\",\"@id\":\"http:\/\/denizcankizil.tr\/de\/haberler\/gundem\/karavan-park-bu-yaz-da-tatilcilerin-gozdesi\/#breadcrumb\",\"itemListElement\":[{\"@type\":\"ListItem\",\"position\":1,\"name\":\"Home\",\"item\":\"https:\/\/denizcankizil.tr\/de\/\"},{\"@type\":\"ListItem\",\"position\":2,\"name\":\"Karavan Park bu yaz da tatilcilerin g\u00f6zdesi\"}]},{\"@type\":\"WebSite\",\"@id\":\"https:\/\/denizcankizil.tr\/de\/#website\",\"url\":\"https:\/\/denizcankizil.tr\/de\/\",\"name\":\"Av. Deniz Can K\u0131z\u0131l\",\"description\":\"Avukat Deniz Can K\u0131z\u0131l Antalya Barosu\",\"publisher\":{\"@id\":\"https:\/\/denizcankizil.tr\/de\/#organization\"},\"potentialAction\":[{\"@type\":\"SearchAction\",\"target\":{\"@type\":\"EntryPoint\",\"urlTemplate\":\"https:\/\/denizcankizil.tr\/de\/?s={search_term_string}\"},\"query-input\":{\"@type\":\"PropertyValueSpecification\",\"valueRequired\":true,\"valueName\":\"search_term_string\"}}],\"inLanguage\":\"uk\"},{\"@type\":\"Organization\",\"@id\":\"https:\/\/denizcankizil.tr\/de\/#organization\",\"name\":\"Av. Deniz Can K\u0131z\u0131l\",\"url\":\"https:\/\/denizcankizil.tr\/de\/\",\"logo\":{\"@type\":\"ImageObject\",\"inLanguage\":\"uk\",\"@id\":\"https:\/\/denizcankizil.tr\/de\/#\/schema\/logo\/image\/\",\"url\":\"https:\/\/denizcankizil.tr\/wp-content\/uploads\/2024\/10\/siyah-logo-svg.svg\",\"contentUrl\":\"https:\/\/denizcankizil.tr\/wp-content\/uploads\/2024\/10\/siyah-logo-svg.svg\",\"width\":1080,\"height\":1080,\"caption\":\"Av. Deniz Can K\u0131z\u0131l\"},\"image\":{\"@id\":\"https:\/\/denizcankizil.tr\/de\/#\/schema\/logo\/image\/\"}},{\"@type\":\"Person\",\"@id\":\"https:\/\/denizcankizil.tr\/de\/#\/schema\/person\/be3c05fe6a12686905512445d8185489\",\"name\":\"admin\",\"image\":{\"@type\":\"ImageObject\",\"inLanguage\":\"uk\",\"@id\":\"https:\/\/denizcankizil.tr\/de\/#\/schema\/person\/image\/\",\"url\":\"https:\/\/secure.gravatar.com\/avatar\/c1fce94c830dc79107e174f890d7210541c4a63e8e5d816341794a2151c9d58c?s=96&d=mm&r=g\",\"contentUrl\":\"https:\/\/secure.gravatar.com\/avatar\/c1fce94c830dc79107e174f890d7210541c4a63e8e5d816341794a2151c9d58c?s=96&d=mm&r=g\",\"caption\":\"admin\"},\"sameAs\":[\"http:\/\/denizcankizil.tr\"],\"url\":\"https:\/\/www.iskenderun.org\/karavan-park-bu-yaz-da-tatilcilerin-gozdesi\"}]}<\/script>\n<!-- \/ Yoast SEO Premium plugin. -->","yoast_head_json":{"title":"Karavan Park bu yaz da tatilcilerin g\u00f6zdesi - Av. Deniz Can K\u0131z\u0131l","robots":{"index":"index","follow":"follow","max-snippet":"max-snippet:-1","max-image-preview":"max-image-preview:large","max-video-preview":"max-video-preview:-1"},"canonical":"http:\/\/denizcankizil.tr\/uk\/haberler\/gundem\/karavan-park-bu-yaz-da-tatilcilerin-gozdesi\/","og_locale":"uk_UA","og_type":"article","og_title":"Karavan Park bu yaz da tatilcilerin g\u00f6zdesi","og_description":"Antalya B\u00fcy\u00fck\u015fehir Belediyesi taraf\u0131ndan Konyaalt\u0131&#8217;nda yerli ve yabanc\u0131 karavan tatilcilerinin daha g\u00fcvenli ve konforlu bir alanda konaklayabilmesi i\u00e7in hizmete a\u00e7t\u0131\u011f\u0131 Karavan Park, bu yaz da kamp severlerden yo\u011fun ilgi g\u00f6r\u00fcyor. Ziyaret\u00e7iler, Karavan Park\u2019\u0131n be\u015f y\u0131ld\u0131zl\u0131 otel konforunda \u200bAntalya B\u00fcy\u00fck\u015fehir Belediyesi taraf\u0131ndan Konyaalt\u0131&#8217;nda yerli ve yabanc\u0131 karavan tatilcilerinin daha g\u00fcvenli ve konforlu bir alanda konaklayabilmesi i\u00e7in hizmete a\u00e7t\u0131\u011f\u0131 Karavan Park, bu yaz da kamp severlerden yo\u011fun ilgi g\u00f6r\u00fcyor. Ziyaret\u00e7iler, Karavan Park\u2019\u0131n be\u015f y\u0131ld\u0131zl\u0131 otel konforunda\u00a0 \u200bHaberin Al\u0131nt\u0131land\u0131\u011f\u0131 Kaynak: www.iskenderun.org","og_url":"http:\/\/denizcankizil.tr\/uk\/haberler\/gundem\/karavan-park-bu-yaz-da-tatilcilerin-gozdesi\/","og_site_name":"Av. Deniz Can K\u0131z\u0131l","article_published_time":"2025-07-02T09:42:42+00:00","author":"admin","twitter_card":"summary_large_image","twitter_misc":{"\u041d\u0430\u043f\u0438\u0441\u0430\u043d\u043e":"admin","\u041f\u0440\u0438\u0431\u043b. \u0447\u0430\u0441 \u0447\u0438\u0442\u0430\u043d\u043d\u044f":"1 \u0445\u0432\u0438\u043b\u0438\u043d\u0430"},"schema":{"@context":"https:\/\/schema.org","@graph":[{"@type":"Article","@id":"http:\/\/denizcankizil.tr\/de\/haberler\/gundem\/karavan-park-bu-yaz-da-tatilcilerin-gozdesi\/#article","isPartOf":{"@id":"http:\/\/denizcankizil.tr\/de\/haberler\/gundem\/karavan-park-bu-yaz-da-tatilcilerin-gozdesi\/"},"author":{"name":"admin","@id":"https:\/\/denizcankizil.tr\/de\/#\/schema\/person\/be3c05fe6a12686905512445d8185489"},"headline":"Karavan Park bu yaz da tatilcilerin g\u00f6zdesi","datePublished":"2025-07-02T09:42:42+00:00","mainEntityOfPage":{"@id":"http:\/\/denizcankizil.tr\/de\/haberler\/gundem\/karavan-park-bu-yaz-da-tatilcilerin-gozdesi\/"},"wordCount":120,"publisher":{"@id":"https:\/\/denizcankizil.tr\/de\/#organization"},"articleSection":["G\u00fcndem"],"inLanguage":"uk"},{"@type":"WebPage","@id":"http:\/\/denizcankizil.tr\/de\/haberler\/gundem\/karavan-park-bu-yaz-da-tatilcilerin-gozdesi\/","url":"http:\/\/denizcankizil.tr\/de\/haberler\/gundem\/karavan-park-bu-yaz-da-tatilcilerin-gozdesi\/","name":"Karavan Park bu yaz da tatilcilerin g\u00f6zdesi - Av. Deniz Can K\u0131z\u0131l","isPartOf":{"@id":"https:\/\/denizcankizil.tr\/de\/#website"},"datePublished":"2025-07-02T09:42:42+00:00","breadcrumb":{"@id":"http:\/\/denizcankizil.tr\/de\/haberler\/gundem\/karavan-park-bu-yaz-da-tatilcilerin-gozdesi\/#breadcrumb"},"inLanguage":"uk","potentialAction":[{"@type":"ReadAction","target":["http:\/\/denizcankizil.tr\/de\/haberler\/gundem\/karavan-park-bu-yaz-da-tatilcilerin-gozdesi\/"]}]},{"@type":"BreadcrumbList","@id":"http:\/\/denizcankizil.tr\/de\/haberler\/gundem\/karavan-park-bu-yaz-da-tatilcilerin-gozdesi\/#breadcrumb","itemListElement":[{"@type":"ListItem","position":1,"name":"Home","item":"https:\/\/denizcankizil.tr\/de\/"},{"@type":"ListItem","position":2,"name":"Karavan Park bu yaz da tatilcilerin g\u00f6zdesi"}]},{"@type":"WebSite","@id":"https:\/\/denizcankizil.tr\/de\/#website","url":"https:\/\/denizcankizil.tr\/de\/","name":"Av. Deniz Can K\u0131z\u0131l","description":"Avukat Deniz Can K\u0131z\u0131l Antalya Barosu","publisher":{"@id":"https:\/\/denizcankizil.tr\/de\/#organization"},"potentialAction":[{"@type":"SearchAction","target":{"@type":"EntryPoint","urlTemplate":"https:\/\/denizcankizil.tr\/de\/?s={search_term_string}"},"query-input":{"@type":"PropertyValueSpecification","valueRequired":true,"valueName":"search_term_string"}}],"inLanguage":"uk"},{"@type":"Organization","@id":"https:\/\/denizcankizil.tr\/de\/#organization","name":"Av. Deniz Can K\u0131z\u0131l","url":"https:\/\/denizcankizil.tr\/de\/","logo":{"@type":"ImageObject","inLanguage":"uk","@id":"https:\/\/denizcankizil.tr\/de\/#\/schema\/logo\/image\/","url":"https:\/\/denizcankizil.tr\/wp-content\/uploads\/2024\/10\/siyah-logo-svg.svg","contentUrl":"https:\/\/denizcankizil.tr\/wp-content\/uploads\/2024\/10\/siyah-logo-svg.svg","width":1080,"height":1080,"caption":"Av. Deniz Can K\u0131z\u0131l"},"image":{"@id":"https:\/\/denizcankizil.tr\/de\/#\/schema\/logo\/image\/"}},{"@type":"Person","@id":"https:\/\/denizcankizil.tr\/de\/#\/schema\/person\/be3c05fe6a12686905512445d8185489","name":"\u0430\u0434\u043c\u0456\u043d","image":{"@type":"ImageObject","inLanguage":"uk","@id":"https:\/\/denizcankizil.tr\/de\/#\/schema\/person\/image\/","url":"https:\/\/secure.gravatar.com\/avatar\/c1fce94c830dc79107e174f890d7210541c4a63e8e5d816341794a2151c9d58c?s=96&d=mm&r=g","contentUrl":"https:\/\/secure.gravatar.com\/avatar\/c1fce94c830dc79107e174f890d7210541c4a63e8e5d816341794a2151c9d58c?s=96&d=mm&r=g","caption":"admin"},"sameAs":["http:\/\/denizcankizil.tr"],"url":"https:\/\/www.iskenderun.org\/karavan-park-bu-yaz-da-tatilcilerin-gozdesi"}]}},"_links":{"self":[{"href":"https:\/\/denizcankizil.tr\/uk\/wp-json\/wp\/v2\/posts\/133509","targetHints":{"allow":["GET"]}}],"collection":[{"href":"https:\/\/denizcankizil.tr\/uk\/wp-json\/wp\/v2\/posts"}],"about":[{"href":"https:\/\/denizcankizil.tr\/uk\/wp-json\/wp\/v2\/types\/post"}],"author":[{"embeddable":true,"href":"https:\/\/denizcankizil.tr\/uk\/wp-json\/wp\/v2\/users\/1"}],"replies":[{"embeddable":true,"href":"https:\/\/denizcankizil.tr\/uk\/wp-json\/wp\/v2\/comments?post=133509"}],"version-history":[{"count":0,"href":"https:\/\/denizcankizil.tr\/uk\/wp-json\/wp\/v2\/posts\/133509\/revisions"}],"wp:attachment":[{"href":"https:\/\/denizcankizil.tr\/uk\/wp-json\/wp\/v2\/media?parent=133509"}],"wp:term":[{"taxonomy":"category","embeddable":true,"href":"https:\/\/denizcankizil.tr\/uk\/wp-json\/wp\/v2\/categories?post=133509"},{"taxonomy":"post_tag","embeddable":true,"href":"https:\/\/denizcankizil.tr\/uk\/wp-json\/wp\/v2\/tags?post=133509"}],"curies":[{"name":"wp","href":"https:\/\/api.w.org\/{rel}","templated":true}]}}