{"id":133464,"date":"2025-07-02T12:41:17","date_gmt":"2025-07-02T09:41:17","guid":{"rendered":"https:\/\/denizcankizil.tr\/uncategorized-tr\/mersinin-geleneksel-kumaslari-unlu-modaci-dilek-hanif-ile-uluslararasi-moda-sahnesinde\/"},"modified":"2025-07-02T12:41:17","modified_gmt":"2025-07-02T09:41:17","slug":"mersinin-geleneksel-kumaslari-unlu-modaci-dilek-hanif-ile-uluslararasi-moda-sahnesinde","status":"publish","type":"post","link":"https:\/\/denizcankizil.tr\/uk\/haberler\/gundem\/mersinin-geleneksel-kumaslari-unlu-modaci-dilek-hanif-ile-uluslararasi-moda-sahnesinde\/","title":{"rendered":"Mersin&#8217;in geleneksel kuma\u015flar\u0131 \u00fcnl\u00fc modac\u0131 Dilek Hanif ile uluslararas\u0131 moda sahnesinde!"},"content":{"rendered":"<p>Mersin B\u00fcy\u00fck\u015fehir Belediyesi, K\u00fclt\u00fcr ve Sosyal \u0130\u015fler Dairesi Ba\u015fkanl\u0131\u011f\u0131 koordinesinde ve Mersinden Kad\u0131n Kooperatifi payda\u015fl\u0131\u011f\u0131nda y\u00fcr\u00fct\u00fclen projeyle, kente \u00f6zg\u00fc &#8216;Ak Bez, \u00c7ekmeli, Kafesili T\u0131ng\u0131ll\u0131, Kolon Dokumas\u0131&#8217; gibi kuma\u015f t\u00fcrleri ile &#8216;\u00e7arpana ve i\u011fne oyas\u0131&#8217; gibi geleneksel dokumalar profesyonel tasar\u0131m s\u00fcrecinden ge\u00e7erek uluslararas\u0131 platformlarda yer alacak.<\/p>\n<p>15 PAR\u00c7ALIK KOLEKS\u0130YON SERG\u0130DE TANITILACAK <\/p>\n<p>K\u00fclt\u00fcrel miras\u0131n korunarak gelecek nesillere aktar\u0131lmas\u0131n\u0131 hedefleyen projede haz\u0131rlanan 15 par\u00e7al\u0131k tasar\u0131m koleksiyonunun eyl\u00fcl ay\u0131nda d\u00fczenlenecek sergiyle tan\u0131t\u0131laca\u011f\u0131 kaydedildi. Serginin ard\u0131ndan Dilek Hanif imzas\u0131n\u0131 ta\u015f\u0131yan 5 \u00f6zel tasar\u0131m\u0131n da Mersin B\u00fcy\u00fck\u015fehir Belediyesine teslim edilece\u011fi belirtildi. Projenin ilk etapta G\u00f6zne\u2019de ba\u015flayaca\u011f\u0131 ve ard\u0131ndan Mersin genelindeki at\u00f6lyelerde yayg\u0131nla\u015ft\u0131r\u0131laca\u011f\u0131 ifade edildi.<\/p>\n<p>&#8220;KADINLARIN \u00dcRET\u0130M\u0130 KAZANCA D\u00d6N\u00dc\u015eECEK&#8221;<\/p>\n<p>Mersinden Kad\u0131n Kooperatifi Ba\u015fkan\u0131 Meral Se\u00e7er, projeyle birlikte kad\u0131n eme\u011finin de\u011fer kazanaca\u011f\u0131n\u0131 belirterek, &#8220;Ge\u00e7ti\u011fimiz y\u0131l 3. Uluslararas\u0131 Tarsus Festivali\u2019nde Dilek Hanif han\u0131mla birlikte buray\u0131 ziyaret etti\u011fimizde, kuma\u015flar\u0131m\u0131z \u00e7ok ilgisini \u00e7ekti. Ne yapabiliriz diye d\u00fc\u015f\u00fcnd\u00fck ve b\u00f6yle bir proje geli\u015ftirdik. Mersin\u2019e \u00f6zg\u00fc kuma\u015flardan olu\u015facak koleksiyonun, markala\u015fma s\u00fcrecine b\u00fcy\u00fck katk\u0131 sa\u011flayaca\u011f\u0131na inan\u0131yoruz&#8221; dedi.<br \/>\nSe\u00e7er, projeyle sadece kuma\u015flar\u0131n de\u011fil, kad\u0131n eme\u011finin ve geleneksel el i\u015f\u00e7ili\u011finin de desteklenece\u011fini vurgulayarak, &#8220;Kad\u0131nlar\u0131m\u0131z\u0131n \u00fcretimlerinin kazanca d\u00f6n\u00fc\u015fmesi ve Mersin\u2019in bir markas\u0131 haline gelmesi i\u00e7in bu projede yer almaktan mutluluk duyuyoruz&#8221; diye konu\u015ftu.<\/p>\n<p>&#8220;KADINLARIN EL EME\u011e\u0130N\u0130 D\u00dcNYAYA TANITACA\u011eIZ&#8221;<\/p>\n<p>Dilek Hanif ise dokumalar\u0131 ilk olarak 3. Uluslararas\u0131 Tarsus Festivali\u2019nde ke\u015ffetti\u011fini belirterek, &#8220;Meral Han\u0131mla birlikte bu kuma\u015flar\u0131n daha fazla de\u011fer kazanmas\u0131 i\u00e7in ne yapabilece\u011fimizi konu\u015ftuk. Ev kad\u0131nlar\u0131n\u0131n el eme\u011fi \u00fcr\u00fcnlerini, g\u00fczel bir koleksiyonla d\u00fcnyaya tan\u0131taca\u011f\u0131z. Kad\u0131nlar\u0131n birlik oldu\u011funda ba\u015faramayaca\u011f\u0131 \u015fey yok. Bu i\u015fin de en iyisini yapacaklar\u0131na inan\u0131yorum&#8221; ifadelerini kulland\u0131.<\/p>\n<p>\u00dcr\u00fcnlerin \u00e7ok de\u011ferli oldu\u011funun alt\u0131n\u0131 \u00e7izen Hanif, &#8220;Katma de\u011ferini art\u0131rmak i\u00e7in biraz daha \u00f6zenli \u00e7al\u0131\u015fmak gerekiyor. Elimden geleni yapaca\u011f\u0131m. Bitti\u011finde ortaya \u00e7ok keyifli ve de\u011ferli bir sonu\u00e7 \u00e7\u0131kacak&#8221; dedi.<\/p>\n<p>&#8220;\u00dcRET\u0130M TAMAMEN Y\u00d6RESEL KUMA\u015eLARDAN&#8221; <\/p>\n<p>G\u00f6zne Kad\u0131n At\u00f6lyesinde g\u00f6n\u00fcll\u00fc usta \u00f6\u011fretici olarak g\u00f6rev yapan Hacer K\u00fcpeli ise, &#8220;Dilek Hanif gibi b\u00fcy\u00fck bir isimden sipari\u015f almak bizi \u00e7ok mutlu etti. \u00dcrettiklerimiz tamamen y\u00f6resel kuma\u015flar ve eski modelleri de modernize ediyoruz. B\u00fcy\u00fck\u015fehir Belediyemiz sayesinde tezg\u00e2hlar\u0131m\u0131z yap\u0131ld\u0131. Buras\u0131 bizim i\u00e7in hem \u00fcretim hem de sosyalle\u015fme alan\u0131 oldu. B\u00fcy\u00fck\u015fehir Belediyesine, Meral Han\u0131ma ve Dilek Han\u0131ma \u00e7ok te\u015fekk\u00fcr ediyoruz&#8221; diye konu\u015ftu.<\/p>\n<p>\u200bMersin B\u00fcy\u00fck\u015fehir Belediyesi \u00f6nc\u00fcl\u00fc\u011f\u00fcnde, kad\u0131nlar\u0131n el eme\u011fiyle \u00fcretti\u011fi y\u00f6resel kuma\u015flar, modac\u0131 Dilek Hanif&#8217;in tasar\u0131m\u0131yla hayat buluyor. Eyl\u00fcl ay\u0131nda koleksiyon sergisiyle tan\u0131t\u0131lacak proje, Mersin&#8217;in k\u00fclt\u00fcrel miras\u0131n\u0131 global arenaya ta\u015f\u0131yor ve kad\u0131nlar\u0131n ekonomiye katk\u0131s\u0131 art\u0131yor\u00a0<\/p>\n<p>\u200bHaberin Al\u0131nt\u0131land\u0131\u011f\u0131 Kaynak: www.antalyakorfez.com<\/p>","protected":false},"excerpt":{"rendered":"<p>Mersin B\u00fcy\u00fck\u015fehir Belediyesi, K\u00fclt\u00fcr ve Sosyal \u0130\u015fler Dairesi Ba\u015fkanl\u0131\u011f\u0131 koordinesinde ve Mersinden Kad\u0131n Kooperatifi payda\u015fl\u0131\u011f\u0131nda y\u00fcr\u00fct\u00fclen projeyle, kente \u00f6zg\u00fc &#8216;Ak Bez, \u00c7ekmeli, Kafesili T\u0131ng\u0131ll\u0131, Kolon Dokumas\u0131&#8217; gibi kuma\u015f t\u00fcrleri ile &#8216;\u00e7arpana ve i\u011fne oyas\u0131&#8217; gibi geleneksel dokumalar profesyonel tasar\u0131m s\u00fcrecinden ge\u00e7erek uluslararas\u0131 platformlarda yer alacak. 15 PAR\u00c7ALIK KOLEKS\u0130YON SERG\u0130DE TANITILACAK K\u00fclt\u00fcrel miras\u0131n korunarak gelecek nesillere aktar\u0131lmas\u0131n\u0131 hedefleyen projede haz\u0131rlanan 15 par\u00e7al\u0131k tasar\u0131m koleksiyonunun eyl\u00fcl ay\u0131nda d\u00fczenlenecek sergiyle tan\u0131t\u0131laca\u011f\u0131 kaydedildi. Serginin ard\u0131ndan Dilek Hanif imzas\u0131n\u0131 ta\u015f\u0131yan 5 \u00f6zel tasar\u0131m\u0131n da Mersin B\u00fcy\u00fck\u015fehir Belediyesine teslim edilece\u011fi belirtildi. Projenin ilk etapta G\u00f6zne\u2019de ba\u015flayaca\u011f\u0131 ve ard\u0131ndan Mersin genelindeki at\u00f6lyelerde yayg\u0131nla\u015ft\u0131r\u0131laca\u011f\u0131 ifade edildi. &#8220;KADINLARIN \u00dcRET\u0130M\u0130 KAZANCA D\u00d6N\u00dc\u015eECEK&#8221; Mersinden Kad\u0131n Kooperatifi Ba\u015fkan\u0131 Meral Se\u00e7er, projeyle birlikte kad\u0131n eme\u011finin de\u011fer kazanaca\u011f\u0131n\u0131 belirterek, &#8220;Ge\u00e7ti\u011fimiz y\u0131l 3. Uluslararas\u0131 Tarsus Festivali\u2019nde Dilek Hanif han\u0131mla birlikte buray\u0131 ziyaret etti\u011fimizde, kuma\u015flar\u0131m\u0131z \u00e7ok ilgisini \u00e7ekti. Ne yapabiliriz diye d\u00fc\u015f\u00fcnd\u00fck ve b\u00f6yle bir proje geli\u015ftirdik. Mersin\u2019e \u00f6zg\u00fc kuma\u015flardan olu\u015facak koleksiyonun, markala\u015fma s\u00fcrecine b\u00fcy\u00fck katk\u0131 sa\u011flayaca\u011f\u0131na inan\u0131yoruz&#8221; dedi. Se\u00e7er, projeyle sadece kuma\u015flar\u0131n de\u011fil, kad\u0131n eme\u011finin ve geleneksel el i\u015f\u00e7ili\u011finin de desteklenece\u011fini vurgulayarak, &#8220;Kad\u0131nlar\u0131m\u0131z\u0131n \u00fcretimlerinin kazanca d\u00f6n\u00fc\u015fmesi ve Mersin\u2019in bir markas\u0131 haline gelmesi i\u00e7in bu projede yer almaktan mutluluk duyuyoruz&#8221; diye konu\u015ftu. &#8220;KADINLARIN EL EME\u011e\u0130N\u0130 D\u00dcNYAYA TANITACA\u011eIZ&#8221; Dilek Hanif ise dokumalar\u0131 ilk olarak 3. Uluslararas\u0131 Tarsus &hellip;<\/p>","protected":false},"author":5,"featured_media":0,"comment_status":"","ping_status":"open","sticky":false,"template":"","format":"standard","meta":{"_acf_changed":false,"footnotes":""},"categories":[24],"tags":[],"class_list":["post-133464","post","type-post","status-publish","format-standard","has-post-thumbnail","hentry","category-gundem"],"acf":[],"yoast_head":"<!-- This site is optimized with the Yoast SEO Premium plugin v26.6 (Yoast SEO v27.1.1) - https:\/\/yoast.com\/product\/yoast-seo-premium-wordpress\/ -->\n<title>Mersin&#039;in geleneksel kuma\u015flar\u0131 \u00fcnl\u00fc modac\u0131 Dilek Hanif ile uluslararas\u0131 moda sahnesinde! - Av. Deniz Can K\u0131z\u0131l<\/title>\n<meta name=\"robots\" content=\"index, follow, max-snippet:-1, max-image-preview:large, max-video-preview:-1\" \/>\n<link rel=\"canonical\" href=\"http:\/\/denizcankizil.tr\/uk\/haberler\/gundem\/mersinin-geleneksel-kumaslari-unlu-modaci-dilek-hanif-ile-uluslararasi-moda-sahnesinde\/\" \/>\n<meta property=\"og:locale\" content=\"uk_UA\" \/>\n<meta property=\"og:type\" content=\"article\" \/>\n<meta property=\"og:title\" content=\"Mersin&#039;in geleneksel kuma\u015flar\u0131 \u00fcnl\u00fc modac\u0131 Dilek Hanif ile uluslararas\u0131 moda sahnesinde!\" \/>\n<meta property=\"og:description\" content=\"Mersin B\u00fcy\u00fck\u015fehir Belediyesi, K\u00fclt\u00fcr ve Sosyal \u0130\u015fler Dairesi Ba\u015fkanl\u0131\u011f\u0131 koordinesinde ve Mersinden Kad\u0131n Kooperatifi payda\u015fl\u0131\u011f\u0131nda y\u00fcr\u00fct\u00fclen projeyle, kente \u00f6zg\u00fc &#8216;Ak Bez, \u00c7ekmeli, Kafesili T\u0131ng\u0131ll\u0131, Kolon Dokumas\u0131&#8217; gibi kuma\u015f t\u00fcrleri ile &#8216;\u00e7arpana ve i\u011fne oyas\u0131&#8217; gibi geleneksel dokumalar profesyonel tasar\u0131m s\u00fcrecinden ge\u00e7erek uluslararas\u0131 platformlarda yer alacak. 15 PAR\u00c7ALIK KOLEKS\u0130YON SERG\u0130DE TANITILACAK K\u00fclt\u00fcrel miras\u0131n korunarak gelecek nesillere aktar\u0131lmas\u0131n\u0131 hedefleyen projede haz\u0131rlanan 15 par\u00e7al\u0131k tasar\u0131m koleksiyonunun eyl\u00fcl ay\u0131nda d\u00fczenlenecek sergiyle tan\u0131t\u0131laca\u011f\u0131 kaydedildi. Serginin ard\u0131ndan Dilek Hanif imzas\u0131n\u0131 ta\u015f\u0131yan 5 \u00f6zel tasar\u0131m\u0131n da Mersin B\u00fcy\u00fck\u015fehir Belediyesine teslim edilece\u011fi belirtildi. Projenin ilk etapta G\u00f6zne\u2019de ba\u015flayaca\u011f\u0131 ve ard\u0131ndan Mersin genelindeki at\u00f6lyelerde yayg\u0131nla\u015ft\u0131r\u0131laca\u011f\u0131 ifade edildi. &#8220;KADINLARIN \u00dcRET\u0130M\u0130 KAZANCA D\u00d6N\u00dc\u015eECEK&#8221; Mersinden Kad\u0131n Kooperatifi Ba\u015fkan\u0131 Meral Se\u00e7er, projeyle birlikte kad\u0131n eme\u011finin de\u011fer kazanaca\u011f\u0131n\u0131 belirterek, &#8220;Ge\u00e7ti\u011fimiz y\u0131l 3. Uluslararas\u0131 Tarsus Festivali\u2019nde Dilek Hanif han\u0131mla birlikte buray\u0131 ziyaret etti\u011fimizde, kuma\u015flar\u0131m\u0131z \u00e7ok ilgisini \u00e7ekti. Ne yapabiliriz diye d\u00fc\u015f\u00fcnd\u00fck ve b\u00f6yle bir proje geli\u015ftirdik. Mersin\u2019e \u00f6zg\u00fc kuma\u015flardan olu\u015facak koleksiyonun, markala\u015fma s\u00fcrecine b\u00fcy\u00fck katk\u0131 sa\u011flayaca\u011f\u0131na inan\u0131yoruz&#8221; dedi. Se\u00e7er, projeyle sadece kuma\u015flar\u0131n de\u011fil, kad\u0131n eme\u011finin ve geleneksel el i\u015f\u00e7ili\u011finin de desteklenece\u011fini vurgulayarak, &#8220;Kad\u0131nlar\u0131m\u0131z\u0131n \u00fcretimlerinin kazanca d\u00f6n\u00fc\u015fmesi ve Mersin\u2019in bir markas\u0131 haline gelmesi i\u00e7in bu projede yer almaktan mutluluk duyuyoruz&#8221; diye konu\u015ftu. &#8220;KADINLARIN EL EME\u011e\u0130N\u0130 D\u00dcNYAYA TANITACA\u011eIZ&#8221; Dilek Hanif ise dokumalar\u0131 ilk olarak 3. Uluslararas\u0131 Tarsus &hellip;\" \/>\n<meta property=\"og:url\" content=\"http:\/\/denizcankizil.tr\/uk\/haberler\/gundem\/mersinin-geleneksel-kumaslari-unlu-modaci-dilek-hanif-ile-uluslararasi-moda-sahnesinde\/\" \/>\n<meta property=\"og:site_name\" content=\"Av. Deniz Can K\u0131z\u0131l\" \/>\n<meta property=\"article:published_time\" content=\"2025-07-02T09:41:17+00:00\" \/>\n<meta name=\"author\" content=\"Antalya K\u00f6rfez\" \/>\n<meta name=\"twitter:card\" content=\"summary_large_image\" \/>\n<meta name=\"twitter:label1\" content=\"\u041d\u0430\u043f\u0438\u0441\u0430\u043d\u043e\" \/>\n\t<meta name=\"twitter:data1\" content=\"Antalya K\u00f6rfez\" \/>\n\t<meta name=\"twitter:label2\" content=\"\u041f\u0440\u0438\u0431\u043b. \u0447\u0430\u0441 \u0447\u0438\u0442\u0430\u043d\u043d\u044f\" \/>\n\t<meta name=\"twitter:data2\" content=\"3 \u0445\u0432\u0438\u043b\u0438\u043d\u0438\" \/>\n<script type=\"application\/ld+json\" class=\"yoast-schema-graph\">{\"@context\":\"https:\/\/schema.org\",\"@graph\":[{\"@type\":\"Article\",\"@id\":\"http:\/\/denizcankizil.tr\/de\/haberler\/gundem\/mersinin-geleneksel-kumaslari-unlu-modaci-dilek-hanif-ile-uluslararasi-moda-sahnesinde\/#article\",\"isPartOf\":{\"@id\":\"http:\/\/denizcankizil.tr\/de\/haberler\/gundem\/mersinin-geleneksel-kumaslari-unlu-modaci-dilek-hanif-ile-uluslararasi-moda-sahnesinde\/\"},\"author\":{\"name\":\"Antalya K\u00f6rfez\",\"@id\":\"https:\/\/denizcankizil.tr\/de\/#\/schema\/person\/e1eb71bb4dd684d46563f0af307e1234\"},\"headline\":\"Mersin&#8217;in geleneksel kuma\u015flar\u0131 \u00fcnl\u00fc modac\u0131 Dilek Hanif ile uluslararas\u0131 moda sahnesinde!\",\"datePublished\":\"2025-07-02T09:41:17+00:00\",\"mainEntityOfPage\":{\"@id\":\"http:\/\/denizcankizil.tr\/de\/haberler\/gundem\/mersinin-geleneksel-kumaslari-unlu-modaci-dilek-hanif-ile-uluslararasi-moda-sahnesinde\/\"},\"wordCount\":587,\"publisher\":{\"@id\":\"https:\/\/denizcankizil.tr\/de\/#organization\"},\"articleSection\":[\"G\u00fcndem\"],\"inLanguage\":\"uk\"},{\"@type\":\"WebPage\",\"@id\":\"http:\/\/denizcankizil.tr\/de\/haberler\/gundem\/mersinin-geleneksel-kumaslari-unlu-modaci-dilek-hanif-ile-uluslararasi-moda-sahnesinde\/\",\"url\":\"http:\/\/denizcankizil.tr\/de\/haberler\/gundem\/mersinin-geleneksel-kumaslari-unlu-modaci-dilek-hanif-ile-uluslararasi-moda-sahnesinde\/\",\"name\":\"Mersin'in geleneksel kuma\u015flar\u0131 \u00fcnl\u00fc modac\u0131 Dilek Hanif ile uluslararas\u0131 moda sahnesinde! - Av. Deniz Can K\u0131z\u0131l\",\"isPartOf\":{\"@id\":\"https:\/\/denizcankizil.tr\/de\/#website\"},\"datePublished\":\"2025-07-02T09:41:17+00:00\",\"breadcrumb\":{\"@id\":\"http:\/\/denizcankizil.tr\/de\/haberler\/gundem\/mersinin-geleneksel-kumaslari-unlu-modaci-dilek-hanif-ile-uluslararasi-moda-sahnesinde\/#breadcrumb\"},\"inLanguage\":\"uk\",\"potentialAction\":[{\"@type\":\"ReadAction\",\"target\":[\"http:\/\/denizcankizil.tr\/de\/haberler\/gundem\/mersinin-geleneksel-kumaslari-unlu-modaci-dilek-hanif-ile-uluslararasi-moda-sahnesinde\/\"]}]},{\"@type\":\"BreadcrumbList\",\"@id\":\"http:\/\/denizcankizil.tr\/de\/haberler\/gundem\/mersinin-geleneksel-kumaslari-unlu-modaci-dilek-hanif-ile-uluslararasi-moda-sahnesinde\/#breadcrumb\",\"itemListElement\":[{\"@type\":\"ListItem\",\"position\":1,\"name\":\"Home\",\"item\":\"https:\/\/denizcankizil.tr\/de\/\"},{\"@type\":\"ListItem\",\"position\":2,\"name\":\"Mersin&#8217;in geleneksel kuma\u015flar\u0131 \u00fcnl\u00fc modac\u0131 Dilek Hanif ile uluslararas\u0131 moda sahnesinde!\"}]},{\"@type\":\"WebSite\",\"@id\":\"https:\/\/denizcankizil.tr\/de\/#website\",\"url\":\"https:\/\/denizcankizil.tr\/de\/\",\"name\":\"Av. Deniz Can K\u0131z\u0131l\",\"description\":\"Avukat Deniz Can K\u0131z\u0131l Antalya Barosu\",\"publisher\":{\"@id\":\"https:\/\/denizcankizil.tr\/de\/#organization\"},\"potentialAction\":[{\"@type\":\"SearchAction\",\"target\":{\"@type\":\"EntryPoint\",\"urlTemplate\":\"https:\/\/denizcankizil.tr\/de\/?s={search_term_string}\"},\"query-input\":{\"@type\":\"PropertyValueSpecification\",\"valueRequired\":true,\"valueName\":\"search_term_string\"}}],\"inLanguage\":\"uk\"},{\"@type\":\"Organization\",\"@id\":\"https:\/\/denizcankizil.tr\/de\/#organization\",\"name\":\"Av. Deniz Can K\u0131z\u0131l\",\"url\":\"https:\/\/denizcankizil.tr\/de\/\",\"logo\":{\"@type\":\"ImageObject\",\"inLanguage\":\"uk\",\"@id\":\"https:\/\/denizcankizil.tr\/de\/#\/schema\/logo\/image\/\",\"url\":\"https:\/\/denizcankizil.tr\/wp-content\/uploads\/2024\/10\/siyah-logo-svg.svg\",\"contentUrl\":\"https:\/\/denizcankizil.tr\/wp-content\/uploads\/2024\/10\/siyah-logo-svg.svg\",\"width\":1080,\"height\":1080,\"caption\":\"Av. Deniz Can K\u0131z\u0131l\"},\"image\":{\"@id\":\"https:\/\/denizcankizil.tr\/de\/#\/schema\/logo\/image\/\"}},{\"@type\":\"Person\",\"@id\":\"https:\/\/denizcankizil.tr\/de\/#\/schema\/person\/e1eb71bb4dd684d46563f0af307e1234\",\"name\":\"Antalya K\u00f6rfez\",\"image\":{\"@type\":\"ImageObject\",\"inLanguage\":\"uk\",\"@id\":\"https:\/\/denizcankizil.tr\/de\/#\/schema\/person\/image\/\",\"url\":\"https:\/\/secure.gravatar.com\/avatar\/42b01982558a48a0b501fdcab6a408d3717ea5919095ee2e67b0e521799c5905?s=96&d=mm&r=g\",\"contentUrl\":\"https:\/\/secure.gravatar.com\/avatar\/42b01982558a48a0b501fdcab6a408d3717ea5919095ee2e67b0e521799c5905?s=96&d=mm&r=g\",\"caption\":\"Antalya K\u00f6rfez\"},\"sameAs\":[\"http:\/\/www.antalyakorfez.com\"],\"url\":\"https:\/\/www.antalyakorfez.com\/mersinin-geleneksel-kumaslari-unlu-modaci-dilek-hanif-ile-uluslararasi-moda-sahnesinde\"}]}<\/script>\n<!-- \/ Yoast SEO Premium plugin. -->","yoast_head_json":{"title":"Mersin'in geleneksel kuma\u015flar\u0131 \u00fcnl\u00fc modac\u0131 Dilek Hanif ile uluslararas\u0131 moda sahnesinde! - Av. Deniz Can K\u0131z\u0131l","robots":{"index":"index","follow":"follow","max-snippet":"max-snippet:-1","max-image-preview":"max-image-preview:large","max-video-preview":"max-video-preview:-1"},"canonical":"http:\/\/denizcankizil.tr\/uk\/haberler\/gundem\/mersinin-geleneksel-kumaslari-unlu-modaci-dilek-hanif-ile-uluslararasi-moda-sahnesinde\/","og_locale":"uk_UA","og_type":"article","og_title":"Mersin'in geleneksel kuma\u015flar\u0131 \u00fcnl\u00fc modac\u0131 Dilek Hanif ile uluslararas\u0131 moda sahnesinde!","og_description":"Mersin B\u00fcy\u00fck\u015fehir Belediyesi, K\u00fclt\u00fcr ve Sosyal \u0130\u015fler Dairesi Ba\u015fkanl\u0131\u011f\u0131 koordinesinde ve Mersinden Kad\u0131n Kooperatifi payda\u015fl\u0131\u011f\u0131nda y\u00fcr\u00fct\u00fclen projeyle, kente \u00f6zg\u00fc &#8216;Ak Bez, \u00c7ekmeli, Kafesili T\u0131ng\u0131ll\u0131, Kolon Dokumas\u0131&#8217; gibi kuma\u015f t\u00fcrleri ile &#8216;\u00e7arpana ve i\u011fne oyas\u0131&#8217; gibi geleneksel dokumalar profesyonel tasar\u0131m s\u00fcrecinden ge\u00e7erek uluslararas\u0131 platformlarda yer alacak. 15 PAR\u00c7ALIK KOLEKS\u0130YON SERG\u0130DE TANITILACAK K\u00fclt\u00fcrel miras\u0131n korunarak gelecek nesillere aktar\u0131lmas\u0131n\u0131 hedefleyen projede haz\u0131rlanan 15 par\u00e7al\u0131k tasar\u0131m koleksiyonunun eyl\u00fcl ay\u0131nda d\u00fczenlenecek sergiyle tan\u0131t\u0131laca\u011f\u0131 kaydedildi. Serginin ard\u0131ndan Dilek Hanif imzas\u0131n\u0131 ta\u015f\u0131yan 5 \u00f6zel tasar\u0131m\u0131n da Mersin B\u00fcy\u00fck\u015fehir Belediyesine teslim edilece\u011fi belirtildi. Projenin ilk etapta G\u00f6zne\u2019de ba\u015flayaca\u011f\u0131 ve ard\u0131ndan Mersin genelindeki at\u00f6lyelerde yayg\u0131nla\u015ft\u0131r\u0131laca\u011f\u0131 ifade edildi. &#8220;KADINLARIN \u00dcRET\u0130M\u0130 KAZANCA D\u00d6N\u00dc\u015eECEK&#8221; Mersinden Kad\u0131n Kooperatifi Ba\u015fkan\u0131 Meral Se\u00e7er, projeyle birlikte kad\u0131n eme\u011finin de\u011fer kazanaca\u011f\u0131n\u0131 belirterek, &#8220;Ge\u00e7ti\u011fimiz y\u0131l 3. Uluslararas\u0131 Tarsus Festivali\u2019nde Dilek Hanif han\u0131mla birlikte buray\u0131 ziyaret etti\u011fimizde, kuma\u015flar\u0131m\u0131z \u00e7ok ilgisini \u00e7ekti. Ne yapabiliriz diye d\u00fc\u015f\u00fcnd\u00fck ve b\u00f6yle bir proje geli\u015ftirdik. Mersin\u2019e \u00f6zg\u00fc kuma\u015flardan olu\u015facak koleksiyonun, markala\u015fma s\u00fcrecine b\u00fcy\u00fck katk\u0131 sa\u011flayaca\u011f\u0131na inan\u0131yoruz&#8221; dedi. Se\u00e7er, projeyle sadece kuma\u015flar\u0131n de\u011fil, kad\u0131n eme\u011finin ve geleneksel el i\u015f\u00e7ili\u011finin de desteklenece\u011fini vurgulayarak, &#8220;Kad\u0131nlar\u0131m\u0131z\u0131n \u00fcretimlerinin kazanca d\u00f6n\u00fc\u015fmesi ve Mersin\u2019in bir markas\u0131 haline gelmesi i\u00e7in bu projede yer almaktan mutluluk duyuyoruz&#8221; diye konu\u015ftu. &#8220;KADINLARIN EL EME\u011e\u0130N\u0130 D\u00dcNYAYA TANITACA\u011eIZ&#8221; Dilek Hanif ise dokumalar\u0131 ilk olarak 3. Uluslararas\u0131 Tarsus &hellip;","og_url":"http:\/\/denizcankizil.tr\/uk\/haberler\/gundem\/mersinin-geleneksel-kumaslari-unlu-modaci-dilek-hanif-ile-uluslararasi-moda-sahnesinde\/","og_site_name":"Av. Deniz Can K\u0131z\u0131l","article_published_time":"2025-07-02T09:41:17+00:00","author":"Antalya K\u00f6rfez","twitter_card":"summary_large_image","twitter_misc":{"\u041d\u0430\u043f\u0438\u0441\u0430\u043d\u043e":"Antalya K\u00f6rfez","\u041f\u0440\u0438\u0431\u043b. \u0447\u0430\u0441 \u0447\u0438\u0442\u0430\u043d\u043d\u044f":"3 \u0445\u0432\u0438\u043b\u0438\u043d\u0438"},"schema":{"@context":"https:\/\/schema.org","@graph":[{"@type":"Article","@id":"http:\/\/denizcankizil.tr\/de\/haberler\/gundem\/mersinin-geleneksel-kumaslari-unlu-modaci-dilek-hanif-ile-uluslararasi-moda-sahnesinde\/#article","isPartOf":{"@id":"http:\/\/denizcankizil.tr\/de\/haberler\/gundem\/mersinin-geleneksel-kumaslari-unlu-modaci-dilek-hanif-ile-uluslararasi-moda-sahnesinde\/"},"author":{"name":"Antalya K\u00f6rfez","@id":"https:\/\/denizcankizil.tr\/de\/#\/schema\/person\/e1eb71bb4dd684d46563f0af307e1234"},"headline":"Mersin&#8217;in geleneksel kuma\u015flar\u0131 \u00fcnl\u00fc modac\u0131 Dilek Hanif ile uluslararas\u0131 moda sahnesinde!","datePublished":"2025-07-02T09:41:17+00:00","mainEntityOfPage":{"@id":"http:\/\/denizcankizil.tr\/de\/haberler\/gundem\/mersinin-geleneksel-kumaslari-unlu-modaci-dilek-hanif-ile-uluslararasi-moda-sahnesinde\/"},"wordCount":587,"publisher":{"@id":"https:\/\/denizcankizil.tr\/de\/#organization"},"articleSection":["G\u00fcndem"],"inLanguage":"uk"},{"@type":"WebPage","@id":"http:\/\/denizcankizil.tr\/de\/haberler\/gundem\/mersinin-geleneksel-kumaslari-unlu-modaci-dilek-hanif-ile-uluslararasi-moda-sahnesinde\/","url":"http:\/\/denizcankizil.tr\/de\/haberler\/gundem\/mersinin-geleneksel-kumaslari-unlu-modaci-dilek-hanif-ile-uluslararasi-moda-sahnesinde\/","name":"Mersin'in geleneksel kuma\u015flar\u0131 \u00fcnl\u00fc modac\u0131 Dilek Hanif ile uluslararas\u0131 moda sahnesinde! - Av. Deniz Can K\u0131z\u0131l","isPartOf":{"@id":"https:\/\/denizcankizil.tr\/de\/#website"},"datePublished":"2025-07-02T09:41:17+00:00","breadcrumb":{"@id":"http:\/\/denizcankizil.tr\/de\/haberler\/gundem\/mersinin-geleneksel-kumaslari-unlu-modaci-dilek-hanif-ile-uluslararasi-moda-sahnesinde\/#breadcrumb"},"inLanguage":"uk","potentialAction":[{"@type":"ReadAction","target":["http:\/\/denizcankizil.tr\/de\/haberler\/gundem\/mersinin-geleneksel-kumaslari-unlu-modaci-dilek-hanif-ile-uluslararasi-moda-sahnesinde\/"]}]},{"@type":"BreadcrumbList","@id":"http:\/\/denizcankizil.tr\/de\/haberler\/gundem\/mersinin-geleneksel-kumaslari-unlu-modaci-dilek-hanif-ile-uluslararasi-moda-sahnesinde\/#breadcrumb","itemListElement":[{"@type":"ListItem","position":1,"name":"Home","item":"https:\/\/denizcankizil.tr\/de\/"},{"@type":"ListItem","position":2,"name":"Mersin&#8217;in geleneksel kuma\u015flar\u0131 \u00fcnl\u00fc modac\u0131 Dilek Hanif ile uluslararas\u0131 moda sahnesinde!"}]},{"@type":"WebSite","@id":"https:\/\/denizcankizil.tr\/de\/#website","url":"https:\/\/denizcankizil.tr\/de\/","name":"Av. Deniz Can K\u0131z\u0131l","description":"Avukat Deniz Can K\u0131z\u0131l Antalya Barosu","publisher":{"@id":"https:\/\/denizcankizil.tr\/de\/#organization"},"potentialAction":[{"@type":"SearchAction","target":{"@type":"EntryPoint","urlTemplate":"https:\/\/denizcankizil.tr\/de\/?s={search_term_string}"},"query-input":{"@type":"PropertyValueSpecification","valueRequired":true,"valueName":"search_term_string"}}],"inLanguage":"uk"},{"@type":"Organization","@id":"https:\/\/denizcankizil.tr\/de\/#organization","name":"Av. Deniz Can K\u0131z\u0131l","url":"https:\/\/denizcankizil.tr\/de\/","logo":{"@type":"ImageObject","inLanguage":"uk","@id":"https:\/\/denizcankizil.tr\/de\/#\/schema\/logo\/image\/","url":"https:\/\/denizcankizil.tr\/wp-content\/uploads\/2024\/10\/siyah-logo-svg.svg","contentUrl":"https:\/\/denizcankizil.tr\/wp-content\/uploads\/2024\/10\/siyah-logo-svg.svg","width":1080,"height":1080,"caption":"Av. Deniz Can K\u0131z\u0131l"},"image":{"@id":"https:\/\/denizcankizil.tr\/de\/#\/schema\/logo\/image\/"}},{"@type":"Person","@id":"https:\/\/denizcankizil.tr\/de\/#\/schema\/person\/e1eb71bb4dd684d46563f0af307e1234","name":"Antalya K\u00f6rfez","image":{"@type":"ImageObject","inLanguage":"uk","@id":"https:\/\/denizcankizil.tr\/de\/#\/schema\/person\/image\/","url":"https:\/\/secure.gravatar.com\/avatar\/42b01982558a48a0b501fdcab6a408d3717ea5919095ee2e67b0e521799c5905?s=96&d=mm&r=g","contentUrl":"https:\/\/secure.gravatar.com\/avatar\/42b01982558a48a0b501fdcab6a408d3717ea5919095ee2e67b0e521799c5905?s=96&d=mm&r=g","caption":"Antalya K\u00f6rfez"},"sameAs":["http:\/\/www.antalyakorfez.com"],"url":"https:\/\/www.antalyakorfez.com\/mersinin-geleneksel-kumaslari-unlu-modaci-dilek-hanif-ile-uluslararasi-moda-sahnesinde"}]}},"_links":{"self":[{"href":"https:\/\/denizcankizil.tr\/uk\/wp-json\/wp\/v2\/posts\/133464","targetHints":{"allow":["GET"]}}],"collection":[{"href":"https:\/\/denizcankizil.tr\/uk\/wp-json\/wp\/v2\/posts"}],"about":[{"href":"https:\/\/denizcankizil.tr\/uk\/wp-json\/wp\/v2\/types\/post"}],"author":[{"embeddable":true,"href":"https:\/\/denizcankizil.tr\/uk\/wp-json\/wp\/v2\/users\/5"}],"replies":[{"embeddable":true,"href":"https:\/\/denizcankizil.tr\/uk\/wp-json\/wp\/v2\/comments?post=133464"}],"version-history":[{"count":0,"href":"https:\/\/denizcankizil.tr\/uk\/wp-json\/wp\/v2\/posts\/133464\/revisions"}],"wp:attachment":[{"href":"https:\/\/denizcankizil.tr\/uk\/wp-json\/wp\/v2\/media?parent=133464"}],"wp:term":[{"taxonomy":"category","embeddable":true,"href":"https:\/\/denizcankizil.tr\/uk\/wp-json\/wp\/v2\/categories?post=133464"},{"taxonomy":"post_tag","embeddable":true,"href":"https:\/\/denizcankizil.tr\/uk\/wp-json\/wp\/v2\/tags?post=133464"}],"curies":[{"name":"wp","href":"https:\/\/api.w.org\/{rel}","templated":true}]}}